{"id":46337,"date":"2014-06-30T06:06:40","date_gmt":"2014-06-30T06:06:40","guid":{"rendered":"http:\/\/veredes.es\/blog\/?p=46337"},"modified":"2024-03-19T13:09:51","modified_gmt":"2024-03-19T12:09:51","slug":"re-construye-la-roiba","status":"publish","type":"post","link":"https:\/\/veredes.es\/blog\/re-construye-la-roiba\/","title":{"rendered":"RE-construye &#8216;La Roiba&#8217;"},"content":{"rendered":"<p><figure id=\"attachment_46338\" aria-describedby=\"caption-attachment-46338\" style=\"width: 750px\" class=\"wp-caption alignnone\"><a href=\"http:\/\/veredes.es\/blog\/wp-content\/uploads\/2014\/06\/roiba01.jpg\"><img loading=\"lazy\" decoding=\"async\" class=\"wp-image-46338\" title=\"RE-construye 'La Roiba' \" src=\"http:\/\/veredes.es\/blog\/wp-content\/uploads\/2014\/06\/roiba01.jpg\" alt=\"RE-construye 'La Roiba' \" width=\"750\" height=\"335\" srcset=\"https:\/\/veredes.es\/blog\/wp-content\/uploads\/2014\/06\/roiba01.jpg 620w, https:\/\/veredes.es\/blog\/wp-content\/uploads\/2014\/06\/roiba01-300x134.jpg 300w\" sizes=\"auto, (max-width: 750px) 100vw, 750px\" \/><\/a><figcaption id=\"caption-attachment-46338\" class=\"wp-caption-text\"><span style=\"color: #999999;\">La Roiba<\/span><\/figcaption><\/figure><\/p>\n<p style=\"text-align: justify;\">Dentro de la ensenada de Bueu y muy pr\u00f3ximo a la playa de Beluso, en la costa sur de la r\u00eda de Pontevedra, se sit\u00faa la peque\u00f1a playa de La Roiba, donde el arquitecto coru\u00f1\u00e9s Ram\u00f3n V\u00e1zquez Molez\u00fan (1922-1993), construy\u00f3 a finales de los sesenta una peque\u00f1a vivienda para disfrute de su familia durante el periodo estival. Este peque\u00f1o refugio constituye una de las obras m\u00e1s relevantes de la arquitectura moderna del siglo XX en Espa\u00f1a. Todo un ejemplo de sostenibilidad, adaptaci\u00f3n y respeto hacia su entorno y hacia la escala del paisaje, tomando como base y cimentaci\u00f3n parte de los muros de mamposter\u00eda de granito de una f\u00e1brica de salazones preexistente.<\/p>\n<p style=\"text-align: justify;\">En esta vivienda nada es convencional: la planta s\u00f3tano es un pa\u00f1ol que se inunda cuando suben las mareas, las estancias son camarotes que durante el d\u00eda permanecen abiertos y se conectan en un espacio unitario, diferentes sistemas de poleas abren y cierran compuertas y las cubiertas recogen agua de lluvia para su reutilizaci\u00f3n. Es decir, \u2018La Roiba\u2019 es un barco varado en las rocas de la playa. Un barco que siempre ha abierto y siempre abrir\u00e1 sus puertas a todo aquel que quiera visitarlo. <strong>Ay\u00fadanos para que \u2018La Roiba\u2019 pueda seguir navegando.<\/strong><\/p>\n<p style=\"text-align: justify;\">Un informe realizado por el <a href=\"http:\/\/www.retineo.es\/\" target=\"_blank\" rel=\"noopener\">grupo<\/a><a href=\"http:\/\/www.retineo.es\/\" target=\"_blank\" rel=\"noopener\"> <strong>Retineo<\/strong><\/a>, empresa especializada en ingenier\u00eda y ejecuci\u00f3n de obras de rehabilitaci\u00f3n con complejidad t\u00e9cnica y organizativa, y experiencia en ambientes marinos, ha confirmado el preocupante estado de la vivienda. Se plantea una intervenci\u00f3n <strong>en 2 fases<\/strong>, no alterando el dise\u00f1o de la vivienda y empleando materiales no susceptibles de deterioro en ambientes agresivos, de forma que la durabilidad de la reparaci\u00f3n pueda alcanzar los 25 a\u00f1os.<\/p>\n<p style=\"text-align: justify;\">\u2018La Roiba\u2019 dif\u00edcilmente podr\u00eda aguantar otro fuerte temporal como aquellos que tuvieron lugar durante los dos \u00faltimos a\u00f1os. Por ello, <strong>es necesario llevar a cabo la FASE 1 lo antes posible<\/strong>, una vez finalizado el verano y antes de la \u00e9poca de temporales que puede iniciarse a partir de octubre.<\/p>\n<figure id=\"attachment_46339\" aria-describedby=\"caption-attachment-46339\" style=\"width: 750px\" class=\"wp-caption alignnone\"><a href=\"http:\/\/veredes.es\/blog\/wp-content\/uploads\/2014\/06\/roiba04.jpg\"><img loading=\"lazy\" decoding=\"async\" class=\"wp-image-46339\" title=\"RE-construye 'La Roiba' \" src=\"http:\/\/veredes.es\/blog\/wp-content\/uploads\/2014\/06\/roiba04.jpg\" alt=\"RE-construye 'La Roiba' \" width=\"750\" height=\"498\" srcset=\"https:\/\/veredes.es\/blog\/wp-content\/uploads\/2014\/06\/roiba04.jpg 620w, https:\/\/veredes.es\/blog\/wp-content\/uploads\/2014\/06\/roiba04-300x199.jpg 300w, https:\/\/veredes.es\/blog\/wp-content\/uploads\/2014\/06\/roiba04-160x105.jpg 160w\" sizes=\"auto, (max-width: 750px) 100vw, 750px\" \/><\/a><figcaption id=\"caption-attachment-46339\" class=\"wp-caption-text\"><span style=\"color: #999999;\">RE-construye &#8216;La Roiba&#8217; <\/span><\/figcaption><\/figure>\n<p style=\"text-align: justify;\">\u2018La Roiba\u2019 siempre ha permanecido habitada y conservada por sus due\u00f1os, la familia de Ram\u00f3n V\u00e1zquez Molez\u00fan. A pesar de sus esfuerzos, la necesaria reparaci\u00f3n supone un coste que actualmente no pueden afrontar. <strong>Esta vivienda siempre ha estado y siempre estar\u00e1 abierta a todo aquel interesado en visitarla<\/strong>.<\/p>\n<p style=\"text-align: justify;\">Ay\u00fadanos a trav\u00e9s de la plataforma de <em>crowdfunding<\/em> <strong>que funcionar\u00e1 exclusivamente desde el 27 de junio hasta el 29 de julio de 2014<\/strong>. A cambio de tu aportaci\u00f3n, ofrecemos interesantes recompensas de edici\u00f3n limitada y numerada que hemos preparado con mucho cari\u00f1o:<\/p>\n<p>Podr\u00e1s seguir los avances del proyecto, as\u00ed como de la reparaci\u00f3n de la \u2018La Roiba\u2019 a lo largo de estos dos a\u00f1os a trav\u00e9s de:<\/p>\n<p style=\"padding-left: 30px;\">La plafaforma de c<em>rowdfunding<\/em> en \u2018Kuabol\u2019 hasta el 2 de agosto de 2014<\/p>\n<p style=\"padding-left: 30px;\">Nuestra web (se abrir\u00e1 a la vuelta de verano)<\/p>\n<p style=\"padding-left: 30px;\"><a href=\"http:\/\/www.facebook.com\/ramonvazquezmolezun\" target=\"_blank\" rel=\"noopener\">Facebook<\/a><\/p>\n<p style=\"padding-left: 30px;\"><a href=\"https:\/\/twitter.com\/ramonvmolezun\" target=\"_blank\" rel=\"noopener\">Twitter<\/a><\/p>\n<p style=\"text-align: justify;\"><a href=\"https:\/\/veredes.es\/blog\/wp-content\/uploads\/2014\/06\/roiba02.jpg\"><img loading=\"lazy\" decoding=\"async\" class=\"alignnone size-full wp-image-46340\" title=\"roiba02\" src=\"https:\/\/veredes.es\/blog\/wp-content\/uploads\/2014\/06\/roiba02.jpg\" alt=\"\" width=\"620\" height=\"414\" srcset=\"https:\/\/veredes.es\/blog\/wp-content\/uploads\/2014\/06\/roiba02.jpg 620w, https:\/\/veredes.es\/blog\/wp-content\/uploads\/2014\/06\/roiba02-300x200.jpg 300w\" sizes=\"auto, (max-width: 620px) 100vw, 620px\" \/><\/a><\/p>\n<p style=\"text-align: justify;\">El proyecto ha sido desarrollado y coordinado por los arquitectos Mar\u00eda V\u00e1zquez Molez\u00fan, Jes\u00fas Gallo y Pablo Olalquiaga.<\/p>\n<p style=\"text-align: justify;\">Colaboran en el equipo a los arquitectos Nuria Prieto, \u00c1lvaro Mallo, Jorge Salgado, Borja L\u00f3pez Cotelo, Mar\u00eda Olmo B\u00e9jar, Alberto Alonso Oro y Ana Espinosa.<\/p>\n<p><\/p>","protected":false},"excerpt":{"rendered":"<p>Dentro de la ensenada de Bueu y muy pr\u00f3ximo a la playa de Beluso, en la costa sur de la r\u00eda de Pontevedra, se sit\u00faa la peque\u00f1a playa de La Roiba, donde el arquitecto coru\u00f1\u00e9s Ram\u00f3n V\u00e1zquez Molez\u00fan (1922-1993), construy\u00f3 a finales de los sesenta una peque\u00f1a vivienda para disfrute de su familia durante el [&hellip;]<\/p>\n","protected":false},"author":2,"featured_media":46340,"comment_status":"open","ping_status":"closed","sticky":false,"template":"","format":"standard","meta":{"footnotes":""},"categories":[5624,5951],"tags":[12273,5803,10671,2631,5865,3852,10672,10667,619,7942,9920,4145,10670,10668,10669,12463,1004,1136,12455],"class_list":{"0":"post-46337","1":"post","2":"type-post","3":"status-publish","4":"format-standard","5":"has-post-thumbnail","7":"category-deriva","8":"category-slider-principal","9":"tag-alberto-alonso-oro","10":"tag-alvaro-mallo","12":"tag-arquitectura-espanola","13":"tag-arquitectura-gallega","14":"tag-borja-lopez-cotelo","16":"tag-crowdfunding","17":"tag-galicia","18":"tag-jesus-gallo","19":"tag-jorge-salgado-cortizas","20":"tag-maria-olmo-bejar","21":"tag-maria-vazquez-molezun","22":"tag-nuria-prieto","23":"tag-pablo-olalquiaga-bescos","24":"tag-patrimonio","25":"tag-patrimonio-historico","26":"tag-ramon-vazquez-molezun","27":"tag-vivienda-unifamiliar"},"yoast_head":"<!-- This site is optimized with the Yoast SEO plugin v27.4 - https:\/\/yoast.com\/product\/yoast-seo-wordpress\/ -->\n<title>RE-construye &#039;La Roiba&#039;<\/title>\n<meta name=\"description\" content=\"RE-construye La-Roiba\" \/>\n<meta name=\"robots\" content=\"index, follow, max-snippet:-1, max-image-preview:large, max-video-preview:-1\" \/>\n<link rel=\"canonical\" href=\"https:\/\/veredes.es\/blog\/re-construye-la-roiba\/\" \/>\n<meta property=\"og:locale\" content=\"es_ES\" \/>\n<meta property=\"og:type\" content=\"article\" \/>\n<meta property=\"og:title\" content=\"RE-construye &#039;La Roiba&#039;\" \/>\n<meta property=\"og:description\" content=\"RE-construye La-Roiba\" \/>\n<meta property=\"og:url\" content=\"https:\/\/veredes.es\/blog\/re-construye-la-roiba\/\" \/>\n<meta property=\"og:site_name\" content=\"veredes, arquitectura y divulgaci\u00f3n\" \/>\n<meta property=\"article:publisher\" content=\"https:\/\/www.facebook.com\/veredesArquitecturayDivulgacion\/\" \/>\n<meta property=\"article:author\" content=\"https:\/\/www.facebook.com\/veredesArquitecturayDivulgacion\/\" \/>\n<meta property=\"article:published_time\" content=\"2014-06-30T06:06:40+00:00\" \/>\n<meta property=\"article:modified_time\" content=\"2024-03-19T12:09:51+00:00\" \/>\n<meta property=\"og:image\" content=\"https:\/\/veredes.es\/blog\/wp-content\/uploads\/2014\/06\/roiba02.jpg\" \/>\n\t<meta property=\"og:image:width\" content=\"620\" \/>\n\t<meta property=\"og:image:height\" content=\"414\" \/>\n\t<meta property=\"og:image:type\" content=\"image\/jpeg\" \/>\n<meta name=\"author\" content=\"veredes\" \/>\n<meta name=\"twitter:card\" content=\"summary_large_image\" \/>\n<meta name=\"twitter:creator\" content=\"@https:\/\/twitter.com\/veredes\" \/>\n<meta name=\"twitter:site\" content=\"@veredes\" \/>\n<meta name=\"twitter:label1\" content=\"Escrito por\" \/>\n\t<meta name=\"twitter:data1\" content=\"veredes\" \/>\n\t<meta name=\"twitter:label2\" content=\"Tiempo de lectura\" \/>\n\t<meta name=\"twitter:data2\" content=\"4 minutos\" \/>\n<script type=\"application\/ld+json\" class=\"yoast-schema-graph\">{\"@context\":\"https:\\\/\\\/schema.org\",\"@graph\":[{\"@type\":\"Article\",\"@id\":\"https:\\\/\\\/veredes.es\\\/blog\\\/re-construye-la-roiba\\\/#article\",\"isPartOf\":{\"@id\":\"https:\\\/\\\/veredes.es\\\/blog\\\/re-construye-la-roiba\\\/\"},\"author\":{\"name\":\"veredes\",\"@id\":\"https:\\\/\\\/veredes.es\\\/blog\\\/#\\\/schema\\\/person\\\/0bbb669073ef7faba5168a0844e93d2c\"},\"headline\":\"RE-construye &#8216;La Roiba&#8217;\",\"datePublished\":\"2014-06-30T06:06:40+00:00\",\"dateModified\":\"2024-03-19T12:09:51+00:00\",\"mainEntityOfPage\":{\"@id\":\"https:\\\/\\\/veredes.es\\\/blog\\\/re-construye-la-roiba\\\/\"},\"wordCount\":1622,\"commentCount\":0,\"publisher\":{\"@id\":\"https:\\\/\\\/veredes.es\\\/blog\\\/#organization\"},\"image\":{\"@id\":\"https:\\\/\\\/veredes.es\\\/blog\\\/re-construye-la-roiba\\\/#primaryimage\"},\"thumbnailUrl\":\"https:\\\/\\\/veredes.es\\\/blog\\\/wp-content\\\/uploads\\\/2014\\\/06\\\/roiba02.jpg\",\"keywords\":[\"Alberto Alonso Oro\",\"\u00c1lvaro Mallo\",\"Ana Espinosa\",\"arquitectura espa\u00f1ola\",\"arquitectura gallega\",\"Borja L\u00f3pez Cotelo\",\"Bueu\",\"crowdfunding\",\"Galicia\",\"jes\u00fas gallo\",\"Jorge Salgado Cortizas\",\"maria olmo b\u00e9jar\",\"Mar\u00eda V\u00e1zquez Molez\u00fan\",\"nuria prieto\",\"Pablo Olalquiaga Besc\u00f3s\",\"patrimonio\",\"patrimonio hist\u00f3rico\",\"Ram\u00f3n V\u00e1zquez Molez\u00fan\",\"vivienda unifamiliar\"],\"articleSection\":[\"deriva\",\"slider principal\"],\"inLanguage\":\"es\",\"potentialAction\":[{\"@type\":\"CommentAction\",\"name\":\"Comment\",\"target\":[\"https:\\\/\\\/veredes.es\\\/blog\\\/re-construye-la-roiba\\\/#respond\"]}]},{\"@type\":\"WebPage\",\"@id\":\"https:\\\/\\\/veredes.es\\\/blog\\\/re-construye-la-roiba\\\/\",\"url\":\"https:\\\/\\\/veredes.es\\\/blog\\\/re-construye-la-roiba\\\/\",\"name\":\"RE-construye 'La Roiba'\",\"isPartOf\":{\"@id\":\"https:\\\/\\\/veredes.es\\\/blog\\\/#website\"},\"primaryImageOfPage\":{\"@id\":\"https:\\\/\\\/veredes.es\\\/blog\\\/re-construye-la-roiba\\\/#primaryimage\"},\"image\":{\"@id\":\"https:\\\/\\\/veredes.es\\\/blog\\\/re-construye-la-roiba\\\/#primaryimage\"},\"thumbnailUrl\":\"https:\\\/\\\/veredes.es\\\/blog\\\/wp-content\\\/uploads\\\/2014\\\/06\\\/roiba02.jpg\",\"datePublished\":\"2014-06-30T06:06:40+00:00\",\"dateModified\":\"2024-03-19T12:09:51+00:00\",\"description\":\"RE-construye La-Roiba\",\"breadcrumb\":{\"@id\":\"https:\\\/\\\/veredes.es\\\/blog\\\/re-construye-la-roiba\\\/#breadcrumb\"},\"inLanguage\":\"es\",\"potentialAction\":[{\"@type\":\"ReadAction\",\"target\":[\"https:\\\/\\\/veredes.es\\\/blog\\\/re-construye-la-roiba\\\/\"]}]},{\"@type\":\"ImageObject\",\"inLanguage\":\"es\",\"@id\":\"https:\\\/\\\/veredes.es\\\/blog\\\/re-construye-la-roiba\\\/#primaryimage\",\"url\":\"https:\\\/\\\/veredes.es\\\/blog\\\/wp-content\\\/uploads\\\/2014\\\/06\\\/roiba02.jpg\",\"contentUrl\":\"https:\\\/\\\/veredes.es\\\/blog\\\/wp-content\\\/uploads\\\/2014\\\/06\\\/roiba02.jpg\",\"width\":\"620\",\"height\":\"414\"},{\"@type\":\"BreadcrumbList\",\"@id\":\"https:\\\/\\\/veredes.es\\\/blog\\\/re-construye-la-roiba\\\/#breadcrumb\",\"itemListElement\":[{\"@type\":\"ListItem\",\"position\":1,\"name\":\"Portada\",\"item\":\"https:\\\/\\\/veredes.es\\\/blog\\\/\"},{\"@type\":\"ListItem\",\"position\":2,\"name\":\"RE-construye &#8216;La Roiba&#8217;\"}]},{\"@type\":\"WebSite\",\"@id\":\"https:\\\/\\\/veredes.es\\\/blog\\\/#website\",\"url\":\"https:\\\/\\\/veredes.es\\\/blog\\\/\",\"name\":\"veredes, arquitectura y divulgaci\u00f3n\",\"description\":\"veredes\",\"publisher\":{\"@id\":\"https:\\\/\\\/veredes.es\\\/blog\\\/#organization\"},\"alternateName\":\"veredes\",\"potentialAction\":[{\"@type\":\"SearchAction\",\"target\":{\"@type\":\"EntryPoint\",\"urlTemplate\":\"https:\\\/\\\/veredes.es\\\/blog\\\/?s={search_term_string}\"},\"query-input\":{\"@type\":\"PropertyValueSpecification\",\"valueRequired\":true,\"valueName\":\"search_term_string\"}}],\"inLanguage\":\"es\"},{\"@type\":\"Organization\",\"@id\":\"https:\\\/\\\/veredes.es\\\/blog\\\/#organization\",\"name\":\"veredes, arquitectura y divulgaci\u00f3n\",\"alternateName\":\"veredes\",\"url\":\"https:\\\/\\\/veredes.es\\\/blog\\\/\",\"logo\":{\"@type\":\"ImageObject\",\"inLanguage\":\"es\",\"@id\":\"https:\\\/\\\/veredes.es\\\/blog\\\/#\\\/schema\\\/logo\\\/image\\\/\",\"url\":\"https:\\\/\\\/veredes.es\\\/blog\\\/wp-content\\\/uploads\\\/2021\\\/12\\\/veredes-logo-centrado_140x54.png\",\"contentUrl\":\"https:\\\/\\\/veredes.es\\\/blog\\\/wp-content\\\/uploads\\\/2021\\\/12\\\/veredes-logo-centrado_140x54.png\",\"width\":140,\"height\":54,\"caption\":\"veredes, arquitectura y divulgaci\u00f3n\"},\"image\":{\"@id\":\"https:\\\/\\\/veredes.es\\\/blog\\\/#\\\/schema\\\/logo\\\/image\\\/\"},\"sameAs\":[\"https:\\\/\\\/www.facebook.com\\\/veredesArquitecturayDivulgacion\\\/\",\"https:\\\/\\\/x.com\\\/veredes\",\"https:\\\/\\\/instagram.com\\\/veredes\\\/\",\"https:\\\/\\\/www.linkedin.com\\\/company\\\/veredes-arquitectura-y-divulgacion\\\/\",\"https:\\\/\\\/es.pinterest.com\\\/veredes\\\/\",\"https:\\\/\\\/www.tumblr.com\\\/veredes\"]},{\"@type\":\"Person\",\"@id\":\"https:\\\/\\\/veredes.es\\\/blog\\\/#\\\/schema\\\/person\\\/0bbb669073ef7faba5168a0844e93d2c\",\"name\":\"veredes\",\"image\":{\"@type\":\"ImageObject\",\"inLanguage\":\"es\",\"@id\":\"https:\\\/\\\/veredes.es\\\/blog\\\/wp-content\\\/uploads\\\/2018\\\/04\\\/face-96x96.jpg\",\"url\":\"https:\\\/\\\/veredes.es\\\/blog\\\/wp-content\\\/uploads\\\/2018\\\/04\\\/face-96x96.jpg\",\"contentUrl\":\"https:\\\/\\\/veredes.es\\\/blog\\\/wp-content\\\/uploads\\\/2018\\\/04\\\/face-96x96.jpg\",\"caption\":\"veredes\"},\"description\":\"Surge enero de 2009 como b\u00fasqueda de satisfacer el conocimiento de la actividad arquitect\u00f3nica y tangentes que se generan. La idea es crear un espacio para divulgar los diversos proyectos en busca de nueva inspiraci\u00f3n y de intercambio.\",\"sameAs\":[\"https:\\\/\\\/veredes.es\\\/\",\"https:\\\/\\\/www.facebook.com\\\/veredesArquitecturayDivulgacion\\\/\",\"https:\\\/\\\/www.instagram.com\\\/veredes\\\/\",\"https:\\\/\\\/www.linkedin.com\\\/company\\\/veredes-arquitectura-y-divulgacion\\\/\",\"https:\\\/\\\/www.pinterest.es\\\/veredes\\\/\",\"https:\\\/\\\/x.com\\\/https:\\\/\\\/twitter.com\\\/veredes\",\"https:\\\/\\\/veredes.tumblr.com\\\/\"],\"url\":\"https:\\\/\\\/veredes.es\\\/blog\\\/author\\\/alberto\\\/\"}]}<\/script>\n<!-- \/ Yoast SEO plugin. -->","yoast_head_json":{"title":"RE-construye 'La Roiba'","description":"RE-construye La-Roiba","robots":{"index":"index","follow":"follow","max-snippet":"max-snippet:-1","max-image-preview":"max-image-preview:large","max-video-preview":"max-video-preview:-1"},"canonical":"https:\/\/veredes.es\/blog\/re-construye-la-roiba\/","og_locale":"es_ES","og_type":"article","og_title":"RE-construye 'La Roiba'","og_description":"RE-construye La-Roiba","og_url":"https:\/\/veredes.es\/blog\/re-construye-la-roiba\/","og_site_name":"veredes, arquitectura y divulgaci\u00f3n","article_publisher":"https:\/\/www.facebook.com\/veredesArquitecturayDivulgacion\/","article_author":"https:\/\/www.facebook.com\/veredesArquitecturayDivulgacion\/","article_published_time":"2014-06-30T06:06:40+00:00","article_modified_time":"2024-03-19T12:09:51+00:00","og_image":[{"width":620,"height":414,"url":"https:\/\/veredes.es\/blog\/wp-content\/uploads\/2014\/06\/roiba02.jpg","type":"image\/jpeg"}],"author":"veredes","twitter_card":"summary_large_image","twitter_creator":"@https:\/\/twitter.com\/veredes","twitter_site":"@veredes","twitter_misc":{"Escrito por":"veredes","Tiempo de lectura":"4 minutos"},"schema":{"@context":"https:\/\/schema.org","@graph":[{"@type":"Article","@id":"https:\/\/veredes.es\/blog\/re-construye-la-roiba\/#article","isPartOf":{"@id":"https:\/\/veredes.es\/blog\/re-construye-la-roiba\/"},"author":{"name":"veredes","@id":"https:\/\/veredes.es\/blog\/#\/schema\/person\/0bbb669073ef7faba5168a0844e93d2c"},"headline":"RE-construye &#8216;La Roiba&#8217;","datePublished":"2014-06-30T06:06:40+00:00","dateModified":"2024-03-19T12:09:51+00:00","mainEntityOfPage":{"@id":"https:\/\/veredes.es\/blog\/re-construye-la-roiba\/"},"wordCount":1622,"commentCount":0,"publisher":{"@id":"https:\/\/veredes.es\/blog\/#organization"},"image":{"@id":"https:\/\/veredes.es\/blog\/re-construye-la-roiba\/#primaryimage"},"thumbnailUrl":"https:\/\/veredes.es\/blog\/wp-content\/uploads\/2014\/06\/roiba02.jpg","keywords":["Alberto Alonso Oro","\u00c1lvaro Mallo","Ana Espinosa","arquitectura espa\u00f1ola","arquitectura gallega","Borja L\u00f3pez Cotelo","Bueu","crowdfunding","Galicia","jes\u00fas gallo","Jorge Salgado Cortizas","maria olmo b\u00e9jar","Mar\u00eda V\u00e1zquez Molez\u00fan","nuria prieto","Pablo Olalquiaga Besc\u00f3s","patrimonio","patrimonio hist\u00f3rico","Ram\u00f3n V\u00e1zquez Molez\u00fan","vivienda unifamiliar"],"articleSection":["deriva","slider principal"],"inLanguage":"es","potentialAction":[{"@type":"CommentAction","name":"Comment","target":["https:\/\/veredes.es\/blog\/re-construye-la-roiba\/#respond"]}]},{"@type":"WebPage","@id":"https:\/\/veredes.es\/blog\/re-construye-la-roiba\/","url":"https:\/\/veredes.es\/blog\/re-construye-la-roiba\/","name":"RE-construye 'La Roiba'","isPartOf":{"@id":"https:\/\/veredes.es\/blog\/#website"},"primaryImageOfPage":{"@id":"https:\/\/veredes.es\/blog\/re-construye-la-roiba\/#primaryimage"},"image":{"@id":"https:\/\/veredes.es\/blog\/re-construye-la-roiba\/#primaryimage"},"thumbnailUrl":"https:\/\/veredes.es\/blog\/wp-content\/uploads\/2014\/06\/roiba02.jpg","datePublished":"2014-06-30T06:06:40+00:00","dateModified":"2024-03-19T12:09:51+00:00","description":"RE-construye La-Roiba","breadcrumb":{"@id":"https:\/\/veredes.es\/blog\/re-construye-la-roiba\/#breadcrumb"},"inLanguage":"es","potentialAction":[{"@type":"ReadAction","target":["https:\/\/veredes.es\/blog\/re-construye-la-roiba\/"]}]},{"@type":"ImageObject","inLanguage":"es","@id":"https:\/\/veredes.es\/blog\/re-construye-la-roiba\/#primaryimage","url":"https:\/\/veredes.es\/blog\/wp-content\/uploads\/2014\/06\/roiba02.jpg","contentUrl":"https:\/\/veredes.es\/blog\/wp-content\/uploads\/2014\/06\/roiba02.jpg","width":"620","height":"414"},{"@type":"BreadcrumbList","@id":"https:\/\/veredes.es\/blog\/re-construye-la-roiba\/#breadcrumb","itemListElement":[{"@type":"ListItem","position":1,"name":"Portada","item":"https:\/\/veredes.es\/blog\/"},{"@type":"ListItem","position":2,"name":"RE-construye &#8216;La Roiba&#8217;"}]},{"@type":"WebSite","@id":"https:\/\/veredes.es\/blog\/#website","url":"https:\/\/veredes.es\/blog\/","name":"veredes, arquitectura y divulgaci\u00f3n","description":"veredes","publisher":{"@id":"https:\/\/veredes.es\/blog\/#organization"},"alternateName":"veredes","potentialAction":[{"@type":"SearchAction","target":{"@type":"EntryPoint","urlTemplate":"https:\/\/veredes.es\/blog\/?s={search_term_string}"},"query-input":{"@type":"PropertyValueSpecification","valueRequired":true,"valueName":"search_term_string"}}],"inLanguage":"es"},{"@type":"Organization","@id":"https:\/\/veredes.es\/blog\/#organization","name":"veredes, arquitectura y divulgaci\u00f3n","alternateName":"veredes","url":"https:\/\/veredes.es\/blog\/","logo":{"@type":"ImageObject","inLanguage":"es","@id":"https:\/\/veredes.es\/blog\/#\/schema\/logo\/image\/","url":"https:\/\/veredes.es\/blog\/wp-content\/uploads\/2021\/12\/veredes-logo-centrado_140x54.png","contentUrl":"https:\/\/veredes.es\/blog\/wp-content\/uploads\/2021\/12\/veredes-logo-centrado_140x54.png","width":140,"height":54,"caption":"veredes, arquitectura y divulgaci\u00f3n"},"image":{"@id":"https:\/\/veredes.es\/blog\/#\/schema\/logo\/image\/"},"sameAs":["https:\/\/www.facebook.com\/veredesArquitecturayDivulgacion\/","https:\/\/x.com\/veredes","https:\/\/instagram.com\/veredes\/","https:\/\/www.linkedin.com\/company\/veredes-arquitectura-y-divulgacion\/","https:\/\/es.pinterest.com\/veredes\/","https:\/\/www.tumblr.com\/veredes"]},{"@type":"Person","@id":"https:\/\/veredes.es\/blog\/#\/schema\/person\/0bbb669073ef7faba5168a0844e93d2c","name":"veredes","image":{"@type":"ImageObject","inLanguage":"es","@id":"https:\/\/veredes.es\/blog\/wp-content\/uploads\/2018\/04\/face-96x96.jpg","url":"https:\/\/veredes.es\/blog\/wp-content\/uploads\/2018\/04\/face-96x96.jpg","contentUrl":"https:\/\/veredes.es\/blog\/wp-content\/uploads\/2018\/04\/face-96x96.jpg","caption":"veredes"},"description":"Surge enero de 2009 como b\u00fasqueda de satisfacer el conocimiento de la actividad arquitect\u00f3nica y tangentes que se generan. La idea es crear un espacio para divulgar los diversos proyectos en busca de nueva inspiraci\u00f3n y de intercambio.","sameAs":["https:\/\/veredes.es\/","https:\/\/www.facebook.com\/veredesArquitecturayDivulgacion\/","https:\/\/www.instagram.com\/veredes\/","https:\/\/www.linkedin.com\/company\/veredes-arquitectura-y-divulgacion\/","https:\/\/www.pinterest.es\/veredes\/","https:\/\/x.com\/https:\/\/twitter.com\/veredes","https:\/\/veredes.tumblr.com\/"],"url":"https:\/\/veredes.es\/blog\/author\/alberto\/"}]}},"_links":{"self":[{"href":"https:\/\/veredes.es\/blog\/wp-json\/wp\/v2\/posts\/46337","targetHints":{"allow":["GET"]}}],"collection":[{"href":"https:\/\/veredes.es\/blog\/wp-json\/wp\/v2\/posts"}],"about":[{"href":"https:\/\/veredes.es\/blog\/wp-json\/wp\/v2\/types\/post"}],"author":[{"embeddable":true,"href":"https:\/\/veredes.es\/blog\/wp-json\/wp\/v2\/users\/2"}],"replies":[{"embeddable":true,"href":"https:\/\/veredes.es\/blog\/wp-json\/wp\/v2\/comments?post=46337"}],"version-history":[{"count":0,"href":"https:\/\/veredes.es\/blog\/wp-json\/wp\/v2\/posts\/46337\/revisions"}],"wp:featuredmedia":[{"embeddable":true,"href":"https:\/\/veredes.es\/blog\/wp-json\/wp\/v2\/media\/46340"}],"wp:attachment":[{"href":"https:\/\/veredes.es\/blog\/wp-json\/wp\/v2\/media?parent=46337"}],"wp:term":[{"taxonomy":"category","embeddable":true,"href":"https:\/\/veredes.es\/blog\/wp-json\/wp\/v2\/categories?post=46337"},{"taxonomy":"post_tag","embeddable":true,"href":"https:\/\/veredes.es\/blog\/wp-json\/wp\/v2\/tags?post=46337"}],"curies":[{"name":"wp","href":"https:\/\/api.w.org\/{rel}","templated":true}]}}