{"id":46147,"date":"2014-06-26T06:24:42","date_gmt":"2014-06-26T06:24:42","guid":{"rendered":"http:\/\/veredes.es\/blog\/?p=46147"},"modified":"2019-12-27T16:47:47","modified_gmt":"2019-12-27T15:47:47","slug":"juliao-sarmento-guest-or-host","status":"publish","type":"post","link":"https:\/\/veredes.es\/blog\/juliao-sarmento-guest-or-host\/","title":{"rendered":"Juli\u00e3o Sarmento. Guest or Host?"},"content":{"rendered":"<p><figure id=\"attachment_46148\" aria-describedby=\"caption-attachment-46148\" style=\"width: 620px\" class=\"wp-caption alignnone\"><a href=\"https:\/\/veredes.es\/blog\/wp-content\/uploads\/2014\/06\/186g_0.jpg\"><img loading=\"lazy\" decoding=\"async\" class=\" wp-image-46148\" title=\"186g_0\" src=\"https:\/\/veredes.es\/blog\/wp-content\/uploads\/2014\/06\/186g_0.jpg\" alt=\"\" width=\"620\" height=\"403\" srcset=\"https:\/\/veredes.es\/blog\/wp-content\/uploads\/2014\/06\/186g_0.jpg 280w, https:\/\/veredes.es\/blog\/wp-content\/uploads\/2014\/06\/186g_0-160x105.jpg 160w\" sizes=\"auto, (max-width: 620px) 100vw, 620px\" \/><\/a><figcaption id=\"caption-attachment-46148\" class=\"wp-caption-text\"><span style=\"color: #888888;\">Juli\u00e3o Sarmento: Film Noir, 2006<\/span><\/figcaption><\/figure><\/p>\n<p style=\"text-align: justify;\">La obra del artista portugu\u00e9s Juli\u00e3o Sarmento (Lisboa, 1948), uno de los creadores m\u00e1s importantes y representativos dentro del contexto del arte contempor\u00e1neo internacional, llega a Galicia de la mano de la Fundaci\u00f3n Luis Seoane de A Coru\u00f1a a trav\u00e9s de la muestra <em>Juliao Sarmento. Guest or Host?<\/em>, un proyecto coproducido por la instituci\u00f3n coru\u00f1esa y el CAAM, Centro Atl\u00e1ntico de Arte Moderno de Las Palmas de Gran Canaria.<\/p>\n<p style=\"text-align: justify;\"><em>Juliao Sarmento. Guest or Host?<\/em> comisariada por el cr\u00edtico de arte y director de la Fundaci\u00f3n Luis Seoane, David Barro, constituye la primera gran muestra individual de la obra de Sarmento en Galicia, reuniendo cerca de una treintena de piezas en diferentes formatos como pintura, escultura, dibujo, fotograf\u00eda, v\u00eddeo e instalaciones que van desde los inicios de la d\u00e9cada de los ochenta hasta el momento presente, en un esfuerzo por mostrar al espectador el car\u00e1cter poli\u00e9drico del trabajo del artista.<\/p>\n<p style=\"text-align: justify;\">El t\u00edtulo de la muestra, <em>Guest or Host?<\/em> (\u00bfInvitado o anfitri\u00f3n?) alude a la incapacidad de discernir el lugar en el que nos situamos ante las obras de Juli\u00e3o Sarmento, especialmente con respecto a sus performances, donde el propio artista ejerce de anfitri\u00f3n al situar la escena, pero tambi\u00e9n de invitado, ya que permanece fuera de ella.<\/p>\n<p style=\"text-align: justify;\">El recorrido expositivo se ha concebido como un paseo por algunas constantes de su trabajo como el erotismo, la memoria o el deseo, filtrados a trav\u00e9s de diferentes referencias culturales, sobre todo literarias y cinematogr\u00e1ficas, desde Marguerite Duras a James Joyce, de Raymond Carver a Pina Bausch o Atom Egoyan, por citar s\u00f3lo algunas, representadas alternativamente de manera sutil o manifiesta.<\/p>\n<p style=\"text-align: justify;\">Juli\u00e3o Sarmento. Guest or Host?<br \/>\nFundaci\u00f3n Luis Seoane. Coru\u00f1a. 3 Junio 2014 \u2013 28 Septiembre 2014<br \/>\n<span style=\"color: #888888;\">+ info<\/span><\/p>\n<p><\/p>","protected":false},"excerpt":{"rendered":"<p>La obra del artista portugu\u00e9s Juli\u00e3o Sarmento (Lisboa, 1948), uno de los creadores m\u00e1s importantes y representativos dentro del contexto del arte contempor\u00e1neo internacional, llega a Galicia de la mano de la Fundaci\u00f3n Luis Seoane de A Coru\u00f1a a trav\u00e9s de la muestra Juliao Sarmento. Guest or Host?, un proyecto coproducido por la instituci\u00f3n coru\u00f1esa [&hellip;]<\/p>\n","protected":false},"author":2,"featured_media":46148,"comment_status":"closed","ping_status":"closed","sticky":false,"template":"","format":"standard","meta":{"footnotes":""},"categories":[16,1382],"tags":[66,10616,12471,399,10612,556,5789,619,5142,10611,2132,10613,10615,1086,10614],"class_list":{"0":"post-46147","1":"post","2":"type-post","3":"status-publish","4":"format-standard","5":"has-post-thumbnail","7":"category-eventos","8":"category-exposiciones","9":"tag-a-coruna","10":"tag-atom-egoyan","11":"tag-cine","12":"tag-cultura","13":"tag-david-barro","14":"tag-exposicion","15":"tag-fundacion-luis-seoane","16":"tag-galicia","17":"tag-james-joyce","18":"tag-juliao-sarmento","19":"tag-literatura","20":"tag-marguerite-duras","21":"tag-pina-bausch","22":"tag-portugal","23":"tag-raymond-carver"},"yoast_head":"<!-- This site is optimized with the Yoast SEO plugin v27.5 - https:\/\/yoast.com\/product\/yoast-seo-wordpress\/ -->\n<title>Juli\u00e3o Sarmento. Guest or Host?Juli\u00e3o Sarmento. Guest or Host?Juli\u00e3o Sarmento. Guest or Host? - veredes<\/title>\n<meta name=\"description\" content=\"Toda la informaci\u00f3n sobre: Juli\u00e3o Sarmento. Guest or Host?Juli\u00e3o Sarmento. Guest or Host?Juli\u00e3o Sarmento. Guest or Host?\" \/>\n<meta name=\"robots\" content=\"index, follow, max-snippet:-1, max-image-preview:large, max-video-preview:-1\" \/>\n<link rel=\"canonical\" href=\"https:\/\/veredes.es\/blog\/juliao-sarmento-guest-or-host\/\" \/>\n<meta property=\"og:locale\" content=\"es_ES\" \/>\n<meta property=\"og:type\" content=\"article\" \/>\n<meta property=\"og:title\" content=\"Juli\u00e3o Sarmento. Guest or Host?Juli\u00e3o Sarmento. Guest or Host?Juli\u00e3o Sarmento. Guest or Host? - veredes\" \/>\n<meta property=\"og:description\" content=\"Toda la informaci\u00f3n sobre: Juli\u00e3o Sarmento. Guest or Host?Juli\u00e3o Sarmento. Guest or Host?Juli\u00e3o Sarmento. Guest or Host?\" \/>\n<meta property=\"og:url\" content=\"https:\/\/veredes.es\/blog\/juliao-sarmento-guest-or-host\/\" \/>\n<meta property=\"og:site_name\" content=\"veredes, arquitectura y divulgaci\u00f3n\" \/>\n<meta property=\"article:publisher\" content=\"https:\/\/www.facebook.com\/veredesArquitecturayDivulgacion\/\" \/>\n<meta property=\"article:author\" content=\"https:\/\/www.facebook.com\/veredesArquitecturayDivulgacion\/\" \/>\n<meta property=\"article:published_time\" content=\"2014-06-26T06:24:42+00:00\" \/>\n<meta property=\"article:modified_time\" content=\"2019-12-27T15:47:47+00:00\" \/>\n<meta property=\"og:image\" content=\"https:\/\/veredes.es\/blog\/wp-content\/uploads\/2014\/06\/186g_0.jpg\" \/>\n\t<meta property=\"og:image:width\" content=\"280\" \/>\n\t<meta property=\"og:image:height\" content=\"183\" \/>\n\t<meta property=\"og:image:type\" content=\"image\/jpeg\" \/>\n<meta name=\"author\" content=\"veredes\" \/>\n<meta name=\"twitter:card\" content=\"summary_large_image\" \/>\n<meta name=\"twitter:creator\" content=\"@https:\/\/twitter.com\/veredes\" \/>\n<meta name=\"twitter:site\" content=\"@veredes\" \/>\n<meta name=\"twitter:label1\" content=\"Escrito por\" \/>\n\t<meta name=\"twitter:data1\" content=\"veredes\" \/>\n\t<meta name=\"twitter:label2\" content=\"Tiempo de lectura\" \/>\n\t<meta name=\"twitter:data2\" content=\"5 minutos\" \/>\n<script type=\"application\/ld+json\" class=\"yoast-schema-graph\">{\"@context\":\"https:\\\/\\\/schema.org\",\"@graph\":[{\"@type\":\"Article\",\"@id\":\"https:\\\/\\\/veredes.es\\\/blog\\\/juliao-sarmento-guest-or-host\\\/#article\",\"isPartOf\":{\"@id\":\"https:\\\/\\\/veredes.es\\\/blog\\\/juliao-sarmento-guest-or-host\\\/\"},\"author\":{\"name\":\"veredes\",\"@id\":\"https:\\\/\\\/veredes.es\\\/blog\\\/#\\\/schema\\\/person\\\/0bbb669073ef7faba5168a0844e93d2c\"},\"headline\":\"Juli\u00e3o Sarmento. Guest or Host?\",\"datePublished\":\"2014-06-26T06:24:42+00:00\",\"dateModified\":\"2019-12-27T15:47:47+00:00\",\"mainEntityOfPage\":{\"@id\":\"https:\\\/\\\/veredes.es\\\/blog\\\/juliao-sarmento-guest-or-host\\\/\"},\"wordCount\":935,\"publisher\":{\"@id\":\"https:\\\/\\\/veredes.es\\\/blog\\\/#organization\"},\"image\":{\"@id\":\"https:\\\/\\\/veredes.es\\\/blog\\\/juliao-sarmento-guest-or-host\\\/#primaryimage\"},\"thumbnailUrl\":\"https:\\\/\\\/veredes.es\\\/blog\\\/wp-content\\\/uploads\\\/2014\\\/06\\\/186g_0.jpg\",\"keywords\":[\"A Coru\u00f1a\",\"Atom Egoyan\",\"cine\",\"cultura\",\"David Barro\",\"exposici\u00f3n\",\"Fundaci\u00f3n Luis Seoane\",\"Galicia\",\"james joyce\",\"juli\u00e3o sarmento\",\"literatura\",\"marguerite duras\",\"Pina Bausch\",\"Portugal\",\"raymond carver\"],\"articleSection\":[\"eventos\",\"exposiciones\"],\"inLanguage\":\"es\"},{\"@type\":\"WebPage\",\"@id\":\"https:\\\/\\\/veredes.es\\\/blog\\\/juliao-sarmento-guest-or-host\\\/\",\"url\":\"https:\\\/\\\/veredes.es\\\/blog\\\/juliao-sarmento-guest-or-host\\\/\",\"name\":\"Juli\u00e3o Sarmento. Guest or Host?Juli\u00e3o Sarmento. Guest or Host?Juli\u00e3o Sarmento. Guest or Host? - veredes\",\"isPartOf\":{\"@id\":\"https:\\\/\\\/veredes.es\\\/blog\\\/#website\"},\"primaryImageOfPage\":{\"@id\":\"https:\\\/\\\/veredes.es\\\/blog\\\/juliao-sarmento-guest-or-host\\\/#primaryimage\"},\"image\":{\"@id\":\"https:\\\/\\\/veredes.es\\\/blog\\\/juliao-sarmento-guest-or-host\\\/#primaryimage\"},\"thumbnailUrl\":\"https:\\\/\\\/veredes.es\\\/blog\\\/wp-content\\\/uploads\\\/2014\\\/06\\\/186g_0.jpg\",\"datePublished\":\"2014-06-26T06:24:42+00:00\",\"dateModified\":\"2019-12-27T15:47:47+00:00\",\"description\":\"Toda la informaci\u00f3n sobre: Juli\u00e3o Sarmento. Guest or Host?Juli\u00e3o Sarmento. Guest or Host?Juli\u00e3o Sarmento. Guest or Host?\",\"breadcrumb\":{\"@id\":\"https:\\\/\\\/veredes.es\\\/blog\\\/juliao-sarmento-guest-or-host\\\/#breadcrumb\"},\"inLanguage\":\"es\",\"potentialAction\":[{\"@type\":\"ReadAction\",\"target\":[\"https:\\\/\\\/veredes.es\\\/blog\\\/juliao-sarmento-guest-or-host\\\/\"]}]},{\"@type\":\"ImageObject\",\"inLanguage\":\"es\",\"@id\":\"https:\\\/\\\/veredes.es\\\/blog\\\/juliao-sarmento-guest-or-host\\\/#primaryimage\",\"url\":\"https:\\\/\\\/veredes.es\\\/blog\\\/wp-content\\\/uploads\\\/2014\\\/06\\\/186g_0.jpg\",\"contentUrl\":\"https:\\\/\\\/veredes.es\\\/blog\\\/wp-content\\\/uploads\\\/2014\\\/06\\\/186g_0.jpg\",\"width\":\"280\",\"height\":\"183\",\"caption\":\"Juli\u00e3o Sarmento: Film Noir, 2006\"},{\"@type\":\"BreadcrumbList\",\"@id\":\"https:\\\/\\\/veredes.es\\\/blog\\\/juliao-sarmento-guest-or-host\\\/#breadcrumb\",\"itemListElement\":[{\"@type\":\"ListItem\",\"position\":1,\"name\":\"Portada\",\"item\":\"https:\\\/\\\/veredes.es\\\/blog\\\/\"},{\"@type\":\"ListItem\",\"position\":2,\"name\":\"Juli\u00e3o Sarmento. Guest or Host?\"}]},{\"@type\":\"WebSite\",\"@id\":\"https:\\\/\\\/veredes.es\\\/blog\\\/#website\",\"url\":\"https:\\\/\\\/veredes.es\\\/blog\\\/\",\"name\":\"veredes, arquitectura y divulgaci\u00f3n\",\"description\":\"veredes\",\"publisher\":{\"@id\":\"https:\\\/\\\/veredes.es\\\/blog\\\/#organization\"},\"alternateName\":\"veredes\",\"potentialAction\":[{\"@type\":\"SearchAction\",\"target\":{\"@type\":\"EntryPoint\",\"urlTemplate\":\"https:\\\/\\\/veredes.es\\\/blog\\\/?s={search_term_string}\"},\"query-input\":{\"@type\":\"PropertyValueSpecification\",\"valueRequired\":true,\"valueName\":\"search_term_string\"}}],\"inLanguage\":\"es\"},{\"@type\":\"Organization\",\"@id\":\"https:\\\/\\\/veredes.es\\\/blog\\\/#organization\",\"name\":\"veredes, arquitectura y divulgaci\u00f3n\",\"alternateName\":\"veredes\",\"url\":\"https:\\\/\\\/veredes.es\\\/blog\\\/\",\"logo\":{\"@type\":\"ImageObject\",\"inLanguage\":\"es\",\"@id\":\"https:\\\/\\\/veredes.es\\\/blog\\\/#\\\/schema\\\/logo\\\/image\\\/\",\"url\":\"https:\\\/\\\/veredes.es\\\/blog\\\/wp-content\\\/uploads\\\/2021\\\/12\\\/veredes-logo-centrado_140x54.png\",\"contentUrl\":\"https:\\\/\\\/veredes.es\\\/blog\\\/wp-content\\\/uploads\\\/2021\\\/12\\\/veredes-logo-centrado_140x54.png\",\"width\":140,\"height\":54,\"caption\":\"veredes, arquitectura y divulgaci\u00f3n\"},\"image\":{\"@id\":\"https:\\\/\\\/veredes.es\\\/blog\\\/#\\\/schema\\\/logo\\\/image\\\/\"},\"sameAs\":[\"https:\\\/\\\/www.facebook.com\\\/veredesArquitecturayDivulgacion\\\/\",\"https:\\\/\\\/x.com\\\/veredes\",\"https:\\\/\\\/instagram.com\\\/veredes\\\/\",\"https:\\\/\\\/www.linkedin.com\\\/company\\\/veredes-arquitectura-y-divulgacion\\\/\",\"https:\\\/\\\/es.pinterest.com\\\/veredes\\\/\",\"https:\\\/\\\/www.tumblr.com\\\/veredes\"]},{\"@type\":\"Person\",\"@id\":\"https:\\\/\\\/veredes.es\\\/blog\\\/#\\\/schema\\\/person\\\/0bbb669073ef7faba5168a0844e93d2c\",\"name\":\"veredes\",\"image\":{\"@type\":\"ImageObject\",\"inLanguage\":\"es\",\"@id\":\"https:\\\/\\\/veredes.es\\\/blog\\\/wp-content\\\/uploads\\\/2018\\\/04\\\/face-96x96.jpg\",\"url\":\"https:\\\/\\\/veredes.es\\\/blog\\\/wp-content\\\/uploads\\\/2018\\\/04\\\/face-96x96.jpg\",\"contentUrl\":\"https:\\\/\\\/veredes.es\\\/blog\\\/wp-content\\\/uploads\\\/2018\\\/04\\\/face-96x96.jpg\",\"caption\":\"veredes\"},\"description\":\"Surge enero de 2009 como b\u00fasqueda de satisfacer el conocimiento de la actividad arquitect\u00f3nica y tangentes que se generan. La idea es crear un espacio para divulgar los diversos proyectos en busca de nueva inspiraci\u00f3n y de intercambio.\",\"sameAs\":[\"https:\\\/\\\/veredes.es\\\/\",\"https:\\\/\\\/www.facebook.com\\\/veredesArquitecturayDivulgacion\\\/\",\"https:\\\/\\\/www.instagram.com\\\/veredes\\\/\",\"https:\\\/\\\/www.linkedin.com\\\/company\\\/veredes-arquitectura-y-divulgacion\\\/\",\"https:\\\/\\\/www.pinterest.es\\\/veredes\\\/\",\"https:\\\/\\\/x.com\\\/https:\\\/\\\/twitter.com\\\/veredes\",\"https:\\\/\\\/veredes.tumblr.com\\\/\"],\"url\":\"https:\\\/\\\/veredes.es\\\/blog\\\/author\\\/alberto\\\/\"}]}<\/script>\n<!-- \/ Yoast SEO plugin. -->","yoast_head_json":{"title":"Juli\u00e3o Sarmento. Guest or Host?Juli\u00e3o Sarmento. Guest or Host?Juli\u00e3o Sarmento. Guest or Host? - veredes","description":"Toda la informaci\u00f3n sobre: Juli\u00e3o Sarmento. Guest or Host?Juli\u00e3o Sarmento. Guest or Host?Juli\u00e3o Sarmento. Guest or Host?","robots":{"index":"index","follow":"follow","max-snippet":"max-snippet:-1","max-image-preview":"max-image-preview:large","max-video-preview":"max-video-preview:-1"},"canonical":"https:\/\/veredes.es\/blog\/juliao-sarmento-guest-or-host\/","og_locale":"es_ES","og_type":"article","og_title":"Juli\u00e3o Sarmento. Guest or Host?Juli\u00e3o Sarmento. Guest or Host?Juli\u00e3o Sarmento. Guest or Host? - veredes","og_description":"Toda la informaci\u00f3n sobre: Juli\u00e3o Sarmento. Guest or Host?Juli\u00e3o Sarmento. Guest or Host?Juli\u00e3o Sarmento. Guest or Host?","og_url":"https:\/\/veredes.es\/blog\/juliao-sarmento-guest-or-host\/","og_site_name":"veredes, arquitectura y divulgaci\u00f3n","article_publisher":"https:\/\/www.facebook.com\/veredesArquitecturayDivulgacion\/","article_author":"https:\/\/www.facebook.com\/veredesArquitecturayDivulgacion\/","article_published_time":"2014-06-26T06:24:42+00:00","article_modified_time":"2019-12-27T15:47:47+00:00","og_image":[{"width":280,"height":183,"url":"https:\/\/veredes.es\/blog\/wp-content\/uploads\/2014\/06\/186g_0.jpg","type":"image\/jpeg"}],"author":"veredes","twitter_card":"summary_large_image","twitter_creator":"@https:\/\/twitter.com\/veredes","twitter_site":"@veredes","twitter_misc":{"Escrito por":"veredes","Tiempo de lectura":"5 minutos"},"schema":{"@context":"https:\/\/schema.org","@graph":[{"@type":"Article","@id":"https:\/\/veredes.es\/blog\/juliao-sarmento-guest-or-host\/#article","isPartOf":{"@id":"https:\/\/veredes.es\/blog\/juliao-sarmento-guest-or-host\/"},"author":{"name":"veredes","@id":"https:\/\/veredes.es\/blog\/#\/schema\/person\/0bbb669073ef7faba5168a0844e93d2c"},"headline":"Juli\u00e3o Sarmento. Guest or Host?","datePublished":"2014-06-26T06:24:42+00:00","dateModified":"2019-12-27T15:47:47+00:00","mainEntityOfPage":{"@id":"https:\/\/veredes.es\/blog\/juliao-sarmento-guest-or-host\/"},"wordCount":935,"publisher":{"@id":"https:\/\/veredes.es\/blog\/#organization"},"image":{"@id":"https:\/\/veredes.es\/blog\/juliao-sarmento-guest-or-host\/#primaryimage"},"thumbnailUrl":"https:\/\/veredes.es\/blog\/wp-content\/uploads\/2014\/06\/186g_0.jpg","keywords":["A Coru\u00f1a","Atom Egoyan","cine","cultura","David Barro","exposici\u00f3n","Fundaci\u00f3n Luis Seoane","Galicia","james joyce","juli\u00e3o sarmento","literatura","marguerite duras","Pina Bausch","Portugal","raymond carver"],"articleSection":["eventos","exposiciones"],"inLanguage":"es"},{"@type":"WebPage","@id":"https:\/\/veredes.es\/blog\/juliao-sarmento-guest-or-host\/","url":"https:\/\/veredes.es\/blog\/juliao-sarmento-guest-or-host\/","name":"Juli\u00e3o Sarmento. Guest or Host?Juli\u00e3o Sarmento. Guest or Host?Juli\u00e3o Sarmento. Guest or Host? - veredes","isPartOf":{"@id":"https:\/\/veredes.es\/blog\/#website"},"primaryImageOfPage":{"@id":"https:\/\/veredes.es\/blog\/juliao-sarmento-guest-or-host\/#primaryimage"},"image":{"@id":"https:\/\/veredes.es\/blog\/juliao-sarmento-guest-or-host\/#primaryimage"},"thumbnailUrl":"https:\/\/veredes.es\/blog\/wp-content\/uploads\/2014\/06\/186g_0.jpg","datePublished":"2014-06-26T06:24:42+00:00","dateModified":"2019-12-27T15:47:47+00:00","description":"Toda la informaci\u00f3n sobre: Juli\u00e3o Sarmento. Guest or Host?Juli\u00e3o Sarmento. Guest or Host?Juli\u00e3o Sarmento. Guest or Host?","breadcrumb":{"@id":"https:\/\/veredes.es\/blog\/juliao-sarmento-guest-or-host\/#breadcrumb"},"inLanguage":"es","potentialAction":[{"@type":"ReadAction","target":["https:\/\/veredes.es\/blog\/juliao-sarmento-guest-or-host\/"]}]},{"@type":"ImageObject","inLanguage":"es","@id":"https:\/\/veredes.es\/blog\/juliao-sarmento-guest-or-host\/#primaryimage","url":"https:\/\/veredes.es\/blog\/wp-content\/uploads\/2014\/06\/186g_0.jpg","contentUrl":"https:\/\/veredes.es\/blog\/wp-content\/uploads\/2014\/06\/186g_0.jpg","width":"280","height":"183","caption":"Juli\u00e3o Sarmento: Film Noir, 2006"},{"@type":"BreadcrumbList","@id":"https:\/\/veredes.es\/blog\/juliao-sarmento-guest-or-host\/#breadcrumb","itemListElement":[{"@type":"ListItem","position":1,"name":"Portada","item":"https:\/\/veredes.es\/blog\/"},{"@type":"ListItem","position":2,"name":"Juli\u00e3o Sarmento. Guest or Host?"}]},{"@type":"WebSite","@id":"https:\/\/veredes.es\/blog\/#website","url":"https:\/\/veredes.es\/blog\/","name":"veredes, arquitectura y divulgaci\u00f3n","description":"veredes","publisher":{"@id":"https:\/\/veredes.es\/blog\/#organization"},"alternateName":"veredes","potentialAction":[{"@type":"SearchAction","target":{"@type":"EntryPoint","urlTemplate":"https:\/\/veredes.es\/blog\/?s={search_term_string}"},"query-input":{"@type":"PropertyValueSpecification","valueRequired":true,"valueName":"search_term_string"}}],"inLanguage":"es"},{"@type":"Organization","@id":"https:\/\/veredes.es\/blog\/#organization","name":"veredes, arquitectura y divulgaci\u00f3n","alternateName":"veredes","url":"https:\/\/veredes.es\/blog\/","logo":{"@type":"ImageObject","inLanguage":"es","@id":"https:\/\/veredes.es\/blog\/#\/schema\/logo\/image\/","url":"https:\/\/veredes.es\/blog\/wp-content\/uploads\/2021\/12\/veredes-logo-centrado_140x54.png","contentUrl":"https:\/\/veredes.es\/blog\/wp-content\/uploads\/2021\/12\/veredes-logo-centrado_140x54.png","width":140,"height":54,"caption":"veredes, arquitectura y divulgaci\u00f3n"},"image":{"@id":"https:\/\/veredes.es\/blog\/#\/schema\/logo\/image\/"},"sameAs":["https:\/\/www.facebook.com\/veredesArquitecturayDivulgacion\/","https:\/\/x.com\/veredes","https:\/\/instagram.com\/veredes\/","https:\/\/www.linkedin.com\/company\/veredes-arquitectura-y-divulgacion\/","https:\/\/es.pinterest.com\/veredes\/","https:\/\/www.tumblr.com\/veredes"]},{"@type":"Person","@id":"https:\/\/veredes.es\/blog\/#\/schema\/person\/0bbb669073ef7faba5168a0844e93d2c","name":"veredes","image":{"@type":"ImageObject","inLanguage":"es","@id":"https:\/\/veredes.es\/blog\/wp-content\/uploads\/2018\/04\/face-96x96.jpg","url":"https:\/\/veredes.es\/blog\/wp-content\/uploads\/2018\/04\/face-96x96.jpg","contentUrl":"https:\/\/veredes.es\/blog\/wp-content\/uploads\/2018\/04\/face-96x96.jpg","caption":"veredes"},"description":"Surge enero de 2009 como b\u00fasqueda de satisfacer el conocimiento de la actividad arquitect\u00f3nica y tangentes que se generan. La idea es crear un espacio para divulgar los diversos proyectos en busca de nueva inspiraci\u00f3n y de intercambio.","sameAs":["https:\/\/veredes.es\/","https:\/\/www.facebook.com\/veredesArquitecturayDivulgacion\/","https:\/\/www.instagram.com\/veredes\/","https:\/\/www.linkedin.com\/company\/veredes-arquitectura-y-divulgacion\/","https:\/\/www.pinterest.es\/veredes\/","https:\/\/x.com\/https:\/\/twitter.com\/veredes","https:\/\/veredes.tumblr.com\/"],"url":"https:\/\/veredes.es\/blog\/author\/alberto\/"}]}},"_links":{"self":[{"href":"https:\/\/veredes.es\/blog\/wp-json\/wp\/v2\/posts\/46147","targetHints":{"allow":["GET"]}}],"collection":[{"href":"https:\/\/veredes.es\/blog\/wp-json\/wp\/v2\/posts"}],"about":[{"href":"https:\/\/veredes.es\/blog\/wp-json\/wp\/v2\/types\/post"}],"author":[{"embeddable":true,"href":"https:\/\/veredes.es\/blog\/wp-json\/wp\/v2\/users\/2"}],"replies":[{"embeddable":true,"href":"https:\/\/veredes.es\/blog\/wp-json\/wp\/v2\/comments?post=46147"}],"version-history":[{"count":0,"href":"https:\/\/veredes.es\/blog\/wp-json\/wp\/v2\/posts\/46147\/revisions"}],"wp:featuredmedia":[{"embeddable":true,"href":"https:\/\/veredes.es\/blog\/wp-json\/wp\/v2\/media\/46148"}],"wp:attachment":[{"href":"https:\/\/veredes.es\/blog\/wp-json\/wp\/v2\/media?parent=46147"}],"wp:term":[{"taxonomy":"category","embeddable":true,"href":"https:\/\/veredes.es\/blog\/wp-json\/wp\/v2\/categories?post=46147"},{"taxonomy":"post_tag","embeddable":true,"href":"https:\/\/veredes.es\/blog\/wp-json\/wp\/v2\/tags?post=46147"}],"curies":[{"name":"wp","href":"https:\/\/api.w.org\/{rel}","templated":true}]}}