{"id":45527,"date":"2014-06-18T06:47:13","date_gmt":"2014-06-18T06:47:13","guid":{"rendered":"http:\/\/veredes.es\/blog\/?p=45527"},"modified":"2015-09-23T19:12:25","modified_gmt":"2015-09-23T17:12:25","slug":"casa-chao-creusecarrasco","status":"publish","type":"post","link":"https:\/\/veredes.es\/blog\/casa-chao-creusecarrasco\/","title":{"rendered":"Casa Chao | CREUSeCARRASCO"},"content":{"rendered":"<p><\/p>\n<p style=\"text-align: justify;\">Volver a construir una peque\u00f1a vivienda de poco m\u00e1s de 3 metros de ancho y 16 de fondo en el extremo de una manzana. Resolver con claridad la escena urbana, aportando una visi\u00f3n renovada del modo de construir, sin olvidar la propia identidad, mediante referencias a la historia y cultura del lugar.<\/p>\n<p style=\"text-align: justify;\"><a href=\"http:\/\/veredes.es\/blog\/wp-content\/uploads\/2014\/06\/cEc_cc_13_ext03.jpg\"><img loading=\"lazy\" decoding=\"async\" class=\"alignnone  wp-image-45540\" title=\"cEc_cc_13_ext03\" src=\"http:\/\/veredes.es\/blog\/wp-content\/uploads\/2014\/06\/cEc_cc_13_ext03.jpg\" alt=\"\" width=\"620\" height=\"495\" srcset=\"https:\/\/veredes.es\/blog\/wp-content\/uploads\/2014\/06\/cEc_cc_13_ext03.jpg 1000w, https:\/\/veredes.es\/blog\/wp-content\/uploads\/2014\/06\/cEc_cc_13_ext03-300x240.jpg 300w\" sizes=\"auto, (max-width: 620px) 100vw, 620px\" \/><\/a><\/p>\n<p style=\"text-align: justify;\">Edificar en madera, recordando la construcci\u00f3n marinera, utilizando tabla pintada de blanco, color insistente en galer\u00edas y entrepa\u00f1os de las casas de la villa. Hacer p\u00e9trea parte de la planta baja, en continuidad con las fachadas de la calle tradicional.<\/p>\n<p style=\"text-align: justify;\">Recoger el esp\u00edritu de la arquitectura popular sin renunciar a una expresi\u00f3n propia.<\/p>\n<p style=\"text-align: justify;\">Tener aproximadamente 120m\u00b2 \u00fatiles repartidos entre b+2+bc. La planta baja como entrada y garaje para 2 coches. La primera, zona de d\u00eda: estar y cocina. La segunda, habitaci\u00f3n con estudio y ba\u00f1o. El bajo cubierta, habitaci\u00f3n con ba\u00f1o.<\/p>\n<p style=\"text-align: justify;\">Hacer un planteamiento sencillo basado en la dimensi\u00f3n longitudinal de un espacio di\u00e1fano y en la centralidad de los accesos.<\/p>\n<p style=\"text-align: justify;\">La escalera, arrimada a la medianer\u00eda, deja estancias a cada lado, mientras la fachada, en su parte central, le hace sitio como saliente en plantas altas o la aproxima como entrada a cubierto en el acceso principal.<\/p>\n<p style=\"text-align: justify;\">Las alturas dobles y las estrechas ventanas-balc\u00f3n, relacionan las plantas entre s\u00ed y el espacio exterior, sin llegar a mostrarlo todo.<\/p>\n<p style=\"text-align: justify;\">Reinventar, con su apariencia urbana, un nuevo espacio vivo, hasta ahora en ruina y sin resolver.<\/p>\n<div id='gallery-1' class='gallery galleryid-45527 gallery-columns-4 gallery-size-thumbnail'><figure class='gallery-item'>\n\t\t\t<div class='gallery-icon landscape'>\n\t\t\t\t<a href='https:\/\/veredes.es\/blog\/wp-content\/uploads\/2014\/06\/cEc_cc_01_Situacion.jpg'><img loading=\"lazy\" decoding=\"async\" width=\"120\" height=\"120\" src=\"https:\/\/veredes.es\/blog\/wp-content\/uploads\/2014\/06\/cEc_cc_01_Situacion-150x150.jpg\" class=\"attachment-thumbnail size-thumbnail\" alt=\"\" srcset=\"https:\/\/veredes.es\/blog\/wp-content\/uploads\/2014\/06\/cEc_cc_01_Situacion-150x150.jpg 150w, https:\/\/veredes.es\/blog\/wp-content\/uploads\/2014\/06\/cEc_cc_01_Situacion-300x300.jpg 300w, https:\/\/veredes.es\/blog\/wp-content\/uploads\/2014\/06\/cEc_cc_01_Situacion-120x120.jpg 120w, https:\/\/veredes.es\/blog\/wp-content\/uploads\/2014\/06\/cEc_cc_01_Situacion.jpg 800w\" sizes=\"auto, (max-width: 120px) 100vw, 120px\" \/><\/a>\n\t\t\t<\/div><\/figure><figure class='gallery-item'>\n\t\t\t<div class='gallery-icon landscape'>\n\t\t\t\t<a href='https:\/\/veredes.es\/blog\/wp-content\/uploads\/2014\/06\/cEc_cc_02_EstadoPrevio.jpg'><img loading=\"lazy\" decoding=\"async\" width=\"120\" height=\"120\" src=\"https:\/\/veredes.es\/blog\/wp-content\/uploads\/2014\/06\/cEc_cc_02_EstadoPrevio-150x150.jpg\" class=\"attachment-thumbnail size-thumbnail\" alt=\"\" srcset=\"https:\/\/veredes.es\/blog\/wp-content\/uploads\/2014\/06\/cEc_cc_02_EstadoPrevio-150x150.jpg 150w, https:\/\/veredes.es\/blog\/wp-content\/uploads\/2014\/06\/cEc_cc_02_EstadoPrevio-120x120.jpg 120w\" sizes=\"auto, (max-width: 120px) 100vw, 120px\" \/><\/a>\n\t\t\t<\/div><\/figure><figure class='gallery-item'>\n\t\t\t<div class='gallery-icon landscape'>\n\t\t\t\t<a href='https:\/\/veredes.es\/blog\/wp-content\/uploads\/2014\/06\/cEc_cc_03_Maqueta-1_500.jpg'><img loading=\"lazy\" decoding=\"async\" width=\"120\" height=\"120\" src=\"https:\/\/veredes.es\/blog\/wp-content\/uploads\/2014\/06\/cEc_cc_03_Maqueta-1_500-150x150.jpg\" class=\"attachment-thumbnail size-thumbnail\" alt=\"\" srcset=\"https:\/\/veredes.es\/blog\/wp-content\/uploads\/2014\/06\/cEc_cc_03_Maqueta-1_500-150x150.jpg 150w, https:\/\/veredes.es\/blog\/wp-content\/uploads\/2014\/06\/cEc_cc_03_Maqueta-1_500-120x120.jpg 120w\" sizes=\"auto, (max-width: 120px) 100vw, 120px\" \/><\/a>\n\t\t\t<\/div><\/figure><figure class='gallery-item'>\n\t\t\t<div class='gallery-icon landscape'>\n\t\t\t\t<a href='https:\/\/veredes.es\/blog\/wp-content\/uploads\/2014\/06\/cEc_cc_04_Maqueta-1_100.jpg'><img loading=\"lazy\" decoding=\"async\" width=\"120\" height=\"120\" src=\"https:\/\/veredes.es\/blog\/wp-content\/uploads\/2014\/06\/cEc_cc_04_Maqueta-1_100-150x150.jpg\" class=\"attachment-thumbnail size-thumbnail\" alt=\"\" srcset=\"https:\/\/veredes.es\/blog\/wp-content\/uploads\/2014\/06\/cEc_cc_04_Maqueta-1_100-150x150.jpg 150w, https:\/\/veredes.es\/blog\/wp-content\/uploads\/2014\/06\/cEc_cc_04_Maqueta-1_100-300x300.jpg 300w, https:\/\/veredes.es\/blog\/wp-content\/uploads\/2014\/06\/cEc_cc_04_Maqueta-1_100-120x120.jpg 120w, https:\/\/veredes.es\/blog\/wp-content\/uploads\/2014\/06\/cEc_cc_04_Maqueta-1_100.jpg 800w\" sizes=\"auto, (max-width: 120px) 100vw, 120px\" \/><\/a>\n\t\t\t<\/div><\/figure><figure class='gallery-item'>\n\t\t\t<div class='gallery-icon landscape'>\n\t\t\t\t<a href='https:\/\/veredes.es\/blog\/wp-content\/uploads\/2014\/06\/cEc_cc_05-Plantas.jpg'><img loading=\"lazy\" decoding=\"async\" width=\"120\" height=\"120\" src=\"https:\/\/veredes.es\/blog\/wp-content\/uploads\/2014\/06\/cEc_cc_05-Plantas-150x150.jpg\" class=\"attachment-thumbnail size-thumbnail\" alt=\"\" srcset=\"https:\/\/veredes.es\/blog\/wp-content\/uploads\/2014\/06\/cEc_cc_05-Plantas-150x150.jpg 150w, https:\/\/veredes.es\/blog\/wp-content\/uploads\/2014\/06\/cEc_cc_05-Plantas-300x300.jpg 300w, https:\/\/veredes.es\/blog\/wp-content\/uploads\/2014\/06\/cEc_cc_05-Plantas-120x120.jpg 120w, https:\/\/veredes.es\/blog\/wp-content\/uploads\/2014\/06\/cEc_cc_05-Plantas.jpg 800w\" sizes=\"auto, (max-width: 120px) 100vw, 120px\" \/><\/a>\n\t\t\t<\/div><\/figure><figure class='gallery-item'>\n\t\t\t<div class='gallery-icon landscape'>\n\t\t\t\t<a href='https:\/\/veredes.es\/blog\/wp-content\/uploads\/2014\/06\/cEc_cc_06_Secci\u00f3n.jpg'><img loading=\"lazy\" decoding=\"async\" width=\"120\" height=\"120\" src=\"https:\/\/veredes.es\/blog\/wp-content\/uploads\/2014\/06\/cEc_cc_06_Secci\u00f3n-150x150.jpg\" class=\"attachment-thumbnail size-thumbnail\" alt=\"\" srcset=\"https:\/\/veredes.es\/blog\/wp-content\/uploads\/2014\/06\/cEc_cc_06_Secci\u00f3n-150x150.jpg 150w, https:\/\/veredes.es\/blog\/wp-content\/uploads\/2014\/06\/cEc_cc_06_Secci\u00f3n-120x120.jpg 120w\" sizes=\"auto, (max-width: 120px) 100vw, 120px\" \/><\/a>\n\t\t\t<\/div><\/figure><figure class='gallery-item'>\n\t\t\t<div class='gallery-icon landscape'>\n\t\t\t\t<a href='https:\/\/veredes.es\/blog\/wp-content\/uploads\/2014\/06\/cEc_cc_07_Secci\u00f3n-Transversal.jpg'><img loading=\"lazy\" decoding=\"async\" width=\"120\" height=\"120\" src=\"https:\/\/veredes.es\/blog\/wp-content\/uploads\/2014\/06\/cEc_cc_07_Secci\u00f3n-Transversal-150x150.jpg\" class=\"attachment-thumbnail size-thumbnail\" alt=\"\" srcset=\"https:\/\/veredes.es\/blog\/wp-content\/uploads\/2014\/06\/cEc_cc_07_Secci\u00f3n-Transversal-150x150.jpg 150w, https:\/\/veredes.es\/blog\/wp-content\/uploads\/2014\/06\/cEc_cc_07_Secci\u00f3n-Transversal-120x120.jpg 120w\" sizes=\"auto, (max-width: 120px) 100vw, 120px\" \/><\/a>\n\t\t\t<\/div><\/figure><figure class='gallery-item'>\n\t\t\t<div class='gallery-icon landscape'>\n\t\t\t\t<a href='https:\/\/veredes.es\/blog\/wp-content\/uploads\/2014\/06\/cEc_cc_08_Alzado.jpg'><img loading=\"lazy\" decoding=\"async\" width=\"120\" height=\"120\" src=\"https:\/\/veredes.es\/blog\/wp-content\/uploads\/2014\/06\/cEc_cc_08_Alzado-150x150.jpg\" class=\"attachment-thumbnail size-thumbnail\" alt=\"\" srcset=\"https:\/\/veredes.es\/blog\/wp-content\/uploads\/2014\/06\/cEc_cc_08_Alzado-150x150.jpg 150w, https:\/\/veredes.es\/blog\/wp-content\/uploads\/2014\/06\/cEc_cc_08_Alzado-120x120.jpg 120w\" sizes=\"auto, (max-width: 120px) 100vw, 120px\" \/><\/a>\n\t\t\t<\/div><\/figure><figure class='gallery-item'>\n\t\t\t<div class='gallery-icon landscape'>\n\t\t\t\t<a href='https:\/\/veredes.es\/blog\/wp-content\/uploads\/2014\/06\/cEc_cc_09_Alzado-lateral-derecho.jpg'><img loading=\"lazy\" decoding=\"async\" width=\"120\" height=\"120\" src=\"https:\/\/veredes.es\/blog\/wp-content\/uploads\/2014\/06\/cEc_cc_09_Alzado-lateral-derecho-150x150.jpg\" class=\"attachment-thumbnail size-thumbnail\" alt=\"\" srcset=\"https:\/\/veredes.es\/blog\/wp-content\/uploads\/2014\/06\/cEc_cc_09_Alzado-lateral-derecho-150x150.jpg 150w, https:\/\/veredes.es\/blog\/wp-content\/uploads\/2014\/06\/cEc_cc_09_Alzado-lateral-derecho-120x120.jpg 120w\" sizes=\"auto, (max-width: 120px) 100vw, 120px\" \/><\/a>\n\t\t\t<\/div><\/figure><figure class='gallery-item'>\n\t\t\t<div class='gallery-icon landscape'>\n\t\t\t\t<a href='https:\/\/veredes.es\/blog\/wp-content\/uploads\/2014\/06\/cEc_cc_10_Alzado-lateral-izquierdo.jpg'><img loading=\"lazy\" decoding=\"async\" width=\"120\" height=\"120\" src=\"https:\/\/veredes.es\/blog\/wp-content\/uploads\/2014\/06\/cEc_cc_10_Alzado-lateral-izquierdo-150x150.jpg\" class=\"attachment-thumbnail size-thumbnail\" alt=\"\" srcset=\"https:\/\/veredes.es\/blog\/wp-content\/uploads\/2014\/06\/cEc_cc_10_Alzado-lateral-izquierdo-150x150.jpg 150w, https:\/\/veredes.es\/blog\/wp-content\/uploads\/2014\/06\/cEc_cc_10_Alzado-lateral-izquierdo-120x120.jpg 120w\" sizes=\"auto, (max-width: 120px) 100vw, 120px\" \/><\/a>\n\t\t\t<\/div><\/figure><figure class='gallery-item'>\n\t\t\t<div class='gallery-icon portrait'>\n\t\t\t\t<a href='https:\/\/veredes.es\/blog\/wp-content\/uploads\/2014\/06\/cEc_cc_11_ext01.jpg'><img loading=\"lazy\" decoding=\"async\" width=\"120\" height=\"120\" src=\"https:\/\/veredes.es\/blog\/wp-content\/uploads\/2014\/06\/cEc_cc_11_ext01-150x150.jpg\" class=\"attachment-thumbnail size-thumbnail\" alt=\"\" srcset=\"https:\/\/veredes.es\/blog\/wp-content\/uploads\/2014\/06\/cEc_cc_11_ext01-150x150.jpg 150w, https:\/\/veredes.es\/blog\/wp-content\/uploads\/2014\/06\/cEc_cc_11_ext01-120x120.jpg 120w\" sizes=\"auto, (max-width: 120px) 100vw, 120px\" \/><\/a>\n\t\t\t<\/div><\/figure><figure class='gallery-item'>\n\t\t\t<div class='gallery-icon portrait'>\n\t\t\t\t<a href='https:\/\/veredes.es\/blog\/wp-content\/uploads\/2014\/06\/cEc_cc_12_ext02.jpg'><img loading=\"lazy\" decoding=\"async\" width=\"120\" height=\"120\" src=\"https:\/\/veredes.es\/blog\/wp-content\/uploads\/2014\/06\/cEc_cc_12_ext02-150x150.jpg\" class=\"attachment-thumbnail size-thumbnail\" alt=\"\" srcset=\"https:\/\/veredes.es\/blog\/wp-content\/uploads\/2014\/06\/cEc_cc_12_ext02-150x150.jpg 150w, https:\/\/veredes.es\/blog\/wp-content\/uploads\/2014\/06\/cEc_cc_12_ext02-120x120.jpg 120w\" sizes=\"auto, (max-width: 120px) 100vw, 120px\" \/><\/a>\n\t\t\t<\/div><\/figure><figure class='gallery-item'>\n\t\t\t<div class='gallery-icon landscape'>\n\t\t\t\t<a href='https:\/\/veredes.es\/blog\/wp-content\/uploads\/2014\/06\/cEc_cc_13_ext03.jpg'><img loading=\"lazy\" decoding=\"async\" width=\"120\" height=\"120\" src=\"https:\/\/veredes.es\/blog\/wp-content\/uploads\/2014\/06\/cEc_cc_13_ext03-150x150.jpg\" class=\"attachment-thumbnail size-thumbnail\" alt=\"\" srcset=\"https:\/\/veredes.es\/blog\/wp-content\/uploads\/2014\/06\/cEc_cc_13_ext03-150x150.jpg 150w, https:\/\/veredes.es\/blog\/wp-content\/uploads\/2014\/06\/cEc_cc_13_ext03-120x120.jpg 120w\" sizes=\"auto, (max-width: 120px) 100vw, 120px\" \/><\/a>\n\t\t\t<\/div><\/figure><figure class='gallery-item'>\n\t\t\t<div class='gallery-icon portrait'>\n\t\t\t\t<a href='https:\/\/veredes.es\/blog\/wp-content\/uploads\/2014\/06\/cEc_cc_14_int01.jpg'><img loading=\"lazy\" decoding=\"async\" width=\"120\" height=\"120\" src=\"https:\/\/veredes.es\/blog\/wp-content\/uploads\/2014\/06\/cEc_cc_14_int01-150x150.jpg\" class=\"attachment-thumbnail size-thumbnail\" alt=\"\" srcset=\"https:\/\/veredes.es\/blog\/wp-content\/uploads\/2014\/06\/cEc_cc_14_int01-150x150.jpg 150w, https:\/\/veredes.es\/blog\/wp-content\/uploads\/2014\/06\/cEc_cc_14_int01-120x120.jpg 120w\" sizes=\"auto, (max-width: 120px) 100vw, 120px\" \/><\/a>\n\t\t\t<\/div><\/figure><figure class='gallery-item'>\n\t\t\t<div class='gallery-icon portrait'>\n\t\t\t\t<a href='https:\/\/veredes.es\/blog\/wp-content\/uploads\/2014\/06\/cEc_cc_15_int02.jpg'><img loading=\"lazy\" decoding=\"async\" width=\"120\" height=\"120\" src=\"https:\/\/veredes.es\/blog\/wp-content\/uploads\/2014\/06\/cEc_cc_15_int02-150x150.jpg\" class=\"attachment-thumbnail size-thumbnail\" alt=\"\" srcset=\"https:\/\/veredes.es\/blog\/wp-content\/uploads\/2014\/06\/cEc_cc_15_int02-150x150.jpg 150w, https:\/\/veredes.es\/blog\/wp-content\/uploads\/2014\/06\/cEc_cc_15_int02-120x120.jpg 120w\" sizes=\"auto, (max-width: 120px) 100vw, 120px\" \/><\/a>\n\t\t\t<\/div><\/figure><figure class='gallery-item'>\n\t\t\t<div class='gallery-icon portrait'>\n\t\t\t\t<a href='https:\/\/veredes.es\/blog\/wp-content\/uploads\/2014\/06\/cEc_cc_16_int03.jpg'><img loading=\"lazy\" decoding=\"async\" width=\"120\" height=\"120\" src=\"https:\/\/veredes.es\/blog\/wp-content\/uploads\/2014\/06\/cEc_cc_16_int03-150x150.jpg\" class=\"attachment-thumbnail size-thumbnail\" alt=\"\" srcset=\"https:\/\/veredes.es\/blog\/wp-content\/uploads\/2014\/06\/cEc_cc_16_int03-150x150.jpg 150w, https:\/\/veredes.es\/blog\/wp-content\/uploads\/2014\/06\/cEc_cc_16_int03-120x120.jpg 120w\" sizes=\"auto, (max-width: 120px) 100vw, 120px\" \/><\/a>\n\t\t\t<\/div><\/figure><figure class='gallery-item'>\n\t\t\t<div class='gallery-icon portrait'>\n\t\t\t\t<a href='https:\/\/veredes.es\/blog\/wp-content\/uploads\/2014\/06\/cEc_cc_17_int04.jpg'><img loading=\"lazy\" decoding=\"async\" width=\"120\" height=\"120\" src=\"https:\/\/veredes.es\/blog\/wp-content\/uploads\/2014\/06\/cEc_cc_17_int04-150x150.jpg\" class=\"attachment-thumbnail size-thumbnail\" alt=\"\" srcset=\"https:\/\/veredes.es\/blog\/wp-content\/uploads\/2014\/06\/cEc_cc_17_int04-150x150.jpg 150w, https:\/\/veredes.es\/blog\/wp-content\/uploads\/2014\/06\/cEc_cc_17_int04-120x120.jpg 120w\" sizes=\"auto, (max-width: 120px) 100vw, 120px\" \/><\/a>\n\t\t\t<\/div><\/figure><figure class='gallery-item'>\n\t\t\t<div class='gallery-icon portrait'>\n\t\t\t\t<a href='https:\/\/veredes.es\/blog\/wp-content\/uploads\/2014\/06\/cEc_cc_18_int05.jpg'><img loading=\"lazy\" decoding=\"async\" width=\"120\" height=\"120\" src=\"https:\/\/veredes.es\/blog\/wp-content\/uploads\/2014\/06\/cEc_cc_18_int05-150x150.jpg\" class=\"attachment-thumbnail size-thumbnail\" alt=\"\" srcset=\"https:\/\/veredes.es\/blog\/wp-content\/uploads\/2014\/06\/cEc_cc_18_int05-150x150.jpg 150w, https:\/\/veredes.es\/blog\/wp-content\/uploads\/2014\/06\/cEc_cc_18_int05-120x120.jpg 120w\" sizes=\"auto, (max-width: 120px) 100vw, 120px\" \/><\/a>\n\t\t\t<\/div><\/figure><figure class='gallery-item'>\n\t\t\t<div class='gallery-icon portrait'>\n\t\t\t\t<a href='https:\/\/veredes.es\/blog\/wp-content\/uploads\/2014\/06\/cEc_cc_19_int06.jpg'><img loading=\"lazy\" decoding=\"async\" width=\"120\" height=\"120\" src=\"https:\/\/veredes.es\/blog\/wp-content\/uploads\/2014\/06\/cEc_cc_19_int06-150x150.jpg\" class=\"attachment-thumbnail size-thumbnail\" alt=\"\" srcset=\"https:\/\/veredes.es\/blog\/wp-content\/uploads\/2014\/06\/cEc_cc_19_int06-150x150.jpg 150w, https:\/\/veredes.es\/blog\/wp-content\/uploads\/2014\/06\/cEc_cc_19_int06-120x120.jpg 120w\" sizes=\"auto, (max-width: 120px) 100vw, 120px\" \/><\/a>\n\t\t\t<\/div><\/figure>\n\t\t<\/div>\n\n<p style=\"text-align: justify;\">Obra: Casa Chao<br \/>\nLocalizaci\u00f3n: Corcubi\u00f3n, A Coru\u00f1a, Galicia, Espa\u00f1a<br \/>\nAutores: Juan Creus y Covadonga Carrasco<br \/>\nColaboradores: B\u00e1rbara Mesquita, Celsa Pesqueira<br \/>\nPromotor: Jos\u00e9 Manuel Chao<br \/>\nConstructora: J. M. Rodr\u00edguez Garrido<br \/>\nEstructura: F\u00e9lix Su\u00e1rez Riestra<br \/>\nInstalaciones: Isabel Francos Anllo<br \/>\nFecha de Proyecto\/Terminaci\u00f3n: Junio 2012 \/ Diciembre 2013<br \/>\nSuperficie \u00fatil: 162,74m\u00b2 \/ Superficie construida: 221,78m\u00b2<br \/>\nFot\u00f3grafo: <span style=\"color: #888888;\"><a href=\"http:\/\/santos-diez.com\/\" target=\"_blank\"><span style=\"color: #888888;\">H\u00e9ctor Santos-D\u00edez<\/span><\/a> | <a href=\"http:\/\/www.bisimages.com\/\" target=\"_blank\"><span style=\"color: #888888;\">BISimages<\/span><\/a><\/span><br \/>\n<span style=\"color: #888888;\"><a href=\"http:\/\/www.creusecarrasco.com\/\" target=\"_blank\"><span style=\"color: #888888;\">+ creusecarrasco.es<\/span><\/a><\/span><\/p>\n<p style=\"text-align: justify;\">\n<p><\/p>","protected":false},"excerpt":{"rendered":"<p>Volver a construir una peque\u00f1a vivienda de poco m\u00e1s de 3 metros de ancho y 16 de fondo en el extremo de una manzana. Resolver con claridad la escena urbana, aportando una visi\u00f3n renovada del modo de construir, sin olvidar la propia identidad, mediante referencias a la historia y cultura del lugar. Edificar en madera, [&hellip;]<\/p>\n","protected":false},"author":2,"featured_media":45540,"comment_status":"open","ping_status":"closed","sticky":false,"template":"","format":"standard","meta":{"footnotes":""},"categories":[34,23,1159,5951,59],"tags":[5865,7137,10544,3054,3888,521,619,3053,7058,977,12463,2695,12464,1190,1286,12455],"class_list":{"0":"post-45527","1":"post","2":"type-post","3":"status-publish","4":"format-standard","5":"has-post-thumbnail","7":"category-arquitectura","8":"category-obras","9":"category-rehabilitacion","10":"category-slider-principal","11":"category-vivienda-unifamiliar","12":"tag-arquitectura-gallega","13":"tag-arquitectura-popular","14":"tag-corcubion","15":"tag-covadonga-carrasco","17":"tag-espana","18":"tag-galicia","19":"tag-juan-creus-andrade","20":"tag-materialidad","21":"tag-paisaje","22":"tag-patrimonio","23":"tag-premio-juana-de-vega","24":"tag-rehabilitacion","25":"tag-ruina","26":"tag-territorio","27":"tag-vivienda-unifamiliar"},"yoast_head":"<!-- This site is optimized with the Yoast SEO plugin v27.4 - https:\/\/yoast.com\/product\/yoast-seo-wordpress\/ -->\n<title>Casa Chao | CREUSeCARRASCO<\/title>\n<meta name=\"description\" content=\"Casa Chao\" \/>\n<meta name=\"robots\" content=\"index, follow, max-snippet:-1, max-image-preview:large, max-video-preview:-1\" \/>\n<link rel=\"canonical\" href=\"https:\/\/veredes.es\/blog\/casa-chao-creusecarrasco\/\" \/>\n<meta property=\"og:locale\" content=\"es_ES\" \/>\n<meta property=\"og:type\" content=\"article\" \/>\n<meta property=\"og:title\" content=\"Casa Chao | CREUSeCARRASCO\" \/>\n<meta property=\"og:description\" content=\"Casa Chao\" \/>\n<meta property=\"og:url\" content=\"https:\/\/veredes.es\/blog\/casa-chao-creusecarrasco\/\" \/>\n<meta property=\"og:site_name\" content=\"veredes, arquitectura y divulgaci\u00f3n\" \/>\n<meta property=\"article:publisher\" content=\"https:\/\/www.facebook.com\/veredesArquitecturayDivulgacion\/\" \/>\n<meta property=\"article:author\" content=\"https:\/\/www.facebook.com\/veredesArquitecturayDivulgacion\/\" \/>\n<meta property=\"article:published_time\" content=\"2014-06-18T06:47:13+00:00\" \/>\n<meta property=\"article:modified_time\" content=\"2015-09-23T17:12:25+00:00\" \/>\n<meta property=\"og:image\" content=\"https:\/\/veredes.es\/blog\/wp-content\/uploads\/2014\/06\/cEc_cc_13_ext03.jpg\" \/>\n\t<meta property=\"og:image:width\" content=\"1000\" \/>\n\t<meta property=\"og:image:height\" content=\"800\" \/>\n\t<meta property=\"og:image:type\" content=\"image\/jpeg\" \/>\n<meta name=\"author\" content=\"veredes\" \/>\n<meta name=\"twitter:card\" content=\"summary_large_image\" \/>\n<meta name=\"twitter:creator\" content=\"@https:\/\/twitter.com\/veredes\" \/>\n<meta name=\"twitter:site\" content=\"@veredes\" \/>\n<meta name=\"twitter:label1\" content=\"Escrito por\" \/>\n\t<meta name=\"twitter:data1\" content=\"veredes\" \/>\n\t<meta name=\"twitter:label2\" content=\"Tiempo de lectura\" \/>\n\t<meta name=\"twitter:data2\" content=\"5 minutos\" \/>\n<script type=\"application\/ld+json\" class=\"yoast-schema-graph\">{\"@context\":\"https:\\\/\\\/schema.org\",\"@graph\":[{\"@type\":\"Article\",\"@id\":\"https:\\\/\\\/veredes.es\\\/blog\\\/casa-chao-creusecarrasco\\\/#article\",\"isPartOf\":{\"@id\":\"https:\\\/\\\/veredes.es\\\/blog\\\/casa-chao-creusecarrasco\\\/\"},\"author\":{\"name\":\"veredes\",\"@id\":\"https:\\\/\\\/veredes.es\\\/blog\\\/#\\\/schema\\\/person\\\/0bbb669073ef7faba5168a0844e93d2c\"},\"headline\":\"Casa Chao | CREUSeCARRASCO\",\"datePublished\":\"2014-06-18T06:47:13+00:00\",\"dateModified\":\"2015-09-23T17:12:25+00:00\",\"mainEntityOfPage\":{\"@id\":\"https:\\\/\\\/veredes.es\\\/blog\\\/casa-chao-creusecarrasco\\\/\"},\"wordCount\":965,\"commentCount\":1,\"publisher\":{\"@id\":\"https:\\\/\\\/veredes.es\\\/blog\\\/#organization\"},\"image\":{\"@id\":\"https:\\\/\\\/veredes.es\\\/blog\\\/casa-chao-creusecarrasco\\\/#primaryimage\"},\"thumbnailUrl\":\"https:\\\/\\\/veredes.es\\\/blog\\\/wp-content\\\/uploads\\\/2014\\\/06\\\/cEc_cc_13_ext03.jpg\",\"keywords\":[\"arquitectura gallega\",\"arquitectura popular\",\"corcubi\u00f3n\",\"Covadonga Carrasco\",\"CREUSeCARRASCO arquitectos\",\"Espa\u00f1a\",\"Galicia\",\"Juan Creus Andrade\",\"materialidad\",\"paisaje\",\"patrimonio\",\"premio Juana de Vega\",\"rehabilitaci\u00f3n\",\"ruina\",\"territorio\",\"vivienda unifamiliar\"],\"articleSection\":[\"arquitectura\",\"obras\",\"rehabilitaci\u00f3n\",\"slider principal\",\"vivienda unifamiliar\"],\"inLanguage\":\"es\",\"potentialAction\":[{\"@type\":\"CommentAction\",\"name\":\"Comment\",\"target\":[\"https:\\\/\\\/veredes.es\\\/blog\\\/casa-chao-creusecarrasco\\\/#respond\"]}]},{\"@type\":\"WebPage\",\"@id\":\"https:\\\/\\\/veredes.es\\\/blog\\\/casa-chao-creusecarrasco\\\/\",\"url\":\"https:\\\/\\\/veredes.es\\\/blog\\\/casa-chao-creusecarrasco\\\/\",\"name\":\"Casa Chao | CREUSeCARRASCO\",\"isPartOf\":{\"@id\":\"https:\\\/\\\/veredes.es\\\/blog\\\/#website\"},\"primaryImageOfPage\":{\"@id\":\"https:\\\/\\\/veredes.es\\\/blog\\\/casa-chao-creusecarrasco\\\/#primaryimage\"},\"image\":{\"@id\":\"https:\\\/\\\/veredes.es\\\/blog\\\/casa-chao-creusecarrasco\\\/#primaryimage\"},\"thumbnailUrl\":\"https:\\\/\\\/veredes.es\\\/blog\\\/wp-content\\\/uploads\\\/2014\\\/06\\\/cEc_cc_13_ext03.jpg\",\"datePublished\":\"2014-06-18T06:47:13+00:00\",\"dateModified\":\"2015-09-23T17:12:25+00:00\",\"description\":\"Casa Chao\",\"breadcrumb\":{\"@id\":\"https:\\\/\\\/veredes.es\\\/blog\\\/casa-chao-creusecarrasco\\\/#breadcrumb\"},\"inLanguage\":\"es\",\"potentialAction\":[{\"@type\":\"ReadAction\",\"target\":[\"https:\\\/\\\/veredes.es\\\/blog\\\/casa-chao-creusecarrasco\\\/\"]}]},{\"@type\":\"ImageObject\",\"inLanguage\":\"es\",\"@id\":\"https:\\\/\\\/veredes.es\\\/blog\\\/casa-chao-creusecarrasco\\\/#primaryimage\",\"url\":\"https:\\\/\\\/veredes.es\\\/blog\\\/wp-content\\\/uploads\\\/2014\\\/06\\\/cEc_cc_13_ext03.jpg\",\"contentUrl\":\"https:\\\/\\\/veredes.es\\\/blog\\\/wp-content\\\/uploads\\\/2014\\\/06\\\/cEc_cc_13_ext03.jpg\",\"width\":\"1000\",\"height\":\"800\"},{\"@type\":\"BreadcrumbList\",\"@id\":\"https:\\\/\\\/veredes.es\\\/blog\\\/casa-chao-creusecarrasco\\\/#breadcrumb\",\"itemListElement\":[{\"@type\":\"ListItem\",\"position\":1,\"name\":\"Portada\",\"item\":\"https:\\\/\\\/veredes.es\\\/blog\\\/\"},{\"@type\":\"ListItem\",\"position\":2,\"name\":\"Casa Chao | CREUSeCARRASCO\"}]},{\"@type\":\"WebSite\",\"@id\":\"https:\\\/\\\/veredes.es\\\/blog\\\/#website\",\"url\":\"https:\\\/\\\/veredes.es\\\/blog\\\/\",\"name\":\"veredes, arquitectura y divulgaci\u00f3n\",\"description\":\"veredes\",\"publisher\":{\"@id\":\"https:\\\/\\\/veredes.es\\\/blog\\\/#organization\"},\"alternateName\":\"veredes\",\"potentialAction\":[{\"@type\":\"SearchAction\",\"target\":{\"@type\":\"EntryPoint\",\"urlTemplate\":\"https:\\\/\\\/veredes.es\\\/blog\\\/?s={search_term_string}\"},\"query-input\":{\"@type\":\"PropertyValueSpecification\",\"valueRequired\":true,\"valueName\":\"search_term_string\"}}],\"inLanguage\":\"es\"},{\"@type\":\"Organization\",\"@id\":\"https:\\\/\\\/veredes.es\\\/blog\\\/#organization\",\"name\":\"veredes, arquitectura y divulgaci\u00f3n\",\"alternateName\":\"veredes\",\"url\":\"https:\\\/\\\/veredes.es\\\/blog\\\/\",\"logo\":{\"@type\":\"ImageObject\",\"inLanguage\":\"es\",\"@id\":\"https:\\\/\\\/veredes.es\\\/blog\\\/#\\\/schema\\\/logo\\\/image\\\/\",\"url\":\"https:\\\/\\\/veredes.es\\\/blog\\\/wp-content\\\/uploads\\\/2021\\\/12\\\/veredes-logo-centrado_140x54.png\",\"contentUrl\":\"https:\\\/\\\/veredes.es\\\/blog\\\/wp-content\\\/uploads\\\/2021\\\/12\\\/veredes-logo-centrado_140x54.png\",\"width\":140,\"height\":54,\"caption\":\"veredes, arquitectura y divulgaci\u00f3n\"},\"image\":{\"@id\":\"https:\\\/\\\/veredes.es\\\/blog\\\/#\\\/schema\\\/logo\\\/image\\\/\"},\"sameAs\":[\"https:\\\/\\\/www.facebook.com\\\/veredesArquitecturayDivulgacion\\\/\",\"https:\\\/\\\/x.com\\\/veredes\",\"https:\\\/\\\/instagram.com\\\/veredes\\\/\",\"https:\\\/\\\/www.linkedin.com\\\/company\\\/veredes-arquitectura-y-divulgacion\\\/\",\"https:\\\/\\\/es.pinterest.com\\\/veredes\\\/\",\"https:\\\/\\\/www.tumblr.com\\\/veredes\"]},{\"@type\":\"Person\",\"@id\":\"https:\\\/\\\/veredes.es\\\/blog\\\/#\\\/schema\\\/person\\\/0bbb669073ef7faba5168a0844e93d2c\",\"name\":\"veredes\",\"image\":{\"@type\":\"ImageObject\",\"inLanguage\":\"es\",\"@id\":\"https:\\\/\\\/veredes.es\\\/blog\\\/wp-content\\\/uploads\\\/2018\\\/04\\\/face-96x96.jpg\",\"url\":\"https:\\\/\\\/veredes.es\\\/blog\\\/wp-content\\\/uploads\\\/2018\\\/04\\\/face-96x96.jpg\",\"contentUrl\":\"https:\\\/\\\/veredes.es\\\/blog\\\/wp-content\\\/uploads\\\/2018\\\/04\\\/face-96x96.jpg\",\"caption\":\"veredes\"},\"description\":\"Surge enero de 2009 como b\u00fasqueda de satisfacer el conocimiento de la actividad arquitect\u00f3nica y tangentes que se generan. La idea es crear un espacio para divulgar los diversos proyectos en busca de nueva inspiraci\u00f3n y de intercambio.\",\"sameAs\":[\"https:\\\/\\\/veredes.es\\\/\",\"https:\\\/\\\/www.facebook.com\\\/veredesArquitecturayDivulgacion\\\/\",\"https:\\\/\\\/www.instagram.com\\\/veredes\\\/\",\"https:\\\/\\\/www.linkedin.com\\\/company\\\/veredes-arquitectura-y-divulgacion\\\/\",\"https:\\\/\\\/www.pinterest.es\\\/veredes\\\/\",\"https:\\\/\\\/x.com\\\/https:\\\/\\\/twitter.com\\\/veredes\",\"https:\\\/\\\/veredes.tumblr.com\\\/\"],\"url\":\"https:\\\/\\\/veredes.es\\\/blog\\\/author\\\/alberto\\\/\"}]}<\/script>\n<!-- \/ Yoast SEO plugin. -->","yoast_head_json":{"title":"Casa Chao | CREUSeCARRASCO","description":"Casa Chao","robots":{"index":"index","follow":"follow","max-snippet":"max-snippet:-1","max-image-preview":"max-image-preview:large","max-video-preview":"max-video-preview:-1"},"canonical":"https:\/\/veredes.es\/blog\/casa-chao-creusecarrasco\/","og_locale":"es_ES","og_type":"article","og_title":"Casa Chao | CREUSeCARRASCO","og_description":"Casa Chao","og_url":"https:\/\/veredes.es\/blog\/casa-chao-creusecarrasco\/","og_site_name":"veredes, arquitectura y divulgaci\u00f3n","article_publisher":"https:\/\/www.facebook.com\/veredesArquitecturayDivulgacion\/","article_author":"https:\/\/www.facebook.com\/veredesArquitecturayDivulgacion\/","article_published_time":"2014-06-18T06:47:13+00:00","article_modified_time":"2015-09-23T17:12:25+00:00","og_image":[{"width":1000,"height":800,"url":"https:\/\/veredes.es\/blog\/wp-content\/uploads\/2014\/06\/cEc_cc_13_ext03.jpg","type":"image\/jpeg"}],"author":"veredes","twitter_card":"summary_large_image","twitter_creator":"@https:\/\/twitter.com\/veredes","twitter_site":"@veredes","twitter_misc":{"Escrito por":"veredes","Tiempo de lectura":"5 minutos"},"schema":{"@context":"https:\/\/schema.org","@graph":[{"@type":"Article","@id":"https:\/\/veredes.es\/blog\/casa-chao-creusecarrasco\/#article","isPartOf":{"@id":"https:\/\/veredes.es\/blog\/casa-chao-creusecarrasco\/"},"author":{"name":"veredes","@id":"https:\/\/veredes.es\/blog\/#\/schema\/person\/0bbb669073ef7faba5168a0844e93d2c"},"headline":"Casa Chao | CREUSeCARRASCO","datePublished":"2014-06-18T06:47:13+00:00","dateModified":"2015-09-23T17:12:25+00:00","mainEntityOfPage":{"@id":"https:\/\/veredes.es\/blog\/casa-chao-creusecarrasco\/"},"wordCount":965,"commentCount":1,"publisher":{"@id":"https:\/\/veredes.es\/blog\/#organization"},"image":{"@id":"https:\/\/veredes.es\/blog\/casa-chao-creusecarrasco\/#primaryimage"},"thumbnailUrl":"https:\/\/veredes.es\/blog\/wp-content\/uploads\/2014\/06\/cEc_cc_13_ext03.jpg","keywords":["arquitectura gallega","arquitectura popular","corcubi\u00f3n","Covadonga Carrasco","CREUSeCARRASCO arquitectos","Espa\u00f1a","Galicia","Juan Creus Andrade","materialidad","paisaje","patrimonio","premio Juana de Vega","rehabilitaci\u00f3n","ruina","territorio","vivienda unifamiliar"],"articleSection":["arquitectura","obras","rehabilitaci\u00f3n","slider principal","vivienda unifamiliar"],"inLanguage":"es","potentialAction":[{"@type":"CommentAction","name":"Comment","target":["https:\/\/veredes.es\/blog\/casa-chao-creusecarrasco\/#respond"]}]},{"@type":"WebPage","@id":"https:\/\/veredes.es\/blog\/casa-chao-creusecarrasco\/","url":"https:\/\/veredes.es\/blog\/casa-chao-creusecarrasco\/","name":"Casa Chao | CREUSeCARRASCO","isPartOf":{"@id":"https:\/\/veredes.es\/blog\/#website"},"primaryImageOfPage":{"@id":"https:\/\/veredes.es\/blog\/casa-chao-creusecarrasco\/#primaryimage"},"image":{"@id":"https:\/\/veredes.es\/blog\/casa-chao-creusecarrasco\/#primaryimage"},"thumbnailUrl":"https:\/\/veredes.es\/blog\/wp-content\/uploads\/2014\/06\/cEc_cc_13_ext03.jpg","datePublished":"2014-06-18T06:47:13+00:00","dateModified":"2015-09-23T17:12:25+00:00","description":"Casa Chao","breadcrumb":{"@id":"https:\/\/veredes.es\/blog\/casa-chao-creusecarrasco\/#breadcrumb"},"inLanguage":"es","potentialAction":[{"@type":"ReadAction","target":["https:\/\/veredes.es\/blog\/casa-chao-creusecarrasco\/"]}]},{"@type":"ImageObject","inLanguage":"es","@id":"https:\/\/veredes.es\/blog\/casa-chao-creusecarrasco\/#primaryimage","url":"https:\/\/veredes.es\/blog\/wp-content\/uploads\/2014\/06\/cEc_cc_13_ext03.jpg","contentUrl":"https:\/\/veredes.es\/blog\/wp-content\/uploads\/2014\/06\/cEc_cc_13_ext03.jpg","width":"1000","height":"800"},{"@type":"BreadcrumbList","@id":"https:\/\/veredes.es\/blog\/casa-chao-creusecarrasco\/#breadcrumb","itemListElement":[{"@type":"ListItem","position":1,"name":"Portada","item":"https:\/\/veredes.es\/blog\/"},{"@type":"ListItem","position":2,"name":"Casa Chao | CREUSeCARRASCO"}]},{"@type":"WebSite","@id":"https:\/\/veredes.es\/blog\/#website","url":"https:\/\/veredes.es\/blog\/","name":"veredes, arquitectura y divulgaci\u00f3n","description":"veredes","publisher":{"@id":"https:\/\/veredes.es\/blog\/#organization"},"alternateName":"veredes","potentialAction":[{"@type":"SearchAction","target":{"@type":"EntryPoint","urlTemplate":"https:\/\/veredes.es\/blog\/?s={search_term_string}"},"query-input":{"@type":"PropertyValueSpecification","valueRequired":true,"valueName":"search_term_string"}}],"inLanguage":"es"},{"@type":"Organization","@id":"https:\/\/veredes.es\/blog\/#organization","name":"veredes, arquitectura y divulgaci\u00f3n","alternateName":"veredes","url":"https:\/\/veredes.es\/blog\/","logo":{"@type":"ImageObject","inLanguage":"es","@id":"https:\/\/veredes.es\/blog\/#\/schema\/logo\/image\/","url":"https:\/\/veredes.es\/blog\/wp-content\/uploads\/2021\/12\/veredes-logo-centrado_140x54.png","contentUrl":"https:\/\/veredes.es\/blog\/wp-content\/uploads\/2021\/12\/veredes-logo-centrado_140x54.png","width":140,"height":54,"caption":"veredes, arquitectura y divulgaci\u00f3n"},"image":{"@id":"https:\/\/veredes.es\/blog\/#\/schema\/logo\/image\/"},"sameAs":["https:\/\/www.facebook.com\/veredesArquitecturayDivulgacion\/","https:\/\/x.com\/veredes","https:\/\/instagram.com\/veredes\/","https:\/\/www.linkedin.com\/company\/veredes-arquitectura-y-divulgacion\/","https:\/\/es.pinterest.com\/veredes\/","https:\/\/www.tumblr.com\/veredes"]},{"@type":"Person","@id":"https:\/\/veredes.es\/blog\/#\/schema\/person\/0bbb669073ef7faba5168a0844e93d2c","name":"veredes","image":{"@type":"ImageObject","inLanguage":"es","@id":"https:\/\/veredes.es\/blog\/wp-content\/uploads\/2018\/04\/face-96x96.jpg","url":"https:\/\/veredes.es\/blog\/wp-content\/uploads\/2018\/04\/face-96x96.jpg","contentUrl":"https:\/\/veredes.es\/blog\/wp-content\/uploads\/2018\/04\/face-96x96.jpg","caption":"veredes"},"description":"Surge enero de 2009 como b\u00fasqueda de satisfacer el conocimiento de la actividad arquitect\u00f3nica y tangentes que se generan. La idea es crear un espacio para divulgar los diversos proyectos en busca de nueva inspiraci\u00f3n y de intercambio.","sameAs":["https:\/\/veredes.es\/","https:\/\/www.facebook.com\/veredesArquitecturayDivulgacion\/","https:\/\/www.instagram.com\/veredes\/","https:\/\/www.linkedin.com\/company\/veredes-arquitectura-y-divulgacion\/","https:\/\/www.pinterest.es\/veredes\/","https:\/\/x.com\/https:\/\/twitter.com\/veredes","https:\/\/veredes.tumblr.com\/"],"url":"https:\/\/veredes.es\/blog\/author\/alberto\/"}]}},"_links":{"self":[{"href":"https:\/\/veredes.es\/blog\/wp-json\/wp\/v2\/posts\/45527","targetHints":{"allow":["GET"]}}],"collection":[{"href":"https:\/\/veredes.es\/blog\/wp-json\/wp\/v2\/posts"}],"about":[{"href":"https:\/\/veredes.es\/blog\/wp-json\/wp\/v2\/types\/post"}],"author":[{"embeddable":true,"href":"https:\/\/veredes.es\/blog\/wp-json\/wp\/v2\/users\/2"}],"replies":[{"embeddable":true,"href":"https:\/\/veredes.es\/blog\/wp-json\/wp\/v2\/comments?post=45527"}],"version-history":[{"count":0,"href":"https:\/\/veredes.es\/blog\/wp-json\/wp\/v2\/posts\/45527\/revisions"}],"wp:featuredmedia":[{"embeddable":true,"href":"https:\/\/veredes.es\/blog\/wp-json\/wp\/v2\/media\/45540"}],"wp:attachment":[{"href":"https:\/\/veredes.es\/blog\/wp-json\/wp\/v2\/media?parent=45527"}],"wp:term":[{"taxonomy":"category","embeddable":true,"href":"https:\/\/veredes.es\/blog\/wp-json\/wp\/v2\/categories?post=45527"},{"taxonomy":"post_tag","embeddable":true,"href":"https:\/\/veredes.es\/blog\/wp-json\/wp\/v2\/tags?post=45527"}],"curies":[{"name":"wp","href":"https:\/\/api.w.org\/{rel}","templated":true}]}}