{"id":45232,"date":"2014-05-23T06:50:03","date_gmt":"2014-05-23T06:50:03","guid":{"rendered":"http:\/\/veredes.es\/blog\/?p=45232"},"modified":"2017-12-12T19:55:39","modified_gmt":"2017-12-12T18:55:39","slug":"the-house-i-dream-of","status":"publish","type":"post","link":"https:\/\/veredes.es\/blog\/the-house-i-dream-of\/","title":{"rendered":"The House I Dream Of"},"content":{"rendered":"<p><\/p>\n<p style=\"text-align: justify;\">La Escuela T\u00e9cnica Superior de Arquitectura de la Universitat Internacional de Catalu\u00f1a (Esarq-UIC) lanza esta semana la iniciativa <strong>The House I Dream Of<\/strong>. Se trata de un proyecto de participaci\u00f3n internacional dirigido a estudiantes de secundaria interesados en la arquitectura.<\/p>\n<p style=\"text-align: justify;\">Durante los pr\u00f3ximos meses, los futuros arquitectos podr\u00e1n compartir el proyecto de su casa so\u00f1ada, aportando su reflexi\u00f3n acerca de la relaci\u00f3n entre las personas y su h\u00e1bitat.<\/p>\n<p style=\"text-align: justify;\">La Esarq-UIC ha habilitado una p\u00e1gina web en la que se podr\u00e1n compartir ideas en distintos formatos: video, dibujo, plano o texto.<\/p>\n<p style=\"text-align: justify;\"><a href=\"http:\/\/veredes.es\/blog\/wp-content\/uploads\/2014\/05\/TheHouseIDreamOf.jpg\"><img loading=\"lazy\" decoding=\"async\" class=\"alignnone size-full wp-image-45233\" title=\"TheHouseIDreamOf\" src=\"http:\/\/veredes.es\/blog\/wp-content\/uploads\/2014\/05\/TheHouseIDreamOf.jpg\" alt=\"\" width=\"620\" height=\"196\" srcset=\"https:\/\/veredes.es\/blog\/wp-content\/uploads\/2014\/05\/TheHouseIDreamOf.jpg 620w, https:\/\/veredes.es\/blog\/wp-content\/uploads\/2014\/05\/TheHouseIDreamOf-300x94.jpg 300w\" sizes=\"auto, (max-width: 620px) 100vw, 620px\" \/><\/a><\/p>\n<p style=\"text-align: justify;\">El plazo para enviar las propuestas es del 15 mayo al 15 de julio.<\/p>\n<p style=\"text-align: justify;\">Todos los materiales recibidos formar\u00e1n parte de una exposici\u00f3n que se llevar\u00e1 a cabo en el Museu Nacional d&#8217;Art de Catalunya (MNAC) al terminar el proyecto en el mes de julio.<\/p>\n<p style=\"text-align: justify;\"><strong>The House I Dream Of <\/strong>es un proyecto cultural que<strong> <\/strong>nace con la idea de poner en relieve el papel del arquitecto en nuestra vida cotidiana, promoviendo una reflexi\u00f3n acerca del profesional que ha dise\u00f1ado el lugar donde vivimos. A trav\u00e9s de esta iniciativa los estudiantes de secundaria podr\u00e1n conocer el proceso de pensar una vivienda, reflexionar acerca de las diferentes variables que van a influir en este proceso y c\u00f3mo estas cambiar\u00e1n en funci\u00f3n del pa\u00eds, cultura o entorno para el que se dise\u00f1a la vivienda. Se trata de un primer acercamiento para aquellos estudiantes que est\u00e1n pensando en orientar su carrera hacia esta disciplina.<\/p>\n<p style=\"text-align: justify;\">El hecho de que participen j\u00f3venes sin conocimientos previos de arquitectura permite tambi\u00e9n un espacio para la enso\u00f1aci\u00f3n, para todas aquellas ideas que quiz\u00e1 a\u00fan no ser\u00e1n viables arquitect\u00f3nicamente, pero que expresan un concepto de lugar habitable deseado.<\/p>\n<p style=\"text-align: justify;\"><span style=\"color: #888888;\">+ info<\/span><\/p>\n<p><\/p>","protected":false},"excerpt":{"rendered":"<p>La Escuela T\u00e9cnica Superior de Arquitectura de la Universitat Internacional de Catalu\u00f1a (Esarq-UIC) lanza esta semana la iniciativa The House I Dream Of. Se trata de un proyecto de participaci\u00f3n internacional dirigido a estudiantes de secundaria interesados en la arquitectura. Durante los pr\u00f3ximos meses, los futuros arquitectos podr\u00e1n compartir el proyecto de su casa so\u00f1ada, [&hellip;]<\/p>\n","protected":false},"author":2,"featured_media":45233,"comment_status":"open","ping_status":"closed","sticky":false,"template":"","format":"standard","meta":{"footnotes":""},"categories":[7937,43,16],"tags":[6267,2631,191,377,401,2298,458,3725,535,556,1264],"class_list":{"0":"post-45232","1":"post","2":"type-post","3":"status-publish","4":"format-standard","5":"has-post-thumbnail","7":"category-convocatorias","8":"category-cursos-talleres","9":"category-eventos","11":"tag-arquitectura-espanola","12":"tag-barcelona","13":"tag-convocatoria","14":"tag-curso","15":"tag-dibujar","16":"tag-educacion","17":"tag-esarq-uic","18":"tag-estudiante","19":"tag-exposicion","20":"tag-taller"},"yoast_head":"<!-- This site is optimized with the Yoast SEO plugin v27.4 - https:\/\/yoast.com\/product\/yoast-seo-wordpress\/ -->\n<title>The House I Dream OfThe House I Dream OfThe House I Dream Of - veredes<\/title>\n<meta name=\"description\" content=\"Toda la informaci\u00f3n sobre: The House I Dream OfThe House I Dream OfThe House I Dream Of\" \/>\n<meta name=\"robots\" content=\"index, follow, max-snippet:-1, max-image-preview:large, max-video-preview:-1\" \/>\n<link rel=\"canonical\" href=\"https:\/\/veredes.es\/blog\/the-house-i-dream-of\/\" \/>\n<meta property=\"og:locale\" content=\"es_ES\" \/>\n<meta property=\"og:type\" content=\"article\" \/>\n<meta property=\"og:title\" content=\"The House I Dream OfThe House I Dream OfThe House I Dream Of - veredes\" \/>\n<meta property=\"og:description\" content=\"Toda la informaci\u00f3n sobre: The House I Dream OfThe House I Dream OfThe House I Dream Of\" \/>\n<meta property=\"og:url\" content=\"https:\/\/veredes.es\/blog\/the-house-i-dream-of\/\" \/>\n<meta property=\"og:site_name\" content=\"veredes, arquitectura y divulgaci\u00f3n\" \/>\n<meta property=\"article:publisher\" content=\"https:\/\/www.facebook.com\/veredesArquitecturayDivulgacion\/\" \/>\n<meta property=\"article:author\" content=\"https:\/\/www.facebook.com\/veredesArquitecturayDivulgacion\/\" \/>\n<meta property=\"article:published_time\" content=\"2014-05-23T06:50:03+00:00\" \/>\n<meta property=\"article:modified_time\" content=\"2017-12-12T18:55:39+00:00\" \/>\n<meta property=\"og:image\" content=\"https:\/\/veredes.es\/blog\/wp-content\/uploads\/2014\/05\/TheHouseIDreamOf.jpg\" \/>\n\t<meta property=\"og:image:width\" content=\"620\" \/>\n\t<meta property=\"og:image:height\" content=\"196\" \/>\n\t<meta property=\"og:image:type\" content=\"image\/jpeg\" \/>\n<meta name=\"author\" content=\"veredes\" \/>\n<meta name=\"twitter:card\" content=\"summary_large_image\" \/>\n<meta name=\"twitter:creator\" content=\"@https:\/\/twitter.com\/veredes\" \/>\n<meta name=\"twitter:site\" content=\"@veredes\" \/>\n<meta name=\"twitter:label1\" content=\"Escrito por\" \/>\n\t<meta name=\"twitter:data1\" content=\"veredes\" \/>\n\t<meta name=\"twitter:label2\" content=\"Tiempo de lectura\" \/>\n\t<meta name=\"twitter:data2\" content=\"5 minutos\" \/>\n<script type=\"application\/ld+json\" class=\"yoast-schema-graph\">{\"@context\":\"https:\\\/\\\/schema.org\",\"@graph\":[{\"@type\":\"Article\",\"@id\":\"https:\\\/\\\/veredes.es\\\/blog\\\/the-house-i-dream-of\\\/#article\",\"isPartOf\":{\"@id\":\"https:\\\/\\\/veredes.es\\\/blog\\\/the-house-i-dream-of\\\/\"},\"author\":{\"name\":\"veredes\",\"@id\":\"https:\\\/\\\/veredes.es\\\/blog\\\/#\\\/schema\\\/person\\\/0bbb669073ef7faba5168a0844e93d2c\"},\"headline\":\"The House I Dream Of\",\"datePublished\":\"2014-05-23T06:50:03+00:00\",\"dateModified\":\"2017-12-12T18:55:39+00:00\",\"mainEntityOfPage\":{\"@id\":\"https:\\\/\\\/veredes.es\\\/blog\\\/the-house-i-dream-of\\\/\"},\"wordCount\":928,\"commentCount\":0,\"publisher\":{\"@id\":\"https:\\\/\\\/veredes.es\\\/blog\\\/#organization\"},\"image\":{\"@id\":\"https:\\\/\\\/veredes.es\\\/blog\\\/the-house-i-dream-of\\\/#primaryimage\"},\"thumbnailUrl\":\"https:\\\/\\\/veredes.es\\\/blog\\\/wp-content\\\/uploads\\\/2014\\\/05\\\/TheHouseIDreamOf.jpg\",\"keywords\":[\"arquitectura catalana\",\"arquitectura espa\u00f1ola\",\"Barcelona\",\"convocatoria\",\"curso\",\"dibujar\",\"educaci\u00f3n\",\"esarq-uic\",\"estudiante\",\"exposici\u00f3n\",\"taller\"],\"articleSection\":[\"convocatorias\",\"cursos-talleres\",\"eventos\"],\"inLanguage\":\"es\",\"potentialAction\":[{\"@type\":\"CommentAction\",\"name\":\"Comment\",\"target\":[\"https:\\\/\\\/veredes.es\\\/blog\\\/the-house-i-dream-of\\\/#respond\"]}]},{\"@type\":\"WebPage\",\"@id\":\"https:\\\/\\\/veredes.es\\\/blog\\\/the-house-i-dream-of\\\/\",\"url\":\"https:\\\/\\\/veredes.es\\\/blog\\\/the-house-i-dream-of\\\/\",\"name\":\"The House I Dream OfThe House I Dream OfThe House I Dream Of - veredes\",\"isPartOf\":{\"@id\":\"https:\\\/\\\/veredes.es\\\/blog\\\/#website\"},\"primaryImageOfPage\":{\"@id\":\"https:\\\/\\\/veredes.es\\\/blog\\\/the-house-i-dream-of\\\/#primaryimage\"},\"image\":{\"@id\":\"https:\\\/\\\/veredes.es\\\/blog\\\/the-house-i-dream-of\\\/#primaryimage\"},\"thumbnailUrl\":\"https:\\\/\\\/veredes.es\\\/blog\\\/wp-content\\\/uploads\\\/2014\\\/05\\\/TheHouseIDreamOf.jpg\",\"datePublished\":\"2014-05-23T06:50:03+00:00\",\"dateModified\":\"2017-12-12T18:55:39+00:00\",\"description\":\"Toda la informaci\u00f3n sobre: The House I Dream OfThe House I Dream OfThe House I Dream Of\",\"breadcrumb\":{\"@id\":\"https:\\\/\\\/veredes.es\\\/blog\\\/the-house-i-dream-of\\\/#breadcrumb\"},\"inLanguage\":\"es\",\"potentialAction\":[{\"@type\":\"ReadAction\",\"target\":[\"https:\\\/\\\/veredes.es\\\/blog\\\/the-house-i-dream-of\\\/\"]}]},{\"@type\":\"ImageObject\",\"inLanguage\":\"es\",\"@id\":\"https:\\\/\\\/veredes.es\\\/blog\\\/the-house-i-dream-of\\\/#primaryimage\",\"url\":\"https:\\\/\\\/veredes.es\\\/blog\\\/wp-content\\\/uploads\\\/2014\\\/05\\\/TheHouseIDreamOf.jpg\",\"contentUrl\":\"https:\\\/\\\/veredes.es\\\/blog\\\/wp-content\\\/uploads\\\/2014\\\/05\\\/TheHouseIDreamOf.jpg\",\"width\":\"620\",\"height\":\"196\"},{\"@type\":\"BreadcrumbList\",\"@id\":\"https:\\\/\\\/veredes.es\\\/blog\\\/the-house-i-dream-of\\\/#breadcrumb\",\"itemListElement\":[{\"@type\":\"ListItem\",\"position\":1,\"name\":\"Portada\",\"item\":\"https:\\\/\\\/veredes.es\\\/blog\\\/\"},{\"@type\":\"ListItem\",\"position\":2,\"name\":\"The House I Dream Of\"}]},{\"@type\":\"WebSite\",\"@id\":\"https:\\\/\\\/veredes.es\\\/blog\\\/#website\",\"url\":\"https:\\\/\\\/veredes.es\\\/blog\\\/\",\"name\":\"veredes, arquitectura y divulgaci\u00f3n\",\"description\":\"veredes\",\"publisher\":{\"@id\":\"https:\\\/\\\/veredes.es\\\/blog\\\/#organization\"},\"alternateName\":\"veredes\",\"potentialAction\":[{\"@type\":\"SearchAction\",\"target\":{\"@type\":\"EntryPoint\",\"urlTemplate\":\"https:\\\/\\\/veredes.es\\\/blog\\\/?s={search_term_string}\"},\"query-input\":{\"@type\":\"PropertyValueSpecification\",\"valueRequired\":true,\"valueName\":\"search_term_string\"}}],\"inLanguage\":\"es\"},{\"@type\":\"Organization\",\"@id\":\"https:\\\/\\\/veredes.es\\\/blog\\\/#organization\",\"name\":\"veredes, arquitectura y divulgaci\u00f3n\",\"alternateName\":\"veredes\",\"url\":\"https:\\\/\\\/veredes.es\\\/blog\\\/\",\"logo\":{\"@type\":\"ImageObject\",\"inLanguage\":\"es\",\"@id\":\"https:\\\/\\\/veredes.es\\\/blog\\\/#\\\/schema\\\/logo\\\/image\\\/\",\"url\":\"https:\\\/\\\/veredes.es\\\/blog\\\/wp-content\\\/uploads\\\/2021\\\/12\\\/veredes-logo-centrado_140x54.png\",\"contentUrl\":\"https:\\\/\\\/veredes.es\\\/blog\\\/wp-content\\\/uploads\\\/2021\\\/12\\\/veredes-logo-centrado_140x54.png\",\"width\":140,\"height\":54,\"caption\":\"veredes, arquitectura y divulgaci\u00f3n\"},\"image\":{\"@id\":\"https:\\\/\\\/veredes.es\\\/blog\\\/#\\\/schema\\\/logo\\\/image\\\/\"},\"sameAs\":[\"https:\\\/\\\/www.facebook.com\\\/veredesArquitecturayDivulgacion\\\/\",\"https:\\\/\\\/x.com\\\/veredes\",\"https:\\\/\\\/instagram.com\\\/veredes\\\/\",\"https:\\\/\\\/www.linkedin.com\\\/company\\\/veredes-arquitectura-y-divulgacion\\\/\",\"https:\\\/\\\/es.pinterest.com\\\/veredes\\\/\",\"https:\\\/\\\/www.tumblr.com\\\/veredes\"]},{\"@type\":\"Person\",\"@id\":\"https:\\\/\\\/veredes.es\\\/blog\\\/#\\\/schema\\\/person\\\/0bbb669073ef7faba5168a0844e93d2c\",\"name\":\"veredes\",\"image\":{\"@type\":\"ImageObject\",\"inLanguage\":\"es\",\"@id\":\"https:\\\/\\\/veredes.es\\\/blog\\\/wp-content\\\/uploads\\\/2018\\\/04\\\/face-96x96.jpg\",\"url\":\"https:\\\/\\\/veredes.es\\\/blog\\\/wp-content\\\/uploads\\\/2018\\\/04\\\/face-96x96.jpg\",\"contentUrl\":\"https:\\\/\\\/veredes.es\\\/blog\\\/wp-content\\\/uploads\\\/2018\\\/04\\\/face-96x96.jpg\",\"caption\":\"veredes\"},\"description\":\"Surge enero de 2009 como b\u00fasqueda de satisfacer el conocimiento de la actividad arquitect\u00f3nica y tangentes que se generan. La idea es crear un espacio para divulgar los diversos proyectos en busca de nueva inspiraci\u00f3n y de intercambio.\",\"sameAs\":[\"https:\\\/\\\/veredes.es\\\/\",\"https:\\\/\\\/www.facebook.com\\\/veredesArquitecturayDivulgacion\\\/\",\"https:\\\/\\\/www.instagram.com\\\/veredes\\\/\",\"https:\\\/\\\/www.linkedin.com\\\/company\\\/veredes-arquitectura-y-divulgacion\\\/\",\"https:\\\/\\\/www.pinterest.es\\\/veredes\\\/\",\"https:\\\/\\\/x.com\\\/https:\\\/\\\/twitter.com\\\/veredes\",\"https:\\\/\\\/veredes.tumblr.com\\\/\"],\"url\":\"https:\\\/\\\/veredes.es\\\/blog\\\/author\\\/alberto\\\/\"}]}<\/script>\n<!-- \/ Yoast SEO plugin. -->","yoast_head_json":{"title":"The House I Dream OfThe House I Dream OfThe House I Dream Of - veredes","description":"Toda la informaci\u00f3n sobre: The House I Dream OfThe House I Dream OfThe House I Dream Of","robots":{"index":"index","follow":"follow","max-snippet":"max-snippet:-1","max-image-preview":"max-image-preview:large","max-video-preview":"max-video-preview:-1"},"canonical":"https:\/\/veredes.es\/blog\/the-house-i-dream-of\/","og_locale":"es_ES","og_type":"article","og_title":"The House I Dream OfThe House I Dream OfThe House I Dream Of - veredes","og_description":"Toda la informaci\u00f3n sobre: The House I Dream OfThe House I Dream OfThe House I Dream Of","og_url":"https:\/\/veredes.es\/blog\/the-house-i-dream-of\/","og_site_name":"veredes, arquitectura y divulgaci\u00f3n","article_publisher":"https:\/\/www.facebook.com\/veredesArquitecturayDivulgacion\/","article_author":"https:\/\/www.facebook.com\/veredesArquitecturayDivulgacion\/","article_published_time":"2014-05-23T06:50:03+00:00","article_modified_time":"2017-12-12T18:55:39+00:00","og_image":[{"width":620,"height":196,"url":"https:\/\/veredes.es\/blog\/wp-content\/uploads\/2014\/05\/TheHouseIDreamOf.jpg","type":"image\/jpeg"}],"author":"veredes","twitter_card":"summary_large_image","twitter_creator":"@https:\/\/twitter.com\/veredes","twitter_site":"@veredes","twitter_misc":{"Escrito por":"veredes","Tiempo de lectura":"5 minutos"},"schema":{"@context":"https:\/\/schema.org","@graph":[{"@type":"Article","@id":"https:\/\/veredes.es\/blog\/the-house-i-dream-of\/#article","isPartOf":{"@id":"https:\/\/veredes.es\/blog\/the-house-i-dream-of\/"},"author":{"name":"veredes","@id":"https:\/\/veredes.es\/blog\/#\/schema\/person\/0bbb669073ef7faba5168a0844e93d2c"},"headline":"The House I Dream Of","datePublished":"2014-05-23T06:50:03+00:00","dateModified":"2017-12-12T18:55:39+00:00","mainEntityOfPage":{"@id":"https:\/\/veredes.es\/blog\/the-house-i-dream-of\/"},"wordCount":928,"commentCount":0,"publisher":{"@id":"https:\/\/veredes.es\/blog\/#organization"},"image":{"@id":"https:\/\/veredes.es\/blog\/the-house-i-dream-of\/#primaryimage"},"thumbnailUrl":"https:\/\/veredes.es\/blog\/wp-content\/uploads\/2014\/05\/TheHouseIDreamOf.jpg","keywords":["arquitectura catalana","arquitectura espa\u00f1ola","Barcelona","convocatoria","curso","dibujar","educaci\u00f3n","esarq-uic","estudiante","exposici\u00f3n","taller"],"articleSection":["convocatorias","cursos-talleres","eventos"],"inLanguage":"es","potentialAction":[{"@type":"CommentAction","name":"Comment","target":["https:\/\/veredes.es\/blog\/the-house-i-dream-of\/#respond"]}]},{"@type":"WebPage","@id":"https:\/\/veredes.es\/blog\/the-house-i-dream-of\/","url":"https:\/\/veredes.es\/blog\/the-house-i-dream-of\/","name":"The House I Dream OfThe House I Dream OfThe House I Dream Of - veredes","isPartOf":{"@id":"https:\/\/veredes.es\/blog\/#website"},"primaryImageOfPage":{"@id":"https:\/\/veredes.es\/blog\/the-house-i-dream-of\/#primaryimage"},"image":{"@id":"https:\/\/veredes.es\/blog\/the-house-i-dream-of\/#primaryimage"},"thumbnailUrl":"https:\/\/veredes.es\/blog\/wp-content\/uploads\/2014\/05\/TheHouseIDreamOf.jpg","datePublished":"2014-05-23T06:50:03+00:00","dateModified":"2017-12-12T18:55:39+00:00","description":"Toda la informaci\u00f3n sobre: The House I Dream OfThe House I Dream OfThe House I Dream Of","breadcrumb":{"@id":"https:\/\/veredes.es\/blog\/the-house-i-dream-of\/#breadcrumb"},"inLanguage":"es","potentialAction":[{"@type":"ReadAction","target":["https:\/\/veredes.es\/blog\/the-house-i-dream-of\/"]}]},{"@type":"ImageObject","inLanguage":"es","@id":"https:\/\/veredes.es\/blog\/the-house-i-dream-of\/#primaryimage","url":"https:\/\/veredes.es\/blog\/wp-content\/uploads\/2014\/05\/TheHouseIDreamOf.jpg","contentUrl":"https:\/\/veredes.es\/blog\/wp-content\/uploads\/2014\/05\/TheHouseIDreamOf.jpg","width":"620","height":"196"},{"@type":"BreadcrumbList","@id":"https:\/\/veredes.es\/blog\/the-house-i-dream-of\/#breadcrumb","itemListElement":[{"@type":"ListItem","position":1,"name":"Portada","item":"https:\/\/veredes.es\/blog\/"},{"@type":"ListItem","position":2,"name":"The House I Dream Of"}]},{"@type":"WebSite","@id":"https:\/\/veredes.es\/blog\/#website","url":"https:\/\/veredes.es\/blog\/","name":"veredes, arquitectura y divulgaci\u00f3n","description":"veredes","publisher":{"@id":"https:\/\/veredes.es\/blog\/#organization"},"alternateName":"veredes","potentialAction":[{"@type":"SearchAction","target":{"@type":"EntryPoint","urlTemplate":"https:\/\/veredes.es\/blog\/?s={search_term_string}"},"query-input":{"@type":"PropertyValueSpecification","valueRequired":true,"valueName":"search_term_string"}}],"inLanguage":"es"},{"@type":"Organization","@id":"https:\/\/veredes.es\/blog\/#organization","name":"veredes, arquitectura y divulgaci\u00f3n","alternateName":"veredes","url":"https:\/\/veredes.es\/blog\/","logo":{"@type":"ImageObject","inLanguage":"es","@id":"https:\/\/veredes.es\/blog\/#\/schema\/logo\/image\/","url":"https:\/\/veredes.es\/blog\/wp-content\/uploads\/2021\/12\/veredes-logo-centrado_140x54.png","contentUrl":"https:\/\/veredes.es\/blog\/wp-content\/uploads\/2021\/12\/veredes-logo-centrado_140x54.png","width":140,"height":54,"caption":"veredes, arquitectura y divulgaci\u00f3n"},"image":{"@id":"https:\/\/veredes.es\/blog\/#\/schema\/logo\/image\/"},"sameAs":["https:\/\/www.facebook.com\/veredesArquitecturayDivulgacion\/","https:\/\/x.com\/veredes","https:\/\/instagram.com\/veredes\/","https:\/\/www.linkedin.com\/company\/veredes-arquitectura-y-divulgacion\/","https:\/\/es.pinterest.com\/veredes\/","https:\/\/www.tumblr.com\/veredes"]},{"@type":"Person","@id":"https:\/\/veredes.es\/blog\/#\/schema\/person\/0bbb669073ef7faba5168a0844e93d2c","name":"veredes","image":{"@type":"ImageObject","inLanguage":"es","@id":"https:\/\/veredes.es\/blog\/wp-content\/uploads\/2018\/04\/face-96x96.jpg","url":"https:\/\/veredes.es\/blog\/wp-content\/uploads\/2018\/04\/face-96x96.jpg","contentUrl":"https:\/\/veredes.es\/blog\/wp-content\/uploads\/2018\/04\/face-96x96.jpg","caption":"veredes"},"description":"Surge enero de 2009 como b\u00fasqueda de satisfacer el conocimiento de la actividad arquitect\u00f3nica y tangentes que se generan. La idea es crear un espacio para divulgar los diversos proyectos en busca de nueva inspiraci\u00f3n y de intercambio.","sameAs":["https:\/\/veredes.es\/","https:\/\/www.facebook.com\/veredesArquitecturayDivulgacion\/","https:\/\/www.instagram.com\/veredes\/","https:\/\/www.linkedin.com\/company\/veredes-arquitectura-y-divulgacion\/","https:\/\/www.pinterest.es\/veredes\/","https:\/\/x.com\/https:\/\/twitter.com\/veredes","https:\/\/veredes.tumblr.com\/"],"url":"https:\/\/veredes.es\/blog\/author\/alberto\/"}]}},"_links":{"self":[{"href":"https:\/\/veredes.es\/blog\/wp-json\/wp\/v2\/posts\/45232","targetHints":{"allow":["GET"]}}],"collection":[{"href":"https:\/\/veredes.es\/blog\/wp-json\/wp\/v2\/posts"}],"about":[{"href":"https:\/\/veredes.es\/blog\/wp-json\/wp\/v2\/types\/post"}],"author":[{"embeddable":true,"href":"https:\/\/veredes.es\/blog\/wp-json\/wp\/v2\/users\/2"}],"replies":[{"embeddable":true,"href":"https:\/\/veredes.es\/blog\/wp-json\/wp\/v2\/comments?post=45232"}],"version-history":[{"count":0,"href":"https:\/\/veredes.es\/blog\/wp-json\/wp\/v2\/posts\/45232\/revisions"}],"wp:featuredmedia":[{"embeddable":true,"href":"https:\/\/veredes.es\/blog\/wp-json\/wp\/v2\/media\/45233"}],"wp:attachment":[{"href":"https:\/\/veredes.es\/blog\/wp-json\/wp\/v2\/media?parent=45232"}],"wp:term":[{"taxonomy":"category","embeddable":true,"href":"https:\/\/veredes.es\/blog\/wp-json\/wp\/v2\/categories?post=45232"},{"taxonomy":"post_tag","embeddable":true,"href":"https:\/\/veredes.es\/blog\/wp-json\/wp\/v2\/tags?post=45232"}],"curies":[{"name":"wp","href":"https:\/\/api.w.org\/{rel}","templated":true}]}}