{"id":44982,"date":"2014-05-21T06:14:05","date_gmt":"2014-05-21T06:14:05","guid":{"rendered":"http:\/\/veredes.es\/blog\/?p=44982"},"modified":"2015-09-22T18:03:11","modified_gmt":"2015-09-22T16:03:11","slug":"fundacion-del-espanol-urgente-fundeu-bbva","status":"publish","type":"post","link":"https:\/\/veredes.es\/blog\/fundacion-del-espanol-urgente-fundeu-bbva\/","title":{"rendered":"Fundaci\u00f3n del Espa\u00f1ol Urgente. Fund\u00e9u BBVA"},"content":{"rendered":"<p><\/p>\n<p style=\"text-align: justify;\"><a href=\"http:\/\/veredes.es\/blog\/wp-content\/uploads\/2014\/05\/2141200_n_vir1.jpg\"><img loading=\"lazy\" decoding=\"async\" class=\"alignnone size-full wp-image-44983\" title=\"2141200_n_vir1\" src=\"http:\/\/veredes.es\/blog\/wp-content\/uploads\/2014\/05\/2141200_n_vir1.jpg\" alt=\"\" width=\"620\" height=\"350\" srcset=\"https:\/\/veredes.es\/blog\/wp-content\/uploads\/2014\/05\/2141200_n_vir1.jpg 620w, https:\/\/veredes.es\/blog\/wp-content\/uploads\/2014\/05\/2141200_n_vir1-300x169.jpg 300w\" sizes=\"auto, (max-width: 620px) 100vw, 620px\" \/><\/a><\/p>\n<p style=\"text-align: justify;\">La Fundaci\u00f3n del Espa\u00f1ol Urgente \u2014Fund\u00e9u BBVA\u2014 es una instituci\u00f3n sin \u00e1nimo de lucro que tiene como principal objetivo impulsar el buen uso del espa\u00f1ol en los medios de comunicaci\u00f3n. Nacida en el a\u00f1o 2005 fruto de un acuerdo entre la Agencia Efe y el banco BBVA, trabaja asesorada por la Real Academia Espa\u00f1ola.<\/p>\n<p style=\"text-align: justify;\">Mediante recomendaciones diarias y respuestas a las consultas que recibimos, pretendemos ser una herramienta que ayude a todos aquellos que utilizan el idioma en su trabajo diario.<\/p>\n<p style=\"text-align: justify;\">El equipo de la Fund\u00e9u BBVA est\u00e1 formado por periodistas, ling\u00fcistas, lexic\u00f3grafos, ortotip\u00f3grafos, correctores y traductores.<\/p>\n<p style=\"text-align: justify;\">Desde 2011 contamos con una red de colaboradores en la Argentina, Chile, Colombia y el Per\u00fa que \u00a0elaboran recomendaciones ajustadas a la actualidad informativa y a las peculiaridades ling\u00fc\u00edsticas de sus pa\u00edses.<\/p>\n<p><iframe loading=\"lazy\" title=\"Fundaci\u00f3n del Espa\u00f1ol Urgente (Fund\u00e9u BBVA)\" width=\"696\" height=\"392\" src=\"https:\/\/www.youtube.com\/embed\/rLMe-aMqL94?feature=oembed\" frameborder=\"0\" allow=\"accelerometer; autoplay; clipboard-write; encrypted-media; gyroscope; picture-in-picture\" allowfullscreen><\/iframe><\/p>\n<p style=\"text-align: justify;\"><a href=\"http:\/\/www.fundeu.es\/\" target=\"_blank\"><span style=\"color: #888888;\">+ info<\/span><\/a><\/p>\n<p><\/p>","protected":false},"excerpt":{"rendered":"<p>La Fundaci\u00f3n del Espa\u00f1ol Urgente \u2014Fund\u00e9u BBVA\u2014 es una instituci\u00f3n sin \u00e1nimo de lucro que tiene como principal objetivo impulsar el buen uso del espa\u00f1ol en los medios de comunicaci\u00f3n. Nacida en el a\u00f1o 2005 fruto de un acuerdo entre la Agencia Efe y el banco BBVA, trabaja asesorada por la Real Academia Espa\u00f1ola. Mediante [&hellip;]<\/p>\n","protected":false},"author":2,"featured_media":44983,"comment_status":"open","ping_status":"closed","sticky":false,"template":"","format":"standard","meta":{"footnotes":""},"categories":[10089,5951],"tags":[12478,10409,10407,10408,10401,1842,10418,10412,737,10405,10403,10402,10406,789,10415,10420,10419,10414,10416,10413,10411,10404,10417,10410],"class_list":{"0":"post-44982","1":"post","2":"type-post","3":"status-publish","4":"format-standard","5":"has-post-thumbnail","7":"category-aparejo","8":"category-slider-principal","9":"tag-aparejo","10":"tag-celia-villar-rodriguez","11":"tag-david-gallego-barbeyto","12":"tag-fernando-de-la-orden-osuna","13":"tag-fundeu-bbva","14":"tag-gratis","15":"tag-gregorio-salvador-caja","16":"tag-humberto-lopez-morales","17":"tag-investigacion","18":"tag-javier-bezos-lopez","19":"tag-javier-lascurain-sanchez","20":"tag-joaquin-muller-thyssen-bergareche","21":"tag-judith-gonzalez-ferran","22":"tag-lenguaje","23":"tag-leonardo-gomez-torrego","24":"tag-manuel-conthe","25":"tag-mario-tascon","26":"tag-pilar-garcia-mouton","27":"tag-salvador-gutierrez-ordonez","28":"tag-soledad-gallego-diaz","29":"tag-victor-garcia-de-la-concha","30":"tag-victoria-alcazar-sanchez","31":"tag-victoria-prego","32":"tag-yolanda-tejado-sanchez"},"yoast_head":"<!-- This site is optimized with the Yoast SEO plugin v27.4 - https:\/\/yoast.com\/product\/yoast-seo-wordpress\/ -->\n<title>Fundaci\u00f3n del Espa\u00f1ol Urgente. Fund\u00e9u BBVA<\/title>\n<meta name=\"description\" content=\"Toda la informaci\u00f3n sobre: Fundaci\u00f3n del Espa\u00f1ol Urgente. Fund\u00e9u BBVA Fundaci\u00f3n do Castel\u00e1n Urxente. Fund\u00e9u BBVA Urgent Spanish Foundation. Fund\u00e9u BBVA\" \/>\n<meta name=\"robots\" content=\"index, follow, max-snippet:-1, max-image-preview:large, max-video-preview:-1\" \/>\n<link rel=\"canonical\" href=\"https:\/\/veredes.es\/blog\/fundacion-del-espanol-urgente-fundeu-bbva\/\" \/>\n<meta property=\"og:locale\" content=\"es_ES\" \/>\n<meta property=\"og:type\" content=\"article\" \/>\n<meta property=\"og:title\" content=\"Fundaci\u00f3n del Espa\u00f1ol Urgente. Fund\u00e9u BBVA\" \/>\n<meta property=\"og:description\" content=\"Toda la informaci\u00f3n sobre: Fundaci\u00f3n del Espa\u00f1ol Urgente. Fund\u00e9u BBVA Fundaci\u00f3n do Castel\u00e1n Urxente. Fund\u00e9u BBVA Urgent Spanish Foundation. Fund\u00e9u BBVA\" \/>\n<meta property=\"og:url\" content=\"https:\/\/veredes.es\/blog\/fundacion-del-espanol-urgente-fundeu-bbva\/\" \/>\n<meta property=\"og:site_name\" content=\"veredes, arquitectura y divulgaci\u00f3n\" \/>\n<meta property=\"article:publisher\" content=\"https:\/\/www.facebook.com\/veredesArquitecturayDivulgacion\/\" \/>\n<meta property=\"article:author\" content=\"https:\/\/www.facebook.com\/veredesArquitecturayDivulgacion\/\" \/>\n<meta property=\"article:published_time\" content=\"2014-05-21T06:14:05+00:00\" \/>\n<meta property=\"article:modified_time\" content=\"2015-09-22T16:03:11+00:00\" \/>\n<meta property=\"og:image\" content=\"https:\/\/veredes.es\/blog\/wp-content\/uploads\/2014\/05\/2141200_n_vir1.jpg\" \/>\n\t<meta property=\"og:image:width\" content=\"620\" \/>\n\t<meta property=\"og:image:height\" content=\"350\" \/>\n\t<meta property=\"og:image:type\" content=\"image\/jpeg\" \/>\n<meta name=\"author\" content=\"veredes\" \/>\n<meta name=\"twitter:card\" content=\"summary_large_image\" \/>\n<meta name=\"twitter:creator\" content=\"@https:\/\/twitter.com\/veredes\" \/>\n<meta name=\"twitter:site\" content=\"@veredes\" \/>\n<meta name=\"twitter:label1\" content=\"Escrito por\" \/>\n\t<meta name=\"twitter:data1\" content=\"veredes\" \/>\n\t<meta name=\"twitter:label2\" content=\"Tiempo de lectura\" \/>\n\t<meta name=\"twitter:data2\" content=\"2 minutos\" \/>\n<script type=\"application\/ld+json\" class=\"yoast-schema-graph\">{\"@context\":\"https:\\\/\\\/schema.org\",\"@graph\":[{\"@type\":\"Article\",\"@id\":\"https:\\\/\\\/veredes.es\\\/blog\\\/fundacion-del-espanol-urgente-fundeu-bbva\\\/#article\",\"isPartOf\":{\"@id\":\"https:\\\/\\\/veredes.es\\\/blog\\\/fundacion-del-espanol-urgente-fundeu-bbva\\\/\"},\"author\":{\"name\":\"veredes\",\"@id\":\"https:\\\/\\\/veredes.es\\\/blog\\\/#\\\/schema\\\/person\\\/0bbb669073ef7faba5168a0844e93d2c\"},\"headline\":\"Fundaci\u00f3n del Espa\u00f1ol Urgente. Fund\u00e9u BBVA\",\"datePublished\":\"2014-05-21T06:14:05+00:00\",\"dateModified\":\"2015-09-22T16:03:11+00:00\",\"mainEntityOfPage\":{\"@id\":\"https:\\\/\\\/veredes.es\\\/blog\\\/fundacion-del-espanol-urgente-fundeu-bbva\\\/\"},\"wordCount\":441,\"commentCount\":0,\"publisher\":{\"@id\":\"https:\\\/\\\/veredes.es\\\/blog\\\/#organization\"},\"image\":{\"@id\":\"https:\\\/\\\/veredes.es\\\/blog\\\/fundacion-del-espanol-urgente-fundeu-bbva\\\/#primaryimage\"},\"thumbnailUrl\":\"https:\\\/\\\/veredes.es\\\/blog\\\/wp-content\\\/uploads\\\/2014\\\/05\\\/2141200_n_vir1.jpg\",\"keywords\":[\"aparejo\",\"celia villar rodr\u00edguez\",\"david gallego barbeyto\",\"fernando de la orden osuna\",\"fund\u00e9u bbva\",\"gratis\",\"gregorio salvador caja\",\"humberto l\u00f3pez morales\",\"investigaci\u00f3n\",\"javier bezos l\u00f3pez\",\"javier lascurain s\u00e1nchez\",\"joaqu\u00edn muller-thyssen bergareche\",\"judith gonz\u00e1lez ferr\u00e1n\",\"lenguaje\",\"leonardo g\u00f3mez torrego\",\"manuel conthe\",\"mario tasc\u00f3n\",\"pilar garc\u00eda mouton\",\"salvador guti\u00e9rrez ord\u00f3\u00f1ez\",\"soledad gallego-d\u00edaz\",\"v\u00edctor garc\u00eda de la concha\",\"victoria alc\u00e1zar s\u00e1nchez\",\"victoria prego\",\"yolanda tejado s\u00e1nchez\"],\"articleSection\":[\"aparejo\",\"slider principal\"],\"inLanguage\":\"es\",\"potentialAction\":[{\"@type\":\"CommentAction\",\"name\":\"Comment\",\"target\":[\"https:\\\/\\\/veredes.es\\\/blog\\\/fundacion-del-espanol-urgente-fundeu-bbva\\\/#respond\"]}]},{\"@type\":\"WebPage\",\"@id\":\"https:\\\/\\\/veredes.es\\\/blog\\\/fundacion-del-espanol-urgente-fundeu-bbva\\\/\",\"url\":\"https:\\\/\\\/veredes.es\\\/blog\\\/fundacion-del-espanol-urgente-fundeu-bbva\\\/\",\"name\":\"Fundaci\u00f3n del Espa\u00f1ol Urgente. Fund\u00e9u BBVA\",\"isPartOf\":{\"@id\":\"https:\\\/\\\/veredes.es\\\/blog\\\/#website\"},\"primaryImageOfPage\":{\"@id\":\"https:\\\/\\\/veredes.es\\\/blog\\\/fundacion-del-espanol-urgente-fundeu-bbva\\\/#primaryimage\"},\"image\":{\"@id\":\"https:\\\/\\\/veredes.es\\\/blog\\\/fundacion-del-espanol-urgente-fundeu-bbva\\\/#primaryimage\"},\"thumbnailUrl\":\"https:\\\/\\\/veredes.es\\\/blog\\\/wp-content\\\/uploads\\\/2014\\\/05\\\/2141200_n_vir1.jpg\",\"datePublished\":\"2014-05-21T06:14:05+00:00\",\"dateModified\":\"2015-09-22T16:03:11+00:00\",\"description\":\"Toda la informaci\u00f3n sobre: Fundaci\u00f3n del Espa\u00f1ol Urgente. Fund\u00e9u BBVA Fundaci\u00f3n do Castel\u00e1n Urxente. Fund\u00e9u BBVA Urgent Spanish Foundation. Fund\u00e9u BBVA\",\"breadcrumb\":{\"@id\":\"https:\\\/\\\/veredes.es\\\/blog\\\/fundacion-del-espanol-urgente-fundeu-bbva\\\/#breadcrumb\"},\"inLanguage\":\"es\",\"potentialAction\":[{\"@type\":\"ReadAction\",\"target\":[\"https:\\\/\\\/veredes.es\\\/blog\\\/fundacion-del-espanol-urgente-fundeu-bbva\\\/\"]}]},{\"@type\":\"ImageObject\",\"inLanguage\":\"es\",\"@id\":\"https:\\\/\\\/veredes.es\\\/blog\\\/fundacion-del-espanol-urgente-fundeu-bbva\\\/#primaryimage\",\"url\":\"https:\\\/\\\/veredes.es\\\/blog\\\/wp-content\\\/uploads\\\/2014\\\/05\\\/2141200_n_vir1.jpg\",\"contentUrl\":\"https:\\\/\\\/veredes.es\\\/blog\\\/wp-content\\\/uploads\\\/2014\\\/05\\\/2141200_n_vir1.jpg\",\"width\":\"620\",\"height\":\"350\"},{\"@type\":\"BreadcrumbList\",\"@id\":\"https:\\\/\\\/veredes.es\\\/blog\\\/fundacion-del-espanol-urgente-fundeu-bbva\\\/#breadcrumb\",\"itemListElement\":[{\"@type\":\"ListItem\",\"position\":1,\"name\":\"Portada\",\"item\":\"https:\\\/\\\/veredes.es\\\/blog\\\/\"},{\"@type\":\"ListItem\",\"position\":2,\"name\":\"Fundaci\u00f3n del Espa\u00f1ol Urgente. Fund\u00e9u BBVA\"}]},{\"@type\":\"WebSite\",\"@id\":\"https:\\\/\\\/veredes.es\\\/blog\\\/#website\",\"url\":\"https:\\\/\\\/veredes.es\\\/blog\\\/\",\"name\":\"veredes, arquitectura y divulgaci\u00f3n\",\"description\":\"veredes\",\"publisher\":{\"@id\":\"https:\\\/\\\/veredes.es\\\/blog\\\/#organization\"},\"alternateName\":\"veredes\",\"potentialAction\":[{\"@type\":\"SearchAction\",\"target\":{\"@type\":\"EntryPoint\",\"urlTemplate\":\"https:\\\/\\\/veredes.es\\\/blog\\\/?s={search_term_string}\"},\"query-input\":{\"@type\":\"PropertyValueSpecification\",\"valueRequired\":true,\"valueName\":\"search_term_string\"}}],\"inLanguage\":\"es\"},{\"@type\":\"Organization\",\"@id\":\"https:\\\/\\\/veredes.es\\\/blog\\\/#organization\",\"name\":\"veredes, arquitectura y divulgaci\u00f3n\",\"alternateName\":\"veredes\",\"url\":\"https:\\\/\\\/veredes.es\\\/blog\\\/\",\"logo\":{\"@type\":\"ImageObject\",\"inLanguage\":\"es\",\"@id\":\"https:\\\/\\\/veredes.es\\\/blog\\\/#\\\/schema\\\/logo\\\/image\\\/\",\"url\":\"https:\\\/\\\/veredes.es\\\/blog\\\/wp-content\\\/uploads\\\/2021\\\/12\\\/veredes-logo-centrado_140x54.png\",\"contentUrl\":\"https:\\\/\\\/veredes.es\\\/blog\\\/wp-content\\\/uploads\\\/2021\\\/12\\\/veredes-logo-centrado_140x54.png\",\"width\":140,\"height\":54,\"caption\":\"veredes, arquitectura y divulgaci\u00f3n\"},\"image\":{\"@id\":\"https:\\\/\\\/veredes.es\\\/blog\\\/#\\\/schema\\\/logo\\\/image\\\/\"},\"sameAs\":[\"https:\\\/\\\/www.facebook.com\\\/veredesArquitecturayDivulgacion\\\/\",\"https:\\\/\\\/x.com\\\/veredes\",\"https:\\\/\\\/instagram.com\\\/veredes\\\/\",\"https:\\\/\\\/www.linkedin.com\\\/company\\\/veredes-arquitectura-y-divulgacion\\\/\",\"https:\\\/\\\/es.pinterest.com\\\/veredes\\\/\",\"https:\\\/\\\/www.tumblr.com\\\/veredes\"]},{\"@type\":\"Person\",\"@id\":\"https:\\\/\\\/veredes.es\\\/blog\\\/#\\\/schema\\\/person\\\/0bbb669073ef7faba5168a0844e93d2c\",\"name\":\"veredes\",\"image\":{\"@type\":\"ImageObject\",\"inLanguage\":\"es\",\"@id\":\"https:\\\/\\\/veredes.es\\\/blog\\\/wp-content\\\/uploads\\\/2018\\\/04\\\/face-96x96.jpg\",\"url\":\"https:\\\/\\\/veredes.es\\\/blog\\\/wp-content\\\/uploads\\\/2018\\\/04\\\/face-96x96.jpg\",\"contentUrl\":\"https:\\\/\\\/veredes.es\\\/blog\\\/wp-content\\\/uploads\\\/2018\\\/04\\\/face-96x96.jpg\",\"caption\":\"veredes\"},\"description\":\"Surge enero de 2009 como b\u00fasqueda de satisfacer el conocimiento de la actividad arquitect\u00f3nica y tangentes que se generan. La idea es crear un espacio para divulgar los diversos proyectos en busca de nueva inspiraci\u00f3n y de intercambio.\",\"sameAs\":[\"https:\\\/\\\/veredes.es\\\/\",\"https:\\\/\\\/www.facebook.com\\\/veredesArquitecturayDivulgacion\\\/\",\"https:\\\/\\\/www.instagram.com\\\/veredes\\\/\",\"https:\\\/\\\/www.linkedin.com\\\/company\\\/veredes-arquitectura-y-divulgacion\\\/\",\"https:\\\/\\\/www.pinterest.es\\\/veredes\\\/\",\"https:\\\/\\\/x.com\\\/https:\\\/\\\/twitter.com\\\/veredes\",\"https:\\\/\\\/veredes.tumblr.com\\\/\"],\"url\":\"https:\\\/\\\/veredes.es\\\/blog\\\/author\\\/alberto\\\/\"}]}<\/script>\n<!-- \/ Yoast SEO plugin. -->","yoast_head_json":{"title":"Fundaci\u00f3n del Espa\u00f1ol Urgente. Fund\u00e9u BBVA","description":"Toda la informaci\u00f3n sobre: Fundaci\u00f3n del Espa\u00f1ol Urgente. Fund\u00e9u BBVA Fundaci\u00f3n do Castel\u00e1n Urxente. Fund\u00e9u BBVA Urgent Spanish Foundation. Fund\u00e9u BBVA","robots":{"index":"index","follow":"follow","max-snippet":"max-snippet:-1","max-image-preview":"max-image-preview:large","max-video-preview":"max-video-preview:-1"},"canonical":"https:\/\/veredes.es\/blog\/fundacion-del-espanol-urgente-fundeu-bbva\/","og_locale":"es_ES","og_type":"article","og_title":"Fundaci\u00f3n del Espa\u00f1ol Urgente. Fund\u00e9u BBVA","og_description":"Toda la informaci\u00f3n sobre: Fundaci\u00f3n del Espa\u00f1ol Urgente. Fund\u00e9u BBVA Fundaci\u00f3n do Castel\u00e1n Urxente. Fund\u00e9u BBVA Urgent Spanish Foundation. Fund\u00e9u BBVA","og_url":"https:\/\/veredes.es\/blog\/fundacion-del-espanol-urgente-fundeu-bbva\/","og_site_name":"veredes, arquitectura y divulgaci\u00f3n","article_publisher":"https:\/\/www.facebook.com\/veredesArquitecturayDivulgacion\/","article_author":"https:\/\/www.facebook.com\/veredesArquitecturayDivulgacion\/","article_published_time":"2014-05-21T06:14:05+00:00","article_modified_time":"2015-09-22T16:03:11+00:00","og_image":[{"width":620,"height":350,"url":"https:\/\/veredes.es\/blog\/wp-content\/uploads\/2014\/05\/2141200_n_vir1.jpg","type":"image\/jpeg"}],"author":"veredes","twitter_card":"summary_large_image","twitter_creator":"@https:\/\/twitter.com\/veredes","twitter_site":"@veredes","twitter_misc":{"Escrito por":"veredes","Tiempo de lectura":"2 minutos"},"schema":{"@context":"https:\/\/schema.org","@graph":[{"@type":"Article","@id":"https:\/\/veredes.es\/blog\/fundacion-del-espanol-urgente-fundeu-bbva\/#article","isPartOf":{"@id":"https:\/\/veredes.es\/blog\/fundacion-del-espanol-urgente-fundeu-bbva\/"},"author":{"name":"veredes","@id":"https:\/\/veredes.es\/blog\/#\/schema\/person\/0bbb669073ef7faba5168a0844e93d2c"},"headline":"Fundaci\u00f3n del Espa\u00f1ol Urgente. Fund\u00e9u BBVA","datePublished":"2014-05-21T06:14:05+00:00","dateModified":"2015-09-22T16:03:11+00:00","mainEntityOfPage":{"@id":"https:\/\/veredes.es\/blog\/fundacion-del-espanol-urgente-fundeu-bbva\/"},"wordCount":441,"commentCount":0,"publisher":{"@id":"https:\/\/veredes.es\/blog\/#organization"},"image":{"@id":"https:\/\/veredes.es\/blog\/fundacion-del-espanol-urgente-fundeu-bbva\/#primaryimage"},"thumbnailUrl":"https:\/\/veredes.es\/blog\/wp-content\/uploads\/2014\/05\/2141200_n_vir1.jpg","keywords":["aparejo","celia villar rodr\u00edguez","david gallego barbeyto","fernando de la orden osuna","fund\u00e9u bbva","gratis","gregorio salvador caja","humberto l\u00f3pez morales","investigaci\u00f3n","javier bezos l\u00f3pez","javier lascurain s\u00e1nchez","joaqu\u00edn muller-thyssen bergareche","judith gonz\u00e1lez ferr\u00e1n","lenguaje","leonardo g\u00f3mez torrego","manuel conthe","mario tasc\u00f3n","pilar garc\u00eda mouton","salvador guti\u00e9rrez ord\u00f3\u00f1ez","soledad gallego-d\u00edaz","v\u00edctor garc\u00eda de la concha","victoria alc\u00e1zar s\u00e1nchez","victoria prego","yolanda tejado s\u00e1nchez"],"articleSection":["aparejo","slider principal"],"inLanguage":"es","potentialAction":[{"@type":"CommentAction","name":"Comment","target":["https:\/\/veredes.es\/blog\/fundacion-del-espanol-urgente-fundeu-bbva\/#respond"]}]},{"@type":"WebPage","@id":"https:\/\/veredes.es\/blog\/fundacion-del-espanol-urgente-fundeu-bbva\/","url":"https:\/\/veredes.es\/blog\/fundacion-del-espanol-urgente-fundeu-bbva\/","name":"Fundaci\u00f3n del Espa\u00f1ol Urgente. Fund\u00e9u BBVA","isPartOf":{"@id":"https:\/\/veredes.es\/blog\/#website"},"primaryImageOfPage":{"@id":"https:\/\/veredes.es\/blog\/fundacion-del-espanol-urgente-fundeu-bbva\/#primaryimage"},"image":{"@id":"https:\/\/veredes.es\/blog\/fundacion-del-espanol-urgente-fundeu-bbva\/#primaryimage"},"thumbnailUrl":"https:\/\/veredes.es\/blog\/wp-content\/uploads\/2014\/05\/2141200_n_vir1.jpg","datePublished":"2014-05-21T06:14:05+00:00","dateModified":"2015-09-22T16:03:11+00:00","description":"Toda la informaci\u00f3n sobre: Fundaci\u00f3n del Espa\u00f1ol Urgente. Fund\u00e9u BBVA Fundaci\u00f3n do Castel\u00e1n Urxente. Fund\u00e9u BBVA Urgent Spanish Foundation. Fund\u00e9u BBVA","breadcrumb":{"@id":"https:\/\/veredes.es\/blog\/fundacion-del-espanol-urgente-fundeu-bbva\/#breadcrumb"},"inLanguage":"es","potentialAction":[{"@type":"ReadAction","target":["https:\/\/veredes.es\/blog\/fundacion-del-espanol-urgente-fundeu-bbva\/"]}]},{"@type":"ImageObject","inLanguage":"es","@id":"https:\/\/veredes.es\/blog\/fundacion-del-espanol-urgente-fundeu-bbva\/#primaryimage","url":"https:\/\/veredes.es\/blog\/wp-content\/uploads\/2014\/05\/2141200_n_vir1.jpg","contentUrl":"https:\/\/veredes.es\/blog\/wp-content\/uploads\/2014\/05\/2141200_n_vir1.jpg","width":"620","height":"350"},{"@type":"BreadcrumbList","@id":"https:\/\/veredes.es\/blog\/fundacion-del-espanol-urgente-fundeu-bbva\/#breadcrumb","itemListElement":[{"@type":"ListItem","position":1,"name":"Portada","item":"https:\/\/veredes.es\/blog\/"},{"@type":"ListItem","position":2,"name":"Fundaci\u00f3n del Espa\u00f1ol Urgente. Fund\u00e9u BBVA"}]},{"@type":"WebSite","@id":"https:\/\/veredes.es\/blog\/#website","url":"https:\/\/veredes.es\/blog\/","name":"veredes, arquitectura y divulgaci\u00f3n","description":"veredes","publisher":{"@id":"https:\/\/veredes.es\/blog\/#organization"},"alternateName":"veredes","potentialAction":[{"@type":"SearchAction","target":{"@type":"EntryPoint","urlTemplate":"https:\/\/veredes.es\/blog\/?s={search_term_string}"},"query-input":{"@type":"PropertyValueSpecification","valueRequired":true,"valueName":"search_term_string"}}],"inLanguage":"es"},{"@type":"Organization","@id":"https:\/\/veredes.es\/blog\/#organization","name":"veredes, arquitectura y divulgaci\u00f3n","alternateName":"veredes","url":"https:\/\/veredes.es\/blog\/","logo":{"@type":"ImageObject","inLanguage":"es","@id":"https:\/\/veredes.es\/blog\/#\/schema\/logo\/image\/","url":"https:\/\/veredes.es\/blog\/wp-content\/uploads\/2021\/12\/veredes-logo-centrado_140x54.png","contentUrl":"https:\/\/veredes.es\/blog\/wp-content\/uploads\/2021\/12\/veredes-logo-centrado_140x54.png","width":140,"height":54,"caption":"veredes, arquitectura y divulgaci\u00f3n"},"image":{"@id":"https:\/\/veredes.es\/blog\/#\/schema\/logo\/image\/"},"sameAs":["https:\/\/www.facebook.com\/veredesArquitecturayDivulgacion\/","https:\/\/x.com\/veredes","https:\/\/instagram.com\/veredes\/","https:\/\/www.linkedin.com\/company\/veredes-arquitectura-y-divulgacion\/","https:\/\/es.pinterest.com\/veredes\/","https:\/\/www.tumblr.com\/veredes"]},{"@type":"Person","@id":"https:\/\/veredes.es\/blog\/#\/schema\/person\/0bbb669073ef7faba5168a0844e93d2c","name":"veredes","image":{"@type":"ImageObject","inLanguage":"es","@id":"https:\/\/veredes.es\/blog\/wp-content\/uploads\/2018\/04\/face-96x96.jpg","url":"https:\/\/veredes.es\/blog\/wp-content\/uploads\/2018\/04\/face-96x96.jpg","contentUrl":"https:\/\/veredes.es\/blog\/wp-content\/uploads\/2018\/04\/face-96x96.jpg","caption":"veredes"},"description":"Surge enero de 2009 como b\u00fasqueda de satisfacer el conocimiento de la actividad arquitect\u00f3nica y tangentes que se generan. La idea es crear un espacio para divulgar los diversos proyectos en busca de nueva inspiraci\u00f3n y de intercambio.","sameAs":["https:\/\/veredes.es\/","https:\/\/www.facebook.com\/veredesArquitecturayDivulgacion\/","https:\/\/www.instagram.com\/veredes\/","https:\/\/www.linkedin.com\/company\/veredes-arquitectura-y-divulgacion\/","https:\/\/www.pinterest.es\/veredes\/","https:\/\/x.com\/https:\/\/twitter.com\/veredes","https:\/\/veredes.tumblr.com\/"],"url":"https:\/\/veredes.es\/blog\/author\/alberto\/"}]}},"_links":{"self":[{"href":"https:\/\/veredes.es\/blog\/wp-json\/wp\/v2\/posts\/44982","targetHints":{"allow":["GET"]}}],"collection":[{"href":"https:\/\/veredes.es\/blog\/wp-json\/wp\/v2\/posts"}],"about":[{"href":"https:\/\/veredes.es\/blog\/wp-json\/wp\/v2\/types\/post"}],"author":[{"embeddable":true,"href":"https:\/\/veredes.es\/blog\/wp-json\/wp\/v2\/users\/2"}],"replies":[{"embeddable":true,"href":"https:\/\/veredes.es\/blog\/wp-json\/wp\/v2\/comments?post=44982"}],"version-history":[{"count":0,"href":"https:\/\/veredes.es\/blog\/wp-json\/wp\/v2\/posts\/44982\/revisions"}],"wp:featuredmedia":[{"embeddable":true,"href":"https:\/\/veredes.es\/blog\/wp-json\/wp\/v2\/media\/44983"}],"wp:attachment":[{"href":"https:\/\/veredes.es\/blog\/wp-json\/wp\/v2\/media?parent=44982"}],"wp:term":[{"taxonomy":"category","embeddable":true,"href":"https:\/\/veredes.es\/blog\/wp-json\/wp\/v2\/categories?post=44982"},{"taxonomy":"post_tag","embeddable":true,"href":"https:\/\/veredes.es\/blog\/wp-json\/wp\/v2\/tags?post=44982"}],"curies":[{"name":"wp","href":"https:\/\/api.w.org\/{rel}","templated":true}]}}