{"id":42010,"date":"2014-05-06T06:10:52","date_gmt":"2014-05-06T06:10:52","guid":{"rendered":"http:\/\/veredes.es\/blog\/?p=42010"},"modified":"2015-02-06T15:09:31","modified_gmt":"2015-02-06T15:09:31","slug":"la-vajilla-ferradica","status":"publish","type":"post","link":"https:\/\/veredes.es\/blog\/la-vajilla-ferradica\/","title":{"rendered":"La vajilla Ferr\u00e1dica"},"content":{"rendered":"<p><\/p>\n<p style=\"text-align: justify;\">La vajilla Ferr\u00e1dica es el resultado de un proyecto de investigaci\u00f3n sobre soportes de degustaci\u00f3n para alta gastronom\u00eda. El proyecto es un encargo de Sargadelos, con la coordinaci\u00f3n de X\u00e8nia Vilad\u00e0s.<\/p>\n<p>http:\/\/vimeo.com\/cenlitros\/ferradica<\/p>","protected":false},"excerpt":{"rendered":"<p>La vajilla Ferr\u00e1dica es el resultado de un proyecto de investigaci\u00f3n sobre soportes de degustaci\u00f3n para alta gastronom\u00eda. El proyecto es un encargo de Sargadelos, con la coordinaci\u00f3n de X\u00e8nia Vilad\u00e0s. http:\/\/vimeo.com\/cenlitros\/ferradica<\/p>\n","protected":false},"author":2,"featured_media":43528,"comment_status":"open","ping_status":"closed","sticky":false,"template":"","format":"standard","meta":{"footnotes":""},"categories":[4854],"tags":[10302,12470,431,619,737,1564,3688,3202,1113,1707,12474,10281],"class_list":{"0":"post-42010","1":"post","2":"type-post","3":"status-publish","4":"format-standard","5":"has-post-thumbnail","7":"category-tv","8":"tag-cenlitros","9":"tag-diseno","10":"tag-diseno-industrial","11":"tag-galicia","12":"tag-investigacion","13":"tag-objeto","14":"tag-proceso-constructivo","15":"tag-proceso-creativo","16":"tag-proyecto","17":"tag-sargadelos","18":"tag-tv","19":"tag-xenia-viladas"},"yoast_head":"<!-- This site is optimized with the Yoast SEO plugin v27.5 - https:\/\/yoast.com\/product\/yoast-seo-wordpress\/ -->\n<title>La vajilla Ferr\u00e1dicaA vaixela Ferr\u00e1dicaThe china Ferr\u00e1dica - veredes<\/title>\n<meta name=\"description\" content=\"Toda la informaci\u00f3n sobre: La vajilla Ferr\u00e1dicaA vaixela Ferr\u00e1dicaThe china Ferr\u00e1dica\" \/>\n<meta name=\"robots\" content=\"index, follow, max-snippet:-1, max-image-preview:large, max-video-preview:-1\" \/>\n<link rel=\"canonical\" href=\"https:\/\/veredes.es\/blog\/la-vajilla-ferradica\/\" \/>\n<meta property=\"og:locale\" content=\"es_ES\" \/>\n<meta property=\"og:type\" content=\"article\" \/>\n<meta property=\"og:title\" content=\"La vajilla Ferr\u00e1dicaA vaixela Ferr\u00e1dicaThe china Ferr\u00e1dica - veredes\" \/>\n<meta property=\"og:description\" content=\"Toda la informaci\u00f3n sobre: La vajilla Ferr\u00e1dicaA vaixela Ferr\u00e1dicaThe china Ferr\u00e1dica\" \/>\n<meta property=\"og:url\" content=\"https:\/\/veredes.es\/blog\/la-vajilla-ferradica\/\" \/>\n<meta property=\"og:site_name\" content=\"veredes, arquitectura y divulgaci\u00f3n\" \/>\n<meta property=\"article:publisher\" content=\"https:\/\/www.facebook.com\/veredesArquitecturayDivulgacion\/\" \/>\n<meta property=\"article:author\" content=\"https:\/\/www.facebook.com\/veredesArquitecturayDivulgacion\/\" \/>\n<meta property=\"article:published_time\" content=\"2014-05-06T06:10:52+00:00\" \/>\n<meta property=\"article:modified_time\" content=\"2015-02-06T15:09:31+00:00\" \/>\n<meta property=\"og:image\" content=\"https:\/\/veredes.es\/blog\/wp-content\/uploads\/2014\/05\/la-vajilla-ferradica.jpg\" \/>\n\t<meta property=\"og:image:width\" content=\"1280\" \/>\n\t<meta property=\"og:image:height\" content=\"720\" \/>\n\t<meta property=\"og:image:type\" content=\"image\/jpeg\" \/>\n<meta name=\"author\" content=\"veredes\" \/>\n<meta name=\"twitter:card\" content=\"summary_large_image\" \/>\n<meta name=\"twitter:creator\" content=\"@https:\/\/twitter.com\/veredes\" \/>\n<meta name=\"twitter:site\" content=\"@veredes\" \/>\n<meta name=\"twitter:label1\" content=\"Escrito por\" \/>\n\t<meta name=\"twitter:data1\" content=\"veredes\" \/>\n\t<meta name=\"twitter:label2\" content=\"Tiempo de lectura\" \/>\n\t<meta name=\"twitter:data2\" content=\"1 minuto\" \/>\n<script type=\"application\/ld+json\" class=\"yoast-schema-graph\">{\"@context\":\"https:\\\/\\\/schema.org\",\"@graph\":[{\"@type\":\"Article\",\"@id\":\"https:\\\/\\\/veredes.es\\\/blog\\\/la-vajilla-ferradica\\\/#article\",\"isPartOf\":{\"@id\":\"https:\\\/\\\/veredes.es\\\/blog\\\/la-vajilla-ferradica\\\/\"},\"author\":{\"name\":\"veredes\",\"@id\":\"https:\\\/\\\/veredes.es\\\/blog\\\/#\\\/schema\\\/person\\\/0bbb669073ef7faba5168a0844e93d2c\"},\"headline\":\"La vajilla Ferr\u00e1dica\",\"datePublished\":\"2014-05-06T06:10:52+00:00\",\"dateModified\":\"2015-02-06T15:09:31+00:00\",\"mainEntityOfPage\":{\"@id\":\"https:\\\/\\\/veredes.es\\\/blog\\\/la-vajilla-ferradica\\\/\"},\"wordCount\":129,\"commentCount\":0,\"publisher\":{\"@id\":\"https:\\\/\\\/veredes.es\\\/blog\\\/#organization\"},\"image\":{\"@id\":\"https:\\\/\\\/veredes.es\\\/blog\\\/la-vajilla-ferradica\\\/#primaryimage\"},\"thumbnailUrl\":\"https:\\\/\\\/veredes.es\\\/blog\\\/wp-content\\\/uploads\\\/2014\\\/05\\\/la-vajilla-ferradica.jpg\",\"keywords\":[\"cenlitros\",\"dise\u00f1o\",\"dise\u00f1o industrial\",\"Galicia\",\"investigaci\u00f3n\",\"objeto\",\"proceso constructivo\",\"proceso creativo\",\"proyecto\",\"sargadelos\",\"tv\",\"x\u00e8nia vilad\u00e0s\"],\"articleSection\":[\"tv\"],\"inLanguage\":\"es\",\"potentialAction\":[{\"@type\":\"CommentAction\",\"name\":\"Comment\",\"target\":[\"https:\\\/\\\/veredes.es\\\/blog\\\/la-vajilla-ferradica\\\/#respond\"]}]},{\"@type\":\"WebPage\",\"@id\":\"https:\\\/\\\/veredes.es\\\/blog\\\/la-vajilla-ferradica\\\/\",\"url\":\"https:\\\/\\\/veredes.es\\\/blog\\\/la-vajilla-ferradica\\\/\",\"name\":\"La vajilla Ferr\u00e1dicaA vaixela Ferr\u00e1dicaThe china Ferr\u00e1dica - veredes\",\"isPartOf\":{\"@id\":\"https:\\\/\\\/veredes.es\\\/blog\\\/#website\"},\"primaryImageOfPage\":{\"@id\":\"https:\\\/\\\/veredes.es\\\/blog\\\/la-vajilla-ferradica\\\/#primaryimage\"},\"image\":{\"@id\":\"https:\\\/\\\/veredes.es\\\/blog\\\/la-vajilla-ferradica\\\/#primaryimage\"},\"thumbnailUrl\":\"https:\\\/\\\/veredes.es\\\/blog\\\/wp-content\\\/uploads\\\/2014\\\/05\\\/la-vajilla-ferradica.jpg\",\"datePublished\":\"2014-05-06T06:10:52+00:00\",\"dateModified\":\"2015-02-06T15:09:31+00:00\",\"description\":\"Toda la informaci\u00f3n sobre: La vajilla Ferr\u00e1dicaA vaixela Ferr\u00e1dicaThe china Ferr\u00e1dica\",\"breadcrumb\":{\"@id\":\"https:\\\/\\\/veredes.es\\\/blog\\\/la-vajilla-ferradica\\\/#breadcrumb\"},\"inLanguage\":\"es\",\"potentialAction\":[{\"@type\":\"ReadAction\",\"target\":[\"https:\\\/\\\/veredes.es\\\/blog\\\/la-vajilla-ferradica\\\/\"]}]},{\"@type\":\"ImageObject\",\"inLanguage\":\"es\",\"@id\":\"https:\\\/\\\/veredes.es\\\/blog\\\/la-vajilla-ferradica\\\/#primaryimage\",\"url\":\"https:\\\/\\\/veredes.es\\\/blog\\\/wp-content\\\/uploads\\\/2014\\\/05\\\/la-vajilla-ferradica.jpg\",\"contentUrl\":\"https:\\\/\\\/veredes.es\\\/blog\\\/wp-content\\\/uploads\\\/2014\\\/05\\\/la-vajilla-ferradica.jpg\",\"width\":\"1280\",\"height\":\"720\"},{\"@type\":\"BreadcrumbList\",\"@id\":\"https:\\\/\\\/veredes.es\\\/blog\\\/la-vajilla-ferradica\\\/#breadcrumb\",\"itemListElement\":[{\"@type\":\"ListItem\",\"position\":1,\"name\":\"Portada\",\"item\":\"https:\\\/\\\/veredes.es\\\/blog\\\/\"},{\"@type\":\"ListItem\",\"position\":2,\"name\":\"La vajilla Ferr\u00e1dica\"}]},{\"@type\":\"WebSite\",\"@id\":\"https:\\\/\\\/veredes.es\\\/blog\\\/#website\",\"url\":\"https:\\\/\\\/veredes.es\\\/blog\\\/\",\"name\":\"veredes, arquitectura y divulgaci\u00f3n\",\"description\":\"veredes\",\"publisher\":{\"@id\":\"https:\\\/\\\/veredes.es\\\/blog\\\/#organization\"},\"alternateName\":\"veredes\",\"potentialAction\":[{\"@type\":\"SearchAction\",\"target\":{\"@type\":\"EntryPoint\",\"urlTemplate\":\"https:\\\/\\\/veredes.es\\\/blog\\\/?s={search_term_string}\"},\"query-input\":{\"@type\":\"PropertyValueSpecification\",\"valueRequired\":true,\"valueName\":\"search_term_string\"}}],\"inLanguage\":\"es\"},{\"@type\":\"Organization\",\"@id\":\"https:\\\/\\\/veredes.es\\\/blog\\\/#organization\",\"name\":\"veredes, arquitectura y divulgaci\u00f3n\",\"alternateName\":\"veredes\",\"url\":\"https:\\\/\\\/veredes.es\\\/blog\\\/\",\"logo\":{\"@type\":\"ImageObject\",\"inLanguage\":\"es\",\"@id\":\"https:\\\/\\\/veredes.es\\\/blog\\\/#\\\/schema\\\/logo\\\/image\\\/\",\"url\":\"https:\\\/\\\/veredes.es\\\/blog\\\/wp-content\\\/uploads\\\/2021\\\/12\\\/veredes-logo-centrado_140x54.png\",\"contentUrl\":\"https:\\\/\\\/veredes.es\\\/blog\\\/wp-content\\\/uploads\\\/2021\\\/12\\\/veredes-logo-centrado_140x54.png\",\"width\":140,\"height\":54,\"caption\":\"veredes, arquitectura y divulgaci\u00f3n\"},\"image\":{\"@id\":\"https:\\\/\\\/veredes.es\\\/blog\\\/#\\\/schema\\\/logo\\\/image\\\/\"},\"sameAs\":[\"https:\\\/\\\/www.facebook.com\\\/veredesArquitecturayDivulgacion\\\/\",\"https:\\\/\\\/x.com\\\/veredes\",\"https:\\\/\\\/instagram.com\\\/veredes\\\/\",\"https:\\\/\\\/www.linkedin.com\\\/company\\\/veredes-arquitectura-y-divulgacion\\\/\",\"https:\\\/\\\/es.pinterest.com\\\/veredes\\\/\",\"https:\\\/\\\/www.tumblr.com\\\/veredes\"]},{\"@type\":\"Person\",\"@id\":\"https:\\\/\\\/veredes.es\\\/blog\\\/#\\\/schema\\\/person\\\/0bbb669073ef7faba5168a0844e93d2c\",\"name\":\"veredes\",\"image\":{\"@type\":\"ImageObject\",\"inLanguage\":\"es\",\"@id\":\"https:\\\/\\\/veredes.es\\\/blog\\\/wp-content\\\/uploads\\\/2018\\\/04\\\/face-96x96.jpg\",\"url\":\"https:\\\/\\\/veredes.es\\\/blog\\\/wp-content\\\/uploads\\\/2018\\\/04\\\/face-96x96.jpg\",\"contentUrl\":\"https:\\\/\\\/veredes.es\\\/blog\\\/wp-content\\\/uploads\\\/2018\\\/04\\\/face-96x96.jpg\",\"caption\":\"veredes\"},\"description\":\"Surge enero de 2009 como b\u00fasqueda de satisfacer el conocimiento de la actividad arquitect\u00f3nica y tangentes que se generan. La idea es crear un espacio para divulgar los diversos proyectos en busca de nueva inspiraci\u00f3n y de intercambio.\",\"sameAs\":[\"https:\\\/\\\/veredes.es\\\/\",\"https:\\\/\\\/www.facebook.com\\\/veredesArquitecturayDivulgacion\\\/\",\"https:\\\/\\\/www.instagram.com\\\/veredes\\\/\",\"https:\\\/\\\/www.linkedin.com\\\/company\\\/veredes-arquitectura-y-divulgacion\\\/\",\"https:\\\/\\\/www.pinterest.es\\\/veredes\\\/\",\"https:\\\/\\\/x.com\\\/https:\\\/\\\/twitter.com\\\/veredes\",\"https:\\\/\\\/veredes.tumblr.com\\\/\"],\"url\":\"https:\\\/\\\/veredes.es\\\/blog\\\/author\\\/alberto\\\/\"}]}<\/script>\n<!-- \/ Yoast SEO plugin. -->","yoast_head_json":{"title":"La vajilla Ferr\u00e1dicaA vaixela Ferr\u00e1dicaThe china Ferr\u00e1dica - veredes","description":"Toda la informaci\u00f3n sobre: La vajilla Ferr\u00e1dicaA vaixela Ferr\u00e1dicaThe china Ferr\u00e1dica","robots":{"index":"index","follow":"follow","max-snippet":"max-snippet:-1","max-image-preview":"max-image-preview:large","max-video-preview":"max-video-preview:-1"},"canonical":"https:\/\/veredes.es\/blog\/la-vajilla-ferradica\/","og_locale":"es_ES","og_type":"article","og_title":"La vajilla Ferr\u00e1dicaA vaixela Ferr\u00e1dicaThe china Ferr\u00e1dica - veredes","og_description":"Toda la informaci\u00f3n sobre: La vajilla Ferr\u00e1dicaA vaixela Ferr\u00e1dicaThe china Ferr\u00e1dica","og_url":"https:\/\/veredes.es\/blog\/la-vajilla-ferradica\/","og_site_name":"veredes, arquitectura y divulgaci\u00f3n","article_publisher":"https:\/\/www.facebook.com\/veredesArquitecturayDivulgacion\/","article_author":"https:\/\/www.facebook.com\/veredesArquitecturayDivulgacion\/","article_published_time":"2014-05-06T06:10:52+00:00","article_modified_time":"2015-02-06T15:09:31+00:00","og_image":[{"width":1280,"height":720,"url":"https:\/\/veredes.es\/blog\/wp-content\/uploads\/2014\/05\/la-vajilla-ferradica.jpg","type":"image\/jpeg"}],"author":"veredes","twitter_card":"summary_large_image","twitter_creator":"@https:\/\/twitter.com\/veredes","twitter_site":"@veredes","twitter_misc":{"Escrito por":"veredes","Tiempo de lectura":"1 minuto"},"schema":{"@context":"https:\/\/schema.org","@graph":[{"@type":"Article","@id":"https:\/\/veredes.es\/blog\/la-vajilla-ferradica\/#article","isPartOf":{"@id":"https:\/\/veredes.es\/blog\/la-vajilla-ferradica\/"},"author":{"name":"veredes","@id":"https:\/\/veredes.es\/blog\/#\/schema\/person\/0bbb669073ef7faba5168a0844e93d2c"},"headline":"La vajilla Ferr\u00e1dica","datePublished":"2014-05-06T06:10:52+00:00","dateModified":"2015-02-06T15:09:31+00:00","mainEntityOfPage":{"@id":"https:\/\/veredes.es\/blog\/la-vajilla-ferradica\/"},"wordCount":129,"commentCount":0,"publisher":{"@id":"https:\/\/veredes.es\/blog\/#organization"},"image":{"@id":"https:\/\/veredes.es\/blog\/la-vajilla-ferradica\/#primaryimage"},"thumbnailUrl":"https:\/\/veredes.es\/blog\/wp-content\/uploads\/2014\/05\/la-vajilla-ferradica.jpg","keywords":["cenlitros","dise\u00f1o","dise\u00f1o industrial","Galicia","investigaci\u00f3n","objeto","proceso constructivo","proceso creativo","proyecto","sargadelos","tv","x\u00e8nia vilad\u00e0s"],"articleSection":["tv"],"inLanguage":"es","potentialAction":[{"@type":"CommentAction","name":"Comment","target":["https:\/\/veredes.es\/blog\/la-vajilla-ferradica\/#respond"]}]},{"@type":"WebPage","@id":"https:\/\/veredes.es\/blog\/la-vajilla-ferradica\/","url":"https:\/\/veredes.es\/blog\/la-vajilla-ferradica\/","name":"La vajilla Ferr\u00e1dicaA vaixela Ferr\u00e1dicaThe china Ferr\u00e1dica - veredes","isPartOf":{"@id":"https:\/\/veredes.es\/blog\/#website"},"primaryImageOfPage":{"@id":"https:\/\/veredes.es\/blog\/la-vajilla-ferradica\/#primaryimage"},"image":{"@id":"https:\/\/veredes.es\/blog\/la-vajilla-ferradica\/#primaryimage"},"thumbnailUrl":"https:\/\/veredes.es\/blog\/wp-content\/uploads\/2014\/05\/la-vajilla-ferradica.jpg","datePublished":"2014-05-06T06:10:52+00:00","dateModified":"2015-02-06T15:09:31+00:00","description":"Toda la informaci\u00f3n sobre: La vajilla Ferr\u00e1dicaA vaixela Ferr\u00e1dicaThe china Ferr\u00e1dica","breadcrumb":{"@id":"https:\/\/veredes.es\/blog\/la-vajilla-ferradica\/#breadcrumb"},"inLanguage":"es","potentialAction":[{"@type":"ReadAction","target":["https:\/\/veredes.es\/blog\/la-vajilla-ferradica\/"]}]},{"@type":"ImageObject","inLanguage":"es","@id":"https:\/\/veredes.es\/blog\/la-vajilla-ferradica\/#primaryimage","url":"https:\/\/veredes.es\/blog\/wp-content\/uploads\/2014\/05\/la-vajilla-ferradica.jpg","contentUrl":"https:\/\/veredes.es\/blog\/wp-content\/uploads\/2014\/05\/la-vajilla-ferradica.jpg","width":"1280","height":"720"},{"@type":"BreadcrumbList","@id":"https:\/\/veredes.es\/blog\/la-vajilla-ferradica\/#breadcrumb","itemListElement":[{"@type":"ListItem","position":1,"name":"Portada","item":"https:\/\/veredes.es\/blog\/"},{"@type":"ListItem","position":2,"name":"La vajilla Ferr\u00e1dica"}]},{"@type":"WebSite","@id":"https:\/\/veredes.es\/blog\/#website","url":"https:\/\/veredes.es\/blog\/","name":"veredes, arquitectura y divulgaci\u00f3n","description":"veredes","publisher":{"@id":"https:\/\/veredes.es\/blog\/#organization"},"alternateName":"veredes","potentialAction":[{"@type":"SearchAction","target":{"@type":"EntryPoint","urlTemplate":"https:\/\/veredes.es\/blog\/?s={search_term_string}"},"query-input":{"@type":"PropertyValueSpecification","valueRequired":true,"valueName":"search_term_string"}}],"inLanguage":"es"},{"@type":"Organization","@id":"https:\/\/veredes.es\/blog\/#organization","name":"veredes, arquitectura y divulgaci\u00f3n","alternateName":"veredes","url":"https:\/\/veredes.es\/blog\/","logo":{"@type":"ImageObject","inLanguage":"es","@id":"https:\/\/veredes.es\/blog\/#\/schema\/logo\/image\/","url":"https:\/\/veredes.es\/blog\/wp-content\/uploads\/2021\/12\/veredes-logo-centrado_140x54.png","contentUrl":"https:\/\/veredes.es\/blog\/wp-content\/uploads\/2021\/12\/veredes-logo-centrado_140x54.png","width":140,"height":54,"caption":"veredes, arquitectura y divulgaci\u00f3n"},"image":{"@id":"https:\/\/veredes.es\/blog\/#\/schema\/logo\/image\/"},"sameAs":["https:\/\/www.facebook.com\/veredesArquitecturayDivulgacion\/","https:\/\/x.com\/veredes","https:\/\/instagram.com\/veredes\/","https:\/\/www.linkedin.com\/company\/veredes-arquitectura-y-divulgacion\/","https:\/\/es.pinterest.com\/veredes\/","https:\/\/www.tumblr.com\/veredes"]},{"@type":"Person","@id":"https:\/\/veredes.es\/blog\/#\/schema\/person\/0bbb669073ef7faba5168a0844e93d2c","name":"veredes","image":{"@type":"ImageObject","inLanguage":"es","@id":"https:\/\/veredes.es\/blog\/wp-content\/uploads\/2018\/04\/face-96x96.jpg","url":"https:\/\/veredes.es\/blog\/wp-content\/uploads\/2018\/04\/face-96x96.jpg","contentUrl":"https:\/\/veredes.es\/blog\/wp-content\/uploads\/2018\/04\/face-96x96.jpg","caption":"veredes"},"description":"Surge enero de 2009 como b\u00fasqueda de satisfacer el conocimiento de la actividad arquitect\u00f3nica y tangentes que se generan. La idea es crear un espacio para divulgar los diversos proyectos en busca de nueva inspiraci\u00f3n y de intercambio.","sameAs":["https:\/\/veredes.es\/","https:\/\/www.facebook.com\/veredesArquitecturayDivulgacion\/","https:\/\/www.instagram.com\/veredes\/","https:\/\/www.linkedin.com\/company\/veredes-arquitectura-y-divulgacion\/","https:\/\/www.pinterest.es\/veredes\/","https:\/\/x.com\/https:\/\/twitter.com\/veredes","https:\/\/veredes.tumblr.com\/"],"url":"https:\/\/veredes.es\/blog\/author\/alberto\/"}]}},"_links":{"self":[{"href":"https:\/\/veredes.es\/blog\/wp-json\/wp\/v2\/posts\/42010","targetHints":{"allow":["GET"]}}],"collection":[{"href":"https:\/\/veredes.es\/blog\/wp-json\/wp\/v2\/posts"}],"about":[{"href":"https:\/\/veredes.es\/blog\/wp-json\/wp\/v2\/types\/post"}],"author":[{"embeddable":true,"href":"https:\/\/veredes.es\/blog\/wp-json\/wp\/v2\/users\/2"}],"replies":[{"embeddable":true,"href":"https:\/\/veredes.es\/blog\/wp-json\/wp\/v2\/comments?post=42010"}],"version-history":[{"count":0,"href":"https:\/\/veredes.es\/blog\/wp-json\/wp\/v2\/posts\/42010\/revisions"}],"wp:featuredmedia":[{"embeddable":true,"href":"https:\/\/veredes.es\/blog\/wp-json\/wp\/v2\/media\/43528"}],"wp:attachment":[{"href":"https:\/\/veredes.es\/blog\/wp-json\/wp\/v2\/media?parent=42010"}],"wp:term":[{"taxonomy":"category","embeddable":true,"href":"https:\/\/veredes.es\/blog\/wp-json\/wp\/v2\/categories?post=42010"},{"taxonomy":"post_tag","embeddable":true,"href":"https:\/\/veredes.es\/blog\/wp-json\/wp\/v2\/tags?post=42010"}],"curies":[{"name":"wp","href":"https:\/\/api.w.org\/{rel}","templated":true}]}}