{"id":39452,"date":"2014-03-27T06:01:30","date_gmt":"2014-03-27T06:01:30","guid":{"rendered":"http:\/\/veredes.es\/blog\/?p=39452"},"modified":"2023-04-18T17:00:48","modified_gmt":"2023-04-18T15:00:48","slug":"small-architecture-now","status":"publish","type":"post","link":"https:\/\/veredes.es\/blog\/small-architecture-now\/","title":{"rendered":"Small Architecture Now!"},"content":{"rendered":"<p><\/p>\n<div id=\"description_text_headlines\">\n<h5 style=\"text-align: justify;\"><strong>Small Architecture Now!. Ahorrar espacio. Grandes ideas para edificios peque\u00f1os<\/strong><\/h5>\n<p style=\"text-align: justify;\"><strong>A lo largo de la historia, los arquitectos de mayor talento se han entretenido puntualmente con el reto de <strong>dise\u00f1ar edificios peque\u00f1os, pero perfectamente construidos<\/strong>. construidos<\/strong>. En la actualidad, la escasez de presupuestos ha llevado a muchos arquitectos a concentrarse en la creaci\u00f3n de edificios de dimensiones quiz\u00e1 diminutas, pero basados en ideas magn\u00edficas adem\u00e1s de pioneras. Tanto en las urbes japonesas (donde escasean los grandes solares) como en la difusa frontera entre el arte y la arquitectura, <strong>los edificios peque\u00f1os ofrecen numerosas ventajas y obligan a sus creadores a hacer m\u00e1s con menos<\/strong>.<\/p>\n<figure id=\"attachment_39454\" aria-describedby=\"caption-attachment-39454\" style=\"width: 750px\" class=\"wp-caption alignnone\"><a href=\"http:\/\/veredes.es\/blog\/wp-content\/uploads\/2014\/03\/arch_now_small_co_iep_3d_02883_1403060958_id_793381.jpg\"><img loading=\"lazy\" decoding=\"async\" class=\"wp-image-39454\" title=\"Small Architecture Now!\" src=\"https:\/\/veredes.es\/blog\/wp-content\/uploads\/2014\/03\/arch_now_small_co_iep_3d_02883_1403060958_id_793381.jpg\" alt=\"Small Architecture Now!\" width=\"750\" height=\"930\" srcset=\"https:\/\/veredes.es\/blog\/wp-content\/uploads\/2014\/03\/arch_now_small_co_iep_3d_02883_1403060958_id_793381.jpg 620w, https:\/\/veredes.es\/blog\/wp-content\/uploads\/2014\/03\/arch_now_small_co_iep_3d_02883_1403060958_id_793381-241x300.jpg 241w\" sizes=\"auto, (max-width: 750px) 100vw, 750px\" \/><\/a><figcaption id=\"caption-attachment-39454\" class=\"wp-caption-text\"><span style=\"color: #999999;\">Small Architecture Now!<\/span><\/figcaption><\/figure>\n<p style=\"text-align: justify;\">Una casita de mu\u00f1ecas para Calvin Klein en Nueva York, una casita de juguete en Trondheim, tenderetes para estrellas de la moda, caba\u00f1as estivales o alojamientos para las v\u00edctimas de desastres naturales son algunas de las creaciones que han dado \u00edmpetu a este nuevo af\u00e1n por crear la miniarquitectura del momento. En el libro encontraremos a <strong>Toyo Ito, galardonado en 2013 con el premio Pritzker<\/strong>, pero tambi\u00e9n a arquitectos en alza procedentes de Portugal, Chile, Inglaterra y Nueva Zelanda. <strong>\u00c1lvaro Siza<\/strong> y <strong>Kazuyo Sejima<\/strong> (SANAA) ponen de manifiesto su gran visi\u00f3n para los detalles m\u00e1s min\u00fasculos junto con los artistas <strong>Doug Aitken<\/strong> y <strong>Olafur Eliasson<\/strong>.<\/p>\n<p style=\"text-align: justify;\">Ya sean profesionales de renombre internacional o reci\u00e9n llegados que empiezan a despuntar: ac\u00e9rquese a ellos y conozca c\u00f3mo surge la invenci\u00f3n arquitect\u00f3nica a otra escala mucho m\u00e1s reducida.<\/p>\n<h6 style=\"text-align: justify;\"><strong>Sobre el autor<\/strong><\/h6>\n<p style=\"text-align: justify;\"><strong><a href=\"https:\/\/www.taschen.com\/\">Philip Jodidio<\/a> <\/strong>(nacido en 1954) estudi\u00f3 historia del arte y econom\u00eda en la Universidad de Harvard y fue editor jefe de la revista <em>Connaissance des Arts<\/em> durante m\u00e1s de veinte a\u00f1os. Entre sus publicaciones, encontramos la serie <em>Architecture Now!<\/em> de <a href=\"https:\/\/veredes.es\/blog\/tag\/editorial-taschen\/\" target=\"_blank\" rel=\"noopener\">TASCHEN<\/a>, as\u00ed como las monograf\u00edas sobre Tadao Ando, Norman Foster, Richard Meier, Jean Nouvel y Zaha Hadid. Es reconocido en todo el mundo como uno de los escritores de arquitectura m\u00e1s populares.<\/p>\n<p style=\"text-align: justify;\"><span style=\"color: #888888;\">+ info<\/span><\/p>\n<\/div>\n<p><iframe loading=\"lazy\" style=\"width: 120px; height: 240px;\" src=\"http:\/\/rcm-eu.amazon-adsystem.com\/e\/cm?t=veredes-21&amp;o=30&amp;p=8&amp;l=as1&amp;asins=3836546698&amp;ref=tf_til&amp;fc1=000000&amp;IS2=1&amp;lt1=_blank&amp;m=amazon&amp;lc1=ED9913&amp;bc1=000000&amp;bg1=FFFFFF&amp;f=ifr\" width=\"320\" height=\"240\" frameborder=\"0\" marginwidth=\"0\" marginheight=\"0\" scrolling=\"no\"><\/iframe> <iframe style=\"width: 120px; height: 240px;\" src=\"http:\/\/rcm-eu.amazon-adsystem.com\/e\/cm?t=wwwveredeses-21&amp;o=30&amp;p=8&amp;l=as1&amp;asins=3836523450&amp;ref=tf_til&amp;fc1=E9940D&amp;IS2=1&amp;lt1=_blank&amp;m=amazon&amp;lc1=575760&amp;bc1=FFFFFF&amp;bg1=FFFFFF&amp;f=ifr\" frameborder=\"0\" marginwidth=\"0\" marginheight=\"0\" scrolling=\"no\"><\/iframe> <iframe style=\"width: 120px; height: 240px;\" src=\"http:\/\/rcm-eu.amazon-adsystem.com\/e\/cm?t=wwwveredeses-21&amp;o=30&amp;p=8&amp;l=as1&amp;asins=1616891408&amp;ref=tf_til&amp;fc1=E9940D&amp;IS2=1&amp;lt1=_blank&amp;m=amazon&amp;lc1=575760&amp;bc1=FFFFFF&amp;bg1=FFFFFF&amp;f=ifr\" frameborder=\"0\" marginwidth=\"0\" marginheight=\"0\" scrolling=\"no\"><\/iframe> <iframe style=\"width: 120px; height: 240px;\" src=\"http:\/\/rcm-eu.amazon-adsystem.com\/e\/cm?t=wwwveredeses-21&amp;o=30&amp;p=8&amp;l=as1&amp;asins=1576876586&amp;ref=tf_til&amp;fc1=E9940D&amp;IS2=1&amp;lt1=_blank&amp;m=amazon&amp;lc1=575760&amp;bc1=FFFFFF&amp;bg1=FFFFFF&amp;f=ifr\" frameborder=\"0\" marginwidth=\"0\" marginheight=\"0\" scrolling=\"no\"><\/iframe> <iframe style=\"width: 120px; height: 240px;\" src=\"http:\/\/rcm-eu.amazon-adsystem.com\/e\/cm?t=wwwveredeses-21&amp;o=30&amp;p=8&amp;l=as1&amp;asins=0870703625&amp;ref=tf_til&amp;fc1=E9940D&amp;IS2=1&amp;lt1=_blank&amp;m=amazon&amp;lc1=575760&amp;bc1=FFFFFF&amp;bg1=FFFFFF&amp;f=ifr\" frameborder=\"0\" marginwidth=\"0\" marginheight=\"0\" scrolling=\"no\"><\/iframe><\/p>","protected":false},"excerpt":{"rendered":"<p>Small Architecture Now!. Ahorrar espacio. Grandes ideas para edificios peque\u00f1os A lo largo de la historia, los arquitectos de mayor talento se han entretenido puntualmente con el reto de dise\u00f1ar edificios peque\u00f1os, pero perfectamente construidos. construidos. En la actualidad, la escasez de presupuestos ha llevado a muchos arquitectos a concentrarse en la creaci\u00f3n de edificios [&hellip;]<\/p>\n","protected":false},"author":2,"featured_media":39454,"comment_status":"open","ping_status":"closed","sticky":false,"template":"","format":"standard","meta":{"footnotes":""},"categories":[794,26],"tags":[103,6682,7446,3657,10072,5819,6786,10071,7513,770,5594,7927,1096,1120,1206,1721],"class_list":{"0":"post-39452","1":"post","2":"type-post","3":"status-publish","4":"format-standard","5":"has-post-thumbnail","7":"category-libros","8":"category-publicaciones","9":"tag-alvaro-siza-vieira","10":"tag-arquitectura-chilena","11":"tag-arquitectura-inglesa","12":"tag-arquitectura-japonesa","13":"tag-arquitectura-neozelandesa","14":"tag-arquitectura-portuguesa","15":"tag-arquitectura-sueca","16":"tag-doug-aitken","17":"tag-editorial-taschen","18":"tag-kazuyo-sejima","19":"tag-olafur-eliasson","20":"tag-philip-jodidio","21":"tag-premio-pritzker","22":"tag-publicacion","23":"tag-sanaa","24":"tag-toyo-ito"},"yoast_head":"<!-- This site is optimized with the Yoast SEO plugin v27.4 - https:\/\/yoast.com\/product\/yoast-seo-wordpress\/ -->\n<title>Small Architecture Now! - veredes<\/title>\n<meta name=\"description\" content=\"Toda la informaci\u00f3n sobre: Small Architecture Now! Ahorrar espacio. Grandes ideas para edificios peque\u00f1os\" \/>\n<meta name=\"robots\" content=\"index, follow, max-snippet:-1, max-image-preview:large, max-video-preview:-1\" \/>\n<link rel=\"canonical\" href=\"https:\/\/veredes.es\/blog\/small-architecture-now\/\" \/>\n<meta property=\"og:locale\" content=\"es_ES\" \/>\n<meta property=\"og:type\" content=\"article\" \/>\n<meta property=\"og:title\" content=\"Small Architecture Now! - veredes\" \/>\n<meta property=\"og:description\" content=\"Toda la informaci\u00f3n sobre: Small Architecture Now! Ahorrar espacio. Grandes ideas para edificios peque\u00f1os\" \/>\n<meta property=\"og:url\" content=\"https:\/\/veredes.es\/blog\/small-architecture-now\/\" \/>\n<meta property=\"og:site_name\" content=\"veredes, arquitectura y divulgaci\u00f3n\" \/>\n<meta property=\"article:publisher\" content=\"https:\/\/www.facebook.com\/veredesArquitecturayDivulgacion\/\" \/>\n<meta property=\"article:author\" content=\"https:\/\/www.facebook.com\/veredesArquitecturayDivulgacion\/\" \/>\n<meta property=\"article:published_time\" content=\"2014-03-27T06:01:30+00:00\" \/>\n<meta property=\"article:modified_time\" content=\"2023-04-18T15:00:48+00:00\" \/>\n<meta property=\"og:image\" content=\"https:\/\/veredes.es\/blog\/wp-content\/uploads\/2014\/03\/arch_now_small_co_iep_3d_02883_1403060958_id_793381.jpg\" \/>\n\t<meta property=\"og:image:width\" content=\"620\" \/>\n\t<meta property=\"og:image:height\" content=\"769\" \/>\n\t<meta property=\"og:image:type\" content=\"image\/jpeg\" \/>\n<meta name=\"author\" content=\"veredes\" \/>\n<meta name=\"twitter:card\" content=\"summary_large_image\" \/>\n<meta name=\"twitter:creator\" content=\"@https:\/\/twitter.com\/veredes\" \/>\n<meta name=\"twitter:site\" content=\"@veredes\" \/>\n<meta name=\"twitter:label1\" content=\"Escrito por\" \/>\n\t<meta name=\"twitter:data1\" content=\"veredes\" \/>\n\t<meta name=\"twitter:label2\" content=\"Tiempo de lectura\" \/>\n\t<meta name=\"twitter:data2\" content=\"2 minutos\" \/>\n<script type=\"application\/ld+json\" class=\"yoast-schema-graph\">{\"@context\":\"https:\\\/\\\/schema.org\",\"@graph\":[{\"@type\":\"Article\",\"@id\":\"https:\\\/\\\/veredes.es\\\/blog\\\/small-architecture-now\\\/#article\",\"isPartOf\":{\"@id\":\"https:\\\/\\\/veredes.es\\\/blog\\\/small-architecture-now\\\/\"},\"author\":{\"name\":\"veredes\",\"@id\":\"https:\\\/\\\/veredes.es\\\/blog\\\/#\\\/schema\\\/person\\\/0bbb669073ef7faba5168a0844e93d2c\"},\"headline\":\"Small Architecture Now!\",\"datePublished\":\"2014-03-27T06:01:30+00:00\",\"dateModified\":\"2023-04-18T15:00:48+00:00\",\"mainEntityOfPage\":{\"@id\":\"https:\\\/\\\/veredes.es\\\/blog\\\/small-architecture-now\\\/\"},\"wordCount\":928,\"commentCount\":1,\"publisher\":{\"@id\":\"https:\\\/\\\/veredes.es\\\/blog\\\/#organization\"},\"image\":{\"@id\":\"https:\\\/\\\/veredes.es\\\/blog\\\/small-architecture-now\\\/#primaryimage\"},\"thumbnailUrl\":\"https:\\\/\\\/veredes.es\\\/blog\\\/wp-content\\\/uploads\\\/2014\\\/03\\\/arch_now_small_co_iep_3d_02883_1403060958_id_793381.jpg\",\"keywords\":[\"\u00c1lvaro Siza Vieira\",\"arquitectura chilena\",\"arquitectura inglesa\",\"arquitectura japonesa\",\"arquitectura neozelandesa\",\"arquitectura portuguesa\",\"arquitectura sueca\",\"Doug Aitken\",\"editorial taschen\",\"Kazuyo Sejima\",\"Olafur Eliasson\",\"Philip Jodidio\",\"premio Pritzker\",\"publicaci\u00f3n\",\"SANAA\",\"Toyo Ito\"],\"articleSection\":[\"libros\",\"publicaciones\"],\"inLanguage\":\"es\",\"potentialAction\":[{\"@type\":\"CommentAction\",\"name\":\"Comment\",\"target\":[\"https:\\\/\\\/veredes.es\\\/blog\\\/small-architecture-now\\\/#respond\"]}]},{\"@type\":\"WebPage\",\"@id\":\"https:\\\/\\\/veredes.es\\\/blog\\\/small-architecture-now\\\/\",\"url\":\"https:\\\/\\\/veredes.es\\\/blog\\\/small-architecture-now\\\/\",\"name\":\"Small Architecture Now! - veredes\",\"isPartOf\":{\"@id\":\"https:\\\/\\\/veredes.es\\\/blog\\\/#website\"},\"primaryImageOfPage\":{\"@id\":\"https:\\\/\\\/veredes.es\\\/blog\\\/small-architecture-now\\\/#primaryimage\"},\"image\":{\"@id\":\"https:\\\/\\\/veredes.es\\\/blog\\\/small-architecture-now\\\/#primaryimage\"},\"thumbnailUrl\":\"https:\\\/\\\/veredes.es\\\/blog\\\/wp-content\\\/uploads\\\/2014\\\/03\\\/arch_now_small_co_iep_3d_02883_1403060958_id_793381.jpg\",\"datePublished\":\"2014-03-27T06:01:30+00:00\",\"dateModified\":\"2023-04-18T15:00:48+00:00\",\"description\":\"Toda la informaci\u00f3n sobre: Small Architecture Now! Ahorrar espacio. Grandes ideas para edificios peque\u00f1os\",\"breadcrumb\":{\"@id\":\"https:\\\/\\\/veredes.es\\\/blog\\\/small-architecture-now\\\/#breadcrumb\"},\"inLanguage\":\"es\",\"potentialAction\":[{\"@type\":\"ReadAction\",\"target\":[\"https:\\\/\\\/veredes.es\\\/blog\\\/small-architecture-now\\\/\"]}]},{\"@type\":\"ImageObject\",\"inLanguage\":\"es\",\"@id\":\"https:\\\/\\\/veredes.es\\\/blog\\\/small-architecture-now\\\/#primaryimage\",\"url\":\"https:\\\/\\\/veredes.es\\\/blog\\\/wp-content\\\/uploads\\\/2014\\\/03\\\/arch_now_small_co_iep_3d_02883_1403060958_id_793381.jpg\",\"contentUrl\":\"https:\\\/\\\/veredes.es\\\/blog\\\/wp-content\\\/uploads\\\/2014\\\/03\\\/arch_now_small_co_iep_3d_02883_1403060958_id_793381.jpg\",\"width\":\"620\",\"height\":\"769\"},{\"@type\":\"BreadcrumbList\",\"@id\":\"https:\\\/\\\/veredes.es\\\/blog\\\/small-architecture-now\\\/#breadcrumb\",\"itemListElement\":[{\"@type\":\"ListItem\",\"position\":1,\"name\":\"Portada\",\"item\":\"https:\\\/\\\/veredes.es\\\/blog\\\/\"},{\"@type\":\"ListItem\",\"position\":2,\"name\":\"Small Architecture Now!\"}]},{\"@type\":\"WebSite\",\"@id\":\"https:\\\/\\\/veredes.es\\\/blog\\\/#website\",\"url\":\"https:\\\/\\\/veredes.es\\\/blog\\\/\",\"name\":\"veredes, arquitectura y divulgaci\u00f3n\",\"description\":\"veredes\",\"publisher\":{\"@id\":\"https:\\\/\\\/veredes.es\\\/blog\\\/#organization\"},\"alternateName\":\"veredes\",\"potentialAction\":[{\"@type\":\"SearchAction\",\"target\":{\"@type\":\"EntryPoint\",\"urlTemplate\":\"https:\\\/\\\/veredes.es\\\/blog\\\/?s={search_term_string}\"},\"query-input\":{\"@type\":\"PropertyValueSpecification\",\"valueRequired\":true,\"valueName\":\"search_term_string\"}}],\"inLanguage\":\"es\"},{\"@type\":\"Organization\",\"@id\":\"https:\\\/\\\/veredes.es\\\/blog\\\/#organization\",\"name\":\"veredes, arquitectura y divulgaci\u00f3n\",\"alternateName\":\"veredes\",\"url\":\"https:\\\/\\\/veredes.es\\\/blog\\\/\",\"logo\":{\"@type\":\"ImageObject\",\"inLanguage\":\"es\",\"@id\":\"https:\\\/\\\/veredes.es\\\/blog\\\/#\\\/schema\\\/logo\\\/image\\\/\",\"url\":\"https:\\\/\\\/veredes.es\\\/blog\\\/wp-content\\\/uploads\\\/2021\\\/12\\\/veredes-logo-centrado_140x54.png\",\"contentUrl\":\"https:\\\/\\\/veredes.es\\\/blog\\\/wp-content\\\/uploads\\\/2021\\\/12\\\/veredes-logo-centrado_140x54.png\",\"width\":140,\"height\":54,\"caption\":\"veredes, arquitectura y divulgaci\u00f3n\"},\"image\":{\"@id\":\"https:\\\/\\\/veredes.es\\\/blog\\\/#\\\/schema\\\/logo\\\/image\\\/\"},\"sameAs\":[\"https:\\\/\\\/www.facebook.com\\\/veredesArquitecturayDivulgacion\\\/\",\"https:\\\/\\\/x.com\\\/veredes\",\"https:\\\/\\\/instagram.com\\\/veredes\\\/\",\"https:\\\/\\\/www.linkedin.com\\\/company\\\/veredes-arquitectura-y-divulgacion\\\/\",\"https:\\\/\\\/es.pinterest.com\\\/veredes\\\/\",\"https:\\\/\\\/www.tumblr.com\\\/veredes\"]},{\"@type\":\"Person\",\"@id\":\"https:\\\/\\\/veredes.es\\\/blog\\\/#\\\/schema\\\/person\\\/0bbb669073ef7faba5168a0844e93d2c\",\"name\":\"veredes\",\"image\":{\"@type\":\"ImageObject\",\"inLanguage\":\"es\",\"@id\":\"https:\\\/\\\/veredes.es\\\/blog\\\/wp-content\\\/uploads\\\/2018\\\/04\\\/face-96x96.jpg\",\"url\":\"https:\\\/\\\/veredes.es\\\/blog\\\/wp-content\\\/uploads\\\/2018\\\/04\\\/face-96x96.jpg\",\"contentUrl\":\"https:\\\/\\\/veredes.es\\\/blog\\\/wp-content\\\/uploads\\\/2018\\\/04\\\/face-96x96.jpg\",\"caption\":\"veredes\"},\"description\":\"Surge enero de 2009 como b\u00fasqueda de satisfacer el conocimiento de la actividad arquitect\u00f3nica y tangentes que se generan. La idea es crear un espacio para divulgar los diversos proyectos en busca de nueva inspiraci\u00f3n y de intercambio.\",\"sameAs\":[\"https:\\\/\\\/veredes.es\\\/\",\"https:\\\/\\\/www.facebook.com\\\/veredesArquitecturayDivulgacion\\\/\",\"https:\\\/\\\/www.instagram.com\\\/veredes\\\/\",\"https:\\\/\\\/www.linkedin.com\\\/company\\\/veredes-arquitectura-y-divulgacion\\\/\",\"https:\\\/\\\/www.pinterest.es\\\/veredes\\\/\",\"https:\\\/\\\/x.com\\\/https:\\\/\\\/twitter.com\\\/veredes\",\"https:\\\/\\\/veredes.tumblr.com\\\/\"],\"url\":\"https:\\\/\\\/veredes.es\\\/blog\\\/author\\\/alberto\\\/\"}]}<\/script>\n<!-- \/ Yoast SEO plugin. -->","yoast_head_json":{"title":"Small Architecture Now! - veredes","description":"Toda la informaci\u00f3n sobre: Small Architecture Now! Ahorrar espacio. Grandes ideas para edificios peque\u00f1os","robots":{"index":"index","follow":"follow","max-snippet":"max-snippet:-1","max-image-preview":"max-image-preview:large","max-video-preview":"max-video-preview:-1"},"canonical":"https:\/\/veredes.es\/blog\/small-architecture-now\/","og_locale":"es_ES","og_type":"article","og_title":"Small Architecture Now! - veredes","og_description":"Toda la informaci\u00f3n sobre: Small Architecture Now! Ahorrar espacio. Grandes ideas para edificios peque\u00f1os","og_url":"https:\/\/veredes.es\/blog\/small-architecture-now\/","og_site_name":"veredes, arquitectura y divulgaci\u00f3n","article_publisher":"https:\/\/www.facebook.com\/veredesArquitecturayDivulgacion\/","article_author":"https:\/\/www.facebook.com\/veredesArquitecturayDivulgacion\/","article_published_time":"2014-03-27T06:01:30+00:00","article_modified_time":"2023-04-18T15:00:48+00:00","og_image":[{"width":620,"height":769,"url":"https:\/\/veredes.es\/blog\/wp-content\/uploads\/2014\/03\/arch_now_small_co_iep_3d_02883_1403060958_id_793381.jpg","type":"image\/jpeg"}],"author":"veredes","twitter_card":"summary_large_image","twitter_creator":"@https:\/\/twitter.com\/veredes","twitter_site":"@veredes","twitter_misc":{"Escrito por":"veredes","Tiempo de lectura":"2 minutos"},"schema":{"@context":"https:\/\/schema.org","@graph":[{"@type":"Article","@id":"https:\/\/veredes.es\/blog\/small-architecture-now\/#article","isPartOf":{"@id":"https:\/\/veredes.es\/blog\/small-architecture-now\/"},"author":{"name":"veredes","@id":"https:\/\/veredes.es\/blog\/#\/schema\/person\/0bbb669073ef7faba5168a0844e93d2c"},"headline":"Small Architecture Now!","datePublished":"2014-03-27T06:01:30+00:00","dateModified":"2023-04-18T15:00:48+00:00","mainEntityOfPage":{"@id":"https:\/\/veredes.es\/blog\/small-architecture-now\/"},"wordCount":928,"commentCount":1,"publisher":{"@id":"https:\/\/veredes.es\/blog\/#organization"},"image":{"@id":"https:\/\/veredes.es\/blog\/small-architecture-now\/#primaryimage"},"thumbnailUrl":"https:\/\/veredes.es\/blog\/wp-content\/uploads\/2014\/03\/arch_now_small_co_iep_3d_02883_1403060958_id_793381.jpg","keywords":["\u00c1lvaro Siza Vieira","arquitectura chilena","arquitectura inglesa","arquitectura japonesa","arquitectura neozelandesa","arquitectura portuguesa","arquitectura sueca","Doug Aitken","editorial taschen","Kazuyo Sejima","Olafur Eliasson","Philip Jodidio","premio Pritzker","publicaci\u00f3n","SANAA","Toyo Ito"],"articleSection":["libros","publicaciones"],"inLanguage":"es","potentialAction":[{"@type":"CommentAction","name":"Comment","target":["https:\/\/veredes.es\/blog\/small-architecture-now\/#respond"]}]},{"@type":"WebPage","@id":"https:\/\/veredes.es\/blog\/small-architecture-now\/","url":"https:\/\/veredes.es\/blog\/small-architecture-now\/","name":"Small Architecture Now! - veredes","isPartOf":{"@id":"https:\/\/veredes.es\/blog\/#website"},"primaryImageOfPage":{"@id":"https:\/\/veredes.es\/blog\/small-architecture-now\/#primaryimage"},"image":{"@id":"https:\/\/veredes.es\/blog\/small-architecture-now\/#primaryimage"},"thumbnailUrl":"https:\/\/veredes.es\/blog\/wp-content\/uploads\/2014\/03\/arch_now_small_co_iep_3d_02883_1403060958_id_793381.jpg","datePublished":"2014-03-27T06:01:30+00:00","dateModified":"2023-04-18T15:00:48+00:00","description":"Toda la informaci\u00f3n sobre: Small Architecture Now! Ahorrar espacio. Grandes ideas para edificios peque\u00f1os","breadcrumb":{"@id":"https:\/\/veredes.es\/blog\/small-architecture-now\/#breadcrumb"},"inLanguage":"es","potentialAction":[{"@type":"ReadAction","target":["https:\/\/veredes.es\/blog\/small-architecture-now\/"]}]},{"@type":"ImageObject","inLanguage":"es","@id":"https:\/\/veredes.es\/blog\/small-architecture-now\/#primaryimage","url":"https:\/\/veredes.es\/blog\/wp-content\/uploads\/2014\/03\/arch_now_small_co_iep_3d_02883_1403060958_id_793381.jpg","contentUrl":"https:\/\/veredes.es\/blog\/wp-content\/uploads\/2014\/03\/arch_now_small_co_iep_3d_02883_1403060958_id_793381.jpg","width":"620","height":"769"},{"@type":"BreadcrumbList","@id":"https:\/\/veredes.es\/blog\/small-architecture-now\/#breadcrumb","itemListElement":[{"@type":"ListItem","position":1,"name":"Portada","item":"https:\/\/veredes.es\/blog\/"},{"@type":"ListItem","position":2,"name":"Small Architecture Now!"}]},{"@type":"WebSite","@id":"https:\/\/veredes.es\/blog\/#website","url":"https:\/\/veredes.es\/blog\/","name":"veredes, arquitectura y divulgaci\u00f3n","description":"veredes","publisher":{"@id":"https:\/\/veredes.es\/blog\/#organization"},"alternateName":"veredes","potentialAction":[{"@type":"SearchAction","target":{"@type":"EntryPoint","urlTemplate":"https:\/\/veredes.es\/blog\/?s={search_term_string}"},"query-input":{"@type":"PropertyValueSpecification","valueRequired":true,"valueName":"search_term_string"}}],"inLanguage":"es"},{"@type":"Organization","@id":"https:\/\/veredes.es\/blog\/#organization","name":"veredes, arquitectura y divulgaci\u00f3n","alternateName":"veredes","url":"https:\/\/veredes.es\/blog\/","logo":{"@type":"ImageObject","inLanguage":"es","@id":"https:\/\/veredes.es\/blog\/#\/schema\/logo\/image\/","url":"https:\/\/veredes.es\/blog\/wp-content\/uploads\/2021\/12\/veredes-logo-centrado_140x54.png","contentUrl":"https:\/\/veredes.es\/blog\/wp-content\/uploads\/2021\/12\/veredes-logo-centrado_140x54.png","width":140,"height":54,"caption":"veredes, arquitectura y divulgaci\u00f3n"},"image":{"@id":"https:\/\/veredes.es\/blog\/#\/schema\/logo\/image\/"},"sameAs":["https:\/\/www.facebook.com\/veredesArquitecturayDivulgacion\/","https:\/\/x.com\/veredes","https:\/\/instagram.com\/veredes\/","https:\/\/www.linkedin.com\/company\/veredes-arquitectura-y-divulgacion\/","https:\/\/es.pinterest.com\/veredes\/","https:\/\/www.tumblr.com\/veredes"]},{"@type":"Person","@id":"https:\/\/veredes.es\/blog\/#\/schema\/person\/0bbb669073ef7faba5168a0844e93d2c","name":"veredes","image":{"@type":"ImageObject","inLanguage":"es","@id":"https:\/\/veredes.es\/blog\/wp-content\/uploads\/2018\/04\/face-96x96.jpg","url":"https:\/\/veredes.es\/blog\/wp-content\/uploads\/2018\/04\/face-96x96.jpg","contentUrl":"https:\/\/veredes.es\/blog\/wp-content\/uploads\/2018\/04\/face-96x96.jpg","caption":"veredes"},"description":"Surge enero de 2009 como b\u00fasqueda de satisfacer el conocimiento de la actividad arquitect\u00f3nica y tangentes que se generan. La idea es crear un espacio para divulgar los diversos proyectos en busca de nueva inspiraci\u00f3n y de intercambio.","sameAs":["https:\/\/veredes.es\/","https:\/\/www.facebook.com\/veredesArquitecturayDivulgacion\/","https:\/\/www.instagram.com\/veredes\/","https:\/\/www.linkedin.com\/company\/veredes-arquitectura-y-divulgacion\/","https:\/\/www.pinterest.es\/veredes\/","https:\/\/x.com\/https:\/\/twitter.com\/veredes","https:\/\/veredes.tumblr.com\/"],"url":"https:\/\/veredes.es\/blog\/author\/alberto\/"}]}},"_links":{"self":[{"href":"https:\/\/veredes.es\/blog\/wp-json\/wp\/v2\/posts\/39452","targetHints":{"allow":["GET"]}}],"collection":[{"href":"https:\/\/veredes.es\/blog\/wp-json\/wp\/v2\/posts"}],"about":[{"href":"https:\/\/veredes.es\/blog\/wp-json\/wp\/v2\/types\/post"}],"author":[{"embeddable":true,"href":"https:\/\/veredes.es\/blog\/wp-json\/wp\/v2\/users\/2"}],"replies":[{"embeddable":true,"href":"https:\/\/veredes.es\/blog\/wp-json\/wp\/v2\/comments?post=39452"}],"version-history":[{"count":0,"href":"https:\/\/veredes.es\/blog\/wp-json\/wp\/v2\/posts\/39452\/revisions"}],"wp:featuredmedia":[{"embeddable":true,"href":"https:\/\/veredes.es\/blog\/wp-json\/wp\/v2\/media\/39454"}],"wp:attachment":[{"href":"https:\/\/veredes.es\/blog\/wp-json\/wp\/v2\/media?parent=39452"}],"wp:term":[{"taxonomy":"category","embeddable":true,"href":"https:\/\/veredes.es\/blog\/wp-json\/wp\/v2\/categories?post=39452"},{"taxonomy":"post_tag","embeddable":true,"href":"https:\/\/veredes.es\/blog\/wp-json\/wp\/v2\/tags?post=39452"}],"curies":[{"name":"wp","href":"https:\/\/api.w.org\/{rel}","templated":true}]}}