{"id":38665,"date":"2014-03-04T06:37:32","date_gmt":"2014-03-04T05:37:32","guid":{"rendered":"http:\/\/veredes.es\/blog\/?p=38665"},"modified":"2021-07-08T14:14:33","modified_gmt":"2021-07-08T12:14:33","slug":"alfonso-salgado-espacio-y-tiempo-memoria-y-territorio","status":"publish","type":"post","link":"https:\/\/veredes.es\/blog\/alfonso-salgado-espacio-y-tiempo-memoria-y-territorio\/","title":{"rendered":"Alfonso Salgado: Espacio y tiempo. Memoria y territorio"},"content":{"rendered":"<p>http:\/\/vimeo.com\/85611297<\/p>\n<p style=\"text-align: justify;\">Conferencia del arquitecto Alfonso Salgado dentro de las jornadas de Arquitectura y Territorio rural celebradas en Callobre (A Estrada) el viernes 26 de Julio de 2013 organizadas por rvr arquitectos.<\/p>\n<p style=\"text-align: justify;\">Tres proyectos:<\/p>\n<p style=\"text-align: justify;\"><strong>Pedrach\u00e1n<\/strong><br \/>\n<em>Unha meni\u00f1a almorza mentres mira como a londra se mergulla. Est\u00e1 na casa da s\u00faa avoa&#8230;<\/em><br \/>\nLa Pedrach\u00e1n parece, a primera vista, en una situaci\u00f3n inc\u00f3moda, perif\u00e9rica&#8230;, pero es una falsa impresi\u00f3n. Esta condici\u00f3n, literalmente orillada y de espaldas al n\u00facleo, ofrece, si prestamos la debida atenci\u00f3n, evidentes ventajas y m\u00ednimos inconvenientes. M\u00e1s all\u00e1 de estos \u00faltimos, se trata de una condici\u00f3n singular que es necesario respetar y aun fortalecer, pues hay en ella una cierta atm\u00f3sfera que reconforta y sosiega, como de lugar m\u00e1gico y fuera del tiempo&#8230;<\/p>\n<p style=\"text-align: justify;\"><strong>Raxoi<\/strong><br \/>\nEl an\u00e1lisis riguroso de los sucesivos planos hist\u00f3ricos del \u00e1mbito proporciona las claves del proyecto. En la esquina este de la plaza, un peque\u00f1o \u00e1mbito circular permanece como testigo mudo de los sucesivos cambios&#8230;<\/p>\n<p style=\"text-align: justify;\"><strong>Chainza<\/strong><br \/>\nEl barrio de La Chainza, al otro lado del Puente de Noia, tiene larga historia. Punteado desde antiguo sobre la traza del Cami\u00f1o Real, fue de toda la vida lugar de paso obligado desde el extramuros de Noia. La nueva carretera en cierto modo lo orill\u00f3: y, como un meandro desgajado de las rutas de tr\u00e1nsito, la Chainza fue empujada de pronto contra el borde mar\u00edtimo, y se vio constre\u00f1ida y aislada, pero esto la salv\u00f3&#8230;<br \/>\nPues la Chainza, a pesar de su escasa actividad, conserva a d\u00eda de hoy la escala adecuada, la que le es propia y le da sentido; su estado de decaimiento es reversible, y su situaci\u00f3n y car\u00e1cter, presentes en todo el \u00e1mbito, la hacen merecedora de mejor condici\u00f3n, es decir, merecedora de ser algo m\u00e1s que un \u201catajo para listos\u201d&#8230;<\/p>\n<p><\/p>","protected":false},"excerpt":{"rendered":"<p>http:\/\/vimeo.com\/85611297 Conferencia del arquitecto Alfonso Salgado dentro de las jornadas de Arquitectura y Territorio rural celebradas en Callobre (A Estrada) el viernes 26 de Julio de 2013 organizadas por rvr arquitectos. Tres proyectos: Pedrach\u00e1n Unha meni\u00f1a almorza mentres mira como a londra se mergulla. Est\u00e1 na casa da s\u00faa avoa&#8230; La Pedrach\u00e1n parece, a primera [&hellip;]<\/p>\n","protected":false},"author":2,"featured_media":39050,"comment_status":"open","ping_status":"closed","sticky":false,"template":"","format":"standard","meta":{"footnotes":""},"categories":[4854],"tags":[8820,4071,5865,4303,357,521,1787,8351,5426,619,8353,3784,1197,5717,1209,12474],"class_list":{"0":"post-38665","1":"post","2":"type-post","3":"status-publish","4":"format-standard","5":"has-post-thumbnail","7":"category-tv","8":"tag-a-cidade-intuida","9":"tag-alfonso-salgado-suarez","10":"tag-arquitectura-gallega","11":"tag-arquitectura-y-territorio-rural","13":"tag-espana","14":"tag-europa","15":"tag-francisco-alonso-de-santos","16":"tag-fundacion-maria-martinez-otero","17":"tag-galicia","18":"tag-javier-fernandez-munoz","19":"tag-jose-valladares-duran","20":"tag-rvr-arquitectos","21":"tag-salgado-e-linares-arquitectos","22":"tag-santiago-de-compostela","23":"tag-tv"},"yoast_head":"<!-- This site is optimized with the Yoast SEO plugin v27.4 - https:\/\/yoast.com\/product\/yoast-seo-wordpress\/ -->\n<title>Alfonso Salgado: Espacio y tiempo. Memoria y territorio - veredes<\/title>\n<meta name=\"description\" content=\"Toda la informaci\u00f3n sobre: [:es]Alfonso Salgado: Espacio y tiempo. Memoria y territorio[:gl]Alfonso Salgado: Espazo e tempo. Memoria e territorio[:en]Alfonso Salgado: Space and time. Memory and territory[:]\" \/>\n<meta name=\"robots\" content=\"index, follow, max-snippet:-1, max-image-preview:large, max-video-preview:-1\" \/>\n<link rel=\"canonical\" href=\"https:\/\/veredes.es\/blog\/alfonso-salgado-espacio-y-tiempo-memoria-y-territorio\/\" \/>\n<meta property=\"og:locale\" content=\"es_ES\" \/>\n<meta property=\"og:type\" content=\"article\" \/>\n<meta property=\"og:title\" content=\"[:es]Alfonso Salgado: Espacio y tiempo. Memoria y territorio[:gl]Alfonso Salgado: Espazo e tempo. Memoria e territorio[:en]Alfonso Salgado: Space and time. Memory and territory[:] - veredes\" \/>\n<meta property=\"og:description\" content=\"Toda la informaci\u00f3n sobre: [:es]Alfonso Salgado: Espacio y tiempo. Memoria y territorio[:gl]Alfonso Salgado: Espazo e tempo. Memoria e territorio[:en]Alfonso Salgado: Space and time. Memory and territory[:]\" \/>\n<meta property=\"og:url\" content=\"https:\/\/veredes.es\/blog\/alfonso-salgado-espacio-y-tiempo-memoria-y-territorio\/\" \/>\n<meta property=\"og:site_name\" content=\"veredes, arquitectura y divulgaci\u00f3n\" \/>\n<meta property=\"article:publisher\" content=\"https:\/\/www.facebook.com\/veredesArquitecturayDivulgacion\/\" \/>\n<meta property=\"article:author\" content=\"https:\/\/www.facebook.com\/veredesArquitecturayDivulgacion\/\" \/>\n<meta property=\"article:published_time\" content=\"2014-03-04T05:37:32+00:00\" \/>\n<meta property=\"article:modified_time\" content=\"2021-07-08T12:14:33+00:00\" \/>\n<meta property=\"og:image\" content=\"https:\/\/veredes.es\/blog\/wp-content\/uploads\/2014\/03\/alfonso-salgado-espacio-y-tiempo.jpg\" \/>\n\t<meta property=\"og:image:width\" content=\"1280\" \/>\n\t<meta property=\"og:image:height\" content=\"960\" \/>\n\t<meta property=\"og:image:type\" content=\"image\/jpeg\" \/>\n<meta name=\"author\" content=\"veredes\" \/>\n<meta name=\"twitter:card\" content=\"summary_large_image\" \/>\n<meta name=\"twitter:creator\" content=\"@https:\/\/twitter.com\/veredes\" \/>\n<meta name=\"twitter:site\" content=\"@veredes\" \/>\n<meta name=\"twitter:label1\" content=\"Escrito por\" \/>\n\t<meta name=\"twitter:data1\" content=\"veredes\" \/>\n\t<meta name=\"twitter:label2\" content=\"Tiempo de lectura\" \/>\n\t<meta name=\"twitter:data2\" content=\"5 minutos\" \/>\n<script type=\"application\/ld+json\" class=\"yoast-schema-graph\">{\"@context\":\"https:\\\/\\\/schema.org\",\"@graph\":[{\"@type\":\"Article\",\"@id\":\"https:\\\/\\\/veredes.es\\\/blog\\\/alfonso-salgado-espacio-y-tiempo-memoria-y-territorio\\\/#article\",\"isPartOf\":{\"@id\":\"https:\\\/\\\/veredes.es\\\/blog\\\/alfonso-salgado-espacio-y-tiempo-memoria-y-territorio\\\/\"},\"author\":{\"name\":\"veredes\",\"@id\":\"https:\\\/\\\/veredes.es\\\/blog\\\/#\\\/schema\\\/person\\\/0bbb669073ef7faba5168a0844e93d2c\"},\"headline\":\"Alfonso Salgado: Espacio y tiempo. Memoria y territorio\",\"datePublished\":\"2014-03-04T05:37:32+00:00\",\"dateModified\":\"2021-07-08T12:14:33+00:00\",\"mainEntityOfPage\":{\"@id\":\"https:\\\/\\\/veredes.es\\\/blog\\\/alfonso-salgado-espacio-y-tiempo-memoria-y-territorio\\\/\"},\"wordCount\":974,\"commentCount\":1,\"publisher\":{\"@id\":\"https:\\\/\\\/veredes.es\\\/blog\\\/#organization\"},\"image\":{\"@id\":\"https:\\\/\\\/veredes.es\\\/blog\\\/alfonso-salgado-espacio-y-tiempo-memoria-y-territorio\\\/#primaryimage\"},\"thumbnailUrl\":\"https:\\\/\\\/veredes.es\\\/blog\\\/wp-content\\\/uploads\\\/2014\\\/03\\\/alfonso-salgado-espacio-y-tiempo.jpg\",\"keywords\":[\"A Cidade Intuida\",\"Alfonso Salgado Su\u00e1rez\",\"arquitectura gallega\",\"arquitectura y territorio rural\",\"conferencia\",\"Espa\u00f1a\",\"Europa\",\"Francisco Alonso de Santos\",\"fundaci\u00f3n Mar\u00eda Mart\u00ednez Otero\",\"Galicia\",\"javier fern\u00e1ndez mu\u00f1oz\",\"Jos\u00e9 Valladares Dur\u00e1n\",\"rvr arquitectos\",\"Salgado e Li\u00f1ares Arquitectos\",\"Santiago de Compostela\",\"tv\"],\"articleSection\":[\"tv\"],\"inLanguage\":\"es\",\"potentialAction\":[{\"@type\":\"CommentAction\",\"name\":\"Comment\",\"target\":[\"https:\\\/\\\/veredes.es\\\/blog\\\/alfonso-salgado-espacio-y-tiempo-memoria-y-territorio\\\/#respond\"]}]},{\"@type\":\"WebPage\",\"@id\":\"https:\\\/\\\/veredes.es\\\/blog\\\/alfonso-salgado-espacio-y-tiempo-memoria-y-territorio\\\/\",\"url\":\"https:\\\/\\\/veredes.es\\\/blog\\\/alfonso-salgado-espacio-y-tiempo-memoria-y-territorio\\\/\",\"name\":\"[:es]Alfonso Salgado: Espacio y tiempo. Memoria y territorio[:gl]Alfonso Salgado: Espazo e tempo. Memoria e territorio[:en]Alfonso Salgado: Space and time. Memory and territory[:] - veredes\",\"isPartOf\":{\"@id\":\"https:\\\/\\\/veredes.es\\\/blog\\\/#website\"},\"primaryImageOfPage\":{\"@id\":\"https:\\\/\\\/veredes.es\\\/blog\\\/alfonso-salgado-espacio-y-tiempo-memoria-y-territorio\\\/#primaryimage\"},\"image\":{\"@id\":\"https:\\\/\\\/veredes.es\\\/blog\\\/alfonso-salgado-espacio-y-tiempo-memoria-y-territorio\\\/#primaryimage\"},\"thumbnailUrl\":\"https:\\\/\\\/veredes.es\\\/blog\\\/wp-content\\\/uploads\\\/2014\\\/03\\\/alfonso-salgado-espacio-y-tiempo.jpg\",\"datePublished\":\"2014-03-04T05:37:32+00:00\",\"dateModified\":\"2021-07-08T12:14:33+00:00\",\"description\":\"Toda la informaci\u00f3n sobre: [:es]Alfonso Salgado: Espacio y tiempo. Memoria y territorio[:gl]Alfonso Salgado: Espazo e tempo. Memoria e territorio[:en]Alfonso Salgado: Space and time. Memory and territory[:]\",\"breadcrumb\":{\"@id\":\"https:\\\/\\\/veredes.es\\\/blog\\\/alfonso-salgado-espacio-y-tiempo-memoria-y-territorio\\\/#breadcrumb\"},\"inLanguage\":\"es\",\"potentialAction\":[{\"@type\":\"ReadAction\",\"target\":[\"https:\\\/\\\/veredes.es\\\/blog\\\/alfonso-salgado-espacio-y-tiempo-memoria-y-territorio\\\/\"]}]},{\"@type\":\"ImageObject\",\"inLanguage\":\"es\",\"@id\":\"https:\\\/\\\/veredes.es\\\/blog\\\/alfonso-salgado-espacio-y-tiempo-memoria-y-territorio\\\/#primaryimage\",\"url\":\"https:\\\/\\\/veredes.es\\\/blog\\\/wp-content\\\/uploads\\\/2014\\\/03\\\/alfonso-salgado-espacio-y-tiempo.jpg\",\"contentUrl\":\"https:\\\/\\\/veredes.es\\\/blog\\\/wp-content\\\/uploads\\\/2014\\\/03\\\/alfonso-salgado-espacio-y-tiempo.jpg\",\"width\":\"1280\",\"height\":\"960\"},{\"@type\":\"BreadcrumbList\",\"@id\":\"https:\\\/\\\/veredes.es\\\/blog\\\/alfonso-salgado-espacio-y-tiempo-memoria-y-territorio\\\/#breadcrumb\",\"itemListElement\":[{\"@type\":\"ListItem\",\"position\":1,\"name\":\"Portada\",\"item\":\"https:\\\/\\\/veredes.es\\\/blog\\\/\"},{\"@type\":\"ListItem\",\"position\":2,\"name\":\"Alfonso Salgado: Espacio y tiempo. Memoria y territorio\"}]},{\"@type\":\"WebSite\",\"@id\":\"https:\\\/\\\/veredes.es\\\/blog\\\/#website\",\"url\":\"https:\\\/\\\/veredes.es\\\/blog\\\/\",\"name\":\"veredes, arquitectura y divulgaci\u00f3n\",\"description\":\"veredes\",\"publisher\":{\"@id\":\"https:\\\/\\\/veredes.es\\\/blog\\\/#organization\"},\"alternateName\":\"veredes\",\"potentialAction\":[{\"@type\":\"SearchAction\",\"target\":{\"@type\":\"EntryPoint\",\"urlTemplate\":\"https:\\\/\\\/veredes.es\\\/blog\\\/?s={search_term_string}\"},\"query-input\":{\"@type\":\"PropertyValueSpecification\",\"valueRequired\":true,\"valueName\":\"search_term_string\"}}],\"inLanguage\":\"es\"},{\"@type\":\"Organization\",\"@id\":\"https:\\\/\\\/veredes.es\\\/blog\\\/#organization\",\"name\":\"veredes, arquitectura y divulgaci\u00f3n\",\"alternateName\":\"veredes\",\"url\":\"https:\\\/\\\/veredes.es\\\/blog\\\/\",\"logo\":{\"@type\":\"ImageObject\",\"inLanguage\":\"es\",\"@id\":\"https:\\\/\\\/veredes.es\\\/blog\\\/#\\\/schema\\\/logo\\\/image\\\/\",\"url\":\"https:\\\/\\\/veredes.es\\\/blog\\\/wp-content\\\/uploads\\\/2021\\\/12\\\/veredes-logo-centrado_140x54.png\",\"contentUrl\":\"https:\\\/\\\/veredes.es\\\/blog\\\/wp-content\\\/uploads\\\/2021\\\/12\\\/veredes-logo-centrado_140x54.png\",\"width\":140,\"height\":54,\"caption\":\"veredes, arquitectura y divulgaci\u00f3n\"},\"image\":{\"@id\":\"https:\\\/\\\/veredes.es\\\/blog\\\/#\\\/schema\\\/logo\\\/image\\\/\"},\"sameAs\":[\"https:\\\/\\\/www.facebook.com\\\/veredesArquitecturayDivulgacion\\\/\",\"https:\\\/\\\/x.com\\\/veredes\",\"https:\\\/\\\/instagram.com\\\/veredes\\\/\",\"https:\\\/\\\/www.linkedin.com\\\/company\\\/veredes-arquitectura-y-divulgacion\\\/\",\"https:\\\/\\\/es.pinterest.com\\\/veredes\\\/\",\"https:\\\/\\\/www.tumblr.com\\\/veredes\"]},{\"@type\":\"Person\",\"@id\":\"https:\\\/\\\/veredes.es\\\/blog\\\/#\\\/schema\\\/person\\\/0bbb669073ef7faba5168a0844e93d2c\",\"name\":\"veredes\",\"image\":{\"@type\":\"ImageObject\",\"inLanguage\":\"es\",\"@id\":\"https:\\\/\\\/veredes.es\\\/blog\\\/wp-content\\\/uploads\\\/2018\\\/04\\\/face-96x96.jpg\",\"url\":\"https:\\\/\\\/veredes.es\\\/blog\\\/wp-content\\\/uploads\\\/2018\\\/04\\\/face-96x96.jpg\",\"contentUrl\":\"https:\\\/\\\/veredes.es\\\/blog\\\/wp-content\\\/uploads\\\/2018\\\/04\\\/face-96x96.jpg\",\"caption\":\"veredes\"},\"description\":\"Surge enero de 2009 como b\u00fasqueda de satisfacer el conocimiento de la actividad arquitect\u00f3nica y tangentes que se generan. La idea es crear un espacio para divulgar los diversos proyectos en busca de nueva inspiraci\u00f3n y de intercambio.\",\"sameAs\":[\"https:\\\/\\\/veredes.es\\\/\",\"https:\\\/\\\/www.facebook.com\\\/veredesArquitecturayDivulgacion\\\/\",\"https:\\\/\\\/www.instagram.com\\\/veredes\\\/\",\"https:\\\/\\\/www.linkedin.com\\\/company\\\/veredes-arquitectura-y-divulgacion\\\/\",\"https:\\\/\\\/www.pinterest.es\\\/veredes\\\/\",\"https:\\\/\\\/x.com\\\/https:\\\/\\\/twitter.com\\\/veredes\",\"https:\\\/\\\/veredes.tumblr.com\\\/\"],\"url\":\"https:\\\/\\\/veredes.es\\\/blog\\\/author\\\/alberto\\\/\"}]}<\/script>\n<!-- \/ Yoast SEO plugin. -->","yoast_head_json":{"title":"[:es]Alfonso Salgado: Espacio y tiempo. Memoria y territorio[:gl]Alfonso Salgado: Espazo e tempo. Memoria e territorio[:en]Alfonso Salgado: Space and time. Memory and territory[:] - veredes","description":"Toda la informaci\u00f3n sobre: [:es]Alfonso Salgado: Espacio y tiempo. Memoria y territorio[:gl]Alfonso Salgado: Espazo e tempo. Memoria e territorio[:en]Alfonso Salgado: Space and time. Memory and territory[:]","robots":{"index":"index","follow":"follow","max-snippet":"max-snippet:-1","max-image-preview":"max-image-preview:large","max-video-preview":"max-video-preview:-1"},"canonical":"https:\/\/veredes.es\/blog\/alfonso-salgado-espacio-y-tiempo-memoria-y-territorio\/","og_locale":"es_ES","og_type":"article","og_title":"[:es]Alfonso Salgado: Espacio y tiempo. Memoria y territorio[:gl]Alfonso Salgado: Espazo e tempo. Memoria e territorio[:en]Alfonso Salgado: Space and time. Memory and territory[:] - veredes","og_description":"Toda la informaci\u00f3n sobre: [:es]Alfonso Salgado: Espacio y tiempo. Memoria y territorio[:gl]Alfonso Salgado: Espazo e tempo. Memoria e territorio[:en]Alfonso Salgado: Space and time. Memory and territory[:]","og_url":"https:\/\/veredes.es\/blog\/alfonso-salgado-espacio-y-tiempo-memoria-y-territorio\/","og_site_name":"veredes, arquitectura y divulgaci\u00f3n","article_publisher":"https:\/\/www.facebook.com\/veredesArquitecturayDivulgacion\/","article_author":"https:\/\/www.facebook.com\/veredesArquitecturayDivulgacion\/","article_published_time":"2014-03-04T05:37:32+00:00","article_modified_time":"2021-07-08T12:14:33+00:00","og_image":[{"width":1280,"height":960,"url":"https:\/\/veredes.es\/blog\/wp-content\/uploads\/2014\/03\/alfonso-salgado-espacio-y-tiempo.jpg","type":"image\/jpeg"}],"author":"veredes","twitter_card":"summary_large_image","twitter_creator":"@https:\/\/twitter.com\/veredes","twitter_site":"@veredes","twitter_misc":{"Escrito por":"veredes","Tiempo de lectura":"5 minutos"},"schema":{"@context":"https:\/\/schema.org","@graph":[{"@type":"Article","@id":"https:\/\/veredes.es\/blog\/alfonso-salgado-espacio-y-tiempo-memoria-y-territorio\/#article","isPartOf":{"@id":"https:\/\/veredes.es\/blog\/alfonso-salgado-espacio-y-tiempo-memoria-y-territorio\/"},"author":{"name":"veredes","@id":"https:\/\/veredes.es\/blog\/#\/schema\/person\/0bbb669073ef7faba5168a0844e93d2c"},"headline":"Alfonso Salgado: Espacio y tiempo. Memoria y territorio","datePublished":"2014-03-04T05:37:32+00:00","dateModified":"2021-07-08T12:14:33+00:00","mainEntityOfPage":{"@id":"https:\/\/veredes.es\/blog\/alfonso-salgado-espacio-y-tiempo-memoria-y-territorio\/"},"wordCount":974,"commentCount":1,"publisher":{"@id":"https:\/\/veredes.es\/blog\/#organization"},"image":{"@id":"https:\/\/veredes.es\/blog\/alfonso-salgado-espacio-y-tiempo-memoria-y-territorio\/#primaryimage"},"thumbnailUrl":"https:\/\/veredes.es\/blog\/wp-content\/uploads\/2014\/03\/alfonso-salgado-espacio-y-tiempo.jpg","keywords":["A Cidade Intuida","Alfonso Salgado Su\u00e1rez","arquitectura gallega","arquitectura y territorio rural","conferencia","Espa\u00f1a","Europa","Francisco Alonso de Santos","fundaci\u00f3n Mar\u00eda Mart\u00ednez Otero","Galicia","javier fern\u00e1ndez mu\u00f1oz","Jos\u00e9 Valladares Dur\u00e1n","rvr arquitectos","Salgado e Li\u00f1ares Arquitectos","Santiago de Compostela","tv"],"articleSection":["tv"],"inLanguage":"es","potentialAction":[{"@type":"CommentAction","name":"Comment","target":["https:\/\/veredes.es\/blog\/alfonso-salgado-espacio-y-tiempo-memoria-y-territorio\/#respond"]}]},{"@type":"WebPage","@id":"https:\/\/veredes.es\/blog\/alfonso-salgado-espacio-y-tiempo-memoria-y-territorio\/","url":"https:\/\/veredes.es\/blog\/alfonso-salgado-espacio-y-tiempo-memoria-y-territorio\/","name":"[:es]Alfonso Salgado: Espacio y tiempo. Memoria y territorio[:gl]Alfonso Salgado: Espazo e tempo. Memoria e territorio[:en]Alfonso Salgado: Space and time. Memory and territory[:] - veredes","isPartOf":{"@id":"https:\/\/veredes.es\/blog\/#website"},"primaryImageOfPage":{"@id":"https:\/\/veredes.es\/blog\/alfonso-salgado-espacio-y-tiempo-memoria-y-territorio\/#primaryimage"},"image":{"@id":"https:\/\/veredes.es\/blog\/alfonso-salgado-espacio-y-tiempo-memoria-y-territorio\/#primaryimage"},"thumbnailUrl":"https:\/\/veredes.es\/blog\/wp-content\/uploads\/2014\/03\/alfonso-salgado-espacio-y-tiempo.jpg","datePublished":"2014-03-04T05:37:32+00:00","dateModified":"2021-07-08T12:14:33+00:00","description":"Toda la informaci\u00f3n sobre: [:es]Alfonso Salgado: Espacio y tiempo. Memoria y territorio[:gl]Alfonso Salgado: Espazo e tempo. Memoria e territorio[:en]Alfonso Salgado: Space and time. Memory and territory[:]","breadcrumb":{"@id":"https:\/\/veredes.es\/blog\/alfonso-salgado-espacio-y-tiempo-memoria-y-territorio\/#breadcrumb"},"inLanguage":"es","potentialAction":[{"@type":"ReadAction","target":["https:\/\/veredes.es\/blog\/alfonso-salgado-espacio-y-tiempo-memoria-y-territorio\/"]}]},{"@type":"ImageObject","inLanguage":"es","@id":"https:\/\/veredes.es\/blog\/alfonso-salgado-espacio-y-tiempo-memoria-y-territorio\/#primaryimage","url":"https:\/\/veredes.es\/blog\/wp-content\/uploads\/2014\/03\/alfonso-salgado-espacio-y-tiempo.jpg","contentUrl":"https:\/\/veredes.es\/blog\/wp-content\/uploads\/2014\/03\/alfonso-salgado-espacio-y-tiempo.jpg","width":"1280","height":"960"},{"@type":"BreadcrumbList","@id":"https:\/\/veredes.es\/blog\/alfonso-salgado-espacio-y-tiempo-memoria-y-territorio\/#breadcrumb","itemListElement":[{"@type":"ListItem","position":1,"name":"Portada","item":"https:\/\/veredes.es\/blog\/"},{"@type":"ListItem","position":2,"name":"Alfonso Salgado: Espacio y tiempo. Memoria y territorio"}]},{"@type":"WebSite","@id":"https:\/\/veredes.es\/blog\/#website","url":"https:\/\/veredes.es\/blog\/","name":"veredes, arquitectura y divulgaci\u00f3n","description":"veredes","publisher":{"@id":"https:\/\/veredes.es\/blog\/#organization"},"alternateName":"veredes","potentialAction":[{"@type":"SearchAction","target":{"@type":"EntryPoint","urlTemplate":"https:\/\/veredes.es\/blog\/?s={search_term_string}"},"query-input":{"@type":"PropertyValueSpecification","valueRequired":true,"valueName":"search_term_string"}}],"inLanguage":"es"},{"@type":"Organization","@id":"https:\/\/veredes.es\/blog\/#organization","name":"veredes, arquitectura y divulgaci\u00f3n","alternateName":"veredes","url":"https:\/\/veredes.es\/blog\/","logo":{"@type":"ImageObject","inLanguage":"es","@id":"https:\/\/veredes.es\/blog\/#\/schema\/logo\/image\/","url":"https:\/\/veredes.es\/blog\/wp-content\/uploads\/2021\/12\/veredes-logo-centrado_140x54.png","contentUrl":"https:\/\/veredes.es\/blog\/wp-content\/uploads\/2021\/12\/veredes-logo-centrado_140x54.png","width":140,"height":54,"caption":"veredes, arquitectura y divulgaci\u00f3n"},"image":{"@id":"https:\/\/veredes.es\/blog\/#\/schema\/logo\/image\/"},"sameAs":["https:\/\/www.facebook.com\/veredesArquitecturayDivulgacion\/","https:\/\/x.com\/veredes","https:\/\/instagram.com\/veredes\/","https:\/\/www.linkedin.com\/company\/veredes-arquitectura-y-divulgacion\/","https:\/\/es.pinterest.com\/veredes\/","https:\/\/www.tumblr.com\/veredes"]},{"@type":"Person","@id":"https:\/\/veredes.es\/blog\/#\/schema\/person\/0bbb669073ef7faba5168a0844e93d2c","name":"veredes","image":{"@type":"ImageObject","inLanguage":"es","@id":"https:\/\/veredes.es\/blog\/wp-content\/uploads\/2018\/04\/face-96x96.jpg","url":"https:\/\/veredes.es\/blog\/wp-content\/uploads\/2018\/04\/face-96x96.jpg","contentUrl":"https:\/\/veredes.es\/blog\/wp-content\/uploads\/2018\/04\/face-96x96.jpg","caption":"veredes"},"description":"Surge enero de 2009 como b\u00fasqueda de satisfacer el conocimiento de la actividad arquitect\u00f3nica y tangentes que se generan. La idea es crear un espacio para divulgar los diversos proyectos en busca de nueva inspiraci\u00f3n y de intercambio.","sameAs":["https:\/\/veredes.es\/","https:\/\/www.facebook.com\/veredesArquitecturayDivulgacion\/","https:\/\/www.instagram.com\/veredes\/","https:\/\/www.linkedin.com\/company\/veredes-arquitectura-y-divulgacion\/","https:\/\/www.pinterest.es\/veredes\/","https:\/\/x.com\/https:\/\/twitter.com\/veredes","https:\/\/veredes.tumblr.com\/"],"url":"https:\/\/veredes.es\/blog\/author\/alberto\/"}]}},"_links":{"self":[{"href":"https:\/\/veredes.es\/blog\/wp-json\/wp\/v2\/posts\/38665","targetHints":{"allow":["GET"]}}],"collection":[{"href":"https:\/\/veredes.es\/blog\/wp-json\/wp\/v2\/posts"}],"about":[{"href":"https:\/\/veredes.es\/blog\/wp-json\/wp\/v2\/types\/post"}],"author":[{"embeddable":true,"href":"https:\/\/veredes.es\/blog\/wp-json\/wp\/v2\/users\/2"}],"replies":[{"embeddable":true,"href":"https:\/\/veredes.es\/blog\/wp-json\/wp\/v2\/comments?post=38665"}],"version-history":[{"count":0,"href":"https:\/\/veredes.es\/blog\/wp-json\/wp\/v2\/posts\/38665\/revisions"}],"wp:featuredmedia":[{"embeddable":true,"href":"https:\/\/veredes.es\/blog\/wp-json\/wp\/v2\/media\/39050"}],"wp:attachment":[{"href":"https:\/\/veredes.es\/blog\/wp-json\/wp\/v2\/media?parent=38665"}],"wp:term":[{"taxonomy":"category","embeddable":true,"href":"https:\/\/veredes.es\/blog\/wp-json\/wp\/v2\/categories?post=38665"},{"taxonomy":"post_tag","embeddable":true,"href":"https:\/\/veredes.es\/blog\/wp-json\/wp\/v2\/tags?post=38665"}],"curies":[{"name":"wp","href":"https:\/\/api.w.org\/{rel}","templated":true}]}}