{"id":36389,"date":"2014-09-26T05:46:55","date_gmt":"2014-09-26T05:46:55","guid":{"rendered":"http:\/\/veredes.es\/blog\/?p=36389"},"modified":"2023-01-13T16:37:37","modified_gmt":"2023-01-13T15:37:37","slug":"la-belleza-de-lo-feo-inigo-garcia-odiaga","status":"publish","type":"post","link":"https:\/\/veredes.es\/blog\/la-belleza-de-lo-feo-inigo-garcia-odiaga\/","title":{"rendered":"La belleza de lo feo | \u00cd\u00f1igo Garc\u00eda Odiaga"},"content":{"rendered":"<p><figure id=\"attachment_36390\" aria-describedby=\"caption-attachment-36390\" style=\"width: 750px\" class=\"wp-caption alignnone\"><a href=\"http:\/\/veredes.es\/blog\/wp-content\/uploads\/2013\/12\/HdM-Serpentine-2012-vaumm-arquitectos-donostia-gipuzkoa-architecture-herzog-de-meuron.jpg\"><img loading=\"lazy\" decoding=\"async\" class=\"wp-image-36390\" title=\"HdM-Serpentine-2012-vaumm-arquitectos-donostia-gipuzkoa-architecture-herzog-de-meuron\" src=\"http:\/\/veredes.es\/blog\/wp-content\/uploads\/2013\/12\/HdM-Serpentine-2012-vaumm-arquitectos-donostia-gipuzkoa-architecture-herzog-de-meuron.jpg\" alt=\"\" width=\"750\" height=\"500\" srcset=\"https:\/\/veredes.es\/blog\/wp-content\/uploads\/2013\/12\/HdM-Serpentine-2012-vaumm-arquitectos-donostia-gipuzkoa-architecture-herzog-de-meuron.jpg 620w, https:\/\/veredes.es\/blog\/wp-content\/uploads\/2013\/12\/HdM-Serpentine-2012-vaumm-arquitectos-donostia-gipuzkoa-architecture-herzog-de-meuron-300x199.jpg 300w\" sizes=\"auto, (max-width: 750px) 100vw, 750px\" \/><\/a><figcaption id=\"caption-attachment-36390\" class=\"wp-caption-text\"><span style=\"color: #888888;\">Pabell\u00f3n de verano de la Serpentine Gallery, 2012, Herzog &amp; de Meuron<\/span><\/figcaption><\/figure><\/p>\n<p style=\"text-align: justify;\">Como ha ocurrido todos los a\u00f1os desde el 2000, el 1 de junio de 2012 se abri\u00f3 al p\u00fablico el pabell\u00f3n de verano de la Serpentine Gallery de Londres. El Pabell\u00f3n de 2012 ha sido realizado por los arquitectos suizos Herzog &amp; de Meuron en colaboraci\u00f3n con el artista chino Ai Weiwei. El equipo que fue responsable del edificio m\u00e1s emblem\u00e1tico de los Juegos Ol\u00edmpicos de Beijing 2008, el nido, el Estadio Ol\u00edmpico, se re\u00fane de nuevo en Londres en 2012 para resolver el reto de la Serpentine, una cita marcada ya en el calendario arquitect\u00f3nico y que pretende revivir en el Londres 2012, una especie de olimpiada cultural.<\/p>\n<p style=\"text-align: justify;\">La idea de construir un pabell\u00f3n de verano en los jardines de Kensington que rodean la Serpentine Gallery parti\u00f3 en el a\u00f1o 2000 de la directora de la entidad Julia Peyton-Jones y con el paso del tiempo se ha convertido en un evento internacional para la experimentaci\u00f3n arquitect\u00f3nica y ha presentado propuestas de algunos de los mejores arquitectos del mundo. Cada pabell\u00f3n se construye en el jard\u00edn de la galer\u00eda durante tres meses y son los puntos de partida como la inmediatez, lo ef\u00edmero, as\u00ed como el tiempo dedicado para proyectarlo con un m\u00e1ximo de seis meses entre la invitaci\u00f3n y la inauguraci\u00f3n del pabell\u00f3n, lo que proporciona un modelo \u00fanico en el mundo.<\/p>\n<figure id=\"attachment_36391\" aria-describedby=\"caption-attachment-36391\" style=\"width: 750px\" class=\"wp-caption alignnone\"><a href=\"http:\/\/veredes.es\/blog\/wp-content\/uploads\/2013\/12\/HdM-Serpentine-2012-vaumm-arquitectos-donostia-gipuzkoa-architecture-herzog-de-meuron2.jpg\"><img loading=\"lazy\" decoding=\"async\" class=\"wp-image-36391\" title=\"HdM-Serpentine-2012-vaumm-arquitectos-donostia-gipuzkoa-architecture-herzog-de-meuron2\" src=\"http:\/\/veredes.es\/blog\/wp-content\/uploads\/2013\/12\/HdM-Serpentine-2012-vaumm-arquitectos-donostia-gipuzkoa-architecture-herzog-de-meuron2.jpg\" alt=\"\" width=\"750\" height=\"500\" srcset=\"https:\/\/veredes.es\/blog\/wp-content\/uploads\/2013\/12\/HdM-Serpentine-2012-vaumm-arquitectos-donostia-gipuzkoa-architecture-herzog-de-meuron2.jpg 620w, https:\/\/veredes.es\/blog\/wp-content\/uploads\/2013\/12\/HdM-Serpentine-2012-vaumm-arquitectos-donostia-gipuzkoa-architecture-herzog-de-meuron2-300x199.jpg 300w\" sizes=\"auto, (max-width: 750px) 100vw, 750px\" \/><\/a><figcaption id=\"caption-attachment-36391\" class=\"wp-caption-text\"><span style=\"color: #888888;\">Pabell\u00f3n de verano de la Serpentine Gallery, 2012, Herzog &amp; de Meuron<\/span><\/figcaption><\/figure>\n<p style=\"text-align: justify;\">El pabell\u00f3n, al ser una estructura temporal, sin programa, abierta y de forma libre, da libertad a los dise\u00f1adores para maximizar la innovaci\u00f3n, para construir un manifiesto, una obra que pueda reflejar el pensamiento cr\u00edtico del autor, su postura ante el momento actual y el futuro de la arquitectura, el paisaje o la naturaleza.<\/p>\n<p style=\"text-align: justify;\">Es precisamente esta postura de manifiesto la que otorga m\u00e1s valor a este evento y aunque parezca contradictorio, no todos los pabellones levantados estos 12 a\u00f1os han conseguido acertar con ese mensaje. Toyo Ito en el 2002, o SANAA en el 2009 consiguieron construir pabellones que propusieron un discurso, una postura, m\u00e1s que una edificaci\u00f3n. De igual modo Peter Zumthor en la edici\u00f3n del a\u00f1o pasado logr\u00f3 trasladar a los jardines londinenses gran parte de su ideario, formalizando un claustro contempor\u00e1neo capaz de generar una atm\u00f3sfera interior independiente de la ciudad que lo rodeaba. Pero la historia de estas arquitecturas ef\u00edmeras tambi\u00e9n tiene sus peque\u00f1os fracasos como el de Oscar Niemeyer en el 2003 o el de MVRDV en el 2004. O tal vez la m\u00e1s llamativa, de \u00c1lvaro Siza y Eduardo Souto de Moura en 2005, cuya jaima tecnol\u00f3gica, m\u00e1s all\u00e1 del inter\u00e9s propio del proyecto, distaba mucho de sus recorridos personales y resultaba inexplicable como un resumen concentrado de la propuesta de los dos maestros portugueses.<\/p>\n<p style=\"text-align: justify;\">El pabell\u00f3n de este a\u00f1o, que permanecer\u00e1 abierto hasta el 14 octubre, refleja bien su condici\u00f3n de postura intelectual. De hecho el edificio podr\u00eda ser calificado como feo, abrupto o si se quiere d\u00edscolo, pero no se puede por contra negar su condici\u00f3n de ideario, de propuesta ideol\u00f3gica.<\/p>\n<p style=\"text-align: justify;\">El Pabell\u00f3n de este a\u00f1o lleva a los visitantes por debajo del c\u00e9sped del jard\u00edn de la Serpentine, para explorar la historia oculta de sus pabellones anteriores. Once columnas que caracterizan a cada pabell\u00f3n del pasado y una columna que representa la duod\u00e9cima estructura, la actual, dan apoyo a un techo plataforma flotante que se encuentra a 1,4 metros por encima de los prados de Kensington. La cubierta recuerda a la que los arque\u00f3logos colocan para proteger sus descubrimientos durante una expedici\u00f3n. Flota por encima de la hierba del parque, y permite que se estanque sobre ella una l\u00e1mina de agua de 15 cms, llena de agua, se convierte en un espejo que refleja los cielos atmosf\u00e9ricos de Londres. Para eventos especiales, el agua puede ser drenada y as\u00ed la cubierta se transforma en una pista de baile, en un escenario o simplemente en una plataforma suspendida por encima del parque.<\/p>\n<figure id=\"attachment_36392\" aria-describedby=\"caption-attachment-36392\" style=\"width: 750px\" class=\"wp-caption alignnone\"><a href=\"https:\/\/veredes.es\/blog\/wp-content\/uploads\/2013\/12\/HdM-Serpentine-2012-vaumm-arquitectos-donostia-gipuzkoa-architecture-herzog-de-meuron4.jpg\"><img loading=\"lazy\" decoding=\"async\" class=\"wp-image-36392\" title=\"HdM-Serpentine-2012-vaumm-arquitectos-donostia-gipuzkoa-architecture-herzog-de-meuron4\" src=\"https:\/\/veredes.es\/blog\/wp-content\/uploads\/2013\/12\/HdM-Serpentine-2012-vaumm-arquitectos-donostia-gipuzkoa-architecture-herzog-de-meuron4.jpg\" alt=\"\" width=\"750\" height=\"500\" srcset=\"https:\/\/veredes.es\/blog\/wp-content\/uploads\/2013\/12\/HdM-Serpentine-2012-vaumm-arquitectos-donostia-gipuzkoa-architecture-herzog-de-meuron4.jpg 620w, https:\/\/veredes.es\/blog\/wp-content\/uploads\/2013\/12\/HdM-Serpentine-2012-vaumm-arquitectos-donostia-gipuzkoa-architecture-herzog-de-meuron4-300x199.jpg 300w\" sizes=\"auto, (max-width: 750px) 100vw, 750px\" \/><\/a><figcaption id=\"caption-attachment-36392\" class=\"wp-caption-text\"><span style=\"color: #888888;\">Pabell\u00f3n de verano de la Serpentine Gallery, 2012, Herzog &amp; de Meuron<\/span><\/figcaption><\/figure>\n<p style=\"text-align: justify;\">El interior del pabell\u00f3n est\u00e1 revestido de corcho, un material de construcci\u00f3n sostenible y barato, elegido para lanzar este mensaje y para representar la condici\u00f3n de tierra excavada del interior del pabell\u00f3n.<\/p>\n<p style=\"text-align: justify;\">Tal y como ha comentado Jacques Herzog:<\/p>\n<blockquote>\n<p style=\"text-align: justify;\"><em>\u00abA medida que excavamos en la tierra nos encontramos con una diversidad de realidades construidas, tales como cables de tel\u00e9fono, conducciones de agua, el\u00e9ctricas o cimentaciones anteriores. Al igual que un equipo de arque\u00f3logos, se identifican estos fragmentos f\u00edsicos como los restos de los once pabellones construidos entre 2000 y 2011. Su forma var\u00eda: circulares, largos y estrechos, puntales o grandes agujeros. Estos restos dan testimonio de la existencia de los pabellones antiguos y su mayor o menor intervenci\u00f3n en el entorno natural del parque.\u00bb<\/em><\/p>\n<\/blockquote>\n<p style=\"text-align: justify;\">Los viejos cimientos forman una mara\u00f1a de l\u00edneas retorcidas, un paisaje distintivo a modo de ruinas arqueol\u00f3gicas pero en este caso ruinas de extrema modernidad. La realidad en tres dimensiones de este paisaje es impresionante y es un lugar perfecto para sentarse, pararse, acostarse o simplemente mirar. En otras palabras, es el ambiente ideal para seguir haciendo lo que los visitantes han venido haciendo en los Pabellones de la Serpentine Gallery en los \u00faltimos once a\u00f1os.<\/p>\n<p style=\"text-align: justify;\">Este pabell\u00f3n habla del lugar, del terreno, del suelo que pisamos y de c\u00f3mo la arquitectura lo afecta, pero tambi\u00e9n habla de la belleza de aquellas cosas que nunca se pensaron para ser vistas como las cimentaciones. Las cimentaciones no tienen ornamento, son expresi\u00f3n directa de una necesidad y tal vez en esa austeridad de lo feo, de lo esencial, est\u00e9 precisamente su belleza, al igual que en el pabell\u00f3n de Herzog, de Meuron y Ai Weiwei.<\/p>\n<figure id=\"attachment_36393\" aria-describedby=\"caption-attachment-36393\" style=\"width: 750px\" class=\"wp-caption alignnone\"><a href=\"http:\/\/veredes.es\/blog\/wp-content\/uploads\/2013\/12\/HdM-Serpentine-2012-vaumm-arquitectos-donostia-gipuzkoa-architecture-herzog-de-meuron5.jpg\"><img loading=\"lazy\" decoding=\"async\" class=\"wp-image-36393\" title=\"HdM-Serpentine-2012-vaumm-arquitectos-donostia-gipuzkoa-architecture-herzog-de-meuron5\" src=\"http:\/\/veredes.es\/blog\/wp-content\/uploads\/2013\/12\/HdM-Serpentine-2012-vaumm-arquitectos-donostia-gipuzkoa-architecture-herzog-de-meuron5.jpg\" alt=\"\" width=\"750\" height=\"500\" srcset=\"https:\/\/veredes.es\/blog\/wp-content\/uploads\/2013\/12\/HdM-Serpentine-2012-vaumm-arquitectos-donostia-gipuzkoa-architecture-herzog-de-meuron5.jpg 620w, https:\/\/veredes.es\/blog\/wp-content\/uploads\/2013\/12\/HdM-Serpentine-2012-vaumm-arquitectos-donostia-gipuzkoa-architecture-herzog-de-meuron5-300x199.jpg 300w\" sizes=\"auto, (max-width: 750px) 100vw, 750px\" \/><\/a><figcaption id=\"caption-attachment-36393\" class=\"wp-caption-text\"><span style=\"color: #888888;\">Pabell\u00f3n de verano de la Serpentine Gallery, 2012, Herzog &amp; de Meuron<\/span><\/figcaption><\/figure>\n<p style=\"text-align: justify;\">\u00ed\u00f1igo garc\u00eda odiaga . arquitecto<br \/>\nsan sebasti\u00e1n. junio 2007<\/p>\n<p style=\"text-align: justify;\"><em><span style=\"color: #888888;\">Publicado en ZAZPIKA 12.06.07<\/span><\/em><\/p>\n<p style=\"text-align: justify;\">\n<p><\/p>","protected":false},"excerpt":{"rendered":"<p>Como ha ocurrido todos los a\u00f1os desde el 2000, el 1 de junio de 2012 se abri\u00f3 al p\u00fablico el pabell\u00f3n de verano de la Serpentine Gallery de Londres. El Pabell\u00f3n de 2012 ha sido realizado por los arquitectos suizos Herzog &amp; de Meuron en colaboraci\u00f3n con el artista chino Ai Weiwei. El equipo que [&hellip;]<\/p>\n","protected":false},"author":31,"featured_media":36390,"comment_status":"open","ping_status":"closed","sticky":false,"template":"","format":"standard","meta":{"footnotes":""},"categories":[5934,5951],"tags":[5242,103,7476,4727,665,4285,3718,9417,9416,2740,3243,972,1021,1726,3719,1190,1206,1278,1721],"class_list":{"0":"post-36389","1":"post","2":"type-post","3":"status-publish","4":"format-standard","5":"has-post-thumbnail","7":"category-articulos","8":"category-slider-principal","9":"tag-ai-weiwei","10":"tag-alvaro-siza-vieira","11":"tag-beijing","12":"tag-eduardo-souto-de-moura","13":"tag-herzog-de-meuron","14":"tag-inigo-garcia-odiaga","15":"tag-jacques-herzog","16":"tag-julia-peyton-jones","17":"tag-kensington","18":"tag-mvrdv","19":"tag-oscar-niemeyer","20":"tag-pabellon","21":"tag-pensamiento","22":"tag-peter-zumthor","23":"tag-pierre-de-meuron","24":"tag-ruina","25":"tag-sanaa","26":"tag-teoria","27":"tag-toyo-ito"},"yoast_head":"<!-- This site is optimized with the Yoast SEO plugin v27.5 - https:\/\/yoast.com\/product\/yoast-seo-wordpress\/ -->\n<title>La belleza de lo feo | \u00cd\u00f1igo Garc\u00eda Odiaga<\/title>\n<meta name=\"description\" content=\"La belleza de lo feo\" \/>\n<meta name=\"robots\" content=\"index, follow, max-snippet:-1, max-image-preview:large, max-video-preview:-1\" \/>\n<link rel=\"canonical\" href=\"https:\/\/veredes.es\/blog\/la-belleza-de-lo-feo-inigo-garcia-odiaga\/\" \/>\n<meta property=\"og:locale\" content=\"es_ES\" \/>\n<meta property=\"og:type\" content=\"article\" \/>\n<meta property=\"og:title\" content=\"La belleza de lo feo | \u00cd\u00f1igo Garc\u00eda Odiaga\" \/>\n<meta property=\"og:description\" content=\"La belleza de lo feo\" \/>\n<meta property=\"og:url\" content=\"https:\/\/veredes.es\/blog\/la-belleza-de-lo-feo-inigo-garcia-odiaga\/\" \/>\n<meta property=\"og:site_name\" content=\"veredes, arquitectura y divulgaci\u00f3n\" \/>\n<meta property=\"article:publisher\" content=\"https:\/\/www.facebook.com\/veredesArquitecturayDivulgacion\/\" \/>\n<meta property=\"article:author\" content=\"https:\/\/www.facebook.com\/inigo.garciaodiaga\" \/>\n<meta property=\"article:published_time\" content=\"2014-09-26T05:46:55+00:00\" \/>\n<meta property=\"article:modified_time\" content=\"2023-01-13T15:37:37+00:00\" \/>\n<meta property=\"og:image\" content=\"https:\/\/veredes.es\/blog\/wp-content\/uploads\/2013\/12\/HdM-Serpentine-2012-vaumm-arquitectos-donostia-gipuzkoa-architecture-herzog-de-meuron.jpg\" \/>\n\t<meta property=\"og:image:width\" content=\"620\" \/>\n\t<meta property=\"og:image:height\" content=\"413\" \/>\n\t<meta property=\"og:image:type\" content=\"image\/jpeg\" \/>\n<meta name=\"author\" content=\"\u00cd\u00f1igo Garc\u00eda Odiaga\" \/>\n<meta name=\"twitter:card\" content=\"summary_large_image\" \/>\n<meta name=\"twitter:creator\" content=\"@https:\/\/twitter.com\/IOdiaga\" \/>\n<meta name=\"twitter:site\" content=\"@veredes\" \/>\n<meta name=\"twitter:label1\" content=\"Escrito por\" \/>\n\t<meta name=\"twitter:data1\" content=\"\u00cd\u00f1igo Garc\u00eda Odiaga\" \/>\n\t<meta name=\"twitter:label2\" content=\"Tiempo de lectura\" \/>\n\t<meta name=\"twitter:data2\" content=\"6 minutos\" \/>\n<script type=\"application\/ld+json\" class=\"yoast-schema-graph\">{\"@context\":\"https:\\\/\\\/schema.org\",\"@graph\":[{\"@type\":\"Article\",\"@id\":\"https:\\\/\\\/veredes.es\\\/blog\\\/la-belleza-de-lo-feo-inigo-garcia-odiaga\\\/#article\",\"isPartOf\":{\"@id\":\"https:\\\/\\\/veredes.es\\\/blog\\\/la-belleza-de-lo-feo-inigo-garcia-odiaga\\\/\"},\"author\":{\"name\":\"\u00cd\u00f1igo Garc\u00eda Odiaga\",\"@id\":\"https:\\\/\\\/veredes.es\\\/blog\\\/#\\\/schema\\\/person\\\/7edb23bf36ddbe2d9c8f4cf5fae64668\"},\"headline\":\"La belleza de lo feo | \u00cd\u00f1igo Garc\u00eda Odiaga\",\"datePublished\":\"2014-09-26T05:46:55+00:00\",\"dateModified\":\"2023-01-13T15:37:37+00:00\",\"mainEntityOfPage\":{\"@id\":\"https:\\\/\\\/veredes.es\\\/blog\\\/la-belleza-de-lo-feo-inigo-garcia-odiaga\\\/\"},\"wordCount\":3114,\"commentCount\":0,\"publisher\":{\"@id\":\"https:\\\/\\\/veredes.es\\\/blog\\\/#organization\"},\"image\":{\"@id\":\"https:\\\/\\\/veredes.es\\\/blog\\\/la-belleza-de-lo-feo-inigo-garcia-odiaga\\\/#primaryimage\"},\"thumbnailUrl\":\"https:\\\/\\\/veredes.es\\\/blog\\\/wp-content\\\/uploads\\\/2013\\\/12\\\/HdM-Serpentine-2012-vaumm-arquitectos-donostia-gipuzkoa-architecture-herzog-de-meuron.jpg\",\"keywords\":[\"Ai Weiwei\",\"\u00c1lvaro Siza Vieira\",\"Beijing\",\"Eduardo Souto de Moura\",\"Herzog &amp; de Meuron\",\"\u00cd\u00f1igo Garc\u00eda Odiaga\",\"Jacques Herzog\",\"julia peyton-jones\",\"kensington\",\"mvrdv\",\"Oscar Niemeyer\",\"pabell\u00f3n\",\"pensamiento\",\"Peter Zumthor\",\"Pierre de Meuron\",\"ruina\",\"SANAA\",\"teor\u00eda\",\"Toyo Ito\"],\"articleSection\":[\"art\u00edculos\",\"slider principal\"],\"inLanguage\":\"es\",\"potentialAction\":[{\"@type\":\"CommentAction\",\"name\":\"Comment\",\"target\":[\"https:\\\/\\\/veredes.es\\\/blog\\\/la-belleza-de-lo-feo-inigo-garcia-odiaga\\\/#respond\"]}]},{\"@type\":\"WebPage\",\"@id\":\"https:\\\/\\\/veredes.es\\\/blog\\\/la-belleza-de-lo-feo-inigo-garcia-odiaga\\\/\",\"url\":\"https:\\\/\\\/veredes.es\\\/blog\\\/la-belleza-de-lo-feo-inigo-garcia-odiaga\\\/\",\"name\":\"La belleza de lo feo | \u00cd\u00f1igo Garc\u00eda Odiaga\",\"isPartOf\":{\"@id\":\"https:\\\/\\\/veredes.es\\\/blog\\\/#website\"},\"primaryImageOfPage\":{\"@id\":\"https:\\\/\\\/veredes.es\\\/blog\\\/la-belleza-de-lo-feo-inigo-garcia-odiaga\\\/#primaryimage\"},\"image\":{\"@id\":\"https:\\\/\\\/veredes.es\\\/blog\\\/la-belleza-de-lo-feo-inigo-garcia-odiaga\\\/#primaryimage\"},\"thumbnailUrl\":\"https:\\\/\\\/veredes.es\\\/blog\\\/wp-content\\\/uploads\\\/2013\\\/12\\\/HdM-Serpentine-2012-vaumm-arquitectos-donostia-gipuzkoa-architecture-herzog-de-meuron.jpg\",\"datePublished\":\"2014-09-26T05:46:55+00:00\",\"dateModified\":\"2023-01-13T15:37:37+00:00\",\"description\":\"La belleza de lo feo\",\"breadcrumb\":{\"@id\":\"https:\\\/\\\/veredes.es\\\/blog\\\/la-belleza-de-lo-feo-inigo-garcia-odiaga\\\/#breadcrumb\"},\"inLanguage\":\"es\",\"potentialAction\":[{\"@type\":\"ReadAction\",\"target\":[\"https:\\\/\\\/veredes.es\\\/blog\\\/la-belleza-de-lo-feo-inigo-garcia-odiaga\\\/\"]}]},{\"@type\":\"ImageObject\",\"inLanguage\":\"es\",\"@id\":\"https:\\\/\\\/veredes.es\\\/blog\\\/la-belleza-de-lo-feo-inigo-garcia-odiaga\\\/#primaryimage\",\"url\":\"https:\\\/\\\/veredes.es\\\/blog\\\/wp-content\\\/uploads\\\/2013\\\/12\\\/HdM-Serpentine-2012-vaumm-arquitectos-donostia-gipuzkoa-architecture-herzog-de-meuron.jpg\",\"contentUrl\":\"https:\\\/\\\/veredes.es\\\/blog\\\/wp-content\\\/uploads\\\/2013\\\/12\\\/HdM-Serpentine-2012-vaumm-arquitectos-donostia-gipuzkoa-architecture-herzog-de-meuron.jpg\",\"width\":\"620\",\"height\":\"413\",\"caption\":\"Pabell\u00f3n de verano de la Serpentine Gallery, 2012, Herzog & de Meuron\"},{\"@type\":\"BreadcrumbList\",\"@id\":\"https:\\\/\\\/veredes.es\\\/blog\\\/la-belleza-de-lo-feo-inigo-garcia-odiaga\\\/#breadcrumb\",\"itemListElement\":[{\"@type\":\"ListItem\",\"position\":1,\"name\":\"Portada\",\"item\":\"https:\\\/\\\/veredes.es\\\/blog\\\/\"},{\"@type\":\"ListItem\",\"position\":2,\"name\":\"La belleza de lo feo | \u00cd\u00f1igo Garc\u00eda Odiaga\"}]},{\"@type\":\"WebSite\",\"@id\":\"https:\\\/\\\/veredes.es\\\/blog\\\/#website\",\"url\":\"https:\\\/\\\/veredes.es\\\/blog\\\/\",\"name\":\"veredes, arquitectura y divulgaci\u00f3n\",\"description\":\"veredes\",\"publisher\":{\"@id\":\"https:\\\/\\\/veredes.es\\\/blog\\\/#organization\"},\"alternateName\":\"veredes\",\"potentialAction\":[{\"@type\":\"SearchAction\",\"target\":{\"@type\":\"EntryPoint\",\"urlTemplate\":\"https:\\\/\\\/veredes.es\\\/blog\\\/?s={search_term_string}\"},\"query-input\":{\"@type\":\"PropertyValueSpecification\",\"valueRequired\":true,\"valueName\":\"search_term_string\"}}],\"inLanguage\":\"es\"},{\"@type\":\"Organization\",\"@id\":\"https:\\\/\\\/veredes.es\\\/blog\\\/#organization\",\"name\":\"veredes, arquitectura y divulgaci\u00f3n\",\"alternateName\":\"veredes\",\"url\":\"https:\\\/\\\/veredes.es\\\/blog\\\/\",\"logo\":{\"@type\":\"ImageObject\",\"inLanguage\":\"es\",\"@id\":\"https:\\\/\\\/veredes.es\\\/blog\\\/#\\\/schema\\\/logo\\\/image\\\/\",\"url\":\"https:\\\/\\\/veredes.es\\\/blog\\\/wp-content\\\/uploads\\\/2021\\\/12\\\/veredes-logo-centrado_140x54.png\",\"contentUrl\":\"https:\\\/\\\/veredes.es\\\/blog\\\/wp-content\\\/uploads\\\/2021\\\/12\\\/veredes-logo-centrado_140x54.png\",\"width\":140,\"height\":54,\"caption\":\"veredes, arquitectura y divulgaci\u00f3n\"},\"image\":{\"@id\":\"https:\\\/\\\/veredes.es\\\/blog\\\/#\\\/schema\\\/logo\\\/image\\\/\"},\"sameAs\":[\"https:\\\/\\\/www.facebook.com\\\/veredesArquitecturayDivulgacion\\\/\",\"https:\\\/\\\/x.com\\\/veredes\",\"https:\\\/\\\/instagram.com\\\/veredes\\\/\",\"https:\\\/\\\/www.linkedin.com\\\/company\\\/veredes-arquitectura-y-divulgacion\\\/\",\"https:\\\/\\\/es.pinterest.com\\\/veredes\\\/\",\"https:\\\/\\\/www.tumblr.com\\\/veredes\"]},{\"@type\":\"Person\",\"@id\":\"https:\\\/\\\/veredes.es\\\/blog\\\/#\\\/schema\\\/person\\\/7edb23bf36ddbe2d9c8f4cf5fae64668\",\"name\":\"\u00cd\u00f1igo Garc\u00eda Odiaga\",\"image\":{\"@type\":\"ImageObject\",\"inLanguage\":\"es\",\"@id\":\"https:\\\/\\\/veredes.es\\\/blog\\\/wp-content\\\/uploads\\\/2018\\\/04\\\/\u00cd\u00f1igo-Garc\u00eda-Odiaga-96x96.jpg\",\"url\":\"https:\\\/\\\/veredes.es\\\/blog\\\/wp-content\\\/uploads\\\/2018\\\/04\\\/\u00cd\u00f1igo-Garc\u00eda-Odiaga-96x96.jpg\",\"contentUrl\":\"https:\\\/\\\/veredes.es\\\/blog\\\/wp-content\\\/uploads\\\/2018\\\/04\\\/\u00cd\u00f1igo-Garc\u00eda-Odiaga-96x96.jpg\",\"caption\":\"\u00cd\u00f1igo Garc\u00eda Odiaga\"},\"description\":\"Doctor Arquitecto y profesor asociado de Proyectos Arquitect\u00f3nicos, ETSASS. Editor de NOMU. 1\\\/5 del estudio de arquitectura VAUMM. Vivo en Donosti.\",\"sameAs\":[\"http:\\\/\\\/vaumm.com\\\/\",\"https:\\\/\\\/www.facebook.com\\\/inigo.garciaodiaga\",\"https:\\\/\\\/www.instagram.com\\\/okamika\\\/\",\"https:\\\/\\\/x.com\\\/https:\\\/\\\/twitter.com\\\/IOdiaga\"],\"url\":\"https:\\\/\\\/veredes.es\\\/blog\\\/author\\\/inigog\\\/\"}]}<\/script>\n<!-- \/ Yoast SEO plugin. -->","yoast_head_json":{"title":"La belleza de lo feo | \u00cd\u00f1igo Garc\u00eda Odiaga","description":"La belleza de lo feo","robots":{"index":"index","follow":"follow","max-snippet":"max-snippet:-1","max-image-preview":"max-image-preview:large","max-video-preview":"max-video-preview:-1"},"canonical":"https:\/\/veredes.es\/blog\/la-belleza-de-lo-feo-inigo-garcia-odiaga\/","og_locale":"es_ES","og_type":"article","og_title":"La belleza de lo feo | \u00cd\u00f1igo Garc\u00eda Odiaga","og_description":"La belleza de lo feo","og_url":"https:\/\/veredes.es\/blog\/la-belleza-de-lo-feo-inigo-garcia-odiaga\/","og_site_name":"veredes, arquitectura y divulgaci\u00f3n","article_publisher":"https:\/\/www.facebook.com\/veredesArquitecturayDivulgacion\/","article_author":"https:\/\/www.facebook.com\/inigo.garciaodiaga","article_published_time":"2014-09-26T05:46:55+00:00","article_modified_time":"2023-01-13T15:37:37+00:00","og_image":[{"width":620,"height":413,"url":"https:\/\/veredes.es\/blog\/wp-content\/uploads\/2013\/12\/HdM-Serpentine-2012-vaumm-arquitectos-donostia-gipuzkoa-architecture-herzog-de-meuron.jpg","type":"image\/jpeg"}],"author":"\u00cd\u00f1igo Garc\u00eda Odiaga","twitter_card":"summary_large_image","twitter_creator":"@https:\/\/twitter.com\/IOdiaga","twitter_site":"@veredes","twitter_misc":{"Escrito por":"\u00cd\u00f1igo Garc\u00eda Odiaga","Tiempo de lectura":"6 minutos"},"schema":{"@context":"https:\/\/schema.org","@graph":[{"@type":"Article","@id":"https:\/\/veredes.es\/blog\/la-belleza-de-lo-feo-inigo-garcia-odiaga\/#article","isPartOf":{"@id":"https:\/\/veredes.es\/blog\/la-belleza-de-lo-feo-inigo-garcia-odiaga\/"},"author":{"name":"\u00cd\u00f1igo Garc\u00eda Odiaga","@id":"https:\/\/veredes.es\/blog\/#\/schema\/person\/7edb23bf36ddbe2d9c8f4cf5fae64668"},"headline":"La belleza de lo feo | \u00cd\u00f1igo Garc\u00eda Odiaga","datePublished":"2014-09-26T05:46:55+00:00","dateModified":"2023-01-13T15:37:37+00:00","mainEntityOfPage":{"@id":"https:\/\/veredes.es\/blog\/la-belleza-de-lo-feo-inigo-garcia-odiaga\/"},"wordCount":3114,"commentCount":0,"publisher":{"@id":"https:\/\/veredes.es\/blog\/#organization"},"image":{"@id":"https:\/\/veredes.es\/blog\/la-belleza-de-lo-feo-inigo-garcia-odiaga\/#primaryimage"},"thumbnailUrl":"https:\/\/veredes.es\/blog\/wp-content\/uploads\/2013\/12\/HdM-Serpentine-2012-vaumm-arquitectos-donostia-gipuzkoa-architecture-herzog-de-meuron.jpg","keywords":["Ai Weiwei","\u00c1lvaro Siza Vieira","Beijing","Eduardo Souto de Moura","Herzog &amp; de Meuron","\u00cd\u00f1igo Garc\u00eda Odiaga","Jacques Herzog","julia peyton-jones","kensington","mvrdv","Oscar Niemeyer","pabell\u00f3n","pensamiento","Peter Zumthor","Pierre de Meuron","ruina","SANAA","teor\u00eda","Toyo Ito"],"articleSection":["art\u00edculos","slider principal"],"inLanguage":"es","potentialAction":[{"@type":"CommentAction","name":"Comment","target":["https:\/\/veredes.es\/blog\/la-belleza-de-lo-feo-inigo-garcia-odiaga\/#respond"]}]},{"@type":"WebPage","@id":"https:\/\/veredes.es\/blog\/la-belleza-de-lo-feo-inigo-garcia-odiaga\/","url":"https:\/\/veredes.es\/blog\/la-belleza-de-lo-feo-inigo-garcia-odiaga\/","name":"La belleza de lo feo | \u00cd\u00f1igo Garc\u00eda Odiaga","isPartOf":{"@id":"https:\/\/veredes.es\/blog\/#website"},"primaryImageOfPage":{"@id":"https:\/\/veredes.es\/blog\/la-belleza-de-lo-feo-inigo-garcia-odiaga\/#primaryimage"},"image":{"@id":"https:\/\/veredes.es\/blog\/la-belleza-de-lo-feo-inigo-garcia-odiaga\/#primaryimage"},"thumbnailUrl":"https:\/\/veredes.es\/blog\/wp-content\/uploads\/2013\/12\/HdM-Serpentine-2012-vaumm-arquitectos-donostia-gipuzkoa-architecture-herzog-de-meuron.jpg","datePublished":"2014-09-26T05:46:55+00:00","dateModified":"2023-01-13T15:37:37+00:00","description":"La belleza de lo feo","breadcrumb":{"@id":"https:\/\/veredes.es\/blog\/la-belleza-de-lo-feo-inigo-garcia-odiaga\/#breadcrumb"},"inLanguage":"es","potentialAction":[{"@type":"ReadAction","target":["https:\/\/veredes.es\/blog\/la-belleza-de-lo-feo-inigo-garcia-odiaga\/"]}]},{"@type":"ImageObject","inLanguage":"es","@id":"https:\/\/veredes.es\/blog\/la-belleza-de-lo-feo-inigo-garcia-odiaga\/#primaryimage","url":"https:\/\/veredes.es\/blog\/wp-content\/uploads\/2013\/12\/HdM-Serpentine-2012-vaumm-arquitectos-donostia-gipuzkoa-architecture-herzog-de-meuron.jpg","contentUrl":"https:\/\/veredes.es\/blog\/wp-content\/uploads\/2013\/12\/HdM-Serpentine-2012-vaumm-arquitectos-donostia-gipuzkoa-architecture-herzog-de-meuron.jpg","width":"620","height":"413","caption":"Pabell\u00f3n de verano de la Serpentine Gallery, 2012, Herzog & de Meuron"},{"@type":"BreadcrumbList","@id":"https:\/\/veredes.es\/blog\/la-belleza-de-lo-feo-inigo-garcia-odiaga\/#breadcrumb","itemListElement":[{"@type":"ListItem","position":1,"name":"Portada","item":"https:\/\/veredes.es\/blog\/"},{"@type":"ListItem","position":2,"name":"La belleza de lo feo | \u00cd\u00f1igo Garc\u00eda Odiaga"}]},{"@type":"WebSite","@id":"https:\/\/veredes.es\/blog\/#website","url":"https:\/\/veredes.es\/blog\/","name":"veredes, arquitectura y divulgaci\u00f3n","description":"veredes","publisher":{"@id":"https:\/\/veredes.es\/blog\/#organization"},"alternateName":"veredes","potentialAction":[{"@type":"SearchAction","target":{"@type":"EntryPoint","urlTemplate":"https:\/\/veredes.es\/blog\/?s={search_term_string}"},"query-input":{"@type":"PropertyValueSpecification","valueRequired":true,"valueName":"search_term_string"}}],"inLanguage":"es"},{"@type":"Organization","@id":"https:\/\/veredes.es\/blog\/#organization","name":"veredes, arquitectura y divulgaci\u00f3n","alternateName":"veredes","url":"https:\/\/veredes.es\/blog\/","logo":{"@type":"ImageObject","inLanguage":"es","@id":"https:\/\/veredes.es\/blog\/#\/schema\/logo\/image\/","url":"https:\/\/veredes.es\/blog\/wp-content\/uploads\/2021\/12\/veredes-logo-centrado_140x54.png","contentUrl":"https:\/\/veredes.es\/blog\/wp-content\/uploads\/2021\/12\/veredes-logo-centrado_140x54.png","width":140,"height":54,"caption":"veredes, arquitectura y divulgaci\u00f3n"},"image":{"@id":"https:\/\/veredes.es\/blog\/#\/schema\/logo\/image\/"},"sameAs":["https:\/\/www.facebook.com\/veredesArquitecturayDivulgacion\/","https:\/\/x.com\/veredes","https:\/\/instagram.com\/veredes\/","https:\/\/www.linkedin.com\/company\/veredes-arquitectura-y-divulgacion\/","https:\/\/es.pinterest.com\/veredes\/","https:\/\/www.tumblr.com\/veredes"]},{"@type":"Person","@id":"https:\/\/veredes.es\/blog\/#\/schema\/person\/7edb23bf36ddbe2d9c8f4cf5fae64668","name":"\u00cd\u00f1igo Garc\u00eda Odiaga","image":{"@type":"ImageObject","inLanguage":"es","@id":"https:\/\/veredes.es\/blog\/wp-content\/uploads\/2018\/04\/\u00cd\u00f1igo-Garc\u00eda-Odiaga-96x96.jpg","url":"https:\/\/veredes.es\/blog\/wp-content\/uploads\/2018\/04\/\u00cd\u00f1igo-Garc\u00eda-Odiaga-96x96.jpg","contentUrl":"https:\/\/veredes.es\/blog\/wp-content\/uploads\/2018\/04\/\u00cd\u00f1igo-Garc\u00eda-Odiaga-96x96.jpg","caption":"\u00cd\u00f1igo Garc\u00eda Odiaga"},"description":"Doctor Arquitecto y profesor asociado de Proyectos Arquitect\u00f3nicos, ETSASS. Editor de NOMU. 1\/5 del estudio de arquitectura VAUMM. Vivo en Donosti.","sameAs":["http:\/\/vaumm.com\/","https:\/\/www.facebook.com\/inigo.garciaodiaga","https:\/\/www.instagram.com\/okamika\/","https:\/\/x.com\/https:\/\/twitter.com\/IOdiaga"],"url":"https:\/\/veredes.es\/blog\/author\/inigog\/"}]}},"_links":{"self":[{"href":"https:\/\/veredes.es\/blog\/wp-json\/wp\/v2\/posts\/36389","targetHints":{"allow":["GET"]}}],"collection":[{"href":"https:\/\/veredes.es\/blog\/wp-json\/wp\/v2\/posts"}],"about":[{"href":"https:\/\/veredes.es\/blog\/wp-json\/wp\/v2\/types\/post"}],"author":[{"embeddable":true,"href":"https:\/\/veredes.es\/blog\/wp-json\/wp\/v2\/users\/31"}],"replies":[{"embeddable":true,"href":"https:\/\/veredes.es\/blog\/wp-json\/wp\/v2\/comments?post=36389"}],"version-history":[{"count":0,"href":"https:\/\/veredes.es\/blog\/wp-json\/wp\/v2\/posts\/36389\/revisions"}],"wp:featuredmedia":[{"embeddable":true,"href":"https:\/\/veredes.es\/blog\/wp-json\/wp\/v2\/media\/36390"}],"wp:attachment":[{"href":"https:\/\/veredes.es\/blog\/wp-json\/wp\/v2\/media?parent=36389"}],"wp:term":[{"taxonomy":"category","embeddable":true,"href":"https:\/\/veredes.es\/blog\/wp-json\/wp\/v2\/categories?post=36389"},{"taxonomy":"post_tag","embeddable":true,"href":"https:\/\/veredes.es\/blog\/wp-json\/wp\/v2\/tags?post=36389"}],"curies":[{"name":"wp","href":"https:\/\/api.w.org\/{rel}","templated":true}]}}