{"id":36358,"date":"2014-01-10T06:48:24","date_gmt":"2014-01-10T06:48:24","guid":{"rendered":"http:\/\/veredes.es\/blog\/?p=36358"},"modified":"2019-07-05T18:57:20","modified_gmt":"2019-07-05T16:57:20","slug":"tradicion-contemporanea-inigo-garcia-odiaga","status":"publish","type":"post","link":"https:\/\/veredes.es\/blog\/tradicion-contemporanea-inigo-garcia-odiaga\/","title":{"rendered":"Tradici\u00f3n contempor\u00e1nea | \u00cd\u00f1igo Garc\u00eda Odiaga"},"content":{"rendered":"<p><figure id=\"attachment_36359\" aria-describedby=\"caption-attachment-36359\" style=\"width: 620px\" class=\"wp-caption alignnone\"><a href=\"http:\/\/veredes.es\/blog\/wp-content\/uploads\/2013\/12\/1328046320-1326333558-mainimage-gc50-175-996x1000.jpg\"><img loading=\"lazy\" decoding=\"async\" class=\"size-full wp-image-36359\" title=\"1328046320-1326333558-mainimage-gc50-175-996x1000\" src=\"http:\/\/veredes.es\/blog\/wp-content\/uploads\/2013\/12\/1328046320-1326333558-mainimage-gc50-175-996x1000.jpg\" alt=\"\" width=\"620\" height=\"622\" srcset=\"https:\/\/veredes.es\/blog\/wp-content\/uploads\/2013\/12\/1328046320-1326333558-mainimage-gc50-175-996x1000.jpg 620w, https:\/\/veredes.es\/blog\/wp-content\/uploads\/2013\/12\/1328046320-1326333558-mainimage-gc50-175-996x1000-150x150.jpg 150w, https:\/\/veredes.es\/blog\/wp-content\/uploads\/2013\/12\/1328046320-1326333558-mainimage-gc50-175-996x1000-300x300.jpg 300w, https:\/\/veredes.es\/blog\/wp-content\/uploads\/2013\/12\/1328046320-1326333558-mainimage-gc50-175-996x1000-120x120.jpg 120w\" sizes=\"auto, (max-width: 620px) 100vw, 620px\" \/><\/a><figcaption id=\"caption-attachment-36359\" class=\"wp-caption-text\"><span style=\"color: #888888;\">Museo y Centro de Investigaci\u00f3n GC Prostho, 2012 | Kengo Kuma and Associates | Fotograf\u00eda: Daici Ano<\/span><\/figcaption><\/figure><\/p>\n<p style=\"text-align: justify;\">Dos cosas destacan profundamente al acercarse a la obra del arquitectos japon\u00e9s Kengo Kuma. Por un lado la gran cantidad de proyectos que ha construido en los \u00faltimos 10 a\u00f1os, todos ellos de un alt\u00edsimo nivel, por otro lado el uso tan radical de los materiales, o si se prefiere de la materia, como un elemento de continuidad entre el pasado, el presente y el futuro de la arquitectura.<\/p>\n<p style=\"text-align: justify;\">No es una casualidad que a Kengo Kuma, muchos textos e investigadores le hayan colocado el sobrenombre del arquitecto de la materia. Muchos de los trabajos del estudio de Kuma hacen un esfuerzo por llevar el material a un escal\u00f3n en el que adquiera todo el protagonismo, tanto formal como expresivo, pero siempre luchando por sumarse al contexto en el que se asienta el edificio.<\/p>\n<figure id=\"attachment_36360\" aria-describedby=\"caption-attachment-36360\" style=\"width: 620px\" class=\"wp-caption alignnone\"><a href=\"http:\/\/veredes.es\/blog\/wp-content\/uploads\/2013\/12\/1328046328-1326333635-gc50-125-1000x750.jpg\"><img loading=\"lazy\" decoding=\"async\" class=\"size-full wp-image-36360\" title=\"1328046328-1326333635-gc50-125-1000x750\" src=\"http:\/\/veredes.es\/blog\/wp-content\/uploads\/2013\/12\/1328046328-1326333635-gc50-125-1000x750.jpg\" alt=\"\" width=\"620\" height=\"465\" srcset=\"https:\/\/veredes.es\/blog\/wp-content\/uploads\/2013\/12\/1328046328-1326333635-gc50-125-1000x750.jpg 620w, https:\/\/veredes.es\/blog\/wp-content\/uploads\/2013\/12\/1328046328-1326333635-gc50-125-1000x750-300x225.jpg 300w\" sizes=\"auto, (max-width: 620px) 100vw, 620px\" \/><\/a><figcaption id=\"caption-attachment-36360\" class=\"wp-caption-text\"><span style=\"color: #888888;\">Museo y Centro de Investigaci\u00f3n GC Prostho, 2012 | Kengo Kuma and Associates | Fotograf\u00eda: Daici Ano<\/span><\/figcaption><\/figure>\n<p style=\"text-align: justify;\">Es una constante en su trabajo el uso de los materiales t\u00edpicos de una determinada regi\u00f3n o de las t\u00e9cnicas constructivas tradicionales de un pueblo para la construcci\u00f3n de un edificio contempor\u00e1neo en esa regi\u00f3n.<\/p>\n<p style=\"text-align: justify;\">Un buen ejemplo de esa obsesi\u00f3n por la materia del lugar es el Museo en Yusuhara. El proyecto puede resumirse\u00a0 como la construcci\u00f3n de un edificio puente, que unir\u00e1 dos edificios p\u00fablicos antiguos que durante mucho tiempo estuvieron separados por una carretera.<\/p>\n<p style=\"text-align: justify;\">De esta manera, los museos existentes se comunicar\u00e1n y se fusionar\u00e1n en un \u00fanico gran edificio que multiplicar\u00e1 sus funciones y su oferta cultural.<\/p>\n<figure id=\"attachment_36361\" aria-describedby=\"caption-attachment-36361\" style=\"width: 620px\" class=\"wp-caption alignnone\"><a href=\"https:\/\/veredes.es\/wp-content\/uploads\/2013\/12\/edificio-puente.jpg\"><img loading=\"lazy\" decoding=\"async\" class=\"size-full wp-image-36361\" title=\"edificio-puente\" src=\"https:\/\/veredes.es\/wp-content\/uploads\/2013\/12\/edificio-puente.jpg\" alt=\"\" width=\"620\" height=\"206\" srcset=\"https:\/\/veredes.es\/blog\/wp-content\/uploads\/2013\/12\/edificio-puente.jpg 620w, https:\/\/veredes.es\/blog\/wp-content\/uploads\/2013\/12\/edificio-puente-300x99.jpg 300w\" sizes=\"auto, (max-width: 620px) 100vw, 620px\" \/><\/a><figcaption id=\"caption-attachment-36361\" class=\"wp-caption-text\"><span style=\"color: #888888;\">Yusuhara, Museo y Puente de Madera, 2011 | Kengo Kuma and Associates | Fotograf\u00eda: Takumi Ota Photography<\/span><\/figcaption><\/figure>\n<p style=\"text-align: justify;\">Dado que esta conexi\u00f3n en puente era necesaria, Kuma opt\u00f3 por dotarla de contenido, de este modo el puente no funciona s\u00f3lamente como un pasaje entre las dos instalaciones existentes, sino que tambi\u00e9n alberga alojamientos y un taller, en definitiva un lugar de residencia temporal para artistas. En lugar de un derroche estructural de acero y vidrio, se propuso una estructura que con peque\u00f1os avances en voladizo fuese ganando poco a poco la distancia que separa los dos antiguos edificios. El sistema estructural, que se compone de cientos de peque\u00f1as piezas, hace una clara alusi\u00f3n a las estructuras de voladizos desarrolladas a menudo en la arquitectura tradicional de China y Jap\u00f3n.<\/p>\n<p style=\"text-align: justify;\">De alguna manera esta estructura reivindica un dise\u00f1o sostenible, en un lugar de monta\u00f1a en el que los transportes son muy caros, resuelve la cuesti\u00f3n de c\u00f3mo se puede lograr un gran puente a trav\u00e9s de la suma y encaje de peque\u00f1as unidades de madera, evitando el uso y traslado de grandes elementos de construcci\u00f3n.<\/p>\n<p style=\"text-align: justify;\">Este proyecto del puente recuerda en gran medida al Museo y Centro de Investigaci\u00f3n GC Prostho\u00a0construido por la oficina de Kuma 5 a\u00f1os antes. Todo el proyecto se origina en el sistema\u00a0<em>Cidori<\/em>, un juego de construcci\u00f3n tradicional japon\u00e9s. El <em>Cidori<\/em>\u00a0es un conjunto de palos de madera articulados que tiene una forma \u00fanica, que les permite unirse y formar agrupaciones espaciales \u00fanicamente gir\u00e1ndolos, sin necesidad de usar clavos o elementos met\u00e1licos. El tradicional juguete ha llegado a las nuevas generaciones gracias al trabajo de cientos de artesanos que en la actualidad lo siguen fabricando. Mediante una colaboraci\u00f3n con el ingeniero estructural del proyecto, Jun Sato, que llev\u00f3 a cabo pruebas de compresi\u00f3n y flexi\u00f3n para comprobar la capacidad del sistema, se comprob\u00f3 que el mismo dispositivo del juguete infantil pod\u00eda ser adaptado a los grandes edificios contempor\u00e1neos. Multiplicando el tama\u00f1o de las piezas del juego se construy\u00f3 la totalidad del edificio, creando una arquitectura cuyo universo surge mediante la combinaci\u00f3n de unidades peque\u00f1as y su repetici\u00f3n. Este proyecto defiende adem\u00e1s una postura ideol\u00f3gica, aquella en la que el ingenio tradicional puede competir en la era de la tecnolog\u00eda en igualdad de condiciones y demuestra con la construcci\u00f3n del edificio que tecnolog\u00eda y tradici\u00f3n no est\u00e1n enfrentadas a las necesidades de la modernidad.<\/p>\n<figure id=\"attachment_36362\" aria-describedby=\"caption-attachment-36362\" style=\"width: 620px\" class=\"wp-caption alignnone\"><a href=\"https:\/\/veredes.es\/wp-content\/uploads\/2013\/12\/yushara-marche.jpg\"><img loading=\"lazy\" decoding=\"async\" class=\"size-full wp-image-36362\" title=\"yushara-marche\" src=\"https:\/\/veredes.es\/wp-content\/uploads\/2013\/12\/yushara-marche.jpg\" alt=\"\" width=\"620\" height=\"413\" srcset=\"https:\/\/veredes.es\/blog\/wp-content\/uploads\/2013\/12\/yushara-marche.jpg 620w, https:\/\/veredes.es\/blog\/wp-content\/uploads\/2013\/12\/yushara-marche-300x199.jpg 300w\" sizes=\"auto, (max-width: 620px) 100vw, 620px\" \/><\/a><figcaption id=\"caption-attachment-36362\" class=\"wp-caption-text\"><span style=\"color: #888888;\">Yusuhara Marche, 2012, Kengo Kuma &amp; Associates | Fotograf\u00eda: Takumi Ota Photography<\/span><\/figcaption><\/figure>\n<p style=\"text-align: justify;\">El Yusuhara Marche es uno de los \u00faltimos proyectos de Kuma. El edificio alberga un mercado de productos locales, y un peque\u00f1o hotel de 15 habitaciones, que quedan comunicados a trav\u00e9s de un atrio. La calle principal del municipio en la que se sit\u00faa el edificio, es un destino tur\u00edstico muy importante en la regi\u00f3n, y precisamente a este hecho se debe la existencia de gran cantidad de \u201cChad Do\u201d tradicionales, unos locales con cubierta de paja que ofrecen servicios a los viajeros, tales como alojamiento, comida o eventos culturales y en los que se sirve t\u00e9 de forma gratuita. Como un intento de respetar la historia del lugar, los arquitectos usaron la paja tradicional como material; ya que su uso est\u00e1 muy arraigado en las cubiertas de los edificios existentes en la calle y su uso pod\u00eda ser un buen medio para conectar el pasado con el presente. La cubierta de paja tradicional se reinventa en el edificio para proponer una fachada que mejora las condiciones del muro cortina de vidrio, tamizando la luz y que junto al cedro local en los testeros produce una imagen que habla de modernidad mientras dialoga con el contexto.<\/p>\n<p style=\"text-align: justify;\">Interrogado en ocasiones por la autoimposici\u00f3n del uso estricto de un determinado tipo de madera para una obra concreta, Kuma explica que los carpinteros japoneses siempre han usado en sus obras la madera local, la que crece en ese mismo clima. Desde su visi\u00f3n es lo m\u00e1s razonable y lo m\u00e1s l\u00f3gico, la humedad y la temperatura alteran la madera, que tambi\u00e9n se estropea en el transporte. Desde esta \u00f3ptica, la madera de un lugar dura m\u00e1s en ese lugar y adem\u00e1s es m\u00e1s econ\u00f3mica. Podr\u00eda por lo tanto tildarse esta metodolog\u00eda de sostenible, equilibrada y l\u00f3gica. Estas obras de Kengo Kuma, m\u00e1s all\u00e1 de sus efectos volum\u00e9tricos o de sus riesgos formales, nos sirven para reflexionar sobre una tendencia que parece haberse implantado en la sociedad de consumo actual y que parece priorizar lo lejano y sofisticado frente a lo local y lo sencillo, defendiendo en ocasiones lo absurdo frente a lo ajustado y lo razonable.<\/p>\n<figure id=\"attachment_36363\" aria-describedby=\"caption-attachment-36363\" style=\"width: 620px\" class=\"wp-caption alignnone\"><a href=\"https:\/\/veredes.es\/wp-content\/uploads\/2013\/12\/yushara-marche2.jpg\"><img loading=\"lazy\" decoding=\"async\" class=\"size-full wp-image-36363\" title=\"yushara-marche2\" src=\"https:\/\/veredes.es\/wp-content\/uploads\/2013\/12\/yushara-marche2.jpg\" alt=\"\" width=\"620\" height=\"931\" srcset=\"https:\/\/veredes.es\/blog\/wp-content\/uploads\/2013\/12\/yushara-marche2.jpg 620w, https:\/\/veredes.es\/blog\/wp-content\/uploads\/2013\/12\/yushara-marche2-199x300.jpg 199w\" sizes=\"auto, (max-width: 620px) 100vw, 620px\" \/><\/a><figcaption id=\"caption-attachment-36363\" class=\"wp-caption-text\"><span style=\"color: #888888;\">Yusuhara Marche, 2012, Kengo Kuma &amp; Associates | Fotograf\u00eda: Takumi Ota Photography<\/span><\/figcaption><\/figure>\n<p style=\"text-align: justify;\">\u00ed\u00f1igo garc\u00eda odiaga . arquitecto<br \/>\nsan sebasti\u00e1n. enero 2014<\/p>\n<p><\/p>","protected":false},"excerpt":{"rendered":"<p>Dos cosas destacan profundamente al acercarse a la obra del arquitectos japon\u00e9s Kengo Kuma. Por un lado la gran cantidad de proyectos que ha construido en los \u00faltimos 10 a\u00f1os, todos ellos de un alt\u00edsimo nivel, por otro lado el uso tan radical de los materiales, o si se prefiere de la materia, como un [&hellip;]<\/p>\n","protected":false},"author":31,"featured_media":36359,"comment_status":"open","ping_status":"closed","sticky":false,"template":"","format":"standard","meta":{"footnotes":""},"categories":[568,5951],"tags":[6694,812,3657,7137,150,8018,12456,12457,6957,4285,1748,2701,7058,853,12453,2787,9410,1241,9409],"class_list":{"0":"post-36358","1":"post","2":"type-post","3":"status-publish","4":"format-standard","5":"has-post-thumbnail","7":"category-faro","8":"category-slider-principal","9":"tag-arquitectura-china","10":"tag-arquitectura-en-madera","11":"tag-arquitectura-japonesa","12":"tag-arquitectura-popular","13":"tag-arquitectura-tradicional","14":"tag-centro-de-investigacion","15":"tag-equipamiento-cultural","16":"tag-equipamiento-dotacional","17":"tag-ideologia","18":"tag-inigo-garcia-odiaga","19":"tag-juguete","20":"tag-kengo-kuma","21":"tag-materialidad","22":"tag-mercado","23":"tag-museo-arquitectura-arquitectura","24":"tag-patrimonio-cultural","25":"tag-sistema-cidori","26":"tag-sociedad","27":"tag-yusuhara"},"yoast_head":"<!-- This site is optimized with the Yoast SEO plugin v27.5 - https:\/\/yoast.com\/product\/yoast-seo-wordpress\/ -->\n<title>Tradici\u00f3n contempor\u00e1nea | \u00cd\u00f1igo Garc\u00eda Odiaga<\/title>\n<meta name=\"description\" content=\"Toda la informaci\u00f3n sobre: Tradici\u00f3n contempor\u00e1nea | \u00cd\u00f1igo Garc\u00eda OdiagaTradici\u00f3n contempor\u00e1nea | \u00cd\u00f1igo Garc\u00eda OdiagaContemporary tradition | \u00cd\u00f1igo Garc\u00eda Odiaga\" \/>\n<meta name=\"robots\" content=\"index, follow, max-snippet:-1, max-image-preview:large, max-video-preview:-1\" \/>\n<link rel=\"canonical\" href=\"https:\/\/veredes.es\/blog\/tradicion-contemporanea-inigo-garcia-odiaga\/\" \/>\n<meta property=\"og:locale\" content=\"es_ES\" \/>\n<meta property=\"og:type\" content=\"article\" \/>\n<meta property=\"og:title\" content=\"Tradici\u00f3n contempor\u00e1nea | \u00cd\u00f1igo Garc\u00eda Odiaga\" \/>\n<meta property=\"og:description\" content=\"Toda la informaci\u00f3n sobre: Tradici\u00f3n contempor\u00e1nea | \u00cd\u00f1igo Garc\u00eda OdiagaTradici\u00f3n contempor\u00e1nea | \u00cd\u00f1igo Garc\u00eda OdiagaContemporary tradition | \u00cd\u00f1igo Garc\u00eda Odiaga\" \/>\n<meta property=\"og:url\" content=\"https:\/\/veredes.es\/blog\/tradicion-contemporanea-inigo-garcia-odiaga\/\" \/>\n<meta property=\"og:site_name\" content=\"veredes, arquitectura y divulgaci\u00f3n\" \/>\n<meta property=\"article:publisher\" content=\"https:\/\/www.facebook.com\/veredesArquitecturayDivulgacion\/\" \/>\n<meta property=\"article:author\" content=\"https:\/\/www.facebook.com\/inigo.garciaodiaga\" \/>\n<meta property=\"article:published_time\" content=\"2014-01-10T06:48:24+00:00\" \/>\n<meta property=\"article:modified_time\" content=\"2019-07-05T16:57:20+00:00\" \/>\n<meta property=\"og:image\" content=\"https:\/\/veredes.es\/blog\/wp-content\/uploads\/2013\/12\/1328046320-1326333558-mainimage-gc50-175-996x1000.jpg\" \/>\n\t<meta property=\"og:image:width\" content=\"620\" \/>\n\t<meta property=\"og:image:height\" content=\"622\" \/>\n\t<meta property=\"og:image:type\" content=\"image\/jpeg\" \/>\n<meta name=\"author\" content=\"\u00cd\u00f1igo Garc\u00eda Odiaga\" \/>\n<meta name=\"twitter:card\" content=\"summary_large_image\" \/>\n<meta name=\"twitter:creator\" content=\"@https:\/\/twitter.com\/IOdiaga\" \/>\n<meta name=\"twitter:site\" content=\"@veredes\" \/>\n<meta name=\"twitter:label1\" content=\"Escrito por\" \/>\n\t<meta name=\"twitter:data1\" content=\"\u00cd\u00f1igo Garc\u00eda Odiaga\" \/>\n\t<meta name=\"twitter:label2\" content=\"Tiempo de lectura\" \/>\n\t<meta name=\"twitter:data2\" content=\"17 minutos\" \/>\n<script type=\"application\/ld+json\" class=\"yoast-schema-graph\">{\"@context\":\"https:\\\/\\\/schema.org\",\"@graph\":[{\"@type\":\"Article\",\"@id\":\"https:\\\/\\\/veredes.es\\\/blog\\\/tradicion-contemporanea-inigo-garcia-odiaga\\\/#article\",\"isPartOf\":{\"@id\":\"https:\\\/\\\/veredes.es\\\/blog\\\/tradicion-contemporanea-inigo-garcia-odiaga\\\/\"},\"author\":{\"name\":\"\u00cd\u00f1igo Garc\u00eda Odiaga\",\"@id\":\"https:\\\/\\\/veredes.es\\\/blog\\\/#\\\/schema\\\/person\\\/7edb23bf36ddbe2d9c8f4cf5fae64668\"},\"headline\":\"Tradici\u00f3n contempor\u00e1nea | \u00cd\u00f1igo Garc\u00eda Odiaga\",\"datePublished\":\"2014-01-10T06:48:24+00:00\",\"dateModified\":\"2019-07-05T16:57:20+00:00\",\"mainEntityOfPage\":{\"@id\":\"https:\\\/\\\/veredes.es\\\/blog\\\/tradicion-contemporanea-inigo-garcia-odiaga\\\/\"},\"wordCount\":3357,\"commentCount\":3,\"publisher\":{\"@id\":\"https:\\\/\\\/veredes.es\\\/blog\\\/#organization\"},\"image\":{\"@id\":\"https:\\\/\\\/veredes.es\\\/blog\\\/tradicion-contemporanea-inigo-garcia-odiaga\\\/#primaryimage\"},\"thumbnailUrl\":\"https:\\\/\\\/veredes.es\\\/blog\\\/wp-content\\\/uploads\\\/2013\\\/12\\\/1328046320-1326333558-mainimage-gc50-175-996x1000.jpg\",\"keywords\":[\"arquitectura china\",\"arquitectura en madera\",\"arquitectura japonesa\",\"arquitectura popular\",\"arquitectura tradicional\",\"centro de investigaci\u00f3n\",\"equipamiento cultural\",\"equipamiento dotacional\",\"ideolog\u00eda\",\"\u00cd\u00f1igo Garc\u00eda Odiaga\",\"juguete\",\"kengo kuma\",\"materialidad\",\"mercado\",\"museo\",\"patrimonio cultural\",\"sistema cidori\",\"sociedad\",\"yusuhara\"],\"articleSection\":[\"faro\",\"slider principal\"],\"inLanguage\":\"es\",\"potentialAction\":[{\"@type\":\"CommentAction\",\"name\":\"Comment\",\"target\":[\"https:\\\/\\\/veredes.es\\\/blog\\\/tradicion-contemporanea-inigo-garcia-odiaga\\\/#respond\"]}]},{\"@type\":\"WebPage\",\"@id\":\"https:\\\/\\\/veredes.es\\\/blog\\\/tradicion-contemporanea-inigo-garcia-odiaga\\\/\",\"url\":\"https:\\\/\\\/veredes.es\\\/blog\\\/tradicion-contemporanea-inigo-garcia-odiaga\\\/\",\"name\":\"Tradici\u00f3n contempor\u00e1nea | \u00cd\u00f1igo Garc\u00eda Odiaga\",\"isPartOf\":{\"@id\":\"https:\\\/\\\/veredes.es\\\/blog\\\/#website\"},\"primaryImageOfPage\":{\"@id\":\"https:\\\/\\\/veredes.es\\\/blog\\\/tradicion-contemporanea-inigo-garcia-odiaga\\\/#primaryimage\"},\"image\":{\"@id\":\"https:\\\/\\\/veredes.es\\\/blog\\\/tradicion-contemporanea-inigo-garcia-odiaga\\\/#primaryimage\"},\"thumbnailUrl\":\"https:\\\/\\\/veredes.es\\\/blog\\\/wp-content\\\/uploads\\\/2013\\\/12\\\/1328046320-1326333558-mainimage-gc50-175-996x1000.jpg\",\"datePublished\":\"2014-01-10T06:48:24+00:00\",\"dateModified\":\"2019-07-05T16:57:20+00:00\",\"description\":\"Toda la informaci\u00f3n sobre: Tradici\u00f3n contempor\u00e1nea | \u00cd\u00f1igo Garc\u00eda OdiagaTradici\u00f3n contempor\u00e1nea | \u00cd\u00f1igo Garc\u00eda OdiagaContemporary tradition | \u00cd\u00f1igo Garc\u00eda Odiaga\",\"breadcrumb\":{\"@id\":\"https:\\\/\\\/veredes.es\\\/blog\\\/tradicion-contemporanea-inigo-garcia-odiaga\\\/#breadcrumb\"},\"inLanguage\":\"es\",\"potentialAction\":[{\"@type\":\"ReadAction\",\"target\":[\"https:\\\/\\\/veredes.es\\\/blog\\\/tradicion-contemporanea-inigo-garcia-odiaga\\\/\"]}]},{\"@type\":\"ImageObject\",\"inLanguage\":\"es\",\"@id\":\"https:\\\/\\\/veredes.es\\\/blog\\\/tradicion-contemporanea-inigo-garcia-odiaga\\\/#primaryimage\",\"url\":\"https:\\\/\\\/veredes.es\\\/blog\\\/wp-content\\\/uploads\\\/2013\\\/12\\\/1328046320-1326333558-mainimage-gc50-175-996x1000.jpg\",\"contentUrl\":\"https:\\\/\\\/veredes.es\\\/blog\\\/wp-content\\\/uploads\\\/2013\\\/12\\\/1328046320-1326333558-mainimage-gc50-175-996x1000.jpg\",\"width\":\"620\",\"height\":\"622\"},{\"@type\":\"BreadcrumbList\",\"@id\":\"https:\\\/\\\/veredes.es\\\/blog\\\/tradicion-contemporanea-inigo-garcia-odiaga\\\/#breadcrumb\",\"itemListElement\":[{\"@type\":\"ListItem\",\"position\":1,\"name\":\"Portada\",\"item\":\"https:\\\/\\\/veredes.es\\\/blog\\\/\"},{\"@type\":\"ListItem\",\"position\":2,\"name\":\"Tradici\u00f3n contempor\u00e1nea | \u00cd\u00f1igo Garc\u00eda Odiaga\"}]},{\"@type\":\"WebSite\",\"@id\":\"https:\\\/\\\/veredes.es\\\/blog\\\/#website\",\"url\":\"https:\\\/\\\/veredes.es\\\/blog\\\/\",\"name\":\"veredes, arquitectura y divulgaci\u00f3n\",\"description\":\"veredes\",\"publisher\":{\"@id\":\"https:\\\/\\\/veredes.es\\\/blog\\\/#organization\"},\"alternateName\":\"veredes\",\"potentialAction\":[{\"@type\":\"SearchAction\",\"target\":{\"@type\":\"EntryPoint\",\"urlTemplate\":\"https:\\\/\\\/veredes.es\\\/blog\\\/?s={search_term_string}\"},\"query-input\":{\"@type\":\"PropertyValueSpecification\",\"valueRequired\":true,\"valueName\":\"search_term_string\"}}],\"inLanguage\":\"es\"},{\"@type\":\"Organization\",\"@id\":\"https:\\\/\\\/veredes.es\\\/blog\\\/#organization\",\"name\":\"veredes, arquitectura y divulgaci\u00f3n\",\"alternateName\":\"veredes\",\"url\":\"https:\\\/\\\/veredes.es\\\/blog\\\/\",\"logo\":{\"@type\":\"ImageObject\",\"inLanguage\":\"es\",\"@id\":\"https:\\\/\\\/veredes.es\\\/blog\\\/#\\\/schema\\\/logo\\\/image\\\/\",\"url\":\"https:\\\/\\\/veredes.es\\\/blog\\\/wp-content\\\/uploads\\\/2021\\\/12\\\/veredes-logo-centrado_140x54.png\",\"contentUrl\":\"https:\\\/\\\/veredes.es\\\/blog\\\/wp-content\\\/uploads\\\/2021\\\/12\\\/veredes-logo-centrado_140x54.png\",\"width\":140,\"height\":54,\"caption\":\"veredes, arquitectura y divulgaci\u00f3n\"},\"image\":{\"@id\":\"https:\\\/\\\/veredes.es\\\/blog\\\/#\\\/schema\\\/logo\\\/image\\\/\"},\"sameAs\":[\"https:\\\/\\\/www.facebook.com\\\/veredesArquitecturayDivulgacion\\\/\",\"https:\\\/\\\/x.com\\\/veredes\",\"https:\\\/\\\/instagram.com\\\/veredes\\\/\",\"https:\\\/\\\/www.linkedin.com\\\/company\\\/veredes-arquitectura-y-divulgacion\\\/\",\"https:\\\/\\\/es.pinterest.com\\\/veredes\\\/\",\"https:\\\/\\\/www.tumblr.com\\\/veredes\"]},{\"@type\":\"Person\",\"@id\":\"https:\\\/\\\/veredes.es\\\/blog\\\/#\\\/schema\\\/person\\\/7edb23bf36ddbe2d9c8f4cf5fae64668\",\"name\":\"\u00cd\u00f1igo Garc\u00eda Odiaga\",\"image\":{\"@type\":\"ImageObject\",\"inLanguage\":\"es\",\"@id\":\"https:\\\/\\\/veredes.es\\\/blog\\\/wp-content\\\/uploads\\\/2018\\\/04\\\/\u00cd\u00f1igo-Garc\u00eda-Odiaga-96x96.jpg\",\"url\":\"https:\\\/\\\/veredes.es\\\/blog\\\/wp-content\\\/uploads\\\/2018\\\/04\\\/\u00cd\u00f1igo-Garc\u00eda-Odiaga-96x96.jpg\",\"contentUrl\":\"https:\\\/\\\/veredes.es\\\/blog\\\/wp-content\\\/uploads\\\/2018\\\/04\\\/\u00cd\u00f1igo-Garc\u00eda-Odiaga-96x96.jpg\",\"caption\":\"\u00cd\u00f1igo Garc\u00eda Odiaga\"},\"description\":\"Doctor Arquitecto y profesor asociado de Proyectos Arquitect\u00f3nicos, ETSASS. Editor de NOMU. 1\\\/5 del estudio de arquitectura VAUMM. Vivo en Donosti.\",\"sameAs\":[\"http:\\\/\\\/vaumm.com\\\/\",\"https:\\\/\\\/www.facebook.com\\\/inigo.garciaodiaga\",\"https:\\\/\\\/www.instagram.com\\\/okamika\\\/\",\"https:\\\/\\\/x.com\\\/https:\\\/\\\/twitter.com\\\/IOdiaga\"],\"url\":\"https:\\\/\\\/veredes.es\\\/blog\\\/author\\\/inigog\\\/\"}]}<\/script>\n<!-- \/ Yoast SEO plugin. -->","yoast_head_json":{"title":"Tradici\u00f3n contempor\u00e1nea | \u00cd\u00f1igo Garc\u00eda Odiaga","description":"Toda la informaci\u00f3n sobre: Tradici\u00f3n contempor\u00e1nea | \u00cd\u00f1igo Garc\u00eda OdiagaTradici\u00f3n contempor\u00e1nea | \u00cd\u00f1igo Garc\u00eda OdiagaContemporary tradition | \u00cd\u00f1igo Garc\u00eda Odiaga","robots":{"index":"index","follow":"follow","max-snippet":"max-snippet:-1","max-image-preview":"max-image-preview:large","max-video-preview":"max-video-preview:-1"},"canonical":"https:\/\/veredes.es\/blog\/tradicion-contemporanea-inigo-garcia-odiaga\/","og_locale":"es_ES","og_type":"article","og_title":"Tradici\u00f3n contempor\u00e1nea | \u00cd\u00f1igo Garc\u00eda Odiaga","og_description":"Toda la informaci\u00f3n sobre: Tradici\u00f3n contempor\u00e1nea | \u00cd\u00f1igo Garc\u00eda OdiagaTradici\u00f3n contempor\u00e1nea | \u00cd\u00f1igo Garc\u00eda OdiagaContemporary tradition | \u00cd\u00f1igo Garc\u00eda Odiaga","og_url":"https:\/\/veredes.es\/blog\/tradicion-contemporanea-inigo-garcia-odiaga\/","og_site_name":"veredes, arquitectura y divulgaci\u00f3n","article_publisher":"https:\/\/www.facebook.com\/veredesArquitecturayDivulgacion\/","article_author":"https:\/\/www.facebook.com\/inigo.garciaodiaga","article_published_time":"2014-01-10T06:48:24+00:00","article_modified_time":"2019-07-05T16:57:20+00:00","og_image":[{"width":620,"height":622,"url":"https:\/\/veredes.es\/blog\/wp-content\/uploads\/2013\/12\/1328046320-1326333558-mainimage-gc50-175-996x1000.jpg","type":"image\/jpeg"}],"author":"\u00cd\u00f1igo Garc\u00eda Odiaga","twitter_card":"summary_large_image","twitter_creator":"@https:\/\/twitter.com\/IOdiaga","twitter_site":"@veredes","twitter_misc":{"Escrito por":"\u00cd\u00f1igo Garc\u00eda Odiaga","Tiempo de lectura":"17 minutos"},"schema":{"@context":"https:\/\/schema.org","@graph":[{"@type":"Article","@id":"https:\/\/veredes.es\/blog\/tradicion-contemporanea-inigo-garcia-odiaga\/#article","isPartOf":{"@id":"https:\/\/veredes.es\/blog\/tradicion-contemporanea-inigo-garcia-odiaga\/"},"author":{"name":"\u00cd\u00f1igo Garc\u00eda Odiaga","@id":"https:\/\/veredes.es\/blog\/#\/schema\/person\/7edb23bf36ddbe2d9c8f4cf5fae64668"},"headline":"Tradici\u00f3n contempor\u00e1nea | \u00cd\u00f1igo Garc\u00eda Odiaga","datePublished":"2014-01-10T06:48:24+00:00","dateModified":"2019-07-05T16:57:20+00:00","mainEntityOfPage":{"@id":"https:\/\/veredes.es\/blog\/tradicion-contemporanea-inigo-garcia-odiaga\/"},"wordCount":3357,"commentCount":3,"publisher":{"@id":"https:\/\/veredes.es\/blog\/#organization"},"image":{"@id":"https:\/\/veredes.es\/blog\/tradicion-contemporanea-inigo-garcia-odiaga\/#primaryimage"},"thumbnailUrl":"https:\/\/veredes.es\/blog\/wp-content\/uploads\/2013\/12\/1328046320-1326333558-mainimage-gc50-175-996x1000.jpg","keywords":["arquitectura china","arquitectura en madera","arquitectura japonesa","arquitectura popular","arquitectura tradicional","centro de investigaci\u00f3n","equipamiento cultural","equipamiento dotacional","ideolog\u00eda","\u00cd\u00f1igo Garc\u00eda Odiaga","juguete","kengo kuma","materialidad","mercado","museo","patrimonio cultural","sistema cidori","sociedad","yusuhara"],"articleSection":["faro","slider principal"],"inLanguage":"es","potentialAction":[{"@type":"CommentAction","name":"Comment","target":["https:\/\/veredes.es\/blog\/tradicion-contemporanea-inigo-garcia-odiaga\/#respond"]}]},{"@type":"WebPage","@id":"https:\/\/veredes.es\/blog\/tradicion-contemporanea-inigo-garcia-odiaga\/","url":"https:\/\/veredes.es\/blog\/tradicion-contemporanea-inigo-garcia-odiaga\/","name":"Tradici\u00f3n contempor\u00e1nea | \u00cd\u00f1igo Garc\u00eda Odiaga","isPartOf":{"@id":"https:\/\/veredes.es\/blog\/#website"},"primaryImageOfPage":{"@id":"https:\/\/veredes.es\/blog\/tradicion-contemporanea-inigo-garcia-odiaga\/#primaryimage"},"image":{"@id":"https:\/\/veredes.es\/blog\/tradicion-contemporanea-inigo-garcia-odiaga\/#primaryimage"},"thumbnailUrl":"https:\/\/veredes.es\/blog\/wp-content\/uploads\/2013\/12\/1328046320-1326333558-mainimage-gc50-175-996x1000.jpg","datePublished":"2014-01-10T06:48:24+00:00","dateModified":"2019-07-05T16:57:20+00:00","description":"Toda la informaci\u00f3n sobre: Tradici\u00f3n contempor\u00e1nea | \u00cd\u00f1igo Garc\u00eda OdiagaTradici\u00f3n contempor\u00e1nea | \u00cd\u00f1igo Garc\u00eda OdiagaContemporary tradition | \u00cd\u00f1igo Garc\u00eda Odiaga","breadcrumb":{"@id":"https:\/\/veredes.es\/blog\/tradicion-contemporanea-inigo-garcia-odiaga\/#breadcrumb"},"inLanguage":"es","potentialAction":[{"@type":"ReadAction","target":["https:\/\/veredes.es\/blog\/tradicion-contemporanea-inigo-garcia-odiaga\/"]}]},{"@type":"ImageObject","inLanguage":"es","@id":"https:\/\/veredes.es\/blog\/tradicion-contemporanea-inigo-garcia-odiaga\/#primaryimage","url":"https:\/\/veredes.es\/blog\/wp-content\/uploads\/2013\/12\/1328046320-1326333558-mainimage-gc50-175-996x1000.jpg","contentUrl":"https:\/\/veredes.es\/blog\/wp-content\/uploads\/2013\/12\/1328046320-1326333558-mainimage-gc50-175-996x1000.jpg","width":"620","height":"622"},{"@type":"BreadcrumbList","@id":"https:\/\/veredes.es\/blog\/tradicion-contemporanea-inigo-garcia-odiaga\/#breadcrumb","itemListElement":[{"@type":"ListItem","position":1,"name":"Portada","item":"https:\/\/veredes.es\/blog\/"},{"@type":"ListItem","position":2,"name":"Tradici\u00f3n contempor\u00e1nea | \u00cd\u00f1igo Garc\u00eda Odiaga"}]},{"@type":"WebSite","@id":"https:\/\/veredes.es\/blog\/#website","url":"https:\/\/veredes.es\/blog\/","name":"veredes, arquitectura y divulgaci\u00f3n","description":"veredes","publisher":{"@id":"https:\/\/veredes.es\/blog\/#organization"},"alternateName":"veredes","potentialAction":[{"@type":"SearchAction","target":{"@type":"EntryPoint","urlTemplate":"https:\/\/veredes.es\/blog\/?s={search_term_string}"},"query-input":{"@type":"PropertyValueSpecification","valueRequired":true,"valueName":"search_term_string"}}],"inLanguage":"es"},{"@type":"Organization","@id":"https:\/\/veredes.es\/blog\/#organization","name":"veredes, arquitectura y divulgaci\u00f3n","alternateName":"veredes","url":"https:\/\/veredes.es\/blog\/","logo":{"@type":"ImageObject","inLanguage":"es","@id":"https:\/\/veredes.es\/blog\/#\/schema\/logo\/image\/","url":"https:\/\/veredes.es\/blog\/wp-content\/uploads\/2021\/12\/veredes-logo-centrado_140x54.png","contentUrl":"https:\/\/veredes.es\/blog\/wp-content\/uploads\/2021\/12\/veredes-logo-centrado_140x54.png","width":140,"height":54,"caption":"veredes, arquitectura y divulgaci\u00f3n"},"image":{"@id":"https:\/\/veredes.es\/blog\/#\/schema\/logo\/image\/"},"sameAs":["https:\/\/www.facebook.com\/veredesArquitecturayDivulgacion\/","https:\/\/x.com\/veredes","https:\/\/instagram.com\/veredes\/","https:\/\/www.linkedin.com\/company\/veredes-arquitectura-y-divulgacion\/","https:\/\/es.pinterest.com\/veredes\/","https:\/\/www.tumblr.com\/veredes"]},{"@type":"Person","@id":"https:\/\/veredes.es\/blog\/#\/schema\/person\/7edb23bf36ddbe2d9c8f4cf5fae64668","name":"\u00cd\u00f1igo Garc\u00eda Odiaga","image":{"@type":"ImageObject","inLanguage":"es","@id":"https:\/\/veredes.es\/blog\/wp-content\/uploads\/2018\/04\/\u00cd\u00f1igo-Garc\u00eda-Odiaga-96x96.jpg","url":"https:\/\/veredes.es\/blog\/wp-content\/uploads\/2018\/04\/\u00cd\u00f1igo-Garc\u00eda-Odiaga-96x96.jpg","contentUrl":"https:\/\/veredes.es\/blog\/wp-content\/uploads\/2018\/04\/\u00cd\u00f1igo-Garc\u00eda-Odiaga-96x96.jpg","caption":"\u00cd\u00f1igo Garc\u00eda Odiaga"},"description":"Doctor Arquitecto y profesor asociado de Proyectos Arquitect\u00f3nicos, ETSASS. Editor de NOMU. 1\/5 del estudio de arquitectura VAUMM. Vivo en Donosti.","sameAs":["http:\/\/vaumm.com\/","https:\/\/www.facebook.com\/inigo.garciaodiaga","https:\/\/www.instagram.com\/okamika\/","https:\/\/x.com\/https:\/\/twitter.com\/IOdiaga"],"url":"https:\/\/veredes.es\/blog\/author\/inigog\/"}]}},"_links":{"self":[{"href":"https:\/\/veredes.es\/blog\/wp-json\/wp\/v2\/posts\/36358","targetHints":{"allow":["GET"]}}],"collection":[{"href":"https:\/\/veredes.es\/blog\/wp-json\/wp\/v2\/posts"}],"about":[{"href":"https:\/\/veredes.es\/blog\/wp-json\/wp\/v2\/types\/post"}],"author":[{"embeddable":true,"href":"https:\/\/veredes.es\/blog\/wp-json\/wp\/v2\/users\/31"}],"replies":[{"embeddable":true,"href":"https:\/\/veredes.es\/blog\/wp-json\/wp\/v2\/comments?post=36358"}],"version-history":[{"count":0,"href":"https:\/\/veredes.es\/blog\/wp-json\/wp\/v2\/posts\/36358\/revisions"}],"wp:featuredmedia":[{"embeddable":true,"href":"https:\/\/veredes.es\/blog\/wp-json\/wp\/v2\/media\/36359"}],"wp:attachment":[{"href":"https:\/\/veredes.es\/blog\/wp-json\/wp\/v2\/media?parent=36358"}],"wp:term":[{"taxonomy":"category","embeddable":true,"href":"https:\/\/veredes.es\/blog\/wp-json\/wp\/v2\/categories?post=36358"},{"taxonomy":"post_tag","embeddable":true,"href":"https:\/\/veredes.es\/blog\/wp-json\/wp\/v2\/tags?post=36358"}],"curies":[{"name":"wp","href":"https:\/\/api.w.org\/{rel}","templated":true}]}}