{"id":35874,"date":"2013-11-11T06:23:54","date_gmt":"2013-11-11T06:23:54","guid":{"rendered":"http:\/\/veredes.es\/blog\/?p=35874"},"modified":"2022-02-23T16:34:57","modified_gmt":"2022-02-23T15:34:57","slug":"no-se-preocupe-de-sus-males-para-eso-tiene-la-arquitectura-pedro-hernandez","status":"publish","type":"post","link":"https:\/\/veredes.es\/blog\/no-se-preocupe-de-sus-males-para-eso-tiene-la-arquitectura-pedro-hernandez\/","title":{"rendered":"No se preocupe de sus males, para eso tiene la arquitectura | Pedro Hern\u00e1ndez"},"content":{"rendered":"<p><figure id=\"attachment_35875\" aria-describedby=\"caption-attachment-35875\" style=\"width: 750px\" class=\"wp-caption alignnone\"><a href=\"http:\/\/veredes.es\/blog\/wp-content\/uploads\/2013\/11\/landliving.com-01.jpg\"><img loading=\"lazy\" decoding=\"async\" class=\"wp-image-35875\" title=\"landliving.com-01\" src=\"http:\/\/veredes.es\/blog\/wp-content\/uploads\/2013\/11\/landliving.com-01.jpg\" alt=\"\" width=\"750\" height=\"546\" srcset=\"https:\/\/veredes.es\/blog\/wp-content\/uploads\/2013\/11\/landliving.com-01.jpg 500w, https:\/\/veredes.es\/blog\/wp-content\/uploads\/2013\/11\/landliving.com-01-300x218.jpg 300w\" sizes=\"auto, (max-width: 750px) 100vw, 750px\" \/><\/a><figcaption id=\"caption-attachment-35875\" class=\"wp-caption-text\"><span style=\"color: #888888;\">Terraza Sanatorio de Paimio, Alvar Aalto\u00a0| landliving.com<\/span><\/figcaption><\/figure><\/p>\n<p style=\"text-align: justify;\">En lo personal, uno de los mejores momentos que ofrecen las tesis de Beatriz Colomina es cuando enlaza la arquitectura con la salud. Siempre me ha gustado la idea de lo que expone.<\/p>\n<blockquote>\n<p style=\"text-align: justify;\"><em>\u00abLa arquitectura moderna era entendida de forma\u00a0un\u00e1nime\u00a0como una suerte de equipo m\u00e9dico, un mecanismo para proteger y mejorar el cuerpo\u00bb<\/em>.<\/p>\n<p style=\"text-align: justify;\">Colomina, Beatriz &#8211; <strong>La domesticidad en guerra<\/strong> &#8211; Ed. Actar<\/p>\n<\/blockquote>\n<p style=\"text-align: justify;\">Fruto de esto podemos encontrar el desarrollo de los\u00a0sanatorios de tuberculosos de los a\u00f1os 30\u00a0o ver como el\u00a0c\u00e9sped\u00a0de la vida suburbana tenia un sentido de curaci\u00f3n de los trastornos tanto\u00a0f\u00edsicos\u00a0como mentales, ocasionados en la traum\u00e1tica guerra.<\/p>\n<p style=\"text-align: justify;\">Es evidente que existe una relaci\u00f3n entre las condiciones de vida y la salud: el higienismo derivado de las malas condiciones -laborales y dom\u00e9sticas- de la revoluci\u00f3n industrial es una clara muestra de ello. Apertura de calles, ordenaci\u00f3n urbana, normativa de los inmuebles\u2026 son resultados de muchos a\u00f1os (miles) trabajando sobre este tema.<\/p>\n<p style=\"text-align: justify;\">Y seguimos\u00a0haci\u00e9ndolo, en mi escuela por ejemplo, es muy normal encontrar\u00a0referencias\u00a0a la luminoterapia, aromaterapia,\u2026 todomalquetengaterapia.<\/p>\n<p style=\"text-align: justify;\">La arquitectura, como buena heredera del movimiento moderno, sigue pensando que puede ser un dispositivo m\u00e9dico, un elemento capaz de aliviar los males urbanos (la ciudad, y su estilo de vida es por tanto sucio y tenebroso) tales como el\u00a0estr\u00e9s\u2026 Pero aludiendo ahora a cambios fisiol\u00f3gicos (trabajando en la qu\u00edmica biol\u00f3gica). Estamos entrando en un mundo farmacol\u00f3gico, que dir\u00eda <a href=\"http:\/\/unalhistoria3.blogspot.com\/2012\/07\/mies-van-der-rohe-casa-farnsworth.html\" target=\"_blank\" rel=\"noopener\">Beatriz Preciado<\/a>, y la arquitectura\u00a0parece\u00a0intentar ir a la zaga.<\/p>\n<p style=\"text-align: justify;\">Pero, \u00bfpuede la arquitectura trabajar desde\u00a0\u00e1mbitos exclusivamente pertenecientes a la medicina? Y si es as\u00ed \u00bfpuede esa arquitectura responder a algo m\u00e1s que solo esa necesidad curativa? \u00bfEs la arquitectura tan buena, tan capaz de resolver todos los males?<\/p>\n<p style=\"text-align: justify;\">Dudas, opiniones\u2026. porque yo no lo s\u00e9.<\/p>\n<p style=\"text-align: justify;\">Pedro Hern\u00e1ndez \u00b7 arquitecto<br \/>\nciudad de m\u00e9xico. noviembre 2013<\/p>\n<p><\/p>","protected":false},"excerpt":{"rendered":"<p>En lo personal, uno de los mejores momentos que ofrecen las tesis de Beatriz Colomina es cuando enlaza la arquitectura con la salud. Siempre me ha gustado la idea de lo que expone. \u00abLa arquitectura moderna era entendida de forma\u00a0un\u00e1nime\u00a0como una suerte de equipo m\u00e9dico, un mecanismo para proteger y mejorar el cuerpo\u00bb. Colomina, Beatriz [&hellip;]<\/p>\n","protected":false},"author":36,"featured_media":35875,"comment_status":"open","ping_status":"closed","sticky":false,"template":"","format":"standard","meta":{"footnotes":""},"categories":[568,5951],"tags":[147,9221,4712,1776,12451,4232,676,4505,846,898,1241,1287],"class_list":{"0":"post-35874","1":"post","2":"type-post","3":"status-publish","4":"format-standard","5":"has-post-thumbnail","7":"category-faro","8":"category-slider-principal","9":"tag-arquitectura-moderna","10":"tag-arquitectura-sanitaria","11":"tag-beatriz-preciado","12":"tag-equipamiento-hospitalario","13":"tag-equipamiento-sanitario","14":"tag-higiene","15":"tag-hospital","16":"tag-landa-hernandez","17":"tag-medio","18":"tag-movimiento-moderno","19":"tag-sociedad","20":"tag-tesis"},"yoast_head":"<!-- This site is optimized with the Yoast SEO plugin v27.5 - https:\/\/yoast.com\/product\/yoast-seo-wordpress\/ -->\n<title>No se preocupe de sus males, para eso tiene la arquitectura | Pedro Hern\u00e1ndez<\/title>\n<meta name=\"description\" content=\"No se preocupe de sus males, para eso tiene la arquitectura\" \/>\n<meta name=\"robots\" content=\"index, follow, max-snippet:-1, max-image-preview:large, max-video-preview:-1\" \/>\n<link rel=\"canonical\" href=\"https:\/\/veredes.es\/blog\/no-se-preocupe-de-sus-males-para-eso-tiene-la-arquitectura-pedro-hernandez\/\" \/>\n<meta property=\"og:locale\" content=\"es_ES\" \/>\n<meta property=\"og:type\" content=\"article\" \/>\n<meta property=\"og:title\" content=\"No se preocupe de sus males, para eso tiene la arquitectura | Pedro Hern\u00e1ndez\" \/>\n<meta property=\"og:description\" content=\"No se preocupe de sus males, para eso tiene la arquitectura\" \/>\n<meta property=\"og:url\" content=\"https:\/\/veredes.es\/blog\/no-se-preocupe-de-sus-males-para-eso-tiene-la-arquitectura-pedro-hernandez\/\" \/>\n<meta property=\"og:site_name\" content=\"veredes, arquitectura y divulgaci\u00f3n\" \/>\n<meta property=\"article:publisher\" content=\"https:\/\/www.facebook.com\/veredesArquitecturayDivulgacion\/\" \/>\n<meta property=\"article:author\" content=\"https:\/\/www.facebook.com\/pehemar\" \/>\n<meta property=\"article:published_time\" content=\"2013-11-11T06:23:54+00:00\" \/>\n<meta property=\"article:modified_time\" content=\"2022-02-23T15:34:57+00:00\" \/>\n<meta property=\"og:image\" content=\"https:\/\/veredes.es\/blog\/wp-content\/uploads\/2013\/11\/landliving.com-01.jpg\" \/>\n\t<meta property=\"og:image:width\" content=\"500\" \/>\n\t<meta property=\"og:image:height\" content=\"364\" \/>\n\t<meta property=\"og:image:type\" content=\"image\/jpeg\" \/>\n<meta name=\"author\" content=\"Landa Hern\u00e1ndez\" \/>\n<meta name=\"twitter:card\" content=\"summary_large_image\" \/>\n<meta name=\"twitter:creator\" content=\"@https:\/\/twitter.com\/laperiferia\" \/>\n<meta name=\"twitter:site\" content=\"@veredes\" \/>\n<meta name=\"twitter:label1\" content=\"Escrito por\" \/>\n\t<meta name=\"twitter:data1\" content=\"Landa Hern\u00e1ndez\" \/>\n\t<meta name=\"twitter:label2\" content=\"Tiempo de lectura\" \/>\n\t<meta name=\"twitter:data2\" content=\"5 minutos\" \/>\n<script type=\"application\/ld+json\" class=\"yoast-schema-graph\">{\"@context\":\"https:\\\/\\\/schema.org\",\"@graph\":[{\"@type\":\"Article\",\"@id\":\"https:\\\/\\\/veredes.es\\\/blog\\\/no-se-preocupe-de-sus-males-para-eso-tiene-la-arquitectura-pedro-hernandez\\\/#article\",\"isPartOf\":{\"@id\":\"https:\\\/\\\/veredes.es\\\/blog\\\/no-se-preocupe-de-sus-males-para-eso-tiene-la-arquitectura-pedro-hernandez\\\/\"},\"author\":{\"name\":\"Landa Hern\u00e1ndez\",\"@id\":\"https:\\\/\\\/veredes.es\\\/blog\\\/#\\\/schema\\\/person\\\/c2e70e079f5cb4810ff9e002286ae4d4\"},\"headline\":\"No se preocupe de sus males, para eso tiene la arquitectura | Pedro Hern\u00e1ndez\",\"datePublished\":\"2013-11-11T06:23:54+00:00\",\"dateModified\":\"2022-02-23T15:34:57+00:00\",\"mainEntityOfPage\":{\"@id\":\"https:\\\/\\\/veredes.es\\\/blog\\\/no-se-preocupe-de-sus-males-para-eso-tiene-la-arquitectura-pedro-hernandez\\\/\"},\"wordCount\":1042,\"commentCount\":0,\"publisher\":{\"@id\":\"https:\\\/\\\/veredes.es\\\/blog\\\/#organization\"},\"image\":{\"@id\":\"https:\\\/\\\/veredes.es\\\/blog\\\/no-se-preocupe-de-sus-males-para-eso-tiene-la-arquitectura-pedro-hernandez\\\/#primaryimage\"},\"thumbnailUrl\":\"https:\\\/\\\/veredes.es\\\/blog\\\/wp-content\\\/uploads\\\/2013\\\/11\\\/landliving.com-01.jpg\",\"keywords\":[\"arquitectura moderna\",\"arquitectura sanitaria\",\"Beatriz Preciado\",\"equipamiento hospitalario\",\"equipamiento sanitario\",\"higiene\",\"hospital\",\"Landa Hern\u00e1ndez\",\"medio\",\"movimiento moderno\",\"sociedad\",\"tesis\"],\"articleSection\":[\"faro\",\"slider principal\"],\"inLanguage\":\"es\",\"potentialAction\":[{\"@type\":\"CommentAction\",\"name\":\"Comment\",\"target\":[\"https:\\\/\\\/veredes.es\\\/blog\\\/no-se-preocupe-de-sus-males-para-eso-tiene-la-arquitectura-pedro-hernandez\\\/#respond\"]}]},{\"@type\":\"WebPage\",\"@id\":\"https:\\\/\\\/veredes.es\\\/blog\\\/no-se-preocupe-de-sus-males-para-eso-tiene-la-arquitectura-pedro-hernandez\\\/\",\"url\":\"https:\\\/\\\/veredes.es\\\/blog\\\/no-se-preocupe-de-sus-males-para-eso-tiene-la-arquitectura-pedro-hernandez\\\/\",\"name\":\"No se preocupe de sus males, para eso tiene la arquitectura | Pedro Hern\u00e1ndez\",\"isPartOf\":{\"@id\":\"https:\\\/\\\/veredes.es\\\/blog\\\/#website\"},\"primaryImageOfPage\":{\"@id\":\"https:\\\/\\\/veredes.es\\\/blog\\\/no-se-preocupe-de-sus-males-para-eso-tiene-la-arquitectura-pedro-hernandez\\\/#primaryimage\"},\"image\":{\"@id\":\"https:\\\/\\\/veredes.es\\\/blog\\\/no-se-preocupe-de-sus-males-para-eso-tiene-la-arquitectura-pedro-hernandez\\\/#primaryimage\"},\"thumbnailUrl\":\"https:\\\/\\\/veredes.es\\\/blog\\\/wp-content\\\/uploads\\\/2013\\\/11\\\/landliving.com-01.jpg\",\"datePublished\":\"2013-11-11T06:23:54+00:00\",\"dateModified\":\"2022-02-23T15:34:57+00:00\",\"description\":\"No se preocupe de sus males, para eso tiene la arquitectura\",\"breadcrumb\":{\"@id\":\"https:\\\/\\\/veredes.es\\\/blog\\\/no-se-preocupe-de-sus-males-para-eso-tiene-la-arquitectura-pedro-hernandez\\\/#breadcrumb\"},\"inLanguage\":\"es\",\"potentialAction\":[{\"@type\":\"ReadAction\",\"target\":[\"https:\\\/\\\/veredes.es\\\/blog\\\/no-se-preocupe-de-sus-males-para-eso-tiene-la-arquitectura-pedro-hernandez\\\/\"]}]},{\"@type\":\"ImageObject\",\"inLanguage\":\"es\",\"@id\":\"https:\\\/\\\/veredes.es\\\/blog\\\/no-se-preocupe-de-sus-males-para-eso-tiene-la-arquitectura-pedro-hernandez\\\/#primaryimage\",\"url\":\"https:\\\/\\\/veredes.es\\\/blog\\\/wp-content\\\/uploads\\\/2013\\\/11\\\/landliving.com-01.jpg\",\"contentUrl\":\"https:\\\/\\\/veredes.es\\\/blog\\\/wp-content\\\/uploads\\\/2013\\\/11\\\/landliving.com-01.jpg\",\"width\":\"500\",\"height\":\"364\",\"caption\":\"landliving.com-01\"},{\"@type\":\"BreadcrumbList\",\"@id\":\"https:\\\/\\\/veredes.es\\\/blog\\\/no-se-preocupe-de-sus-males-para-eso-tiene-la-arquitectura-pedro-hernandez\\\/#breadcrumb\",\"itemListElement\":[{\"@type\":\"ListItem\",\"position\":1,\"name\":\"Portada\",\"item\":\"https:\\\/\\\/veredes.es\\\/blog\\\/\"},{\"@type\":\"ListItem\",\"position\":2,\"name\":\"[:es]No se preocupe de sus males, para eso tiene la arquitectura | Pedro Hern\u00e1ndez[:gl]Non se preocupe dos seus males, para iso ten a arquitectura | Pedro Hern\u00e1ndez[:en]Do not worry about his males, for it it has the architecture | Pedro Hern\u00e1ndez[:]\"}]},{\"@type\":\"WebSite\",\"@id\":\"https:\\\/\\\/veredes.es\\\/blog\\\/#website\",\"url\":\"https:\\\/\\\/veredes.es\\\/blog\\\/\",\"name\":\"veredes, arquitectura y divulgaci\u00f3n\",\"description\":\"veredes\",\"publisher\":{\"@id\":\"https:\\\/\\\/veredes.es\\\/blog\\\/#organization\"},\"alternateName\":\"veredes\",\"potentialAction\":[{\"@type\":\"SearchAction\",\"target\":{\"@type\":\"EntryPoint\",\"urlTemplate\":\"https:\\\/\\\/veredes.es\\\/blog\\\/?s={search_term_string}\"},\"query-input\":{\"@type\":\"PropertyValueSpecification\",\"valueRequired\":true,\"valueName\":\"search_term_string\"}}],\"inLanguage\":\"es\"},{\"@type\":\"Organization\",\"@id\":\"https:\\\/\\\/veredes.es\\\/blog\\\/#organization\",\"name\":\"veredes, arquitectura y divulgaci\u00f3n\",\"alternateName\":\"veredes\",\"url\":\"https:\\\/\\\/veredes.es\\\/blog\\\/\",\"logo\":{\"@type\":\"ImageObject\",\"inLanguage\":\"es\",\"@id\":\"https:\\\/\\\/veredes.es\\\/blog\\\/#\\\/schema\\\/logo\\\/image\\\/\",\"url\":\"https:\\\/\\\/veredes.es\\\/blog\\\/wp-content\\\/uploads\\\/2021\\\/12\\\/veredes-logo-centrado_140x54.png\",\"contentUrl\":\"https:\\\/\\\/veredes.es\\\/blog\\\/wp-content\\\/uploads\\\/2021\\\/12\\\/veredes-logo-centrado_140x54.png\",\"width\":140,\"height\":54,\"caption\":\"veredes, arquitectura y divulgaci\u00f3n\"},\"image\":{\"@id\":\"https:\\\/\\\/veredes.es\\\/blog\\\/#\\\/schema\\\/logo\\\/image\\\/\"},\"sameAs\":[\"https:\\\/\\\/www.facebook.com\\\/veredesArquitecturayDivulgacion\\\/\",\"https:\\\/\\\/x.com\\\/veredes\",\"https:\\\/\\\/instagram.com\\\/veredes\\\/\",\"https:\\\/\\\/www.linkedin.com\\\/company\\\/veredes-arquitectura-y-divulgacion\\\/\",\"https:\\\/\\\/es.pinterest.com\\\/veredes\\\/\",\"https:\\\/\\\/www.tumblr.com\\\/veredes\"]},{\"@type\":\"Person\",\"@id\":\"https:\\\/\\\/veredes.es\\\/blog\\\/#\\\/schema\\\/person\\\/c2e70e079f5cb4810ff9e002286ae4d4\",\"name\":\"Landa Hern\u00e1ndez\",\"image\":{\"@type\":\"ImageObject\",\"inLanguage\":\"es\",\"@id\":\"https:\\\/\\\/secure.gravatar.com\\\/avatar\\\/557e510e5576322e0c38a78a1bfab7d33982187ff66668704d6978d3f690ceb1?s=96&r=g\",\"url\":\"https:\\\/\\\/secure.gravatar.com\\\/avatar\\\/557e510e5576322e0c38a78a1bfab7d33982187ff66668704d6978d3f690ceb1?s=96&r=g\",\"contentUrl\":\"https:\\\/\\\/secure.gravatar.com\\\/avatar\\\/557e510e5576322e0c38a78a1bfab7d33982187ff66668704d6978d3f690ceb1?s=96&r=g\",\"caption\":\"Landa Hern\u00e1ndez\"},\"description\":\"Soy arquitecto por la Universidad de Alicante, pero mi inter\u00e9s sobre esta disciplina se encuentra alejado de su papel tradicional de dise\u00f1o de espacios. M\u00e1s bien, me interesa entender c\u00f3mo las representaciones de la arquitectura, el paisaje, el dise\u00f1o o el territorio construyen y materializan determinados discursos ideol\u00f3gicos, imponiendo posturas, subjetividades y formas de acci\u00f3n sobre los cuerpos que la habitan. En mi trabajo edito estos discursos \u2013sus im\u00e1genes, sus historias o sus restos materiales\u2013 y reelaboro comentarios cr\u00edticos que ponen en evidencia sus controversias y contradicciones, formaliz\u00e1ndolos en diversos formatos como textos, fotograf\u00edas, v\u00eddeos, objetos o instalaciones, muchas veces entrecruzados entre s\u00ed. He publicado art\u00edculos y ensayos en diversos medios de Estados Unidos, Italia, Croacia, Espa\u00f1a, Chile y M\u00e9xico. Desde enero de 2013 resido en la Ciudad de M\u00e9xico donde trabajo como coordinador de contenidos en Arquine.\",\"sameAs\":[\"http:\\\/\\\/laperiferiadomestica.tumblr.com\\\/\",\"https:\\\/\\\/www.facebook.com\\\/pehemar\",\"https:\\\/\\\/www.instagram.com\\\/laperiferia\\\/\",\"https:\\\/\\\/www.linkedin.com\\\/in\\\/pedrohm\\\/\",\"https:\\\/\\\/x.com\\\/https:\\\/\\\/twitter.com\\\/laperiferia\"],\"url\":\"https:\\\/\\\/veredes.es\\\/blog\\\/author\\\/pedro-hernandez-martinez\\\/\"}]}<\/script>\n<!-- \/ Yoast SEO plugin. -->","yoast_head_json":{"title":"No se preocupe de sus males, para eso tiene la arquitectura | Pedro Hern\u00e1ndez","description":"No se preocupe de sus males, para eso tiene la arquitectura","robots":{"index":"index","follow":"follow","max-snippet":"max-snippet:-1","max-image-preview":"max-image-preview:large","max-video-preview":"max-video-preview:-1"},"canonical":"https:\/\/veredes.es\/blog\/no-se-preocupe-de-sus-males-para-eso-tiene-la-arquitectura-pedro-hernandez\/","og_locale":"es_ES","og_type":"article","og_title":"No se preocupe de sus males, para eso tiene la arquitectura | Pedro Hern\u00e1ndez","og_description":"No se preocupe de sus males, para eso tiene la arquitectura","og_url":"https:\/\/veredes.es\/blog\/no-se-preocupe-de-sus-males-para-eso-tiene-la-arquitectura-pedro-hernandez\/","og_site_name":"veredes, arquitectura y divulgaci\u00f3n","article_publisher":"https:\/\/www.facebook.com\/veredesArquitecturayDivulgacion\/","article_author":"https:\/\/www.facebook.com\/pehemar","article_published_time":"2013-11-11T06:23:54+00:00","article_modified_time":"2022-02-23T15:34:57+00:00","og_image":[{"width":500,"height":364,"url":"https:\/\/veredes.es\/blog\/wp-content\/uploads\/2013\/11\/landliving.com-01.jpg","type":"image\/jpeg"}],"author":"Landa Hern\u00e1ndez","twitter_card":"summary_large_image","twitter_creator":"@https:\/\/twitter.com\/laperiferia","twitter_site":"@veredes","twitter_misc":{"Escrito por":"Landa Hern\u00e1ndez","Tiempo de lectura":"5 minutos"},"schema":{"@context":"https:\/\/schema.org","@graph":[{"@type":"Article","@id":"https:\/\/veredes.es\/blog\/no-se-preocupe-de-sus-males-para-eso-tiene-la-arquitectura-pedro-hernandez\/#article","isPartOf":{"@id":"https:\/\/veredes.es\/blog\/no-se-preocupe-de-sus-males-para-eso-tiene-la-arquitectura-pedro-hernandez\/"},"author":{"name":"Landa Hern\u00e1ndez","@id":"https:\/\/veredes.es\/blog\/#\/schema\/person\/c2e70e079f5cb4810ff9e002286ae4d4"},"headline":"No se preocupe de sus males, para eso tiene la arquitectura | Pedro Hern\u00e1ndez","datePublished":"2013-11-11T06:23:54+00:00","dateModified":"2022-02-23T15:34:57+00:00","mainEntityOfPage":{"@id":"https:\/\/veredes.es\/blog\/no-se-preocupe-de-sus-males-para-eso-tiene-la-arquitectura-pedro-hernandez\/"},"wordCount":1042,"commentCount":0,"publisher":{"@id":"https:\/\/veredes.es\/blog\/#organization"},"image":{"@id":"https:\/\/veredes.es\/blog\/no-se-preocupe-de-sus-males-para-eso-tiene-la-arquitectura-pedro-hernandez\/#primaryimage"},"thumbnailUrl":"https:\/\/veredes.es\/blog\/wp-content\/uploads\/2013\/11\/landliving.com-01.jpg","keywords":["arquitectura moderna","arquitectura sanitaria","Beatriz Preciado","equipamiento hospitalario","equipamiento sanitario","higiene","hospital","Landa Hern\u00e1ndez","medio","movimiento moderno","sociedad","tesis"],"articleSection":["faro","slider principal"],"inLanguage":"es","potentialAction":[{"@type":"CommentAction","name":"Comment","target":["https:\/\/veredes.es\/blog\/no-se-preocupe-de-sus-males-para-eso-tiene-la-arquitectura-pedro-hernandez\/#respond"]}]},{"@type":"WebPage","@id":"https:\/\/veredes.es\/blog\/no-se-preocupe-de-sus-males-para-eso-tiene-la-arquitectura-pedro-hernandez\/","url":"https:\/\/veredes.es\/blog\/no-se-preocupe-de-sus-males-para-eso-tiene-la-arquitectura-pedro-hernandez\/","name":"No se preocupe de sus males, para eso tiene la arquitectura | Pedro Hern\u00e1ndez","isPartOf":{"@id":"https:\/\/veredes.es\/blog\/#website"},"primaryImageOfPage":{"@id":"https:\/\/veredes.es\/blog\/no-se-preocupe-de-sus-males-para-eso-tiene-la-arquitectura-pedro-hernandez\/#primaryimage"},"image":{"@id":"https:\/\/veredes.es\/blog\/no-se-preocupe-de-sus-males-para-eso-tiene-la-arquitectura-pedro-hernandez\/#primaryimage"},"thumbnailUrl":"https:\/\/veredes.es\/blog\/wp-content\/uploads\/2013\/11\/landliving.com-01.jpg","datePublished":"2013-11-11T06:23:54+00:00","dateModified":"2022-02-23T15:34:57+00:00","description":"No se preocupe de sus males, para eso tiene la arquitectura","breadcrumb":{"@id":"https:\/\/veredes.es\/blog\/no-se-preocupe-de-sus-males-para-eso-tiene-la-arquitectura-pedro-hernandez\/#breadcrumb"},"inLanguage":"es","potentialAction":[{"@type":"ReadAction","target":["https:\/\/veredes.es\/blog\/no-se-preocupe-de-sus-males-para-eso-tiene-la-arquitectura-pedro-hernandez\/"]}]},{"@type":"ImageObject","inLanguage":"es","@id":"https:\/\/veredes.es\/blog\/no-se-preocupe-de-sus-males-para-eso-tiene-la-arquitectura-pedro-hernandez\/#primaryimage","url":"https:\/\/veredes.es\/blog\/wp-content\/uploads\/2013\/11\/landliving.com-01.jpg","contentUrl":"https:\/\/veredes.es\/blog\/wp-content\/uploads\/2013\/11\/landliving.com-01.jpg","width":"500","height":"364","caption":"landliving.com-01"},{"@type":"BreadcrumbList","@id":"https:\/\/veredes.es\/blog\/no-se-preocupe-de-sus-males-para-eso-tiene-la-arquitectura-pedro-hernandez\/#breadcrumb","itemListElement":[{"@type":"ListItem","position":1,"name":"Portada","item":"https:\/\/veredes.es\/blog\/"},{"@type":"ListItem","position":2,"name":"[:es]No se preocupe de sus males, para eso tiene la arquitectura | Pedro Hern\u00e1ndez[:gl]Non se preocupe dos seus males, para iso ten a arquitectura | Pedro Hern\u00e1ndez[:en]Do not worry about his males, for it it has the architecture | Pedro Hern\u00e1ndez[:]"}]},{"@type":"WebSite","@id":"https:\/\/veredes.es\/blog\/#website","url":"https:\/\/veredes.es\/blog\/","name":"veredes, arquitectura y divulgaci\u00f3n","description":"veredes","publisher":{"@id":"https:\/\/veredes.es\/blog\/#organization"},"alternateName":"veredes","potentialAction":[{"@type":"SearchAction","target":{"@type":"EntryPoint","urlTemplate":"https:\/\/veredes.es\/blog\/?s={search_term_string}"},"query-input":{"@type":"PropertyValueSpecification","valueRequired":true,"valueName":"search_term_string"}}],"inLanguage":"es"},{"@type":"Organization","@id":"https:\/\/veredes.es\/blog\/#organization","name":"veredes, arquitectura y divulgaci\u00f3n","alternateName":"veredes","url":"https:\/\/veredes.es\/blog\/","logo":{"@type":"ImageObject","inLanguage":"es","@id":"https:\/\/veredes.es\/blog\/#\/schema\/logo\/image\/","url":"https:\/\/veredes.es\/blog\/wp-content\/uploads\/2021\/12\/veredes-logo-centrado_140x54.png","contentUrl":"https:\/\/veredes.es\/blog\/wp-content\/uploads\/2021\/12\/veredes-logo-centrado_140x54.png","width":140,"height":54,"caption":"veredes, arquitectura y divulgaci\u00f3n"},"image":{"@id":"https:\/\/veredes.es\/blog\/#\/schema\/logo\/image\/"},"sameAs":["https:\/\/www.facebook.com\/veredesArquitecturayDivulgacion\/","https:\/\/x.com\/veredes","https:\/\/instagram.com\/veredes\/","https:\/\/www.linkedin.com\/company\/veredes-arquitectura-y-divulgacion\/","https:\/\/es.pinterest.com\/veredes\/","https:\/\/www.tumblr.com\/veredes"]},{"@type":"Person","@id":"https:\/\/veredes.es\/blog\/#\/schema\/person\/c2e70e079f5cb4810ff9e002286ae4d4","name":"Landa Hern\u00e1ndez","image":{"@type":"ImageObject","inLanguage":"es","@id":"https:\/\/secure.gravatar.com\/avatar\/557e510e5576322e0c38a78a1bfab7d33982187ff66668704d6978d3f690ceb1?s=96&r=g","url":"https:\/\/secure.gravatar.com\/avatar\/557e510e5576322e0c38a78a1bfab7d33982187ff66668704d6978d3f690ceb1?s=96&r=g","contentUrl":"https:\/\/secure.gravatar.com\/avatar\/557e510e5576322e0c38a78a1bfab7d33982187ff66668704d6978d3f690ceb1?s=96&r=g","caption":"Landa Hern\u00e1ndez"},"description":"Soy arquitecto por la Universidad de Alicante, pero mi inter\u00e9s sobre esta disciplina se encuentra alejado de su papel tradicional de dise\u00f1o de espacios. M\u00e1s bien, me interesa entender c\u00f3mo las representaciones de la arquitectura, el paisaje, el dise\u00f1o o el territorio construyen y materializan determinados discursos ideol\u00f3gicos, imponiendo posturas, subjetividades y formas de acci\u00f3n sobre los cuerpos que la habitan. En mi trabajo edito estos discursos \u2013sus im\u00e1genes, sus historias o sus restos materiales\u2013 y reelaboro comentarios cr\u00edticos que ponen en evidencia sus controversias y contradicciones, formaliz\u00e1ndolos en diversos formatos como textos, fotograf\u00edas, v\u00eddeos, objetos o instalaciones, muchas veces entrecruzados entre s\u00ed. He publicado art\u00edculos y ensayos en diversos medios de Estados Unidos, Italia, Croacia, Espa\u00f1a, Chile y M\u00e9xico. Desde enero de 2013 resido en la Ciudad de M\u00e9xico donde trabajo como coordinador de contenidos en Arquine.","sameAs":["http:\/\/laperiferiadomestica.tumblr.com\/","https:\/\/www.facebook.com\/pehemar","https:\/\/www.instagram.com\/laperiferia\/","https:\/\/www.linkedin.com\/in\/pedrohm\/","https:\/\/x.com\/https:\/\/twitter.com\/laperiferia"],"url":"https:\/\/veredes.es\/blog\/author\/pedro-hernandez-martinez\/"}]}},"_links":{"self":[{"href":"https:\/\/veredes.es\/blog\/wp-json\/wp\/v2\/posts\/35874","targetHints":{"allow":["GET"]}}],"collection":[{"href":"https:\/\/veredes.es\/blog\/wp-json\/wp\/v2\/posts"}],"about":[{"href":"https:\/\/veredes.es\/blog\/wp-json\/wp\/v2\/types\/post"}],"author":[{"embeddable":true,"href":"https:\/\/veredes.es\/blog\/wp-json\/wp\/v2\/users\/36"}],"replies":[{"embeddable":true,"href":"https:\/\/veredes.es\/blog\/wp-json\/wp\/v2\/comments?post=35874"}],"version-history":[{"count":0,"href":"https:\/\/veredes.es\/blog\/wp-json\/wp\/v2\/posts\/35874\/revisions"}],"wp:featuredmedia":[{"embeddable":true,"href":"https:\/\/veredes.es\/blog\/wp-json\/wp\/v2\/media\/35875"}],"wp:attachment":[{"href":"https:\/\/veredes.es\/blog\/wp-json\/wp\/v2\/media?parent=35874"}],"wp:term":[{"taxonomy":"category","embeddable":true,"href":"https:\/\/veredes.es\/blog\/wp-json\/wp\/v2\/categories?post=35874"},{"taxonomy":"post_tag","embeddable":true,"href":"https:\/\/veredes.es\/blog\/wp-json\/wp\/v2\/tags?post=35874"}],"curies":[{"name":"wp","href":"https:\/\/api.w.org\/{rel}","templated":true}]}}