{"id":35842,"date":"2016-12-19T00:53:11","date_gmt":"2016-12-18T23:53:11","guid":{"rendered":"http:\/\/veredes.es\/blog\/?p=35842"},"modified":"2019-12-27T16:49:50","modified_gmt":"2019-12-27T15:49:50","slug":"consumidores-y-consumistas-jose-ramon-hernandez-correa","status":"publish","type":"post","link":"https:\/\/veredes.es\/blog\/consumidores-y-consumistas-jose-ramon-hernandez-correa\/","title":{"rendered":"Consumidores y consumistas | Jos\u00e9 Ram\u00f3n Hern\u00e1ndez Correa"},"content":{"rendered":"<p><\/p>\n<p style=\"text-align: justify;\">Ahora que se nos cae la pol\u00edtica, que se nos cae la ideolog\u00eda, que se nos cae la cultura, la fe, la estructura&#8230; todo, la \u00fanica certeza que nos queda es que vivimos en una sociedad de consumo y que el consumismo sigue siendo el rey de todo.<\/p>\n<p style=\"text-align: justify;\">No nos damos cuenta, pero nosotros, que ya no somos (o apenas somos) ciudadanos, lo que s\u00ed somos es <em>consumidores<\/em>, que al parecer vale mucho m\u00e1s.<\/p>\n<p style=\"text-align: justify;\">Los consumidores mandamos, y lo hacemos con un poder absoluto. No tenemos que dar cuentas a nadie. Somos soberanos por nuestro capricho, porque s\u00ed, porque nos da la gana.<\/p>\n<p style=\"text-align: justify;\">No tenemos que justificar nada, ni explicar nada, ni tener raz\u00f3n. Somos los amos y podemos comportarnos, si queremos, como ni\u00f1os caprichosos. Podemos ser pol\u00edticamente incorrectos, injustos, lo que queramos. Puedo dejar de comprar un champ\u00fa porque no me gusta la cancioncilla de fondo del anuncio, y puedo comprar un modelo de zapatilla porque me encanta esa chica que la anuncia. S\u00ed; ya lo s\u00e9: Los publicistas saben todo eso y nos manipulan. Ya. Pero d\u00e9mosle la vuelta a la idea.<\/p>\n<p style=\"text-align: justify;\">En los albores de la publicidad se anunciaban las propiedades del producto anunciado. \u00a1Pardillos! \u00bfVeis ahora que alg\u00fan anuncio explique c\u00f3mo es lo que anuncia?<\/p>\n<blockquote>\n<p style=\"text-align: justify;\"><em>Just do it. La chispa de la vida. Be water, my friend. I&#8217;m lovin&#8217; it.<\/em><\/p>\n<\/blockquote>\n<p style=\"text-align: justify;\">Pues por eso mismo. Saben que consumimos a ciegas, s\u00ed, pero tambi\u00e9n que consumimos a capricho, y temen que nuestro capricho les traicione y les deje con el culo al aire.<\/p>\n<p style=\"text-align: justify;\">Dejemos esa idea ah\u00ed, fermentando o madurando, y mientras tanto veamos este fragmento de la planta s\u00f3tano de un edificio de viviendas. Est\u00e1 sacado de un folleto de una oficina inmobiliaria. Es decir: Es as\u00ed como pretenden vendernos un piso. Aparece el plano del piso y, al lado, el del s\u00f3tano con la plaza de aparcamiento y el trastero que le corresponden.<br \/>\nNo es un ejemplo especialmente torpe ni especialmente siniestro. Es bastante convencional. Es lo que hay.<\/p>\n<p style=\"text-align: justify;\">\u00bfPod\u00e9is mirar durante unos segundos la rampa y la plaza en cuesti\u00f3n? \u00bfY el pilar? \u00bfPod\u00e9is imaginaros aparcando ah\u00ed?<\/p>\n<figure id=\"attachment_35843\" aria-describedby=\"caption-attachment-35843\" style=\"width: 620px\" class=\"wp-caption alignnone\"><a href=\"https:\/\/veredes.es\/blog\/wp-content\/uploads\/2013\/11\/consumismo.jpg\"><img loading=\"lazy\" decoding=\"async\" class=\"size-full wp-image-35843\" title=\"consumismo\" src=\"https:\/\/veredes.es\/blog\/wp-content\/uploads\/2013\/11\/consumismo.jpg\" alt=\"\" width=\"620\" height=\"533\" srcset=\"https:\/\/veredes.es\/blog\/wp-content\/uploads\/2013\/11\/consumismo.jpg 620w, https:\/\/veredes.es\/blog\/wp-content\/uploads\/2013\/11\/consumismo-300x257.jpg 300w\" sizes=\"auto, (max-width: 620px) 100vw, 620px\" \/><\/a><figcaption id=\"caption-attachment-35843\" class=\"wp-caption-text\"><span style=\"color: #888888;\">Consumidores y consumistas | Jos\u00e9 Ram\u00f3n Hern\u00e1ndez Correa<br \/><\/span><\/figcaption><\/figure>\n<p style=\"text-align: justify;\">Pues la gente lo compraba en un pisp\u00e1s en \u00ablos buenos tiempos\u00bb. Siempre he pensado que muchos prestaban m\u00e1s atenci\u00f3n a la compra de unos pantalones que a la de su casa.<\/p>\n<p style=\"text-align: justify;\">La gente iba a las oficinas de ventas de las urbanizaciones los s\u00e1bados o los domingos, cuando no hab\u00eda tr\u00e1fico en la carretera, y se cre\u00edan ciegamente lo que se les dec\u00eda: que ese bloque de pisos en el Km 65 estaba a 15 minutos de Madrid. (Juro que lo he visto en una publicidad inmobiliaria de unos pisos de Oca\u00f1a (Toledo): a 15 minutos de Madrid. Ni en el <em>Air Force One<\/em>). Y se dejaban enga\u00f1ar sabiendo que les estaban enga\u00f1ando.<\/p>\n<blockquote>\n<p style=\"text-align: justify;\">-A ver: \u00bfUsted de d\u00f3nde viene?<br \/>\n-De Madrid.<br \/>\n-\u00bfY cu\u00e1nto ha tardado?<br \/>\n-Una hora y cuarto, pero porque era domingo. Seguro que un mi\u00e9rcoles a las siete y media de la ma\u00f1ana s\u00ed que tardo esos quince minutos.<\/p>\n<\/blockquote>\n<p style=\"text-align: justify;\">El resto de su vida en un atasco. Ojos ciegos. Tampoco parec\u00edan darse cuenta de las enormes naves industriales que ten\u00edan justo enfrente, y que, por ser domingo, estaban cerradas y silenciosas.<\/p>\n<p style=\"text-align: justify;\">De verdad: Un pantal\u00f3n se lo prueban primero, y miran un par de ellos en un par de tiendas. Pero un chalet no. Ni un piso. El piso a que se refiere el dibujo de arriba ni lo ense\u00f1o. \u00bfPara qu\u00e9? Tambi\u00e9n es muy \u00abconvencional\u00bb. Lo que hay. Lo que se lleva.<br \/>\n(Por cierto: Tiene \u00abcocina americana\u00bb. Sigo sin saber lo que es eso. Yo he visto en la tele las cocinas de <em>Bill Cosby<\/em>, del <em>Pr\u00edncipe de Bel Air<\/em>, de <em>Las Chicas de Oro<\/em>, de <em>Los Simpsons<\/em>, de <em>Padre de Familia<\/em>, de <em>Dos Hombres y Medio<\/em>, de <em>Modern Family<\/em>&#8230; \u00bfQu\u00e9 es eso de \u00abcocina americana\u00bb? Sheldon Cooper y Leonard Hofstadter la tienen integrada en el sal\u00f3n, s\u00ed, pero amplia y c\u00f3moda, no una especie de minibarra contra la pared y pegada al sof\u00e1).<\/p>\n<p style=\"text-align: justify;\">El del edificio que estoy diciendo es un solar en el que hubo una casa \u00abde pueblo\u00bb de dos plantas y patio trasero. Una casa. Una sola casa. Se derrib\u00f3 y ahora hay un edificio con s\u00f3tano, tres plantas y \u00abbajo cubierta\u00bb, con un total de siete apartamentos. Siete.<\/p>\n<p style=\"text-align: justify;\">Parece mentira que cumpla la normativa sobre pendientes de rampa, radios de giro, dimensiones de la plaza&#8230; e incluso parece mentira que los servicios t\u00e9cnicos del ayuntamiento respectivo dieran su informe favorable y los concejales pelaran cigalas a costa de esta promoci\u00f3n. Parece mentira. Pero lo que m\u00e1s mentira parece es que alguien la comprara. Lo m\u00e1s incre\u00edble de todo es que estuvi\u00e9ramos todos tan locos que compr\u00e1ramos ese tipo de cosas.<\/p>\n<p style=\"text-align: justify;\">La gente, en general, no entiende los planos, pero se compraban sus casas sobre plano, porque era imposible esperar a que estuvieran construidas. \u00ab\u00a1Vamos, vamos, que me las quitan de las manos!\u00bb<br \/>\nAs\u00ed era. Se las quitaban.<\/p>\n<blockquote>\n<p style=\"text-align: justify;\">-\u00bfY cu\u00e1nto cuesta el piso?<br \/>\n-Ciento ochenta mil euros.<br \/>\n-\u00bfCu\u00e1nto ha dicho?<br \/>\n-Doscientos mil euros.<br \/>\n-Muy bien. Lo voy a pensar.<br \/>\n-Doscientos veinte mil.<br \/>\n-\u00a1Qu\u00e9 narices! \u00a1Lo compro!<br \/>\n-Muy bien. Ha hecho usted una buena compra por doscientos cuarenta mil euros.<br \/>\n-S\u00ed. La verdad es que he tenido mucha suerte.<\/p>\n<\/blockquote>\n<p style=\"text-align: justify;\">\u00bfAlguien se ha comprado un pantal\u00f3n sobre el patr\u00f3n? No. Nos lo probamos. Nos probamos varios. Incluso vamos a varias tiendas. Y la vivienda que vamos a estar pagando durante treinta a\u00f1os (si mantenemos el empleo y la n\u00f3mina) la compr\u00e1bamos a tontas y a locas.<br \/>\n\u00bfNo somos consumidores? \u00bfNo somos los reyes del sistema?<\/p>\n<p style=\"text-align: justify;\">Vuelvo al inicio.<br \/>\nUn ejemplo: Hace tiempo la Asociaci\u00f3n de V\u00edctimas del Terrorismo public\u00f3 la lista de los que se anunciaban en <em>Egin<\/em>. Mucha gente dej\u00f3 de comprar esos productos o contratar esos servicios. Algunos de los anunciantes se quejaron de lo injusto que resultaba&#8230;, etc, y trataron de explicar&#8230;, etc. La respuesta de esos consumidores d\u00edscolos fue muy clara: \u00abNo me d\u00e9 usted sus razones. Seguro que las tiene. Pero es que no me da la gana seguir siendo cliente suyo\u00bb. Ante esto, \u00bfqu\u00e9 se puede hacer? Nada. Absolutamente nada. En el consumo uno es soberano de s\u00ed mismo y de sus decisiones. Y adem\u00e1s es un soberano absolutista, tan tirano y caprichoso como le d\u00e9 la gana.<\/p>\n<p style=\"text-align: justify;\">Entonces, \u00bfpor qu\u00e9 no se hizo algo parecido con las casas?<br \/>\nSe echa la culpa de todos los desastres urban\u00edsticos a los promotores, a los pol\u00edticos, a los arquitectos. Muy bien; asumamos todos la parte que nos toca. Pero yo ve\u00eda que quienes compraban los chal\u00e9s y pisos a cuarenta o cincuenta kil\u00f3metros de Madrid estaban encantados. Y quienes se compraban un apartamento en Benidorm o en Torrevieja, desde el que no se ve\u00eda el mar, estar\u00eda bueno, sino el parking de un Mercadona, tambi\u00e9n eran muy felices.<\/p>\n<p style=\"text-align: justify;\">\u00bfQu\u00e9 nos pas\u00f3 a todos? \u00bfNos curar\u00e1 la crisis de tanta tonter\u00eda? Me temo que no. Estoy escuchando a mucha gente que est\u00e1 deseando que se termine la crisis para volver a hacer el animal.<\/p>\n<p style=\"text-align: justify;\">No apelo a nuestro esp\u00edritu, ni a nuestra ciudadan\u00eda, ni a nuestra inteligencia, ni a nuestra bonhom\u00eda, ni a nuestra \u00e9tica. No. No apelo a nada m\u00e1s que a nuestro consumismo.<\/p>\n<p style=\"text-align: justify;\">Jos\u00e9 Ram\u00f3n Hern\u00e1ndez Correa \u00b7 Doctor Arquitecto<br \/>\nToledo \u00b7 noviembre 2013<\/p>\n<p><\/p>","protected":false},"excerpt":{"rendered":"<p>Ahora que se nos cae la pol\u00edtica, que se nos cae la ideolog\u00eda, que se nos cae la cultura, la fe, la estructura&#8230; todo, la \u00fanica certeza que nos queda es que vivimos en una sociedad de consumo y que el consumismo sigue siendo el rey de todo. No nos damos cuenta, pero nosotros, que [&hellip;]<\/p>\n","protected":false},"author":33,"featured_media":35843,"comment_status":"open","ping_status":"closed","sticky":false,"template":"","format":"standard","meta":{"footnotes":""},"categories":[5934,5951],"tags":[391,392,393,447,521,629,3194,3653,4798,1103,1865,6587,1241],"class_list":{"0":"post-35842","1":"post","2":"type-post","3":"status-publish","4":"format-standard","5":"has-post-thumbnail","7":"category-articulos","8":"category-slider-principal","9":"tag-crisis","10":"tag-crisis-economica","11":"tag-critica","13":"tag-espana","14":"tag-gente","15":"tag-hiperconsumismo","16":"tag-jose-ramon-hernandez-correa","17":"tag-modelo-profesional","18":"tag-profesion","19":"tag-reflexion","20":"tag-reflexion-urbanistica","21":"tag-sociedad"},"yoast_head":"<!-- This site is optimized with the Yoast SEO plugin v27.5 - https:\/\/yoast.com\/product\/yoast-seo-wordpress\/ -->\n<title>Consumidores y consumistas | Jos\u00e9 Ram\u00f3n Hern\u00e1ndez Correa - veredes<\/title>\n<meta name=\"description\" content=\"Toda la informaci\u00f3n sobre: [:es]Consumidores y consumistas | Jos\u00e9 Ram\u00f3n Hern\u00e1ndez Correa[:gl]Consumidores e consumistas | Jos\u00e9 Ram\u00f3n Hern\u00e1ndez Correa[:en]Consumers and consumers | Jos\u00e9 Ram\u00f3n Hern\u00e1ndez Correa[:]\" \/>\n<meta name=\"robots\" content=\"index, follow, max-snippet:-1, max-image-preview:large, max-video-preview:-1\" \/>\n<link rel=\"canonical\" href=\"https:\/\/veredes.es\/blog\/consumidores-y-consumistas-jose-ramon-hernandez-correa\/\" \/>\n<meta property=\"og:locale\" content=\"es_ES\" \/>\n<meta property=\"og:type\" content=\"article\" \/>\n<meta property=\"og:title\" content=\"[:es]Consumidores y consumistas | Jos\u00e9 Ram\u00f3n Hern\u00e1ndez Correa[:gl]Consumidores e consumistas | Jos\u00e9 Ram\u00f3n Hern\u00e1ndez Correa[:en]Consumers and consumers | Jos\u00e9 Ram\u00f3n Hern\u00e1ndez Correa[:] - veredes\" \/>\n<meta property=\"og:description\" content=\"Toda la informaci\u00f3n sobre: [:es]Consumidores y consumistas | Jos\u00e9 Ram\u00f3n Hern\u00e1ndez Correa[:gl]Consumidores e consumistas | Jos\u00e9 Ram\u00f3n Hern\u00e1ndez Correa[:en]Consumers and consumers | Jos\u00e9 Ram\u00f3n Hern\u00e1ndez Correa[:]\" \/>\n<meta property=\"og:url\" content=\"https:\/\/veredes.es\/blog\/consumidores-y-consumistas-jose-ramon-hernandez-correa\/\" \/>\n<meta property=\"og:site_name\" content=\"veredes, arquitectura y divulgaci\u00f3n\" \/>\n<meta property=\"article:publisher\" content=\"https:\/\/www.facebook.com\/veredesArquitecturayDivulgacion\/\" \/>\n<meta property=\"article:author\" content=\"https:\/\/www.facebook.com\/joseramon.hernandezcorrea\" \/>\n<meta property=\"article:published_time\" content=\"2016-12-18T23:53:11+00:00\" \/>\n<meta property=\"article:modified_time\" content=\"2019-12-27T15:49:50+00:00\" \/>\n<meta property=\"og:image\" content=\"https:\/\/veredes.es\/blog\/wp-content\/uploads\/2013\/11\/consumismo.jpg\" \/>\n\t<meta property=\"og:image:width\" content=\"620\" \/>\n\t<meta property=\"og:image:height\" content=\"533\" \/>\n\t<meta property=\"og:image:type\" content=\"image\/jpeg\" \/>\n<meta name=\"author\" content=\"Jos\u00e9 Ram\u00f3n Hern\u00e1ndez Correa\" \/>\n<meta name=\"twitter:card\" content=\"summary_large_image\" \/>\n<meta name=\"twitter:creator\" content=\"@https:\/\/twitter.com\/arquitectamos\" \/>\n<meta name=\"twitter:site\" content=\"@veredes\" \/>\n<meta name=\"twitter:label1\" content=\"Escrito por\" \/>\n\t<meta name=\"twitter:data1\" content=\"Jos\u00e9 Ram\u00f3n Hern\u00e1ndez Correa\" \/>\n\t<meta name=\"twitter:label2\" content=\"Tiempo de lectura\" \/>\n\t<meta name=\"twitter:data2\" content=\"20 minutos\" \/>\n<script type=\"application\/ld+json\" class=\"yoast-schema-graph\">{\"@context\":\"https:\\\/\\\/schema.org\",\"@graph\":[{\"@type\":\"Article\",\"@id\":\"https:\\\/\\\/veredes.es\\\/blog\\\/consumidores-y-consumistas-jose-ramon-hernandez-correa\\\/#article\",\"isPartOf\":{\"@id\":\"https:\\\/\\\/veredes.es\\\/blog\\\/consumidores-y-consumistas-jose-ramon-hernandez-correa\\\/\"},\"author\":{\"name\":\"Jos\u00e9 Ram\u00f3n Hern\u00e1ndez Correa\",\"@id\":\"https:\\\/\\\/veredes.es\\\/blog\\\/#\\\/schema\\\/person\\\/eefca3204fa5a4349162c2869bee6c49\"},\"headline\":\"Consumidores y consumistas | Jos\u00e9 Ram\u00f3n Hern\u00e1ndez Correa\",\"datePublished\":\"2016-12-18T23:53:11+00:00\",\"dateModified\":\"2019-12-27T15:49:50+00:00\",\"mainEntityOfPage\":{\"@id\":\"https:\\\/\\\/veredes.es\\\/blog\\\/consumidores-y-consumistas-jose-ramon-hernandez-correa\\\/\"},\"wordCount\":3958,\"commentCount\":1,\"publisher\":{\"@id\":\"https:\\\/\\\/veredes.es\\\/blog\\\/#organization\"},\"image\":{\"@id\":\"https:\\\/\\\/veredes.es\\\/blog\\\/consumidores-y-consumistas-jose-ramon-hernandez-correa\\\/#primaryimage\"},\"thumbnailUrl\":\"https:\\\/\\\/veredes.es\\\/blog\\\/wp-content\\\/uploads\\\/2013\\\/11\\\/consumismo.jpg\",\"keywords\":[\"crisis\",\"crisis econ\u00f3mica\",\"cr\u00edtica\",\"econom\u00eda\",\"Espa\u00f1a\",\"gente\",\"hiperconsumismo\",\"Jos\u00e9 Ram\u00f3n Hern\u00e1ndez Correa\",\"modelo profesional\",\"profesi\u00f3n\",\"reflexi\u00f3n\",\"reflexi\u00f3n urban\u00edstica\",\"sociedad\"],\"articleSection\":[\"art\u00edculos\",\"slider principal\"],\"inLanguage\":\"es\",\"potentialAction\":[{\"@type\":\"CommentAction\",\"name\":\"Comment\",\"target\":[\"https:\\\/\\\/veredes.es\\\/blog\\\/consumidores-y-consumistas-jose-ramon-hernandez-correa\\\/#respond\"]}]},{\"@type\":\"WebPage\",\"@id\":\"https:\\\/\\\/veredes.es\\\/blog\\\/consumidores-y-consumistas-jose-ramon-hernandez-correa\\\/\",\"url\":\"https:\\\/\\\/veredes.es\\\/blog\\\/consumidores-y-consumistas-jose-ramon-hernandez-correa\\\/\",\"name\":\"[:es]Consumidores y consumistas | Jos\u00e9 Ram\u00f3n Hern\u00e1ndez Correa[:gl]Consumidores e consumistas | Jos\u00e9 Ram\u00f3n Hern\u00e1ndez Correa[:en]Consumers and consumers | Jos\u00e9 Ram\u00f3n Hern\u00e1ndez Correa[:] - veredes\",\"isPartOf\":{\"@id\":\"https:\\\/\\\/veredes.es\\\/blog\\\/#website\"},\"primaryImageOfPage\":{\"@id\":\"https:\\\/\\\/veredes.es\\\/blog\\\/consumidores-y-consumistas-jose-ramon-hernandez-correa\\\/#primaryimage\"},\"image\":{\"@id\":\"https:\\\/\\\/veredes.es\\\/blog\\\/consumidores-y-consumistas-jose-ramon-hernandez-correa\\\/#primaryimage\"},\"thumbnailUrl\":\"https:\\\/\\\/veredes.es\\\/blog\\\/wp-content\\\/uploads\\\/2013\\\/11\\\/consumismo.jpg\",\"datePublished\":\"2016-12-18T23:53:11+00:00\",\"dateModified\":\"2019-12-27T15:49:50+00:00\",\"description\":\"Toda la informaci\u00f3n sobre: [:es]Consumidores y consumistas | Jos\u00e9 Ram\u00f3n Hern\u00e1ndez Correa[:gl]Consumidores e consumistas | Jos\u00e9 Ram\u00f3n Hern\u00e1ndez Correa[:en]Consumers and consumers | Jos\u00e9 Ram\u00f3n Hern\u00e1ndez Correa[:]\",\"breadcrumb\":{\"@id\":\"https:\\\/\\\/veredes.es\\\/blog\\\/consumidores-y-consumistas-jose-ramon-hernandez-correa\\\/#breadcrumb\"},\"inLanguage\":\"es\",\"potentialAction\":[{\"@type\":\"ReadAction\",\"target\":[\"https:\\\/\\\/veredes.es\\\/blog\\\/consumidores-y-consumistas-jose-ramon-hernandez-correa\\\/\"]}]},{\"@type\":\"ImageObject\",\"inLanguage\":\"es\",\"@id\":\"https:\\\/\\\/veredes.es\\\/blog\\\/consumidores-y-consumistas-jose-ramon-hernandez-correa\\\/#primaryimage\",\"url\":\"https:\\\/\\\/veredes.es\\\/blog\\\/wp-content\\\/uploads\\\/2013\\\/11\\\/consumismo.jpg\",\"contentUrl\":\"https:\\\/\\\/veredes.es\\\/blog\\\/wp-content\\\/uploads\\\/2013\\\/11\\\/consumismo.jpg\",\"width\":\"620\",\"height\":\"533\",\"caption\":\"Consumidores y consumistas | arquitectamoslocos?\"},{\"@type\":\"BreadcrumbList\",\"@id\":\"https:\\\/\\\/veredes.es\\\/blog\\\/consumidores-y-consumistas-jose-ramon-hernandez-correa\\\/#breadcrumb\",\"itemListElement\":[{\"@type\":\"ListItem\",\"position\":1,\"name\":\"Portada\",\"item\":\"https:\\\/\\\/veredes.es\\\/blog\\\/\"},{\"@type\":\"ListItem\",\"position\":2,\"name\":\"Consumidores y consumistas | Jos\u00e9 Ram\u00f3n Hern\u00e1ndez Correa\"}]},{\"@type\":\"WebSite\",\"@id\":\"https:\\\/\\\/veredes.es\\\/blog\\\/#website\",\"url\":\"https:\\\/\\\/veredes.es\\\/blog\\\/\",\"name\":\"veredes, arquitectura y divulgaci\u00f3n\",\"description\":\"veredes\",\"publisher\":{\"@id\":\"https:\\\/\\\/veredes.es\\\/blog\\\/#organization\"},\"alternateName\":\"veredes\",\"potentialAction\":[{\"@type\":\"SearchAction\",\"target\":{\"@type\":\"EntryPoint\",\"urlTemplate\":\"https:\\\/\\\/veredes.es\\\/blog\\\/?s={search_term_string}\"},\"query-input\":{\"@type\":\"PropertyValueSpecification\",\"valueRequired\":true,\"valueName\":\"search_term_string\"}}],\"inLanguage\":\"es\"},{\"@type\":\"Organization\",\"@id\":\"https:\\\/\\\/veredes.es\\\/blog\\\/#organization\",\"name\":\"veredes, arquitectura y divulgaci\u00f3n\",\"alternateName\":\"veredes\",\"url\":\"https:\\\/\\\/veredes.es\\\/blog\\\/\",\"logo\":{\"@type\":\"ImageObject\",\"inLanguage\":\"es\",\"@id\":\"https:\\\/\\\/veredes.es\\\/blog\\\/#\\\/schema\\\/logo\\\/image\\\/\",\"url\":\"https:\\\/\\\/veredes.es\\\/blog\\\/wp-content\\\/uploads\\\/2021\\\/12\\\/veredes-logo-centrado_140x54.png\",\"contentUrl\":\"https:\\\/\\\/veredes.es\\\/blog\\\/wp-content\\\/uploads\\\/2021\\\/12\\\/veredes-logo-centrado_140x54.png\",\"width\":140,\"height\":54,\"caption\":\"veredes, arquitectura y divulgaci\u00f3n\"},\"image\":{\"@id\":\"https:\\\/\\\/veredes.es\\\/blog\\\/#\\\/schema\\\/logo\\\/image\\\/\"},\"sameAs\":[\"https:\\\/\\\/www.facebook.com\\\/veredesArquitecturayDivulgacion\\\/\",\"https:\\\/\\\/x.com\\\/veredes\",\"https:\\\/\\\/instagram.com\\\/veredes\\\/\",\"https:\\\/\\\/www.linkedin.com\\\/company\\\/veredes-arquitectura-y-divulgacion\\\/\",\"https:\\\/\\\/es.pinterest.com\\\/veredes\\\/\",\"https:\\\/\\\/www.tumblr.com\\\/veredes\"]},{\"@type\":\"Person\",\"@id\":\"https:\\\/\\\/veredes.es\\\/blog\\\/#\\\/schema\\\/person\\\/eefca3204fa5a4349162c2869bee6c49\",\"name\":\"Jos\u00e9 Ram\u00f3n Hern\u00e1ndez Correa\",\"image\":{\"@type\":\"ImageObject\",\"inLanguage\":\"es\",\"@id\":\"https:\\\/\\\/veredes.es\\\/blog\\\/wp-content\\\/uploads\\\/2018\\\/04\\\/Jos\u00e9-Ram\u00f3n-Hern\u00e1ndez-Correa-96x96.jpg\",\"url\":\"https:\\\/\\\/veredes.es\\\/blog\\\/wp-content\\\/uploads\\\/2018\\\/04\\\/Jos\u00e9-Ram\u00f3n-Hern\u00e1ndez-Correa-96x96.jpg\",\"contentUrl\":\"https:\\\/\\\/veredes.es\\\/blog\\\/wp-content\\\/uploads\\\/2018\\\/04\\\/Jos\u00e9-Ram\u00f3n-Hern\u00e1ndez-Correa-96x96.jpg\",\"caption\":\"Jos\u00e9 Ram\u00f3n Hern\u00e1ndez Correa\"},\"description\":\"Nac\u00ed en 1960. Arquitecto por la ETSAM, 1985. Doctor Arquitecto por la Universidad Polit\u00e9cnica de Madrid, 1992. Soy, en el buen sentido de la palabra, bueno. Ahora estoy algo cansado, pero sigo atento y curioso. Arquitecto, bloguero, saxofonero, escritor... pero todo mal.\",\"sameAs\":[\"http:\\\/\\\/arquitectamoslocos.blogspot.com.es\\\/\",\"https:\\\/\\\/www.facebook.com\\\/joseramon.hernandezcorrea\",\"https:\\\/\\\/www.instagram.com\\\/arquitectamoslocos\\\/\",\"https:\\\/\\\/www.linkedin.com\\\/in\\\/jos-ramn-hernndez-correa-b6378b2a\\\/\",\"https:\\\/\\\/x.com\\\/https:\\\/\\\/twitter.com\\\/arquitectamos\"],\"url\":\"https:\\\/\\\/veredes.es\\\/blog\\\/author\\\/arquitectamos\\\/\"}]}<\/script>\n<!-- \/ Yoast SEO plugin. -->","yoast_head_json":{"title":"[:es]Consumidores y consumistas | Jos\u00e9 Ram\u00f3n Hern\u00e1ndez Correa[:gl]Consumidores e consumistas | Jos\u00e9 Ram\u00f3n Hern\u00e1ndez Correa[:en]Consumers and consumers | Jos\u00e9 Ram\u00f3n Hern\u00e1ndez Correa[:] - veredes","description":"Toda la informaci\u00f3n sobre: [:es]Consumidores y consumistas | Jos\u00e9 Ram\u00f3n Hern\u00e1ndez Correa[:gl]Consumidores e consumistas | Jos\u00e9 Ram\u00f3n Hern\u00e1ndez Correa[:en]Consumers and consumers | Jos\u00e9 Ram\u00f3n Hern\u00e1ndez Correa[:]","robots":{"index":"index","follow":"follow","max-snippet":"max-snippet:-1","max-image-preview":"max-image-preview:large","max-video-preview":"max-video-preview:-1"},"canonical":"https:\/\/veredes.es\/blog\/consumidores-y-consumistas-jose-ramon-hernandez-correa\/","og_locale":"es_ES","og_type":"article","og_title":"[:es]Consumidores y consumistas | Jos\u00e9 Ram\u00f3n Hern\u00e1ndez Correa[:gl]Consumidores e consumistas | Jos\u00e9 Ram\u00f3n Hern\u00e1ndez Correa[:en]Consumers and consumers | Jos\u00e9 Ram\u00f3n Hern\u00e1ndez Correa[:] - veredes","og_description":"Toda la informaci\u00f3n sobre: [:es]Consumidores y consumistas | Jos\u00e9 Ram\u00f3n Hern\u00e1ndez Correa[:gl]Consumidores e consumistas | Jos\u00e9 Ram\u00f3n Hern\u00e1ndez Correa[:en]Consumers and consumers | Jos\u00e9 Ram\u00f3n Hern\u00e1ndez Correa[:]","og_url":"https:\/\/veredes.es\/blog\/consumidores-y-consumistas-jose-ramon-hernandez-correa\/","og_site_name":"veredes, arquitectura y divulgaci\u00f3n","article_publisher":"https:\/\/www.facebook.com\/veredesArquitecturayDivulgacion\/","article_author":"https:\/\/www.facebook.com\/joseramon.hernandezcorrea","article_published_time":"2016-12-18T23:53:11+00:00","article_modified_time":"2019-12-27T15:49:50+00:00","og_image":[{"width":620,"height":533,"url":"https:\/\/veredes.es\/blog\/wp-content\/uploads\/2013\/11\/consumismo.jpg","type":"image\/jpeg"}],"author":"Jos\u00e9 Ram\u00f3n Hern\u00e1ndez Correa","twitter_card":"summary_large_image","twitter_creator":"@https:\/\/twitter.com\/arquitectamos","twitter_site":"@veredes","twitter_misc":{"Escrito por":"Jos\u00e9 Ram\u00f3n Hern\u00e1ndez Correa","Tiempo de lectura":"20 minutos"},"schema":{"@context":"https:\/\/schema.org","@graph":[{"@type":"Article","@id":"https:\/\/veredes.es\/blog\/consumidores-y-consumistas-jose-ramon-hernandez-correa\/#article","isPartOf":{"@id":"https:\/\/veredes.es\/blog\/consumidores-y-consumistas-jose-ramon-hernandez-correa\/"},"author":{"name":"Jos\u00e9 Ram\u00f3n Hern\u00e1ndez Correa","@id":"https:\/\/veredes.es\/blog\/#\/schema\/person\/eefca3204fa5a4349162c2869bee6c49"},"headline":"Consumidores y consumistas | Jos\u00e9 Ram\u00f3n Hern\u00e1ndez Correa","datePublished":"2016-12-18T23:53:11+00:00","dateModified":"2019-12-27T15:49:50+00:00","mainEntityOfPage":{"@id":"https:\/\/veredes.es\/blog\/consumidores-y-consumistas-jose-ramon-hernandez-correa\/"},"wordCount":3958,"commentCount":1,"publisher":{"@id":"https:\/\/veredes.es\/blog\/#organization"},"image":{"@id":"https:\/\/veredes.es\/blog\/consumidores-y-consumistas-jose-ramon-hernandez-correa\/#primaryimage"},"thumbnailUrl":"https:\/\/veredes.es\/blog\/wp-content\/uploads\/2013\/11\/consumismo.jpg","keywords":["crisis","crisis econ\u00f3mica","cr\u00edtica","econom\u00eda","Espa\u00f1a","gente","hiperconsumismo","Jos\u00e9 Ram\u00f3n Hern\u00e1ndez Correa","modelo profesional","profesi\u00f3n","reflexi\u00f3n","reflexi\u00f3n urban\u00edstica","sociedad"],"articleSection":["art\u00edculos","slider principal"],"inLanguage":"es","potentialAction":[{"@type":"CommentAction","name":"Comment","target":["https:\/\/veredes.es\/blog\/consumidores-y-consumistas-jose-ramon-hernandez-correa\/#respond"]}]},{"@type":"WebPage","@id":"https:\/\/veredes.es\/blog\/consumidores-y-consumistas-jose-ramon-hernandez-correa\/","url":"https:\/\/veredes.es\/blog\/consumidores-y-consumistas-jose-ramon-hernandez-correa\/","name":"[:es]Consumidores y consumistas | Jos\u00e9 Ram\u00f3n Hern\u00e1ndez Correa[:gl]Consumidores e consumistas | Jos\u00e9 Ram\u00f3n Hern\u00e1ndez Correa[:en]Consumers and consumers | Jos\u00e9 Ram\u00f3n Hern\u00e1ndez Correa[:] - veredes","isPartOf":{"@id":"https:\/\/veredes.es\/blog\/#website"},"primaryImageOfPage":{"@id":"https:\/\/veredes.es\/blog\/consumidores-y-consumistas-jose-ramon-hernandez-correa\/#primaryimage"},"image":{"@id":"https:\/\/veredes.es\/blog\/consumidores-y-consumistas-jose-ramon-hernandez-correa\/#primaryimage"},"thumbnailUrl":"https:\/\/veredes.es\/blog\/wp-content\/uploads\/2013\/11\/consumismo.jpg","datePublished":"2016-12-18T23:53:11+00:00","dateModified":"2019-12-27T15:49:50+00:00","description":"Toda la informaci\u00f3n sobre: [:es]Consumidores y consumistas | Jos\u00e9 Ram\u00f3n Hern\u00e1ndez Correa[:gl]Consumidores e consumistas | Jos\u00e9 Ram\u00f3n Hern\u00e1ndez Correa[:en]Consumers and consumers | Jos\u00e9 Ram\u00f3n Hern\u00e1ndez Correa[:]","breadcrumb":{"@id":"https:\/\/veredes.es\/blog\/consumidores-y-consumistas-jose-ramon-hernandez-correa\/#breadcrumb"},"inLanguage":"es","potentialAction":[{"@type":"ReadAction","target":["https:\/\/veredes.es\/blog\/consumidores-y-consumistas-jose-ramon-hernandez-correa\/"]}]},{"@type":"ImageObject","inLanguage":"es","@id":"https:\/\/veredes.es\/blog\/consumidores-y-consumistas-jose-ramon-hernandez-correa\/#primaryimage","url":"https:\/\/veredes.es\/blog\/wp-content\/uploads\/2013\/11\/consumismo.jpg","contentUrl":"https:\/\/veredes.es\/blog\/wp-content\/uploads\/2013\/11\/consumismo.jpg","width":"620","height":"533","caption":"Consumidores y consumistas | arquitectamoslocos?"},{"@type":"BreadcrumbList","@id":"https:\/\/veredes.es\/blog\/consumidores-y-consumistas-jose-ramon-hernandez-correa\/#breadcrumb","itemListElement":[{"@type":"ListItem","position":1,"name":"Portada","item":"https:\/\/veredes.es\/blog\/"},{"@type":"ListItem","position":2,"name":"Consumidores y consumistas | Jos\u00e9 Ram\u00f3n Hern\u00e1ndez Correa"}]},{"@type":"WebSite","@id":"https:\/\/veredes.es\/blog\/#website","url":"https:\/\/veredes.es\/blog\/","name":"veredes, arquitectura y divulgaci\u00f3n","description":"veredes","publisher":{"@id":"https:\/\/veredes.es\/blog\/#organization"},"alternateName":"veredes","potentialAction":[{"@type":"SearchAction","target":{"@type":"EntryPoint","urlTemplate":"https:\/\/veredes.es\/blog\/?s={search_term_string}"},"query-input":{"@type":"PropertyValueSpecification","valueRequired":true,"valueName":"search_term_string"}}],"inLanguage":"es"},{"@type":"Organization","@id":"https:\/\/veredes.es\/blog\/#organization","name":"veredes, arquitectura y divulgaci\u00f3n","alternateName":"veredes","url":"https:\/\/veredes.es\/blog\/","logo":{"@type":"ImageObject","inLanguage":"es","@id":"https:\/\/veredes.es\/blog\/#\/schema\/logo\/image\/","url":"https:\/\/veredes.es\/blog\/wp-content\/uploads\/2021\/12\/veredes-logo-centrado_140x54.png","contentUrl":"https:\/\/veredes.es\/blog\/wp-content\/uploads\/2021\/12\/veredes-logo-centrado_140x54.png","width":140,"height":54,"caption":"veredes, arquitectura y divulgaci\u00f3n"},"image":{"@id":"https:\/\/veredes.es\/blog\/#\/schema\/logo\/image\/"},"sameAs":["https:\/\/www.facebook.com\/veredesArquitecturayDivulgacion\/","https:\/\/x.com\/veredes","https:\/\/instagram.com\/veredes\/","https:\/\/www.linkedin.com\/company\/veredes-arquitectura-y-divulgacion\/","https:\/\/es.pinterest.com\/veredes\/","https:\/\/www.tumblr.com\/veredes"]},{"@type":"Person","@id":"https:\/\/veredes.es\/blog\/#\/schema\/person\/eefca3204fa5a4349162c2869bee6c49","name":"Jos\u00e9 Ram\u00f3n Hern\u00e1ndez Correa","image":{"@type":"ImageObject","inLanguage":"es","@id":"https:\/\/veredes.es\/blog\/wp-content\/uploads\/2018\/04\/Jos\u00e9-Ram\u00f3n-Hern\u00e1ndez-Correa-96x96.jpg","url":"https:\/\/veredes.es\/blog\/wp-content\/uploads\/2018\/04\/Jos\u00e9-Ram\u00f3n-Hern\u00e1ndez-Correa-96x96.jpg","contentUrl":"https:\/\/veredes.es\/blog\/wp-content\/uploads\/2018\/04\/Jos\u00e9-Ram\u00f3n-Hern\u00e1ndez-Correa-96x96.jpg","caption":"Jos\u00e9 Ram\u00f3n Hern\u00e1ndez Correa"},"description":"Nac\u00ed en 1960. Arquitecto por la ETSAM, 1985. Doctor Arquitecto por la Universidad Polit\u00e9cnica de Madrid, 1992. Soy, en el buen sentido de la palabra, bueno. Ahora estoy algo cansado, pero sigo atento y curioso. Arquitecto, bloguero, saxofonero, escritor... pero todo mal.","sameAs":["http:\/\/arquitectamoslocos.blogspot.com.es\/","https:\/\/www.facebook.com\/joseramon.hernandezcorrea","https:\/\/www.instagram.com\/arquitectamoslocos\/","https:\/\/www.linkedin.com\/in\/jos-ramn-hernndez-correa-b6378b2a\/","https:\/\/x.com\/https:\/\/twitter.com\/arquitectamos"],"url":"https:\/\/veredes.es\/blog\/author\/arquitectamos\/"}]}},"_links":{"self":[{"href":"https:\/\/veredes.es\/blog\/wp-json\/wp\/v2\/posts\/35842","targetHints":{"allow":["GET"]}}],"collection":[{"href":"https:\/\/veredes.es\/blog\/wp-json\/wp\/v2\/posts"}],"about":[{"href":"https:\/\/veredes.es\/blog\/wp-json\/wp\/v2\/types\/post"}],"author":[{"embeddable":true,"href":"https:\/\/veredes.es\/blog\/wp-json\/wp\/v2\/users\/33"}],"replies":[{"embeddable":true,"href":"https:\/\/veredes.es\/blog\/wp-json\/wp\/v2\/comments?post=35842"}],"version-history":[{"count":0,"href":"https:\/\/veredes.es\/blog\/wp-json\/wp\/v2\/posts\/35842\/revisions"}],"wp:featuredmedia":[{"embeddable":true,"href":"https:\/\/veredes.es\/blog\/wp-json\/wp\/v2\/media\/35843"}],"wp:attachment":[{"href":"https:\/\/veredes.es\/blog\/wp-json\/wp\/v2\/media?parent=35842"}],"wp:term":[{"taxonomy":"category","embeddable":true,"href":"https:\/\/veredes.es\/blog\/wp-json\/wp\/v2\/categories?post=35842"},{"taxonomy":"post_tag","embeddable":true,"href":"https:\/\/veredes.es\/blog\/wp-json\/wp\/v2\/tags?post=35842"}],"curies":[{"name":"wp","href":"https:\/\/api.w.org\/{rel}","templated":true}]}}