{"id":35759,"date":"2013-12-18T06:45:00","date_gmt":"2013-12-18T06:45:00","guid":{"rendered":"http:\/\/veredes.es\/blog\/?p=35759"},"modified":"2019-07-05T18:55:32","modified_gmt":"2019-07-05T16:55:32","slug":"ribadeo-accesible-abalo-alonso-arquitectos","status":"publish","type":"post","link":"https:\/\/veredes.es\/blog\/ribadeo-accesible-abalo-alonso-arquitectos\/","title":{"rendered":"Ribadeo accesible | Abalo Alonso Arquitectos"},"content":{"rendered":"<p><\/p>\n<p style=\"text-align: justify;\">Ribadeo es una villa marinera de unos diez mil habitantes situada en la frontera entre Galicia y Asturias con un casco hist\u00f3rico protegido y un borde mar\u00edtimo de cierto inter\u00e9s.<\/p>\n<p style=\"text-align: justify;\">El desnivel entre ambos, de m\u00e1s de treinta metros en poco espacio, dificulta la comunicaci\u00f3n entre ambos y favorece la marginaci\u00f3n de ciertas \u00e1reas ubicadas en fondo de saco.<\/p>\n<p style=\"text-align: justify;\"><a href=\"https:\/\/veredes.es\/wp-content\/uploads\/2013\/10\/aa_ar_04_ext01.jpg\"><img loading=\"lazy\" decoding=\"async\" class=\"alignnone  wp-image-35763\" title=\"aa_ar_04_ext01\" src=\"https:\/\/veredes.es\/wp-content\/uploads\/2013\/10\/aa_ar_04_ext01.jpg\" alt=\"\" width=\"625\" height=\"279\" srcset=\"https:\/\/veredes.es\/blog\/wp-content\/uploads\/2013\/10\/aa_ar_04_ext01.jpg 1000w, https:\/\/veredes.es\/blog\/wp-content\/uploads\/2013\/10\/aa_ar_04_ext01-300x134.jpg 300w\" sizes=\"auto, (max-width: 625px) 100vw, 625px\" \/><\/a><\/p>\n<p style=\"text-align: justify;\">Nuestra propuesta plantea un elemento de conexi\u00f3n en la r\u00f3tula entre ambos mundos que favorezca la comunicaci\u00f3n.<\/p>\n<p style=\"text-align: justify;\">Una carcasa de hormig\u00f3n negro con textura de pizarra contiene un ascensor panor\u00e1mico con sus escaleras asociadas.<\/p>\n<p style=\"text-align: justify;\">En la base una peque\u00f1a caseta de informaci\u00f3n y control; en lo alto se trabajan las pendientes que rodean el atrio de la capilla de la Atalaya y la antigua muralla para favorecer la accesibilidad. Algunas se\u00f1alizaciones lineales matizan la iluminaci\u00f3n existente en esta zona.<\/p>\n<p style=\"text-align: justify;\">En el ascensor, peque\u00f1os leds de cortes\u00eda.<\/p>\n<p style=\"text-align: justify;\">Hormig\u00f3n, piedra y acero completan una paleta de materiales austera, con vocaci\u00f3n de integraci\u00f3n, cual si un torre\u00f3n de la antigua muralla fuese, pero sin renunciar al car\u00e1cter representativo que una actuaci\u00f3n urbana y paisajista como \u00e9sta debe tener. Al fin y al cabo es el \u201cedificio\u201d m\u00e1s alto de la villa.<\/p>\n<div id='gallery-1' class='gallery galleryid-35759 gallery-columns-4 gallery-size-thumbnail'><figure class='gallery-item'>\n\t\t\t<div class='gallery-icon portrait'>\n\t\t\t\t<a href='https:\/\/veredes.es\/blog\/wp-content\/uploads\/2013\/10\/aa_ar_01_esquema.jpg'><img loading=\"lazy\" decoding=\"async\" width=\"120\" height=\"120\" src=\"https:\/\/veredes.es\/blog\/wp-content\/uploads\/2013\/10\/aa_ar_01_esquema-150x150.jpg\" class=\"attachment-thumbnail size-thumbnail\" alt=\"\" srcset=\"https:\/\/veredes.es\/blog\/wp-content\/uploads\/2013\/10\/aa_ar_01_esquema-150x150.jpg 150w, https:\/\/veredes.es\/blog\/wp-content\/uploads\/2013\/10\/aa_ar_01_esquema-120x120.jpg 120w\" sizes=\"auto, (max-width: 120px) 100vw, 120px\" \/><\/a>\n\t\t\t<\/div><\/figure><figure class='gallery-item'>\n\t\t\t<div class='gallery-icon portrait'>\n\t\t\t\t<a href='https:\/\/veredes.es\/blog\/wp-content\/uploads\/2013\/10\/aa_ar_02_planta.jpg'><img loading=\"lazy\" decoding=\"async\" width=\"120\" height=\"120\" src=\"https:\/\/veredes.es\/blog\/wp-content\/uploads\/2013\/10\/aa_ar_02_planta-150x150.jpg\" class=\"attachment-thumbnail size-thumbnail\" alt=\"\" srcset=\"https:\/\/veredes.es\/blog\/wp-content\/uploads\/2013\/10\/aa_ar_02_planta-150x150.jpg 150w, https:\/\/veredes.es\/blog\/wp-content\/uploads\/2013\/10\/aa_ar_02_planta-120x120.jpg 120w\" sizes=\"auto, (max-width: 120px) 100vw, 120px\" \/><\/a>\n\t\t\t<\/div><\/figure><figure class='gallery-item'>\n\t\t\t<div class='gallery-icon landscape'>\n\t\t\t\t<a href='https:\/\/veredes.es\/blog\/wp-content\/uploads\/2013\/10\/aa_ar_03_secc-alz.jpg'><img loading=\"lazy\" decoding=\"async\" width=\"120\" height=\"120\" src=\"https:\/\/veredes.es\/blog\/wp-content\/uploads\/2013\/10\/aa_ar_03_secc-alz-150x150.jpg\" class=\"attachment-thumbnail size-thumbnail\" alt=\"\" srcset=\"https:\/\/veredes.es\/blog\/wp-content\/uploads\/2013\/10\/aa_ar_03_secc-alz-150x150.jpg 150w, https:\/\/veredes.es\/blog\/wp-content\/uploads\/2013\/10\/aa_ar_03_secc-alz-120x120.jpg 120w\" sizes=\"auto, (max-width: 120px) 100vw, 120px\" \/><\/a>\n\t\t\t<\/div><\/figure><figure class='gallery-item'>\n\t\t\t<div class='gallery-icon landscape'>\n\t\t\t\t<a href='https:\/\/veredes.es\/blog\/wp-content\/uploads\/2013\/10\/aa_ar_04_ext01.jpg'><img loading=\"lazy\" decoding=\"async\" width=\"120\" height=\"120\" src=\"https:\/\/veredes.es\/blog\/wp-content\/uploads\/2013\/10\/aa_ar_04_ext01-150x150.jpg\" class=\"attachment-thumbnail size-thumbnail\" alt=\"\" srcset=\"https:\/\/veredes.es\/blog\/wp-content\/uploads\/2013\/10\/aa_ar_04_ext01-150x150.jpg 150w, https:\/\/veredes.es\/blog\/wp-content\/uploads\/2013\/10\/aa_ar_04_ext01-120x120.jpg 120w\" sizes=\"auto, (max-width: 120px) 100vw, 120px\" \/><\/a>\n\t\t\t<\/div><\/figure><figure class='gallery-item'>\n\t\t\t<div class='gallery-icon landscape'>\n\t\t\t\t<a href='https:\/\/veredes.es\/blog\/wp-content\/uploads\/2013\/10\/aa_ar_05_ext02.jpg'><img loading=\"lazy\" decoding=\"async\" width=\"120\" height=\"120\" src=\"https:\/\/veredes.es\/blog\/wp-content\/uploads\/2013\/10\/aa_ar_05_ext02-150x150.jpg\" class=\"attachment-thumbnail size-thumbnail\" alt=\"\" srcset=\"https:\/\/veredes.es\/blog\/wp-content\/uploads\/2013\/10\/aa_ar_05_ext02-150x150.jpg 150w, https:\/\/veredes.es\/blog\/wp-content\/uploads\/2013\/10\/aa_ar_05_ext02-120x120.jpg 120w\" sizes=\"auto, (max-width: 120px) 100vw, 120px\" \/><\/a>\n\t\t\t<\/div><\/figure><figure class='gallery-item'>\n\t\t\t<div class='gallery-icon landscape'>\n\t\t\t\t<a href='https:\/\/veredes.es\/blog\/wp-content\/uploads\/2013\/10\/aa_ar_06_ext03.jpg'><img loading=\"lazy\" decoding=\"async\" width=\"120\" height=\"120\" src=\"https:\/\/veredes.es\/blog\/wp-content\/uploads\/2013\/10\/aa_ar_06_ext03-150x150.jpg\" class=\"attachment-thumbnail size-thumbnail\" alt=\"\" srcset=\"https:\/\/veredes.es\/blog\/wp-content\/uploads\/2013\/10\/aa_ar_06_ext03-150x150.jpg 150w, https:\/\/veredes.es\/blog\/wp-content\/uploads\/2013\/10\/aa_ar_06_ext03-120x120.jpg 120w\" sizes=\"auto, (max-width: 120px) 100vw, 120px\" \/><\/a>\n\t\t\t<\/div><\/figure><figure class='gallery-item'>\n\t\t\t<div class='gallery-icon portrait'>\n\t\t\t\t<a href='https:\/\/veredes.es\/blog\/wp-content\/uploads\/2013\/10\/aa_ar_07_ext04.jpg'><img loading=\"lazy\" decoding=\"async\" width=\"120\" height=\"120\" src=\"https:\/\/veredes.es\/blog\/wp-content\/uploads\/2013\/10\/aa_ar_07_ext04-150x150.jpg\" class=\"attachment-thumbnail size-thumbnail\" alt=\"\" srcset=\"https:\/\/veredes.es\/blog\/wp-content\/uploads\/2013\/10\/aa_ar_07_ext04-150x150.jpg 150w, https:\/\/veredes.es\/blog\/wp-content\/uploads\/2013\/10\/aa_ar_07_ext04-120x120.jpg 120w\" sizes=\"auto, (max-width: 120px) 100vw, 120px\" \/><\/a>\n\t\t\t<\/div><\/figure><figure class='gallery-item'>\n\t\t\t<div class='gallery-icon landscape'>\n\t\t\t\t<a href='https:\/\/veredes.es\/blog\/wp-content\/uploads\/2013\/10\/aa_ar_08_ext05.jpg'><img loading=\"lazy\" decoding=\"async\" width=\"120\" height=\"120\" src=\"https:\/\/veredes.es\/blog\/wp-content\/uploads\/2013\/10\/aa_ar_08_ext05-150x150.jpg\" class=\"attachment-thumbnail size-thumbnail\" alt=\"\" srcset=\"https:\/\/veredes.es\/blog\/wp-content\/uploads\/2013\/10\/aa_ar_08_ext05-150x150.jpg 150w, https:\/\/veredes.es\/blog\/wp-content\/uploads\/2013\/10\/aa_ar_08_ext05-120x120.jpg 120w\" sizes=\"auto, (max-width: 120px) 100vw, 120px\" \/><\/a>\n\t\t\t<\/div><\/figure><figure class='gallery-item'>\n\t\t\t<div class='gallery-icon landscape'>\n\t\t\t\t<a href='https:\/\/veredes.es\/blog\/wp-content\/uploads\/2013\/10\/aa_ar_09_ext06.jpg'><img loading=\"lazy\" decoding=\"async\" width=\"120\" height=\"120\" src=\"https:\/\/veredes.es\/blog\/wp-content\/uploads\/2013\/10\/aa_ar_09_ext06-150x150.jpg\" class=\"attachment-thumbnail size-thumbnail\" alt=\"\" srcset=\"https:\/\/veredes.es\/blog\/wp-content\/uploads\/2013\/10\/aa_ar_09_ext06-150x150.jpg 150w, https:\/\/veredes.es\/blog\/wp-content\/uploads\/2013\/10\/aa_ar_09_ext06-300x300.jpg 300w, https:\/\/veredes.es\/blog\/wp-content\/uploads\/2013\/10\/aa_ar_09_ext06-120x120.jpg 120w, https:\/\/veredes.es\/blog\/wp-content\/uploads\/2013\/10\/aa_ar_09_ext06.jpg 600w\" sizes=\"auto, (max-width: 120px) 100vw, 120px\" \/><\/a>\n\t\t\t<\/div><\/figure><figure class='gallery-item'>\n\t\t\t<div class='gallery-icon portrait'>\n\t\t\t\t<a href='https:\/\/veredes.es\/blog\/wp-content\/uploads\/2013\/10\/aa_ar_10_int01.jpg'><img loading=\"lazy\" decoding=\"async\" width=\"120\" height=\"120\" src=\"https:\/\/veredes.es\/blog\/wp-content\/uploads\/2013\/10\/aa_ar_10_int01-150x150.jpg\" class=\"attachment-thumbnail size-thumbnail\" alt=\"\" srcset=\"https:\/\/veredes.es\/blog\/wp-content\/uploads\/2013\/10\/aa_ar_10_int01-150x150.jpg 150w, https:\/\/veredes.es\/blog\/wp-content\/uploads\/2013\/10\/aa_ar_10_int01-120x120.jpg 120w\" sizes=\"auto, (max-width: 120px) 100vw, 120px\" \/><\/a>\n\t\t\t<\/div><\/figure><figure class='gallery-item'>\n\t\t\t<div class='gallery-icon portrait'>\n\t\t\t\t<a href='https:\/\/veredes.es\/blog\/wp-content\/uploads\/2013\/10\/aa_ar_11_int02.jpg'><img loading=\"lazy\" decoding=\"async\" width=\"120\" height=\"120\" src=\"https:\/\/veredes.es\/blog\/wp-content\/uploads\/2013\/10\/aa_ar_11_int02-150x150.jpg\" class=\"attachment-thumbnail size-thumbnail\" alt=\"\" srcset=\"https:\/\/veredes.es\/blog\/wp-content\/uploads\/2013\/10\/aa_ar_11_int02-150x150.jpg 150w, https:\/\/veredes.es\/blog\/wp-content\/uploads\/2013\/10\/aa_ar_11_int02-120x120.jpg 120w\" sizes=\"auto, (max-width: 120px) 100vw, 120px\" \/><\/a>\n\t\t\t<\/div><\/figure><figure class='gallery-item'>\n\t\t\t<div class='gallery-icon portrait'>\n\t\t\t\t<a href='https:\/\/veredes.es\/blog\/wp-content\/uploads\/2013\/10\/aa_ar_12_int03.jpg'><img loading=\"lazy\" decoding=\"async\" width=\"120\" height=\"120\" src=\"https:\/\/veredes.es\/blog\/wp-content\/uploads\/2013\/10\/aa_ar_12_int03-150x150.jpg\" class=\"attachment-thumbnail size-thumbnail\" alt=\"\" srcset=\"https:\/\/veredes.es\/blog\/wp-content\/uploads\/2013\/10\/aa_ar_12_int03-150x150.jpg 150w, https:\/\/veredes.es\/blog\/wp-content\/uploads\/2013\/10\/aa_ar_12_int03-120x120.jpg 120w\" sizes=\"auto, (max-width: 120px) 100vw, 120px\" \/><\/a>\n\t\t\t<\/div><\/figure><figure class='gallery-item'>\n\t\t\t<div class='gallery-icon portrait'>\n\t\t\t\t<a href='https:\/\/veredes.es\/blog\/wp-content\/uploads\/2013\/10\/aa_ar_13_int04.jpg'><img loading=\"lazy\" decoding=\"async\" width=\"120\" height=\"120\" src=\"https:\/\/veredes.es\/blog\/wp-content\/uploads\/2013\/10\/aa_ar_13_int04-150x150.jpg\" class=\"attachment-thumbnail size-thumbnail\" alt=\"\" srcset=\"https:\/\/veredes.es\/blog\/wp-content\/uploads\/2013\/10\/aa_ar_13_int04-150x150.jpg 150w, https:\/\/veredes.es\/blog\/wp-content\/uploads\/2013\/10\/aa_ar_13_int04-120x120.jpg 120w\" sizes=\"auto, (max-width: 120px) 100vw, 120px\" \/><\/a>\n\t\t\t<\/div><\/figure>\n\t\t<\/div>\n\n<p style=\"text-align: justify;\">Obra: Ribadeo accesible. Conexi\u00f3n y accesibilidad entre el casco hist\u00f3rico y el borde litoral<br \/>\nProyecto y direcci\u00f3n: abalo alonso arquitectos. Elizabeth Abalo, Gonzalo Alonso.<br \/>\nColaboradores: Carlos B\u00f3veda, arquitecto. Juan A. P\u00e9rez Valc\u00e1rcel, Dr. Arquitecto. C\u00e1lculo de estructuras.<br \/>\nPromotor: Concello de Ribadeo. Ministerio de Medio Ambiente, Medio Rural y Marino.<br \/>\nContratista: Dragados. Delegado Vicente Delgado. Jefe de obra, Ant\u00f3n Laxe<br \/>\nInicio-finalizaci\u00f3n: Concurso de ideas 2005. Proyecto 2006. Fin de obra 2010.<br \/>\nFotograf\u00eda: <a href=\"http:\/\/santos-diez.com\/\" target=\"_blank\">H\u00e9ctor Santos-D\u00edez<\/a> | <a href=\"http:\/\/www.bisimages.com\/\" target=\"_blank\">BISimages<\/a><br \/>\n<a href=\"http:\/\/www.abaloalonso.es\/\" target=\"_blank\"><span style=\"color: #888888;\"><span style=\"color: #888888;\">+ abaloalonso.es<\/span><\/span><\/a><\/p>\n<p style=\"text-align: justify;\">\u00b7 Reconocimientos:<br \/>\nPremio RIUSO 02. Regenerazione Urbana e Sostenibilita. Bologna. Italia 2013.<br \/>\nFinalista XIV Premios Colegio Oficial de Arquitectos. Santiago de Compostela 2011<br \/>\nPreseleccionada 6\u00ba Premio Europeo del Paisaje Rosa Barba. Barcelona 2010.<\/p>\n<p><\/p>","protected":false},"excerpt":{"rendered":"<p>Ribadeo es una villa marinera de unos diez mil habitantes situada en la frontera entre Galicia y Asturias con un casco hist\u00f3rico protegido y un borde mar\u00edtimo de cierto inter\u00e9s. El desnivel entre ambos, de m\u00e1s de treinta metros en poco espacio, dificulta la comunicaci\u00f3n entre ambos y favorece la marginaci\u00f3n de ciertas \u00e1reas ubicadas [&hellip;]<\/p>\n","protected":false},"author":2,"featured_media":35763,"comment_status":"open","ping_status":"closed","sticky":false,"template":"","format":"standard","meta":{"footnotes":""},"categories":[34,488,1465,735,23,5951],"tags":[6843,5865,356,6844,516,6845,12461,796,12472,1180],"class_list":{"0":"post-35759","1":"post","2":"type-post","3":"status-publish","4":"format-standard","5":"has-post-thumbnail","7":"category-arquitectura","8":"category-equipamiento-dotacional","9":"category-espacio-publico-arquitectura","10":"category-intervencion-urbana","11":"category-obras","12":"category-slider-principal","13":"tag-abalo-alonso-arquitectos","14":"tag-arquitectura-gallega","15":"tag-conexion","16":"tag-elizabeth-abalo","17":"tag-espacio-publico","18":"tag-gonzalo-alonso","19":"tag-intervencion-urbana","20":"tag-litoral","21":"tag-reforma-interior","22":"tag-ribadeo"},"yoast_head":"<!-- This site is optimized with the Yoast SEO plugin v27.4 - https:\/\/yoast.com\/product\/yoast-seo-wordpress\/ -->\n<title>Ribadeo accesible | Abalo Alonso Arquitectos<\/title>\n<meta name=\"description\" content=\"Ribadeo accesible\" \/>\n<meta name=\"robots\" content=\"index, follow, max-snippet:-1, max-image-preview:large, max-video-preview:-1\" \/>\n<link rel=\"canonical\" href=\"https:\/\/veredes.es\/blog\/ribadeo-accesible-abalo-alonso-arquitectos\/\" \/>\n<meta property=\"og:locale\" content=\"es_ES\" \/>\n<meta property=\"og:type\" content=\"article\" \/>\n<meta property=\"og:title\" content=\"Ribadeo accesible | Abalo Alonso Arquitectos\" \/>\n<meta property=\"og:description\" content=\"Ribadeo accesible\" \/>\n<meta property=\"og:url\" content=\"https:\/\/veredes.es\/blog\/ribadeo-accesible-abalo-alonso-arquitectos\/\" \/>\n<meta property=\"og:site_name\" content=\"veredes, arquitectura y divulgaci\u00f3n\" \/>\n<meta property=\"article:publisher\" content=\"https:\/\/www.facebook.com\/veredesArquitecturayDivulgacion\/\" \/>\n<meta property=\"article:author\" content=\"https:\/\/www.facebook.com\/veredesArquitecturayDivulgacion\/\" \/>\n<meta property=\"article:published_time\" content=\"2013-12-18T06:45:00+00:00\" \/>\n<meta property=\"article:modified_time\" content=\"2019-07-05T16:55:32+00:00\" \/>\n<meta property=\"og:image\" content=\"https:\/\/veredes.es\/blog\/wp-content\/uploads\/2013\/10\/aa_ar_04_ext01.jpg\" \/>\n\t<meta property=\"og:image:width\" content=\"1000\" \/>\n\t<meta property=\"og:image:height\" content=\"448\" \/>\n\t<meta property=\"og:image:type\" content=\"image\/jpeg\" \/>\n<meta name=\"author\" content=\"veredes\" \/>\n<meta name=\"twitter:card\" content=\"summary_large_image\" \/>\n<meta name=\"twitter:creator\" content=\"@https:\/\/twitter.com\/veredes\" \/>\n<meta name=\"twitter:site\" content=\"@veredes\" \/>\n<meta name=\"twitter:label1\" content=\"Escrito por\" \/>\n\t<meta name=\"twitter:data1\" content=\"veredes\" \/>\n\t<meta name=\"twitter:label2\" content=\"Tiempo de lectura\" \/>\n\t<meta name=\"twitter:data2\" content=\"5 minutos\" \/>\n<script type=\"application\/ld+json\" class=\"yoast-schema-graph\">{\"@context\":\"https:\\\/\\\/schema.org\",\"@graph\":[{\"@type\":\"Article\",\"@id\":\"https:\\\/\\\/veredes.es\\\/blog\\\/ribadeo-accesible-abalo-alonso-arquitectos\\\/#article\",\"isPartOf\":{\"@id\":\"https:\\\/\\\/veredes.es\\\/blog\\\/ribadeo-accesible-abalo-alonso-arquitectos\\\/\"},\"author\":{\"name\":\"veredes\",\"@id\":\"https:\\\/\\\/veredes.es\\\/blog\\\/#\\\/schema\\\/person\\\/0bbb669073ef7faba5168a0844e93d2c\"},\"headline\":\"Ribadeo accesible | Abalo Alonso Arquitectos\",\"datePublished\":\"2013-12-18T06:45:00+00:00\",\"dateModified\":\"2019-07-05T16:55:32+00:00\",\"mainEntityOfPage\":{\"@id\":\"https:\\\/\\\/veredes.es\\\/blog\\\/ribadeo-accesible-abalo-alonso-arquitectos\\\/\"},\"wordCount\":993,\"commentCount\":0,\"publisher\":{\"@id\":\"https:\\\/\\\/veredes.es\\\/blog\\\/#organization\"},\"image\":{\"@id\":\"https:\\\/\\\/veredes.es\\\/blog\\\/ribadeo-accesible-abalo-alonso-arquitectos\\\/#primaryimage\"},\"thumbnailUrl\":\"https:\\\/\\\/veredes.es\\\/blog\\\/wp-content\\\/uploads\\\/2013\\\/10\\\/aa_ar_04_ext01.jpg\",\"keywords\":[\"Abalo Alonso arquitectos\",\"arquitectura gallega\",\"conexi\u00f3n\",\"Elizabeth Abalo\",\"espacio p\u00fablico\",\"Gonzalo Alonso\",\"intervenci\u00f3n urbana\",\"litoral\",\"reforma interior\",\"ribadeo\"],\"articleSection\":[\"arquitectura\",\"equipamiento dotacional\",\"espacio publico\",\"intervenci\u00f3n urbana\",\"obras\",\"slider principal\"],\"inLanguage\":\"es\",\"potentialAction\":[{\"@type\":\"CommentAction\",\"name\":\"Comment\",\"target\":[\"https:\\\/\\\/veredes.es\\\/blog\\\/ribadeo-accesible-abalo-alonso-arquitectos\\\/#respond\"]}]},{\"@type\":\"WebPage\",\"@id\":\"https:\\\/\\\/veredes.es\\\/blog\\\/ribadeo-accesible-abalo-alonso-arquitectos\\\/\",\"url\":\"https:\\\/\\\/veredes.es\\\/blog\\\/ribadeo-accesible-abalo-alonso-arquitectos\\\/\",\"name\":\"Ribadeo accesible | Abalo Alonso Arquitectos\",\"isPartOf\":{\"@id\":\"https:\\\/\\\/veredes.es\\\/blog\\\/#website\"},\"primaryImageOfPage\":{\"@id\":\"https:\\\/\\\/veredes.es\\\/blog\\\/ribadeo-accesible-abalo-alonso-arquitectos\\\/#primaryimage\"},\"image\":{\"@id\":\"https:\\\/\\\/veredes.es\\\/blog\\\/ribadeo-accesible-abalo-alonso-arquitectos\\\/#primaryimage\"},\"thumbnailUrl\":\"https:\\\/\\\/veredes.es\\\/blog\\\/wp-content\\\/uploads\\\/2013\\\/10\\\/aa_ar_04_ext01.jpg\",\"datePublished\":\"2013-12-18T06:45:00+00:00\",\"dateModified\":\"2019-07-05T16:55:32+00:00\",\"description\":\"Ribadeo accesible\",\"breadcrumb\":{\"@id\":\"https:\\\/\\\/veredes.es\\\/blog\\\/ribadeo-accesible-abalo-alonso-arquitectos\\\/#breadcrumb\"},\"inLanguage\":\"es\",\"potentialAction\":[{\"@type\":\"ReadAction\",\"target\":[\"https:\\\/\\\/veredes.es\\\/blog\\\/ribadeo-accesible-abalo-alonso-arquitectos\\\/\"]}]},{\"@type\":\"ImageObject\",\"inLanguage\":\"es\",\"@id\":\"https:\\\/\\\/veredes.es\\\/blog\\\/ribadeo-accesible-abalo-alonso-arquitectos\\\/#primaryimage\",\"url\":\"https:\\\/\\\/veredes.es\\\/blog\\\/wp-content\\\/uploads\\\/2013\\\/10\\\/aa_ar_04_ext01.jpg\",\"contentUrl\":\"https:\\\/\\\/veredes.es\\\/blog\\\/wp-content\\\/uploads\\\/2013\\\/10\\\/aa_ar_04_ext01.jpg\",\"width\":\"1000\",\"height\":\"448\"},{\"@type\":\"BreadcrumbList\",\"@id\":\"https:\\\/\\\/veredes.es\\\/blog\\\/ribadeo-accesible-abalo-alonso-arquitectos\\\/#breadcrumb\",\"itemListElement\":[{\"@type\":\"ListItem\",\"position\":1,\"name\":\"Portada\",\"item\":\"https:\\\/\\\/veredes.es\\\/blog\\\/\"},{\"@type\":\"ListItem\",\"position\":2,\"name\":\"Ribadeo accesible | Abalo Alonso Arquitectos\"}]},{\"@type\":\"WebSite\",\"@id\":\"https:\\\/\\\/veredes.es\\\/blog\\\/#website\",\"url\":\"https:\\\/\\\/veredes.es\\\/blog\\\/\",\"name\":\"veredes, arquitectura y divulgaci\u00f3n\",\"description\":\"veredes\",\"publisher\":{\"@id\":\"https:\\\/\\\/veredes.es\\\/blog\\\/#organization\"},\"alternateName\":\"veredes\",\"potentialAction\":[{\"@type\":\"SearchAction\",\"target\":{\"@type\":\"EntryPoint\",\"urlTemplate\":\"https:\\\/\\\/veredes.es\\\/blog\\\/?s={search_term_string}\"},\"query-input\":{\"@type\":\"PropertyValueSpecification\",\"valueRequired\":true,\"valueName\":\"search_term_string\"}}],\"inLanguage\":\"es\"},{\"@type\":\"Organization\",\"@id\":\"https:\\\/\\\/veredes.es\\\/blog\\\/#organization\",\"name\":\"veredes, arquitectura y divulgaci\u00f3n\",\"alternateName\":\"veredes\",\"url\":\"https:\\\/\\\/veredes.es\\\/blog\\\/\",\"logo\":{\"@type\":\"ImageObject\",\"inLanguage\":\"es\",\"@id\":\"https:\\\/\\\/veredes.es\\\/blog\\\/#\\\/schema\\\/logo\\\/image\\\/\",\"url\":\"https:\\\/\\\/veredes.es\\\/blog\\\/wp-content\\\/uploads\\\/2021\\\/12\\\/veredes-logo-centrado_140x54.png\",\"contentUrl\":\"https:\\\/\\\/veredes.es\\\/blog\\\/wp-content\\\/uploads\\\/2021\\\/12\\\/veredes-logo-centrado_140x54.png\",\"width\":140,\"height\":54,\"caption\":\"veredes, arquitectura y divulgaci\u00f3n\"},\"image\":{\"@id\":\"https:\\\/\\\/veredes.es\\\/blog\\\/#\\\/schema\\\/logo\\\/image\\\/\"},\"sameAs\":[\"https:\\\/\\\/www.facebook.com\\\/veredesArquitecturayDivulgacion\\\/\",\"https:\\\/\\\/x.com\\\/veredes\",\"https:\\\/\\\/instagram.com\\\/veredes\\\/\",\"https:\\\/\\\/www.linkedin.com\\\/company\\\/veredes-arquitectura-y-divulgacion\\\/\",\"https:\\\/\\\/es.pinterest.com\\\/veredes\\\/\",\"https:\\\/\\\/www.tumblr.com\\\/veredes\"]},{\"@type\":\"Person\",\"@id\":\"https:\\\/\\\/veredes.es\\\/blog\\\/#\\\/schema\\\/person\\\/0bbb669073ef7faba5168a0844e93d2c\",\"name\":\"veredes\",\"image\":{\"@type\":\"ImageObject\",\"inLanguage\":\"es\",\"@id\":\"https:\\\/\\\/veredes.es\\\/blog\\\/wp-content\\\/uploads\\\/2018\\\/04\\\/face-96x96.jpg\",\"url\":\"https:\\\/\\\/veredes.es\\\/blog\\\/wp-content\\\/uploads\\\/2018\\\/04\\\/face-96x96.jpg\",\"contentUrl\":\"https:\\\/\\\/veredes.es\\\/blog\\\/wp-content\\\/uploads\\\/2018\\\/04\\\/face-96x96.jpg\",\"caption\":\"veredes\"},\"description\":\"Surge enero de 2009 como b\u00fasqueda de satisfacer el conocimiento de la actividad arquitect\u00f3nica y tangentes que se generan. La idea es crear un espacio para divulgar los diversos proyectos en busca de nueva inspiraci\u00f3n y de intercambio.\",\"sameAs\":[\"https:\\\/\\\/veredes.es\\\/\",\"https:\\\/\\\/www.facebook.com\\\/veredesArquitecturayDivulgacion\\\/\",\"https:\\\/\\\/www.instagram.com\\\/veredes\\\/\",\"https:\\\/\\\/www.linkedin.com\\\/company\\\/veredes-arquitectura-y-divulgacion\\\/\",\"https:\\\/\\\/www.pinterest.es\\\/veredes\\\/\",\"https:\\\/\\\/x.com\\\/https:\\\/\\\/twitter.com\\\/veredes\",\"https:\\\/\\\/veredes.tumblr.com\\\/\"],\"url\":\"https:\\\/\\\/veredes.es\\\/blog\\\/author\\\/alberto\\\/\"}]}<\/script>\n<!-- \/ Yoast SEO plugin. -->","yoast_head_json":{"title":"Ribadeo accesible | Abalo Alonso Arquitectos","description":"Ribadeo accesible","robots":{"index":"index","follow":"follow","max-snippet":"max-snippet:-1","max-image-preview":"max-image-preview:large","max-video-preview":"max-video-preview:-1"},"canonical":"https:\/\/veredes.es\/blog\/ribadeo-accesible-abalo-alonso-arquitectos\/","og_locale":"es_ES","og_type":"article","og_title":"Ribadeo accesible | Abalo Alonso Arquitectos","og_description":"Ribadeo accesible","og_url":"https:\/\/veredes.es\/blog\/ribadeo-accesible-abalo-alonso-arquitectos\/","og_site_name":"veredes, arquitectura y divulgaci\u00f3n","article_publisher":"https:\/\/www.facebook.com\/veredesArquitecturayDivulgacion\/","article_author":"https:\/\/www.facebook.com\/veredesArquitecturayDivulgacion\/","article_published_time":"2013-12-18T06:45:00+00:00","article_modified_time":"2019-07-05T16:55:32+00:00","og_image":[{"width":1000,"height":448,"url":"https:\/\/veredes.es\/blog\/wp-content\/uploads\/2013\/10\/aa_ar_04_ext01.jpg","type":"image\/jpeg"}],"author":"veredes","twitter_card":"summary_large_image","twitter_creator":"@https:\/\/twitter.com\/veredes","twitter_site":"@veredes","twitter_misc":{"Escrito por":"veredes","Tiempo de lectura":"5 minutos"},"schema":{"@context":"https:\/\/schema.org","@graph":[{"@type":"Article","@id":"https:\/\/veredes.es\/blog\/ribadeo-accesible-abalo-alonso-arquitectos\/#article","isPartOf":{"@id":"https:\/\/veredes.es\/blog\/ribadeo-accesible-abalo-alonso-arquitectos\/"},"author":{"name":"veredes","@id":"https:\/\/veredes.es\/blog\/#\/schema\/person\/0bbb669073ef7faba5168a0844e93d2c"},"headline":"Ribadeo accesible | Abalo Alonso Arquitectos","datePublished":"2013-12-18T06:45:00+00:00","dateModified":"2019-07-05T16:55:32+00:00","mainEntityOfPage":{"@id":"https:\/\/veredes.es\/blog\/ribadeo-accesible-abalo-alonso-arquitectos\/"},"wordCount":993,"commentCount":0,"publisher":{"@id":"https:\/\/veredes.es\/blog\/#organization"},"image":{"@id":"https:\/\/veredes.es\/blog\/ribadeo-accesible-abalo-alonso-arquitectos\/#primaryimage"},"thumbnailUrl":"https:\/\/veredes.es\/blog\/wp-content\/uploads\/2013\/10\/aa_ar_04_ext01.jpg","keywords":["Abalo Alonso arquitectos","arquitectura gallega","conexi\u00f3n","Elizabeth Abalo","espacio p\u00fablico","Gonzalo Alonso","intervenci\u00f3n urbana","litoral","reforma interior","ribadeo"],"articleSection":["arquitectura","equipamiento dotacional","espacio publico","intervenci\u00f3n urbana","obras","slider principal"],"inLanguage":"es","potentialAction":[{"@type":"CommentAction","name":"Comment","target":["https:\/\/veredes.es\/blog\/ribadeo-accesible-abalo-alonso-arquitectos\/#respond"]}]},{"@type":"WebPage","@id":"https:\/\/veredes.es\/blog\/ribadeo-accesible-abalo-alonso-arquitectos\/","url":"https:\/\/veredes.es\/blog\/ribadeo-accesible-abalo-alonso-arquitectos\/","name":"Ribadeo accesible | Abalo Alonso Arquitectos","isPartOf":{"@id":"https:\/\/veredes.es\/blog\/#website"},"primaryImageOfPage":{"@id":"https:\/\/veredes.es\/blog\/ribadeo-accesible-abalo-alonso-arquitectos\/#primaryimage"},"image":{"@id":"https:\/\/veredes.es\/blog\/ribadeo-accesible-abalo-alonso-arquitectos\/#primaryimage"},"thumbnailUrl":"https:\/\/veredes.es\/blog\/wp-content\/uploads\/2013\/10\/aa_ar_04_ext01.jpg","datePublished":"2013-12-18T06:45:00+00:00","dateModified":"2019-07-05T16:55:32+00:00","description":"Ribadeo accesible","breadcrumb":{"@id":"https:\/\/veredes.es\/blog\/ribadeo-accesible-abalo-alonso-arquitectos\/#breadcrumb"},"inLanguage":"es","potentialAction":[{"@type":"ReadAction","target":["https:\/\/veredes.es\/blog\/ribadeo-accesible-abalo-alonso-arquitectos\/"]}]},{"@type":"ImageObject","inLanguage":"es","@id":"https:\/\/veredes.es\/blog\/ribadeo-accesible-abalo-alonso-arquitectos\/#primaryimage","url":"https:\/\/veredes.es\/blog\/wp-content\/uploads\/2013\/10\/aa_ar_04_ext01.jpg","contentUrl":"https:\/\/veredes.es\/blog\/wp-content\/uploads\/2013\/10\/aa_ar_04_ext01.jpg","width":"1000","height":"448"},{"@type":"BreadcrumbList","@id":"https:\/\/veredes.es\/blog\/ribadeo-accesible-abalo-alonso-arquitectos\/#breadcrumb","itemListElement":[{"@type":"ListItem","position":1,"name":"Portada","item":"https:\/\/veredes.es\/blog\/"},{"@type":"ListItem","position":2,"name":"Ribadeo accesible | Abalo Alonso Arquitectos"}]},{"@type":"WebSite","@id":"https:\/\/veredes.es\/blog\/#website","url":"https:\/\/veredes.es\/blog\/","name":"veredes, arquitectura y divulgaci\u00f3n","description":"veredes","publisher":{"@id":"https:\/\/veredes.es\/blog\/#organization"},"alternateName":"veredes","potentialAction":[{"@type":"SearchAction","target":{"@type":"EntryPoint","urlTemplate":"https:\/\/veredes.es\/blog\/?s={search_term_string}"},"query-input":{"@type":"PropertyValueSpecification","valueRequired":true,"valueName":"search_term_string"}}],"inLanguage":"es"},{"@type":"Organization","@id":"https:\/\/veredes.es\/blog\/#organization","name":"veredes, arquitectura y divulgaci\u00f3n","alternateName":"veredes","url":"https:\/\/veredes.es\/blog\/","logo":{"@type":"ImageObject","inLanguage":"es","@id":"https:\/\/veredes.es\/blog\/#\/schema\/logo\/image\/","url":"https:\/\/veredes.es\/blog\/wp-content\/uploads\/2021\/12\/veredes-logo-centrado_140x54.png","contentUrl":"https:\/\/veredes.es\/blog\/wp-content\/uploads\/2021\/12\/veredes-logo-centrado_140x54.png","width":140,"height":54,"caption":"veredes, arquitectura y divulgaci\u00f3n"},"image":{"@id":"https:\/\/veredes.es\/blog\/#\/schema\/logo\/image\/"},"sameAs":["https:\/\/www.facebook.com\/veredesArquitecturayDivulgacion\/","https:\/\/x.com\/veredes","https:\/\/instagram.com\/veredes\/","https:\/\/www.linkedin.com\/company\/veredes-arquitectura-y-divulgacion\/","https:\/\/es.pinterest.com\/veredes\/","https:\/\/www.tumblr.com\/veredes"]},{"@type":"Person","@id":"https:\/\/veredes.es\/blog\/#\/schema\/person\/0bbb669073ef7faba5168a0844e93d2c","name":"veredes","image":{"@type":"ImageObject","inLanguage":"es","@id":"https:\/\/veredes.es\/blog\/wp-content\/uploads\/2018\/04\/face-96x96.jpg","url":"https:\/\/veredes.es\/blog\/wp-content\/uploads\/2018\/04\/face-96x96.jpg","contentUrl":"https:\/\/veredes.es\/blog\/wp-content\/uploads\/2018\/04\/face-96x96.jpg","caption":"veredes"},"description":"Surge enero de 2009 como b\u00fasqueda de satisfacer el conocimiento de la actividad arquitect\u00f3nica y tangentes que se generan. La idea es crear un espacio para divulgar los diversos proyectos en busca de nueva inspiraci\u00f3n y de intercambio.","sameAs":["https:\/\/veredes.es\/","https:\/\/www.facebook.com\/veredesArquitecturayDivulgacion\/","https:\/\/www.instagram.com\/veredes\/","https:\/\/www.linkedin.com\/company\/veredes-arquitectura-y-divulgacion\/","https:\/\/www.pinterest.es\/veredes\/","https:\/\/x.com\/https:\/\/twitter.com\/veredes","https:\/\/veredes.tumblr.com\/"],"url":"https:\/\/veredes.es\/blog\/author\/alberto\/"}]}},"_links":{"self":[{"href":"https:\/\/veredes.es\/blog\/wp-json\/wp\/v2\/posts\/35759","targetHints":{"allow":["GET"]}}],"collection":[{"href":"https:\/\/veredes.es\/blog\/wp-json\/wp\/v2\/posts"}],"about":[{"href":"https:\/\/veredes.es\/blog\/wp-json\/wp\/v2\/types\/post"}],"author":[{"embeddable":true,"href":"https:\/\/veredes.es\/blog\/wp-json\/wp\/v2\/users\/2"}],"replies":[{"embeddable":true,"href":"https:\/\/veredes.es\/blog\/wp-json\/wp\/v2\/comments?post=35759"}],"version-history":[{"count":0,"href":"https:\/\/veredes.es\/blog\/wp-json\/wp\/v2\/posts\/35759\/revisions"}],"wp:featuredmedia":[{"embeddable":true,"href":"https:\/\/veredes.es\/blog\/wp-json\/wp\/v2\/media\/35763"}],"wp:attachment":[{"href":"https:\/\/veredes.es\/blog\/wp-json\/wp\/v2\/media?parent=35759"}],"wp:term":[{"taxonomy":"category","embeddable":true,"href":"https:\/\/veredes.es\/blog\/wp-json\/wp\/v2\/categories?post=35759"},{"taxonomy":"post_tag","embeddable":true,"href":"https:\/\/veredes.es\/blog\/wp-json\/wp\/v2\/tags?post=35759"}],"curies":[{"name":"wp","href":"https:\/\/api.w.org\/{rel}","templated":true}]}}