{"id":35617,"date":"2014-10-06T06:55:37","date_gmt":"2014-10-06T04:55:37","guid":{"rendered":"http:\/\/veredes.es\/blog\/?p=35617"},"modified":"2020-10-12T19:55:58","modified_gmt":"2020-10-12T17:55:58","slug":"el-espiritu-de-las-gallinas-jose-ramon-hernandez-correa","status":"publish","type":"post","link":"https:\/\/veredes.es\/blog\/el-espiritu-de-las-gallinas-jose-ramon-hernandez-correa\/","title":{"rendered":"El esp\u00edritu de las gallinas | Jos\u00e9 Ram\u00f3n Hern\u00e1ndez Correa"},"content":{"rendered":"<p><\/p>\n<p style=\"text-align: justify;\">En el primer curso de arquitectura de la ETSAM, que para m\u00ed fue el de 1977-78, hab\u00eda una asignatura (para m\u00ed maldita) que se llamaba \u00abAn\u00e1lisis de Formas\u00bb, y cuyo catedr\u00e1tico era <strong><a href=\"http:\/\/javierseguidelariva.net\/\" target=\"_blank\" rel=\"noopener noreferrer\">Javier Segu\u00ed<\/a><\/strong>. (La otra catedr\u00e1tica de la asignatura -creo que vino algo despu\u00e9s, pero no lo recuerdo bien- era <strong>Helena Iglesias<\/strong>, que la enfocaba de una manera totalmente diferente y exig\u00eda habilidades y aptitudes pr\u00e1cticamente opuestas a las que ped\u00eda la primera c\u00e1tedra: Esto es una se\u00f1al m\u00e1s de la esquizofrenia propia de esta maldita carrera que tanto amamos, pero esto ser\u00e1 tema de otra entrada. Hoy no toca).<\/p>\n<p style=\"text-align: justify;\">Javier Segu\u00ed y sus profesores seguramente habr\u00edan sido excelentes en los \u00faltimos cursos de carrera o en el doctorado (alguno de ellos imparte ahora cursos de doctorado y, por lo que me cuentan, es muy bueno), pero en primer curso eran sencillamente terror\u00edficos. Yo ten\u00eda diecisiete a\u00f1os. No era m\u00e1s tonto de lo normal, pero tampoco m\u00e1s espabilado. No entend\u00eda nada. Hab\u00eda cre\u00eddo infundadamente durante el bachillerato que sab\u00eda dibujar (al menos me gustaba mucho y me aplicaba bastante), pero aqu\u00ed estaba completamente perdido. En el colegio dibujaba laminitas A4 sobre el pupitre, y aqu\u00ed hab\u00eda que dibujar en A1, en caballete. En el colegio dibujaba con la mano y la mu\u00f1eca, y aqu\u00ed hab\u00eda que dibujar con el brazo entero, e incluso con la espalda, con las caderas, con todo. El gesto era importante para afrontar dibujos en un formato para m\u00ed tan grande y desbordante, en el que no hab\u00eda trabajado nunca y en el que me perd\u00eda.<\/p>\n<p style=\"text-align: justify;\">Pero los profesores, en vez de ayudar con consejos t\u00e9cnicos o con el ejemplo (ay, el ejemplo), nos soltaban discursos te\u00f3ricos y filos\u00f3ficos sobre la forma, la expresi\u00f3n, la misi\u00f3n de la representaci\u00f3n, la evocaci\u00f3n, etc.<\/p>\n<p style=\"text-align: justify;\">Nos recomendaron leer <em><a href=\"https:\/\/www.lazonamuerta.com\/2012\/01\/kandinsky-punto-y-linea-sobre-el-plano.html\" target=\"_blank\" rel=\"noopener noreferrer\">Punto y l\u00ednea sobre el plano<\/a><\/em>, de un tal <strong><a href=\"http:\/\/es.wikipedia.org\/wiki\/Vasili_Kandinski\">Kandinski<\/a><\/strong>, a quien no hab\u00eda o\u00eddo nombrar en mi vida. Empec\u00e9 a leerlo y no entend\u00ed nada.<\/p>\n<p style=\"text-align: justify;\">Me sent\u00eda muy angustiado.<\/p>\n<p style=\"text-align: justify;\">El curso empezaba con temas de expresi\u00f3n libre, manchas abstractas, masas de color, etc. Todo ello, como digo, cargado de profundo contenido ideol\u00f3gico-te\u00f3rico absolutamente indigerible.<\/p>\n<p style=\"text-align: justify;\">Cada d\u00eda era un susto nuevo. Una vez trajeron unas cuantas gallinas en jaulas que repartieron por el suelo del aula.<\/p>\n<p style=\"text-align: justify;\">Abrieron las jaulas y soltaron las gallinas. \u00a1Hala! \u00a1A dibujar!<\/p>\n<p style=\"text-align: justify;\">Recuerdo especialmente la cantidad de excrementos que soltaban. Seguramente estaban estresadas. No lo s\u00e9. (Yo s\u00ed que estaba estresado y excrementicio).<\/p>\n<p style=\"text-align: justify;\">El caso es que, como pude, intent\u00e9 dibujarlas. Me quedaban unas l\u00edneas ins\u00edpidas, bastante r\u00edgidas, torpes.<\/p>\n<p style=\"text-align: justify;\">Para colmo los profesores nos dec\u00edan que no ten\u00edamos que dibujar las gallinas, sino su esp\u00edritu.<\/p>\n<figure id=\"attachment_35619\" aria-describedby=\"caption-attachment-35619\" style=\"width: 620px\" class=\"wp-caption alignnone\"><a href=\"https:\/\/veredes.es\/blog\/wp-content\/uploads\/2013\/10\/gallina-Van-Gogh.jpg\"><img loading=\"lazy\" decoding=\"async\" class=\" wp-image-35619\" title=\"gallina Van Gogh\" src=\"https:\/\/veredes.es\/blog\/wp-content\/uploads\/2013\/10\/gallina-Van-Gogh.jpg\" alt=\"\" width=\"620\" height=\"445\" srcset=\"https:\/\/veredes.es\/blog\/wp-content\/uploads\/2013\/10\/gallina-Van-Gogh.jpg 750w, https:\/\/veredes.es\/blog\/wp-content\/uploads\/2013\/10\/gallina-Van-Gogh-300x215.jpg 300w\" sizes=\"auto, (max-width: 620px) 100vw, 620px\" \/><\/a><figcaption id=\"caption-attachment-35619\" class=\"wp-caption-text\"><span style=\"color: #888888;\">Gallina. Apunte de Van Gogh. 1890 <br \/><\/span><\/figcaption><\/figure>\n<p style=\"text-align: justify;\">\u00bfEh? \u00bfQu\u00e9 era eso del esp\u00edritu de las gallinas?<\/p>\n<blockquote>\n<p style=\"text-align: justify;\"><em>-No dibuj\u00e9is su forma exterior, su mera apariencia. Id m\u00e1s all\u00e1. Penetrad en ellas. Captad su esp\u00edritu.<\/em><\/p>\n<\/blockquote>\n<p style=\"text-align: justify;\">\u00a1Mierda de gallina! \u00bfEra eso? \u00bfEra ese su esp\u00edritu?<\/p>\n<p style=\"text-align: justify;\">Quer\u00edan decirnos (creo; a\u00fan no estoy seguro) que no dibuj\u00e1ramos las gallinas acad\u00e9mica y melifluamente, sino que intent\u00e1ramos captar su estructura, su movimiento, algo que nos sugirieran&#8230; Yo qu\u00e9 s\u00e9.<\/p>\n<p style=\"text-align: justify;\">Quer\u00edan que ante el est\u00edmulo visual provocado por una gallina plasm\u00e1ramos unas manchas que <em>fueran<\/em> la gallina. Ah, claro, muy sencillo.<\/p>\n<p style=\"text-align: justify;\">Se trataba, supongo o intuyo, de dibujar las gallinas con fuerza y con expresi\u00f3n. Ah, y fant\u00e1sticamente bien. Si dibujabas de maravilla estabas aprobado. (El truquismo consist\u00eda en no <em>terminar<\/em> los dibujos, sino dejarlos como desenfocados, movidos. Importaba la <em>impronta<\/em> de la gallina sobre el papel, no un dibujo relamido. Vamos, eso creo).<\/p>\n<p style=\"text-align: justify;\">Nosotros, como no entend\u00edamos nada, traz\u00e1bamos l\u00edneas horizontales sobre el papel, hac\u00edamos curvas muy gestuales (preferentemente con una esp\u00e1tula embadurnada en t\u00e9mpera), e intent\u00e1bamos construir un discurso incoherente y vac\u00edo sobre algo de lo que no ten\u00edamos la m\u00e1s m\u00ednima noci\u00f3n.<\/p>\n<p style=\"text-align: justify;\">Los profesores eran tan incomprensibles en sus elogios como en sus denuestos. A veces parec\u00eda (s\u00f3lo parec\u00eda) que estaban ensalzando los dibujos de un compa\u00f1ero, y, como no ve\u00edamos en ellos nada especial ni ning\u00fan motivo claro de aplauso, ni ten\u00edamos referencia alguna, ni criterio, ni nada, nos qued\u00e1bamos con las hojas del r\u00e1bano: \u00abMira, mira: Dibuja en papel gris, y no en papel blanco como nosotros\u00bb. \u00abUtiliza carboncillo y barra <em>cont\u00e9<\/em>\u00ab. \u00abHace trazos muy largos\u00bb. Etc. Intent\u00e1bamos hacer eso mismo, pero nos pon\u00edan a caldo. Nada.<\/p>\n<p style=\"text-align: justify;\">Otro d\u00eda vino un grupo rockero y toc\u00f3 en clase. Hab\u00eda que pintar la m\u00fasica. Recuerdo que hice un dibujo un poco psicod\u00e9lico que mostraba como dos cataratas de trazos de colores, y les gust\u00f3 a los profesores.<\/p>\n<p style=\"text-align: justify;\">Otra semana toc\u00f3 pintar el miedo. No nos centr\u00e1bamos y los profesores nos animaban a sentir miedo y plasmarlo. Yo miedo s\u00ed que sent\u00eda, naturalmente, pero no sab\u00eda c\u00f3mo conducirlo hacia el papel. Por aferrarme a algo ya experimentado, volv\u00ed a pintar una cosa muy parecida a las dos cataratas de colores que les hab\u00edan gustado, pero ahora fueron consideradas una mierda. \u00a1Vaya por Dios!<\/p>\n<p style=\"text-align: justify;\">Fueron meses muy malos.<\/p>\n<p style=\"text-align: justify;\">Pasado este primer trimestre de locura y angustia toc\u00f3 dibujar \u00abde verdad\u00bb. Empezamos a hacer \u00abambientes\u00bb; es decir: el interior de la propia aula, con nosotros mismos dibujando en ella. Ah, amigos, ah\u00ed se te iba la perspectiva por menos de nada, y quienes dibujaban de verdad se escapaban claramente del pelot\u00f3n. Ah\u00ed empez\u00f3 a quedar claro qui\u00e9n sab\u00eda y qui\u00e9n no.<\/p>\n<p style=\"text-align: justify;\">Luego toc\u00f3 hacer estatua, y despu\u00e9s, por fin, desnudo.<\/p>\n<p style=\"text-align: justify;\">Recuerdo perfectamente a un compa\u00f1ero pelirrojo que dibujaba como los \u00e1ngeles. Le vi hacer con pasteles los abdominales de un Ares que era como para morir de lo bien que estaba. Ese mismo pelirrojo dibuj\u00f3 semanas despu\u00e9s a uno de los modelos, que era un poco gordito y morcill\u00f3n, y parec\u00eda que su dibujo pesaba y todo. Los profesores le elogiaban. Ahora s\u00ed que entend\u00edamos los elogios.<\/p>\n<p style=\"text-align: justify;\">As\u00ed que era eso. As\u00ed que hab\u00eda que dibujar de puta madre. Acab\u00e1ramos.<\/p>\n<p style=\"text-align: justify;\">Pintar el esp\u00edritu de las gallinas, pintar una m\u00fasica rock, pintar el miedo, el hambre, el sue\u00f1o&#8230; chorradas. Todo eso era un calentamiento de dedos para acabar pintando unas estatuas de esc\u00e1ndalo y unas chicas de infarto.<\/p>\n<p style=\"text-align: justify;\">Suspend\u00ed, naturalmente.<\/p>\n<p style=\"text-align: justify;\">En el verano y en el curso siguiente me matricul\u00e9 en una academia en la que me ense\u00f1aron a dibujar. Horas y horas de hacer mano. Eso era todo. Aprender a dibujar como Dios, y nada m\u00e1s. (Jejeje: Nada m\u00e1s).<\/p>\n<p style=\"text-align: justify;\">Ese era el verdadero esp\u00edritu de las gallinas. Cada vez que veo a alguien dibujar o pintar fant\u00e1sticamente bien me lo digo a m\u00ed mismo:<\/p>\n<blockquote>\n<p style=\"text-align: justify;\"><em>\u00abEste cabrito ha captado el esp\u00edritu de las gallinas\u00bb.<\/em><\/p>\n<\/blockquote>\n<p style=\"text-align: justify;\">Jos\u00e9 Ram\u00f3n Hern\u00e1ndez Correa \u00b7 Doctor Arquitecto<br \/>\nToledo \u00b7 octubre 2013<\/p>\n<p style=\"text-align: justify;\">Dedicado a mis \u00abamigos virtuales\u00bb de twitter Laureano Albaladejo (@LaureanoArqui), Cristina Barr\u00f3n (@CristinArquitec) y Stepien y Barn\u00f3 (@stepienybarno), que me pidieron que explicara con m\u00e1s detalle lo del esp\u00edritu de las gallinas.<\/p>\n<p style=\"text-align: justify;\">PD.- Muchos a\u00f1os despu\u00e9s, ya arquitecto, e incluso ya doctor -reci\u00e9n doctorado- tuve una experiencia m\u00edstica que volvi\u00f3 a unir a mis maestros, amigos y compa\u00f1eros de la escuela de arquitectura con el verdadero esp\u00edritu de las gallinas. De modo que podr\u00edamos decir que mi paso por la escuela de arquitectura de Madrid empez\u00f3 y termin\u00f3 con esp\u00edritus gallin\u00e1ceos. Pero el episodio de mi despedida gallin\u00e1cea de la escuela s\u00ed que me lo tengo que preparar con calma (y buscar documentaci\u00f3n) para intentar contarlo. A ver si puedo hacerlo en pocos d\u00edas.<\/p>\n<p><\/p>","protected":false},"excerpt":{"rendered":"<p>En el primer curso de arquitectura de la ETSAM, que para m\u00ed fue el de 1977-78, hab\u00eda una asignatura (para m\u00ed maldita) que se llamaba \u00abAn\u00e1lisis de Formas\u00bb, y cuyo catedr\u00e1tico era Javier Segu\u00ed. (La otra catedr\u00e1tica de la asignatura -creo que vino algo despu\u00e9s, pero no lo recuerdo bien- era Helena Iglesias, que la [&hellip;]<\/p>\n","protected":false},"author":33,"featured_media":35619,"comment_status":"open","ping_status":"closed","sticky":false,"template":"","format":"standard","meta":{"footnotes":""},"categories":[568,5951],"tags":[7623,10534,2298,8094,535,542,8039,13873,3653,758,10533,3255,1985,1865,12473,8175],"class_list":{"0":"post-35617","1":"post","2":"type-post","3":"status-publish","4":"format-standard","5":"has-post-thumbnail","7":"category-faro","8":"category-slider-principal","9":"tag-biografia","10":"tag-cristina-barron","11":"tag-dibujar","12":"tag-escuela-de-arquitectura","13":"tag-estudiante","14":"tag-etsam","15":"tag-helena-iglesias","16":"tag-javier-segui-de-la-riva","17":"tag-jose-ramon-hernandez-correa","18":"tag-joven-arquitecto","19":"tag-laureano-albaladejo","20":"tag-memoria","21":"tag-pensar","22":"tag-reflexion","23":"tag-stepienybarno","24":"tag-wassily-kandinsky"},"yoast_head":"<!-- This site is optimized with the Yoast SEO plugin v27.5 - https:\/\/yoast.com\/product\/yoast-seo-wordpress\/ -->\n<title>El esp\u00edritu de las gallinas | Jos\u00e9 Ram\u00f3n Hern\u00e1ndez Correa<\/title>\n<meta name=\"description\" content=\"El esp\u00edritu de las gallinas\" \/>\n<meta name=\"robots\" content=\"index, follow, max-snippet:-1, max-image-preview:large, max-video-preview:-1\" \/>\n<link rel=\"canonical\" href=\"https:\/\/veredes.es\/blog\/el-espiritu-de-las-gallinas-jose-ramon-hernandez-correa\/\" \/>\n<meta property=\"og:locale\" content=\"es_ES\" \/>\n<meta property=\"og:type\" content=\"article\" \/>\n<meta property=\"og:title\" content=\"El esp\u00edritu de las gallinas | Jos\u00e9 Ram\u00f3n Hern\u00e1ndez Correa\" \/>\n<meta property=\"og:description\" content=\"El esp\u00edritu de las gallinas\" \/>\n<meta property=\"og:url\" content=\"https:\/\/veredes.es\/blog\/el-espiritu-de-las-gallinas-jose-ramon-hernandez-correa\/\" \/>\n<meta property=\"og:site_name\" content=\"veredes, arquitectura y divulgaci\u00f3n\" \/>\n<meta property=\"article:publisher\" content=\"https:\/\/www.facebook.com\/veredesArquitecturayDivulgacion\/\" \/>\n<meta property=\"article:author\" content=\"https:\/\/www.facebook.com\/joseramon.hernandezcorrea\" \/>\n<meta property=\"article:published_time\" content=\"2014-10-06T04:55:37+00:00\" \/>\n<meta property=\"article:modified_time\" content=\"2020-10-12T17:55:58+00:00\" \/>\n<meta property=\"og:image\" content=\"https:\/\/veredes.es\/blog\/wp-content\/uploads\/2013\/10\/gallina-Van-Gogh.jpg\" \/>\n\t<meta property=\"og:image:width\" content=\"750\" \/>\n\t<meta property=\"og:image:height\" content=\"539\" \/>\n\t<meta property=\"og:image:type\" content=\"image\/jpeg\" \/>\n<meta name=\"author\" content=\"Jos\u00e9 Ram\u00f3n Hern\u00e1ndez Correa\" \/>\n<meta name=\"twitter:card\" content=\"summary_large_image\" \/>\n<meta name=\"twitter:creator\" content=\"@https:\/\/twitter.com\/arquitectamos\" \/>\n<meta name=\"twitter:site\" content=\"@veredes\" \/>\n<meta name=\"twitter:label1\" content=\"Escrito por\" \/>\n\t<meta name=\"twitter:data1\" content=\"Jos\u00e9 Ram\u00f3n Hern\u00e1ndez Correa\" \/>\n\t<meta name=\"twitter:label2\" content=\"Tiempo de lectura\" \/>\n\t<meta name=\"twitter:data2\" content=\"20 minutos\" \/>\n<script type=\"application\/ld+json\" class=\"yoast-schema-graph\">{\"@context\":\"https:\\\/\\\/schema.org\",\"@graph\":[{\"@type\":\"Article\",\"@id\":\"https:\\\/\\\/veredes.es\\\/blog\\\/el-espiritu-de-las-gallinas-jose-ramon-hernandez-correa\\\/#article\",\"isPartOf\":{\"@id\":\"https:\\\/\\\/veredes.es\\\/blog\\\/el-espiritu-de-las-gallinas-jose-ramon-hernandez-correa\\\/\"},\"author\":{\"name\":\"Jos\u00e9 Ram\u00f3n Hern\u00e1ndez Correa\",\"@id\":\"https:\\\/\\\/veredes.es\\\/blog\\\/#\\\/schema\\\/person\\\/eefca3204fa5a4349162c2869bee6c49\"},\"headline\":\"El esp\u00edritu de las gallinas | Jos\u00e9 Ram\u00f3n Hern\u00e1ndez Correa\",\"datePublished\":\"2014-10-06T04:55:37+00:00\",\"dateModified\":\"2020-10-12T17:55:58+00:00\",\"mainEntityOfPage\":{\"@id\":\"https:\\\/\\\/veredes.es\\\/blog\\\/el-espiritu-de-las-gallinas-jose-ramon-hernandez-correa\\\/\"},\"wordCount\":4114,\"commentCount\":2,\"publisher\":{\"@id\":\"https:\\\/\\\/veredes.es\\\/blog\\\/#organization\"},\"image\":{\"@id\":\"https:\\\/\\\/veredes.es\\\/blog\\\/el-espiritu-de-las-gallinas-jose-ramon-hernandez-correa\\\/#primaryimage\"},\"thumbnailUrl\":\"https:\\\/\\\/veredes.es\\\/blog\\\/wp-content\\\/uploads\\\/2013\\\/10\\\/gallina-Van-Gogh.jpg\",\"keywords\":[\"biografia\",\"cristina barr\u00f3n\",\"dibujar\",\"escuela de arquitectura\",\"estudiante\",\"ETSAM\",\"helena iglesias\",\"Javier Segu\u00ed de la Riva\",\"Jos\u00e9 Ram\u00f3n Hern\u00e1ndez Correa\",\"joven arquitecto\",\"laureano albaladejo\",\"memoria\",\"pensar\",\"reflexi\u00f3n\",\"stepienybarno\",\"Wassily Kandinsky\"],\"articleSection\":[\"faro\",\"slider principal\"],\"inLanguage\":\"es\",\"potentialAction\":[{\"@type\":\"CommentAction\",\"name\":\"Comment\",\"target\":[\"https:\\\/\\\/veredes.es\\\/blog\\\/el-espiritu-de-las-gallinas-jose-ramon-hernandez-correa\\\/#respond\"]}]},{\"@type\":\"WebPage\",\"@id\":\"https:\\\/\\\/veredes.es\\\/blog\\\/el-espiritu-de-las-gallinas-jose-ramon-hernandez-correa\\\/\",\"url\":\"https:\\\/\\\/veredes.es\\\/blog\\\/el-espiritu-de-las-gallinas-jose-ramon-hernandez-correa\\\/\",\"name\":\"El esp\u00edritu de las gallinas | Jos\u00e9 Ram\u00f3n Hern\u00e1ndez Correa\",\"isPartOf\":{\"@id\":\"https:\\\/\\\/veredes.es\\\/blog\\\/#website\"},\"primaryImageOfPage\":{\"@id\":\"https:\\\/\\\/veredes.es\\\/blog\\\/el-espiritu-de-las-gallinas-jose-ramon-hernandez-correa\\\/#primaryimage\"},\"image\":{\"@id\":\"https:\\\/\\\/veredes.es\\\/blog\\\/el-espiritu-de-las-gallinas-jose-ramon-hernandez-correa\\\/#primaryimage\"},\"thumbnailUrl\":\"https:\\\/\\\/veredes.es\\\/blog\\\/wp-content\\\/uploads\\\/2013\\\/10\\\/gallina-Van-Gogh.jpg\",\"datePublished\":\"2014-10-06T04:55:37+00:00\",\"dateModified\":\"2020-10-12T17:55:58+00:00\",\"description\":\"El esp\u00edritu de las gallinas\",\"breadcrumb\":{\"@id\":\"https:\\\/\\\/veredes.es\\\/blog\\\/el-espiritu-de-las-gallinas-jose-ramon-hernandez-correa\\\/#breadcrumb\"},\"inLanguage\":\"es\",\"potentialAction\":[{\"@type\":\"ReadAction\",\"target\":[\"https:\\\/\\\/veredes.es\\\/blog\\\/el-espiritu-de-las-gallinas-jose-ramon-hernandez-correa\\\/\"]}]},{\"@type\":\"ImageObject\",\"inLanguage\":\"es\",\"@id\":\"https:\\\/\\\/veredes.es\\\/blog\\\/el-espiritu-de-las-gallinas-jose-ramon-hernandez-correa\\\/#primaryimage\",\"url\":\"https:\\\/\\\/veredes.es\\\/blog\\\/wp-content\\\/uploads\\\/2013\\\/10\\\/gallina-Van-Gogh.jpg\",\"contentUrl\":\"https:\\\/\\\/veredes.es\\\/blog\\\/wp-content\\\/uploads\\\/2013\\\/10\\\/gallina-Van-Gogh.jpg\",\"width\":\"750\",\"height\":\"539\",\"caption\":\"Gallina. Apunte de Van Gogh. 1890 | arquitectamoslocos.blogspot.com.es\"},{\"@type\":\"BreadcrumbList\",\"@id\":\"https:\\\/\\\/veredes.es\\\/blog\\\/el-espiritu-de-las-gallinas-jose-ramon-hernandez-correa\\\/#breadcrumb\",\"itemListElement\":[{\"@type\":\"ListItem\",\"position\":1,\"name\":\"Portada\",\"item\":\"https:\\\/\\\/veredes.es\\\/blog\\\/\"},{\"@type\":\"ListItem\",\"position\":2,\"name\":\"El esp\u00edritu de las gallinas | Jos\u00e9 Ram\u00f3n Hern\u00e1ndez Correa\"}]},{\"@type\":\"WebSite\",\"@id\":\"https:\\\/\\\/veredes.es\\\/blog\\\/#website\",\"url\":\"https:\\\/\\\/veredes.es\\\/blog\\\/\",\"name\":\"veredes, arquitectura y divulgaci\u00f3n\",\"description\":\"veredes\",\"publisher\":{\"@id\":\"https:\\\/\\\/veredes.es\\\/blog\\\/#organization\"},\"alternateName\":\"veredes\",\"potentialAction\":[{\"@type\":\"SearchAction\",\"target\":{\"@type\":\"EntryPoint\",\"urlTemplate\":\"https:\\\/\\\/veredes.es\\\/blog\\\/?s={search_term_string}\"},\"query-input\":{\"@type\":\"PropertyValueSpecification\",\"valueRequired\":true,\"valueName\":\"search_term_string\"}}],\"inLanguage\":\"es\"},{\"@type\":\"Organization\",\"@id\":\"https:\\\/\\\/veredes.es\\\/blog\\\/#organization\",\"name\":\"veredes, arquitectura y divulgaci\u00f3n\",\"alternateName\":\"veredes\",\"url\":\"https:\\\/\\\/veredes.es\\\/blog\\\/\",\"logo\":{\"@type\":\"ImageObject\",\"inLanguage\":\"es\",\"@id\":\"https:\\\/\\\/veredes.es\\\/blog\\\/#\\\/schema\\\/logo\\\/image\\\/\",\"url\":\"https:\\\/\\\/veredes.es\\\/blog\\\/wp-content\\\/uploads\\\/2021\\\/12\\\/veredes-logo-centrado_140x54.png\",\"contentUrl\":\"https:\\\/\\\/veredes.es\\\/blog\\\/wp-content\\\/uploads\\\/2021\\\/12\\\/veredes-logo-centrado_140x54.png\",\"width\":140,\"height\":54,\"caption\":\"veredes, arquitectura y divulgaci\u00f3n\"},\"image\":{\"@id\":\"https:\\\/\\\/veredes.es\\\/blog\\\/#\\\/schema\\\/logo\\\/image\\\/\"},\"sameAs\":[\"https:\\\/\\\/www.facebook.com\\\/veredesArquitecturayDivulgacion\\\/\",\"https:\\\/\\\/x.com\\\/veredes\",\"https:\\\/\\\/instagram.com\\\/veredes\\\/\",\"https:\\\/\\\/www.linkedin.com\\\/company\\\/veredes-arquitectura-y-divulgacion\\\/\",\"https:\\\/\\\/es.pinterest.com\\\/veredes\\\/\",\"https:\\\/\\\/www.tumblr.com\\\/veredes\"]},{\"@type\":\"Person\",\"@id\":\"https:\\\/\\\/veredes.es\\\/blog\\\/#\\\/schema\\\/person\\\/eefca3204fa5a4349162c2869bee6c49\",\"name\":\"Jos\u00e9 Ram\u00f3n Hern\u00e1ndez Correa\",\"image\":{\"@type\":\"ImageObject\",\"inLanguage\":\"es\",\"@id\":\"https:\\\/\\\/veredes.es\\\/blog\\\/wp-content\\\/uploads\\\/2018\\\/04\\\/Jos\u00e9-Ram\u00f3n-Hern\u00e1ndez-Correa-96x96.jpg\",\"url\":\"https:\\\/\\\/veredes.es\\\/blog\\\/wp-content\\\/uploads\\\/2018\\\/04\\\/Jos\u00e9-Ram\u00f3n-Hern\u00e1ndez-Correa-96x96.jpg\",\"contentUrl\":\"https:\\\/\\\/veredes.es\\\/blog\\\/wp-content\\\/uploads\\\/2018\\\/04\\\/Jos\u00e9-Ram\u00f3n-Hern\u00e1ndez-Correa-96x96.jpg\",\"caption\":\"Jos\u00e9 Ram\u00f3n Hern\u00e1ndez Correa\"},\"description\":\"Nac\u00ed en 1960. Arquitecto por la ETSAM, 1985. Doctor Arquitecto por la Universidad Polit\u00e9cnica de Madrid, 1992. Soy, en el buen sentido de la palabra, bueno. Ahora estoy algo cansado, pero sigo atento y curioso. Arquitecto, bloguero, saxofonero, escritor... pero todo mal.\",\"sameAs\":[\"http:\\\/\\\/arquitectamoslocos.blogspot.com.es\\\/\",\"https:\\\/\\\/www.facebook.com\\\/joseramon.hernandezcorrea\",\"https:\\\/\\\/www.instagram.com\\\/arquitectamoslocos\\\/\",\"https:\\\/\\\/www.linkedin.com\\\/in\\\/jos-ramn-hernndez-correa-b6378b2a\\\/\",\"https:\\\/\\\/x.com\\\/https:\\\/\\\/twitter.com\\\/arquitectamos\"],\"url\":\"https:\\\/\\\/veredes.es\\\/blog\\\/author\\\/arquitectamos\\\/\"}]}<\/script>\n<!-- \/ Yoast SEO plugin. -->","yoast_head_json":{"title":"El esp\u00edritu de las gallinas | Jos\u00e9 Ram\u00f3n Hern\u00e1ndez Correa","description":"El esp\u00edritu de las gallinas","robots":{"index":"index","follow":"follow","max-snippet":"max-snippet:-1","max-image-preview":"max-image-preview:large","max-video-preview":"max-video-preview:-1"},"canonical":"https:\/\/veredes.es\/blog\/el-espiritu-de-las-gallinas-jose-ramon-hernandez-correa\/","og_locale":"es_ES","og_type":"article","og_title":"El esp\u00edritu de las gallinas | Jos\u00e9 Ram\u00f3n Hern\u00e1ndez Correa","og_description":"El esp\u00edritu de las gallinas","og_url":"https:\/\/veredes.es\/blog\/el-espiritu-de-las-gallinas-jose-ramon-hernandez-correa\/","og_site_name":"veredes, arquitectura y divulgaci\u00f3n","article_publisher":"https:\/\/www.facebook.com\/veredesArquitecturayDivulgacion\/","article_author":"https:\/\/www.facebook.com\/joseramon.hernandezcorrea","article_published_time":"2014-10-06T04:55:37+00:00","article_modified_time":"2020-10-12T17:55:58+00:00","og_image":[{"width":750,"height":539,"url":"https:\/\/veredes.es\/blog\/wp-content\/uploads\/2013\/10\/gallina-Van-Gogh.jpg","type":"image\/jpeg"}],"author":"Jos\u00e9 Ram\u00f3n Hern\u00e1ndez Correa","twitter_card":"summary_large_image","twitter_creator":"@https:\/\/twitter.com\/arquitectamos","twitter_site":"@veredes","twitter_misc":{"Escrito por":"Jos\u00e9 Ram\u00f3n Hern\u00e1ndez Correa","Tiempo de lectura":"20 minutos"},"schema":{"@context":"https:\/\/schema.org","@graph":[{"@type":"Article","@id":"https:\/\/veredes.es\/blog\/el-espiritu-de-las-gallinas-jose-ramon-hernandez-correa\/#article","isPartOf":{"@id":"https:\/\/veredes.es\/blog\/el-espiritu-de-las-gallinas-jose-ramon-hernandez-correa\/"},"author":{"name":"Jos\u00e9 Ram\u00f3n Hern\u00e1ndez Correa","@id":"https:\/\/veredes.es\/blog\/#\/schema\/person\/eefca3204fa5a4349162c2869bee6c49"},"headline":"El esp\u00edritu de las gallinas | Jos\u00e9 Ram\u00f3n Hern\u00e1ndez Correa","datePublished":"2014-10-06T04:55:37+00:00","dateModified":"2020-10-12T17:55:58+00:00","mainEntityOfPage":{"@id":"https:\/\/veredes.es\/blog\/el-espiritu-de-las-gallinas-jose-ramon-hernandez-correa\/"},"wordCount":4114,"commentCount":2,"publisher":{"@id":"https:\/\/veredes.es\/blog\/#organization"},"image":{"@id":"https:\/\/veredes.es\/blog\/el-espiritu-de-las-gallinas-jose-ramon-hernandez-correa\/#primaryimage"},"thumbnailUrl":"https:\/\/veredes.es\/blog\/wp-content\/uploads\/2013\/10\/gallina-Van-Gogh.jpg","keywords":["biografia","cristina barr\u00f3n","dibujar","escuela de arquitectura","estudiante","ETSAM","helena iglesias","Javier Segu\u00ed de la Riva","Jos\u00e9 Ram\u00f3n Hern\u00e1ndez Correa","joven arquitecto","laureano albaladejo","memoria","pensar","reflexi\u00f3n","stepienybarno","Wassily Kandinsky"],"articleSection":["faro","slider principal"],"inLanguage":"es","potentialAction":[{"@type":"CommentAction","name":"Comment","target":["https:\/\/veredes.es\/blog\/el-espiritu-de-las-gallinas-jose-ramon-hernandez-correa\/#respond"]}]},{"@type":"WebPage","@id":"https:\/\/veredes.es\/blog\/el-espiritu-de-las-gallinas-jose-ramon-hernandez-correa\/","url":"https:\/\/veredes.es\/blog\/el-espiritu-de-las-gallinas-jose-ramon-hernandez-correa\/","name":"El esp\u00edritu de las gallinas | Jos\u00e9 Ram\u00f3n Hern\u00e1ndez Correa","isPartOf":{"@id":"https:\/\/veredes.es\/blog\/#website"},"primaryImageOfPage":{"@id":"https:\/\/veredes.es\/blog\/el-espiritu-de-las-gallinas-jose-ramon-hernandez-correa\/#primaryimage"},"image":{"@id":"https:\/\/veredes.es\/blog\/el-espiritu-de-las-gallinas-jose-ramon-hernandez-correa\/#primaryimage"},"thumbnailUrl":"https:\/\/veredes.es\/blog\/wp-content\/uploads\/2013\/10\/gallina-Van-Gogh.jpg","datePublished":"2014-10-06T04:55:37+00:00","dateModified":"2020-10-12T17:55:58+00:00","description":"El esp\u00edritu de las gallinas","breadcrumb":{"@id":"https:\/\/veredes.es\/blog\/el-espiritu-de-las-gallinas-jose-ramon-hernandez-correa\/#breadcrumb"},"inLanguage":"es","potentialAction":[{"@type":"ReadAction","target":["https:\/\/veredes.es\/blog\/el-espiritu-de-las-gallinas-jose-ramon-hernandez-correa\/"]}]},{"@type":"ImageObject","inLanguage":"es","@id":"https:\/\/veredes.es\/blog\/el-espiritu-de-las-gallinas-jose-ramon-hernandez-correa\/#primaryimage","url":"https:\/\/veredes.es\/blog\/wp-content\/uploads\/2013\/10\/gallina-Van-Gogh.jpg","contentUrl":"https:\/\/veredes.es\/blog\/wp-content\/uploads\/2013\/10\/gallina-Van-Gogh.jpg","width":"750","height":"539","caption":"Gallina. Apunte de Van Gogh. 1890 | arquitectamoslocos.blogspot.com.es"},{"@type":"BreadcrumbList","@id":"https:\/\/veredes.es\/blog\/el-espiritu-de-las-gallinas-jose-ramon-hernandez-correa\/#breadcrumb","itemListElement":[{"@type":"ListItem","position":1,"name":"Portada","item":"https:\/\/veredes.es\/blog\/"},{"@type":"ListItem","position":2,"name":"El esp\u00edritu de las gallinas | Jos\u00e9 Ram\u00f3n Hern\u00e1ndez Correa"}]},{"@type":"WebSite","@id":"https:\/\/veredes.es\/blog\/#website","url":"https:\/\/veredes.es\/blog\/","name":"veredes, arquitectura y divulgaci\u00f3n","description":"veredes","publisher":{"@id":"https:\/\/veredes.es\/blog\/#organization"},"alternateName":"veredes","potentialAction":[{"@type":"SearchAction","target":{"@type":"EntryPoint","urlTemplate":"https:\/\/veredes.es\/blog\/?s={search_term_string}"},"query-input":{"@type":"PropertyValueSpecification","valueRequired":true,"valueName":"search_term_string"}}],"inLanguage":"es"},{"@type":"Organization","@id":"https:\/\/veredes.es\/blog\/#organization","name":"veredes, arquitectura y divulgaci\u00f3n","alternateName":"veredes","url":"https:\/\/veredes.es\/blog\/","logo":{"@type":"ImageObject","inLanguage":"es","@id":"https:\/\/veredes.es\/blog\/#\/schema\/logo\/image\/","url":"https:\/\/veredes.es\/blog\/wp-content\/uploads\/2021\/12\/veredes-logo-centrado_140x54.png","contentUrl":"https:\/\/veredes.es\/blog\/wp-content\/uploads\/2021\/12\/veredes-logo-centrado_140x54.png","width":140,"height":54,"caption":"veredes, arquitectura y divulgaci\u00f3n"},"image":{"@id":"https:\/\/veredes.es\/blog\/#\/schema\/logo\/image\/"},"sameAs":["https:\/\/www.facebook.com\/veredesArquitecturayDivulgacion\/","https:\/\/x.com\/veredes","https:\/\/instagram.com\/veredes\/","https:\/\/www.linkedin.com\/company\/veredes-arquitectura-y-divulgacion\/","https:\/\/es.pinterest.com\/veredes\/","https:\/\/www.tumblr.com\/veredes"]},{"@type":"Person","@id":"https:\/\/veredes.es\/blog\/#\/schema\/person\/eefca3204fa5a4349162c2869bee6c49","name":"Jos\u00e9 Ram\u00f3n Hern\u00e1ndez Correa","image":{"@type":"ImageObject","inLanguage":"es","@id":"https:\/\/veredes.es\/blog\/wp-content\/uploads\/2018\/04\/Jos\u00e9-Ram\u00f3n-Hern\u00e1ndez-Correa-96x96.jpg","url":"https:\/\/veredes.es\/blog\/wp-content\/uploads\/2018\/04\/Jos\u00e9-Ram\u00f3n-Hern\u00e1ndez-Correa-96x96.jpg","contentUrl":"https:\/\/veredes.es\/blog\/wp-content\/uploads\/2018\/04\/Jos\u00e9-Ram\u00f3n-Hern\u00e1ndez-Correa-96x96.jpg","caption":"Jos\u00e9 Ram\u00f3n Hern\u00e1ndez Correa"},"description":"Nac\u00ed en 1960. Arquitecto por la ETSAM, 1985. Doctor Arquitecto por la Universidad Polit\u00e9cnica de Madrid, 1992. Soy, en el buen sentido de la palabra, bueno. Ahora estoy algo cansado, pero sigo atento y curioso. Arquitecto, bloguero, saxofonero, escritor... pero todo mal.","sameAs":["http:\/\/arquitectamoslocos.blogspot.com.es\/","https:\/\/www.facebook.com\/joseramon.hernandezcorrea","https:\/\/www.instagram.com\/arquitectamoslocos\/","https:\/\/www.linkedin.com\/in\/jos-ramn-hernndez-correa-b6378b2a\/","https:\/\/x.com\/https:\/\/twitter.com\/arquitectamos"],"url":"https:\/\/veredes.es\/blog\/author\/arquitectamos\/"}]}},"_links":{"self":[{"href":"https:\/\/veredes.es\/blog\/wp-json\/wp\/v2\/posts\/35617","targetHints":{"allow":["GET"]}}],"collection":[{"href":"https:\/\/veredes.es\/blog\/wp-json\/wp\/v2\/posts"}],"about":[{"href":"https:\/\/veredes.es\/blog\/wp-json\/wp\/v2\/types\/post"}],"author":[{"embeddable":true,"href":"https:\/\/veredes.es\/blog\/wp-json\/wp\/v2\/users\/33"}],"replies":[{"embeddable":true,"href":"https:\/\/veredes.es\/blog\/wp-json\/wp\/v2\/comments?post=35617"}],"version-history":[{"count":0,"href":"https:\/\/veredes.es\/blog\/wp-json\/wp\/v2\/posts\/35617\/revisions"}],"wp:featuredmedia":[{"embeddable":true,"href":"https:\/\/veredes.es\/blog\/wp-json\/wp\/v2\/media\/35619"}],"wp:attachment":[{"href":"https:\/\/veredes.es\/blog\/wp-json\/wp\/v2\/media?parent=35617"}],"wp:term":[{"taxonomy":"category","embeddable":true,"href":"https:\/\/veredes.es\/blog\/wp-json\/wp\/v2\/categories?post=35617"},{"taxonomy":"post_tag","embeddable":true,"href":"https:\/\/veredes.es\/blog\/wp-json\/wp\/v2\/tags?post=35617"}],"curies":[{"name":"wp","href":"https:\/\/api.w.org\/{rel}","templated":true}]}}