{"id":35424,"date":"2013-10-25T06:59:00","date_gmt":"2013-10-25T06:59:00","guid":{"rendered":"http:\/\/veredes.es\/blog\/?p=35424"},"modified":"2022-08-16T09:40:45","modified_gmt":"2022-08-16T07:40:45","slug":"el-dia-en-que-murio-la-arquitectura-moderna-inigo-garcia-odiaga","status":"publish","type":"post","link":"https:\/\/veredes.es\/blog\/el-dia-en-que-murio-la-arquitectura-moderna-inigo-garcia-odiaga\/","title":{"rendered":"\u00abEl d\u00eda en que muri\u00f3 la arquitectura moderna\u00bb | \u00cd\u00f1igo Garc\u00eda Odiaga"},"content":{"rendered":"<p><figure id=\"attachment_35429\" aria-describedby=\"caption-attachment-35429\" style=\"width: 750px\" class=\"wp-caption alignnone\"><a href=\"https:\/\/veredes.es\/blog\/wp-content\/uploads\/2013\/10\/01pruitt-igoe1.jpg\"><img loading=\"lazy\" decoding=\"async\" class=\"wp-image-35429\" title=\"01pruitt-igoe1\" src=\"http:\/\/veredes.es\/blog\/wp-content\/uploads\/2013\/10\/01pruitt-igoe1.jpg\" alt=\"\" width=\"750\" height=\"584\" srcset=\"https:\/\/veredes.es\/blog\/wp-content\/uploads\/2013\/10\/01pruitt-igoe1.jpg 620w, https:\/\/veredes.es\/blog\/wp-content\/uploads\/2013\/10\/01pruitt-igoe1-300x233.jpg 300w\" sizes=\"auto, (max-width: 750px) 100vw, 750px\" \/><\/a><figcaption id=\"caption-attachment-35429\" class=\"wp-caption-text\"><span style=\"color: #888888;\">Presentaci\u00f3n de Pruitt-Igoe por parte de la empresa Leinweber, Yamasaki &amp; Hellmuth<\/span><\/figcaption><\/figure><\/p>\n<p style=\"text-align: justify;\">Pruitt-Igoe fue un gran proyecto urban\u00edstico desarrollado entre 1954 y 1955 en la ciudad estadounidense de San Luis, Missouri.<\/p>\n<p style=\"text-align: justify;\">En 1950, la ciudad encarg\u00f3 a la empresa Leinweber, Yamasaki &amp; Hellmuth dise\u00f1ar Pruitt-Igoe, un nuevo complejo urban\u00edstico que deb\u00eda su nombre a Wendell O. Pruitt, un piloto afroamericano natural de San Luis que luch\u00f3 en la Segunda Guerra Mundial, y William L. Igoe, antiguo congresista estadounidense.<\/p>\n<p style=\"text-align: justify;\">La ciudad planific\u00f3 dos divisiones: los hogares del capit\u00e1n W. O. Pruitt para los residentes negros, y los apartamentos William L. Igoe para los blancos. Anteriormente a la construcci\u00f3n del complejo, el terreno era conocido como el barrio De Soto-Carr, un gueto de la comunidad negra de extrema pobreza. El complejo urban\u00edstico Pruitt-Igoe estaba compuesto de 33 edificios de once plantas cada uno situados cerca del norte de San Luis, Missouri.<\/p>\n<figure id=\"attachment_35431\" aria-describedby=\"caption-attachment-35431\" style=\"width: 750px\" class=\"wp-caption alignnone\"><a href=\"https:\/\/veredes.es\/blog\/wp-content\/uploads\/2013\/10\/02plattegrondPI.jpg\"><img loading=\"lazy\" decoding=\"async\" class=\"wp-image-35431\" title=\"02plattegrondPI\" src=\"http:\/\/veredes.es\/blog\/wp-content\/uploads\/2013\/10\/02plattegrondPI.jpg\" alt=\"\" width=\"750\" height=\"584\" srcset=\"https:\/\/veredes.es\/blog\/wp-content\/uploads\/2013\/10\/02plattegrondPI.jpg 620w, https:\/\/veredes.es\/blog\/wp-content\/uploads\/2013\/10\/02plattegrondPI-300x233.jpg 300w\" sizes=\"auto, (max-width: 750px) 100vw, 750px\" \/><\/a><figcaption id=\"caption-attachment-35431\" class=\"wp-caption-text\"><span style=\"color: #888888;\">El proyecto fue dise\u00f1ado por el arquitecto Minoru Yamasaki<\/span><\/figcaption><\/figure>\n<p style=\"text-align: justify;\">El proyecto fue dise\u00f1ado por el arquitecto Minoru Yamasaki, quien m\u00e1s tarde dise\u00f1ar\u00eda el World Trade Center de Nueva York. Este fue el primer gran trabajo de Yamasaki, realizado bajo la supervisi\u00f3n y las restricciones impuestas por la Autoridad Federal de Vivienda P\u00fablica (PHA, Public Housing Authority). La propuesta inicial consist\u00eda en una mezcla de edificios de gran altura, mediana y baja. Fue aceptado por las autoridades de San Luis, pero sobrepasaba los l\u00edmites presupuestarios federales impuestos por la PHA. La agencia intervino e impuso un edificio uniforme de once plantas. La escasez de materiales provocadas por la Guerra de Corea y las tensiones en el Congreso hicieron m\u00e1s estrictos los controles de la PHA.<\/p>\n<p style=\"text-align: justify;\">En 1951, Architectural Forum alab\u00f3 la propuesta original de Yamasaki y la calific\u00f3 como \u00abel mejor apartamento de gran altura\u00bb del a\u00f1o. La densidad total fue fijada en un nivel moderado de 50 unidades por acre, de acuerdo con los principios de planificaci\u00f3n de Le Corbusier y el Congreso Internacional de Arquitectura Moderna, los edificios fueron organizados en once plantas en un intento de destinar los jardines y la planta baja para zonas comunes.<\/p>\n<figure id=\"attachment_35432\" aria-describedby=\"caption-attachment-35432\" style=\"width: 750px\" class=\"wp-caption alignnone\"><img loading=\"lazy\" decoding=\"async\" class=\"wp-image-35432\" title=\"Pruitt-Igoe se planific\u00f3 bajo un dise\u00f1o de segraci\u00f3n | Fuente: The Pruitt-Igoe Myth\" src=\"https:\/\/veredes.es\/blog\/wp-content\/uploads\/2013\/10\/033.jpg\" alt=\"Pruitt-Igoe se planific\u00f3 bajo un dise\u00f1o de segraci\u00f3n | Fuente: The Pruitt-Igoe Myth\" width=\"750\" height=\"592\" srcset=\"https:\/\/veredes.es\/blog\/wp-content\/uploads\/2013\/10\/033.jpg 620w, https:\/\/veredes.es\/blog\/wp-content\/uploads\/2013\/10\/033-300x236.jpg 300w\" sizes=\"auto, (max-width: 750px) 100vw, 750px\" \/><figcaption id=\"caption-attachment-35432\" class=\"wp-caption-text\"><span style=\"color: #999999;\">Pruitt-Igoe se planific\u00f3 bajo un dise\u00f1o de segraci\u00f3n | Fuente: The Pruitt-Igoe Myth<\/span><\/figcaption><\/figure>\n<p style=\"text-align: justify;\">Finalizado en 1955, Pruitt-Igoe conten\u00eda 33 edificios de once plantas cada uno en un \u00e1rea de 23 hect\u00e1reas. El complejo albergaba 2.870 apartamentos, convirti\u00e9ndose en uno de los m\u00e1s grandes de los Estados Unidos. Los apartamentos eran extremadamente peque\u00f1os, con reducidos accesorios de cocina. Los ascensores skip-stop s\u00f3lo paraban en la primera, cuarta, s\u00e9ptima y d\u00e9cima planta, obligando a los vecinos a utilizar las escaleras en un intento de descongestionar el uso del ascensor. Las plantas bajas fueron equipadas con grandes corredores, lavander\u00edas, salas comunes y conductos de basura.<\/p>\n<figure id=\"attachment_35433\" aria-describedby=\"caption-attachment-35433\" style=\"width: 750px\" class=\"wp-caption alignnone\"><a href=\"https:\/\/veredes.es\/blog\/wp-content\/uploads\/2013\/10\/03_5349085665_8690ebb3a3.jpg\"><img loading=\"lazy\" decoding=\"async\" class=\"wp-image-35433\" title=\"Pruitt-Igoe, 1953 | U.S. Department of Housing and Urban Development\" src=\"http:\/\/veredes.es\/blog\/wp-content\/uploads\/2013\/10\/03_5349085665_8690ebb3a3.jpg\" alt=\"Pruitt-Igoe, 1953 | U.S. Department of Housing and Urban Development\" width=\"750\" height=\"582\" srcset=\"https:\/\/veredes.es\/blog\/wp-content\/uploads\/2013\/10\/03_5349085665_8690ebb3a3.jpg 620w, https:\/\/veredes.es\/blog\/wp-content\/uploads\/2013\/10\/03_5349085665_8690ebb3a3-300x232.jpg 300w\" sizes=\"auto, (max-width: 750px) 100vw, 750px\" \/><\/a><figcaption id=\"caption-attachment-35433\" class=\"wp-caption-text\"><span style=\"color: #888888;\">Pruitt-Igoe, 1953 <\/span><span style=\"color: #888888;\">| U.S. Department of Housing and Urban Development<\/span><\/figcaption><\/figure>\n<p style=\"text-align: justify;\">Pese a los recortes iniciales del gobierno federal, el coste final de Pruitt-Igoe se elev\u00f3 a 36 millones de d\u00f3lares, un 60% por encima de la media nacional en vivienda p\u00fablica en ese momento. Los conservadores atribuyeron el exceso de coste a los salarios inflados de los trabajadores por la influencia de los sindicatos, y a la innecesaria instalaci\u00f3n de un costoso sistema de calefacci\u00f3n; estos sobrecostes provocaron una serie de recortes arbitrarios en otras partes fundamentales de los edificios.<\/p>\n<p style=\"text-align: justify;\">No obstante, Pruitt-Igoe tuvo, al principio, buenas cr\u00edticas ya que era visto como un gran avance en la renovaci\u00f3n urbana. Pese a la pobre calidad de los edificios, los proveedores de materiales hac\u00edan referencia a Pruitt-Igoe en sus anuncios publicitarios, aprovechando la exposici\u00f3n nacional del proyecto urban\u00edstico.<\/p>\n<figure id=\"attachment_35435\" aria-describedby=\"caption-attachment-35435\" style=\"width: 750px\" class=\"wp-caption alignnone\"><a href=\"https:\/\/veredes.es\/blog\/wp-content\/uploads\/2013\/10\/El-complejo-urban\u00edstico-Pruitt-Igoe-estaba-compuesto-de-33-edificios-de-once-plantas-cada-uno-situados-cerca-del-norte-de-San-Luis-Missouri-U.S.D.H.U.D.jpg\"><img loading=\"lazy\" decoding=\"async\" class=\"wp-image-35435\" title=\"El complejo urban\u00edstico Pruitt-Igoe estaba compuesto de 33 edificios de once plantas cada uno situados cerca del norte de San Luis, Missouri U.S.D.H.U.D\" src=\"https:\/\/veredes.es\/blog\/wp-content\/uploads\/2013\/10\/El-complejo-urban\u00edstico-Pruitt-Igoe-estaba-compuesto-de-33-edificios-de-once-plantas-cada-uno-situados-cerca-del-norte-de-San-Luis-Missouri-U.S.D.H.U.D.jpg\" alt=\"El complejo urban\u00edstico Pruitt-Igoe estaba compuesto de 33 edificios de once plantas cada uno situados cerca del norte de San Luis, Missouri | U.S.D.H.U.D\" width=\"750\" height=\"299\" srcset=\"https:\/\/veredes.es\/blog\/wp-content\/uploads\/2013\/10\/El-complejo-urban\u00edstico-Pruitt-Igoe-estaba-compuesto-de-33-edificios-de-once-plantas-cada-uno-situados-cerca-del-norte-de-San-Luis-Missouri-U.S.D.H.U.D.jpg 620w, https:\/\/veredes.es\/blog\/wp-content\/uploads\/2013\/10\/El-complejo-urban\u00edstico-Pruitt-Igoe-estaba-compuesto-de-33-edificios-de-once-plantas-cada-uno-situados-cerca-del-norte-de-San-Luis-Missouri-U.S.D.H.U.D-300x119.jpg 300w\" sizes=\"auto, (max-width: 750px) 100vw, 750px\" \/><\/a><figcaption id=\"caption-attachment-35435\" class=\"wp-caption-text\"><span style=\"color: #888888;\">El complejo urban\u00edstico Pruitt-Igoe estaba compuesto de 33 edificios de once plantas cada uno situados cerca del norte de San Luis, Missouri | U.S.D.H.U.D<\/span><\/figcaption><\/figure>\n<p style=\"text-align: justify;\">Poco tiempo despu\u00e9s de haberse construido, las condiciones de vida en Pruitt-Igoe comenzaron a decaer; y en la d\u00e9cada de 1960, la zona se encontraba en extrema pobreza, con altos \u00edndices de criminalidad y segregaci\u00f3n, lo que provoc\u00f3 la reacci\u00f3n de los medios internacionales ante el espectacular declive del barrio.<\/p>\n<p style=\"text-align: justify;\">A las tres de la tarde del 16 de marzo de 1972 \u2014menos de 20 a\u00f1os despu\u00e9s de su construcci\u00f3n\u2014 el primero de los 33 gigantescos edificios fue demolido por el gobierno federal. Los otros 32 restantes fueron derruidos en los siguientes dos a\u00f1os. Las dimensiones del fracaso de Pruitt-Igoe, que se convirti\u00f3 en un icono emblem\u00e1tico, provoc\u00f3 un intenso debate sobre pol\u00edtica de vivienda p\u00fablica.<\/p>\n<figure id=\"attachment_35430\" aria-describedby=\"caption-attachment-35430\" style=\"width: 750px\" class=\"wp-caption alignnone\"><a href=\"https:\/\/veredes.es\/blog\/wp-content\/uploads\/2013\/10\/06_ft8779p1zm_00000.jpg\"><img loading=\"lazy\" decoding=\"async\" class=\"wp-image-35430\" title=\"Pruitt-Igoe, 1974\u00a0| U.S. Department of Housing and Urban Development\" src=\"http:\/\/veredes.es\/blog\/wp-content\/uploads\/2013\/10\/06_ft8779p1zm_00000.jpg\" alt=\"Pruitt-Igoe, 1974\u00a0| U.S. Department of Housing and Urban Development\" width=\"750\" height=\"566\" srcset=\"https:\/\/veredes.es\/blog\/wp-content\/uploads\/2013\/10\/06_ft8779p1zm_00000.jpg 620w, https:\/\/veredes.es\/blog\/wp-content\/uploads\/2013\/10\/06_ft8779p1zm_00000-300x226.jpg 300w\" sizes=\"auto, (max-width: 750px) 100vw, 750px\" \/><\/a><figcaption id=\"caption-attachment-35430\" class=\"wp-caption-text\"><span style=\"color: #888888;\">Pruitt-Igoe, 1974\u00a0| U.S. Department of Housing and Urban Development<\/span><\/figcaption><\/figure>\n<p style=\"text-align: justify;\">El proyecto Pruitt-Igoe fue una de las primeras demoliciones de edificios de arquitectura moderna y su destrucci\u00f3n fue descrita por el arquitecto paisajista, te\u00f3rico e historiador de la arquitectura Charles Jencks como \u00abel d\u00eda en que muri\u00f3 la arquitectura moderna\u00bb.<\/p>\n<p style=\"text-align: justify;\">El material grabado de la demolici\u00f3n fue incluido en la pel\u00edcula <a href=\"http:\/\/www.youtube.com\/watch?v=PirH8PADDgQ\" target=\"_blank\" rel=\"noopener\">Koyaanisqatsi<\/a>, de Godfrey Reggio con m\u00fasica de Philip Glass, que compuso una pieza de ocho minutos de duraci\u00f3n y que recibi\u00f3 el nombre del proyecto.<\/p>\n<figure id=\"attachment_35428\" aria-describedby=\"caption-attachment-35428\" style=\"width: 750px\" class=\"wp-caption alignnone\"><a href=\"https:\/\/veredes.es\/blog\/wp-content\/uploads\/2013\/10\/1500px_IconicImplosion_Pruitt-IgoeMyth_Credit-STL-Post-Dispatch.jpg\"><img loading=\"lazy\" decoding=\"async\" class=\"wp-image-35428\" title=\"Abril de 1972. La segunda demolici\u00f3n de Pruitt-Igoe fue televisada y la sigui\u00f3 otra el 16 de marzo\u00a0| U.S. Department of Housing and Urban Development\" src=\"http:\/\/veredes.es\/blog\/wp-content\/uploads\/2013\/10\/1500px_IconicImplosion_Pruitt-IgoeMyth_Credit-STL-Post-Dispatch.jpg\" alt=\"Abril de 1972. La segunda demolici\u00f3n de Pruitt-Igoe fue televisada y la sigui\u00f3 otra el 16 de marzo\u00a0| U.S. Department of Housing and Urban Development\" width=\"750\" height=\"593\" srcset=\"https:\/\/veredes.es\/blog\/wp-content\/uploads\/2013\/10\/1500px_IconicImplosion_Pruitt-IgoeMyth_Credit-STL-Post-Dispatch.jpg 620w, https:\/\/veredes.es\/blog\/wp-content\/uploads\/2013\/10\/1500px_IconicImplosion_Pruitt-IgoeMyth_Credit-STL-Post-Dispatch-300x237.jpg 300w\" sizes=\"auto, (max-width: 750px) 100vw, 750px\" \/><\/a><figcaption id=\"caption-attachment-35428\" class=\"wp-caption-text\"><span style=\"color: #888888;\">Abril de 1972. La segunda demolici\u00f3n de Pruitt-Igoe fue televisada y la sigui\u00f3 otra el 16 de marzo\u00a0| U.S. Department of Housing and Urban Development<\/span><\/figcaption><\/figure>\n<p style=\"text-align: justify;\">\u00ed\u00f1igo garc\u00eda odiaga . arquitecto<br \/>\nsan sebasti\u00e1n. octubre 2013<\/p>\n<p><\/p>","protected":false},"excerpt":{"rendered":"<p>Pruitt-Igoe fue un gran proyecto urban\u00edstico desarrollado entre 1954 y 1955 en la ciudad estadounidense de San Luis, Missouri. En 1950, la ciudad encarg\u00f3 a la empresa Leinweber, Yamasaki &amp; Hellmuth dise\u00f1ar Pruitt-Igoe, un nuevo complejo urban\u00edstico que deb\u00eda su nombre a Wendell O. Pruitt, un piloto afroamericano natural de San Luis que luch\u00f3 en [&hellip;]<\/p>\n","protected":false},"author":31,"featured_media":35430,"comment_status":"open","ping_status":"closed","sticky":false,"template":"","format":"standard","meta":{"footnotes":""},"categories":[568,5951],"tags":[9106,147,6221,3740,460,5102,668,4285,9107,9101,898,9099,7603,9098,9105,9100,12468,12454,9103,9104,9102],"class_list":{"0":"post-35424","1":"post","2":"type-post","3":"status-publish","4":"format-standard","5":"has-post-thumbnail","7":"category-faro","8":"category-slider-principal","9":"tag-architectural-forum","10":"tag-arquitectura-moderna","11":"tag-charles-jencks","12":"tag-desarrollo-urbano","13":"tag-eeuu","14":"tag-godfrey-reggio","15":"tag-historia","16":"tag-inigo-garcia-odiaga","17":"tag-minoru-yamasaki","18":"tag-missouri","19":"tag-movimiento-moderno","20":"tag-philip-glass","21":"tag-planeamiento-urbano","22":"tag-pruitt-igoe","23":"tag-public-housing-authority","24":"tag-san-luis","25":"tag-urbanismo","26":"tag-vivienda-colectiva","27":"tag-wendell-o-pruitt","28":"tag-william-l-igoe","29":"tag-yamasaki-hellmuth"},"yoast_head":"<!-- This site is optimized with the Yoast SEO plugin v27.4 - https:\/\/yoast.com\/product\/yoast-seo-wordpress\/ -->\n<title>\u00abEl d\u00eda en que muri\u00f3 la arquitectura moderna\u00bb | \u00cd\u00f1igo Garc\u00eda Odiaga<\/title>\n<meta name=\"description\" content=\"El d\u00eda en que muri\u00f3 la arquitectura moderna\" \/>\n<meta name=\"robots\" content=\"index, follow, max-snippet:-1, max-image-preview:large, max-video-preview:-1\" \/>\n<link rel=\"canonical\" href=\"https:\/\/veredes.es\/blog\/el-dia-en-que-murio-la-arquitectura-moderna-inigo-garcia-odiaga\/\" \/>\n<meta property=\"og:locale\" content=\"es_ES\" \/>\n<meta property=\"og:type\" content=\"article\" \/>\n<meta property=\"og:title\" content=\"\u00abEl d\u00eda en que muri\u00f3 la arquitectura moderna\u00bb | \u00cd\u00f1igo Garc\u00eda Odiaga\" \/>\n<meta property=\"og:description\" content=\"El d\u00eda en que muri\u00f3 la arquitectura moderna\" \/>\n<meta property=\"og:url\" content=\"https:\/\/veredes.es\/blog\/el-dia-en-que-murio-la-arquitectura-moderna-inigo-garcia-odiaga\/\" \/>\n<meta property=\"og:site_name\" content=\"veredes, arquitectura y divulgaci\u00f3n\" \/>\n<meta property=\"article:publisher\" content=\"https:\/\/www.facebook.com\/veredesArquitecturayDivulgacion\/\" \/>\n<meta property=\"article:author\" content=\"https:\/\/www.facebook.com\/inigo.garciaodiaga\" \/>\n<meta property=\"article:published_time\" content=\"2013-10-25T06:59:00+00:00\" \/>\n<meta property=\"article:modified_time\" content=\"2022-08-16T07:40:45+00:00\" \/>\n<meta property=\"og:image\" content=\"https:\/\/veredes.es\/blog\/wp-content\/uploads\/2013\/10\/06_ft8779p1zm_00000.jpg\" \/>\n\t<meta property=\"og:image:width\" content=\"620\" \/>\n\t<meta property=\"og:image:height\" content=\"468\" \/>\n\t<meta property=\"og:image:type\" content=\"image\/jpeg\" \/>\n<meta name=\"author\" content=\"\u00cd\u00f1igo Garc\u00eda Odiaga\" \/>\n<meta name=\"twitter:card\" content=\"summary_large_image\" \/>\n<meta name=\"twitter:creator\" content=\"@https:\/\/twitter.com\/IOdiaga\" \/>\n<meta name=\"twitter:site\" content=\"@veredes\" \/>\n<meta name=\"twitter:label1\" content=\"Escrito por\" \/>\n\t<meta name=\"twitter:data1\" content=\"\u00cd\u00f1igo Garc\u00eda Odiaga\" \/>\n\t<meta name=\"twitter:label2\" content=\"Tiempo de lectura\" \/>\n\t<meta name=\"twitter:data2\" content=\"6 minutos\" \/>\n<script type=\"application\/ld+json\" class=\"yoast-schema-graph\">{\"@context\":\"https:\\\/\\\/schema.org\",\"@graph\":[{\"@type\":\"Article\",\"@id\":\"https:\\\/\\\/veredes.es\\\/blog\\\/el-dia-en-que-murio-la-arquitectura-moderna-inigo-garcia-odiaga\\\/#article\",\"isPartOf\":{\"@id\":\"https:\\\/\\\/veredes.es\\\/blog\\\/el-dia-en-que-murio-la-arquitectura-moderna-inigo-garcia-odiaga\\\/\"},\"author\":{\"name\":\"\u00cd\u00f1igo Garc\u00eda Odiaga\",\"@id\":\"https:\\\/\\\/veredes.es\\\/blog\\\/#\\\/schema\\\/person\\\/7edb23bf36ddbe2d9c8f4cf5fae64668\"},\"headline\":\"\u00abEl d\u00eda en que muri\u00f3 la arquitectura moderna\u00bb | \u00cd\u00f1igo Garc\u00eda Odiaga\",\"datePublished\":\"2013-10-25T06:59:00+00:00\",\"dateModified\":\"2022-08-16T07:40:45+00:00\",\"mainEntityOfPage\":{\"@id\":\"https:\\\/\\\/veredes.es\\\/blog\\\/el-dia-en-que-murio-la-arquitectura-moderna-inigo-garcia-odiaga\\\/\"},\"wordCount\":2789,\"commentCount\":4,\"publisher\":{\"@id\":\"https:\\\/\\\/veredes.es\\\/blog\\\/#organization\"},\"image\":{\"@id\":\"https:\\\/\\\/veredes.es\\\/blog\\\/el-dia-en-que-murio-la-arquitectura-moderna-inigo-garcia-odiaga\\\/#primaryimage\"},\"thumbnailUrl\":\"https:\\\/\\\/veredes.es\\\/blog\\\/wp-content\\\/uploads\\\/2013\\\/10\\\/06_ft8779p1zm_00000.jpg\",\"keywords\":[\"architectural forum\",\"arquitectura moderna\",\"Charles Jencks\",\"desarrollo urbano\",\"EEUU\",\"godfrey reggio\",\"historia\",\"\u00cd\u00f1igo Garc\u00eda Odiaga\",\"Minoru Yamasaki\",\"missouri\",\"movimiento moderno\",\"philip glass\",\"planeamiento urbano\",\"pruitt-igoe\",\"public housing authority\",\"san luis\",\"urbanismo\",\"vivienda colectiva\",\"wendell o. pruitt\",\"William l. Igoe\",\"Yamasaki &amp; Hellmuth\"],\"articleSection\":[\"faro\",\"slider principal\"],\"inLanguage\":\"es\",\"potentialAction\":[{\"@type\":\"CommentAction\",\"name\":\"Comment\",\"target\":[\"https:\\\/\\\/veredes.es\\\/blog\\\/el-dia-en-que-murio-la-arquitectura-moderna-inigo-garcia-odiaga\\\/#respond\"]}]},{\"@type\":\"WebPage\",\"@id\":\"https:\\\/\\\/veredes.es\\\/blog\\\/el-dia-en-que-murio-la-arquitectura-moderna-inigo-garcia-odiaga\\\/\",\"url\":\"https:\\\/\\\/veredes.es\\\/blog\\\/el-dia-en-que-murio-la-arquitectura-moderna-inigo-garcia-odiaga\\\/\",\"name\":\"\u00abEl d\u00eda en que muri\u00f3 la arquitectura moderna\u00bb | \u00cd\u00f1igo Garc\u00eda Odiaga\",\"isPartOf\":{\"@id\":\"https:\\\/\\\/veredes.es\\\/blog\\\/#website\"},\"primaryImageOfPage\":{\"@id\":\"https:\\\/\\\/veredes.es\\\/blog\\\/el-dia-en-que-murio-la-arquitectura-moderna-inigo-garcia-odiaga\\\/#primaryimage\"},\"image\":{\"@id\":\"https:\\\/\\\/veredes.es\\\/blog\\\/el-dia-en-que-murio-la-arquitectura-moderna-inigo-garcia-odiaga\\\/#primaryimage\"},\"thumbnailUrl\":\"https:\\\/\\\/veredes.es\\\/blog\\\/wp-content\\\/uploads\\\/2013\\\/10\\\/06_ft8779p1zm_00000.jpg\",\"datePublished\":\"2013-10-25T06:59:00+00:00\",\"dateModified\":\"2022-08-16T07:40:45+00:00\",\"description\":\"El d\u00eda en que muri\u00f3 la arquitectura moderna\",\"breadcrumb\":{\"@id\":\"https:\\\/\\\/veredes.es\\\/blog\\\/el-dia-en-que-murio-la-arquitectura-moderna-inigo-garcia-odiaga\\\/#breadcrumb\"},\"inLanguage\":\"es\",\"potentialAction\":[{\"@type\":\"ReadAction\",\"target\":[\"https:\\\/\\\/veredes.es\\\/blog\\\/el-dia-en-que-murio-la-arquitectura-moderna-inigo-garcia-odiaga\\\/\"]}]},{\"@type\":\"ImageObject\",\"inLanguage\":\"es\",\"@id\":\"https:\\\/\\\/veredes.es\\\/blog\\\/el-dia-en-que-murio-la-arquitectura-moderna-inigo-garcia-odiaga\\\/#primaryimage\",\"url\":\"https:\\\/\\\/veredes.es\\\/blog\\\/wp-content\\\/uploads\\\/2013\\\/10\\\/06_ft8779p1zm_00000.jpg\",\"contentUrl\":\"https:\\\/\\\/veredes.es\\\/blog\\\/wp-content\\\/uploads\\\/2013\\\/10\\\/06_ft8779p1zm_00000.jpg\",\"width\":\"620\",\"height\":\"468\",\"caption\":\"Pruitt-Igoe, 1974\"},{\"@type\":\"BreadcrumbList\",\"@id\":\"https:\\\/\\\/veredes.es\\\/blog\\\/el-dia-en-que-murio-la-arquitectura-moderna-inigo-garcia-odiaga\\\/#breadcrumb\",\"itemListElement\":[{\"@type\":\"ListItem\",\"position\":1,\"name\":\"Portada\",\"item\":\"https:\\\/\\\/veredes.es\\\/blog\\\/\"},{\"@type\":\"ListItem\",\"position\":2,\"name\":\"\u00abEl d\u00eda en que muri\u00f3 la arquitectura moderna\u00bb | \u00cd\u00f1igo Garc\u00eda Odiaga\"}]},{\"@type\":\"WebSite\",\"@id\":\"https:\\\/\\\/veredes.es\\\/blog\\\/#website\",\"url\":\"https:\\\/\\\/veredes.es\\\/blog\\\/\",\"name\":\"veredes, arquitectura y divulgaci\u00f3n\",\"description\":\"veredes\",\"publisher\":{\"@id\":\"https:\\\/\\\/veredes.es\\\/blog\\\/#organization\"},\"alternateName\":\"veredes\",\"potentialAction\":[{\"@type\":\"SearchAction\",\"target\":{\"@type\":\"EntryPoint\",\"urlTemplate\":\"https:\\\/\\\/veredes.es\\\/blog\\\/?s={search_term_string}\"},\"query-input\":{\"@type\":\"PropertyValueSpecification\",\"valueRequired\":true,\"valueName\":\"search_term_string\"}}],\"inLanguage\":\"es\"},{\"@type\":\"Organization\",\"@id\":\"https:\\\/\\\/veredes.es\\\/blog\\\/#organization\",\"name\":\"veredes, arquitectura y divulgaci\u00f3n\",\"alternateName\":\"veredes\",\"url\":\"https:\\\/\\\/veredes.es\\\/blog\\\/\",\"logo\":{\"@type\":\"ImageObject\",\"inLanguage\":\"es\",\"@id\":\"https:\\\/\\\/veredes.es\\\/blog\\\/#\\\/schema\\\/logo\\\/image\\\/\",\"url\":\"https:\\\/\\\/veredes.es\\\/blog\\\/wp-content\\\/uploads\\\/2021\\\/12\\\/veredes-logo-centrado_140x54.png\",\"contentUrl\":\"https:\\\/\\\/veredes.es\\\/blog\\\/wp-content\\\/uploads\\\/2021\\\/12\\\/veredes-logo-centrado_140x54.png\",\"width\":140,\"height\":54,\"caption\":\"veredes, arquitectura y divulgaci\u00f3n\"},\"image\":{\"@id\":\"https:\\\/\\\/veredes.es\\\/blog\\\/#\\\/schema\\\/logo\\\/image\\\/\"},\"sameAs\":[\"https:\\\/\\\/www.facebook.com\\\/veredesArquitecturayDivulgacion\\\/\",\"https:\\\/\\\/x.com\\\/veredes\",\"https:\\\/\\\/instagram.com\\\/veredes\\\/\",\"https:\\\/\\\/www.linkedin.com\\\/company\\\/veredes-arquitectura-y-divulgacion\\\/\",\"https:\\\/\\\/es.pinterest.com\\\/veredes\\\/\",\"https:\\\/\\\/www.tumblr.com\\\/veredes\"]},{\"@type\":\"Person\",\"@id\":\"https:\\\/\\\/veredes.es\\\/blog\\\/#\\\/schema\\\/person\\\/7edb23bf36ddbe2d9c8f4cf5fae64668\",\"name\":\"\u00cd\u00f1igo Garc\u00eda Odiaga\",\"image\":{\"@type\":\"ImageObject\",\"inLanguage\":\"es\",\"@id\":\"https:\\\/\\\/veredes.es\\\/blog\\\/wp-content\\\/uploads\\\/2018\\\/04\\\/\u00cd\u00f1igo-Garc\u00eda-Odiaga-96x96.jpg\",\"url\":\"https:\\\/\\\/veredes.es\\\/blog\\\/wp-content\\\/uploads\\\/2018\\\/04\\\/\u00cd\u00f1igo-Garc\u00eda-Odiaga-96x96.jpg\",\"contentUrl\":\"https:\\\/\\\/veredes.es\\\/blog\\\/wp-content\\\/uploads\\\/2018\\\/04\\\/\u00cd\u00f1igo-Garc\u00eda-Odiaga-96x96.jpg\",\"caption\":\"\u00cd\u00f1igo Garc\u00eda Odiaga\"},\"description\":\"Doctor Arquitecto y profesor asociado de Proyectos Arquitect\u00f3nicos, ETSASS. Editor de NOMU. 1\\\/5 del estudio de arquitectura VAUMM. Vivo en Donosti.\",\"sameAs\":[\"http:\\\/\\\/vaumm.com\\\/\",\"https:\\\/\\\/www.facebook.com\\\/inigo.garciaodiaga\",\"https:\\\/\\\/www.instagram.com\\\/okamika\\\/\",\"https:\\\/\\\/x.com\\\/https:\\\/\\\/twitter.com\\\/IOdiaga\"],\"url\":\"https:\\\/\\\/veredes.es\\\/blog\\\/author\\\/inigog\\\/\"}]}<\/script>\n<!-- \/ Yoast SEO plugin. -->","yoast_head_json":{"title":"\u00abEl d\u00eda en que muri\u00f3 la arquitectura moderna\u00bb | \u00cd\u00f1igo Garc\u00eda Odiaga","description":"El d\u00eda en que muri\u00f3 la arquitectura moderna","robots":{"index":"index","follow":"follow","max-snippet":"max-snippet:-1","max-image-preview":"max-image-preview:large","max-video-preview":"max-video-preview:-1"},"canonical":"https:\/\/veredes.es\/blog\/el-dia-en-que-murio-la-arquitectura-moderna-inigo-garcia-odiaga\/","og_locale":"es_ES","og_type":"article","og_title":"\u00abEl d\u00eda en que muri\u00f3 la arquitectura moderna\u00bb | \u00cd\u00f1igo Garc\u00eda Odiaga","og_description":"El d\u00eda en que muri\u00f3 la arquitectura moderna","og_url":"https:\/\/veredes.es\/blog\/el-dia-en-que-murio-la-arquitectura-moderna-inigo-garcia-odiaga\/","og_site_name":"veredes, arquitectura y divulgaci\u00f3n","article_publisher":"https:\/\/www.facebook.com\/veredesArquitecturayDivulgacion\/","article_author":"https:\/\/www.facebook.com\/inigo.garciaodiaga","article_published_time":"2013-10-25T06:59:00+00:00","article_modified_time":"2022-08-16T07:40:45+00:00","og_image":[{"width":620,"height":468,"url":"https:\/\/veredes.es\/blog\/wp-content\/uploads\/2013\/10\/06_ft8779p1zm_00000.jpg","type":"image\/jpeg"}],"author":"\u00cd\u00f1igo Garc\u00eda Odiaga","twitter_card":"summary_large_image","twitter_creator":"@https:\/\/twitter.com\/IOdiaga","twitter_site":"@veredes","twitter_misc":{"Escrito por":"\u00cd\u00f1igo Garc\u00eda Odiaga","Tiempo de lectura":"6 minutos"},"schema":{"@context":"https:\/\/schema.org","@graph":[{"@type":"Article","@id":"https:\/\/veredes.es\/blog\/el-dia-en-que-murio-la-arquitectura-moderna-inigo-garcia-odiaga\/#article","isPartOf":{"@id":"https:\/\/veredes.es\/blog\/el-dia-en-que-murio-la-arquitectura-moderna-inigo-garcia-odiaga\/"},"author":{"name":"\u00cd\u00f1igo Garc\u00eda Odiaga","@id":"https:\/\/veredes.es\/blog\/#\/schema\/person\/7edb23bf36ddbe2d9c8f4cf5fae64668"},"headline":"\u00abEl d\u00eda en que muri\u00f3 la arquitectura moderna\u00bb | \u00cd\u00f1igo Garc\u00eda Odiaga","datePublished":"2013-10-25T06:59:00+00:00","dateModified":"2022-08-16T07:40:45+00:00","mainEntityOfPage":{"@id":"https:\/\/veredes.es\/blog\/el-dia-en-que-murio-la-arquitectura-moderna-inigo-garcia-odiaga\/"},"wordCount":2789,"commentCount":4,"publisher":{"@id":"https:\/\/veredes.es\/blog\/#organization"},"image":{"@id":"https:\/\/veredes.es\/blog\/el-dia-en-que-murio-la-arquitectura-moderna-inigo-garcia-odiaga\/#primaryimage"},"thumbnailUrl":"https:\/\/veredes.es\/blog\/wp-content\/uploads\/2013\/10\/06_ft8779p1zm_00000.jpg","keywords":["architectural forum","arquitectura moderna","Charles Jencks","desarrollo urbano","EEUU","godfrey reggio","historia","\u00cd\u00f1igo Garc\u00eda Odiaga","Minoru Yamasaki","missouri","movimiento moderno","philip glass","planeamiento urbano","pruitt-igoe","public housing authority","san luis","urbanismo","vivienda colectiva","wendell o. pruitt","William l. Igoe","Yamasaki &amp; Hellmuth"],"articleSection":["faro","slider principal"],"inLanguage":"es","potentialAction":[{"@type":"CommentAction","name":"Comment","target":["https:\/\/veredes.es\/blog\/el-dia-en-que-murio-la-arquitectura-moderna-inigo-garcia-odiaga\/#respond"]}]},{"@type":"WebPage","@id":"https:\/\/veredes.es\/blog\/el-dia-en-que-murio-la-arquitectura-moderna-inigo-garcia-odiaga\/","url":"https:\/\/veredes.es\/blog\/el-dia-en-que-murio-la-arquitectura-moderna-inigo-garcia-odiaga\/","name":"\u00abEl d\u00eda en que muri\u00f3 la arquitectura moderna\u00bb | \u00cd\u00f1igo Garc\u00eda Odiaga","isPartOf":{"@id":"https:\/\/veredes.es\/blog\/#website"},"primaryImageOfPage":{"@id":"https:\/\/veredes.es\/blog\/el-dia-en-que-murio-la-arquitectura-moderna-inigo-garcia-odiaga\/#primaryimage"},"image":{"@id":"https:\/\/veredes.es\/blog\/el-dia-en-que-murio-la-arquitectura-moderna-inigo-garcia-odiaga\/#primaryimage"},"thumbnailUrl":"https:\/\/veredes.es\/blog\/wp-content\/uploads\/2013\/10\/06_ft8779p1zm_00000.jpg","datePublished":"2013-10-25T06:59:00+00:00","dateModified":"2022-08-16T07:40:45+00:00","description":"El d\u00eda en que muri\u00f3 la arquitectura moderna","breadcrumb":{"@id":"https:\/\/veredes.es\/blog\/el-dia-en-que-murio-la-arquitectura-moderna-inigo-garcia-odiaga\/#breadcrumb"},"inLanguage":"es","potentialAction":[{"@type":"ReadAction","target":["https:\/\/veredes.es\/blog\/el-dia-en-que-murio-la-arquitectura-moderna-inigo-garcia-odiaga\/"]}]},{"@type":"ImageObject","inLanguage":"es","@id":"https:\/\/veredes.es\/blog\/el-dia-en-que-murio-la-arquitectura-moderna-inigo-garcia-odiaga\/#primaryimage","url":"https:\/\/veredes.es\/blog\/wp-content\/uploads\/2013\/10\/06_ft8779p1zm_00000.jpg","contentUrl":"https:\/\/veredes.es\/blog\/wp-content\/uploads\/2013\/10\/06_ft8779p1zm_00000.jpg","width":"620","height":"468","caption":"Pruitt-Igoe, 1974"},{"@type":"BreadcrumbList","@id":"https:\/\/veredes.es\/blog\/el-dia-en-que-murio-la-arquitectura-moderna-inigo-garcia-odiaga\/#breadcrumb","itemListElement":[{"@type":"ListItem","position":1,"name":"Portada","item":"https:\/\/veredes.es\/blog\/"},{"@type":"ListItem","position":2,"name":"\u00abEl d\u00eda en que muri\u00f3 la arquitectura moderna\u00bb | \u00cd\u00f1igo Garc\u00eda Odiaga"}]},{"@type":"WebSite","@id":"https:\/\/veredes.es\/blog\/#website","url":"https:\/\/veredes.es\/blog\/","name":"veredes, arquitectura y divulgaci\u00f3n","description":"veredes","publisher":{"@id":"https:\/\/veredes.es\/blog\/#organization"},"alternateName":"veredes","potentialAction":[{"@type":"SearchAction","target":{"@type":"EntryPoint","urlTemplate":"https:\/\/veredes.es\/blog\/?s={search_term_string}"},"query-input":{"@type":"PropertyValueSpecification","valueRequired":true,"valueName":"search_term_string"}}],"inLanguage":"es"},{"@type":"Organization","@id":"https:\/\/veredes.es\/blog\/#organization","name":"veredes, arquitectura y divulgaci\u00f3n","alternateName":"veredes","url":"https:\/\/veredes.es\/blog\/","logo":{"@type":"ImageObject","inLanguage":"es","@id":"https:\/\/veredes.es\/blog\/#\/schema\/logo\/image\/","url":"https:\/\/veredes.es\/blog\/wp-content\/uploads\/2021\/12\/veredes-logo-centrado_140x54.png","contentUrl":"https:\/\/veredes.es\/blog\/wp-content\/uploads\/2021\/12\/veredes-logo-centrado_140x54.png","width":140,"height":54,"caption":"veredes, arquitectura y divulgaci\u00f3n"},"image":{"@id":"https:\/\/veredes.es\/blog\/#\/schema\/logo\/image\/"},"sameAs":["https:\/\/www.facebook.com\/veredesArquitecturayDivulgacion\/","https:\/\/x.com\/veredes","https:\/\/instagram.com\/veredes\/","https:\/\/www.linkedin.com\/company\/veredes-arquitectura-y-divulgacion\/","https:\/\/es.pinterest.com\/veredes\/","https:\/\/www.tumblr.com\/veredes"]},{"@type":"Person","@id":"https:\/\/veredes.es\/blog\/#\/schema\/person\/7edb23bf36ddbe2d9c8f4cf5fae64668","name":"\u00cd\u00f1igo Garc\u00eda Odiaga","image":{"@type":"ImageObject","inLanguage":"es","@id":"https:\/\/veredes.es\/blog\/wp-content\/uploads\/2018\/04\/\u00cd\u00f1igo-Garc\u00eda-Odiaga-96x96.jpg","url":"https:\/\/veredes.es\/blog\/wp-content\/uploads\/2018\/04\/\u00cd\u00f1igo-Garc\u00eda-Odiaga-96x96.jpg","contentUrl":"https:\/\/veredes.es\/blog\/wp-content\/uploads\/2018\/04\/\u00cd\u00f1igo-Garc\u00eda-Odiaga-96x96.jpg","caption":"\u00cd\u00f1igo Garc\u00eda Odiaga"},"description":"Doctor Arquitecto y profesor asociado de Proyectos Arquitect\u00f3nicos, ETSASS. Editor de NOMU. 1\/5 del estudio de arquitectura VAUMM. Vivo en Donosti.","sameAs":["http:\/\/vaumm.com\/","https:\/\/www.facebook.com\/inigo.garciaodiaga","https:\/\/www.instagram.com\/okamika\/","https:\/\/x.com\/https:\/\/twitter.com\/IOdiaga"],"url":"https:\/\/veredes.es\/blog\/author\/inigog\/"}]}},"_links":{"self":[{"href":"https:\/\/veredes.es\/blog\/wp-json\/wp\/v2\/posts\/35424","targetHints":{"allow":["GET"]}}],"collection":[{"href":"https:\/\/veredes.es\/blog\/wp-json\/wp\/v2\/posts"}],"about":[{"href":"https:\/\/veredes.es\/blog\/wp-json\/wp\/v2\/types\/post"}],"author":[{"embeddable":true,"href":"https:\/\/veredes.es\/blog\/wp-json\/wp\/v2\/users\/31"}],"replies":[{"embeddable":true,"href":"https:\/\/veredes.es\/blog\/wp-json\/wp\/v2\/comments?post=35424"}],"version-history":[{"count":0,"href":"https:\/\/veredes.es\/blog\/wp-json\/wp\/v2\/posts\/35424\/revisions"}],"wp:featuredmedia":[{"embeddable":true,"href":"https:\/\/veredes.es\/blog\/wp-json\/wp\/v2\/media\/35430"}],"wp:attachment":[{"href":"https:\/\/veredes.es\/blog\/wp-json\/wp\/v2\/media?parent=35424"}],"wp:term":[{"taxonomy":"category","embeddable":true,"href":"https:\/\/veredes.es\/blog\/wp-json\/wp\/v2\/categories?post=35424"},{"taxonomy":"post_tag","embeddable":true,"href":"https:\/\/veredes.es\/blog\/wp-json\/wp\/v2\/tags?post=35424"}],"curies":[{"name":"wp","href":"https:\/\/api.w.org\/{rel}","templated":true}]}}