{"id":35241,"date":"2014-03-19T06:30:03","date_gmt":"2014-03-19T06:30:03","guid":{"rendered":"http:\/\/veredes.es\/blog\/?p=35241"},"modified":"2020-02-26T16:30:02","modified_gmt":"2020-02-26T15:30:02","slug":"centro-de-salud-de-mesoiro-hermo-iglesias-veiga-arquitectos","status":"publish","type":"post","link":"https:\/\/veredes.es\/blog\/centro-de-salud-de-mesoiro-hermo-iglesias-veiga-arquitectos\/","title":{"rendered":"Centro de salud de Mesoiro | Hermo Iglesias Veiga Arquitectos"},"content":{"rendered":"<p><\/p>\n<p style=\"text-align: justify;\">Centro de salud para un nuevo barrio. Se trata de uno de los primeros equipamientos de los que consta esta zona de nueva construcci\u00f3n.<\/p>\n<p style=\"text-align: justify;\"><a href=\"https:\/\/veredes.es\/blog\/wp-content\/uploads\/2013\/10\/hiva_csmesoiro_03_ext03.jpg\"><img loading=\"lazy\" decoding=\"async\" class=\"alignnone  wp-image-35244\" title=\"hiva_csmesoiro_03_ext03\" src=\"https:\/\/veredes.es\/blog\/wp-content\/uploads\/2013\/10\/hiva_csmesoiro_03_ext03.jpg\" alt=\"\" width=\"625\" height=\"830\" \/><\/a><\/p>\n<p style=\"text-align: justify;\">Ubicado sobre un estrato rocoso elevado sobre el nivel de la calle el edificio de hormig\u00f3n y zinc pretende crear una nueva fachada previa a los edificios de viviendas de 9 alturas con los que linda, as\u00ed su topograf\u00eda permite realizar en la fachada trasera un patio ajardinado al que se abren las consultas proporcionando intimidad e iluminaci\u00f3n a las mismas.<\/p>\n<p style=\"text-align: justify;\">En la fachada principal, donde se localiza la zona p\u00fablica del edificio, se abre una galer\u00eda hacia el valle de Mesoiro.<\/p>\n<p style=\"text-align: justify;\">En esta fachada la estructura de hormig\u00f3n visto sale al exterior para configurar un parasol vertical que protege de la orientaci\u00f3n este y se adapta en cada planta a las necesidades espaciales de la zona de esperas.<\/p>\n<p style=\"text-align: justify;\">El acceso a cubierto divide espacial y volum\u00e9tricamente el edificio en dos, una zona de atenci\u00f3n primaria y otra de pediatr\u00eda, esta entrada a cubierto est\u00e1 flanqueada por unos pilares de vidrio que identifican el edificio.<\/p>\n<div id='gallery-1' class='gallery galleryid-35241 gallery-columns-4 gallery-size-thumbnail'><figure class='gallery-item'>\n\t\t\t<div class='gallery-icon portrait'>\n\t\t\t\t<a href='https:\/\/veredes.es\/blog\/wp-content\/uploads\/2013\/10\/hiva_csmesoiro_01_ext01.jpg'><img loading=\"lazy\" decoding=\"async\" width=\"120\" height=\"120\" src=\"https:\/\/veredes.es\/blog\/wp-content\/uploads\/2013\/10\/hiva_csmesoiro_01_ext01-150x150.jpg\" class=\"attachment-thumbnail size-thumbnail\" alt=\"\" srcset=\"https:\/\/veredes.es\/blog\/wp-content\/uploads\/2013\/10\/hiva_csmesoiro_01_ext01-150x150.jpg 150w, https:\/\/veredes.es\/blog\/wp-content\/uploads\/2013\/10\/hiva_csmesoiro_01_ext01-120x120.jpg 120w\" sizes=\"auto, (max-width: 120px) 100vw, 120px\" \/><\/a>\n\t\t\t<\/div><\/figure><figure class='gallery-item'>\n\t\t\t<div class='gallery-icon landscape'>\n\t\t\t\t<a href='https:\/\/veredes.es\/blog\/wp-content\/uploads\/2013\/10\/hiva_csmesoiro_02_ext02.jpg'><img loading=\"lazy\" decoding=\"async\" width=\"120\" height=\"120\" src=\"https:\/\/veredes.es\/blog\/wp-content\/uploads\/2013\/10\/hiva_csmesoiro_02_ext02-150x150.jpg\" class=\"attachment-thumbnail size-thumbnail\" alt=\"\" srcset=\"https:\/\/veredes.es\/blog\/wp-content\/uploads\/2013\/10\/hiva_csmesoiro_02_ext02-150x150.jpg 150w, https:\/\/veredes.es\/blog\/wp-content\/uploads\/2013\/10\/hiva_csmesoiro_02_ext02-120x120.jpg 120w\" sizes=\"auto, (max-width: 120px) 100vw, 120px\" \/><\/a>\n\t\t\t<\/div><\/figure><figure class='gallery-item'>\n\t\t\t<div class='gallery-icon portrait'>\n\t\t\t\t<a href='https:\/\/veredes.es\/blog\/wp-content\/uploads\/2013\/10\/hiva_csmesoiro_03_ext03.jpg'><img loading=\"lazy\" decoding=\"async\" width=\"120\" height=\"120\" src=\"https:\/\/veredes.es\/blog\/wp-content\/uploads\/2013\/10\/hiva_csmesoiro_03_ext03-150x150.jpg\" class=\"attachment-thumbnail size-thumbnail\" alt=\"\" srcset=\"https:\/\/veredes.es\/blog\/wp-content\/uploads\/2013\/10\/hiva_csmesoiro_03_ext03-150x150.jpg 150w, https:\/\/veredes.es\/blog\/wp-content\/uploads\/2013\/10\/hiva_csmesoiro_03_ext03-120x120.jpg 120w\" sizes=\"auto, (max-width: 120px) 100vw, 120px\" \/><\/a>\n\t\t\t<\/div><\/figure><figure class='gallery-item'>\n\t\t\t<div class='gallery-icon landscape'>\n\t\t\t\t<a href='https:\/\/veredes.es\/blog\/wp-content\/uploads\/2013\/10\/hiva_csmesoiro_04_int01.jpg'><img loading=\"lazy\" decoding=\"async\" width=\"120\" height=\"120\" src=\"https:\/\/veredes.es\/blog\/wp-content\/uploads\/2013\/10\/hiva_csmesoiro_04_int01-150x150.jpg\" class=\"attachment-thumbnail size-thumbnail\" alt=\"\" srcset=\"https:\/\/veredes.es\/blog\/wp-content\/uploads\/2013\/10\/hiva_csmesoiro_04_int01-150x150.jpg 150w, https:\/\/veredes.es\/blog\/wp-content\/uploads\/2013\/10\/hiva_csmesoiro_04_int01-120x120.jpg 120w\" sizes=\"auto, (max-width: 120px) 100vw, 120px\" \/><\/a>\n\t\t\t<\/div><\/figure><figure class='gallery-item'>\n\t\t\t<div class='gallery-icon landscape'>\n\t\t\t\t<a href='https:\/\/veredes.es\/blog\/wp-content\/uploads\/2013\/10\/hiva_csmesoiro_05_int02.jpg'><img loading=\"lazy\" decoding=\"async\" width=\"120\" height=\"120\" src=\"https:\/\/veredes.es\/blog\/wp-content\/uploads\/2013\/10\/hiva_csmesoiro_05_int02-150x150.jpg\" class=\"attachment-thumbnail size-thumbnail\" alt=\"\" srcset=\"https:\/\/veredes.es\/blog\/wp-content\/uploads\/2013\/10\/hiva_csmesoiro_05_int02-150x150.jpg 150w, https:\/\/veredes.es\/blog\/wp-content\/uploads\/2013\/10\/hiva_csmesoiro_05_int02-120x120.jpg 120w\" sizes=\"auto, (max-width: 120px) 100vw, 120px\" \/><\/a>\n\t\t\t<\/div><\/figure><figure class='gallery-item'>\n\t\t\t<div class='gallery-icon portrait'>\n\t\t\t\t<a href='https:\/\/veredes.es\/blog\/wp-content\/uploads\/2013\/10\/hiva_csmesoiro_06_int03.jpg'><img loading=\"lazy\" decoding=\"async\" width=\"120\" height=\"120\" src=\"https:\/\/veredes.es\/blog\/wp-content\/uploads\/2013\/10\/hiva_csmesoiro_06_int03-150x150.jpg\" class=\"attachment-thumbnail size-thumbnail\" alt=\"\" srcset=\"https:\/\/veredes.es\/blog\/wp-content\/uploads\/2013\/10\/hiva_csmesoiro_06_int03-150x150.jpg 150w, https:\/\/veredes.es\/blog\/wp-content\/uploads\/2013\/10\/hiva_csmesoiro_06_int03-120x120.jpg 120w\" sizes=\"auto, (max-width: 120px) 100vw, 120px\" \/><\/a>\n\t\t\t<\/div><\/figure><figure class='gallery-item'>\n\t\t\t<div class='gallery-icon portrait'>\n\t\t\t\t<a href='https:\/\/veredes.es\/blog\/wp-content\/uploads\/2013\/10\/hiva_csmesoiro_07_ext04.jpg'><img loading=\"lazy\" decoding=\"async\" width=\"120\" height=\"120\" src=\"https:\/\/veredes.es\/blog\/wp-content\/uploads\/2013\/10\/hiva_csmesoiro_07_ext04-150x150.jpg\" class=\"attachment-thumbnail size-thumbnail\" alt=\"\" srcset=\"https:\/\/veredes.es\/blog\/wp-content\/uploads\/2013\/10\/hiva_csmesoiro_07_ext04-150x150.jpg 150w, https:\/\/veredes.es\/blog\/wp-content\/uploads\/2013\/10\/hiva_csmesoiro_07_ext04-120x120.jpg 120w\" sizes=\"auto, (max-width: 120px) 100vw, 120px\" \/><\/a>\n\t\t\t<\/div><\/figure><figure class='gallery-item'>\n\t\t\t<div class='gallery-icon landscape'>\n\t\t\t\t<a href='https:\/\/veredes.es\/blog\/wp-content\/uploads\/2013\/10\/hiva_csmesoiro_08_ext05.jpg'><img loading=\"lazy\" decoding=\"async\" width=\"120\" height=\"120\" src=\"https:\/\/veredes.es\/blog\/wp-content\/uploads\/2013\/10\/hiva_csmesoiro_08_ext05-150x150.jpg\" class=\"attachment-thumbnail size-thumbnail\" alt=\"\" srcset=\"https:\/\/veredes.es\/blog\/wp-content\/uploads\/2013\/10\/hiva_csmesoiro_08_ext05-150x150.jpg 150w, https:\/\/veredes.es\/blog\/wp-content\/uploads\/2013\/10\/hiva_csmesoiro_08_ext05-120x120.jpg 120w\" sizes=\"auto, (max-width: 120px) 100vw, 120px\" \/><\/a>\n\t\t\t<\/div><\/figure><figure class='gallery-item'>\n\t\t\t<div class='gallery-icon portrait'>\n\t\t\t\t<a href='https:\/\/veredes.es\/blog\/wp-content\/uploads\/2013\/10\/hiva_csmesoiro_09_ext06.jpg'><img loading=\"lazy\" decoding=\"async\" width=\"120\" height=\"120\" src=\"https:\/\/veredes.es\/blog\/wp-content\/uploads\/2013\/10\/hiva_csmesoiro_09_ext06-150x150.jpg\" class=\"attachment-thumbnail size-thumbnail\" alt=\"\" srcset=\"https:\/\/veredes.es\/blog\/wp-content\/uploads\/2013\/10\/hiva_csmesoiro_09_ext06-150x150.jpg 150w, https:\/\/veredes.es\/blog\/wp-content\/uploads\/2013\/10\/hiva_csmesoiro_09_ext06-120x120.jpg 120w\" sizes=\"auto, (max-width: 120px) 100vw, 120px\" \/><\/a>\n\t\t\t<\/div><\/figure><figure class='gallery-item'>\n\t\t\t<div class='gallery-icon landscape'>\n\t\t\t\t<a href='https:\/\/veredes.es\/blog\/wp-content\/uploads\/2013\/10\/hiva_csmesoiro_10_plantabaja.jpg'><img loading=\"lazy\" decoding=\"async\" width=\"120\" height=\"120\" src=\"https:\/\/veredes.es\/blog\/wp-content\/uploads\/2013\/10\/hiva_csmesoiro_10_plantabaja-150x150.jpg\" class=\"attachment-thumbnail size-thumbnail\" alt=\"\" srcset=\"https:\/\/veredes.es\/blog\/wp-content\/uploads\/2013\/10\/hiva_csmesoiro_10_plantabaja-150x150.jpg 150w, https:\/\/veredes.es\/blog\/wp-content\/uploads\/2013\/10\/hiva_csmesoiro_10_plantabaja-120x120.jpg 120w\" sizes=\"auto, (max-width: 120px) 100vw, 120px\" \/><\/a>\n\t\t\t<\/div><\/figure><figure class='gallery-item'>\n\t\t\t<div class='gallery-icon landscape'>\n\t\t\t\t<a href='https:\/\/veredes.es\/blog\/wp-content\/uploads\/2013\/10\/hiva_csmesoiro_11_plantaprimera.jpg'><img loading=\"lazy\" decoding=\"async\" width=\"120\" height=\"120\" src=\"https:\/\/veredes.es\/blog\/wp-content\/uploads\/2013\/10\/hiva_csmesoiro_11_plantaprimera-150x150.jpg\" class=\"attachment-thumbnail size-thumbnail\" alt=\"\" srcset=\"https:\/\/veredes.es\/blog\/wp-content\/uploads\/2013\/10\/hiva_csmesoiro_11_plantaprimera-150x150.jpg 150w, https:\/\/veredes.es\/blog\/wp-content\/uploads\/2013\/10\/hiva_csmesoiro_11_plantaprimera-120x120.jpg 120w\" sizes=\"auto, (max-width: 120px) 100vw, 120px\" \/><\/a>\n\t\t\t<\/div><\/figure><figure class='gallery-item'>\n\t\t\t<div class='gallery-icon landscape'>\n\t\t\t\t<a href='https:\/\/veredes.es\/blog\/wp-content\/uploads\/2013\/10\/hiva_csmesoiro_12_alzados.jpg'><img loading=\"lazy\" decoding=\"async\" width=\"120\" height=\"120\" src=\"https:\/\/veredes.es\/blog\/wp-content\/uploads\/2013\/10\/hiva_csmesoiro_12_alzados-150x150.jpg\" class=\"attachment-thumbnail size-thumbnail\" alt=\"\" srcset=\"https:\/\/veredes.es\/blog\/wp-content\/uploads\/2013\/10\/hiva_csmesoiro_12_alzados-150x150.jpg 150w, https:\/\/veredes.es\/blog\/wp-content\/uploads\/2013\/10\/hiva_csmesoiro_12_alzados-120x120.jpg 120w\" sizes=\"auto, (max-width: 120px) 100vw, 120px\" \/><\/a>\n\t\t\t<\/div><\/figure>\n\t\t<\/div>\n\n<p style=\"text-align: justify;\">Obra: Centro salud de Mesoiro, A Coru\u00f1a<br \/>\nAutor:\u00a0Hermo Iglesias Veiga Arquitectos (V\u00edctor Hermo S\u00e1nchez, Juan Iglesias Bab\u00edo, Iv\u00e1n L\u00f3pez Veiga).<br \/>\nColaboradores: Anabel Ortiz Conlledo<br \/>\nA\u00f1o:\u00a0 2006-2010<br \/>\nEmplazamiento: r\u00faa Os Ancares, Mesoiro, A Coru\u00f1a<br \/>\nPromotor: Sergas<br \/>\nConstructora: Antalsis S.L.<br \/>\nEstructura:\u00a0 Francisco Carballo y Carolo Losada<br \/>\nInstalaciones: Eduardo G\u00f3mez Ramos y C\u00e9sar Themudo Goday<br \/>\nFotograf\u00edas:\u00a0\u00a0<a href=\"http:\/\/santos-diez.com\/\" target=\"_blank\" rel=\"noopener noreferrer\">H\u00e9ctor Santos-D\u00edez<\/a> | <a href=\"http:\/\/www.bisimages.com\/\" target=\"_blank\" rel=\"noopener noreferrer\">BISimages<\/a>\u00a0\u00a0 _\u00a0 Iglesias y Veiga\u00a0 Arquitectos<br \/>\n<a href=\"http:\/\/www.iglesiasveiga.es\/proyecto-arquitectura-centro-salud-mesoiro\/\" target=\"_blank\" rel=\"noopener noreferrer\"><span style=\"color: #888888;\">+ iglesiasveiga.es<\/span><\/a><\/p>\n<p><\/p>","protected":false},"excerpt":{"rendered":"<p>Centro de salud para un nuevo barrio. Se trata de uno de los primeros equipamientos de los que consta esta zona de nueva construcci\u00f3n. Ubicado sobre un estrato rocoso elevado sobre el nivel de la calle el edificio de hormig\u00f3n y zinc pretende crear una nueva fachada previa a los edificios de viviendas de 9 [&hellip;]<\/p>\n","protected":false},"author":2,"featured_media":35244,"comment_status":"open","ping_status":"closed","sticky":false,"template":"","format":"standard","meta":{"footnotes":""},"categories":[34,488,50,23,5951],"tags":[66,5865,288,12457,12451,619,9039,7685,9041,9043,1155,2959],"class_list":{"0":"post-35241","1":"post","2":"type-post","3":"status-publish","4":"format-standard","5":"has-post-thumbnail","7":"category-arquitectura","8":"category-equipamiento-dotacional","9":"category-equipamiento-sanitario","10":"category-obras","11":"category-slider-principal","12":"tag-a-coruna","13":"tag-arquitectura-gallega","14":"tag-centro-de-salud","15":"tag-equipamiento-dotacional","16":"tag-equipamiento-sanitario","17":"tag-galicia","18":"tag-hermo-iglesias-veiga-arquitectos","19":"tag-ivan-lopez-veiga","20":"tag-juan-iglesias-babio","21":"tag-mesoiro","22":"tag-reforma","23":"tag-victor-hermo-sanchez"},"yoast_head":"<!-- This site is optimized with the Yoast SEO plugin v27.4 - https:\/\/yoast.com\/product\/yoast-seo-wordpress\/ -->\n<title>Centro de salud de Mesoiro | Hermo Iglesias Veiga Arquitectos<\/title>\n<meta name=\"description\" content=\"Centro de salud de Mesoiro\" \/>\n<meta name=\"robots\" content=\"index, follow, max-snippet:-1, max-image-preview:large, max-video-preview:-1\" \/>\n<link rel=\"canonical\" href=\"https:\/\/veredes.es\/blog\/centro-de-salud-de-mesoiro-hermo-iglesias-veiga-arquitectos\/\" \/>\n<meta property=\"og:locale\" content=\"es_ES\" \/>\n<meta property=\"og:type\" content=\"article\" \/>\n<meta property=\"og:title\" content=\"Centro de salud de Mesoiro | Hermo Iglesias Veiga Arquitectos\" \/>\n<meta property=\"og:description\" content=\"Centro de salud de Mesoiro\" \/>\n<meta property=\"og:url\" content=\"https:\/\/veredes.es\/blog\/centro-de-salud-de-mesoiro-hermo-iglesias-veiga-arquitectos\/\" \/>\n<meta property=\"og:site_name\" content=\"veredes, arquitectura y divulgaci\u00f3n\" \/>\n<meta property=\"article:publisher\" content=\"https:\/\/www.facebook.com\/veredesArquitecturayDivulgacion\/\" \/>\n<meta property=\"article:author\" content=\"https:\/\/www.facebook.com\/veredesArquitecturayDivulgacion\/\" \/>\n<meta property=\"article:published_time\" content=\"2014-03-19T06:30:03+00:00\" \/>\n<meta property=\"article:modified_time\" content=\"2020-02-26T15:30:02+00:00\" \/>\n<meta property=\"og:image\" content=\"https:\/\/veredes.es\/blog\/wp-content\/uploads\/2013\/10\/hiva_csmesoiro_03_ext03.jpg\" \/>\n\t<meta property=\"og:image:width\" content=\"601\" \/>\n\t<meta property=\"og:image:height\" content=\"800\" \/>\n\t<meta property=\"og:image:type\" content=\"image\/jpeg\" \/>\n<meta name=\"author\" content=\"veredes\" \/>\n<meta name=\"twitter:card\" content=\"summary_large_image\" \/>\n<meta name=\"twitter:creator\" content=\"@https:\/\/twitter.com\/veredes\" \/>\n<meta name=\"twitter:site\" content=\"@veredes\" \/>\n<meta name=\"twitter:label1\" content=\"Escrito por\" \/>\n\t<meta name=\"twitter:data1\" content=\"veredes\" \/>\n\t<meta name=\"twitter:label2\" content=\"Tiempo de lectura\" \/>\n\t<meta name=\"twitter:data2\" content=\"4 minutos\" \/>\n<script type=\"application\/ld+json\" class=\"yoast-schema-graph\">{\"@context\":\"https:\\\/\\\/schema.org\",\"@graph\":[{\"@type\":\"Article\",\"@id\":\"https:\\\/\\\/veredes.es\\\/blog\\\/centro-de-salud-de-mesoiro-hermo-iglesias-veiga-arquitectos\\\/#article\",\"isPartOf\":{\"@id\":\"https:\\\/\\\/veredes.es\\\/blog\\\/centro-de-salud-de-mesoiro-hermo-iglesias-veiga-arquitectos\\\/\"},\"author\":{\"name\":\"veredes\",\"@id\":\"https:\\\/\\\/veredes.es\\\/blog\\\/#\\\/schema\\\/person\\\/0bbb669073ef7faba5168a0844e93d2c\"},\"headline\":\"Centro de salud de Mesoiro | Hermo Iglesias Veiga Arquitectos\",\"datePublished\":\"2014-03-19T06:30:03+00:00\",\"dateModified\":\"2020-02-26T15:30:02+00:00\",\"mainEntityOfPage\":{\"@id\":\"https:\\\/\\\/veredes.es\\\/blog\\\/centro-de-salud-de-mesoiro-hermo-iglesias-veiga-arquitectos\\\/\"},\"wordCount\":822,\"commentCount\":0,\"publisher\":{\"@id\":\"https:\\\/\\\/veredes.es\\\/blog\\\/#organization\"},\"image\":{\"@id\":\"https:\\\/\\\/veredes.es\\\/blog\\\/centro-de-salud-de-mesoiro-hermo-iglesias-veiga-arquitectos\\\/#primaryimage\"},\"thumbnailUrl\":\"https:\\\/\\\/veredes.es\\\/blog\\\/wp-content\\\/uploads\\\/2013\\\/10\\\/hiva_csmesoiro_03_ext03.jpg\",\"keywords\":[\"A Coru\u00f1a\",\"arquitectura gallega\",\"centro de salud\",\"equipamiento dotacional\",\"equipamiento sanitario\",\"Galicia\",\"hermo iglesias veiga arquitectos\",\"iv\u00e1n l\u00f3pez veiga\",\"juan iglesias bab\u00edo\",\"mesoiro\",\"reforma\",\"v\u00edctor hermo s\u00e1nchez\"],\"articleSection\":[\"arquitectura\",\"equipamiento dotacional\",\"equipamiento sanitario\",\"obras\",\"slider principal\"],\"inLanguage\":\"es\",\"potentialAction\":[{\"@type\":\"CommentAction\",\"name\":\"Comment\",\"target\":[\"https:\\\/\\\/veredes.es\\\/blog\\\/centro-de-salud-de-mesoiro-hermo-iglesias-veiga-arquitectos\\\/#respond\"]}]},{\"@type\":\"WebPage\",\"@id\":\"https:\\\/\\\/veredes.es\\\/blog\\\/centro-de-salud-de-mesoiro-hermo-iglesias-veiga-arquitectos\\\/\",\"url\":\"https:\\\/\\\/veredes.es\\\/blog\\\/centro-de-salud-de-mesoiro-hermo-iglesias-veiga-arquitectos\\\/\",\"name\":\"Centro de salud de Mesoiro | Hermo Iglesias Veiga Arquitectos\",\"isPartOf\":{\"@id\":\"https:\\\/\\\/veredes.es\\\/blog\\\/#website\"},\"primaryImageOfPage\":{\"@id\":\"https:\\\/\\\/veredes.es\\\/blog\\\/centro-de-salud-de-mesoiro-hermo-iglesias-veiga-arquitectos\\\/#primaryimage\"},\"image\":{\"@id\":\"https:\\\/\\\/veredes.es\\\/blog\\\/centro-de-salud-de-mesoiro-hermo-iglesias-veiga-arquitectos\\\/#primaryimage\"},\"thumbnailUrl\":\"https:\\\/\\\/veredes.es\\\/blog\\\/wp-content\\\/uploads\\\/2013\\\/10\\\/hiva_csmesoiro_03_ext03.jpg\",\"datePublished\":\"2014-03-19T06:30:03+00:00\",\"dateModified\":\"2020-02-26T15:30:02+00:00\",\"description\":\"Centro de salud de Mesoiro\",\"breadcrumb\":{\"@id\":\"https:\\\/\\\/veredes.es\\\/blog\\\/centro-de-salud-de-mesoiro-hermo-iglesias-veiga-arquitectos\\\/#breadcrumb\"},\"inLanguage\":\"es\",\"potentialAction\":[{\"@type\":\"ReadAction\",\"target\":[\"https:\\\/\\\/veredes.es\\\/blog\\\/centro-de-salud-de-mesoiro-hermo-iglesias-veiga-arquitectos\\\/\"]}]},{\"@type\":\"ImageObject\",\"inLanguage\":\"es\",\"@id\":\"https:\\\/\\\/veredes.es\\\/blog\\\/centro-de-salud-de-mesoiro-hermo-iglesias-veiga-arquitectos\\\/#primaryimage\",\"url\":\"https:\\\/\\\/veredes.es\\\/blog\\\/wp-content\\\/uploads\\\/2013\\\/10\\\/hiva_csmesoiro_03_ext03.jpg\",\"contentUrl\":\"https:\\\/\\\/veredes.es\\\/blog\\\/wp-content\\\/uploads\\\/2013\\\/10\\\/hiva_csmesoiro_03_ext03.jpg\",\"width\":\"601\",\"height\":\"800\"},{\"@type\":\"BreadcrumbList\",\"@id\":\"https:\\\/\\\/veredes.es\\\/blog\\\/centro-de-salud-de-mesoiro-hermo-iglesias-veiga-arquitectos\\\/#breadcrumb\",\"itemListElement\":[{\"@type\":\"ListItem\",\"position\":1,\"name\":\"Portada\",\"item\":\"https:\\\/\\\/veredes.es\\\/blog\\\/\"},{\"@type\":\"ListItem\",\"position\":2,\"name\":\"Centro de salud de Mesoiro | Hermo Iglesias Veiga Arquitectos\"}]},{\"@type\":\"WebSite\",\"@id\":\"https:\\\/\\\/veredes.es\\\/blog\\\/#website\",\"url\":\"https:\\\/\\\/veredes.es\\\/blog\\\/\",\"name\":\"veredes, arquitectura y divulgaci\u00f3n\",\"description\":\"veredes\",\"publisher\":{\"@id\":\"https:\\\/\\\/veredes.es\\\/blog\\\/#organization\"},\"alternateName\":\"veredes\",\"potentialAction\":[{\"@type\":\"SearchAction\",\"target\":{\"@type\":\"EntryPoint\",\"urlTemplate\":\"https:\\\/\\\/veredes.es\\\/blog\\\/?s={search_term_string}\"},\"query-input\":{\"@type\":\"PropertyValueSpecification\",\"valueRequired\":true,\"valueName\":\"search_term_string\"}}],\"inLanguage\":\"es\"},{\"@type\":\"Organization\",\"@id\":\"https:\\\/\\\/veredes.es\\\/blog\\\/#organization\",\"name\":\"veredes, arquitectura y divulgaci\u00f3n\",\"alternateName\":\"veredes\",\"url\":\"https:\\\/\\\/veredes.es\\\/blog\\\/\",\"logo\":{\"@type\":\"ImageObject\",\"inLanguage\":\"es\",\"@id\":\"https:\\\/\\\/veredes.es\\\/blog\\\/#\\\/schema\\\/logo\\\/image\\\/\",\"url\":\"https:\\\/\\\/veredes.es\\\/blog\\\/wp-content\\\/uploads\\\/2021\\\/12\\\/veredes-logo-centrado_140x54.png\",\"contentUrl\":\"https:\\\/\\\/veredes.es\\\/blog\\\/wp-content\\\/uploads\\\/2021\\\/12\\\/veredes-logo-centrado_140x54.png\",\"width\":140,\"height\":54,\"caption\":\"veredes, arquitectura y divulgaci\u00f3n\"},\"image\":{\"@id\":\"https:\\\/\\\/veredes.es\\\/blog\\\/#\\\/schema\\\/logo\\\/image\\\/\"},\"sameAs\":[\"https:\\\/\\\/www.facebook.com\\\/veredesArquitecturayDivulgacion\\\/\",\"https:\\\/\\\/x.com\\\/veredes\",\"https:\\\/\\\/instagram.com\\\/veredes\\\/\",\"https:\\\/\\\/www.linkedin.com\\\/company\\\/veredes-arquitectura-y-divulgacion\\\/\",\"https:\\\/\\\/es.pinterest.com\\\/veredes\\\/\",\"https:\\\/\\\/www.tumblr.com\\\/veredes\"]},{\"@type\":\"Person\",\"@id\":\"https:\\\/\\\/veredes.es\\\/blog\\\/#\\\/schema\\\/person\\\/0bbb669073ef7faba5168a0844e93d2c\",\"name\":\"veredes\",\"image\":{\"@type\":\"ImageObject\",\"inLanguage\":\"es\",\"@id\":\"https:\\\/\\\/veredes.es\\\/blog\\\/wp-content\\\/uploads\\\/2018\\\/04\\\/face-96x96.jpg\",\"url\":\"https:\\\/\\\/veredes.es\\\/blog\\\/wp-content\\\/uploads\\\/2018\\\/04\\\/face-96x96.jpg\",\"contentUrl\":\"https:\\\/\\\/veredes.es\\\/blog\\\/wp-content\\\/uploads\\\/2018\\\/04\\\/face-96x96.jpg\",\"caption\":\"veredes\"},\"description\":\"Surge enero de 2009 como b\u00fasqueda de satisfacer el conocimiento de la actividad arquitect\u00f3nica y tangentes que se generan. La idea es crear un espacio para divulgar los diversos proyectos en busca de nueva inspiraci\u00f3n y de intercambio.\",\"sameAs\":[\"https:\\\/\\\/veredes.es\\\/\",\"https:\\\/\\\/www.facebook.com\\\/veredesArquitecturayDivulgacion\\\/\",\"https:\\\/\\\/www.instagram.com\\\/veredes\\\/\",\"https:\\\/\\\/www.linkedin.com\\\/company\\\/veredes-arquitectura-y-divulgacion\\\/\",\"https:\\\/\\\/www.pinterest.es\\\/veredes\\\/\",\"https:\\\/\\\/x.com\\\/https:\\\/\\\/twitter.com\\\/veredes\",\"https:\\\/\\\/veredes.tumblr.com\\\/\"],\"url\":\"https:\\\/\\\/veredes.es\\\/blog\\\/author\\\/alberto\\\/\"}]}<\/script>\n<!-- \/ Yoast SEO plugin. -->","yoast_head_json":{"title":"Centro de salud de Mesoiro | Hermo Iglesias Veiga Arquitectos","description":"Centro de salud de Mesoiro","robots":{"index":"index","follow":"follow","max-snippet":"max-snippet:-1","max-image-preview":"max-image-preview:large","max-video-preview":"max-video-preview:-1"},"canonical":"https:\/\/veredes.es\/blog\/centro-de-salud-de-mesoiro-hermo-iglesias-veiga-arquitectos\/","og_locale":"es_ES","og_type":"article","og_title":"Centro de salud de Mesoiro | Hermo Iglesias Veiga Arquitectos","og_description":"Centro de salud de Mesoiro","og_url":"https:\/\/veredes.es\/blog\/centro-de-salud-de-mesoiro-hermo-iglesias-veiga-arquitectos\/","og_site_name":"veredes, arquitectura y divulgaci\u00f3n","article_publisher":"https:\/\/www.facebook.com\/veredesArquitecturayDivulgacion\/","article_author":"https:\/\/www.facebook.com\/veredesArquitecturayDivulgacion\/","article_published_time":"2014-03-19T06:30:03+00:00","article_modified_time":"2020-02-26T15:30:02+00:00","og_image":[{"width":601,"height":800,"url":"https:\/\/veredes.es\/blog\/wp-content\/uploads\/2013\/10\/hiva_csmesoiro_03_ext03.jpg","type":"image\/jpeg"}],"author":"veredes","twitter_card":"summary_large_image","twitter_creator":"@https:\/\/twitter.com\/veredes","twitter_site":"@veredes","twitter_misc":{"Escrito por":"veredes","Tiempo de lectura":"4 minutos"},"schema":{"@context":"https:\/\/schema.org","@graph":[{"@type":"Article","@id":"https:\/\/veredes.es\/blog\/centro-de-salud-de-mesoiro-hermo-iglesias-veiga-arquitectos\/#article","isPartOf":{"@id":"https:\/\/veredes.es\/blog\/centro-de-salud-de-mesoiro-hermo-iglesias-veiga-arquitectos\/"},"author":{"name":"veredes","@id":"https:\/\/veredes.es\/blog\/#\/schema\/person\/0bbb669073ef7faba5168a0844e93d2c"},"headline":"Centro de salud de Mesoiro | Hermo Iglesias Veiga Arquitectos","datePublished":"2014-03-19T06:30:03+00:00","dateModified":"2020-02-26T15:30:02+00:00","mainEntityOfPage":{"@id":"https:\/\/veredes.es\/blog\/centro-de-salud-de-mesoiro-hermo-iglesias-veiga-arquitectos\/"},"wordCount":822,"commentCount":0,"publisher":{"@id":"https:\/\/veredes.es\/blog\/#organization"},"image":{"@id":"https:\/\/veredes.es\/blog\/centro-de-salud-de-mesoiro-hermo-iglesias-veiga-arquitectos\/#primaryimage"},"thumbnailUrl":"https:\/\/veredes.es\/blog\/wp-content\/uploads\/2013\/10\/hiva_csmesoiro_03_ext03.jpg","keywords":["A Coru\u00f1a","arquitectura gallega","centro de salud","equipamiento dotacional","equipamiento sanitario","Galicia","hermo iglesias veiga arquitectos","iv\u00e1n l\u00f3pez veiga","juan iglesias bab\u00edo","mesoiro","reforma","v\u00edctor hermo s\u00e1nchez"],"articleSection":["arquitectura","equipamiento dotacional","equipamiento sanitario","obras","slider principal"],"inLanguage":"es","potentialAction":[{"@type":"CommentAction","name":"Comment","target":["https:\/\/veredes.es\/blog\/centro-de-salud-de-mesoiro-hermo-iglesias-veiga-arquitectos\/#respond"]}]},{"@type":"WebPage","@id":"https:\/\/veredes.es\/blog\/centro-de-salud-de-mesoiro-hermo-iglesias-veiga-arquitectos\/","url":"https:\/\/veredes.es\/blog\/centro-de-salud-de-mesoiro-hermo-iglesias-veiga-arquitectos\/","name":"Centro de salud de Mesoiro | Hermo Iglesias Veiga Arquitectos","isPartOf":{"@id":"https:\/\/veredes.es\/blog\/#website"},"primaryImageOfPage":{"@id":"https:\/\/veredes.es\/blog\/centro-de-salud-de-mesoiro-hermo-iglesias-veiga-arquitectos\/#primaryimage"},"image":{"@id":"https:\/\/veredes.es\/blog\/centro-de-salud-de-mesoiro-hermo-iglesias-veiga-arquitectos\/#primaryimage"},"thumbnailUrl":"https:\/\/veredes.es\/blog\/wp-content\/uploads\/2013\/10\/hiva_csmesoiro_03_ext03.jpg","datePublished":"2014-03-19T06:30:03+00:00","dateModified":"2020-02-26T15:30:02+00:00","description":"Centro de salud de Mesoiro","breadcrumb":{"@id":"https:\/\/veredes.es\/blog\/centro-de-salud-de-mesoiro-hermo-iglesias-veiga-arquitectos\/#breadcrumb"},"inLanguage":"es","potentialAction":[{"@type":"ReadAction","target":["https:\/\/veredes.es\/blog\/centro-de-salud-de-mesoiro-hermo-iglesias-veiga-arquitectos\/"]}]},{"@type":"ImageObject","inLanguage":"es","@id":"https:\/\/veredes.es\/blog\/centro-de-salud-de-mesoiro-hermo-iglesias-veiga-arquitectos\/#primaryimage","url":"https:\/\/veredes.es\/blog\/wp-content\/uploads\/2013\/10\/hiva_csmesoiro_03_ext03.jpg","contentUrl":"https:\/\/veredes.es\/blog\/wp-content\/uploads\/2013\/10\/hiva_csmesoiro_03_ext03.jpg","width":"601","height":"800"},{"@type":"BreadcrumbList","@id":"https:\/\/veredes.es\/blog\/centro-de-salud-de-mesoiro-hermo-iglesias-veiga-arquitectos\/#breadcrumb","itemListElement":[{"@type":"ListItem","position":1,"name":"Portada","item":"https:\/\/veredes.es\/blog\/"},{"@type":"ListItem","position":2,"name":"Centro de salud de Mesoiro | Hermo Iglesias Veiga Arquitectos"}]},{"@type":"WebSite","@id":"https:\/\/veredes.es\/blog\/#website","url":"https:\/\/veredes.es\/blog\/","name":"veredes, arquitectura y divulgaci\u00f3n","description":"veredes","publisher":{"@id":"https:\/\/veredes.es\/blog\/#organization"},"alternateName":"veredes","potentialAction":[{"@type":"SearchAction","target":{"@type":"EntryPoint","urlTemplate":"https:\/\/veredes.es\/blog\/?s={search_term_string}"},"query-input":{"@type":"PropertyValueSpecification","valueRequired":true,"valueName":"search_term_string"}}],"inLanguage":"es"},{"@type":"Organization","@id":"https:\/\/veredes.es\/blog\/#organization","name":"veredes, arquitectura y divulgaci\u00f3n","alternateName":"veredes","url":"https:\/\/veredes.es\/blog\/","logo":{"@type":"ImageObject","inLanguage":"es","@id":"https:\/\/veredes.es\/blog\/#\/schema\/logo\/image\/","url":"https:\/\/veredes.es\/blog\/wp-content\/uploads\/2021\/12\/veredes-logo-centrado_140x54.png","contentUrl":"https:\/\/veredes.es\/blog\/wp-content\/uploads\/2021\/12\/veredes-logo-centrado_140x54.png","width":140,"height":54,"caption":"veredes, arquitectura y divulgaci\u00f3n"},"image":{"@id":"https:\/\/veredes.es\/blog\/#\/schema\/logo\/image\/"},"sameAs":["https:\/\/www.facebook.com\/veredesArquitecturayDivulgacion\/","https:\/\/x.com\/veredes","https:\/\/instagram.com\/veredes\/","https:\/\/www.linkedin.com\/company\/veredes-arquitectura-y-divulgacion\/","https:\/\/es.pinterest.com\/veredes\/","https:\/\/www.tumblr.com\/veredes"]},{"@type":"Person","@id":"https:\/\/veredes.es\/blog\/#\/schema\/person\/0bbb669073ef7faba5168a0844e93d2c","name":"veredes","image":{"@type":"ImageObject","inLanguage":"es","@id":"https:\/\/veredes.es\/blog\/wp-content\/uploads\/2018\/04\/face-96x96.jpg","url":"https:\/\/veredes.es\/blog\/wp-content\/uploads\/2018\/04\/face-96x96.jpg","contentUrl":"https:\/\/veredes.es\/blog\/wp-content\/uploads\/2018\/04\/face-96x96.jpg","caption":"veredes"},"description":"Surge enero de 2009 como b\u00fasqueda de satisfacer el conocimiento de la actividad arquitect\u00f3nica y tangentes que se generan. La idea es crear un espacio para divulgar los diversos proyectos en busca de nueva inspiraci\u00f3n y de intercambio.","sameAs":["https:\/\/veredes.es\/","https:\/\/www.facebook.com\/veredesArquitecturayDivulgacion\/","https:\/\/www.instagram.com\/veredes\/","https:\/\/www.linkedin.com\/company\/veredes-arquitectura-y-divulgacion\/","https:\/\/www.pinterest.es\/veredes\/","https:\/\/x.com\/https:\/\/twitter.com\/veredes","https:\/\/veredes.tumblr.com\/"],"url":"https:\/\/veredes.es\/blog\/author\/alberto\/"}]}},"_links":{"self":[{"href":"https:\/\/veredes.es\/blog\/wp-json\/wp\/v2\/posts\/35241","targetHints":{"allow":["GET"]}}],"collection":[{"href":"https:\/\/veredes.es\/blog\/wp-json\/wp\/v2\/posts"}],"about":[{"href":"https:\/\/veredes.es\/blog\/wp-json\/wp\/v2\/types\/post"}],"author":[{"embeddable":true,"href":"https:\/\/veredes.es\/blog\/wp-json\/wp\/v2\/users\/2"}],"replies":[{"embeddable":true,"href":"https:\/\/veredes.es\/blog\/wp-json\/wp\/v2\/comments?post=35241"}],"version-history":[{"count":0,"href":"https:\/\/veredes.es\/blog\/wp-json\/wp\/v2\/posts\/35241\/revisions"}],"wp:featuredmedia":[{"embeddable":true,"href":"https:\/\/veredes.es\/blog\/wp-json\/wp\/v2\/media\/35244"}],"wp:attachment":[{"href":"https:\/\/veredes.es\/blog\/wp-json\/wp\/v2\/media?parent=35241"}],"wp:term":[{"taxonomy":"category","embeddable":true,"href":"https:\/\/veredes.es\/blog\/wp-json\/wp\/v2\/categories?post=35241"},{"taxonomy":"post_tag","embeddable":true,"href":"https:\/\/veredes.es\/blog\/wp-json\/wp\/v2\/tags?post=35241"}],"curies":[{"name":"wp","href":"https:\/\/api.w.org\/{rel}","templated":true}]}}