{"id":35240,"date":"2014-08-20T06:45:47","date_gmt":"2014-08-20T06:45:47","guid":{"rendered":"http:\/\/veredes.es\/blog\/?p=35240"},"modified":"2020-01-20T10:38:34","modified_gmt":"2020-01-20T09:38:34","slug":"12-vpo-en-cangas-hermo-iglesias-veiga-arquitectos","status":"publish","type":"post","link":"https:\/\/veredes.es\/blog\/12-vpo-en-cangas-hermo-iglesias-veiga-arquitectos\/","title":{"rendered":"12 VPO en Cangas | Hermo Iglesias Veiga Arquitectos"},"content":{"rendered":"<p><\/p>\n<p style=\"text-align: justify;\">El edificio se fragmenta en tres vol\u00famenes debido a la pendiente de la parcela creando tres portales de acceso a viviendas con dos viviendas por planta, esto permite que las viviendas tengan fachada en las dos caras principales del solar.<\/p>\n<p style=\"text-align: justify;\"><a href=\"https:\/\/veredes.es\/blog\/wp-content\/uploads\/2013\/10\/hiva_vpachoupana_04_ext04.jpg\"><img loading=\"lazy\" decoding=\"async\" class=\"alignnone  wp-image-35667\" title=\"hiva_vpachoupana_04_ext04\" src=\"https:\/\/veredes.es\/blog\/wp-content\/uploads\/2013\/10\/hiva_vpachoupana_04_ext04.jpg\" alt=\"\" width=\"625\" height=\"937\" \/><\/a><\/p>\n<p style=\"text-align: justify;\">As\u00ed, se abren las zonas de d\u00eda (estar-comedor y cocina) a la fachada noreste buscando las vistas abiertas a la r\u00eda. Las dormitorios zonas de noche (dormitorios) se orientan a la cara suroeste protegidas por el propio desnivel del terreno y la vegetaci\u00f3n; recogido de la calle, evitando as\u00ed las zonas m\u00e1s ruidosas.<\/p>\n<p style=\"text-align: justify;\">Se hace un esfuerzo en reducir al m\u00ednimo las superficies de corredor y distribuidor, de modo que se puedan reforzar las zonas de d\u00eda o los dormitorios dependiendo de las necesidades familiares mediante amplias puertas correderas que modifican la zona de d\u00eda de las viviendas.<\/p>\n<p style=\"text-align: justify;\">Los colores de la fachada responden a un estudio del entorno ayudando a la integraci\u00f3n y disminuyendo el impacto mediante lo uso de la fragmentaci\u00f3n visual con distintos verdes combinados.<\/p>\n<div id='gallery-1' class='gallery galleryid-35240 gallery-columns-4 gallery-size-thumbnail'><figure class='gallery-item'>\n\t\t\t<div class='gallery-icon landscape'>\n\t\t\t\t<a href='https:\/\/veredes.es\/blog\/wp-content\/uploads\/2013\/10\/hiva_vpachoupana_01_ext01.jpg'><img loading=\"lazy\" decoding=\"async\" width=\"120\" height=\"120\" src=\"https:\/\/veredes.es\/blog\/wp-content\/uploads\/2013\/10\/hiva_vpachoupana_01_ext01-150x150.jpg\" class=\"attachment-thumbnail size-thumbnail\" alt=\"\" srcset=\"https:\/\/veredes.es\/blog\/wp-content\/uploads\/2013\/10\/hiva_vpachoupana_01_ext01-150x150.jpg 150w, https:\/\/veredes.es\/blog\/wp-content\/uploads\/2013\/10\/hiva_vpachoupana_01_ext01-120x120.jpg 120w\" sizes=\"auto, (max-width: 120px) 100vw, 120px\" \/><\/a>\n\t\t\t<\/div><\/figure><figure class='gallery-item'>\n\t\t\t<div class='gallery-icon landscape'>\n\t\t\t\t<a href='https:\/\/veredes.es\/blog\/wp-content\/uploads\/2013\/10\/hiva_vpachoupana_02_ext02.jpg'><img loading=\"lazy\" decoding=\"async\" width=\"120\" height=\"120\" src=\"https:\/\/veredes.es\/blog\/wp-content\/uploads\/2013\/10\/hiva_vpachoupana_02_ext02-150x150.jpg\" class=\"attachment-thumbnail size-thumbnail\" alt=\"\" srcset=\"https:\/\/veredes.es\/blog\/wp-content\/uploads\/2013\/10\/hiva_vpachoupana_02_ext02-150x150.jpg 150w, https:\/\/veredes.es\/blog\/wp-content\/uploads\/2013\/10\/hiva_vpachoupana_02_ext02-120x120.jpg 120w\" sizes=\"auto, (max-width: 120px) 100vw, 120px\" \/><\/a>\n\t\t\t<\/div><\/figure><figure class='gallery-item'>\n\t\t\t<div class='gallery-icon landscape'>\n\t\t\t\t<a href='https:\/\/veredes.es\/blog\/wp-content\/uploads\/2013\/10\/hiva_vpachoupana_03_ext03.jpg'><img loading=\"lazy\" decoding=\"async\" width=\"120\" height=\"120\" src=\"https:\/\/veredes.es\/blog\/wp-content\/uploads\/2013\/10\/hiva_vpachoupana_03_ext03-150x150.jpg\" class=\"attachment-thumbnail size-thumbnail\" alt=\"\" srcset=\"https:\/\/veredes.es\/blog\/wp-content\/uploads\/2013\/10\/hiva_vpachoupana_03_ext03-150x150.jpg 150w, https:\/\/veredes.es\/blog\/wp-content\/uploads\/2013\/10\/hiva_vpachoupana_03_ext03-120x120.jpg 120w\" sizes=\"auto, (max-width: 120px) 100vw, 120px\" \/><\/a>\n\t\t\t<\/div><\/figure><figure class='gallery-item'>\n\t\t\t<div class='gallery-icon portrait'>\n\t\t\t\t<a href='https:\/\/veredes.es\/blog\/wp-content\/uploads\/2013\/10\/hiva_vpachoupana_04_ext04.jpg'><img loading=\"lazy\" decoding=\"async\" width=\"120\" height=\"120\" src=\"https:\/\/veredes.es\/blog\/wp-content\/uploads\/2013\/10\/hiva_vpachoupana_04_ext04-150x150.jpg\" class=\"attachment-thumbnail size-thumbnail\" alt=\"\" srcset=\"https:\/\/veredes.es\/blog\/wp-content\/uploads\/2013\/10\/hiva_vpachoupana_04_ext04-150x150.jpg 150w, https:\/\/veredes.es\/blog\/wp-content\/uploads\/2013\/10\/hiva_vpachoupana_04_ext04-120x120.jpg 120w\" sizes=\"auto, (max-width: 120px) 100vw, 120px\" \/><\/a>\n\t\t\t<\/div><\/figure><figure class='gallery-item'>\n\t\t\t<div class='gallery-icon landscape'>\n\t\t\t\t<a href='https:\/\/veredes.es\/blog\/wp-content\/uploads\/2013\/10\/hiva_vpachoupana_05_ext05.jpg'><img loading=\"lazy\" decoding=\"async\" width=\"120\" height=\"120\" src=\"https:\/\/veredes.es\/blog\/wp-content\/uploads\/2013\/10\/hiva_vpachoupana_05_ext05-150x150.jpg\" class=\"attachment-thumbnail size-thumbnail\" alt=\"\" srcset=\"https:\/\/veredes.es\/blog\/wp-content\/uploads\/2013\/10\/hiva_vpachoupana_05_ext05-150x150.jpg 150w, https:\/\/veredes.es\/blog\/wp-content\/uploads\/2013\/10\/hiva_vpachoupana_05_ext05-120x120.jpg 120w\" sizes=\"auto, (max-width: 120px) 100vw, 120px\" \/><\/a>\n\t\t\t<\/div><\/figure><figure class='gallery-item'>\n\t\t\t<div class='gallery-icon landscape'>\n\t\t\t\t<a href='https:\/\/veredes.es\/blog\/wp-content\/uploads\/2013\/10\/hiva_vpachoupana_06_int01.jpg'><img loading=\"lazy\" decoding=\"async\" width=\"120\" height=\"120\" src=\"https:\/\/veredes.es\/blog\/wp-content\/uploads\/2013\/10\/hiva_vpachoupana_06_int01-150x150.jpg\" class=\"attachment-thumbnail size-thumbnail\" alt=\"\" srcset=\"https:\/\/veredes.es\/blog\/wp-content\/uploads\/2013\/10\/hiva_vpachoupana_06_int01-150x150.jpg 150w, https:\/\/veredes.es\/blog\/wp-content\/uploads\/2013\/10\/hiva_vpachoupana_06_int01-120x120.jpg 120w\" sizes=\"auto, (max-width: 120px) 100vw, 120px\" \/><\/a>\n\t\t\t<\/div><\/figure><figure class='gallery-item'>\n\t\t\t<div class='gallery-icon landscape'>\n\t\t\t\t<a href='https:\/\/veredes.es\/blog\/wp-content\/uploads\/2013\/10\/hiva_vpachoupana_07_alzado.jpg'><img loading=\"lazy\" decoding=\"async\" width=\"120\" height=\"120\" src=\"https:\/\/veredes.es\/blog\/wp-content\/uploads\/2013\/10\/hiva_vpachoupana_07_alzado-150x150.jpg\" class=\"attachment-thumbnail size-thumbnail\" alt=\"\" srcset=\"https:\/\/veredes.es\/blog\/wp-content\/uploads\/2013\/10\/hiva_vpachoupana_07_alzado-150x150.jpg 150w, https:\/\/veredes.es\/blog\/wp-content\/uploads\/2013\/10\/hiva_vpachoupana_07_alzado-120x120.jpg 120w\" sizes=\"auto, (max-width: 120px) 100vw, 120px\" \/><\/a>\n\t\t\t<\/div><\/figure><figure class='gallery-item'>\n\t\t\t<div class='gallery-icon landscape'>\n\t\t\t\t<a href='https:\/\/veredes.es\/blog\/wp-content\/uploads\/2013\/10\/hiva_vpachoupana_08_alzado.jpg'><img loading=\"lazy\" decoding=\"async\" width=\"120\" height=\"120\" src=\"https:\/\/veredes.es\/blog\/wp-content\/uploads\/2013\/10\/hiva_vpachoupana_08_alzado-150x150.jpg\" class=\"attachment-thumbnail size-thumbnail\" alt=\"\" srcset=\"https:\/\/veredes.es\/blog\/wp-content\/uploads\/2013\/10\/hiva_vpachoupana_08_alzado-150x150.jpg 150w, https:\/\/veredes.es\/blog\/wp-content\/uploads\/2013\/10\/hiva_vpachoupana_08_alzado-120x120.jpg 120w\" sizes=\"auto, (max-width: 120px) 100vw, 120px\" \/><\/a>\n\t\t\t<\/div><\/figure><figure class='gallery-item'>\n\t\t\t<div class='gallery-icon landscape'>\n\t\t\t\t<a href='https:\/\/veredes.es\/blog\/wp-content\/uploads\/2013\/10\/hiva_vpachoupana_09_planta.jpg'><img loading=\"lazy\" decoding=\"async\" width=\"120\" height=\"120\" src=\"https:\/\/veredes.es\/blog\/wp-content\/uploads\/2013\/10\/hiva_vpachoupana_09_planta-150x150.jpg\" class=\"attachment-thumbnail size-thumbnail\" alt=\"\" srcset=\"https:\/\/veredes.es\/blog\/wp-content\/uploads\/2013\/10\/hiva_vpachoupana_09_planta-150x150.jpg 150w, https:\/\/veredes.es\/blog\/wp-content\/uploads\/2013\/10\/hiva_vpachoupana_09_planta-120x120.jpg 120w\" sizes=\"auto, (max-width: 120px) 100vw, 120px\" \/><\/a>\n\t\t\t<\/div><\/figure><figure class='gallery-item'>\n\t\t\t<div class='gallery-icon landscape'>\n\t\t\t\t<a href='https:\/\/veredes.es\/blog\/wp-content\/uploads\/2013\/10\/hiva_vpachoupana_10_seccion.jpg'><img loading=\"lazy\" decoding=\"async\" width=\"120\" height=\"120\" src=\"https:\/\/veredes.es\/blog\/wp-content\/uploads\/2013\/10\/hiva_vpachoupana_10_seccion-150x150.jpg\" class=\"attachment-thumbnail size-thumbnail\" alt=\"\" srcset=\"https:\/\/veredes.es\/blog\/wp-content\/uploads\/2013\/10\/hiva_vpachoupana_10_seccion-150x150.jpg 150w, https:\/\/veredes.es\/blog\/wp-content\/uploads\/2013\/10\/hiva_vpachoupana_10_seccion-120x120.jpg 120w\" sizes=\"auto, (max-width: 120px) 100vw, 120px\" \/><\/a>\n\t\t\t<\/div><\/figure>\n\t\t<\/div>\n\n<p>Obra: 12 VPO en Cangas<br \/>\nAutor: Hermo Iglesias Veiga Arquitectos (V\u00edctor Hermo S\u00e1nchez, Juan Iglesias Bab\u00edo, Iv\u00e1n L\u00f3pez Veiga).<br \/>\nColaboradores: M\u00aa Carmen Carballeira Rodr\u00edguez, Anabel Ortiz Conlledo, \u00c1frica Mart\u00ednez Barreiro<br \/>\nA\u00f1o: 2008-2010<br \/>\nEmplazamiento: A Choupana, Cangas do Morrazo, Galicia, Espa\u00f1a<br \/>\nPromotor: IGVS \u2013 Instituto Galego da Vivienda e Solo<br \/>\nConstructora: Antalsis S.L.<br \/>\nInstalaciones: Ram\u00f3n Cabezas<br \/>\nFotograf\u00edas: Iglesias y Veiga Arquitectos<br \/>\n<a href=\"http:\/\/www.iglesiasveiga.es\/\" target=\"_blank\"><span style=\"color: #888888;\">+ iglesiasveiga.es<\/span><\/a><\/p>","protected":false},"excerpt":{"rendered":"<p>El edificio se fragmenta en tres vol\u00famenes debido a la pendiente de la parcela creando tres portales de acceso a viviendas con dos viviendas por planta, esto permite que las viviendas tengan fachada en las dos caras principales del solar. As\u00ed, se abren las zonas de d\u00eda (estar-comedor y cocina) a la fachada noreste buscando [&hellip;]<\/p>\n","protected":false},"author":2,"featured_media":35667,"comment_status":"open","ping_status":"closed","sticky":false,"template":"","format":"standard","meta":{"footnotes":""},"categories":[34,23,5951,58],"tags":[66,5865,521,619,9039,7685,9041,1081,2959,12454,1561],"class_list":{"0":"post-35240","1":"post","2":"type-post","3":"status-publish","4":"format-standard","5":"has-post-thumbnail","7":"category-arquitectura","8":"category-obras","9":"category-slider-principal","10":"category-vivienda-colectiva","11":"tag-a-coruna","13":"tag-espana","14":"tag-galicia","15":"tag-hermo-iglesias-veiga-arquitectos","16":"tag-ivan-lopez-veiga","17":"tag-juan-iglesias-babio","18":"tag-pontevedra","19":"tag-victor-hermo-sanchez","20":"tag-vivienda-colectiva","21":"tag-vivienda-vpo"},"yoast_head":"<!-- This site is optimized with the Yoast SEO plugin v27.5 - https:\/\/yoast.com\/product\/yoast-seo-wordpress\/ -->\n<title>12 VPO en Cangas | Hermo Iglesias Veiga Arquitectos<\/title>\n<meta name=\"description\" content=\"12 VPO en Cangas\" \/>\n<meta name=\"robots\" content=\"index, follow, max-snippet:-1, max-image-preview:large, max-video-preview:-1\" \/>\n<link rel=\"canonical\" href=\"https:\/\/veredes.es\/blog\/12-vpo-en-cangas-hermo-iglesias-veiga-arquitectos\/\" \/>\n<meta property=\"og:locale\" content=\"es_ES\" \/>\n<meta property=\"og:type\" content=\"article\" \/>\n<meta property=\"og:title\" content=\"12 VPO en Cangas | Hermo Iglesias Veiga Arquitectos\" \/>\n<meta property=\"og:description\" content=\"12 VPO en Cangas\" \/>\n<meta property=\"og:url\" content=\"https:\/\/veredes.es\/blog\/12-vpo-en-cangas-hermo-iglesias-veiga-arquitectos\/\" \/>\n<meta property=\"og:site_name\" content=\"veredes, arquitectura y divulgaci\u00f3n\" \/>\n<meta property=\"article:publisher\" content=\"https:\/\/www.facebook.com\/veredesArquitecturayDivulgacion\/\" \/>\n<meta property=\"article:author\" content=\"https:\/\/www.facebook.com\/veredesArquitecturayDivulgacion\/\" \/>\n<meta property=\"article:published_time\" content=\"2014-08-20T06:45:47+00:00\" \/>\n<meta property=\"article:modified_time\" content=\"2020-01-20T09:38:34+00:00\" \/>\n<meta property=\"og:image\" content=\"https:\/\/veredes.es\/blog\/wp-content\/uploads\/2013\/10\/hiva_vpachoupana_04_ext04.jpg\" \/>\n\t<meta property=\"og:image:width\" content=\"533\" \/>\n\t<meta property=\"og:image:height\" content=\"800\" \/>\n\t<meta property=\"og:image:type\" content=\"image\/jpeg\" \/>\n<meta name=\"author\" content=\"veredes\" \/>\n<meta name=\"twitter:card\" content=\"summary_large_image\" \/>\n<meta name=\"twitter:creator\" content=\"@https:\/\/twitter.com\/veredes\" \/>\n<meta name=\"twitter:site\" content=\"@veredes\" \/>\n<meta name=\"twitter:label1\" content=\"Escrito por\" \/>\n\t<meta name=\"twitter:data1\" content=\"veredes\" \/>\n\t<meta name=\"twitter:label2\" content=\"Tiempo de lectura\" \/>\n\t<meta name=\"twitter:data2\" content=\"4 minutos\" \/>\n<script type=\"application\/ld+json\" class=\"yoast-schema-graph\">{\"@context\":\"https:\\\/\\\/schema.org\",\"@graph\":[{\"@type\":\"Article\",\"@id\":\"https:\\\/\\\/veredes.es\\\/blog\\\/12-vpo-en-cangas-hermo-iglesias-veiga-arquitectos\\\/#article\",\"isPartOf\":{\"@id\":\"https:\\\/\\\/veredes.es\\\/blog\\\/12-vpo-en-cangas-hermo-iglesias-veiga-arquitectos\\\/\"},\"author\":{\"name\":\"veredes\",\"@id\":\"https:\\\/\\\/veredes.es\\\/blog\\\/#\\\/schema\\\/person\\\/0bbb669073ef7faba5168a0844e93d2c\"},\"headline\":\"12 VPO en Cangas | Hermo Iglesias Veiga Arquitectos\",\"datePublished\":\"2014-08-20T06:45:47+00:00\",\"dateModified\":\"2020-01-20T09:38:34+00:00\",\"mainEntityOfPage\":{\"@id\":\"https:\\\/\\\/veredes.es\\\/blog\\\/12-vpo-en-cangas-hermo-iglesias-veiga-arquitectos\\\/\"},\"wordCount\":765,\"commentCount\":0,\"publisher\":{\"@id\":\"https:\\\/\\\/veredes.es\\\/blog\\\/#organization\"},\"image\":{\"@id\":\"https:\\\/\\\/veredes.es\\\/blog\\\/12-vpo-en-cangas-hermo-iglesias-veiga-arquitectos\\\/#primaryimage\"},\"thumbnailUrl\":\"https:\\\/\\\/veredes.es\\\/blog\\\/wp-content\\\/uploads\\\/2013\\\/10\\\/hiva_vpachoupana_04_ext04.jpg\",\"keywords\":[\"A Coru\u00f1a\",\"arquitectura gallega\",\"Espa\u00f1a\",\"Galicia\",\"hermo iglesias veiga arquitectos\",\"iv\u00e1n l\u00f3pez veiga\",\"juan iglesias bab\u00edo\",\"Pontevedra\",\"v\u00edctor hermo s\u00e1nchez\",\"vivienda colectiva\",\"vivienda vpo\"],\"articleSection\":[\"arquitectura\",\"obras\",\"slider principal\",\"vivienda colectiva\"],\"inLanguage\":\"es\",\"potentialAction\":[{\"@type\":\"CommentAction\",\"name\":\"Comment\",\"target\":[\"https:\\\/\\\/veredes.es\\\/blog\\\/12-vpo-en-cangas-hermo-iglesias-veiga-arquitectos\\\/#respond\"]}]},{\"@type\":\"WebPage\",\"@id\":\"https:\\\/\\\/veredes.es\\\/blog\\\/12-vpo-en-cangas-hermo-iglesias-veiga-arquitectos\\\/\",\"url\":\"https:\\\/\\\/veredes.es\\\/blog\\\/12-vpo-en-cangas-hermo-iglesias-veiga-arquitectos\\\/\",\"name\":\"12 VPO en Cangas | Hermo Iglesias Veiga Arquitectos\",\"isPartOf\":{\"@id\":\"https:\\\/\\\/veredes.es\\\/blog\\\/#website\"},\"primaryImageOfPage\":{\"@id\":\"https:\\\/\\\/veredes.es\\\/blog\\\/12-vpo-en-cangas-hermo-iglesias-veiga-arquitectos\\\/#primaryimage\"},\"image\":{\"@id\":\"https:\\\/\\\/veredes.es\\\/blog\\\/12-vpo-en-cangas-hermo-iglesias-veiga-arquitectos\\\/#primaryimage\"},\"thumbnailUrl\":\"https:\\\/\\\/veredes.es\\\/blog\\\/wp-content\\\/uploads\\\/2013\\\/10\\\/hiva_vpachoupana_04_ext04.jpg\",\"datePublished\":\"2014-08-20T06:45:47+00:00\",\"dateModified\":\"2020-01-20T09:38:34+00:00\",\"description\":\"12 VPO en Cangas\",\"breadcrumb\":{\"@id\":\"https:\\\/\\\/veredes.es\\\/blog\\\/12-vpo-en-cangas-hermo-iglesias-veiga-arquitectos\\\/#breadcrumb\"},\"inLanguage\":\"es\",\"potentialAction\":[{\"@type\":\"ReadAction\",\"target\":[\"https:\\\/\\\/veredes.es\\\/blog\\\/12-vpo-en-cangas-hermo-iglesias-veiga-arquitectos\\\/\"]}]},{\"@type\":\"ImageObject\",\"inLanguage\":\"es\",\"@id\":\"https:\\\/\\\/veredes.es\\\/blog\\\/12-vpo-en-cangas-hermo-iglesias-veiga-arquitectos\\\/#primaryimage\",\"url\":\"https:\\\/\\\/veredes.es\\\/blog\\\/wp-content\\\/uploads\\\/2013\\\/10\\\/hiva_vpachoupana_04_ext04.jpg\",\"contentUrl\":\"https:\\\/\\\/veredes.es\\\/blog\\\/wp-content\\\/uploads\\\/2013\\\/10\\\/hiva_vpachoupana_04_ext04.jpg\",\"width\":\"533\",\"height\":\"800\"},{\"@type\":\"BreadcrumbList\",\"@id\":\"https:\\\/\\\/veredes.es\\\/blog\\\/12-vpo-en-cangas-hermo-iglesias-veiga-arquitectos\\\/#breadcrumb\",\"itemListElement\":[{\"@type\":\"ListItem\",\"position\":1,\"name\":\"Portada\",\"item\":\"https:\\\/\\\/veredes.es\\\/blog\\\/\"},{\"@type\":\"ListItem\",\"position\":2,\"name\":\"12 VPO en Cangas | Hermo Iglesias Veiga Arquitectos\"}]},{\"@type\":\"WebSite\",\"@id\":\"https:\\\/\\\/veredes.es\\\/blog\\\/#website\",\"url\":\"https:\\\/\\\/veredes.es\\\/blog\\\/\",\"name\":\"veredes, arquitectura y divulgaci\u00f3n\",\"description\":\"veredes\",\"publisher\":{\"@id\":\"https:\\\/\\\/veredes.es\\\/blog\\\/#organization\"},\"alternateName\":\"veredes\",\"potentialAction\":[{\"@type\":\"SearchAction\",\"target\":{\"@type\":\"EntryPoint\",\"urlTemplate\":\"https:\\\/\\\/veredes.es\\\/blog\\\/?s={search_term_string}\"},\"query-input\":{\"@type\":\"PropertyValueSpecification\",\"valueRequired\":true,\"valueName\":\"search_term_string\"}}],\"inLanguage\":\"es\"},{\"@type\":\"Organization\",\"@id\":\"https:\\\/\\\/veredes.es\\\/blog\\\/#organization\",\"name\":\"veredes, arquitectura y divulgaci\u00f3n\",\"alternateName\":\"veredes\",\"url\":\"https:\\\/\\\/veredes.es\\\/blog\\\/\",\"logo\":{\"@type\":\"ImageObject\",\"inLanguage\":\"es\",\"@id\":\"https:\\\/\\\/veredes.es\\\/blog\\\/#\\\/schema\\\/logo\\\/image\\\/\",\"url\":\"https:\\\/\\\/veredes.es\\\/blog\\\/wp-content\\\/uploads\\\/2021\\\/12\\\/veredes-logo-centrado_140x54.png\",\"contentUrl\":\"https:\\\/\\\/veredes.es\\\/blog\\\/wp-content\\\/uploads\\\/2021\\\/12\\\/veredes-logo-centrado_140x54.png\",\"width\":140,\"height\":54,\"caption\":\"veredes, arquitectura y divulgaci\u00f3n\"},\"image\":{\"@id\":\"https:\\\/\\\/veredes.es\\\/blog\\\/#\\\/schema\\\/logo\\\/image\\\/\"},\"sameAs\":[\"https:\\\/\\\/www.facebook.com\\\/veredesArquitecturayDivulgacion\\\/\",\"https:\\\/\\\/x.com\\\/veredes\",\"https:\\\/\\\/instagram.com\\\/veredes\\\/\",\"https:\\\/\\\/www.linkedin.com\\\/company\\\/veredes-arquitectura-y-divulgacion\\\/\",\"https:\\\/\\\/es.pinterest.com\\\/veredes\\\/\",\"https:\\\/\\\/www.tumblr.com\\\/veredes\"]},{\"@type\":\"Person\",\"@id\":\"https:\\\/\\\/veredes.es\\\/blog\\\/#\\\/schema\\\/person\\\/0bbb669073ef7faba5168a0844e93d2c\",\"name\":\"veredes\",\"image\":{\"@type\":\"ImageObject\",\"inLanguage\":\"es\",\"@id\":\"https:\\\/\\\/veredes.es\\\/blog\\\/wp-content\\\/uploads\\\/2018\\\/04\\\/face-96x96.jpg\",\"url\":\"https:\\\/\\\/veredes.es\\\/blog\\\/wp-content\\\/uploads\\\/2018\\\/04\\\/face-96x96.jpg\",\"contentUrl\":\"https:\\\/\\\/veredes.es\\\/blog\\\/wp-content\\\/uploads\\\/2018\\\/04\\\/face-96x96.jpg\",\"caption\":\"veredes\"},\"description\":\"Surge enero de 2009 como b\u00fasqueda de satisfacer el conocimiento de la actividad arquitect\u00f3nica y tangentes que se generan. La idea es crear un espacio para divulgar los diversos proyectos en busca de nueva inspiraci\u00f3n y de intercambio.\",\"sameAs\":[\"https:\\\/\\\/veredes.es\\\/\",\"https:\\\/\\\/www.facebook.com\\\/veredesArquitecturayDivulgacion\\\/\",\"https:\\\/\\\/www.instagram.com\\\/veredes\\\/\",\"https:\\\/\\\/www.linkedin.com\\\/company\\\/veredes-arquitectura-y-divulgacion\\\/\",\"https:\\\/\\\/www.pinterest.es\\\/veredes\\\/\",\"https:\\\/\\\/x.com\\\/https:\\\/\\\/twitter.com\\\/veredes\",\"https:\\\/\\\/veredes.tumblr.com\\\/\"],\"url\":\"https:\\\/\\\/veredes.es\\\/blog\\\/author\\\/alberto\\\/\"}]}<\/script>\n<!-- \/ Yoast SEO plugin. -->","yoast_head_json":{"title":"12 VPO en Cangas | Hermo Iglesias Veiga Arquitectos","description":"12 VPO en Cangas","robots":{"index":"index","follow":"follow","max-snippet":"max-snippet:-1","max-image-preview":"max-image-preview:large","max-video-preview":"max-video-preview:-1"},"canonical":"https:\/\/veredes.es\/blog\/12-vpo-en-cangas-hermo-iglesias-veiga-arquitectos\/","og_locale":"es_ES","og_type":"article","og_title":"12 VPO en Cangas | Hermo Iglesias Veiga Arquitectos","og_description":"12 VPO en Cangas","og_url":"https:\/\/veredes.es\/blog\/12-vpo-en-cangas-hermo-iglesias-veiga-arquitectos\/","og_site_name":"veredes, arquitectura y divulgaci\u00f3n","article_publisher":"https:\/\/www.facebook.com\/veredesArquitecturayDivulgacion\/","article_author":"https:\/\/www.facebook.com\/veredesArquitecturayDivulgacion\/","article_published_time":"2014-08-20T06:45:47+00:00","article_modified_time":"2020-01-20T09:38:34+00:00","og_image":[{"width":533,"height":800,"url":"https:\/\/veredes.es\/blog\/wp-content\/uploads\/2013\/10\/hiva_vpachoupana_04_ext04.jpg","type":"image\/jpeg"}],"author":"veredes","twitter_card":"summary_large_image","twitter_creator":"@https:\/\/twitter.com\/veredes","twitter_site":"@veredes","twitter_misc":{"Escrito por":"veredes","Tiempo de lectura":"4 minutos"},"schema":{"@context":"https:\/\/schema.org","@graph":[{"@type":"Article","@id":"https:\/\/veredes.es\/blog\/12-vpo-en-cangas-hermo-iglesias-veiga-arquitectos\/#article","isPartOf":{"@id":"https:\/\/veredes.es\/blog\/12-vpo-en-cangas-hermo-iglesias-veiga-arquitectos\/"},"author":{"name":"veredes","@id":"https:\/\/veredes.es\/blog\/#\/schema\/person\/0bbb669073ef7faba5168a0844e93d2c"},"headline":"12 VPO en Cangas | Hermo Iglesias Veiga Arquitectos","datePublished":"2014-08-20T06:45:47+00:00","dateModified":"2020-01-20T09:38:34+00:00","mainEntityOfPage":{"@id":"https:\/\/veredes.es\/blog\/12-vpo-en-cangas-hermo-iglesias-veiga-arquitectos\/"},"wordCount":765,"commentCount":0,"publisher":{"@id":"https:\/\/veredes.es\/blog\/#organization"},"image":{"@id":"https:\/\/veredes.es\/blog\/12-vpo-en-cangas-hermo-iglesias-veiga-arquitectos\/#primaryimage"},"thumbnailUrl":"https:\/\/veredes.es\/blog\/wp-content\/uploads\/2013\/10\/hiva_vpachoupana_04_ext04.jpg","keywords":["A Coru\u00f1a","arquitectura gallega","Espa\u00f1a","Galicia","hermo iglesias veiga arquitectos","iv\u00e1n l\u00f3pez veiga","juan iglesias bab\u00edo","Pontevedra","v\u00edctor hermo s\u00e1nchez","vivienda colectiva","vivienda vpo"],"articleSection":["arquitectura","obras","slider principal","vivienda colectiva"],"inLanguage":"es","potentialAction":[{"@type":"CommentAction","name":"Comment","target":["https:\/\/veredes.es\/blog\/12-vpo-en-cangas-hermo-iglesias-veiga-arquitectos\/#respond"]}]},{"@type":"WebPage","@id":"https:\/\/veredes.es\/blog\/12-vpo-en-cangas-hermo-iglesias-veiga-arquitectos\/","url":"https:\/\/veredes.es\/blog\/12-vpo-en-cangas-hermo-iglesias-veiga-arquitectos\/","name":"12 VPO en Cangas | Hermo Iglesias Veiga Arquitectos","isPartOf":{"@id":"https:\/\/veredes.es\/blog\/#website"},"primaryImageOfPage":{"@id":"https:\/\/veredes.es\/blog\/12-vpo-en-cangas-hermo-iglesias-veiga-arquitectos\/#primaryimage"},"image":{"@id":"https:\/\/veredes.es\/blog\/12-vpo-en-cangas-hermo-iglesias-veiga-arquitectos\/#primaryimage"},"thumbnailUrl":"https:\/\/veredes.es\/blog\/wp-content\/uploads\/2013\/10\/hiva_vpachoupana_04_ext04.jpg","datePublished":"2014-08-20T06:45:47+00:00","dateModified":"2020-01-20T09:38:34+00:00","description":"12 VPO en Cangas","breadcrumb":{"@id":"https:\/\/veredes.es\/blog\/12-vpo-en-cangas-hermo-iglesias-veiga-arquitectos\/#breadcrumb"},"inLanguage":"es","potentialAction":[{"@type":"ReadAction","target":["https:\/\/veredes.es\/blog\/12-vpo-en-cangas-hermo-iglesias-veiga-arquitectos\/"]}]},{"@type":"ImageObject","inLanguage":"es","@id":"https:\/\/veredes.es\/blog\/12-vpo-en-cangas-hermo-iglesias-veiga-arquitectos\/#primaryimage","url":"https:\/\/veredes.es\/blog\/wp-content\/uploads\/2013\/10\/hiva_vpachoupana_04_ext04.jpg","contentUrl":"https:\/\/veredes.es\/blog\/wp-content\/uploads\/2013\/10\/hiva_vpachoupana_04_ext04.jpg","width":"533","height":"800"},{"@type":"BreadcrumbList","@id":"https:\/\/veredes.es\/blog\/12-vpo-en-cangas-hermo-iglesias-veiga-arquitectos\/#breadcrumb","itemListElement":[{"@type":"ListItem","position":1,"name":"Portada","item":"https:\/\/veredes.es\/blog\/"},{"@type":"ListItem","position":2,"name":"12 VPO en Cangas | Hermo Iglesias Veiga Arquitectos"}]},{"@type":"WebSite","@id":"https:\/\/veredes.es\/blog\/#website","url":"https:\/\/veredes.es\/blog\/","name":"veredes, arquitectura y divulgaci\u00f3n","description":"veredes","publisher":{"@id":"https:\/\/veredes.es\/blog\/#organization"},"alternateName":"veredes","potentialAction":[{"@type":"SearchAction","target":{"@type":"EntryPoint","urlTemplate":"https:\/\/veredes.es\/blog\/?s={search_term_string}"},"query-input":{"@type":"PropertyValueSpecification","valueRequired":true,"valueName":"search_term_string"}}],"inLanguage":"es"},{"@type":"Organization","@id":"https:\/\/veredes.es\/blog\/#organization","name":"veredes, arquitectura y divulgaci\u00f3n","alternateName":"veredes","url":"https:\/\/veredes.es\/blog\/","logo":{"@type":"ImageObject","inLanguage":"es","@id":"https:\/\/veredes.es\/blog\/#\/schema\/logo\/image\/","url":"https:\/\/veredes.es\/blog\/wp-content\/uploads\/2021\/12\/veredes-logo-centrado_140x54.png","contentUrl":"https:\/\/veredes.es\/blog\/wp-content\/uploads\/2021\/12\/veredes-logo-centrado_140x54.png","width":140,"height":54,"caption":"veredes, arquitectura y divulgaci\u00f3n"},"image":{"@id":"https:\/\/veredes.es\/blog\/#\/schema\/logo\/image\/"},"sameAs":["https:\/\/www.facebook.com\/veredesArquitecturayDivulgacion\/","https:\/\/x.com\/veredes","https:\/\/instagram.com\/veredes\/","https:\/\/www.linkedin.com\/company\/veredes-arquitectura-y-divulgacion\/","https:\/\/es.pinterest.com\/veredes\/","https:\/\/www.tumblr.com\/veredes"]},{"@type":"Person","@id":"https:\/\/veredes.es\/blog\/#\/schema\/person\/0bbb669073ef7faba5168a0844e93d2c","name":"veredes","image":{"@type":"ImageObject","inLanguage":"es","@id":"https:\/\/veredes.es\/blog\/wp-content\/uploads\/2018\/04\/face-96x96.jpg","url":"https:\/\/veredes.es\/blog\/wp-content\/uploads\/2018\/04\/face-96x96.jpg","contentUrl":"https:\/\/veredes.es\/blog\/wp-content\/uploads\/2018\/04\/face-96x96.jpg","caption":"veredes"},"description":"Surge enero de 2009 como b\u00fasqueda de satisfacer el conocimiento de la actividad arquitect\u00f3nica y tangentes que se generan. La idea es crear un espacio para divulgar los diversos proyectos en busca de nueva inspiraci\u00f3n y de intercambio.","sameAs":["https:\/\/veredes.es\/","https:\/\/www.facebook.com\/veredesArquitecturayDivulgacion\/","https:\/\/www.instagram.com\/veredes\/","https:\/\/www.linkedin.com\/company\/veredes-arquitectura-y-divulgacion\/","https:\/\/www.pinterest.es\/veredes\/","https:\/\/x.com\/https:\/\/twitter.com\/veredes","https:\/\/veredes.tumblr.com\/"],"url":"https:\/\/veredes.es\/blog\/author\/alberto\/"}]}},"_links":{"self":[{"href":"https:\/\/veredes.es\/blog\/wp-json\/wp\/v2\/posts\/35240","targetHints":{"allow":["GET"]}}],"collection":[{"href":"https:\/\/veredes.es\/blog\/wp-json\/wp\/v2\/posts"}],"about":[{"href":"https:\/\/veredes.es\/blog\/wp-json\/wp\/v2\/types\/post"}],"author":[{"embeddable":true,"href":"https:\/\/veredes.es\/blog\/wp-json\/wp\/v2\/users\/2"}],"replies":[{"embeddable":true,"href":"https:\/\/veredes.es\/blog\/wp-json\/wp\/v2\/comments?post=35240"}],"version-history":[{"count":0,"href":"https:\/\/veredes.es\/blog\/wp-json\/wp\/v2\/posts\/35240\/revisions"}],"wp:featuredmedia":[{"embeddable":true,"href":"https:\/\/veredes.es\/blog\/wp-json\/wp\/v2\/media\/35667"}],"wp:attachment":[{"href":"https:\/\/veredes.es\/blog\/wp-json\/wp\/v2\/media?parent=35240"}],"wp:term":[{"taxonomy":"category","embeddable":true,"href":"https:\/\/veredes.es\/blog\/wp-json\/wp\/v2\/categories?post=35240"},{"taxonomy":"post_tag","embeddable":true,"href":"https:\/\/veredes.es\/blog\/wp-json\/wp\/v2\/tags?post=35240"}],"curies":[{"name":"wp","href":"https:\/\/api.w.org\/{rel}","templated":true}]}}