{"id":3487,"date":"2010-04-26T08:00:16","date_gmt":"2010-04-26T08:00:16","guid":{"rendered":"http:\/\/veredes.es\/blog\/?p=3487"},"modified":"2021-07-05T08:45:23","modified_gmt":"2021-07-05T06:45:23","slug":"edificio-de-oficinas-de-granitos-ibericos-muinoscarballo","status":"publish","type":"post","link":"https:\/\/veredes.es\/blog\/edificio-de-oficinas-de-granitos-ibericos-muinoscarballo\/","title":{"rendered":"Edificio de oficinas de Granitos Ib\u00e9ricos | Mui\u00f1os+Carballo"},"content":{"rendered":"<p><\/p>\n<p style=\"text-align: justify;\">El presente Proyecto, consiste en la construcci\u00f3n de un edificio de oficinas, desarrollado en planta s\u00f3tano, baja y alta.\u00a0Las bases de partida para la realizaci\u00f3n del proyecto son, principalmente, las de crear un elemento de referencia dentro del pol\u00edgono industrial, un espacio de trabajo c\u00f3modo y de calidad ambiental, al tiempo que debe ser una muestra del producto que la f\u00e1brica promociona.<\/p>\n<p style=\"text-align: justify;\">La roca abierta y la monta\u00f1a fracturada que se muestra en las canteras de granito de O Porri\u00f1o, son el punto de partida y la referencia del proyecto. El edificio se consolida como dos grandes s\u00f3lidos gran\u00edticos blancos, que sobresales del terreno y en el que las largas vetas negras configuran las entradas de luz, cosidos y relacionados a trav\u00e9s de un gran n\u00facleo central donde el granito rojo rub\u00ed y la veta negra se mezclan y confunden.<\/p>\n<p style=\"text-align: justify;\"><a href=\"https:\/\/veredes.es\/blog\/wp-content\/uploads\/2010\/03\/01.-GI.jpg\"><img loading=\"lazy\" decoding=\"async\" class=\"alignnone  wp-image-4340\" title=\"01. GI\" src=\"http:\/\/veredes.es\/blog\/wp-content\/uploads\/2010\/03\/01.-GI-300x143.jpg\" alt=\"\" width=\"620\" height=\"295\" \/><\/a><\/p>\n<p style=\"text-align: justify;\">El granito se consolida como elemento principal y la fachada trasventilada como el sistema constructivo para las fachadas.\u00a0El cuerpo central, concentrador de las comunicaciones, se convierte en el elemento expresivo del conjunto. Las grandes superficies acristaladas con vidrio oscurecido de protecci\u00f3n solar y las aplacadas con granito negro Zimbabwe conforman la piel exterior, que se cubre parcialmente con lamas de granito rojo rub\u00ed. Se pretende conseguir la tamizaci\u00f3n de la luz que penetra en el conjunto, evitar el efecto invernadero y configurar el cuerpo representativo del conjunto.<\/p>\n<p style=\"text-align: justify;\">En los cuerpos laterales de granito blanco ib\u00e9rico se distribuye el resto del programa, dividi\u00e9ndose seg\u00fan las necesidades program\u00e1ticas y configurando vol\u00famenes rotundos que se mezclan y solapan. Destacan especialmente la zona de exposici\u00f3n en la zona de acceso principal en planta baja y el volumen de direcci\u00f3n y reuniones, que vuela de manera maciza y opaca hacia la fachada de entrada para abrirse a la terraza que muestra la f\u00e1brica.\u00a0Se han realizado tambi\u00e9n los dise\u00f1os de los elementos de urbanizaci\u00f3n, cierre y control de la parcela.<\/p>\n<p style=\"text-align: justify;\">La parcela a edificar es de uso industrial dentro del pol\u00edgono industrial de A Granxa. La parcela tiene forma cuadrada, y sin pendientes apreciables.\u00a0Los accesos a la misma se realizan mediante las v\u00edas de servicio del propio pol\u00edgono.\u00a0Esta misma parcela tiene un frente a un vial de servicio interior del pol\u00edgono y otro a un vial de servicio interno.<\/p>\n<p style=\"text-align: justify;\">El objeto del presente proyecto es la construcci\u00f3n de un edificio de oficinas. Teniendo en cuenta el emplazamiento, las caracter\u00edsticas del terreno y las necesidades planteadas por la propiedad, se ha proyectado una edificaci\u00f3n de Planta S\u00f3tano, Baja y Alta, con la siguiente distribuci\u00f3n:<\/p>\n<p style=\"text-align: justify;\">Planta S\u00f3tano: un almac\u00e9n, un archivo general de servicio para el edificio, una sala de calderas, un aparcamiento para uso privado con una rampa de acceso exterior, y una escalera de acceso a planta baja.<\/p>\n<p style=\"text-align: justify;\">Planta Baja: una sala de exposiciones a modo de escaparate para muestrario del producto, un aula para conferencias, un almac\u00e9n, una sala de telecomunicaciones y ofim\u00e1tica, una oficina t\u00e9cnica, unos aseos, con un office anexo, un mostrador de expediciones, un staff, una oficina del director de f\u00e1brica, unas salas de reuniones y comerciales, una recepci\u00f3n y una escalera de acceso a planta primera.<\/p>\n<p style=\"text-align: justify;\">Planta Primera: es de uso administrativo y cuenta con unas oficinas de personal, tesorer\u00eda, comerciales, para director administrativo y comercial, un staff de administraci\u00f3n y comercial, dos salas de estancia, un office, la secretar\u00eda de direcci\u00f3n, la oficina del director general, un aseo, una sala de muestras, una sala para el consejo, una sala de espera y una terraza.<\/p>\n<div id='gallery-1' class='gallery galleryid-3487 gallery-columns-4 gallery-size-thumbnail'><figure class='gallery-item'>\n\t\t\t<div class='gallery-icon landscape'>\n\t\t\t\t<a href='https:\/\/veredes.es\/blog\/wp-content\/uploads\/2010\/04\/03.16-GI1.jpg'><img loading=\"lazy\" decoding=\"async\" width=\"120\" height=\"120\" src=\"https:\/\/veredes.es\/blog\/wp-content\/uploads\/2010\/04\/03.16-GI1-150x150.jpg\" class=\"attachment-thumbnail size-thumbnail\" alt=\"\" srcset=\"https:\/\/veredes.es\/blog\/wp-content\/uploads\/2010\/04\/03.16-GI1-150x150.jpg 150w, https:\/\/veredes.es\/blog\/wp-content\/uploads\/2010\/04\/03.16-GI1-120x120.jpg 120w\" sizes=\"auto, (max-width: 120px) 100vw, 120px\" \/><\/a>\n\t\t\t<\/div><\/figure><figure class='gallery-item'>\n\t\t\t<div class='gallery-icon landscape'>\n\t\t\t\t<a href='https:\/\/veredes.es\/blog\/wp-content\/uploads\/2010\/04\/03.15-GI1.jpg'><img loading=\"lazy\" decoding=\"async\" width=\"120\" height=\"120\" src=\"https:\/\/veredes.es\/blog\/wp-content\/uploads\/2010\/04\/03.15-GI1-150x150.jpg\" class=\"attachment-thumbnail size-thumbnail\" alt=\"\" srcset=\"https:\/\/veredes.es\/blog\/wp-content\/uploads\/2010\/04\/03.15-GI1-150x150.jpg 150w, https:\/\/veredes.es\/blog\/wp-content\/uploads\/2010\/04\/03.15-GI1-120x120.jpg 120w\" sizes=\"auto, (max-width: 120px) 100vw, 120px\" \/><\/a>\n\t\t\t<\/div><\/figure><figure class='gallery-item'>\n\t\t\t<div class='gallery-icon landscape'>\n\t\t\t\t<a href='https:\/\/veredes.es\/blog\/wp-content\/uploads\/2010\/04\/03.14-GI1.jpg'><img loading=\"lazy\" decoding=\"async\" width=\"120\" height=\"120\" src=\"https:\/\/veredes.es\/blog\/wp-content\/uploads\/2010\/04\/03.14-GI1-150x150.jpg\" class=\"attachment-thumbnail size-thumbnail\" alt=\"\" srcset=\"https:\/\/veredes.es\/blog\/wp-content\/uploads\/2010\/04\/03.14-GI1-150x150.jpg 150w, https:\/\/veredes.es\/blog\/wp-content\/uploads\/2010\/04\/03.14-GI1-120x120.jpg 120w\" sizes=\"auto, (max-width: 120px) 100vw, 120px\" \/><\/a>\n\t\t\t<\/div><\/figure><figure class='gallery-item'>\n\t\t\t<div class='gallery-icon landscape'>\n\t\t\t\t<a href='https:\/\/veredes.es\/blog\/wp-content\/uploads\/2010\/04\/03.13-GI1.jpg'><img loading=\"lazy\" decoding=\"async\" width=\"120\" height=\"120\" src=\"https:\/\/veredes.es\/blog\/wp-content\/uploads\/2010\/04\/03.13-GI1-150x150.jpg\" class=\"attachment-thumbnail size-thumbnail\" alt=\"\" srcset=\"https:\/\/veredes.es\/blog\/wp-content\/uploads\/2010\/04\/03.13-GI1-150x150.jpg 150w, https:\/\/veredes.es\/blog\/wp-content\/uploads\/2010\/04\/03.13-GI1-120x120.jpg 120w\" sizes=\"auto, (max-width: 120px) 100vw, 120px\" \/><\/a>\n\t\t\t<\/div><\/figure><figure class='gallery-item'>\n\t\t\t<div class='gallery-icon landscape'>\n\t\t\t\t<a href='https:\/\/veredes.es\/blog\/wp-content\/uploads\/2010\/04\/03.12-GI1.jpg'><img loading=\"lazy\" decoding=\"async\" width=\"120\" height=\"120\" src=\"https:\/\/veredes.es\/blog\/wp-content\/uploads\/2010\/04\/03.12-GI1-150x150.jpg\" class=\"attachment-thumbnail size-thumbnail\" alt=\"\" srcset=\"https:\/\/veredes.es\/blog\/wp-content\/uploads\/2010\/04\/03.12-GI1-150x150.jpg 150w, https:\/\/veredes.es\/blog\/wp-content\/uploads\/2010\/04\/03.12-GI1-120x120.jpg 120w\" sizes=\"auto, (max-width: 120px) 100vw, 120px\" \/><\/a>\n\t\t\t<\/div><\/figure><figure class='gallery-item'>\n\t\t\t<div class='gallery-icon landscape'>\n\t\t\t\t<a href='https:\/\/veredes.es\/blog\/wp-content\/uploads\/2010\/04\/03.11-GI1.jpg'><img loading=\"lazy\" decoding=\"async\" width=\"120\" height=\"120\" src=\"https:\/\/veredes.es\/blog\/wp-content\/uploads\/2010\/04\/03.11-GI1-150x150.jpg\" class=\"attachment-thumbnail size-thumbnail\" alt=\"\" srcset=\"https:\/\/veredes.es\/blog\/wp-content\/uploads\/2010\/04\/03.11-GI1-150x150.jpg 150w, https:\/\/veredes.es\/blog\/wp-content\/uploads\/2010\/04\/03.11-GI1-120x120.jpg 120w\" sizes=\"auto, (max-width: 120px) 100vw, 120px\" \/><\/a>\n\t\t\t<\/div><\/figure><figure class='gallery-item'>\n\t\t\t<div class='gallery-icon landscape'>\n\t\t\t\t<a href='https:\/\/veredes.es\/blog\/wp-content\/uploads\/2010\/04\/03.10-GI1.jpg'><img loading=\"lazy\" decoding=\"async\" width=\"120\" height=\"120\" src=\"https:\/\/veredes.es\/blog\/wp-content\/uploads\/2010\/04\/03.10-GI1-150x150.jpg\" class=\"attachment-thumbnail size-thumbnail\" alt=\"\" srcset=\"https:\/\/veredes.es\/blog\/wp-content\/uploads\/2010\/04\/03.10-GI1-150x150.jpg 150w, https:\/\/veredes.es\/blog\/wp-content\/uploads\/2010\/04\/03.10-GI1-120x120.jpg 120w\" sizes=\"auto, (max-width: 120px) 100vw, 120px\" \/><\/a>\n\t\t\t<\/div><\/figure><figure class='gallery-item'>\n\t\t\t<div class='gallery-icon portrait'>\n\t\t\t\t<a href='https:\/\/veredes.es\/blog\/wp-content\/uploads\/2010\/04\/03.09-GI1.jpg'><img loading=\"lazy\" decoding=\"async\" width=\"120\" height=\"120\" src=\"https:\/\/veredes.es\/blog\/wp-content\/uploads\/2010\/04\/03.09-GI1-150x150.jpg\" class=\"attachment-thumbnail size-thumbnail\" alt=\"\" srcset=\"https:\/\/veredes.es\/blog\/wp-content\/uploads\/2010\/04\/03.09-GI1-150x150.jpg 150w, https:\/\/veredes.es\/blog\/wp-content\/uploads\/2010\/04\/03.09-GI1-120x120.jpg 120w\" sizes=\"auto, (max-width: 120px) 100vw, 120px\" \/><\/a>\n\t\t\t<\/div><\/figure><figure class='gallery-item'>\n\t\t\t<div class='gallery-icon portrait'>\n\t\t\t\t<a href='https:\/\/veredes.es\/blog\/wp-content\/uploads\/2010\/04\/03.08-GI1.jpg'><img loading=\"lazy\" decoding=\"async\" width=\"120\" height=\"120\" src=\"https:\/\/veredes.es\/blog\/wp-content\/uploads\/2010\/04\/03.08-GI1-150x150.jpg\" class=\"attachment-thumbnail size-thumbnail\" alt=\"\" srcset=\"https:\/\/veredes.es\/blog\/wp-content\/uploads\/2010\/04\/03.08-GI1-150x150.jpg 150w, https:\/\/veredes.es\/blog\/wp-content\/uploads\/2010\/04\/03.08-GI1-120x120.jpg 120w\" sizes=\"auto, (max-width: 120px) 100vw, 120px\" \/><\/a>\n\t\t\t<\/div><\/figure><figure class='gallery-item'>\n\t\t\t<div class='gallery-icon landscape'>\n\t\t\t\t<a href='https:\/\/veredes.es\/blog\/wp-content\/uploads\/2010\/04\/03.07-GI1.jpg'><img loading=\"lazy\" decoding=\"async\" width=\"120\" height=\"120\" src=\"https:\/\/veredes.es\/blog\/wp-content\/uploads\/2010\/04\/03.07-GI1-150x150.jpg\" class=\"attachment-thumbnail size-thumbnail\" alt=\"\" srcset=\"https:\/\/veredes.es\/blog\/wp-content\/uploads\/2010\/04\/03.07-GI1-150x150.jpg 150w, https:\/\/veredes.es\/blog\/wp-content\/uploads\/2010\/04\/03.07-GI1-120x120.jpg 120w\" sizes=\"auto, (max-width: 120px) 100vw, 120px\" \/><\/a>\n\t\t\t<\/div><\/figure><figure class='gallery-item'>\n\t\t\t<div class='gallery-icon landscape'>\n\t\t\t\t<a href='https:\/\/veredes.es\/blog\/wp-content\/uploads\/2010\/04\/03.06-GI1.jpg'><img loading=\"lazy\" decoding=\"async\" width=\"120\" height=\"120\" src=\"https:\/\/veredes.es\/blog\/wp-content\/uploads\/2010\/04\/03.06-GI1-150x150.jpg\" class=\"attachment-thumbnail size-thumbnail\" alt=\"\" srcset=\"https:\/\/veredes.es\/blog\/wp-content\/uploads\/2010\/04\/03.06-GI1-150x150.jpg 150w, https:\/\/veredes.es\/blog\/wp-content\/uploads\/2010\/04\/03.06-GI1-120x120.jpg 120w\" sizes=\"auto, (max-width: 120px) 100vw, 120px\" \/><\/a>\n\t\t\t<\/div><\/figure><figure class='gallery-item'>\n\t\t\t<div class='gallery-icon landscape'>\n\t\t\t\t<a href='https:\/\/veredes.es\/blog\/wp-content\/uploads\/2010\/04\/03.05-GI1.jpg'><img loading=\"lazy\" decoding=\"async\" width=\"120\" height=\"120\" src=\"https:\/\/veredes.es\/blog\/wp-content\/uploads\/2010\/04\/03.05-GI1-150x150.jpg\" class=\"attachment-thumbnail size-thumbnail\" alt=\"\" srcset=\"https:\/\/veredes.es\/blog\/wp-content\/uploads\/2010\/04\/03.05-GI1-150x150.jpg 150w, https:\/\/veredes.es\/blog\/wp-content\/uploads\/2010\/04\/03.05-GI1-120x120.jpg 120w\" sizes=\"auto, (max-width: 120px) 100vw, 120px\" \/><\/a>\n\t\t\t<\/div><\/figure><figure class='gallery-item'>\n\t\t\t<div class='gallery-icon landscape'>\n\t\t\t\t<a href='https:\/\/veredes.es\/blog\/wp-content\/uploads\/2010\/04\/03.04-GI1.jpg'><img loading=\"lazy\" decoding=\"async\" width=\"120\" height=\"120\" src=\"https:\/\/veredes.es\/blog\/wp-content\/uploads\/2010\/04\/03.04-GI1-150x150.jpg\" class=\"attachment-thumbnail size-thumbnail\" alt=\"\" srcset=\"https:\/\/veredes.es\/blog\/wp-content\/uploads\/2010\/04\/03.04-GI1-150x150.jpg 150w, https:\/\/veredes.es\/blog\/wp-content\/uploads\/2010\/04\/03.04-GI1-120x120.jpg 120w\" sizes=\"auto, (max-width: 120px) 100vw, 120px\" \/><\/a>\n\t\t\t<\/div><\/figure><figure class='gallery-item'>\n\t\t\t<div class='gallery-icon landscape'>\n\t\t\t\t<a href='https:\/\/veredes.es\/blog\/wp-content\/uploads\/2010\/04\/03.03-GI1.jpg'><img loading=\"lazy\" decoding=\"async\" width=\"120\" height=\"120\" src=\"https:\/\/veredes.es\/blog\/wp-content\/uploads\/2010\/04\/03.03-GI1-150x150.jpg\" class=\"attachment-thumbnail size-thumbnail\" alt=\"\" srcset=\"https:\/\/veredes.es\/blog\/wp-content\/uploads\/2010\/04\/03.03-GI1-150x150.jpg 150w, https:\/\/veredes.es\/blog\/wp-content\/uploads\/2010\/04\/03.03-GI1-120x120.jpg 120w\" sizes=\"auto, (max-width: 120px) 100vw, 120px\" \/><\/a>\n\t\t\t<\/div><\/figure><figure class='gallery-item'>\n\t\t\t<div class='gallery-icon portrait'>\n\t\t\t\t<a href='https:\/\/veredes.es\/blog\/wp-content\/uploads\/2010\/04\/03.02-GI1.jpg'><img loading=\"lazy\" decoding=\"async\" width=\"120\" height=\"120\" src=\"https:\/\/veredes.es\/blog\/wp-content\/uploads\/2010\/04\/03.02-GI1-150x150.jpg\" class=\"attachment-thumbnail size-thumbnail\" alt=\"\" srcset=\"https:\/\/veredes.es\/blog\/wp-content\/uploads\/2010\/04\/03.02-GI1-150x150.jpg 150w, https:\/\/veredes.es\/blog\/wp-content\/uploads\/2010\/04\/03.02-GI1-120x120.jpg 120w\" sizes=\"auto, (max-width: 120px) 100vw, 120px\" \/><\/a>\n\t\t\t<\/div><\/figure><figure class='gallery-item'>\n\t\t\t<div class='gallery-icon landscape'>\n\t\t\t\t<a href='https:\/\/veredes.es\/blog\/wp-content\/uploads\/2010\/04\/03.01-GI1.jpg'><img loading=\"lazy\" decoding=\"async\" width=\"120\" height=\"120\" src=\"https:\/\/veredes.es\/blog\/wp-content\/uploads\/2010\/04\/03.01-GI1-150x150.jpg\" class=\"attachment-thumbnail size-thumbnail\" alt=\"\" srcset=\"https:\/\/veredes.es\/blog\/wp-content\/uploads\/2010\/04\/03.01-GI1-150x150.jpg 150w, https:\/\/veredes.es\/blog\/wp-content\/uploads\/2010\/04\/03.01-GI1-120x120.jpg 120w\" sizes=\"auto, (max-width: 120px) 100vw, 120px\" \/><\/a>\n\t\t\t<\/div><\/figure><figure class='gallery-item'>\n\t\t\t<div class='gallery-icon landscape'>\n\t\t\t\t<a href='https:\/\/veredes.es\/blog\/wp-content\/uploads\/2010\/04\/01.-GI.jpg'><img loading=\"lazy\" decoding=\"async\" width=\"120\" height=\"120\" src=\"https:\/\/veredes.es\/blog\/wp-content\/uploads\/2010\/04\/01.-GI-150x150.jpg\" class=\"attachment-thumbnail size-thumbnail\" alt=\"\" srcset=\"https:\/\/veredes.es\/blog\/wp-content\/uploads\/2010\/04\/01.-GI-150x150.jpg 150w, https:\/\/veredes.es\/blog\/wp-content\/uploads\/2010\/04\/01.-GI-120x120.jpg 120w\" sizes=\"auto, (max-width: 120px) 100vw, 120px\" \/><\/a>\n\t\t\t<\/div><\/figure>\n\t\t<\/div>\n\n<p>Obra: Edificio de oficinas de Granitos Ibericos<br \/>\nAutores: Mui\u00f1os+Carballo arquitectos<br \/>\nA\u00f1o: 2002-2003<br \/>\nEmplazamiento: Pol\u00edgono de \u201cA Granxa\u201d. O Porri\u00f1o.Espa\u00f1a<br \/>\nMemoria: Pablo Mui\u00f1os + Maria Jesus Carballo<br \/>\nFotografias: Pablo Mui\u00f1os +Maria Jesus Carballo<br \/>\n<span style=\"color: #888888;\">+ www.mcarquitectos.es<\/span><\/p>\n<p>+ premios<br \/>\n\u00b7 Premio Gran de Area a la aportaci\u00f3n a la arquitectura del COAG de Vigo<\/p>","protected":false},"excerpt":{"rendered":"<p>El presente Proyecto, consiste en la construcci\u00f3n de un edificio de oficinas, desarrollado en planta s\u00f3tano, baja y alta.\u00a0Las bases de partida para la realizaci\u00f3n del proyecto son, principalmente, las de crear un elemento de referencia dentro del pol\u00edgono industrial, un espacio de trabajo c\u00f3modo y de calidad ambiental, al tiempo que debe ser una [&hellip;]<\/p>\n","protected":false},"author":2,"featured_media":4340,"comment_status":"open","ping_status":"closed","sticky":false,"template":"","format":"standard","meta":{"footnotes":""},"categories":[34,52,23],"tags":[5865,12441,12450,521,1787,619,645,4142,4143,955,4141,1083,1215],"class_list":{"0":"post-3487","1":"post","2":"type-post","3":"status-publish","4":"format-standard","5":"has-post-thumbnail","7":"category-arquitectura","8":"category-equipamiento-terciario","9":"category-obras","10":"tag-arquitectura-gallega","11":"tag-equipamiento-comercial","13":"tag-espana","14":"tag-europa","15":"tag-galicia","16":"tag-granito","17":"tag-maria-jesus-carballo","18":"tag-muinoscarballo-arquitectos","19":"tag-oficina","20":"tag-pablo-muinos","21":"tag-porrino","22":"tag-sede"},"yoast_head":"<!-- This site is optimized with the Yoast SEO plugin v27.5 - https:\/\/yoast.com\/product\/yoast-seo-wordpress\/ -->\n<title>Edificio de oficinas de Granitos Ib\u00e9ricos | Mui\u00f1os+Carballo<\/title>\n<meta name=\"description\" content=\"Edificio de oficinas de Granitos Ib\u00e9ricos\" \/>\n<meta name=\"robots\" content=\"index, follow, max-snippet:-1, max-image-preview:large, max-video-preview:-1\" \/>\n<link rel=\"canonical\" href=\"https:\/\/veredes.es\/blog\/edificio-de-oficinas-de-granitos-ibericos-muinoscarballo\/\" \/>\n<meta property=\"og:locale\" content=\"es_ES\" \/>\n<meta property=\"og:type\" content=\"article\" \/>\n<meta property=\"og:title\" content=\"Edificio de oficinas de Granitos Ib\u00e9ricos | Mui\u00f1os+Carballo\" \/>\n<meta property=\"og:description\" content=\"Edificio de oficinas de Granitos Ib\u00e9ricos\" \/>\n<meta property=\"og:url\" content=\"https:\/\/veredes.es\/blog\/edificio-de-oficinas-de-granitos-ibericos-muinoscarballo\/\" \/>\n<meta property=\"og:site_name\" content=\"veredes, arquitectura y divulgaci\u00f3n\" \/>\n<meta property=\"article:publisher\" content=\"https:\/\/www.facebook.com\/veredesArquitecturayDivulgacion\/\" \/>\n<meta property=\"article:author\" content=\"https:\/\/www.facebook.com\/veredesArquitecturayDivulgacion\/\" \/>\n<meta property=\"article:published_time\" content=\"2010-04-26T08:00:16+00:00\" \/>\n<meta property=\"article:modified_time\" content=\"2021-07-05T06:45:23+00:00\" \/>\n<meta property=\"og:image\" content=\"https:\/\/veredes.es\/blog\/wp-content\/uploads\/2010\/04\/01.-GI.jpg\" \/>\n\t<meta property=\"og:image:width\" content=\"400\" \/>\n\t<meta property=\"og:image:height\" content=\"191\" \/>\n\t<meta property=\"og:image:type\" content=\"image\/jpeg\" \/>\n<meta name=\"author\" content=\"veredes\" \/>\n<meta name=\"twitter:card\" content=\"summary_large_image\" \/>\n<meta name=\"twitter:creator\" content=\"@https:\/\/twitter.com\/veredes\" \/>\n<meta name=\"twitter:site\" content=\"@veredes\" \/>\n<meta name=\"twitter:label1\" content=\"Escrito por\" \/>\n\t<meta name=\"twitter:data1\" content=\"veredes\" \/>\n\t<meta name=\"twitter:label2\" content=\"Tiempo de lectura\" \/>\n\t<meta name=\"twitter:data2\" content=\"10 minutos\" \/>\n<script type=\"application\/ld+json\" class=\"yoast-schema-graph\">{\"@context\":\"https:\\\/\\\/schema.org\",\"@graph\":[{\"@type\":\"Article\",\"@id\":\"https:\\\/\\\/veredes.es\\\/blog\\\/edificio-de-oficinas-de-granitos-ibericos-muinoscarballo\\\/#article\",\"isPartOf\":{\"@id\":\"https:\\\/\\\/veredes.es\\\/blog\\\/edificio-de-oficinas-de-granitos-ibericos-muinoscarballo\\\/\"},\"author\":{\"name\":\"veredes\",\"@id\":\"https:\\\/\\\/veredes.es\\\/blog\\\/#\\\/schema\\\/person\\\/0bbb669073ef7faba5168a0844e93d2c\"},\"headline\":\"Edificio de oficinas de Granitos Ib\u00e9ricos | Mui\u00f1os+Carballo\",\"datePublished\":\"2010-04-26T08:00:16+00:00\",\"dateModified\":\"2021-07-05T06:45:23+00:00\",\"mainEntityOfPage\":{\"@id\":\"https:\\\/\\\/veredes.es\\\/blog\\\/edificio-de-oficinas-de-granitos-ibericos-muinoscarballo\\\/\"},\"wordCount\":2031,\"commentCount\":541,\"publisher\":{\"@id\":\"https:\\\/\\\/veredes.es\\\/blog\\\/#organization\"},\"image\":{\"@id\":\"https:\\\/\\\/veredes.es\\\/blog\\\/edificio-de-oficinas-de-granitos-ibericos-muinoscarballo\\\/#primaryimage\"},\"thumbnailUrl\":\"https:\\\/\\\/veredes.es\\\/blog\\\/wp-content\\\/uploads\\\/2010\\\/04\\\/01.-GI.jpg\",\"keywords\":[\"arquitectura gallega\",\"equipamiento comercial\",\"equipamiento industrial\",\"Espa\u00f1a\",\"Europa\",\"Galicia\",\"granito\",\"maria jes\u00fas carballo\",\"mui\u00f1os+carballo arquitectos\",\"oficina\",\"pablo mui\u00f1os\",\"porri\u00f1o\",\"sede\"],\"articleSection\":[\"arquitectura\",\"equipamiento terciario\",\"obras\"],\"inLanguage\":\"es\",\"potentialAction\":[{\"@type\":\"CommentAction\",\"name\":\"Comment\",\"target\":[\"https:\\\/\\\/veredes.es\\\/blog\\\/edificio-de-oficinas-de-granitos-ibericos-muinoscarballo\\\/#respond\"]}]},{\"@type\":\"WebPage\",\"@id\":\"https:\\\/\\\/veredes.es\\\/blog\\\/edificio-de-oficinas-de-granitos-ibericos-muinoscarballo\\\/\",\"url\":\"https:\\\/\\\/veredes.es\\\/blog\\\/edificio-de-oficinas-de-granitos-ibericos-muinoscarballo\\\/\",\"name\":\"Edificio de oficinas de Granitos Ib\u00e9ricos | Mui\u00f1os+Carballo\",\"isPartOf\":{\"@id\":\"https:\\\/\\\/veredes.es\\\/blog\\\/#website\"},\"primaryImageOfPage\":{\"@id\":\"https:\\\/\\\/veredes.es\\\/blog\\\/edificio-de-oficinas-de-granitos-ibericos-muinoscarballo\\\/#primaryimage\"},\"image\":{\"@id\":\"https:\\\/\\\/veredes.es\\\/blog\\\/edificio-de-oficinas-de-granitos-ibericos-muinoscarballo\\\/#primaryimage\"},\"thumbnailUrl\":\"https:\\\/\\\/veredes.es\\\/blog\\\/wp-content\\\/uploads\\\/2010\\\/04\\\/01.-GI.jpg\",\"datePublished\":\"2010-04-26T08:00:16+00:00\",\"dateModified\":\"2021-07-05T06:45:23+00:00\",\"description\":\"Edificio de oficinas de Granitos Ib\u00e9ricos\",\"breadcrumb\":{\"@id\":\"https:\\\/\\\/veredes.es\\\/blog\\\/edificio-de-oficinas-de-granitos-ibericos-muinoscarballo\\\/#breadcrumb\"},\"inLanguage\":\"es\",\"potentialAction\":[{\"@type\":\"ReadAction\",\"target\":[\"https:\\\/\\\/veredes.es\\\/blog\\\/edificio-de-oficinas-de-granitos-ibericos-muinoscarballo\\\/\"]}]},{\"@type\":\"ImageObject\",\"inLanguage\":\"es\",\"@id\":\"https:\\\/\\\/veredes.es\\\/blog\\\/edificio-de-oficinas-de-granitos-ibericos-muinoscarballo\\\/#primaryimage\",\"url\":\"https:\\\/\\\/veredes.es\\\/blog\\\/wp-content\\\/uploads\\\/2010\\\/04\\\/01.-GI.jpg\",\"contentUrl\":\"https:\\\/\\\/veredes.es\\\/blog\\\/wp-content\\\/uploads\\\/2010\\\/04\\\/01.-GI.jpg\",\"width\":\"400\",\"height\":\"191\"},{\"@type\":\"BreadcrumbList\",\"@id\":\"https:\\\/\\\/veredes.es\\\/blog\\\/edificio-de-oficinas-de-granitos-ibericos-muinoscarballo\\\/#breadcrumb\",\"itemListElement\":[{\"@type\":\"ListItem\",\"position\":1,\"name\":\"Portada\",\"item\":\"https:\\\/\\\/veredes.es\\\/blog\\\/\"},{\"@type\":\"ListItem\",\"position\":2,\"name\":\"Edificio de oficinas de Granitos Ib\u00e9ricos | Mui\u00f1os+Carballo\"}]},{\"@type\":\"WebSite\",\"@id\":\"https:\\\/\\\/veredes.es\\\/blog\\\/#website\",\"url\":\"https:\\\/\\\/veredes.es\\\/blog\\\/\",\"name\":\"veredes, arquitectura y divulgaci\u00f3n\",\"description\":\"veredes\",\"publisher\":{\"@id\":\"https:\\\/\\\/veredes.es\\\/blog\\\/#organization\"},\"alternateName\":\"veredes\",\"potentialAction\":[{\"@type\":\"SearchAction\",\"target\":{\"@type\":\"EntryPoint\",\"urlTemplate\":\"https:\\\/\\\/veredes.es\\\/blog\\\/?s={search_term_string}\"},\"query-input\":{\"@type\":\"PropertyValueSpecification\",\"valueRequired\":true,\"valueName\":\"search_term_string\"}}],\"inLanguage\":\"es\"},{\"@type\":\"Organization\",\"@id\":\"https:\\\/\\\/veredes.es\\\/blog\\\/#organization\",\"name\":\"veredes, arquitectura y divulgaci\u00f3n\",\"alternateName\":\"veredes\",\"url\":\"https:\\\/\\\/veredes.es\\\/blog\\\/\",\"logo\":{\"@type\":\"ImageObject\",\"inLanguage\":\"es\",\"@id\":\"https:\\\/\\\/veredes.es\\\/blog\\\/#\\\/schema\\\/logo\\\/image\\\/\",\"url\":\"https:\\\/\\\/veredes.es\\\/blog\\\/wp-content\\\/uploads\\\/2021\\\/12\\\/veredes-logo-centrado_140x54.png\",\"contentUrl\":\"https:\\\/\\\/veredes.es\\\/blog\\\/wp-content\\\/uploads\\\/2021\\\/12\\\/veredes-logo-centrado_140x54.png\",\"width\":140,\"height\":54,\"caption\":\"veredes, arquitectura y divulgaci\u00f3n\"},\"image\":{\"@id\":\"https:\\\/\\\/veredes.es\\\/blog\\\/#\\\/schema\\\/logo\\\/image\\\/\"},\"sameAs\":[\"https:\\\/\\\/www.facebook.com\\\/veredesArquitecturayDivulgacion\\\/\",\"https:\\\/\\\/x.com\\\/veredes\",\"https:\\\/\\\/instagram.com\\\/veredes\\\/\",\"https:\\\/\\\/www.linkedin.com\\\/company\\\/veredes-arquitectura-y-divulgacion\\\/\",\"https:\\\/\\\/es.pinterest.com\\\/veredes\\\/\",\"https:\\\/\\\/www.tumblr.com\\\/veredes\"]},{\"@type\":\"Person\",\"@id\":\"https:\\\/\\\/veredes.es\\\/blog\\\/#\\\/schema\\\/person\\\/0bbb669073ef7faba5168a0844e93d2c\",\"name\":\"veredes\",\"image\":{\"@type\":\"ImageObject\",\"inLanguage\":\"es\",\"@id\":\"https:\\\/\\\/veredes.es\\\/blog\\\/wp-content\\\/uploads\\\/2018\\\/04\\\/face-96x96.jpg\",\"url\":\"https:\\\/\\\/veredes.es\\\/blog\\\/wp-content\\\/uploads\\\/2018\\\/04\\\/face-96x96.jpg\",\"contentUrl\":\"https:\\\/\\\/veredes.es\\\/blog\\\/wp-content\\\/uploads\\\/2018\\\/04\\\/face-96x96.jpg\",\"caption\":\"veredes\"},\"description\":\"Surge enero de 2009 como b\u00fasqueda de satisfacer el conocimiento de la actividad arquitect\u00f3nica y tangentes que se generan. La idea es crear un espacio para divulgar los diversos proyectos en busca de nueva inspiraci\u00f3n y de intercambio.\",\"sameAs\":[\"https:\\\/\\\/veredes.es\\\/\",\"https:\\\/\\\/www.facebook.com\\\/veredesArquitecturayDivulgacion\\\/\",\"https:\\\/\\\/www.instagram.com\\\/veredes\\\/\",\"https:\\\/\\\/www.linkedin.com\\\/company\\\/veredes-arquitectura-y-divulgacion\\\/\",\"https:\\\/\\\/www.pinterest.es\\\/veredes\\\/\",\"https:\\\/\\\/x.com\\\/https:\\\/\\\/twitter.com\\\/veredes\",\"https:\\\/\\\/veredes.tumblr.com\\\/\"],\"url\":\"https:\\\/\\\/veredes.es\\\/blog\\\/author\\\/alberto\\\/\"}]}<\/script>\n<!-- \/ Yoast SEO plugin. -->","yoast_head_json":{"title":"Edificio de oficinas de Granitos Ib\u00e9ricos | Mui\u00f1os+Carballo","description":"Edificio de oficinas de Granitos Ib\u00e9ricos","robots":{"index":"index","follow":"follow","max-snippet":"max-snippet:-1","max-image-preview":"max-image-preview:large","max-video-preview":"max-video-preview:-1"},"canonical":"https:\/\/veredes.es\/blog\/edificio-de-oficinas-de-granitos-ibericos-muinoscarballo\/","og_locale":"es_ES","og_type":"article","og_title":"Edificio de oficinas de Granitos Ib\u00e9ricos | Mui\u00f1os+Carballo","og_description":"Edificio de oficinas de Granitos Ib\u00e9ricos","og_url":"https:\/\/veredes.es\/blog\/edificio-de-oficinas-de-granitos-ibericos-muinoscarballo\/","og_site_name":"veredes, arquitectura y divulgaci\u00f3n","article_publisher":"https:\/\/www.facebook.com\/veredesArquitecturayDivulgacion\/","article_author":"https:\/\/www.facebook.com\/veredesArquitecturayDivulgacion\/","article_published_time":"2010-04-26T08:00:16+00:00","article_modified_time":"2021-07-05T06:45:23+00:00","og_image":[{"width":400,"height":191,"url":"https:\/\/veredes.es\/blog\/wp-content\/uploads\/2010\/04\/01.-GI.jpg","type":"image\/jpeg"}],"author":"veredes","twitter_card":"summary_large_image","twitter_creator":"@https:\/\/twitter.com\/veredes","twitter_site":"@veredes","twitter_misc":{"Escrito por":"veredes","Tiempo de lectura":"10 minutos"},"schema":{"@context":"https:\/\/schema.org","@graph":[{"@type":"Article","@id":"https:\/\/veredes.es\/blog\/edificio-de-oficinas-de-granitos-ibericos-muinoscarballo\/#article","isPartOf":{"@id":"https:\/\/veredes.es\/blog\/edificio-de-oficinas-de-granitos-ibericos-muinoscarballo\/"},"author":{"name":"veredes","@id":"https:\/\/veredes.es\/blog\/#\/schema\/person\/0bbb669073ef7faba5168a0844e93d2c"},"headline":"Edificio de oficinas de Granitos Ib\u00e9ricos | Mui\u00f1os+Carballo","datePublished":"2010-04-26T08:00:16+00:00","dateModified":"2021-07-05T06:45:23+00:00","mainEntityOfPage":{"@id":"https:\/\/veredes.es\/blog\/edificio-de-oficinas-de-granitos-ibericos-muinoscarballo\/"},"wordCount":2031,"commentCount":541,"publisher":{"@id":"https:\/\/veredes.es\/blog\/#organization"},"image":{"@id":"https:\/\/veredes.es\/blog\/edificio-de-oficinas-de-granitos-ibericos-muinoscarballo\/#primaryimage"},"thumbnailUrl":"https:\/\/veredes.es\/blog\/wp-content\/uploads\/2010\/04\/01.-GI.jpg","keywords":["arquitectura gallega","equipamiento comercial","equipamiento industrial","Espa\u00f1a","Europa","Galicia","granito","maria jes\u00fas carballo","mui\u00f1os+carballo arquitectos","oficina","pablo mui\u00f1os","porri\u00f1o","sede"],"articleSection":["arquitectura","equipamiento terciario","obras"],"inLanguage":"es","potentialAction":[{"@type":"CommentAction","name":"Comment","target":["https:\/\/veredes.es\/blog\/edificio-de-oficinas-de-granitos-ibericos-muinoscarballo\/#respond"]}]},{"@type":"WebPage","@id":"https:\/\/veredes.es\/blog\/edificio-de-oficinas-de-granitos-ibericos-muinoscarballo\/","url":"https:\/\/veredes.es\/blog\/edificio-de-oficinas-de-granitos-ibericos-muinoscarballo\/","name":"Edificio de oficinas de Granitos Ib\u00e9ricos | Mui\u00f1os+Carballo","isPartOf":{"@id":"https:\/\/veredes.es\/blog\/#website"},"primaryImageOfPage":{"@id":"https:\/\/veredes.es\/blog\/edificio-de-oficinas-de-granitos-ibericos-muinoscarballo\/#primaryimage"},"image":{"@id":"https:\/\/veredes.es\/blog\/edificio-de-oficinas-de-granitos-ibericos-muinoscarballo\/#primaryimage"},"thumbnailUrl":"https:\/\/veredes.es\/blog\/wp-content\/uploads\/2010\/04\/01.-GI.jpg","datePublished":"2010-04-26T08:00:16+00:00","dateModified":"2021-07-05T06:45:23+00:00","description":"Edificio de oficinas de Granitos Ib\u00e9ricos","breadcrumb":{"@id":"https:\/\/veredes.es\/blog\/edificio-de-oficinas-de-granitos-ibericos-muinoscarballo\/#breadcrumb"},"inLanguage":"es","potentialAction":[{"@type":"ReadAction","target":["https:\/\/veredes.es\/blog\/edificio-de-oficinas-de-granitos-ibericos-muinoscarballo\/"]}]},{"@type":"ImageObject","inLanguage":"es","@id":"https:\/\/veredes.es\/blog\/edificio-de-oficinas-de-granitos-ibericos-muinoscarballo\/#primaryimage","url":"https:\/\/veredes.es\/blog\/wp-content\/uploads\/2010\/04\/01.-GI.jpg","contentUrl":"https:\/\/veredes.es\/blog\/wp-content\/uploads\/2010\/04\/01.-GI.jpg","width":"400","height":"191"},{"@type":"BreadcrumbList","@id":"https:\/\/veredes.es\/blog\/edificio-de-oficinas-de-granitos-ibericos-muinoscarballo\/#breadcrumb","itemListElement":[{"@type":"ListItem","position":1,"name":"Portada","item":"https:\/\/veredes.es\/blog\/"},{"@type":"ListItem","position":2,"name":"Edificio de oficinas de Granitos Ib\u00e9ricos | Mui\u00f1os+Carballo"}]},{"@type":"WebSite","@id":"https:\/\/veredes.es\/blog\/#website","url":"https:\/\/veredes.es\/blog\/","name":"veredes, arquitectura y divulgaci\u00f3n","description":"veredes","publisher":{"@id":"https:\/\/veredes.es\/blog\/#organization"},"alternateName":"veredes","potentialAction":[{"@type":"SearchAction","target":{"@type":"EntryPoint","urlTemplate":"https:\/\/veredes.es\/blog\/?s={search_term_string}"},"query-input":{"@type":"PropertyValueSpecification","valueRequired":true,"valueName":"search_term_string"}}],"inLanguage":"es"},{"@type":"Organization","@id":"https:\/\/veredes.es\/blog\/#organization","name":"veredes, arquitectura y divulgaci\u00f3n","alternateName":"veredes","url":"https:\/\/veredes.es\/blog\/","logo":{"@type":"ImageObject","inLanguage":"es","@id":"https:\/\/veredes.es\/blog\/#\/schema\/logo\/image\/","url":"https:\/\/veredes.es\/blog\/wp-content\/uploads\/2021\/12\/veredes-logo-centrado_140x54.png","contentUrl":"https:\/\/veredes.es\/blog\/wp-content\/uploads\/2021\/12\/veredes-logo-centrado_140x54.png","width":140,"height":54,"caption":"veredes, arquitectura y divulgaci\u00f3n"},"image":{"@id":"https:\/\/veredes.es\/blog\/#\/schema\/logo\/image\/"},"sameAs":["https:\/\/www.facebook.com\/veredesArquitecturayDivulgacion\/","https:\/\/x.com\/veredes","https:\/\/instagram.com\/veredes\/","https:\/\/www.linkedin.com\/company\/veredes-arquitectura-y-divulgacion\/","https:\/\/es.pinterest.com\/veredes\/","https:\/\/www.tumblr.com\/veredes"]},{"@type":"Person","@id":"https:\/\/veredes.es\/blog\/#\/schema\/person\/0bbb669073ef7faba5168a0844e93d2c","name":"veredes","image":{"@type":"ImageObject","inLanguage":"es","@id":"https:\/\/veredes.es\/blog\/wp-content\/uploads\/2018\/04\/face-96x96.jpg","url":"https:\/\/veredes.es\/blog\/wp-content\/uploads\/2018\/04\/face-96x96.jpg","contentUrl":"https:\/\/veredes.es\/blog\/wp-content\/uploads\/2018\/04\/face-96x96.jpg","caption":"veredes"},"description":"Surge enero de 2009 como b\u00fasqueda de satisfacer el conocimiento de la actividad arquitect\u00f3nica y tangentes que se generan. La idea es crear un espacio para divulgar los diversos proyectos en busca de nueva inspiraci\u00f3n y de intercambio.","sameAs":["https:\/\/veredes.es\/","https:\/\/www.facebook.com\/veredesArquitecturayDivulgacion\/","https:\/\/www.instagram.com\/veredes\/","https:\/\/www.linkedin.com\/company\/veredes-arquitectura-y-divulgacion\/","https:\/\/www.pinterest.es\/veredes\/","https:\/\/x.com\/https:\/\/twitter.com\/veredes","https:\/\/veredes.tumblr.com\/"],"url":"https:\/\/veredes.es\/blog\/author\/alberto\/"}]}},"_links":{"self":[{"href":"https:\/\/veredes.es\/blog\/wp-json\/wp\/v2\/posts\/3487","targetHints":{"allow":["GET"]}}],"collection":[{"href":"https:\/\/veredes.es\/blog\/wp-json\/wp\/v2\/posts"}],"about":[{"href":"https:\/\/veredes.es\/blog\/wp-json\/wp\/v2\/types\/post"}],"author":[{"embeddable":true,"href":"https:\/\/veredes.es\/blog\/wp-json\/wp\/v2\/users\/2"}],"replies":[{"embeddable":true,"href":"https:\/\/veredes.es\/blog\/wp-json\/wp\/v2\/comments?post=3487"}],"version-history":[{"count":0,"href":"https:\/\/veredes.es\/blog\/wp-json\/wp\/v2\/posts\/3487\/revisions"}],"wp:featuredmedia":[{"embeddable":true,"href":"https:\/\/veredes.es\/blog\/wp-json\/wp\/v2\/media\/4340"}],"wp:attachment":[{"href":"https:\/\/veredes.es\/blog\/wp-json\/wp\/v2\/media?parent=3487"}],"wp:term":[{"taxonomy":"category","embeddable":true,"href":"https:\/\/veredes.es\/blog\/wp-json\/wp\/v2\/categories?post=3487"},{"taxonomy":"post_tag","embeddable":true,"href":"https:\/\/veredes.es\/blog\/wp-json\/wp\/v2\/tags?post=3487"}],"curies":[{"name":"wp","href":"https:\/\/api.w.org\/{rel}","templated":true}]}}