{"id":34636,"date":"2017-09-18T00:02:06","date_gmt":"2017-09-17T22:02:06","guid":{"rendered":"http:\/\/veredes.es\/blog\/?p=34636"},"modified":"2024-03-11T14:57:38","modified_gmt":"2024-03-11T13:57:38","slug":"arquitectura-y-caos-jose-ramon-hernandez-correa","status":"publish","type":"post","link":"https:\/\/veredes.es\/blog\/arquitectura-y-caos-jose-ramon-hernandez-correa\/","title":{"rendered":"Arquitectura y Caos | Jos\u00e9 Ram\u00f3n Hern\u00e1ndez Correa"},"content":{"rendered":"<p><\/p>\n<p style=\"text-align: justify;\">Acabo de leer una buena frase de <strong><a href=\"https:\/\/veredes.es\/blog\/tag\/rem-koolhaas\/\" target=\"_blank\" rel=\"noopener noreferrer\">Rem Koolhaas<\/a><\/strong> en el blog de <strong><em>Cosas de Arquitectos<\/em><\/strong>. El titular dice:<\/p>\n<blockquote>\n<p style=\"text-align: justify;\"><em>\u00abLa arquitectura por definici\u00f3n es una aventura ca\u00f3tica\u00bb. <\/em><\/p>\n<\/blockquote>\n<p style=\"text-align: justify;\">La frase completa no la copio para que as\u00ed les hag\u00e1is una visita a estos chicos, que lo merecen, (<strong><a href=\"http:\/\/www.cosasdearquitectos.com\/2013\/09\/la-arquitectura-por-definicion-es-una-aventura-caotica-koolhaas\/\">Frasecica<\/a><\/strong>).<\/p>\n<p style=\"text-align: justify;\">Hacer arquitectura es coordinar aspectos que en principio no son coordinables, y es dar cancha a muchas solicitaciones diversas. Estoy de acuerdo con lo que dice Koolhaas, s\u00f3lo que yo utilizar\u00eda como conclusi\u00f3n (y titular) pr\u00e1cticamente la contraria: La arquitectura es una aventura que siempre lucha contra el caos.<\/p>\n<figure id=\"attachment_34637\" aria-describedby=\"caption-attachment-34637\" style=\"width: 750px\" class=\"wp-caption alignnone\"><a href=\"https:\/\/veredes.es\/blog\/wp-content\/uploads\/2013\/09\/86.jpg\"><img loading=\"lazy\" decoding=\"async\" class=\"wp-image-34637\" title=\"Arquitectura y Caos | Jos\u00e9 Ram\u00f3n Hern\u00e1ndez Correa\" src=\"https:\/\/veredes.es\/blog\/wp-content\/uploads\/2013\/09\/86.jpg\" alt=\"Arquitectura y Caos | Jos\u00e9 Ram\u00f3n Hern\u00e1ndez Correa\" width=\"750\" height=\"948\" srcset=\"https:\/\/veredes.es\/blog\/wp-content\/uploads\/2013\/09\/86.jpg 620w, https:\/\/veredes.es\/blog\/wp-content\/uploads\/2013\/09\/86-237x300.jpg 237w\" sizes=\"auto, (max-width: 750px) 100vw, 750px\" \/><\/a><figcaption id=\"caption-attachment-34637\" class=\"wp-caption-text\"><span style=\"color: #888888;\">Maxwell Smart, el Superagente 86 |\u00a0<a href=\"https:\/\/es.wikipedia.org\/wiki\/Superagente_86_(serie_de_televisi%C3%B3n)\" target=\"_blank\" rel=\"noopener noreferrer\">wikipedia.org<\/a><\/span><\/figcaption><\/figure>\n<p style=\"text-align: justify;\">\u00bfQue pierde? Vale, tambi\u00e9n nosotros, todos, nos pasamos la vida luchando contra la muerte y al final perdemos. La vida es una enfermedad mortal, y la arquitectura es una aventura ca\u00f3tica que acaba naufragando en el caos. S\u00ed, de acuerdo. Pero es un naufragio extraordinario, fruto de la convicci\u00f3n de que se puede y se debe luchar.<\/p>\n<p style=\"text-align: justify;\">Eso es lo que le da gracia y sentido a la aventura. Sentimos tr\u00e1gica, <em>unamunianamente<\/em>, la vida. Tenemos miedo a morir, a desaparecer sin dejar nada, a dejar de ser. Pero por eso mismo nos aferramos a la vida y la disfrutamos. Si no muri\u00e9ramos nunca no tendr\u00eda sentido nada; todo ser\u00eda un aburrimiento.<\/p>\n<p style=\"text-align: justify;\">Por el mismo motivo, si nuestro mundo fuera un ente ordenado no habr\u00eda por qu\u00e9 hacer arquitectura, ya que nos vendr\u00eda todo dado, y cualquier chabolo (o cualquier mont\u00f3n de trastos) colocado y dispuesto de cualquier manera ser\u00eda armonioso y bello, \u00fatil y funcional, y sus proporciones, dimensiones y caracter\u00edsticas varias ser\u00edan siempre gratas.<\/p>\n<p style=\"text-align: justify;\">Pero no es as\u00ed. La\u00a0<b><a href=\"http:\/\/es.wikipedia.org\/wiki\/Entrop%C3%ADa\" target=\"_blank\" rel=\"noopener noreferrer\">entrop\u00eda<\/a><\/b>\u00a0es una pu\u00f1etera. (Es una pu\u00f1etera y al mismo tiempo una estimuladora y una entusiasmadora. Es la que nos hace saltar de la cama todas las ma\u00f1anas y lanzarnos a la lucha diaria).<\/p>\n<p style=\"text-align: justify;\">El\u00a0<i>Otro poema de los dones<\/i>, de\u00a0<b><a href=\"https:\/\/veredes.es\/blog\/tag\/jorge-luis-borges\/\" target=\"_blank\" rel=\"noopener noreferrer\">Jorge Luis Borges<\/a><\/b>, comienza as\u00ed:<\/p>\n<p style=\"text-align: justify; padding-left: 40px;\"><em>Gracias quiero dar al divino<\/em><\/p>\n<p style=\"text-align: justify; padding-left: 40px;\"><em>laberinto de los efectos y de las causas<\/em><\/p>\n<p style=\"text-align: justify; padding-left: 40px;\"><em>por la diversidad de las criaturas<\/em><\/p>\n<p style=\"text-align: justify; padding-left: 40px;\"><em>que forman este singular universo,<\/em><\/p>\n<p style=\"text-align: justify; padding-left: 40px;\"><em>por la raz\u00f3n, que no cesar\u00e1 de so\u00f1ar<\/em><\/p>\n<p style=\"text-align: justify; padding-left: 40px;\"><em>con un plano del laberinto,<\/em><\/p>\n<p style=\"text-align: justify; padding-left: 40px;\"><em>[&#8230;]<\/em><\/p>\n<p style=\"text-align: justify;\">El universo es un inextricable (y divino) laberinto de causas y efectos, pero el ser humano jam\u00e1s renunciar\u00e1 a so\u00f1ar con un plano del laberinto, y a trabajar duramente para dibujarlo.<\/p>\n<p style=\"text-align: justify;\">Tal vez en muchos siglos s\u00f3lo sea capaz de cartografiar un par de giros o recodos, pero no se desanimar\u00e1 ante el ingente trabajo que le queda, sino que celebrar\u00e1 haber reconocido esos dos giros, y estar\u00e1 siempre dispuesto a descifrar el siguiente, aunque le lleve otro milenio.<\/p>\n<h5 style=\"text-align: justify;\"><strong>Esa es la condici\u00f3n humana<\/strong><\/h5>\n<p style=\"text-align: justify;\">En arquitectura, no s\u00f3lo una obra tiene que luchar contra mil dificultades, y no triunfa nunca completamente y casi nunca parcialmente, sino que las pocas veces que sale m\u00e1s o menos airosa se levanta en medio de un entorno hostil. (\u00bfCu\u00e1ntas veces hemos ido en peregrinaci\u00f3n a ver una obra m\u00edtica y nos la hemos encontrado casi tapada por un concesionario de coches o por un restaurante de comida r\u00e1pida, que los fot\u00f3grafos de arquitectura evitan h\u00e1bilmente?). Ya no es que no podamos hacer una buena obra de arquitectura: Es que no podemos cambiar el mundo.<\/p>\n<p style=\"text-align: justify;\">Y sin embargo seguimos.<\/p>\n<p style=\"text-align: justify;\">He puesto antes un enlace al concepto \u00abentrop\u00eda\u00bb de la wikipedia, y me ha sorprendido (y agradado especialmente) que la palabra proceda del griego \u00abevoluci\u00f3n\u00bb o \u00abtransformaci\u00f3n\u00bb. Yo ya sab\u00eda que era una medida del desorden, y que era una energ\u00eda que no produce trabajo, una energ\u00eda in\u00fatil, una gaita. Y adem\u00e1s significa la irreversibilidad de los procesos y, en definitiva, la tragedia de la vida (<a href=\"https:\/\/www.amazon.es\/gp\/product\/8420676098?ie=UTF8&amp;tag=wwwveredeses-21&amp;camp=3638&amp;linkCode=xm2&amp;creativeASIN=8420676098\" target=\"_blank\" rel=\"noopener noreferrer\"><i>El Sentimiento Tr\u00e1gico de la Vida<\/i><\/a>). Pero lo que no me esperaba (pero, por lo dem\u00e1s, es obvio) es que eso mismo fuera la evoluci\u00f3n o la transformaci\u00f3n.<\/p>\n<p style=\"text-align: justify;\"><a href=\"https:\/\/veredes.es\/blog\/tag\/bruno-zevi\/\" target=\"_blank\" rel=\"noopener noreferrer\">Bruno Zevi<\/a>, cordial odiador de simetr\u00edas y de esquemas r\u00edgidos en arquitectura, escribi\u00f3 que s\u00f3lo los cementerios est\u00e1n ordenados. Yo a\u00f1ado que \u00abperfecto\u00bb significa \u00abterminado\u00bb y, en muchos sentidos, muerto.<\/p>\n<p style=\"text-align: justify;\">Por lo tanto, bendito desorden y bendita imperfecci\u00f3n. (Y a\u00fan m\u00e1s: Bendito af\u00e1n de luchar siempre contra el desorden y contra la imperfecci\u00f3n. Y a\u00fan m\u00e1s todav\u00eda: Bendita maldici\u00f3n de ser siempre derrotados en ese af\u00e1n).<\/p>\n<p style=\"text-align: justify;\">Lo dicho: una tragedia sin soluci\u00f3n.<\/p>\n<p style=\"text-align: justify;\">Este blog tiene un perfil de lectores insultantemente j\u00f3venes. Eso no es malo de suyo, pero les priva, por ejemplo, de haber conocido a\u00a0<b>Maxwell Smart<\/b>, el\u00a0<b><a href=\"http:\/\/es.wikipedia.org\/wiki\/Superagente_86_(serie_de_televisi%C3%B3n)\" target=\"_blank\" rel=\"noopener noreferrer\">Superagente 86<\/a><\/b>.<\/p>\n<figure id=\"attachment_65408\" aria-describedby=\"caption-attachment-65408\" style=\"width: 750px\" class=\"wp-caption alignnone\"><img loading=\"lazy\" decoding=\"async\" class=\"wp-image-65408\" title=\"Arquitectura y Caos | Jos\u00e9 Ram\u00f3n Hern\u00e1ndez Correa\" src=\"http:\/\/veredes.es\/blog\/wp-content\/uploads\/2013\/09\/Arquitectura-y-Caos-Don-Adams-como-Maxwell-Smart-y-Barbara-Feldon-como-la-Agente-99.-1965.jpg\" alt=\"Don Adams como Maxwell Smart y Barbara Feldon como la Agente 99 | 1965\" width=\"750\" height=\"1115\" srcset=\"https:\/\/veredes.es\/blog\/wp-content\/uploads\/2013\/09\/Arquitectura-y-Caos-Don-Adams-como-Maxwell-Smart-y-Barbara-Feldon-como-la-Agente-99.-1965.jpg 639w, https:\/\/veredes.es\/blog\/wp-content\/uploads\/2013\/09\/Arquitectura-y-Caos-Don-Adams-como-Maxwell-Smart-y-Barbara-Feldon-como-la-Agente-99.-1965-202x300.jpg 202w\" sizes=\"auto, (max-width: 750px) 100vw, 750px\" \/><figcaption id=\"caption-attachment-65408\" class=\"wp-caption-text\"><span style=\"color: #999999;\">Don Adams como Maxwell Smart y Barbara Feldon como la Agente 99 | 1965 | <a style=\"color: #999999;\" href=\"https:\/\/es.wikipedia.org\/wiki\/Superagente_86_(serie_de_televisi%C3%B3n)#\/media\/File:Don_Adams_Barbara_Feldon_Get_Smart_1965.JPG\" target=\"_blank\" rel=\"noopener noreferrer\">wikepedia.org<\/a><\/span><\/figcaption><\/figure>\n<p style=\"text-align: justify;\">Les contar\u00e9 a todos ellos (pobrecillos) que este formidable agente secreto luchaba contra el mal. El mal resid\u00eda en la agencia KAOS, y \u00e9l militaba en CONTROL.<\/p>\n<h5 style=\"text-align: justify;\"><strong>Eso es: Control contra Kaos<\/strong><\/h5>\n<p style=\"text-align: justify;\">El superagente siempre ganaba, pero pich\u00eds pich\u00e1s. No es que fueran victorias apabullantes, casi siempre eran p\u00edrricas, y tambi\u00e9n rid\u00edculas.<\/p>\n<p style=\"text-align: justify;\">O sea, que ahora, despu\u00e9s de tantos a\u00f1os, me doy cuenta de que Maxwell Smart era el s\u00edmbolo de la arquitectura, su m\u00e1s ardiente met\u00e1fora. No, si al final resulta que me decid\u00ed a ser arquitecto por su culpa.<\/p>\n<p style=\"text-align: justify;\">Jos\u00e9 Ram\u00f3n Hern\u00e1ndez Correa<br \/>\nDoctor Arquitecto y autor de<em>\u00a0<span style=\"color: #999999;\">Arquitectamos locos?<\/span><\/em><br \/>\nToledo \u00b7 septiembre 2013<\/p>\n<p><\/p>","protected":false},"excerpt":{"rendered":"<p>Acabo de leer una buena frase de Rem Koolhaas en el blog de Cosas de Arquitectos. El titular dice: \u00abLa arquitectura por definici\u00f3n es una aventura ca\u00f3tica\u00bb. La frase completa no la copio para que as\u00ed les hag\u00e1is una visita a estos chicos, que lo merecen, (Frasecica). Hacer arquitectura es coordinar aspectos que en principio [&hellip;]<\/p>\n","protected":false},"author":33,"featured_media":34637,"comment_status":"open","ping_status":"closed","sticky":false,"template":"","format":"standard","meta":{"footnotes":""},"categories":[5934,5951],"tags":[12448,4766,12471,668,3639,3653,1021,1865,2173,1278],"class_list":{"0":"post-34636","1":"post","2":"type-post","3":"status-publish","4":"format-standard","5":"has-post-thumbnail","7":"category-articulos","8":"category-slider-principal","9":"tag-arquitectura","10":"tag-bruno-zevi","11":"tag-cine","12":"tag-historia","13":"tag-jorge-luis-borges","14":"tag-jose-ramon-hernandez-correa","15":"tag-pensamiento","16":"tag-reflexion","17":"tag-rem-koolhaas","18":"tag-teoria"},"yoast_head":"<!-- This site is optimized with the Yoast SEO plugin v27.4 - https:\/\/yoast.com\/product\/yoast-seo-wordpress\/ -->\n<title>Arquitectura y Caos | Jos\u00e9 Ram\u00f3n Hern\u00e1ndez Correa - veredes<\/title>\n<meta name=\"description\" content=\"Toda la informaci\u00f3n sobre: [:es]Arquitectura y Caos | Jos\u00e9 Ram\u00f3n Hern\u00e1ndez Correa[:gl]Arquitectura e Caos | Jos\u00e9 Ram\u00f3n Hern\u00e1ndez Correa[:en]Architecture and Chaos | Jos\u00e9 Ram\u00f3n Hern\u00e1ndez Correa[:]\" \/>\n<meta name=\"robots\" content=\"index, follow, max-snippet:-1, max-image-preview:large, max-video-preview:-1\" \/>\n<link rel=\"canonical\" href=\"https:\/\/veredes.es\/blog\/arquitectura-y-caos-jose-ramon-hernandez-correa\/\" \/>\n<meta property=\"og:locale\" content=\"es_ES\" \/>\n<meta property=\"og:type\" content=\"article\" \/>\n<meta property=\"og:title\" content=\"[:es]Arquitectura y Caos | Jos\u00e9 Ram\u00f3n Hern\u00e1ndez Correa[:gl]Arquitectura e Caos | Jos\u00e9 Ram\u00f3n Hern\u00e1ndez Correa[:en]Architecture and Chaos | Jos\u00e9 Ram\u00f3n Hern\u00e1ndez Correa[:] - veredes\" \/>\n<meta property=\"og:description\" content=\"Toda la informaci\u00f3n sobre: [:es]Arquitectura y Caos | Jos\u00e9 Ram\u00f3n Hern\u00e1ndez Correa[:gl]Arquitectura e Caos | Jos\u00e9 Ram\u00f3n Hern\u00e1ndez Correa[:en]Architecture and Chaos | Jos\u00e9 Ram\u00f3n Hern\u00e1ndez Correa[:]\" \/>\n<meta property=\"og:url\" content=\"https:\/\/veredes.es\/blog\/arquitectura-y-caos-jose-ramon-hernandez-correa\/\" \/>\n<meta property=\"og:site_name\" content=\"veredes, arquitectura y divulgaci\u00f3n\" \/>\n<meta property=\"article:publisher\" content=\"https:\/\/www.facebook.com\/veredesArquitecturayDivulgacion\/\" \/>\n<meta property=\"article:author\" content=\"https:\/\/www.facebook.com\/joseramon.hernandezcorrea\" \/>\n<meta property=\"article:published_time\" content=\"2017-09-17T22:02:06+00:00\" \/>\n<meta property=\"article:modified_time\" content=\"2024-03-11T13:57:38+00:00\" \/>\n<meta property=\"og:image\" content=\"https:\/\/veredes.es\/blog\/wp-content\/uploads\/2013\/09\/86.jpg\" \/>\n\t<meta property=\"og:image:width\" content=\"620\" \/>\n\t<meta property=\"og:image:height\" content=\"784\" \/>\n\t<meta property=\"og:image:type\" content=\"image\/jpeg\" \/>\n<meta name=\"author\" content=\"Jos\u00e9 Ram\u00f3n Hern\u00e1ndez Correa\" \/>\n<meta name=\"twitter:card\" content=\"summary_large_image\" \/>\n<meta name=\"twitter:creator\" content=\"@https:\/\/twitter.com\/arquitectamos\" \/>\n<meta name=\"twitter:site\" content=\"@veredes\" \/>\n<meta name=\"twitter:label1\" content=\"Escrito por\" \/>\n\t<meta name=\"twitter:data1\" content=\"Jos\u00e9 Ram\u00f3n Hern\u00e1ndez Correa\" \/>\n\t<meta name=\"twitter:label2\" content=\"Tiempo de lectura\" \/>\n\t<meta name=\"twitter:data2\" content=\"5 minutos\" \/>\n<script type=\"application\/ld+json\" class=\"yoast-schema-graph\">{\"@context\":\"https:\\\/\\\/schema.org\",\"@graph\":[{\"@type\":\"Article\",\"@id\":\"https:\\\/\\\/veredes.es\\\/blog\\\/arquitectura-y-caos-jose-ramon-hernandez-correa\\\/#article\",\"isPartOf\":{\"@id\":\"https:\\\/\\\/veredes.es\\\/blog\\\/arquitectura-y-caos-jose-ramon-hernandez-correa\\\/\"},\"author\":{\"name\":\"Jos\u00e9 Ram\u00f3n Hern\u00e1ndez Correa\",\"@id\":\"https:\\\/\\\/veredes.es\\\/blog\\\/#\\\/schema\\\/person\\\/eefca3204fa5a4349162c2869bee6c49\"},\"headline\":\"Arquitectura y Caos | Jos\u00e9 Ram\u00f3n Hern\u00e1ndez Correa\",\"datePublished\":\"2017-09-17T22:02:06+00:00\",\"dateModified\":\"2024-03-11T13:57:38+00:00\",\"mainEntityOfPage\":{\"@id\":\"https:\\\/\\\/veredes.es\\\/blog\\\/arquitectura-y-caos-jose-ramon-hernandez-correa\\\/\"},\"wordCount\":2809,\"commentCount\":0,\"publisher\":{\"@id\":\"https:\\\/\\\/veredes.es\\\/blog\\\/#organization\"},\"image\":{\"@id\":\"https:\\\/\\\/veredes.es\\\/blog\\\/arquitectura-y-caos-jose-ramon-hernandez-correa\\\/#primaryimage\"},\"thumbnailUrl\":\"https:\\\/\\\/veredes.es\\\/blog\\\/wp-content\\\/uploads\\\/2013\\\/09\\\/86.jpg\",\"keywords\":[\"arquitectura\",\"Bruno Zevi\",\"cine\",\"historia\",\"Jorge Luis Borges\",\"Jos\u00e9 Ram\u00f3n Hern\u00e1ndez Correa\",\"pensamiento\",\"reflexi\u00f3n\",\"Rem Koolhaas\",\"teor\u00eda\"],\"articleSection\":[\"art\u00edculos\",\"slider principal\"],\"inLanguage\":\"es\",\"potentialAction\":[{\"@type\":\"CommentAction\",\"name\":\"Comment\",\"target\":[\"https:\\\/\\\/veredes.es\\\/blog\\\/arquitectura-y-caos-jose-ramon-hernandez-correa\\\/#respond\"]}]},{\"@type\":\"WebPage\",\"@id\":\"https:\\\/\\\/veredes.es\\\/blog\\\/arquitectura-y-caos-jose-ramon-hernandez-correa\\\/\",\"url\":\"https:\\\/\\\/veredes.es\\\/blog\\\/arquitectura-y-caos-jose-ramon-hernandez-correa\\\/\",\"name\":\"[:es]Arquitectura y Caos | Jos\u00e9 Ram\u00f3n Hern\u00e1ndez Correa[:gl]Arquitectura e Caos | Jos\u00e9 Ram\u00f3n Hern\u00e1ndez Correa[:en]Architecture and Chaos | Jos\u00e9 Ram\u00f3n Hern\u00e1ndez Correa[:] - veredes\",\"isPartOf\":{\"@id\":\"https:\\\/\\\/veredes.es\\\/blog\\\/#website\"},\"primaryImageOfPage\":{\"@id\":\"https:\\\/\\\/veredes.es\\\/blog\\\/arquitectura-y-caos-jose-ramon-hernandez-correa\\\/#primaryimage\"},\"image\":{\"@id\":\"https:\\\/\\\/veredes.es\\\/blog\\\/arquitectura-y-caos-jose-ramon-hernandez-correa\\\/#primaryimage\"},\"thumbnailUrl\":\"https:\\\/\\\/veredes.es\\\/blog\\\/wp-content\\\/uploads\\\/2013\\\/09\\\/86.jpg\",\"datePublished\":\"2017-09-17T22:02:06+00:00\",\"dateModified\":\"2024-03-11T13:57:38+00:00\",\"description\":\"Toda la informaci\u00f3n sobre: [:es]Arquitectura y Caos | Jos\u00e9 Ram\u00f3n Hern\u00e1ndez Correa[:gl]Arquitectura e Caos | Jos\u00e9 Ram\u00f3n Hern\u00e1ndez Correa[:en]Architecture and Chaos | Jos\u00e9 Ram\u00f3n Hern\u00e1ndez Correa[:]\",\"breadcrumb\":{\"@id\":\"https:\\\/\\\/veredes.es\\\/blog\\\/arquitectura-y-caos-jose-ramon-hernandez-correa\\\/#breadcrumb\"},\"inLanguage\":\"es\",\"potentialAction\":[{\"@type\":\"ReadAction\",\"target\":[\"https:\\\/\\\/veredes.es\\\/blog\\\/arquitectura-y-caos-jose-ramon-hernandez-correa\\\/\"]}]},{\"@type\":\"ImageObject\",\"inLanguage\":\"es\",\"@id\":\"https:\\\/\\\/veredes.es\\\/blog\\\/arquitectura-y-caos-jose-ramon-hernandez-correa\\\/#primaryimage\",\"url\":\"https:\\\/\\\/veredes.es\\\/blog\\\/wp-content\\\/uploads\\\/2013\\\/09\\\/86.jpg\",\"contentUrl\":\"https:\\\/\\\/veredes.es\\\/blog\\\/wp-content\\\/uploads\\\/2013\\\/09\\\/86.jpg\",\"width\":\"620\",\"height\":\"784\",\"caption\":\"Maxwell Smart, el Superagente 86 | arquitectamoslocos.blogspot.com.es\"},{\"@type\":\"BreadcrumbList\",\"@id\":\"https:\\\/\\\/veredes.es\\\/blog\\\/arquitectura-y-caos-jose-ramon-hernandez-correa\\\/#breadcrumb\",\"itemListElement\":[{\"@type\":\"ListItem\",\"position\":1,\"name\":\"Portada\",\"item\":\"https:\\\/\\\/veredes.es\\\/blog\\\/\"},{\"@type\":\"ListItem\",\"position\":2,\"name\":\"Arquitectura y Caos | Jos\u00e9 Ram\u00f3n Hern\u00e1ndez Correa\"}]},{\"@type\":\"WebSite\",\"@id\":\"https:\\\/\\\/veredes.es\\\/blog\\\/#website\",\"url\":\"https:\\\/\\\/veredes.es\\\/blog\\\/\",\"name\":\"veredes, arquitectura y divulgaci\u00f3n\",\"description\":\"veredes\",\"publisher\":{\"@id\":\"https:\\\/\\\/veredes.es\\\/blog\\\/#organization\"},\"alternateName\":\"veredes\",\"potentialAction\":[{\"@type\":\"SearchAction\",\"target\":{\"@type\":\"EntryPoint\",\"urlTemplate\":\"https:\\\/\\\/veredes.es\\\/blog\\\/?s={search_term_string}\"},\"query-input\":{\"@type\":\"PropertyValueSpecification\",\"valueRequired\":true,\"valueName\":\"search_term_string\"}}],\"inLanguage\":\"es\"},{\"@type\":\"Organization\",\"@id\":\"https:\\\/\\\/veredes.es\\\/blog\\\/#organization\",\"name\":\"veredes, arquitectura y divulgaci\u00f3n\",\"alternateName\":\"veredes\",\"url\":\"https:\\\/\\\/veredes.es\\\/blog\\\/\",\"logo\":{\"@type\":\"ImageObject\",\"inLanguage\":\"es\",\"@id\":\"https:\\\/\\\/veredes.es\\\/blog\\\/#\\\/schema\\\/logo\\\/image\\\/\",\"url\":\"https:\\\/\\\/veredes.es\\\/blog\\\/wp-content\\\/uploads\\\/2021\\\/12\\\/veredes-logo-centrado_140x54.png\",\"contentUrl\":\"https:\\\/\\\/veredes.es\\\/blog\\\/wp-content\\\/uploads\\\/2021\\\/12\\\/veredes-logo-centrado_140x54.png\",\"width\":140,\"height\":54,\"caption\":\"veredes, arquitectura y divulgaci\u00f3n\"},\"image\":{\"@id\":\"https:\\\/\\\/veredes.es\\\/blog\\\/#\\\/schema\\\/logo\\\/image\\\/\"},\"sameAs\":[\"https:\\\/\\\/www.facebook.com\\\/veredesArquitecturayDivulgacion\\\/\",\"https:\\\/\\\/x.com\\\/veredes\",\"https:\\\/\\\/instagram.com\\\/veredes\\\/\",\"https:\\\/\\\/www.linkedin.com\\\/company\\\/veredes-arquitectura-y-divulgacion\\\/\",\"https:\\\/\\\/es.pinterest.com\\\/veredes\\\/\",\"https:\\\/\\\/www.tumblr.com\\\/veredes\"]},{\"@type\":\"Person\",\"@id\":\"https:\\\/\\\/veredes.es\\\/blog\\\/#\\\/schema\\\/person\\\/eefca3204fa5a4349162c2869bee6c49\",\"name\":\"Jos\u00e9 Ram\u00f3n Hern\u00e1ndez Correa\",\"image\":{\"@type\":\"ImageObject\",\"inLanguage\":\"es\",\"@id\":\"https:\\\/\\\/veredes.es\\\/blog\\\/wp-content\\\/uploads\\\/2018\\\/04\\\/Jos\u00e9-Ram\u00f3n-Hern\u00e1ndez-Correa-96x96.jpg\",\"url\":\"https:\\\/\\\/veredes.es\\\/blog\\\/wp-content\\\/uploads\\\/2018\\\/04\\\/Jos\u00e9-Ram\u00f3n-Hern\u00e1ndez-Correa-96x96.jpg\",\"contentUrl\":\"https:\\\/\\\/veredes.es\\\/blog\\\/wp-content\\\/uploads\\\/2018\\\/04\\\/Jos\u00e9-Ram\u00f3n-Hern\u00e1ndez-Correa-96x96.jpg\",\"caption\":\"Jos\u00e9 Ram\u00f3n Hern\u00e1ndez Correa\"},\"description\":\"Nac\u00ed en 1960. Arquitecto por la ETSAM, 1985. Doctor Arquitecto por la Universidad Polit\u00e9cnica de Madrid, 1992. Soy, en el buen sentido de la palabra, bueno. Ahora estoy algo cansado, pero sigo atento y curioso. Arquitecto, bloguero, saxofonero, escritor... pero todo mal.\",\"sameAs\":[\"http:\\\/\\\/arquitectamoslocos.blogspot.com.es\\\/\",\"https:\\\/\\\/www.facebook.com\\\/joseramon.hernandezcorrea\",\"https:\\\/\\\/www.instagram.com\\\/arquitectamoslocos\\\/\",\"https:\\\/\\\/www.linkedin.com\\\/in\\\/jos-ramn-hernndez-correa-b6378b2a\\\/\",\"https:\\\/\\\/x.com\\\/https:\\\/\\\/twitter.com\\\/arquitectamos\"],\"url\":\"https:\\\/\\\/veredes.es\\\/blog\\\/author\\\/arquitectamos\\\/\"}]}<\/script>\n<!-- \/ Yoast SEO plugin. -->","yoast_head_json":{"title":"[:es]Arquitectura y Caos | Jos\u00e9 Ram\u00f3n Hern\u00e1ndez Correa[:gl]Arquitectura e Caos | Jos\u00e9 Ram\u00f3n Hern\u00e1ndez Correa[:en]Architecture and Chaos | Jos\u00e9 Ram\u00f3n Hern\u00e1ndez Correa[:] - veredes","description":"Toda la informaci\u00f3n sobre: [:es]Arquitectura y Caos | Jos\u00e9 Ram\u00f3n Hern\u00e1ndez Correa[:gl]Arquitectura e Caos | Jos\u00e9 Ram\u00f3n Hern\u00e1ndez Correa[:en]Architecture and Chaos | Jos\u00e9 Ram\u00f3n Hern\u00e1ndez Correa[:]","robots":{"index":"index","follow":"follow","max-snippet":"max-snippet:-1","max-image-preview":"max-image-preview:large","max-video-preview":"max-video-preview:-1"},"canonical":"https:\/\/veredes.es\/blog\/arquitectura-y-caos-jose-ramon-hernandez-correa\/","og_locale":"es_ES","og_type":"article","og_title":"[:es]Arquitectura y Caos | Jos\u00e9 Ram\u00f3n Hern\u00e1ndez Correa[:gl]Arquitectura e Caos | Jos\u00e9 Ram\u00f3n Hern\u00e1ndez Correa[:en]Architecture and Chaos | Jos\u00e9 Ram\u00f3n Hern\u00e1ndez Correa[:] - veredes","og_description":"Toda la informaci\u00f3n sobre: [:es]Arquitectura y Caos | Jos\u00e9 Ram\u00f3n Hern\u00e1ndez Correa[:gl]Arquitectura e Caos | Jos\u00e9 Ram\u00f3n Hern\u00e1ndez Correa[:en]Architecture and Chaos | Jos\u00e9 Ram\u00f3n Hern\u00e1ndez Correa[:]","og_url":"https:\/\/veredes.es\/blog\/arquitectura-y-caos-jose-ramon-hernandez-correa\/","og_site_name":"veredes, arquitectura y divulgaci\u00f3n","article_publisher":"https:\/\/www.facebook.com\/veredesArquitecturayDivulgacion\/","article_author":"https:\/\/www.facebook.com\/joseramon.hernandezcorrea","article_published_time":"2017-09-17T22:02:06+00:00","article_modified_time":"2024-03-11T13:57:38+00:00","og_image":[{"width":620,"height":784,"url":"https:\/\/veredes.es\/blog\/wp-content\/uploads\/2013\/09\/86.jpg","type":"image\/jpeg"}],"author":"Jos\u00e9 Ram\u00f3n Hern\u00e1ndez Correa","twitter_card":"summary_large_image","twitter_creator":"@https:\/\/twitter.com\/arquitectamos","twitter_site":"@veredes","twitter_misc":{"Escrito por":"Jos\u00e9 Ram\u00f3n Hern\u00e1ndez Correa","Tiempo de lectura":"5 minutos"},"schema":{"@context":"https:\/\/schema.org","@graph":[{"@type":"Article","@id":"https:\/\/veredes.es\/blog\/arquitectura-y-caos-jose-ramon-hernandez-correa\/#article","isPartOf":{"@id":"https:\/\/veredes.es\/blog\/arquitectura-y-caos-jose-ramon-hernandez-correa\/"},"author":{"name":"Jos\u00e9 Ram\u00f3n Hern\u00e1ndez Correa","@id":"https:\/\/veredes.es\/blog\/#\/schema\/person\/eefca3204fa5a4349162c2869bee6c49"},"headline":"Arquitectura y Caos | Jos\u00e9 Ram\u00f3n Hern\u00e1ndez Correa","datePublished":"2017-09-17T22:02:06+00:00","dateModified":"2024-03-11T13:57:38+00:00","mainEntityOfPage":{"@id":"https:\/\/veredes.es\/blog\/arquitectura-y-caos-jose-ramon-hernandez-correa\/"},"wordCount":2809,"commentCount":0,"publisher":{"@id":"https:\/\/veredes.es\/blog\/#organization"},"image":{"@id":"https:\/\/veredes.es\/blog\/arquitectura-y-caos-jose-ramon-hernandez-correa\/#primaryimage"},"thumbnailUrl":"https:\/\/veredes.es\/blog\/wp-content\/uploads\/2013\/09\/86.jpg","keywords":["arquitectura","Bruno Zevi","cine","historia","Jorge Luis Borges","Jos\u00e9 Ram\u00f3n Hern\u00e1ndez Correa","pensamiento","reflexi\u00f3n","Rem Koolhaas","teor\u00eda"],"articleSection":["art\u00edculos","slider principal"],"inLanguage":"es","potentialAction":[{"@type":"CommentAction","name":"Comment","target":["https:\/\/veredes.es\/blog\/arquitectura-y-caos-jose-ramon-hernandez-correa\/#respond"]}]},{"@type":"WebPage","@id":"https:\/\/veredes.es\/blog\/arquitectura-y-caos-jose-ramon-hernandez-correa\/","url":"https:\/\/veredes.es\/blog\/arquitectura-y-caos-jose-ramon-hernandez-correa\/","name":"[:es]Arquitectura y Caos | Jos\u00e9 Ram\u00f3n Hern\u00e1ndez Correa[:gl]Arquitectura e Caos | Jos\u00e9 Ram\u00f3n Hern\u00e1ndez Correa[:en]Architecture and Chaos | Jos\u00e9 Ram\u00f3n Hern\u00e1ndez Correa[:] - veredes","isPartOf":{"@id":"https:\/\/veredes.es\/blog\/#website"},"primaryImageOfPage":{"@id":"https:\/\/veredes.es\/blog\/arquitectura-y-caos-jose-ramon-hernandez-correa\/#primaryimage"},"image":{"@id":"https:\/\/veredes.es\/blog\/arquitectura-y-caos-jose-ramon-hernandez-correa\/#primaryimage"},"thumbnailUrl":"https:\/\/veredes.es\/blog\/wp-content\/uploads\/2013\/09\/86.jpg","datePublished":"2017-09-17T22:02:06+00:00","dateModified":"2024-03-11T13:57:38+00:00","description":"Toda la informaci\u00f3n sobre: [:es]Arquitectura y Caos | Jos\u00e9 Ram\u00f3n Hern\u00e1ndez Correa[:gl]Arquitectura e Caos | Jos\u00e9 Ram\u00f3n Hern\u00e1ndez Correa[:en]Architecture and Chaos | Jos\u00e9 Ram\u00f3n Hern\u00e1ndez Correa[:]","breadcrumb":{"@id":"https:\/\/veredes.es\/blog\/arquitectura-y-caos-jose-ramon-hernandez-correa\/#breadcrumb"},"inLanguage":"es","potentialAction":[{"@type":"ReadAction","target":["https:\/\/veredes.es\/blog\/arquitectura-y-caos-jose-ramon-hernandez-correa\/"]}]},{"@type":"ImageObject","inLanguage":"es","@id":"https:\/\/veredes.es\/blog\/arquitectura-y-caos-jose-ramon-hernandez-correa\/#primaryimage","url":"https:\/\/veredes.es\/blog\/wp-content\/uploads\/2013\/09\/86.jpg","contentUrl":"https:\/\/veredes.es\/blog\/wp-content\/uploads\/2013\/09\/86.jpg","width":"620","height":"784","caption":"Maxwell Smart, el Superagente 86 | arquitectamoslocos.blogspot.com.es"},{"@type":"BreadcrumbList","@id":"https:\/\/veredes.es\/blog\/arquitectura-y-caos-jose-ramon-hernandez-correa\/#breadcrumb","itemListElement":[{"@type":"ListItem","position":1,"name":"Portada","item":"https:\/\/veredes.es\/blog\/"},{"@type":"ListItem","position":2,"name":"Arquitectura y Caos | Jos\u00e9 Ram\u00f3n Hern\u00e1ndez Correa"}]},{"@type":"WebSite","@id":"https:\/\/veredes.es\/blog\/#website","url":"https:\/\/veredes.es\/blog\/","name":"veredes, arquitectura y divulgaci\u00f3n","description":"veredes","publisher":{"@id":"https:\/\/veredes.es\/blog\/#organization"},"alternateName":"veredes","potentialAction":[{"@type":"SearchAction","target":{"@type":"EntryPoint","urlTemplate":"https:\/\/veredes.es\/blog\/?s={search_term_string}"},"query-input":{"@type":"PropertyValueSpecification","valueRequired":true,"valueName":"search_term_string"}}],"inLanguage":"es"},{"@type":"Organization","@id":"https:\/\/veredes.es\/blog\/#organization","name":"veredes, arquitectura y divulgaci\u00f3n","alternateName":"veredes","url":"https:\/\/veredes.es\/blog\/","logo":{"@type":"ImageObject","inLanguage":"es","@id":"https:\/\/veredes.es\/blog\/#\/schema\/logo\/image\/","url":"https:\/\/veredes.es\/blog\/wp-content\/uploads\/2021\/12\/veredes-logo-centrado_140x54.png","contentUrl":"https:\/\/veredes.es\/blog\/wp-content\/uploads\/2021\/12\/veredes-logo-centrado_140x54.png","width":140,"height":54,"caption":"veredes, arquitectura y divulgaci\u00f3n"},"image":{"@id":"https:\/\/veredes.es\/blog\/#\/schema\/logo\/image\/"},"sameAs":["https:\/\/www.facebook.com\/veredesArquitecturayDivulgacion\/","https:\/\/x.com\/veredes","https:\/\/instagram.com\/veredes\/","https:\/\/www.linkedin.com\/company\/veredes-arquitectura-y-divulgacion\/","https:\/\/es.pinterest.com\/veredes\/","https:\/\/www.tumblr.com\/veredes"]},{"@type":"Person","@id":"https:\/\/veredes.es\/blog\/#\/schema\/person\/eefca3204fa5a4349162c2869bee6c49","name":"Jos\u00e9 Ram\u00f3n Hern\u00e1ndez Correa","image":{"@type":"ImageObject","inLanguage":"es","@id":"https:\/\/veredes.es\/blog\/wp-content\/uploads\/2018\/04\/Jos\u00e9-Ram\u00f3n-Hern\u00e1ndez-Correa-96x96.jpg","url":"https:\/\/veredes.es\/blog\/wp-content\/uploads\/2018\/04\/Jos\u00e9-Ram\u00f3n-Hern\u00e1ndez-Correa-96x96.jpg","contentUrl":"https:\/\/veredes.es\/blog\/wp-content\/uploads\/2018\/04\/Jos\u00e9-Ram\u00f3n-Hern\u00e1ndez-Correa-96x96.jpg","caption":"Jos\u00e9 Ram\u00f3n Hern\u00e1ndez Correa"},"description":"Nac\u00ed en 1960. Arquitecto por la ETSAM, 1985. Doctor Arquitecto por la Universidad Polit\u00e9cnica de Madrid, 1992. Soy, en el buen sentido de la palabra, bueno. Ahora estoy algo cansado, pero sigo atento y curioso. Arquitecto, bloguero, saxofonero, escritor... pero todo mal.","sameAs":["http:\/\/arquitectamoslocos.blogspot.com.es\/","https:\/\/www.facebook.com\/joseramon.hernandezcorrea","https:\/\/www.instagram.com\/arquitectamoslocos\/","https:\/\/www.linkedin.com\/in\/jos-ramn-hernndez-correa-b6378b2a\/","https:\/\/x.com\/https:\/\/twitter.com\/arquitectamos"],"url":"https:\/\/veredes.es\/blog\/author\/arquitectamos\/"}]}},"_links":{"self":[{"href":"https:\/\/veredes.es\/blog\/wp-json\/wp\/v2\/posts\/34636","targetHints":{"allow":["GET"]}}],"collection":[{"href":"https:\/\/veredes.es\/blog\/wp-json\/wp\/v2\/posts"}],"about":[{"href":"https:\/\/veredes.es\/blog\/wp-json\/wp\/v2\/types\/post"}],"author":[{"embeddable":true,"href":"https:\/\/veredes.es\/blog\/wp-json\/wp\/v2\/users\/33"}],"replies":[{"embeddable":true,"href":"https:\/\/veredes.es\/blog\/wp-json\/wp\/v2\/comments?post=34636"}],"version-history":[{"count":0,"href":"https:\/\/veredes.es\/blog\/wp-json\/wp\/v2\/posts\/34636\/revisions"}],"wp:featuredmedia":[{"embeddable":true,"href":"https:\/\/veredes.es\/blog\/wp-json\/wp\/v2\/media\/34637"}],"wp:attachment":[{"href":"https:\/\/veredes.es\/blog\/wp-json\/wp\/v2\/media?parent=34636"}],"wp:term":[{"taxonomy":"category","embeddable":true,"href":"https:\/\/veredes.es\/blog\/wp-json\/wp\/v2\/categories?post=34636"},{"taxonomy":"post_tag","embeddable":true,"href":"https:\/\/veredes.es\/blog\/wp-json\/wp\/v2\/tags?post=34636"}],"curies":[{"name":"wp","href":"https:\/\/api.w.org\/{rel}","templated":true}]}}