{"id":34554,"date":"2013-09-27T06:38:20","date_gmt":"2013-09-27T06:38:20","guid":{"rendered":"http:\/\/veredes.es\/blog\/?p=34554"},"modified":"2020-03-03T10:05:22","modified_gmt":"2020-03-03T09:05:22","slug":"objet-trouve-01-arne-jacobsen-y-las-columnas-del-olimpeion-de-atenas-rodrigo-almonacid","status":"publish","type":"post","link":"https:\/\/veredes.es\/blog\/objet-trouve-01-arne-jacobsen-y-las-columnas-del-olimpeion-de-atenas-rodrigo-almonacid\/","title":{"rendered":"Objet trouv\u00e9 [01] : Arne Jacobsen y las columnas del Olimpei\u00f3n de Atenas | Rodrigo Almonacid"},"content":{"rendered":"<p><figure id=\"attachment_34556\" aria-describedby=\"caption-attachment-34556\" style=\"width: 620px\" class=\"wp-caption alignnone\"><a href=\"https:\/\/veredes.es\/blog\/wp-content\/uploads\/2013\/09\/265043-AJ-Olimpeion-Atenas-fragmento-apunte-viaje-Grecia-1962-FSQ3_p155.jpg\"><img loading=\"lazy\" decoding=\"async\" class=\"size-full wp-image-34556\" title=\"265043-AJ-'Olimpeion-Atenas'-fragmento-apunte-viaje-Grecia-1962-[FSQ3_p155]\" src=\"https:\/\/veredes.es\/blog\/wp-content\/uploads\/2013\/09\/265043-AJ-Olimpeion-Atenas-fragmento-apunte-viaje-Grecia-1962-FSQ3_p155.jpg\" alt=\"\" width=\"620\" height=\"620\" srcset=\"https:\/\/veredes.es\/blog\/wp-content\/uploads\/2013\/09\/265043-AJ-Olimpeion-Atenas-fragmento-apunte-viaje-Grecia-1962-FSQ3_p155.jpg 620w, https:\/\/veredes.es\/blog\/wp-content\/uploads\/2013\/09\/265043-AJ-Olimpeion-Atenas-fragmento-apunte-viaje-Grecia-1962-FSQ3_p155-150x150.jpg 150w, https:\/\/veredes.es\/blog\/wp-content\/uploads\/2013\/09\/265043-AJ-Olimpeion-Atenas-fragmento-apunte-viaje-Grecia-1962-FSQ3_p155-300x300.jpg 300w, https:\/\/veredes.es\/blog\/wp-content\/uploads\/2013\/09\/265043-AJ-Olimpeion-Atenas-fragmento-apunte-viaje-Grecia-1962-FSQ3_p155-120x120.jpg 120w\" sizes=\"auto, (max-width: 620px) 100vw, 620px\" \/><\/a><figcaption id=\"caption-attachment-34556\" class=\"wp-caption-text\"><span style=\"color: #888888;\">Fragmento de apunte de viaje realizado por Arne Jacobsen en Atenas, 1962<\/span><\/figcaption><\/figure><\/p>\n<p style=\"text-align: justify;\">Arne Jacobsen fue un gran dibujante y a\u00fan mejor acuarelista. Cuando disfrutaba de unas vacaciones siempre le acompa\u00f1aban sus l\u00e1pices y pinceles. Disfrutaba con esta afici\u00f3n, que cultivaba desde su infancia. Siempre confes\u00f3 que no era m\u00e1s que eso, una mera afici\u00f3n, que no ten\u00eda ninguna pretensi\u00f3n art\u00edstica con aquellos dibujos o acuarelas<sup><sup>1<\/sup><\/sup>. Tampoco reconoci\u00f3 que estuviesen relacionados con su trabajo profesional como arquitecto. Pero esa \u00f3smosis, aunque fuese involuntaria, se daba a menudo. Y m\u00e1s, en una persona que viv\u00eda con su familia, trabajaba como arquitecto, pintaba al aire libre y cultivaba su jard\u00edn en un mismo espacio: un sencillo (y precioso) adosado al norte de Copenhague, con vistas al estrecho marino del \u00d8resund.<\/p>\n<p style=\"text-align: justify;\">En uno de sus \u00faltimos viajes al Mediterr\u00e1neo, Jacobsen hizo su propio <em>tour<\/em> por Grecia. Adem\u00e1s de los lugares sagrados de la cultura helena por todos conocidos, visit\u00f3 las ruinas de lo que fue el colosal templo de Zeus Ol\u00edmpico de Atenas. La imponente escala de las escasas columnas que a\u00fan est\u00e1n en pie es sobrecogedora, tanto o m\u00e1s que la de una de ellas que permanece derrumbada en el lugar. Sus tambores se alinean con el desorden propio de un colapso sobre un terreno natural. La expresividad del apunte (imagen del encabezamiento de este post<sup><sup>2<\/sup><\/sup>) muestra la emotividad de la visita, raras veces contemplado en sus dibujos de viaje.<\/p>\n<p style=\"text-align: justify;\">La an\u00e9cdota podr\u00eda haberse quedado ah\u00ed, pero no. Esos tambores p\u00e9treos reaparecieron metaf\u00f3ricamente pocos a\u00f1os m\u00e1s tarde en su ciudad natal, Copenhague, en lo que ser\u00eda su obra p\u00f3stuma: el Banco Nacional de Dinamarca<sup><sup>3<\/sup><\/sup>.<\/p>\n<figure id=\"attachment_34557\" aria-describedby=\"caption-attachment-34557\" style=\"width: 620px\" class=\"wp-caption alignnone\"><a href=\"http:\/\/veredes.es\/blog\/wp-content\/uploads\/2013\/09\/265044-AJ-Banco-Nacional-DK-foto-int-patio-jard\u00edn-mayor-con-columnas-en-ruinas-CTKV_p198.jpg\"><img loading=\"lazy\" decoding=\"async\" class=\"size-full wp-image-34557\" title=\"265044-AJ-'Banco-Nacional-DK'-foto-int-patio-jard\u00edn-mayor-con-columnas-en-ruinas-(CTKV_p198)\" src=\"http:\/\/veredes.es\/blog\/wp-content\/uploads\/2013\/09\/265044-AJ-Banco-Nacional-DK-foto-int-patio-jard\u00edn-mayor-con-columnas-en-ruinas-CTKV_p198.jpg\" alt=\"\" width=\"620\" height=\"412\" srcset=\"https:\/\/veredes.es\/blog\/wp-content\/uploads\/2013\/09\/265044-AJ-Banco-Nacional-DK-foto-int-patio-jard\u00edn-mayor-con-columnas-en-ruinas-CTKV_p198.jpg 620w, https:\/\/veredes.es\/blog\/wp-content\/uploads\/2013\/09\/265044-AJ-Banco-Nacional-DK-foto-int-patio-jard\u00edn-mayor-con-columnas-en-ruinas-CTKV_p198-300x199.jpg 300w, https:\/\/veredes.es\/blog\/wp-content\/uploads\/2013\/09\/265044-AJ-Banco-Nacional-DK-foto-int-patio-jard\u00edn-mayor-con-columnas-en-ruinas-CTKV_p198-160x105.jpg 160w\" sizes=\"auto, (max-width: 620px) 100vw, 620px\" \/><\/a><figcaption id=\"caption-attachment-34557\" class=\"wp-caption-text\"><span style=\"color: #888888;\">Interior del primer patio del Banco Nacional de Dinamarca reci\u00e9n inaugurado en 1971<\/span><\/figcaption><\/figure>\n<p style=\"text-align: justify;\">Seguramente todos record\u00e9is el gran vest\u00edbulo de ese edificio y, sobre todo, su escalera suspendida del techo. Pero al visitar su interior, uno descubre un gran patio interior (me refiero al que pudo ser construido antes de su muerte en 1971, pues hay dos) cuyo suelo es un extra\u00f1o \u201cpaisaje en ruinas\u201d. All\u00ed yacen, en filas desordenadas, una suerte de piezas cil\u00edndricas semienterradas, sobre las que crecen aleatoriamente especies vegetales rastreras, como si el tiempo las llevase cubriendo durante siglos cual ruina cl\u00e1sica olvidada. Fuera, sobre la acera, un par de r\u00e9plicas de capiteles corintios reposan al pie del monumental edificio, que siempre desconciertan al paseante, y que no hacen sino recordarnos un cierto halo de perennidad a\u00fan perseguida por la Arquitectura.<\/p>\n<p style=\"text-align: justify;\">O quiz\u00e1 no. Quiz\u00e1 solo sea un olvido, un error en el \u201ctraslado\u201d (metaf\u00f3rico, en el espacio-tiempo) de aquellas columnas griegas hasta Copenhague. Desmembrada la columna cl\u00e1sica, hoy solo vemos sus vestigios, y acaso no puedan ser ya otra cosa que un mero (y bello) <em>objet trouv\u00e9<\/em>.<\/p>\n<p style=\"text-align: justify;\">Rodrigo Almonacid [<a href=\"https:\/\/rarquitectura.wordpress.com\/\" target=\"_blank\" rel=\"noopener noreferrer\">r-arquitectura<\/a>] \u00b7 doctor arquitecto<br \/>\nvalladolid. septiembre 2013<\/p>\n<p style=\"text-align: justify;\">Notas:<br \/>\n<sup><sup>1<\/sup><\/sup> Entrevista concedida a Ninka (Anne Wolden-Raethinge) para el peri\u00f3dico<em> Politiken<\/em>, el 28 de febrero de 1971. Traducida al espa\u00f1ol bajo el t\u00edtulo \u201cLas nuevas ideas son siempre criticadas\u201d en el Cat\u00e1logo de la exposici\u00f3n (HEATH, Ditte &#8211; ed): <em>Arne Jacobsen<\/em>. Ministerio de\u00a0 Obras P\u00fablicas y Transportes. Madrid, 1993, pp. 69-72.<br \/>\n<sup><sup>2<\/sup><\/sup> Apunte tomado del libro: SOLAGUREN-BEASCOA, F\u00e9lix: <em>Arne Jacobsen. Dibujos 1958-1965<\/em>. Fundaci\u00f3n Caja de Arquitectos, colecci\u00f3n \u201cArqu\u00edthemas\u201d n\u00ba10. Barcelona, 2002, p.155.<br \/>\n<sup><sup>3<\/sup><\/sup> ALMONACID CANSECO, Rodrigo: <em>Arne Jacobsen: el paisaje codificado<\/em>. Tesis doctoral (in\u00e9dita). Departamento de Teor\u00eda de la Arquitectura y Proyectos Arquitect\u00f3nicos de la E.T.S. Arquitectura de Valladolid. Valladolid, 2013. (Disponible resumida en r-arquitectura)<\/p>\n<p style=\"text-align: justify;\">\n<p><\/p>","protected":false},"excerpt":{"rendered":"<p>Arne Jacobsen fue un gran dibujante y a\u00fan mejor acuarelista. Cuando disfrutaba de unas vacaciones siempre le acompa\u00f1aban sus l\u00e1pices y pinceles. Disfrutaba con esta afici\u00f3n, que cultivaba desde su infancia. Siempre confes\u00f3 que no era m\u00e1s que eso, una mera afici\u00f3n, que no ten\u00eda ninguna pretensi\u00f3n art\u00edstica con aquellos dibujos o acuarelas1. Tampoco reconoci\u00f3 [&hellip;]<\/p>\n","protected":false},"author":25,"featured_media":34556,"comment_status":"open","ping_status":"closed","sticky":false,"template":"","format":"standard","meta":{"footnotes":""},"categories":[5934,5951],"tags":[3120,8734,2450,7203,6818,1757,4026,2298,424,510,8735,668,3851,3452,7887,1190,1289,2511],"class_list":{"0":"post-34554","1":"post","2":"type-post","3":"status-publish","4":"format-standard","5":"has-post-thumbnail","7":"category-articulos","8":"category-slider-principal","9":"tag-acuarela","10":"tag-anne-wolden-raethinge","11":"tag-arne-jacobsen","12":"tag-arquitectura-danesa","13":"tag-arquitectura-nordica","14":"tag-atenas","15":"tag-dibujante","16":"tag-dibujar","17":"tag-dibujo","18":"tag-espacio","19":"tag-felix-solaguren-beascoa","20":"tag-historia","21":"tag-objet-trouve","22":"tag-personaje","23":"tag-rodrigo-almonacid-canseco","24":"tag-ruina","25":"tag-tiempo","26":"tag-viaje"},"yoast_head":"<!-- This site is optimized with the Yoast SEO plugin v27.4 - https:\/\/yoast.com\/product\/yoast-seo-wordpress\/ -->\n<title>Objet trouv\u00e9 [01] : Arne Jacobsen y las columnas del Olimpei\u00f3n de Atenas | Rodrigo Almonacid<\/title>\n<meta name=\"description\" content=\"Objet trouv\u00e9 Arne Jacobsen y las columnas del Olimpei\u00f3n de Atenas\" \/>\n<meta name=\"robots\" content=\"index, follow, max-snippet:-1, max-image-preview:large, max-video-preview:-1\" \/>\n<link rel=\"canonical\" href=\"https:\/\/veredes.es\/blog\/objet-trouve-01-arne-jacobsen-y-las-columnas-del-olimpeion-de-atenas-rodrigo-almonacid\/\" \/>\n<meta property=\"og:locale\" content=\"es_ES\" \/>\n<meta property=\"og:type\" content=\"article\" \/>\n<meta property=\"og:title\" content=\"Objet trouv\u00e9 [01] : Arne Jacobsen y las columnas del Olimpei\u00f3n de Atenas | Rodrigo Almonacid\" \/>\n<meta property=\"og:description\" content=\"Objet trouv\u00e9 Arne Jacobsen y las columnas del Olimpei\u00f3n de Atenas\" \/>\n<meta property=\"og:url\" content=\"https:\/\/veredes.es\/blog\/objet-trouve-01-arne-jacobsen-y-las-columnas-del-olimpeion-de-atenas-rodrigo-almonacid\/\" \/>\n<meta property=\"og:site_name\" content=\"veredes, arquitectura y divulgaci\u00f3n\" \/>\n<meta property=\"article:publisher\" content=\"https:\/\/www.facebook.com\/veredesArquitecturayDivulgacion\/\" \/>\n<meta property=\"article:author\" content=\"https:\/\/www.facebook.com\/rodrigoalmonacidcanseco\" \/>\n<meta property=\"article:published_time\" content=\"2013-09-27T06:38:20+00:00\" \/>\n<meta property=\"article:modified_time\" content=\"2020-03-03T09:05:22+00:00\" \/>\n<meta property=\"og:image\" content=\"https:\/\/veredes.es\/blog\/wp-content\/uploads\/2013\/09\/265043-AJ-Olimpeion-Atenas-fragmento-apunte-viaje-Grecia-1962-FSQ3_p155.jpg\" \/>\n\t<meta property=\"og:image:width\" content=\"620\" \/>\n\t<meta property=\"og:image:height\" content=\"620\" \/>\n\t<meta property=\"og:image:type\" content=\"image\/jpeg\" \/>\n<meta name=\"author\" content=\"Rodrigo Almonacid Canseco\" \/>\n<meta name=\"twitter:card\" content=\"summary_large_image\" \/>\n<meta name=\"twitter:creator\" content=\"@https:\/\/twitter.com\/ro_almonacid\" \/>\n<meta name=\"twitter:site\" content=\"@veredes\" \/>\n<meta name=\"twitter:label1\" content=\"Escrito por\" \/>\n\t<meta name=\"twitter:data1\" content=\"Rodrigo Almonacid Canseco\" \/>\n\t<meta name=\"twitter:label2\" content=\"Tiempo de lectura\" \/>\n\t<meta name=\"twitter:data2\" content=\"9 minutos\" \/>\n<script type=\"application\/ld+json\" class=\"yoast-schema-graph\">{\"@context\":\"https:\\\/\\\/schema.org\",\"@graph\":[{\"@type\":\"Article\",\"@id\":\"https:\\\/\\\/veredes.es\\\/blog\\\/objet-trouve-01-arne-jacobsen-y-las-columnas-del-olimpeion-de-atenas-rodrigo-almonacid\\\/#article\",\"isPartOf\":{\"@id\":\"https:\\\/\\\/veredes.es\\\/blog\\\/objet-trouve-01-arne-jacobsen-y-las-columnas-del-olimpeion-de-atenas-rodrigo-almonacid\\\/\"},\"author\":{\"name\":\"Rodrigo Almonacid Canseco\",\"@id\":\"https:\\\/\\\/veredes.es\\\/blog\\\/#\\\/schema\\\/person\\\/2bd6a102123b7b5590e19bfadb88493c\"},\"headline\":\"Objet trouv\u00e9 [01] : Arne Jacobsen y las columnas del Olimpei\u00f3n de Atenas | Rodrigo Almonacid\",\"datePublished\":\"2013-09-27T06:38:20+00:00\",\"dateModified\":\"2020-03-03T09:05:22+00:00\",\"mainEntityOfPage\":{\"@id\":\"https:\\\/\\\/veredes.es\\\/blog\\\/objet-trouve-01-arne-jacobsen-y-las-columnas-del-olimpeion-de-atenas-rodrigo-almonacid\\\/\"},\"wordCount\":1899,\"commentCount\":1,\"publisher\":{\"@id\":\"https:\\\/\\\/veredes.es\\\/blog\\\/#organization\"},\"image\":{\"@id\":\"https:\\\/\\\/veredes.es\\\/blog\\\/objet-trouve-01-arne-jacobsen-y-las-columnas-del-olimpeion-de-atenas-rodrigo-almonacid\\\/#primaryimage\"},\"thumbnailUrl\":\"https:\\\/\\\/veredes.es\\\/blog\\\/wp-content\\\/uploads\\\/2013\\\/09\\\/265043-AJ-Olimpeion-Atenas-fragmento-apunte-viaje-Grecia-1962-FSQ3_p155.jpg\",\"keywords\":[\"acuarela\",\"Anne Wolden-Raethinge\",\"Arne Jacobsen\",\"arquitectura danesa\",\"arquitectura n\u00f3rdica\",\"Atenas\",\"dibujante\",\"dibujar\",\"dibujo\",\"espacio\",\"F\u00e9lix Solaguren-Beascoa\",\"historia\",\"objet trouv\u00e9\",\"personaje\",\"Rodrigo Almonacid Canseco\",\"ruina\",\"tiempo\",\"viaje\"],\"articleSection\":[\"art\u00edculos\",\"slider principal\"],\"inLanguage\":\"es\",\"potentialAction\":[{\"@type\":\"CommentAction\",\"name\":\"Comment\",\"target\":[\"https:\\\/\\\/veredes.es\\\/blog\\\/objet-trouve-01-arne-jacobsen-y-las-columnas-del-olimpeion-de-atenas-rodrigo-almonacid\\\/#respond\"]}]},{\"@type\":\"WebPage\",\"@id\":\"https:\\\/\\\/veredes.es\\\/blog\\\/objet-trouve-01-arne-jacobsen-y-las-columnas-del-olimpeion-de-atenas-rodrigo-almonacid\\\/\",\"url\":\"https:\\\/\\\/veredes.es\\\/blog\\\/objet-trouve-01-arne-jacobsen-y-las-columnas-del-olimpeion-de-atenas-rodrigo-almonacid\\\/\",\"name\":\"Objet trouv\u00e9 [01] : Arne Jacobsen y las columnas del Olimpei\u00f3n de Atenas | Rodrigo Almonacid\",\"isPartOf\":{\"@id\":\"https:\\\/\\\/veredes.es\\\/blog\\\/#website\"},\"primaryImageOfPage\":{\"@id\":\"https:\\\/\\\/veredes.es\\\/blog\\\/objet-trouve-01-arne-jacobsen-y-las-columnas-del-olimpeion-de-atenas-rodrigo-almonacid\\\/#primaryimage\"},\"image\":{\"@id\":\"https:\\\/\\\/veredes.es\\\/blog\\\/objet-trouve-01-arne-jacobsen-y-las-columnas-del-olimpeion-de-atenas-rodrigo-almonacid\\\/#primaryimage\"},\"thumbnailUrl\":\"https:\\\/\\\/veredes.es\\\/blog\\\/wp-content\\\/uploads\\\/2013\\\/09\\\/265043-AJ-Olimpeion-Atenas-fragmento-apunte-viaje-Grecia-1962-FSQ3_p155.jpg\",\"datePublished\":\"2013-09-27T06:38:20+00:00\",\"dateModified\":\"2020-03-03T09:05:22+00:00\",\"description\":\"Objet trouv\u00e9 Arne Jacobsen y las columnas del Olimpei\u00f3n de Atenas\",\"breadcrumb\":{\"@id\":\"https:\\\/\\\/veredes.es\\\/blog\\\/objet-trouve-01-arne-jacobsen-y-las-columnas-del-olimpeion-de-atenas-rodrigo-almonacid\\\/#breadcrumb\"},\"inLanguage\":\"es\",\"potentialAction\":[{\"@type\":\"ReadAction\",\"target\":[\"https:\\\/\\\/veredes.es\\\/blog\\\/objet-trouve-01-arne-jacobsen-y-las-columnas-del-olimpeion-de-atenas-rodrigo-almonacid\\\/\"]}]},{\"@type\":\"ImageObject\",\"inLanguage\":\"es\",\"@id\":\"https:\\\/\\\/veredes.es\\\/blog\\\/objet-trouve-01-arne-jacobsen-y-las-columnas-del-olimpeion-de-atenas-rodrigo-almonacid\\\/#primaryimage\",\"url\":\"https:\\\/\\\/veredes.es\\\/blog\\\/wp-content\\\/uploads\\\/2013\\\/09\\\/265043-AJ-Olimpeion-Atenas-fragmento-apunte-viaje-Grecia-1962-FSQ3_p155.jpg\",\"contentUrl\":\"https:\\\/\\\/veredes.es\\\/blog\\\/wp-content\\\/uploads\\\/2013\\\/09\\\/265043-AJ-Olimpeion-Atenas-fragmento-apunte-viaje-Grecia-1962-FSQ3_p155.jpg\",\"width\":\"620\",\"height\":\"620\",\"caption\":\"Fragmento de apunte de viaje realizado por Arne Jacobsen en Atenas, 1962\"},{\"@type\":\"BreadcrumbList\",\"@id\":\"https:\\\/\\\/veredes.es\\\/blog\\\/objet-trouve-01-arne-jacobsen-y-las-columnas-del-olimpeion-de-atenas-rodrigo-almonacid\\\/#breadcrumb\",\"itemListElement\":[{\"@type\":\"ListItem\",\"position\":1,\"name\":\"Portada\",\"item\":\"https:\\\/\\\/veredes.es\\\/blog\\\/\"},{\"@type\":\"ListItem\",\"position\":2,\"name\":\"Objet trouv\u00e9 [01] : Arne Jacobsen y las columnas del Olimpei\u00f3n de Atenas | Rodrigo Almonacid\"}]},{\"@type\":\"WebSite\",\"@id\":\"https:\\\/\\\/veredes.es\\\/blog\\\/#website\",\"url\":\"https:\\\/\\\/veredes.es\\\/blog\\\/\",\"name\":\"veredes, arquitectura y divulgaci\u00f3n\",\"description\":\"veredes\",\"publisher\":{\"@id\":\"https:\\\/\\\/veredes.es\\\/blog\\\/#organization\"},\"alternateName\":\"veredes\",\"potentialAction\":[{\"@type\":\"SearchAction\",\"target\":{\"@type\":\"EntryPoint\",\"urlTemplate\":\"https:\\\/\\\/veredes.es\\\/blog\\\/?s={search_term_string}\"},\"query-input\":{\"@type\":\"PropertyValueSpecification\",\"valueRequired\":true,\"valueName\":\"search_term_string\"}}],\"inLanguage\":\"es\"},{\"@type\":\"Organization\",\"@id\":\"https:\\\/\\\/veredes.es\\\/blog\\\/#organization\",\"name\":\"veredes, arquitectura y divulgaci\u00f3n\",\"alternateName\":\"veredes\",\"url\":\"https:\\\/\\\/veredes.es\\\/blog\\\/\",\"logo\":{\"@type\":\"ImageObject\",\"inLanguage\":\"es\",\"@id\":\"https:\\\/\\\/veredes.es\\\/blog\\\/#\\\/schema\\\/logo\\\/image\\\/\",\"url\":\"https:\\\/\\\/veredes.es\\\/blog\\\/wp-content\\\/uploads\\\/2021\\\/12\\\/veredes-logo-centrado_140x54.png\",\"contentUrl\":\"https:\\\/\\\/veredes.es\\\/blog\\\/wp-content\\\/uploads\\\/2021\\\/12\\\/veredes-logo-centrado_140x54.png\",\"width\":140,\"height\":54,\"caption\":\"veredes, arquitectura y divulgaci\u00f3n\"},\"image\":{\"@id\":\"https:\\\/\\\/veredes.es\\\/blog\\\/#\\\/schema\\\/logo\\\/image\\\/\"},\"sameAs\":[\"https:\\\/\\\/www.facebook.com\\\/veredesArquitecturayDivulgacion\\\/\",\"https:\\\/\\\/x.com\\\/veredes\",\"https:\\\/\\\/instagram.com\\\/veredes\\\/\",\"https:\\\/\\\/www.linkedin.com\\\/company\\\/veredes-arquitectura-y-divulgacion\\\/\",\"https:\\\/\\\/es.pinterest.com\\\/veredes\\\/\",\"https:\\\/\\\/www.tumblr.com\\\/veredes\"]},{\"@type\":\"Person\",\"@id\":\"https:\\\/\\\/veredes.es\\\/blog\\\/#\\\/schema\\\/person\\\/2bd6a102123b7b5590e19bfadb88493c\",\"name\":\"Rodrigo Almonacid Canseco\",\"image\":{\"@type\":\"ImageObject\",\"inLanguage\":\"es\",\"@id\":\"https:\\\/\\\/veredes.es\\\/blog\\\/wp-content\\\/uploads\\\/2024\\\/05\\\/Rodrigo-Almonacid-Canseco-96x96.jpg\",\"url\":\"https:\\\/\\\/veredes.es\\\/blog\\\/wp-content\\\/uploads\\\/2024\\\/05\\\/Rodrigo-Almonacid-Canseco-96x96.jpg\",\"contentUrl\":\"https:\\\/\\\/veredes.es\\\/blog\\\/wp-content\\\/uploads\\\/2024\\\/05\\\/Rodrigo-Almonacid-Canseco-96x96.jpg\",\"caption\":\"Rodrigo Almonacid Canseco\"},\"description\":\"(Teruel, 1974). Licenciado en Arquitectura (1999) con premio extraordinario y Doctor \u201ccum laude\u201d en Arquitectura por la Universidad de Valladolid (2013), compagina su actividad acad\u00e9mica como profesor doctor de la E.T.S. de Arquitectura de Valladolid con la profesional al frente de su propio estudio [r-arquitectura]. Es autor de dos libros: Mies van der Rohe: el espacio de la ausencia (2006); y El paisaje codificado en la arquitectura de Arne Jacobsen (2016). Colaborador habitual en blogs de actualidad y cr\u00edtica arquitect\u00f3nica.\",\"sameAs\":[\"https:\\\/\\\/rarquitectura.wordpress.com\\\/\",\"https:\\\/\\\/www.facebook.com\\\/rodrigoalmonacidcanseco\",\"https:\\\/\\\/www.instagram.com\\\/ro_almonacid\\\/\",\"https:\\\/\\\/x.com\\\/https:\\\/\\\/twitter.com\\\/ro_almonacid\"],\"url\":\"https:\\\/\\\/veredes.es\\\/blog\\\/author\\\/rodrigo-almonacid-canseco\\\/\"}]}<\/script>\n<!-- \/ Yoast SEO plugin. -->","yoast_head_json":{"title":"Objet trouv\u00e9 [01] : Arne Jacobsen y las columnas del Olimpei\u00f3n de Atenas | Rodrigo Almonacid","description":"Objet trouv\u00e9 Arne Jacobsen y las columnas del Olimpei\u00f3n de Atenas","robots":{"index":"index","follow":"follow","max-snippet":"max-snippet:-1","max-image-preview":"max-image-preview:large","max-video-preview":"max-video-preview:-1"},"canonical":"https:\/\/veredes.es\/blog\/objet-trouve-01-arne-jacobsen-y-las-columnas-del-olimpeion-de-atenas-rodrigo-almonacid\/","og_locale":"es_ES","og_type":"article","og_title":"Objet trouv\u00e9 [01] : Arne Jacobsen y las columnas del Olimpei\u00f3n de Atenas | Rodrigo Almonacid","og_description":"Objet trouv\u00e9 Arne Jacobsen y las columnas del Olimpei\u00f3n de Atenas","og_url":"https:\/\/veredes.es\/blog\/objet-trouve-01-arne-jacobsen-y-las-columnas-del-olimpeion-de-atenas-rodrigo-almonacid\/","og_site_name":"veredes, arquitectura y divulgaci\u00f3n","article_publisher":"https:\/\/www.facebook.com\/veredesArquitecturayDivulgacion\/","article_author":"https:\/\/www.facebook.com\/rodrigoalmonacidcanseco","article_published_time":"2013-09-27T06:38:20+00:00","article_modified_time":"2020-03-03T09:05:22+00:00","og_image":[{"width":620,"height":620,"url":"https:\/\/veredes.es\/blog\/wp-content\/uploads\/2013\/09\/265043-AJ-Olimpeion-Atenas-fragmento-apunte-viaje-Grecia-1962-FSQ3_p155.jpg","type":"image\/jpeg"}],"author":"Rodrigo Almonacid Canseco","twitter_card":"summary_large_image","twitter_creator":"@https:\/\/twitter.com\/ro_almonacid","twitter_site":"@veredes","twitter_misc":{"Escrito por":"Rodrigo Almonacid Canseco","Tiempo de lectura":"9 minutos"},"schema":{"@context":"https:\/\/schema.org","@graph":[{"@type":"Article","@id":"https:\/\/veredes.es\/blog\/objet-trouve-01-arne-jacobsen-y-las-columnas-del-olimpeion-de-atenas-rodrigo-almonacid\/#article","isPartOf":{"@id":"https:\/\/veredes.es\/blog\/objet-trouve-01-arne-jacobsen-y-las-columnas-del-olimpeion-de-atenas-rodrigo-almonacid\/"},"author":{"name":"Rodrigo Almonacid Canseco","@id":"https:\/\/veredes.es\/blog\/#\/schema\/person\/2bd6a102123b7b5590e19bfadb88493c"},"headline":"Objet trouv\u00e9 [01] : Arne Jacobsen y las columnas del Olimpei\u00f3n de Atenas | Rodrigo Almonacid","datePublished":"2013-09-27T06:38:20+00:00","dateModified":"2020-03-03T09:05:22+00:00","mainEntityOfPage":{"@id":"https:\/\/veredes.es\/blog\/objet-trouve-01-arne-jacobsen-y-las-columnas-del-olimpeion-de-atenas-rodrigo-almonacid\/"},"wordCount":1899,"commentCount":1,"publisher":{"@id":"https:\/\/veredes.es\/blog\/#organization"},"image":{"@id":"https:\/\/veredes.es\/blog\/objet-trouve-01-arne-jacobsen-y-las-columnas-del-olimpeion-de-atenas-rodrigo-almonacid\/#primaryimage"},"thumbnailUrl":"https:\/\/veredes.es\/blog\/wp-content\/uploads\/2013\/09\/265043-AJ-Olimpeion-Atenas-fragmento-apunte-viaje-Grecia-1962-FSQ3_p155.jpg","keywords":["acuarela","Anne Wolden-Raethinge","Arne Jacobsen","arquitectura danesa","arquitectura n\u00f3rdica","Atenas","dibujante","dibujar","dibujo","espacio","F\u00e9lix Solaguren-Beascoa","historia","objet trouv\u00e9","personaje","Rodrigo Almonacid Canseco","ruina","tiempo","viaje"],"articleSection":["art\u00edculos","slider principal"],"inLanguage":"es","potentialAction":[{"@type":"CommentAction","name":"Comment","target":["https:\/\/veredes.es\/blog\/objet-trouve-01-arne-jacobsen-y-las-columnas-del-olimpeion-de-atenas-rodrigo-almonacid\/#respond"]}]},{"@type":"WebPage","@id":"https:\/\/veredes.es\/blog\/objet-trouve-01-arne-jacobsen-y-las-columnas-del-olimpeion-de-atenas-rodrigo-almonacid\/","url":"https:\/\/veredes.es\/blog\/objet-trouve-01-arne-jacobsen-y-las-columnas-del-olimpeion-de-atenas-rodrigo-almonacid\/","name":"Objet trouv\u00e9 [01] : Arne Jacobsen y las columnas del Olimpei\u00f3n de Atenas | Rodrigo Almonacid","isPartOf":{"@id":"https:\/\/veredes.es\/blog\/#website"},"primaryImageOfPage":{"@id":"https:\/\/veredes.es\/blog\/objet-trouve-01-arne-jacobsen-y-las-columnas-del-olimpeion-de-atenas-rodrigo-almonacid\/#primaryimage"},"image":{"@id":"https:\/\/veredes.es\/blog\/objet-trouve-01-arne-jacobsen-y-las-columnas-del-olimpeion-de-atenas-rodrigo-almonacid\/#primaryimage"},"thumbnailUrl":"https:\/\/veredes.es\/blog\/wp-content\/uploads\/2013\/09\/265043-AJ-Olimpeion-Atenas-fragmento-apunte-viaje-Grecia-1962-FSQ3_p155.jpg","datePublished":"2013-09-27T06:38:20+00:00","dateModified":"2020-03-03T09:05:22+00:00","description":"Objet trouv\u00e9 Arne Jacobsen y las columnas del Olimpei\u00f3n de Atenas","breadcrumb":{"@id":"https:\/\/veredes.es\/blog\/objet-trouve-01-arne-jacobsen-y-las-columnas-del-olimpeion-de-atenas-rodrigo-almonacid\/#breadcrumb"},"inLanguage":"es","potentialAction":[{"@type":"ReadAction","target":["https:\/\/veredes.es\/blog\/objet-trouve-01-arne-jacobsen-y-las-columnas-del-olimpeion-de-atenas-rodrigo-almonacid\/"]}]},{"@type":"ImageObject","inLanguage":"es","@id":"https:\/\/veredes.es\/blog\/objet-trouve-01-arne-jacobsen-y-las-columnas-del-olimpeion-de-atenas-rodrigo-almonacid\/#primaryimage","url":"https:\/\/veredes.es\/blog\/wp-content\/uploads\/2013\/09\/265043-AJ-Olimpeion-Atenas-fragmento-apunte-viaje-Grecia-1962-FSQ3_p155.jpg","contentUrl":"https:\/\/veredes.es\/blog\/wp-content\/uploads\/2013\/09\/265043-AJ-Olimpeion-Atenas-fragmento-apunte-viaje-Grecia-1962-FSQ3_p155.jpg","width":"620","height":"620","caption":"Fragmento de apunte de viaje realizado por Arne Jacobsen en Atenas, 1962"},{"@type":"BreadcrumbList","@id":"https:\/\/veredes.es\/blog\/objet-trouve-01-arne-jacobsen-y-las-columnas-del-olimpeion-de-atenas-rodrigo-almonacid\/#breadcrumb","itemListElement":[{"@type":"ListItem","position":1,"name":"Portada","item":"https:\/\/veredes.es\/blog\/"},{"@type":"ListItem","position":2,"name":"Objet trouv\u00e9 [01] : Arne Jacobsen y las columnas del Olimpei\u00f3n de Atenas | Rodrigo Almonacid"}]},{"@type":"WebSite","@id":"https:\/\/veredes.es\/blog\/#website","url":"https:\/\/veredes.es\/blog\/","name":"veredes, arquitectura y divulgaci\u00f3n","description":"veredes","publisher":{"@id":"https:\/\/veredes.es\/blog\/#organization"},"alternateName":"veredes","potentialAction":[{"@type":"SearchAction","target":{"@type":"EntryPoint","urlTemplate":"https:\/\/veredes.es\/blog\/?s={search_term_string}"},"query-input":{"@type":"PropertyValueSpecification","valueRequired":true,"valueName":"search_term_string"}}],"inLanguage":"es"},{"@type":"Organization","@id":"https:\/\/veredes.es\/blog\/#organization","name":"veredes, arquitectura y divulgaci\u00f3n","alternateName":"veredes","url":"https:\/\/veredes.es\/blog\/","logo":{"@type":"ImageObject","inLanguage":"es","@id":"https:\/\/veredes.es\/blog\/#\/schema\/logo\/image\/","url":"https:\/\/veredes.es\/blog\/wp-content\/uploads\/2021\/12\/veredes-logo-centrado_140x54.png","contentUrl":"https:\/\/veredes.es\/blog\/wp-content\/uploads\/2021\/12\/veredes-logo-centrado_140x54.png","width":140,"height":54,"caption":"veredes, arquitectura y divulgaci\u00f3n"},"image":{"@id":"https:\/\/veredes.es\/blog\/#\/schema\/logo\/image\/"},"sameAs":["https:\/\/www.facebook.com\/veredesArquitecturayDivulgacion\/","https:\/\/x.com\/veredes","https:\/\/instagram.com\/veredes\/","https:\/\/www.linkedin.com\/company\/veredes-arquitectura-y-divulgacion\/","https:\/\/es.pinterest.com\/veredes\/","https:\/\/www.tumblr.com\/veredes"]},{"@type":"Person","@id":"https:\/\/veredes.es\/blog\/#\/schema\/person\/2bd6a102123b7b5590e19bfadb88493c","name":"Rodrigo Almonacid Canseco","image":{"@type":"ImageObject","inLanguage":"es","@id":"https:\/\/veredes.es\/blog\/wp-content\/uploads\/2024\/05\/Rodrigo-Almonacid-Canseco-96x96.jpg","url":"https:\/\/veredes.es\/blog\/wp-content\/uploads\/2024\/05\/Rodrigo-Almonacid-Canseco-96x96.jpg","contentUrl":"https:\/\/veredes.es\/blog\/wp-content\/uploads\/2024\/05\/Rodrigo-Almonacid-Canseco-96x96.jpg","caption":"Rodrigo Almonacid Canseco"},"description":"(Teruel, 1974). Licenciado en Arquitectura (1999) con premio extraordinario y Doctor \u201ccum laude\u201d en Arquitectura por la Universidad de Valladolid (2013), compagina su actividad acad\u00e9mica como profesor doctor de la E.T.S. de Arquitectura de Valladolid con la profesional al frente de su propio estudio [r-arquitectura]. Es autor de dos libros: Mies van der Rohe: el espacio de la ausencia (2006); y El paisaje codificado en la arquitectura de Arne Jacobsen (2016). Colaborador habitual en blogs de actualidad y cr\u00edtica arquitect\u00f3nica.","sameAs":["https:\/\/rarquitectura.wordpress.com\/","https:\/\/www.facebook.com\/rodrigoalmonacidcanseco","https:\/\/www.instagram.com\/ro_almonacid\/","https:\/\/x.com\/https:\/\/twitter.com\/ro_almonacid"],"url":"https:\/\/veredes.es\/blog\/author\/rodrigo-almonacid-canseco\/"}]}},"_links":{"self":[{"href":"https:\/\/veredes.es\/blog\/wp-json\/wp\/v2\/posts\/34554","targetHints":{"allow":["GET"]}}],"collection":[{"href":"https:\/\/veredes.es\/blog\/wp-json\/wp\/v2\/posts"}],"about":[{"href":"https:\/\/veredes.es\/blog\/wp-json\/wp\/v2\/types\/post"}],"author":[{"embeddable":true,"href":"https:\/\/veredes.es\/blog\/wp-json\/wp\/v2\/users\/25"}],"replies":[{"embeddable":true,"href":"https:\/\/veredes.es\/blog\/wp-json\/wp\/v2\/comments?post=34554"}],"version-history":[{"count":0,"href":"https:\/\/veredes.es\/blog\/wp-json\/wp\/v2\/posts\/34554\/revisions"}],"wp:featuredmedia":[{"embeddable":true,"href":"https:\/\/veredes.es\/blog\/wp-json\/wp\/v2\/media\/34556"}],"wp:attachment":[{"href":"https:\/\/veredes.es\/blog\/wp-json\/wp\/v2\/media?parent=34554"}],"wp:term":[{"taxonomy":"category","embeddable":true,"href":"https:\/\/veredes.es\/blog\/wp-json\/wp\/v2\/categories?post=34554"},{"taxonomy":"post_tag","embeddable":true,"href":"https:\/\/veredes.es\/blog\/wp-json\/wp\/v2\/tags?post=34554"}],"curies":[{"name":"wp","href":"https:\/\/api.w.org\/{rel}","templated":true}]}}