{"id":34013,"date":"2013-08-22T06:51:28","date_gmt":"2013-08-22T06:51:28","guid":{"rendered":"http:\/\/veredes.es\/blog\/?p=34013"},"modified":"2015-02-06T15:35:47","modified_gmt":"2015-02-06T15:35:47","slug":"de-donde-vienen-las-buenas-ideas","status":"publish","type":"post","link":"https:\/\/veredes.es\/blog\/de-donde-vienen-las-buenas-ideas\/","title":{"rendered":"\u00bfDe d\u00f3nde vienen las buenas ideas?"},"content":{"rendered":"<p><\/p>\n<p style=\"text-align: justify;\">\u00abHay estos patrones recurrentes, que aparecen una y otra vez, y son cruciales para crear entornos que puedan ser innovadores. [&#8230;] Las ideas que generan cambios rara vez vienen en un momento de gran concentraci\u00f3n, en un repentino golpe de inspiraci\u00f3n. La mayor\u00eda de las buenas ideas necesitan de un largo tiempo para evolucionar, y pasan mucho tiempo durmientes en el fondo del cerebro.\u00bb<\/p>\n<p>http:\/\/youtu.be\/NugRZGDbPFU<\/p>","protected":false},"excerpt":{"rendered":"<p>\u00abHay estos patrones recurrentes, que aparecen una y otra vez, y son cruciales para crear entornos que puedan ser innovadores. [&#8230;] Las ideas que generan cambios rara vez vienen en un momento de gran concentraci\u00f3n, en un repentino golpe de inspiraci\u00f3n. La mayor\u00eda de las buenas ideas necesitan de un largo tiempo para evolucionar, y [&hellip;]<\/p>\n","protected":false},"author":2,"featured_media":34069,"comment_status":"open","ping_status":"closed","sticky":false,"template":"","format":"standard","meta":{"footnotes":""},"categories":[4854],"tags":[388,2270,1985,2066,8528,1346],"class_list":{"0":"post-34013","1":"post","2":"type-post","3":"status-publish","4":"format-standard","5":"has-post-thumbnail","7":"category-tv","8":"tag-crear","9":"tag-idear","10":"tag-pensar","11":"tag-proyectar","12":"tag-steven-johnson","13":"tag-video"},"yoast_head":"<!-- This site is optimized with the Yoast SEO plugin v27.5 - https:\/\/yoast.com\/product\/yoast-seo-wordpress\/ -->\n<title>\u00bfDe d\u00f3nde vienen las buenas ideas?\u00bfDe d\u00f3nde vi\u00f1en as boas ideas?Where good ideas come from? - veredes<\/title>\n<meta name=\"description\" content=\"Toda la informaci\u00f3n sobre: \u00bfDe d\u00f3nde vienen las buenas ideas?\u00bfDe d\u00f3nde vi\u00f1en as boas ideas?Where good ideas come from?\" \/>\n<meta name=\"robots\" content=\"index, follow, max-snippet:-1, max-image-preview:large, max-video-preview:-1\" \/>\n<link rel=\"canonical\" href=\"https:\/\/veredes.es\/blog\/de-donde-vienen-las-buenas-ideas\/\" \/>\n<meta property=\"og:locale\" content=\"es_ES\" \/>\n<meta property=\"og:type\" content=\"article\" \/>\n<meta property=\"og:title\" content=\"\u00bfDe d\u00f3nde vienen las buenas ideas?\u00bfDe d\u00f3nde vi\u00f1en as boas ideas?Where good ideas come from? - veredes\" \/>\n<meta property=\"og:description\" content=\"Toda la informaci\u00f3n sobre: \u00bfDe d\u00f3nde vienen las buenas ideas?\u00bfDe d\u00f3nde vi\u00f1en as boas ideas?Where good ideas come from?\" \/>\n<meta property=\"og:url\" content=\"https:\/\/veredes.es\/blog\/de-donde-vienen-las-buenas-ideas\/\" \/>\n<meta property=\"og:site_name\" content=\"veredes, arquitectura y divulgaci\u00f3n\" \/>\n<meta property=\"article:publisher\" content=\"https:\/\/www.facebook.com\/veredesArquitecturayDivulgacion\/\" \/>\n<meta property=\"article:author\" content=\"https:\/\/www.facebook.com\/veredesArquitecturayDivulgacion\/\" \/>\n<meta property=\"article:published_time\" content=\"2013-08-22T06:51:28+00:00\" \/>\n<meta property=\"article:modified_time\" content=\"2015-02-06T15:35:47+00:00\" \/>\n<meta property=\"og:image\" content=\"https:\/\/veredes.es\/blog\/wp-content\/uploads\/2013\/08\/de-donde-vienen-las-buenas-ideas.jpg\" \/>\n\t<meta property=\"og:image:width\" content=\"1280\" \/>\n\t<meta property=\"og:image:height\" content=\"720\" \/>\n\t<meta property=\"og:image:type\" content=\"image\/jpeg\" \/>\n<meta name=\"author\" content=\"veredes\" \/>\n<meta name=\"twitter:card\" content=\"summary_large_image\" \/>\n<meta name=\"twitter:creator\" content=\"@https:\/\/twitter.com\/veredes\" \/>\n<meta name=\"twitter:site\" content=\"@veredes\" \/>\n<meta name=\"twitter:label1\" content=\"Escrito por\" \/>\n\t<meta name=\"twitter:data1\" content=\"veredes\" \/>\n\t<meta name=\"twitter:label2\" content=\"Tiempo de lectura\" \/>\n\t<meta name=\"twitter:data2\" content=\"1 minuto\" \/>\n<script type=\"application\/ld+json\" class=\"yoast-schema-graph\">{\"@context\":\"https:\\\/\\\/schema.org\",\"@graph\":[{\"@type\":\"Article\",\"@id\":\"https:\\\/\\\/veredes.es\\\/blog\\\/de-donde-vienen-las-buenas-ideas\\\/#article\",\"isPartOf\":{\"@id\":\"https:\\\/\\\/veredes.es\\\/blog\\\/de-donde-vienen-las-buenas-ideas\\\/\"},\"author\":{\"name\":\"veredes\",\"@id\":\"https:\\\/\\\/veredes.es\\\/blog\\\/#\\\/schema\\\/person\\\/0bbb669073ef7faba5168a0844e93d2c\"},\"headline\":\"\u00bfDe d\u00f3nde vienen las buenas ideas?\",\"datePublished\":\"2013-08-22T06:51:28+00:00\",\"dateModified\":\"2015-02-06T15:35:47+00:00\",\"mainEntityOfPage\":{\"@id\":\"https:\\\/\\\/veredes.es\\\/blog\\\/de-donde-vienen-las-buenas-ideas\\\/\"},\"wordCount\":229,\"commentCount\":0,\"publisher\":{\"@id\":\"https:\\\/\\\/veredes.es\\\/blog\\\/#organization\"},\"image\":{\"@id\":\"https:\\\/\\\/veredes.es\\\/blog\\\/de-donde-vienen-las-buenas-ideas\\\/#primaryimage\"},\"thumbnailUrl\":\"https:\\\/\\\/veredes.es\\\/blog\\\/wp-content\\\/uploads\\\/2013\\\/08\\\/de-donde-vienen-las-buenas-ideas.jpg\",\"keywords\":[\"crear\",\"idear\",\"pensar\",\"proyectar\",\"steven johnson\",\"video\"],\"articleSection\":[\"tv\"],\"inLanguage\":\"es\",\"potentialAction\":[{\"@type\":\"CommentAction\",\"name\":\"Comment\",\"target\":[\"https:\\\/\\\/veredes.es\\\/blog\\\/de-donde-vienen-las-buenas-ideas\\\/#respond\"]}]},{\"@type\":\"WebPage\",\"@id\":\"https:\\\/\\\/veredes.es\\\/blog\\\/de-donde-vienen-las-buenas-ideas\\\/\",\"url\":\"https:\\\/\\\/veredes.es\\\/blog\\\/de-donde-vienen-las-buenas-ideas\\\/\",\"name\":\"\u00bfDe d\u00f3nde vienen las buenas ideas?\u00bfDe d\u00f3nde vi\u00f1en as boas ideas?Where good ideas come from? - veredes\",\"isPartOf\":{\"@id\":\"https:\\\/\\\/veredes.es\\\/blog\\\/#website\"},\"primaryImageOfPage\":{\"@id\":\"https:\\\/\\\/veredes.es\\\/blog\\\/de-donde-vienen-las-buenas-ideas\\\/#primaryimage\"},\"image\":{\"@id\":\"https:\\\/\\\/veredes.es\\\/blog\\\/de-donde-vienen-las-buenas-ideas\\\/#primaryimage\"},\"thumbnailUrl\":\"https:\\\/\\\/veredes.es\\\/blog\\\/wp-content\\\/uploads\\\/2013\\\/08\\\/de-donde-vienen-las-buenas-ideas.jpg\",\"datePublished\":\"2013-08-22T06:51:28+00:00\",\"dateModified\":\"2015-02-06T15:35:47+00:00\",\"description\":\"Toda la informaci\u00f3n sobre: \u00bfDe d\u00f3nde vienen las buenas ideas?\u00bfDe d\u00f3nde vi\u00f1en as boas ideas?Where good ideas come from?\",\"breadcrumb\":{\"@id\":\"https:\\\/\\\/veredes.es\\\/blog\\\/de-donde-vienen-las-buenas-ideas\\\/#breadcrumb\"},\"inLanguage\":\"es\",\"potentialAction\":[{\"@type\":\"ReadAction\",\"target\":[\"https:\\\/\\\/veredes.es\\\/blog\\\/de-donde-vienen-las-buenas-ideas\\\/\"]}]},{\"@type\":\"ImageObject\",\"inLanguage\":\"es\",\"@id\":\"https:\\\/\\\/veredes.es\\\/blog\\\/de-donde-vienen-las-buenas-ideas\\\/#primaryimage\",\"url\":\"https:\\\/\\\/veredes.es\\\/blog\\\/wp-content\\\/uploads\\\/2013\\\/08\\\/de-donde-vienen-las-buenas-ideas.jpg\",\"contentUrl\":\"https:\\\/\\\/veredes.es\\\/blog\\\/wp-content\\\/uploads\\\/2013\\\/08\\\/de-donde-vienen-las-buenas-ideas.jpg\",\"width\":\"1280\",\"height\":\"720\"},{\"@type\":\"BreadcrumbList\",\"@id\":\"https:\\\/\\\/veredes.es\\\/blog\\\/de-donde-vienen-las-buenas-ideas\\\/#breadcrumb\",\"itemListElement\":[{\"@type\":\"ListItem\",\"position\":1,\"name\":\"Portada\",\"item\":\"https:\\\/\\\/veredes.es\\\/blog\\\/\"},{\"@type\":\"ListItem\",\"position\":2,\"name\":\"\u00bfDe d\u00f3nde vienen las buenas ideas?\"}]},{\"@type\":\"WebSite\",\"@id\":\"https:\\\/\\\/veredes.es\\\/blog\\\/#website\",\"url\":\"https:\\\/\\\/veredes.es\\\/blog\\\/\",\"name\":\"veredes, arquitectura y divulgaci\u00f3n\",\"description\":\"veredes\",\"publisher\":{\"@id\":\"https:\\\/\\\/veredes.es\\\/blog\\\/#organization\"},\"alternateName\":\"veredes\",\"potentialAction\":[{\"@type\":\"SearchAction\",\"target\":{\"@type\":\"EntryPoint\",\"urlTemplate\":\"https:\\\/\\\/veredes.es\\\/blog\\\/?s={search_term_string}\"},\"query-input\":{\"@type\":\"PropertyValueSpecification\",\"valueRequired\":true,\"valueName\":\"search_term_string\"}}],\"inLanguage\":\"es\"},{\"@type\":\"Organization\",\"@id\":\"https:\\\/\\\/veredes.es\\\/blog\\\/#organization\",\"name\":\"veredes, arquitectura y divulgaci\u00f3n\",\"alternateName\":\"veredes\",\"url\":\"https:\\\/\\\/veredes.es\\\/blog\\\/\",\"logo\":{\"@type\":\"ImageObject\",\"inLanguage\":\"es\",\"@id\":\"https:\\\/\\\/veredes.es\\\/blog\\\/#\\\/schema\\\/logo\\\/image\\\/\",\"url\":\"https:\\\/\\\/veredes.es\\\/blog\\\/wp-content\\\/uploads\\\/2021\\\/12\\\/veredes-logo-centrado_140x54.png\",\"contentUrl\":\"https:\\\/\\\/veredes.es\\\/blog\\\/wp-content\\\/uploads\\\/2021\\\/12\\\/veredes-logo-centrado_140x54.png\",\"width\":140,\"height\":54,\"caption\":\"veredes, arquitectura y divulgaci\u00f3n\"},\"image\":{\"@id\":\"https:\\\/\\\/veredes.es\\\/blog\\\/#\\\/schema\\\/logo\\\/image\\\/\"},\"sameAs\":[\"https:\\\/\\\/www.facebook.com\\\/veredesArquitecturayDivulgacion\\\/\",\"https:\\\/\\\/x.com\\\/veredes\",\"https:\\\/\\\/instagram.com\\\/veredes\\\/\",\"https:\\\/\\\/www.linkedin.com\\\/company\\\/veredes-arquitectura-y-divulgacion\\\/\",\"https:\\\/\\\/es.pinterest.com\\\/veredes\\\/\",\"https:\\\/\\\/www.tumblr.com\\\/veredes\"]},{\"@type\":\"Person\",\"@id\":\"https:\\\/\\\/veredes.es\\\/blog\\\/#\\\/schema\\\/person\\\/0bbb669073ef7faba5168a0844e93d2c\",\"name\":\"veredes\",\"image\":{\"@type\":\"ImageObject\",\"inLanguage\":\"es\",\"@id\":\"https:\\\/\\\/veredes.es\\\/blog\\\/wp-content\\\/uploads\\\/2018\\\/04\\\/face-96x96.jpg\",\"url\":\"https:\\\/\\\/veredes.es\\\/blog\\\/wp-content\\\/uploads\\\/2018\\\/04\\\/face-96x96.jpg\",\"contentUrl\":\"https:\\\/\\\/veredes.es\\\/blog\\\/wp-content\\\/uploads\\\/2018\\\/04\\\/face-96x96.jpg\",\"caption\":\"veredes\"},\"description\":\"Surge enero de 2009 como b\u00fasqueda de satisfacer el conocimiento de la actividad arquitect\u00f3nica y tangentes que se generan. La idea es crear un espacio para divulgar los diversos proyectos en busca de nueva inspiraci\u00f3n y de intercambio.\",\"sameAs\":[\"https:\\\/\\\/veredes.es\\\/\",\"https:\\\/\\\/www.facebook.com\\\/veredesArquitecturayDivulgacion\\\/\",\"https:\\\/\\\/www.instagram.com\\\/veredes\\\/\",\"https:\\\/\\\/www.linkedin.com\\\/company\\\/veredes-arquitectura-y-divulgacion\\\/\",\"https:\\\/\\\/www.pinterest.es\\\/veredes\\\/\",\"https:\\\/\\\/x.com\\\/https:\\\/\\\/twitter.com\\\/veredes\",\"https:\\\/\\\/veredes.tumblr.com\\\/\"],\"url\":\"https:\\\/\\\/veredes.es\\\/blog\\\/author\\\/alberto\\\/\"}]}<\/script>\n<!-- \/ Yoast SEO plugin. -->","yoast_head_json":{"title":"\u00bfDe d\u00f3nde vienen las buenas ideas?\u00bfDe d\u00f3nde vi\u00f1en as boas ideas?Where good ideas come from? - veredes","description":"Toda la informaci\u00f3n sobre: \u00bfDe d\u00f3nde vienen las buenas ideas?\u00bfDe d\u00f3nde vi\u00f1en as boas ideas?Where good ideas come from?","robots":{"index":"index","follow":"follow","max-snippet":"max-snippet:-1","max-image-preview":"max-image-preview:large","max-video-preview":"max-video-preview:-1"},"canonical":"https:\/\/veredes.es\/blog\/de-donde-vienen-las-buenas-ideas\/","og_locale":"es_ES","og_type":"article","og_title":"\u00bfDe d\u00f3nde vienen las buenas ideas?\u00bfDe d\u00f3nde vi\u00f1en as boas ideas?Where good ideas come from? - veredes","og_description":"Toda la informaci\u00f3n sobre: \u00bfDe d\u00f3nde vienen las buenas ideas?\u00bfDe d\u00f3nde vi\u00f1en as boas ideas?Where good ideas come from?","og_url":"https:\/\/veredes.es\/blog\/de-donde-vienen-las-buenas-ideas\/","og_site_name":"veredes, arquitectura y divulgaci\u00f3n","article_publisher":"https:\/\/www.facebook.com\/veredesArquitecturayDivulgacion\/","article_author":"https:\/\/www.facebook.com\/veredesArquitecturayDivulgacion\/","article_published_time":"2013-08-22T06:51:28+00:00","article_modified_time":"2015-02-06T15:35:47+00:00","og_image":[{"width":1280,"height":720,"url":"https:\/\/veredes.es\/blog\/wp-content\/uploads\/2013\/08\/de-donde-vienen-las-buenas-ideas.jpg","type":"image\/jpeg"}],"author":"veredes","twitter_card":"summary_large_image","twitter_creator":"@https:\/\/twitter.com\/veredes","twitter_site":"@veredes","twitter_misc":{"Escrito por":"veredes","Tiempo de lectura":"1 minuto"},"schema":{"@context":"https:\/\/schema.org","@graph":[{"@type":"Article","@id":"https:\/\/veredes.es\/blog\/de-donde-vienen-las-buenas-ideas\/#article","isPartOf":{"@id":"https:\/\/veredes.es\/blog\/de-donde-vienen-las-buenas-ideas\/"},"author":{"name":"veredes","@id":"https:\/\/veredes.es\/blog\/#\/schema\/person\/0bbb669073ef7faba5168a0844e93d2c"},"headline":"\u00bfDe d\u00f3nde vienen las buenas ideas?","datePublished":"2013-08-22T06:51:28+00:00","dateModified":"2015-02-06T15:35:47+00:00","mainEntityOfPage":{"@id":"https:\/\/veredes.es\/blog\/de-donde-vienen-las-buenas-ideas\/"},"wordCount":229,"commentCount":0,"publisher":{"@id":"https:\/\/veredes.es\/blog\/#organization"},"image":{"@id":"https:\/\/veredes.es\/blog\/de-donde-vienen-las-buenas-ideas\/#primaryimage"},"thumbnailUrl":"https:\/\/veredes.es\/blog\/wp-content\/uploads\/2013\/08\/de-donde-vienen-las-buenas-ideas.jpg","keywords":["crear","idear","pensar","proyectar","steven johnson","video"],"articleSection":["tv"],"inLanguage":"es","potentialAction":[{"@type":"CommentAction","name":"Comment","target":["https:\/\/veredes.es\/blog\/de-donde-vienen-las-buenas-ideas\/#respond"]}]},{"@type":"WebPage","@id":"https:\/\/veredes.es\/blog\/de-donde-vienen-las-buenas-ideas\/","url":"https:\/\/veredes.es\/blog\/de-donde-vienen-las-buenas-ideas\/","name":"\u00bfDe d\u00f3nde vienen las buenas ideas?\u00bfDe d\u00f3nde vi\u00f1en as boas ideas?Where good ideas come from? - veredes","isPartOf":{"@id":"https:\/\/veredes.es\/blog\/#website"},"primaryImageOfPage":{"@id":"https:\/\/veredes.es\/blog\/de-donde-vienen-las-buenas-ideas\/#primaryimage"},"image":{"@id":"https:\/\/veredes.es\/blog\/de-donde-vienen-las-buenas-ideas\/#primaryimage"},"thumbnailUrl":"https:\/\/veredes.es\/blog\/wp-content\/uploads\/2013\/08\/de-donde-vienen-las-buenas-ideas.jpg","datePublished":"2013-08-22T06:51:28+00:00","dateModified":"2015-02-06T15:35:47+00:00","description":"Toda la informaci\u00f3n sobre: \u00bfDe d\u00f3nde vienen las buenas ideas?\u00bfDe d\u00f3nde vi\u00f1en as boas ideas?Where good ideas come from?","breadcrumb":{"@id":"https:\/\/veredes.es\/blog\/de-donde-vienen-las-buenas-ideas\/#breadcrumb"},"inLanguage":"es","potentialAction":[{"@type":"ReadAction","target":["https:\/\/veredes.es\/blog\/de-donde-vienen-las-buenas-ideas\/"]}]},{"@type":"ImageObject","inLanguage":"es","@id":"https:\/\/veredes.es\/blog\/de-donde-vienen-las-buenas-ideas\/#primaryimage","url":"https:\/\/veredes.es\/blog\/wp-content\/uploads\/2013\/08\/de-donde-vienen-las-buenas-ideas.jpg","contentUrl":"https:\/\/veredes.es\/blog\/wp-content\/uploads\/2013\/08\/de-donde-vienen-las-buenas-ideas.jpg","width":"1280","height":"720"},{"@type":"BreadcrumbList","@id":"https:\/\/veredes.es\/blog\/de-donde-vienen-las-buenas-ideas\/#breadcrumb","itemListElement":[{"@type":"ListItem","position":1,"name":"Portada","item":"https:\/\/veredes.es\/blog\/"},{"@type":"ListItem","position":2,"name":"\u00bfDe d\u00f3nde vienen las buenas ideas?"}]},{"@type":"WebSite","@id":"https:\/\/veredes.es\/blog\/#website","url":"https:\/\/veredes.es\/blog\/","name":"veredes, arquitectura y divulgaci\u00f3n","description":"veredes","publisher":{"@id":"https:\/\/veredes.es\/blog\/#organization"},"alternateName":"veredes","potentialAction":[{"@type":"SearchAction","target":{"@type":"EntryPoint","urlTemplate":"https:\/\/veredes.es\/blog\/?s={search_term_string}"},"query-input":{"@type":"PropertyValueSpecification","valueRequired":true,"valueName":"search_term_string"}}],"inLanguage":"es"},{"@type":"Organization","@id":"https:\/\/veredes.es\/blog\/#organization","name":"veredes, arquitectura y divulgaci\u00f3n","alternateName":"veredes","url":"https:\/\/veredes.es\/blog\/","logo":{"@type":"ImageObject","inLanguage":"es","@id":"https:\/\/veredes.es\/blog\/#\/schema\/logo\/image\/","url":"https:\/\/veredes.es\/blog\/wp-content\/uploads\/2021\/12\/veredes-logo-centrado_140x54.png","contentUrl":"https:\/\/veredes.es\/blog\/wp-content\/uploads\/2021\/12\/veredes-logo-centrado_140x54.png","width":140,"height":54,"caption":"veredes, arquitectura y divulgaci\u00f3n"},"image":{"@id":"https:\/\/veredes.es\/blog\/#\/schema\/logo\/image\/"},"sameAs":["https:\/\/www.facebook.com\/veredesArquitecturayDivulgacion\/","https:\/\/x.com\/veredes","https:\/\/instagram.com\/veredes\/","https:\/\/www.linkedin.com\/company\/veredes-arquitectura-y-divulgacion\/","https:\/\/es.pinterest.com\/veredes\/","https:\/\/www.tumblr.com\/veredes"]},{"@type":"Person","@id":"https:\/\/veredes.es\/blog\/#\/schema\/person\/0bbb669073ef7faba5168a0844e93d2c","name":"veredes","image":{"@type":"ImageObject","inLanguage":"es","@id":"https:\/\/veredes.es\/blog\/wp-content\/uploads\/2018\/04\/face-96x96.jpg","url":"https:\/\/veredes.es\/blog\/wp-content\/uploads\/2018\/04\/face-96x96.jpg","contentUrl":"https:\/\/veredes.es\/blog\/wp-content\/uploads\/2018\/04\/face-96x96.jpg","caption":"veredes"},"description":"Surge enero de 2009 como b\u00fasqueda de satisfacer el conocimiento de la actividad arquitect\u00f3nica y tangentes que se generan. La idea es crear un espacio para divulgar los diversos proyectos en busca de nueva inspiraci\u00f3n y de intercambio.","sameAs":["https:\/\/veredes.es\/","https:\/\/www.facebook.com\/veredesArquitecturayDivulgacion\/","https:\/\/www.instagram.com\/veredes\/","https:\/\/www.linkedin.com\/company\/veredes-arquitectura-y-divulgacion\/","https:\/\/www.pinterest.es\/veredes\/","https:\/\/x.com\/https:\/\/twitter.com\/veredes","https:\/\/veredes.tumblr.com\/"],"url":"https:\/\/veredes.es\/blog\/author\/alberto\/"}]}},"_links":{"self":[{"href":"https:\/\/veredes.es\/blog\/wp-json\/wp\/v2\/posts\/34013","targetHints":{"allow":["GET"]}}],"collection":[{"href":"https:\/\/veredes.es\/blog\/wp-json\/wp\/v2\/posts"}],"about":[{"href":"https:\/\/veredes.es\/blog\/wp-json\/wp\/v2\/types\/post"}],"author":[{"embeddable":true,"href":"https:\/\/veredes.es\/blog\/wp-json\/wp\/v2\/users\/2"}],"replies":[{"embeddable":true,"href":"https:\/\/veredes.es\/blog\/wp-json\/wp\/v2\/comments?post=34013"}],"version-history":[{"count":0,"href":"https:\/\/veredes.es\/blog\/wp-json\/wp\/v2\/posts\/34013\/revisions"}],"wp:featuredmedia":[{"embeddable":true,"href":"https:\/\/veredes.es\/blog\/wp-json\/wp\/v2\/media\/34069"}],"wp:attachment":[{"href":"https:\/\/veredes.es\/blog\/wp-json\/wp\/v2\/media?parent=34013"}],"wp:term":[{"taxonomy":"category","embeddable":true,"href":"https:\/\/veredes.es\/blog\/wp-json\/wp\/v2\/categories?post=34013"},{"taxonomy":"post_tag","embeddable":true,"href":"https:\/\/veredes.es\/blog\/wp-json\/wp\/v2\/tags?post=34013"}],"curies":[{"name":"wp","href":"https:\/\/api.w.org\/{rel}","templated":true}]}}