{"id":33246,"date":"2013-07-25T06:17:47","date_gmt":"2013-07-25T06:17:47","guid":{"rendered":"http:\/\/veredes.es\/blog\/?p=33246"},"modified":"2015-02-09T19:54:55","modified_gmt":"2015-02-09T19:54:55","slug":"arquitectura-y-territorio-rural-2013","status":"publish","type":"post","link":"https:\/\/veredes.es\/blog\/arquitectura-y-territorio-rural-2013\/","title":{"rendered":"Arquitectura y territorio rural 2013"},"content":{"rendered":"<p><\/p>\n<p style=\"text-align: justify;\">La percepci\u00f3n del territorio rural de Galicia como un espacio social, construido, se hace patente para cualquiera que lo haya mirado con algo de atenci\u00f3n alguna vez. Esa construcci\u00f3n de lo natural, que se hace mod\u00e9lica en la materialidad de la arquitectura tradicional, en la unidad entre la casa y las labores agr\u00edcolas o en la concepci\u00f3n de los espacios de comunidad, los campos de fiesta o las carballeiras, no ha hecho sino sufrir una expansi\u00f3n tan brutal como descontrolada en la segunda mitad del siglo XX. Esa transformaci\u00f3n de gran parte del territorio en una especie de ciudad jard\u00edn dispersa, continua y a gran escala corre paralela al abandono paulatino de la l\u00f3gica tradicional casa-agro-aldea sobre la que se estructuraba la forma de vida en la sociedad rural.<\/p>\n<p style=\"text-align: justify;\">A esa nueva ocupaci\u00f3n del territorio, reconocida tantas veces en el llamado \u201cfeismo\u201d, responde el planeamiento general con normas que la intentan restringir, muchas veces de forma acr\u00edtica, con una preocupaci\u00f3n excesiva por el mantenimiento de las formas, apariencias y materiales mal llamados tradicionales y con una insistente regulaci\u00f3n del qu\u00e9 (se puede hacer) que no deja lugar a pensar sobre el c\u00f3mo (hacerlo).<\/p>\n<p style=\"text-align: justify;\">Para pensar sobre la globalidad de ese territorio social, y sobre aspectos parciales del mismo que de los que ha de ocuparse la arquitectura como la escala, la actividad, el planeamiento, el paisaje, el espacio p\u00fablico, la movilidad, la energ\u00eda, la casa, etc. surge este encuentro de <strong>\u201carquitectura y territorio rural\u201d <\/strong>. Lo hace adem\u00e1s desde dentro de ese territorio, en la aldea de Callobre, en A Estrada, para conformarse como un lugar desde que emplazar a\u00f1o a a\u00f1o, durante el verano, en una idea tambi\u00e9n de fiesta y comunidad, a la reflexi\u00f3n, a la interpretaci\u00f3n de todo ese mundo, abierto a quien tenga algo que decir y a quien tenga tiempo tambi\u00e9n para escuchar y ver lo que otros, dentro y fuera de Galicia, dentro y fuera de la arquitectura, puedan contarnos.<\/p>\n<p style=\"text-align: justify;\"><a href=\"http:\/\/veredes.es\/blog\/wp-content\/uploads\/2013\/07\/arquitectura-y-territorio-rural-2013-portada.jpg\"><img loading=\"lazy\" decoding=\"async\" class=\"alignnone size-full wp-image-33249\" title=\"arquitectura-y-territorio-rural-2013-portada\" src=\"http:\/\/veredes.es\/blog\/wp-content\/uploads\/2013\/07\/arquitectura-y-territorio-rural-2013-portada.jpg\" alt=\"\" width=\"620\" height=\"437\" srcset=\"https:\/\/veredes.es\/blog\/wp-content\/uploads\/2013\/07\/arquitectura-y-territorio-rural-2013-portada.jpg 620w, https:\/\/veredes.es\/blog\/wp-content\/uploads\/2013\/07\/arquitectura-y-territorio-rural-2013-portada-300x211.jpg 300w\" sizes=\"auto, (max-width: 620px) 100vw, 620px\" \/><\/a><\/p>\n<p style=\"text-align: justify;\"><strong>Programa<\/strong><br \/>\n<strong><span style=\"color: #888888;\">Ma\u00f1ana, 11.00 h:<\/span><\/strong><br \/>\n\u00b7 Javier Fern\u00e1ndez Mu\u00f1oz. Arquitecto, OCHiR Ayuntamiento de Santiago de Compostela_ \u00abEl aire de la ciudad\u00bb. Santiago de Compostela: pol\u00edtica, \u00abtiempo\u00bb y arquitectura en el espacio p\u00fablico&#8230;<\/p>\n<p style=\"text-align: justify;\">\u00b7 Alfonso Salgado (Salgado e Li\u00f1ares, arquitectos). Arquitecto_ Espacio y tiempo. Memoria y territorio<\/p>\n<p style=\"text-align: justify;\"><span style=\"color: #888888;\"><strong>Tarde, 17.30 h,<\/strong> <\/span><br \/>\n\u00b7 Rub\u00e9n Ramos Balsa. Artista_ Del grafito al grafeno: la est\u00e9tica de la invisibilidad, los metamateriales y la arquitectura macrosc\u00f3pica como una disciplina entre la escultura y la \u00f3ptica<\/p>\n<p style=\"text-align: justify;\">\u00b7\u00a0 Francisco Alonso de Santos_ arquitecto_ Lo que queda de la tarde<\/p>\n<p style=\"text-align: justify;\"><strong>verano 2013 arquitectura y territorio rural<\/strong><br \/>\n26 de julio, 11:00h,\u00a0 Fundaci\u00f3n Mar\u00eda Mart\u00ednez Otero\/ Callobre, A Estrada<br \/>\nasistencia gratuita \/ n\u00famero m\u00e1ximo de asistentes: 40 personas<br \/>\nsrc \/ 0034 630 070 874 \/ josevalladares@rvr-arquitectos.es<br \/>\nentre las conferencias de la ma\u00f1ana y de la tarde habr\u00e1 una comida para todos los asistentes con productos de la huerta de la Fundaci\u00f3n Mart\u00ednez Otero<br \/>\nagradecimientos: Jos\u00e9 Villac\u00e9, Jacobo Bugar\u00edn, Mar\u00eda Valladares<\/p>\n<p style=\"text-align: justify;\"><span style=\"color: #888888;\"><a href=\"http:\/\/www.arquitecturayterritoriorural.es\/\" target=\"_blank\"><span style=\"color: #888888;\">+ arquitecturayterritoriorural.es<\/span><\/a><\/span><\/p>\n<p><\/p>","protected":false},"excerpt":{"rendered":"<p>La percepci\u00f3n del territorio rural de Galicia como un espacio social, construido, se hace patente para cualquiera que lo haya mirado con algo de atenci\u00f3n alguna vez. Esa construcci\u00f3n de lo natural, que se hace mod\u00e9lica en la materialidad de la arquitectura tradicional, en la unidad entre la casa y las labores agr\u00edcolas o en [&hellip;]<\/p>\n","protected":false},"author":2,"featured_media":33249,"comment_status":"open","ping_status":"closed","sticky":false,"template":"","format":"standard","meta":{"footnotes":""},"categories":[1385,16],"tags":[4071,4303,357,521,1787,8351,5426,619,8353,3784,847,8694,1197,5717],"class_list":{"0":"post-33246","1":"post","2":"type-post","3":"status-publish","4":"format-standard","5":"has-post-thumbnail","7":"category-conferencias","8":"category-eventos","9":"tag-alfonso-salgado-suarez","10":"tag-arquitectura-y-territorio-rural","12":"tag-espana","13":"tag-europa","14":"tag-francisco-alonso-de-santos","15":"tag-fundacion-maria-martinez-otero","16":"tag-galicia","17":"tag-javier-fernandez-munoz","18":"tag-jose-valladares-duran","19":"tag-medio-rural","20":"tag-ruben-ramos-balsa","21":"tag-rvr-arquitectos","22":"tag-salgado-e-linares-arquitectos"},"yoast_head":"<!-- This site is optimized with the Yoast SEO plugin v27.4 - https:\/\/yoast.com\/product\/yoast-seo-wordpress\/ -->\n<title>Arquitectura y territorio rural 2013Arquitectura e territorio rural 2013Architecture and rural territory 2013 - veredes<\/title>\n<meta name=\"description\" content=\"Toda la informaci\u00f3n sobre: Arquitectura y territorio rural 2013Arquitectura e territorio rural 2013Architecture and rural territory 2013\" \/>\n<meta name=\"robots\" content=\"index, follow, max-snippet:-1, max-image-preview:large, max-video-preview:-1\" \/>\n<link rel=\"canonical\" href=\"https:\/\/veredes.es\/blog\/arquitectura-y-territorio-rural-2013\/\" \/>\n<meta property=\"og:locale\" content=\"es_ES\" \/>\n<meta property=\"og:type\" content=\"article\" \/>\n<meta property=\"og:title\" content=\"Arquitectura y territorio rural 2013Arquitectura e territorio rural 2013Architecture and rural territory 2013 - veredes\" \/>\n<meta property=\"og:description\" content=\"Toda la informaci\u00f3n sobre: Arquitectura y territorio rural 2013Arquitectura e territorio rural 2013Architecture and rural territory 2013\" \/>\n<meta property=\"og:url\" content=\"https:\/\/veredes.es\/blog\/arquitectura-y-territorio-rural-2013\/\" \/>\n<meta property=\"og:site_name\" content=\"veredes, arquitectura y divulgaci\u00f3n\" \/>\n<meta property=\"article:publisher\" content=\"https:\/\/www.facebook.com\/veredesArquitecturayDivulgacion\/\" \/>\n<meta property=\"article:author\" content=\"https:\/\/www.facebook.com\/veredesArquitecturayDivulgacion\/\" \/>\n<meta property=\"article:published_time\" content=\"2013-07-25T06:17:47+00:00\" \/>\n<meta property=\"article:modified_time\" content=\"2015-02-09T19:54:55+00:00\" \/>\n<meta property=\"og:image\" content=\"https:\/\/veredes.es\/blog\/wp-content\/uploads\/2013\/07\/arquitectura-y-territorio-rural-2013-portada.jpg\" \/>\n\t<meta property=\"og:image:width\" content=\"620\" \/>\n\t<meta property=\"og:image:height\" content=\"437\" \/>\n\t<meta property=\"og:image:type\" content=\"image\/jpeg\" \/>\n<meta name=\"author\" content=\"veredes\" \/>\n<meta name=\"twitter:card\" content=\"summary_large_image\" \/>\n<meta name=\"twitter:creator\" content=\"@https:\/\/twitter.com\/veredes\" \/>\n<meta name=\"twitter:site\" content=\"@veredes\" \/>\n<meta name=\"twitter:label1\" content=\"Escrito por\" \/>\n\t<meta name=\"twitter:data1\" content=\"veredes\" \/>\n\t<meta name=\"twitter:label2\" content=\"Tiempo de lectura\" \/>\n\t<meta name=\"twitter:data2\" content=\"8 minutos\" \/>\n<script type=\"application\/ld+json\" class=\"yoast-schema-graph\">{\"@context\":\"https:\\\/\\\/schema.org\",\"@graph\":[{\"@type\":\"Article\",\"@id\":\"https:\\\/\\\/veredes.es\\\/blog\\\/arquitectura-y-territorio-rural-2013\\\/#article\",\"isPartOf\":{\"@id\":\"https:\\\/\\\/veredes.es\\\/blog\\\/arquitectura-y-territorio-rural-2013\\\/\"},\"author\":{\"name\":\"veredes\",\"@id\":\"https:\\\/\\\/veredes.es\\\/blog\\\/#\\\/schema\\\/person\\\/0bbb669073ef7faba5168a0844e93d2c\"},\"headline\":\"Arquitectura y territorio rural 2013\",\"datePublished\":\"2013-07-25T06:17:47+00:00\",\"dateModified\":\"2015-02-09T19:54:55+00:00\",\"mainEntityOfPage\":{\"@id\":\"https:\\\/\\\/veredes.es\\\/blog\\\/arquitectura-y-territorio-rural-2013\\\/\"},\"wordCount\":1514,\"commentCount\":0,\"publisher\":{\"@id\":\"https:\\\/\\\/veredes.es\\\/blog\\\/#organization\"},\"image\":{\"@id\":\"https:\\\/\\\/veredes.es\\\/blog\\\/arquitectura-y-territorio-rural-2013\\\/#primaryimage\"},\"thumbnailUrl\":\"https:\\\/\\\/veredes.es\\\/blog\\\/wp-content\\\/uploads\\\/2013\\\/07\\\/arquitectura-y-territorio-rural-2013-portada.jpg\",\"keywords\":[\"Alfonso Salgado Su\u00e1rez\",\"arquitectura y territorio rural\",\"conferencia\",\"Espa\u00f1a\",\"Europa\",\"Francisco Alonso de Santos\",\"fundaci\u00f3n Mar\u00eda Mart\u00ednez Otero\",\"Galicia\",\"javier fern\u00e1ndez mu\u00f1oz\",\"Jos\u00e9 Valladares Dur\u00e1n\",\"medio rural\",\"Rub\u00e9n Ramos Balsa\",\"rvr arquitectos\",\"Salgado e Li\u00f1ares Arquitectos\"],\"articleSection\":[\"conferencias\",\"eventos\"],\"inLanguage\":\"es\",\"potentialAction\":[{\"@type\":\"CommentAction\",\"name\":\"Comment\",\"target\":[\"https:\\\/\\\/veredes.es\\\/blog\\\/arquitectura-y-territorio-rural-2013\\\/#respond\"]}]},{\"@type\":\"WebPage\",\"@id\":\"https:\\\/\\\/veredes.es\\\/blog\\\/arquitectura-y-territorio-rural-2013\\\/\",\"url\":\"https:\\\/\\\/veredes.es\\\/blog\\\/arquitectura-y-territorio-rural-2013\\\/\",\"name\":\"Arquitectura y territorio rural 2013Arquitectura e territorio rural 2013Architecture and rural territory 2013 - veredes\",\"isPartOf\":{\"@id\":\"https:\\\/\\\/veredes.es\\\/blog\\\/#website\"},\"primaryImageOfPage\":{\"@id\":\"https:\\\/\\\/veredes.es\\\/blog\\\/arquitectura-y-territorio-rural-2013\\\/#primaryimage\"},\"image\":{\"@id\":\"https:\\\/\\\/veredes.es\\\/blog\\\/arquitectura-y-territorio-rural-2013\\\/#primaryimage\"},\"thumbnailUrl\":\"https:\\\/\\\/veredes.es\\\/blog\\\/wp-content\\\/uploads\\\/2013\\\/07\\\/arquitectura-y-territorio-rural-2013-portada.jpg\",\"datePublished\":\"2013-07-25T06:17:47+00:00\",\"dateModified\":\"2015-02-09T19:54:55+00:00\",\"description\":\"Toda la informaci\u00f3n sobre: Arquitectura y territorio rural 2013Arquitectura e territorio rural 2013Architecture and rural territory 2013\",\"breadcrumb\":{\"@id\":\"https:\\\/\\\/veredes.es\\\/blog\\\/arquitectura-y-territorio-rural-2013\\\/#breadcrumb\"},\"inLanguage\":\"es\",\"potentialAction\":[{\"@type\":\"ReadAction\",\"target\":[\"https:\\\/\\\/veredes.es\\\/blog\\\/arquitectura-y-territorio-rural-2013\\\/\"]}]},{\"@type\":\"ImageObject\",\"inLanguage\":\"es\",\"@id\":\"https:\\\/\\\/veredes.es\\\/blog\\\/arquitectura-y-territorio-rural-2013\\\/#primaryimage\",\"url\":\"https:\\\/\\\/veredes.es\\\/blog\\\/wp-content\\\/uploads\\\/2013\\\/07\\\/arquitectura-y-territorio-rural-2013-portada.jpg\",\"contentUrl\":\"https:\\\/\\\/veredes.es\\\/blog\\\/wp-content\\\/uploads\\\/2013\\\/07\\\/arquitectura-y-territorio-rural-2013-portada.jpg\",\"width\":\"620\",\"height\":\"437\"},{\"@type\":\"BreadcrumbList\",\"@id\":\"https:\\\/\\\/veredes.es\\\/blog\\\/arquitectura-y-territorio-rural-2013\\\/#breadcrumb\",\"itemListElement\":[{\"@type\":\"ListItem\",\"position\":1,\"name\":\"Portada\",\"item\":\"https:\\\/\\\/veredes.es\\\/blog\\\/\"},{\"@type\":\"ListItem\",\"position\":2,\"name\":\"Arquitectura y territorio rural 2013\"}]},{\"@type\":\"WebSite\",\"@id\":\"https:\\\/\\\/veredes.es\\\/blog\\\/#website\",\"url\":\"https:\\\/\\\/veredes.es\\\/blog\\\/\",\"name\":\"veredes, arquitectura y divulgaci\u00f3n\",\"description\":\"veredes\",\"publisher\":{\"@id\":\"https:\\\/\\\/veredes.es\\\/blog\\\/#organization\"},\"alternateName\":\"veredes\",\"potentialAction\":[{\"@type\":\"SearchAction\",\"target\":{\"@type\":\"EntryPoint\",\"urlTemplate\":\"https:\\\/\\\/veredes.es\\\/blog\\\/?s={search_term_string}\"},\"query-input\":{\"@type\":\"PropertyValueSpecification\",\"valueRequired\":true,\"valueName\":\"search_term_string\"}}],\"inLanguage\":\"es\"},{\"@type\":\"Organization\",\"@id\":\"https:\\\/\\\/veredes.es\\\/blog\\\/#organization\",\"name\":\"veredes, arquitectura y divulgaci\u00f3n\",\"alternateName\":\"veredes\",\"url\":\"https:\\\/\\\/veredes.es\\\/blog\\\/\",\"logo\":{\"@type\":\"ImageObject\",\"inLanguage\":\"es\",\"@id\":\"https:\\\/\\\/veredes.es\\\/blog\\\/#\\\/schema\\\/logo\\\/image\\\/\",\"url\":\"https:\\\/\\\/veredes.es\\\/blog\\\/wp-content\\\/uploads\\\/2021\\\/12\\\/veredes-logo-centrado_140x54.png\",\"contentUrl\":\"https:\\\/\\\/veredes.es\\\/blog\\\/wp-content\\\/uploads\\\/2021\\\/12\\\/veredes-logo-centrado_140x54.png\",\"width\":140,\"height\":54,\"caption\":\"veredes, arquitectura y divulgaci\u00f3n\"},\"image\":{\"@id\":\"https:\\\/\\\/veredes.es\\\/blog\\\/#\\\/schema\\\/logo\\\/image\\\/\"},\"sameAs\":[\"https:\\\/\\\/www.facebook.com\\\/veredesArquitecturayDivulgacion\\\/\",\"https:\\\/\\\/x.com\\\/veredes\",\"https:\\\/\\\/instagram.com\\\/veredes\\\/\",\"https:\\\/\\\/www.linkedin.com\\\/company\\\/veredes-arquitectura-y-divulgacion\\\/\",\"https:\\\/\\\/es.pinterest.com\\\/veredes\\\/\",\"https:\\\/\\\/www.tumblr.com\\\/veredes\"]},{\"@type\":\"Person\",\"@id\":\"https:\\\/\\\/veredes.es\\\/blog\\\/#\\\/schema\\\/person\\\/0bbb669073ef7faba5168a0844e93d2c\",\"name\":\"veredes\",\"image\":{\"@type\":\"ImageObject\",\"inLanguage\":\"es\",\"@id\":\"https:\\\/\\\/veredes.es\\\/blog\\\/wp-content\\\/uploads\\\/2018\\\/04\\\/face-96x96.jpg\",\"url\":\"https:\\\/\\\/veredes.es\\\/blog\\\/wp-content\\\/uploads\\\/2018\\\/04\\\/face-96x96.jpg\",\"contentUrl\":\"https:\\\/\\\/veredes.es\\\/blog\\\/wp-content\\\/uploads\\\/2018\\\/04\\\/face-96x96.jpg\",\"caption\":\"veredes\"},\"description\":\"Surge enero de 2009 como b\u00fasqueda de satisfacer el conocimiento de la actividad arquitect\u00f3nica y tangentes que se generan. La idea es crear un espacio para divulgar los diversos proyectos en busca de nueva inspiraci\u00f3n y de intercambio.\",\"sameAs\":[\"https:\\\/\\\/veredes.es\\\/\",\"https:\\\/\\\/www.facebook.com\\\/veredesArquitecturayDivulgacion\\\/\",\"https:\\\/\\\/www.instagram.com\\\/veredes\\\/\",\"https:\\\/\\\/www.linkedin.com\\\/company\\\/veredes-arquitectura-y-divulgacion\\\/\",\"https:\\\/\\\/www.pinterest.es\\\/veredes\\\/\",\"https:\\\/\\\/x.com\\\/https:\\\/\\\/twitter.com\\\/veredes\",\"https:\\\/\\\/veredes.tumblr.com\\\/\"],\"url\":\"https:\\\/\\\/veredes.es\\\/blog\\\/author\\\/alberto\\\/\"}]}<\/script>\n<!-- \/ Yoast SEO plugin. -->","yoast_head_json":{"title":"Arquitectura y territorio rural 2013Arquitectura e territorio rural 2013Architecture and rural territory 2013 - veredes","description":"Toda la informaci\u00f3n sobre: Arquitectura y territorio rural 2013Arquitectura e territorio rural 2013Architecture and rural territory 2013","robots":{"index":"index","follow":"follow","max-snippet":"max-snippet:-1","max-image-preview":"max-image-preview:large","max-video-preview":"max-video-preview:-1"},"canonical":"https:\/\/veredes.es\/blog\/arquitectura-y-territorio-rural-2013\/","og_locale":"es_ES","og_type":"article","og_title":"Arquitectura y territorio rural 2013Arquitectura e territorio rural 2013Architecture and rural territory 2013 - veredes","og_description":"Toda la informaci\u00f3n sobre: Arquitectura y territorio rural 2013Arquitectura e territorio rural 2013Architecture and rural territory 2013","og_url":"https:\/\/veredes.es\/blog\/arquitectura-y-territorio-rural-2013\/","og_site_name":"veredes, arquitectura y divulgaci\u00f3n","article_publisher":"https:\/\/www.facebook.com\/veredesArquitecturayDivulgacion\/","article_author":"https:\/\/www.facebook.com\/veredesArquitecturayDivulgacion\/","article_published_time":"2013-07-25T06:17:47+00:00","article_modified_time":"2015-02-09T19:54:55+00:00","og_image":[{"width":620,"height":437,"url":"https:\/\/veredes.es\/blog\/wp-content\/uploads\/2013\/07\/arquitectura-y-territorio-rural-2013-portada.jpg","type":"image\/jpeg"}],"author":"veredes","twitter_card":"summary_large_image","twitter_creator":"@https:\/\/twitter.com\/veredes","twitter_site":"@veredes","twitter_misc":{"Escrito por":"veredes","Tiempo de lectura":"8 minutos"},"schema":{"@context":"https:\/\/schema.org","@graph":[{"@type":"Article","@id":"https:\/\/veredes.es\/blog\/arquitectura-y-territorio-rural-2013\/#article","isPartOf":{"@id":"https:\/\/veredes.es\/blog\/arquitectura-y-territorio-rural-2013\/"},"author":{"name":"veredes","@id":"https:\/\/veredes.es\/blog\/#\/schema\/person\/0bbb669073ef7faba5168a0844e93d2c"},"headline":"Arquitectura y territorio rural 2013","datePublished":"2013-07-25T06:17:47+00:00","dateModified":"2015-02-09T19:54:55+00:00","mainEntityOfPage":{"@id":"https:\/\/veredes.es\/blog\/arquitectura-y-territorio-rural-2013\/"},"wordCount":1514,"commentCount":0,"publisher":{"@id":"https:\/\/veredes.es\/blog\/#organization"},"image":{"@id":"https:\/\/veredes.es\/blog\/arquitectura-y-territorio-rural-2013\/#primaryimage"},"thumbnailUrl":"https:\/\/veredes.es\/blog\/wp-content\/uploads\/2013\/07\/arquitectura-y-territorio-rural-2013-portada.jpg","keywords":["Alfonso Salgado Su\u00e1rez","arquitectura y territorio rural","conferencia","Espa\u00f1a","Europa","Francisco Alonso de Santos","fundaci\u00f3n Mar\u00eda Mart\u00ednez Otero","Galicia","javier fern\u00e1ndez mu\u00f1oz","Jos\u00e9 Valladares Dur\u00e1n","medio rural","Rub\u00e9n Ramos Balsa","rvr arquitectos","Salgado e Li\u00f1ares Arquitectos"],"articleSection":["conferencias","eventos"],"inLanguage":"es","potentialAction":[{"@type":"CommentAction","name":"Comment","target":["https:\/\/veredes.es\/blog\/arquitectura-y-territorio-rural-2013\/#respond"]}]},{"@type":"WebPage","@id":"https:\/\/veredes.es\/blog\/arquitectura-y-territorio-rural-2013\/","url":"https:\/\/veredes.es\/blog\/arquitectura-y-territorio-rural-2013\/","name":"Arquitectura y territorio rural 2013Arquitectura e territorio rural 2013Architecture and rural territory 2013 - veredes","isPartOf":{"@id":"https:\/\/veredes.es\/blog\/#website"},"primaryImageOfPage":{"@id":"https:\/\/veredes.es\/blog\/arquitectura-y-territorio-rural-2013\/#primaryimage"},"image":{"@id":"https:\/\/veredes.es\/blog\/arquitectura-y-territorio-rural-2013\/#primaryimage"},"thumbnailUrl":"https:\/\/veredes.es\/blog\/wp-content\/uploads\/2013\/07\/arquitectura-y-territorio-rural-2013-portada.jpg","datePublished":"2013-07-25T06:17:47+00:00","dateModified":"2015-02-09T19:54:55+00:00","description":"Toda la informaci\u00f3n sobre: Arquitectura y territorio rural 2013Arquitectura e territorio rural 2013Architecture and rural territory 2013","breadcrumb":{"@id":"https:\/\/veredes.es\/blog\/arquitectura-y-territorio-rural-2013\/#breadcrumb"},"inLanguage":"es","potentialAction":[{"@type":"ReadAction","target":["https:\/\/veredes.es\/blog\/arquitectura-y-territorio-rural-2013\/"]}]},{"@type":"ImageObject","inLanguage":"es","@id":"https:\/\/veredes.es\/blog\/arquitectura-y-territorio-rural-2013\/#primaryimage","url":"https:\/\/veredes.es\/blog\/wp-content\/uploads\/2013\/07\/arquitectura-y-territorio-rural-2013-portada.jpg","contentUrl":"https:\/\/veredes.es\/blog\/wp-content\/uploads\/2013\/07\/arquitectura-y-territorio-rural-2013-portada.jpg","width":"620","height":"437"},{"@type":"BreadcrumbList","@id":"https:\/\/veredes.es\/blog\/arquitectura-y-territorio-rural-2013\/#breadcrumb","itemListElement":[{"@type":"ListItem","position":1,"name":"Portada","item":"https:\/\/veredes.es\/blog\/"},{"@type":"ListItem","position":2,"name":"Arquitectura y territorio rural 2013"}]},{"@type":"WebSite","@id":"https:\/\/veredes.es\/blog\/#website","url":"https:\/\/veredes.es\/blog\/","name":"veredes, arquitectura y divulgaci\u00f3n","description":"veredes","publisher":{"@id":"https:\/\/veredes.es\/blog\/#organization"},"alternateName":"veredes","potentialAction":[{"@type":"SearchAction","target":{"@type":"EntryPoint","urlTemplate":"https:\/\/veredes.es\/blog\/?s={search_term_string}"},"query-input":{"@type":"PropertyValueSpecification","valueRequired":true,"valueName":"search_term_string"}}],"inLanguage":"es"},{"@type":"Organization","@id":"https:\/\/veredes.es\/blog\/#organization","name":"veredes, arquitectura y divulgaci\u00f3n","alternateName":"veredes","url":"https:\/\/veredes.es\/blog\/","logo":{"@type":"ImageObject","inLanguage":"es","@id":"https:\/\/veredes.es\/blog\/#\/schema\/logo\/image\/","url":"https:\/\/veredes.es\/blog\/wp-content\/uploads\/2021\/12\/veredes-logo-centrado_140x54.png","contentUrl":"https:\/\/veredes.es\/blog\/wp-content\/uploads\/2021\/12\/veredes-logo-centrado_140x54.png","width":140,"height":54,"caption":"veredes, arquitectura y divulgaci\u00f3n"},"image":{"@id":"https:\/\/veredes.es\/blog\/#\/schema\/logo\/image\/"},"sameAs":["https:\/\/www.facebook.com\/veredesArquitecturayDivulgacion\/","https:\/\/x.com\/veredes","https:\/\/instagram.com\/veredes\/","https:\/\/www.linkedin.com\/company\/veredes-arquitectura-y-divulgacion\/","https:\/\/es.pinterest.com\/veredes\/","https:\/\/www.tumblr.com\/veredes"]},{"@type":"Person","@id":"https:\/\/veredes.es\/blog\/#\/schema\/person\/0bbb669073ef7faba5168a0844e93d2c","name":"veredes","image":{"@type":"ImageObject","inLanguage":"es","@id":"https:\/\/veredes.es\/blog\/wp-content\/uploads\/2018\/04\/face-96x96.jpg","url":"https:\/\/veredes.es\/blog\/wp-content\/uploads\/2018\/04\/face-96x96.jpg","contentUrl":"https:\/\/veredes.es\/blog\/wp-content\/uploads\/2018\/04\/face-96x96.jpg","caption":"veredes"},"description":"Surge enero de 2009 como b\u00fasqueda de satisfacer el conocimiento de la actividad arquitect\u00f3nica y tangentes que se generan. La idea es crear un espacio para divulgar los diversos proyectos en busca de nueva inspiraci\u00f3n y de intercambio.","sameAs":["https:\/\/veredes.es\/","https:\/\/www.facebook.com\/veredesArquitecturayDivulgacion\/","https:\/\/www.instagram.com\/veredes\/","https:\/\/www.linkedin.com\/company\/veredes-arquitectura-y-divulgacion\/","https:\/\/www.pinterest.es\/veredes\/","https:\/\/x.com\/https:\/\/twitter.com\/veredes","https:\/\/veredes.tumblr.com\/"],"url":"https:\/\/veredes.es\/blog\/author\/alberto\/"}]}},"_links":{"self":[{"href":"https:\/\/veredes.es\/blog\/wp-json\/wp\/v2\/posts\/33246","targetHints":{"allow":["GET"]}}],"collection":[{"href":"https:\/\/veredes.es\/blog\/wp-json\/wp\/v2\/posts"}],"about":[{"href":"https:\/\/veredes.es\/blog\/wp-json\/wp\/v2\/types\/post"}],"author":[{"embeddable":true,"href":"https:\/\/veredes.es\/blog\/wp-json\/wp\/v2\/users\/2"}],"replies":[{"embeddable":true,"href":"https:\/\/veredes.es\/blog\/wp-json\/wp\/v2\/comments?post=33246"}],"version-history":[{"count":0,"href":"https:\/\/veredes.es\/blog\/wp-json\/wp\/v2\/posts\/33246\/revisions"}],"wp:featuredmedia":[{"embeddable":true,"href":"https:\/\/veredes.es\/blog\/wp-json\/wp\/v2\/media\/33249"}],"wp:attachment":[{"href":"https:\/\/veredes.es\/blog\/wp-json\/wp\/v2\/media?parent=33246"}],"wp:term":[{"taxonomy":"category","embeddable":true,"href":"https:\/\/veredes.es\/blog\/wp-json\/wp\/v2\/categories?post=33246"},{"taxonomy":"post_tag","embeddable":true,"href":"https:\/\/veredes.es\/blog\/wp-json\/wp\/v2\/tags?post=33246"}],"curies":[{"name":"wp","href":"https:\/\/api.w.org\/{rel}","templated":true}]}}