{"id":33039,"date":"2013-07-19T06:15:19","date_gmt":"2013-07-19T06:15:19","guid":{"rendered":"http:\/\/veredes.es\/blog\/?p=33039"},"modified":"2016-08-23T11:22:58","modified_gmt":"2016-08-23T09:22:58","slug":"houses-for-change","status":"publish","type":"post","link":"https:\/\/veredes.es\/blog\/houses-for-change\/","title":{"rendered":"Houses for Change"},"content":{"rendered":"<p><\/p>\n<p style=\"text-align: justify;\"><strong>IE<\/strong> ha lanzado el primer concurso<strong> \u00abHouse for Change\u00bb <\/strong>patrocinado por la <strong>Escuela de Arquitectura y Dise\u00f1o de la IE<\/strong>. El prop\u00f3sito de este concurso es considerar la vivienda como un elemento b\u00e1sico y urgente en el desarrollo y mejora de entornos urbanos habitados por personas con pocos recursos y en riesgo de exclusi\u00f3n. Estudiantes y reci\u00e9n graduados procedentes de Arquitectura junto a compa\u00f1eros procedentes de otras \u00e1reas podr\u00e1n formar grupos multidisciplinares para proponer soluciones y enfoques en respuesta a la crisis de vivienda que afronta muchas ciudades hoy en d\u00eda.<\/p>\n<p style=\"text-align: justify;\"><a href=\"http:\/\/veredes.es\/blog\/wp-content\/uploads\/2013\/07\/Houses-for-Change_Flyer.jpg\"><img loading=\"lazy\" decoding=\"async\" class=\"alignnone size-full wp-image-33040\" title=\"Houses-for-Change_Flyer\" src=\"http:\/\/veredes.es\/blog\/wp-content\/uploads\/2013\/07\/Houses-for-Change_Flyer.jpg\" alt=\"\" width=\"620\" height=\"303\" srcset=\"https:\/\/veredes.es\/blog\/wp-content\/uploads\/2013\/07\/Houses-for-Change_Flyer.jpg 620w, https:\/\/veredes.es\/blog\/wp-content\/uploads\/2013\/07\/Houses-for-Change_Flyer-300x146.jpg 300w\" sizes=\"auto, (max-width: 620px) 100vw, 620px\" \/><\/a><\/p>\n<p style=\"text-align: justify;\"><strong>Objetivo<\/strong><\/p>\n<p style=\"text-align: justify;\">Por primera vez en la historia m\u00e1s de la mitad de la poblaci\u00f3n vive en \u00e1reas urbanas. Aproximadamente un 90% de este crecimiento se est\u00e1 llevando a cabo en pa\u00edses en v\u00edas de desarrollo. Aproximadamente este movimiento migratorio supone que 70 millones de personas al a\u00f1o llegan a las \u00e1reas urbanas.Se estima que aproximadamente 1\/3 de la poblaci\u00f3n mundial vive en \u00e1reas degradadas, conocidas con diferentes nombres -chabolas, favelas, infraviviendas, etc- pero todas con un denominador com\u00fan: la urgencia y que se est\u00e1n convirtiendo r\u00e1pidamente en algo normal en nuestras sociedades. Mientras que la pobreza urbana es una situaci\u00f3n compleja, el entorno f\u00edsico de la vivienda es un aspecto fundamental a tratar si este problema se debe abordar.<\/p>\n<p style=\"text-align: justify;\">Edificios y proyectos espec\u00edficos de un lugar deben tener en cuenta no s\u00f3lo la realidad f\u00edsica, sino tambi\u00e9n aspectos culturales, econ\u00f3micos, y el contexto social. Se aceptar\u00e1n propuestas de viviendas que sean adecuadas y asequibles para un lugar determinado (lugar de procedencia del equipo participante). La vivienda debe situarse en una zona urbana, y por lo tanto cubrir las necesidades de la colectividad. Las acciones o unidades deben estar dise\u00f1adas de manera que el modelo pueda ser reproducido o duplicado &#8230; (las propuestas de una sola unidad o una casa unifamiliar o que se sit\u00faen en un entorno rural no son apropiados).<\/p>\n<p style=\"text-align: justify;\">La vivienda propuesta debe responder a las necesidades (geogr\u00e1ficas, posibilidades econ\u00f3micas, materiales, procesos constructivos, el contexto cultural, etc) de una comunidad espec\u00edfica o lugar, seleccionados por los participantes. Se recuerda que la propuesta se dirige a personas en una situaci\u00f3n econ\u00f3mica fr\u00e1gil &#8211; personas en situaci\u00f3n de pobreza y excluidos-, y deben seleccionar dentro de la comunidad donde se desarrolle el proyecto. La soluci\u00f3n de dise\u00f1o y presupuesto no deben asumirse a trav\u00e9s de subvenciones o ayudas del gobierno.<\/p>\n<p style=\"text-align: justify;\"><strong>Participantes <\/strong><\/p>\n<p style=\"text-align: justify;\">Para participar en el concurso se deben cumplir los siguientes requisitos:<\/p>\n<p style=\"text-align: justify;\">1. Todos los miembros del equipo deben ser estudiantes o ser reci\u00e9n licenciados con un m\u00e1ximo de 5 a\u00f1os desde la fecha de su graduaci\u00f3n. Es decir, la fecha oficial de graduaci\u00f3n de Licenciatura o Maestr\u00eda primera fue en 2009 o posterior. Adem\u00e1s, ning\u00fan miembro del equipo puede tener m\u00e1s de 35 a\u00f1os en el momento de presentaci\u00f3n al concurso.<\/p>\n<p style=\"text-align: justify;\">2. Debe haber al menos un estudiante o reci\u00e9n graduado de arquitectura o dise\u00f1o en cada equipo.<\/p>\n<p style=\"text-align: justify;\">3. El tama\u00f1o m\u00e1ximo del equipo es de seis personas. Cada participante o miembro de un equipo s\u00f3lo puede participar en un proyecto y no podr\u00e1n presentar m\u00e1s de un proyecto al concurso. <strong><\/strong><\/p>\n<p style=\"text-align: justify;\"><strong>Inscripci\u00f3n<\/strong><\/p>\n<p style=\"text-align: justify;\">Los participantes deben inscribirse del 27 de Junio, 2013 y el 10 de Diciembre 2013 y la propuesta completa debe ser presentada antes del 16 de Diciembre de 2013.<strong><\/strong><\/p>\n<p style=\"text-align: justify;\"><strong>Jurado <\/strong><\/p>\n<p style=\"text-align: justify;\">&#8211;\u00a0 Bijoy Jain, arquitecto, fundador de Studio Mumbai Architects, India<br \/>\n&#8211;\u00a0 Hubert Klumpner, Codirector de Urban &#8211; Think Tanky y CEO de Architecture and Urban Design,\u00a0\u00a0\u00a0 ETH Zurich<br \/>\n&#8211;\u00a0 Kimberly Holden, CEO de SHoP Architects, New York<br \/>\n&#8211;\u00a0 Samia Yaba Christina Nkrumah, Presidente de Kwame Nkrumah Pan African Cente<br \/>\n&#8211;\u00a0 Yung Ho Chang, architect, profesor en el MIT y fundador de Atelier FCJZ, Beijing<strong><\/strong><\/p>\n<p style=\"text-align: justify;\"><strong>Premio<\/strong><\/p>\n<p style=\"text-align: justify;\">El proyecto ganador ser\u00e1 premiado con una beca de 20.000\u20ac para cubrir los gastos de matr\u00edcula de un M\u00e1ster de IE.Igualmente es intenci\u00f3n del IE construir una maqueta del proyecto ganador.<\/p>\n<p style=\"text-align: justify;\"><span style=\"color: #888888;\">+ info<\/span><\/p>\n<p><\/p>","protected":false},"excerpt":{"rendered":"<p>IE ha lanzado el primer concurso \u00abHouse for Change\u00bb patrocinado por la Escuela de Arquitectura y Dise\u00f1o de la IE. El prop\u00f3sito de este concurso es considerar la vivienda como un elemento b\u00e1sico y urgente en el desarrollo y mejora de entornos urbanos habitados por personas con pocos recursos y en riesgo de exclusi\u00f3n. Estudiantes [&hellip;]<\/p>\n","protected":false},"author":2,"featured_media":33040,"comment_status":"open","ping_status":"closed","sticky":false,"template":"","format":"standard","meta":{"footnotes":""},"categories":[41,16],"tags":[8293,6589,355,8288,535,8290,8289,758,8291,2628,8292,6588,1286,12454,7217],"class_list":{"0":"post-33039","1":"post","2":"type-post","3":"status-publish","4":"format-standard","5":"has-post-thumbnail","7":"category-concursos","8":"category-eventos","9":"tag-atelier-fcjz","10":"tag-bijoy-jain","11":"tag-concurso","12":"tag-escuela-de-arquitectura-y-diseno-de-la-ie","13":"tag-estudiante","14":"tag-eth-zurich","15":"tag-hubert-klumpner","16":"tag-joven-arquitecto","17":"tag-kimberly-holden","18":"tag-mit","19":"tag-samia-yaba-christina-nkrumah","20":"tag-studio-mumbai","21":"tag-territorio","22":"tag-vivienda-colectiva","23":"tag-yung-ho-chang"},"yoast_head":"<!-- This site is optimized with the Yoast SEO plugin v27.5 - https:\/\/yoast.com\/product\/yoast-seo-wordpress\/ -->\n<title>Houses for Change Houses for Change Houses for Change  - veredes<\/title>\n<meta name=\"description\" content=\"Toda la informaci\u00f3n sobre: Houses for Change Houses for Change Houses for Change\" \/>\n<meta name=\"robots\" content=\"index, follow, max-snippet:-1, max-image-preview:large, max-video-preview:-1\" \/>\n<link rel=\"canonical\" href=\"https:\/\/veredes.es\/blog\/houses-for-change\/\" \/>\n<meta property=\"og:locale\" content=\"es_ES\" \/>\n<meta property=\"og:type\" content=\"article\" \/>\n<meta property=\"og:title\" content=\"Houses for Change Houses for Change Houses for Change  - veredes\" \/>\n<meta property=\"og:description\" content=\"Toda la informaci\u00f3n sobre: Houses for Change Houses for Change Houses for Change\" \/>\n<meta property=\"og:url\" content=\"https:\/\/veredes.es\/blog\/houses-for-change\/\" \/>\n<meta property=\"og:site_name\" content=\"veredes, arquitectura y divulgaci\u00f3n\" \/>\n<meta property=\"article:publisher\" content=\"https:\/\/www.facebook.com\/veredesArquitecturayDivulgacion\/\" \/>\n<meta property=\"article:author\" content=\"https:\/\/www.facebook.com\/veredesArquitecturayDivulgacion\/\" \/>\n<meta property=\"article:published_time\" content=\"2013-07-19T06:15:19+00:00\" \/>\n<meta property=\"article:modified_time\" content=\"2016-08-23T09:22:58+00:00\" \/>\n<meta property=\"og:image\" content=\"https:\/\/veredes.es\/blog\/wp-content\/uploads\/2013\/07\/Houses-for-Change_Flyer.jpg\" \/>\n\t<meta property=\"og:image:width\" content=\"620\" \/>\n\t<meta property=\"og:image:height\" content=\"303\" \/>\n\t<meta property=\"og:image:type\" content=\"image\/jpeg\" \/>\n<meta name=\"author\" content=\"veredes\" \/>\n<meta name=\"twitter:card\" content=\"summary_large_image\" \/>\n<meta name=\"twitter:creator\" content=\"@https:\/\/twitter.com\/veredes\" \/>\n<meta name=\"twitter:site\" content=\"@veredes\" \/>\n<meta name=\"twitter:label1\" content=\"Escrito por\" \/>\n\t<meta name=\"twitter:data1\" content=\"veredes\" \/>\n\t<meta name=\"twitter:label2\" content=\"Tiempo de lectura\" \/>\n\t<meta name=\"twitter:data2\" content=\"10 minutos\" \/>\n<script type=\"application\/ld+json\" class=\"yoast-schema-graph\">{\"@context\":\"https:\\\/\\\/schema.org\",\"@graph\":[{\"@type\":\"Article\",\"@id\":\"https:\\\/\\\/veredes.es\\\/blog\\\/houses-for-change\\\/#article\",\"isPartOf\":{\"@id\":\"https:\\\/\\\/veredes.es\\\/blog\\\/houses-for-change\\\/\"},\"author\":{\"name\":\"veredes\",\"@id\":\"https:\\\/\\\/veredes.es\\\/blog\\\/#\\\/schema\\\/person\\\/0bbb669073ef7faba5168a0844e93d2c\"},\"headline\":\"Houses for Change\",\"datePublished\":\"2013-07-19T06:15:19+00:00\",\"dateModified\":\"2016-08-23T09:22:58+00:00\",\"mainEntityOfPage\":{\"@id\":\"https:\\\/\\\/veredes.es\\\/blog\\\/houses-for-change\\\/\"},\"wordCount\":1979,\"commentCount\":0,\"publisher\":{\"@id\":\"https:\\\/\\\/veredes.es\\\/blog\\\/#organization\"},\"image\":{\"@id\":\"https:\\\/\\\/veredes.es\\\/blog\\\/houses-for-change\\\/#primaryimage\"},\"thumbnailUrl\":\"https:\\\/\\\/veredes.es\\\/blog\\\/wp-content\\\/uploads\\\/2013\\\/07\\\/Houses-for-Change_Flyer.jpg\",\"keywords\":[\"Atelier FCJZ\",\"Bijoy Jain\",\"concurso\",\"escuela de arquitectura y dise\u00f1o de la IE\",\"estudiante\",\"eth zurich\",\"hubert klumpner\",\"joven arquitecto\",\"kimberly holden\",\"mit\",\"samia yaba christina nkrumah\",\"Studio Mumbai\",\"territorio\",\"vivienda colectiva\",\"yung ho chang\"],\"articleSection\":[\"concursos\",\"eventos\"],\"inLanguage\":\"es\",\"potentialAction\":[{\"@type\":\"CommentAction\",\"name\":\"Comment\",\"target\":[\"https:\\\/\\\/veredes.es\\\/blog\\\/houses-for-change\\\/#respond\"]}]},{\"@type\":\"WebPage\",\"@id\":\"https:\\\/\\\/veredes.es\\\/blog\\\/houses-for-change\\\/\",\"url\":\"https:\\\/\\\/veredes.es\\\/blog\\\/houses-for-change\\\/\",\"name\":\"Houses for Change Houses for Change Houses for Change - veredes\",\"isPartOf\":{\"@id\":\"https:\\\/\\\/veredes.es\\\/blog\\\/#website\"},\"primaryImageOfPage\":{\"@id\":\"https:\\\/\\\/veredes.es\\\/blog\\\/houses-for-change\\\/#primaryimage\"},\"image\":{\"@id\":\"https:\\\/\\\/veredes.es\\\/blog\\\/houses-for-change\\\/#primaryimage\"},\"thumbnailUrl\":\"https:\\\/\\\/veredes.es\\\/blog\\\/wp-content\\\/uploads\\\/2013\\\/07\\\/Houses-for-Change_Flyer.jpg\",\"datePublished\":\"2013-07-19T06:15:19+00:00\",\"dateModified\":\"2016-08-23T09:22:58+00:00\",\"description\":\"Toda la informaci\u00f3n sobre: Houses for Change Houses for Change Houses for Change\",\"breadcrumb\":{\"@id\":\"https:\\\/\\\/veredes.es\\\/blog\\\/houses-for-change\\\/#breadcrumb\"},\"inLanguage\":\"es\",\"potentialAction\":[{\"@type\":\"ReadAction\",\"target\":[\"https:\\\/\\\/veredes.es\\\/blog\\\/houses-for-change\\\/\"]}]},{\"@type\":\"ImageObject\",\"inLanguage\":\"es\",\"@id\":\"https:\\\/\\\/veredes.es\\\/blog\\\/houses-for-change\\\/#primaryimage\",\"url\":\"https:\\\/\\\/veredes.es\\\/blog\\\/wp-content\\\/uploads\\\/2013\\\/07\\\/Houses-for-Change_Flyer.jpg\",\"contentUrl\":\"https:\\\/\\\/veredes.es\\\/blog\\\/wp-content\\\/uploads\\\/2013\\\/07\\\/Houses-for-Change_Flyer.jpg\",\"width\":\"620\",\"height\":\"303\"},{\"@type\":\"BreadcrumbList\",\"@id\":\"https:\\\/\\\/veredes.es\\\/blog\\\/houses-for-change\\\/#breadcrumb\",\"itemListElement\":[{\"@type\":\"ListItem\",\"position\":1,\"name\":\"Portada\",\"item\":\"https:\\\/\\\/veredes.es\\\/blog\\\/\"},{\"@type\":\"ListItem\",\"position\":2,\"name\":\"Houses for Change\"}]},{\"@type\":\"WebSite\",\"@id\":\"https:\\\/\\\/veredes.es\\\/blog\\\/#website\",\"url\":\"https:\\\/\\\/veredes.es\\\/blog\\\/\",\"name\":\"veredes, arquitectura y divulgaci\u00f3n\",\"description\":\"veredes\",\"publisher\":{\"@id\":\"https:\\\/\\\/veredes.es\\\/blog\\\/#organization\"},\"alternateName\":\"veredes\",\"potentialAction\":[{\"@type\":\"SearchAction\",\"target\":{\"@type\":\"EntryPoint\",\"urlTemplate\":\"https:\\\/\\\/veredes.es\\\/blog\\\/?s={search_term_string}\"},\"query-input\":{\"@type\":\"PropertyValueSpecification\",\"valueRequired\":true,\"valueName\":\"search_term_string\"}}],\"inLanguage\":\"es\"},{\"@type\":\"Organization\",\"@id\":\"https:\\\/\\\/veredes.es\\\/blog\\\/#organization\",\"name\":\"veredes, arquitectura y divulgaci\u00f3n\",\"alternateName\":\"veredes\",\"url\":\"https:\\\/\\\/veredes.es\\\/blog\\\/\",\"logo\":{\"@type\":\"ImageObject\",\"inLanguage\":\"es\",\"@id\":\"https:\\\/\\\/veredes.es\\\/blog\\\/#\\\/schema\\\/logo\\\/image\\\/\",\"url\":\"https:\\\/\\\/veredes.es\\\/blog\\\/wp-content\\\/uploads\\\/2021\\\/12\\\/veredes-logo-centrado_140x54.png\",\"contentUrl\":\"https:\\\/\\\/veredes.es\\\/blog\\\/wp-content\\\/uploads\\\/2021\\\/12\\\/veredes-logo-centrado_140x54.png\",\"width\":140,\"height\":54,\"caption\":\"veredes, arquitectura y divulgaci\u00f3n\"},\"image\":{\"@id\":\"https:\\\/\\\/veredes.es\\\/blog\\\/#\\\/schema\\\/logo\\\/image\\\/\"},\"sameAs\":[\"https:\\\/\\\/www.facebook.com\\\/veredesArquitecturayDivulgacion\\\/\",\"https:\\\/\\\/x.com\\\/veredes\",\"https:\\\/\\\/instagram.com\\\/veredes\\\/\",\"https:\\\/\\\/www.linkedin.com\\\/company\\\/veredes-arquitectura-y-divulgacion\\\/\",\"https:\\\/\\\/es.pinterest.com\\\/veredes\\\/\",\"https:\\\/\\\/www.tumblr.com\\\/veredes\"]},{\"@type\":\"Person\",\"@id\":\"https:\\\/\\\/veredes.es\\\/blog\\\/#\\\/schema\\\/person\\\/0bbb669073ef7faba5168a0844e93d2c\",\"name\":\"veredes\",\"image\":{\"@type\":\"ImageObject\",\"inLanguage\":\"es\",\"@id\":\"https:\\\/\\\/veredes.es\\\/blog\\\/wp-content\\\/uploads\\\/2018\\\/04\\\/face-96x96.jpg\",\"url\":\"https:\\\/\\\/veredes.es\\\/blog\\\/wp-content\\\/uploads\\\/2018\\\/04\\\/face-96x96.jpg\",\"contentUrl\":\"https:\\\/\\\/veredes.es\\\/blog\\\/wp-content\\\/uploads\\\/2018\\\/04\\\/face-96x96.jpg\",\"caption\":\"veredes\"},\"description\":\"Surge enero de 2009 como b\u00fasqueda de satisfacer el conocimiento de la actividad arquitect\u00f3nica y tangentes que se generan. La idea es crear un espacio para divulgar los diversos proyectos en busca de nueva inspiraci\u00f3n y de intercambio.\",\"sameAs\":[\"https:\\\/\\\/veredes.es\\\/\",\"https:\\\/\\\/www.facebook.com\\\/veredesArquitecturayDivulgacion\\\/\",\"https:\\\/\\\/www.instagram.com\\\/veredes\\\/\",\"https:\\\/\\\/www.linkedin.com\\\/company\\\/veredes-arquitectura-y-divulgacion\\\/\",\"https:\\\/\\\/www.pinterest.es\\\/veredes\\\/\",\"https:\\\/\\\/x.com\\\/https:\\\/\\\/twitter.com\\\/veredes\",\"https:\\\/\\\/veredes.tumblr.com\\\/\"],\"url\":\"https:\\\/\\\/veredes.es\\\/blog\\\/author\\\/alberto\\\/\"}]}<\/script>\n<!-- \/ Yoast SEO plugin. -->","yoast_head_json":{"title":"Houses for Change Houses for Change Houses for Change  - veredes","description":"Toda la informaci\u00f3n sobre: Houses for Change Houses for Change Houses for Change","robots":{"index":"index","follow":"follow","max-snippet":"max-snippet:-1","max-image-preview":"max-image-preview:large","max-video-preview":"max-video-preview:-1"},"canonical":"https:\/\/veredes.es\/blog\/houses-for-change\/","og_locale":"es_ES","og_type":"article","og_title":"Houses for Change Houses for Change Houses for Change  - veredes","og_description":"Toda la informaci\u00f3n sobre: Houses for Change Houses for Change Houses for Change","og_url":"https:\/\/veredes.es\/blog\/houses-for-change\/","og_site_name":"veredes, arquitectura y divulgaci\u00f3n","article_publisher":"https:\/\/www.facebook.com\/veredesArquitecturayDivulgacion\/","article_author":"https:\/\/www.facebook.com\/veredesArquitecturayDivulgacion\/","article_published_time":"2013-07-19T06:15:19+00:00","article_modified_time":"2016-08-23T09:22:58+00:00","og_image":[{"width":620,"height":303,"url":"https:\/\/veredes.es\/blog\/wp-content\/uploads\/2013\/07\/Houses-for-Change_Flyer.jpg","type":"image\/jpeg"}],"author":"veredes","twitter_card":"summary_large_image","twitter_creator":"@https:\/\/twitter.com\/veredes","twitter_site":"@veredes","twitter_misc":{"Escrito por":"veredes","Tiempo de lectura":"10 minutos"},"schema":{"@context":"https:\/\/schema.org","@graph":[{"@type":"Article","@id":"https:\/\/veredes.es\/blog\/houses-for-change\/#article","isPartOf":{"@id":"https:\/\/veredes.es\/blog\/houses-for-change\/"},"author":{"name":"veredes","@id":"https:\/\/veredes.es\/blog\/#\/schema\/person\/0bbb669073ef7faba5168a0844e93d2c"},"headline":"Houses for Change","datePublished":"2013-07-19T06:15:19+00:00","dateModified":"2016-08-23T09:22:58+00:00","mainEntityOfPage":{"@id":"https:\/\/veredes.es\/blog\/houses-for-change\/"},"wordCount":1979,"commentCount":0,"publisher":{"@id":"https:\/\/veredes.es\/blog\/#organization"},"image":{"@id":"https:\/\/veredes.es\/blog\/houses-for-change\/#primaryimage"},"thumbnailUrl":"https:\/\/veredes.es\/blog\/wp-content\/uploads\/2013\/07\/Houses-for-Change_Flyer.jpg","keywords":["Atelier FCJZ","Bijoy Jain","concurso","escuela de arquitectura y dise\u00f1o de la IE","estudiante","eth zurich","hubert klumpner","joven arquitecto","kimberly holden","mit","samia yaba christina nkrumah","Studio Mumbai","territorio","vivienda colectiva","yung ho chang"],"articleSection":["concursos","eventos"],"inLanguage":"es","potentialAction":[{"@type":"CommentAction","name":"Comment","target":["https:\/\/veredes.es\/blog\/houses-for-change\/#respond"]}]},{"@type":"WebPage","@id":"https:\/\/veredes.es\/blog\/houses-for-change\/","url":"https:\/\/veredes.es\/blog\/houses-for-change\/","name":"Houses for Change Houses for Change Houses for Change - veredes","isPartOf":{"@id":"https:\/\/veredes.es\/blog\/#website"},"primaryImageOfPage":{"@id":"https:\/\/veredes.es\/blog\/houses-for-change\/#primaryimage"},"image":{"@id":"https:\/\/veredes.es\/blog\/houses-for-change\/#primaryimage"},"thumbnailUrl":"https:\/\/veredes.es\/blog\/wp-content\/uploads\/2013\/07\/Houses-for-Change_Flyer.jpg","datePublished":"2013-07-19T06:15:19+00:00","dateModified":"2016-08-23T09:22:58+00:00","description":"Toda la informaci\u00f3n sobre: Houses for Change Houses for Change Houses for Change","breadcrumb":{"@id":"https:\/\/veredes.es\/blog\/houses-for-change\/#breadcrumb"},"inLanguage":"es","potentialAction":[{"@type":"ReadAction","target":["https:\/\/veredes.es\/blog\/houses-for-change\/"]}]},{"@type":"ImageObject","inLanguage":"es","@id":"https:\/\/veredes.es\/blog\/houses-for-change\/#primaryimage","url":"https:\/\/veredes.es\/blog\/wp-content\/uploads\/2013\/07\/Houses-for-Change_Flyer.jpg","contentUrl":"https:\/\/veredes.es\/blog\/wp-content\/uploads\/2013\/07\/Houses-for-Change_Flyer.jpg","width":"620","height":"303"},{"@type":"BreadcrumbList","@id":"https:\/\/veredes.es\/blog\/houses-for-change\/#breadcrumb","itemListElement":[{"@type":"ListItem","position":1,"name":"Portada","item":"https:\/\/veredes.es\/blog\/"},{"@type":"ListItem","position":2,"name":"Houses for Change"}]},{"@type":"WebSite","@id":"https:\/\/veredes.es\/blog\/#website","url":"https:\/\/veredes.es\/blog\/","name":"veredes, arquitectura y divulgaci\u00f3n","description":"veredes","publisher":{"@id":"https:\/\/veredes.es\/blog\/#organization"},"alternateName":"veredes","potentialAction":[{"@type":"SearchAction","target":{"@type":"EntryPoint","urlTemplate":"https:\/\/veredes.es\/blog\/?s={search_term_string}"},"query-input":{"@type":"PropertyValueSpecification","valueRequired":true,"valueName":"search_term_string"}}],"inLanguage":"es"},{"@type":"Organization","@id":"https:\/\/veredes.es\/blog\/#organization","name":"veredes, arquitectura y divulgaci\u00f3n","alternateName":"veredes","url":"https:\/\/veredes.es\/blog\/","logo":{"@type":"ImageObject","inLanguage":"es","@id":"https:\/\/veredes.es\/blog\/#\/schema\/logo\/image\/","url":"https:\/\/veredes.es\/blog\/wp-content\/uploads\/2021\/12\/veredes-logo-centrado_140x54.png","contentUrl":"https:\/\/veredes.es\/blog\/wp-content\/uploads\/2021\/12\/veredes-logo-centrado_140x54.png","width":140,"height":54,"caption":"veredes, arquitectura y divulgaci\u00f3n"},"image":{"@id":"https:\/\/veredes.es\/blog\/#\/schema\/logo\/image\/"},"sameAs":["https:\/\/www.facebook.com\/veredesArquitecturayDivulgacion\/","https:\/\/x.com\/veredes","https:\/\/instagram.com\/veredes\/","https:\/\/www.linkedin.com\/company\/veredes-arquitectura-y-divulgacion\/","https:\/\/es.pinterest.com\/veredes\/","https:\/\/www.tumblr.com\/veredes"]},{"@type":"Person","@id":"https:\/\/veredes.es\/blog\/#\/schema\/person\/0bbb669073ef7faba5168a0844e93d2c","name":"veredes","image":{"@type":"ImageObject","inLanguage":"es","@id":"https:\/\/veredes.es\/blog\/wp-content\/uploads\/2018\/04\/face-96x96.jpg","url":"https:\/\/veredes.es\/blog\/wp-content\/uploads\/2018\/04\/face-96x96.jpg","contentUrl":"https:\/\/veredes.es\/blog\/wp-content\/uploads\/2018\/04\/face-96x96.jpg","caption":"veredes"},"description":"Surge enero de 2009 como b\u00fasqueda de satisfacer el conocimiento de la actividad arquitect\u00f3nica y tangentes que se generan. La idea es crear un espacio para divulgar los diversos proyectos en busca de nueva inspiraci\u00f3n y de intercambio.","sameAs":["https:\/\/veredes.es\/","https:\/\/www.facebook.com\/veredesArquitecturayDivulgacion\/","https:\/\/www.instagram.com\/veredes\/","https:\/\/www.linkedin.com\/company\/veredes-arquitectura-y-divulgacion\/","https:\/\/www.pinterest.es\/veredes\/","https:\/\/x.com\/https:\/\/twitter.com\/veredes","https:\/\/veredes.tumblr.com\/"],"url":"https:\/\/veredes.es\/blog\/author\/alberto\/"}]}},"_links":{"self":[{"href":"https:\/\/veredes.es\/blog\/wp-json\/wp\/v2\/posts\/33039","targetHints":{"allow":["GET"]}}],"collection":[{"href":"https:\/\/veredes.es\/blog\/wp-json\/wp\/v2\/posts"}],"about":[{"href":"https:\/\/veredes.es\/blog\/wp-json\/wp\/v2\/types\/post"}],"author":[{"embeddable":true,"href":"https:\/\/veredes.es\/blog\/wp-json\/wp\/v2\/users\/2"}],"replies":[{"embeddable":true,"href":"https:\/\/veredes.es\/blog\/wp-json\/wp\/v2\/comments?post=33039"}],"version-history":[{"count":0,"href":"https:\/\/veredes.es\/blog\/wp-json\/wp\/v2\/posts\/33039\/revisions"}],"wp:featuredmedia":[{"embeddable":true,"href":"https:\/\/veredes.es\/blog\/wp-json\/wp\/v2\/media\/33040"}],"wp:attachment":[{"href":"https:\/\/veredes.es\/blog\/wp-json\/wp\/v2\/media?parent=33039"}],"wp:term":[{"taxonomy":"category","embeddable":true,"href":"https:\/\/veredes.es\/blog\/wp-json\/wp\/v2\/categories?post=33039"},{"taxonomy":"post_tag","embeddable":true,"href":"https:\/\/veredes.es\/blog\/wp-json\/wp\/v2\/tags?post=33039"}],"curies":[{"name":"wp","href":"https:\/\/api.w.org\/{rel}","templated":true}]}}