{"id":32620,"date":"2018-06-29T00:01:09","date_gmt":"2018-06-28T22:01:09","guid":{"rendered":"http:\/\/veredes.es\/blog\/?p=32620"},"modified":"2020-03-16T15:06:05","modified_gmt":"2020-03-16T14:06:05","slug":"la-inteligencia-del-deseo-miquel-lacasta","status":"publish","type":"post","link":"https:\/\/veredes.es\/blog\/la-inteligencia-del-deseo-miquel-lacasta\/","title":{"rendered":"La inteligencia del deseo | Miquel Lacasta"},"content":{"rendered":"<p><figure id=\"attachment_67594\" aria-describedby=\"caption-attachment-67594\" style=\"width: 640px\" class=\"wp-caption alignnone\"><img loading=\"lazy\" decoding=\"async\" class=\"size-large wp-image-67594\" src=\"https:\/\/veredes.es\/blog\/wp-content\/uploads\/2013\/07\/La-inteligencia-del-deseo-Miquel-Lacasta-Mapa-Para-el-Deseo-2008obra-del-artista-Fredy-Quinayas-1024x627.jpg\" alt=\"Mapa Para el Deseo, 2008,obra del artista Fredy Quinayas | Fuente: desdeelmalestar.wordpress.com\" width=\"640\" height=\"392\" srcset=\"https:\/\/veredes.es\/blog\/wp-content\/uploads\/2013\/07\/La-inteligencia-del-deseo-Miquel-Lacasta-Mapa-Para-el-Deseo-2008obra-del-artista-Fredy-Quinayas-1024x627.jpg 1024w, https:\/\/veredes.es\/blog\/wp-content\/uploads\/2013\/07\/La-inteligencia-del-deseo-Miquel-Lacasta-Mapa-Para-el-Deseo-2008obra-del-artista-Fredy-Quinayas-300x184.jpg 300w, https:\/\/veredes.es\/blog\/wp-content\/uploads\/2013\/07\/La-inteligencia-del-deseo-Miquel-Lacasta-Mapa-Para-el-Deseo-2008obra-del-artista-Fredy-Quinayas.jpg 1200w\" sizes=\"auto, (max-width: 640px) 100vw, 640px\" \/><figcaption id=\"caption-attachment-67594\" class=\"wp-caption-text\"><span style=\"color: #999999;\">Mapa Para el Deseo, 2008,obra del artista Fredy Quinayas | Fuente: <a style=\"color: #999999;\" href=\"http:\/\/desdeelmalestar.wordpress.com\/category\/investigacion\/bocetos\/page\/3\/\" target=\"_blank\" rel=\"noopener noreferrer\">desdeelmalestar.wordpress.com<\/a><\/span><\/figcaption><\/figure><\/p>\n<p style=\"text-align: justify;\">Para las materias importantes, las ense\u00f1anzas provienen de lugares muy remotos. Considero que la arquitectura es una materia importante, y por eso es conveniente encontrar en lugares, a veces distanciados de lo que uno piensa, peque\u00f1as perlas que nos ayudan a dar cuerpo a nuestras reflexiones.<\/p>\n<p style=\"text-align: justify;\">Una de esas remotas ense\u00f1anzas interesantes proviene del pensador dan\u00e9s, <a href=\"https:\/\/es.wikipedia.org\/wiki\/S%C3%B8ren_Kierkegaard\" target=\"_blank\" rel=\"noopener noreferrer\">S\u00f8ren Kierkegaard,<\/a> al que algunos sit\u00faan como el padre del existencialismo europeo, esencialmente el existencialismo franc\u00e9s y el alem\u00e1n.<\/p>\n<p style=\"text-align: justify;\">Kiergegaard desarrolla un giro existencial<\/p>\n<blockquote>\n<p style=\"text-align: justify;\"><i>que exige la puesta en marcha de nuevas categor\u00edas conceptuales. Frente al pensamiento especulativo, el fil\u00f3sofo reivindica el pensamiento existencial en el que el pensador se involucra personalmente en la filosof\u00eda que elabora.<\/i><sup>1<\/sup><i>\u00a0<\/i><\/p>\n<\/blockquote>\n<p style=\"text-align: justify;\">Esta es para m\u00ed, la gran ense\u00f1anza de la escuela existencialista, la identificaci\u00f3n absoluta y total en aquello con lo que uno est\u00e1 involucrado.<\/p>\n<p style=\"text-align: justify;\">Para clarificar algo m\u00e1s la esencia de esta afirmaci\u00f3n me remito a lo que escribe<a href=\"https:\/\/es.wikipedia.org\/wiki\/Jos%C3%A9_Luis_L%C3%B3pez_Aranguren\" target=\"_blank\" rel=\"noopener noreferrer\"> Jos\u00e9 Lu\u00eds L\u00f3pez Aranguren<\/a>;<\/p>\n<blockquote>\n<p style=\"text-align: justify;\"><i>Kierkegaard opone al pensamiento especulativo, el pensamiento existencial. El animal tiene vida. El hombre digno de este nombre es existencia. Existencia es una peculiar actitud del hombre para consigo mismo que envuelve en s\u00ed las categor\u00edas de seriedad, elecci\u00f3n o decisi\u00f3n, repetici\u00f3n, preocupaci\u00f3n y sinceridad.<\/i><sup>2<\/sup><i>\u00a0<\/i><\/p>\n<\/blockquote>\n<p style=\"text-align: justify;\">Si duda en la arquitectura participamos de un cierto modo de hacer\u00a0<i>existencialista,\u00a0<\/i>en el sentido que nos identificamos de forma absoluta con la fuerza propositiva de un proyecto arquitect\u00f3nico, hasta el punto que no pocos colegas se sumar\u00edan a la afirmaci\u00f3n de que arquitectura y vida, tanto la idea de vida en abstracto, como en referencia a la vida personal, son la misma cosa, son uno.<\/p>\n<p style=\"text-align: justify;\">Al principio hac\u00eda referencia al origen remoto de ciertas ense\u00f1anzas. Ciertamente, el existencialismo, una corriente de pensamiento no exenta de gran influencia, y todav\u00eda hoy, una escuela filos\u00f3fica, lo considero remoto en muchos sentidos para la arquitectura. El existencialismo tiene la potencia de hacer aquellas preguntas graves, y en realidad claves, relacionadas con el devenir de nuestra existencia.<\/p>\n<p style=\"text-align: justify;\">Eso ocurre igual en cierta arquitectura\u00a0<i>existencialista<\/i>, o mejor dicho en la actitud existencialista de ciertos arquitectos. Sin embargo, y quiz\u00e1s por eso, tengo tendencia a relacionar una cierta angustia existencial, con el periodo m\u00e1s joven de la trayectoria profesional de un arquitecto.<\/p>\n<p style=\"text-align: justify;\">Aquel joven lleno de entusiasmo, pero sobrecogido por la magnitud de las reflexiones propias y ajenas, intransigente con aquellos que fomentan una visi\u00f3n l\u00fadica de la arquitectura, por considerarla liviana y poco profunda. Lo l\u00fadico nunca ha sido el ant\u00f3nimo de aquello exento de rigor.<\/p>\n<p style=\"text-align: justify;\">A\u00fan m\u00e1s lejana me parece la actitud de\u00a0<i>los existencialistas,\u00a0<\/i>de tener que compartir angustiosamente sus pensamientos.<\/p>\n<p style=\"text-align: justify;\">La figura ennegrecida por la pesadumbre de sus propias reflexiones, vendr\u00eda a ser una imagen, muy poco proteica para hacer y vivir la arquitectura. No niego que la aureola de\u00a0<i>malditismo\u00a0<\/i>que arrastra el pensamiento existencialista es atractiva, y en algunos casos, dir\u00eda que reluciente, una aureola, eso s\u00ed, de una luz negra y apesadumbrada, pero considero que la arquitectura es luz, no solamente en el sentido literal y metaf\u00f3rico primario de esta asimilaci\u00f3n, sino tambi\u00e9n en el sentido de que la arquitectura es fuerza, es creaci\u00f3n, es acci\u00f3n radical, es una mirada necesariamente positiva. Es m\u00e1s, el ejercicio de la arquitectura debe tener una fuerte componente l\u00fadica, al igual que l\u00facida.<\/p>\n<p style=\"text-align: justify;\">Muchos hemos participado en mayor o menor medida de esa imaginer\u00eda oscura en algunos instantes de nuestro pasado.<\/p>\n<p style=\"text-align: justify;\">En contraposici\u00f3n a esta somera descripci\u00f3n del existencialismo arquitect\u00f3nico, me gusta contraponer la idea, quiz\u00e1s moldeada por el paso del tiempo y una cierta madurez, de la inteligencia, de <a href=\"https:\/\/veredes.es\/blog\/tag\/jose-antonio-marina\/\" target=\"_blank\" rel=\"noopener noreferrer\">Jos\u00e9 Antonio Marina<\/a>, mucho m\u00e1s energ\u00e9tica, luminosa, esta vez de luz blanca, y ligada a la idea del deseo.<\/p>\n<p style=\"text-align: justify;\">El propio Marina, en\u00a0<a href=\"https:\/\/www.amazon.es\/gp\/product\/8433973606?ie=UTF8&amp;tag=wwwveredeses-21&amp;camp=3638&amp;linkCode=xm2&amp;creativeASIN=8433973606\" target=\"_blank\" rel=\"noopener noreferrer\"><i>Las Arquitecturas del Deseo<\/i><\/a>, un libro, me atrever\u00eda a decir, de obligada lectura, afirma que\u00a0<i>en el origen de la cultura est\u00e1 el deseo<\/i>.<sup>3<\/sup>\u00a0El deseo nos sit\u00faa ante una infinitud ambigua, y el mecanismo de desarrollo de las tres fases del deseo, es la inteligencia.<\/p>\n<p style=\"text-align: justify;\">Ahondemos un poco en ello.<\/p>\n<p style=\"text-align: justify;\">Marina\u00a0se propone estudiar la\u00a0<i>ideolog\u00eda del deseo,<\/i>\u00a0clave para entender la cultura actual, que es una cultura de la avidez y de la insatisfacci\u00f3n. El autor argumenta que hay una estructura invisible que origina y da sentido a preferencias, sensibilidades, comportamientos que, en superficie, resultan inconexas.<\/p>\n<p style=\"text-align: justify;\">Por tanto, existe una espiritualidad del deseo, una fuerza motriz relacionada con una energ\u00eda creadora, la energ\u00eda de los grandes cambios, de las grandes haza\u00f1as. De forma especialmente l\u00facida, Marina entiende la idea del deseo como una substancia \u00edntimamente ligada a la acci\u00f3n, al hacer.<\/p>\n<p style=\"text-align: justify;\">Tal como la arquitectura es. Una profesi\u00f3n de la acci\u00f3n consumada.<\/p>\n<p style=\"text-align: justify;\">Las tres fuentes de energ\u00eda de la acci\u00f3n que el autor disecciona, son muy f\u00e1ciles de reconocer en la arquitectura, la pulsi\u00f3n, el deseo y el proyecto. Ser\u00eda f\u00e1cil de establecer una fenomenolog\u00eda del proyecto de la arquitectura en base a estos tres or\u00edgenes de la acci\u00f3n que Marina categoriza.<\/p>\n<p style=\"text-align: justify;\">La parte m\u00e1s arquitect\u00f3nica del texto es la tesis principal del libro es\u00a0que el autor nos exhorta a pasar del determinismo del deseo al determinismo del proyecto, mediante el cual el deseo se vence a s\u00ed mismo. El mecanismo operativo para hacer ese salto, del deseo al proyecto, consiste en saber canalizar la inteligencia. La gran funci\u00f3n de la inteligencia, por tanto, no es alcanzar fines, sino inventar fines y, mediante ellos, encelar el deseo para transformarlo en proyecto.<\/p>\n<p style=\"text-align: justify;\">En este salto del deseo al proyecto, se establece una tr\u00edada del deseo que debemos considerar para transformarlo. Marina lo llama la teor\u00eda de los tres deseos. Curiosamente este triplete es enormemente coincidente con el patr\u00f3n de empat\u00eda que el arquitecto aplica al proyecto de arquitectura y que me permito\u00a0<i>traducir<\/i>\u00a0aqu\u00ed en un formato m\u00e1s nuestro.<\/p>\n<p style=\"text-align: justify;\">El primer principio del deseo\/proyecto, o mejor dicho, ese proyecto de deseo que toda arquitectura deber\u00eda encerrar, es el del deseo de bienestar personal. Es decir, proyectamos para la sociedad pero proyectamos arquitectura para nosotros mismos constantemente. No podemos proyectar un espacio en el que no\u00a0<i>creamos<\/i>, con el que no nos podamos identificar.<\/p>\n<p style=\"text-align: justify;\">El segundo principio es el de la aceptaci\u00f3n social. Proyectamos en la sociedad para que sus futuros usuarios obtengan a cambio el pl\u00e1cet de la aceptaci\u00f3n, el de formar parte de un colectivo m\u00e1s amplio, e incluso proyectamos para que aquellos que vivan nuestros espacios se sientan\u00a0<i>distinguidos.\u00a0<\/i><\/p>\n<p style=\"text-align: justify;\">Por \u00faltimo, proyectamos la forma del deseo para ampliar las posibilidades de la acci\u00f3n, proyectamos para ampliar el \u00e1mbito de lo posible. Esta es sin duda la gran fuerza del deseo arquitect\u00f3nico, y la que a su vez, nos deber\u00eda llenar de responsabilidad.<\/p>\n<p style=\"text-align: justify;\">La arquitectura, una vez conformada y construida, ampl\u00eda el \u00e1mbito de lo posible hasta extremos muchas veces inauditos. Transforma modos de comportamiento que van mucho m\u00e1s all\u00e1 de las capacidades del puro objeto arquitect\u00f3nico. La arquitectura transforma la realidad.<\/p>\n<p style=\"text-align: justify;\">Es por ello que la ra\u00edz del proyecto arquitect\u00f3nico es cultural, pero a su vez, su producto final es eminentemente cultural tambi\u00e9n. Parte de la cultura, para hacer cultura. Y enti\u00e9ndase aqu\u00ed la idea de cultural bajo el espectro m\u00e1s amplio posible.<\/p>\n<p style=\"text-align: justify;\">La gasolina que impulsa el deseo en su maduraci\u00f3n a la forma de un proyecto, de forma gen\u00e9rica en los texto de Marina y de forma espec\u00edfica en la acci\u00f3n arquitect\u00f3nica, es la inteligencia. Marina tambi\u00e9n desarrolla una Teor\u00eda de la Inteligencia de la que destacar\u00eda por su especial connotaci\u00f3n arquitect\u00f3nica, algunos aspectos.<\/p>\n<p style=\"text-align: justify;\">Como declaraci\u00f3n de principios el filosofo es un ferviente defensor de la inteligencia pr\u00e1ctica. La inteligencia pr\u00e1ctica es superior a la te\u00f3rica, porque es capaz de pensar posibilidades y despu\u00e9s realizarlas. \u00a0As\u00ed de simple y as\u00ed de concordante con la disciplina de la arquitectura.<\/p>\n<blockquote>\n<p style=\"text-align: justify;\"><i>Y es que en realidad, no se puede separar la inteligencia de la acci\u00f3n, todo proyecto est\u00e1 encaminado a su realizaci\u00f3n. Necesitamos fijarnos metas adecuadas y crear h\u00e1bitos firmes que nos permitan pasar de la decisi\u00f3n a la acci\u00f3n. La inteligencia cuenta con herramientas valiosas que le permiten conseguir sus metas: el sentido del deber, la voluntad y la raz\u00f3n. Otro recurso imprescindible es la creatividad, la capacidad para inventar posibilidades en la realidad y nuevas soluciones a los problemas vitales.<\/i><\/p>\n<\/blockquote>\n<p style=\"text-align: justify;\">Todo el caleidoscopio de reflexiones de Jos\u00e9 Antonio Marina parecen estar escritos en clave arquitect\u00f3nica. En la trastienda de su obra, reluce una asunci\u00f3n positiva y luminosa de una de las palabras que parece que ahora estamos recuperando: \u00e9tica.<\/p>\n<p style=\"text-align: justify;\">Muy al contrario de la angustia de la \u00e9tica existencialista, de la que hemos hablado antes, Marina nos propone una fuerza motriz positiva que va mucho m\u00e1s all\u00e1 de una receta instrumental para manejarnos en estos tiempos complejos.<\/p>\n<p style=\"text-align: justify;\">Marina, en una visi\u00f3n prometedora de superaci\u00f3n de los c\u00edrculos viciosos del presente, se atreve con coraje y pasi\u00f3n a proponer una nueva lectura de nuestra sociedad en forma de direcci\u00f3n positiva a seguir. Me quedo, para acabar, con uno de sus textos m\u00e1s estimulantes.<\/p>\n<blockquote>\n<p style=\"text-align: justify;\"><i>En nuestra sociedad se enfrentan dos sistemas de creencias: la\u00a0 modernidad,\u00a0 basada en el pensamiento ilustrado,\u00a0 que se define por el culto a la raz\u00f3n y a la ciencia;\u00a0 y la postmodernidad, que identifica inteligencia con creaci\u00f3n, y que no conf\u00eda en la raz\u00f3n, ni en las verdades absolutas. Superando ambas, la Ultramodernidad desarrolla una nueva teor\u00eda de la inteligencia cuya funci\u00f3n esencial no es el conocimiento sino dirigir el comportamiento para salir bien parados de la situaci\u00f3n en la que estamos, y que incluye los sentimientos y los mecanismos de autocontrol de la conducta, la voluntad. Su caracter\u00edstica principal es la capacidad de inventar posibilidades en la realidad. Es, por tanto, una inteligencia creadora que inventa fines, los eval\u00faa,\u00a0 elabora proyectos y los ejecuta, una inteligencia encaminada a la acci\u00f3n. Su meta es la felicidad y su culminaci\u00f3n la \u00e9tica.<\/i><\/p>\n<\/blockquote>\n<p style=\"text-align: justify;\">Seguiremos hablando de esto.<\/p>\n<p style=\"text-align: justify;\">Miquel Lacasta. Doctor arquitecto<br \/>\nBarcelona,\u00a0julio 2013<\/p>\n<p style=\"text-align: justify;\">Notas:<\/p>\n<div>\n<p><sup>1<\/sup>\u00a0TORRALBA, Francesc\u00a0<i><a href=\"https:\/\/www.amazon.es\/gp\/product\/8415549792?ie=UTF8&amp;tag=wwwveredeses-21&amp;camp=3638&amp;linkCode=xm2&amp;creativeASIN=8415549792\" target=\"_blank\" rel=\"noopener noreferrer\">La \u00e9tica como angustia<\/a>,\u00a0<\/i>Editorial Proteus, Barcelona 2013<\/p>\n<\/div>\n<div>\n<p><sup>2<\/sup><i>\u00a0\u00cddem<\/i>.<\/p>\n<\/div>\n<div>\n<p><sup>3<\/sup>\u00a0MARINA, Jos\u00e9 Antonio,\u00a0<a href=\"https:\/\/www.amazon.es\/gp\/product\/8433973606?ie=UTF8&amp;tag=wwwveredeses-21&amp;camp=3638&amp;linkCode=xm2&amp;creativeASIN=8433973606\" target=\"_blank\" rel=\"noopener noreferrer\"><i>Las Arquitecturas del Deseo<\/i><\/a>, Editorial Anagrama, Barcelona, 2007<\/p>\n<\/div>\n<p><\/p>","protected":false},"excerpt":{"rendered":"<p>Para las materias importantes, las ense\u00f1anzas provienen de lugares muy remotos. Considero que la arquitectura es una materia importante, y por eso es conveniente encontrar en lugares, a veces distanciados de lo que uno piensa, peque\u00f1as perlas que nos ayudan a dar cuerpo a nuestras reflexiones. Una de esas remotas ense\u00f1anzas interesantes proviene del pensador [&hellip;]<\/p>\n","protected":false},"author":32,"featured_media":67594,"comment_status":"open","ping_status":"closed","sticky":false,"template":"","format":"standard","meta":{"footnotes":""},"categories":[568,5951],"tags":[1576,580,5786,13439,668,4522,3452,8137,1278,2048],"class_list":{"0":"post-32620","1":"post","2":"type-post","3":"status-publish","4":"format-standard","5":"has-post-thumbnail","7":"category-faro","8":"category-slider-principal","9":"tag-ensenanza","10":"tag-filosofia","11":"tag-filosofo","12":"tag-francesc-torralba-rosello","13":"tag-historia","14":"tag-miquel-lacasta","15":"tag-personaje","16":"tag-soren-kierkegaard","17":"tag-teoria","18":"tag-teoria-e-historia"},"yoast_head":"<!-- This site is optimized with the Yoast SEO plugin v27.4 - https:\/\/yoast.com\/product\/yoast-seo-wordpress\/ -->\n<title>La inteligencia del deseo | Miquel Lacasta - veredes<\/title>\n<meta name=\"description\" content=\"Toda la informaci\u00f3n sobre: [:es]La inteligencia del deseo | Miquel Lacasta[:gl]A intelixencia do desexo | Miquel Lacasta[:en]The intelligence of the desire | Miquel Lacasta[:]\" \/>\n<meta name=\"robots\" content=\"index, follow, max-snippet:-1, max-image-preview:large, max-video-preview:-1\" \/>\n<link rel=\"canonical\" href=\"https:\/\/veredes.es\/blog\/la-inteligencia-del-deseo-miquel-lacasta\/\" \/>\n<meta property=\"og:locale\" content=\"es_ES\" \/>\n<meta property=\"og:type\" content=\"article\" \/>\n<meta property=\"og:title\" content=\"[:es]La inteligencia del deseo | Miquel Lacasta[:gl]A intelixencia do desexo | Miquel Lacasta[:en]The intelligence of the desire | Miquel Lacasta[:] - veredes\" \/>\n<meta property=\"og:description\" content=\"Toda la informaci\u00f3n sobre: [:es]La inteligencia del deseo | Miquel Lacasta[:gl]A intelixencia do desexo | Miquel Lacasta[:en]The intelligence of the desire | Miquel Lacasta[:]\" \/>\n<meta property=\"og:url\" content=\"https:\/\/veredes.es\/blog\/la-inteligencia-del-deseo-miquel-lacasta\/\" \/>\n<meta property=\"og:site_name\" content=\"veredes, arquitectura y divulgaci\u00f3n\" \/>\n<meta property=\"article:publisher\" content=\"https:\/\/www.facebook.com\/veredesArquitecturayDivulgacion\/\" \/>\n<meta property=\"article:author\" content=\"https:\/\/www.facebook.com\/MikelLacastaCodorniu\" \/>\n<meta property=\"article:published_time\" content=\"2018-06-28T22:01:09+00:00\" \/>\n<meta property=\"article:modified_time\" content=\"2020-03-16T14:06:05+00:00\" \/>\n<meta property=\"og:image\" content=\"https:\/\/veredes.es\/blog\/wp-content\/uploads\/2013\/07\/La-inteligencia-del-deseo-Miquel-Lacasta-Mapa-Para-el-Deseo-2008obra-del-artista-Fredy-Quinayas.jpg\" \/>\n\t<meta property=\"og:image:width\" content=\"1200\" \/>\n\t<meta property=\"og:image:height\" content=\"735\" \/>\n\t<meta property=\"og:image:type\" content=\"image\/jpeg\" \/>\n<meta name=\"author\" content=\"Miquel Lacasta Codorniu\" \/>\n<meta name=\"twitter:card\" content=\"summary_large_image\" \/>\n<meta name=\"twitter:creator\" content=\"@https:\/\/twitter.com\/miquelacasta\" \/>\n<meta name=\"twitter:site\" content=\"@veredes\" \/>\n<meta name=\"twitter:label1\" content=\"Escrito por\" \/>\n\t<meta name=\"twitter:data1\" content=\"Miquel Lacasta Codorniu\" \/>\n\t<meta name=\"twitter:label2\" content=\"Tiempo de lectura\" \/>\n\t<meta name=\"twitter:data2\" content=\"27 minutos\" \/>\n<script type=\"application\/ld+json\" class=\"yoast-schema-graph\">{\"@context\":\"https:\\\/\\\/schema.org\",\"@graph\":[{\"@type\":\"Article\",\"@id\":\"https:\\\/\\\/veredes.es\\\/blog\\\/la-inteligencia-del-deseo-miquel-lacasta\\\/#article\",\"isPartOf\":{\"@id\":\"https:\\\/\\\/veredes.es\\\/blog\\\/la-inteligencia-del-deseo-miquel-lacasta\\\/\"},\"author\":{\"name\":\"Miquel Lacasta Codorniu\",\"@id\":\"https:\\\/\\\/veredes.es\\\/blog\\\/#\\\/schema\\\/person\\\/11c5393188d51787b8b13761dea40343\"},\"headline\":\"La inteligencia del deseo | Miquel Lacasta\",\"datePublished\":\"2018-06-28T22:01:09+00:00\",\"dateModified\":\"2020-03-16T14:06:05+00:00\",\"mainEntityOfPage\":{\"@id\":\"https:\\\/\\\/veredes.es\\\/blog\\\/la-inteligencia-del-deseo-miquel-lacasta\\\/\"},\"wordCount\":5348,\"commentCount\":0,\"publisher\":{\"@id\":\"https:\\\/\\\/veredes.es\\\/blog\\\/#organization\"},\"image\":{\"@id\":\"https:\\\/\\\/veredes.es\\\/blog\\\/la-inteligencia-del-deseo-miquel-lacasta\\\/#primaryimage\"},\"thumbnailUrl\":\"https:\\\/\\\/veredes.es\\\/blog\\\/wp-content\\\/uploads\\\/2013\\\/07\\\/La-inteligencia-del-deseo-Miquel-Lacasta-Mapa-Para-el-Deseo-2008obra-del-artista-Fredy-Quinayas.jpg\",\"keywords\":[\"ense\u00f1anza\",\"filosof\u00eda\",\"fil\u00f3sofo\",\"Francesc Torralba Rosell\u00f3\",\"historia\",\"Miquel Lacasta\",\"personaje\",\"S\u00f8ren Kierkegaard\",\"teor\u00eda\",\"teor\u00eda e historia\"],\"articleSection\":[\"faro\",\"slider principal\"],\"inLanguage\":\"es\",\"potentialAction\":[{\"@type\":\"CommentAction\",\"name\":\"Comment\",\"target\":[\"https:\\\/\\\/veredes.es\\\/blog\\\/la-inteligencia-del-deseo-miquel-lacasta\\\/#respond\"]}]},{\"@type\":\"WebPage\",\"@id\":\"https:\\\/\\\/veredes.es\\\/blog\\\/la-inteligencia-del-deseo-miquel-lacasta\\\/\",\"url\":\"https:\\\/\\\/veredes.es\\\/blog\\\/la-inteligencia-del-deseo-miquel-lacasta\\\/\",\"name\":\"[:es]La inteligencia del deseo | Miquel Lacasta[:gl]A intelixencia do desexo | Miquel Lacasta[:en]The intelligence of the desire | Miquel Lacasta[:] - veredes\",\"isPartOf\":{\"@id\":\"https:\\\/\\\/veredes.es\\\/blog\\\/#website\"},\"primaryImageOfPage\":{\"@id\":\"https:\\\/\\\/veredes.es\\\/blog\\\/la-inteligencia-del-deseo-miquel-lacasta\\\/#primaryimage\"},\"image\":{\"@id\":\"https:\\\/\\\/veredes.es\\\/blog\\\/la-inteligencia-del-deseo-miquel-lacasta\\\/#primaryimage\"},\"thumbnailUrl\":\"https:\\\/\\\/veredes.es\\\/blog\\\/wp-content\\\/uploads\\\/2013\\\/07\\\/La-inteligencia-del-deseo-Miquel-Lacasta-Mapa-Para-el-Deseo-2008obra-del-artista-Fredy-Quinayas.jpg\",\"datePublished\":\"2018-06-28T22:01:09+00:00\",\"dateModified\":\"2020-03-16T14:06:05+00:00\",\"description\":\"Toda la informaci\u00f3n sobre: [:es]La inteligencia del deseo | Miquel Lacasta[:gl]A intelixencia do desexo | Miquel Lacasta[:en]The intelligence of the desire | Miquel Lacasta[:]\",\"breadcrumb\":{\"@id\":\"https:\\\/\\\/veredes.es\\\/blog\\\/la-inteligencia-del-deseo-miquel-lacasta\\\/#breadcrumb\"},\"inLanguage\":\"es\",\"potentialAction\":[{\"@type\":\"ReadAction\",\"target\":[\"https:\\\/\\\/veredes.es\\\/blog\\\/la-inteligencia-del-deseo-miquel-lacasta\\\/\"]}]},{\"@type\":\"ImageObject\",\"inLanguage\":\"es\",\"@id\":\"https:\\\/\\\/veredes.es\\\/blog\\\/la-inteligencia-del-deseo-miquel-lacasta\\\/#primaryimage\",\"url\":\"https:\\\/\\\/veredes.es\\\/blog\\\/wp-content\\\/uploads\\\/2013\\\/07\\\/La-inteligencia-del-deseo-Miquel-Lacasta-Mapa-Para-el-Deseo-2008obra-del-artista-Fredy-Quinayas.jpg\",\"contentUrl\":\"https:\\\/\\\/veredes.es\\\/blog\\\/wp-content\\\/uploads\\\/2013\\\/07\\\/La-inteligencia-del-deseo-Miquel-Lacasta-Mapa-Para-el-Deseo-2008obra-del-artista-Fredy-Quinayas.jpg\",\"width\":1200,\"height\":735,\"caption\":\"Mapa Para el Deseo, 2008,obra del artista Fredy Quinayas | Fuente: desdeelmalestar.wordpress.com\"},{\"@type\":\"BreadcrumbList\",\"@id\":\"https:\\\/\\\/veredes.es\\\/blog\\\/la-inteligencia-del-deseo-miquel-lacasta\\\/#breadcrumb\",\"itemListElement\":[{\"@type\":\"ListItem\",\"position\":1,\"name\":\"Portada\",\"item\":\"https:\\\/\\\/veredes.es\\\/blog\\\/\"},{\"@type\":\"ListItem\",\"position\":2,\"name\":\"La inteligencia del deseo | Miquel Lacasta\"}]},{\"@type\":\"WebSite\",\"@id\":\"https:\\\/\\\/veredes.es\\\/blog\\\/#website\",\"url\":\"https:\\\/\\\/veredes.es\\\/blog\\\/\",\"name\":\"veredes, arquitectura y divulgaci\u00f3n\",\"description\":\"veredes\",\"publisher\":{\"@id\":\"https:\\\/\\\/veredes.es\\\/blog\\\/#organization\"},\"alternateName\":\"veredes\",\"potentialAction\":[{\"@type\":\"SearchAction\",\"target\":{\"@type\":\"EntryPoint\",\"urlTemplate\":\"https:\\\/\\\/veredes.es\\\/blog\\\/?s={search_term_string}\"},\"query-input\":{\"@type\":\"PropertyValueSpecification\",\"valueRequired\":true,\"valueName\":\"search_term_string\"}}],\"inLanguage\":\"es\"},{\"@type\":\"Organization\",\"@id\":\"https:\\\/\\\/veredes.es\\\/blog\\\/#organization\",\"name\":\"veredes, arquitectura y divulgaci\u00f3n\",\"alternateName\":\"veredes\",\"url\":\"https:\\\/\\\/veredes.es\\\/blog\\\/\",\"logo\":{\"@type\":\"ImageObject\",\"inLanguage\":\"es\",\"@id\":\"https:\\\/\\\/veredes.es\\\/blog\\\/#\\\/schema\\\/logo\\\/image\\\/\",\"url\":\"https:\\\/\\\/veredes.es\\\/blog\\\/wp-content\\\/uploads\\\/2021\\\/12\\\/veredes-logo-centrado_140x54.png\",\"contentUrl\":\"https:\\\/\\\/veredes.es\\\/blog\\\/wp-content\\\/uploads\\\/2021\\\/12\\\/veredes-logo-centrado_140x54.png\",\"width\":140,\"height\":54,\"caption\":\"veredes, arquitectura y divulgaci\u00f3n\"},\"image\":{\"@id\":\"https:\\\/\\\/veredes.es\\\/blog\\\/#\\\/schema\\\/logo\\\/image\\\/\"},\"sameAs\":[\"https:\\\/\\\/www.facebook.com\\\/veredesArquitecturayDivulgacion\\\/\",\"https:\\\/\\\/x.com\\\/veredes\",\"https:\\\/\\\/instagram.com\\\/veredes\\\/\",\"https:\\\/\\\/www.linkedin.com\\\/company\\\/veredes-arquitectura-y-divulgacion\\\/\",\"https:\\\/\\\/es.pinterest.com\\\/veredes\\\/\",\"https:\\\/\\\/www.tumblr.com\\\/veredes\"]},{\"@type\":\"Person\",\"@id\":\"https:\\\/\\\/veredes.es\\\/blog\\\/#\\\/schema\\\/person\\\/11c5393188d51787b8b13761dea40343\",\"name\":\"Miquel Lacasta Codorniu\",\"image\":{\"@type\":\"ImageObject\",\"inLanguage\":\"es\",\"@id\":\"https:\\\/\\\/secure.gravatar.com\\\/avatar\\\/08c0363dcfecc8314962e22fc525294dd6549dd4a7630af6a4f7053ff640935d?s=96&r=g\",\"url\":\"https:\\\/\\\/secure.gravatar.com\\\/avatar\\\/08c0363dcfecc8314962e22fc525294dd6549dd4a7630af6a4f7053ff640935d?s=96&r=g\",\"contentUrl\":\"https:\\\/\\\/secure.gravatar.com\\\/avatar\\\/08c0363dcfecc8314962e22fc525294dd6549dd4a7630af6a4f7053ff640935d?s=96&r=g\",\"caption\":\"Miquel Lacasta Codorniu\"},\"description\":\"Es cofundador en ARCHIKUBIK y tambi\u00e9n en @kubik - espacio multidisciplinario. Obtuvo un Ph.D. con honores (cum laude) en ESARQ Universitat Internacional de Catalunya UIC y tambi\u00e9n fue galardonado con el premio especial Ph.D (UIC 2012), M.arch en ESARQ Universitat Internacional de Catalunya, y se gradu\u00f3 como arquitecto en ETSAB Universitat Polit\u00e8cnica de Catalunya . Miquel es profesor asociado en ESARQ desde 1996. Anteriormente, fue profesor en Elisava y Escola LAI, y tambi\u00e9n en programas de postgrado en ETSAB y La Salle. Fue arquitecto en la oficina de Manuel Brullet desde 1989 desde 1995. Ha sido galardonado en \\\"Taller Barcelona'96. El TGV, una oportunidad por estructurar la periferia \\\". Fue codirector del taller \\\"Territorio Virtual, L\u00edmite Urbano\\\" en ITSEM Guadalajara, M\u00e9xico en 2000 y tambi\u00e9n codirector del taller \\\"Ravalizar Barcelona\\\" en ITSEM Guadalajara, M\u00e9xico, y CCNY, Nueva York, EE. UU. En 2002, 2003 y 2004. Gan\u00f3 el premio A + en 2010 por Sunion School en el Best Educational Building, The International Architecture Award 2008 en The Chicago Athenaeum por Colin's House y el primer premio en Corian Prize en 2006. Su obra ha sido expuesta en Barcelona , Madrid, Florencia, Cannes y en Le Pavillon de l'Arsenal en Par\u00eds. Varias publicaciones han sido reconocidas por su trabajo como Quaderns, ON, Arquitectura Plus, Piso, Arquitectura y Dise\u00f1o, El Pa\u00eds, ABC, La Vanguardia, Clar\u00edn, Sole 24 Ore, y otros. Recientemente realiz\u00f3 conferencias en ITSEM Guadalajara, M\u00e9xico, Facolta di Architettura di l'Alghero, Italia, msa M\u00fcnster School of Architecture, M\u00fcnster Alemania, IBM Think Tank en Par\u00eds, Francia, y varias universidades y organizaciones en Espa\u00f1a. Recientemente fue galardonado con el ZAC RN5 en el concurso Vitry-sur-Seine, un Eco-distrito de 255 residencias sociales y privadas y una residencia de estudiantes en Ivry, y 32 apartamentos asistidos para personas mayores en Olesa de Montserrat.\",\"sameAs\":[\"https:\\\/\\\/axonometrica.wordpress.com\\\/\",\"https:\\\/\\\/www.facebook.com\\\/MikelLacastaCodorniu\",\"https:\\\/\\\/www.instagram.com\\\/mikel3\\\/\",\"https:\\\/\\\/www.linkedin.com\\\/in\\\/miquel-lacasta-profile\\\/\",\"https:\\\/\\\/x.com\\\/https:\\\/\\\/twitter.com\\\/miquelacasta\"],\"url\":\"https:\\\/\\\/veredes.es\\\/blog\\\/author\\\/miquel-lacasta-codorniu\\\/\"}]}<\/script>\n<!-- \/ Yoast SEO plugin. -->","yoast_head_json":{"title":"[:es]La inteligencia del deseo | Miquel Lacasta[:gl]A intelixencia do desexo | Miquel Lacasta[:en]The intelligence of the desire | Miquel Lacasta[:] - veredes","description":"Toda la informaci\u00f3n sobre: [:es]La inteligencia del deseo | Miquel Lacasta[:gl]A intelixencia do desexo | Miquel Lacasta[:en]The intelligence of the desire | Miquel Lacasta[:]","robots":{"index":"index","follow":"follow","max-snippet":"max-snippet:-1","max-image-preview":"max-image-preview:large","max-video-preview":"max-video-preview:-1"},"canonical":"https:\/\/veredes.es\/blog\/la-inteligencia-del-deseo-miquel-lacasta\/","og_locale":"es_ES","og_type":"article","og_title":"[:es]La inteligencia del deseo | Miquel Lacasta[:gl]A intelixencia do desexo | Miquel Lacasta[:en]The intelligence of the desire | Miquel Lacasta[:] - veredes","og_description":"Toda la informaci\u00f3n sobre: [:es]La inteligencia del deseo | Miquel Lacasta[:gl]A intelixencia do desexo | Miquel Lacasta[:en]The intelligence of the desire | Miquel Lacasta[:]","og_url":"https:\/\/veredes.es\/blog\/la-inteligencia-del-deseo-miquel-lacasta\/","og_site_name":"veredes, arquitectura y divulgaci\u00f3n","article_publisher":"https:\/\/www.facebook.com\/veredesArquitecturayDivulgacion\/","article_author":"https:\/\/www.facebook.com\/MikelLacastaCodorniu","article_published_time":"2018-06-28T22:01:09+00:00","article_modified_time":"2020-03-16T14:06:05+00:00","og_image":[{"width":1200,"height":735,"url":"https:\/\/veredes.es\/blog\/wp-content\/uploads\/2013\/07\/La-inteligencia-del-deseo-Miquel-Lacasta-Mapa-Para-el-Deseo-2008obra-del-artista-Fredy-Quinayas.jpg","type":"image\/jpeg"}],"author":"Miquel Lacasta Codorniu","twitter_card":"summary_large_image","twitter_creator":"@https:\/\/twitter.com\/miquelacasta","twitter_site":"@veredes","twitter_misc":{"Escrito por":"Miquel Lacasta Codorniu","Tiempo de lectura":"27 minutos"},"schema":{"@context":"https:\/\/schema.org","@graph":[{"@type":"Article","@id":"https:\/\/veredes.es\/blog\/la-inteligencia-del-deseo-miquel-lacasta\/#article","isPartOf":{"@id":"https:\/\/veredes.es\/blog\/la-inteligencia-del-deseo-miquel-lacasta\/"},"author":{"name":"Miquel Lacasta Codorniu","@id":"https:\/\/veredes.es\/blog\/#\/schema\/person\/11c5393188d51787b8b13761dea40343"},"headline":"La inteligencia del deseo | Miquel Lacasta","datePublished":"2018-06-28T22:01:09+00:00","dateModified":"2020-03-16T14:06:05+00:00","mainEntityOfPage":{"@id":"https:\/\/veredes.es\/blog\/la-inteligencia-del-deseo-miquel-lacasta\/"},"wordCount":5348,"commentCount":0,"publisher":{"@id":"https:\/\/veredes.es\/blog\/#organization"},"image":{"@id":"https:\/\/veredes.es\/blog\/la-inteligencia-del-deseo-miquel-lacasta\/#primaryimage"},"thumbnailUrl":"https:\/\/veredes.es\/blog\/wp-content\/uploads\/2013\/07\/La-inteligencia-del-deseo-Miquel-Lacasta-Mapa-Para-el-Deseo-2008obra-del-artista-Fredy-Quinayas.jpg","keywords":["ense\u00f1anza","filosof\u00eda","fil\u00f3sofo","Francesc Torralba Rosell\u00f3","historia","Miquel Lacasta","personaje","S\u00f8ren Kierkegaard","teor\u00eda","teor\u00eda e historia"],"articleSection":["faro","slider principal"],"inLanguage":"es","potentialAction":[{"@type":"CommentAction","name":"Comment","target":["https:\/\/veredes.es\/blog\/la-inteligencia-del-deseo-miquel-lacasta\/#respond"]}]},{"@type":"WebPage","@id":"https:\/\/veredes.es\/blog\/la-inteligencia-del-deseo-miquel-lacasta\/","url":"https:\/\/veredes.es\/blog\/la-inteligencia-del-deseo-miquel-lacasta\/","name":"[:es]La inteligencia del deseo | Miquel Lacasta[:gl]A intelixencia do desexo | Miquel Lacasta[:en]The intelligence of the desire | Miquel Lacasta[:] - veredes","isPartOf":{"@id":"https:\/\/veredes.es\/blog\/#website"},"primaryImageOfPage":{"@id":"https:\/\/veredes.es\/blog\/la-inteligencia-del-deseo-miquel-lacasta\/#primaryimage"},"image":{"@id":"https:\/\/veredes.es\/blog\/la-inteligencia-del-deseo-miquel-lacasta\/#primaryimage"},"thumbnailUrl":"https:\/\/veredes.es\/blog\/wp-content\/uploads\/2013\/07\/La-inteligencia-del-deseo-Miquel-Lacasta-Mapa-Para-el-Deseo-2008obra-del-artista-Fredy-Quinayas.jpg","datePublished":"2018-06-28T22:01:09+00:00","dateModified":"2020-03-16T14:06:05+00:00","description":"Toda la informaci\u00f3n sobre: [:es]La inteligencia del deseo | Miquel Lacasta[:gl]A intelixencia do desexo | Miquel Lacasta[:en]The intelligence of the desire | Miquel Lacasta[:]","breadcrumb":{"@id":"https:\/\/veredes.es\/blog\/la-inteligencia-del-deseo-miquel-lacasta\/#breadcrumb"},"inLanguage":"es","potentialAction":[{"@type":"ReadAction","target":["https:\/\/veredes.es\/blog\/la-inteligencia-del-deseo-miquel-lacasta\/"]}]},{"@type":"ImageObject","inLanguage":"es","@id":"https:\/\/veredes.es\/blog\/la-inteligencia-del-deseo-miquel-lacasta\/#primaryimage","url":"https:\/\/veredes.es\/blog\/wp-content\/uploads\/2013\/07\/La-inteligencia-del-deseo-Miquel-Lacasta-Mapa-Para-el-Deseo-2008obra-del-artista-Fredy-Quinayas.jpg","contentUrl":"https:\/\/veredes.es\/blog\/wp-content\/uploads\/2013\/07\/La-inteligencia-del-deseo-Miquel-Lacasta-Mapa-Para-el-Deseo-2008obra-del-artista-Fredy-Quinayas.jpg","width":1200,"height":735,"caption":"Mapa Para el Deseo, 2008,obra del artista Fredy Quinayas | Fuente: desdeelmalestar.wordpress.com"},{"@type":"BreadcrumbList","@id":"https:\/\/veredes.es\/blog\/la-inteligencia-del-deseo-miquel-lacasta\/#breadcrumb","itemListElement":[{"@type":"ListItem","position":1,"name":"Portada","item":"https:\/\/veredes.es\/blog\/"},{"@type":"ListItem","position":2,"name":"La inteligencia del deseo | Miquel Lacasta"}]},{"@type":"WebSite","@id":"https:\/\/veredes.es\/blog\/#website","url":"https:\/\/veredes.es\/blog\/","name":"veredes, arquitectura y divulgaci\u00f3n","description":"veredes","publisher":{"@id":"https:\/\/veredes.es\/blog\/#organization"},"alternateName":"veredes","potentialAction":[{"@type":"SearchAction","target":{"@type":"EntryPoint","urlTemplate":"https:\/\/veredes.es\/blog\/?s={search_term_string}"},"query-input":{"@type":"PropertyValueSpecification","valueRequired":true,"valueName":"search_term_string"}}],"inLanguage":"es"},{"@type":"Organization","@id":"https:\/\/veredes.es\/blog\/#organization","name":"veredes, arquitectura y divulgaci\u00f3n","alternateName":"veredes","url":"https:\/\/veredes.es\/blog\/","logo":{"@type":"ImageObject","inLanguage":"es","@id":"https:\/\/veredes.es\/blog\/#\/schema\/logo\/image\/","url":"https:\/\/veredes.es\/blog\/wp-content\/uploads\/2021\/12\/veredes-logo-centrado_140x54.png","contentUrl":"https:\/\/veredes.es\/blog\/wp-content\/uploads\/2021\/12\/veredes-logo-centrado_140x54.png","width":140,"height":54,"caption":"veredes, arquitectura y divulgaci\u00f3n"},"image":{"@id":"https:\/\/veredes.es\/blog\/#\/schema\/logo\/image\/"},"sameAs":["https:\/\/www.facebook.com\/veredesArquitecturayDivulgacion\/","https:\/\/x.com\/veredes","https:\/\/instagram.com\/veredes\/","https:\/\/www.linkedin.com\/company\/veredes-arquitectura-y-divulgacion\/","https:\/\/es.pinterest.com\/veredes\/","https:\/\/www.tumblr.com\/veredes"]},{"@type":"Person","@id":"https:\/\/veredes.es\/blog\/#\/schema\/person\/11c5393188d51787b8b13761dea40343","name":"Miquel Lacasta Codorniu","image":{"@type":"ImageObject","inLanguage":"es","@id":"https:\/\/secure.gravatar.com\/avatar\/08c0363dcfecc8314962e22fc525294dd6549dd4a7630af6a4f7053ff640935d?s=96&r=g","url":"https:\/\/secure.gravatar.com\/avatar\/08c0363dcfecc8314962e22fc525294dd6549dd4a7630af6a4f7053ff640935d?s=96&r=g","contentUrl":"https:\/\/secure.gravatar.com\/avatar\/08c0363dcfecc8314962e22fc525294dd6549dd4a7630af6a4f7053ff640935d?s=96&r=g","caption":"Miquel Lacasta Codorniu"},"description":"Es cofundador en ARCHIKUBIK y tambi\u00e9n en @kubik - espacio multidisciplinario. Obtuvo un Ph.D. con honores (cum laude) en ESARQ Universitat Internacional de Catalunya UIC y tambi\u00e9n fue galardonado con el premio especial Ph.D (UIC 2012), M.arch en ESARQ Universitat Internacional de Catalunya, y se gradu\u00f3 como arquitecto en ETSAB Universitat Polit\u00e8cnica de Catalunya . Miquel es profesor asociado en ESARQ desde 1996. Anteriormente, fue profesor en Elisava y Escola LAI, y tambi\u00e9n en programas de postgrado en ETSAB y La Salle. Fue arquitecto en la oficina de Manuel Brullet desde 1989 desde 1995. Ha sido galardonado en \"Taller Barcelona'96. El TGV, una oportunidad por estructurar la periferia \". Fue codirector del taller \"Territorio Virtual, L\u00edmite Urbano\" en ITSEM Guadalajara, M\u00e9xico en 2000 y tambi\u00e9n codirector del taller \"Ravalizar Barcelona\" en ITSEM Guadalajara, M\u00e9xico, y CCNY, Nueva York, EE. UU. En 2002, 2003 y 2004. Gan\u00f3 el premio A + en 2010 por Sunion School en el Best Educational Building, The International Architecture Award 2008 en The Chicago Athenaeum por Colin's House y el primer premio en Corian Prize en 2006. Su obra ha sido expuesta en Barcelona , Madrid, Florencia, Cannes y en Le Pavillon de l'Arsenal en Par\u00eds. Varias publicaciones han sido reconocidas por su trabajo como Quaderns, ON, Arquitectura Plus, Piso, Arquitectura y Dise\u00f1o, El Pa\u00eds, ABC, La Vanguardia, Clar\u00edn, Sole 24 Ore, y otros. Recientemente realiz\u00f3 conferencias en ITSEM Guadalajara, M\u00e9xico, Facolta di Architettura di l'Alghero, Italia, msa M\u00fcnster School of Architecture, M\u00fcnster Alemania, IBM Think Tank en Par\u00eds, Francia, y varias universidades y organizaciones en Espa\u00f1a. Recientemente fue galardonado con el ZAC RN5 en el concurso Vitry-sur-Seine, un Eco-distrito de 255 residencias sociales y privadas y una residencia de estudiantes en Ivry, y 32 apartamentos asistidos para personas mayores en Olesa de Montserrat.","sameAs":["https:\/\/axonometrica.wordpress.com\/","https:\/\/www.facebook.com\/MikelLacastaCodorniu","https:\/\/www.instagram.com\/mikel3\/","https:\/\/www.linkedin.com\/in\/miquel-lacasta-profile\/","https:\/\/x.com\/https:\/\/twitter.com\/miquelacasta"],"url":"https:\/\/veredes.es\/blog\/author\/miquel-lacasta-codorniu\/"}]}},"_links":{"self":[{"href":"https:\/\/veredes.es\/blog\/wp-json\/wp\/v2\/posts\/32620","targetHints":{"allow":["GET"]}}],"collection":[{"href":"https:\/\/veredes.es\/blog\/wp-json\/wp\/v2\/posts"}],"about":[{"href":"https:\/\/veredes.es\/blog\/wp-json\/wp\/v2\/types\/post"}],"author":[{"embeddable":true,"href":"https:\/\/veredes.es\/blog\/wp-json\/wp\/v2\/users\/32"}],"replies":[{"embeddable":true,"href":"https:\/\/veredes.es\/blog\/wp-json\/wp\/v2\/comments?post=32620"}],"version-history":[{"count":0,"href":"https:\/\/veredes.es\/blog\/wp-json\/wp\/v2\/posts\/32620\/revisions"}],"wp:featuredmedia":[{"embeddable":true,"href":"https:\/\/veredes.es\/blog\/wp-json\/wp\/v2\/media\/67594"}],"wp:attachment":[{"href":"https:\/\/veredes.es\/blog\/wp-json\/wp\/v2\/media?parent=32620"}],"wp:term":[{"taxonomy":"category","embeddable":true,"href":"https:\/\/veredes.es\/blog\/wp-json\/wp\/v2\/categories?post=32620"},{"taxonomy":"post_tag","embeddable":true,"href":"https:\/\/veredes.es\/blog\/wp-json\/wp\/v2\/tags?post=32620"}],"curies":[{"name":"wp","href":"https:\/\/api.w.org\/{rel}","templated":true}]}}