{"id":32401,"date":"2013-06-24T06:11:39","date_gmt":"2013-06-24T06:11:39","guid":{"rendered":"http:\/\/veredes.es\/blog\/?p=32401"},"modified":"2024-02-26T10:28:28","modified_gmt":"2024-02-26T09:28:28","slug":"arquitectos-para-el-s-xxi-ii-epr","status":"publish","type":"post","link":"https:\/\/veredes.es\/blog\/arquitectos-para-el-s-xxi-ii-epr\/","title":{"rendered":"Arquitectos para el s. XXI (II) | epR"},"content":{"rendered":"<p>https:\/\/veredes.es\/blog\/arquitectos-para-el-s-xxi-i-epr\/<\/p>\n<p style=\"text-align: justify;\">Cre\u00edamos dif\u00edcil que las cosas empeorasen, pero nos equivoc\u00e1bamos.<\/p>\n<p style=\"text-align: justify;\">A la crisis global se le ha unido en Espa\u00f1a un nuevo marco legal que, tarde o temprano, convertir\u00e1 al arquitecto en una figura prescindible para hacer arquitectura.<\/p>\n<p style=\"text-align: justify;\">Nos queda el consuelo de pensar que <a href=\"https:\/\/veredes.es\/blog\/?s=Chesterton\" target=\"_blank\" rel=\"noopener\">Chesterton<\/a> habr\u00eda encontrado hilarante esta paradoja, o de recordar las palabras de <a href=\"https:\/\/veredes.es\/blog\/?s=Steinberg\" target=\"_blank\" rel=\"noopener\">Steinberg<\/a> cuando aseguraba que <em>estudiar arquitectura es un maravilloso entrenamiento para cualquier cosa\u2026 menos para la arquitectura<\/em>.<\/p>\n<p style=\"text-align: justify;\">Tal vez este sea el \u00faltimo argumento para que los estudiantes de arquitectura no se extingan en los pr\u00f3ximos a\u00f1os.<\/p>\n<figure id=\"attachment_65014\" aria-describedby=\"caption-attachment-65014\" style=\"width: 1200px\" class=\"wp-caption alignnone\"><img loading=\"lazy\" decoding=\"async\" class=\"wp-image-65014 size-full\" title=\"Arquitectos para el s. XXI (II) | epR\" src=\"https:\/\/veredes.es\/blog\/wp-content\/uploads\/2013\/06\/Arquitectos-para-el-s.-XXI-II-epR.jpg\" alt=\"Arquitectos para el s. XXI (II) epR\" width=\"1200\" height=\"1200\" srcset=\"https:\/\/veredes.es\/blog\/wp-content\/uploads\/2013\/06\/Arquitectos-para-el-s.-XXI-II-epR.jpg 1200w, https:\/\/veredes.es\/blog\/wp-content\/uploads\/2013\/06\/Arquitectos-para-el-s.-XXI-II-epR-120x120.jpg 120w, https:\/\/veredes.es\/blog\/wp-content\/uploads\/2013\/06\/Arquitectos-para-el-s.-XXI-II-epR-300x300.jpg 300w, https:\/\/veredes.es\/blog\/wp-content\/uploads\/2013\/06\/Arquitectos-para-el-s.-XXI-II-epR-1024x1024.jpg 1024w, https:\/\/veredes.es\/blog\/wp-content\/uploads\/2013\/06\/Arquitectos-para-el-s.-XXI-II-epR-150x150.jpg 150w\" sizes=\"auto, (max-width: 1200px) 100vw, 1200px\" \/><figcaption id=\"caption-attachment-65014\" class=\"wp-caption-text\"><span style=\"color: #999999;\">Arquitectos para el s. XXI (II) | epR<\/span><\/figcaption><\/figure>\n<p>El primo Ram\u00f3n<br \/>\nPasadena, California, verano de 2013<\/p>\n<p>https:\/\/veredes.es\/blog\/arquitectos-para-el-s-xxi-iii-epr\/<\/p>","protected":false},"excerpt":{"rendered":"<p>https:\/\/veredes.es\/blog\/arquitectos-para-el-s-xxi-i-epr\/ Cre\u00edamos dif\u00edcil que las cosas empeorasen, pero nos equivoc\u00e1bamos. A la crisis global se le ha unido en Espa\u00f1a un nuevo marco legal que, tarde o temprano, convertir\u00e1 al arquitecto en una figura prescindible para hacer arquitectura. Nos queda el consuelo de pensar que Chesterton habr\u00eda encontrado hilarante esta paradoja, o de recordar las [&hellip;]<\/p>\n","protected":false},"author":27,"featured_media":65014,"comment_status":"open","ping_status":"closed","sticky":false,"template":"","format":"standard","meta":{"footnotes":""},"categories":[6506,5951],"tags":[391,5576,392,424,6505,7577,758,6729,815,1697,4798,1103,7478,12374,1241],"class_list":{"0":"post-32401","1":"post","2":"type-post","3":"status-publish","4":"format-standard","5":"has-post-thumbnail","7":"category-nasa","8":"category-slider-principal","9":"tag-crisis","10":"tag-crisis-como-oportunidad","11":"tag-crisis-economica","12":"tag-dibujo","13":"tag-el-primo-ramon","14":"tag-epr","15":"tag-joven-arquitecto","16":"tag-lsp","17":"tag-maestro","18":"tag-modelo","19":"tag-modelo-profesional","20":"tag-profesion","21":"tag-s-xxi","22":"tag-saul-steinberg","23":"tag-sociedad"},"yoast_head":"<!-- This site is optimized with the Yoast SEO plugin v27.5 - https:\/\/yoast.com\/product\/yoast-seo-wordpress\/ -->\n<title>Arquitectos para el s. XXI (II) | epR<\/title>\n<meta name=\"description\" content=\"estudiar\" \/>\n<meta name=\"robots\" content=\"index, follow, max-snippet:-1, max-image-preview:large, max-video-preview:-1\" \/>\n<link rel=\"canonical\" href=\"https:\/\/veredes.es\/blog\/arquitectos-para-el-s-xxi-ii-epr\/\" \/>\n<meta property=\"og:locale\" content=\"es_ES\" \/>\n<meta property=\"og:type\" content=\"article\" \/>\n<meta property=\"og:title\" content=\"Arquitectos para el s. XXI (II) | epR\" \/>\n<meta property=\"og:description\" content=\"estudiar\" \/>\n<meta property=\"og:url\" content=\"https:\/\/veredes.es\/blog\/arquitectos-para-el-s-xxi-ii-epr\/\" \/>\n<meta property=\"og:site_name\" content=\"veredes, arquitectura y divulgaci\u00f3n\" \/>\n<meta property=\"article:publisher\" content=\"https:\/\/www.facebook.com\/veredesArquitecturayDivulgacion\/\" \/>\n<meta property=\"article:published_time\" content=\"2013-06-24T06:11:39+00:00\" \/>\n<meta property=\"article:modified_time\" content=\"2024-02-26T09:28:28+00:00\" \/>\n<meta property=\"og:image\" content=\"https:\/\/veredes.es\/blog\/wp-content\/uploads\/2013\/06\/Arquitectos-para-el-s.-XXI-II-epR.jpg\" \/>\n\t<meta property=\"og:image:width\" content=\"1200\" \/>\n\t<meta property=\"og:image:height\" content=\"1200\" \/>\n\t<meta property=\"og:image:type\" content=\"image\/jpeg\" \/>\n<meta name=\"author\" content=\"el primo Ram\u00f3n\" \/>\n<meta name=\"twitter:card\" content=\"summary_large_image\" \/>\n<meta name=\"twitter:creator\" content=\"@https:\/\/twitter.com\/EPRilustra\" \/>\n<meta name=\"twitter:site\" content=\"@veredes\" \/>\n<meta name=\"twitter:label1\" content=\"Escrito por\" \/>\n\t<meta name=\"twitter:data1\" content=\"el primo Ram\u00f3n\" \/>\n\t<meta name=\"twitter:label2\" content=\"Tiempo de lectura\" \/>\n\t<meta name=\"twitter:data2\" content=\"1 minuto\" \/>\n<script type=\"application\/ld+json\" class=\"yoast-schema-graph\">{\"@context\":\"https:\\\/\\\/schema.org\",\"@graph\":[{\"@type\":\"Article\",\"@id\":\"https:\\\/\\\/veredes.es\\\/blog\\\/arquitectos-para-el-s-xxi-ii-epr\\\/#article\",\"isPartOf\":{\"@id\":\"https:\\\/\\\/veredes.es\\\/blog\\\/arquitectos-para-el-s-xxi-ii-epr\\\/\"},\"author\":{\"name\":\"el primo Ram\u00f3n\",\"@id\":\"https:\\\/\\\/veredes.es\\\/blog\\\/#\\\/schema\\\/person\\\/ff2112676b5181418e0ca7442a0516be\"},\"headline\":\"Arquitectos para el s. XXI (II) | epR\",\"datePublished\":\"2013-06-24T06:11:39+00:00\",\"dateModified\":\"2024-02-26T09:28:28+00:00\",\"mainEntityOfPage\":{\"@id\":\"https:\\\/\\\/veredes.es\\\/blog\\\/arquitectos-para-el-s-xxi-ii-epr\\\/\"},\"wordCount\":363,\"commentCount\":1,\"publisher\":{\"@id\":\"https:\\\/\\\/veredes.es\\\/blog\\\/#organization\"},\"image\":{\"@id\":\"https:\\\/\\\/veredes.es\\\/blog\\\/arquitectos-para-el-s-xxi-ii-epr\\\/#primaryimage\"},\"thumbnailUrl\":\"https:\\\/\\\/veredes.es\\\/blog\\\/wp-content\\\/uploads\\\/2013\\\/06\\\/Arquitectos-para-el-s.-XXI-II-epR.jpg\",\"keywords\":[\"crisis\",\"crisis como oportunidad\",\"crisis econ\u00f3mica\",\"dibujo\",\"el primo Ram\u00f3n\",\"epR\",\"joven arquitecto\",\"lsp\",\"maestro\",\"modelo\",\"modelo profesional\",\"profesi\u00f3n\",\"s. xxi\",\"Saul Steinberg\",\"sociedad\"],\"articleSection\":[\"nasa\",\"slider principal\"],\"inLanguage\":\"es\",\"potentialAction\":[{\"@type\":\"CommentAction\",\"name\":\"Comment\",\"target\":[\"https:\\\/\\\/veredes.es\\\/blog\\\/arquitectos-para-el-s-xxi-ii-epr\\\/#respond\"]}]},{\"@type\":\"WebPage\",\"@id\":\"https:\\\/\\\/veredes.es\\\/blog\\\/arquitectos-para-el-s-xxi-ii-epr\\\/\",\"url\":\"https:\\\/\\\/veredes.es\\\/blog\\\/arquitectos-para-el-s-xxi-ii-epr\\\/\",\"name\":\"Arquitectos para el s. XXI (II) | epR\",\"isPartOf\":{\"@id\":\"https:\\\/\\\/veredes.es\\\/blog\\\/#website\"},\"primaryImageOfPage\":{\"@id\":\"https:\\\/\\\/veredes.es\\\/blog\\\/arquitectos-para-el-s-xxi-ii-epr\\\/#primaryimage\"},\"image\":{\"@id\":\"https:\\\/\\\/veredes.es\\\/blog\\\/arquitectos-para-el-s-xxi-ii-epr\\\/#primaryimage\"},\"thumbnailUrl\":\"https:\\\/\\\/veredes.es\\\/blog\\\/wp-content\\\/uploads\\\/2013\\\/06\\\/Arquitectos-para-el-s.-XXI-II-epR.jpg\",\"datePublished\":\"2013-06-24T06:11:39+00:00\",\"dateModified\":\"2024-02-26T09:28:28+00:00\",\"description\":\"estudiar\",\"breadcrumb\":{\"@id\":\"https:\\\/\\\/veredes.es\\\/blog\\\/arquitectos-para-el-s-xxi-ii-epr\\\/#breadcrumb\"},\"inLanguage\":\"es\",\"potentialAction\":[{\"@type\":\"ReadAction\",\"target\":[\"https:\\\/\\\/veredes.es\\\/blog\\\/arquitectos-para-el-s-xxi-ii-epr\\\/\"]}]},{\"@type\":\"ImageObject\",\"inLanguage\":\"es\",\"@id\":\"https:\\\/\\\/veredes.es\\\/blog\\\/arquitectos-para-el-s-xxi-ii-epr\\\/#primaryimage\",\"url\":\"https:\\\/\\\/veredes.es\\\/blog\\\/wp-content\\\/uploads\\\/2013\\\/06\\\/Arquitectos-para-el-s.-XXI-II-epR.jpg\",\"contentUrl\":\"https:\\\/\\\/veredes.es\\\/blog\\\/wp-content\\\/uploads\\\/2013\\\/06\\\/Arquitectos-para-el-s.-XXI-II-epR.jpg\",\"width\":1200,\"height\":1200},{\"@type\":\"BreadcrumbList\",\"@id\":\"https:\\\/\\\/veredes.es\\\/blog\\\/arquitectos-para-el-s-xxi-ii-epr\\\/#breadcrumb\",\"itemListElement\":[{\"@type\":\"ListItem\",\"position\":1,\"name\":\"Portada\",\"item\":\"https:\\\/\\\/veredes.es\\\/blog\\\/\"},{\"@type\":\"ListItem\",\"position\":2,\"name\":\"Arquitectos para el s. XXI (II) | epR\"}]},{\"@type\":\"WebSite\",\"@id\":\"https:\\\/\\\/veredes.es\\\/blog\\\/#website\",\"url\":\"https:\\\/\\\/veredes.es\\\/blog\\\/\",\"name\":\"veredes, arquitectura y divulgaci\u00f3n\",\"description\":\"veredes\",\"publisher\":{\"@id\":\"https:\\\/\\\/veredes.es\\\/blog\\\/#organization\"},\"alternateName\":\"veredes\",\"potentialAction\":[{\"@type\":\"SearchAction\",\"target\":{\"@type\":\"EntryPoint\",\"urlTemplate\":\"https:\\\/\\\/veredes.es\\\/blog\\\/?s={search_term_string}\"},\"query-input\":{\"@type\":\"PropertyValueSpecification\",\"valueRequired\":true,\"valueName\":\"search_term_string\"}}],\"inLanguage\":\"es\"},{\"@type\":\"Organization\",\"@id\":\"https:\\\/\\\/veredes.es\\\/blog\\\/#organization\",\"name\":\"veredes, arquitectura y divulgaci\u00f3n\",\"alternateName\":\"veredes\",\"url\":\"https:\\\/\\\/veredes.es\\\/blog\\\/\",\"logo\":{\"@type\":\"ImageObject\",\"inLanguage\":\"es\",\"@id\":\"https:\\\/\\\/veredes.es\\\/blog\\\/#\\\/schema\\\/logo\\\/image\\\/\",\"url\":\"https:\\\/\\\/veredes.es\\\/blog\\\/wp-content\\\/uploads\\\/2021\\\/12\\\/veredes-logo-centrado_140x54.png\",\"contentUrl\":\"https:\\\/\\\/veredes.es\\\/blog\\\/wp-content\\\/uploads\\\/2021\\\/12\\\/veredes-logo-centrado_140x54.png\",\"width\":140,\"height\":54,\"caption\":\"veredes, arquitectura y divulgaci\u00f3n\"},\"image\":{\"@id\":\"https:\\\/\\\/veredes.es\\\/blog\\\/#\\\/schema\\\/logo\\\/image\\\/\"},\"sameAs\":[\"https:\\\/\\\/www.facebook.com\\\/veredesArquitecturayDivulgacion\\\/\",\"https:\\\/\\\/x.com\\\/veredes\",\"https:\\\/\\\/instagram.com\\\/veredes\\\/\",\"https:\\\/\\\/www.linkedin.com\\\/company\\\/veredes-arquitectura-y-divulgacion\\\/\",\"https:\\\/\\\/es.pinterest.com\\\/veredes\\\/\",\"https:\\\/\\\/www.tumblr.com\\\/veredes\"]},{\"@type\":\"Person\",\"@id\":\"https:\\\/\\\/veredes.es\\\/blog\\\/#\\\/schema\\\/person\\\/ff2112676b5181418e0ca7442a0516be\",\"name\":\"el primo Ram\u00f3n\",\"image\":{\"@type\":\"ImageObject\",\"inLanguage\":\"es\",\"@id\":\"https:\\\/\\\/veredes.es\\\/blog\\\/wp-content\\\/uploads\\\/2018\\\/04\\\/epRilustra-96x96.jpg\",\"url\":\"https:\\\/\\\/veredes.es\\\/blog\\\/wp-content\\\/uploads\\\/2018\\\/04\\\/epRilustra-96x96.jpg\",\"contentUrl\":\"https:\\\/\\\/veredes.es\\\/blog\\\/wp-content\\\/uploads\\\/2018\\\/04\\\/epRilustra-96x96.jpg\",\"caption\":\"el primo Ram\u00f3n\"},\"description\":\"Nadie sabe con certeza qui\u00e9n es el primo Ram\u00f3n. Muchos creen que Ram\u00f3n naci\u00f3 en alg\u00fan lugar de Galicia, aunque pronto los azares de la vida le obligaron a cruzar el Atl\u00e1ntico. Afincado en Buenos Aires, y tras fracasar en su intento de ganarse la vida como lateral izquierdo de Ferro Carril Oeste y como bajista de Los Desconocidos de Siempre, aprendi\u00f3 el oficio de ilustrador en un pu\u00f1ado de talleres del barrio de San Telmo. Otros opinan que tras el seud\u00f3nimo se esconde Borja L\u00f3pez Cotelo, un arquitecto que ante la pertinaz insistencia del editor jefe Veredes comenz\u00f3 a publicar ilustraciones hasta que una ma\u00f1ana, como el malogrado Gregor Samsa, se despert\u00f3 despu\u00e9s de un sue\u00f1o intranquilo convertido en un monstruoso ilustrador. Aunque esta versi\u00f3n no parece muy veros\u00edmil. Tal vez por eso hay quien asegura que, en realidad, Ram\u00f3n ni siquiera es una persona sino dos, tres o incluso un equipo tumultuoso y variopinto como la tripulaci\u00f3n del Pequod.\",\"sameAs\":[\"https:\\\/\\\/elprimoramon.com\\\/\",\"https:\\\/\\\/www.instagram.com\\\/eprilustra\\\/\",\"https:\\\/\\\/x.com\\\/https:\\\/\\\/twitter.com\\\/EPRilustra\"],\"url\":\"https:\\\/\\\/veredes.es\\\/blog\\\/author\\\/eprilustra\\\/\"}]}<\/script>\n<!-- \/ Yoast SEO plugin. -->","yoast_head_json":{"title":"Arquitectos para el s. XXI (II) | epR","description":"estudiar","robots":{"index":"index","follow":"follow","max-snippet":"max-snippet:-1","max-image-preview":"max-image-preview:large","max-video-preview":"max-video-preview:-1"},"canonical":"https:\/\/veredes.es\/blog\/arquitectos-para-el-s-xxi-ii-epr\/","og_locale":"es_ES","og_type":"article","og_title":"Arquitectos para el s. XXI (II) | epR","og_description":"estudiar","og_url":"https:\/\/veredes.es\/blog\/arquitectos-para-el-s-xxi-ii-epr\/","og_site_name":"veredes, arquitectura y divulgaci\u00f3n","article_publisher":"https:\/\/www.facebook.com\/veredesArquitecturayDivulgacion\/","article_published_time":"2013-06-24T06:11:39+00:00","article_modified_time":"2024-02-26T09:28:28+00:00","og_image":[{"width":1200,"height":1200,"url":"https:\/\/veredes.es\/blog\/wp-content\/uploads\/2013\/06\/Arquitectos-para-el-s.-XXI-II-epR.jpg","type":"image\/jpeg"}],"author":"el primo Ram\u00f3n","twitter_card":"summary_large_image","twitter_creator":"@https:\/\/twitter.com\/EPRilustra","twitter_site":"@veredes","twitter_misc":{"Escrito por":"el primo Ram\u00f3n","Tiempo de lectura":"1 minuto"},"schema":{"@context":"https:\/\/schema.org","@graph":[{"@type":"Article","@id":"https:\/\/veredes.es\/blog\/arquitectos-para-el-s-xxi-ii-epr\/#article","isPartOf":{"@id":"https:\/\/veredes.es\/blog\/arquitectos-para-el-s-xxi-ii-epr\/"},"author":{"name":"el primo Ram\u00f3n","@id":"https:\/\/veredes.es\/blog\/#\/schema\/person\/ff2112676b5181418e0ca7442a0516be"},"headline":"Arquitectos para el s. XXI (II) | epR","datePublished":"2013-06-24T06:11:39+00:00","dateModified":"2024-02-26T09:28:28+00:00","mainEntityOfPage":{"@id":"https:\/\/veredes.es\/blog\/arquitectos-para-el-s-xxi-ii-epr\/"},"wordCount":363,"commentCount":1,"publisher":{"@id":"https:\/\/veredes.es\/blog\/#organization"},"image":{"@id":"https:\/\/veredes.es\/blog\/arquitectos-para-el-s-xxi-ii-epr\/#primaryimage"},"thumbnailUrl":"https:\/\/veredes.es\/blog\/wp-content\/uploads\/2013\/06\/Arquitectos-para-el-s.-XXI-II-epR.jpg","keywords":["crisis","crisis como oportunidad","crisis econ\u00f3mica","dibujo","el primo Ram\u00f3n","epR","joven arquitecto","lsp","maestro","modelo","modelo profesional","profesi\u00f3n","s. xxi","Saul Steinberg","sociedad"],"articleSection":["nasa","slider principal"],"inLanguage":"es","potentialAction":[{"@type":"CommentAction","name":"Comment","target":["https:\/\/veredes.es\/blog\/arquitectos-para-el-s-xxi-ii-epr\/#respond"]}]},{"@type":"WebPage","@id":"https:\/\/veredes.es\/blog\/arquitectos-para-el-s-xxi-ii-epr\/","url":"https:\/\/veredes.es\/blog\/arquitectos-para-el-s-xxi-ii-epr\/","name":"Arquitectos para el s. XXI (II) | epR","isPartOf":{"@id":"https:\/\/veredes.es\/blog\/#website"},"primaryImageOfPage":{"@id":"https:\/\/veredes.es\/blog\/arquitectos-para-el-s-xxi-ii-epr\/#primaryimage"},"image":{"@id":"https:\/\/veredes.es\/blog\/arquitectos-para-el-s-xxi-ii-epr\/#primaryimage"},"thumbnailUrl":"https:\/\/veredes.es\/blog\/wp-content\/uploads\/2013\/06\/Arquitectos-para-el-s.-XXI-II-epR.jpg","datePublished":"2013-06-24T06:11:39+00:00","dateModified":"2024-02-26T09:28:28+00:00","description":"estudiar","breadcrumb":{"@id":"https:\/\/veredes.es\/blog\/arquitectos-para-el-s-xxi-ii-epr\/#breadcrumb"},"inLanguage":"es","potentialAction":[{"@type":"ReadAction","target":["https:\/\/veredes.es\/blog\/arquitectos-para-el-s-xxi-ii-epr\/"]}]},{"@type":"ImageObject","inLanguage":"es","@id":"https:\/\/veredes.es\/blog\/arquitectos-para-el-s-xxi-ii-epr\/#primaryimage","url":"https:\/\/veredes.es\/blog\/wp-content\/uploads\/2013\/06\/Arquitectos-para-el-s.-XXI-II-epR.jpg","contentUrl":"https:\/\/veredes.es\/blog\/wp-content\/uploads\/2013\/06\/Arquitectos-para-el-s.-XXI-II-epR.jpg","width":1200,"height":1200},{"@type":"BreadcrumbList","@id":"https:\/\/veredes.es\/blog\/arquitectos-para-el-s-xxi-ii-epr\/#breadcrumb","itemListElement":[{"@type":"ListItem","position":1,"name":"Portada","item":"https:\/\/veredes.es\/blog\/"},{"@type":"ListItem","position":2,"name":"Arquitectos para el s. XXI (II) | epR"}]},{"@type":"WebSite","@id":"https:\/\/veredes.es\/blog\/#website","url":"https:\/\/veredes.es\/blog\/","name":"veredes, arquitectura y divulgaci\u00f3n","description":"veredes","publisher":{"@id":"https:\/\/veredes.es\/blog\/#organization"},"alternateName":"veredes","potentialAction":[{"@type":"SearchAction","target":{"@type":"EntryPoint","urlTemplate":"https:\/\/veredes.es\/blog\/?s={search_term_string}"},"query-input":{"@type":"PropertyValueSpecification","valueRequired":true,"valueName":"search_term_string"}}],"inLanguage":"es"},{"@type":"Organization","@id":"https:\/\/veredes.es\/blog\/#organization","name":"veredes, arquitectura y divulgaci\u00f3n","alternateName":"veredes","url":"https:\/\/veredes.es\/blog\/","logo":{"@type":"ImageObject","inLanguage":"es","@id":"https:\/\/veredes.es\/blog\/#\/schema\/logo\/image\/","url":"https:\/\/veredes.es\/blog\/wp-content\/uploads\/2021\/12\/veredes-logo-centrado_140x54.png","contentUrl":"https:\/\/veredes.es\/blog\/wp-content\/uploads\/2021\/12\/veredes-logo-centrado_140x54.png","width":140,"height":54,"caption":"veredes, arquitectura y divulgaci\u00f3n"},"image":{"@id":"https:\/\/veredes.es\/blog\/#\/schema\/logo\/image\/"},"sameAs":["https:\/\/www.facebook.com\/veredesArquitecturayDivulgacion\/","https:\/\/x.com\/veredes","https:\/\/instagram.com\/veredes\/","https:\/\/www.linkedin.com\/company\/veredes-arquitectura-y-divulgacion\/","https:\/\/es.pinterest.com\/veredes\/","https:\/\/www.tumblr.com\/veredes"]},{"@type":"Person","@id":"https:\/\/veredes.es\/blog\/#\/schema\/person\/ff2112676b5181418e0ca7442a0516be","name":"el primo Ram\u00f3n","image":{"@type":"ImageObject","inLanguage":"es","@id":"https:\/\/veredes.es\/blog\/wp-content\/uploads\/2018\/04\/epRilustra-96x96.jpg","url":"https:\/\/veredes.es\/blog\/wp-content\/uploads\/2018\/04\/epRilustra-96x96.jpg","contentUrl":"https:\/\/veredes.es\/blog\/wp-content\/uploads\/2018\/04\/epRilustra-96x96.jpg","caption":"el primo Ram\u00f3n"},"description":"Nadie sabe con certeza qui\u00e9n es el primo Ram\u00f3n. Muchos creen que Ram\u00f3n naci\u00f3 en alg\u00fan lugar de Galicia, aunque pronto los azares de la vida le obligaron a cruzar el Atl\u00e1ntico. Afincado en Buenos Aires, y tras fracasar en su intento de ganarse la vida como lateral izquierdo de Ferro Carril Oeste y como bajista de Los Desconocidos de Siempre, aprendi\u00f3 el oficio de ilustrador en un pu\u00f1ado de talleres del barrio de San Telmo. Otros opinan que tras el seud\u00f3nimo se esconde Borja L\u00f3pez Cotelo, un arquitecto que ante la pertinaz insistencia del editor jefe Veredes comenz\u00f3 a publicar ilustraciones hasta que una ma\u00f1ana, como el malogrado Gregor Samsa, se despert\u00f3 despu\u00e9s de un sue\u00f1o intranquilo convertido en un monstruoso ilustrador. Aunque esta versi\u00f3n no parece muy veros\u00edmil. Tal vez por eso hay quien asegura que, en realidad, Ram\u00f3n ni siquiera es una persona sino dos, tres o incluso un equipo tumultuoso y variopinto como la tripulaci\u00f3n del Pequod.","sameAs":["https:\/\/elprimoramon.com\/","https:\/\/www.instagram.com\/eprilustra\/","https:\/\/x.com\/https:\/\/twitter.com\/EPRilustra"],"url":"https:\/\/veredes.es\/blog\/author\/eprilustra\/"}]}},"_links":{"self":[{"href":"https:\/\/veredes.es\/blog\/wp-json\/wp\/v2\/posts\/32401","targetHints":{"allow":["GET"]}}],"collection":[{"href":"https:\/\/veredes.es\/blog\/wp-json\/wp\/v2\/posts"}],"about":[{"href":"https:\/\/veredes.es\/blog\/wp-json\/wp\/v2\/types\/post"}],"author":[{"embeddable":true,"href":"https:\/\/veredes.es\/blog\/wp-json\/wp\/v2\/users\/27"}],"replies":[{"embeddable":true,"href":"https:\/\/veredes.es\/blog\/wp-json\/wp\/v2\/comments?post=32401"}],"version-history":[{"count":0,"href":"https:\/\/veredes.es\/blog\/wp-json\/wp\/v2\/posts\/32401\/revisions"}],"wp:featuredmedia":[{"embeddable":true,"href":"https:\/\/veredes.es\/blog\/wp-json\/wp\/v2\/media\/65014"}],"wp:attachment":[{"href":"https:\/\/veredes.es\/blog\/wp-json\/wp\/v2\/media?parent=32401"}],"wp:term":[{"taxonomy":"category","embeddable":true,"href":"https:\/\/veredes.es\/blog\/wp-json\/wp\/v2\/categories?post=32401"},{"taxonomy":"post_tag","embeddable":true,"href":"https:\/\/veredes.es\/blog\/wp-json\/wp\/v2\/tags?post=32401"}],"curies":[{"name":"wp","href":"https:\/\/api.w.org\/{rel}","templated":true}]}}