{"id":32394,"date":"2013-06-22T06:51:07","date_gmt":"2013-06-22T04:51:07","guid":{"rendered":"http:\/\/veredes.es\/blog\/?p=32394"},"modified":"2023-12-04T12:37:48","modified_gmt":"2023-12-04T11:37:48","slug":"estudiar-arquitectura-jose-ramon-hernandez-correa","status":"publish","type":"post","link":"https:\/\/veredes.es\/blog\/estudiar-arquitectura-jose-ramon-hernandez-correa\/","title":{"rendered":"\u00bfEstudiar Arquitectura? | Jos\u00e9 Ram\u00f3n Hern\u00e1ndez Correa"},"content":{"rendered":"<p><\/p>\n<p style=\"text-align: justify;\">Creo que a estas alturas los lectores de este blog ya sabr\u00e9is que el <strong>Gobierno de Espa\u00f1a<\/strong> prepara una ley (la de Servicios Profesionales, o LSP) que, entre otras cosas, permitir\u00e1 a los ingenieros el ejercicio de la arquitectura.<\/p>\n<p style=\"text-align: justify;\">(Acabamos de enterarnos de que aplazan su aprobaci\u00f3n: Prolongan nuestra agon\u00eda).<\/p>\n<p style=\"text-align: justify;\">El borrador de esa ley quiere hacer patente que no existe distinci\u00f3n entre edificaci\u00f3n, construcci\u00f3n y arquitectura, y razona que si un ingeniero sabe hacer una nave tiene que saber hacer una casa.<\/p>\n<p style=\"text-align: justify;\">Surge entonces una duda inmediata: Si un ingeniero va a poder hacer lo suyo y adem\u00e1s lo del arquitecto, mientras que un arquitecto seguir\u00e1 sin poder hacer lo del ingeniero, \u00bfpara qu\u00e9 estudiar Arquitectura?<\/p>\n<figure id=\"attachment_32395\" aria-describedby=\"caption-attachment-32395\" style=\"width: 750px\" class=\"wp-caption alignnone\"><a href=\"http:\/\/veredes.es\/blog\/wp-content\/uploads\/2013\/06\/ETSAM1.jpg\"><img loading=\"lazy\" decoding=\"async\" class=\"wp-image-32395\" title=\"\u00bfEstudiar Arquitectura? | Jos\u00e9 Ram\u00f3n Hern\u00e1ndez Correa\" src=\"http:\/\/veredes.es\/blog\/wp-content\/uploads\/2013\/06\/ETSAM1.jpg\" alt=\"\u00bfEstudiar Arquitectura? | Jos\u00e9 Ram\u00f3n Hern\u00e1ndez Correa\" width=\"750\" height=\"498\" srcset=\"https:\/\/veredes.es\/blog\/wp-content\/uploads\/2013\/06\/ETSAM1.jpg 620w, https:\/\/veredes.es\/blog\/wp-content\/uploads\/2013\/06\/ETSAM1-300x199.jpg 300w, https:\/\/veredes.es\/blog\/wp-content\/uploads\/2013\/06\/ETSAM1-160x105.jpg 160w\" sizes=\"auto, (max-width: 750px) 100vw, 750px\" \/><\/a><figcaption id=\"caption-attachment-32395\" class=\"wp-caption-text\"><span style=\"color: #888888;\">ETSAM | wikipedia.org<\/span><\/figcaption><\/figure>\n<p style=\"text-align: justify;\">Se me ocurren muchas l\u00edneas de comentarios, pero todas ellas han sido mucho mejor desarrolladas por elocuentes compa\u00f1eros. As\u00ed que tiro por otro sitio.<\/p>\n<p style=\"text-align: justify;\">Tengo dos hijos, y ninguno de ellos est\u00e1 ni remotamente interesado en ser arquitecto. Pero, si les hubiera atra\u00eddo la arquitectura, \u00bfqu\u00e9 les podr\u00eda decir?, \u00bfc\u00f3mo les aconsejar\u00eda? Uf, qu\u00e9 dif\u00edcil.<\/p>\n<p style=\"text-align: justify;\">El sentido com\u00fan dice que estudiar arquitectura es in\u00fatil, es una aut\u00e9ntica p\u00e9rdida de tiempo.<\/p>\n<p style=\"text-align: justify;\">Pero recuerdo mi ya lejana carrera (la termin\u00e9 en 1985) y me vienen a la mente unas cuantas im\u00e1genes, ideas y recuerdos deslavazados:<\/p>\n<p style=\"text-align: justify; padding-left: 40px;\"><strong>a)<\/strong> <strong>Fullaondo<\/strong> cont\u00e1ndonos su viaje a Finlandia con <strong><a href=\"http:\/\/es.wikipedia.org\/wiki\/Rafael_Moneo\">Moneo<\/a><\/strong>, para visitar a <strong><a href=\"http:\/\/es.wikipedia.org\/wiki\/Alvar_Aalto\">Alvar Aalto<\/a><\/strong>. Le llevaron una caja de 12 botellas de Rioja. Se las bebieron de una sentada entre los tres. (O entre los cuatro. Aalto le serv\u00eda vino al fantasma de su esposa fallecida hac\u00eda poco, que ten\u00eda su silla, su plato, sus cubiertos, etc).<\/p>\n<p style=\"text-align: justify; padding-left: 40px;\"><strong>b)<\/strong> <strong><a href=\"http:\/\/es.wikipedia.org\/wiki\/Francisco_Javier_S%C3%A1enz_de_Oiza\">O\u00edza<\/a><\/strong> subi\u00e9ndose las gafas a la frente y cont\u00e1ndonos por qu\u00e9 una casa ten\u00eda que ser ca\u00f3tica mientras que el Aeropuerto de Barajas ten\u00eda que ser ordenado, y representando su carrera con maletas y su suegra corriendo detr\u00e1s de \u00e9l.<\/p>\n<p style=\"text-align: justify; padding-left: 40px;\"><strong>c)<\/strong> <strong>Aroca<\/strong> cont\u00e1ndonos que <em>El Incre\u00edble Hombre Menguante<\/em> no deber\u00eda de tener miedo de la ara\u00f1a, puesto que la secci\u00f3n de sus piernas s\u00f3lo hab\u00eda disminuido al cuadrado, mientras que su peso hab\u00eda disminuido al cubo, por lo que ten\u00eda una gran capacidad para saltar y escapar por las escaleras.<\/p>\n<p style=\"text-align: justify; padding-left: 40px;\"><strong>d)<\/strong> <strong><a href=\"http:\/\/es.scribd.com\/doc\/23504656\/Curso-Aplicado-de-Cimentaciones-Colegio-Arquitectos-Madrid\">Jos\u00e9 Mar\u00eda Rodr\u00edguez Ortiz<\/a><\/strong>, catedr\u00e1tico de <em>Mec\u00e1nica del Suelo<\/em>, ingeniero de caminos, dolido porque su hijo hab\u00eda elegido estudiar arquitectura. Hombre de muy fino y mordaz humor y de una socarroner\u00eda estupenda. Recuerdo que viendo en su clase unas diapositivas de un replanteo de zapatas en un terreno embarrado me entraron las mayores ganas de construir, de rebozarme en el barro, que he tenido en mi vida. Fue un momento epif\u00e1nico. A\u00f1os despu\u00e9s he hecho muchos replanteos en barro, en polvo seco, en terragueros diversos, y no es tan apasionante.<\/p>\n<p style=\"text-align: justify; padding-left: 40px;\"><strong>e)<\/strong> <strong>Juli\u00e1n<\/strong>, el del bar, y sus s\u00e1ndwiches de escabeche (y naturalmente, sus pinchos de tortilla).<\/p>\n<p style=\"text-align: justify; padding-left: 40px;\"><strong>f)<\/strong> El juego de la peseta, en las mesas del mencionado bar, y el juego de la pocha, en alguna clase vac\u00eda de arriba.<\/p>\n<p style=\"text-align: justify; padding-left: 40px;\"><strong>g)<\/strong> Mi amigo <strong>Emilio Garc\u00eda Alonso<\/strong>, y tantas discusiones. Una (m\u00edtica entre nosotros) sobre cu\u00e1l iba a ser nuestro futuro. Yo lo ve\u00eda muy f\u00e1cil: Poner un r\u00f3tulo en el portal de mi casa (la de mis padres) y empezar a recibir encargos. (Curiosamente fue as\u00ed, pero sin r\u00f3tulo).<\/p>\n<p style=\"text-align: justify; padding-left: 40px;\"><strong>h)<\/strong> Discusiones en el bar, con Emilio, Paco, Iv\u00e1n, etc, sobre la planta de la Casa Farnsworth. \u00abYo ah\u00ed no podr\u00eda vivir\u00bb. \u00abTodo el mundo necesita intimidad\u00bb. Etc.<\/p>\n<p style=\"text-align: justify; padding-left: 40px;\"><strong>i)<\/strong> <strong><a href=\"http:\/\/es.wikipedia.org\/wiki\/Javier_Carvajal_Ferrer\">Carvajal<\/a><\/strong> corrigiendo en p\u00fablico un proyecto de un alumno. (Me pareci\u00f3 muy cruel la paliza que le peg\u00f3, y que su profesor, que hab\u00eda propuesto el trabajo como digno de correcci\u00f3n magistral, no le echara una mano). Tambi\u00e9n fue fant\u00e1stico c\u00f3mo desmenuz\u00f3 la funci\u00f3n de la casa y la ubicaci\u00f3n del garaje respecto a la puerta principal.<\/p>\n<p style=\"text-align: justify; padding-left: 40px;\"><strong>j)<\/strong> <strong><a href=\"http:\/\/es.wikipedia.org\/wiki\/Corrales_y_Molez%C3%BAn\">Corrales y Molez\u00fan<\/a><\/strong> en el <em>Johnny<\/em>, explicando el Pabell\u00f3n de Bruselas. \u00abY se nos ocurri\u00f3 que la pieza resolv\u00eda la estructura, la cubierta y el desag\u00fce al mismo tiempo. \u00bfC\u00f3mo es que se nos ocurri\u00f3 esto, Ram\u00f3n?\u00bb \u00ab\u00a1Y yo qu\u00e9 s\u00e9!\u00bb (Risas de Molez\u00fan y de todo el p\u00fablico). \u00abCreo que \u00edbamos en el tren y dejaste el paraguas en el asiento\u00bb. Y de nuevo, muchos a\u00f1os despu\u00e9s, Corrales solo (Molez\u00fan estaba ya enfermo) nos lo volvi\u00f3 a explicar en la Escuela, con unas enormes diapositivas.<\/p>\n<figure id=\"attachment_41928\" aria-describedby=\"caption-attachment-41928\" style=\"width: 620px\" class=\"wp-caption alignnone\"><a href=\"http:\/\/veredes.es\/blog\/wp-content\/uploads\/2013\/06\/Corrales.jpg\"><img loading=\"lazy\" decoding=\"async\" class=\" wp-image-41928\" title=\"Corrales\" src=\"http:\/\/veredes.es\/blog\/wp-content\/uploads\/2013\/06\/Corrales.jpg\" alt=\"\" width=\"620\" height=\"616\" srcset=\"https:\/\/veredes.es\/blog\/wp-content\/uploads\/2013\/06\/Corrales.jpg 593w, https:\/\/veredes.es\/blog\/wp-content\/uploads\/2013\/06\/Corrales-150x150.jpg 150w, https:\/\/veredes.es\/blog\/wp-content\/uploads\/2013\/06\/Corrales-300x298.jpg 300w, https:\/\/veredes.es\/blog\/wp-content\/uploads\/2013\/06\/Corrales-120x120.jpg 120w\" sizes=\"auto, (max-width: 620px) 100vw, 620px\" \/><\/a><figcaption id=\"caption-attachment-41928\" class=\"wp-caption-text\"><span style=\"color: #888888;\">Corrales y Molezum, arquitectura<\/span><\/figcaption><\/figure>\n<p style=\"text-align: justify; padding-left: 40px;\"><strong>k)<\/strong> Un profesor de <em>Elementos de Composici\u00f3n<\/em> (era la asignatura que serv\u00eda de introducci\u00f3n a <em>Proyectos<\/em>, y se me dio muy mal la primera vez) pregunt\u00e1ndome qu\u00e9 tal iba en las te\u00f3ricas (muy bien) y proponi\u00e9ndome que dejara la carrera y cursara alguna ingenier\u00eda. Me recuerdo llorando en casa a mis veintipocos a\u00f1os.<\/p>\n<p style=\"text-align: justify; padding-left: 40px;\"><strong>l)<\/strong>\u00a0<strong><a href=\"http:\/\/en.wikipedia.org\/wiki\/L%C3%A9on_Krier\">Leon Krier<\/a><\/strong> (el mentor arquitect\u00f3nico del <strong><a href=\"http:\/\/es.wikipedia.org\/wiki\/Carlos_de_Gales\">Pr\u00edncipe Carlos de Inglaterra<\/a><\/strong>) vino a Madrid y dijo que Alvar Aalto y <strong><a href=\"http:\/\/www.carloscarpa.es\/\">Carlo Scarpa<\/a><\/strong> eran arquitectos mediocres. \u00a1La que se arm\u00f3!<\/p>\n<p style=\"text-align: justify; padding-left: 40px;\"><strong>m)<\/strong> En la c\u00e1tedra de Carvajal pusieron como ejercicio hacerle una casa a <strong><a href=\"http:\/\/es.wikipedia.org\/wiki\/Camilo_Jos%C3%A9_Cela\">Cela<\/a><\/strong>, y vino Cela a explicar c\u00f3mo la quer\u00eda. Imposible asistir a su conferencia. Cientos y cientos de personas apretuj\u00e1ndose.<\/p>\n<p style=\"text-align: justify; padding-left: 40px;\"><strong>n)<\/strong> El puesto de libros de Cristina, abajo, al pie de la escalera, ah\u00ed en medio, al paso.<\/p>\n<p style=\"text-align: justify; padding-left: 40px;\"><strong>\u00f1)<\/strong> Hablar de <strong><a href=\"http:\/\/es.wikipedia.org\/wiki\/Le_Corbusier\">Le Corbusier<\/a><\/strong> y de <strong><a href=\"http:\/\/es.wikipedia.org\/wiki\/Frank_Lloyd_Wright\">Frank Lloyd Wright<\/a><\/strong>\u00a0por los codos, hasta con mi novia, que estudiaba Medicina. Pasiones encontradas.<\/p>\n<p style=\"text-align: justify; padding-left: 40px;\"><strong>o)<\/strong> Moneo sujet\u00e1ndose la frente como si le doliera mucho la cabeza, y hablando del \u00c9xtasis de Santa Teresa, de <strong><a href=\"http:\/\/es.wikipedia.org\/wiki\/Bernini\">Bernini<\/a><\/strong>, con verdadero esfuerzo.<\/p>\n<p style=\"text-align: justify; padding-left: 40px;\"><strong>p)<\/strong> O\u00edza (otra vez) hablando de la cuberter\u00eda danesa que se compr\u00f3, y que no funcionaba (porque pretend\u00eda comer comida espa\u00f1ola con ella).<\/p>\n<p style=\"text-align: justify; padding-left: 40px;\"><strong>q)<\/strong> Gallinas sueltas en clase de <em>An\u00e1lisis de Formas<\/em>, cag\u00e1ndose por todas partes, y los profesores dici\u00e9ndonos que no las dibuj\u00e1ramos a ellas, sino a su esp\u00edritu. (Esto de \u00abpintar el esp\u00edritu de la gallina\u00bb se ha dicho mucho en la escuela como si fuera una leyenda, pero yo certifico que es rigurosamente cierto). Pintar el miedo, pintar un concierto de rock. No entender nada.<\/p>\n<p style=\"text-align: justify; padding-left: 40px;\"><strong>r)<\/strong> Mi amigo <strong>Carlos Gonz\u00e1lez Tausz<\/strong> y yo, aburridos en la clase de <em>An\u00e1lisis<\/em>. \u00ab\u00bfQu\u00e9 hacemos?\u00bb \u00ab\u00bfNos pegamos en el campo de rugby?\u00bb \u00abVale\u00bb. Bajamos al campo, me dio un empuj\u00f3n y me tir\u00f3 al suelo. Me dio la risa. Se ech\u00f3 sobre m\u00ed y nos dio m\u00e1s risa. \u00ab\u00bfTe vale?\u00bb \u00abS\u00ed. Me rindo\u00bb. (Qu\u00e9 bien dibujaba. Qu\u00e9 cabr\u00f3n).<\/p>\n<p style=\"text-align: justify; padding-left: 40px;\"><strong>s)<\/strong> No tener dinero en una carrera cara. Calcar los \u00e1rboles, coches, etc, de <em>letraset<\/em> para no gastarlos.<\/p>\n<p style=\"text-align: justify; padding-left: 40px;\"><strong>t)<\/strong> Ir al SIMO a echar la tarde como un idiota porque <em>Rotring<\/em> te regalaba un tubo de cart\u00f3n y <em>Roca<\/em> una plantilla de aparatos sanitarios. No llegar a tiempo de la plantilla. Agotadas.<\/p>\n<p style=\"text-align: justify; padding-left: 40px;\"><strong>u)<\/strong> Adorar <em>Blade Runner <\/em>porque sale una casa de Frank Lloyd Wright.<\/p>\n<p style=\"text-align: justify; padding-left: 40px;\"><strong>v)<\/strong> Adorar la canci\u00f3n de <strong><a href=\"http:\/\/es.wikipedia.org\/wiki\/Simon_and_Garfunkel\">Sim\u00f3n<\/a><\/strong> (con acento en la o) y <strong><a href=\"http:\/\/es.wikipedia.org\/wiki\/Simon_and_Garfunkel\">Garf\u00fankel<\/a><\/strong> (con acento en la u) \u00abSo long, Frank Lloyd Wright\u00bb. Buscar como una especie de trascendencia en cada cosa. Ser bobo. Ser completamente imb\u00e9cil.<\/p>\n<p style=\"text-align: justify; padding-left: 40px;\"><strong>w)<\/strong>\u00a0Mi primer d\u00eda en la escuela, subir a las aulas de dibujo y soportar un discurso terrible de <strong><a href=\"https:\/\/www.gettextbooks.co.in\/\">Helena Higlesias<\/a><\/strong> (yo es que siempre le pongo muchas haches) dici\u00e9ndonos que hab\u00eda ya demasiados arquitectos, y que reconsider\u00e1ramos nuestro error mientras estuvi\u00e9ramos a tiempo. (No s\u00e9 qu\u00e9 pensar\u00e1 ahora).<\/p>\n<p style=\"text-align: justify; padding-left: 40px;\"><strong>x)<\/strong>\u00a0Horas y horas, tardes y tardes, noches y noches dibujando en el tablero. Menuda vista ten\u00eda yo entonces. La radio puesta todo el d\u00eda y toda la noche (Antena 3 Radio: <em><a href=\"http:\/\/es.wikipedia.org\/wiki\/Supergarc%C3%ADa\">Supergarc\u00eda en la hora cero<\/a><\/em>, <em><a href=\"http:\/\/es.wikipedia.org\/wiki\/Carlos_Pumares\">Polvo de estrellas<\/a><\/em>, <em><a href=\"https:\/\/gomaespuma.com\/\">Gomaespuma<\/a><\/em>). Fumando y fumando. El cenicero desliz\u00e1ndose peligrosamente sobre el tablero inclinado. El pelo calent\u00e1ndose en el flexo.<\/p>\n<p style=\"text-align: justify; padding-left: 40px;\"><strong>y)<\/strong> Quedarme sin tabaco a las dos de la madrugada. Fumarme las colillas. Quedarme sin colillas. Salir a la calle a las cuatro. No encontrar otra cosa que una sala de fiestas \/ puticlub. Comprar una cajetilla de ducados. Saber que todo era un error.<\/p>\n<p style=\"text-align: justify; padding-left: 40px;\"><strong>z)<\/strong> Sufrir intensamente y disfrutar a\u00fan m\u00e1s intensamente. (Y eso que, no s\u00e9 por qu\u00e9 extra\u00f1a chiripa, jam\u00e1s me toc\u00f3 hacer una maqueta).<\/p>\n<p style=\"text-align: justify;\">Se me acab\u00f3 el alfabeto. Vale. Me han ido saliendo de corrido, sin orden ni concierto, y si hubiera m\u00e1s letras seguir\u00eda contando batallitas. Pero, en definitiva, \u00bfqu\u00e9 le decimos a nuestros hijos? (O a nuestros hermanos: Este blog tiene lectores de una insultante juventud).<\/p>\n<p style=\"text-align: justify;\">Pues volvemos al principio: Si somos sensatos, y ellos tambi\u00e9n lo son, les debemos aconsejar que escojan una ingenier\u00eda. Las carreras de ingenier\u00eda son duras, pero compensan con una formaci\u00f3n muy seria y muy solvente, que sirve para hacer de todo.<\/p>\n<p style=\"text-align: justify;\">Creo que es lo que deber\u00eda cursar una persona inteligente, l\u00f3gica, sensata, razonable, perseverante y decidida. Es una gran elecci\u00f3n.<\/p>\n<p style=\"text-align: justify;\">S\u00f3lo le recomendar\u00eda arquitectura a una aut\u00e9ntica <a href=\"http:\/\/www.arquitectamoslocos.blogspot.com.es\/2013\/05\/el-exterminio-de-la-cabra.html\" target=\"_blank\" rel=\"noopener noreferrer\">cabra<\/a>. A una puta cabra loca y disparatada. A un ser que buscara una loca e il\u00f3gica trascendencia en las cosas m\u00e1s anodinas. A una persona encendida, feroz, hambrienta. A un insensato. A alguien que, contra todo consejo, contra toda tendencia econ\u00f3mica, contra todo imperativo legal, <em>necesitara<\/em>\u00a0ser arquitecto, y muriese por dibujar rayos en el aire y pisar barro en una zanja, y quisiera casar dos cosas tan incasables.<\/p>\n<p style=\"text-align: justify;\">(\u00bfPor qu\u00e9 ser\u00e1 que, a pesar de todo, las notas de Selectividad exigidas por las escuelas de arquitectura siguen siendo alt\u00edsimas?).<\/p>\n<p style=\"text-align: justify;\">Yo le recomendar\u00eda estudiar arquitectura a alguien que no necesitara que se lo recomendase, a alguien a quien ya todo le importara un bledo, a alguien que hubiera saltado al vac\u00edo y no tuviera miedo de los posibles fallos de su precario paraca\u00eddas. A alguien que, mientras cayera a plomo, gritara que hab\u00eda merecido la pena.<\/p>\n<p style=\"text-align: justify;\">A alguien a quien no quisiese demasiado (no soportar\u00eda verlo estrellarse. Se me desgarrar\u00eda el coraz\u00f3n). A alguien, en definitiva, a quien pudiera admirar con toda mi alma.<\/p>\n<p style=\"text-align: justify;\">Jos\u00e9 Ram\u00f3n Hern\u00e1ndez Correa \u00b7 Doctor Arquitecto<br \/>\nToledo \u00b7 junio 2013<\/p>\n<p><\/p>","protected":false},"excerpt":{"rendered":"<p>Creo que a estas alturas los lectores de este blog ya sabr\u00e9is que el Gobierno de Espa\u00f1a prepara una ley (la de Servicios Profesionales, o LSP) que, entre otras cosas, permitir\u00e1 a los ingenieros el ejercicio de la arquitectura. (Acabamos de enterarnos de que aplazan su aprobaci\u00f3n: Prolongan nuestra agon\u00eda). El borrador de esa ley [&hellip;]<\/p>\n","protected":false},"author":33,"featured_media":32395,"comment_status":"open","ping_status":"closed","sticky":false,"template":"","format":"standard","meta":{"footnotes":""},"categories":[568,5951],"tags":[102,12448,5185,8038,8037,8094,521,535,542,1595,605,6604,8039,4625,5884,8036,8912,3653,4164,785,6220,6729,1021,1103,1136,1865,4452],"class_list":{"0":"post-32394","1":"post","2":"type-post","3":"status-publish","4":"format-standard","5":"has-post-thumbnail","7":"category-faro","8":"category-slider-principal","9":"tag-alvar-aalto","10":"tag-arquitectura","11":"tag-carlo-scarpa","12":"tag-carlos-gonzalez-tausz","13":"tag-emilio-garcia-alonso","15":"tag-espana","16":"tag-estudiante","17":"tag-etsam","18":"tag-francisco-javier-saenz-de-oiza","19":"tag-frank-lloyd-wright","20":"tag-gian-lorenzo-bernini","21":"tag-helena-iglesias","22":"tag-javier-carvajal-ferrer","23":"tag-jose-antonio-corrales-gutierrez","24":"tag-jose-maria-rodriguez-ortiz","25":"tag-jose-rafael-moneo-valles","26":"tag-jose-ramon-hernandez-correa","27":"tag-juan-daniel-fullaondo","28":"tag-le-corbusier","29":"tag-leon-krier","30":"tag-lsp","31":"tag-pensamiento","32":"tag-profesion","33":"tag-ramon-vazquez-molezun","34":"tag-reflexion","35":"tag-ricardo-aroca-hernandez-ros"},"yoast_head":"<!-- This site is optimized with the Yoast SEO plugin v27.4 - https:\/\/yoast.com\/product\/yoast-seo-wordpress\/ -->\n<title>\u00bfEstudiar Arquitectura? | Jos\u00e9 Ram\u00f3n Hern\u00e1ndez Correa<\/title>\n<meta name=\"description\" content=\"Estudiar Arquitectura\" \/>\n<meta name=\"robots\" content=\"index, follow, max-snippet:-1, max-image-preview:large, max-video-preview:-1\" \/>\n<link rel=\"canonical\" href=\"https:\/\/veredes.es\/blog\/estudiar-arquitectura-jose-ramon-hernandez-correa\/\" \/>\n<meta property=\"og:locale\" content=\"es_ES\" \/>\n<meta property=\"og:type\" content=\"article\" \/>\n<meta property=\"og:title\" content=\"\u00bfEstudiar Arquitectura? | Jos\u00e9 Ram\u00f3n Hern\u00e1ndez Correa\" \/>\n<meta property=\"og:description\" content=\"Estudiar Arquitectura\" \/>\n<meta property=\"og:url\" content=\"https:\/\/veredes.es\/blog\/estudiar-arquitectura-jose-ramon-hernandez-correa\/\" \/>\n<meta property=\"og:site_name\" content=\"veredes, arquitectura y divulgaci\u00f3n\" \/>\n<meta property=\"article:publisher\" content=\"https:\/\/www.facebook.com\/veredesArquitecturayDivulgacion\/\" \/>\n<meta property=\"article:author\" content=\"https:\/\/www.facebook.com\/joseramon.hernandezcorrea\" \/>\n<meta property=\"article:published_time\" content=\"2013-06-22T04:51:07+00:00\" \/>\n<meta property=\"article:modified_time\" content=\"2023-12-04T11:37:48+00:00\" \/>\n<meta property=\"og:image\" content=\"https:\/\/veredes.es\/blog\/wp-content\/uploads\/2013\/06\/ETSAM1.jpg\" \/>\n\t<meta property=\"og:image:width\" content=\"620\" \/>\n\t<meta property=\"og:image:height\" content=\"412\" \/>\n\t<meta property=\"og:image:type\" content=\"image\/jpeg\" \/>\n<meta name=\"author\" content=\"Jos\u00e9 Ram\u00f3n Hern\u00e1ndez Correa\" \/>\n<meta name=\"twitter:card\" content=\"summary_large_image\" \/>\n<meta name=\"twitter:creator\" content=\"@https:\/\/twitter.com\/arquitectamos\" \/>\n<meta name=\"twitter:site\" content=\"@veredes\" \/>\n<meta name=\"twitter:label1\" content=\"Escrito por\" \/>\n\t<meta name=\"twitter:data1\" content=\"Jos\u00e9 Ram\u00f3n Hern\u00e1ndez Correa\" \/>\n\t<meta name=\"twitter:label2\" content=\"Tiempo de lectura\" \/>\n\t<meta name=\"twitter:data2\" content=\"8 minutos\" \/>\n<script type=\"application\/ld+json\" class=\"yoast-schema-graph\">{\"@context\":\"https:\\\/\\\/schema.org\",\"@graph\":[{\"@type\":\"Article\",\"@id\":\"https:\\\/\\\/veredes.es\\\/blog\\\/estudiar-arquitectura-jose-ramon-hernandez-correa\\\/#article\",\"isPartOf\":{\"@id\":\"https:\\\/\\\/veredes.es\\\/blog\\\/estudiar-arquitectura-jose-ramon-hernandez-correa\\\/\"},\"author\":{\"name\":\"Jos\u00e9 Ram\u00f3n Hern\u00e1ndez Correa\",\"@id\":\"https:\\\/\\\/veredes.es\\\/blog\\\/#\\\/schema\\\/person\\\/eefca3204fa5a4349162c2869bee6c49\"},\"headline\":\"\u00bfEstudiar Arquitectura? | Jos\u00e9 Ram\u00f3n Hern\u00e1ndez Correa\",\"datePublished\":\"2013-06-22T04:51:07+00:00\",\"dateModified\":\"2023-12-04T11:37:48+00:00\",\"mainEntityOfPage\":{\"@id\":\"https:\\\/\\\/veredes.es\\\/blog\\\/estudiar-arquitectura-jose-ramon-hernandez-correa\\\/\"},\"wordCount\":5395,\"commentCount\":5,\"publisher\":{\"@id\":\"https:\\\/\\\/veredes.es\\\/blog\\\/#organization\"},\"image\":{\"@id\":\"https:\\\/\\\/veredes.es\\\/blog\\\/estudiar-arquitectura-jose-ramon-hernandez-correa\\\/#primaryimage\"},\"thumbnailUrl\":\"https:\\\/\\\/veredes.es\\\/blog\\\/wp-content\\\/uploads\\\/2013\\\/06\\\/ETSAM1.jpg\",\"keywords\":[\"Alvar Aalto\",\"arquitectura\",\"Carlo Scarpa\",\"Carlos Gonz\u00e1lez Tausz\",\"emilio garc\u00eda alonso\",\"escuela de arquitectura\",\"Espa\u00f1a\",\"estudiante\",\"ETSAM\",\"Francisco Javier S\u00e1enz de Oiza\",\"Frank Lloyd Wright\",\"gian lorenzo bernini\",\"helena iglesias\",\"Javier Carvajal Ferrer\",\"Jos\u00e9 Antonio Corrales Guti\u00e9rrez\",\"jos\u00e9 mar\u00eda rodr\u00edguez ortiz\",\"Jos\u00e9 Rafael Moneo Vall\u00e9s\",\"Jos\u00e9 Ram\u00f3n Hern\u00e1ndez Correa\",\"Juan Daniel Fullaondo\",\"Le Corbusier\",\"Leon Krier\",\"lsp\",\"pensamiento\",\"profesi\u00f3n\",\"Ram\u00f3n V\u00e1zquez Molez\u00fan\",\"reflexi\u00f3n\",\"Ricardo Aroca Hern\u00e1ndez-Ros\"],\"articleSection\":[\"faro\",\"slider principal\"],\"inLanguage\":\"es\",\"potentialAction\":[{\"@type\":\"CommentAction\",\"name\":\"Comment\",\"target\":[\"https:\\\/\\\/veredes.es\\\/blog\\\/estudiar-arquitectura-jose-ramon-hernandez-correa\\\/#respond\"]}]},{\"@type\":\"WebPage\",\"@id\":\"https:\\\/\\\/veredes.es\\\/blog\\\/estudiar-arquitectura-jose-ramon-hernandez-correa\\\/\",\"url\":\"https:\\\/\\\/veredes.es\\\/blog\\\/estudiar-arquitectura-jose-ramon-hernandez-correa\\\/\",\"name\":\"\u00bfEstudiar Arquitectura? | Jos\u00e9 Ram\u00f3n Hern\u00e1ndez Correa\",\"isPartOf\":{\"@id\":\"https:\\\/\\\/veredes.es\\\/blog\\\/#website\"},\"primaryImageOfPage\":{\"@id\":\"https:\\\/\\\/veredes.es\\\/blog\\\/estudiar-arquitectura-jose-ramon-hernandez-correa\\\/#primaryimage\"},\"image\":{\"@id\":\"https:\\\/\\\/veredes.es\\\/blog\\\/estudiar-arquitectura-jose-ramon-hernandez-correa\\\/#primaryimage\"},\"thumbnailUrl\":\"https:\\\/\\\/veredes.es\\\/blog\\\/wp-content\\\/uploads\\\/2013\\\/06\\\/ETSAM1.jpg\",\"datePublished\":\"2013-06-22T04:51:07+00:00\",\"dateModified\":\"2023-12-04T11:37:48+00:00\",\"description\":\"Estudiar Arquitectura\",\"breadcrumb\":{\"@id\":\"https:\\\/\\\/veredes.es\\\/blog\\\/estudiar-arquitectura-jose-ramon-hernandez-correa\\\/#breadcrumb\"},\"inLanguage\":\"es\",\"potentialAction\":[{\"@type\":\"ReadAction\",\"target\":[\"https:\\\/\\\/veredes.es\\\/blog\\\/estudiar-arquitectura-jose-ramon-hernandez-correa\\\/\"]}]},{\"@type\":\"ImageObject\",\"inLanguage\":\"es\",\"@id\":\"https:\\\/\\\/veredes.es\\\/blog\\\/estudiar-arquitectura-jose-ramon-hernandez-correa\\\/#primaryimage\",\"url\":\"https:\\\/\\\/veredes.es\\\/blog\\\/wp-content\\\/uploads\\\/2013\\\/06\\\/ETSAM1.jpg\",\"contentUrl\":\"https:\\\/\\\/veredes.es\\\/blog\\\/wp-content\\\/uploads\\\/2013\\\/06\\\/ETSAM1.jpg\",\"width\":\"620\",\"height\":\"412\",\"caption\":\"ETSAM | arquitectamoslocos.blogspot.com.es\"},{\"@type\":\"BreadcrumbList\",\"@id\":\"https:\\\/\\\/veredes.es\\\/blog\\\/estudiar-arquitectura-jose-ramon-hernandez-correa\\\/#breadcrumb\",\"itemListElement\":[{\"@type\":\"ListItem\",\"position\":1,\"name\":\"Portada\",\"item\":\"https:\\\/\\\/veredes.es\\\/blog\\\/\"},{\"@type\":\"ListItem\",\"position\":2,\"name\":\"\u00bfEstudiar Arquitectura? | Jos\u00e9 Ram\u00f3n Hern\u00e1ndez Correa\"}]},{\"@type\":\"WebSite\",\"@id\":\"https:\\\/\\\/veredes.es\\\/blog\\\/#website\",\"url\":\"https:\\\/\\\/veredes.es\\\/blog\\\/\",\"name\":\"veredes, arquitectura y divulgaci\u00f3n\",\"description\":\"veredes\",\"publisher\":{\"@id\":\"https:\\\/\\\/veredes.es\\\/blog\\\/#organization\"},\"alternateName\":\"veredes\",\"potentialAction\":[{\"@type\":\"SearchAction\",\"target\":{\"@type\":\"EntryPoint\",\"urlTemplate\":\"https:\\\/\\\/veredes.es\\\/blog\\\/?s={search_term_string}\"},\"query-input\":{\"@type\":\"PropertyValueSpecification\",\"valueRequired\":true,\"valueName\":\"search_term_string\"}}],\"inLanguage\":\"es\"},{\"@type\":\"Organization\",\"@id\":\"https:\\\/\\\/veredes.es\\\/blog\\\/#organization\",\"name\":\"veredes, arquitectura y divulgaci\u00f3n\",\"alternateName\":\"veredes\",\"url\":\"https:\\\/\\\/veredes.es\\\/blog\\\/\",\"logo\":{\"@type\":\"ImageObject\",\"inLanguage\":\"es\",\"@id\":\"https:\\\/\\\/veredes.es\\\/blog\\\/#\\\/schema\\\/logo\\\/image\\\/\",\"url\":\"https:\\\/\\\/veredes.es\\\/blog\\\/wp-content\\\/uploads\\\/2021\\\/12\\\/veredes-logo-centrado_140x54.png\",\"contentUrl\":\"https:\\\/\\\/veredes.es\\\/blog\\\/wp-content\\\/uploads\\\/2021\\\/12\\\/veredes-logo-centrado_140x54.png\",\"width\":140,\"height\":54,\"caption\":\"veredes, arquitectura y divulgaci\u00f3n\"},\"image\":{\"@id\":\"https:\\\/\\\/veredes.es\\\/blog\\\/#\\\/schema\\\/logo\\\/image\\\/\"},\"sameAs\":[\"https:\\\/\\\/www.facebook.com\\\/veredesArquitecturayDivulgacion\\\/\",\"https:\\\/\\\/x.com\\\/veredes\",\"https:\\\/\\\/instagram.com\\\/veredes\\\/\",\"https:\\\/\\\/www.linkedin.com\\\/company\\\/veredes-arquitectura-y-divulgacion\\\/\",\"https:\\\/\\\/es.pinterest.com\\\/veredes\\\/\",\"https:\\\/\\\/www.tumblr.com\\\/veredes\"]},{\"@type\":\"Person\",\"@id\":\"https:\\\/\\\/veredes.es\\\/blog\\\/#\\\/schema\\\/person\\\/eefca3204fa5a4349162c2869bee6c49\",\"name\":\"Jos\u00e9 Ram\u00f3n Hern\u00e1ndez Correa\",\"image\":{\"@type\":\"ImageObject\",\"inLanguage\":\"es\",\"@id\":\"https:\\\/\\\/veredes.es\\\/blog\\\/wp-content\\\/uploads\\\/2018\\\/04\\\/Jos\u00e9-Ram\u00f3n-Hern\u00e1ndez-Correa-96x96.jpg\",\"url\":\"https:\\\/\\\/veredes.es\\\/blog\\\/wp-content\\\/uploads\\\/2018\\\/04\\\/Jos\u00e9-Ram\u00f3n-Hern\u00e1ndez-Correa-96x96.jpg\",\"contentUrl\":\"https:\\\/\\\/veredes.es\\\/blog\\\/wp-content\\\/uploads\\\/2018\\\/04\\\/Jos\u00e9-Ram\u00f3n-Hern\u00e1ndez-Correa-96x96.jpg\",\"caption\":\"Jos\u00e9 Ram\u00f3n Hern\u00e1ndez Correa\"},\"description\":\"Nac\u00ed en 1960. Arquitecto por la ETSAM, 1985. Doctor Arquitecto por la Universidad Polit\u00e9cnica de Madrid, 1992. Soy, en el buen sentido de la palabra, bueno. Ahora estoy algo cansado, pero sigo atento y curioso. Arquitecto, bloguero, saxofonero, escritor... pero todo mal.\",\"sameAs\":[\"http:\\\/\\\/arquitectamoslocos.blogspot.com.es\\\/\",\"https:\\\/\\\/www.facebook.com\\\/joseramon.hernandezcorrea\",\"https:\\\/\\\/www.instagram.com\\\/arquitectamoslocos\\\/\",\"https:\\\/\\\/www.linkedin.com\\\/in\\\/jos-ramn-hernndez-correa-b6378b2a\\\/\",\"https:\\\/\\\/x.com\\\/https:\\\/\\\/twitter.com\\\/arquitectamos\"],\"url\":\"https:\\\/\\\/veredes.es\\\/blog\\\/author\\\/arquitectamos\\\/\"}]}<\/script>\n<!-- \/ Yoast SEO plugin. -->","yoast_head_json":{"title":"\u00bfEstudiar Arquitectura? | Jos\u00e9 Ram\u00f3n Hern\u00e1ndez Correa","description":"Estudiar Arquitectura","robots":{"index":"index","follow":"follow","max-snippet":"max-snippet:-1","max-image-preview":"max-image-preview:large","max-video-preview":"max-video-preview:-1"},"canonical":"https:\/\/veredes.es\/blog\/estudiar-arquitectura-jose-ramon-hernandez-correa\/","og_locale":"es_ES","og_type":"article","og_title":"\u00bfEstudiar Arquitectura? | Jos\u00e9 Ram\u00f3n Hern\u00e1ndez Correa","og_description":"Estudiar Arquitectura","og_url":"https:\/\/veredes.es\/blog\/estudiar-arquitectura-jose-ramon-hernandez-correa\/","og_site_name":"veredes, arquitectura y divulgaci\u00f3n","article_publisher":"https:\/\/www.facebook.com\/veredesArquitecturayDivulgacion\/","article_author":"https:\/\/www.facebook.com\/joseramon.hernandezcorrea","article_published_time":"2013-06-22T04:51:07+00:00","article_modified_time":"2023-12-04T11:37:48+00:00","og_image":[{"width":620,"height":412,"url":"https:\/\/veredes.es\/blog\/wp-content\/uploads\/2013\/06\/ETSAM1.jpg","type":"image\/jpeg"}],"author":"Jos\u00e9 Ram\u00f3n Hern\u00e1ndez Correa","twitter_card":"summary_large_image","twitter_creator":"@https:\/\/twitter.com\/arquitectamos","twitter_site":"@veredes","twitter_misc":{"Escrito por":"Jos\u00e9 Ram\u00f3n Hern\u00e1ndez Correa","Tiempo de lectura":"8 minutos"},"schema":{"@context":"https:\/\/schema.org","@graph":[{"@type":"Article","@id":"https:\/\/veredes.es\/blog\/estudiar-arquitectura-jose-ramon-hernandez-correa\/#article","isPartOf":{"@id":"https:\/\/veredes.es\/blog\/estudiar-arquitectura-jose-ramon-hernandez-correa\/"},"author":{"name":"Jos\u00e9 Ram\u00f3n Hern\u00e1ndez Correa","@id":"https:\/\/veredes.es\/blog\/#\/schema\/person\/eefca3204fa5a4349162c2869bee6c49"},"headline":"\u00bfEstudiar Arquitectura? | Jos\u00e9 Ram\u00f3n Hern\u00e1ndez Correa","datePublished":"2013-06-22T04:51:07+00:00","dateModified":"2023-12-04T11:37:48+00:00","mainEntityOfPage":{"@id":"https:\/\/veredes.es\/blog\/estudiar-arquitectura-jose-ramon-hernandez-correa\/"},"wordCount":5395,"commentCount":5,"publisher":{"@id":"https:\/\/veredes.es\/blog\/#organization"},"image":{"@id":"https:\/\/veredes.es\/blog\/estudiar-arquitectura-jose-ramon-hernandez-correa\/#primaryimage"},"thumbnailUrl":"https:\/\/veredes.es\/blog\/wp-content\/uploads\/2013\/06\/ETSAM1.jpg","keywords":["Alvar Aalto","arquitectura","Carlo Scarpa","Carlos Gonz\u00e1lez Tausz","emilio garc\u00eda alonso","escuela de arquitectura","Espa\u00f1a","estudiante","ETSAM","Francisco Javier S\u00e1enz de Oiza","Frank Lloyd Wright","gian lorenzo bernini","helena iglesias","Javier Carvajal Ferrer","Jos\u00e9 Antonio Corrales Guti\u00e9rrez","jos\u00e9 mar\u00eda rodr\u00edguez ortiz","Jos\u00e9 Rafael Moneo Vall\u00e9s","Jos\u00e9 Ram\u00f3n Hern\u00e1ndez Correa","Juan Daniel Fullaondo","Le Corbusier","Leon Krier","lsp","pensamiento","profesi\u00f3n","Ram\u00f3n V\u00e1zquez Molez\u00fan","reflexi\u00f3n","Ricardo Aroca Hern\u00e1ndez-Ros"],"articleSection":["faro","slider principal"],"inLanguage":"es","potentialAction":[{"@type":"CommentAction","name":"Comment","target":["https:\/\/veredes.es\/blog\/estudiar-arquitectura-jose-ramon-hernandez-correa\/#respond"]}]},{"@type":"WebPage","@id":"https:\/\/veredes.es\/blog\/estudiar-arquitectura-jose-ramon-hernandez-correa\/","url":"https:\/\/veredes.es\/blog\/estudiar-arquitectura-jose-ramon-hernandez-correa\/","name":"\u00bfEstudiar Arquitectura? | Jos\u00e9 Ram\u00f3n Hern\u00e1ndez Correa","isPartOf":{"@id":"https:\/\/veredes.es\/blog\/#website"},"primaryImageOfPage":{"@id":"https:\/\/veredes.es\/blog\/estudiar-arquitectura-jose-ramon-hernandez-correa\/#primaryimage"},"image":{"@id":"https:\/\/veredes.es\/blog\/estudiar-arquitectura-jose-ramon-hernandez-correa\/#primaryimage"},"thumbnailUrl":"https:\/\/veredes.es\/blog\/wp-content\/uploads\/2013\/06\/ETSAM1.jpg","datePublished":"2013-06-22T04:51:07+00:00","dateModified":"2023-12-04T11:37:48+00:00","description":"Estudiar Arquitectura","breadcrumb":{"@id":"https:\/\/veredes.es\/blog\/estudiar-arquitectura-jose-ramon-hernandez-correa\/#breadcrumb"},"inLanguage":"es","potentialAction":[{"@type":"ReadAction","target":["https:\/\/veredes.es\/blog\/estudiar-arquitectura-jose-ramon-hernandez-correa\/"]}]},{"@type":"ImageObject","inLanguage":"es","@id":"https:\/\/veredes.es\/blog\/estudiar-arquitectura-jose-ramon-hernandez-correa\/#primaryimage","url":"https:\/\/veredes.es\/blog\/wp-content\/uploads\/2013\/06\/ETSAM1.jpg","contentUrl":"https:\/\/veredes.es\/blog\/wp-content\/uploads\/2013\/06\/ETSAM1.jpg","width":"620","height":"412","caption":"ETSAM | arquitectamoslocos.blogspot.com.es"},{"@type":"BreadcrumbList","@id":"https:\/\/veredes.es\/blog\/estudiar-arquitectura-jose-ramon-hernandez-correa\/#breadcrumb","itemListElement":[{"@type":"ListItem","position":1,"name":"Portada","item":"https:\/\/veredes.es\/blog\/"},{"@type":"ListItem","position":2,"name":"\u00bfEstudiar Arquitectura? | Jos\u00e9 Ram\u00f3n Hern\u00e1ndez Correa"}]},{"@type":"WebSite","@id":"https:\/\/veredes.es\/blog\/#website","url":"https:\/\/veredes.es\/blog\/","name":"veredes, arquitectura y divulgaci\u00f3n","description":"veredes","publisher":{"@id":"https:\/\/veredes.es\/blog\/#organization"},"alternateName":"veredes","potentialAction":[{"@type":"SearchAction","target":{"@type":"EntryPoint","urlTemplate":"https:\/\/veredes.es\/blog\/?s={search_term_string}"},"query-input":{"@type":"PropertyValueSpecification","valueRequired":true,"valueName":"search_term_string"}}],"inLanguage":"es"},{"@type":"Organization","@id":"https:\/\/veredes.es\/blog\/#organization","name":"veredes, arquitectura y divulgaci\u00f3n","alternateName":"veredes","url":"https:\/\/veredes.es\/blog\/","logo":{"@type":"ImageObject","inLanguage":"es","@id":"https:\/\/veredes.es\/blog\/#\/schema\/logo\/image\/","url":"https:\/\/veredes.es\/blog\/wp-content\/uploads\/2021\/12\/veredes-logo-centrado_140x54.png","contentUrl":"https:\/\/veredes.es\/blog\/wp-content\/uploads\/2021\/12\/veredes-logo-centrado_140x54.png","width":140,"height":54,"caption":"veredes, arquitectura y divulgaci\u00f3n"},"image":{"@id":"https:\/\/veredes.es\/blog\/#\/schema\/logo\/image\/"},"sameAs":["https:\/\/www.facebook.com\/veredesArquitecturayDivulgacion\/","https:\/\/x.com\/veredes","https:\/\/instagram.com\/veredes\/","https:\/\/www.linkedin.com\/company\/veredes-arquitectura-y-divulgacion\/","https:\/\/es.pinterest.com\/veredes\/","https:\/\/www.tumblr.com\/veredes"]},{"@type":"Person","@id":"https:\/\/veredes.es\/blog\/#\/schema\/person\/eefca3204fa5a4349162c2869bee6c49","name":"Jos\u00e9 Ram\u00f3n Hern\u00e1ndez Correa","image":{"@type":"ImageObject","inLanguage":"es","@id":"https:\/\/veredes.es\/blog\/wp-content\/uploads\/2018\/04\/Jos\u00e9-Ram\u00f3n-Hern\u00e1ndez-Correa-96x96.jpg","url":"https:\/\/veredes.es\/blog\/wp-content\/uploads\/2018\/04\/Jos\u00e9-Ram\u00f3n-Hern\u00e1ndez-Correa-96x96.jpg","contentUrl":"https:\/\/veredes.es\/blog\/wp-content\/uploads\/2018\/04\/Jos\u00e9-Ram\u00f3n-Hern\u00e1ndez-Correa-96x96.jpg","caption":"Jos\u00e9 Ram\u00f3n Hern\u00e1ndez Correa"},"description":"Nac\u00ed en 1960. Arquitecto por la ETSAM, 1985. Doctor Arquitecto por la Universidad Polit\u00e9cnica de Madrid, 1992. Soy, en el buen sentido de la palabra, bueno. Ahora estoy algo cansado, pero sigo atento y curioso. Arquitecto, bloguero, saxofonero, escritor... pero todo mal.","sameAs":["http:\/\/arquitectamoslocos.blogspot.com.es\/","https:\/\/www.facebook.com\/joseramon.hernandezcorrea","https:\/\/www.instagram.com\/arquitectamoslocos\/","https:\/\/www.linkedin.com\/in\/jos-ramn-hernndez-correa-b6378b2a\/","https:\/\/x.com\/https:\/\/twitter.com\/arquitectamos"],"url":"https:\/\/veredes.es\/blog\/author\/arquitectamos\/"}]}},"_links":{"self":[{"href":"https:\/\/veredes.es\/blog\/wp-json\/wp\/v2\/posts\/32394","targetHints":{"allow":["GET"]}}],"collection":[{"href":"https:\/\/veredes.es\/blog\/wp-json\/wp\/v2\/posts"}],"about":[{"href":"https:\/\/veredes.es\/blog\/wp-json\/wp\/v2\/types\/post"}],"author":[{"embeddable":true,"href":"https:\/\/veredes.es\/blog\/wp-json\/wp\/v2\/users\/33"}],"replies":[{"embeddable":true,"href":"https:\/\/veredes.es\/blog\/wp-json\/wp\/v2\/comments?post=32394"}],"version-history":[{"count":0,"href":"https:\/\/veredes.es\/blog\/wp-json\/wp\/v2\/posts\/32394\/revisions"}],"wp:featuredmedia":[{"embeddable":true,"href":"https:\/\/veredes.es\/blog\/wp-json\/wp\/v2\/media\/32395"}],"wp:attachment":[{"href":"https:\/\/veredes.es\/blog\/wp-json\/wp\/v2\/media?parent=32394"}],"wp:term":[{"taxonomy":"category","embeddable":true,"href":"https:\/\/veredes.es\/blog\/wp-json\/wp\/v2\/categories?post=32394"},{"taxonomy":"post_tag","embeddable":true,"href":"https:\/\/veredes.es\/blog\/wp-json\/wp\/v2\/tags?post=32394"}],"curies":[{"name":"wp","href":"https:\/\/api.w.org\/{rel}","templated":true}]}}