{"id":32289,"date":"2013-06-26T06:20:39","date_gmt":"2013-06-26T04:20:39","guid":{"rendered":"http:\/\/veredes.es\/blog\/?p=32289"},"modified":"2023-08-03T18:35:37","modified_gmt":"2023-08-03T16:35:37","slug":"la-otra-realidad-trespes-arquitectos","status":"publish","type":"post","link":"https:\/\/veredes.es\/blog\/la-otra-realidad-trespes-arquitectos\/","title":{"rendered":"La otra realidad | trespes.arquitectos"},"content":{"rendered":"<p><\/p>\n<blockquote>\n<p style=\"text-align: justify;\"><em>\u201cUn peque\u00f1o mueble de 2.10 de di\u00e1metro contiene un escenario, un ba\u00fal, una Mesa y dos tallos que se expanden o se comprimen en funci\u00f3n de las necesidades del gui\u00f3n y conforman la escenograf\u00eda de La OTRA REALIDAD<em>\u201d<\/em><\/em><\/p>\n<\/blockquote>\n<p style=\"text-align: justify;\"><a href=\"http:\/\/veredes.es\/blog\/wp-content\/uploads\/2013\/06\/tres_aur_11.jpg\"><img loading=\"lazy\" decoding=\"async\" class=\"alignnone  wp-image-32308\" title=\"tres_aur_11\" src=\"http:\/\/veredes.es\/blog\/wp-content\/uploads\/2013\/06\/tres_aur_11.jpg\" alt=\"\" width=\"620\" height=\"438\" srcset=\"https:\/\/veredes.es\/blog\/wp-content\/uploads\/2013\/06\/tres_aur_11.jpg 1000w, https:\/\/veredes.es\/blog\/wp-content\/uploads\/2013\/06\/tres_aur_11-300x212.jpg 300w\" sizes=\"auto, (max-width: 620px) 100vw, 620px\" \/><\/a><\/p>\n<p style=\"text-align: justify;\">Recibimos el encargo para realizar la escenograf\u00eda del espect\u00e1culo \u201cLa Otra Realidad\u201d; un recorrido m\u00e1gico a trav\u00e9s de la ciencia, la historia y del humor ideado en el laboratorio de Mart\u00edn Camina.<\/p>\n<p style=\"text-align: justify;\">En las primera reuniones, se nos comenta que el espect\u00e1culo es un recorrido en el tiempo, con la ciencia como hilo conductor, con mucha presencia de las artes pl\u00e1sticas y la m\u00fasica como fondo..<em>. \u2013 todo cosido con la aguja del ilusionismo.-<\/em><\/p>\n<p style=\"text-align: justify;\">Los condicionantes de partida impuestos por el ilusionista y por el director teatral, Marcos Orsi, pasaban por el versatilidad de la escenograf\u00eda para adaptarse a la trama, adem\u00e1s de dar cobijo a los distintos actos en la misma.<\/p>\n<p style=\"text-align: justify;\">1. Un peque\u00f1o escenario elevado en el que se situar\u00e1 la m\u00fasica, la artista Marta Quintana.<\/p>\n<p style=\"text-align: justify;\">2. Un baul que adem\u00e1s de recoger los diferentes instrumentos que se hab\u00edan empleado en la representaci\u00f3n sirva para el transporte de la obra as\u00ed como darle distintos sentidos dentro de la obra teatral.<\/p>\n<p style=\"text-align: justify;\">3. Mesa y tallos en los que se har\u00edan los juegos de magia.<\/p>\n<p style=\"text-align: justify;\">Estos elementos deber\u00edan dar respuesta a los diferentes necesidades:<\/p>\n<p style=\"text-align: justify;\">1. Los componentes de la escenograf\u00eda ten\u00edan que ser m\u00f3viles y flexibles, y permitir con pocas piezas llenar escenarios de muy diversos tama\u00f1os.<\/p>\n<p style=\"text-align: justify;\">2. Deb\u00edan de ser facilmente transportables pues las actuaciones podr\u00edan realizarse en distintos lugares de la geograf\u00eda espa\u00f1ola.<\/p>\n<p style=\"text-align: justify;\">3. Todas las piezas deb\u00edan ser lo suficientemente neutras para adaptarse a las distintas \u00e9pocas por las que transcurre la acci\u00f3n.<\/p>\n<p style=\"text-align: justify;\"><strong>Nuestro objetivo<\/strong> es que la pieza a proyectar tenga relaci\u00f3n con el gui\u00f3n y la teatralidad de la obra, y que forme parte activa del espect\u00e1culo.<\/p>\n<p style=\"text-align: justify;\">La respuesta son tres piezas que permitan la fusi\u00f3n en un elemento s\u00f3lo procurando la centralidad de la escena, o que las partes se dilaten y se contraen, de forma que se adapten plenamente a la escenograf\u00eda, y que llenen o liberen el espacio seg\u00fan las necesidades del momento de la obra en el que nos encontremos.<\/p>\n<p style=\"text-align: justify;\">El resultado del trabajo despu\u00e9s de escuchar a los distintos agentes de la obra de teatro, dan como resultado el <strong>C\u00edrculo M\u00e1gico<\/strong>, una pieza cil\u00edndrica \u201ctroquelada\u201d por un Trisquel que lo divide en tres partes: <strong>m\u00fasica, artes pl\u00e1sticas y ciencia<\/strong>. De este modo la m\u00fasica se alberga en un peque\u00f1o escenario del que surge una escalera. Las artes pl\u00e1sticas se recogen en un ba\u00fal, reflejadas en las formas de su tampa. La ciencia mostrara en la obra con unos mecanismos el\u00e9ctricos que sirven como interruptores del hilo conductor de la obra teatral. La mesa y los tallos son el nexo de uni\u00f3n de la trama con el ilusionismo.<\/p>\n<p style=\"text-align: justify;\">En definitiva el<strong> C\u00edrculo M\u00e1gico <\/strong>cumple con todos los requirimentos escenogr\u00e1ficos (movilidad y versatilidad), y funcional (f\u00e1cil transporte y almacenamiento), pero en el resultado final de la obra, felizmente observamos que logramos el objetivo de formar parte activa de la teatralidad, d\u00e1ndole sentido en su configuraci\u00f3n a <strong>Magia como nexo de uni\u00f3n<\/strong>.<\/p>\n<div id='gallery-1' class='gallery galleryid-32289 gallery-columns-4 gallery-size-thumbnail'><figure class='gallery-item'>\n\t\t\t<div class='gallery-icon landscape'>\n\t\t\t\t<a href='https:\/\/veredes.es\/blog\/wp-content\/uploads\/2013\/06\/tres_aur_01.jpg'><img loading=\"lazy\" decoding=\"async\" width=\"120\" height=\"120\" src=\"https:\/\/veredes.es\/blog\/wp-content\/uploads\/2013\/06\/tres_aur_01-150x150.jpg\" class=\"attachment-thumbnail size-thumbnail\" alt=\"\" srcset=\"https:\/\/veredes.es\/blog\/wp-content\/uploads\/2013\/06\/tres_aur_01-150x150.jpg 150w, https:\/\/veredes.es\/blog\/wp-content\/uploads\/2013\/06\/tres_aur_01-120x120.jpg 120w\" sizes=\"auto, (max-width: 120px) 100vw, 120px\" \/><\/a>\n\t\t\t<\/div><\/figure><figure class='gallery-item'>\n\t\t\t<div class='gallery-icon landscape'>\n\t\t\t\t<a href='https:\/\/veredes.es\/blog\/wp-content\/uploads\/2013\/06\/tres_aur_02.jpg'><img loading=\"lazy\" decoding=\"async\" width=\"120\" height=\"120\" src=\"https:\/\/veredes.es\/blog\/wp-content\/uploads\/2013\/06\/tres_aur_02-150x150.jpg\" class=\"attachment-thumbnail size-thumbnail\" alt=\"\" srcset=\"https:\/\/veredes.es\/blog\/wp-content\/uploads\/2013\/06\/tres_aur_02-150x150.jpg 150w, https:\/\/veredes.es\/blog\/wp-content\/uploads\/2013\/06\/tres_aur_02-120x120.jpg 120w\" sizes=\"auto, (max-width: 120px) 100vw, 120px\" \/><\/a>\n\t\t\t<\/div><\/figure><figure class='gallery-item'>\n\t\t\t<div class='gallery-icon landscape'>\n\t\t\t\t<a href='https:\/\/veredes.es\/blog\/wp-content\/uploads\/2013\/06\/tres_aur_03.jpg'><img loading=\"lazy\" decoding=\"async\" width=\"120\" height=\"120\" src=\"https:\/\/veredes.es\/blog\/wp-content\/uploads\/2013\/06\/tres_aur_03-150x150.jpg\" class=\"attachment-thumbnail size-thumbnail\" alt=\"\" srcset=\"https:\/\/veredes.es\/blog\/wp-content\/uploads\/2013\/06\/tres_aur_03-150x150.jpg 150w, https:\/\/veredes.es\/blog\/wp-content\/uploads\/2013\/06\/tres_aur_03-120x120.jpg 120w\" sizes=\"auto, (max-width: 120px) 100vw, 120px\" \/><\/a>\n\t\t\t<\/div><\/figure><figure class='gallery-item'>\n\t\t\t<div class='gallery-icon landscape'>\n\t\t\t\t<a href='https:\/\/veredes.es\/blog\/wp-content\/uploads\/2013\/06\/tres_aur_04.jpg'><img loading=\"lazy\" decoding=\"async\" width=\"120\" height=\"120\" src=\"https:\/\/veredes.es\/blog\/wp-content\/uploads\/2013\/06\/tres_aur_04-150x150.jpg\" class=\"attachment-thumbnail size-thumbnail\" alt=\"\" srcset=\"https:\/\/veredes.es\/blog\/wp-content\/uploads\/2013\/06\/tres_aur_04-150x150.jpg 150w, https:\/\/veredes.es\/blog\/wp-content\/uploads\/2013\/06\/tres_aur_04-120x120.jpg 120w\" sizes=\"auto, (max-width: 120px) 100vw, 120px\" \/><\/a>\n\t\t\t<\/div><\/figure><figure class='gallery-item'>\n\t\t\t<div class='gallery-icon landscape'>\n\t\t\t\t<a href='https:\/\/veredes.es\/blog\/wp-content\/uploads\/2013\/06\/tres_aur_05.jpg'><img loading=\"lazy\" decoding=\"async\" width=\"120\" height=\"120\" src=\"https:\/\/veredes.es\/blog\/wp-content\/uploads\/2013\/06\/tres_aur_05-150x150.jpg\" class=\"attachment-thumbnail size-thumbnail\" alt=\"\" srcset=\"https:\/\/veredes.es\/blog\/wp-content\/uploads\/2013\/06\/tres_aur_05-150x150.jpg 150w, https:\/\/veredes.es\/blog\/wp-content\/uploads\/2013\/06\/tres_aur_05-120x120.jpg 120w\" sizes=\"auto, (max-width: 120px) 100vw, 120px\" \/><\/a>\n\t\t\t<\/div><\/figure><figure class='gallery-item'>\n\t\t\t<div class='gallery-icon landscape'>\n\t\t\t\t<a href='https:\/\/veredes.es\/blog\/wp-content\/uploads\/2013\/06\/tres_aur_06.jpg'><img loading=\"lazy\" decoding=\"async\" width=\"120\" height=\"120\" src=\"https:\/\/veredes.es\/blog\/wp-content\/uploads\/2013\/06\/tres_aur_06-150x150.jpg\" class=\"attachment-thumbnail size-thumbnail\" alt=\"\" srcset=\"https:\/\/veredes.es\/blog\/wp-content\/uploads\/2013\/06\/tres_aur_06-150x150.jpg 150w, https:\/\/veredes.es\/blog\/wp-content\/uploads\/2013\/06\/tres_aur_06-120x120.jpg 120w\" sizes=\"auto, (max-width: 120px) 100vw, 120px\" \/><\/a>\n\t\t\t<\/div><\/figure><figure class='gallery-item'>\n\t\t\t<div class='gallery-icon landscape'>\n\t\t\t\t<a href='https:\/\/veredes.es\/blog\/wp-content\/uploads\/2013\/06\/tres_aur_07.jpg'><img loading=\"lazy\" decoding=\"async\" width=\"120\" height=\"120\" src=\"https:\/\/veredes.es\/blog\/wp-content\/uploads\/2013\/06\/tres_aur_07-150x150.jpg\" class=\"attachment-thumbnail size-thumbnail\" alt=\"\" srcset=\"https:\/\/veredes.es\/blog\/wp-content\/uploads\/2013\/06\/tres_aur_07-150x150.jpg 150w, https:\/\/veredes.es\/blog\/wp-content\/uploads\/2013\/06\/tres_aur_07-120x120.jpg 120w\" sizes=\"auto, (max-width: 120px) 100vw, 120px\" \/><\/a>\n\t\t\t<\/div><\/figure><figure class='gallery-item'>\n\t\t\t<div class='gallery-icon landscape'>\n\t\t\t\t<a href='https:\/\/veredes.es\/blog\/wp-content\/uploads\/2013\/06\/tres_aur_08.jpg'><img loading=\"lazy\" decoding=\"async\" width=\"120\" height=\"120\" src=\"https:\/\/veredes.es\/blog\/wp-content\/uploads\/2013\/06\/tres_aur_08-150x150.jpg\" class=\"attachment-thumbnail size-thumbnail\" alt=\"\" srcset=\"https:\/\/veredes.es\/blog\/wp-content\/uploads\/2013\/06\/tres_aur_08-150x150.jpg 150w, https:\/\/veredes.es\/blog\/wp-content\/uploads\/2013\/06\/tres_aur_08-120x120.jpg 120w\" sizes=\"auto, (max-width: 120px) 100vw, 120px\" \/><\/a>\n\t\t\t<\/div><\/figure><figure class='gallery-item'>\n\t\t\t<div class='gallery-icon landscape'>\n\t\t\t\t<a href='https:\/\/veredes.es\/blog\/wp-content\/uploads\/2013\/06\/tres_aur_09.jpg'><img loading=\"lazy\" decoding=\"async\" width=\"120\" height=\"120\" src=\"https:\/\/veredes.es\/blog\/wp-content\/uploads\/2013\/06\/tres_aur_09-150x150.jpg\" class=\"attachment-thumbnail size-thumbnail\" alt=\"\" srcset=\"https:\/\/veredes.es\/blog\/wp-content\/uploads\/2013\/06\/tres_aur_09-150x150.jpg 150w, https:\/\/veredes.es\/blog\/wp-content\/uploads\/2013\/06\/tres_aur_09-120x120.jpg 120w\" sizes=\"auto, (max-width: 120px) 100vw, 120px\" \/><\/a>\n\t\t\t<\/div><\/figure><figure class='gallery-item'>\n\t\t\t<div class='gallery-icon landscape'>\n\t\t\t\t<a href='https:\/\/veredes.es\/blog\/wp-content\/uploads\/2013\/06\/tres_aur_10.jpg'><img loading=\"lazy\" decoding=\"async\" width=\"120\" height=\"120\" src=\"https:\/\/veredes.es\/blog\/wp-content\/uploads\/2013\/06\/tres_aur_10-150x150.jpg\" class=\"attachment-thumbnail size-thumbnail\" alt=\"\" srcset=\"https:\/\/veredes.es\/blog\/wp-content\/uploads\/2013\/06\/tres_aur_10-150x150.jpg 150w, https:\/\/veredes.es\/blog\/wp-content\/uploads\/2013\/06\/tres_aur_10-120x120.jpg 120w\" sizes=\"auto, (max-width: 120px) 100vw, 120px\" \/><\/a>\n\t\t\t<\/div><\/figure><figure class='gallery-item'>\n\t\t\t<div class='gallery-icon landscape'>\n\t\t\t\t<a href='https:\/\/veredes.es\/blog\/wp-content\/uploads\/2013\/06\/tres_aur_11.jpg'><img loading=\"lazy\" decoding=\"async\" width=\"120\" height=\"120\" src=\"https:\/\/veredes.es\/blog\/wp-content\/uploads\/2013\/06\/tres_aur_11-150x150.jpg\" class=\"attachment-thumbnail size-thumbnail\" alt=\"\" srcset=\"https:\/\/veredes.es\/blog\/wp-content\/uploads\/2013\/06\/tres_aur_11-150x150.jpg 150w, https:\/\/veredes.es\/blog\/wp-content\/uploads\/2013\/06\/tres_aur_11-120x120.jpg 120w\" sizes=\"auto, (max-width: 120px) 100vw, 120px\" \/><\/a>\n\t\t\t<\/div><\/figure><figure class='gallery-item'>\n\t\t\t<div class='gallery-icon landscape'>\n\t\t\t\t<a href='https:\/\/veredes.es\/blog\/wp-content\/uploads\/2013\/06\/la-otra-realidad-trespes-arquitectos.jpg'><img loading=\"lazy\" decoding=\"async\" width=\"120\" height=\"120\" src=\"https:\/\/veredes.es\/blog\/wp-content\/uploads\/2013\/06\/la-otra-realidad-trespes-arquitectos-150x150.jpg\" class=\"attachment-thumbnail size-thumbnail\" alt=\"\" srcset=\"https:\/\/veredes.es\/blog\/wp-content\/uploads\/2013\/06\/la-otra-realidad-trespes-arquitectos-150x150.jpg 150w, https:\/\/veredes.es\/blog\/wp-content\/uploads\/2013\/06\/la-otra-realidad-trespes-arquitectos-120x120.jpg 120w\" sizes=\"auto, (max-width: 120px) 100vw, 120px\" \/><\/a>\n\t\t\t<\/div><\/figure>\n\t\t<\/div>\n\n<p>Obra: La otra realidad<br \/>\nAutores: trespes.arquitectos [Carlos Mosquera, Alberte P\u00e9rez, Enrique Iglesias]<br \/>\nColaboradores: Mart\u00edn Cami\u00f1a (Ilusionista), A.C.E. 5 Ambientaci\u00f3n (Construcci\u00f3n Escenogr\u00e1fica), Felipe Trillo (Dise\u00f1o Gr\u00e1fico)<br \/>\nFotograf\u00edas: Jacobo Remu\u00f1\u00e1n, trespes.arquitectos (Construcci\u00f3n)<br \/>\nA\u00f1o: 2009-2010<br \/>\n<a href=\"http:\/\/www.trespesarquitectos.com\/\" target=\"_blank\" rel=\"noopener\">+ www.trespesarquitectos.com<\/a><\/p>\n<p>http:\/\/youtu.be\/R1Yjcmw2eww<\/p>","protected":false},"excerpt":{"rendered":"<p>\u201cUn peque\u00f1o mueble de 2.10 de di\u00e1metro contiene un escenario, un ba\u00fal, una Mesa y dos tallos que se expanden o se comprimen en funci\u00f3n de las necesidades del gui\u00f3n y conforman la escenograf\u00eda de La OTRA REALIDAD\u201d Recibimos el encargo para realizar la escenograf\u00eda del espect\u00e1culo \u201cLa Otra Realidad\u201d; un recorrido m\u00e1gico a trav\u00e9s [&hellip;]<\/p>\n","protected":false},"author":2,"featured_media":32308,"comment_status":"open","ping_status":"closed","sticky":false,"template":"","format":"standard","meta":{"footnotes":""},"categories":[34,1416,47,876,23,5951],"tags":[7794,45,5865,4073,4503,7795,12456,2154,521,619,2950,8016,8015,2952],"class_list":{"0":"post-32289","1":"post","2":"type-post","3":"status-publish","4":"format-standard","5":"has-post-thumbnail","7":"category-arquitectura","8":"category-efimera","9":"category-equipamiento-cultural-arquitectura-obras","10":"category-mobiliario","11":"category-obras","12":"category-slider-principal","13":"tag-alberte-perez-rodriguez","14":"tag-arquitectura-efimera","15":"tag-arquitectura-gallega","16":"tag-carlos-mosquera-del-palacio","17":"tag-diseno-de-mobiliario","18":"tag-enrique-iglesias-lima","19":"tag-equipamiento-cultural","21":"tag-espana","22":"tag-galicia","23":"tag-magia","24":"tag-marcos-orsi","25":"tag-martin-camina","26":"tag-trespes-arquitectos"},"yoast_head":"<!-- This site is optimized with the Yoast SEO plugin v27.4 - https:\/\/yoast.com\/product\/yoast-seo-wordpress\/ -->\n<title>La otra realidad | trespes.arquitectos<\/title>\n<meta name=\"description\" content=\"La otra realidad\" \/>\n<meta name=\"robots\" content=\"index, follow, max-snippet:-1, max-image-preview:large, max-video-preview:-1\" \/>\n<link rel=\"canonical\" href=\"https:\/\/veredes.es\/blog\/la-otra-realidad-trespes-arquitectos\/\" \/>\n<meta property=\"og:locale\" content=\"es_ES\" \/>\n<meta property=\"og:type\" content=\"article\" \/>\n<meta property=\"og:title\" content=\"La otra realidad | trespes.arquitectos\" \/>\n<meta property=\"og:description\" content=\"La otra realidad\" \/>\n<meta property=\"og:url\" content=\"https:\/\/veredes.es\/blog\/la-otra-realidad-trespes-arquitectos\/\" \/>\n<meta property=\"og:site_name\" content=\"veredes, arquitectura y divulgaci\u00f3n\" \/>\n<meta property=\"article:publisher\" content=\"https:\/\/www.facebook.com\/veredesArquitecturayDivulgacion\/\" \/>\n<meta property=\"article:author\" content=\"https:\/\/www.facebook.com\/veredesArquitecturayDivulgacion\/\" \/>\n<meta property=\"article:published_time\" content=\"2013-06-26T04:20:39+00:00\" \/>\n<meta property=\"article:modified_time\" content=\"2023-08-03T16:35:37+00:00\" \/>\n<meta property=\"og:image\" content=\"https:\/\/veredes.es\/blog\/wp-content\/uploads\/2013\/06\/tres_aur_11.jpg\" \/>\n\t<meta property=\"og:image:width\" content=\"1000\" \/>\n\t<meta property=\"og:image:height\" content=\"707\" \/>\n\t<meta property=\"og:image:type\" content=\"image\/jpeg\" \/>\n<meta name=\"author\" content=\"veredes\" \/>\n<meta name=\"twitter:card\" content=\"summary_large_image\" \/>\n<meta name=\"twitter:creator\" content=\"@https:\/\/twitter.com\/veredes\" \/>\n<meta name=\"twitter:site\" content=\"@veredes\" \/>\n<meta name=\"twitter:label1\" content=\"Escrito por\" \/>\n\t<meta name=\"twitter:data1\" content=\"veredes\" \/>\n\t<meta name=\"twitter:label2\" content=\"Tiempo de lectura\" \/>\n\t<meta name=\"twitter:data2\" content=\"9 minutos\" \/>\n<script type=\"application\/ld+json\" class=\"yoast-schema-graph\">{\"@context\":\"https:\\\/\\\/schema.org\",\"@graph\":[{\"@type\":\"Article\",\"@id\":\"https:\\\/\\\/veredes.es\\\/blog\\\/la-otra-realidad-trespes-arquitectos\\\/#article\",\"isPartOf\":{\"@id\":\"https:\\\/\\\/veredes.es\\\/blog\\\/la-otra-realidad-trespes-arquitectos\\\/\"},\"author\":{\"name\":\"veredes\",\"@id\":\"https:\\\/\\\/veredes.es\\\/blog\\\/#\\\/schema\\\/person\\\/0bbb669073ef7faba5168a0844e93d2c\"},\"headline\":\"La otra realidad | trespes.arquitectos\",\"datePublished\":\"2013-06-26T04:20:39+00:00\",\"dateModified\":\"2023-08-03T16:35:37+00:00\",\"mainEntityOfPage\":{\"@id\":\"https:\\\/\\\/veredes.es\\\/blog\\\/la-otra-realidad-trespes-arquitectos\\\/\"},\"wordCount\":1817,\"commentCount\":0,\"publisher\":{\"@id\":\"https:\\\/\\\/veredes.es\\\/blog\\\/#organization\"},\"image\":{\"@id\":\"https:\\\/\\\/veredes.es\\\/blog\\\/la-otra-realidad-trespes-arquitectos\\\/#primaryimage\"},\"thumbnailUrl\":\"https:\\\/\\\/veredes.es\\\/blog\\\/wp-content\\\/uploads\\\/2013\\\/06\\\/tres_aur_11.jpg\",\"keywords\":[\"Alberte P\u00e9rez Rodr\u00edguez\",\"arquitectura ef\u00edmera\",\"arquitectura gallega\",\"Carlos Mosquera del Palacio\",\"dise\u00f1o de mobiliario\",\"Enrique Iglesias Lima\",\"equipamiento cultural\",\"escenograf\u00eda\",\"Espa\u00f1a\",\"Galicia\",\"magia\",\"marcos orsi\",\"mart\u00edn camina\",\"trespes.arquitectos\"],\"articleSection\":[\"arquitectura\",\"efimera\",\"equipamiento cultural\",\"mobiliario\",\"obras\",\"slider principal\"],\"inLanguage\":\"es\",\"potentialAction\":[{\"@type\":\"CommentAction\",\"name\":\"Comment\",\"target\":[\"https:\\\/\\\/veredes.es\\\/blog\\\/la-otra-realidad-trespes-arquitectos\\\/#respond\"]}]},{\"@type\":\"WebPage\",\"@id\":\"https:\\\/\\\/veredes.es\\\/blog\\\/la-otra-realidad-trespes-arquitectos\\\/\",\"url\":\"https:\\\/\\\/veredes.es\\\/blog\\\/la-otra-realidad-trespes-arquitectos\\\/\",\"name\":\"La otra realidad | trespes.arquitectos\",\"isPartOf\":{\"@id\":\"https:\\\/\\\/veredes.es\\\/blog\\\/#website\"},\"primaryImageOfPage\":{\"@id\":\"https:\\\/\\\/veredes.es\\\/blog\\\/la-otra-realidad-trespes-arquitectos\\\/#primaryimage\"},\"image\":{\"@id\":\"https:\\\/\\\/veredes.es\\\/blog\\\/la-otra-realidad-trespes-arquitectos\\\/#primaryimage\"},\"thumbnailUrl\":\"https:\\\/\\\/veredes.es\\\/blog\\\/wp-content\\\/uploads\\\/2013\\\/06\\\/tres_aur_11.jpg\",\"datePublished\":\"2013-06-26T04:20:39+00:00\",\"dateModified\":\"2023-08-03T16:35:37+00:00\",\"description\":\"La otra realidad\",\"breadcrumb\":{\"@id\":\"https:\\\/\\\/veredes.es\\\/blog\\\/la-otra-realidad-trespes-arquitectos\\\/#breadcrumb\"},\"inLanguage\":\"es\",\"potentialAction\":[{\"@type\":\"ReadAction\",\"target\":[\"https:\\\/\\\/veredes.es\\\/blog\\\/la-otra-realidad-trespes-arquitectos\\\/\"]}]},{\"@type\":\"ImageObject\",\"inLanguage\":\"es\",\"@id\":\"https:\\\/\\\/veredes.es\\\/blog\\\/la-otra-realidad-trespes-arquitectos\\\/#primaryimage\",\"url\":\"https:\\\/\\\/veredes.es\\\/blog\\\/wp-content\\\/uploads\\\/2013\\\/06\\\/tres_aur_11.jpg\",\"contentUrl\":\"https:\\\/\\\/veredes.es\\\/blog\\\/wp-content\\\/uploads\\\/2013\\\/06\\\/tres_aur_11.jpg\",\"width\":\"1000\",\"height\":\"707\"},{\"@type\":\"BreadcrumbList\",\"@id\":\"https:\\\/\\\/veredes.es\\\/blog\\\/la-otra-realidad-trespes-arquitectos\\\/#breadcrumb\",\"itemListElement\":[{\"@type\":\"ListItem\",\"position\":1,\"name\":\"Portada\",\"item\":\"https:\\\/\\\/veredes.es\\\/blog\\\/\"},{\"@type\":\"ListItem\",\"position\":2,\"name\":\"La otra realidad | trespes.arquitectosA outra realidade | trespes.arquitectosAnother reality | trespes.arquitectos\"}]},{\"@type\":\"WebSite\",\"@id\":\"https:\\\/\\\/veredes.es\\\/blog\\\/#website\",\"url\":\"https:\\\/\\\/veredes.es\\\/blog\\\/\",\"name\":\"veredes, arquitectura y divulgaci\u00f3n\",\"description\":\"veredes\",\"publisher\":{\"@id\":\"https:\\\/\\\/veredes.es\\\/blog\\\/#organization\"},\"alternateName\":\"veredes\",\"potentialAction\":[{\"@type\":\"SearchAction\",\"target\":{\"@type\":\"EntryPoint\",\"urlTemplate\":\"https:\\\/\\\/veredes.es\\\/blog\\\/?s={search_term_string}\"},\"query-input\":{\"@type\":\"PropertyValueSpecification\",\"valueRequired\":true,\"valueName\":\"search_term_string\"}}],\"inLanguage\":\"es\"},{\"@type\":\"Organization\",\"@id\":\"https:\\\/\\\/veredes.es\\\/blog\\\/#organization\",\"name\":\"veredes, arquitectura y divulgaci\u00f3n\",\"alternateName\":\"veredes\",\"url\":\"https:\\\/\\\/veredes.es\\\/blog\\\/\",\"logo\":{\"@type\":\"ImageObject\",\"inLanguage\":\"es\",\"@id\":\"https:\\\/\\\/veredes.es\\\/blog\\\/#\\\/schema\\\/logo\\\/image\\\/\",\"url\":\"https:\\\/\\\/veredes.es\\\/blog\\\/wp-content\\\/uploads\\\/2021\\\/12\\\/veredes-logo-centrado_140x54.png\",\"contentUrl\":\"https:\\\/\\\/veredes.es\\\/blog\\\/wp-content\\\/uploads\\\/2021\\\/12\\\/veredes-logo-centrado_140x54.png\",\"width\":140,\"height\":54,\"caption\":\"veredes, arquitectura y divulgaci\u00f3n\"},\"image\":{\"@id\":\"https:\\\/\\\/veredes.es\\\/blog\\\/#\\\/schema\\\/logo\\\/image\\\/\"},\"sameAs\":[\"https:\\\/\\\/www.facebook.com\\\/veredesArquitecturayDivulgacion\\\/\",\"https:\\\/\\\/x.com\\\/veredes\",\"https:\\\/\\\/instagram.com\\\/veredes\\\/\",\"https:\\\/\\\/www.linkedin.com\\\/company\\\/veredes-arquitectura-y-divulgacion\\\/\",\"https:\\\/\\\/es.pinterest.com\\\/veredes\\\/\",\"https:\\\/\\\/www.tumblr.com\\\/veredes\"]},{\"@type\":\"Person\",\"@id\":\"https:\\\/\\\/veredes.es\\\/blog\\\/#\\\/schema\\\/person\\\/0bbb669073ef7faba5168a0844e93d2c\",\"name\":\"veredes\",\"image\":{\"@type\":\"ImageObject\",\"inLanguage\":\"es\",\"@id\":\"https:\\\/\\\/veredes.es\\\/blog\\\/wp-content\\\/uploads\\\/2018\\\/04\\\/face-96x96.jpg\",\"url\":\"https:\\\/\\\/veredes.es\\\/blog\\\/wp-content\\\/uploads\\\/2018\\\/04\\\/face-96x96.jpg\",\"contentUrl\":\"https:\\\/\\\/veredes.es\\\/blog\\\/wp-content\\\/uploads\\\/2018\\\/04\\\/face-96x96.jpg\",\"caption\":\"veredes\"},\"description\":\"Surge enero de 2009 como b\u00fasqueda de satisfacer el conocimiento de la actividad arquitect\u00f3nica y tangentes que se generan. La idea es crear un espacio para divulgar los diversos proyectos en busca de nueva inspiraci\u00f3n y de intercambio.\",\"sameAs\":[\"https:\\\/\\\/veredes.es\\\/\",\"https:\\\/\\\/www.facebook.com\\\/veredesArquitecturayDivulgacion\\\/\",\"https:\\\/\\\/www.instagram.com\\\/veredes\\\/\",\"https:\\\/\\\/www.linkedin.com\\\/company\\\/veredes-arquitectura-y-divulgacion\\\/\",\"https:\\\/\\\/www.pinterest.es\\\/veredes\\\/\",\"https:\\\/\\\/x.com\\\/https:\\\/\\\/twitter.com\\\/veredes\",\"https:\\\/\\\/veredes.tumblr.com\\\/\"],\"url\":\"https:\\\/\\\/veredes.es\\\/blog\\\/author\\\/alberto\\\/\"}]}<\/script>\n<!-- \/ Yoast SEO plugin. -->","yoast_head_json":{"title":"La otra realidad | trespes.arquitectos","description":"La otra realidad","robots":{"index":"index","follow":"follow","max-snippet":"max-snippet:-1","max-image-preview":"max-image-preview:large","max-video-preview":"max-video-preview:-1"},"canonical":"https:\/\/veredes.es\/blog\/la-otra-realidad-trespes-arquitectos\/","og_locale":"es_ES","og_type":"article","og_title":"La otra realidad | trespes.arquitectos","og_description":"La otra realidad","og_url":"https:\/\/veredes.es\/blog\/la-otra-realidad-trespes-arquitectos\/","og_site_name":"veredes, arquitectura y divulgaci\u00f3n","article_publisher":"https:\/\/www.facebook.com\/veredesArquitecturayDivulgacion\/","article_author":"https:\/\/www.facebook.com\/veredesArquitecturayDivulgacion\/","article_published_time":"2013-06-26T04:20:39+00:00","article_modified_time":"2023-08-03T16:35:37+00:00","og_image":[{"width":1000,"height":707,"url":"https:\/\/veredes.es\/blog\/wp-content\/uploads\/2013\/06\/tres_aur_11.jpg","type":"image\/jpeg"}],"author":"veredes","twitter_card":"summary_large_image","twitter_creator":"@https:\/\/twitter.com\/veredes","twitter_site":"@veredes","twitter_misc":{"Escrito por":"veredes","Tiempo de lectura":"9 minutos"},"schema":{"@context":"https:\/\/schema.org","@graph":[{"@type":"Article","@id":"https:\/\/veredes.es\/blog\/la-otra-realidad-trespes-arquitectos\/#article","isPartOf":{"@id":"https:\/\/veredes.es\/blog\/la-otra-realidad-trespes-arquitectos\/"},"author":{"name":"veredes","@id":"https:\/\/veredes.es\/blog\/#\/schema\/person\/0bbb669073ef7faba5168a0844e93d2c"},"headline":"La otra realidad | trespes.arquitectos","datePublished":"2013-06-26T04:20:39+00:00","dateModified":"2023-08-03T16:35:37+00:00","mainEntityOfPage":{"@id":"https:\/\/veredes.es\/blog\/la-otra-realidad-trespes-arquitectos\/"},"wordCount":1817,"commentCount":0,"publisher":{"@id":"https:\/\/veredes.es\/blog\/#organization"},"image":{"@id":"https:\/\/veredes.es\/blog\/la-otra-realidad-trespes-arquitectos\/#primaryimage"},"thumbnailUrl":"https:\/\/veredes.es\/blog\/wp-content\/uploads\/2013\/06\/tres_aur_11.jpg","keywords":["Alberte P\u00e9rez Rodr\u00edguez","arquitectura ef\u00edmera","arquitectura gallega","Carlos Mosquera del Palacio","dise\u00f1o de mobiliario","Enrique Iglesias Lima","equipamiento cultural","escenograf\u00eda","Espa\u00f1a","Galicia","magia","marcos orsi","mart\u00edn camina","trespes.arquitectos"],"articleSection":["arquitectura","efimera","equipamiento cultural","mobiliario","obras","slider principal"],"inLanguage":"es","potentialAction":[{"@type":"CommentAction","name":"Comment","target":["https:\/\/veredes.es\/blog\/la-otra-realidad-trespes-arquitectos\/#respond"]}]},{"@type":"WebPage","@id":"https:\/\/veredes.es\/blog\/la-otra-realidad-trespes-arquitectos\/","url":"https:\/\/veredes.es\/blog\/la-otra-realidad-trespes-arquitectos\/","name":"La otra realidad | trespes.arquitectos","isPartOf":{"@id":"https:\/\/veredes.es\/blog\/#website"},"primaryImageOfPage":{"@id":"https:\/\/veredes.es\/blog\/la-otra-realidad-trespes-arquitectos\/#primaryimage"},"image":{"@id":"https:\/\/veredes.es\/blog\/la-otra-realidad-trespes-arquitectos\/#primaryimage"},"thumbnailUrl":"https:\/\/veredes.es\/blog\/wp-content\/uploads\/2013\/06\/tres_aur_11.jpg","datePublished":"2013-06-26T04:20:39+00:00","dateModified":"2023-08-03T16:35:37+00:00","description":"La otra realidad","breadcrumb":{"@id":"https:\/\/veredes.es\/blog\/la-otra-realidad-trespes-arquitectos\/#breadcrumb"},"inLanguage":"es","potentialAction":[{"@type":"ReadAction","target":["https:\/\/veredes.es\/blog\/la-otra-realidad-trespes-arquitectos\/"]}]},{"@type":"ImageObject","inLanguage":"es","@id":"https:\/\/veredes.es\/blog\/la-otra-realidad-trespes-arquitectos\/#primaryimage","url":"https:\/\/veredes.es\/blog\/wp-content\/uploads\/2013\/06\/tres_aur_11.jpg","contentUrl":"https:\/\/veredes.es\/blog\/wp-content\/uploads\/2013\/06\/tres_aur_11.jpg","width":"1000","height":"707"},{"@type":"BreadcrumbList","@id":"https:\/\/veredes.es\/blog\/la-otra-realidad-trespes-arquitectos\/#breadcrumb","itemListElement":[{"@type":"ListItem","position":1,"name":"Portada","item":"https:\/\/veredes.es\/blog\/"},{"@type":"ListItem","position":2,"name":"La otra realidad | trespes.arquitectosA outra realidade | trespes.arquitectosAnother reality | trespes.arquitectos"}]},{"@type":"WebSite","@id":"https:\/\/veredes.es\/blog\/#website","url":"https:\/\/veredes.es\/blog\/","name":"veredes, arquitectura y divulgaci\u00f3n","description":"veredes","publisher":{"@id":"https:\/\/veredes.es\/blog\/#organization"},"alternateName":"veredes","potentialAction":[{"@type":"SearchAction","target":{"@type":"EntryPoint","urlTemplate":"https:\/\/veredes.es\/blog\/?s={search_term_string}"},"query-input":{"@type":"PropertyValueSpecification","valueRequired":true,"valueName":"search_term_string"}}],"inLanguage":"es"},{"@type":"Organization","@id":"https:\/\/veredes.es\/blog\/#organization","name":"veredes, arquitectura y divulgaci\u00f3n","alternateName":"veredes","url":"https:\/\/veredes.es\/blog\/","logo":{"@type":"ImageObject","inLanguage":"es","@id":"https:\/\/veredes.es\/blog\/#\/schema\/logo\/image\/","url":"https:\/\/veredes.es\/blog\/wp-content\/uploads\/2021\/12\/veredes-logo-centrado_140x54.png","contentUrl":"https:\/\/veredes.es\/blog\/wp-content\/uploads\/2021\/12\/veredes-logo-centrado_140x54.png","width":140,"height":54,"caption":"veredes, arquitectura y divulgaci\u00f3n"},"image":{"@id":"https:\/\/veredes.es\/blog\/#\/schema\/logo\/image\/"},"sameAs":["https:\/\/www.facebook.com\/veredesArquitecturayDivulgacion\/","https:\/\/x.com\/veredes","https:\/\/instagram.com\/veredes\/","https:\/\/www.linkedin.com\/company\/veredes-arquitectura-y-divulgacion\/","https:\/\/es.pinterest.com\/veredes\/","https:\/\/www.tumblr.com\/veredes"]},{"@type":"Person","@id":"https:\/\/veredes.es\/blog\/#\/schema\/person\/0bbb669073ef7faba5168a0844e93d2c","name":"veredes","image":{"@type":"ImageObject","inLanguage":"es","@id":"https:\/\/veredes.es\/blog\/wp-content\/uploads\/2018\/04\/face-96x96.jpg","url":"https:\/\/veredes.es\/blog\/wp-content\/uploads\/2018\/04\/face-96x96.jpg","contentUrl":"https:\/\/veredes.es\/blog\/wp-content\/uploads\/2018\/04\/face-96x96.jpg","caption":"veredes"},"description":"Surge enero de 2009 como b\u00fasqueda de satisfacer el conocimiento de la actividad arquitect\u00f3nica y tangentes que se generan. La idea es crear un espacio para divulgar los diversos proyectos en busca de nueva inspiraci\u00f3n y de intercambio.","sameAs":["https:\/\/veredes.es\/","https:\/\/www.facebook.com\/veredesArquitecturayDivulgacion\/","https:\/\/www.instagram.com\/veredes\/","https:\/\/www.linkedin.com\/company\/veredes-arquitectura-y-divulgacion\/","https:\/\/www.pinterest.es\/veredes\/","https:\/\/x.com\/https:\/\/twitter.com\/veredes","https:\/\/veredes.tumblr.com\/"],"url":"https:\/\/veredes.es\/blog\/author\/alberto\/"}]}},"_links":{"self":[{"href":"https:\/\/veredes.es\/blog\/wp-json\/wp\/v2\/posts\/32289","targetHints":{"allow":["GET"]}}],"collection":[{"href":"https:\/\/veredes.es\/blog\/wp-json\/wp\/v2\/posts"}],"about":[{"href":"https:\/\/veredes.es\/blog\/wp-json\/wp\/v2\/types\/post"}],"author":[{"embeddable":true,"href":"https:\/\/veredes.es\/blog\/wp-json\/wp\/v2\/users\/2"}],"replies":[{"embeddable":true,"href":"https:\/\/veredes.es\/blog\/wp-json\/wp\/v2\/comments?post=32289"}],"version-history":[{"count":0,"href":"https:\/\/veredes.es\/blog\/wp-json\/wp\/v2\/posts\/32289\/revisions"}],"wp:featuredmedia":[{"embeddable":true,"href":"https:\/\/veredes.es\/blog\/wp-json\/wp\/v2\/media\/32308"}],"wp:attachment":[{"href":"https:\/\/veredes.es\/blog\/wp-json\/wp\/v2\/media?parent=32289"}],"wp:term":[{"taxonomy":"category","embeddable":true,"href":"https:\/\/veredes.es\/blog\/wp-json\/wp\/v2\/categories?post=32289"},{"taxonomy":"post_tag","embeddable":true,"href":"https:\/\/veredes.es\/blog\/wp-json\/wp\/v2\/tags?post=32289"}],"curies":[{"name":"wp","href":"https:\/\/api.w.org\/{rel}","templated":true}]}}