{"id":31619,"date":"2013-05-24T06:00:43","date_gmt":"2013-05-24T06:00:43","guid":{"rendered":"http:\/\/veredes.es\/blog\/?p=31619"},"modified":"2015-02-09T20:08:31","modified_gmt":"2015-02-09T20:08:31","slug":"topias-utopias-becoming-real-%c2%b7-8a-festival-de-arquitectura-eme3","status":"publish","type":"post","link":"https:\/\/veredes.es\/blog\/topias-utopias-becoming-real-%c2%b7-8a-festival-de-arquitectura-eme3\/","title":{"rendered":"Topias, utopias becoming real \u00b7 8\u00aa Festival de arquitectura Eme3"},"content":{"rendered":"<p><\/p>\n<p style=\"text-align: justify;\"><strong>Participar\u00e1n 45 proyectos de 17 nacionalidades en los diferentes formatos del Festival<\/strong>. Se debatir\u00e1 y reflexionar\u00e1 sobre la recuperaci\u00f3n de espacios en desuso en el recinto de Fabra i Coats de Barcelona y en c\u00f3mo todo aquello que hasta ahora era impensable en arquitectura, urbanismo y dise\u00f1o, empieza a ser una praxis en evoluci\u00f3n para y con la sociedad.<\/p>\n<p style=\"text-align: justify;\"><strong>Barcelona, 22 de mayo de 2013.-<\/strong> Del 27 al 30 de junio, la Fabra i Coats \u2013 F\u00e0brica de Creaci\u00f3 de Barcelona y el Districte de Sant Andreu acoger\u00e1 la octava edici\u00f3n del festival de arquitectura Eme3 cuyo objetivo es descubrir, entender y compartir nuevas formas de arquitectura y urbanismo vinculadas a las realidades de las sociedades actuales, a trav\u00e9s de la reflexi\u00f3n y los intercambios entre los profesionales que participan y el p\u00fablico asistente.<\/p>\n<p style=\"text-align: justify;\">\u00a0<a href=\"http:\/\/veredes.es\/blog\/wp-content\/uploads\/2013\/05\/3-IMG_0792.jpg\"><img loading=\"lazy\" decoding=\"async\" class=\"alignnone size-full wp-image-31620\" title=\"3-IMG_0792\" src=\"http:\/\/veredes.es\/blog\/wp-content\/uploads\/2013\/05\/3-IMG_0792.jpg\" alt=\"\" width=\"620\" height=\"414\" srcset=\"https:\/\/veredes.es\/blog\/wp-content\/uploads\/2013\/05\/3-IMG_0792.jpg 620w, https:\/\/veredes.es\/blog\/wp-content\/uploads\/2013\/05\/3-IMG_0792-300x200.jpg 300w\" sizes=\"auto, (max-width: 620px) 100vw, 620px\" \/><\/a><\/p>\n<p style=\"text-align: justify;\"><strong><em>\u201cTopias, utopias becoming real\u201d,<\/em><\/strong> el paso de las utop\u00edas a la realidad, ser\u00e1 el eje tem\u00e1tico central de la edici\u00f3n de este a\u00f1o, analizando \u00e1mbitos como: los nuevos usos del espacio p\u00fablico (la autogesti\u00f3n, el empoderamiento y los procesos colaborativos); la vivienda en situaciones de crisis; y el espacio de trabajo en evoluci\u00f3n, con ejemplos como el co-working como nuevo modelo de espacio.<\/p>\n<p style=\"text-align: justify;\">La elecci\u00f3n del recinto Fabra i Coats se enmarca en esta misma reflexi\u00f3n, ya que son varias naves y espacios exteriores, muchos de ellos actualmente en desuso. Con Eme3 se favorecer\u00e1 tambi\u00e9n su dinamizaci\u00f3n cultural, no \u00fanicamente durante los d\u00edas del festival, sino durante todo el mes de julio en que la exposici\u00f3n seguir\u00e1 abierta y se realizar\u00e1n actividades abiertas propuestas por vecinos y asociaciones\u00a0 como espect\u00e1culos de danza, conciertos, talleres, video proyecciones, etc.<\/p>\n<p style=\"text-align: justify;\">El festival acoger\u00e1 la <strong>exposici\u00f3n <em>Share-it<\/em><\/strong> y la secci\u00f3n <strong><em>build-it<\/em><\/strong> con intervenciones y workshops, <strong>debates y talks<\/strong> din\u00e1micos en torno a la arquitectura y la sociedad con la participaci\u00f3n de reconocidos profesionales del \u00e1mbito de la arquitectura y el arte.<\/p>\n<p style=\"text-align: justify;\">El colectivo internacional\u00a0MAP13 sali\u00f3 seleccionado de la llamada a proyectos en la categor\u00eda <em>Build-it<\/em>, con su proyecto <em>BRICK-TOPIA<\/em>. \u00c9ste, consiste en la construcci\u00f3n de estructuras \u00a0abovedadas de ladrillo en el patio exterior del recinto de la antigua f\u00e1brica <em>Fabra i Coats<\/em>, empleando el tradicional sistema constructivo de la b\u00f3veda tabicada (o <em>volta de ma\u00f3 de pla<\/em>) junto a nuevas herramientas digitales de optimizaci\u00f3n estructural \u00a0a trav\u00e9s de la geometr\u00eda. Esta intervenci\u00f3n confiere a la plaza nuevas formas y texturas que configuran el espacio ense\u00f1\u00e1ndonos los accesos y los diversos ambientes para realizar las diferentes actividades tanto bajo la b\u00f3veda como en los espacios creados en su entorno.<\/p>\n<p style=\"text-align: justify;\">La secci\u00f3n <em>Share-it<\/em>, reunir\u00e1 las propuestas seleccionadas tras la convocatoria internacional de proyectos sobre nuevas formas de arquitectura y urbanismo. Paralelamente, se llevar\u00e1n a cabo acciones con un marcado componente de intervenci\u00f3n social que utilizar\u00e1n como escenario principal el espacio p\u00fablico de Barcelona, especialmente de Fabra i Coats. Se trata de acciones que se desarrollar\u00e1n antes, durante y despu\u00e9s del festival con el fin de acercar al p\u00fablico nuevas formas de crear arquitectura y urbanismo a trav\u00e9s de la participaci\u00f3n ciudadana.<\/p>\n<p style=\"text-align: justify;\"><strong>Presentados innovadores proyectos internacionales<\/strong><\/p>\n<p style=\"text-align: justify;\">La secci\u00f3n <em>Share-it<\/em> mostrar\u00e1 45 proyectos de 17 pa\u00edses diferentes. Algunos de ellos se han seleccionado de la llamada internacional a proyectos, mientras que otros son invitados por el propio festival con el objetivo de dar visibilidad a equipos menos reconocidos junto con otros ya consolidados.<\/p>\n<p style=\"text-align: justify;\">Entre ellos, destaca el proyecto de <strong>ZUS <\/strong>(Holanda), que se podr\u00e1 ver en la sesi\u00f3n inaugural del Festival. <strong><em>\u201cYo hago Rotterdam\u201d<\/em><\/strong> es una iniciativa de financiaci\u00f3n colectiva en la creaci\u00f3n de las ciudades, un nuevo modelo en el que los ciudadanos, a trav\u00e9s de una web y otras aplicaciones digitales, proponen desarrollos privados a peque\u00f1a escala, no burocr\u00e1ticos y de bajo presupuesto. Se presenta como una alternativa al urbanismo a gran escala y el primer ejemplo es un puente de peatones que reconectar\u00e1 el distrito central de Rotterdam con el Hofbogen, devolviendo la calidad urban\u00edstica al barrio.<\/p>\n<p style=\"text-align: justify;\">Tambi\u00e9n estar\u00e1 presente <strong> Assemble Studio<\/strong> (UK), que desarrolla exitosos proyectos de espacios p\u00fablicos en contextos urbanos complicados, ayudando a la conexi\u00f3n entre el p\u00fablico y el usuario final del espacio, con su uso real; el proyecto fotogr\u00e1fico <strong>\u201cInstant Village\u201d (Rumania) <\/strong>de Simona Rota, que muestra el sinsentido muchas veces de la planificaci\u00f3n territorial, la improvisaci\u00f3n que a veces crean situaciones de urbanismo precario; o <strong>Impossible Living (Italia)<\/strong>, que presentar\u00e1 su proyecto de reactivaciones urbanas en que a trav\u00e9s del crowdsourcing los propios ciudadanos proponen a trav\u00e9s de la web edificios abandonados a los que se les puede dar nuevos usos.<\/p>\n<p style=\"text-align: justify;\">De Espa\u00f1a tambi\u00e9n estar\u00e1n presentes en esta secci\u00f3n otros proyectos.<strong>\u201cSpanish Dream\u201d<\/strong>, del equipo Cadelasverdes, es un proyecto que propone una reflexi\u00f3n cr\u00edtica sobre la crisis econ\u00f3mica y sus consecuencias, centrado en c\u00f3mo la burbuja inmobiliaria y la especulaci\u00f3n bancaria conllevaron un pa\u00eds lleno de obras sin acabar. \u201cSpanish Dream\u201d se acerca al problema desde un punto de vista emocional, recreando escenas familiares en obras sin rematar, con escenas cotidianas en espacios que no lo son. Otro caso es <strong>\u201cEstonoesunsolar\u201d<\/strong> del estudio Gravalosdimonte, que propone crear nuevos espacios contempor\u00e1neos en los solares abandonados pero contando con las necesidades reclamadas por asociaciones y vecinos y dando respuesta a problem\u00e1ticas concretas.<\/p>\n<p style=\"text-align: justify;\">Eme3 tambi\u00e9n acoger\u00e1 algunas intervenciones como <strong>Kopf Kino<\/strong> (Alemania) de ON\/OFF, en el que a trav\u00e9s de un objeto dise\u00f1ado, un carrito de la compra con un proyector que se va moviendo por la ciudad ante transe\u00fantes curiosos que empiezan a ver el poder del objeto y espont\u00e1neamente act\u00faan rec\u00edprocamente con \u00e9l.<\/p>\n<p style=\"text-align: justify;\"><strong>Sobre Eme3<\/strong><\/p>\n<p style=\"text-align: justify;\">Cuando Eme3 arranc\u00f3 en 1999, su idea era convertirse en un espacio en el que arquitectos, urbanistas y creativos de diferentes disciplinas pudieran encontrarse y mostrar sus proyectos: trabajos innovadores, poco convencionales y que de alguna manera se escapaban de las tendencias mayoritarias en la construcci\u00f3n y la planificaci\u00f3n urbana.<\/p>\n<p style=\"text-align: justify;\">Hoy, 14 a\u00f1os despu\u00e9s de la primera edici\u00f3n, Eme3 ya se ha posicionado como una plataforma de oportunidad para la expresi\u00f3n y presentaci\u00f3n de propuestas e ideas arquitect\u00f3nicas. Un espacio de exposici\u00f3n, debate y experimentaci\u00f3n que act\u00faa como foro de interacci\u00f3n y lanzadera de propuestas que conjugan la arquitectura, el arte y el dise\u00f1o. Eme3 genera ideas que se materializan en diferentes formatos: instalaciones, proyectos urbanos, talleres, conferencias, debates y proyecciones audiovisuales y se desarrolla en varias localizaciones a trav\u00e9s de su programaci\u00f3n continua eme3_on\u00a0 y su cita anual de referencia, festival Eme3, que en sus siete ediciones ha recibido un total de 70.000 visitantes.<\/p>\n<p style=\"text-align: justify;\"><a href=\"http:\/\/www.eme3.org\/?lang=es\" target=\"_blank\">+ info<\/a><\/p>\n<p><\/p>","protected":false},"excerpt":{"rendered":"<p>Participar\u00e1n 45 proyectos de 17 nacionalidades en los diferentes formatos del Festival. Se debatir\u00e1 y reflexionar\u00e1 sobre la recuperaci\u00f3n de espacios en desuso en el recinto de Fabra i Coats de Barcelona y en c\u00f3mo todo aquello que hasta ahora era impensable en arquitectura, urbanismo y dise\u00f1o, empieza a ser una praxis en evoluci\u00f3n para [&hellip;]<\/p>\n","protected":false},"author":2,"featured_media":31620,"comment_status":"open","ping_status":"closed","sticky":false,"template":"","format":"standard","meta":{"footnotes":""},"categories":[41,1385,43,16,1382,18],"tags":[12448,7761,191,7023,7760,355,357,391,407,468,521,556,577,5719,7762,1884,1865,7452,1264,1329],"class_list":{"0":"post-31619","1":"post","2":"type-post","3":"status-publish","4":"format-standard","5":"has-post-thumbnail","7":"category-concursos","8":"category-conferencias","9":"category-cursos-talleres","10":"category-eventos","11":"category-exposiciones","12":"category-ferias","13":"tag-arquitectura","14":"tag-assemble-studio","15":"tag-barcelona","16":"tag-cadelas-verdes","17":"tag-colectivo-map13","18":"tag-concurso","19":"tag-conferencia","20":"tag-crisis","21":"tag-debate","23":"tag-espana","24":"tag-exposicion","25":"tag-festival","26":"tag-gravalos-di-monte-arquitectos","27":"tag-kopf-kino","28":"tag-realidad-urbana","29":"tag-reflexion","30":"tag-simona-rota","31":"tag-taller","32":"tag-utopia"},"yoast_head":"<!-- This site is optimized with the Yoast SEO plugin v27.5 - https:\/\/yoast.com\/product\/yoast-seo-wordpress\/ -->\n<title>Topias, utopias becoming real \u00b7 8\u00aa Festival de arquitectura Eme3Topias, utopias becoming real \u00b7 8\u00aa Festival de arquitectura Eme3Topias, utopias becoming real \u00b7 8\u00aa Festival of architecture Eme3 - veredes<\/title>\n<meta name=\"description\" content=\"Toda la informaci\u00f3n sobre: Topias, utopias becoming real \u00b7 8\u00aa Festival de arquitectura Eme3Topias, utopias becoming real \u00b7 8\u00aa Festival de arquitectura Eme3Topias, utopias becoming real \u00b7 8\u00aa Festival of architecture Eme3\" \/>\n<meta name=\"robots\" content=\"index, follow, max-snippet:-1, max-image-preview:large, max-video-preview:-1\" \/>\n<link rel=\"canonical\" href=\"https:\/\/veredes.es\/blog\/topias-utopias-becoming-real-\u00b7-8a-festival-de-arquitectura-eme3\/\" \/>\n<meta property=\"og:locale\" content=\"es_ES\" \/>\n<meta property=\"og:type\" content=\"article\" \/>\n<meta property=\"og:title\" content=\"Topias, utopias becoming real \u00b7 8\u00aa Festival de arquitectura Eme3Topias, utopias becoming real \u00b7 8\u00aa Festival de arquitectura Eme3Topias, utopias becoming real \u00b7 8\u00aa Festival of architecture Eme3 - veredes\" \/>\n<meta property=\"og:description\" content=\"Toda la informaci\u00f3n sobre: Topias, utopias becoming real \u00b7 8\u00aa Festival de arquitectura Eme3Topias, utopias becoming real \u00b7 8\u00aa Festival de arquitectura Eme3Topias, utopias becoming real \u00b7 8\u00aa Festival of architecture Eme3\" \/>\n<meta property=\"og:url\" content=\"https:\/\/veredes.es\/blog\/topias-utopias-becoming-real-\u00b7-8a-festival-de-arquitectura-eme3\/\" \/>\n<meta property=\"og:site_name\" content=\"veredes, arquitectura y divulgaci\u00f3n\" \/>\n<meta property=\"article:publisher\" content=\"https:\/\/www.facebook.com\/veredesArquitecturayDivulgacion\/\" \/>\n<meta property=\"article:author\" content=\"https:\/\/www.facebook.com\/veredesArquitecturayDivulgacion\/\" \/>\n<meta property=\"article:published_time\" content=\"2013-05-24T06:00:43+00:00\" \/>\n<meta property=\"article:modified_time\" content=\"2015-02-09T20:08:31+00:00\" \/>\n<meta property=\"og:image\" content=\"https:\/\/veredes.es\/blog\/wp-content\/uploads\/2013\/05\/3-IMG_0792.jpg\" \/>\n\t<meta property=\"og:image:width\" content=\"620\" \/>\n\t<meta property=\"og:image:height\" content=\"414\" \/>\n\t<meta property=\"og:image:type\" content=\"image\/jpeg\" \/>\n<meta name=\"author\" content=\"veredes\" \/>\n<meta name=\"twitter:card\" content=\"summary_large_image\" \/>\n<meta name=\"twitter:creator\" content=\"@https:\/\/twitter.com\/veredes\" \/>\n<meta name=\"twitter:site\" content=\"@veredes\" \/>\n<meta name=\"twitter:label1\" content=\"Escrito por\" \/>\n\t<meta name=\"twitter:data1\" content=\"veredes\" \/>\n\t<meta name=\"twitter:label2\" content=\"Tiempo de lectura\" \/>\n\t<meta name=\"twitter:data2\" content=\"17 minutos\" \/>\n<script type=\"application\/ld+json\" class=\"yoast-schema-graph\">{\"@context\":\"https:\\\/\\\/schema.org\",\"@graph\":[{\"@type\":\"Article\",\"@id\":\"https:\\\/\\\/veredes.es\\\/blog\\\/topias-utopias-becoming-real-%c2%b7-8a-festival-de-arquitectura-eme3\\\/#article\",\"isPartOf\":{\"@id\":\"https:\\\/\\\/veredes.es\\\/blog\\\/topias-utopias-becoming-real-%c2%b7-8a-festival-de-arquitectura-eme3\\\/\"},\"author\":{\"name\":\"veredes\",\"@id\":\"https:\\\/\\\/veredes.es\\\/blog\\\/#\\\/schema\\\/person\\\/0bbb669073ef7faba5168a0844e93d2c\"},\"headline\":\"Topias, utopias becoming real \u00b7 8\u00aa Festival de arquitectura Eme3\",\"datePublished\":\"2013-05-24T06:00:43+00:00\",\"dateModified\":\"2015-02-09T20:08:31+00:00\",\"mainEntityOfPage\":{\"@id\":\"https:\\\/\\\/veredes.es\\\/blog\\\/topias-utopias-becoming-real-%c2%b7-8a-festival-de-arquitectura-eme3\\\/\"},\"wordCount\":3367,\"commentCount\":0,\"publisher\":{\"@id\":\"https:\\\/\\\/veredes.es\\\/blog\\\/#organization\"},\"image\":{\"@id\":\"https:\\\/\\\/veredes.es\\\/blog\\\/topias-utopias-becoming-real-%c2%b7-8a-festival-de-arquitectura-eme3\\\/#primaryimage\"},\"thumbnailUrl\":\"https:\\\/\\\/veredes.es\\\/blog\\\/wp-content\\\/uploads\\\/2013\\\/05\\\/3-IMG_0792.jpg\",\"keywords\":[\"arquitectura\",\"Assemble Studio\",\"Barcelona\",\"Cadelas Verdes\",\"colectivo map13\",\"concurso\",\"conferencia\",\"crisis\",\"debate\",\"eme3\",\"Espa\u00f1a\",\"exposici\u00f3n\",\"festival\",\"gravalos &amp; di monte arquitectos\",\"kopf kino\",\"realidad urbana\",\"reflexi\u00f3n\",\"simona rota\",\"taller\",\"utopia\"],\"articleSection\":[\"concursos\",\"conferencias\",\"cursos-talleres\",\"eventos\",\"exposiciones\",\"ferias\"],\"inLanguage\":\"es\",\"potentialAction\":[{\"@type\":\"CommentAction\",\"name\":\"Comment\",\"target\":[\"https:\\\/\\\/veredes.es\\\/blog\\\/topias-utopias-becoming-real-%c2%b7-8a-festival-de-arquitectura-eme3\\\/#respond\"]}]},{\"@type\":\"WebPage\",\"@id\":\"https:\\\/\\\/veredes.es\\\/blog\\\/topias-utopias-becoming-real-%c2%b7-8a-festival-de-arquitectura-eme3\\\/\",\"url\":\"https:\\\/\\\/veredes.es\\\/blog\\\/topias-utopias-becoming-real-%c2%b7-8a-festival-de-arquitectura-eme3\\\/\",\"name\":\"Topias, utopias becoming real \u00b7 8\u00aa Festival de arquitectura Eme3Topias, utopias becoming real \u00b7 8\u00aa Festival de arquitectura Eme3Topias, utopias becoming real \u00b7 8\u00aa Festival of architecture Eme3 - veredes\",\"isPartOf\":{\"@id\":\"https:\\\/\\\/veredes.es\\\/blog\\\/#website\"},\"primaryImageOfPage\":{\"@id\":\"https:\\\/\\\/veredes.es\\\/blog\\\/topias-utopias-becoming-real-%c2%b7-8a-festival-de-arquitectura-eme3\\\/#primaryimage\"},\"image\":{\"@id\":\"https:\\\/\\\/veredes.es\\\/blog\\\/topias-utopias-becoming-real-%c2%b7-8a-festival-de-arquitectura-eme3\\\/#primaryimage\"},\"thumbnailUrl\":\"https:\\\/\\\/veredes.es\\\/blog\\\/wp-content\\\/uploads\\\/2013\\\/05\\\/3-IMG_0792.jpg\",\"datePublished\":\"2013-05-24T06:00:43+00:00\",\"dateModified\":\"2015-02-09T20:08:31+00:00\",\"description\":\"Toda la informaci\u00f3n sobre: Topias, utopias becoming real \u00b7 8\u00aa Festival de arquitectura Eme3Topias, utopias becoming real \u00b7 8\u00aa Festival de arquitectura Eme3Topias, utopias becoming real \u00b7 8\u00aa Festival of architecture Eme3\",\"breadcrumb\":{\"@id\":\"https:\\\/\\\/veredes.es\\\/blog\\\/topias-utopias-becoming-real-%c2%b7-8a-festival-de-arquitectura-eme3\\\/#breadcrumb\"},\"inLanguage\":\"es\",\"potentialAction\":[{\"@type\":\"ReadAction\",\"target\":[\"https:\\\/\\\/veredes.es\\\/blog\\\/topias-utopias-becoming-real-%c2%b7-8a-festival-de-arquitectura-eme3\\\/\"]}]},{\"@type\":\"ImageObject\",\"inLanguage\":\"es\",\"@id\":\"https:\\\/\\\/veredes.es\\\/blog\\\/topias-utopias-becoming-real-%c2%b7-8a-festival-de-arquitectura-eme3\\\/#primaryimage\",\"url\":\"https:\\\/\\\/veredes.es\\\/blog\\\/wp-content\\\/uploads\\\/2013\\\/05\\\/3-IMG_0792.jpg\",\"contentUrl\":\"https:\\\/\\\/veredes.es\\\/blog\\\/wp-content\\\/uploads\\\/2013\\\/05\\\/3-IMG_0792.jpg\",\"width\":\"620\",\"height\":\"414\"},{\"@type\":\"BreadcrumbList\",\"@id\":\"https:\\\/\\\/veredes.es\\\/blog\\\/topias-utopias-becoming-real-%c2%b7-8a-festival-de-arquitectura-eme3\\\/#breadcrumb\",\"itemListElement\":[{\"@type\":\"ListItem\",\"position\":1,\"name\":\"Portada\",\"item\":\"https:\\\/\\\/veredes.es\\\/blog\\\/\"},{\"@type\":\"ListItem\",\"position\":2,\"name\":\"Topias, utopias becoming real \u00b7 8\u00aa Festival de arquitectura Eme3\"}]},{\"@type\":\"WebSite\",\"@id\":\"https:\\\/\\\/veredes.es\\\/blog\\\/#website\",\"url\":\"https:\\\/\\\/veredes.es\\\/blog\\\/\",\"name\":\"veredes, arquitectura y divulgaci\u00f3n\",\"description\":\"veredes\",\"publisher\":{\"@id\":\"https:\\\/\\\/veredes.es\\\/blog\\\/#organization\"},\"alternateName\":\"veredes\",\"potentialAction\":[{\"@type\":\"SearchAction\",\"target\":{\"@type\":\"EntryPoint\",\"urlTemplate\":\"https:\\\/\\\/veredes.es\\\/blog\\\/?s={search_term_string}\"},\"query-input\":{\"@type\":\"PropertyValueSpecification\",\"valueRequired\":true,\"valueName\":\"search_term_string\"}}],\"inLanguage\":\"es\"},{\"@type\":\"Organization\",\"@id\":\"https:\\\/\\\/veredes.es\\\/blog\\\/#organization\",\"name\":\"veredes, arquitectura y divulgaci\u00f3n\",\"alternateName\":\"veredes\",\"url\":\"https:\\\/\\\/veredes.es\\\/blog\\\/\",\"logo\":{\"@type\":\"ImageObject\",\"inLanguage\":\"es\",\"@id\":\"https:\\\/\\\/veredes.es\\\/blog\\\/#\\\/schema\\\/logo\\\/image\\\/\",\"url\":\"https:\\\/\\\/veredes.es\\\/blog\\\/wp-content\\\/uploads\\\/2021\\\/12\\\/veredes-logo-centrado_140x54.png\",\"contentUrl\":\"https:\\\/\\\/veredes.es\\\/blog\\\/wp-content\\\/uploads\\\/2021\\\/12\\\/veredes-logo-centrado_140x54.png\",\"width\":140,\"height\":54,\"caption\":\"veredes, arquitectura y divulgaci\u00f3n\"},\"image\":{\"@id\":\"https:\\\/\\\/veredes.es\\\/blog\\\/#\\\/schema\\\/logo\\\/image\\\/\"},\"sameAs\":[\"https:\\\/\\\/www.facebook.com\\\/veredesArquitecturayDivulgacion\\\/\",\"https:\\\/\\\/x.com\\\/veredes\",\"https:\\\/\\\/instagram.com\\\/veredes\\\/\",\"https:\\\/\\\/www.linkedin.com\\\/company\\\/veredes-arquitectura-y-divulgacion\\\/\",\"https:\\\/\\\/es.pinterest.com\\\/veredes\\\/\",\"https:\\\/\\\/www.tumblr.com\\\/veredes\"]},{\"@type\":\"Person\",\"@id\":\"https:\\\/\\\/veredes.es\\\/blog\\\/#\\\/schema\\\/person\\\/0bbb669073ef7faba5168a0844e93d2c\",\"name\":\"veredes\",\"image\":{\"@type\":\"ImageObject\",\"inLanguage\":\"es\",\"@id\":\"https:\\\/\\\/veredes.es\\\/blog\\\/wp-content\\\/uploads\\\/2018\\\/04\\\/face-96x96.jpg\",\"url\":\"https:\\\/\\\/veredes.es\\\/blog\\\/wp-content\\\/uploads\\\/2018\\\/04\\\/face-96x96.jpg\",\"contentUrl\":\"https:\\\/\\\/veredes.es\\\/blog\\\/wp-content\\\/uploads\\\/2018\\\/04\\\/face-96x96.jpg\",\"caption\":\"veredes\"},\"description\":\"Surge enero de 2009 como b\u00fasqueda de satisfacer el conocimiento de la actividad arquitect\u00f3nica y tangentes que se generan. La idea es crear un espacio para divulgar los diversos proyectos en busca de nueva inspiraci\u00f3n y de intercambio.\",\"sameAs\":[\"https:\\\/\\\/veredes.es\\\/\",\"https:\\\/\\\/www.facebook.com\\\/veredesArquitecturayDivulgacion\\\/\",\"https:\\\/\\\/www.instagram.com\\\/veredes\\\/\",\"https:\\\/\\\/www.linkedin.com\\\/company\\\/veredes-arquitectura-y-divulgacion\\\/\",\"https:\\\/\\\/www.pinterest.es\\\/veredes\\\/\",\"https:\\\/\\\/x.com\\\/https:\\\/\\\/twitter.com\\\/veredes\",\"https:\\\/\\\/veredes.tumblr.com\\\/\"],\"url\":\"https:\\\/\\\/veredes.es\\\/blog\\\/author\\\/alberto\\\/\"}]}<\/script>\n<!-- \/ Yoast SEO plugin. -->","yoast_head_json":{"title":"Topias, utopias becoming real \u00b7 8\u00aa Festival de arquitectura Eme3Topias, utopias becoming real \u00b7 8\u00aa Festival de arquitectura Eme3Topias, utopias becoming real \u00b7 8\u00aa Festival of architecture Eme3 - veredes","description":"Toda la informaci\u00f3n sobre: Topias, utopias becoming real \u00b7 8\u00aa Festival de arquitectura Eme3Topias, utopias becoming real \u00b7 8\u00aa Festival de arquitectura Eme3Topias, utopias becoming real \u00b7 8\u00aa Festival of architecture Eme3","robots":{"index":"index","follow":"follow","max-snippet":"max-snippet:-1","max-image-preview":"max-image-preview:large","max-video-preview":"max-video-preview:-1"},"canonical":"https:\/\/veredes.es\/blog\/topias-utopias-becoming-real-\u00b7-8a-festival-de-arquitectura-eme3\/","og_locale":"es_ES","og_type":"article","og_title":"Topias, utopias becoming real \u00b7 8\u00aa Festival de arquitectura Eme3Topias, utopias becoming real \u00b7 8\u00aa Festival de arquitectura Eme3Topias, utopias becoming real \u00b7 8\u00aa Festival of architecture Eme3 - veredes","og_description":"Toda la informaci\u00f3n sobre: Topias, utopias becoming real \u00b7 8\u00aa Festival de arquitectura Eme3Topias, utopias becoming real \u00b7 8\u00aa Festival de arquitectura Eme3Topias, utopias becoming real \u00b7 8\u00aa Festival of architecture Eme3","og_url":"https:\/\/veredes.es\/blog\/topias-utopias-becoming-real-\u00b7-8a-festival-de-arquitectura-eme3\/","og_site_name":"veredes, arquitectura y divulgaci\u00f3n","article_publisher":"https:\/\/www.facebook.com\/veredesArquitecturayDivulgacion\/","article_author":"https:\/\/www.facebook.com\/veredesArquitecturayDivulgacion\/","article_published_time":"2013-05-24T06:00:43+00:00","article_modified_time":"2015-02-09T20:08:31+00:00","og_image":[{"width":620,"height":414,"url":"https:\/\/veredes.es\/blog\/wp-content\/uploads\/2013\/05\/3-IMG_0792.jpg","type":"image\/jpeg"}],"author":"veredes","twitter_card":"summary_large_image","twitter_creator":"@https:\/\/twitter.com\/veredes","twitter_site":"@veredes","twitter_misc":{"Escrito por":"veredes","Tiempo de lectura":"17 minutos"},"schema":{"@context":"https:\/\/schema.org","@graph":[{"@type":"Article","@id":"https:\/\/veredes.es\/blog\/topias-utopias-becoming-real-%c2%b7-8a-festival-de-arquitectura-eme3\/#article","isPartOf":{"@id":"https:\/\/veredes.es\/blog\/topias-utopias-becoming-real-%c2%b7-8a-festival-de-arquitectura-eme3\/"},"author":{"name":"veredes","@id":"https:\/\/veredes.es\/blog\/#\/schema\/person\/0bbb669073ef7faba5168a0844e93d2c"},"headline":"Topias, utopias becoming real \u00b7 8\u00aa Festival de arquitectura Eme3","datePublished":"2013-05-24T06:00:43+00:00","dateModified":"2015-02-09T20:08:31+00:00","mainEntityOfPage":{"@id":"https:\/\/veredes.es\/blog\/topias-utopias-becoming-real-%c2%b7-8a-festival-de-arquitectura-eme3\/"},"wordCount":3367,"commentCount":0,"publisher":{"@id":"https:\/\/veredes.es\/blog\/#organization"},"image":{"@id":"https:\/\/veredes.es\/blog\/topias-utopias-becoming-real-%c2%b7-8a-festival-de-arquitectura-eme3\/#primaryimage"},"thumbnailUrl":"https:\/\/veredes.es\/blog\/wp-content\/uploads\/2013\/05\/3-IMG_0792.jpg","keywords":["arquitectura","Assemble Studio","Barcelona","Cadelas Verdes","colectivo map13","concurso","conferencia","crisis","debate","eme3","Espa\u00f1a","exposici\u00f3n","festival","gravalos &amp; di monte arquitectos","kopf kino","realidad urbana","reflexi\u00f3n","simona rota","taller","utopia"],"articleSection":["concursos","conferencias","cursos-talleres","eventos","exposiciones","ferias"],"inLanguage":"es","potentialAction":[{"@type":"CommentAction","name":"Comment","target":["https:\/\/veredes.es\/blog\/topias-utopias-becoming-real-%c2%b7-8a-festival-de-arquitectura-eme3\/#respond"]}]},{"@type":"WebPage","@id":"https:\/\/veredes.es\/blog\/topias-utopias-becoming-real-%c2%b7-8a-festival-de-arquitectura-eme3\/","url":"https:\/\/veredes.es\/blog\/topias-utopias-becoming-real-%c2%b7-8a-festival-de-arquitectura-eme3\/","name":"Topias, utopias becoming real \u00b7 8\u00aa Festival de arquitectura Eme3Topias, utopias becoming real \u00b7 8\u00aa Festival de arquitectura Eme3Topias, utopias becoming real \u00b7 8\u00aa Festival of architecture Eme3 - veredes","isPartOf":{"@id":"https:\/\/veredes.es\/blog\/#website"},"primaryImageOfPage":{"@id":"https:\/\/veredes.es\/blog\/topias-utopias-becoming-real-%c2%b7-8a-festival-de-arquitectura-eme3\/#primaryimage"},"image":{"@id":"https:\/\/veredes.es\/blog\/topias-utopias-becoming-real-%c2%b7-8a-festival-de-arquitectura-eme3\/#primaryimage"},"thumbnailUrl":"https:\/\/veredes.es\/blog\/wp-content\/uploads\/2013\/05\/3-IMG_0792.jpg","datePublished":"2013-05-24T06:00:43+00:00","dateModified":"2015-02-09T20:08:31+00:00","description":"Toda la informaci\u00f3n sobre: Topias, utopias becoming real \u00b7 8\u00aa Festival de arquitectura Eme3Topias, utopias becoming real \u00b7 8\u00aa Festival de arquitectura Eme3Topias, utopias becoming real \u00b7 8\u00aa Festival of architecture Eme3","breadcrumb":{"@id":"https:\/\/veredes.es\/blog\/topias-utopias-becoming-real-%c2%b7-8a-festival-de-arquitectura-eme3\/#breadcrumb"},"inLanguage":"es","potentialAction":[{"@type":"ReadAction","target":["https:\/\/veredes.es\/blog\/topias-utopias-becoming-real-%c2%b7-8a-festival-de-arquitectura-eme3\/"]}]},{"@type":"ImageObject","inLanguage":"es","@id":"https:\/\/veredes.es\/blog\/topias-utopias-becoming-real-%c2%b7-8a-festival-de-arquitectura-eme3\/#primaryimage","url":"https:\/\/veredes.es\/blog\/wp-content\/uploads\/2013\/05\/3-IMG_0792.jpg","contentUrl":"https:\/\/veredes.es\/blog\/wp-content\/uploads\/2013\/05\/3-IMG_0792.jpg","width":"620","height":"414"},{"@type":"BreadcrumbList","@id":"https:\/\/veredes.es\/blog\/topias-utopias-becoming-real-%c2%b7-8a-festival-de-arquitectura-eme3\/#breadcrumb","itemListElement":[{"@type":"ListItem","position":1,"name":"Portada","item":"https:\/\/veredes.es\/blog\/"},{"@type":"ListItem","position":2,"name":"Topias, utopias becoming real \u00b7 8\u00aa Festival de arquitectura Eme3"}]},{"@type":"WebSite","@id":"https:\/\/veredes.es\/blog\/#website","url":"https:\/\/veredes.es\/blog\/","name":"veredes, arquitectura y divulgaci\u00f3n","description":"veredes","publisher":{"@id":"https:\/\/veredes.es\/blog\/#organization"},"alternateName":"veredes","potentialAction":[{"@type":"SearchAction","target":{"@type":"EntryPoint","urlTemplate":"https:\/\/veredes.es\/blog\/?s={search_term_string}"},"query-input":{"@type":"PropertyValueSpecification","valueRequired":true,"valueName":"search_term_string"}}],"inLanguage":"es"},{"@type":"Organization","@id":"https:\/\/veredes.es\/blog\/#organization","name":"veredes, arquitectura y divulgaci\u00f3n","alternateName":"veredes","url":"https:\/\/veredes.es\/blog\/","logo":{"@type":"ImageObject","inLanguage":"es","@id":"https:\/\/veredes.es\/blog\/#\/schema\/logo\/image\/","url":"https:\/\/veredes.es\/blog\/wp-content\/uploads\/2021\/12\/veredes-logo-centrado_140x54.png","contentUrl":"https:\/\/veredes.es\/blog\/wp-content\/uploads\/2021\/12\/veredes-logo-centrado_140x54.png","width":140,"height":54,"caption":"veredes, arquitectura y divulgaci\u00f3n"},"image":{"@id":"https:\/\/veredes.es\/blog\/#\/schema\/logo\/image\/"},"sameAs":["https:\/\/www.facebook.com\/veredesArquitecturayDivulgacion\/","https:\/\/x.com\/veredes","https:\/\/instagram.com\/veredes\/","https:\/\/www.linkedin.com\/company\/veredes-arquitectura-y-divulgacion\/","https:\/\/es.pinterest.com\/veredes\/","https:\/\/www.tumblr.com\/veredes"]},{"@type":"Person","@id":"https:\/\/veredes.es\/blog\/#\/schema\/person\/0bbb669073ef7faba5168a0844e93d2c","name":"veredes","image":{"@type":"ImageObject","inLanguage":"es","@id":"https:\/\/veredes.es\/blog\/wp-content\/uploads\/2018\/04\/face-96x96.jpg","url":"https:\/\/veredes.es\/blog\/wp-content\/uploads\/2018\/04\/face-96x96.jpg","contentUrl":"https:\/\/veredes.es\/blog\/wp-content\/uploads\/2018\/04\/face-96x96.jpg","caption":"veredes"},"description":"Surge enero de 2009 como b\u00fasqueda de satisfacer el conocimiento de la actividad arquitect\u00f3nica y tangentes que se generan. La idea es crear un espacio para divulgar los diversos proyectos en busca de nueva inspiraci\u00f3n y de intercambio.","sameAs":["https:\/\/veredes.es\/","https:\/\/www.facebook.com\/veredesArquitecturayDivulgacion\/","https:\/\/www.instagram.com\/veredes\/","https:\/\/www.linkedin.com\/company\/veredes-arquitectura-y-divulgacion\/","https:\/\/www.pinterest.es\/veredes\/","https:\/\/x.com\/https:\/\/twitter.com\/veredes","https:\/\/veredes.tumblr.com\/"],"url":"https:\/\/veredes.es\/blog\/author\/alberto\/"}]}},"_links":{"self":[{"href":"https:\/\/veredes.es\/blog\/wp-json\/wp\/v2\/posts\/31619","targetHints":{"allow":["GET"]}}],"collection":[{"href":"https:\/\/veredes.es\/blog\/wp-json\/wp\/v2\/posts"}],"about":[{"href":"https:\/\/veredes.es\/blog\/wp-json\/wp\/v2\/types\/post"}],"author":[{"embeddable":true,"href":"https:\/\/veredes.es\/blog\/wp-json\/wp\/v2\/users\/2"}],"replies":[{"embeddable":true,"href":"https:\/\/veredes.es\/blog\/wp-json\/wp\/v2\/comments?post=31619"}],"version-history":[{"count":0,"href":"https:\/\/veredes.es\/blog\/wp-json\/wp\/v2\/posts\/31619\/revisions"}],"wp:featuredmedia":[{"embeddable":true,"href":"https:\/\/veredes.es\/blog\/wp-json\/wp\/v2\/media\/31620"}],"wp:attachment":[{"href":"https:\/\/veredes.es\/blog\/wp-json\/wp\/v2\/media?parent=31619"}],"wp:term":[{"taxonomy":"category","embeddable":true,"href":"https:\/\/veredes.es\/blog\/wp-json\/wp\/v2\/categories?post=31619"},{"taxonomy":"post_tag","embeddable":true,"href":"https:\/\/veredes.es\/blog\/wp-json\/wp\/v2\/tags?post=31619"}],"curies":[{"name":"wp","href":"https:\/\/api.w.org\/{rel}","templated":true}]}}