{"id":3158,"date":"2010-03-04T09:49:07","date_gmt":"2010-03-04T08:49:07","guid":{"rendered":"http:\/\/veredes.es\/blog\/?p=3158"},"modified":"2020-02-10T19:17:22","modified_gmt":"2020-02-10T18:17:22","slug":"rehabilita-2010","status":"publish","type":"post","link":"https:\/\/veredes.es\/blog\/rehabilita-2010\/","title":{"rendered":"Rehabilita 2010"},"content":{"rendered":"<p><\/p>\n<p style=\"text-align: justify;\">La quinta edici\u00f3n de las jornadas sobre la rehabilitaci\u00f3n arquitect\u00f3nica del Patrimonio Hist\u00f3rico se desarrolla este jueves, d\u00eda 4 de marzo, en el Convento de Las Claras de Plasencia.<br \/>\nEste jueves, a las 10:15 horas, dar\u00e1 comienzo la quinta edici\u00f3n de Rehabilita, unas jornadas sobre rehabilitaci\u00f3n arquitect\u00f3nica de edificios hist\u00f3ricos que re\u00fanen en Plasencia a los arquitectos del momento m\u00e1s destacados en rehabilitaci\u00f3n de elementos patrimoniales.<\/p>\n<p style=\"text-align: justify;\"><a href=\"https:\/\/veredes.es\/blog\/wp-content\/uploads\/2010\/03\/38326region.jpg\"><img loading=\"lazy\" decoding=\"async\" class=\"alignnone size-full wp-image-3159\" title=\"38326region\" src=\"https:\/\/veredes.es\/blog\/wp-content\/uploads\/2010\/03\/38326region.jpg\" alt=\"\" width=\"300\" height=\"300\" \/><\/a><\/p>\n<p style=\"text-align: justify;\">Las jornadas intentan acercar los proyectos extreme\u00f1os de rehabilitaci\u00f3n a los que se desarrollan en otros lugares de Espa\u00f1a y de Portugal.<br \/>\nLa organizaci\u00f3n y coordinaci\u00f3n de este evento anual es una iniciativa del \u00e1rea de Patrimonio del Ayuntamiento de Plasencia y de su titular, M\u00f3nica Garc\u00eda, en coordinaci\u00f3n con la Oficina ARI de la localidad y su director, Roberto Rubiolo, tambi\u00e9n arquitecto de proyectos de recuperaci\u00f3n ya emblem\u00e1ticos en la regi\u00f3n como el de la Iglesia de La Magdalena de la localidad placentina, seg\u00fan detalla Arqveocheck en nota de prensa.<\/p>\n<p>El Consejero de Fomento, Jos\u00e9 Luis Quintana y la Alcaldesa de Plasencia, inaugurar\u00e1n oficialmente la edici\u00f3n de este a\u00f1o, Rehabilita 2010, que contar\u00e1 con la presencia de Eleuterio S\u00e1nchez Vaca y Juan Fern\u00e1ndez Retortillo Garc\u00eda, por la rehabilitaci\u00f3n del Edificio Valhondo para Hotel Don Fernando en C\u00e1ceres; Francisco Hip\u00f3lito Ojalvo y Carlos Garc\u00eda Guevara, por la rehabilitaci\u00f3n del Real Monasterio de Santa Ana de Badajoz; Jos\u00e9 Luis Hern\u00e1ndez Castro por la rehabilitaci\u00f3n del Palacio Episcopal de Coria y otras<br \/>\nrehabilitaciones en C\u00e1ceres; y Felipe Pascual Esp\u00e1riz, por la rehabilitaci\u00f3n del Palacio Carvajal Gir\u00f3n, en Plasencia.<\/p>\n<p>Los proyectos no extreme\u00f1os que se presentan en esta ocasi\u00f3n son el Museo de Arte Sacro en \u00c9vora, Portugal, obra del arquitecto Joao Luis Carrilho Da Graca; y la Restauraci\u00f3n del Monasterio de Sant Llorenc Prop Bag\u00e1 Barcelona, de Antoni Gonz\u00e1lez Moreno-Navarro.<\/p>\n<p>Arqveocheck, una de las principales empresas de Arqueolog\u00eda y Patrimonio Hist\u00f3rico-Art\u00edstico del panorama nacional, patrocina e impulsa por segundo a\u00f1o consecutivo las jornadas Rehabilita por considerar que las mismas son ya una convocatoria de referencia entre los arquitectos dedicados a la rehabilitaci\u00f3n del Patrimonio, que acuden a intercambiar experiencias y conocimientos.<\/p>\n<p><span style=\"color: #888888;\">+ www.regiondigital.com<\/span><\/p>","protected":false},"excerpt":{"rendered":"<p>La quinta edici\u00f3n de las jornadas sobre la rehabilitaci\u00f3n arquitect\u00f3nica del Patrimonio Hist\u00f3rico se desarrolla este jueves, d\u00eda 4 de marzo, en el Convento de Las Claras de Plasencia. Este jueves, a las 10:15 horas, dar\u00e1 comienzo la quinta edici\u00f3n de Rehabilita, unas jornadas sobre rehabilitaci\u00f3n arquitect\u00f3nica de edificios hist\u00f3ricos que re\u00fanen en Plasencia a [&hellip;]<\/p>\n","protected":false},"author":2,"featured_media":3159,"comment_status":"open","ping_status":"closed","sticky":false,"template":"","format":"standard","meta":{"footnotes":""},"categories":[1385,16],"tags":[1004,1064,12464],"class_list":{"0":"post-3158","1":"post","2":"type-post","3":"status-publish","4":"format-standard","5":"has-post-thumbnail","7":"category-conferencias","8":"category-eventos","9":"tag-patrimonio-historico","10":"tag-plasencia","11":"tag-rehabilitacion"},"yoast_head":"<!-- This site is optimized with the Yoast SEO plugin v27.5 - https:\/\/yoast.com\/product\/yoast-seo-wordpress\/ -->\n<title>Rehabilita 2010 - veredes<\/title>\n<meta name=\"description\" content=\"Toda la informaci\u00f3n sobre: Rehabilita 2010\" \/>\n<meta name=\"robots\" content=\"index, follow, max-snippet:-1, max-image-preview:large, max-video-preview:-1\" \/>\n<link rel=\"canonical\" href=\"https:\/\/veredes.es\/blog\/rehabilita-2010\/\" \/>\n<meta property=\"og:locale\" content=\"es_ES\" \/>\n<meta property=\"og:type\" content=\"article\" \/>\n<meta property=\"og:title\" content=\"Rehabilita 2010 - veredes\" \/>\n<meta property=\"og:description\" content=\"Toda la informaci\u00f3n sobre: Rehabilita 2010\" \/>\n<meta property=\"og:url\" content=\"https:\/\/veredes.es\/blog\/rehabilita-2010\/\" \/>\n<meta property=\"og:site_name\" content=\"veredes, arquitectura y divulgaci\u00f3n\" \/>\n<meta property=\"article:publisher\" content=\"https:\/\/www.facebook.com\/veredesArquitecturayDivulgacion\/\" \/>\n<meta property=\"article:author\" content=\"https:\/\/www.facebook.com\/veredesArquitecturayDivulgacion\/\" \/>\n<meta property=\"article:published_time\" content=\"2010-03-04T08:49:07+00:00\" \/>\n<meta property=\"article:modified_time\" content=\"2020-02-10T18:17:22+00:00\" \/>\n<meta property=\"og:image\" content=\"https:\/\/veredes.es\/blog\/wp-content\/uploads\/2010\/03\/38326region1.jpg\" \/>\n\t<meta property=\"og:image:width\" content=\"300\" \/>\n\t<meta property=\"og:image:height\" content=\"300\" \/>\n\t<meta property=\"og:image:type\" content=\"image\/jpeg\" \/>\n<meta name=\"author\" content=\"veredes\" \/>\n<meta name=\"twitter:card\" content=\"summary_large_image\" \/>\n<meta name=\"twitter:creator\" content=\"@https:\/\/twitter.com\/veredes\" \/>\n<meta name=\"twitter:site\" content=\"@veredes\" \/>\n<meta name=\"twitter:label1\" content=\"Escrito por\" \/>\n\t<meta name=\"twitter:data1\" content=\"veredes\" \/>\n\t<meta name=\"twitter:label2\" content=\"Tiempo de lectura\" \/>\n\t<meta name=\"twitter:data2\" content=\"5 minutos\" \/>\n<script type=\"application\/ld+json\" class=\"yoast-schema-graph\">{\"@context\":\"https:\\\/\\\/schema.org\",\"@graph\":[{\"@type\":\"Article\",\"@id\":\"https:\\\/\\\/veredes.es\\\/blog\\\/rehabilita-2010\\\/#article\",\"isPartOf\":{\"@id\":\"https:\\\/\\\/veredes.es\\\/blog\\\/rehabilita-2010\\\/\"},\"author\":{\"name\":\"veredes\",\"@id\":\"https:\\\/\\\/veredes.es\\\/blog\\\/#\\\/schema\\\/person\\\/0bbb669073ef7faba5168a0844e93d2c\"},\"headline\":\"Rehabilita 2010\",\"datePublished\":\"2010-03-04T08:49:07+00:00\",\"dateModified\":\"2020-02-10T18:17:22+00:00\",\"mainEntityOfPage\":{\"@id\":\"https:\\\/\\\/veredes.es\\\/blog\\\/rehabilita-2010\\\/\"},\"wordCount\":1081,\"commentCount\":647,\"publisher\":{\"@id\":\"https:\\\/\\\/veredes.es\\\/blog\\\/#organization\"},\"image\":{\"@id\":\"https:\\\/\\\/veredes.es\\\/blog\\\/rehabilita-2010\\\/#primaryimage\"},\"thumbnailUrl\":\"https:\\\/\\\/veredes.es\\\/blog\\\/wp-content\\\/uploads\\\/2010\\\/03\\\/38326region1.jpg\",\"keywords\":[\"patrimonio hist\u00f3rico\",\"plasencia\",\"rehabilitaci\u00f3n\"],\"articleSection\":[\"conferencias\",\"eventos\"],\"inLanguage\":\"es\",\"potentialAction\":[{\"@type\":\"CommentAction\",\"name\":\"Comment\",\"target\":[\"https:\\\/\\\/veredes.es\\\/blog\\\/rehabilita-2010\\\/#respond\"]}]},{\"@type\":\"WebPage\",\"@id\":\"https:\\\/\\\/veredes.es\\\/blog\\\/rehabilita-2010\\\/\",\"url\":\"https:\\\/\\\/veredes.es\\\/blog\\\/rehabilita-2010\\\/\",\"name\":\"Rehabilita 2010 - veredes\",\"isPartOf\":{\"@id\":\"https:\\\/\\\/veredes.es\\\/blog\\\/#website\"},\"primaryImageOfPage\":{\"@id\":\"https:\\\/\\\/veredes.es\\\/blog\\\/rehabilita-2010\\\/#primaryimage\"},\"image\":{\"@id\":\"https:\\\/\\\/veredes.es\\\/blog\\\/rehabilita-2010\\\/#primaryimage\"},\"thumbnailUrl\":\"https:\\\/\\\/veredes.es\\\/blog\\\/wp-content\\\/uploads\\\/2010\\\/03\\\/38326region1.jpg\",\"datePublished\":\"2010-03-04T08:49:07+00:00\",\"dateModified\":\"2020-02-10T18:17:22+00:00\",\"description\":\"Toda la informaci\u00f3n sobre: Rehabilita 2010\",\"breadcrumb\":{\"@id\":\"https:\\\/\\\/veredes.es\\\/blog\\\/rehabilita-2010\\\/#breadcrumb\"},\"inLanguage\":\"es\",\"potentialAction\":[{\"@type\":\"ReadAction\",\"target\":[\"https:\\\/\\\/veredes.es\\\/blog\\\/rehabilita-2010\\\/\"]}]},{\"@type\":\"ImageObject\",\"inLanguage\":\"es\",\"@id\":\"https:\\\/\\\/veredes.es\\\/blog\\\/rehabilita-2010\\\/#primaryimage\",\"url\":\"https:\\\/\\\/veredes.es\\\/blog\\\/wp-content\\\/uploads\\\/2010\\\/03\\\/38326region1.jpg\",\"contentUrl\":\"https:\\\/\\\/veredes.es\\\/blog\\\/wp-content\\\/uploads\\\/2010\\\/03\\\/38326region1.jpg\",\"width\":\"300\",\"height\":\"300\"},{\"@type\":\"BreadcrumbList\",\"@id\":\"https:\\\/\\\/veredes.es\\\/blog\\\/rehabilita-2010\\\/#breadcrumb\",\"itemListElement\":[{\"@type\":\"ListItem\",\"position\":1,\"name\":\"Portada\",\"item\":\"https:\\\/\\\/veredes.es\\\/blog\\\/\"},{\"@type\":\"ListItem\",\"position\":2,\"name\":\"Rehabilita 2010\"}]},{\"@type\":\"WebSite\",\"@id\":\"https:\\\/\\\/veredes.es\\\/blog\\\/#website\",\"url\":\"https:\\\/\\\/veredes.es\\\/blog\\\/\",\"name\":\"veredes, arquitectura y divulgaci\u00f3n\",\"description\":\"veredes\",\"publisher\":{\"@id\":\"https:\\\/\\\/veredes.es\\\/blog\\\/#organization\"},\"alternateName\":\"veredes\",\"potentialAction\":[{\"@type\":\"SearchAction\",\"target\":{\"@type\":\"EntryPoint\",\"urlTemplate\":\"https:\\\/\\\/veredes.es\\\/blog\\\/?s={search_term_string}\"},\"query-input\":{\"@type\":\"PropertyValueSpecification\",\"valueRequired\":true,\"valueName\":\"search_term_string\"}}],\"inLanguage\":\"es\"},{\"@type\":\"Organization\",\"@id\":\"https:\\\/\\\/veredes.es\\\/blog\\\/#organization\",\"name\":\"veredes, arquitectura y divulgaci\u00f3n\",\"alternateName\":\"veredes\",\"url\":\"https:\\\/\\\/veredes.es\\\/blog\\\/\",\"logo\":{\"@type\":\"ImageObject\",\"inLanguage\":\"es\",\"@id\":\"https:\\\/\\\/veredes.es\\\/blog\\\/#\\\/schema\\\/logo\\\/image\\\/\",\"url\":\"https:\\\/\\\/veredes.es\\\/blog\\\/wp-content\\\/uploads\\\/2021\\\/12\\\/veredes-logo-centrado_140x54.png\",\"contentUrl\":\"https:\\\/\\\/veredes.es\\\/blog\\\/wp-content\\\/uploads\\\/2021\\\/12\\\/veredes-logo-centrado_140x54.png\",\"width\":140,\"height\":54,\"caption\":\"veredes, arquitectura y divulgaci\u00f3n\"},\"image\":{\"@id\":\"https:\\\/\\\/veredes.es\\\/blog\\\/#\\\/schema\\\/logo\\\/image\\\/\"},\"sameAs\":[\"https:\\\/\\\/www.facebook.com\\\/veredesArquitecturayDivulgacion\\\/\",\"https:\\\/\\\/x.com\\\/veredes\",\"https:\\\/\\\/instagram.com\\\/veredes\\\/\",\"https:\\\/\\\/www.linkedin.com\\\/company\\\/veredes-arquitectura-y-divulgacion\\\/\",\"https:\\\/\\\/es.pinterest.com\\\/veredes\\\/\",\"https:\\\/\\\/www.tumblr.com\\\/veredes\"]},{\"@type\":\"Person\",\"@id\":\"https:\\\/\\\/veredes.es\\\/blog\\\/#\\\/schema\\\/person\\\/0bbb669073ef7faba5168a0844e93d2c\",\"name\":\"veredes\",\"image\":{\"@type\":\"ImageObject\",\"inLanguage\":\"es\",\"@id\":\"https:\\\/\\\/veredes.es\\\/blog\\\/wp-content\\\/uploads\\\/2018\\\/04\\\/face-96x96.jpg\",\"url\":\"https:\\\/\\\/veredes.es\\\/blog\\\/wp-content\\\/uploads\\\/2018\\\/04\\\/face-96x96.jpg\",\"contentUrl\":\"https:\\\/\\\/veredes.es\\\/blog\\\/wp-content\\\/uploads\\\/2018\\\/04\\\/face-96x96.jpg\",\"caption\":\"veredes\"},\"description\":\"Surge enero de 2009 como b\u00fasqueda de satisfacer el conocimiento de la actividad arquitect\u00f3nica y tangentes que se generan. La idea es crear un espacio para divulgar los diversos proyectos en busca de nueva inspiraci\u00f3n y de intercambio.\",\"sameAs\":[\"https:\\\/\\\/veredes.es\\\/\",\"https:\\\/\\\/www.facebook.com\\\/veredesArquitecturayDivulgacion\\\/\",\"https:\\\/\\\/www.instagram.com\\\/veredes\\\/\",\"https:\\\/\\\/www.linkedin.com\\\/company\\\/veredes-arquitectura-y-divulgacion\\\/\",\"https:\\\/\\\/www.pinterest.es\\\/veredes\\\/\",\"https:\\\/\\\/x.com\\\/https:\\\/\\\/twitter.com\\\/veredes\",\"https:\\\/\\\/veredes.tumblr.com\\\/\"],\"url\":\"https:\\\/\\\/veredes.es\\\/blog\\\/author\\\/alberto\\\/\"}]}<\/script>\n<!-- \/ Yoast SEO plugin. -->","yoast_head_json":{"title":"Rehabilita 2010 - veredes","description":"Toda la informaci\u00f3n sobre: Rehabilita 2010","robots":{"index":"index","follow":"follow","max-snippet":"max-snippet:-1","max-image-preview":"max-image-preview:large","max-video-preview":"max-video-preview:-1"},"canonical":"https:\/\/veredes.es\/blog\/rehabilita-2010\/","og_locale":"es_ES","og_type":"article","og_title":"Rehabilita 2010 - veredes","og_description":"Toda la informaci\u00f3n sobre: Rehabilita 2010","og_url":"https:\/\/veredes.es\/blog\/rehabilita-2010\/","og_site_name":"veredes, arquitectura y divulgaci\u00f3n","article_publisher":"https:\/\/www.facebook.com\/veredesArquitecturayDivulgacion\/","article_author":"https:\/\/www.facebook.com\/veredesArquitecturayDivulgacion\/","article_published_time":"2010-03-04T08:49:07+00:00","article_modified_time":"2020-02-10T18:17:22+00:00","og_image":[{"width":300,"height":300,"url":"https:\/\/veredes.es\/blog\/wp-content\/uploads\/2010\/03\/38326region1.jpg","type":"image\/jpeg"}],"author":"veredes","twitter_card":"summary_large_image","twitter_creator":"@https:\/\/twitter.com\/veredes","twitter_site":"@veredes","twitter_misc":{"Escrito por":"veredes","Tiempo de lectura":"5 minutos"},"schema":{"@context":"https:\/\/schema.org","@graph":[{"@type":"Article","@id":"https:\/\/veredes.es\/blog\/rehabilita-2010\/#article","isPartOf":{"@id":"https:\/\/veredes.es\/blog\/rehabilita-2010\/"},"author":{"name":"veredes","@id":"https:\/\/veredes.es\/blog\/#\/schema\/person\/0bbb669073ef7faba5168a0844e93d2c"},"headline":"Rehabilita 2010","datePublished":"2010-03-04T08:49:07+00:00","dateModified":"2020-02-10T18:17:22+00:00","mainEntityOfPage":{"@id":"https:\/\/veredes.es\/blog\/rehabilita-2010\/"},"wordCount":1081,"commentCount":647,"publisher":{"@id":"https:\/\/veredes.es\/blog\/#organization"},"image":{"@id":"https:\/\/veredes.es\/blog\/rehabilita-2010\/#primaryimage"},"thumbnailUrl":"https:\/\/veredes.es\/blog\/wp-content\/uploads\/2010\/03\/38326region1.jpg","keywords":["patrimonio hist\u00f3rico","plasencia","rehabilitaci\u00f3n"],"articleSection":["conferencias","eventos"],"inLanguage":"es","potentialAction":[{"@type":"CommentAction","name":"Comment","target":["https:\/\/veredes.es\/blog\/rehabilita-2010\/#respond"]}]},{"@type":"WebPage","@id":"https:\/\/veredes.es\/blog\/rehabilita-2010\/","url":"https:\/\/veredes.es\/blog\/rehabilita-2010\/","name":"Rehabilita 2010 - veredes","isPartOf":{"@id":"https:\/\/veredes.es\/blog\/#website"},"primaryImageOfPage":{"@id":"https:\/\/veredes.es\/blog\/rehabilita-2010\/#primaryimage"},"image":{"@id":"https:\/\/veredes.es\/blog\/rehabilita-2010\/#primaryimage"},"thumbnailUrl":"https:\/\/veredes.es\/blog\/wp-content\/uploads\/2010\/03\/38326region1.jpg","datePublished":"2010-03-04T08:49:07+00:00","dateModified":"2020-02-10T18:17:22+00:00","description":"Toda la informaci\u00f3n sobre: Rehabilita 2010","breadcrumb":{"@id":"https:\/\/veredes.es\/blog\/rehabilita-2010\/#breadcrumb"},"inLanguage":"es","potentialAction":[{"@type":"ReadAction","target":["https:\/\/veredes.es\/blog\/rehabilita-2010\/"]}]},{"@type":"ImageObject","inLanguage":"es","@id":"https:\/\/veredes.es\/blog\/rehabilita-2010\/#primaryimage","url":"https:\/\/veredes.es\/blog\/wp-content\/uploads\/2010\/03\/38326region1.jpg","contentUrl":"https:\/\/veredes.es\/blog\/wp-content\/uploads\/2010\/03\/38326region1.jpg","width":"300","height":"300"},{"@type":"BreadcrumbList","@id":"https:\/\/veredes.es\/blog\/rehabilita-2010\/#breadcrumb","itemListElement":[{"@type":"ListItem","position":1,"name":"Portada","item":"https:\/\/veredes.es\/blog\/"},{"@type":"ListItem","position":2,"name":"Rehabilita 2010"}]},{"@type":"WebSite","@id":"https:\/\/veredes.es\/blog\/#website","url":"https:\/\/veredes.es\/blog\/","name":"veredes, arquitectura y divulgaci\u00f3n","description":"veredes","publisher":{"@id":"https:\/\/veredes.es\/blog\/#organization"},"alternateName":"veredes","potentialAction":[{"@type":"SearchAction","target":{"@type":"EntryPoint","urlTemplate":"https:\/\/veredes.es\/blog\/?s={search_term_string}"},"query-input":{"@type":"PropertyValueSpecification","valueRequired":true,"valueName":"search_term_string"}}],"inLanguage":"es"},{"@type":"Organization","@id":"https:\/\/veredes.es\/blog\/#organization","name":"veredes, arquitectura y divulgaci\u00f3n","alternateName":"veredes","url":"https:\/\/veredes.es\/blog\/","logo":{"@type":"ImageObject","inLanguage":"es","@id":"https:\/\/veredes.es\/blog\/#\/schema\/logo\/image\/","url":"https:\/\/veredes.es\/blog\/wp-content\/uploads\/2021\/12\/veredes-logo-centrado_140x54.png","contentUrl":"https:\/\/veredes.es\/blog\/wp-content\/uploads\/2021\/12\/veredes-logo-centrado_140x54.png","width":140,"height":54,"caption":"veredes, arquitectura y divulgaci\u00f3n"},"image":{"@id":"https:\/\/veredes.es\/blog\/#\/schema\/logo\/image\/"},"sameAs":["https:\/\/www.facebook.com\/veredesArquitecturayDivulgacion\/","https:\/\/x.com\/veredes","https:\/\/instagram.com\/veredes\/","https:\/\/www.linkedin.com\/company\/veredes-arquitectura-y-divulgacion\/","https:\/\/es.pinterest.com\/veredes\/","https:\/\/www.tumblr.com\/veredes"]},{"@type":"Person","@id":"https:\/\/veredes.es\/blog\/#\/schema\/person\/0bbb669073ef7faba5168a0844e93d2c","name":"veredes","image":{"@type":"ImageObject","inLanguage":"es","@id":"https:\/\/veredes.es\/blog\/wp-content\/uploads\/2018\/04\/face-96x96.jpg","url":"https:\/\/veredes.es\/blog\/wp-content\/uploads\/2018\/04\/face-96x96.jpg","contentUrl":"https:\/\/veredes.es\/blog\/wp-content\/uploads\/2018\/04\/face-96x96.jpg","caption":"veredes"},"description":"Surge enero de 2009 como b\u00fasqueda de satisfacer el conocimiento de la actividad arquitect\u00f3nica y tangentes que se generan. La idea es crear un espacio para divulgar los diversos proyectos en busca de nueva inspiraci\u00f3n y de intercambio.","sameAs":["https:\/\/veredes.es\/","https:\/\/www.facebook.com\/veredesArquitecturayDivulgacion\/","https:\/\/www.instagram.com\/veredes\/","https:\/\/www.linkedin.com\/company\/veredes-arquitectura-y-divulgacion\/","https:\/\/www.pinterest.es\/veredes\/","https:\/\/x.com\/https:\/\/twitter.com\/veredes","https:\/\/veredes.tumblr.com\/"],"url":"https:\/\/veredes.es\/blog\/author\/alberto\/"}]}},"_links":{"self":[{"href":"https:\/\/veredes.es\/blog\/wp-json\/wp\/v2\/posts\/3158","targetHints":{"allow":["GET"]}}],"collection":[{"href":"https:\/\/veredes.es\/blog\/wp-json\/wp\/v2\/posts"}],"about":[{"href":"https:\/\/veredes.es\/blog\/wp-json\/wp\/v2\/types\/post"}],"author":[{"embeddable":true,"href":"https:\/\/veredes.es\/blog\/wp-json\/wp\/v2\/users\/2"}],"replies":[{"embeddable":true,"href":"https:\/\/veredes.es\/blog\/wp-json\/wp\/v2\/comments?post=3158"}],"version-history":[{"count":0,"href":"https:\/\/veredes.es\/blog\/wp-json\/wp\/v2\/posts\/3158\/revisions"}],"wp:featuredmedia":[{"embeddable":true,"href":"https:\/\/veredes.es\/blog\/wp-json\/wp\/v2\/media\/3159"}],"wp:attachment":[{"href":"https:\/\/veredes.es\/blog\/wp-json\/wp\/v2\/media?parent=3158"}],"wp:term":[{"taxonomy":"category","embeddable":true,"href":"https:\/\/veredes.es\/blog\/wp-json\/wp\/v2\/categories?post=3158"},{"taxonomy":"post_tag","embeddable":true,"href":"https:\/\/veredes.es\/blog\/wp-json\/wp\/v2\/tags?post=3158"}],"curies":[{"name":"wp","href":"https:\/\/api.w.org\/{rel}","templated":true}]}}