{"id":31143,"date":"2013-05-10T06:41:58","date_gmt":"2013-05-10T06:41:58","guid":{"rendered":"http:\/\/veredes.es\/blog\/?p=31143"},"modified":"2021-07-03T10:27:00","modified_gmt":"2021-07-03T08:27:00","slug":"traeme-unas-gafas-jose-ramon-hernandez-correa","status":"publish","type":"post","link":"https:\/\/veredes.es\/blog\/traeme-unas-gafas-jose-ramon-hernandez-correa\/","title":{"rendered":"Tr\u00e1eme unas gafas | Jos\u00e9 Ram\u00f3n Hern\u00e1ndez Correa"},"content":{"rendered":"<p><figure id=\"attachment_31144\" aria-describedby=\"caption-attachment-31144\" style=\"width: 620px\" class=\"wp-caption alignnone\"><a href=\"https:\/\/veredes.es\/blog\/wp-content\/uploads\/2013\/05\/COCHE_DE_LINEA.jpg\"><img loading=\"lazy\" decoding=\"async\" class=\"size-full wp-image-31144\" title=\"COCHE_DE_LINEA\" src=\"https:\/\/veredes.es\/blog\/wp-content\/uploads\/2013\/05\/COCHE_DE_LINEA.jpg\" alt=\"\" width=\"620\" height=\"401\" srcset=\"https:\/\/veredes.es\/blog\/wp-content\/uploads\/2013\/05\/COCHE_DE_LINEA.jpg 620w, https:\/\/veredes.es\/blog\/wp-content\/uploads\/2013\/05\/COCHE_DE_LINEA-300x194.jpg 300w\" sizes=\"auto, (max-width: 620px) 100vw, 620px\" \/><\/a><figcaption id=\"caption-attachment-31144\" class=\"wp-caption-text\"><span style=\"color: #888888;\">Coche de l\u00ednea, Sese\u00f1a | Fotograf\u00eda proporcionada por Pepe Cholela<\/span><\/figcaption><\/figure><\/p>\n<p style=\"text-align: justify;\">Mi pueblo est\u00e1 apenas a unos cuarenta kil\u00f3metros de Madrid. Hoy hay mucha gente que va y viene a diario, pero cuando mis padres eran ni\u00f1os esa distancia era inconcebible e insalvable.<\/p>\n<p style=\"text-align: justify;\">La mayor\u00eda de los vecinos no hab\u00edan ido a Madrid en su vida, y los que iban lo hac\u00edan como mucho dos o tres veces al a\u00f1o.<\/p>\n<p style=\"text-align: justify;\">Entonces era t\u00edpico que cuando alguien anunciaba su intenci\u00f3n de ir a Madrid, recibiera todo tipo de encargos. Uno de los m\u00e1s t\u00edpicos era: \u201cTr\u00e1eme unas gafas\u201d. As\u00ed. Sin m\u00e1s.<\/p>\n<p style=\"text-align: justify;\">El encargo se pod\u00eda concretar bastante con: \u201cTr\u00e1eme unas gafas de ver\u201d. As\u00ed s\u00ed.<\/p>\n<p style=\"text-align: justify;\">Y el interesado ve\u00eda divinamente durante a\u00f1os y a\u00f1os con las gafas que el audaz viajero le hab\u00eda tra\u00eddo de Madrid. El mundo era muy sencillo entonces.<\/p>\n<p style=\"text-align: justify;\">Yo siempre he pensado que mi pueblo en los a\u00f1os treinta ten\u00eda que ser m\u00e1s o menos como Macondo o como los de las pel\u00edculas del Oeste. Han pasado tres cuartos de siglo y parece que vivimos en otro universo. En mi casa somos cuatro personas y tenemos tres colutorios bucales diferentes. Tambi\u00e9n me desespero con los champ\u00faes para cabello liso, rizado, graso, seco, quebradizo, etc, y me pasa como al del chiste: \u201c\u00bfY no tienen champ\u00fa para cabello sucio?\u201d. Necesito gafas para presbicia, y tengo el defecto de no ducharme con ellas puestas; as\u00ed que m\u00e1s de una vez, bajo el chorro de agua, he tomado un bote a voleo, he intentado averiguar lo que era y me he acabado untando la cabeza con <em>body milk<\/em> o con aceite corporal.<\/p>\n<p style=\"text-align: justify;\">Leche entera, desnatada, semidesnatada, con calcio, de soja, de vaca o de cabra. Caf\u00e9 soluble o de cafetera, con cafe\u00edna o sin ella, natural o torrefacto, etc. Pan blanco, integral, de centeno, de avena, pistola, chapata, etc. \u00bfPara qu\u00e9 seguir? Soy de pueblo y tengo ya una edad. De ni\u00f1o merendaba pan con chocolate (s\u00f3lo hab\u00eda un pan y un chocolate), y reconozco que todo esto me supera un poco.<\/p>\n<p style=\"text-align: justify;\">Vivimos en un mundo cada vez m\u00e1s especializado y complejo, donde ya no vale decir que eres abogado, conductor o electricista, sino que tienes que aclarar si eres penalista, urbanista o de familia; si eres camionero de tres ejes, ch\u00f3fer particular o manejas una retro; si haces instalaciones en viviendas, dise\u00f1as y montas aut\u00f3matas o haces el mantenimiento de maquinaria industrial.<\/p>\n<p style=\"text-align: justify;\">Pues en este mundo tan complejo y sofisticado, al Ministro de Econom\u00eda y Competitividad se le ha ocurrido que para simplificar ser\u00eda muy bueno que cualquier ingeniero (industrial, agr\u00f3nomo, de caminos&#8230;) pudiera hacer lo mismo que un arquitecto (viviendas, iglesias, hospitales, teatros&#8230;), ya que todos han estudiado cosas m\u00e1s o menos parecidas. Y, para ello, ha perge\u00f1ado un borrador de Ley de Servicios Profesionales (LSP) que atenta contra el sentido com\u00fan y que s\u00f3lo busca que haya mucha gente peleando, en desigualdad de condiciones, por una tarta que anta\u00f1o fue jugosa, para que as\u00ed (se supone) bajen los precios de los servicios. (Por cierto, dada su actual mayor\u00eda absoluta, y la falta de todo tipo de resistencia efectiva, ese borrador tiene toda la pinta de llegar inc\u00f3lume a la meta).<\/p>\n<p style=\"text-align: justify;\">As\u00ed, de un plumazo, el Sr. Ministro se carga esa antip\u00e1tica sobreabundancia de cremas hidratantes, exfoliantes, reafirmantes, reparadoras&#8230; y vuelve al viejo concepto de la pomada que sirve para todo y que te deja la cara reluciente como una rosa. \u00a1Qu\u00e9 tiempos! Lo que ocurre es que se ha pasado de vueltas y le ha dado categor\u00eda de \u201cpomada universal para la cara\u201d a todas las ya dichas (hidratantes, exfoliantes, reafirmantes, reparadoras&#8230;), pero tambi\u00e9n al aceite de oliva, al tomate frito, a la mayonesa&#8230; Al fin y al cabo todo ello es crema fresquita que sienta muy bien al cutis.<\/p>\n<p style=\"text-align: justify;\">Se me ocurren muchas cosas que decirle al Sr. Ministro, pero tan s\u00f3lo le digo que, si va a Madrid, no me traiga unas gafas. No: Usted no.<\/p>\n<p style=\"text-align: justify;\">Jos\u00e9 Ram\u00f3n Hern\u00e1ndez Correa \u00b7 Doctor Arquitecto<br \/>\nToledo \u00b7 mayo 2013<\/p>\n<p><\/p>","protected":false},"excerpt":{"rendered":"<p>Mi pueblo est\u00e1 apenas a unos cuarenta kil\u00f3metros de Madrid. Hoy hay mucha gente que va y viene a diario, pero cuando mis padres eran ni\u00f1os esa distancia era inconcebible e insalvable. La mayor\u00eda de los vecinos no hab\u00edan ido a Madrid en su vida, y los que iban lo hac\u00edan como mucho dos o [&hellip;]<\/p>\n","protected":false},"author":33,"featured_media":31144,"comment_status":"open","ping_status":"closed","sticky":false,"template":"","format":"standard","meta":{"footnotes":""},"categories":[568,5951],"tags":[391,393,521,3653,6729,1021,7646,1103,1865,4454],"class_list":{"0":"post-31143","1":"post","2":"type-post","3":"status-publish","4":"format-standard","5":"has-post-thumbnail","7":"category-faro","8":"category-slider-principal","9":"tag-crisis","11":"tag-espana","12":"tag-jose-ramon-hernandez-correa","13":"tag-lsp","14":"tag-pensamiento","15":"tag-pepe-cholela","16":"tag-profesion","17":"tag-reflexion","18":"tag-sesena"},"yoast_head":"<!-- This site is optimized with the Yoast SEO plugin v27.4 - https:\/\/yoast.com\/product\/yoast-seo-wordpress\/ -->\n<title>Tr\u00e1eme unas gafas | Jos\u00e9 Ram\u00f3n Hern\u00e1ndez Correa<\/title>\n<meta name=\"description\" content=\"Tr\u00e1eme unas gafas\" \/>\n<meta name=\"robots\" content=\"index, follow, max-snippet:-1, max-image-preview:large, max-video-preview:-1\" \/>\n<link rel=\"canonical\" href=\"https:\/\/veredes.es\/blog\/traeme-unas-gafas-jose-ramon-hernandez-correa\/\" \/>\n<meta property=\"og:locale\" content=\"es_ES\" \/>\n<meta property=\"og:type\" content=\"article\" \/>\n<meta property=\"og:title\" content=\"Tr\u00e1eme unas gafas | Jos\u00e9 Ram\u00f3n Hern\u00e1ndez Correa\" \/>\n<meta property=\"og:description\" content=\"Tr\u00e1eme unas gafas\" \/>\n<meta property=\"og:url\" content=\"https:\/\/veredes.es\/blog\/traeme-unas-gafas-jose-ramon-hernandez-correa\/\" \/>\n<meta property=\"og:site_name\" content=\"veredes, arquitectura y divulgaci\u00f3n\" \/>\n<meta property=\"article:publisher\" content=\"https:\/\/www.facebook.com\/veredesArquitecturayDivulgacion\/\" \/>\n<meta property=\"article:author\" content=\"https:\/\/www.facebook.com\/joseramon.hernandezcorrea\" \/>\n<meta property=\"article:published_time\" content=\"2013-05-10T06:41:58+00:00\" \/>\n<meta property=\"article:modified_time\" content=\"2021-07-03T08:27:00+00:00\" \/>\n<meta property=\"og:image\" content=\"https:\/\/veredes.es\/blog\/wp-content\/uploads\/2013\/05\/COCHE_DE_LINEA.jpg\" \/>\n\t<meta property=\"og:image:width\" content=\"620\" \/>\n\t<meta property=\"og:image:height\" content=\"401\" \/>\n\t<meta property=\"og:image:type\" content=\"image\/jpeg\" \/>\n<meta name=\"author\" content=\"Jos\u00e9 Ram\u00f3n Hern\u00e1ndez Correa\" \/>\n<meta name=\"twitter:card\" content=\"summary_large_image\" \/>\n<meta name=\"twitter:creator\" content=\"@https:\/\/twitter.com\/arquitectamos\" \/>\n<meta name=\"twitter:site\" content=\"@veredes\" \/>\n<meta name=\"twitter:label1\" content=\"Escrito por\" \/>\n\t<meta name=\"twitter:data1\" content=\"Jos\u00e9 Ram\u00f3n Hern\u00e1ndez Correa\" \/>\n\t<meta name=\"twitter:label2\" content=\"Tiempo de lectura\" \/>\n\t<meta name=\"twitter:data2\" content=\"11 minutos\" \/>\n<script type=\"application\/ld+json\" class=\"yoast-schema-graph\">{\"@context\":\"https:\\\/\\\/schema.org\",\"@graph\":[{\"@type\":\"Article\",\"@id\":\"https:\\\/\\\/veredes.es\\\/blog\\\/traeme-unas-gafas-jose-ramon-hernandez-correa\\\/#article\",\"isPartOf\":{\"@id\":\"https:\\\/\\\/veredes.es\\\/blog\\\/traeme-unas-gafas-jose-ramon-hernandez-correa\\\/\"},\"author\":{\"name\":\"Jos\u00e9 Ram\u00f3n Hern\u00e1ndez Correa\",\"@id\":\"https:\\\/\\\/veredes.es\\\/blog\\\/#\\\/schema\\\/person\\\/eefca3204fa5a4349162c2869bee6c49\"},\"headline\":\"Tr\u00e1eme unas gafas | Jos\u00e9 Ram\u00f3n Hern\u00e1ndez Correa\",\"datePublished\":\"2013-05-10T06:41:58+00:00\",\"dateModified\":\"2021-07-03T08:27:00+00:00\",\"mainEntityOfPage\":{\"@id\":\"https:\\\/\\\/veredes.es\\\/blog\\\/traeme-unas-gafas-jose-ramon-hernandez-correa\\\/\"},\"wordCount\":2218,\"commentCount\":0,\"publisher\":{\"@id\":\"https:\\\/\\\/veredes.es\\\/blog\\\/#organization\"},\"image\":{\"@id\":\"https:\\\/\\\/veredes.es\\\/blog\\\/traeme-unas-gafas-jose-ramon-hernandez-correa\\\/#primaryimage\"},\"thumbnailUrl\":\"https:\\\/\\\/veredes.es\\\/blog\\\/wp-content\\\/uploads\\\/2013\\\/05\\\/COCHE_DE_LINEA.jpg\",\"keywords\":[\"crisis\",\"cr\u00edtica\",\"Espa\u00f1a\",\"Jos\u00e9 Ram\u00f3n Hern\u00e1ndez Correa\",\"lsp\",\"pensamiento\",\"pepe cholela\",\"profesi\u00f3n\",\"reflexi\u00f3n\",\"sese\u00f1a\"],\"articleSection\":[\"faro\",\"slider principal\"],\"inLanguage\":\"es\",\"potentialAction\":[{\"@type\":\"CommentAction\",\"name\":\"Comment\",\"target\":[\"https:\\\/\\\/veredes.es\\\/blog\\\/traeme-unas-gafas-jose-ramon-hernandez-correa\\\/#respond\"]}]},{\"@type\":\"WebPage\",\"@id\":\"https:\\\/\\\/veredes.es\\\/blog\\\/traeme-unas-gafas-jose-ramon-hernandez-correa\\\/\",\"url\":\"https:\\\/\\\/veredes.es\\\/blog\\\/traeme-unas-gafas-jose-ramon-hernandez-correa\\\/\",\"name\":\"Tr\u00e1eme unas gafas | Jos\u00e9 Ram\u00f3n Hern\u00e1ndez Correa\",\"isPartOf\":{\"@id\":\"https:\\\/\\\/veredes.es\\\/blog\\\/#website\"},\"primaryImageOfPage\":{\"@id\":\"https:\\\/\\\/veredes.es\\\/blog\\\/traeme-unas-gafas-jose-ramon-hernandez-correa\\\/#primaryimage\"},\"image\":{\"@id\":\"https:\\\/\\\/veredes.es\\\/blog\\\/traeme-unas-gafas-jose-ramon-hernandez-correa\\\/#primaryimage\"},\"thumbnailUrl\":\"https:\\\/\\\/veredes.es\\\/blog\\\/wp-content\\\/uploads\\\/2013\\\/05\\\/COCHE_DE_LINEA.jpg\",\"datePublished\":\"2013-05-10T06:41:58+00:00\",\"dateModified\":\"2021-07-03T08:27:00+00:00\",\"description\":\"Tr\u00e1eme unas gafas\",\"breadcrumb\":{\"@id\":\"https:\\\/\\\/veredes.es\\\/blog\\\/traeme-unas-gafas-jose-ramon-hernandez-correa\\\/#breadcrumb\"},\"inLanguage\":\"es\",\"potentialAction\":[{\"@type\":\"ReadAction\",\"target\":[\"https:\\\/\\\/veredes.es\\\/blog\\\/traeme-unas-gafas-jose-ramon-hernandez-correa\\\/\"]}]},{\"@type\":\"ImageObject\",\"inLanguage\":\"es\",\"@id\":\"https:\\\/\\\/veredes.es\\\/blog\\\/traeme-unas-gafas-jose-ramon-hernandez-correa\\\/#primaryimage\",\"url\":\"https:\\\/\\\/veredes.es\\\/blog\\\/wp-content\\\/uploads\\\/2013\\\/05\\\/COCHE_DE_LINEA.jpg\",\"contentUrl\":\"https:\\\/\\\/veredes.es\\\/blog\\\/wp-content\\\/uploads\\\/2013\\\/05\\\/COCHE_DE_LINEA.jpg\",\"width\":\"620\",\"height\":\"401\",\"caption\":\"Coche de l\u00ednea, Sese\u00f1a | Fotograf\u00eda proporcionada por Pepe Cholela\"},{\"@type\":\"BreadcrumbList\",\"@id\":\"https:\\\/\\\/veredes.es\\\/blog\\\/traeme-unas-gafas-jose-ramon-hernandez-correa\\\/#breadcrumb\",\"itemListElement\":[{\"@type\":\"ListItem\",\"position\":1,\"name\":\"Portada\",\"item\":\"https:\\\/\\\/veredes.es\\\/blog\\\/\"},{\"@type\":\"ListItem\",\"position\":2,\"name\":\"Tr\u00e1eme unas gafas | Jos\u00e9 Ram\u00f3n Hern\u00e1ndez Correa\"}]},{\"@type\":\"WebSite\",\"@id\":\"https:\\\/\\\/veredes.es\\\/blog\\\/#website\",\"url\":\"https:\\\/\\\/veredes.es\\\/blog\\\/\",\"name\":\"veredes, arquitectura y divulgaci\u00f3n\",\"description\":\"veredes\",\"publisher\":{\"@id\":\"https:\\\/\\\/veredes.es\\\/blog\\\/#organization\"},\"alternateName\":\"veredes\",\"potentialAction\":[{\"@type\":\"SearchAction\",\"target\":{\"@type\":\"EntryPoint\",\"urlTemplate\":\"https:\\\/\\\/veredes.es\\\/blog\\\/?s={search_term_string}\"},\"query-input\":{\"@type\":\"PropertyValueSpecification\",\"valueRequired\":true,\"valueName\":\"search_term_string\"}}],\"inLanguage\":\"es\"},{\"@type\":\"Organization\",\"@id\":\"https:\\\/\\\/veredes.es\\\/blog\\\/#organization\",\"name\":\"veredes, arquitectura y divulgaci\u00f3n\",\"alternateName\":\"veredes\",\"url\":\"https:\\\/\\\/veredes.es\\\/blog\\\/\",\"logo\":{\"@type\":\"ImageObject\",\"inLanguage\":\"es\",\"@id\":\"https:\\\/\\\/veredes.es\\\/blog\\\/#\\\/schema\\\/logo\\\/image\\\/\",\"url\":\"https:\\\/\\\/veredes.es\\\/blog\\\/wp-content\\\/uploads\\\/2021\\\/12\\\/veredes-logo-centrado_140x54.png\",\"contentUrl\":\"https:\\\/\\\/veredes.es\\\/blog\\\/wp-content\\\/uploads\\\/2021\\\/12\\\/veredes-logo-centrado_140x54.png\",\"width\":140,\"height\":54,\"caption\":\"veredes, arquitectura y divulgaci\u00f3n\"},\"image\":{\"@id\":\"https:\\\/\\\/veredes.es\\\/blog\\\/#\\\/schema\\\/logo\\\/image\\\/\"},\"sameAs\":[\"https:\\\/\\\/www.facebook.com\\\/veredesArquitecturayDivulgacion\\\/\",\"https:\\\/\\\/x.com\\\/veredes\",\"https:\\\/\\\/instagram.com\\\/veredes\\\/\",\"https:\\\/\\\/www.linkedin.com\\\/company\\\/veredes-arquitectura-y-divulgacion\\\/\",\"https:\\\/\\\/es.pinterest.com\\\/veredes\\\/\",\"https:\\\/\\\/www.tumblr.com\\\/veredes\"]},{\"@type\":\"Person\",\"@id\":\"https:\\\/\\\/veredes.es\\\/blog\\\/#\\\/schema\\\/person\\\/eefca3204fa5a4349162c2869bee6c49\",\"name\":\"Jos\u00e9 Ram\u00f3n Hern\u00e1ndez Correa\",\"image\":{\"@type\":\"ImageObject\",\"inLanguage\":\"es\",\"@id\":\"https:\\\/\\\/veredes.es\\\/blog\\\/wp-content\\\/uploads\\\/2018\\\/04\\\/Jos\u00e9-Ram\u00f3n-Hern\u00e1ndez-Correa-96x96.jpg\",\"url\":\"https:\\\/\\\/veredes.es\\\/blog\\\/wp-content\\\/uploads\\\/2018\\\/04\\\/Jos\u00e9-Ram\u00f3n-Hern\u00e1ndez-Correa-96x96.jpg\",\"contentUrl\":\"https:\\\/\\\/veredes.es\\\/blog\\\/wp-content\\\/uploads\\\/2018\\\/04\\\/Jos\u00e9-Ram\u00f3n-Hern\u00e1ndez-Correa-96x96.jpg\",\"caption\":\"Jos\u00e9 Ram\u00f3n Hern\u00e1ndez Correa\"},\"description\":\"Nac\u00ed en 1960. Arquitecto por la ETSAM, 1985. Doctor Arquitecto por la Universidad Polit\u00e9cnica de Madrid, 1992. Soy, en el buen sentido de la palabra, bueno. Ahora estoy algo cansado, pero sigo atento y curioso. Arquitecto, bloguero, saxofonero, escritor... pero todo mal.\",\"sameAs\":[\"http:\\\/\\\/arquitectamoslocos.blogspot.com.es\\\/\",\"https:\\\/\\\/www.facebook.com\\\/joseramon.hernandezcorrea\",\"https:\\\/\\\/www.instagram.com\\\/arquitectamoslocos\\\/\",\"https:\\\/\\\/www.linkedin.com\\\/in\\\/jos-ramn-hernndez-correa-b6378b2a\\\/\",\"https:\\\/\\\/x.com\\\/https:\\\/\\\/twitter.com\\\/arquitectamos\"],\"url\":\"https:\\\/\\\/veredes.es\\\/blog\\\/author\\\/arquitectamos\\\/\"}]}<\/script>\n<!-- \/ Yoast SEO plugin. -->","yoast_head_json":{"title":"Tr\u00e1eme unas gafas | Jos\u00e9 Ram\u00f3n Hern\u00e1ndez Correa","description":"Tr\u00e1eme unas gafas","robots":{"index":"index","follow":"follow","max-snippet":"max-snippet:-1","max-image-preview":"max-image-preview:large","max-video-preview":"max-video-preview:-1"},"canonical":"https:\/\/veredes.es\/blog\/traeme-unas-gafas-jose-ramon-hernandez-correa\/","og_locale":"es_ES","og_type":"article","og_title":"Tr\u00e1eme unas gafas | Jos\u00e9 Ram\u00f3n Hern\u00e1ndez Correa","og_description":"Tr\u00e1eme unas gafas","og_url":"https:\/\/veredes.es\/blog\/traeme-unas-gafas-jose-ramon-hernandez-correa\/","og_site_name":"veredes, arquitectura y divulgaci\u00f3n","article_publisher":"https:\/\/www.facebook.com\/veredesArquitecturayDivulgacion\/","article_author":"https:\/\/www.facebook.com\/joseramon.hernandezcorrea","article_published_time":"2013-05-10T06:41:58+00:00","article_modified_time":"2021-07-03T08:27:00+00:00","og_image":[{"width":620,"height":401,"url":"https:\/\/veredes.es\/blog\/wp-content\/uploads\/2013\/05\/COCHE_DE_LINEA.jpg","type":"image\/jpeg"}],"author":"Jos\u00e9 Ram\u00f3n Hern\u00e1ndez Correa","twitter_card":"summary_large_image","twitter_creator":"@https:\/\/twitter.com\/arquitectamos","twitter_site":"@veredes","twitter_misc":{"Escrito por":"Jos\u00e9 Ram\u00f3n Hern\u00e1ndez Correa","Tiempo de lectura":"11 minutos"},"schema":{"@context":"https:\/\/schema.org","@graph":[{"@type":"Article","@id":"https:\/\/veredes.es\/blog\/traeme-unas-gafas-jose-ramon-hernandez-correa\/#article","isPartOf":{"@id":"https:\/\/veredes.es\/blog\/traeme-unas-gafas-jose-ramon-hernandez-correa\/"},"author":{"name":"Jos\u00e9 Ram\u00f3n Hern\u00e1ndez Correa","@id":"https:\/\/veredes.es\/blog\/#\/schema\/person\/eefca3204fa5a4349162c2869bee6c49"},"headline":"Tr\u00e1eme unas gafas | Jos\u00e9 Ram\u00f3n Hern\u00e1ndez Correa","datePublished":"2013-05-10T06:41:58+00:00","dateModified":"2021-07-03T08:27:00+00:00","mainEntityOfPage":{"@id":"https:\/\/veredes.es\/blog\/traeme-unas-gafas-jose-ramon-hernandez-correa\/"},"wordCount":2218,"commentCount":0,"publisher":{"@id":"https:\/\/veredes.es\/blog\/#organization"},"image":{"@id":"https:\/\/veredes.es\/blog\/traeme-unas-gafas-jose-ramon-hernandez-correa\/#primaryimage"},"thumbnailUrl":"https:\/\/veredes.es\/blog\/wp-content\/uploads\/2013\/05\/COCHE_DE_LINEA.jpg","keywords":["crisis","cr\u00edtica","Espa\u00f1a","Jos\u00e9 Ram\u00f3n Hern\u00e1ndez Correa","lsp","pensamiento","pepe cholela","profesi\u00f3n","reflexi\u00f3n","sese\u00f1a"],"articleSection":["faro","slider principal"],"inLanguage":"es","potentialAction":[{"@type":"CommentAction","name":"Comment","target":["https:\/\/veredes.es\/blog\/traeme-unas-gafas-jose-ramon-hernandez-correa\/#respond"]}]},{"@type":"WebPage","@id":"https:\/\/veredes.es\/blog\/traeme-unas-gafas-jose-ramon-hernandez-correa\/","url":"https:\/\/veredes.es\/blog\/traeme-unas-gafas-jose-ramon-hernandez-correa\/","name":"Tr\u00e1eme unas gafas | Jos\u00e9 Ram\u00f3n Hern\u00e1ndez Correa","isPartOf":{"@id":"https:\/\/veredes.es\/blog\/#website"},"primaryImageOfPage":{"@id":"https:\/\/veredes.es\/blog\/traeme-unas-gafas-jose-ramon-hernandez-correa\/#primaryimage"},"image":{"@id":"https:\/\/veredes.es\/blog\/traeme-unas-gafas-jose-ramon-hernandez-correa\/#primaryimage"},"thumbnailUrl":"https:\/\/veredes.es\/blog\/wp-content\/uploads\/2013\/05\/COCHE_DE_LINEA.jpg","datePublished":"2013-05-10T06:41:58+00:00","dateModified":"2021-07-03T08:27:00+00:00","description":"Tr\u00e1eme unas gafas","breadcrumb":{"@id":"https:\/\/veredes.es\/blog\/traeme-unas-gafas-jose-ramon-hernandez-correa\/#breadcrumb"},"inLanguage":"es","potentialAction":[{"@type":"ReadAction","target":["https:\/\/veredes.es\/blog\/traeme-unas-gafas-jose-ramon-hernandez-correa\/"]}]},{"@type":"ImageObject","inLanguage":"es","@id":"https:\/\/veredes.es\/blog\/traeme-unas-gafas-jose-ramon-hernandez-correa\/#primaryimage","url":"https:\/\/veredes.es\/blog\/wp-content\/uploads\/2013\/05\/COCHE_DE_LINEA.jpg","contentUrl":"https:\/\/veredes.es\/blog\/wp-content\/uploads\/2013\/05\/COCHE_DE_LINEA.jpg","width":"620","height":"401","caption":"Coche de l\u00ednea, Sese\u00f1a | Fotograf\u00eda proporcionada por Pepe Cholela"},{"@type":"BreadcrumbList","@id":"https:\/\/veredes.es\/blog\/traeme-unas-gafas-jose-ramon-hernandez-correa\/#breadcrumb","itemListElement":[{"@type":"ListItem","position":1,"name":"Portada","item":"https:\/\/veredes.es\/blog\/"},{"@type":"ListItem","position":2,"name":"Tr\u00e1eme unas gafas | Jos\u00e9 Ram\u00f3n Hern\u00e1ndez Correa"}]},{"@type":"WebSite","@id":"https:\/\/veredes.es\/blog\/#website","url":"https:\/\/veredes.es\/blog\/","name":"veredes, arquitectura y divulgaci\u00f3n","description":"veredes","publisher":{"@id":"https:\/\/veredes.es\/blog\/#organization"},"alternateName":"veredes","potentialAction":[{"@type":"SearchAction","target":{"@type":"EntryPoint","urlTemplate":"https:\/\/veredes.es\/blog\/?s={search_term_string}"},"query-input":{"@type":"PropertyValueSpecification","valueRequired":true,"valueName":"search_term_string"}}],"inLanguage":"es"},{"@type":"Organization","@id":"https:\/\/veredes.es\/blog\/#organization","name":"veredes, arquitectura y divulgaci\u00f3n","alternateName":"veredes","url":"https:\/\/veredes.es\/blog\/","logo":{"@type":"ImageObject","inLanguage":"es","@id":"https:\/\/veredes.es\/blog\/#\/schema\/logo\/image\/","url":"https:\/\/veredes.es\/blog\/wp-content\/uploads\/2021\/12\/veredes-logo-centrado_140x54.png","contentUrl":"https:\/\/veredes.es\/blog\/wp-content\/uploads\/2021\/12\/veredes-logo-centrado_140x54.png","width":140,"height":54,"caption":"veredes, arquitectura y divulgaci\u00f3n"},"image":{"@id":"https:\/\/veredes.es\/blog\/#\/schema\/logo\/image\/"},"sameAs":["https:\/\/www.facebook.com\/veredesArquitecturayDivulgacion\/","https:\/\/x.com\/veredes","https:\/\/instagram.com\/veredes\/","https:\/\/www.linkedin.com\/company\/veredes-arquitectura-y-divulgacion\/","https:\/\/es.pinterest.com\/veredes\/","https:\/\/www.tumblr.com\/veredes"]},{"@type":"Person","@id":"https:\/\/veredes.es\/blog\/#\/schema\/person\/eefca3204fa5a4349162c2869bee6c49","name":"Jos\u00e9 Ram\u00f3n Hern\u00e1ndez Correa","image":{"@type":"ImageObject","inLanguage":"es","@id":"https:\/\/veredes.es\/blog\/wp-content\/uploads\/2018\/04\/Jos\u00e9-Ram\u00f3n-Hern\u00e1ndez-Correa-96x96.jpg","url":"https:\/\/veredes.es\/blog\/wp-content\/uploads\/2018\/04\/Jos\u00e9-Ram\u00f3n-Hern\u00e1ndez-Correa-96x96.jpg","contentUrl":"https:\/\/veredes.es\/blog\/wp-content\/uploads\/2018\/04\/Jos\u00e9-Ram\u00f3n-Hern\u00e1ndez-Correa-96x96.jpg","caption":"Jos\u00e9 Ram\u00f3n Hern\u00e1ndez Correa"},"description":"Nac\u00ed en 1960. Arquitecto por la ETSAM, 1985. Doctor Arquitecto por la Universidad Polit\u00e9cnica de Madrid, 1992. Soy, en el buen sentido de la palabra, bueno. Ahora estoy algo cansado, pero sigo atento y curioso. Arquitecto, bloguero, saxofonero, escritor... pero todo mal.","sameAs":["http:\/\/arquitectamoslocos.blogspot.com.es\/","https:\/\/www.facebook.com\/joseramon.hernandezcorrea","https:\/\/www.instagram.com\/arquitectamoslocos\/","https:\/\/www.linkedin.com\/in\/jos-ramn-hernndez-correa-b6378b2a\/","https:\/\/x.com\/https:\/\/twitter.com\/arquitectamos"],"url":"https:\/\/veredes.es\/blog\/author\/arquitectamos\/"}]}},"_links":{"self":[{"href":"https:\/\/veredes.es\/blog\/wp-json\/wp\/v2\/posts\/31143","targetHints":{"allow":["GET"]}}],"collection":[{"href":"https:\/\/veredes.es\/blog\/wp-json\/wp\/v2\/posts"}],"about":[{"href":"https:\/\/veredes.es\/blog\/wp-json\/wp\/v2\/types\/post"}],"author":[{"embeddable":true,"href":"https:\/\/veredes.es\/blog\/wp-json\/wp\/v2\/users\/33"}],"replies":[{"embeddable":true,"href":"https:\/\/veredes.es\/blog\/wp-json\/wp\/v2\/comments?post=31143"}],"version-history":[{"count":0,"href":"https:\/\/veredes.es\/blog\/wp-json\/wp\/v2\/posts\/31143\/revisions"}],"wp:featuredmedia":[{"embeddable":true,"href":"https:\/\/veredes.es\/blog\/wp-json\/wp\/v2\/media\/31144"}],"wp:attachment":[{"href":"https:\/\/veredes.es\/blog\/wp-json\/wp\/v2\/media?parent=31143"}],"wp:term":[{"taxonomy":"category","embeddable":true,"href":"https:\/\/veredes.es\/blog\/wp-json\/wp\/v2\/categories?post=31143"},{"taxonomy":"post_tag","embeddable":true,"href":"https:\/\/veredes.es\/blog\/wp-json\/wp\/v2\/tags?post=31143"}],"curies":[{"name":"wp","href":"https:\/\/api.w.org\/{rel}","templated":true}]}}