{"id":31136,"date":"2013-05-06T06:12:34","date_gmt":"2013-05-06T06:12:34","guid":{"rendered":"http:\/\/veredes.es\/blog\/?p=31136"},"modified":"2024-05-06T14:09:30","modified_gmt":"2024-05-06T12:09:30","slug":"todo-tiene-un-comienzo-jorge-meijide","status":"publish","type":"post","link":"https:\/\/veredes.es\/blog\/todo-tiene-un-comienzo-jorge-meijide\/","title":{"rendered":"Todo tiene un comienzo | Jorge Meijide"},"content":{"rendered":"<p><figure id=\"attachment_45229\" aria-describedby=\"caption-attachment-45229\" style=\"width: 750px\" class=\"wp-caption alignnone\"><a href=\"https:\/\/veredes.es\/blog\/wp-content\/uploads\/2013\/05\/Kahn-room.jpg\"><img loading=\"lazy\" decoding=\"async\" class=\"wp-image-45229\" title=\"Todo tiene un comienzo | Jorge Meijide Kahn-room\" src=\"https:\/\/veredes.es\/blog\/wp-content\/uploads\/2013\/05\/Kahn-room.jpg\" alt=\"Todo tiene un comienzo | Jorge Meijide\" width=\"750\" height=\"375\" srcset=\"https:\/\/veredes.es\/blog\/wp-content\/uploads\/2013\/05\/Kahn-room.jpg 620w, https:\/\/veredes.es\/blog\/wp-content\/uploads\/2013\/05\/Kahn-room-300x150.jpg 300w\" sizes=\"auto, (max-width: 750px) 100vw, 750px\" \/><\/a><figcaption id=\"caption-attachment-45229\" class=\"wp-caption-text\"><span style=\"color: #888888;\">La caba\u00f1a primitiva, Marc-Antoine Laugier, 1755.<\/span><br \/><span style=\"color: #888888;\">Architecture comes from The Making of a Room, Louis I. Kahn, 1971.<\/span><\/figcaption><\/figure><\/p>\n<h5 style=\"text-align: center;\" align=\"center\"><strong>Todo tiene un comienzo<\/strong><\/h5>\n<p style=\"text-align: justify;\">La arquitectura comporta el habitar y el habitar comporta, inexcusablemente, al habitante. Sin \u00e9ste podemos hablar de escultura, de ciertas instalaciones art\u00edsticas o de juegos formales, todos ellos de indiscutible valor propositivo, pero dif\u00edcilmente podemos hablar de arquitectura en su m\u00e1s amplia y extensa expresi\u00f3n. Este habitar conlleva un uso b\u00e1sico, el uso del espacio, el uso de <em>un<\/em> espacio. Un uso asociado a menudo una o varias funciones espec\u00edficas o a otro m\u00e1s indeterminado o cambiante; usos al fin y al cabo.<\/p>\n<p style=\"text-align: justify;\">Desde la inicial caba\u00f1a primitiva hasta la tumba, pasando por el templo, la casa, la f\u00e1brica o el museo, las distintas funciones o usos que la arquitectura ha recorrido en su historia la han enriquecido y completado y especializado. Como los picos de los pinzones de Darwin, el tiempo, la experiencia y la experimentaci\u00f3n, evoluci\u00f3n a fin de cuentas, han decantado algunas, muchas, soluciones arquitect\u00f3nicas, otras en cambio son carne de ca\u00f1\u00f3n de una continua e imparable evoluci\u00f3n que a veces se torna en re-voluci\u00f3n. La vivienda es una de ellas.<\/p>\n<p style=\"text-align: justify;\">Tan cambiante como conservadora, la vivienda ha sufrido m\u00faltiples cambios a lo largo de su historia, algunos muy necesarios debidos a las nuevas condiciones sociales y econ\u00f3micas, como los impulsados por la revoluci\u00f3n industrial, y otros debidos al estancamiento heredado y a las nuevas vanguardias del siglo XX, como los surgidos al amparo del Movimiento Moderno, tantas veces resucitado como enterrado. La vivienda es el paradigma del habitar.<\/p>\n<p style=\"text-align: justify;\">Se habita el espacio, el espacio ocupado y por reducci\u00f3n a su \u201cpart\u00edcula elemental\u201d, se habitan las estancias, las habitaciones. Dec\u00eda <a href=\"https:\/\/veredes.es\/blog\/tag\/louis-i-kahn\/\" target=\"_blank\" rel=\"noopener\">Kahn<\/a>, como me gusta recordar, que la arquitectura comienza con la habitaci\u00f3n, o m\u00e1s bien haciendo -construyendo- una habitaci\u00f3n. La habitaci\u00f3n debe estar pues definida, construida. Debe ser espacio contenido y, como en el conocido dibujo de Kahn, con habitantes us\u00e1ndola, habit\u00e1ndola. En su boceto de 1971 aparecen dibujadas dos personas sentadas, hablando frente a frente al lado de una gran ventana &#8211;<em>la luz<\/em>&#8211; con un hogar encendido &#8211;<em>el fuego<\/em>&#8211; bajo una c\u00fapula nervada &#8211;<em>la estructura<\/em>-. Tenemos pues en la habitaci\u00f3n la luz, que define el espacio y ayuda a percibirlo, Kahn dec\u00eda que<\/p>\n<blockquote>\n<p style=\"text-align: justify;\"><em>\u201cuna habitaci\u00f3n sin luz natural no es una habitaci\u00f3n\u201d<\/em><\/p>\n<\/blockquote>\n<p style=\"text-align: justify;\">y luz a trav\u00e9s de una ventana, una gran ventana, un hueco que establece tanto la diferencia como la relaci\u00f3n entre interior y exterior, separando m\u00e1s que uniendo uno del otro. Tenemos tambi\u00e9n el fuego, que ofrece la comodidad de la habitabilidad, elemento primitivo en torno al que reunirse y que nos retrotrae a la imagen de una caba\u00f1a primigenia construida para cobijar una comunidad y proteger el necesario y preciado fuego. Y por \u00faltimo contamos con una estructura, que construye el espacio material y lo contiene en su interior, y que mejor para ello que el espacio contenido bajo una c\u00fapula, ep\u00edtome del espacio central.<\/p>\n<p style=\"text-align: justify;\">Kahn elige con cuidado sus im\u00e1genes y sus palabras, todos los elementos b\u00e1sicos de la arquitectura quedan representados en el dibujo. Sobre \u00e9l escribe a modo de t\u00edtulo la lapidaria y conocida <a href=\"http:\/\/www.arthistory.upenn.edu\/themakingofaroom\/catalogue\/section1.htm\" target=\"_blank\" rel=\"noopener\">frase<\/a>:<\/p>\n<blockquote>\n<p style=\"text-align: justify;\"><em>\u201cArchitecture comes from The Making of a Room\u201d<\/em>,<\/p>\n<\/blockquote>\n<p style=\"text-align: justify;\">dejando claro su ideario, basta con recorrer su arquitectura para confirmarlo. Pero Kahn tambi\u00e9n escribe otras cosas en el mismo, bajo el dibujo, y separando intencionadamente la palabra habitaci\u00f3n de la siguiente l\u00ednea, escribe:<\/p>\n<blockquote>\n<p style=\"text-align: justify;\"><em>\u201cThe Room is The Place of the mind\u201d<\/em>,<\/p>\n<\/blockquote>\n<p style=\"text-align: justify;\">la habitaci\u00f3n es el lugar de la mente. Si arriba Kahn nos inicia el origen de la arquitectura en la habitaci\u00f3n, abajo nos relaciona \u00e9sta con el hombre. La mente del habitante tiene tambi\u00e9n su alojamiento en la estancia. La habitaci\u00f3n requiere, necesita, la vida del habitante, pero tambi\u00e9n necesita de la percepci\u00f3n de \u00e9ste hacia ella. La estancia se convierte as\u00ed tambi\u00e9n en una construcci\u00f3n para la mente, siendo \u00e9sta la que no s\u00f3lo la habita sino tambi\u00e9n la que la significa. La relaci\u00f3n bidireccional enriquece a ambos.<\/p>\n<p style=\"text-align: justify;\">Dos siglos antes, a mediados del XVIII, en 1752 -el mismo a\u00f1o en el que Benjamin Franklin realiza su famoso experimento con la cometa y la llave descubriendo la naturaleza de la electricidad en los rayos y abriendo as\u00ed un incipiente camino hacia la luz artificial; no en vano estamos en El Siglo de las Luces que, a la luz clarificadora de la raz\u00f3n, iluminar\u00e1 las oscuridades en las que la humanidad habr\u00eda ca\u00eddo en los siglos anteriores- <a href=\"https:\/\/veredes.es\/blog\/tag\/marc-antoine-laugier\/\" target=\"_blank\" rel=\"noopener\">Marc-Antoine Laugier<\/a>, el abate Laugier, publica su conocido<\/p>\n<blockquote>\n<p style=\"text-align: justify;\"><em>\u201c<\/em><em>Essai sur l\u2019architecture\u201d.<\/em><\/p>\n<\/blockquote>\n<p style=\"text-align: justify;\">En el ensayo el jesuita -m\u00e1s tarde benedictino- establece el origen de la arquitectura en una buc\u00f3lica, pastoral e id\u00edlica caba\u00f1a primitiva -el grabado no parece hasta 1775 en la segunda edici\u00f3n- surgida en base a la raz\u00f3n. El texto se convierte enseguida en la teor\u00eda arquitect\u00f3nica de la Ilustraci\u00f3n en el que, a diferencia de Vitruvio, y otros tratadistas cl\u00e1sicos, se establece una relaci\u00f3n con los principios naturales en vez de la imitaci\u00f3n de modelos.<\/p>\n<p style=\"text-align: justify;\">En la <a href=\"https:\/\/veredes.es\/blog\/?s=caba%C3%B1a\" target=\"_blank\" rel=\"noopener\">caba\u00f1a<\/a> primitiva de Laugier estructura y construcci\u00f3n se funden, se con-funden en medio de un sistema racional de pilares, vigas y cubierta, correspondientes a columnas, entablamento y front\u00f3n -estructura cl\u00e1sica donde las halla- todo pasado por el tamiz del dibujo naturalista en el que los elementos constructivos son troncos y ramas de \u00e1rbol. El resto, muros, puertas o ventanas, necesarios para la <em>habitabilidad, <\/em>quedan descartados del modelo original por <em>innecesarios<\/em>. Son innecesarios porque lo son en la arquitectura del templo. La caba\u00f1a as\u00ed mostrada, limpia de accesorios muestra la verdad pura de la arquitectura. El templo.<\/p>\n<p style=\"text-align: justify;\">La arquitectura original, definida as\u00ed por su caba\u00f1a primitiva es, ni m\u00e1s ni menos, que la casa, la morada, la habitaci\u00f3n de un dios.<\/p>\n<h5 style=\"text-align: justify;\"><strong>\u00bfCu\u00e1l si no puede ser el origen de la arquitectura? <\/strong><\/h5>\n<p style=\"text-align: justify;\">Seg\u00fan el abate, cual m\u00e1s noble y m\u00e1s l\u00f3gico para los antiguos primitivos que la casa de un dios. El hombre, la humanidad entera, ahora iluminada por el pensamiento l\u00f3gico-racional, encuentra el origen de su morada en la deshabitada, o despojada, desalojada, estancia de un dios. El hombre ya no precisa de los dioses, ocupa el lugar de \u00e9stos y lo habita. Del templo a la casa.<\/p>\n<p style=\"text-align: justify;\">Kahn y Laugier se unen en el ideal del concepto de morada. La casa de la mente y la casa de un dios. Pero ambos saben tambi\u00e9n que es la casa del hombre y que en ellas se ha de vivir ya que la arquitectura comporta el habitar, y el habitar comporta, inexcusablemente, al habitante, y porque sin \u00e9ste no existe aquella.<\/p>\n<p style=\"text-align: justify;\">jorge meijide . arquitecto<br \/>\na coru\u00f1a. mayo de 2013<\/p>\n<p><\/p>","protected":false},"excerpt":{"rendered":"<p>Todo tiene un comienzo La arquitectura comporta el habitar y el habitar comporta, inexcusablemente, al habitante. Sin \u00e9ste podemos hablar de escultura, de ciertas instalaciones art\u00edsticas o de juegos formales, todos ellos de indiscutible valor propositivo, pero dif\u00edcilmente podemos hablar de arquitectura en su m\u00e1s amplia y extensa expresi\u00f3n. Este habitar conlleva un uso b\u00e1sico, [&hellip;]<\/p>\n","protected":false},"author":47,"featured_media":45229,"comment_status":"open","ping_status":"closed","sticky":false,"template":"","format":"standard","meta":{"footnotes":""},"categories":[5934,5951],"tags":[6474,7644,1973,352,424,513,659,3462,3104,7645,898,5271,1021,5771],"class_list":{"0":"post-31136","1":"post","2":"type-post","3":"status-publish","4":"format-standard","5":"has-post-thumbnail","7":"category-articulos","8":"category-slider-principal","9":"tag-articulo","10":"tag-benjamin-franklin","11":"tag-cabana","12":"tag-concepto","13":"tag-dibujo","14":"tag-espacio-interior","15":"tag-habitar","16":"tag-jorge-meijide","17":"tag-louis-i-kahn","18":"tag-marc-antoine-laugier","19":"tag-movimiento-moderno","20":"tag-origen","21":"tag-pensamiento","22":"tag-vitruvio"},"yoast_head":"<!-- This site is optimized with the Yoast SEO plugin v27.4 - https:\/\/yoast.com\/product\/yoast-seo-wordpress\/ -->\n<title>Todo tiene un comienzo | Jorge Meijide<\/title>\n<meta name=\"description\" content=\"Todo tiene un comienzo\" \/>\n<meta name=\"robots\" content=\"index, follow, max-snippet:-1, max-image-preview:large, max-video-preview:-1\" \/>\n<link rel=\"canonical\" href=\"https:\/\/veredes.es\/blog\/todo-tiene-un-comienzo-jorge-meijide\/\" \/>\n<meta property=\"og:locale\" content=\"es_ES\" \/>\n<meta property=\"og:type\" content=\"article\" \/>\n<meta property=\"og:title\" content=\"Todo tiene un comienzo | Jorge Meijide\" \/>\n<meta property=\"og:description\" content=\"Todo tiene un comienzo\" \/>\n<meta property=\"og:url\" content=\"https:\/\/veredes.es\/blog\/todo-tiene-un-comienzo-jorge-meijide\/\" \/>\n<meta property=\"og:site_name\" content=\"veredes, arquitectura y divulgaci\u00f3n\" \/>\n<meta property=\"article:publisher\" content=\"https:\/\/www.facebook.com\/veredesArquitecturayDivulgacion\/\" \/>\n<meta property=\"article:author\" content=\"https:\/\/www.facebook.com\/jmeijide\" \/>\n<meta property=\"article:published_time\" content=\"2013-05-06T06:12:34+00:00\" \/>\n<meta property=\"article:modified_time\" content=\"2024-05-06T12:09:30+00:00\" \/>\n<meta property=\"og:image\" content=\"https:\/\/veredes.es\/blog\/wp-content\/uploads\/2013\/05\/Kahn-room.jpg\" \/>\n\t<meta property=\"og:image:width\" content=\"620\" \/>\n\t<meta property=\"og:image:height\" content=\"310\" \/>\n\t<meta property=\"og:image:type\" content=\"image\/jpeg\" \/>\n<meta name=\"author\" content=\"Jorge Meijide Tom\u00e1s\" \/>\n<meta name=\"twitter:card\" content=\"summary_large_image\" \/>\n<meta name=\"twitter:creator\" content=\"@https:\/\/twitter.com\/jmeijide\" \/>\n<meta name=\"twitter:site\" content=\"@veredes\" \/>\n<meta name=\"twitter:label1\" content=\"Escrito por\" \/>\n\t<meta name=\"twitter:data1\" content=\"Jorge Meijide Tom\u00e1s\" \/>\n\t<meta name=\"twitter:label2\" content=\"Tiempo de lectura\" \/>\n\t<meta name=\"twitter:data2\" content=\"6 minutos\" \/>\n<script type=\"application\/ld+json\" class=\"yoast-schema-graph\">{\"@context\":\"https:\\\/\\\/schema.org\",\"@graph\":[{\"@type\":\"Article\",\"@id\":\"https:\\\/\\\/veredes.es\\\/blog\\\/todo-tiene-un-comienzo-jorge-meijide\\\/#article\",\"isPartOf\":{\"@id\":\"https:\\\/\\\/veredes.es\\\/blog\\\/todo-tiene-un-comienzo-jorge-meijide\\\/\"},\"author\":{\"name\":\"Jorge Meijide Tom\u00e1s\",\"@id\":\"https:\\\/\\\/veredes.es\\\/blog\\\/#\\\/schema\\\/person\\\/f114c5ff977108aaf60488426430427d\"},\"headline\":\"Todo tiene un comienzo | Jorge Meijide\",\"datePublished\":\"2013-05-06T06:12:34+00:00\",\"dateModified\":\"2024-05-06T12:09:30+00:00\",\"mainEntityOfPage\":{\"@id\":\"https:\\\/\\\/veredes.es\\\/blog\\\/todo-tiene-un-comienzo-jorge-meijide\\\/\"},\"wordCount\":3624,\"commentCount\":0,\"publisher\":{\"@id\":\"https:\\\/\\\/veredes.es\\\/blog\\\/#organization\"},\"image\":{\"@id\":\"https:\\\/\\\/veredes.es\\\/blog\\\/todo-tiene-un-comienzo-jorge-meijide\\\/#primaryimage\"},\"thumbnailUrl\":\"https:\\\/\\\/veredes.es\\\/blog\\\/wp-content\\\/uploads\\\/2013\\\/05\\\/Kahn-room.jpg\",\"keywords\":[\"art\u00edculo\",\"Benjamin Franklin\",\"caba\u00f1a\",\"concepto\",\"dibujo\",\"espacio interior\",\"habitar\",\"Jorge Meijide\",\"Louis I. Kahn\",\"Marc-Antoine Laugier\",\"movimiento moderno\",\"origen\",\"pensamiento\",\"Vitruvio\"],\"articleSection\":[\"art\u00edculos\",\"slider principal\"],\"inLanguage\":\"es\",\"potentialAction\":[{\"@type\":\"CommentAction\",\"name\":\"Comment\",\"target\":[\"https:\\\/\\\/veredes.es\\\/blog\\\/todo-tiene-un-comienzo-jorge-meijide\\\/#respond\"]}]},{\"@type\":\"WebPage\",\"@id\":\"https:\\\/\\\/veredes.es\\\/blog\\\/todo-tiene-un-comienzo-jorge-meijide\\\/\",\"url\":\"https:\\\/\\\/veredes.es\\\/blog\\\/todo-tiene-un-comienzo-jorge-meijide\\\/\",\"name\":\"Todo tiene un comienzo | Jorge Meijide\",\"isPartOf\":{\"@id\":\"https:\\\/\\\/veredes.es\\\/blog\\\/#website\"},\"primaryImageOfPage\":{\"@id\":\"https:\\\/\\\/veredes.es\\\/blog\\\/todo-tiene-un-comienzo-jorge-meijide\\\/#primaryimage\"},\"image\":{\"@id\":\"https:\\\/\\\/veredes.es\\\/blog\\\/todo-tiene-un-comienzo-jorge-meijide\\\/#primaryimage\"},\"thumbnailUrl\":\"https:\\\/\\\/veredes.es\\\/blog\\\/wp-content\\\/uploads\\\/2013\\\/05\\\/Kahn-room.jpg\",\"datePublished\":\"2013-05-06T06:12:34+00:00\",\"dateModified\":\"2024-05-06T12:09:30+00:00\",\"description\":\"Todo tiene un comienzo\",\"breadcrumb\":{\"@id\":\"https:\\\/\\\/veredes.es\\\/blog\\\/todo-tiene-un-comienzo-jorge-meijide\\\/#breadcrumb\"},\"inLanguage\":\"es\",\"potentialAction\":[{\"@type\":\"ReadAction\",\"target\":[\"https:\\\/\\\/veredes.es\\\/blog\\\/todo-tiene-un-comienzo-jorge-meijide\\\/\"]}]},{\"@type\":\"ImageObject\",\"inLanguage\":\"es\",\"@id\":\"https:\\\/\\\/veredes.es\\\/blog\\\/todo-tiene-un-comienzo-jorge-meijide\\\/#primaryimage\",\"url\":\"https:\\\/\\\/veredes.es\\\/blog\\\/wp-content\\\/uploads\\\/2013\\\/05\\\/Kahn-room.jpg\",\"contentUrl\":\"https:\\\/\\\/veredes.es\\\/blog\\\/wp-content\\\/uploads\\\/2013\\\/05\\\/Kahn-room.jpg\",\"width\":\"620\",\"height\":\"310\"},{\"@type\":\"BreadcrumbList\",\"@id\":\"https:\\\/\\\/veredes.es\\\/blog\\\/todo-tiene-un-comienzo-jorge-meijide\\\/#breadcrumb\",\"itemListElement\":[{\"@type\":\"ListItem\",\"position\":1,\"name\":\"Portada\",\"item\":\"https:\\\/\\\/veredes.es\\\/blog\\\/\"},{\"@type\":\"ListItem\",\"position\":2,\"name\":\"Todo tiene un comienzo | Jorge Meijide\"}]},{\"@type\":\"WebSite\",\"@id\":\"https:\\\/\\\/veredes.es\\\/blog\\\/#website\",\"url\":\"https:\\\/\\\/veredes.es\\\/blog\\\/\",\"name\":\"veredes, arquitectura y divulgaci\u00f3n\",\"description\":\"veredes\",\"publisher\":{\"@id\":\"https:\\\/\\\/veredes.es\\\/blog\\\/#organization\"},\"alternateName\":\"veredes\",\"potentialAction\":[{\"@type\":\"SearchAction\",\"target\":{\"@type\":\"EntryPoint\",\"urlTemplate\":\"https:\\\/\\\/veredes.es\\\/blog\\\/?s={search_term_string}\"},\"query-input\":{\"@type\":\"PropertyValueSpecification\",\"valueRequired\":true,\"valueName\":\"search_term_string\"}}],\"inLanguage\":\"es\"},{\"@type\":\"Organization\",\"@id\":\"https:\\\/\\\/veredes.es\\\/blog\\\/#organization\",\"name\":\"veredes, arquitectura y divulgaci\u00f3n\",\"alternateName\":\"veredes\",\"url\":\"https:\\\/\\\/veredes.es\\\/blog\\\/\",\"logo\":{\"@type\":\"ImageObject\",\"inLanguage\":\"es\",\"@id\":\"https:\\\/\\\/veredes.es\\\/blog\\\/#\\\/schema\\\/logo\\\/image\\\/\",\"url\":\"https:\\\/\\\/veredes.es\\\/blog\\\/wp-content\\\/uploads\\\/2021\\\/12\\\/veredes-logo-centrado_140x54.png\",\"contentUrl\":\"https:\\\/\\\/veredes.es\\\/blog\\\/wp-content\\\/uploads\\\/2021\\\/12\\\/veredes-logo-centrado_140x54.png\",\"width\":140,\"height\":54,\"caption\":\"veredes, arquitectura y divulgaci\u00f3n\"},\"image\":{\"@id\":\"https:\\\/\\\/veredes.es\\\/blog\\\/#\\\/schema\\\/logo\\\/image\\\/\"},\"sameAs\":[\"https:\\\/\\\/www.facebook.com\\\/veredesArquitecturayDivulgacion\\\/\",\"https:\\\/\\\/x.com\\\/veredes\",\"https:\\\/\\\/instagram.com\\\/veredes\\\/\",\"https:\\\/\\\/www.linkedin.com\\\/company\\\/veredes-arquitectura-y-divulgacion\\\/\",\"https:\\\/\\\/es.pinterest.com\\\/veredes\\\/\",\"https:\\\/\\\/www.tumblr.com\\\/veredes\"]},{\"@type\":\"Person\",\"@id\":\"https:\\\/\\\/veredes.es\\\/blog\\\/#\\\/schema\\\/person\\\/f114c5ff977108aaf60488426430427d\",\"name\":\"Jorge Meijide Tom\u00e1s\",\"image\":{\"@type\":\"ImageObject\",\"inLanguage\":\"es\",\"@id\":\"https:\\\/\\\/secure.gravatar.com\\\/avatar\\\/a8e6d631cd70d608ba8f329ff0d06134d8e7a1038277aa8a192fda118cabd34a?s=96&r=g\",\"url\":\"https:\\\/\\\/secure.gravatar.com\\\/avatar\\\/a8e6d631cd70d608ba8f329ff0d06134d8e7a1038277aa8a192fda118cabd34a?s=96&r=g\",\"contentUrl\":\"https:\\\/\\\/secure.gravatar.com\\\/avatar\\\/a8e6d631cd70d608ba8f329ff0d06134d8e7a1038277aa8a192fda118cabd34a?s=96&r=g\",\"caption\":\"Jorge Meijide Tom\u00e1s\"},\"description\":\"Arquitecto por la ETSA de A Coru\u00f1a desde 1991. Colabora en el estudio de Juan Navarro Baldeweg entre 1991 y 1992. M\u00e1ster de proyectos integrados por la fundaci\u00f3n camu\u00f1as, madrid 1992. A la vuelta A Coru\u00f1a se incorpora al estudio de su padre, Carlos E. Meijide Calvo con el que trabaja hasta 2001. Desde 2004 hasta 2009 colabora con los arquitectos Patricia de Marichalar y Fernando Mart\u00ednez. En el a\u00f1o 2009 forma, junto con Patricia de Marichalar meijidedemarichalar arquitectos. Desde 2014 trabaja en solitario colaborando con estudios y arquitectos amigos. Es profesor de proyectos arquitect\u00f3nicos en la Escuela T\u00e9cnica superior de Arquitectura de A Coru\u00f1a desde 1997; es tutor de proyecto fin de carrera y ha sido presidente del tribunal de PFC. Colabora con blogs y publicaciones de arquitectura.\",\"sameAs\":[\"http:\\\/\\\/jorgemeijide.blogspot.com.es\\\/\",\"https:\\\/\\\/www.facebook.com\\\/jmeijide\",\"https:\\\/\\\/www.instagram.com\\\/jmeijide\\\/\",\"https:\\\/\\\/www.linkedin.com\\\/in\\\/jorge-meijide-toms-ab9b9a21\\\/\",\"https:\\\/\\\/x.com\\\/https:\\\/\\\/twitter.com\\\/jmeijide\"],\"url\":\"https:\\\/\\\/veredes.es\\\/blog\\\/author\\\/jorge-meijide-tomas\\\/\"}]}<\/script>\n<!-- \/ Yoast SEO plugin. -->","yoast_head_json":{"title":"Todo tiene un comienzo | Jorge Meijide","description":"Todo tiene un comienzo","robots":{"index":"index","follow":"follow","max-snippet":"max-snippet:-1","max-image-preview":"max-image-preview:large","max-video-preview":"max-video-preview:-1"},"canonical":"https:\/\/veredes.es\/blog\/todo-tiene-un-comienzo-jorge-meijide\/","og_locale":"es_ES","og_type":"article","og_title":"Todo tiene un comienzo | Jorge Meijide","og_description":"Todo tiene un comienzo","og_url":"https:\/\/veredes.es\/blog\/todo-tiene-un-comienzo-jorge-meijide\/","og_site_name":"veredes, arquitectura y divulgaci\u00f3n","article_publisher":"https:\/\/www.facebook.com\/veredesArquitecturayDivulgacion\/","article_author":"https:\/\/www.facebook.com\/jmeijide","article_published_time":"2013-05-06T06:12:34+00:00","article_modified_time":"2024-05-06T12:09:30+00:00","og_image":[{"width":620,"height":310,"url":"https:\/\/veredes.es\/blog\/wp-content\/uploads\/2013\/05\/Kahn-room.jpg","type":"image\/jpeg"}],"author":"Jorge Meijide Tom\u00e1s","twitter_card":"summary_large_image","twitter_creator":"@https:\/\/twitter.com\/jmeijide","twitter_site":"@veredes","twitter_misc":{"Escrito por":"Jorge Meijide Tom\u00e1s","Tiempo de lectura":"6 minutos"},"schema":{"@context":"https:\/\/schema.org","@graph":[{"@type":"Article","@id":"https:\/\/veredes.es\/blog\/todo-tiene-un-comienzo-jorge-meijide\/#article","isPartOf":{"@id":"https:\/\/veredes.es\/blog\/todo-tiene-un-comienzo-jorge-meijide\/"},"author":{"name":"Jorge Meijide Tom\u00e1s","@id":"https:\/\/veredes.es\/blog\/#\/schema\/person\/f114c5ff977108aaf60488426430427d"},"headline":"Todo tiene un comienzo | Jorge Meijide","datePublished":"2013-05-06T06:12:34+00:00","dateModified":"2024-05-06T12:09:30+00:00","mainEntityOfPage":{"@id":"https:\/\/veredes.es\/blog\/todo-tiene-un-comienzo-jorge-meijide\/"},"wordCount":3624,"commentCount":0,"publisher":{"@id":"https:\/\/veredes.es\/blog\/#organization"},"image":{"@id":"https:\/\/veredes.es\/blog\/todo-tiene-un-comienzo-jorge-meijide\/#primaryimage"},"thumbnailUrl":"https:\/\/veredes.es\/blog\/wp-content\/uploads\/2013\/05\/Kahn-room.jpg","keywords":["art\u00edculo","Benjamin Franklin","caba\u00f1a","concepto","dibujo","espacio interior","habitar","Jorge Meijide","Louis I. Kahn","Marc-Antoine Laugier","movimiento moderno","origen","pensamiento","Vitruvio"],"articleSection":["art\u00edculos","slider principal"],"inLanguage":"es","potentialAction":[{"@type":"CommentAction","name":"Comment","target":["https:\/\/veredes.es\/blog\/todo-tiene-un-comienzo-jorge-meijide\/#respond"]}]},{"@type":"WebPage","@id":"https:\/\/veredes.es\/blog\/todo-tiene-un-comienzo-jorge-meijide\/","url":"https:\/\/veredes.es\/blog\/todo-tiene-un-comienzo-jorge-meijide\/","name":"Todo tiene un comienzo | Jorge Meijide","isPartOf":{"@id":"https:\/\/veredes.es\/blog\/#website"},"primaryImageOfPage":{"@id":"https:\/\/veredes.es\/blog\/todo-tiene-un-comienzo-jorge-meijide\/#primaryimage"},"image":{"@id":"https:\/\/veredes.es\/blog\/todo-tiene-un-comienzo-jorge-meijide\/#primaryimage"},"thumbnailUrl":"https:\/\/veredes.es\/blog\/wp-content\/uploads\/2013\/05\/Kahn-room.jpg","datePublished":"2013-05-06T06:12:34+00:00","dateModified":"2024-05-06T12:09:30+00:00","description":"Todo tiene un comienzo","breadcrumb":{"@id":"https:\/\/veredes.es\/blog\/todo-tiene-un-comienzo-jorge-meijide\/#breadcrumb"},"inLanguage":"es","potentialAction":[{"@type":"ReadAction","target":["https:\/\/veredes.es\/blog\/todo-tiene-un-comienzo-jorge-meijide\/"]}]},{"@type":"ImageObject","inLanguage":"es","@id":"https:\/\/veredes.es\/blog\/todo-tiene-un-comienzo-jorge-meijide\/#primaryimage","url":"https:\/\/veredes.es\/blog\/wp-content\/uploads\/2013\/05\/Kahn-room.jpg","contentUrl":"https:\/\/veredes.es\/blog\/wp-content\/uploads\/2013\/05\/Kahn-room.jpg","width":"620","height":"310"},{"@type":"BreadcrumbList","@id":"https:\/\/veredes.es\/blog\/todo-tiene-un-comienzo-jorge-meijide\/#breadcrumb","itemListElement":[{"@type":"ListItem","position":1,"name":"Portada","item":"https:\/\/veredes.es\/blog\/"},{"@type":"ListItem","position":2,"name":"Todo tiene un comienzo | Jorge Meijide"}]},{"@type":"WebSite","@id":"https:\/\/veredes.es\/blog\/#website","url":"https:\/\/veredes.es\/blog\/","name":"veredes, arquitectura y divulgaci\u00f3n","description":"veredes","publisher":{"@id":"https:\/\/veredes.es\/blog\/#organization"},"alternateName":"veredes","potentialAction":[{"@type":"SearchAction","target":{"@type":"EntryPoint","urlTemplate":"https:\/\/veredes.es\/blog\/?s={search_term_string}"},"query-input":{"@type":"PropertyValueSpecification","valueRequired":true,"valueName":"search_term_string"}}],"inLanguage":"es"},{"@type":"Organization","@id":"https:\/\/veredes.es\/blog\/#organization","name":"veredes, arquitectura y divulgaci\u00f3n","alternateName":"veredes","url":"https:\/\/veredes.es\/blog\/","logo":{"@type":"ImageObject","inLanguage":"es","@id":"https:\/\/veredes.es\/blog\/#\/schema\/logo\/image\/","url":"https:\/\/veredes.es\/blog\/wp-content\/uploads\/2021\/12\/veredes-logo-centrado_140x54.png","contentUrl":"https:\/\/veredes.es\/blog\/wp-content\/uploads\/2021\/12\/veredes-logo-centrado_140x54.png","width":140,"height":54,"caption":"veredes, arquitectura y divulgaci\u00f3n"},"image":{"@id":"https:\/\/veredes.es\/blog\/#\/schema\/logo\/image\/"},"sameAs":["https:\/\/www.facebook.com\/veredesArquitecturayDivulgacion\/","https:\/\/x.com\/veredes","https:\/\/instagram.com\/veredes\/","https:\/\/www.linkedin.com\/company\/veredes-arquitectura-y-divulgacion\/","https:\/\/es.pinterest.com\/veredes\/","https:\/\/www.tumblr.com\/veredes"]},{"@type":"Person","@id":"https:\/\/veredes.es\/blog\/#\/schema\/person\/f114c5ff977108aaf60488426430427d","name":"Jorge Meijide Tom\u00e1s","image":{"@type":"ImageObject","inLanguage":"es","@id":"https:\/\/secure.gravatar.com\/avatar\/a8e6d631cd70d608ba8f329ff0d06134d8e7a1038277aa8a192fda118cabd34a?s=96&r=g","url":"https:\/\/secure.gravatar.com\/avatar\/a8e6d631cd70d608ba8f329ff0d06134d8e7a1038277aa8a192fda118cabd34a?s=96&r=g","contentUrl":"https:\/\/secure.gravatar.com\/avatar\/a8e6d631cd70d608ba8f329ff0d06134d8e7a1038277aa8a192fda118cabd34a?s=96&r=g","caption":"Jorge Meijide Tom\u00e1s"},"description":"Arquitecto por la ETSA de A Coru\u00f1a desde 1991. Colabora en el estudio de Juan Navarro Baldeweg entre 1991 y 1992. M\u00e1ster de proyectos integrados por la fundaci\u00f3n camu\u00f1as, madrid 1992. A la vuelta A Coru\u00f1a se incorpora al estudio de su padre, Carlos E. Meijide Calvo con el que trabaja hasta 2001. Desde 2004 hasta 2009 colabora con los arquitectos Patricia de Marichalar y Fernando Mart\u00ednez. En el a\u00f1o 2009 forma, junto con Patricia de Marichalar meijidedemarichalar arquitectos. Desde 2014 trabaja en solitario colaborando con estudios y arquitectos amigos. Es profesor de proyectos arquitect\u00f3nicos en la Escuela T\u00e9cnica superior de Arquitectura de A Coru\u00f1a desde 1997; es tutor de proyecto fin de carrera y ha sido presidente del tribunal de PFC. Colabora con blogs y publicaciones de arquitectura.","sameAs":["http:\/\/jorgemeijide.blogspot.com.es\/","https:\/\/www.facebook.com\/jmeijide","https:\/\/www.instagram.com\/jmeijide\/","https:\/\/www.linkedin.com\/in\/jorge-meijide-toms-ab9b9a21\/","https:\/\/x.com\/https:\/\/twitter.com\/jmeijide"],"url":"https:\/\/veredes.es\/blog\/author\/jorge-meijide-tomas\/"}]}},"_links":{"self":[{"href":"https:\/\/veredes.es\/blog\/wp-json\/wp\/v2\/posts\/31136","targetHints":{"allow":["GET"]}}],"collection":[{"href":"https:\/\/veredes.es\/blog\/wp-json\/wp\/v2\/posts"}],"about":[{"href":"https:\/\/veredes.es\/blog\/wp-json\/wp\/v2\/types\/post"}],"author":[{"embeddable":true,"href":"https:\/\/veredes.es\/blog\/wp-json\/wp\/v2\/users\/47"}],"replies":[{"embeddable":true,"href":"https:\/\/veredes.es\/blog\/wp-json\/wp\/v2\/comments?post=31136"}],"version-history":[{"count":0,"href":"https:\/\/veredes.es\/blog\/wp-json\/wp\/v2\/posts\/31136\/revisions"}],"wp:featuredmedia":[{"embeddable":true,"href":"https:\/\/veredes.es\/blog\/wp-json\/wp\/v2\/media\/45229"}],"wp:attachment":[{"href":"https:\/\/veredes.es\/blog\/wp-json\/wp\/v2\/media?parent=31136"}],"wp:term":[{"taxonomy":"category","embeddable":true,"href":"https:\/\/veredes.es\/blog\/wp-json\/wp\/v2\/categories?post=31136"},{"taxonomy":"post_tag","embeddable":true,"href":"https:\/\/veredes.es\/blog\/wp-json\/wp\/v2\/tags?post=31136"}],"curies":[{"name":"wp","href":"https:\/\/api.w.org\/{rel}","templated":true}]}}