{"id":30993,"date":"2013-04-29T06:00:57","date_gmt":"2013-04-29T06:00:57","guid":{"rendered":"http:\/\/veredes.es\/blog\/?p=30993"},"modified":"2022-02-15T00:38:00","modified_gmt":"2022-02-14T23:38:00","slug":"la-realidad-del-arquitecto-stepienybarno","status":"publish","type":"post","link":"https:\/\/veredes.es\/blog\/la-realidad-del-arquitecto-stepienybarno\/","title":{"rendered":"La realidad del arquitecto | Stepienybarno"},"content":{"rendered":"<p><img loading=\"lazy\" decoding=\"async\" class=\"alignnone wp-image-30994\" src=\"https:\/\/veredes.es\/blog\/wp-content\/uploads\/2013\/04\/LA-REALIDAD-DEL-ARQUITECTO-profesi\u00f3n-asemas-hermandad-copia.jpg\" alt=\"\" width=\"750\" height=\"750\" srcset=\"https:\/\/veredes.es\/blog\/wp-content\/uploads\/2013\/04\/LA-REALIDAD-DEL-ARQUITECTO-profesi\u00f3n-asemas-hermandad-copia.jpg 620w, https:\/\/veredes.es\/blog\/wp-content\/uploads\/2013\/04\/LA-REALIDAD-DEL-ARQUITECTO-profesi\u00f3n-asemas-hermandad-copia-150x150.jpg 150w, https:\/\/veredes.es\/blog\/wp-content\/uploads\/2013\/04\/LA-REALIDAD-DEL-ARQUITECTO-profesi\u00f3n-asemas-hermandad-copia-300x300.jpg 300w, https:\/\/veredes.es\/blog\/wp-content\/uploads\/2013\/04\/LA-REALIDAD-DEL-ARQUITECTO-profesi\u00f3n-asemas-hermandad-copia-120x120.jpg 120w\" sizes=\"auto, (max-width: 750px) 100vw, 750px\" \/><\/p>\n<p style=\"text-align: justify;\">Son malos tiempos para la l\u00edrica. Para la l\u00edrica y para casi todo; pero, para nosotros, los arquitectos, son tiempos de los peores. Esta realidad, a veces, no sabemos muy bien por qu\u00e9, no termina de hacerse evidente.<\/p>\n<p style=\"text-align: justify;\">Hoy, no vamos a hacer un post optimista, no hablaremos sobre las <a href=\"http:\/\/veredes.es\/blog\/las-fortalezas-del-arquitecto-stepienybarno\/\" target=\"_blank\" rel=\"noopener\">fortalezas del arquitecto<\/a>, ni tan siquiera sobre nuevas salidas profesionales; esto ya lo hemos hecho y lo seguiremos haciendo; hoy toca un post diferente, quiz\u00e1s m\u00e1s duro, pero, a lo mejor, m\u00e1s real.<\/p>\n<div id=\"stcpDiv\">\n<p style=\"text-align: justify;\">La econom\u00eda del pa\u00eds va de cr\u00e1neo, m\u00e1s bien la de medio mundo, pero la nuestra ya lleva seis a\u00f1os en picado y lo que nos queda. Uno de los sectores m\u00e1s tocado por la crisis es, sin duda, el de la construcci\u00f3n. Tambi\u00e9n, es cierto que, los malditos recortes est\u00e1n dejando temblando a otros muchos, pero lo del nuestro es de traca. No hay trabajo; o hay muy poco, \u00ednfimo, para los que somos y cada vez somos m\u00e1s; 50.000 colegiados, m\u00e1s otros \u00bf25.000? sin colegiar y los m\u00e1s de 30.000 futuros arquitectos, hoy en las escuelas de arquitectura, no son ninguna tonter\u00eda.<\/p>\n<p style=\"text-align: justify;\">A su vez, no es menos cierto que, ante ello, de nada sirve llorar. Los afortunados que puedan seguir realizando proyectos de arquitectura a por ellos, pero otros muchos tendremos que emigrar a la <strong>periferia de la arquitectura<\/strong> o usar nuestras <strong>fortalezas<\/strong> para ser \u00fatiles en otros campos de batalla.<\/p>\n<p style=\"text-align: justify;\">Nuestra <strong>precariedad laboral<\/strong>, ahora elevada a la m\u00e1xima potencia <a href=\"https:\/\/www.stepienybarno.es\/blog\/2013\/04\/28\/no-a-la-lsp\/\" target=\"_blank\" rel=\"noopener\">gracias a determinados Ministerios<\/a>, no es nada nuevo; curiosamente, ni en tiempos de bonanza la situaci\u00f3n del arquitecto era para tirar cohetes.<\/p>\n<p style=\"text-align: justify;\">Quitando a los \u201c<strong>macizadores<\/strong>\u201d, al resto nos pod\u00eda ir, como mucho, entre medio mal y medio bien. Los que han sido la mano ejecutora del sector inmobiliario eran el 10% del total de los arquitectos. A estos, les fue muy bien, demasiado bien, y, seguramente, ahora son los que m\u00e1s se quejan. Si hicieran un balance de resultados de los \u00faltimos 15 a\u00f1os, no tendr\u00edan nada de que llorar y a lo mejor algo de lo que avergonzarse.<\/p>\n<p style=\"text-align: justify;\">Pero, la inmensa mayor\u00eda de la profesi\u00f3n estuvo intentando mantener <strong>peque\u00f1os estudios<\/strong>, de la manera m\u00e1s digna posible. Si te interesaba, realmente, la arquitectura y en consecuencia tu cliente, el proyecto llevaba una cantidad de horas ingente. Muchos estudios han funcionado con la t\u00edpica tabla de horas y ve\u00edan c\u00f3mo una sencilla unifamiliar siempre costaba mucho m\u00e1s de lo previsto. Eso, sin contar que, por naturaleza, somos \u201cesplendidos\u201d e innumerables anteproyectos se hicieron <em>by the face<\/em> y el total de estudios han pringado, sin cesar, noches y fines de semana para dejar las entregas niqueladas. Habr\u00eda que ir pensando un homenaje para las sacrificadas familias de la mayor\u00eda de los arquitectos!<\/p>\n<p style=\"text-align: justify;\"><strong>La cara oculta de los estudios de arquitectura, siempre fue un tema poco tratado.<\/strong> La desorganizaci\u00f3n se apoderaba del estudio (por muy organizado que fueras) y cuadrar las cuentas para que quien calculase la estructura no ganase m\u00e1s que t\u00fa no era tan f\u00e1cil como pudiera parecer. Pero bueno, digamos que m\u00e1s o menos,\u00a0 se pod\u00edan hacer cosas majas y cobrar de una manera relativamente justa, aunque al cliente casi siempre le pareciera demasiado.<\/p>\n<p style=\"text-align: justify;\">Los gastos de tener la oficina abierta eran ya de por s\u00ed altos, y colegiaciones (m\u00e1s derramas), cursos del CTE, o la aseguradora de Asemas se presentan sin demora a la cita \u00a0trimestre tras trimestre.<\/p>\n<p style=\"text-align: justify;\">Otros muchos compa\u00f1eros han formado durante a\u00f1os el grueso de los <strong><em>falsos aut\u00f3nomos<\/em>,<\/strong> en \u00a0condiciones poco mejores que los, hoy casi envidiados, mileuristas, y, por supuesto, metiendo todas las horas del mundo, sin reconocimiento de su trabajo, \u00a0pag\u00e1ndose la seguridad social, sin vacaciones pagadas ni posterior derecho paro y mejor no hablar del tema de las horas extras. De esta forma, <strong>muchos estudios fueron creciendo a base de mano de obra barata que con la llegada de la crisis eliminaron de un plumazo a cambio de una sonrisa de despedida, pues, en estos casos, no hab\u00eda ni indemnizaciones ni nada parecido. <\/strong>As\u00ed, adem\u00e1s de un abuso hacia muchos compa\u00f1eros, algunos estudios de arquitectura realizaban competencia desleal al poder ofertar honorarios m\u00e1s bajos a sus clientes gracias a este tipo de pr\u00e1cticas.<\/p>\n<p style=\"text-align: justify;\">Por otro lado, sobre los <strong>concursos de arquitectura, <\/strong><a href=\"http:\/\/veredes.es\/blog\/%C2%BFsiguen-teniendo-sentido-los-concursos-de-arquitectura-stepienybarno\/\" target=\"_blank\" rel=\"noopener\">tambi\u00e9n hemos hablado mucho por estos lares digitales.<\/a> Ni siquiera en tiempo de bonanza eran tan buena salida, pues m\u00e1s de uno estaba dado y, en general, hab\u00eda que competir con aquellos estudios descritos en el p\u00e1rrafo anterior; con lo cual, la igualdad de condiciones era solo un sue\u00f1o. Si, a esto, sumamos la cantidad de profesores que han tirado de alumnos para desarrollar proyectos hechos en una servilleta, nos muestra un\u00a0 triste panorama. Los becarios de arquitectura han sido mucho m\u00e1s que becarios a cambio de conseguir una l\u00ednea m\u00e1s en el curr\u00edculum.<\/p>\n<p style=\"text-align: justify;\">Y, ya que hablamos de profesores, vamos a darnos una vuelta por la<strong> Universidad<\/strong> para ver c\u00f3mo est\u00e1 el plan. Bueno, del plan de estudios, mejor ni hablamos; de lo que fueron las escuelas de arquitectura hace un tiempo, tampoco. No eran para sacar pecho, pero, <strong>siempre hab\u00eda alg\u00fan profesor con verdadera vocaci\u00f3n que te contagiaba la ilusi\u00f3n por la arquitectura. <\/strong><\/p>\n<p style=\"text-align: justify;\">A\u00fan as\u00ed, en un panorama anterior a la crisis, el que nuestra carrera, en Espa\u00f1a, tuviera una gran carga t\u00e9cnica hac\u00eda aumentar nuestra visi\u00f3n global de la jugada y, gracias a ello, han salido profesionales bien formados. La pena es que, ahora, si se quiere salir fuera de nuestras fronteras esta formaci\u00f3n tiene dif\u00edcil reconocimiento oficial.<\/p>\n<p style=\"text-align: justify;\">Pero, a d\u00eda de hoy, <strong>la realidad de nuestras escuelas clama al cielo por su total desconexi\u00f3n de la realidad del resto del mundo.<\/strong> Cierto es que, la universidad no puede estar a expensas del mercado, pero de ah\u00ed a pasar, ol\u00edmpicamente, del mundo real va un trecho. Si hay una <strong>crisis<\/strong> de caballo, las escuelas la tendr\u00e1n que tener en cuenta a la hora de formar a sus alumnos; si hay una <strong>nueva era digital<\/strong> y sus alumnos son nativos digitales, no es de recibo que miren para otro lado y hagan c\u00f3mo que nada ha cambiado.<\/p>\n<p style=\"text-align: justify;\">Aunque pod\u00edamos seguir, vamos terminando con un tema que no queremos que se nos pase: la <strong>seguridad de las obras.<\/strong> De esto, no se habla mucho, pero, aqu\u00ed tambi\u00e9n, <strong>estamos vendidos<\/strong>. La cosa viene de largo y, nuevamente, no tiene nada que ver con la crisis.<\/p>\n<p style=\"text-align: justify;\">Que seamos responsables de lo que se hace por todos los agentes de la obra, durante las 24 horas del d\u00eda,\u00a0 es algo que, realmente, nos supera. Si, encima, eres coordinador de seguridad y salud, ya es de locos. La <strong>responsabilidad <\/strong>es tremenda y ni siquiera antes del estallido de la burbuja los honorarios pod\u00edan hacer justicia. Si a esto sumamos lo complicado que es que las constructoras peque\u00f1as entiendan la importancia de tener todo en orden, nos encontramos ante un panorama complicad\u00edsimo. Para rematarlo, si ocurre alg\u00fan percance durante la obra (las llegadas de la comida, a ritmo de \u201csol y sombra\u201d, siempre son momentos curiosos), el juez poco va\u00a0 a hacer por saber qui\u00e9n era el verdadero responsable y, casi siempre, <strong>el arquitecto acabar\u00e1 siendo culpado.<\/strong><\/p>\n<p style=\"text-align: justify;\">A d\u00eda de hoy, la realidad todav\u00eda empeora y, ante honorarios de risa, el arquitecto sigue asumiendo un mundo lleno de riesgos.<\/p>\n<p style=\"text-align: justify;\">Para aquellos que aunque quiz\u00e1s no lo reconozcan pero est\u00e1n en paro y no van hacer proyectos en los pr\u00f3ximos a\u00f1os, la cuota de <strong>la aseguradora seguir\u00e1 pasando por su entidad bancaria sin piedad.<\/strong> Con lo cual, encima de volverse locos para conseguir alg\u00fan ingreso, han de empezar el mes con n\u00fameros negativos. Ah! y como dejes de pagar el seguro y al t\u00edpico abogado desquehacerado se le ocurra buscar la t\u00edpica fisurilla en alguna obra del arquitecto, no es complicado encontrarla y, ya de paso, encontrar\u00e1 que \u00a0falta alguna tonter\u00eda del mamotreto del CTE y el arquitecto en cuesti\u00f3n ya puede ir rezando lo que sepa para el juicio que tendr\u00e1 a la vuelta de la esquina.<\/p>\n<p style=\"text-align: justify;\">S\u00ed, que ya, que estamos muy negativos; pero un post de estos, de vez en cuando, tampoco hace da\u00f1o a nadie,\u00a0 y, por lo menos, a nosotros nos sirve de desahogo.<\/p>\n<p style=\"text-align: justify;\">\u00a1Ahora es vuestro turno; o bien ech\u00e1is m\u00e1s le\u00f1a al fuego, a modo de terapia mutua, o bien nos cont\u00e1is alguna historia con final feliz para levantar el \u00e1nimo!<\/p>\n<\/div>\n<p><a href=\"https:\/\/www.stepienybarno.es\/\" target=\"_blank\" rel=\"noopener\">Stepienybarno<\/a>_Agnieszka Stepien y Lorenzo Barn\u00f3, arquitectos<br \/>\nEstella, abril 2013<\/p>","protected":false},"excerpt":{"rendered":"<p>Son malos tiempos para la l\u00edrica. Para la l\u00edrica y para casi todo; pero, para nosotros, los arquitectos, son tiempos de los peores. Esta realidad, a veces, no sabemos muy bien por qu\u00e9, no termina de hacerse evidente. Hoy, no vamos a hacer un post optimista, no hablaremos sobre las fortalezas del arquitecto, ni tan [&hellip;]<\/p>\n","protected":false},"author":22,"featured_media":30994,"comment_status":"open","ping_status":"closed","sticky":false,"template":"","format":"standard","meta":{"footnotes":""},"categories":[568,5951],"tags":[6471,391,521,4442,4659,4798,1021,1103,1865,12473],"class_list":{"0":"post-30993","1":"post","2":"type-post","3":"status-publish","4":"format-standard","5":"has-post-thumbnail","7":"category-faro","8":"category-slider-principal","9":"tag-agnieszka-stepien","11":"tag-espana","12":"tag-estado","13":"tag-lorenzo-barno","14":"tag-modelo-profesional","15":"tag-pensamiento","16":"tag-profesion","17":"tag-reflexion","18":"tag-stepienybarno"},"yoast_head":"<!-- This site is optimized with the Yoast SEO plugin v27.5 - https:\/\/yoast.com\/product\/yoast-seo-wordpress\/ -->\n<title>La realidad del arquitecto | Stepienybarno<\/title>\n<meta name=\"description\" content=\"La realidad del arquitecto\" \/>\n<meta name=\"robots\" content=\"index, follow, max-snippet:-1, max-image-preview:large, max-video-preview:-1\" \/>\n<link rel=\"canonical\" href=\"https:\/\/veredes.es\/blog\/la-realidad-del-arquitecto-stepienybarno\/\" \/>\n<meta property=\"og:locale\" content=\"es_ES\" \/>\n<meta property=\"og:type\" content=\"article\" \/>\n<meta property=\"og:title\" content=\"La realidad del arquitecto | Stepienybarno\" \/>\n<meta property=\"og:description\" content=\"La realidad del arquitecto\" \/>\n<meta property=\"og:url\" content=\"https:\/\/veredes.es\/blog\/la-realidad-del-arquitecto-stepienybarno\/\" \/>\n<meta property=\"og:site_name\" content=\"veredes, arquitectura y divulgaci\u00f3n\" \/>\n<meta property=\"article:publisher\" content=\"https:\/\/www.facebook.com\/veredesArquitecturayDivulgacion\/\" \/>\n<meta property=\"article:author\" content=\"https:\/\/www.facebook.com\/StepienyBarnoArquitecturaeIdentidadDigital\" \/>\n<meta property=\"article:published_time\" content=\"2013-04-29T06:00:57+00:00\" \/>\n<meta property=\"article:modified_time\" content=\"2022-02-14T23:38:00+00:00\" \/>\n<meta property=\"og:image\" content=\"https:\/\/veredes.es\/blog\/wp-content\/uploads\/2013\/04\/LA-REALIDAD-DEL-ARQUITECTO-profesi\u00f3n-asemas-hermandad-copia.jpg\" \/>\n\t<meta property=\"og:image:width\" content=\"620\" \/>\n\t<meta property=\"og:image:height\" content=\"620\" \/>\n\t<meta property=\"og:image:type\" content=\"image\/jpeg\" \/>\n<meta name=\"author\" content=\"Stepienybarno\" \/>\n<meta name=\"twitter:card\" content=\"summary_large_image\" \/>\n<meta name=\"twitter:creator\" content=\"@https:\/\/twitter.com\/stepienybarno\" \/>\n<meta name=\"twitter:site\" content=\"@veredes\" \/>\n<meta name=\"twitter:label1\" content=\"Escrito por\" \/>\n\t<meta name=\"twitter:data1\" content=\"Stepienybarno\" \/>\n\t<meta name=\"twitter:label2\" content=\"Tiempo de lectura\" \/>\n\t<meta name=\"twitter:data2\" content=\"22 minutos\" \/>\n<script type=\"application\/ld+json\" class=\"yoast-schema-graph\">{\"@context\":\"https:\\\/\\\/schema.org\",\"@graph\":[{\"@type\":\"Article\",\"@id\":\"https:\\\/\\\/veredes.es\\\/blog\\\/la-realidad-del-arquitecto-stepienybarno\\\/#article\",\"isPartOf\":{\"@id\":\"https:\\\/\\\/veredes.es\\\/blog\\\/la-realidad-del-arquitecto-stepienybarno\\\/\"},\"author\":{\"name\":\"Stepienybarno\",\"@id\":\"https:\\\/\\\/veredes.es\\\/blog\\\/#\\\/schema\\\/person\\\/ef4471ca7b84a35a0e5467570aa86373\"},\"headline\":\"La realidad del arquitecto | Stepienybarno\",\"datePublished\":\"2013-04-29T06:00:57+00:00\",\"dateModified\":\"2022-02-14T23:38:00+00:00\",\"mainEntityOfPage\":{\"@id\":\"https:\\\/\\\/veredes.es\\\/blog\\\/la-realidad-del-arquitecto-stepienybarno\\\/\"},\"wordCount\":4480,\"commentCount\":2,\"publisher\":{\"@id\":\"https:\\\/\\\/veredes.es\\\/blog\\\/#organization\"},\"image\":{\"@id\":\"https:\\\/\\\/veredes.es\\\/blog\\\/la-realidad-del-arquitecto-stepienybarno\\\/#primaryimage\"},\"thumbnailUrl\":\"https:\\\/\\\/veredes.es\\\/blog\\\/wp-content\\\/uploads\\\/2013\\\/04\\\/LA-REALIDAD-DEL-ARQUITECTO-profesi\u00f3n-asemas-hermandad-copia.jpg\",\"keywords\":[\"Agnieszka Stepien\",\"crisis\",\"Espa\u00f1a\",\"estado\",\"Lorenzo Barn\u00f3\",\"modelo profesional\",\"pensamiento\",\"profesi\u00f3n\",\"reflexi\u00f3n\",\"stepienybarno\"],\"articleSection\":[\"faro\",\"slider principal\"],\"inLanguage\":\"es\",\"potentialAction\":[{\"@type\":\"CommentAction\",\"name\":\"Comment\",\"target\":[\"https:\\\/\\\/veredes.es\\\/blog\\\/la-realidad-del-arquitecto-stepienybarno\\\/#respond\"]}]},{\"@type\":\"WebPage\",\"@id\":\"https:\\\/\\\/veredes.es\\\/blog\\\/la-realidad-del-arquitecto-stepienybarno\\\/\",\"url\":\"https:\\\/\\\/veredes.es\\\/blog\\\/la-realidad-del-arquitecto-stepienybarno\\\/\",\"name\":\"La realidad del arquitecto | Stepienybarno\",\"isPartOf\":{\"@id\":\"https:\\\/\\\/veredes.es\\\/blog\\\/#website\"},\"primaryImageOfPage\":{\"@id\":\"https:\\\/\\\/veredes.es\\\/blog\\\/la-realidad-del-arquitecto-stepienybarno\\\/#primaryimage\"},\"image\":{\"@id\":\"https:\\\/\\\/veredes.es\\\/blog\\\/la-realidad-del-arquitecto-stepienybarno\\\/#primaryimage\"},\"thumbnailUrl\":\"https:\\\/\\\/veredes.es\\\/blog\\\/wp-content\\\/uploads\\\/2013\\\/04\\\/LA-REALIDAD-DEL-ARQUITECTO-profesi\u00f3n-asemas-hermandad-copia.jpg\",\"datePublished\":\"2013-04-29T06:00:57+00:00\",\"dateModified\":\"2022-02-14T23:38:00+00:00\",\"description\":\"La realidad del arquitecto\",\"breadcrumb\":{\"@id\":\"https:\\\/\\\/veredes.es\\\/blog\\\/la-realidad-del-arquitecto-stepienybarno\\\/#breadcrumb\"},\"inLanguage\":\"es\",\"potentialAction\":[{\"@type\":\"ReadAction\",\"target\":[\"https:\\\/\\\/veredes.es\\\/blog\\\/la-realidad-del-arquitecto-stepienybarno\\\/\"]}]},{\"@type\":\"ImageObject\",\"inLanguage\":\"es\",\"@id\":\"https:\\\/\\\/veredes.es\\\/blog\\\/la-realidad-del-arquitecto-stepienybarno\\\/#primaryimage\",\"url\":\"https:\\\/\\\/veredes.es\\\/blog\\\/wp-content\\\/uploads\\\/2013\\\/04\\\/LA-REALIDAD-DEL-ARQUITECTO-profesi\u00f3n-asemas-hermandad-copia.jpg\",\"contentUrl\":\"https:\\\/\\\/veredes.es\\\/blog\\\/wp-content\\\/uploads\\\/2013\\\/04\\\/LA-REALIDAD-DEL-ARQUITECTO-profesi\u00f3n-asemas-hermandad-copia.jpg\",\"width\":\"620\",\"height\":\"620\"},{\"@type\":\"BreadcrumbList\",\"@id\":\"https:\\\/\\\/veredes.es\\\/blog\\\/la-realidad-del-arquitecto-stepienybarno\\\/#breadcrumb\",\"itemListElement\":[{\"@type\":\"ListItem\",\"position\":1,\"name\":\"Portada\",\"item\":\"https:\\\/\\\/veredes.es\\\/blog\\\/\"},{\"@type\":\"ListItem\",\"position\":2,\"name\":\"La realidad del arquitecto | Stepienybarno\"}]},{\"@type\":\"WebSite\",\"@id\":\"https:\\\/\\\/veredes.es\\\/blog\\\/#website\",\"url\":\"https:\\\/\\\/veredes.es\\\/blog\\\/\",\"name\":\"veredes, arquitectura y divulgaci\u00f3n\",\"description\":\"veredes\",\"publisher\":{\"@id\":\"https:\\\/\\\/veredes.es\\\/blog\\\/#organization\"},\"alternateName\":\"veredes\",\"potentialAction\":[{\"@type\":\"SearchAction\",\"target\":{\"@type\":\"EntryPoint\",\"urlTemplate\":\"https:\\\/\\\/veredes.es\\\/blog\\\/?s={search_term_string}\"},\"query-input\":{\"@type\":\"PropertyValueSpecification\",\"valueRequired\":true,\"valueName\":\"search_term_string\"}}],\"inLanguage\":\"es\"},{\"@type\":\"Organization\",\"@id\":\"https:\\\/\\\/veredes.es\\\/blog\\\/#organization\",\"name\":\"veredes, arquitectura y divulgaci\u00f3n\",\"alternateName\":\"veredes\",\"url\":\"https:\\\/\\\/veredes.es\\\/blog\\\/\",\"logo\":{\"@type\":\"ImageObject\",\"inLanguage\":\"es\",\"@id\":\"https:\\\/\\\/veredes.es\\\/blog\\\/#\\\/schema\\\/logo\\\/image\\\/\",\"url\":\"https:\\\/\\\/veredes.es\\\/blog\\\/wp-content\\\/uploads\\\/2021\\\/12\\\/veredes-logo-centrado_140x54.png\",\"contentUrl\":\"https:\\\/\\\/veredes.es\\\/blog\\\/wp-content\\\/uploads\\\/2021\\\/12\\\/veredes-logo-centrado_140x54.png\",\"width\":140,\"height\":54,\"caption\":\"veredes, arquitectura y divulgaci\u00f3n\"},\"image\":{\"@id\":\"https:\\\/\\\/veredes.es\\\/blog\\\/#\\\/schema\\\/logo\\\/image\\\/\"},\"sameAs\":[\"https:\\\/\\\/www.facebook.com\\\/veredesArquitecturayDivulgacion\\\/\",\"https:\\\/\\\/x.com\\\/veredes\",\"https:\\\/\\\/instagram.com\\\/veredes\\\/\",\"https:\\\/\\\/www.linkedin.com\\\/company\\\/veredes-arquitectura-y-divulgacion\\\/\",\"https:\\\/\\\/es.pinterest.com\\\/veredes\\\/\",\"https:\\\/\\\/www.tumblr.com\\\/veredes\"]},{\"@type\":\"Person\",\"@id\":\"https:\\\/\\\/veredes.es\\\/blog\\\/#\\\/schema\\\/person\\\/ef4471ca7b84a35a0e5467570aa86373\",\"name\":\"Stepienybarno\",\"image\":{\"@type\":\"ImageObject\",\"inLanguage\":\"es\",\"@id\":\"https:\\\/\\\/veredes.es\\\/blog\\\/wp-content\\\/uploads\\\/2018\\\/04\\\/Stepienybarno-96x96.jpg\",\"url\":\"https:\\\/\\\/veredes.es\\\/blog\\\/wp-content\\\/uploads\\\/2018\\\/04\\\/Stepienybarno-96x96.jpg\",\"contentUrl\":\"https:\\\/\\\/veredes.es\\\/blog\\\/wp-content\\\/uploads\\\/2018\\\/04\\\/Stepienybarno-96x96.jpg\",\"caption\":\"Stepienybarno\"},\"description\":\"Stepienybarno est\u00e1 formado por Agnieszka Stepien y Lorenzo Barn\u00f3, ambos arquitectos y formados en temas de Identidad Digital y Comunicaci\u00f3n online. Desde el 2004 tenemos nuestro propio estudio de arquitectura, ubicado en un peque\u00f1o pueblo de Navarra, Estella, y ambos estamos embarcados en nuestras tesis doctorales. A su vez, colaboramos con otros profesionales tanto del \u00e1mbito de la arquitectura, sostenibilidad y comunicaci\u00f3n online. Vivir en Estella nos da la tranquilidad necesaria para poder encarar el d\u00eda a d\u00eda con energ\u00eda y la red nos posibilita contactar con un mundo maravilloso que de otra forma hubiera sido imposible.\",\"sameAs\":[\"https:\\\/\\\/www.stepienybarno.es\\\/\",\"https:\\\/\\\/www.facebook.com\\\/StepienyBarnoArquitecturaeIdentidadDigital\",\"https:\\\/\\\/www.instagram.com\\\/stepienybarno\\\/\",\"https:\\\/\\\/www.linkedin.com\\\/in\\\/stepienybarno\\\/\",\"https:\\\/\\\/x.com\\\/https:\\\/\\\/twitter.com\\\/stepienybarno\"],\"url\":\"https:\\\/\\\/veredes.es\\\/blog\\\/author\\\/stepienybarno\\\/\"}]}<\/script>\n<!-- \/ Yoast SEO plugin. -->","yoast_head_json":{"title":"La realidad del arquitecto | Stepienybarno","description":"La realidad del arquitecto","robots":{"index":"index","follow":"follow","max-snippet":"max-snippet:-1","max-image-preview":"max-image-preview:large","max-video-preview":"max-video-preview:-1"},"canonical":"https:\/\/veredes.es\/blog\/la-realidad-del-arquitecto-stepienybarno\/","og_locale":"es_ES","og_type":"article","og_title":"La realidad del arquitecto | Stepienybarno","og_description":"La realidad del arquitecto","og_url":"https:\/\/veredes.es\/blog\/la-realidad-del-arquitecto-stepienybarno\/","og_site_name":"veredes, arquitectura y divulgaci\u00f3n","article_publisher":"https:\/\/www.facebook.com\/veredesArquitecturayDivulgacion\/","article_author":"https:\/\/www.facebook.com\/StepienyBarnoArquitecturaeIdentidadDigital","article_published_time":"2013-04-29T06:00:57+00:00","article_modified_time":"2022-02-14T23:38:00+00:00","og_image":[{"width":620,"height":620,"url":"https:\/\/veredes.es\/blog\/wp-content\/uploads\/2013\/04\/LA-REALIDAD-DEL-ARQUITECTO-profesi\u00f3n-asemas-hermandad-copia.jpg","type":"image\/jpeg"}],"author":"Stepienybarno","twitter_card":"summary_large_image","twitter_creator":"@https:\/\/twitter.com\/stepienybarno","twitter_site":"@veredes","twitter_misc":{"Escrito por":"Stepienybarno","Tiempo de lectura":"22 minutos"},"schema":{"@context":"https:\/\/schema.org","@graph":[{"@type":"Article","@id":"https:\/\/veredes.es\/blog\/la-realidad-del-arquitecto-stepienybarno\/#article","isPartOf":{"@id":"https:\/\/veredes.es\/blog\/la-realidad-del-arquitecto-stepienybarno\/"},"author":{"name":"Stepienybarno","@id":"https:\/\/veredes.es\/blog\/#\/schema\/person\/ef4471ca7b84a35a0e5467570aa86373"},"headline":"La realidad del arquitecto | Stepienybarno","datePublished":"2013-04-29T06:00:57+00:00","dateModified":"2022-02-14T23:38:00+00:00","mainEntityOfPage":{"@id":"https:\/\/veredes.es\/blog\/la-realidad-del-arquitecto-stepienybarno\/"},"wordCount":4480,"commentCount":2,"publisher":{"@id":"https:\/\/veredes.es\/blog\/#organization"},"image":{"@id":"https:\/\/veredes.es\/blog\/la-realidad-del-arquitecto-stepienybarno\/#primaryimage"},"thumbnailUrl":"https:\/\/veredes.es\/blog\/wp-content\/uploads\/2013\/04\/LA-REALIDAD-DEL-ARQUITECTO-profesi\u00f3n-asemas-hermandad-copia.jpg","keywords":["Agnieszka Stepien","crisis","Espa\u00f1a","estado","Lorenzo Barn\u00f3","modelo profesional","pensamiento","profesi\u00f3n","reflexi\u00f3n","stepienybarno"],"articleSection":["faro","slider principal"],"inLanguage":"es","potentialAction":[{"@type":"CommentAction","name":"Comment","target":["https:\/\/veredes.es\/blog\/la-realidad-del-arquitecto-stepienybarno\/#respond"]}]},{"@type":"WebPage","@id":"https:\/\/veredes.es\/blog\/la-realidad-del-arquitecto-stepienybarno\/","url":"https:\/\/veredes.es\/blog\/la-realidad-del-arquitecto-stepienybarno\/","name":"La realidad del arquitecto | Stepienybarno","isPartOf":{"@id":"https:\/\/veredes.es\/blog\/#website"},"primaryImageOfPage":{"@id":"https:\/\/veredes.es\/blog\/la-realidad-del-arquitecto-stepienybarno\/#primaryimage"},"image":{"@id":"https:\/\/veredes.es\/blog\/la-realidad-del-arquitecto-stepienybarno\/#primaryimage"},"thumbnailUrl":"https:\/\/veredes.es\/blog\/wp-content\/uploads\/2013\/04\/LA-REALIDAD-DEL-ARQUITECTO-profesi\u00f3n-asemas-hermandad-copia.jpg","datePublished":"2013-04-29T06:00:57+00:00","dateModified":"2022-02-14T23:38:00+00:00","description":"La realidad del arquitecto","breadcrumb":{"@id":"https:\/\/veredes.es\/blog\/la-realidad-del-arquitecto-stepienybarno\/#breadcrumb"},"inLanguage":"es","potentialAction":[{"@type":"ReadAction","target":["https:\/\/veredes.es\/blog\/la-realidad-del-arquitecto-stepienybarno\/"]}]},{"@type":"ImageObject","inLanguage":"es","@id":"https:\/\/veredes.es\/blog\/la-realidad-del-arquitecto-stepienybarno\/#primaryimage","url":"https:\/\/veredes.es\/blog\/wp-content\/uploads\/2013\/04\/LA-REALIDAD-DEL-ARQUITECTO-profesi\u00f3n-asemas-hermandad-copia.jpg","contentUrl":"https:\/\/veredes.es\/blog\/wp-content\/uploads\/2013\/04\/LA-REALIDAD-DEL-ARQUITECTO-profesi\u00f3n-asemas-hermandad-copia.jpg","width":"620","height":"620"},{"@type":"BreadcrumbList","@id":"https:\/\/veredes.es\/blog\/la-realidad-del-arquitecto-stepienybarno\/#breadcrumb","itemListElement":[{"@type":"ListItem","position":1,"name":"Portada","item":"https:\/\/veredes.es\/blog\/"},{"@type":"ListItem","position":2,"name":"La realidad del arquitecto | Stepienybarno"}]},{"@type":"WebSite","@id":"https:\/\/veredes.es\/blog\/#website","url":"https:\/\/veredes.es\/blog\/","name":"veredes, arquitectura y divulgaci\u00f3n","description":"veredes","publisher":{"@id":"https:\/\/veredes.es\/blog\/#organization"},"alternateName":"veredes","potentialAction":[{"@type":"SearchAction","target":{"@type":"EntryPoint","urlTemplate":"https:\/\/veredes.es\/blog\/?s={search_term_string}"},"query-input":{"@type":"PropertyValueSpecification","valueRequired":true,"valueName":"search_term_string"}}],"inLanguage":"es"},{"@type":"Organization","@id":"https:\/\/veredes.es\/blog\/#organization","name":"veredes, arquitectura y divulgaci\u00f3n","alternateName":"veredes","url":"https:\/\/veredes.es\/blog\/","logo":{"@type":"ImageObject","inLanguage":"es","@id":"https:\/\/veredes.es\/blog\/#\/schema\/logo\/image\/","url":"https:\/\/veredes.es\/blog\/wp-content\/uploads\/2021\/12\/veredes-logo-centrado_140x54.png","contentUrl":"https:\/\/veredes.es\/blog\/wp-content\/uploads\/2021\/12\/veredes-logo-centrado_140x54.png","width":140,"height":54,"caption":"veredes, arquitectura y divulgaci\u00f3n"},"image":{"@id":"https:\/\/veredes.es\/blog\/#\/schema\/logo\/image\/"},"sameAs":["https:\/\/www.facebook.com\/veredesArquitecturayDivulgacion\/","https:\/\/x.com\/veredes","https:\/\/instagram.com\/veredes\/","https:\/\/www.linkedin.com\/company\/veredes-arquitectura-y-divulgacion\/","https:\/\/es.pinterest.com\/veredes\/","https:\/\/www.tumblr.com\/veredes"]},{"@type":"Person","@id":"https:\/\/veredes.es\/blog\/#\/schema\/person\/ef4471ca7b84a35a0e5467570aa86373","name":"Stepienybarno","image":{"@type":"ImageObject","inLanguage":"es","@id":"https:\/\/veredes.es\/blog\/wp-content\/uploads\/2018\/04\/Stepienybarno-96x96.jpg","url":"https:\/\/veredes.es\/blog\/wp-content\/uploads\/2018\/04\/Stepienybarno-96x96.jpg","contentUrl":"https:\/\/veredes.es\/blog\/wp-content\/uploads\/2018\/04\/Stepienybarno-96x96.jpg","caption":"Stepienybarno"},"description":"Stepienybarno est\u00e1 formado por Agnieszka Stepien y Lorenzo Barn\u00f3, ambos arquitectos y formados en temas de Identidad Digital y Comunicaci\u00f3n online. Desde el 2004 tenemos nuestro propio estudio de arquitectura, ubicado en un peque\u00f1o pueblo de Navarra, Estella, y ambos estamos embarcados en nuestras tesis doctorales. A su vez, colaboramos con otros profesionales tanto del \u00e1mbito de la arquitectura, sostenibilidad y comunicaci\u00f3n online. Vivir en Estella nos da la tranquilidad necesaria para poder encarar el d\u00eda a d\u00eda con energ\u00eda y la red nos posibilita contactar con un mundo maravilloso que de otra forma hubiera sido imposible.","sameAs":["https:\/\/www.stepienybarno.es\/","https:\/\/www.facebook.com\/StepienyBarnoArquitecturaeIdentidadDigital","https:\/\/www.instagram.com\/stepienybarno\/","https:\/\/www.linkedin.com\/in\/stepienybarno\/","https:\/\/x.com\/https:\/\/twitter.com\/stepienybarno"],"url":"https:\/\/veredes.es\/blog\/author\/stepienybarno\/"}]}},"_links":{"self":[{"href":"https:\/\/veredes.es\/blog\/wp-json\/wp\/v2\/posts\/30993","targetHints":{"allow":["GET"]}}],"collection":[{"href":"https:\/\/veredes.es\/blog\/wp-json\/wp\/v2\/posts"}],"about":[{"href":"https:\/\/veredes.es\/blog\/wp-json\/wp\/v2\/types\/post"}],"author":[{"embeddable":true,"href":"https:\/\/veredes.es\/blog\/wp-json\/wp\/v2\/users\/22"}],"replies":[{"embeddable":true,"href":"https:\/\/veredes.es\/blog\/wp-json\/wp\/v2\/comments?post=30993"}],"version-history":[{"count":0,"href":"https:\/\/veredes.es\/blog\/wp-json\/wp\/v2\/posts\/30993\/revisions"}],"wp:featuredmedia":[{"embeddable":true,"href":"https:\/\/veredes.es\/blog\/wp-json\/wp\/v2\/media\/30994"}],"wp:attachment":[{"href":"https:\/\/veredes.es\/blog\/wp-json\/wp\/v2\/media?parent=30993"}],"wp:term":[{"taxonomy":"category","embeddable":true,"href":"https:\/\/veredes.es\/blog\/wp-json\/wp\/v2\/categories?post=30993"},{"taxonomy":"post_tag","embeddable":true,"href":"https:\/\/veredes.es\/blog\/wp-json\/wp\/v2\/tags?post=30993"}],"curies":[{"name":"wp","href":"https:\/\/api.w.org\/{rel}","templated":true}]}}