{"id":30296,"date":"2013-04-05T06:33:19","date_gmt":"2013-04-05T06:33:19","guid":{"rendered":"http:\/\/veredes.es\/blog\/?p=30296"},"modified":"2015-02-09T20:25:19","modified_gmt":"2015-02-09T20:25:19","slug":"conferencia-de-jose-miguel-de-prada-poole-%c2%b7-v-festival-de-arquitectura-etsac","status":"publish","type":"post","link":"https:\/\/veredes.es\/blog\/conferencia-de-jose-miguel-de-prada-poole-%c2%b7-v-festival-de-arquitectura-etsac\/","title":{"rendered":"Conferencia de Jose Miguel de Prada Poole \u00b7 V Festival de Arquitectura ETSAC"},"content":{"rendered":"<p><\/p>\n<p style=\"text-align: justify;\"><strong><strong>Jose Miguel de Prada Poole. <\/strong><\/strong>Premio Nacional de Arquitectura en 1975, ha sido catedr\u00e1tico del departamento de Proyectos Arquitect\u00f3nicos de la ETSAM. Es pionero en la investigaci\u00f3n acerca de estructuras neum\u00e1ticas en Espa\u00f1a, materia en torno a la cu\u00e1l se centra el grueso de su obra. Su arquitectura est\u00e1 impregnada de ecolog\u00eda, ciencias naturales e ingenier\u00eda experimental. Su leitmotiv ha sido \u201cno dejar marcas que condicionen el futuro y far libertad para el cambio\u201d. Esta idea se ha manifestado en todos sus proyectos, como la \u2018Instant City\u2019, una ciudad instant\u00e1nea como respuesta al boom tur\u00edstico.<strong><strong><br \/>\n<\/strong><\/strong><\/p>\n<p style=\"text-align: justify;\"><a href=\"http:\/\/veredes.es\/blog\/wp-content\/uploads\/2013\/04\/Conferencia-de-Jose-Miguel-de-Prada-Poole-\u00b7-V-Festival-de-Arquitectura-ETSAC.jpg\"><img loading=\"lazy\" decoding=\"async\" class=\"alignnone size-full wp-image-30297\" title=\"Conferencia de Jose Miguel de Prada Poole \u00b7 V Festival de Arquitectura ETSAC\" src=\"http:\/\/veredes.es\/blog\/wp-content\/uploads\/2013\/04\/Conferencia-de-Jose-Miguel-de-Prada-Poole-\u00b7-V-Festival-de-Arquitectura-ETSAC.jpg\" alt=\"\" width=\"620\" height=\"878\" srcset=\"https:\/\/veredes.es\/blog\/wp-content\/uploads\/2013\/04\/Conferencia-de-Jose-Miguel-de-Prada-Poole-\u00b7-V-Festival-de-Arquitectura-ETSAC.jpg 620w, https:\/\/veredes.es\/blog\/wp-content\/uploads\/2013\/04\/Conferencia-de-Jose-Miguel-de-Prada-Poole-\u00b7-V-Festival-de-Arquitectura-ETSAC-211x300.jpg 211w\" sizes=\"auto, (max-width: 620px) 100vw, 620px\" \/><\/a><\/p>\n<p style=\"text-align: justify;\"><strong id=\"internal-source-marker_0.9879382411018014\"><strong>\u201cDe la ciudad Frente al Paisaje a la Ciudad Paisaje\u201d<br \/>\n<\/strong><\/strong>Sobre la investigaci\u00f3n m\u00e1s proyectual dedicada a buscar modelos generales sobre la organizaci\u00f3n y localizaci\u00f3n de las futuras ciudades de bajo, o casi nulo, impacto ambiental.<\/p>\n<p><strong>V Festival de Arquitectura ETSAC<\/strong><br \/>\n<strong>lunes 8 de abril &#8211; 11:00 h.<\/strong><br \/>\n<strong>Sal\u00f3n de Actos ETSAC.<\/strong><br \/>\n<a href=\"http:\/\/fetsac.tumblr.com\/\" target=\"_blank\"><span style=\"color: #888888;\">+ info<\/span><\/a><strong><br \/>\n<\/strong><\/p>","protected":false},"excerpt":{"rendered":"<p>Jose Miguel de Prada Poole. Premio Nacional de Arquitectura en 1975, ha sido catedr\u00e1tico del departamento de Proyectos Arquitect\u00f3nicos de la ETSAM. Es pionero en la investigaci\u00f3n acerca de estructuras neum\u00e1ticas en Espa\u00f1a, materia en torno a la cu\u00e1l se centra el grueso de su obra. Su arquitectura est\u00e1 impregnada de ecolog\u00eda, ciencias naturales e [&hellip;]<\/p>\n","protected":false},"author":2,"featured_media":30297,"comment_status":"open","ping_status":"closed","sticky":false,"template":"","format":"standard","meta":{"footnotes":""},"categories":[1385,43,16],"tags":[357,521,541,577,578,619,5760,953,977,1264,1286,12468],"class_list":{"0":"post-30296","1":"post","2":"type-post","3":"status-publish","4":"format-standard","5":"has-post-thumbnail","7":"category-conferencias","8":"category-cursos-talleres","9":"category-eventos","11":"tag-espana","12":"tag-etsac","13":"tag-festival","14":"tag-fetsac","15":"tag-galicia","16":"tag-jose-miguel-de-prada-poole","17":"tag-obradoiro","18":"tag-paisaje","19":"tag-taller","20":"tag-territorio","21":"tag-urbanismo"},"yoast_head":"<!-- This site is optimized with the Yoast SEO plugin v27.4 - https:\/\/yoast.com\/product\/yoast-seo-wordpress\/ -->\n<title>Conferencia de Jose Miguel de Prada Poole \u00b7 V Festival de Arquitectura ETSACConferencia de Jose Miguel de Prada Poole \u00b7 V Festival de Arquitectura ETSACConference Jose Miguel de Prada Poole \u00b7 V Festival de Arquitectura ETSAC - veredes<\/title>\n<meta name=\"description\" content=\"Toda la informaci\u00f3n sobre: Conferencia de Jose Miguel de Prada Poole \u00b7 V Festival de Arquitectura ETSACConferencia de Jose Miguel de Prada Poole \u00b7 V Festival de Arquitectura ETSACConference Jose Miguel de Prada Poole \u00b7 V Festival de Arquitectura ETSAC\" \/>\n<meta name=\"robots\" content=\"index, follow, max-snippet:-1, max-image-preview:large, max-video-preview:-1\" \/>\n<link rel=\"canonical\" href=\"https:\/\/veredes.es\/blog\/conferencia-de-jose-miguel-de-prada-poole-\u00b7-v-festival-de-arquitectura-etsac\/\" \/>\n<meta property=\"og:locale\" content=\"es_ES\" \/>\n<meta property=\"og:type\" content=\"article\" \/>\n<meta property=\"og:title\" content=\"Conferencia de Jose Miguel de Prada Poole \u00b7 V Festival de Arquitectura ETSACConferencia de Jose Miguel de Prada Poole \u00b7 V Festival de Arquitectura ETSACConference Jose Miguel de Prada Poole \u00b7 V Festival de Arquitectura ETSAC - veredes\" \/>\n<meta property=\"og:description\" content=\"Toda la informaci\u00f3n sobre: Conferencia de Jose Miguel de Prada Poole \u00b7 V Festival de Arquitectura ETSACConferencia de Jose Miguel de Prada Poole \u00b7 V Festival de Arquitectura ETSACConference Jose Miguel de Prada Poole \u00b7 V Festival de Arquitectura ETSAC\" \/>\n<meta property=\"og:url\" content=\"https:\/\/veredes.es\/blog\/conferencia-de-jose-miguel-de-prada-poole-\u00b7-v-festival-de-arquitectura-etsac\/\" \/>\n<meta property=\"og:site_name\" content=\"veredes, arquitectura y divulgaci\u00f3n\" \/>\n<meta property=\"article:publisher\" content=\"https:\/\/www.facebook.com\/veredesArquitecturayDivulgacion\/\" \/>\n<meta property=\"article:author\" content=\"https:\/\/www.facebook.com\/veredesArquitecturayDivulgacion\/\" \/>\n<meta property=\"article:published_time\" content=\"2013-04-05T06:33:19+00:00\" \/>\n<meta property=\"article:modified_time\" content=\"2015-02-09T20:25:19+00:00\" \/>\n<meta property=\"og:image\" content=\"https:\/\/veredes.es\/blog\/wp-content\/uploads\/2013\/04\/Conferencia-de-Jose-Miguel-de-Prada-Poole-\u00b7-V-Festival-de-Arquitectura-ETSAC.jpg\" \/>\n\t<meta property=\"og:image:width\" content=\"620\" \/>\n\t<meta property=\"og:image:height\" content=\"878\" \/>\n\t<meta property=\"og:image:type\" content=\"image\/jpeg\" \/>\n<meta name=\"author\" content=\"veredes\" \/>\n<meta name=\"twitter:card\" content=\"summary_large_image\" \/>\n<meta name=\"twitter:creator\" content=\"@https:\/\/twitter.com\/veredes\" \/>\n<meta name=\"twitter:site\" content=\"@veredes\" \/>\n<meta name=\"twitter:label1\" content=\"Escrito por\" \/>\n\t<meta name=\"twitter:data1\" content=\"veredes\" \/>\n\t<meta name=\"twitter:label2\" content=\"Tiempo de lectura\" \/>\n\t<meta name=\"twitter:data2\" content=\"2 minutos\" \/>\n<script type=\"application\/ld+json\" class=\"yoast-schema-graph\">{\"@context\":\"https:\\\/\\\/schema.org\",\"@graph\":[{\"@type\":\"Article\",\"@id\":\"https:\\\/\\\/veredes.es\\\/blog\\\/conferencia-de-jose-miguel-de-prada-poole-%c2%b7-v-festival-de-arquitectura-etsac\\\/#article\",\"isPartOf\":{\"@id\":\"https:\\\/\\\/veredes.es\\\/blog\\\/conferencia-de-jose-miguel-de-prada-poole-%c2%b7-v-festival-de-arquitectura-etsac\\\/\"},\"author\":{\"name\":\"veredes\",\"@id\":\"https:\\\/\\\/veredes.es\\\/blog\\\/#\\\/schema\\\/person\\\/0bbb669073ef7faba5168a0844e93d2c\"},\"headline\":\"Conferencia de Jose Miguel de Prada Poole \u00b7 V Festival de Arquitectura ETSAC\",\"datePublished\":\"2013-04-05T06:33:19+00:00\",\"dateModified\":\"2015-02-09T20:25:19+00:00\",\"mainEntityOfPage\":{\"@id\":\"https:\\\/\\\/veredes.es\\\/blog\\\/conferencia-de-jose-miguel-de-prada-poole-%c2%b7-v-festival-de-arquitectura-etsac\\\/\"},\"wordCount\":496,\"commentCount\":0,\"publisher\":{\"@id\":\"https:\\\/\\\/veredes.es\\\/blog\\\/#organization\"},\"image\":{\"@id\":\"https:\\\/\\\/veredes.es\\\/blog\\\/conferencia-de-jose-miguel-de-prada-poole-%c2%b7-v-festival-de-arquitectura-etsac\\\/#primaryimage\"},\"thumbnailUrl\":\"https:\\\/\\\/veredes.es\\\/blog\\\/wp-content\\\/uploads\\\/2013\\\/04\\\/Conferencia-de-Jose-Miguel-de-Prada-Poole-\u00b7-V-Festival-de-Arquitectura-ETSAC.jpg\",\"keywords\":[\"conferencia\",\"Espa\u00f1a\",\"ETSAC\",\"festival\",\"fetsac\",\"Galicia\",\"Jos\u00e9 Miguel de Prada Poole\",\"obradoiro\",\"paisaje\",\"taller\",\"territorio\",\"urbanismo\"],\"articleSection\":[\"conferencias\",\"cursos-talleres\",\"eventos\"],\"inLanguage\":\"es\",\"potentialAction\":[{\"@type\":\"CommentAction\",\"name\":\"Comment\",\"target\":[\"https:\\\/\\\/veredes.es\\\/blog\\\/conferencia-de-jose-miguel-de-prada-poole-%c2%b7-v-festival-de-arquitectura-etsac\\\/#respond\"]}]},{\"@type\":\"WebPage\",\"@id\":\"https:\\\/\\\/veredes.es\\\/blog\\\/conferencia-de-jose-miguel-de-prada-poole-%c2%b7-v-festival-de-arquitectura-etsac\\\/\",\"url\":\"https:\\\/\\\/veredes.es\\\/blog\\\/conferencia-de-jose-miguel-de-prada-poole-%c2%b7-v-festival-de-arquitectura-etsac\\\/\",\"name\":\"Conferencia de Jose Miguel de Prada Poole \u00b7 V Festival de Arquitectura ETSACConferencia de Jose Miguel de Prada Poole \u00b7 V Festival de Arquitectura ETSACConference Jose Miguel de Prada Poole \u00b7 V Festival de Arquitectura ETSAC - veredes\",\"isPartOf\":{\"@id\":\"https:\\\/\\\/veredes.es\\\/blog\\\/#website\"},\"primaryImageOfPage\":{\"@id\":\"https:\\\/\\\/veredes.es\\\/blog\\\/conferencia-de-jose-miguel-de-prada-poole-%c2%b7-v-festival-de-arquitectura-etsac\\\/#primaryimage\"},\"image\":{\"@id\":\"https:\\\/\\\/veredes.es\\\/blog\\\/conferencia-de-jose-miguel-de-prada-poole-%c2%b7-v-festival-de-arquitectura-etsac\\\/#primaryimage\"},\"thumbnailUrl\":\"https:\\\/\\\/veredes.es\\\/blog\\\/wp-content\\\/uploads\\\/2013\\\/04\\\/Conferencia-de-Jose-Miguel-de-Prada-Poole-\u00b7-V-Festival-de-Arquitectura-ETSAC.jpg\",\"datePublished\":\"2013-04-05T06:33:19+00:00\",\"dateModified\":\"2015-02-09T20:25:19+00:00\",\"description\":\"Toda la informaci\u00f3n sobre: Conferencia de Jose Miguel de Prada Poole \u00b7 V Festival de Arquitectura ETSACConferencia de Jose Miguel de Prada Poole \u00b7 V Festival de Arquitectura ETSACConference Jose Miguel de Prada Poole \u00b7 V Festival de Arquitectura ETSAC\",\"breadcrumb\":{\"@id\":\"https:\\\/\\\/veredes.es\\\/blog\\\/conferencia-de-jose-miguel-de-prada-poole-%c2%b7-v-festival-de-arquitectura-etsac\\\/#breadcrumb\"},\"inLanguage\":\"es\",\"potentialAction\":[{\"@type\":\"ReadAction\",\"target\":[\"https:\\\/\\\/veredes.es\\\/blog\\\/conferencia-de-jose-miguel-de-prada-poole-%c2%b7-v-festival-de-arquitectura-etsac\\\/\"]}]},{\"@type\":\"ImageObject\",\"inLanguage\":\"es\",\"@id\":\"https:\\\/\\\/veredes.es\\\/blog\\\/conferencia-de-jose-miguel-de-prada-poole-%c2%b7-v-festival-de-arquitectura-etsac\\\/#primaryimage\",\"url\":\"https:\\\/\\\/veredes.es\\\/blog\\\/wp-content\\\/uploads\\\/2013\\\/04\\\/Conferencia-de-Jose-Miguel-de-Prada-Poole-\u00b7-V-Festival-de-Arquitectura-ETSAC.jpg\",\"contentUrl\":\"https:\\\/\\\/veredes.es\\\/blog\\\/wp-content\\\/uploads\\\/2013\\\/04\\\/Conferencia-de-Jose-Miguel-de-Prada-Poole-\u00b7-V-Festival-de-Arquitectura-ETSAC.jpg\",\"width\":\"620\",\"height\":\"878\"},{\"@type\":\"BreadcrumbList\",\"@id\":\"https:\\\/\\\/veredes.es\\\/blog\\\/conferencia-de-jose-miguel-de-prada-poole-%c2%b7-v-festival-de-arquitectura-etsac\\\/#breadcrumb\",\"itemListElement\":[{\"@type\":\"ListItem\",\"position\":1,\"name\":\"Portada\",\"item\":\"https:\\\/\\\/veredes.es\\\/blog\\\/\"},{\"@type\":\"ListItem\",\"position\":2,\"name\":\"Conferencia de Jose Miguel de Prada Poole \u00b7 V Festival de Arquitectura ETSAC\"}]},{\"@type\":\"WebSite\",\"@id\":\"https:\\\/\\\/veredes.es\\\/blog\\\/#website\",\"url\":\"https:\\\/\\\/veredes.es\\\/blog\\\/\",\"name\":\"veredes, arquitectura y divulgaci\u00f3n\",\"description\":\"veredes\",\"publisher\":{\"@id\":\"https:\\\/\\\/veredes.es\\\/blog\\\/#organization\"},\"alternateName\":\"veredes\",\"potentialAction\":[{\"@type\":\"SearchAction\",\"target\":{\"@type\":\"EntryPoint\",\"urlTemplate\":\"https:\\\/\\\/veredes.es\\\/blog\\\/?s={search_term_string}\"},\"query-input\":{\"@type\":\"PropertyValueSpecification\",\"valueRequired\":true,\"valueName\":\"search_term_string\"}}],\"inLanguage\":\"es\"},{\"@type\":\"Organization\",\"@id\":\"https:\\\/\\\/veredes.es\\\/blog\\\/#organization\",\"name\":\"veredes, arquitectura y divulgaci\u00f3n\",\"alternateName\":\"veredes\",\"url\":\"https:\\\/\\\/veredes.es\\\/blog\\\/\",\"logo\":{\"@type\":\"ImageObject\",\"inLanguage\":\"es\",\"@id\":\"https:\\\/\\\/veredes.es\\\/blog\\\/#\\\/schema\\\/logo\\\/image\\\/\",\"url\":\"https:\\\/\\\/veredes.es\\\/blog\\\/wp-content\\\/uploads\\\/2021\\\/12\\\/veredes-logo-centrado_140x54.png\",\"contentUrl\":\"https:\\\/\\\/veredes.es\\\/blog\\\/wp-content\\\/uploads\\\/2021\\\/12\\\/veredes-logo-centrado_140x54.png\",\"width\":140,\"height\":54,\"caption\":\"veredes, arquitectura y divulgaci\u00f3n\"},\"image\":{\"@id\":\"https:\\\/\\\/veredes.es\\\/blog\\\/#\\\/schema\\\/logo\\\/image\\\/\"},\"sameAs\":[\"https:\\\/\\\/www.facebook.com\\\/veredesArquitecturayDivulgacion\\\/\",\"https:\\\/\\\/x.com\\\/veredes\",\"https:\\\/\\\/instagram.com\\\/veredes\\\/\",\"https:\\\/\\\/www.linkedin.com\\\/company\\\/veredes-arquitectura-y-divulgacion\\\/\",\"https:\\\/\\\/es.pinterest.com\\\/veredes\\\/\",\"https:\\\/\\\/www.tumblr.com\\\/veredes\"]},{\"@type\":\"Person\",\"@id\":\"https:\\\/\\\/veredes.es\\\/blog\\\/#\\\/schema\\\/person\\\/0bbb669073ef7faba5168a0844e93d2c\",\"name\":\"veredes\",\"image\":{\"@type\":\"ImageObject\",\"inLanguage\":\"es\",\"@id\":\"https:\\\/\\\/veredes.es\\\/blog\\\/wp-content\\\/uploads\\\/2018\\\/04\\\/face-96x96.jpg\",\"url\":\"https:\\\/\\\/veredes.es\\\/blog\\\/wp-content\\\/uploads\\\/2018\\\/04\\\/face-96x96.jpg\",\"contentUrl\":\"https:\\\/\\\/veredes.es\\\/blog\\\/wp-content\\\/uploads\\\/2018\\\/04\\\/face-96x96.jpg\",\"caption\":\"veredes\"},\"description\":\"Surge enero de 2009 como b\u00fasqueda de satisfacer el conocimiento de la actividad arquitect\u00f3nica y tangentes que se generan. La idea es crear un espacio para divulgar los diversos proyectos en busca de nueva inspiraci\u00f3n y de intercambio.\",\"sameAs\":[\"https:\\\/\\\/veredes.es\\\/\",\"https:\\\/\\\/www.facebook.com\\\/veredesArquitecturayDivulgacion\\\/\",\"https:\\\/\\\/www.instagram.com\\\/veredes\\\/\",\"https:\\\/\\\/www.linkedin.com\\\/company\\\/veredes-arquitectura-y-divulgacion\\\/\",\"https:\\\/\\\/www.pinterest.es\\\/veredes\\\/\",\"https:\\\/\\\/x.com\\\/https:\\\/\\\/twitter.com\\\/veredes\",\"https:\\\/\\\/veredes.tumblr.com\\\/\"],\"url\":\"https:\\\/\\\/veredes.es\\\/blog\\\/author\\\/alberto\\\/\"}]}<\/script>\n<!-- \/ Yoast SEO plugin. -->","yoast_head_json":{"title":"Conferencia de Jose Miguel de Prada Poole \u00b7 V Festival de Arquitectura ETSACConferencia de Jose Miguel de Prada Poole \u00b7 V Festival de Arquitectura ETSACConference Jose Miguel de Prada Poole \u00b7 V Festival de Arquitectura ETSAC - veredes","description":"Toda la informaci\u00f3n sobre: Conferencia de Jose Miguel de Prada Poole \u00b7 V Festival de Arquitectura ETSACConferencia de Jose Miguel de Prada Poole \u00b7 V Festival de Arquitectura ETSACConference Jose Miguel de Prada Poole \u00b7 V Festival de Arquitectura ETSAC","robots":{"index":"index","follow":"follow","max-snippet":"max-snippet:-1","max-image-preview":"max-image-preview:large","max-video-preview":"max-video-preview:-1"},"canonical":"https:\/\/veredes.es\/blog\/conferencia-de-jose-miguel-de-prada-poole-\u00b7-v-festival-de-arquitectura-etsac\/","og_locale":"es_ES","og_type":"article","og_title":"Conferencia de Jose Miguel de Prada Poole \u00b7 V Festival de Arquitectura ETSACConferencia de Jose Miguel de Prada Poole \u00b7 V Festival de Arquitectura ETSACConference Jose Miguel de Prada Poole \u00b7 V Festival de Arquitectura ETSAC - veredes","og_description":"Toda la informaci\u00f3n sobre: Conferencia de Jose Miguel de Prada Poole \u00b7 V Festival de Arquitectura ETSACConferencia de Jose Miguel de Prada Poole \u00b7 V Festival de Arquitectura ETSACConference Jose Miguel de Prada Poole \u00b7 V Festival de Arquitectura ETSAC","og_url":"https:\/\/veredes.es\/blog\/conferencia-de-jose-miguel-de-prada-poole-\u00b7-v-festival-de-arquitectura-etsac\/","og_site_name":"veredes, arquitectura y divulgaci\u00f3n","article_publisher":"https:\/\/www.facebook.com\/veredesArquitecturayDivulgacion\/","article_author":"https:\/\/www.facebook.com\/veredesArquitecturayDivulgacion\/","article_published_time":"2013-04-05T06:33:19+00:00","article_modified_time":"2015-02-09T20:25:19+00:00","og_image":[{"width":620,"height":878,"url":"https:\/\/veredes.es\/blog\/wp-content\/uploads\/2013\/04\/Conferencia-de-Jose-Miguel-de-Prada-Poole-\u00b7-V-Festival-de-Arquitectura-ETSAC.jpg","type":"image\/jpeg"}],"author":"veredes","twitter_card":"summary_large_image","twitter_creator":"@https:\/\/twitter.com\/veredes","twitter_site":"@veredes","twitter_misc":{"Escrito por":"veredes","Tiempo de lectura":"2 minutos"},"schema":{"@context":"https:\/\/schema.org","@graph":[{"@type":"Article","@id":"https:\/\/veredes.es\/blog\/conferencia-de-jose-miguel-de-prada-poole-%c2%b7-v-festival-de-arquitectura-etsac\/#article","isPartOf":{"@id":"https:\/\/veredes.es\/blog\/conferencia-de-jose-miguel-de-prada-poole-%c2%b7-v-festival-de-arquitectura-etsac\/"},"author":{"name":"veredes","@id":"https:\/\/veredes.es\/blog\/#\/schema\/person\/0bbb669073ef7faba5168a0844e93d2c"},"headline":"Conferencia de Jose Miguel de Prada Poole \u00b7 V Festival de Arquitectura ETSAC","datePublished":"2013-04-05T06:33:19+00:00","dateModified":"2015-02-09T20:25:19+00:00","mainEntityOfPage":{"@id":"https:\/\/veredes.es\/blog\/conferencia-de-jose-miguel-de-prada-poole-%c2%b7-v-festival-de-arquitectura-etsac\/"},"wordCount":496,"commentCount":0,"publisher":{"@id":"https:\/\/veredes.es\/blog\/#organization"},"image":{"@id":"https:\/\/veredes.es\/blog\/conferencia-de-jose-miguel-de-prada-poole-%c2%b7-v-festival-de-arquitectura-etsac\/#primaryimage"},"thumbnailUrl":"https:\/\/veredes.es\/blog\/wp-content\/uploads\/2013\/04\/Conferencia-de-Jose-Miguel-de-Prada-Poole-\u00b7-V-Festival-de-Arquitectura-ETSAC.jpg","keywords":["conferencia","Espa\u00f1a","ETSAC","festival","fetsac","Galicia","Jos\u00e9 Miguel de Prada Poole","obradoiro","paisaje","taller","territorio","urbanismo"],"articleSection":["conferencias","cursos-talleres","eventos"],"inLanguage":"es","potentialAction":[{"@type":"CommentAction","name":"Comment","target":["https:\/\/veredes.es\/blog\/conferencia-de-jose-miguel-de-prada-poole-%c2%b7-v-festival-de-arquitectura-etsac\/#respond"]}]},{"@type":"WebPage","@id":"https:\/\/veredes.es\/blog\/conferencia-de-jose-miguel-de-prada-poole-%c2%b7-v-festival-de-arquitectura-etsac\/","url":"https:\/\/veredes.es\/blog\/conferencia-de-jose-miguel-de-prada-poole-%c2%b7-v-festival-de-arquitectura-etsac\/","name":"Conferencia de Jose Miguel de Prada Poole \u00b7 V Festival de Arquitectura ETSACConferencia de Jose Miguel de Prada Poole \u00b7 V Festival de Arquitectura ETSACConference Jose Miguel de Prada Poole \u00b7 V Festival de Arquitectura ETSAC - veredes","isPartOf":{"@id":"https:\/\/veredes.es\/blog\/#website"},"primaryImageOfPage":{"@id":"https:\/\/veredes.es\/blog\/conferencia-de-jose-miguel-de-prada-poole-%c2%b7-v-festival-de-arquitectura-etsac\/#primaryimage"},"image":{"@id":"https:\/\/veredes.es\/blog\/conferencia-de-jose-miguel-de-prada-poole-%c2%b7-v-festival-de-arquitectura-etsac\/#primaryimage"},"thumbnailUrl":"https:\/\/veredes.es\/blog\/wp-content\/uploads\/2013\/04\/Conferencia-de-Jose-Miguel-de-Prada-Poole-\u00b7-V-Festival-de-Arquitectura-ETSAC.jpg","datePublished":"2013-04-05T06:33:19+00:00","dateModified":"2015-02-09T20:25:19+00:00","description":"Toda la informaci\u00f3n sobre: Conferencia de Jose Miguel de Prada Poole \u00b7 V Festival de Arquitectura ETSACConferencia de Jose Miguel de Prada Poole \u00b7 V Festival de Arquitectura ETSACConference Jose Miguel de Prada Poole \u00b7 V Festival de Arquitectura ETSAC","breadcrumb":{"@id":"https:\/\/veredes.es\/blog\/conferencia-de-jose-miguel-de-prada-poole-%c2%b7-v-festival-de-arquitectura-etsac\/#breadcrumb"},"inLanguage":"es","potentialAction":[{"@type":"ReadAction","target":["https:\/\/veredes.es\/blog\/conferencia-de-jose-miguel-de-prada-poole-%c2%b7-v-festival-de-arquitectura-etsac\/"]}]},{"@type":"ImageObject","inLanguage":"es","@id":"https:\/\/veredes.es\/blog\/conferencia-de-jose-miguel-de-prada-poole-%c2%b7-v-festival-de-arquitectura-etsac\/#primaryimage","url":"https:\/\/veredes.es\/blog\/wp-content\/uploads\/2013\/04\/Conferencia-de-Jose-Miguel-de-Prada-Poole-\u00b7-V-Festival-de-Arquitectura-ETSAC.jpg","contentUrl":"https:\/\/veredes.es\/blog\/wp-content\/uploads\/2013\/04\/Conferencia-de-Jose-Miguel-de-Prada-Poole-\u00b7-V-Festival-de-Arquitectura-ETSAC.jpg","width":"620","height":"878"},{"@type":"BreadcrumbList","@id":"https:\/\/veredes.es\/blog\/conferencia-de-jose-miguel-de-prada-poole-%c2%b7-v-festival-de-arquitectura-etsac\/#breadcrumb","itemListElement":[{"@type":"ListItem","position":1,"name":"Portada","item":"https:\/\/veredes.es\/blog\/"},{"@type":"ListItem","position":2,"name":"Conferencia de Jose Miguel de Prada Poole \u00b7 V Festival de Arquitectura ETSAC"}]},{"@type":"WebSite","@id":"https:\/\/veredes.es\/blog\/#website","url":"https:\/\/veredes.es\/blog\/","name":"veredes, arquitectura y divulgaci\u00f3n","description":"veredes","publisher":{"@id":"https:\/\/veredes.es\/blog\/#organization"},"alternateName":"veredes","potentialAction":[{"@type":"SearchAction","target":{"@type":"EntryPoint","urlTemplate":"https:\/\/veredes.es\/blog\/?s={search_term_string}"},"query-input":{"@type":"PropertyValueSpecification","valueRequired":true,"valueName":"search_term_string"}}],"inLanguage":"es"},{"@type":"Organization","@id":"https:\/\/veredes.es\/blog\/#organization","name":"veredes, arquitectura y divulgaci\u00f3n","alternateName":"veredes","url":"https:\/\/veredes.es\/blog\/","logo":{"@type":"ImageObject","inLanguage":"es","@id":"https:\/\/veredes.es\/blog\/#\/schema\/logo\/image\/","url":"https:\/\/veredes.es\/blog\/wp-content\/uploads\/2021\/12\/veredes-logo-centrado_140x54.png","contentUrl":"https:\/\/veredes.es\/blog\/wp-content\/uploads\/2021\/12\/veredes-logo-centrado_140x54.png","width":140,"height":54,"caption":"veredes, arquitectura y divulgaci\u00f3n"},"image":{"@id":"https:\/\/veredes.es\/blog\/#\/schema\/logo\/image\/"},"sameAs":["https:\/\/www.facebook.com\/veredesArquitecturayDivulgacion\/","https:\/\/x.com\/veredes","https:\/\/instagram.com\/veredes\/","https:\/\/www.linkedin.com\/company\/veredes-arquitectura-y-divulgacion\/","https:\/\/es.pinterest.com\/veredes\/","https:\/\/www.tumblr.com\/veredes"]},{"@type":"Person","@id":"https:\/\/veredes.es\/blog\/#\/schema\/person\/0bbb669073ef7faba5168a0844e93d2c","name":"veredes","image":{"@type":"ImageObject","inLanguage":"es","@id":"https:\/\/veredes.es\/blog\/wp-content\/uploads\/2018\/04\/face-96x96.jpg","url":"https:\/\/veredes.es\/blog\/wp-content\/uploads\/2018\/04\/face-96x96.jpg","contentUrl":"https:\/\/veredes.es\/blog\/wp-content\/uploads\/2018\/04\/face-96x96.jpg","caption":"veredes"},"description":"Surge enero de 2009 como b\u00fasqueda de satisfacer el conocimiento de la actividad arquitect\u00f3nica y tangentes que se generan. La idea es crear un espacio para divulgar los diversos proyectos en busca de nueva inspiraci\u00f3n y de intercambio.","sameAs":["https:\/\/veredes.es\/","https:\/\/www.facebook.com\/veredesArquitecturayDivulgacion\/","https:\/\/www.instagram.com\/veredes\/","https:\/\/www.linkedin.com\/company\/veredes-arquitectura-y-divulgacion\/","https:\/\/www.pinterest.es\/veredes\/","https:\/\/x.com\/https:\/\/twitter.com\/veredes","https:\/\/veredes.tumblr.com\/"],"url":"https:\/\/veredes.es\/blog\/author\/alberto\/"}]}},"_links":{"self":[{"href":"https:\/\/veredes.es\/blog\/wp-json\/wp\/v2\/posts\/30296","targetHints":{"allow":["GET"]}}],"collection":[{"href":"https:\/\/veredes.es\/blog\/wp-json\/wp\/v2\/posts"}],"about":[{"href":"https:\/\/veredes.es\/blog\/wp-json\/wp\/v2\/types\/post"}],"author":[{"embeddable":true,"href":"https:\/\/veredes.es\/blog\/wp-json\/wp\/v2\/users\/2"}],"replies":[{"embeddable":true,"href":"https:\/\/veredes.es\/blog\/wp-json\/wp\/v2\/comments?post=30296"}],"version-history":[{"count":0,"href":"https:\/\/veredes.es\/blog\/wp-json\/wp\/v2\/posts\/30296\/revisions"}],"wp:featuredmedia":[{"embeddable":true,"href":"https:\/\/veredes.es\/blog\/wp-json\/wp\/v2\/media\/30297"}],"wp:attachment":[{"href":"https:\/\/veredes.es\/blog\/wp-json\/wp\/v2\/media?parent=30296"}],"wp:term":[{"taxonomy":"category","embeddable":true,"href":"https:\/\/veredes.es\/blog\/wp-json\/wp\/v2\/categories?post=30296"},{"taxonomy":"post_tag","embeddable":true,"href":"https:\/\/veredes.es\/blog\/wp-json\/wp\/v2\/tags?post=30296"}],"curies":[{"name":"wp","href":"https:\/\/api.w.org\/{rel}","templated":true}]}}