{"id":30049,"date":"2013-03-25T06:20:15","date_gmt":"2013-03-25T06:20:15","guid":{"rendered":"http:\/\/veredes.es\/blog\/?p=30049"},"modified":"2018-04-23T20:48:00","modified_gmt":"2018-04-23T18:48:00","slug":"deseo-vertical-inigo-garcia-odiaga","status":"publish","type":"post","link":"https:\/\/veredes.es\/blog\/deseo-vertical-inigo-garcia-odiaga\/","title":{"rendered":"Deseo Vertical | \u00cd\u00f1igo Garc\u00eda Odiaga"},"content":{"rendered":"<p><\/p>\n<p style=\"text-align: justify;\">A menudo observamos edificios que muestran un gran deseo por conquistar la verticalidad. Es inmediato pensar en la idea proporci\u00f3n, un concepto que desliga la altura real de un objeto o de un edificio de sus deseos de verticalidad. Una planta reducida, frente a una fuerte componente en el eje Z garantiza la formalizaci\u00f3n de una torre aunque su altura no sea muy elevada.<\/p>\n<figure id=\"attachment_30050\" aria-describedby=\"caption-attachment-30050\" style=\"width: 620px\" class=\"wp-caption alignnone\"><a href=\"http:\/\/veredes.es\/blog\/wp-content\/uploads\/2013\/03\/paisaje-de-retranqueos-en-Manhattan.jpg\"><img loading=\"lazy\" decoding=\"async\" class=\"size-full wp-image-30050\" title=\"paisaje de retranqueos en Manhattan\" src=\"http:\/\/veredes.es\/blog\/wp-content\/uploads\/2013\/03\/paisaje-de-retranqueos-en-Manhattan.jpg\" alt=\"\" width=\"620\" height=\"437\" srcset=\"https:\/\/veredes.es\/blog\/wp-content\/uploads\/2013\/03\/paisaje-de-retranqueos-en-Manhattan.jpg 620w, https:\/\/veredes.es\/blog\/wp-content\/uploads\/2013\/03\/paisaje-de-retranqueos-en-Manhattan-300x211.jpg 300w\" sizes=\"auto, (max-width: 620px) 100vw, 620px\" \/><\/a><figcaption id=\"caption-attachment-30050\" class=\"wp-caption-text\"><span style=\"color: #888888;\">Paisaje de retranqueos en Manhattan | wikipedia.org<\/span><\/figcaption><\/figure>\n<p style=\"text-align: justify;\">Pero tambi\u00e9n podr\u00eda pensarse en otro mecanismo para conquistar la vertical, el de acumular o si se prefiere el de apilar. Colocar un objeto sobre otro y otro m\u00e1s encima, en un ejercicio constante de crecer hacia arriba. Es una ley que no tiene relaci\u00f3n con lo horizontal, crecer en altura es su \u00fanico objetivo. Es una ley simple pero poderosa, gobernada secretamente por la necesidad de conseguir el equilibrio. Al montar una pieza sobre la anterior hay que equilibrar el conjunto, y para ello hay que mantener el eje de gravedad del conjunto dentro de la base inferior, para no acabar con todas las piezas en el suelo.<\/p>\n<p style=\"text-align: justify;\">Mantener esta premisa es la garant\u00eda de conquistar el cielo, y las arquitecturas que de ella surgen, amontonan piezas que se apoyan unas en otras para lograr la vertical.<\/p>\n<p style=\"text-align: justify;\">Arquitecturas de la antig\u00fcedad como las pir\u00e1mides escalonadas de Zoser o los zigurats Mayas, son ejemplos radicales de \u00e9sta estructura formal. Estructura que tambi\u00e9n emple\u00f3 Brueghel para dar forma a su representaci\u00f3n de la torre de Babel que alcanzaba las nubes, ya que como demuestra Brancusi en su columna infinita para alcanzar el cielo \u00fanicamente hay que ir apilando otra pieza sobre la anterior.<\/p>\n<p style=\"text-align: justify;\">Igualmente los rascacielos de los a\u00f1os treinta que aspiraban a conquistar las alturas en Nueva York o Chicago utilizaron \u00e9sta simple norma formal para generar cientos de edificios como los construidos por Raymond Hood, Ralph Thomas Walker o Ely Jacques Kahn. El edificio del 120 de Wall Street o el del 1400 de Broadway, ambos obras de Kahn, son un buen reflejo de este manejo de la altura que como bien explica Rem Koolhaas en <em>Delirious New York<\/em>, obedece adem\u00e1s a un problema urbano.<\/p>\n<figure id=\"attachment_30051\" aria-describedby=\"caption-attachment-30051\" style=\"width: 620px\" class=\"wp-caption alignnone\"><a href=\"http:\/\/veredes.es\/blog\/wp-content\/uploads\/2013\/03\/el-1400-de-Broadway.jpg\"><img loading=\"lazy\" decoding=\"async\" class=\"size-full wp-image-30051\" title=\"el 1400 de Broadway\" src=\"http:\/\/veredes.es\/blog\/wp-content\/uploads\/2013\/03\/el-1400-de-Broadway.jpg\" alt=\"\" width=\"620\" height=\"836\" srcset=\"https:\/\/veredes.es\/blog\/wp-content\/uploads\/2013\/03\/el-1400-de-Broadway.jpg 620w, https:\/\/veredes.es\/blog\/wp-content\/uploads\/2013\/03\/el-1400-de-Broadway-222x300.jpg 222w\" sizes=\"auto, (max-width: 620px) 100vw, 620px\" \/><\/a><figcaption id=\"caption-attachment-30051\" class=\"wp-caption-text\"><span style=\"color: #888888;\">El 1400 de Broadway | wikipedia.org<\/span><\/figcaption><\/figure>\n<p style=\"text-align: justify;\">Cuando en 1915 se finaliz\u00f3 la construcci\u00f3n del Equitable Building en Manhattan, se constat\u00f3 que su sombra privaba de luz natural a cuatro manzanas de la cuadricula de la isla, y la ciudad respondi\u00f3 a este problema con la aprobaci\u00f3n de la ordenanza <em>1916 Zoning Resolution<\/em>. Una normativa que regulaba la altura obligando a constantes retranqueos, que originan ese lenguaje de plantas amontonadas o apiladas y que muchos han calificado como Wedding Cake Style, (estilo de tarta nupcial); y es que al fin y al cabo la l\u00f3gica del mecanismo formal de apilar dicta normas similares para una tarta o para un rascacielos. La aplicaci\u00f3n de una normativa que no obliga a unas dimensiones, sino que implica leyes formales, junto con la obligatoriedad impuesta por los promotores de agotar el aprovechamiento de los solares, generaron un amplio abanico de soluciones, que construyen el paisaje urbano de Manhattan. Un paisaje de edificios diversos, de alturas cambiantes y perfiles aterrazados que pese a la diversidad, presentan una gen\u00e9tica formal similar debido a la ordenanza municipal, lo que otorga al conjunto una cierta unidad.<\/p>\n<p style=\"text-align: justify;\">Resulta llamativo comprobar como arquitectos contempor\u00e1neos como SANAA han asumido esta ley creativa para desarrollar edificios en Manhattan. La volumetr\u00eda del Nuevo Museo de Arte Contempor\u00e1neo, inaugurado en 2007, obedece a la estructura formal de un apilamiento. El edificio se asemeja a una pila de cajas, de contenedores de arte, que a diferencia de los rascacielos cl\u00e1sicos centrados, investigan los l\u00edmites del equilibrio, sobrevolandose y desalineandose unas respecto a otras, rompiendo as\u00ed la continuidad del eje central, tensionando el conjunto. Podr\u00eda interpretarse que a pesar de no tener que cumplir la ordenanza <em>1916 Zoning Resolution<\/em>, SANAA pretend\u00eda reinterpretar la clave formal que caracteriza los grandes edificios de la ciudad de los rascacielos. No es un edificio excesivamente alto, y lo es menos a\u00fan en una ciudad como Nueva York, pero por contra las leyes que definen su forma lo convierten en una torre. En una torre de cajas apiladas que vibran por su deseo de conquistar la vertical.<\/p>\n<p style=\"text-align: justify;\">\u00cd\u00f1igo Garc\u00eda Odiaga . arquitecto<br \/>\nSan Sebasti\u00e1n. marzo 2013<\/p>\n<p><\/p>","protected":false},"excerpt":{"rendered":"<p>A menudo observamos edificios que muestran un gran deseo por conquistar la verticalidad. Es inmediato pensar en la idea proporci\u00f3n, un concepto que desliga la altura real de un objeto o de un edificio de sus deseos de verticalidad. Una planta reducida, frente a una fuerte componente en el eje Z garantiza la formalizaci\u00f3n de [&hellip;]<\/p>\n","protected":false},"author":31,"featured_media":30050,"comment_status":"open","ping_status":"closed","sticky":false,"template":"","format":"standard","meta":{"footnotes":""},"categories":[5934,5951],"tags":[1798,7267,7269,7272,508,688,4285,930,7273,978,1021,7268,12466,2066,7271,1138,7270,1865,2173,1206,1294],"class_list":{"0":"post-30049","1":"post","2":"type-post","3":"status-publish","4":"format-standard","5":"has-post-thumbnail","7":"category-articulos","8":"category-slider-principal","9":"tag-chicago","10":"tag-constantin-brancusi","11":"tag-dinastia-brueghel","12":"tag-ely-jacques-kahn","13":"tag-escultura","14":"tag-idea","15":"tag-inigo-garcia-odiaga","16":"tag-new-york","17":"tag-ordenanza","18":"tag-paisaje-urbano","19":"tag-pensamiento","20":"tag-pieter-brueghel-el-viejo","21":"tag-pintura","22":"tag-proyectar","23":"tag-ralph-thomas-walker","24":"tag-rascacielos","25":"tag-raymond-hood","26":"tag-reflexion","27":"tag-rem-koolhaas","28":"tag-sanaa","29":"tag-torre"},"yoast_head":"<!-- This site is optimized with the Yoast SEO plugin v27.5 - https:\/\/yoast.com\/product\/yoast-seo-wordpress\/ -->\n<title>Deseo Vertical | \u00cd\u00f1igo Garc\u00eda Odiaga<\/title>\n<meta name=\"description\" content=\"Deseo Vertical\" \/>\n<meta name=\"robots\" content=\"index, follow, max-snippet:-1, max-image-preview:large, max-video-preview:-1\" \/>\n<link rel=\"canonical\" href=\"https:\/\/veredes.es\/blog\/deseo-vertical-inigo-garcia-odiaga\/\" \/>\n<meta property=\"og:locale\" content=\"es_ES\" \/>\n<meta property=\"og:type\" content=\"article\" \/>\n<meta property=\"og:title\" content=\"Deseo Vertical | \u00cd\u00f1igo Garc\u00eda Odiaga\" \/>\n<meta property=\"og:description\" content=\"Deseo Vertical\" \/>\n<meta property=\"og:url\" content=\"https:\/\/veredes.es\/blog\/deseo-vertical-inigo-garcia-odiaga\/\" \/>\n<meta property=\"og:site_name\" content=\"veredes, arquitectura y divulgaci\u00f3n\" \/>\n<meta property=\"article:publisher\" content=\"https:\/\/www.facebook.com\/veredesArquitecturayDivulgacion\/\" \/>\n<meta property=\"article:author\" content=\"https:\/\/www.facebook.com\/inigo.garciaodiaga\" \/>\n<meta property=\"article:published_time\" content=\"2013-03-25T06:20:15+00:00\" \/>\n<meta property=\"article:modified_time\" content=\"2018-04-23T18:48:00+00:00\" \/>\n<meta property=\"og:image\" content=\"https:\/\/veredes.es\/blog\/wp-content\/uploads\/2013\/03\/paisaje-de-retranqueos-en-Manhattan.jpg\" \/>\n\t<meta property=\"og:image:width\" content=\"620\" \/>\n\t<meta property=\"og:image:height\" content=\"437\" \/>\n\t<meta property=\"og:image:type\" content=\"image\/jpeg\" \/>\n<meta name=\"author\" content=\"\u00cd\u00f1igo Garc\u00eda Odiaga\" \/>\n<meta name=\"twitter:card\" content=\"summary_large_image\" \/>\n<meta name=\"twitter:creator\" content=\"@https:\/\/twitter.com\/IOdiaga\" \/>\n<meta name=\"twitter:site\" content=\"@veredes\" \/>\n<meta name=\"twitter:label1\" content=\"Escrito por\" \/>\n\t<meta name=\"twitter:data1\" content=\"\u00cd\u00f1igo Garc\u00eda Odiaga\" \/>\n\t<meta name=\"twitter:label2\" content=\"Tiempo de lectura\" \/>\n\t<meta name=\"twitter:data2\" content=\"11 minutos\" \/>\n<script type=\"application\/ld+json\" class=\"yoast-schema-graph\">{\"@context\":\"https:\\\/\\\/schema.org\",\"@graph\":[{\"@type\":\"Article\",\"@id\":\"https:\\\/\\\/veredes.es\\\/blog\\\/deseo-vertical-inigo-garcia-odiaga\\\/#article\",\"isPartOf\":{\"@id\":\"https:\\\/\\\/veredes.es\\\/blog\\\/deseo-vertical-inigo-garcia-odiaga\\\/\"},\"author\":{\"name\":\"\u00cd\u00f1igo Garc\u00eda Odiaga\",\"@id\":\"https:\\\/\\\/veredes.es\\\/blog\\\/#\\\/schema\\\/person\\\/7edb23bf36ddbe2d9c8f4cf5fae64668\"},\"headline\":\"Deseo Vertical | \u00cd\u00f1igo Garc\u00eda Odiaga\",\"datePublished\":\"2013-03-25T06:20:15+00:00\",\"dateModified\":\"2018-04-23T18:48:00+00:00\",\"mainEntityOfPage\":{\"@id\":\"https:\\\/\\\/veredes.es\\\/blog\\\/deseo-vertical-inigo-garcia-odiaga\\\/\"},\"wordCount\":2254,\"commentCount\":3,\"publisher\":{\"@id\":\"https:\\\/\\\/veredes.es\\\/blog\\\/#organization\"},\"image\":{\"@id\":\"https:\\\/\\\/veredes.es\\\/blog\\\/deseo-vertical-inigo-garcia-odiaga\\\/#primaryimage\"},\"thumbnailUrl\":\"https:\\\/\\\/veredes.es\\\/blog\\\/wp-content\\\/uploads\\\/2013\\\/03\\\/paisaje-de-retranqueos-en-Manhattan.jpg\",\"keywords\":[\"Chicago\",\"Constantin Br\u00e2ncu\u0219i\",\"dinast\u00eda brueghel\",\"Ely Jacques Kahn\",\"escultura\",\"idea\",\"\u00cd\u00f1igo Garc\u00eda Odiaga\",\"New York\",\"ordenanza\",\"paisaje urbano\",\"pensamiento\",\"pieter brueghel el viejo\",\"pintura\",\"proyectar\",\"ralph thomas walker\",\"rascacielos\",\"raymond hood\",\"reflexi\u00f3n\",\"Rem Koolhaas\",\"SANAA\",\"torre\"],\"articleSection\":[\"art\u00edculos\",\"slider principal\"],\"inLanguage\":\"es\",\"potentialAction\":[{\"@type\":\"CommentAction\",\"name\":\"Comment\",\"target\":[\"https:\\\/\\\/veredes.es\\\/blog\\\/deseo-vertical-inigo-garcia-odiaga\\\/#respond\"]}]},{\"@type\":\"WebPage\",\"@id\":\"https:\\\/\\\/veredes.es\\\/blog\\\/deseo-vertical-inigo-garcia-odiaga\\\/\",\"url\":\"https:\\\/\\\/veredes.es\\\/blog\\\/deseo-vertical-inigo-garcia-odiaga\\\/\",\"name\":\"Deseo Vertical | \u00cd\u00f1igo Garc\u00eda Odiaga\",\"isPartOf\":{\"@id\":\"https:\\\/\\\/veredes.es\\\/blog\\\/#website\"},\"primaryImageOfPage\":{\"@id\":\"https:\\\/\\\/veredes.es\\\/blog\\\/deseo-vertical-inigo-garcia-odiaga\\\/#primaryimage\"},\"image\":{\"@id\":\"https:\\\/\\\/veredes.es\\\/blog\\\/deseo-vertical-inigo-garcia-odiaga\\\/#primaryimage\"},\"thumbnailUrl\":\"https:\\\/\\\/veredes.es\\\/blog\\\/wp-content\\\/uploads\\\/2013\\\/03\\\/paisaje-de-retranqueos-en-Manhattan.jpg\",\"datePublished\":\"2013-03-25T06:20:15+00:00\",\"dateModified\":\"2018-04-23T18:48:00+00:00\",\"description\":\"Deseo Vertical\",\"breadcrumb\":{\"@id\":\"https:\\\/\\\/veredes.es\\\/blog\\\/deseo-vertical-inigo-garcia-odiaga\\\/#breadcrumb\"},\"inLanguage\":\"es\",\"potentialAction\":[{\"@type\":\"ReadAction\",\"target\":[\"https:\\\/\\\/veredes.es\\\/blog\\\/deseo-vertical-inigo-garcia-odiaga\\\/\"]}]},{\"@type\":\"ImageObject\",\"inLanguage\":\"es\",\"@id\":\"https:\\\/\\\/veredes.es\\\/blog\\\/deseo-vertical-inigo-garcia-odiaga\\\/#primaryimage\",\"url\":\"https:\\\/\\\/veredes.es\\\/blog\\\/wp-content\\\/uploads\\\/2013\\\/03\\\/paisaje-de-retranqueos-en-Manhattan.jpg\",\"contentUrl\":\"https:\\\/\\\/veredes.es\\\/blog\\\/wp-content\\\/uploads\\\/2013\\\/03\\\/paisaje-de-retranqueos-en-Manhattan.jpg\",\"width\":\"620\",\"height\":\"437\",\"caption\":\"Paisaje de retranqueos en Manhattan | wikipedia.org\"},{\"@type\":\"BreadcrumbList\",\"@id\":\"https:\\\/\\\/veredes.es\\\/blog\\\/deseo-vertical-inigo-garcia-odiaga\\\/#breadcrumb\",\"itemListElement\":[{\"@type\":\"ListItem\",\"position\":1,\"name\":\"Portada\",\"item\":\"https:\\\/\\\/veredes.es\\\/blog\\\/\"},{\"@type\":\"ListItem\",\"position\":2,\"name\":\"Deseo Vertical | \u00cd\u00f1igo Garc\u00eda Odiaga\"}]},{\"@type\":\"WebSite\",\"@id\":\"https:\\\/\\\/veredes.es\\\/blog\\\/#website\",\"url\":\"https:\\\/\\\/veredes.es\\\/blog\\\/\",\"name\":\"veredes, arquitectura y divulgaci\u00f3n\",\"description\":\"veredes\",\"publisher\":{\"@id\":\"https:\\\/\\\/veredes.es\\\/blog\\\/#organization\"},\"alternateName\":\"veredes\",\"potentialAction\":[{\"@type\":\"SearchAction\",\"target\":{\"@type\":\"EntryPoint\",\"urlTemplate\":\"https:\\\/\\\/veredes.es\\\/blog\\\/?s={search_term_string}\"},\"query-input\":{\"@type\":\"PropertyValueSpecification\",\"valueRequired\":true,\"valueName\":\"search_term_string\"}}],\"inLanguage\":\"es\"},{\"@type\":\"Organization\",\"@id\":\"https:\\\/\\\/veredes.es\\\/blog\\\/#organization\",\"name\":\"veredes, arquitectura y divulgaci\u00f3n\",\"alternateName\":\"veredes\",\"url\":\"https:\\\/\\\/veredes.es\\\/blog\\\/\",\"logo\":{\"@type\":\"ImageObject\",\"inLanguage\":\"es\",\"@id\":\"https:\\\/\\\/veredes.es\\\/blog\\\/#\\\/schema\\\/logo\\\/image\\\/\",\"url\":\"https:\\\/\\\/veredes.es\\\/blog\\\/wp-content\\\/uploads\\\/2021\\\/12\\\/veredes-logo-centrado_140x54.png\",\"contentUrl\":\"https:\\\/\\\/veredes.es\\\/blog\\\/wp-content\\\/uploads\\\/2021\\\/12\\\/veredes-logo-centrado_140x54.png\",\"width\":140,\"height\":54,\"caption\":\"veredes, arquitectura y divulgaci\u00f3n\"},\"image\":{\"@id\":\"https:\\\/\\\/veredes.es\\\/blog\\\/#\\\/schema\\\/logo\\\/image\\\/\"},\"sameAs\":[\"https:\\\/\\\/www.facebook.com\\\/veredesArquitecturayDivulgacion\\\/\",\"https:\\\/\\\/x.com\\\/veredes\",\"https:\\\/\\\/instagram.com\\\/veredes\\\/\",\"https:\\\/\\\/www.linkedin.com\\\/company\\\/veredes-arquitectura-y-divulgacion\\\/\",\"https:\\\/\\\/es.pinterest.com\\\/veredes\\\/\",\"https:\\\/\\\/www.tumblr.com\\\/veredes\"]},{\"@type\":\"Person\",\"@id\":\"https:\\\/\\\/veredes.es\\\/blog\\\/#\\\/schema\\\/person\\\/7edb23bf36ddbe2d9c8f4cf5fae64668\",\"name\":\"\u00cd\u00f1igo Garc\u00eda Odiaga\",\"image\":{\"@type\":\"ImageObject\",\"inLanguage\":\"es\",\"@id\":\"https:\\\/\\\/veredes.es\\\/blog\\\/wp-content\\\/uploads\\\/2018\\\/04\\\/\u00cd\u00f1igo-Garc\u00eda-Odiaga-96x96.jpg\",\"url\":\"https:\\\/\\\/veredes.es\\\/blog\\\/wp-content\\\/uploads\\\/2018\\\/04\\\/\u00cd\u00f1igo-Garc\u00eda-Odiaga-96x96.jpg\",\"contentUrl\":\"https:\\\/\\\/veredes.es\\\/blog\\\/wp-content\\\/uploads\\\/2018\\\/04\\\/\u00cd\u00f1igo-Garc\u00eda-Odiaga-96x96.jpg\",\"caption\":\"\u00cd\u00f1igo Garc\u00eda Odiaga\"},\"description\":\"Doctor Arquitecto y profesor asociado de Proyectos Arquitect\u00f3nicos, ETSASS. Editor de NOMU. 1\\\/5 del estudio de arquitectura VAUMM. Vivo en Donosti.\",\"sameAs\":[\"http:\\\/\\\/vaumm.com\\\/\",\"https:\\\/\\\/www.facebook.com\\\/inigo.garciaodiaga\",\"https:\\\/\\\/www.instagram.com\\\/okamika\\\/\",\"https:\\\/\\\/x.com\\\/https:\\\/\\\/twitter.com\\\/IOdiaga\"],\"url\":\"https:\\\/\\\/veredes.es\\\/blog\\\/author\\\/inigog\\\/\"}]}<\/script>\n<!-- \/ Yoast SEO plugin. -->","yoast_head_json":{"title":"Deseo Vertical | \u00cd\u00f1igo Garc\u00eda Odiaga","description":"Deseo Vertical","robots":{"index":"index","follow":"follow","max-snippet":"max-snippet:-1","max-image-preview":"max-image-preview:large","max-video-preview":"max-video-preview:-1"},"canonical":"https:\/\/veredes.es\/blog\/deseo-vertical-inigo-garcia-odiaga\/","og_locale":"es_ES","og_type":"article","og_title":"Deseo Vertical | \u00cd\u00f1igo Garc\u00eda Odiaga","og_description":"Deseo Vertical","og_url":"https:\/\/veredes.es\/blog\/deseo-vertical-inigo-garcia-odiaga\/","og_site_name":"veredes, arquitectura y divulgaci\u00f3n","article_publisher":"https:\/\/www.facebook.com\/veredesArquitecturayDivulgacion\/","article_author":"https:\/\/www.facebook.com\/inigo.garciaodiaga","article_published_time":"2013-03-25T06:20:15+00:00","article_modified_time":"2018-04-23T18:48:00+00:00","og_image":[{"width":620,"height":437,"url":"https:\/\/veredes.es\/blog\/wp-content\/uploads\/2013\/03\/paisaje-de-retranqueos-en-Manhattan.jpg","type":"image\/jpeg"}],"author":"\u00cd\u00f1igo Garc\u00eda Odiaga","twitter_card":"summary_large_image","twitter_creator":"@https:\/\/twitter.com\/IOdiaga","twitter_site":"@veredes","twitter_misc":{"Escrito por":"\u00cd\u00f1igo Garc\u00eda Odiaga","Tiempo de lectura":"11 minutos"},"schema":{"@context":"https:\/\/schema.org","@graph":[{"@type":"Article","@id":"https:\/\/veredes.es\/blog\/deseo-vertical-inigo-garcia-odiaga\/#article","isPartOf":{"@id":"https:\/\/veredes.es\/blog\/deseo-vertical-inigo-garcia-odiaga\/"},"author":{"name":"\u00cd\u00f1igo Garc\u00eda Odiaga","@id":"https:\/\/veredes.es\/blog\/#\/schema\/person\/7edb23bf36ddbe2d9c8f4cf5fae64668"},"headline":"Deseo Vertical | \u00cd\u00f1igo Garc\u00eda Odiaga","datePublished":"2013-03-25T06:20:15+00:00","dateModified":"2018-04-23T18:48:00+00:00","mainEntityOfPage":{"@id":"https:\/\/veredes.es\/blog\/deseo-vertical-inigo-garcia-odiaga\/"},"wordCount":2254,"commentCount":3,"publisher":{"@id":"https:\/\/veredes.es\/blog\/#organization"},"image":{"@id":"https:\/\/veredes.es\/blog\/deseo-vertical-inigo-garcia-odiaga\/#primaryimage"},"thumbnailUrl":"https:\/\/veredes.es\/blog\/wp-content\/uploads\/2013\/03\/paisaje-de-retranqueos-en-Manhattan.jpg","keywords":["Chicago","Constantin Br\u00e2ncu\u0219i","dinast\u00eda brueghel","Ely Jacques Kahn","escultura","idea","\u00cd\u00f1igo Garc\u00eda Odiaga","New York","ordenanza","paisaje urbano","pensamiento","pieter brueghel el viejo","pintura","proyectar","ralph thomas walker","rascacielos","raymond hood","reflexi\u00f3n","Rem Koolhaas","SANAA","torre"],"articleSection":["art\u00edculos","slider principal"],"inLanguage":"es","potentialAction":[{"@type":"CommentAction","name":"Comment","target":["https:\/\/veredes.es\/blog\/deseo-vertical-inigo-garcia-odiaga\/#respond"]}]},{"@type":"WebPage","@id":"https:\/\/veredes.es\/blog\/deseo-vertical-inigo-garcia-odiaga\/","url":"https:\/\/veredes.es\/blog\/deseo-vertical-inigo-garcia-odiaga\/","name":"Deseo Vertical | \u00cd\u00f1igo Garc\u00eda Odiaga","isPartOf":{"@id":"https:\/\/veredes.es\/blog\/#website"},"primaryImageOfPage":{"@id":"https:\/\/veredes.es\/blog\/deseo-vertical-inigo-garcia-odiaga\/#primaryimage"},"image":{"@id":"https:\/\/veredes.es\/blog\/deseo-vertical-inigo-garcia-odiaga\/#primaryimage"},"thumbnailUrl":"https:\/\/veredes.es\/blog\/wp-content\/uploads\/2013\/03\/paisaje-de-retranqueos-en-Manhattan.jpg","datePublished":"2013-03-25T06:20:15+00:00","dateModified":"2018-04-23T18:48:00+00:00","description":"Deseo Vertical","breadcrumb":{"@id":"https:\/\/veredes.es\/blog\/deseo-vertical-inigo-garcia-odiaga\/#breadcrumb"},"inLanguage":"es","potentialAction":[{"@type":"ReadAction","target":["https:\/\/veredes.es\/blog\/deseo-vertical-inigo-garcia-odiaga\/"]}]},{"@type":"ImageObject","inLanguage":"es","@id":"https:\/\/veredes.es\/blog\/deseo-vertical-inigo-garcia-odiaga\/#primaryimage","url":"https:\/\/veredes.es\/blog\/wp-content\/uploads\/2013\/03\/paisaje-de-retranqueos-en-Manhattan.jpg","contentUrl":"https:\/\/veredes.es\/blog\/wp-content\/uploads\/2013\/03\/paisaje-de-retranqueos-en-Manhattan.jpg","width":"620","height":"437","caption":"Paisaje de retranqueos en Manhattan | wikipedia.org"},{"@type":"BreadcrumbList","@id":"https:\/\/veredes.es\/blog\/deseo-vertical-inigo-garcia-odiaga\/#breadcrumb","itemListElement":[{"@type":"ListItem","position":1,"name":"Portada","item":"https:\/\/veredes.es\/blog\/"},{"@type":"ListItem","position":2,"name":"Deseo Vertical | \u00cd\u00f1igo Garc\u00eda Odiaga"}]},{"@type":"WebSite","@id":"https:\/\/veredes.es\/blog\/#website","url":"https:\/\/veredes.es\/blog\/","name":"veredes, arquitectura y divulgaci\u00f3n","description":"veredes","publisher":{"@id":"https:\/\/veredes.es\/blog\/#organization"},"alternateName":"veredes","potentialAction":[{"@type":"SearchAction","target":{"@type":"EntryPoint","urlTemplate":"https:\/\/veredes.es\/blog\/?s={search_term_string}"},"query-input":{"@type":"PropertyValueSpecification","valueRequired":true,"valueName":"search_term_string"}}],"inLanguage":"es"},{"@type":"Organization","@id":"https:\/\/veredes.es\/blog\/#organization","name":"veredes, arquitectura y divulgaci\u00f3n","alternateName":"veredes","url":"https:\/\/veredes.es\/blog\/","logo":{"@type":"ImageObject","inLanguage":"es","@id":"https:\/\/veredes.es\/blog\/#\/schema\/logo\/image\/","url":"https:\/\/veredes.es\/blog\/wp-content\/uploads\/2021\/12\/veredes-logo-centrado_140x54.png","contentUrl":"https:\/\/veredes.es\/blog\/wp-content\/uploads\/2021\/12\/veredes-logo-centrado_140x54.png","width":140,"height":54,"caption":"veredes, arquitectura y divulgaci\u00f3n"},"image":{"@id":"https:\/\/veredes.es\/blog\/#\/schema\/logo\/image\/"},"sameAs":["https:\/\/www.facebook.com\/veredesArquitecturayDivulgacion\/","https:\/\/x.com\/veredes","https:\/\/instagram.com\/veredes\/","https:\/\/www.linkedin.com\/company\/veredes-arquitectura-y-divulgacion\/","https:\/\/es.pinterest.com\/veredes\/","https:\/\/www.tumblr.com\/veredes"]},{"@type":"Person","@id":"https:\/\/veredes.es\/blog\/#\/schema\/person\/7edb23bf36ddbe2d9c8f4cf5fae64668","name":"\u00cd\u00f1igo Garc\u00eda Odiaga","image":{"@type":"ImageObject","inLanguage":"es","@id":"https:\/\/veredes.es\/blog\/wp-content\/uploads\/2018\/04\/\u00cd\u00f1igo-Garc\u00eda-Odiaga-96x96.jpg","url":"https:\/\/veredes.es\/blog\/wp-content\/uploads\/2018\/04\/\u00cd\u00f1igo-Garc\u00eda-Odiaga-96x96.jpg","contentUrl":"https:\/\/veredes.es\/blog\/wp-content\/uploads\/2018\/04\/\u00cd\u00f1igo-Garc\u00eda-Odiaga-96x96.jpg","caption":"\u00cd\u00f1igo Garc\u00eda Odiaga"},"description":"Doctor Arquitecto y profesor asociado de Proyectos Arquitect\u00f3nicos, ETSASS. Editor de NOMU. 1\/5 del estudio de arquitectura VAUMM. Vivo en Donosti.","sameAs":["http:\/\/vaumm.com\/","https:\/\/www.facebook.com\/inigo.garciaodiaga","https:\/\/www.instagram.com\/okamika\/","https:\/\/x.com\/https:\/\/twitter.com\/IOdiaga"],"url":"https:\/\/veredes.es\/blog\/author\/inigog\/"}]}},"_links":{"self":[{"href":"https:\/\/veredes.es\/blog\/wp-json\/wp\/v2\/posts\/30049","targetHints":{"allow":["GET"]}}],"collection":[{"href":"https:\/\/veredes.es\/blog\/wp-json\/wp\/v2\/posts"}],"about":[{"href":"https:\/\/veredes.es\/blog\/wp-json\/wp\/v2\/types\/post"}],"author":[{"embeddable":true,"href":"https:\/\/veredes.es\/blog\/wp-json\/wp\/v2\/users\/31"}],"replies":[{"embeddable":true,"href":"https:\/\/veredes.es\/blog\/wp-json\/wp\/v2\/comments?post=30049"}],"version-history":[{"count":0,"href":"https:\/\/veredes.es\/blog\/wp-json\/wp\/v2\/posts\/30049\/revisions"}],"wp:featuredmedia":[{"embeddable":true,"href":"https:\/\/veredes.es\/blog\/wp-json\/wp\/v2\/media\/30050"}],"wp:attachment":[{"href":"https:\/\/veredes.es\/blog\/wp-json\/wp\/v2\/media?parent=30049"}],"wp:term":[{"taxonomy":"category","embeddable":true,"href":"https:\/\/veredes.es\/blog\/wp-json\/wp\/v2\/categories?post=30049"},{"taxonomy":"post_tag","embeddable":true,"href":"https:\/\/veredes.es\/blog\/wp-json\/wp\/v2\/tags?post=30049"}],"curies":[{"name":"wp","href":"https:\/\/api.w.org\/{rel}","templated":true}]}}