{"id":30027,"date":"2018-12-31T00:01:15","date_gmt":"2018-12-30T23:01:15","guid":{"rendered":"http:\/\/veredes.es\/blog\/?p=30027"},"modified":"2025-02-21T11:52:17","modified_gmt":"2025-02-21T10:52:17","slug":"algo-que-yo-no-quiero-ser-jose-ramon-hernandez-correa","status":"publish","type":"post","link":"https:\/\/veredes.es\/blog\/algo-que-yo-no-quiero-ser-jose-ramon-hernandez-correa\/","title":{"rendered":"Algo que yo no quiero ser | Jos\u00e9 Ram\u00f3n Hern\u00e1ndez Correa"},"content":{"rendered":"<p><\/p>\n<p style=\"text-align: justify;\">En este\u00a0espacio me explayo a menudo contra lo que considero excesos intolerables de la arquitectura de relumbr\u00f3n, y la critico sin reservas (y creo que con raz\u00f3n).<\/p>\n<p style=\"text-align: justify;\">El propio t\u00edtulo de mi blog, <a href=\"http:\/\/arquitectamoslocos.blogspot.com\/\" target=\"_blank\" rel=\"noopener\"><em>\u00bfArquitectamos locos?<\/em><\/a>, ya lo he contado varias veces, se debe a la indignaci\u00f3n que siento (o que sent\u00eda, en plena \u00e9poca de acrobacias circenses) ante la celebrada arquitectura vacua y tonta, que se retuerce sin motivo ni justificaci\u00f3n, y ante la sonriente mirada de complicidad y de estulticia de la mayor parte de las revistas de arquitectura y de quienes deber\u00edan haber hecho alguna cr\u00edtica justificada y ponderada, pero, en cambio, se limitaban a palmotear como las focas.<\/p>\n<p style=\"text-align: justify;\">Con esta actitud me he granjeado amigos y seguidores, y un cierto prestigio de aguafiestas, de Do\u00f1a Cuaresma y de \u00abEse Se\u00f1or de Negro\u00bb, tan triste como aburrido y, lo que es peor, peligroso.<\/p>\n<figure id=\"attachment_30028\" aria-describedby=\"caption-attachment-30028\" style=\"width: 750px\" class=\"wp-caption alignnone\"><a href=\"https:\/\/veredes.es\/blog\/wp-content\/uploads\/2013\/03\/\u00d3pera-de-Sydney-arquitectamoslocos.blogspot.com_.es_.jpg\"><img loading=\"lazy\" decoding=\"async\" class=\"wp-image-30028\" title=\"\u00d3pera de Sydney arquitectamoslocos.blogspot.com.es\" src=\"https:\/\/veredes.es\/blog\/wp-content\/uploads\/2013\/03\/\u00d3pera-de-Sydney-arquitectamoslocos.blogspot.com_.es_.jpg\" alt=\"\u00d3pera de Sydney \" width=\"750\" height=\"563\" srcset=\"https:\/\/veredes.es\/blog\/wp-content\/uploads\/2013\/03\/\u00d3pera-de-Sydney-arquitectamoslocos.blogspot.com_.es_.jpg 620w, https:\/\/veredes.es\/blog\/wp-content\/uploads\/2013\/03\/\u00d3pera-de-Sydney-arquitectamoslocos.blogspot.com_.es_-300x225.jpg 300w\" sizes=\"auto, (max-width: 750px) 100vw, 750px\" \/><\/a><figcaption id=\"caption-attachment-30028\" class=\"wp-caption-text\"><span style=\"color: #888888;\">\u00d3pera de Sydney | arquitectamoslocos.blogspot.com.es<\/span><\/figcaption><\/figure>\n<p style=\"text-align: justify;\">No. Yo no soy as\u00ed. O creo que no soy as\u00ed. O no quiero ser as\u00ed. En la lucha ancestral de Don Carnal contra Do\u00f1a Cuaresma el uno peca de chabacano, poco digno de confianza, perezoso, facil\u00f3n y zafio, pero la otra peca de insoportable, castradora, frustrada, seca, envarada y est\u00e9ril. Y yo no quiero ser \u00e9sa. Pero tampoco quiero ser aqu\u00e9l.<\/p>\n<h5 style=\"text-align: justify;\"><strong>\u00bfEntonces qu\u00e9? \u00bfEs que no hay otra opci\u00f3n?<\/strong><\/h5>\n<p style=\"text-align: justify;\">Me entusiasma la\u00a0<b><a href=\"https:\/\/www.sydneyoperahouse.com\/\" target=\"_blank\" rel=\"noopener\">\u00d3pera de Sydney<\/a><\/b>. Creo que la arquitectura es espacio y es forma. Creo que la alegr\u00eda que manifiesta una obra arquitect\u00f3nica ti\u00f1e a una ciudad m\u00e1s all\u00e1 del dinero que haya costado o de los problemas que haya ocasionado en su d\u00eda. Y creo que merece la pena siempre. Pero siempre.<\/p>\n<p style=\"text-align: justify;\">Uno de mis <a href=\"https:\/\/veredes.es\/blog\/zahas-hadides-para-que-jose-ramon-hernandez-correa\/\" target=\"_blank\" rel=\"noopener\">posts<\/a> m\u00e1s celebrados, comentados y difundidos es el que dediqu\u00e9 hace poco a\u00a0<a href=\"https:\/\/veredes.es\/blog\/tag\/zaha-hadid\/\" target=\"_blank\" rel=\"noopener\"><b>Zaha Hadid<\/b><\/a>. Mejor dicho: a las<em><a href=\"https:\/\/veredes.es\/blog\/zahas-hadides-para-que-jose-ramon-hernandez-correa\/\" target=\"_blank\" rel=\"noopener\"> Zahas Hadides<\/a><\/em>. No quito ni una palabra, pero reconozco que si denuesto esa arquitectura porque la forma es caprichosa y no se rige por la funci\u00f3n que tiene que resolver,<\/p>\n<blockquote>\n<p style=\"text-align: justify;\"><strong>\u00bfentonces por qu\u00e9 me gustan tanto las c\u00e1scaras de la \u00d3pera de Sydney? <\/strong><\/p>\n<\/blockquote>\n<p style=\"text-align: justify;\">Si me indigno con las formas caprichosas que ni el autor sabe c\u00f3mo construir, \u00bfpor qu\u00e9 me gusta tanto la \u00d3pera de Sydney? Si me repugna que los costes de obra se disparen obscenamente, \u00bfpor qu\u00e9 me gusta tanto la \u00d3pera de Sydney? No lo s\u00e9. Mejor dicho: S\u00ed lo s\u00e9, pero no lo puedo explicar.<\/p>\n<p style=\"text-align: justify;\">\u00a1Ah! \u00a1Acab\u00e1ramos! \u00bfY se supone que quiero tener una inclinaci\u00f3n cr\u00edtica cuando mi \u00faltima palabra es \u00abporque s\u00ed\u00bb o \u00ablo experimento con fuerza pero no lo s\u00e9 explicar\u00bb? No, no. Eso no vale.<\/p>\n<p style=\"text-align: justify;\">Tampoco vale decir que la \u00d3pera de Sydney es muy bella, mientras que lo de las hadides es muy feo. \u00bfNo hab\u00eda quedado claro que el argumento\u00a0<i>ad venustam<\/i>\u00a0era caprichoso e inconsistente? \u00bfEntonces qu\u00e9? \u00bfEntonces qu\u00e9? \u00bfEh, listo?<\/p>\n<p style=\"text-align: justify;\"><a href=\"https:\/\/riunet.upv.es\/bitstream\/handle\/10251\/15043\/MIRANDA%20A-PINA%20R-CARQUEIRO%20F-COLMENARES%20S-MARURI%20N_La%20cr%C3%ADtica%20de%20arquitectura%20como%20modelo%20de%20investigaci%C3%B3n.pdf?sequence=1\" target=\"_blank\" rel=\"noopener\"><b>Antonio Miranda<\/b><\/a>\u00a0merece todos mis respetos. Es un cr\u00edtico serio y profundo de la arquitectura. Con la mayor honradez establece primero un criterio,\u00a0<em><a href=\"https:\/\/www.amazon.es\/gp\/product\/8437617715\/ref=as_li_tl?ie=UTF8&amp;camp=3638&amp;creative=24630&amp;creativeASIN=8437617715&amp;linkCode=as2&amp;tag=wwwveredeses-21&amp;linkId=bc2b254acf5c222d699f45201264564e\" target=\"_blank\" rel=\"noopener\">una estructura que le permita juzgar la arquitectura<\/a><\/em>, y despu\u00e9s lo utiliza para mostrarnos una\u00a0<em><a href=\"https:\/\/www.amazon.es\/gp\/product\/8437622506\/ref=as_li_tl?ie=UTF8&amp;camp=3638&amp;creative=24630&amp;creativeASIN=8437622506&amp;linkCode=as2&amp;tag=wwwveredeses-21&amp;linkId=07d489ef7fa941d85aec382189aa58b1\" target=\"_blank\" rel=\"noopener\">lista de m\u00e1s de quinientos edificios<\/a>\u00a0<\/em>del S. XX que salen airosos de ese severo juicio.<\/p>\n<p style=\"text-align: justify;\">Naturalmente, si te construyes un tamiz, por m\u00e1s complejo y amplio que sea, y despu\u00e9s quieres pasar por \u00e9l los edificios puestos a examen, la \u00d3pera de Sydney no va a pasar. (A Miranda no le pasa ning\u00fan edificio de\u00a0<a href=\"https:\/\/veredes.es\/blog\/tag\/jorn-utzon\/\" target=\"_blank\" rel=\"noopener\"><b>Utzon<\/b><\/a>). Y, por poner un ejemplo, de\u00a0<a href=\"http:\/\/www.michelucci.it\/\" target=\"_blank\" rel=\"noopener\"><b>Michelucci<\/b><\/a>\u00a0pasa la Estaci\u00f3n de Santa Maria Novella, pero no la iglesia de la Autopista del Sol. Por supuesto que de\u00a0<a href=\"https:\/\/veredes.es\/blog\/tag\/le-corbusier\/\" target=\"_blank\" rel=\"noopener\"><b>Le Corbusier<\/b><\/a>\u00a0pasan much\u00edsimas obras suyas (y desde luego la Villa Saboya), pero no la iglesia de Ronchamp. En cuanto a\u00a0<a href=\"https:\/\/veredes.es\/blog\/tag\/frank-lloyd-wright\/\" target=\"_blank\" rel=\"noopener\"><b>Frank Lloyd Wright<\/b><\/a>, ya sabemos todos a estas alturas que el Guggenheim no va a pasar, pero que no pase tampoco la Casa de la Cascada suena casi a provocaci\u00f3n.<\/p>\n<p style=\"text-align: justify;\">Pero provocaci\u00f3n no hay ninguna. Miranda marca unas reglas (nada caprichosas ni inconsistentes; al contrario: muy coherentes y s\u00f3lidas) y enumera una lista de edificios can\u00f3nicos.<\/p>\n<p style=\"text-align: justify;\">Respeto a Miranda, ya lo he dicho. Pero no me gusta. No es que no me guste \u00e9l personalmente. \u00c9l (lo vuelvo a repetir) me parece un cr\u00edtico muy v\u00e1lido y un profesor muy capaz. Pero si su m\u00e9todo cr\u00edtico no admite a Utzon es que algo en \u00e9l (o tal vez mucho) falla y est\u00e1 mal.<\/p>\n<p style=\"text-align: justify;\">Tengo unos principios \u00e9ticos bastante s\u00f3lidos, pero si esos principios me hicieran repudiar a mi madre los abandonar\u00eda sin dudarlo un instante. Y eso que son unos principios muy buenos.<\/p>\n<p style=\"text-align: justify;\">Yo no quiero ser eso. No quiero ser un denostador profesional, un aguafiestas de obras valiosas pero un poco disparatadas (o mucho), y, sobre todo, de obras valiosas precisamente porque son disparatadas.<\/p>\n<p style=\"text-align: justify;\">Tal vez no se pueda hacer una cr\u00edtica en camino deductivo de ida, sino que, por el contrario, sintamos primero \u00abel flechazo\u00bb y luego, en camino de vuelta, busquemos argumentos. El m\u00e9todo deductivo no funciona. El inductivo tampoco. Hay demasiadas variables inconmensurables que no responden a an\u00e1lisis ni a f\u00f3rmula. Tenemos que probar el\u00a0<b><a href=\"https:\/\/veredes.es\/blog\/alguien-sabe-la-critica-jose-ramon-hernandez-correa\/\" target=\"_blank\" rel=\"noopener\">m\u00e9todo abductivo<\/a>.<\/b>\u00a0(Ya hablaremos de \u00e9l: Es necesario).<\/p>\n<p style=\"text-align: justify;\">\u00bfEntonces no puede haber cr\u00edtica v\u00e1lida? Eso me gusta menos todav\u00eda. Si no me apetece ser la avinagrada Do\u00f1a Cuaresma, tabul\u00e1ndolo todo, tampoco quiero ser un Don Carnal vivalavirgen. Puestos a ser incompletos casi que me quedo con Miranda.<\/p>\n<p style=\"text-align: justify;\">(Pero antes de tomar una decisi\u00f3n dr\u00e1stica recurriremos a la abducci\u00f3n. No es que sea una panacea, pero es de lo poco que nos queda. Tal vez lo \u00fanico. Ya lo veremos. Me tengo que armar de valor para explicarlo sencilla y limpiamente. Es muy f\u00e1cil enredarse en la hojarasca y no aclarar nunca nada).<\/p>\n<p style=\"text-align: justify;\">Por otra parte, hay una cosa muy interesante que ha dicho <a href=\"http:\/\/www.santiagodemolina.com\/2013\/03\/metodo-de-proyecto.html\" target=\"_blank\" rel=\"noopener\"><b>Santiago de Molina<\/b><\/a>. Habla de que cada proyecto busca su propio m\u00e9todo proyectual. Habla de la honradez interna de la obra, debida a la de su autor en el proceso de crearla. Habla del trabajo y de la capacidad de investigaci\u00f3n y de caza del arquitecto, que busca intensamente y encuentra el tesoro. En ese sentido s\u00ed puedo defender \u00e9ticamente a Utzon frente a las <em>Hadides<\/em>, porque aqu\u00e9l se encerr\u00f3 en su obra, se fundi\u00f3 en ella y se dej\u00f3 literalmente la piel viendo c\u00f3mo resolver los innumerables problemas que, por otra parte, s\u00f3lo \u00e9l se hab\u00eda buscado, mientras que \u00e9stas no pisan la obra nada m\u00e1s que para hacerse la foto glamurosa.<\/p>\n<p style=\"text-align: justify;\">Pero eso, a la larga, tampoco sirve del todo. Se puede ser un trabajador muy honrado y hacer mala arquitectura. Eso por s\u00ed solo no sirve.<\/p>\n<p style=\"text-align: justify;\">Utzon se present\u00f3 al concurso con una idea que no sab\u00eda c\u00f3mo se podr\u00eda hacer. Y lo gan\u00f3, y le toc\u00f3 hacerla. Y la hizo con enorme esfuerzo y concentraci\u00f3n, y lucha.<\/p>\n<p style=\"text-align: justify;\">Los arquitectos locos: Utzon en Sydney, Wright en Nueva York, Le Corbusier en Ronchamp, demuestran que una idea enfebrecida, una cabeza obsesionada y una musculatura tensa y dispuesta pueden lograr el milagro il\u00f3gico, el disparate pasmoso.<\/p>\n<p style=\"text-align: justify;\">Y, mientras tanta gente brillante hace cosas tremendas, yo, desde este humilde y est\u00fapido blog, no quiero ser un amargado.<\/p>\n<p style=\"text-align: justify;\">Jos\u00e9 Ram\u00f3n Hern\u00e1ndez Correa<br \/>\nDoctor Arquitecto y autor de<em>\u00a0Arquitectamos locos?<\/em><br \/>\nToledo \u00b7\u00a0marzo 2013<\/p>\n<p><\/p>","protected":false},"excerpt":{"rendered":"<p>En este\u00a0espacio me explayo a menudo contra lo que considero excesos intolerables de la arquitectura de relumbr\u00f3n, y la critico sin reservas (y creo que con raz\u00f3n). El propio t\u00edtulo de mi blog, \u00bfArquitectamos locos?, ya lo he contado varias veces, se debe a la indignaci\u00f3n que siento (o que sent\u00eda, en plena \u00e9poca de [&hellip;]<\/p>\n","protected":false},"author":33,"featured_media":30028,"comment_status":"open","ping_status":"closed","sticky":false,"template":"","format":"standard","meta":{"footnotes":""},"categories":[5934,5951],"tags":[11298,2730,393,3652,3645,3646,12467,605,13808,668,3653,2774,785,1021,3452,1103,1865,1210,1278,2048,1574],"class_list":{"0":"post-30027","1":"post","2":"type-post","3":"status-publish","4":"format-standard","5":"has-post-thumbnail","7":"category-articulos","8":"category-slider-principal","9":"tag-antonio-miranda-regojo","10":"tag-arquitectura-espectaculo","11":"tag-critica","12":"tag-discurso","13":"tag-discurso-automatico","14":"tag-discurso-vacio","15":"tag-ensayo","16":"tag-frank-lloyd-wright","17":"tag-giovanni-michelucci","18":"tag-historia","19":"tag-jose-ramon-hernandez-correa","20":"tag-jorn-utzon","21":"tag-le-corbusier","22":"tag-pensamiento","23":"tag-personaje","24":"tag-profesion","25":"tag-reflexion","26":"tag-santiago-de-molina","27":"tag-teoria","28":"tag-teoria-e-historia","29":"tag-zaha-hadid"},"yoast_head":"<!-- This site is optimized with the Yoast SEO plugin v27.5 - https:\/\/yoast.com\/product\/yoast-seo-wordpress\/ -->\n<title>Algo que yo no quiero ser | Jos\u00e9 Ram\u00f3n Hern\u00e1ndez Correa  - veredes<\/title>\n<meta name=\"description\" content=\"Toda la informaci\u00f3n sobre: [:es]Algo que yo no quiero ser | Jos\u00e9 Ram\u00f3n Hern\u00e1ndez Correa [:gl]Algo que eu non quero ser | Jos\u00e9 Ram\u00f3n Hern\u00e1ndez Correa [:en]Something that I do not want to be | Jos\u00e9 Ram\u00f3n Hern\u00e1ndez Correa [:]\" \/>\n<meta name=\"robots\" content=\"index, follow, max-snippet:-1, max-image-preview:large, max-video-preview:-1\" \/>\n<link rel=\"canonical\" href=\"https:\/\/veredes.es\/blog\/algo-que-yo-no-quiero-ser-jose-ramon-hernandez-correa\/\" \/>\n<meta property=\"og:locale\" content=\"es_ES\" \/>\n<meta property=\"og:type\" content=\"article\" \/>\n<meta property=\"og:title\" content=\"[:es]Algo que yo no quiero ser | Jos\u00e9 Ram\u00f3n Hern\u00e1ndez Correa [:gl]Algo que eu non quero ser | Jos\u00e9 Ram\u00f3n Hern\u00e1ndez Correa [:en]Something that I do not want to be | Jos\u00e9 Ram\u00f3n Hern\u00e1ndez Correa [:] - veredes\" \/>\n<meta property=\"og:description\" content=\"Toda la informaci\u00f3n sobre: [:es]Algo que yo no quiero ser | Jos\u00e9 Ram\u00f3n Hern\u00e1ndez Correa [:gl]Algo que eu non quero ser | Jos\u00e9 Ram\u00f3n Hern\u00e1ndez Correa [:en]Something that I do not want to be | Jos\u00e9 Ram\u00f3n Hern\u00e1ndez Correa [:]\" \/>\n<meta property=\"og:url\" content=\"https:\/\/veredes.es\/blog\/algo-que-yo-no-quiero-ser-jose-ramon-hernandez-correa\/\" \/>\n<meta property=\"og:site_name\" content=\"veredes, arquitectura y divulgaci\u00f3n\" \/>\n<meta property=\"article:publisher\" content=\"https:\/\/www.facebook.com\/veredesArquitecturayDivulgacion\/\" \/>\n<meta property=\"article:author\" content=\"https:\/\/www.facebook.com\/joseramon.hernandezcorrea\" \/>\n<meta property=\"article:published_time\" content=\"2018-12-30T23:01:15+00:00\" \/>\n<meta property=\"article:modified_time\" content=\"2025-02-21T10:52:17+00:00\" \/>\n<meta property=\"og:image\" content=\"https:\/\/veredes.es\/blog\/wp-content\/uploads\/2013\/03\/\u00d3pera-de-Sydney-arquitectamoslocos.blogspot.com_.es_.jpg\" \/>\n\t<meta property=\"og:image:width\" content=\"620\" \/>\n\t<meta property=\"og:image:height\" content=\"465\" \/>\n\t<meta property=\"og:image:type\" content=\"image\/jpeg\" \/>\n<meta name=\"author\" content=\"Jos\u00e9 Ram\u00f3n Hern\u00e1ndez Correa\" \/>\n<meta name=\"twitter:card\" content=\"summary_large_image\" \/>\n<meta name=\"twitter:creator\" content=\"@https:\/\/twitter.com\/arquitectamos\" \/>\n<meta name=\"twitter:site\" content=\"@veredes\" \/>\n<meta name=\"twitter:label1\" content=\"Escrito por\" \/>\n\t<meta name=\"twitter:data1\" content=\"Jos\u00e9 Ram\u00f3n Hern\u00e1ndez Correa\" \/>\n\t<meta name=\"twitter:label2\" content=\"Tiempo de lectura\" \/>\n\t<meta name=\"twitter:data2\" content=\"6 minutos\" \/>\n<script type=\"application\/ld+json\" class=\"yoast-schema-graph\">{\"@context\":\"https:\\\/\\\/schema.org\",\"@graph\":[{\"@type\":\"Article\",\"@id\":\"https:\\\/\\\/veredes.es\\\/blog\\\/algo-que-yo-no-quiero-ser-jose-ramon-hernandez-correa\\\/#article\",\"isPartOf\":{\"@id\":\"https:\\\/\\\/veredes.es\\\/blog\\\/algo-que-yo-no-quiero-ser-jose-ramon-hernandez-correa\\\/\"},\"author\":{\"name\":\"Jos\u00e9 Ram\u00f3n Hern\u00e1ndez Correa\",\"@id\":\"https:\\\/\\\/veredes.es\\\/blog\\\/#\\\/schema\\\/person\\\/eefca3204fa5a4349162c2869bee6c49\"},\"headline\":\"Algo que yo no quiero ser | Jos\u00e9 Ram\u00f3n Hern\u00e1ndez Correa\",\"datePublished\":\"2018-12-30T23:01:15+00:00\",\"dateModified\":\"2025-02-21T10:52:17+00:00\",\"mainEntityOfPage\":{\"@id\":\"https:\\\/\\\/veredes.es\\\/blog\\\/algo-que-yo-no-quiero-ser-jose-ramon-hernandez-correa\\\/\"},\"wordCount\":3831,\"commentCount\":0,\"publisher\":{\"@id\":\"https:\\\/\\\/veredes.es\\\/blog\\\/#organization\"},\"image\":{\"@id\":\"https:\\\/\\\/veredes.es\\\/blog\\\/algo-que-yo-no-quiero-ser-jose-ramon-hernandez-correa\\\/#primaryimage\"},\"thumbnailUrl\":\"https:\\\/\\\/veredes.es\\\/blog\\\/wp-content\\\/uploads\\\/2013\\\/03\\\/\u00d3pera-de-Sydney-arquitectamoslocos.blogspot.com_.es_.jpg\",\"keywords\":[\"Antonio Miranda Regojo\",\"arquitectura espect\u00e1culo\",\"cr\u00edtica\",\"discurso\",\"discurso autom\u00e1tico\",\"discurso vac\u00edo\",\"ensayo\",\"Frank Lloyd Wright\",\"Giovanni Michelucci\",\"historia\",\"Jos\u00e9 Ram\u00f3n Hern\u00e1ndez Correa\",\"J\u00f8rn Utzon\",\"Le Corbusier\",\"pensamiento\",\"personaje\",\"profesi\u00f3n\",\"reflexi\u00f3n\",\"Santiago de Molina\",\"teor\u00eda\",\"teor\u00eda e historia\",\"Zaha Hadid\"],\"articleSection\":[\"art\u00edculos\",\"slider principal\"],\"inLanguage\":\"es\",\"potentialAction\":[{\"@type\":\"CommentAction\",\"name\":\"Comment\",\"target\":[\"https:\\\/\\\/veredes.es\\\/blog\\\/algo-que-yo-no-quiero-ser-jose-ramon-hernandez-correa\\\/#respond\"]}]},{\"@type\":\"WebPage\",\"@id\":\"https:\\\/\\\/veredes.es\\\/blog\\\/algo-que-yo-no-quiero-ser-jose-ramon-hernandez-correa\\\/\",\"url\":\"https:\\\/\\\/veredes.es\\\/blog\\\/algo-que-yo-no-quiero-ser-jose-ramon-hernandez-correa\\\/\",\"name\":\"[:es]Algo que yo no quiero ser | Jos\u00e9 Ram\u00f3n Hern\u00e1ndez Correa [:gl]Algo que eu non quero ser | Jos\u00e9 Ram\u00f3n Hern\u00e1ndez Correa [:en]Something that I do not want to be | Jos\u00e9 Ram\u00f3n Hern\u00e1ndez Correa [:] - veredes\",\"isPartOf\":{\"@id\":\"https:\\\/\\\/veredes.es\\\/blog\\\/#website\"},\"primaryImageOfPage\":{\"@id\":\"https:\\\/\\\/veredes.es\\\/blog\\\/algo-que-yo-no-quiero-ser-jose-ramon-hernandez-correa\\\/#primaryimage\"},\"image\":{\"@id\":\"https:\\\/\\\/veredes.es\\\/blog\\\/algo-que-yo-no-quiero-ser-jose-ramon-hernandez-correa\\\/#primaryimage\"},\"thumbnailUrl\":\"https:\\\/\\\/veredes.es\\\/blog\\\/wp-content\\\/uploads\\\/2013\\\/03\\\/\u00d3pera-de-Sydney-arquitectamoslocos.blogspot.com_.es_.jpg\",\"datePublished\":\"2018-12-30T23:01:15+00:00\",\"dateModified\":\"2025-02-21T10:52:17+00:00\",\"description\":\"Toda la informaci\u00f3n sobre: [:es]Algo que yo no quiero ser | Jos\u00e9 Ram\u00f3n Hern\u00e1ndez Correa [:gl]Algo que eu non quero ser | Jos\u00e9 Ram\u00f3n Hern\u00e1ndez Correa [:en]Something that I do not want to be | Jos\u00e9 Ram\u00f3n Hern\u00e1ndez Correa [:]\",\"breadcrumb\":{\"@id\":\"https:\\\/\\\/veredes.es\\\/blog\\\/algo-que-yo-no-quiero-ser-jose-ramon-hernandez-correa\\\/#breadcrumb\"},\"inLanguage\":\"es\",\"potentialAction\":[{\"@type\":\"ReadAction\",\"target\":[\"https:\\\/\\\/veredes.es\\\/blog\\\/algo-que-yo-no-quiero-ser-jose-ramon-hernandez-correa\\\/\"]}]},{\"@type\":\"ImageObject\",\"inLanguage\":\"es\",\"@id\":\"https:\\\/\\\/veredes.es\\\/blog\\\/algo-que-yo-no-quiero-ser-jose-ramon-hernandez-correa\\\/#primaryimage\",\"url\":\"https:\\\/\\\/veredes.es\\\/blog\\\/wp-content\\\/uploads\\\/2013\\\/03\\\/\u00d3pera-de-Sydney-arquitectamoslocos.blogspot.com_.es_.jpg\",\"contentUrl\":\"https:\\\/\\\/veredes.es\\\/blog\\\/wp-content\\\/uploads\\\/2013\\\/03\\\/\u00d3pera-de-Sydney-arquitectamoslocos.blogspot.com_.es_.jpg\",\"width\":\"620\",\"height\":\"465\",\"caption\":\"\u00d3pera de Sydney | arquitectamoslocos.blogspot.com.es\"},{\"@type\":\"BreadcrumbList\",\"@id\":\"https:\\\/\\\/veredes.es\\\/blog\\\/algo-que-yo-no-quiero-ser-jose-ramon-hernandez-correa\\\/#breadcrumb\",\"itemListElement\":[{\"@type\":\"ListItem\",\"position\":1,\"name\":\"Portada\",\"item\":\"https:\\\/\\\/veredes.es\\\/blog\\\/\"},{\"@type\":\"ListItem\",\"position\":2,\"name\":\"Algo que yo no quiero ser | Jos\u00e9 Ram\u00f3n Hern\u00e1ndez Correa\"}]},{\"@type\":\"WebSite\",\"@id\":\"https:\\\/\\\/veredes.es\\\/blog\\\/#website\",\"url\":\"https:\\\/\\\/veredes.es\\\/blog\\\/\",\"name\":\"veredes, arquitectura y divulgaci\u00f3n\",\"description\":\"veredes\",\"publisher\":{\"@id\":\"https:\\\/\\\/veredes.es\\\/blog\\\/#organization\"},\"alternateName\":\"veredes\",\"potentialAction\":[{\"@type\":\"SearchAction\",\"target\":{\"@type\":\"EntryPoint\",\"urlTemplate\":\"https:\\\/\\\/veredes.es\\\/blog\\\/?s={search_term_string}\"},\"query-input\":{\"@type\":\"PropertyValueSpecification\",\"valueRequired\":true,\"valueName\":\"search_term_string\"}}],\"inLanguage\":\"es\"},{\"@type\":\"Organization\",\"@id\":\"https:\\\/\\\/veredes.es\\\/blog\\\/#organization\",\"name\":\"veredes, arquitectura y divulgaci\u00f3n\",\"alternateName\":\"veredes\",\"url\":\"https:\\\/\\\/veredes.es\\\/blog\\\/\",\"logo\":{\"@type\":\"ImageObject\",\"inLanguage\":\"es\",\"@id\":\"https:\\\/\\\/veredes.es\\\/blog\\\/#\\\/schema\\\/logo\\\/image\\\/\",\"url\":\"https:\\\/\\\/veredes.es\\\/blog\\\/wp-content\\\/uploads\\\/2021\\\/12\\\/veredes-logo-centrado_140x54.png\",\"contentUrl\":\"https:\\\/\\\/veredes.es\\\/blog\\\/wp-content\\\/uploads\\\/2021\\\/12\\\/veredes-logo-centrado_140x54.png\",\"width\":140,\"height\":54,\"caption\":\"veredes, arquitectura y divulgaci\u00f3n\"},\"image\":{\"@id\":\"https:\\\/\\\/veredes.es\\\/blog\\\/#\\\/schema\\\/logo\\\/image\\\/\"},\"sameAs\":[\"https:\\\/\\\/www.facebook.com\\\/veredesArquitecturayDivulgacion\\\/\",\"https:\\\/\\\/x.com\\\/veredes\",\"https:\\\/\\\/instagram.com\\\/veredes\\\/\",\"https:\\\/\\\/www.linkedin.com\\\/company\\\/veredes-arquitectura-y-divulgacion\\\/\",\"https:\\\/\\\/es.pinterest.com\\\/veredes\\\/\",\"https:\\\/\\\/www.tumblr.com\\\/veredes\"]},{\"@type\":\"Person\",\"@id\":\"https:\\\/\\\/veredes.es\\\/blog\\\/#\\\/schema\\\/person\\\/eefca3204fa5a4349162c2869bee6c49\",\"name\":\"Jos\u00e9 Ram\u00f3n Hern\u00e1ndez Correa\",\"image\":{\"@type\":\"ImageObject\",\"inLanguage\":\"es\",\"@id\":\"https:\\\/\\\/veredes.es\\\/blog\\\/wp-content\\\/uploads\\\/2018\\\/04\\\/Jos\u00e9-Ram\u00f3n-Hern\u00e1ndez-Correa-96x96.jpg\",\"url\":\"https:\\\/\\\/veredes.es\\\/blog\\\/wp-content\\\/uploads\\\/2018\\\/04\\\/Jos\u00e9-Ram\u00f3n-Hern\u00e1ndez-Correa-96x96.jpg\",\"contentUrl\":\"https:\\\/\\\/veredes.es\\\/blog\\\/wp-content\\\/uploads\\\/2018\\\/04\\\/Jos\u00e9-Ram\u00f3n-Hern\u00e1ndez-Correa-96x96.jpg\",\"caption\":\"Jos\u00e9 Ram\u00f3n Hern\u00e1ndez Correa\"},\"description\":\"Nac\u00ed en 1960. Arquitecto por la ETSAM, 1985. Doctor Arquitecto por la Universidad Polit\u00e9cnica de Madrid, 1992. Soy, en el buen sentido de la palabra, bueno. Ahora estoy algo cansado, pero sigo atento y curioso. Arquitecto, bloguero, saxofonero, escritor... pero todo mal.\",\"sameAs\":[\"http:\\\/\\\/arquitectamoslocos.blogspot.com.es\\\/\",\"https:\\\/\\\/www.facebook.com\\\/joseramon.hernandezcorrea\",\"https:\\\/\\\/www.instagram.com\\\/arquitectamoslocos\\\/\",\"https:\\\/\\\/www.linkedin.com\\\/in\\\/jos-ramn-hernndez-correa-b6378b2a\\\/\",\"https:\\\/\\\/x.com\\\/https:\\\/\\\/twitter.com\\\/arquitectamos\"],\"url\":\"https:\\\/\\\/veredes.es\\\/blog\\\/author\\\/arquitectamos\\\/\"}]}<\/script>\n<!-- \/ Yoast SEO plugin. -->","yoast_head_json":{"title":"[:es]Algo que yo no quiero ser | Jos\u00e9 Ram\u00f3n Hern\u00e1ndez Correa [:gl]Algo que eu non quero ser | Jos\u00e9 Ram\u00f3n Hern\u00e1ndez Correa [:en]Something that I do not want to be | Jos\u00e9 Ram\u00f3n Hern\u00e1ndez Correa [:] - veredes","description":"Toda la informaci\u00f3n sobre: [:es]Algo que yo no quiero ser | Jos\u00e9 Ram\u00f3n Hern\u00e1ndez Correa [:gl]Algo que eu non quero ser | Jos\u00e9 Ram\u00f3n Hern\u00e1ndez Correa [:en]Something that I do not want to be | Jos\u00e9 Ram\u00f3n Hern\u00e1ndez Correa [:]","robots":{"index":"index","follow":"follow","max-snippet":"max-snippet:-1","max-image-preview":"max-image-preview:large","max-video-preview":"max-video-preview:-1"},"canonical":"https:\/\/veredes.es\/blog\/algo-que-yo-no-quiero-ser-jose-ramon-hernandez-correa\/","og_locale":"es_ES","og_type":"article","og_title":"[:es]Algo que yo no quiero ser | Jos\u00e9 Ram\u00f3n Hern\u00e1ndez Correa [:gl]Algo que eu non quero ser | Jos\u00e9 Ram\u00f3n Hern\u00e1ndez Correa [:en]Something that I do not want to be | Jos\u00e9 Ram\u00f3n Hern\u00e1ndez Correa [:] - veredes","og_description":"Toda la informaci\u00f3n sobre: [:es]Algo que yo no quiero ser | Jos\u00e9 Ram\u00f3n Hern\u00e1ndez Correa [:gl]Algo que eu non quero ser | Jos\u00e9 Ram\u00f3n Hern\u00e1ndez Correa [:en]Something that I do not want to be | Jos\u00e9 Ram\u00f3n Hern\u00e1ndez Correa [:]","og_url":"https:\/\/veredes.es\/blog\/algo-que-yo-no-quiero-ser-jose-ramon-hernandez-correa\/","og_site_name":"veredes, arquitectura y divulgaci\u00f3n","article_publisher":"https:\/\/www.facebook.com\/veredesArquitecturayDivulgacion\/","article_author":"https:\/\/www.facebook.com\/joseramon.hernandezcorrea","article_published_time":"2018-12-30T23:01:15+00:00","article_modified_time":"2025-02-21T10:52:17+00:00","og_image":[{"width":620,"height":465,"url":"https:\/\/veredes.es\/blog\/wp-content\/uploads\/2013\/03\/\u00d3pera-de-Sydney-arquitectamoslocos.blogspot.com_.es_.jpg","type":"image\/jpeg"}],"author":"Jos\u00e9 Ram\u00f3n Hern\u00e1ndez Correa","twitter_card":"summary_large_image","twitter_creator":"@https:\/\/twitter.com\/arquitectamos","twitter_site":"@veredes","twitter_misc":{"Escrito por":"Jos\u00e9 Ram\u00f3n Hern\u00e1ndez Correa","Tiempo de lectura":"6 minutos"},"schema":{"@context":"https:\/\/schema.org","@graph":[{"@type":"Article","@id":"https:\/\/veredes.es\/blog\/algo-que-yo-no-quiero-ser-jose-ramon-hernandez-correa\/#article","isPartOf":{"@id":"https:\/\/veredes.es\/blog\/algo-que-yo-no-quiero-ser-jose-ramon-hernandez-correa\/"},"author":{"name":"Jos\u00e9 Ram\u00f3n Hern\u00e1ndez Correa","@id":"https:\/\/veredes.es\/blog\/#\/schema\/person\/eefca3204fa5a4349162c2869bee6c49"},"headline":"Algo que yo no quiero ser | Jos\u00e9 Ram\u00f3n Hern\u00e1ndez Correa","datePublished":"2018-12-30T23:01:15+00:00","dateModified":"2025-02-21T10:52:17+00:00","mainEntityOfPage":{"@id":"https:\/\/veredes.es\/blog\/algo-que-yo-no-quiero-ser-jose-ramon-hernandez-correa\/"},"wordCount":3831,"commentCount":0,"publisher":{"@id":"https:\/\/veredes.es\/blog\/#organization"},"image":{"@id":"https:\/\/veredes.es\/blog\/algo-que-yo-no-quiero-ser-jose-ramon-hernandez-correa\/#primaryimage"},"thumbnailUrl":"https:\/\/veredes.es\/blog\/wp-content\/uploads\/2013\/03\/\u00d3pera-de-Sydney-arquitectamoslocos.blogspot.com_.es_.jpg","keywords":["Antonio Miranda Regojo","arquitectura espect\u00e1culo","cr\u00edtica","discurso","discurso autom\u00e1tico","discurso vac\u00edo","ensayo","Frank Lloyd Wright","Giovanni Michelucci","historia","Jos\u00e9 Ram\u00f3n Hern\u00e1ndez Correa","J\u00f8rn Utzon","Le Corbusier","pensamiento","personaje","profesi\u00f3n","reflexi\u00f3n","Santiago de Molina","teor\u00eda","teor\u00eda e historia","Zaha Hadid"],"articleSection":["art\u00edculos","slider principal"],"inLanguage":"es","potentialAction":[{"@type":"CommentAction","name":"Comment","target":["https:\/\/veredes.es\/blog\/algo-que-yo-no-quiero-ser-jose-ramon-hernandez-correa\/#respond"]}]},{"@type":"WebPage","@id":"https:\/\/veredes.es\/blog\/algo-que-yo-no-quiero-ser-jose-ramon-hernandez-correa\/","url":"https:\/\/veredes.es\/blog\/algo-que-yo-no-quiero-ser-jose-ramon-hernandez-correa\/","name":"[:es]Algo que yo no quiero ser | Jos\u00e9 Ram\u00f3n Hern\u00e1ndez Correa [:gl]Algo que eu non quero ser | Jos\u00e9 Ram\u00f3n Hern\u00e1ndez Correa [:en]Something that I do not want to be | Jos\u00e9 Ram\u00f3n Hern\u00e1ndez Correa [:] - veredes","isPartOf":{"@id":"https:\/\/veredes.es\/blog\/#website"},"primaryImageOfPage":{"@id":"https:\/\/veredes.es\/blog\/algo-que-yo-no-quiero-ser-jose-ramon-hernandez-correa\/#primaryimage"},"image":{"@id":"https:\/\/veredes.es\/blog\/algo-que-yo-no-quiero-ser-jose-ramon-hernandez-correa\/#primaryimage"},"thumbnailUrl":"https:\/\/veredes.es\/blog\/wp-content\/uploads\/2013\/03\/\u00d3pera-de-Sydney-arquitectamoslocos.blogspot.com_.es_.jpg","datePublished":"2018-12-30T23:01:15+00:00","dateModified":"2025-02-21T10:52:17+00:00","description":"Toda la informaci\u00f3n sobre: [:es]Algo que yo no quiero ser | Jos\u00e9 Ram\u00f3n Hern\u00e1ndez Correa [:gl]Algo que eu non quero ser | Jos\u00e9 Ram\u00f3n Hern\u00e1ndez Correa [:en]Something that I do not want to be | Jos\u00e9 Ram\u00f3n Hern\u00e1ndez Correa [:]","breadcrumb":{"@id":"https:\/\/veredes.es\/blog\/algo-que-yo-no-quiero-ser-jose-ramon-hernandez-correa\/#breadcrumb"},"inLanguage":"es","potentialAction":[{"@type":"ReadAction","target":["https:\/\/veredes.es\/blog\/algo-que-yo-no-quiero-ser-jose-ramon-hernandez-correa\/"]}]},{"@type":"ImageObject","inLanguage":"es","@id":"https:\/\/veredes.es\/blog\/algo-que-yo-no-quiero-ser-jose-ramon-hernandez-correa\/#primaryimage","url":"https:\/\/veredes.es\/blog\/wp-content\/uploads\/2013\/03\/\u00d3pera-de-Sydney-arquitectamoslocos.blogspot.com_.es_.jpg","contentUrl":"https:\/\/veredes.es\/blog\/wp-content\/uploads\/2013\/03\/\u00d3pera-de-Sydney-arquitectamoslocos.blogspot.com_.es_.jpg","width":"620","height":"465","caption":"\u00d3pera de Sydney | arquitectamoslocos.blogspot.com.es"},{"@type":"BreadcrumbList","@id":"https:\/\/veredes.es\/blog\/algo-que-yo-no-quiero-ser-jose-ramon-hernandez-correa\/#breadcrumb","itemListElement":[{"@type":"ListItem","position":1,"name":"Portada","item":"https:\/\/veredes.es\/blog\/"},{"@type":"ListItem","position":2,"name":"Algo que yo no quiero ser | Jos\u00e9 Ram\u00f3n Hern\u00e1ndez Correa"}]},{"@type":"WebSite","@id":"https:\/\/veredes.es\/blog\/#website","url":"https:\/\/veredes.es\/blog\/","name":"veredes, arquitectura y divulgaci\u00f3n","description":"veredes","publisher":{"@id":"https:\/\/veredes.es\/blog\/#organization"},"alternateName":"veredes","potentialAction":[{"@type":"SearchAction","target":{"@type":"EntryPoint","urlTemplate":"https:\/\/veredes.es\/blog\/?s={search_term_string}"},"query-input":{"@type":"PropertyValueSpecification","valueRequired":true,"valueName":"search_term_string"}}],"inLanguage":"es"},{"@type":"Organization","@id":"https:\/\/veredes.es\/blog\/#organization","name":"veredes, arquitectura y divulgaci\u00f3n","alternateName":"veredes","url":"https:\/\/veredes.es\/blog\/","logo":{"@type":"ImageObject","inLanguage":"es","@id":"https:\/\/veredes.es\/blog\/#\/schema\/logo\/image\/","url":"https:\/\/veredes.es\/blog\/wp-content\/uploads\/2021\/12\/veredes-logo-centrado_140x54.png","contentUrl":"https:\/\/veredes.es\/blog\/wp-content\/uploads\/2021\/12\/veredes-logo-centrado_140x54.png","width":140,"height":54,"caption":"veredes, arquitectura y divulgaci\u00f3n"},"image":{"@id":"https:\/\/veredes.es\/blog\/#\/schema\/logo\/image\/"},"sameAs":["https:\/\/www.facebook.com\/veredesArquitecturayDivulgacion\/","https:\/\/x.com\/veredes","https:\/\/instagram.com\/veredes\/","https:\/\/www.linkedin.com\/company\/veredes-arquitectura-y-divulgacion\/","https:\/\/es.pinterest.com\/veredes\/","https:\/\/www.tumblr.com\/veredes"]},{"@type":"Person","@id":"https:\/\/veredes.es\/blog\/#\/schema\/person\/eefca3204fa5a4349162c2869bee6c49","name":"Jos\u00e9 Ram\u00f3n Hern\u00e1ndez Correa","image":{"@type":"ImageObject","inLanguage":"es","@id":"https:\/\/veredes.es\/blog\/wp-content\/uploads\/2018\/04\/Jos\u00e9-Ram\u00f3n-Hern\u00e1ndez-Correa-96x96.jpg","url":"https:\/\/veredes.es\/blog\/wp-content\/uploads\/2018\/04\/Jos\u00e9-Ram\u00f3n-Hern\u00e1ndez-Correa-96x96.jpg","contentUrl":"https:\/\/veredes.es\/blog\/wp-content\/uploads\/2018\/04\/Jos\u00e9-Ram\u00f3n-Hern\u00e1ndez-Correa-96x96.jpg","caption":"Jos\u00e9 Ram\u00f3n Hern\u00e1ndez Correa"},"description":"Nac\u00ed en 1960. Arquitecto por la ETSAM, 1985. Doctor Arquitecto por la Universidad Polit\u00e9cnica de Madrid, 1992. Soy, en el buen sentido de la palabra, bueno. Ahora estoy algo cansado, pero sigo atento y curioso. Arquitecto, bloguero, saxofonero, escritor... pero todo mal.","sameAs":["http:\/\/arquitectamoslocos.blogspot.com.es\/","https:\/\/www.facebook.com\/joseramon.hernandezcorrea","https:\/\/www.instagram.com\/arquitectamoslocos\/","https:\/\/www.linkedin.com\/in\/jos-ramn-hernndez-correa-b6378b2a\/","https:\/\/x.com\/https:\/\/twitter.com\/arquitectamos"],"url":"https:\/\/veredes.es\/blog\/author\/arquitectamos\/"}]}},"_links":{"self":[{"href":"https:\/\/veredes.es\/blog\/wp-json\/wp\/v2\/posts\/30027","targetHints":{"allow":["GET"]}}],"collection":[{"href":"https:\/\/veredes.es\/blog\/wp-json\/wp\/v2\/posts"}],"about":[{"href":"https:\/\/veredes.es\/blog\/wp-json\/wp\/v2\/types\/post"}],"author":[{"embeddable":true,"href":"https:\/\/veredes.es\/blog\/wp-json\/wp\/v2\/users\/33"}],"replies":[{"embeddable":true,"href":"https:\/\/veredes.es\/blog\/wp-json\/wp\/v2\/comments?post=30027"}],"version-history":[{"count":0,"href":"https:\/\/veredes.es\/blog\/wp-json\/wp\/v2\/posts\/30027\/revisions"}],"wp:featuredmedia":[{"embeddable":true,"href":"https:\/\/veredes.es\/blog\/wp-json\/wp\/v2\/media\/30028"}],"wp:attachment":[{"href":"https:\/\/veredes.es\/blog\/wp-json\/wp\/v2\/media?parent=30027"}],"wp:term":[{"taxonomy":"category","embeddable":true,"href":"https:\/\/veredes.es\/blog\/wp-json\/wp\/v2\/categories?post=30027"},{"taxonomy":"post_tag","embeddable":true,"href":"https:\/\/veredes.es\/blog\/wp-json\/wp\/v2\/tags?post=30027"}],"curies":[{"name":"wp","href":"https:\/\/api.w.org\/{rel}","templated":true}]}}