{"id":29960,"date":"2017-12-04T00:01:36","date_gmt":"2017-12-03T23:01:36","guid":{"rendered":"http:\/\/veredes.es\/blog\/?p=29960"},"modified":"2018-04-23T21:36:35","modified_gmt":"2018-04-23T19:36:35","slug":"articular-la-ciudad-miquel-lacasta","status":"publish","type":"post","link":"https:\/\/veredes.es\/blog\/articular-la-ciudad-miquel-lacasta\/","title":{"rendered":"Articular la ciudad | Miquel Lacasta"},"content":{"rendered":"<p><figure id=\"attachment_29961\" aria-describedby=\"caption-attachment-29961\" style=\"width: 640px\" class=\"wp-caption alignnone\"><a href=\"http:\/\/veredes.es\/blog\/wp-content\/uploads\/2013\/03\/La-imagen-del-post-es-un-fragmento-de-la-obra-de-Marina-Papadopoulos-Arquitectura-Precaria-marinapapadopoulos.com_.ar_.jpg\"><img loading=\"lazy\" decoding=\"async\" class=\"wp-image-29961\" title=\"La imagen del post es un fragmento de la obra de Marina Papadopoulos Arquitectura Precaria marinapapadopoulos.com.ar\" src=\"http:\/\/veredes.es\/blog\/wp-content\/uploads\/2013\/03\/La-imagen-del-post-es-un-fragmento-de-la-obra-de-Marina-Papadopoulos-Arquitectura-Precaria-marinapapadopoulos.com_.ar_.jpg\" width=\"640\" height=\"392\" srcset=\"https:\/\/veredes.es\/blog\/wp-content\/uploads\/2013\/03\/La-imagen-del-post-es-un-fragmento-de-la-obra-de-Marina-Papadopoulos-Arquitectura-Precaria-marinapapadopoulos.com_.ar_.jpg 620w, https:\/\/veredes.es\/blog\/wp-content\/uploads\/2013\/03\/La-imagen-del-post-es-un-fragmento-de-la-obra-de-Marina-Papadopoulos-Arquitectura-Precaria-marinapapadopoulos.com_.ar_-300x183.jpg 300w\" sizes=\"auto, (max-width: 640px) 100vw, 640px\" \/><\/a><figcaption id=\"caption-attachment-29961\" class=\"wp-caption-text\"><span style=\"color: #888888;\">Fragmento de la obra de Marina Papadopoulos, <em>Arquitectura Precaria<\/em> | <a href=\"http:\/\/www.marinapapadopoulos.com.ar\/\" target=\"_blank\">marinapapadopoulos.com.ar<\/a><\/span><\/figcaption><\/figure><\/p>\n<p style=\"text-align: justify;\">El planteo de la Ciudad Gen\u00e9rica de Rem Koolhaas es sin duda, desde un punto de vista meramente conceptual, un texto apasionante. La idea general no deja indiferente, si bien uno sospecha que el texto es una herramienta para la justificaci\u00f3n de una cierta vuelta a la <em>tabula rasa <\/em>m\u00e1s propia del movimiento moderno, que de un posicionamiento contempor\u00e1neo.<\/p>\n<p style=\"text-align: justify;\">La constataci\u00f3n, por otro lado totalmente cierta, que el pasado es demasiado peque\u00f1o para habitarlo, da la excusa perfecta a Koolhaas para hacer un elogio a todo aquello que no tiene una significaci\u00f3n hist\u00f3rica o a todo lo que no conlleva una significaci\u00f3n cultural. As\u00ed los edificios y las ciudades deben ser irrelevantes en su forma, en su decoro o su formalizaci\u00f3n. Tambi\u00e9n en consecuencia directa, no ofrecen al ciudadano ninguna oportunidad para establecer una relaci\u00f3n de pertenencia.<\/p>\n<p style=\"text-align: justify;\">No vamos a negar que algo de ello sea cierto. No podemos dejar reducida la bondad de la arquitectura o de una porci\u00f3n de ciudad a la feliz expresi\u00f3n de arquetipos de belleza socialmente aceptados. Y no podemos hacerlo porque esos arquetipos son f\u00e1cilmente manipulables, demag\u00f3gicos y casi siempre provienen de una imposici\u00f3n elitista de lo bello. Las trampas de lo popularmente aceptado como categor\u00eda irrefutable condujeron a la postmodernidad arquitect\u00f3nica a un pastiche indescifrable de prejuicios y falsedad.<\/p>\n<p style=\"text-align: justify;\">Sin embargo el origen del texto de Koolhaas\u00a0<i><a href=\"https:\/\/www.amazon.es\/gp\/product\/1885254865?ie=UTF8&amp;tag=wwwveredeses-21&amp;camp=3638&amp;linkCode=xm2&amp;creativeASIN=1885254865\" target=\"_blank\">The Generic City<\/a>,\u00a0<\/i>empieza con una afirmaci\u00f3n sobre la que se asientan todo el relato posterior que me parece dudosa.<\/p>\n<blockquote>\n<p style=\"text-align: justify;\"><strong><i>\u00abSe ha extendido la idea que la identidad deriva de la sustancia f\u00edsica, de lo hist\u00f3rico, del contexto, de lo real.\u00bb <\/i><sup>1<\/sup><i>\u00a0<\/i><\/strong><\/p>\n<\/blockquote>\n<p style=\"text-align: justify;\">Me refiero a que la identidad no deriva necesariamente de la realidad, sino de un complejo proceso intelectual y sensual del que interact\u00faa con esa realidad, es decir, del individuo que hace uso de la realidad construida y que comparte su experiencia con otros individuos. La identidad la crea el individuo y el cuerpo social en que este est\u00e1 inmerso. Con este desplazamiento de foco la excusa del pasado pierde la fuerza negativa a redimir y desarbola todos los razonamientos posteriores del texto.<\/p>\n<p style=\"text-align: justify;\">Eso no quiere decir que el pasado se vuelva un valor per s\u00e9, ni mucho menos. En todo caso eso querr\u00e1 decir que deber\u00edamos volver a interpretar qu\u00e9 hace que un conjunto de individuos construya toda una serie de\u00a0<i>links\u00a0<\/i>con la realidad, ya sea hist\u00f3rica o reciente, con la que se enfrenta y se relaciona hasta el punto de que esa realidad pasa a formar parte de su naturaleza m\u00e1s \u00edntima. Es decir, el tema de la identidad no reside exclusivamente en lo que la ciudad y sus arquitecturas contienen como mensaje, sino que principalmente, en los complejos mecanismos de relaci\u00f3n, tanto individuales, como sociales, que establece el ser humano.<\/p>\n<p style=\"text-align: justify;\">Estirando del hilo.<\/p>\n<blockquote>\n<p style=\"text-align: justify;\"><strong>\u00bfA que nos estamos enfrentando cuando hablamos de realidad? <\/strong><\/p>\n<p style=\"text-align: justify;\"><strong>\u00bfQu\u00e9 es en esencia la ciudad y la arquitectura?<\/strong><\/p>\n<\/blockquote>\n<p style=\"text-align: justify;\">Vuelvo a Koolhaas.<\/p>\n<p style=\"text-align: justify;\">Del sugerente concepto de\u00a0<i>la cultura de la congesti\u00f3n,\u00a0<\/i>se puede fijar el concepto que la fuerza y la fascinaci\u00f3n de las ciudades reside en lo excepcional, lo extremo y lo excesivo, dispuesto y en cierta manera provocado por la densidad obtenida de la yuxtaposici\u00f3n, la superposici\u00f3n o la confrontaci\u00f3n de muchos programas. Esto constituye el valor primordial de la condici\u00f3n metropolitana contempor\u00e1nea. Es decir, no se trata de hacer una simplificaci\u00f3n objetiva del hecho urbano, sino m\u00e1s bien asumir la hiper-complejidad inherente de la realidad de nuestras ciudades y nuestras arquitecturas. En ellas todo es posible, todo se desenvuelve a la vez, todo ocurre a la velocidad de la luz.<\/p>\n<p style=\"text-align: justify;\">Si esto es as\u00ed, la manera m\u00e1s inteligente de negociar con esa realidad multicapa, no ser\u00eda precisamente la estrategia de lo gen\u00e9rico, es decir la estrategia de la insignificancia. Eso ser\u00eda mirar la realidad con los ojos entornados, y borrar su definici\u00f3n.<\/p>\n<p style=\"text-align: justify;\">La estrategia, o mejor dicho, la mejor o quiz\u00e1s la \u00fanica manera de enfrentarse a la ciudad y la arquitectura contempor\u00e1nea es la articulaci\u00f3n. Articular la ciudad, articular la arquitectura.<\/p>\n<p style=\"text-align: justify;\"><a href=\"http:\/\/dle.rae.es\/srv\/fetch?id=3r78MJV|3r7BQ0c\" target=\"_blank\">Articular<\/a>, seg\u00fan el diccionario del RAE, consiste en<\/p>\n<blockquote>\n<p style=\"text-align: justify;\">\u00ab<i>unir dos o m\u00e1s piezas de modo que mantengan entre s\u00ed alguna libertad de movimiento<\/i>.\u00bb<\/p>\n<\/blockquote>\n<p style=\"text-align: justify;\">Tambi\u00e9n consiste en<\/p>\n<blockquote>\n<p style=\"text-align: justify;\"><i>\u00aborganizar diversos elementos para lograr un conjunto coherente y eficaz<\/i>.\u00bb<\/p>\n<\/blockquote>\n<p style=\"text-align: justify;\">Es decir, articular consiste en establecer uniones ni perennes y ni fijas en su significado, uniones con libertad de movimiento, con gradientes de indeterminaci\u00f3n. Es m\u00e1s, a\u00f1adir\u00eda que articular significa establecer relaciones solidas y libres, susceptibles de volverse a articular cuando las condiciones del entorno cambien la esencia de esa relaci\u00f3n. Por tanto, articular es interactuar. Articular tambi\u00e9n consiste en organizar elementos para lograr un conjunto coherente, para construir un relato que se sostenga, una forma de relaci\u00f3n que sea capaz de explicar, de narrar la realidad.<\/p>\n<p style=\"text-align: justify;\">En definitiva, articular vendr\u00eda a estructurar partes con partes, algo especialmente inteligente ante la inconmensurabilidad de una realidad excesiva y congestionada por definici\u00f3n.<\/p>\n<p style=\"text-align: justify;\">En arquitectura solemos hablar de articular espacios, es decir, de integrar unos espacios con otros, de provocar una relaci\u00f3n que no diluye las partes y que sin embargo enriquece el conjunto. Aqu\u00ed podr\u00edamos hablar de articular edificios, partes de una ciudad, etc.<\/p>\n<p style=\"text-align: justify;\">\u00bfPero qu\u00e9 debemos articular? Para la gesti\u00f3n tanto privada como p\u00fablica, tanto individual como colectiva, la idea de articular significar\u00eda establecer\u00a0<i>l\u00edneas de fuerza, vectores de relaci\u00f3n,\u00a0<\/i>entre lo econ\u00f3mico y lo social, entre lo tecnol\u00f3gico y lo cultural, entre lo pol\u00edtico y social, y as\u00ed sucesivamente en una matriz de 5\u00d75. Articular viene a determinar partes con coherencia propia y proyectar en esas partes estrategias de interactividad de forma que el resultado final sea m\u00e1s rico, m\u00e1s abierto y a su vez m\u00e1s susceptible de ser asumido y gestionado por el ciudadano. Articular la ciudad, es expandir su campo de acci\u00f3n, su capacidad generativa, con el fin de que a partir de esos vectores de relaci\u00f3n el individuo, o una colectividad determinada, encuentre el espacio suficiente para sentirse f\u00edsica y emocionalmente ligado a una realidad dada. Es definitiva generar oportunidades para que pueda construir su identidad.<\/p>\n<p style=\"text-align: justify;\">Articular la ciudad, tambi\u00e9n significar\u00eda establecer l\u00edneas de fuerza entre los tiempos que concurren en lo urbano. No tan solo la relaci\u00f3n entre tiempo pasado o hist\u00f3rico, con el tiempo presente, sino tambi\u00e9n con los\u00a0<i>micro-tiempos<\/i>\u00a0que cada individuo maneja en su d\u00eda a d\u00eda. Y a\u00fan m\u00e1s, todo ello envuelto en el tiempo electr\u00f3nico e instant\u00e1neo que nos ha tocado vivir. Articular es hacer del tiempo simult\u00e1neo, un tiempo\u00a0<i>hiperpresente, hipertrofiado, hiperdenso.<\/i><\/p>\n<p style=\"text-align: justify;\">En este sentido, articular la ciudad ser\u00eda todo lo contrario que convertirla en gen\u00e9rica y articularse en la ciudad, una manera de interactuar con ella.<\/p>\n<p>Miquel Lacasta. Doctor arquitecto<br \/>\nBarcelona, marzo\u00a02013<\/p>\n<p>Notas:<\/p>\n<div>\n<p><sup>1<\/sup> KOOLHAAS, Rem,\u00a0<i>The Generic City<\/i>, apto. 1.2, <a href=\"https:\/\/www.amazon.es\/gp\/product\/1885254865?ie=UTF8&amp;tag=wwwveredeses-21&amp;camp=3638&amp;linkCode=xm2&amp;creativeASIN=1885254865\" target=\"_blank\">S,M,X,XL<\/a>, The Monacelly Press, New York, 1995<\/p>\n<\/div>\n<p><\/p>","protected":false},"excerpt":{"rendered":"<p>El planteo de la Ciudad Gen\u00e9rica de Rem Koolhaas es sin duda, desde un punto de vista meramente conceptual, un texto apasionante. La idea general no deja indiferente, si bien uno sospecha que el texto es una herramienta para la justificaci\u00f3n de una cierta vuelta a la tabula rasa m\u00e1s propia del movimiento moderno, que [&hellip;]<\/p>\n","protected":false},"author":32,"featured_media":29961,"comment_status":"open","ping_status":"closed","sticky":false,"template":"","format":"standard","meta":{"footnotes":""},"categories":[5934,5951],"tags":[318,319,6401,516,13184,4522,2496,4317,1021,3452,1890,6587,2173],"class_list":{"0":"post-29960","1":"post","2":"type-post","3":"status-publish","4":"format-standard","5":"has-post-thumbnail","7":"category-articulos","8":"category-slider-principal","9":"tag-ciudad","10":"tag-ciudad-contemporanea","11":"tag-espacio-colectivo","12":"tag-espacio-publico","13":"tag-marina-papadopoulos","14":"tag-miquel-lacasta","15":"tag-movimiento","16":"tag-participacion-colectiva","17":"tag-pensamiento","18":"tag-personaje","19":"tag-reflexion-multidisciplinar","20":"tag-reflexion-urbanistica","21":"tag-rem-koolhaas"},"yoast_head":"<!-- This site is optimized with the Yoast SEO plugin v27.4 - https:\/\/yoast.com\/product\/yoast-seo-wordpress\/ -->\n<title>Articular la ciudad | Miquel Lacasta - veredes<\/title>\n<meta name=\"description\" content=\"Toda la informaci\u00f3n sobre: [:es]Articular la ciudad | Miquel Lacasta[:gl]Articular la ciudad | Miquel Lacasta[:en]Articulating the city | Miquel Lacasta[:]\" \/>\n<meta name=\"robots\" content=\"index, follow, max-snippet:-1, max-image-preview:large, max-video-preview:-1\" \/>\n<link rel=\"canonical\" href=\"https:\/\/veredes.es\/blog\/articular-la-ciudad-miquel-lacasta\/\" \/>\n<meta property=\"og:locale\" content=\"es_ES\" \/>\n<meta property=\"og:type\" content=\"article\" \/>\n<meta property=\"og:title\" content=\"[:es]Articular la ciudad | Miquel Lacasta[:gl]Articular la ciudad | Miquel Lacasta[:en]Articulating the city | Miquel Lacasta[:] - veredes\" \/>\n<meta property=\"og:description\" content=\"Toda la informaci\u00f3n sobre: [:es]Articular la ciudad | Miquel Lacasta[:gl]Articular la ciudad | Miquel Lacasta[:en]Articulating the city | Miquel Lacasta[:]\" \/>\n<meta property=\"og:url\" content=\"https:\/\/veredes.es\/blog\/articular-la-ciudad-miquel-lacasta\/\" \/>\n<meta property=\"og:site_name\" content=\"veredes, arquitectura y divulgaci\u00f3n\" \/>\n<meta property=\"article:publisher\" content=\"https:\/\/www.facebook.com\/veredesArquitecturayDivulgacion\/\" \/>\n<meta property=\"article:author\" content=\"https:\/\/www.facebook.com\/MikelLacastaCodorniu\" \/>\n<meta property=\"article:published_time\" content=\"2017-12-03T23:01:36+00:00\" \/>\n<meta property=\"article:modified_time\" content=\"2018-04-23T19:36:35+00:00\" \/>\n<meta property=\"og:image\" content=\"https:\/\/veredes.es\/blog\/wp-content\/uploads\/2013\/03\/La-imagen-del-post-es-un-fragmento-de-la-obra-de-Marina-Papadopoulos-Arquitectura-Precaria-marinapapadopoulos.com_.ar_.jpg\" \/>\n\t<meta property=\"og:image:width\" content=\"620\" \/>\n\t<meta property=\"og:image:height\" content=\"380\" \/>\n\t<meta property=\"og:image:type\" content=\"image\/jpeg\" \/>\n<meta name=\"author\" content=\"Miquel Lacasta Codorniu\" \/>\n<meta name=\"twitter:card\" content=\"summary_large_image\" \/>\n<meta name=\"twitter:creator\" content=\"@https:\/\/twitter.com\/miquelacasta\" \/>\n<meta name=\"twitter:site\" content=\"@veredes\" \/>\n<meta name=\"twitter:label1\" content=\"Escrito por\" \/>\n\t<meta name=\"twitter:data1\" content=\"Miquel Lacasta Codorniu\" \/>\n\t<meta name=\"twitter:label2\" content=\"Tiempo de lectura\" \/>\n\t<meta name=\"twitter:data2\" content=\"18 minutos\" \/>\n<script type=\"application\/ld+json\" class=\"yoast-schema-graph\">{\"@context\":\"https:\\\/\\\/schema.org\",\"@graph\":[{\"@type\":\"Article\",\"@id\":\"https:\\\/\\\/veredes.es\\\/blog\\\/articular-la-ciudad-miquel-lacasta\\\/#article\",\"isPartOf\":{\"@id\":\"https:\\\/\\\/veredes.es\\\/blog\\\/articular-la-ciudad-miquel-lacasta\\\/\"},\"author\":{\"name\":\"Miquel Lacasta Codorniu\",\"@id\":\"https:\\\/\\\/veredes.es\\\/blog\\\/#\\\/schema\\\/person\\\/11c5393188d51787b8b13761dea40343\"},\"headline\":\"Articular la ciudad | Miquel Lacasta\",\"datePublished\":\"2017-12-03T23:01:36+00:00\",\"dateModified\":\"2018-04-23T19:36:35+00:00\",\"mainEntityOfPage\":{\"@id\":\"https:\\\/\\\/veredes.es\\\/blog\\\/articular-la-ciudad-miquel-lacasta\\\/\"},\"wordCount\":3665,\"commentCount\":0,\"publisher\":{\"@id\":\"https:\\\/\\\/veredes.es\\\/blog\\\/#organization\"},\"image\":{\"@id\":\"https:\\\/\\\/veredes.es\\\/blog\\\/articular-la-ciudad-miquel-lacasta\\\/#primaryimage\"},\"thumbnailUrl\":\"https:\\\/\\\/veredes.es\\\/blog\\\/wp-content\\\/uploads\\\/2013\\\/03\\\/La-imagen-del-post-es-un-fragmento-de-la-obra-de-Marina-Papadopoulos-Arquitectura-Precaria-marinapapadopoulos.com_.ar_.jpg\",\"keywords\":[\"ciudad\",\"ciudad contempor\u00e1nea\",\"espacio colectivo\",\"espacio p\u00fablico\",\"Marina Papadopoulos\",\"Miquel Lacasta\",\"movimiento\",\"participacion colectiva\",\"pensamiento\",\"personaje\",\"reflexi\u00f3n multidisciplinar\",\"reflexi\u00f3n urban\u00edstica\",\"Rem Koolhaas\"],\"articleSection\":[\"art\u00edculos\",\"slider principal\"],\"inLanguage\":\"es\",\"potentialAction\":[{\"@type\":\"CommentAction\",\"name\":\"Comment\",\"target\":[\"https:\\\/\\\/veredes.es\\\/blog\\\/articular-la-ciudad-miquel-lacasta\\\/#respond\"]}]},{\"@type\":\"WebPage\",\"@id\":\"https:\\\/\\\/veredes.es\\\/blog\\\/articular-la-ciudad-miquel-lacasta\\\/\",\"url\":\"https:\\\/\\\/veredes.es\\\/blog\\\/articular-la-ciudad-miquel-lacasta\\\/\",\"name\":\"[:es]Articular la ciudad | Miquel Lacasta[:gl]Articular la ciudad | Miquel Lacasta[:en]Articulating the city | Miquel Lacasta[:] - veredes\",\"isPartOf\":{\"@id\":\"https:\\\/\\\/veredes.es\\\/blog\\\/#website\"},\"primaryImageOfPage\":{\"@id\":\"https:\\\/\\\/veredes.es\\\/blog\\\/articular-la-ciudad-miquel-lacasta\\\/#primaryimage\"},\"image\":{\"@id\":\"https:\\\/\\\/veredes.es\\\/blog\\\/articular-la-ciudad-miquel-lacasta\\\/#primaryimage\"},\"thumbnailUrl\":\"https:\\\/\\\/veredes.es\\\/blog\\\/wp-content\\\/uploads\\\/2013\\\/03\\\/La-imagen-del-post-es-un-fragmento-de-la-obra-de-Marina-Papadopoulos-Arquitectura-Precaria-marinapapadopoulos.com_.ar_.jpg\",\"datePublished\":\"2017-12-03T23:01:36+00:00\",\"dateModified\":\"2018-04-23T19:36:35+00:00\",\"description\":\"Toda la informaci\u00f3n sobre: [:es]Articular la ciudad | Miquel Lacasta[:gl]Articular la ciudad | Miquel Lacasta[:en]Articulating the city | Miquel Lacasta[:]\",\"breadcrumb\":{\"@id\":\"https:\\\/\\\/veredes.es\\\/blog\\\/articular-la-ciudad-miquel-lacasta\\\/#breadcrumb\"},\"inLanguage\":\"es\",\"potentialAction\":[{\"@type\":\"ReadAction\",\"target\":[\"https:\\\/\\\/veredes.es\\\/blog\\\/articular-la-ciudad-miquel-lacasta\\\/\"]}]},{\"@type\":\"ImageObject\",\"inLanguage\":\"es\",\"@id\":\"https:\\\/\\\/veredes.es\\\/blog\\\/articular-la-ciudad-miquel-lacasta\\\/#primaryimage\",\"url\":\"https:\\\/\\\/veredes.es\\\/blog\\\/wp-content\\\/uploads\\\/2013\\\/03\\\/La-imagen-del-post-es-un-fragmento-de-la-obra-de-Marina-Papadopoulos-Arquitectura-Precaria-marinapapadopoulos.com_.ar_.jpg\",\"contentUrl\":\"https:\\\/\\\/veredes.es\\\/blog\\\/wp-content\\\/uploads\\\/2013\\\/03\\\/La-imagen-del-post-es-un-fragmento-de-la-obra-de-Marina-Papadopoulos-Arquitectura-Precaria-marinapapadopoulos.com_.ar_.jpg\",\"width\":\"620\",\"height\":\"380\",\"caption\":\"Fragmento de la obra de Marina Papadopoulos Arquitectura Precaria | marinapapadopoulos.com.ar\"},{\"@type\":\"BreadcrumbList\",\"@id\":\"https:\\\/\\\/veredes.es\\\/blog\\\/articular-la-ciudad-miquel-lacasta\\\/#breadcrumb\",\"itemListElement\":[{\"@type\":\"ListItem\",\"position\":1,\"name\":\"Portada\",\"item\":\"https:\\\/\\\/veredes.es\\\/blog\\\/\"},{\"@type\":\"ListItem\",\"position\":2,\"name\":\"Articular la ciudad | Miquel Lacasta\"}]},{\"@type\":\"WebSite\",\"@id\":\"https:\\\/\\\/veredes.es\\\/blog\\\/#website\",\"url\":\"https:\\\/\\\/veredes.es\\\/blog\\\/\",\"name\":\"veredes, arquitectura y divulgaci\u00f3n\",\"description\":\"veredes\",\"publisher\":{\"@id\":\"https:\\\/\\\/veredes.es\\\/blog\\\/#organization\"},\"alternateName\":\"veredes\",\"potentialAction\":[{\"@type\":\"SearchAction\",\"target\":{\"@type\":\"EntryPoint\",\"urlTemplate\":\"https:\\\/\\\/veredes.es\\\/blog\\\/?s={search_term_string}\"},\"query-input\":{\"@type\":\"PropertyValueSpecification\",\"valueRequired\":true,\"valueName\":\"search_term_string\"}}],\"inLanguage\":\"es\"},{\"@type\":\"Organization\",\"@id\":\"https:\\\/\\\/veredes.es\\\/blog\\\/#organization\",\"name\":\"veredes, arquitectura y divulgaci\u00f3n\",\"alternateName\":\"veredes\",\"url\":\"https:\\\/\\\/veredes.es\\\/blog\\\/\",\"logo\":{\"@type\":\"ImageObject\",\"inLanguage\":\"es\",\"@id\":\"https:\\\/\\\/veredes.es\\\/blog\\\/#\\\/schema\\\/logo\\\/image\\\/\",\"url\":\"https:\\\/\\\/veredes.es\\\/blog\\\/wp-content\\\/uploads\\\/2021\\\/12\\\/veredes-logo-centrado_140x54.png\",\"contentUrl\":\"https:\\\/\\\/veredes.es\\\/blog\\\/wp-content\\\/uploads\\\/2021\\\/12\\\/veredes-logo-centrado_140x54.png\",\"width\":140,\"height\":54,\"caption\":\"veredes, arquitectura y divulgaci\u00f3n\"},\"image\":{\"@id\":\"https:\\\/\\\/veredes.es\\\/blog\\\/#\\\/schema\\\/logo\\\/image\\\/\"},\"sameAs\":[\"https:\\\/\\\/www.facebook.com\\\/veredesArquitecturayDivulgacion\\\/\",\"https:\\\/\\\/x.com\\\/veredes\",\"https:\\\/\\\/instagram.com\\\/veredes\\\/\",\"https:\\\/\\\/www.linkedin.com\\\/company\\\/veredes-arquitectura-y-divulgacion\\\/\",\"https:\\\/\\\/es.pinterest.com\\\/veredes\\\/\",\"https:\\\/\\\/www.tumblr.com\\\/veredes\"]},{\"@type\":\"Person\",\"@id\":\"https:\\\/\\\/veredes.es\\\/blog\\\/#\\\/schema\\\/person\\\/11c5393188d51787b8b13761dea40343\",\"name\":\"Miquel Lacasta Codorniu\",\"image\":{\"@type\":\"ImageObject\",\"inLanguage\":\"es\",\"@id\":\"https:\\\/\\\/secure.gravatar.com\\\/avatar\\\/08c0363dcfecc8314962e22fc525294dd6549dd4a7630af6a4f7053ff640935d?s=96&r=g\",\"url\":\"https:\\\/\\\/secure.gravatar.com\\\/avatar\\\/08c0363dcfecc8314962e22fc525294dd6549dd4a7630af6a4f7053ff640935d?s=96&r=g\",\"contentUrl\":\"https:\\\/\\\/secure.gravatar.com\\\/avatar\\\/08c0363dcfecc8314962e22fc525294dd6549dd4a7630af6a4f7053ff640935d?s=96&r=g\",\"caption\":\"Miquel Lacasta Codorniu\"},\"description\":\"Es cofundador en ARCHIKUBIK y tambi\u00e9n en @kubik - espacio multidisciplinario. Obtuvo un Ph.D. con honores (cum laude) en ESARQ Universitat Internacional de Catalunya UIC y tambi\u00e9n fue galardonado con el premio especial Ph.D (UIC 2012), M.arch en ESARQ Universitat Internacional de Catalunya, y se gradu\u00f3 como arquitecto en ETSAB Universitat Polit\u00e8cnica de Catalunya . Miquel es profesor asociado en ESARQ desde 1996. Anteriormente, fue profesor en Elisava y Escola LAI, y tambi\u00e9n en programas de postgrado en ETSAB y La Salle. Fue arquitecto en la oficina de Manuel Brullet desde 1989 desde 1995. Ha sido galardonado en \\\"Taller Barcelona'96. El TGV, una oportunidad por estructurar la periferia \\\". Fue codirector del taller \\\"Territorio Virtual, L\u00edmite Urbano\\\" en ITSEM Guadalajara, M\u00e9xico en 2000 y tambi\u00e9n codirector del taller \\\"Ravalizar Barcelona\\\" en ITSEM Guadalajara, M\u00e9xico, y CCNY, Nueva York, EE. UU. En 2002, 2003 y 2004. Gan\u00f3 el premio A + en 2010 por Sunion School en el Best Educational Building, The International Architecture Award 2008 en The Chicago Athenaeum por Colin's House y el primer premio en Corian Prize en 2006. Su obra ha sido expuesta en Barcelona , Madrid, Florencia, Cannes y en Le Pavillon de l'Arsenal en Par\u00eds. Varias publicaciones han sido reconocidas por su trabajo como Quaderns, ON, Arquitectura Plus, Piso, Arquitectura y Dise\u00f1o, El Pa\u00eds, ABC, La Vanguardia, Clar\u00edn, Sole 24 Ore, y otros. Recientemente realiz\u00f3 conferencias en ITSEM Guadalajara, M\u00e9xico, Facolta di Architettura di l'Alghero, Italia, msa M\u00fcnster School of Architecture, M\u00fcnster Alemania, IBM Think Tank en Par\u00eds, Francia, y varias universidades y organizaciones en Espa\u00f1a. Recientemente fue galardonado con el ZAC RN5 en el concurso Vitry-sur-Seine, un Eco-distrito de 255 residencias sociales y privadas y una residencia de estudiantes en Ivry, y 32 apartamentos asistidos para personas mayores en Olesa de Montserrat.\",\"sameAs\":[\"https:\\\/\\\/axonometrica.wordpress.com\\\/\",\"https:\\\/\\\/www.facebook.com\\\/MikelLacastaCodorniu\",\"https:\\\/\\\/www.instagram.com\\\/mikel3\\\/\",\"https:\\\/\\\/www.linkedin.com\\\/in\\\/miquel-lacasta-profile\\\/\",\"https:\\\/\\\/x.com\\\/https:\\\/\\\/twitter.com\\\/miquelacasta\"],\"url\":\"https:\\\/\\\/veredes.es\\\/blog\\\/author\\\/miquel-lacasta-codorniu\\\/\"}]}<\/script>\n<!-- \/ Yoast SEO plugin. -->","yoast_head_json":{"title":"[:es]Articular la ciudad | Miquel Lacasta[:gl]Articular la ciudad | Miquel Lacasta[:en]Articulating the city | Miquel Lacasta[:] - veredes","description":"Toda la informaci\u00f3n sobre: [:es]Articular la ciudad | Miquel Lacasta[:gl]Articular la ciudad | Miquel Lacasta[:en]Articulating the city | Miquel Lacasta[:]","robots":{"index":"index","follow":"follow","max-snippet":"max-snippet:-1","max-image-preview":"max-image-preview:large","max-video-preview":"max-video-preview:-1"},"canonical":"https:\/\/veredes.es\/blog\/articular-la-ciudad-miquel-lacasta\/","og_locale":"es_ES","og_type":"article","og_title":"[:es]Articular la ciudad | Miquel Lacasta[:gl]Articular la ciudad | Miquel Lacasta[:en]Articulating the city | Miquel Lacasta[:] - veredes","og_description":"Toda la informaci\u00f3n sobre: [:es]Articular la ciudad | Miquel Lacasta[:gl]Articular la ciudad | Miquel Lacasta[:en]Articulating the city | Miquel Lacasta[:]","og_url":"https:\/\/veredes.es\/blog\/articular-la-ciudad-miquel-lacasta\/","og_site_name":"veredes, arquitectura y divulgaci\u00f3n","article_publisher":"https:\/\/www.facebook.com\/veredesArquitecturayDivulgacion\/","article_author":"https:\/\/www.facebook.com\/MikelLacastaCodorniu","article_published_time":"2017-12-03T23:01:36+00:00","article_modified_time":"2018-04-23T19:36:35+00:00","og_image":[{"width":620,"height":380,"url":"https:\/\/veredes.es\/blog\/wp-content\/uploads\/2013\/03\/La-imagen-del-post-es-un-fragmento-de-la-obra-de-Marina-Papadopoulos-Arquitectura-Precaria-marinapapadopoulos.com_.ar_.jpg","type":"image\/jpeg"}],"author":"Miquel Lacasta Codorniu","twitter_card":"summary_large_image","twitter_creator":"@https:\/\/twitter.com\/miquelacasta","twitter_site":"@veredes","twitter_misc":{"Escrito por":"Miquel Lacasta Codorniu","Tiempo de lectura":"18 minutos"},"schema":{"@context":"https:\/\/schema.org","@graph":[{"@type":"Article","@id":"https:\/\/veredes.es\/blog\/articular-la-ciudad-miquel-lacasta\/#article","isPartOf":{"@id":"https:\/\/veredes.es\/blog\/articular-la-ciudad-miquel-lacasta\/"},"author":{"name":"Miquel Lacasta Codorniu","@id":"https:\/\/veredes.es\/blog\/#\/schema\/person\/11c5393188d51787b8b13761dea40343"},"headline":"Articular la ciudad | Miquel Lacasta","datePublished":"2017-12-03T23:01:36+00:00","dateModified":"2018-04-23T19:36:35+00:00","mainEntityOfPage":{"@id":"https:\/\/veredes.es\/blog\/articular-la-ciudad-miquel-lacasta\/"},"wordCount":3665,"commentCount":0,"publisher":{"@id":"https:\/\/veredes.es\/blog\/#organization"},"image":{"@id":"https:\/\/veredes.es\/blog\/articular-la-ciudad-miquel-lacasta\/#primaryimage"},"thumbnailUrl":"https:\/\/veredes.es\/blog\/wp-content\/uploads\/2013\/03\/La-imagen-del-post-es-un-fragmento-de-la-obra-de-Marina-Papadopoulos-Arquitectura-Precaria-marinapapadopoulos.com_.ar_.jpg","keywords":["ciudad","ciudad contempor\u00e1nea","espacio colectivo","espacio p\u00fablico","Marina Papadopoulos","Miquel Lacasta","movimiento","participacion colectiva","pensamiento","personaje","reflexi\u00f3n multidisciplinar","reflexi\u00f3n urban\u00edstica","Rem Koolhaas"],"articleSection":["art\u00edculos","slider principal"],"inLanguage":"es","potentialAction":[{"@type":"CommentAction","name":"Comment","target":["https:\/\/veredes.es\/blog\/articular-la-ciudad-miquel-lacasta\/#respond"]}]},{"@type":"WebPage","@id":"https:\/\/veredes.es\/blog\/articular-la-ciudad-miquel-lacasta\/","url":"https:\/\/veredes.es\/blog\/articular-la-ciudad-miquel-lacasta\/","name":"[:es]Articular la ciudad | Miquel Lacasta[:gl]Articular la ciudad | Miquel Lacasta[:en]Articulating the city | Miquel Lacasta[:] - veredes","isPartOf":{"@id":"https:\/\/veredes.es\/blog\/#website"},"primaryImageOfPage":{"@id":"https:\/\/veredes.es\/blog\/articular-la-ciudad-miquel-lacasta\/#primaryimage"},"image":{"@id":"https:\/\/veredes.es\/blog\/articular-la-ciudad-miquel-lacasta\/#primaryimage"},"thumbnailUrl":"https:\/\/veredes.es\/blog\/wp-content\/uploads\/2013\/03\/La-imagen-del-post-es-un-fragmento-de-la-obra-de-Marina-Papadopoulos-Arquitectura-Precaria-marinapapadopoulos.com_.ar_.jpg","datePublished":"2017-12-03T23:01:36+00:00","dateModified":"2018-04-23T19:36:35+00:00","description":"Toda la informaci\u00f3n sobre: [:es]Articular la ciudad | Miquel Lacasta[:gl]Articular la ciudad | Miquel Lacasta[:en]Articulating the city | Miquel Lacasta[:]","breadcrumb":{"@id":"https:\/\/veredes.es\/blog\/articular-la-ciudad-miquel-lacasta\/#breadcrumb"},"inLanguage":"es","potentialAction":[{"@type":"ReadAction","target":["https:\/\/veredes.es\/blog\/articular-la-ciudad-miquel-lacasta\/"]}]},{"@type":"ImageObject","inLanguage":"es","@id":"https:\/\/veredes.es\/blog\/articular-la-ciudad-miquel-lacasta\/#primaryimage","url":"https:\/\/veredes.es\/blog\/wp-content\/uploads\/2013\/03\/La-imagen-del-post-es-un-fragmento-de-la-obra-de-Marina-Papadopoulos-Arquitectura-Precaria-marinapapadopoulos.com_.ar_.jpg","contentUrl":"https:\/\/veredes.es\/blog\/wp-content\/uploads\/2013\/03\/La-imagen-del-post-es-un-fragmento-de-la-obra-de-Marina-Papadopoulos-Arquitectura-Precaria-marinapapadopoulos.com_.ar_.jpg","width":"620","height":"380","caption":"Fragmento de la obra de Marina Papadopoulos Arquitectura Precaria | marinapapadopoulos.com.ar"},{"@type":"BreadcrumbList","@id":"https:\/\/veredes.es\/blog\/articular-la-ciudad-miquel-lacasta\/#breadcrumb","itemListElement":[{"@type":"ListItem","position":1,"name":"Portada","item":"https:\/\/veredes.es\/blog\/"},{"@type":"ListItem","position":2,"name":"Articular la ciudad | Miquel Lacasta"}]},{"@type":"WebSite","@id":"https:\/\/veredes.es\/blog\/#website","url":"https:\/\/veredes.es\/blog\/","name":"veredes, arquitectura y divulgaci\u00f3n","description":"veredes","publisher":{"@id":"https:\/\/veredes.es\/blog\/#organization"},"alternateName":"veredes","potentialAction":[{"@type":"SearchAction","target":{"@type":"EntryPoint","urlTemplate":"https:\/\/veredes.es\/blog\/?s={search_term_string}"},"query-input":{"@type":"PropertyValueSpecification","valueRequired":true,"valueName":"search_term_string"}}],"inLanguage":"es"},{"@type":"Organization","@id":"https:\/\/veredes.es\/blog\/#organization","name":"veredes, arquitectura y divulgaci\u00f3n","alternateName":"veredes","url":"https:\/\/veredes.es\/blog\/","logo":{"@type":"ImageObject","inLanguage":"es","@id":"https:\/\/veredes.es\/blog\/#\/schema\/logo\/image\/","url":"https:\/\/veredes.es\/blog\/wp-content\/uploads\/2021\/12\/veredes-logo-centrado_140x54.png","contentUrl":"https:\/\/veredes.es\/blog\/wp-content\/uploads\/2021\/12\/veredes-logo-centrado_140x54.png","width":140,"height":54,"caption":"veredes, arquitectura y divulgaci\u00f3n"},"image":{"@id":"https:\/\/veredes.es\/blog\/#\/schema\/logo\/image\/"},"sameAs":["https:\/\/www.facebook.com\/veredesArquitecturayDivulgacion\/","https:\/\/x.com\/veredes","https:\/\/instagram.com\/veredes\/","https:\/\/www.linkedin.com\/company\/veredes-arquitectura-y-divulgacion\/","https:\/\/es.pinterest.com\/veredes\/","https:\/\/www.tumblr.com\/veredes"]},{"@type":"Person","@id":"https:\/\/veredes.es\/blog\/#\/schema\/person\/11c5393188d51787b8b13761dea40343","name":"Miquel Lacasta Codorniu","image":{"@type":"ImageObject","inLanguage":"es","@id":"https:\/\/secure.gravatar.com\/avatar\/08c0363dcfecc8314962e22fc525294dd6549dd4a7630af6a4f7053ff640935d?s=96&r=g","url":"https:\/\/secure.gravatar.com\/avatar\/08c0363dcfecc8314962e22fc525294dd6549dd4a7630af6a4f7053ff640935d?s=96&r=g","contentUrl":"https:\/\/secure.gravatar.com\/avatar\/08c0363dcfecc8314962e22fc525294dd6549dd4a7630af6a4f7053ff640935d?s=96&r=g","caption":"Miquel Lacasta Codorniu"},"description":"Es cofundador en ARCHIKUBIK y tambi\u00e9n en @kubik - espacio multidisciplinario. Obtuvo un Ph.D. con honores (cum laude) en ESARQ Universitat Internacional de Catalunya UIC y tambi\u00e9n fue galardonado con el premio especial Ph.D (UIC 2012), M.arch en ESARQ Universitat Internacional de Catalunya, y se gradu\u00f3 como arquitecto en ETSAB Universitat Polit\u00e8cnica de Catalunya . Miquel es profesor asociado en ESARQ desde 1996. Anteriormente, fue profesor en Elisava y Escola LAI, y tambi\u00e9n en programas de postgrado en ETSAB y La Salle. Fue arquitecto en la oficina de Manuel Brullet desde 1989 desde 1995. Ha sido galardonado en \"Taller Barcelona'96. El TGV, una oportunidad por estructurar la periferia \". Fue codirector del taller \"Territorio Virtual, L\u00edmite Urbano\" en ITSEM Guadalajara, M\u00e9xico en 2000 y tambi\u00e9n codirector del taller \"Ravalizar Barcelona\" en ITSEM Guadalajara, M\u00e9xico, y CCNY, Nueva York, EE. UU. En 2002, 2003 y 2004. Gan\u00f3 el premio A + en 2010 por Sunion School en el Best Educational Building, The International Architecture Award 2008 en The Chicago Athenaeum por Colin's House y el primer premio en Corian Prize en 2006. Su obra ha sido expuesta en Barcelona , Madrid, Florencia, Cannes y en Le Pavillon de l'Arsenal en Par\u00eds. Varias publicaciones han sido reconocidas por su trabajo como Quaderns, ON, Arquitectura Plus, Piso, Arquitectura y Dise\u00f1o, El Pa\u00eds, ABC, La Vanguardia, Clar\u00edn, Sole 24 Ore, y otros. Recientemente realiz\u00f3 conferencias en ITSEM Guadalajara, M\u00e9xico, Facolta di Architettura di l'Alghero, Italia, msa M\u00fcnster School of Architecture, M\u00fcnster Alemania, IBM Think Tank en Par\u00eds, Francia, y varias universidades y organizaciones en Espa\u00f1a. Recientemente fue galardonado con el ZAC RN5 en el concurso Vitry-sur-Seine, un Eco-distrito de 255 residencias sociales y privadas y una residencia de estudiantes en Ivry, y 32 apartamentos asistidos para personas mayores en Olesa de Montserrat.","sameAs":["https:\/\/axonometrica.wordpress.com\/","https:\/\/www.facebook.com\/MikelLacastaCodorniu","https:\/\/www.instagram.com\/mikel3\/","https:\/\/www.linkedin.com\/in\/miquel-lacasta-profile\/","https:\/\/x.com\/https:\/\/twitter.com\/miquelacasta"],"url":"https:\/\/veredes.es\/blog\/author\/miquel-lacasta-codorniu\/"}]}},"_links":{"self":[{"href":"https:\/\/veredes.es\/blog\/wp-json\/wp\/v2\/posts\/29960","targetHints":{"allow":["GET"]}}],"collection":[{"href":"https:\/\/veredes.es\/blog\/wp-json\/wp\/v2\/posts"}],"about":[{"href":"https:\/\/veredes.es\/blog\/wp-json\/wp\/v2\/types\/post"}],"author":[{"embeddable":true,"href":"https:\/\/veredes.es\/blog\/wp-json\/wp\/v2\/users\/32"}],"replies":[{"embeddable":true,"href":"https:\/\/veredes.es\/blog\/wp-json\/wp\/v2\/comments?post=29960"}],"version-history":[{"count":0,"href":"https:\/\/veredes.es\/blog\/wp-json\/wp\/v2\/posts\/29960\/revisions"}],"wp:featuredmedia":[{"embeddable":true,"href":"https:\/\/veredes.es\/blog\/wp-json\/wp\/v2\/media\/29961"}],"wp:attachment":[{"href":"https:\/\/veredes.es\/blog\/wp-json\/wp\/v2\/media?parent=29960"}],"wp:term":[{"taxonomy":"category","embeddable":true,"href":"https:\/\/veredes.es\/blog\/wp-json\/wp\/v2\/categories?post=29960"},{"taxonomy":"post_tag","embeddable":true,"href":"https:\/\/veredes.es\/blog\/wp-json\/wp\/v2\/tags?post=29960"}],"curies":[{"name":"wp","href":"https:\/\/api.w.org\/{rel}","templated":true}]}}