{"id":29646,"date":"2013-03-05T06:01:05","date_gmt":"2013-03-05T06:01:05","guid":{"rendered":"http:\/\/veredes.es\/blog\/?p=29646"},"modified":"2015-02-06T15:52:28","modified_gmt":"2015-02-06T15:52:28","slug":"hans-scharoun-fundacion-caja-de-arquitectos","status":"publish","type":"post","link":"https:\/\/veredes.es\/blog\/hans-scharoun-fundacion-caja-de-arquitectos\/","title":{"rendered":"Hans Scharoun [Fundaci\u00f3n Caja de Arquitectos]"},"content":{"rendered":"<p><\/p>\n<p style=\"text-align: justify;\">Hans Scharoun (1893-1972), el arquitecto alem\u00e1n conocido por dise\u00f1ar la Filarm\u00f3nica de Berl\u00edn (1956-1963) y la casa Schminke (1932-1933) en L\u00f6bau, construy\u00f3 fiel a las bases del Funcionalismo. Pero su obra fue dif\u00edcilmente clasificable. Al terminar la Primera Guerra Mundial, a la que se alist\u00f3 como voluntario, interrumpiendo sus estudios de Arquitectura, se estableci\u00f3 como arquitecto en la ciudad de Breslau. All\u00ed desarroll\u00f3 sus primeros proyectos y organiz\u00f3 varias exposiciones, entre ellas, la primera exposici\u00f3n del grupo expresionista Die Br\u00fccke.<\/p>\n<p style=\"text-align: justify;\">El documental ARQUITECTURA IMAGINARIA recapitula la vida del arquitecto con ejemplos cronol\u00f3gicamente seleccionados: a la esperanza del despertar de los primeros proyectos de los a\u00f1os 20 sigue una obligada retirada profesional durante el nacional-socialismo. Es entonces cuando desarrolla no pocas obras imaginarias en las que se aprecia su anhelo por realizar s\u00edmbolos colectivos. A\u00f1os despu\u00e9s de la guerra fue cuando obtuvo el reconocimiento de su original concepci\u00f3n arquitect\u00f3nica.<\/p>\n<div class=\"youtube-embed\" data-video_id=\"1Mcu3fsmUCI\"><iframe loading=\"lazy\" title=\"HANS SCHAROUN Fundaci\u00f3n Caja de Arquitectos\" width=\"696\" height=\"522\" src=\"https:\/\/www.youtube.com\/embed\/1Mcu3fsmUCI?feature=oembed&#038;enablejsapi=1\" frameborder=\"0\" allow=\"accelerometer; autoplay; clipboard-write; encrypted-media; gyroscope; picture-in-picture\" allowfullscreen><\/iframe><\/div>\n<p style=\"text-align: justify;\">Tr\u00e1iler del documental sobre el arquitecto Hans Scharoun, editado por la Fundaci\u00f3n Caja de Arquitectos.<br \/>\nDirector del documental: Hartmut Bitomsky<br \/>\nT\u00edtulo original: Imagin\u00e4re Architektur-der Baumeister Hans Scharoun (Alemania, 1993-65&#8242;)<\/p>\n<p><\/p>","protected":false},"excerpt":{"rendered":"<p>Hans Scharoun (1893-1972), el arquitecto alem\u00e1n conocido por dise\u00f1ar la Filarm\u00f3nica de Berl\u00edn (1956-1963) y la casa Schminke (1932-1933) en L\u00f6bau, construy\u00f3 fiel a las bases del Funcionalismo. Pero su obra fue dif\u00edcilmente clasificable. Al terminar la Primera Guerra Mundial, a la que se alist\u00f3 como voluntario, interrumpiendo sus estudios de Arquitectura, se estableci\u00f3 como [&hellip;]<\/p>\n","protected":false},"author":2,"featured_media":29699,"comment_status":"closed","ping_status":"closed","sticky":false,"template":"","format":"standard","meta":{"footnotes":""},"categories":[4854],"tags":[6553,7125,7126,147,7128,434,7127,7129,668,3452],"class_list":{"0":"post-29646","1":"post","2":"type-post","3":"status-publish","4":"format-standard","5":"has-post-thumbnail","7":"category-tv","8":"tag-arquitectura-alemana","9":"tag-arquitectura-funcionalista","10":"tag-arquitectura-imaginaria","11":"tag-arquitectura-moderna","12":"tag-die-brucke","13":"tag-documental","14":"tag-hans-scharoun","15":"tag-hartmut-bitomsky","16":"tag-historia","17":"tag-personaje"},"yoast_head":"<!-- This site is optimized with the Yoast SEO plugin v27.5 - https:\/\/yoast.com\/product\/yoast-seo-wordpress\/ -->\n<title>Hans Scharoun [Fundaci\u00f3n Caja de Arquitectos]Hans Scharoun [Fundaci\u00f3n Caja de Arquitectos]Hans Scharoun [Caja de Arquitectos Foundation ] - veredes<\/title>\n<meta name=\"description\" content=\"Toda la informaci\u00f3n sobre: Hans Scharoun [Fundaci\u00f3n Caja de Arquitectos]Hans Scharoun [Fundaci\u00f3n Caja de Arquitectos]Hans Scharoun [Caja de Arquitectos Foundation ]\" \/>\n<meta name=\"robots\" content=\"index, follow, max-snippet:-1, max-image-preview:large, max-video-preview:-1\" \/>\n<link rel=\"canonical\" href=\"https:\/\/veredes.es\/blog\/hans-scharoun-fundacion-caja-de-arquitectos\/\" \/>\n<meta property=\"og:locale\" content=\"es_ES\" \/>\n<meta property=\"og:type\" content=\"article\" \/>\n<meta property=\"og:title\" content=\"Hans Scharoun [Fundaci\u00f3n Caja de Arquitectos]Hans Scharoun [Fundaci\u00f3n Caja de Arquitectos]Hans Scharoun [Caja de Arquitectos Foundation ] - veredes\" \/>\n<meta property=\"og:description\" content=\"Toda la informaci\u00f3n sobre: Hans Scharoun [Fundaci\u00f3n Caja de Arquitectos]Hans Scharoun [Fundaci\u00f3n Caja de Arquitectos]Hans Scharoun [Caja de Arquitectos Foundation ]\" \/>\n<meta property=\"og:url\" content=\"https:\/\/veredes.es\/blog\/hans-scharoun-fundacion-caja-de-arquitectos\/\" \/>\n<meta property=\"og:site_name\" content=\"veredes, arquitectura y divulgaci\u00f3n\" \/>\n<meta property=\"article:publisher\" content=\"https:\/\/www.facebook.com\/veredesArquitecturayDivulgacion\/\" \/>\n<meta property=\"article:author\" content=\"https:\/\/www.facebook.com\/veredesArquitecturayDivulgacion\/\" \/>\n<meta property=\"article:published_time\" content=\"2013-03-05T06:01:05+00:00\" \/>\n<meta property=\"article:modified_time\" content=\"2015-02-06T15:52:28+00:00\" \/>\n<meta property=\"og:image\" content=\"https:\/\/veredes.es\/blog\/wp-content\/uploads\/2013\/03\/01.jpg\" \/>\n\t<meta property=\"og:image:width\" content=\"480\" \/>\n\t<meta property=\"og:image:height\" content=\"360\" \/>\n\t<meta property=\"og:image:type\" content=\"image\/jpeg\" \/>\n<meta name=\"author\" content=\"veredes\" \/>\n<meta name=\"twitter:card\" content=\"summary_large_image\" \/>\n<meta name=\"twitter:creator\" content=\"@https:\/\/twitter.com\/veredes\" \/>\n<meta name=\"twitter:site\" content=\"@veredes\" \/>\n<meta name=\"twitter:label1\" content=\"Escrito por\" \/>\n\t<meta name=\"twitter:data1\" content=\"veredes\" \/>\n\t<meta name=\"twitter:label2\" content=\"Tiempo de lectura\" \/>\n\t<meta name=\"twitter:data2\" content=\"3 minutos\" \/>\n<script type=\"application\/ld+json\" class=\"yoast-schema-graph\">{\"@context\":\"https:\\\/\\\/schema.org\",\"@graph\":[{\"@type\":\"Article\",\"@id\":\"https:\\\/\\\/veredes.es\\\/blog\\\/hans-scharoun-fundacion-caja-de-arquitectos\\\/#article\",\"isPartOf\":{\"@id\":\"https:\\\/\\\/veredes.es\\\/blog\\\/hans-scharoun-fundacion-caja-de-arquitectos\\\/\"},\"author\":{\"name\":\"veredes\",\"@id\":\"https:\\\/\\\/veredes.es\\\/blog\\\/#\\\/schema\\\/person\\\/0bbb669073ef7faba5168a0844e93d2c\"},\"headline\":\"Hans Scharoun [Fundaci\u00f3n Caja de Arquitectos]\",\"datePublished\":\"2013-03-05T06:01:05+00:00\",\"dateModified\":\"2015-02-06T15:52:28+00:00\",\"mainEntityOfPage\":{\"@id\":\"https:\\\/\\\/veredes.es\\\/blog\\\/hans-scharoun-fundacion-caja-de-arquitectos\\\/\"},\"wordCount\":623,\"publisher\":{\"@id\":\"https:\\\/\\\/veredes.es\\\/blog\\\/#organization\"},\"image\":{\"@id\":\"https:\\\/\\\/veredes.es\\\/blog\\\/hans-scharoun-fundacion-caja-de-arquitectos\\\/#primaryimage\"},\"thumbnailUrl\":\"https:\\\/\\\/veredes.es\\\/blog\\\/wp-content\\\/uploads\\\/2013\\\/03\\\/01.jpg\",\"keywords\":[\"arquitectura alemana\",\"arquitectura funcionalista\",\"arquitectura imaginaria\",\"arquitectura moderna\",\"die br\u00fccke\",\"documental\",\"Hans Scharoun\",\"hartmut bitomsky\",\"historia\",\"personaje\"],\"articleSection\":[\"tv\"],\"inLanguage\":\"es\"},{\"@type\":\"WebPage\",\"@id\":\"https:\\\/\\\/veredes.es\\\/blog\\\/hans-scharoun-fundacion-caja-de-arquitectos\\\/\",\"url\":\"https:\\\/\\\/veredes.es\\\/blog\\\/hans-scharoun-fundacion-caja-de-arquitectos\\\/\",\"name\":\"Hans Scharoun [Fundaci\u00f3n Caja de Arquitectos]Hans Scharoun [Fundaci\u00f3n Caja de Arquitectos]Hans Scharoun [Caja de Arquitectos Foundation ] - veredes\",\"isPartOf\":{\"@id\":\"https:\\\/\\\/veredes.es\\\/blog\\\/#website\"},\"primaryImageOfPage\":{\"@id\":\"https:\\\/\\\/veredes.es\\\/blog\\\/hans-scharoun-fundacion-caja-de-arquitectos\\\/#primaryimage\"},\"image\":{\"@id\":\"https:\\\/\\\/veredes.es\\\/blog\\\/hans-scharoun-fundacion-caja-de-arquitectos\\\/#primaryimage\"},\"thumbnailUrl\":\"https:\\\/\\\/veredes.es\\\/blog\\\/wp-content\\\/uploads\\\/2013\\\/03\\\/01.jpg\",\"datePublished\":\"2013-03-05T06:01:05+00:00\",\"dateModified\":\"2015-02-06T15:52:28+00:00\",\"description\":\"Toda la informaci\u00f3n sobre: Hans Scharoun [Fundaci\u00f3n Caja de Arquitectos]Hans Scharoun [Fundaci\u00f3n Caja de Arquitectos]Hans Scharoun [Caja de Arquitectos Foundation ]\",\"breadcrumb\":{\"@id\":\"https:\\\/\\\/veredes.es\\\/blog\\\/hans-scharoun-fundacion-caja-de-arquitectos\\\/#breadcrumb\"},\"inLanguage\":\"es\",\"potentialAction\":[{\"@type\":\"ReadAction\",\"target\":[\"https:\\\/\\\/veredes.es\\\/blog\\\/hans-scharoun-fundacion-caja-de-arquitectos\\\/\"]}]},{\"@type\":\"ImageObject\",\"inLanguage\":\"es\",\"@id\":\"https:\\\/\\\/veredes.es\\\/blog\\\/hans-scharoun-fundacion-caja-de-arquitectos\\\/#primaryimage\",\"url\":\"https:\\\/\\\/veredes.es\\\/blog\\\/wp-content\\\/uploads\\\/2013\\\/03\\\/01.jpg\",\"contentUrl\":\"https:\\\/\\\/veredes.es\\\/blog\\\/wp-content\\\/uploads\\\/2013\\\/03\\\/01.jpg\",\"width\":\"480\",\"height\":\"360\"},{\"@type\":\"BreadcrumbList\",\"@id\":\"https:\\\/\\\/veredes.es\\\/blog\\\/hans-scharoun-fundacion-caja-de-arquitectos\\\/#breadcrumb\",\"itemListElement\":[{\"@type\":\"ListItem\",\"position\":1,\"name\":\"Portada\",\"item\":\"https:\\\/\\\/veredes.es\\\/blog\\\/\"},{\"@type\":\"ListItem\",\"position\":2,\"name\":\"Hans Scharoun [Fundaci\u00f3n Caja de Arquitectos]\"}]},{\"@type\":\"WebSite\",\"@id\":\"https:\\\/\\\/veredes.es\\\/blog\\\/#website\",\"url\":\"https:\\\/\\\/veredes.es\\\/blog\\\/\",\"name\":\"veredes, arquitectura y divulgaci\u00f3n\",\"description\":\"veredes\",\"publisher\":{\"@id\":\"https:\\\/\\\/veredes.es\\\/blog\\\/#organization\"},\"alternateName\":\"veredes\",\"potentialAction\":[{\"@type\":\"SearchAction\",\"target\":{\"@type\":\"EntryPoint\",\"urlTemplate\":\"https:\\\/\\\/veredes.es\\\/blog\\\/?s={search_term_string}\"},\"query-input\":{\"@type\":\"PropertyValueSpecification\",\"valueRequired\":true,\"valueName\":\"search_term_string\"}}],\"inLanguage\":\"es\"},{\"@type\":\"Organization\",\"@id\":\"https:\\\/\\\/veredes.es\\\/blog\\\/#organization\",\"name\":\"veredes, arquitectura y divulgaci\u00f3n\",\"alternateName\":\"veredes\",\"url\":\"https:\\\/\\\/veredes.es\\\/blog\\\/\",\"logo\":{\"@type\":\"ImageObject\",\"inLanguage\":\"es\",\"@id\":\"https:\\\/\\\/veredes.es\\\/blog\\\/#\\\/schema\\\/logo\\\/image\\\/\",\"url\":\"https:\\\/\\\/veredes.es\\\/blog\\\/wp-content\\\/uploads\\\/2021\\\/12\\\/veredes-logo-centrado_140x54.png\",\"contentUrl\":\"https:\\\/\\\/veredes.es\\\/blog\\\/wp-content\\\/uploads\\\/2021\\\/12\\\/veredes-logo-centrado_140x54.png\",\"width\":140,\"height\":54,\"caption\":\"veredes, arquitectura y divulgaci\u00f3n\"},\"image\":{\"@id\":\"https:\\\/\\\/veredes.es\\\/blog\\\/#\\\/schema\\\/logo\\\/image\\\/\"},\"sameAs\":[\"https:\\\/\\\/www.facebook.com\\\/veredesArquitecturayDivulgacion\\\/\",\"https:\\\/\\\/x.com\\\/veredes\",\"https:\\\/\\\/instagram.com\\\/veredes\\\/\",\"https:\\\/\\\/www.linkedin.com\\\/company\\\/veredes-arquitectura-y-divulgacion\\\/\",\"https:\\\/\\\/es.pinterest.com\\\/veredes\\\/\",\"https:\\\/\\\/www.tumblr.com\\\/veredes\"]},{\"@type\":\"Person\",\"@id\":\"https:\\\/\\\/veredes.es\\\/blog\\\/#\\\/schema\\\/person\\\/0bbb669073ef7faba5168a0844e93d2c\",\"name\":\"veredes\",\"image\":{\"@type\":\"ImageObject\",\"inLanguage\":\"es\",\"@id\":\"https:\\\/\\\/veredes.es\\\/blog\\\/wp-content\\\/uploads\\\/2018\\\/04\\\/face-96x96.jpg\",\"url\":\"https:\\\/\\\/veredes.es\\\/blog\\\/wp-content\\\/uploads\\\/2018\\\/04\\\/face-96x96.jpg\",\"contentUrl\":\"https:\\\/\\\/veredes.es\\\/blog\\\/wp-content\\\/uploads\\\/2018\\\/04\\\/face-96x96.jpg\",\"caption\":\"veredes\"},\"description\":\"Surge enero de 2009 como b\u00fasqueda de satisfacer el conocimiento de la actividad arquitect\u00f3nica y tangentes que se generan. La idea es crear un espacio para divulgar los diversos proyectos en busca de nueva inspiraci\u00f3n y de intercambio.\",\"sameAs\":[\"https:\\\/\\\/veredes.es\\\/\",\"https:\\\/\\\/www.facebook.com\\\/veredesArquitecturayDivulgacion\\\/\",\"https:\\\/\\\/www.instagram.com\\\/veredes\\\/\",\"https:\\\/\\\/www.linkedin.com\\\/company\\\/veredes-arquitectura-y-divulgacion\\\/\",\"https:\\\/\\\/www.pinterest.es\\\/veredes\\\/\",\"https:\\\/\\\/x.com\\\/https:\\\/\\\/twitter.com\\\/veredes\",\"https:\\\/\\\/veredes.tumblr.com\\\/\"],\"url\":\"https:\\\/\\\/veredes.es\\\/blog\\\/author\\\/alberto\\\/\"}]}<\/script>\n<!-- \/ Yoast SEO plugin. -->","yoast_head_json":{"title":"Hans Scharoun [Fundaci\u00f3n Caja de Arquitectos]Hans Scharoun [Fundaci\u00f3n Caja de Arquitectos]Hans Scharoun [Caja de Arquitectos Foundation ] - veredes","description":"Toda la informaci\u00f3n sobre: Hans Scharoun [Fundaci\u00f3n Caja de Arquitectos]Hans Scharoun [Fundaci\u00f3n Caja de Arquitectos]Hans Scharoun [Caja de Arquitectos Foundation ]","robots":{"index":"index","follow":"follow","max-snippet":"max-snippet:-1","max-image-preview":"max-image-preview:large","max-video-preview":"max-video-preview:-1"},"canonical":"https:\/\/veredes.es\/blog\/hans-scharoun-fundacion-caja-de-arquitectos\/","og_locale":"es_ES","og_type":"article","og_title":"Hans Scharoun [Fundaci\u00f3n Caja de Arquitectos]Hans Scharoun [Fundaci\u00f3n Caja de Arquitectos]Hans Scharoun [Caja de Arquitectos Foundation ] - veredes","og_description":"Toda la informaci\u00f3n sobre: Hans Scharoun [Fundaci\u00f3n Caja de Arquitectos]Hans Scharoun [Fundaci\u00f3n Caja de Arquitectos]Hans Scharoun [Caja de Arquitectos Foundation ]","og_url":"https:\/\/veredes.es\/blog\/hans-scharoun-fundacion-caja-de-arquitectos\/","og_site_name":"veredes, arquitectura y divulgaci\u00f3n","article_publisher":"https:\/\/www.facebook.com\/veredesArquitecturayDivulgacion\/","article_author":"https:\/\/www.facebook.com\/veredesArquitecturayDivulgacion\/","article_published_time":"2013-03-05T06:01:05+00:00","article_modified_time":"2015-02-06T15:52:28+00:00","og_image":[{"width":480,"height":360,"url":"https:\/\/veredes.es\/blog\/wp-content\/uploads\/2013\/03\/01.jpg","type":"image\/jpeg"}],"author":"veredes","twitter_card":"summary_large_image","twitter_creator":"@https:\/\/twitter.com\/veredes","twitter_site":"@veredes","twitter_misc":{"Escrito por":"veredes","Tiempo de lectura":"3 minutos"},"schema":{"@context":"https:\/\/schema.org","@graph":[{"@type":"Article","@id":"https:\/\/veredes.es\/blog\/hans-scharoun-fundacion-caja-de-arquitectos\/#article","isPartOf":{"@id":"https:\/\/veredes.es\/blog\/hans-scharoun-fundacion-caja-de-arquitectos\/"},"author":{"name":"veredes","@id":"https:\/\/veredes.es\/blog\/#\/schema\/person\/0bbb669073ef7faba5168a0844e93d2c"},"headline":"Hans Scharoun [Fundaci\u00f3n Caja de Arquitectos]","datePublished":"2013-03-05T06:01:05+00:00","dateModified":"2015-02-06T15:52:28+00:00","mainEntityOfPage":{"@id":"https:\/\/veredes.es\/blog\/hans-scharoun-fundacion-caja-de-arquitectos\/"},"wordCount":623,"publisher":{"@id":"https:\/\/veredes.es\/blog\/#organization"},"image":{"@id":"https:\/\/veredes.es\/blog\/hans-scharoun-fundacion-caja-de-arquitectos\/#primaryimage"},"thumbnailUrl":"https:\/\/veredes.es\/blog\/wp-content\/uploads\/2013\/03\/01.jpg","keywords":["arquitectura alemana","arquitectura funcionalista","arquitectura imaginaria","arquitectura moderna","die br\u00fccke","documental","Hans Scharoun","hartmut bitomsky","historia","personaje"],"articleSection":["tv"],"inLanguage":"es"},{"@type":"WebPage","@id":"https:\/\/veredes.es\/blog\/hans-scharoun-fundacion-caja-de-arquitectos\/","url":"https:\/\/veredes.es\/blog\/hans-scharoun-fundacion-caja-de-arquitectos\/","name":"Hans Scharoun [Fundaci\u00f3n Caja de Arquitectos]Hans Scharoun [Fundaci\u00f3n Caja de Arquitectos]Hans Scharoun [Caja de Arquitectos Foundation ] - veredes","isPartOf":{"@id":"https:\/\/veredes.es\/blog\/#website"},"primaryImageOfPage":{"@id":"https:\/\/veredes.es\/blog\/hans-scharoun-fundacion-caja-de-arquitectos\/#primaryimage"},"image":{"@id":"https:\/\/veredes.es\/blog\/hans-scharoun-fundacion-caja-de-arquitectos\/#primaryimage"},"thumbnailUrl":"https:\/\/veredes.es\/blog\/wp-content\/uploads\/2013\/03\/01.jpg","datePublished":"2013-03-05T06:01:05+00:00","dateModified":"2015-02-06T15:52:28+00:00","description":"Toda la informaci\u00f3n sobre: Hans Scharoun [Fundaci\u00f3n Caja de Arquitectos]Hans Scharoun [Fundaci\u00f3n Caja de Arquitectos]Hans Scharoun [Caja de Arquitectos Foundation ]","breadcrumb":{"@id":"https:\/\/veredes.es\/blog\/hans-scharoun-fundacion-caja-de-arquitectos\/#breadcrumb"},"inLanguage":"es","potentialAction":[{"@type":"ReadAction","target":["https:\/\/veredes.es\/blog\/hans-scharoun-fundacion-caja-de-arquitectos\/"]}]},{"@type":"ImageObject","inLanguage":"es","@id":"https:\/\/veredes.es\/blog\/hans-scharoun-fundacion-caja-de-arquitectos\/#primaryimage","url":"https:\/\/veredes.es\/blog\/wp-content\/uploads\/2013\/03\/01.jpg","contentUrl":"https:\/\/veredes.es\/blog\/wp-content\/uploads\/2013\/03\/01.jpg","width":"480","height":"360"},{"@type":"BreadcrumbList","@id":"https:\/\/veredes.es\/blog\/hans-scharoun-fundacion-caja-de-arquitectos\/#breadcrumb","itemListElement":[{"@type":"ListItem","position":1,"name":"Portada","item":"https:\/\/veredes.es\/blog\/"},{"@type":"ListItem","position":2,"name":"Hans Scharoun [Fundaci\u00f3n Caja de Arquitectos]"}]},{"@type":"WebSite","@id":"https:\/\/veredes.es\/blog\/#website","url":"https:\/\/veredes.es\/blog\/","name":"veredes, arquitectura y divulgaci\u00f3n","description":"veredes","publisher":{"@id":"https:\/\/veredes.es\/blog\/#organization"},"alternateName":"veredes","potentialAction":[{"@type":"SearchAction","target":{"@type":"EntryPoint","urlTemplate":"https:\/\/veredes.es\/blog\/?s={search_term_string}"},"query-input":{"@type":"PropertyValueSpecification","valueRequired":true,"valueName":"search_term_string"}}],"inLanguage":"es"},{"@type":"Organization","@id":"https:\/\/veredes.es\/blog\/#organization","name":"veredes, arquitectura y divulgaci\u00f3n","alternateName":"veredes","url":"https:\/\/veredes.es\/blog\/","logo":{"@type":"ImageObject","inLanguage":"es","@id":"https:\/\/veredes.es\/blog\/#\/schema\/logo\/image\/","url":"https:\/\/veredes.es\/blog\/wp-content\/uploads\/2021\/12\/veredes-logo-centrado_140x54.png","contentUrl":"https:\/\/veredes.es\/blog\/wp-content\/uploads\/2021\/12\/veredes-logo-centrado_140x54.png","width":140,"height":54,"caption":"veredes, arquitectura y divulgaci\u00f3n"},"image":{"@id":"https:\/\/veredes.es\/blog\/#\/schema\/logo\/image\/"},"sameAs":["https:\/\/www.facebook.com\/veredesArquitecturayDivulgacion\/","https:\/\/x.com\/veredes","https:\/\/instagram.com\/veredes\/","https:\/\/www.linkedin.com\/company\/veredes-arquitectura-y-divulgacion\/","https:\/\/es.pinterest.com\/veredes\/","https:\/\/www.tumblr.com\/veredes"]},{"@type":"Person","@id":"https:\/\/veredes.es\/blog\/#\/schema\/person\/0bbb669073ef7faba5168a0844e93d2c","name":"veredes","image":{"@type":"ImageObject","inLanguage":"es","@id":"https:\/\/veredes.es\/blog\/wp-content\/uploads\/2018\/04\/face-96x96.jpg","url":"https:\/\/veredes.es\/blog\/wp-content\/uploads\/2018\/04\/face-96x96.jpg","contentUrl":"https:\/\/veredes.es\/blog\/wp-content\/uploads\/2018\/04\/face-96x96.jpg","caption":"veredes"},"description":"Surge enero de 2009 como b\u00fasqueda de satisfacer el conocimiento de la actividad arquitect\u00f3nica y tangentes que se generan. La idea es crear un espacio para divulgar los diversos proyectos en busca de nueva inspiraci\u00f3n y de intercambio.","sameAs":["https:\/\/veredes.es\/","https:\/\/www.facebook.com\/veredesArquitecturayDivulgacion\/","https:\/\/www.instagram.com\/veredes\/","https:\/\/www.linkedin.com\/company\/veredes-arquitectura-y-divulgacion\/","https:\/\/www.pinterest.es\/veredes\/","https:\/\/x.com\/https:\/\/twitter.com\/veredes","https:\/\/veredes.tumblr.com\/"],"url":"https:\/\/veredes.es\/blog\/author\/alberto\/"}]}},"_links":{"self":[{"href":"https:\/\/veredes.es\/blog\/wp-json\/wp\/v2\/posts\/29646","targetHints":{"allow":["GET"]}}],"collection":[{"href":"https:\/\/veredes.es\/blog\/wp-json\/wp\/v2\/posts"}],"about":[{"href":"https:\/\/veredes.es\/blog\/wp-json\/wp\/v2\/types\/post"}],"author":[{"embeddable":true,"href":"https:\/\/veredes.es\/blog\/wp-json\/wp\/v2\/users\/2"}],"replies":[{"embeddable":true,"href":"https:\/\/veredes.es\/blog\/wp-json\/wp\/v2\/comments?post=29646"}],"version-history":[{"count":0,"href":"https:\/\/veredes.es\/blog\/wp-json\/wp\/v2\/posts\/29646\/revisions"}],"wp:featuredmedia":[{"embeddable":true,"href":"https:\/\/veredes.es\/blog\/wp-json\/wp\/v2\/media\/29699"}],"wp:attachment":[{"href":"https:\/\/veredes.es\/blog\/wp-json\/wp\/v2\/media?parent=29646"}],"wp:term":[{"taxonomy":"category","embeddable":true,"href":"https:\/\/veredes.es\/blog\/wp-json\/wp\/v2\/categories?post=29646"},{"taxonomy":"post_tag","embeddable":true,"href":"https:\/\/veredes.es\/blog\/wp-json\/wp\/v2\/tags?post=29646"}],"curies":[{"name":"wp","href":"https:\/\/api.w.org\/{rel}","templated":true}]}}