{"id":29551,"date":"2013-03-01T06:06:39","date_gmt":"2013-03-01T06:06:39","guid":{"rendered":"http:\/\/veredes.es\/blog\/?p=29551"},"modified":"2015-10-29T14:31:32","modified_gmt":"2015-10-29T13:31:32","slug":"louis-i-kahn-habla-a-un-ladrillo","status":"publish","type":"post","link":"https:\/\/veredes.es\/blog\/louis-i-kahn-habla-a-un-ladrillo\/","title":{"rendered":"Louis I. Kahn habla a un ladrillo"},"content":{"rendered":"<p><\/p>\n<blockquote>\n<p style=\"text-align: justify;\"><em>\u00abEl proyectar exige que se comprenda el orden. Cuando tenemos que v\u00e9rnoslas con los ladrillos o proyectamos con ellos, debemos preguntar al ladrillo qu\u00e9 quiere o qu\u00e9 puede hacer, Y si preguntamos al ladrillo qu\u00e9 quiere, responder\u00e1: \u201cBueno, querr\u00eda un arco\u00bb. Y entonces diremos: \u00abPero los arcos son dif\u00edciles de hacer. Son m\u00e1s costosos. Creo que el cemento ir\u00eda igualmente bien por encima de tu apertura\u00bb. Pero el ladrillo replica: \u00abYa s\u00e9, ya s\u00e9 que tienes raz\u00f3n, pero si me preguntas qu\u00e9 prefiero, yo quiero un arco\u00bb. Y uno dice: \u00abPero bueno, \u00bfpor qu\u00e9 eres tan terco?\u00bb. Y el arco dice: \u00ab\u00bfPuedo hacer una peque\u00f1a observaci\u00f3n? \u00bfNo os dais cuenta de que est\u00e1is hablando de un ser, y que un ser de ladrillo es un arco?\u00bb.<\/em><\/p>\n<\/blockquote>\n<p><iframe loading=\"lazy\" width=\"625\" height=\"469\" src=\"https:\/\/www.youtube.com\/embed\/WBE_xs1n3cs\" frameborder=\"0\" allowfullscreen><\/iframe><\/p>","protected":false},"excerpt":{"rendered":"<p>\u00abEl proyectar exige que se comprenda el orden. Cuando tenemos que v\u00e9rnoslas con los ladrillos o proyectamos con ellos, debemos preguntar al ladrillo qu\u00e9 quiere o qu\u00e9 puede hacer, Y si preguntamos al ladrillo qu\u00e9 quiere, responder\u00e1: \u201cBueno, querr\u00eda un arco\u00bb. Y entonces diremos: \u00abPero los arcos son dif\u00edciles de hacer. Son m\u00e1s costosos. Creo [&hellip;]<\/p>\n","protected":false},"author":2,"featured_media":29611,"comment_status":"open","ping_status":"closed","sticky":false,"template":"","format":"standard","meta":{"footnotes":""},"categories":[4854],"tags":[9132,434,3170,3104,815,1021,1865,7081],"class_list":{"0":"post-29551","1":"post","2":"type-post","3":"status-publish","4":"format-standard","5":"has-post-thumbnail","7":"category-tv","8":"tag-arquitectura-norteamericana","9":"tag-documental","10":"tag-fundacion-caja-de-arquitectos","11":"tag-louis-i-kahn","12":"tag-maestro","13":"tag-pensamiento","14":"tag-reflexion","15":"tag-universidad-de-pennsylvania"},"yoast_head":"<!-- This site is optimized with the Yoast SEO plugin v27.5 - https:\/\/yoast.com\/product\/yoast-seo-wordpress\/ -->\n<title>Louis I. Kahn habla a un ladrillo<\/title>\n<meta name=\"description\" content=\"Louis I. Kahn habla a un ladrillo\" \/>\n<meta name=\"robots\" content=\"index, follow, max-snippet:-1, max-image-preview:large, max-video-preview:-1\" \/>\n<link rel=\"canonical\" href=\"https:\/\/veredes.es\/blog\/louis-i-kahn-habla-a-un-ladrillo\/\" \/>\n<meta property=\"og:locale\" content=\"es_ES\" \/>\n<meta property=\"og:type\" content=\"article\" \/>\n<meta property=\"og:title\" content=\"Louis I. Kahn habla a un ladrillo\" \/>\n<meta property=\"og:description\" content=\"Louis I. Kahn habla a un ladrillo\" \/>\n<meta property=\"og:url\" content=\"https:\/\/veredes.es\/blog\/louis-i-kahn-habla-a-un-ladrillo\/\" \/>\n<meta property=\"og:site_name\" content=\"veredes, arquitectura y divulgaci\u00f3n\" \/>\n<meta property=\"article:publisher\" content=\"https:\/\/www.facebook.com\/veredesArquitecturayDivulgacion\/\" \/>\n<meta property=\"article:author\" content=\"https:\/\/www.facebook.com\/veredesArquitecturayDivulgacion\/\" \/>\n<meta property=\"article:published_time\" content=\"2013-03-01T06:06:39+00:00\" \/>\n<meta property=\"article:modified_time\" content=\"2015-10-29T13:31:32+00:00\" \/>\n<meta property=\"og:image\" content=\"https:\/\/veredes.es\/blog\/wp-content\/uploads\/2013\/03\/0.jpg\" \/>\n\t<meta property=\"og:image:width\" content=\"480\" \/>\n\t<meta property=\"og:image:height\" content=\"360\" \/>\n\t<meta property=\"og:image:type\" content=\"image\/jpeg\" \/>\n<meta name=\"author\" content=\"veredes\" \/>\n<meta name=\"twitter:card\" content=\"summary_large_image\" \/>\n<meta name=\"twitter:creator\" content=\"@https:\/\/twitter.com\/veredes\" \/>\n<meta name=\"twitter:site\" content=\"@veredes\" \/>\n<meta name=\"twitter:label1\" content=\"Escrito por\" \/>\n\t<meta name=\"twitter:data1\" content=\"veredes\" \/>\n\t<meta name=\"twitter:label2\" content=\"Tiempo de lectura\" \/>\n\t<meta name=\"twitter:data2\" content=\"2 minutos\" \/>\n<script type=\"application\/ld+json\" class=\"yoast-schema-graph\">{\"@context\":\"https:\\\/\\\/schema.org\",\"@graph\":[{\"@type\":\"Article\",\"@id\":\"https:\\\/\\\/veredes.es\\\/blog\\\/louis-i-kahn-habla-a-un-ladrillo\\\/#article\",\"isPartOf\":{\"@id\":\"https:\\\/\\\/veredes.es\\\/blog\\\/louis-i-kahn-habla-a-un-ladrillo\\\/\"},\"author\":{\"name\":\"veredes\",\"@id\":\"https:\\\/\\\/veredes.es\\\/blog\\\/#\\\/schema\\\/person\\\/0bbb669073ef7faba5168a0844e93d2c\"},\"headline\":\"Louis I. Kahn habla a un ladrillo\",\"datePublished\":\"2013-03-01T06:06:39+00:00\",\"dateModified\":\"2015-10-29T13:31:32+00:00\",\"mainEntityOfPage\":{\"@id\":\"https:\\\/\\\/veredes.es\\\/blog\\\/louis-i-kahn-habla-a-un-ladrillo\\\/\"},\"wordCount\":434,\"commentCount\":0,\"publisher\":{\"@id\":\"https:\\\/\\\/veredes.es\\\/blog\\\/#organization\"},\"image\":{\"@id\":\"https:\\\/\\\/veredes.es\\\/blog\\\/louis-i-kahn-habla-a-un-ladrillo\\\/#primaryimage\"},\"thumbnailUrl\":\"https:\\\/\\\/veredes.es\\\/blog\\\/wp-content\\\/uploads\\\/2013\\\/03\\\/0.jpg\",\"keywords\":[\"arquitectura norteamericana\",\"documental\",\"fundaci\u00f3n Caja de Arquitectos\",\"Louis I. Kahn\",\"maestro\",\"pensamiento\",\"reflexi\u00f3n\",\"universidad de pennsylvania\"],\"articleSection\":[\"tv\"],\"inLanguage\":\"es\",\"potentialAction\":[{\"@type\":\"CommentAction\",\"name\":\"Comment\",\"target\":[\"https:\\\/\\\/veredes.es\\\/blog\\\/louis-i-kahn-habla-a-un-ladrillo\\\/#respond\"]}]},{\"@type\":\"WebPage\",\"@id\":\"https:\\\/\\\/veredes.es\\\/blog\\\/louis-i-kahn-habla-a-un-ladrillo\\\/\",\"url\":\"https:\\\/\\\/veredes.es\\\/blog\\\/louis-i-kahn-habla-a-un-ladrillo\\\/\",\"name\":\"Louis I. Kahn habla a un ladrillo\",\"isPartOf\":{\"@id\":\"https:\\\/\\\/veredes.es\\\/blog\\\/#website\"},\"primaryImageOfPage\":{\"@id\":\"https:\\\/\\\/veredes.es\\\/blog\\\/louis-i-kahn-habla-a-un-ladrillo\\\/#primaryimage\"},\"image\":{\"@id\":\"https:\\\/\\\/veredes.es\\\/blog\\\/louis-i-kahn-habla-a-un-ladrillo\\\/#primaryimage\"},\"thumbnailUrl\":\"https:\\\/\\\/veredes.es\\\/blog\\\/wp-content\\\/uploads\\\/2013\\\/03\\\/0.jpg\",\"datePublished\":\"2013-03-01T06:06:39+00:00\",\"dateModified\":\"2015-10-29T13:31:32+00:00\",\"description\":\"Louis I. Kahn habla a un ladrillo\",\"breadcrumb\":{\"@id\":\"https:\\\/\\\/veredes.es\\\/blog\\\/louis-i-kahn-habla-a-un-ladrillo\\\/#breadcrumb\"},\"inLanguage\":\"es\",\"potentialAction\":[{\"@type\":\"ReadAction\",\"target\":[\"https:\\\/\\\/veredes.es\\\/blog\\\/louis-i-kahn-habla-a-un-ladrillo\\\/\"]}]},{\"@type\":\"ImageObject\",\"inLanguage\":\"es\",\"@id\":\"https:\\\/\\\/veredes.es\\\/blog\\\/louis-i-kahn-habla-a-un-ladrillo\\\/#primaryimage\",\"url\":\"https:\\\/\\\/veredes.es\\\/blog\\\/wp-content\\\/uploads\\\/2013\\\/03\\\/0.jpg\",\"contentUrl\":\"https:\\\/\\\/veredes.es\\\/blog\\\/wp-content\\\/uploads\\\/2013\\\/03\\\/0.jpg\",\"width\":\"480\",\"height\":\"360\"},{\"@type\":\"BreadcrumbList\",\"@id\":\"https:\\\/\\\/veredes.es\\\/blog\\\/louis-i-kahn-habla-a-un-ladrillo\\\/#breadcrumb\",\"itemListElement\":[{\"@type\":\"ListItem\",\"position\":1,\"name\":\"Portada\",\"item\":\"https:\\\/\\\/veredes.es\\\/blog\\\/\"},{\"@type\":\"ListItem\",\"position\":2,\"name\":\"Louis I. Kahn habla a un ladrillo\"}]},{\"@type\":\"WebSite\",\"@id\":\"https:\\\/\\\/veredes.es\\\/blog\\\/#website\",\"url\":\"https:\\\/\\\/veredes.es\\\/blog\\\/\",\"name\":\"veredes, arquitectura y divulgaci\u00f3n\",\"description\":\"veredes\",\"publisher\":{\"@id\":\"https:\\\/\\\/veredes.es\\\/blog\\\/#organization\"},\"alternateName\":\"veredes\",\"potentialAction\":[{\"@type\":\"SearchAction\",\"target\":{\"@type\":\"EntryPoint\",\"urlTemplate\":\"https:\\\/\\\/veredes.es\\\/blog\\\/?s={search_term_string}\"},\"query-input\":{\"@type\":\"PropertyValueSpecification\",\"valueRequired\":true,\"valueName\":\"search_term_string\"}}],\"inLanguage\":\"es\"},{\"@type\":\"Organization\",\"@id\":\"https:\\\/\\\/veredes.es\\\/blog\\\/#organization\",\"name\":\"veredes, arquitectura y divulgaci\u00f3n\",\"alternateName\":\"veredes\",\"url\":\"https:\\\/\\\/veredes.es\\\/blog\\\/\",\"logo\":{\"@type\":\"ImageObject\",\"inLanguage\":\"es\",\"@id\":\"https:\\\/\\\/veredes.es\\\/blog\\\/#\\\/schema\\\/logo\\\/image\\\/\",\"url\":\"https:\\\/\\\/veredes.es\\\/blog\\\/wp-content\\\/uploads\\\/2021\\\/12\\\/veredes-logo-centrado_140x54.png\",\"contentUrl\":\"https:\\\/\\\/veredes.es\\\/blog\\\/wp-content\\\/uploads\\\/2021\\\/12\\\/veredes-logo-centrado_140x54.png\",\"width\":140,\"height\":54,\"caption\":\"veredes, arquitectura y divulgaci\u00f3n\"},\"image\":{\"@id\":\"https:\\\/\\\/veredes.es\\\/blog\\\/#\\\/schema\\\/logo\\\/image\\\/\"},\"sameAs\":[\"https:\\\/\\\/www.facebook.com\\\/veredesArquitecturayDivulgacion\\\/\",\"https:\\\/\\\/x.com\\\/veredes\",\"https:\\\/\\\/instagram.com\\\/veredes\\\/\",\"https:\\\/\\\/www.linkedin.com\\\/company\\\/veredes-arquitectura-y-divulgacion\\\/\",\"https:\\\/\\\/es.pinterest.com\\\/veredes\\\/\",\"https:\\\/\\\/www.tumblr.com\\\/veredes\"]},{\"@type\":\"Person\",\"@id\":\"https:\\\/\\\/veredes.es\\\/blog\\\/#\\\/schema\\\/person\\\/0bbb669073ef7faba5168a0844e93d2c\",\"name\":\"veredes\",\"image\":{\"@type\":\"ImageObject\",\"inLanguage\":\"es\",\"@id\":\"https:\\\/\\\/veredes.es\\\/blog\\\/wp-content\\\/uploads\\\/2018\\\/04\\\/face-96x96.jpg\",\"url\":\"https:\\\/\\\/veredes.es\\\/blog\\\/wp-content\\\/uploads\\\/2018\\\/04\\\/face-96x96.jpg\",\"contentUrl\":\"https:\\\/\\\/veredes.es\\\/blog\\\/wp-content\\\/uploads\\\/2018\\\/04\\\/face-96x96.jpg\",\"caption\":\"veredes\"},\"description\":\"Surge enero de 2009 como b\u00fasqueda de satisfacer el conocimiento de la actividad arquitect\u00f3nica y tangentes que se generan. La idea es crear un espacio para divulgar los diversos proyectos en busca de nueva inspiraci\u00f3n y de intercambio.\",\"sameAs\":[\"https:\\\/\\\/veredes.es\\\/\",\"https:\\\/\\\/www.facebook.com\\\/veredesArquitecturayDivulgacion\\\/\",\"https:\\\/\\\/www.instagram.com\\\/veredes\\\/\",\"https:\\\/\\\/www.linkedin.com\\\/company\\\/veredes-arquitectura-y-divulgacion\\\/\",\"https:\\\/\\\/www.pinterest.es\\\/veredes\\\/\",\"https:\\\/\\\/x.com\\\/https:\\\/\\\/twitter.com\\\/veredes\",\"https:\\\/\\\/veredes.tumblr.com\\\/\"],\"url\":\"https:\\\/\\\/veredes.es\\\/blog\\\/author\\\/alberto\\\/\"}]}<\/script>\n<!-- \/ Yoast SEO plugin. -->","yoast_head_json":{"title":"Louis I. Kahn habla a un ladrillo","description":"Louis I. Kahn habla a un ladrillo","robots":{"index":"index","follow":"follow","max-snippet":"max-snippet:-1","max-image-preview":"max-image-preview:large","max-video-preview":"max-video-preview:-1"},"canonical":"https:\/\/veredes.es\/blog\/louis-i-kahn-habla-a-un-ladrillo\/","og_locale":"es_ES","og_type":"article","og_title":"Louis I. Kahn habla a un ladrillo","og_description":"Louis I. Kahn habla a un ladrillo","og_url":"https:\/\/veredes.es\/blog\/louis-i-kahn-habla-a-un-ladrillo\/","og_site_name":"veredes, arquitectura y divulgaci\u00f3n","article_publisher":"https:\/\/www.facebook.com\/veredesArquitecturayDivulgacion\/","article_author":"https:\/\/www.facebook.com\/veredesArquitecturayDivulgacion\/","article_published_time":"2013-03-01T06:06:39+00:00","article_modified_time":"2015-10-29T13:31:32+00:00","og_image":[{"width":480,"height":360,"url":"https:\/\/veredes.es\/blog\/wp-content\/uploads\/2013\/03\/0.jpg","type":"image\/jpeg"}],"author":"veredes","twitter_card":"summary_large_image","twitter_creator":"@https:\/\/twitter.com\/veredes","twitter_site":"@veredes","twitter_misc":{"Escrito por":"veredes","Tiempo de lectura":"2 minutos"},"schema":{"@context":"https:\/\/schema.org","@graph":[{"@type":"Article","@id":"https:\/\/veredes.es\/blog\/louis-i-kahn-habla-a-un-ladrillo\/#article","isPartOf":{"@id":"https:\/\/veredes.es\/blog\/louis-i-kahn-habla-a-un-ladrillo\/"},"author":{"name":"veredes","@id":"https:\/\/veredes.es\/blog\/#\/schema\/person\/0bbb669073ef7faba5168a0844e93d2c"},"headline":"Louis I. Kahn habla a un ladrillo","datePublished":"2013-03-01T06:06:39+00:00","dateModified":"2015-10-29T13:31:32+00:00","mainEntityOfPage":{"@id":"https:\/\/veredes.es\/blog\/louis-i-kahn-habla-a-un-ladrillo\/"},"wordCount":434,"commentCount":0,"publisher":{"@id":"https:\/\/veredes.es\/blog\/#organization"},"image":{"@id":"https:\/\/veredes.es\/blog\/louis-i-kahn-habla-a-un-ladrillo\/#primaryimage"},"thumbnailUrl":"https:\/\/veredes.es\/blog\/wp-content\/uploads\/2013\/03\/0.jpg","keywords":["arquitectura norteamericana","documental","fundaci\u00f3n Caja de Arquitectos","Louis I. Kahn","maestro","pensamiento","reflexi\u00f3n","universidad de pennsylvania"],"articleSection":["tv"],"inLanguage":"es","potentialAction":[{"@type":"CommentAction","name":"Comment","target":["https:\/\/veredes.es\/blog\/louis-i-kahn-habla-a-un-ladrillo\/#respond"]}]},{"@type":"WebPage","@id":"https:\/\/veredes.es\/blog\/louis-i-kahn-habla-a-un-ladrillo\/","url":"https:\/\/veredes.es\/blog\/louis-i-kahn-habla-a-un-ladrillo\/","name":"Louis I. Kahn habla a un ladrillo","isPartOf":{"@id":"https:\/\/veredes.es\/blog\/#website"},"primaryImageOfPage":{"@id":"https:\/\/veredes.es\/blog\/louis-i-kahn-habla-a-un-ladrillo\/#primaryimage"},"image":{"@id":"https:\/\/veredes.es\/blog\/louis-i-kahn-habla-a-un-ladrillo\/#primaryimage"},"thumbnailUrl":"https:\/\/veredes.es\/blog\/wp-content\/uploads\/2013\/03\/0.jpg","datePublished":"2013-03-01T06:06:39+00:00","dateModified":"2015-10-29T13:31:32+00:00","description":"Louis I. Kahn habla a un ladrillo","breadcrumb":{"@id":"https:\/\/veredes.es\/blog\/louis-i-kahn-habla-a-un-ladrillo\/#breadcrumb"},"inLanguage":"es","potentialAction":[{"@type":"ReadAction","target":["https:\/\/veredes.es\/blog\/louis-i-kahn-habla-a-un-ladrillo\/"]}]},{"@type":"ImageObject","inLanguage":"es","@id":"https:\/\/veredes.es\/blog\/louis-i-kahn-habla-a-un-ladrillo\/#primaryimage","url":"https:\/\/veredes.es\/blog\/wp-content\/uploads\/2013\/03\/0.jpg","contentUrl":"https:\/\/veredes.es\/blog\/wp-content\/uploads\/2013\/03\/0.jpg","width":"480","height":"360"},{"@type":"BreadcrumbList","@id":"https:\/\/veredes.es\/blog\/louis-i-kahn-habla-a-un-ladrillo\/#breadcrumb","itemListElement":[{"@type":"ListItem","position":1,"name":"Portada","item":"https:\/\/veredes.es\/blog\/"},{"@type":"ListItem","position":2,"name":"Louis I. Kahn habla a un ladrillo"}]},{"@type":"WebSite","@id":"https:\/\/veredes.es\/blog\/#website","url":"https:\/\/veredes.es\/blog\/","name":"veredes, arquitectura y divulgaci\u00f3n","description":"veredes","publisher":{"@id":"https:\/\/veredes.es\/blog\/#organization"},"alternateName":"veredes","potentialAction":[{"@type":"SearchAction","target":{"@type":"EntryPoint","urlTemplate":"https:\/\/veredes.es\/blog\/?s={search_term_string}"},"query-input":{"@type":"PropertyValueSpecification","valueRequired":true,"valueName":"search_term_string"}}],"inLanguage":"es"},{"@type":"Organization","@id":"https:\/\/veredes.es\/blog\/#organization","name":"veredes, arquitectura y divulgaci\u00f3n","alternateName":"veredes","url":"https:\/\/veredes.es\/blog\/","logo":{"@type":"ImageObject","inLanguage":"es","@id":"https:\/\/veredes.es\/blog\/#\/schema\/logo\/image\/","url":"https:\/\/veredes.es\/blog\/wp-content\/uploads\/2021\/12\/veredes-logo-centrado_140x54.png","contentUrl":"https:\/\/veredes.es\/blog\/wp-content\/uploads\/2021\/12\/veredes-logo-centrado_140x54.png","width":140,"height":54,"caption":"veredes, arquitectura y divulgaci\u00f3n"},"image":{"@id":"https:\/\/veredes.es\/blog\/#\/schema\/logo\/image\/"},"sameAs":["https:\/\/www.facebook.com\/veredesArquitecturayDivulgacion\/","https:\/\/x.com\/veredes","https:\/\/instagram.com\/veredes\/","https:\/\/www.linkedin.com\/company\/veredes-arquitectura-y-divulgacion\/","https:\/\/es.pinterest.com\/veredes\/","https:\/\/www.tumblr.com\/veredes"]},{"@type":"Person","@id":"https:\/\/veredes.es\/blog\/#\/schema\/person\/0bbb669073ef7faba5168a0844e93d2c","name":"veredes","image":{"@type":"ImageObject","inLanguage":"es","@id":"https:\/\/veredes.es\/blog\/wp-content\/uploads\/2018\/04\/face-96x96.jpg","url":"https:\/\/veredes.es\/blog\/wp-content\/uploads\/2018\/04\/face-96x96.jpg","contentUrl":"https:\/\/veredes.es\/blog\/wp-content\/uploads\/2018\/04\/face-96x96.jpg","caption":"veredes"},"description":"Surge enero de 2009 como b\u00fasqueda de satisfacer el conocimiento de la actividad arquitect\u00f3nica y tangentes que se generan. La idea es crear un espacio para divulgar los diversos proyectos en busca de nueva inspiraci\u00f3n y de intercambio.","sameAs":["https:\/\/veredes.es\/","https:\/\/www.facebook.com\/veredesArquitecturayDivulgacion\/","https:\/\/www.instagram.com\/veredes\/","https:\/\/www.linkedin.com\/company\/veredes-arquitectura-y-divulgacion\/","https:\/\/www.pinterest.es\/veredes\/","https:\/\/x.com\/https:\/\/twitter.com\/veredes","https:\/\/veredes.tumblr.com\/"],"url":"https:\/\/veredes.es\/blog\/author\/alberto\/"}]}},"_links":{"self":[{"href":"https:\/\/veredes.es\/blog\/wp-json\/wp\/v2\/posts\/29551","targetHints":{"allow":["GET"]}}],"collection":[{"href":"https:\/\/veredes.es\/blog\/wp-json\/wp\/v2\/posts"}],"about":[{"href":"https:\/\/veredes.es\/blog\/wp-json\/wp\/v2\/types\/post"}],"author":[{"embeddable":true,"href":"https:\/\/veredes.es\/blog\/wp-json\/wp\/v2\/users\/2"}],"replies":[{"embeddable":true,"href":"https:\/\/veredes.es\/blog\/wp-json\/wp\/v2\/comments?post=29551"}],"version-history":[{"count":0,"href":"https:\/\/veredes.es\/blog\/wp-json\/wp\/v2\/posts\/29551\/revisions"}],"wp:featuredmedia":[{"embeddable":true,"href":"https:\/\/veredes.es\/blog\/wp-json\/wp\/v2\/media\/29611"}],"wp:attachment":[{"href":"https:\/\/veredes.es\/blog\/wp-json\/wp\/v2\/media?parent=29551"}],"wp:term":[{"taxonomy":"category","embeddable":true,"href":"https:\/\/veredes.es\/blog\/wp-json\/wp\/v2\/categories?post=29551"},{"taxonomy":"post_tag","embeddable":true,"href":"https:\/\/veredes.es\/blog\/wp-json\/wp\/v2\/tags?post=29551"}],"curies":[{"name":"wp","href":"https:\/\/api.w.org\/{rel}","templated":true}]}}