{"id":29065,"date":"2013-02-27T06:06:55","date_gmt":"2013-02-27T06:06:55","guid":{"rendered":"http:\/\/veredes.es\/blog\/?p=29065"},"modified":"2024-03-21T17:51:13","modified_gmt":"2024-03-21T16:51:13","slug":"jorge-ambrosi-federico-mesa-congreso-duetos","status":"publish","type":"post","link":"https:\/\/veredes.es\/blog\/jorge-ambrosi-federico-mesa-congreso-duetos\/","title":{"rendered":"Jorge Ambrosi + Federico Mesa | Congreso Duetos"},"content":{"rendered":"<p><\/p>\n<p style=\"text-align: justify;\">Entrevista a Jorge Abrosi y Federico Mesa conferencistas del <a href=\"https:\/\/veredes.es\/blog\/?s=Congreso+Duetos\" target=\"_blank\" rel=\"noopener\">congreso &#8216;Duetos&#8217;<\/a> en Quer\u00e9taro, M\u00e9xico.<\/p>\n<p><iframe loading=\"lazy\" title=\"Jorge Ambrosi + Federico Mesa | Congreso Duetos\" width=\"696\" height=\"392\" src=\"https:\/\/www.youtube.com\/embed\/CYTUPWVVYiE?feature=oembed\" frameborder=\"0\" allow=\"accelerometer; autoplay; clipboard-write; encrypted-media; gyroscope; picture-in-picture; web-share\" allowfullscreen><\/iframe><\/p>\n<h5><strong>Jorge Abrosi <\/strong><\/h5>\n<p>Arquitecto graduado por la Facultad de Arquitectura de la UNAM y profesor de Dise\u00f1o en la Escuela de Arquitectura y Urbanismo en la Universidad Iberoamericana Santa Fe. En 2011 cofund\u00f3 junto con Gabriela Etchegaray el estudio de arte y arquitectura <a href=\"https:\/\/www.ambrosietchegaray.com\/\" target=\"_blank\" rel=\"noopener\">AMBROSI ETCHEGARAY.<\/a> Ambos dirigen junto con Gerardo Reyes el estudio AMET.<\/p>\n<h5><strong>Federico Mesa<\/strong><\/h5>\n<p style=\"text-align: justify;\">Es arquitecto por la facultad de arquitectura de la Universidad Pont\u00edfice Bolivariana de Medell\u00edn, Colombia donde ha sido docente en el \u00e1rea de Teor\u00eda de Historia y actualmente profesor del \u00e1rea de Proyectos Arquitect\u00f3nicos. Tambi\u00e9n, hizo estudios de posgrado en Arquitectura y Filosof\u00eda en la Escuela Nacional Superior de Arquitectura Paris La Villete. Federico Mesa es socio de Plan <a href=\"https:\/\/www.planbarq.com\/about\" target=\"_blank\" rel=\"noopener\">B Arquitectos<\/a>.<\/p>\n<p><\/p>","protected":false},"excerpt":{"rendered":"<p>Entrevista a Jorge Abrosi y Federico Mesa conferencistas del congreso &#8216;Duetos&#8217; en Quer\u00e9taro, M\u00e9xico. Jorge Abrosi Arquitecto graduado por la Facultad de Arquitectura de la UNAM y profesor de Dise\u00f1o en la Escuela de Arquitectura y Urbanismo en la Universidad Iberoamericana Santa Fe. En 2011 cofund\u00f3 junto con Gabriela Etchegaray el estudio de arte y [&hellip;]<\/p>\n","protected":false},"author":2,"featured_media":29506,"comment_status":"closed","ping_status":"closed","sticky":false,"template":"","format":"standard","meta":{"footnotes":""},"categories":[4854],"tags":[3214,6877,423,484,6897,6896,859,12474],"class_list":{"0":"post-29065","1":"post","2":"type-post","3":"status-publish","4":"format-standard","5":"has-post-thumbnail","7":"category-tv","8":"tag-arquine","9":"tag-congreso-duetos","10":"tag-dialogo","11":"tag-entrevista","12":"tag-federico-mesa","13":"tag-jorge-ambrosi","14":"tag-mexico","15":"tag-tv"},"yoast_head":"<!-- This site is optimized with the Yoast SEO plugin v27.4 - https:\/\/yoast.com\/product\/yoast-seo-wordpress\/ -->\n<title>Jorge Ambrosi + Federico Mesa | Congreso Duetos - veredes<\/title>\n<meta name=\"description\" content=\"Toda la informaci\u00f3n sobre: Jorge Ambrosi + Federico Mesa | Congreso Duetos\" \/>\n<meta name=\"robots\" content=\"index, follow, max-snippet:-1, max-image-preview:large, max-video-preview:-1\" \/>\n<link rel=\"canonical\" href=\"https:\/\/veredes.es\/blog\/jorge-ambrosi-federico-mesa-congreso-duetos\/\" \/>\n<meta property=\"og:locale\" content=\"es_ES\" \/>\n<meta property=\"og:type\" content=\"article\" \/>\n<meta property=\"og:title\" content=\"Jorge Ambrosi + Federico Mesa | Congreso Duetos - veredes\" \/>\n<meta property=\"og:description\" content=\"Toda la informaci\u00f3n sobre: Jorge Ambrosi + Federico Mesa | Congreso Duetos\" \/>\n<meta property=\"og:url\" content=\"https:\/\/veredes.es\/blog\/jorge-ambrosi-federico-mesa-congreso-duetos\/\" \/>\n<meta property=\"og:site_name\" content=\"veredes, arquitectura y divulgaci\u00f3n\" \/>\n<meta property=\"article:publisher\" content=\"https:\/\/www.facebook.com\/veredesArquitecturayDivulgacion\/\" \/>\n<meta property=\"article:author\" content=\"https:\/\/www.facebook.com\/veredesArquitecturayDivulgacion\/\" \/>\n<meta property=\"article:published_time\" content=\"2013-02-27T06:06:55+00:00\" \/>\n<meta property=\"article:modified_time\" content=\"2024-03-21T16:51:13+00:00\" \/>\n<meta property=\"og:image\" content=\"https:\/\/veredes.es\/blog\/wp-content\/uploads\/2013\/02\/05.jpg\" \/>\n\t<meta property=\"og:image:width\" content=\"480\" \/>\n\t<meta property=\"og:image:height\" content=\"360\" \/>\n\t<meta property=\"og:image:type\" content=\"image\/jpeg\" \/>\n<meta name=\"author\" content=\"veredes\" \/>\n<meta name=\"twitter:card\" content=\"summary_large_image\" \/>\n<meta name=\"twitter:creator\" content=\"@https:\/\/twitter.com\/veredes\" \/>\n<meta name=\"twitter:site\" content=\"@veredes\" \/>\n<meta name=\"twitter:label1\" content=\"Escrito por\" \/>\n\t<meta name=\"twitter:data1\" content=\"veredes\" \/>\n\t<meta name=\"twitter:label2\" content=\"Tiempo de lectura\" \/>\n\t<meta name=\"twitter:data2\" content=\"1 minuto\" \/>\n<script type=\"application\/ld+json\" class=\"yoast-schema-graph\">{\"@context\":\"https:\\\/\\\/schema.org\",\"@graph\":[{\"@type\":\"Article\",\"@id\":\"https:\\\/\\\/veredes.es\\\/blog\\\/jorge-ambrosi-federico-mesa-congreso-duetos\\\/#article\",\"isPartOf\":{\"@id\":\"https:\\\/\\\/veredes.es\\\/blog\\\/jorge-ambrosi-federico-mesa-congreso-duetos\\\/\"},\"author\":{\"name\":\"veredes\",\"@id\":\"https:\\\/\\\/veredes.es\\\/blog\\\/#\\\/schema\\\/person\\\/0bbb669073ef7faba5168a0844e93d2c\"},\"headline\":\"Jorge Ambrosi + Federico Mesa | Congreso Duetos\",\"datePublished\":\"2013-02-27T06:06:55+00:00\",\"dateModified\":\"2024-03-21T16:51:13+00:00\",\"mainEntityOfPage\":{\"@id\":\"https:\\\/\\\/veredes.es\\\/blog\\\/jorge-ambrosi-federico-mesa-congreso-duetos\\\/\"},\"wordCount\":190,\"publisher\":{\"@id\":\"https:\\\/\\\/veredes.es\\\/blog\\\/#organization\"},\"image\":{\"@id\":\"https:\\\/\\\/veredes.es\\\/blog\\\/jorge-ambrosi-federico-mesa-congreso-duetos\\\/#primaryimage\"},\"thumbnailUrl\":\"https:\\\/\\\/veredes.es\\\/blog\\\/wp-content\\\/uploads\\\/2013\\\/02\\\/05.jpg\",\"keywords\":[\"arquine\",\"congreso duetos\",\"di\u00e1logo\",\"entrevista\",\"federico mesa\",\"jorge ambrosi\",\"M\u00e9xico\",\"tv\"],\"articleSection\":[\"tv\"],\"inLanguage\":\"es\"},{\"@type\":\"WebPage\",\"@id\":\"https:\\\/\\\/veredes.es\\\/blog\\\/jorge-ambrosi-federico-mesa-congreso-duetos\\\/\",\"url\":\"https:\\\/\\\/veredes.es\\\/blog\\\/jorge-ambrosi-federico-mesa-congreso-duetos\\\/\",\"name\":\"Jorge Ambrosi + Federico Mesa | Congreso Duetos - veredes\",\"isPartOf\":{\"@id\":\"https:\\\/\\\/veredes.es\\\/blog\\\/#website\"},\"primaryImageOfPage\":{\"@id\":\"https:\\\/\\\/veredes.es\\\/blog\\\/jorge-ambrosi-federico-mesa-congreso-duetos\\\/#primaryimage\"},\"image\":{\"@id\":\"https:\\\/\\\/veredes.es\\\/blog\\\/jorge-ambrosi-federico-mesa-congreso-duetos\\\/#primaryimage\"},\"thumbnailUrl\":\"https:\\\/\\\/veredes.es\\\/blog\\\/wp-content\\\/uploads\\\/2013\\\/02\\\/05.jpg\",\"datePublished\":\"2013-02-27T06:06:55+00:00\",\"dateModified\":\"2024-03-21T16:51:13+00:00\",\"description\":\"Toda la informaci\u00f3n sobre: Jorge Ambrosi + Federico Mesa | Congreso Duetos\",\"breadcrumb\":{\"@id\":\"https:\\\/\\\/veredes.es\\\/blog\\\/jorge-ambrosi-federico-mesa-congreso-duetos\\\/#breadcrumb\"},\"inLanguage\":\"es\",\"potentialAction\":[{\"@type\":\"ReadAction\",\"target\":[\"https:\\\/\\\/veredes.es\\\/blog\\\/jorge-ambrosi-federico-mesa-congreso-duetos\\\/\"]}]},{\"@type\":\"ImageObject\",\"inLanguage\":\"es\",\"@id\":\"https:\\\/\\\/veredes.es\\\/blog\\\/jorge-ambrosi-federico-mesa-congreso-duetos\\\/#primaryimage\",\"url\":\"https:\\\/\\\/veredes.es\\\/blog\\\/wp-content\\\/uploads\\\/2013\\\/02\\\/05.jpg\",\"contentUrl\":\"https:\\\/\\\/veredes.es\\\/blog\\\/wp-content\\\/uploads\\\/2013\\\/02\\\/05.jpg\",\"width\":\"480\",\"height\":\"360\"},{\"@type\":\"BreadcrumbList\",\"@id\":\"https:\\\/\\\/veredes.es\\\/blog\\\/jorge-ambrosi-federico-mesa-congreso-duetos\\\/#breadcrumb\",\"itemListElement\":[{\"@type\":\"ListItem\",\"position\":1,\"name\":\"Portada\",\"item\":\"https:\\\/\\\/veredes.es\\\/blog\\\/\"},{\"@type\":\"ListItem\",\"position\":2,\"name\":\"Jorge Ambrosi + Federico Mesa | Congreso Duetos\"}]},{\"@type\":\"WebSite\",\"@id\":\"https:\\\/\\\/veredes.es\\\/blog\\\/#website\",\"url\":\"https:\\\/\\\/veredes.es\\\/blog\\\/\",\"name\":\"veredes, arquitectura y divulgaci\u00f3n\",\"description\":\"veredes\",\"publisher\":{\"@id\":\"https:\\\/\\\/veredes.es\\\/blog\\\/#organization\"},\"alternateName\":\"veredes\",\"potentialAction\":[{\"@type\":\"SearchAction\",\"target\":{\"@type\":\"EntryPoint\",\"urlTemplate\":\"https:\\\/\\\/veredes.es\\\/blog\\\/?s={search_term_string}\"},\"query-input\":{\"@type\":\"PropertyValueSpecification\",\"valueRequired\":true,\"valueName\":\"search_term_string\"}}],\"inLanguage\":\"es\"},{\"@type\":\"Organization\",\"@id\":\"https:\\\/\\\/veredes.es\\\/blog\\\/#organization\",\"name\":\"veredes, arquitectura y divulgaci\u00f3n\",\"alternateName\":\"veredes\",\"url\":\"https:\\\/\\\/veredes.es\\\/blog\\\/\",\"logo\":{\"@type\":\"ImageObject\",\"inLanguage\":\"es\",\"@id\":\"https:\\\/\\\/veredes.es\\\/blog\\\/#\\\/schema\\\/logo\\\/image\\\/\",\"url\":\"https:\\\/\\\/veredes.es\\\/blog\\\/wp-content\\\/uploads\\\/2021\\\/12\\\/veredes-logo-centrado_140x54.png\",\"contentUrl\":\"https:\\\/\\\/veredes.es\\\/blog\\\/wp-content\\\/uploads\\\/2021\\\/12\\\/veredes-logo-centrado_140x54.png\",\"width\":140,\"height\":54,\"caption\":\"veredes, arquitectura y divulgaci\u00f3n\"},\"image\":{\"@id\":\"https:\\\/\\\/veredes.es\\\/blog\\\/#\\\/schema\\\/logo\\\/image\\\/\"},\"sameAs\":[\"https:\\\/\\\/www.facebook.com\\\/veredesArquitecturayDivulgacion\\\/\",\"https:\\\/\\\/x.com\\\/veredes\",\"https:\\\/\\\/instagram.com\\\/veredes\\\/\",\"https:\\\/\\\/www.linkedin.com\\\/company\\\/veredes-arquitectura-y-divulgacion\\\/\",\"https:\\\/\\\/es.pinterest.com\\\/veredes\\\/\",\"https:\\\/\\\/www.tumblr.com\\\/veredes\"]},{\"@type\":\"Person\",\"@id\":\"https:\\\/\\\/veredes.es\\\/blog\\\/#\\\/schema\\\/person\\\/0bbb669073ef7faba5168a0844e93d2c\",\"name\":\"veredes\",\"image\":{\"@type\":\"ImageObject\",\"inLanguage\":\"es\",\"@id\":\"https:\\\/\\\/veredes.es\\\/blog\\\/wp-content\\\/uploads\\\/2018\\\/04\\\/face-96x96.jpg\",\"url\":\"https:\\\/\\\/veredes.es\\\/blog\\\/wp-content\\\/uploads\\\/2018\\\/04\\\/face-96x96.jpg\",\"contentUrl\":\"https:\\\/\\\/veredes.es\\\/blog\\\/wp-content\\\/uploads\\\/2018\\\/04\\\/face-96x96.jpg\",\"caption\":\"veredes\"},\"description\":\"Surge enero de 2009 como b\u00fasqueda de satisfacer el conocimiento de la actividad arquitect\u00f3nica y tangentes que se generan. La idea es crear un espacio para divulgar los diversos proyectos en busca de nueva inspiraci\u00f3n y de intercambio.\",\"sameAs\":[\"https:\\\/\\\/veredes.es\\\/\",\"https:\\\/\\\/www.facebook.com\\\/veredesArquitecturayDivulgacion\\\/\",\"https:\\\/\\\/www.instagram.com\\\/veredes\\\/\",\"https:\\\/\\\/www.linkedin.com\\\/company\\\/veredes-arquitectura-y-divulgacion\\\/\",\"https:\\\/\\\/www.pinterest.es\\\/veredes\\\/\",\"https:\\\/\\\/x.com\\\/https:\\\/\\\/twitter.com\\\/veredes\",\"https:\\\/\\\/veredes.tumblr.com\\\/\"],\"url\":\"https:\\\/\\\/veredes.es\\\/blog\\\/author\\\/alberto\\\/\"}]}<\/script>\n<!-- \/ Yoast SEO plugin. -->","yoast_head_json":{"title":"Jorge Ambrosi + Federico Mesa | Congreso Duetos - veredes","description":"Toda la informaci\u00f3n sobre: Jorge Ambrosi + Federico Mesa | Congreso Duetos","robots":{"index":"index","follow":"follow","max-snippet":"max-snippet:-1","max-image-preview":"max-image-preview:large","max-video-preview":"max-video-preview:-1"},"canonical":"https:\/\/veredes.es\/blog\/jorge-ambrosi-federico-mesa-congreso-duetos\/","og_locale":"es_ES","og_type":"article","og_title":"Jorge Ambrosi + Federico Mesa | Congreso Duetos - veredes","og_description":"Toda la informaci\u00f3n sobre: Jorge Ambrosi + Federico Mesa | Congreso Duetos","og_url":"https:\/\/veredes.es\/blog\/jorge-ambrosi-federico-mesa-congreso-duetos\/","og_site_name":"veredes, arquitectura y divulgaci\u00f3n","article_publisher":"https:\/\/www.facebook.com\/veredesArquitecturayDivulgacion\/","article_author":"https:\/\/www.facebook.com\/veredesArquitecturayDivulgacion\/","article_published_time":"2013-02-27T06:06:55+00:00","article_modified_time":"2024-03-21T16:51:13+00:00","og_image":[{"width":480,"height":360,"url":"https:\/\/veredes.es\/blog\/wp-content\/uploads\/2013\/02\/05.jpg","type":"image\/jpeg"}],"author":"veredes","twitter_card":"summary_large_image","twitter_creator":"@https:\/\/twitter.com\/veredes","twitter_site":"@veredes","twitter_misc":{"Escrito por":"veredes","Tiempo de lectura":"1 minuto"},"schema":{"@context":"https:\/\/schema.org","@graph":[{"@type":"Article","@id":"https:\/\/veredes.es\/blog\/jorge-ambrosi-federico-mesa-congreso-duetos\/#article","isPartOf":{"@id":"https:\/\/veredes.es\/blog\/jorge-ambrosi-federico-mesa-congreso-duetos\/"},"author":{"name":"veredes","@id":"https:\/\/veredes.es\/blog\/#\/schema\/person\/0bbb669073ef7faba5168a0844e93d2c"},"headline":"Jorge Ambrosi + Federico Mesa | Congreso Duetos","datePublished":"2013-02-27T06:06:55+00:00","dateModified":"2024-03-21T16:51:13+00:00","mainEntityOfPage":{"@id":"https:\/\/veredes.es\/blog\/jorge-ambrosi-federico-mesa-congreso-duetos\/"},"wordCount":190,"publisher":{"@id":"https:\/\/veredes.es\/blog\/#organization"},"image":{"@id":"https:\/\/veredes.es\/blog\/jorge-ambrosi-federico-mesa-congreso-duetos\/#primaryimage"},"thumbnailUrl":"https:\/\/veredes.es\/blog\/wp-content\/uploads\/2013\/02\/05.jpg","keywords":["arquine","congreso duetos","di\u00e1logo","entrevista","federico mesa","jorge ambrosi","M\u00e9xico","tv"],"articleSection":["tv"],"inLanguage":"es"},{"@type":"WebPage","@id":"https:\/\/veredes.es\/blog\/jorge-ambrosi-federico-mesa-congreso-duetos\/","url":"https:\/\/veredes.es\/blog\/jorge-ambrosi-federico-mesa-congreso-duetos\/","name":"Jorge Ambrosi + Federico Mesa | Congreso Duetos - veredes","isPartOf":{"@id":"https:\/\/veredes.es\/blog\/#website"},"primaryImageOfPage":{"@id":"https:\/\/veredes.es\/blog\/jorge-ambrosi-federico-mesa-congreso-duetos\/#primaryimage"},"image":{"@id":"https:\/\/veredes.es\/blog\/jorge-ambrosi-federico-mesa-congreso-duetos\/#primaryimage"},"thumbnailUrl":"https:\/\/veredes.es\/blog\/wp-content\/uploads\/2013\/02\/05.jpg","datePublished":"2013-02-27T06:06:55+00:00","dateModified":"2024-03-21T16:51:13+00:00","description":"Toda la informaci\u00f3n sobre: Jorge Ambrosi + Federico Mesa | Congreso Duetos","breadcrumb":{"@id":"https:\/\/veredes.es\/blog\/jorge-ambrosi-federico-mesa-congreso-duetos\/#breadcrumb"},"inLanguage":"es","potentialAction":[{"@type":"ReadAction","target":["https:\/\/veredes.es\/blog\/jorge-ambrosi-federico-mesa-congreso-duetos\/"]}]},{"@type":"ImageObject","inLanguage":"es","@id":"https:\/\/veredes.es\/blog\/jorge-ambrosi-federico-mesa-congreso-duetos\/#primaryimage","url":"https:\/\/veredes.es\/blog\/wp-content\/uploads\/2013\/02\/05.jpg","contentUrl":"https:\/\/veredes.es\/blog\/wp-content\/uploads\/2013\/02\/05.jpg","width":"480","height":"360"},{"@type":"BreadcrumbList","@id":"https:\/\/veredes.es\/blog\/jorge-ambrosi-federico-mesa-congreso-duetos\/#breadcrumb","itemListElement":[{"@type":"ListItem","position":1,"name":"Portada","item":"https:\/\/veredes.es\/blog\/"},{"@type":"ListItem","position":2,"name":"Jorge Ambrosi + Federico Mesa | Congreso Duetos"}]},{"@type":"WebSite","@id":"https:\/\/veredes.es\/blog\/#website","url":"https:\/\/veredes.es\/blog\/","name":"veredes, arquitectura y divulgaci\u00f3n","description":"veredes","publisher":{"@id":"https:\/\/veredes.es\/blog\/#organization"},"alternateName":"veredes","potentialAction":[{"@type":"SearchAction","target":{"@type":"EntryPoint","urlTemplate":"https:\/\/veredes.es\/blog\/?s={search_term_string}"},"query-input":{"@type":"PropertyValueSpecification","valueRequired":true,"valueName":"search_term_string"}}],"inLanguage":"es"},{"@type":"Organization","@id":"https:\/\/veredes.es\/blog\/#organization","name":"veredes, arquitectura y divulgaci\u00f3n","alternateName":"veredes","url":"https:\/\/veredes.es\/blog\/","logo":{"@type":"ImageObject","inLanguage":"es","@id":"https:\/\/veredes.es\/blog\/#\/schema\/logo\/image\/","url":"https:\/\/veredes.es\/blog\/wp-content\/uploads\/2021\/12\/veredes-logo-centrado_140x54.png","contentUrl":"https:\/\/veredes.es\/blog\/wp-content\/uploads\/2021\/12\/veredes-logo-centrado_140x54.png","width":140,"height":54,"caption":"veredes, arquitectura y divulgaci\u00f3n"},"image":{"@id":"https:\/\/veredes.es\/blog\/#\/schema\/logo\/image\/"},"sameAs":["https:\/\/www.facebook.com\/veredesArquitecturayDivulgacion\/","https:\/\/x.com\/veredes","https:\/\/instagram.com\/veredes\/","https:\/\/www.linkedin.com\/company\/veredes-arquitectura-y-divulgacion\/","https:\/\/es.pinterest.com\/veredes\/","https:\/\/www.tumblr.com\/veredes"]},{"@type":"Person","@id":"https:\/\/veredes.es\/blog\/#\/schema\/person\/0bbb669073ef7faba5168a0844e93d2c","name":"veredes","image":{"@type":"ImageObject","inLanguage":"es","@id":"https:\/\/veredes.es\/blog\/wp-content\/uploads\/2018\/04\/face-96x96.jpg","url":"https:\/\/veredes.es\/blog\/wp-content\/uploads\/2018\/04\/face-96x96.jpg","contentUrl":"https:\/\/veredes.es\/blog\/wp-content\/uploads\/2018\/04\/face-96x96.jpg","caption":"veredes"},"description":"Surge enero de 2009 como b\u00fasqueda de satisfacer el conocimiento de la actividad arquitect\u00f3nica y tangentes que se generan. La idea es crear un espacio para divulgar los diversos proyectos en busca de nueva inspiraci\u00f3n y de intercambio.","sameAs":["https:\/\/veredes.es\/","https:\/\/www.facebook.com\/veredesArquitecturayDivulgacion\/","https:\/\/www.instagram.com\/veredes\/","https:\/\/www.linkedin.com\/company\/veredes-arquitectura-y-divulgacion\/","https:\/\/www.pinterest.es\/veredes\/","https:\/\/x.com\/https:\/\/twitter.com\/veredes","https:\/\/veredes.tumblr.com\/"],"url":"https:\/\/veredes.es\/blog\/author\/alberto\/"}]}},"_links":{"self":[{"href":"https:\/\/veredes.es\/blog\/wp-json\/wp\/v2\/posts\/29065","targetHints":{"allow":["GET"]}}],"collection":[{"href":"https:\/\/veredes.es\/blog\/wp-json\/wp\/v2\/posts"}],"about":[{"href":"https:\/\/veredes.es\/blog\/wp-json\/wp\/v2\/types\/post"}],"author":[{"embeddable":true,"href":"https:\/\/veredes.es\/blog\/wp-json\/wp\/v2\/users\/2"}],"replies":[{"embeddable":true,"href":"https:\/\/veredes.es\/blog\/wp-json\/wp\/v2\/comments?post=29065"}],"version-history":[{"count":0,"href":"https:\/\/veredes.es\/blog\/wp-json\/wp\/v2\/posts\/29065\/revisions"}],"wp:featuredmedia":[{"embeddable":true,"href":"https:\/\/veredes.es\/blog\/wp-json\/wp\/v2\/media\/29506"}],"wp:attachment":[{"href":"https:\/\/veredes.es\/blog\/wp-json\/wp\/v2\/media?parent=29065"}],"wp:term":[{"taxonomy":"category","embeddable":true,"href":"https:\/\/veredes.es\/blog\/wp-json\/wp\/v2\/categories?post=29065"},{"taxonomy":"post_tag","embeddable":true,"href":"https:\/\/veredes.es\/blog\/wp-json\/wp\/v2\/tags?post=29065"}],"curies":[{"name":"wp","href":"https:\/\/api.w.org\/{rel}","templated":true}]}}