{"id":28476,"date":"2013-01-25T06:13:58","date_gmt":"2013-01-25T06:13:58","guid":{"rendered":"http:\/\/veredes.es\/blog\/?p=28476"},"modified":"2015-02-07T17:40:06","modified_gmt":"2015-02-07T17:40:06","slug":"housing-by-people","status":"publish","type":"post","link":"https:\/\/veredes.es\/blog\/housing-by-people\/","title":{"rendered":"Housing by People"},"content":{"rendered":"<p><\/p>\n<p style=\"text-align: justify;\">El ingl\u00e9s John F.C. Turner (1927) es uno de esos arquitectos con una trayectoria at\u00edpica. Formado en la Architectural Association de Londres (1949-1954), se traslad\u00f3 a Per\u00fa en 1957 donde permaneci\u00f3 hasta 1965 llevando a cabo labores de asesor\u00eda en los asentamientos y barriadas de los poblados peruanos.<\/p>\n<p style=\"text-align: justify;\"><a href=\"http:\/\/veredes.es\/blog\/wp-content\/uploads\/2013\/01\/housing-by-people.jpg\"><img loading=\"lazy\" decoding=\"async\" class=\"alignnone size-full wp-image-28477\" title=\"housing by people\" src=\"http:\/\/veredes.es\/blog\/wp-content\/uploads\/2013\/01\/housing-by-people.jpg\" alt=\"\" width=\"620\" height=\"992\" srcset=\"https:\/\/veredes.es\/blog\/wp-content\/uploads\/2013\/01\/housing-by-people.jpg 620w, https:\/\/veredes.es\/blog\/wp-content\/uploads\/2013\/01\/housing-by-people-187x300.jpg 187w\" sizes=\"auto, (max-width: 620px) 100vw, 620px\" \/><\/a><\/p>\n<p style=\"text-align: justify;\">Desde entonces y durante m\u00e1s de cuarenta a\u00f1os, se ha dedicado a promover la causa en favor de la vivienda auto-gestionada, dando a conocer al primer mundo los valores de la arquitectura informal por medio de sus escritos, ense\u00f1anza y trabajo de consultor\u00eda.<\/p>\n<p style=\"text-align: justify;\">Gracias a sus aportaciones y las de otros, la cultura arquitect\u00f3nica, que hasta los a\u00f1os 70 hab\u00eda concentrado su actividad en dar servicio a unos privilegiados, entendi\u00f3 que miles de personas viv\u00edan en barrios autoconstruidos carentes de cualquier servicio b\u00e1sico. <em>Housing by people<\/em>, publicado en 1976 por la editorial Marion Boyars y ya en su cuarta edici\u00f3n, recoge los puntos clave de su legado te\u00f3rico.<\/p>\n<p>[&#8230;]<\/p>\n<p>Israel Nagore<\/p>\n<p>Housing by People: Towards Autonomy in Building Environments<br \/>\nJohn F.C. Turner<br \/>\nMarion Boyards Publishers, 1976<\/p>\n<p><a href=\"http:\/\/www.arquilecturas.com\/2013\/01\/housing-by-people_9.html\" target=\"_blank\"><span style=\"color: #888888;\">+ art\u00edculo publicado en arquilecturas<\/span><\/a><\/p>\n<p><iframe loading=\"lazy\" style=\"width: 120px; height: 240px;\" src=\"http:\/\/rcm-eu.amazon-adsystem.com\/e\/cm?t=veredes-21&amp;o=30&amp;p=8&amp;l=as1&amp;asins=0714525693&amp;ref=tf_til&amp;fc1=000000&amp;IS2=1&amp;lt1=_blank&amp;m=amazon&amp;lc1=ED9913&amp;bc1=000000&amp;bg1=FFFFFF&amp;f=ifr\" frameborder=\"0\" marginwidth=\"0\" marginheight=\"0\" scrolling=\"no\" width=\"320\" height=\"240\"><\/iframe> <iframe src=\"http:\/\/rcm-eu.amazon-adsystem.com\/e\/cm?t=wwwveredeses-21&#038;o=30&#038;p=8&#038;l=as1&#038;asins=B00FOT2DSY&#038;ref=tf_til&#038;fc1=E9940D&#038;IS2=1&#038;lt1=_blank&#038;m=amazon&#038;lc1=575760&#038;bc1=FFFFFF&#038;bg1=FFFFFF&#038;f=ifr\" style=\"width:120px;height:240px;\" scrolling=\"no\" marginwidth=\"0\" marginheight=\"0\" frameborder=\"0\"><\/iframe> <iframe src=\"http:\/\/rcm-eu.amazon-adsystem.com\/e\/cm?t=wwwveredeses-21&#038;o=30&#038;p=8&#038;l=as1&#038;asins=B000LTQ4DW&#038;ref=tf_til&#038;fc1=E9940D&#038;IS2=1&#038;lt1=_blank&#038;m=amazon&#038;lc1=575760&#038;bc1=FFFFFF&#038;bg1=FFFFFF&#038;f=ifr\" style=\"width:120px;height:240px;\" scrolling=\"no\" marginwidth=\"0\" marginheight=\"0\" frameborder=\"0\"><\/iframe> <iframe src=\"http:\/\/rcm-eu.amazon-adsystem.com\/e\/cm?t=wwwveredeses-21&#038;o=30&#038;p=8&#038;l=as1&#038;asins=0394732588&#038;ref=tf_til&#038;fc1=E9940D&#038;IS2=1&#038;lt1=_blank&#038;m=amazon&#038;lc1=575760&#038;bc1=FFFFFF&#038;bg1=FFFFFF&#038;f=ifr\" style=\"width:120px;height:240px;\" scrolling=\"no\" marginwidth=\"0\" marginheight=\"0\" frameborder=\"0\"><\/iframe> <iframe src=\"http:\/\/rcm-eu.amazon-adsystem.com\/e\/cm?t=wwwveredeses-21&#038;o=30&#038;p=8&#038;l=as1&#038;asins=B00JFWSP2E&#038;ref=tf_til&#038;fc1=E9940D&#038;IS2=1&#038;lt1=_blank&#038;m=amazon&#038;lc1=575760&#038;bc1=FFFFFF&#038;bg1=FFFFFF&#038;f=ifr\" style=\"width:120px;height:240px;\" scrolling=\"no\" marginwidth=\"0\" marginheight=\"0\" frameborder=\"0\"><\/iframe><\/p>","protected":false},"excerpt":{"rendered":"<p>El ingl\u00e9s John F.C. Turner (1927) es uno de esos arquitectos con una trayectoria at\u00edpica. Formado en la Architectural Association de Londres (1949-1954), se traslad\u00f3 a Per\u00fa en 1957 donde permaneci\u00f3 hasta 1965 llevando a cabo labores de asesor\u00eda en los asentamientos y barriadas de los poblados peruanos. Desde entonces y durante m\u00e1s de cuarenta [&hellip;]<\/p>\n","protected":false},"author":2,"featured_media":28477,"comment_status":"open","ping_status":"closed","sticky":false,"template":"","format":"standard","meta":{"footnotes":""},"categories":[794,26],"tags":[5921,318,6742,3927,12465],"class_list":{"0":"post-28476","1":"post","2":"type-post","3":"status-publish","4":"format-standard","5":"has-post-thumbnail","7":"category-libros","8":"category-publicaciones","9":"tag-arquitectura-peruana","10":"tag-ciudad","11":"tag-john-f-c-turner","12":"tag-poblados","13":"tag-vivienda"},"yoast_head":"<!-- This site is optimized with the Yoast SEO plugin v27.5 - https:\/\/yoast.com\/product\/yoast-seo-wordpress\/ -->\n<title>Housing by People Housing by People Housing by People  - veredes<\/title>\n<meta name=\"description\" content=\"Toda la informaci\u00f3n sobre: Housing by People Housing by People Housing by People\" \/>\n<meta name=\"robots\" content=\"index, follow, max-snippet:-1, max-image-preview:large, max-video-preview:-1\" \/>\n<link rel=\"canonical\" href=\"https:\/\/veredes.es\/blog\/housing-by-people\/\" \/>\n<meta property=\"og:locale\" content=\"es_ES\" \/>\n<meta property=\"og:type\" content=\"article\" \/>\n<meta property=\"og:title\" content=\"Housing by People Housing by People Housing by People  - veredes\" \/>\n<meta property=\"og:description\" content=\"Toda la informaci\u00f3n sobre: Housing by People Housing by People Housing by People\" \/>\n<meta property=\"og:url\" content=\"https:\/\/veredes.es\/blog\/housing-by-people\/\" \/>\n<meta property=\"og:site_name\" content=\"veredes, arquitectura y divulgaci\u00f3n\" \/>\n<meta property=\"article:publisher\" content=\"https:\/\/www.facebook.com\/veredesArquitecturayDivulgacion\/\" \/>\n<meta property=\"article:author\" content=\"https:\/\/www.facebook.com\/veredesArquitecturayDivulgacion\/\" \/>\n<meta property=\"article:published_time\" content=\"2013-01-25T06:13:58+00:00\" \/>\n<meta property=\"article:modified_time\" content=\"2015-02-07T17:40:06+00:00\" \/>\n<meta property=\"og:image\" content=\"https:\/\/veredes.es\/blog\/wp-content\/uploads\/2013\/01\/housing-by-people.jpg\" \/>\n\t<meta property=\"og:image:width\" content=\"620\" \/>\n\t<meta property=\"og:image:height\" content=\"992\" \/>\n\t<meta property=\"og:image:type\" content=\"image\/jpeg\" \/>\n<meta name=\"author\" content=\"veredes\" \/>\n<meta name=\"twitter:card\" content=\"summary_large_image\" \/>\n<meta name=\"twitter:creator\" content=\"@https:\/\/twitter.com\/veredes\" \/>\n<meta name=\"twitter:site\" content=\"@veredes\" \/>\n<meta name=\"twitter:label1\" content=\"Escrito por\" \/>\n\t<meta name=\"twitter:data1\" content=\"veredes\" \/>\n\t<meta name=\"twitter:label2\" content=\"Tiempo de lectura\" \/>\n\t<meta name=\"twitter:data2\" content=\"3 minutos\" \/>\n<script type=\"application\/ld+json\" class=\"yoast-schema-graph\">{\"@context\":\"https:\\\/\\\/schema.org\",\"@graph\":[{\"@type\":\"Article\",\"@id\":\"https:\\\/\\\/veredes.es\\\/blog\\\/housing-by-people\\\/#article\",\"isPartOf\":{\"@id\":\"https:\\\/\\\/veredes.es\\\/blog\\\/housing-by-people\\\/\"},\"author\":{\"name\":\"veredes\",\"@id\":\"https:\\\/\\\/veredes.es\\\/blog\\\/#\\\/schema\\\/person\\\/0bbb669073ef7faba5168a0844e93d2c\"},\"headline\":\"Housing by People\",\"datePublished\":\"2013-01-25T06:13:58+00:00\",\"dateModified\":\"2015-02-07T17:40:06+00:00\",\"mainEntityOfPage\":{\"@id\":\"https:\\\/\\\/veredes.es\\\/blog\\\/housing-by-people\\\/\"},\"wordCount\":523,\"commentCount\":0,\"publisher\":{\"@id\":\"https:\\\/\\\/veredes.es\\\/blog\\\/#organization\"},\"image\":{\"@id\":\"https:\\\/\\\/veredes.es\\\/blog\\\/housing-by-people\\\/#primaryimage\"},\"thumbnailUrl\":\"https:\\\/\\\/veredes.es\\\/blog\\\/wp-content\\\/uploads\\\/2013\\\/01\\\/housing-by-people.jpg\",\"keywords\":[\"arquitectura peruana\",\"ciudad\",\"John F. C. Turner\",\"poblados\",\"vivienda\"],\"articleSection\":[\"libros\",\"publicaciones\"],\"inLanguage\":\"es\",\"potentialAction\":[{\"@type\":\"CommentAction\",\"name\":\"Comment\",\"target\":[\"https:\\\/\\\/veredes.es\\\/blog\\\/housing-by-people\\\/#respond\"]}]},{\"@type\":\"WebPage\",\"@id\":\"https:\\\/\\\/veredes.es\\\/blog\\\/housing-by-people\\\/\",\"url\":\"https:\\\/\\\/veredes.es\\\/blog\\\/housing-by-people\\\/\",\"name\":\"Housing by People Housing by People Housing by People - veredes\",\"isPartOf\":{\"@id\":\"https:\\\/\\\/veredes.es\\\/blog\\\/#website\"},\"primaryImageOfPage\":{\"@id\":\"https:\\\/\\\/veredes.es\\\/blog\\\/housing-by-people\\\/#primaryimage\"},\"image\":{\"@id\":\"https:\\\/\\\/veredes.es\\\/blog\\\/housing-by-people\\\/#primaryimage\"},\"thumbnailUrl\":\"https:\\\/\\\/veredes.es\\\/blog\\\/wp-content\\\/uploads\\\/2013\\\/01\\\/housing-by-people.jpg\",\"datePublished\":\"2013-01-25T06:13:58+00:00\",\"dateModified\":\"2015-02-07T17:40:06+00:00\",\"description\":\"Toda la informaci\u00f3n sobre: Housing by People Housing by People Housing by People\",\"breadcrumb\":{\"@id\":\"https:\\\/\\\/veredes.es\\\/blog\\\/housing-by-people\\\/#breadcrumb\"},\"inLanguage\":\"es\",\"potentialAction\":[{\"@type\":\"ReadAction\",\"target\":[\"https:\\\/\\\/veredes.es\\\/blog\\\/housing-by-people\\\/\"]}]},{\"@type\":\"ImageObject\",\"inLanguage\":\"es\",\"@id\":\"https:\\\/\\\/veredes.es\\\/blog\\\/housing-by-people\\\/#primaryimage\",\"url\":\"https:\\\/\\\/veredes.es\\\/blog\\\/wp-content\\\/uploads\\\/2013\\\/01\\\/housing-by-people.jpg\",\"contentUrl\":\"https:\\\/\\\/veredes.es\\\/blog\\\/wp-content\\\/uploads\\\/2013\\\/01\\\/housing-by-people.jpg\",\"width\":\"620\",\"height\":\"992\"},{\"@type\":\"BreadcrumbList\",\"@id\":\"https:\\\/\\\/veredes.es\\\/blog\\\/housing-by-people\\\/#breadcrumb\",\"itemListElement\":[{\"@type\":\"ListItem\",\"position\":1,\"name\":\"Portada\",\"item\":\"https:\\\/\\\/veredes.es\\\/blog\\\/\"},{\"@type\":\"ListItem\",\"position\":2,\"name\":\"Housing by People\"}]},{\"@type\":\"WebSite\",\"@id\":\"https:\\\/\\\/veredes.es\\\/blog\\\/#website\",\"url\":\"https:\\\/\\\/veredes.es\\\/blog\\\/\",\"name\":\"veredes, arquitectura y divulgaci\u00f3n\",\"description\":\"veredes\",\"publisher\":{\"@id\":\"https:\\\/\\\/veredes.es\\\/blog\\\/#organization\"},\"alternateName\":\"veredes\",\"potentialAction\":[{\"@type\":\"SearchAction\",\"target\":{\"@type\":\"EntryPoint\",\"urlTemplate\":\"https:\\\/\\\/veredes.es\\\/blog\\\/?s={search_term_string}\"},\"query-input\":{\"@type\":\"PropertyValueSpecification\",\"valueRequired\":true,\"valueName\":\"search_term_string\"}}],\"inLanguage\":\"es\"},{\"@type\":\"Organization\",\"@id\":\"https:\\\/\\\/veredes.es\\\/blog\\\/#organization\",\"name\":\"veredes, arquitectura y divulgaci\u00f3n\",\"alternateName\":\"veredes\",\"url\":\"https:\\\/\\\/veredes.es\\\/blog\\\/\",\"logo\":{\"@type\":\"ImageObject\",\"inLanguage\":\"es\",\"@id\":\"https:\\\/\\\/veredes.es\\\/blog\\\/#\\\/schema\\\/logo\\\/image\\\/\",\"url\":\"https:\\\/\\\/veredes.es\\\/blog\\\/wp-content\\\/uploads\\\/2021\\\/12\\\/veredes-logo-centrado_140x54.png\",\"contentUrl\":\"https:\\\/\\\/veredes.es\\\/blog\\\/wp-content\\\/uploads\\\/2021\\\/12\\\/veredes-logo-centrado_140x54.png\",\"width\":140,\"height\":54,\"caption\":\"veredes, arquitectura y divulgaci\u00f3n\"},\"image\":{\"@id\":\"https:\\\/\\\/veredes.es\\\/blog\\\/#\\\/schema\\\/logo\\\/image\\\/\"},\"sameAs\":[\"https:\\\/\\\/www.facebook.com\\\/veredesArquitecturayDivulgacion\\\/\",\"https:\\\/\\\/x.com\\\/veredes\",\"https:\\\/\\\/instagram.com\\\/veredes\\\/\",\"https:\\\/\\\/www.linkedin.com\\\/company\\\/veredes-arquitectura-y-divulgacion\\\/\",\"https:\\\/\\\/es.pinterest.com\\\/veredes\\\/\",\"https:\\\/\\\/www.tumblr.com\\\/veredes\"]},{\"@type\":\"Person\",\"@id\":\"https:\\\/\\\/veredes.es\\\/blog\\\/#\\\/schema\\\/person\\\/0bbb669073ef7faba5168a0844e93d2c\",\"name\":\"veredes\",\"image\":{\"@type\":\"ImageObject\",\"inLanguage\":\"es\",\"@id\":\"https:\\\/\\\/veredes.es\\\/blog\\\/wp-content\\\/uploads\\\/2018\\\/04\\\/face-96x96.jpg\",\"url\":\"https:\\\/\\\/veredes.es\\\/blog\\\/wp-content\\\/uploads\\\/2018\\\/04\\\/face-96x96.jpg\",\"contentUrl\":\"https:\\\/\\\/veredes.es\\\/blog\\\/wp-content\\\/uploads\\\/2018\\\/04\\\/face-96x96.jpg\",\"caption\":\"veredes\"},\"description\":\"Surge enero de 2009 como b\u00fasqueda de satisfacer el conocimiento de la actividad arquitect\u00f3nica y tangentes que se generan. La idea es crear un espacio para divulgar los diversos proyectos en busca de nueva inspiraci\u00f3n y de intercambio.\",\"sameAs\":[\"https:\\\/\\\/veredes.es\\\/\",\"https:\\\/\\\/www.facebook.com\\\/veredesArquitecturayDivulgacion\\\/\",\"https:\\\/\\\/www.instagram.com\\\/veredes\\\/\",\"https:\\\/\\\/www.linkedin.com\\\/company\\\/veredes-arquitectura-y-divulgacion\\\/\",\"https:\\\/\\\/www.pinterest.es\\\/veredes\\\/\",\"https:\\\/\\\/x.com\\\/https:\\\/\\\/twitter.com\\\/veredes\",\"https:\\\/\\\/veredes.tumblr.com\\\/\"],\"url\":\"https:\\\/\\\/veredes.es\\\/blog\\\/author\\\/alberto\\\/\"}]}<\/script>\n<!-- \/ Yoast SEO plugin. -->","yoast_head_json":{"title":"Housing by People Housing by People Housing by People  - veredes","description":"Toda la informaci\u00f3n sobre: Housing by People Housing by People Housing by People","robots":{"index":"index","follow":"follow","max-snippet":"max-snippet:-1","max-image-preview":"max-image-preview:large","max-video-preview":"max-video-preview:-1"},"canonical":"https:\/\/veredes.es\/blog\/housing-by-people\/","og_locale":"es_ES","og_type":"article","og_title":"Housing by People Housing by People Housing by People  - veredes","og_description":"Toda la informaci\u00f3n sobre: Housing by People Housing by People Housing by People","og_url":"https:\/\/veredes.es\/blog\/housing-by-people\/","og_site_name":"veredes, arquitectura y divulgaci\u00f3n","article_publisher":"https:\/\/www.facebook.com\/veredesArquitecturayDivulgacion\/","article_author":"https:\/\/www.facebook.com\/veredesArquitecturayDivulgacion\/","article_published_time":"2013-01-25T06:13:58+00:00","article_modified_time":"2015-02-07T17:40:06+00:00","og_image":[{"width":620,"height":992,"url":"https:\/\/veredes.es\/blog\/wp-content\/uploads\/2013\/01\/housing-by-people.jpg","type":"image\/jpeg"}],"author":"veredes","twitter_card":"summary_large_image","twitter_creator":"@https:\/\/twitter.com\/veredes","twitter_site":"@veredes","twitter_misc":{"Escrito por":"veredes","Tiempo de lectura":"3 minutos"},"schema":{"@context":"https:\/\/schema.org","@graph":[{"@type":"Article","@id":"https:\/\/veredes.es\/blog\/housing-by-people\/#article","isPartOf":{"@id":"https:\/\/veredes.es\/blog\/housing-by-people\/"},"author":{"name":"veredes","@id":"https:\/\/veredes.es\/blog\/#\/schema\/person\/0bbb669073ef7faba5168a0844e93d2c"},"headline":"Housing by People","datePublished":"2013-01-25T06:13:58+00:00","dateModified":"2015-02-07T17:40:06+00:00","mainEntityOfPage":{"@id":"https:\/\/veredes.es\/blog\/housing-by-people\/"},"wordCount":523,"commentCount":0,"publisher":{"@id":"https:\/\/veredes.es\/blog\/#organization"},"image":{"@id":"https:\/\/veredes.es\/blog\/housing-by-people\/#primaryimage"},"thumbnailUrl":"https:\/\/veredes.es\/blog\/wp-content\/uploads\/2013\/01\/housing-by-people.jpg","keywords":["arquitectura peruana","ciudad","John F. C. Turner","poblados","vivienda"],"articleSection":["libros","publicaciones"],"inLanguage":"es","potentialAction":[{"@type":"CommentAction","name":"Comment","target":["https:\/\/veredes.es\/blog\/housing-by-people\/#respond"]}]},{"@type":"WebPage","@id":"https:\/\/veredes.es\/blog\/housing-by-people\/","url":"https:\/\/veredes.es\/blog\/housing-by-people\/","name":"Housing by People Housing by People Housing by People - veredes","isPartOf":{"@id":"https:\/\/veredes.es\/blog\/#website"},"primaryImageOfPage":{"@id":"https:\/\/veredes.es\/blog\/housing-by-people\/#primaryimage"},"image":{"@id":"https:\/\/veredes.es\/blog\/housing-by-people\/#primaryimage"},"thumbnailUrl":"https:\/\/veredes.es\/blog\/wp-content\/uploads\/2013\/01\/housing-by-people.jpg","datePublished":"2013-01-25T06:13:58+00:00","dateModified":"2015-02-07T17:40:06+00:00","description":"Toda la informaci\u00f3n sobre: Housing by People Housing by People Housing by People","breadcrumb":{"@id":"https:\/\/veredes.es\/blog\/housing-by-people\/#breadcrumb"},"inLanguage":"es","potentialAction":[{"@type":"ReadAction","target":["https:\/\/veredes.es\/blog\/housing-by-people\/"]}]},{"@type":"ImageObject","inLanguage":"es","@id":"https:\/\/veredes.es\/blog\/housing-by-people\/#primaryimage","url":"https:\/\/veredes.es\/blog\/wp-content\/uploads\/2013\/01\/housing-by-people.jpg","contentUrl":"https:\/\/veredes.es\/blog\/wp-content\/uploads\/2013\/01\/housing-by-people.jpg","width":"620","height":"992"},{"@type":"BreadcrumbList","@id":"https:\/\/veredes.es\/blog\/housing-by-people\/#breadcrumb","itemListElement":[{"@type":"ListItem","position":1,"name":"Portada","item":"https:\/\/veredes.es\/blog\/"},{"@type":"ListItem","position":2,"name":"Housing by People"}]},{"@type":"WebSite","@id":"https:\/\/veredes.es\/blog\/#website","url":"https:\/\/veredes.es\/blog\/","name":"veredes, arquitectura y divulgaci\u00f3n","description":"veredes","publisher":{"@id":"https:\/\/veredes.es\/blog\/#organization"},"alternateName":"veredes","potentialAction":[{"@type":"SearchAction","target":{"@type":"EntryPoint","urlTemplate":"https:\/\/veredes.es\/blog\/?s={search_term_string}"},"query-input":{"@type":"PropertyValueSpecification","valueRequired":true,"valueName":"search_term_string"}}],"inLanguage":"es"},{"@type":"Organization","@id":"https:\/\/veredes.es\/blog\/#organization","name":"veredes, arquitectura y divulgaci\u00f3n","alternateName":"veredes","url":"https:\/\/veredes.es\/blog\/","logo":{"@type":"ImageObject","inLanguage":"es","@id":"https:\/\/veredes.es\/blog\/#\/schema\/logo\/image\/","url":"https:\/\/veredes.es\/blog\/wp-content\/uploads\/2021\/12\/veredes-logo-centrado_140x54.png","contentUrl":"https:\/\/veredes.es\/blog\/wp-content\/uploads\/2021\/12\/veredes-logo-centrado_140x54.png","width":140,"height":54,"caption":"veredes, arquitectura y divulgaci\u00f3n"},"image":{"@id":"https:\/\/veredes.es\/blog\/#\/schema\/logo\/image\/"},"sameAs":["https:\/\/www.facebook.com\/veredesArquitecturayDivulgacion\/","https:\/\/x.com\/veredes","https:\/\/instagram.com\/veredes\/","https:\/\/www.linkedin.com\/company\/veredes-arquitectura-y-divulgacion\/","https:\/\/es.pinterest.com\/veredes\/","https:\/\/www.tumblr.com\/veredes"]},{"@type":"Person","@id":"https:\/\/veredes.es\/blog\/#\/schema\/person\/0bbb669073ef7faba5168a0844e93d2c","name":"veredes","image":{"@type":"ImageObject","inLanguage":"es","@id":"https:\/\/veredes.es\/blog\/wp-content\/uploads\/2018\/04\/face-96x96.jpg","url":"https:\/\/veredes.es\/blog\/wp-content\/uploads\/2018\/04\/face-96x96.jpg","contentUrl":"https:\/\/veredes.es\/blog\/wp-content\/uploads\/2018\/04\/face-96x96.jpg","caption":"veredes"},"description":"Surge enero de 2009 como b\u00fasqueda de satisfacer el conocimiento de la actividad arquitect\u00f3nica y tangentes que se generan. La idea es crear un espacio para divulgar los diversos proyectos en busca de nueva inspiraci\u00f3n y de intercambio.","sameAs":["https:\/\/veredes.es\/","https:\/\/www.facebook.com\/veredesArquitecturayDivulgacion\/","https:\/\/www.instagram.com\/veredes\/","https:\/\/www.linkedin.com\/company\/veredes-arquitectura-y-divulgacion\/","https:\/\/www.pinterest.es\/veredes\/","https:\/\/x.com\/https:\/\/twitter.com\/veredes","https:\/\/veredes.tumblr.com\/"],"url":"https:\/\/veredes.es\/blog\/author\/alberto\/"}]}},"_links":{"self":[{"href":"https:\/\/veredes.es\/blog\/wp-json\/wp\/v2\/posts\/28476","targetHints":{"allow":["GET"]}}],"collection":[{"href":"https:\/\/veredes.es\/blog\/wp-json\/wp\/v2\/posts"}],"about":[{"href":"https:\/\/veredes.es\/blog\/wp-json\/wp\/v2\/types\/post"}],"author":[{"embeddable":true,"href":"https:\/\/veredes.es\/blog\/wp-json\/wp\/v2\/users\/2"}],"replies":[{"embeddable":true,"href":"https:\/\/veredes.es\/blog\/wp-json\/wp\/v2\/comments?post=28476"}],"version-history":[{"count":0,"href":"https:\/\/veredes.es\/blog\/wp-json\/wp\/v2\/posts\/28476\/revisions"}],"wp:featuredmedia":[{"embeddable":true,"href":"https:\/\/veredes.es\/blog\/wp-json\/wp\/v2\/media\/28477"}],"wp:attachment":[{"href":"https:\/\/veredes.es\/blog\/wp-json\/wp\/v2\/media?parent=28476"}],"wp:term":[{"taxonomy":"category","embeddable":true,"href":"https:\/\/veredes.es\/blog\/wp-json\/wp\/v2\/categories?post=28476"},{"taxonomy":"post_tag","embeddable":true,"href":"https:\/\/veredes.es\/blog\/wp-json\/wp\/v2\/tags?post=28476"}],"curies":[{"name":"wp","href":"https:\/\/api.w.org\/{rel}","templated":true}]}}