{"id":27632,"date":"2009-08-07T06:50:53","date_gmt":"2009-08-07T06:50:53","guid":{"rendered":"http:\/\/veredes.es\/blog\/?p=27632"},"modified":"2018-03-12T09:41:14","modified_gmt":"2018-03-12T08:41:14","slug":"vivienda-unifamiliar-en-santiago-de-compostela-alfonso-azqueta","status":"publish","type":"post","link":"https:\/\/veredes.es\/blog\/vivienda-unifamiliar-en-santiago-de-compostela-alfonso-azqueta\/","title":{"rendered":"Vivienda unifamiliar en Santiago de Compostela | Alfonso Azqueta"},"content":{"rendered":"<p><\/p>\n<p style=\"text-align: justify;\">Vivienda unifamiliar en Santiago de Compostela en un terreno formando bancadas que baja desde el camino de acceso hasta el r\u00edo Sar que la circunda, situ\u00e1ndose la casa en una posici\u00f3n de dominio sobre las vistas.<\/p>\n<p style=\"text-align: justify;\">Las cubiertas planas garantizan el m\u00ednimo impacto visual sobre el paisaje, creando una arquitectura que sigue el ritmo de las plataformas naturales del terreno, creando un basamento p\u00e9treo que alcanza la altura del camino de acceso; sobre este basamento se coloca una pieza con acabado en chapa met\u00e1lica, de menor dimensi\u00f3n y retranqueada, creando planos similares a los del terreno, siguiendo la topograf\u00eda y consiguiendo as\u00ed la m\u00ednima alteraci\u00f3n del relieve natural, tanto a nivel f\u00edsico como visual.<\/p>\n<p style=\"text-align: justify;\"><a href=\"http:\/\/veredes.es\/blog\/wp-content\/uploads\/2012\/11\/A-Azqueta-VST-01.jpg\"><img loading=\"lazy\" decoding=\"async\" class=\"alignnone  wp-image-27633\" title=\"A Azqueta VST 01\" src=\"http:\/\/veredes.es\/blog\/wp-content\/uploads\/2012\/11\/A-Azqueta-VST-01.jpg\" alt=\"\" width=\"625\" height=\"351\" srcset=\"https:\/\/veredes.es\/blog\/wp-content\/uploads\/2012\/11\/A-Azqueta-VST-01.jpg 1000w, https:\/\/veredes.es\/blog\/wp-content\/uploads\/2012\/11\/A-Azqueta-VST-01-300x168.jpg 300w\" sizes=\"auto, (max-width: 625px) 100vw, 625px\" \/><\/a><\/p>\n<p style=\"text-align: justify;\">Las caracter\u00edsticas est\u00e9ticas y constructivas y los materiales, colores y acabados son acordes con las construcciones tradicionales del entorno; el basamento p\u00e9treo, de piedra del lugar, se mimetiza con el entorno, conteniendo la planta baja. Sobre \u00e9l se posa la planta primera retranqueada, como elementos singular integrado en el lugar.<\/p>\n<p style=\"text-align: justify;\">Se potencia la presencia del paisaje existente en la zona con un edificio que marca la horizontal y no interfiere, ni compite con el entorno. Se marcan dos hitos, los cuerpos de chimenea que orientan la vista y marcan el ritmo del edificio en el paisaje, y sirven como elementos de equilibrio vertical a la horizontalidad de la edificaci\u00f3n, de una manera similar a como\u00a0 ocurre con los elementos arb\u00f3reos.<\/p>\n<p style=\"text-align: justify;\">Con acceso por la planta baja y acceso a garaje independiente tambi\u00e9n situado en la planta baja, la vivienda, se proyecta captando vistas a noroeste y profundidad por el suroeste.<\/p>\n<p style=\"text-align: justify;\">Se crea una zonificaci\u00f3n funcional, por plantas y dentro de las mismas; con recibo en la zona central de la planta baja, servicios y garaje en la zona suroeste y zona de dormitorios al noreste, en la planta primera se sit\u00faa el dormitorio principal y sus zonas anexas de servicio.<\/p>\n<p style=\"text-align: justify;\">Todo esto da como resultado una vivienda unifamiliar aislada que se reafirma en la horizontalidad creada por la extensi\u00f3n de su planta baja en relaci\u00f3n con su altura y se acent\u00faa por el tratamiento de acabados de los porches en orientaci\u00f3n noroeste, que potencian su presencia en el paisaje existente en la zona, sin interferir ni competir con el entorno, cerrando la composici\u00f3n los dos cuerpos verticales de las chimeneas.<\/p>\n<div id='gallery-1' class='gallery galleryid-27632 gallery-columns-4 gallery-size-thumbnail'><figure class='gallery-item'>\n\t\t\t<div class='gallery-icon landscape'>\n\t\t\t\t<a href='https:\/\/veredes.es\/blog\/wp-content\/uploads\/2012\/11\/A-Azqueta-VST-01.jpg'><img loading=\"lazy\" decoding=\"async\" width=\"120\" height=\"120\" src=\"https:\/\/veredes.es\/blog\/wp-content\/uploads\/2012\/11\/A-Azqueta-VST-01-150x150.jpg\" class=\"attachment-thumbnail size-thumbnail\" alt=\"\" srcset=\"https:\/\/veredes.es\/blog\/wp-content\/uploads\/2012\/11\/A-Azqueta-VST-01-150x150.jpg 150w, https:\/\/veredes.es\/blog\/wp-content\/uploads\/2012\/11\/A-Azqueta-VST-01-120x120.jpg 120w\" sizes=\"auto, (max-width: 120px) 100vw, 120px\" \/><\/a>\n\t\t\t<\/div><\/figure><figure class='gallery-item'>\n\t\t\t<div class='gallery-icon landscape'>\n\t\t\t\t<a href='https:\/\/veredes.es\/blog\/wp-content\/uploads\/2013\/01\/A-Azqueta-VST-15.jpg'><img loading=\"lazy\" decoding=\"async\" width=\"120\" height=\"120\" src=\"https:\/\/veredes.es\/blog\/wp-content\/uploads\/2013\/01\/A-Azqueta-VST-15-150x150.jpg\" class=\"attachment-thumbnail size-thumbnail\" alt=\"\" srcset=\"https:\/\/veredes.es\/blog\/wp-content\/uploads\/2013\/01\/A-Azqueta-VST-15-150x150.jpg 150w, https:\/\/veredes.es\/blog\/wp-content\/uploads\/2013\/01\/A-Azqueta-VST-15-120x120.jpg 120w\" sizes=\"auto, (max-width: 120px) 100vw, 120px\" \/><\/a>\n\t\t\t<\/div><\/figure><figure class='gallery-item'>\n\t\t\t<div class='gallery-icon landscape'>\n\t\t\t\t<a href='https:\/\/veredes.es\/blog\/wp-content\/uploads\/2012\/11\/A-Azqueta-VST-02.jpg'><img loading=\"lazy\" decoding=\"async\" width=\"120\" height=\"120\" src=\"https:\/\/veredes.es\/blog\/wp-content\/uploads\/2012\/11\/A-Azqueta-VST-02-150x150.jpg\" class=\"attachment-thumbnail size-thumbnail\" alt=\"\" srcset=\"https:\/\/veredes.es\/blog\/wp-content\/uploads\/2012\/11\/A-Azqueta-VST-02-150x150.jpg 150w, https:\/\/veredes.es\/blog\/wp-content\/uploads\/2012\/11\/A-Azqueta-VST-02-120x120.jpg 120w\" sizes=\"auto, (max-width: 120px) 100vw, 120px\" \/><\/a>\n\t\t\t<\/div><\/figure><figure class='gallery-item'>\n\t\t\t<div class='gallery-icon portrait'>\n\t\t\t\t<a href='https:\/\/veredes.es\/blog\/wp-content\/uploads\/2013\/01\/A-Azqueta-VST-14.jpg'><img loading=\"lazy\" decoding=\"async\" width=\"120\" height=\"120\" src=\"https:\/\/veredes.es\/blog\/wp-content\/uploads\/2013\/01\/A-Azqueta-VST-14-150x150.jpg\" class=\"attachment-thumbnail size-thumbnail\" alt=\"\" srcset=\"https:\/\/veredes.es\/blog\/wp-content\/uploads\/2013\/01\/A-Azqueta-VST-14-150x150.jpg 150w, https:\/\/veredes.es\/blog\/wp-content\/uploads\/2013\/01\/A-Azqueta-VST-14-120x120.jpg 120w\" sizes=\"auto, (max-width: 120px) 100vw, 120px\" \/><\/a>\n\t\t\t<\/div><\/figure><figure class='gallery-item'>\n\t\t\t<div class='gallery-icon landscape'>\n\t\t\t\t<a href='https:\/\/veredes.es\/blog\/wp-content\/uploads\/2012\/11\/A-Azqueta-VST-03.jpg'><img loading=\"lazy\" decoding=\"async\" width=\"120\" height=\"120\" src=\"https:\/\/veredes.es\/blog\/wp-content\/uploads\/2012\/11\/A-Azqueta-VST-03-150x150.jpg\" class=\"attachment-thumbnail size-thumbnail\" alt=\"\" srcset=\"https:\/\/veredes.es\/blog\/wp-content\/uploads\/2012\/11\/A-Azqueta-VST-03-150x150.jpg 150w, https:\/\/veredes.es\/blog\/wp-content\/uploads\/2012\/11\/A-Azqueta-VST-03-120x120.jpg 120w\" sizes=\"auto, (max-width: 120px) 100vw, 120px\" \/><\/a>\n\t\t\t<\/div><\/figure><figure class='gallery-item'>\n\t\t\t<div class='gallery-icon landscape'>\n\t\t\t\t<a href='https:\/\/veredes.es\/blog\/wp-content\/uploads\/2012\/11\/A-Azqueta-VST-04.jpg'><img loading=\"lazy\" decoding=\"async\" width=\"120\" height=\"120\" src=\"https:\/\/veredes.es\/blog\/wp-content\/uploads\/2012\/11\/A-Azqueta-VST-04-150x150.jpg\" class=\"attachment-thumbnail size-thumbnail\" alt=\"\" srcset=\"https:\/\/veredes.es\/blog\/wp-content\/uploads\/2012\/11\/A-Azqueta-VST-04-150x150.jpg 150w, https:\/\/veredes.es\/blog\/wp-content\/uploads\/2012\/11\/A-Azqueta-VST-04-120x120.jpg 120w\" sizes=\"auto, (max-width: 120px) 100vw, 120px\" \/><\/a>\n\t\t\t<\/div><\/figure><figure class='gallery-item'>\n\t\t\t<div class='gallery-icon landscape'>\n\t\t\t\t<a href='https:\/\/veredes.es\/blog\/wp-content\/uploads\/2012\/11\/A-Azqueta-VST-05.jpg'><img loading=\"lazy\" decoding=\"async\" width=\"120\" height=\"120\" src=\"https:\/\/veredes.es\/blog\/wp-content\/uploads\/2012\/11\/A-Azqueta-VST-05-150x150.jpg\" class=\"attachment-thumbnail size-thumbnail\" alt=\"\" srcset=\"https:\/\/veredes.es\/blog\/wp-content\/uploads\/2012\/11\/A-Azqueta-VST-05-150x150.jpg 150w, https:\/\/veredes.es\/blog\/wp-content\/uploads\/2012\/11\/A-Azqueta-VST-05-120x120.jpg 120w\" sizes=\"auto, (max-width: 120px) 100vw, 120px\" \/><\/a>\n\t\t\t<\/div><\/figure><figure class='gallery-item'>\n\t\t\t<div class='gallery-icon landscape'>\n\t\t\t\t<a href='https:\/\/veredes.es\/blog\/wp-content\/uploads\/2012\/11\/A-Azqueta-VST-06.jpg'><img loading=\"lazy\" decoding=\"async\" width=\"120\" height=\"120\" src=\"https:\/\/veredes.es\/blog\/wp-content\/uploads\/2012\/11\/A-Azqueta-VST-06-150x150.jpg\" class=\"attachment-thumbnail size-thumbnail\" alt=\"\" srcset=\"https:\/\/veredes.es\/blog\/wp-content\/uploads\/2012\/11\/A-Azqueta-VST-06-150x150.jpg 150w, https:\/\/veredes.es\/blog\/wp-content\/uploads\/2012\/11\/A-Azqueta-VST-06-120x120.jpg 120w\" sizes=\"auto, (max-width: 120px) 100vw, 120px\" \/><\/a>\n\t\t\t<\/div><\/figure><figure class='gallery-item'>\n\t\t\t<div class='gallery-icon landscape'>\n\t\t\t\t<a href='https:\/\/veredes.es\/blog\/wp-content\/uploads\/2013\/01\/A-AZQUETA-VST-16.jpg'><img loading=\"lazy\" decoding=\"async\" width=\"120\" height=\"120\" src=\"https:\/\/veredes.es\/blog\/wp-content\/uploads\/2013\/01\/A-AZQUETA-VST-16-150x150.jpg\" class=\"attachment-thumbnail size-thumbnail\" alt=\"\" srcset=\"https:\/\/veredes.es\/blog\/wp-content\/uploads\/2013\/01\/A-AZQUETA-VST-16-150x150.jpg 150w, https:\/\/veredes.es\/blog\/wp-content\/uploads\/2013\/01\/A-AZQUETA-VST-16-120x120.jpg 120w\" sizes=\"auto, (max-width: 120px) 100vw, 120px\" \/><\/a>\n\t\t\t<\/div><\/figure><figure class='gallery-item'>\n\t\t\t<div class='gallery-icon landscape'>\n\t\t\t\t<a href='https:\/\/veredes.es\/blog\/wp-content\/uploads\/2012\/11\/A-Azqueta-VST-07.jpg'><img loading=\"lazy\" decoding=\"async\" width=\"120\" height=\"120\" src=\"https:\/\/veredes.es\/blog\/wp-content\/uploads\/2012\/11\/A-Azqueta-VST-07-150x150.jpg\" class=\"attachment-thumbnail size-thumbnail\" alt=\"\" srcset=\"https:\/\/veredes.es\/blog\/wp-content\/uploads\/2012\/11\/A-Azqueta-VST-07-150x150.jpg 150w, https:\/\/veredes.es\/blog\/wp-content\/uploads\/2012\/11\/A-Azqueta-VST-07-120x120.jpg 120w\" sizes=\"auto, (max-width: 120px) 100vw, 120px\" \/><\/a>\n\t\t\t<\/div><\/figure><figure class='gallery-item'>\n\t\t\t<div class='gallery-icon landscape'>\n\t\t\t\t<a href='https:\/\/veredes.es\/blog\/wp-content\/uploads\/2012\/11\/A-Azqueta-VST-08-planta-baja.jpg'><img loading=\"lazy\" decoding=\"async\" width=\"120\" height=\"120\" src=\"https:\/\/veredes.es\/blog\/wp-content\/uploads\/2012\/11\/A-Azqueta-VST-08-planta-baja-150x150.jpg\" class=\"attachment-thumbnail size-thumbnail\" alt=\"\" srcset=\"https:\/\/veredes.es\/blog\/wp-content\/uploads\/2012\/11\/A-Azqueta-VST-08-planta-baja-150x150.jpg 150w, https:\/\/veredes.es\/blog\/wp-content\/uploads\/2012\/11\/A-Azqueta-VST-08-planta-baja-120x120.jpg 120w\" sizes=\"auto, (max-width: 120px) 100vw, 120px\" \/><\/a>\n\t\t\t<\/div><\/figure><figure class='gallery-item'>\n\t\t\t<div class='gallery-icon landscape'>\n\t\t\t\t<a href='https:\/\/veredes.es\/blog\/wp-content\/uploads\/2012\/11\/A-Azqueta-VST-09-planta-primera.jpg'><img loading=\"lazy\" decoding=\"async\" width=\"120\" height=\"120\" src=\"https:\/\/veredes.es\/blog\/wp-content\/uploads\/2012\/11\/A-Azqueta-VST-09-planta-primera-150x150.jpg\" class=\"attachment-thumbnail size-thumbnail\" alt=\"\" srcset=\"https:\/\/veredes.es\/blog\/wp-content\/uploads\/2012\/11\/A-Azqueta-VST-09-planta-primera-150x150.jpg 150w, https:\/\/veredes.es\/blog\/wp-content\/uploads\/2012\/11\/A-Azqueta-VST-09-planta-primera-120x120.jpg 120w\" sizes=\"auto, (max-width: 120px) 100vw, 120px\" \/><\/a>\n\t\t\t<\/div><\/figure><figure class='gallery-item'>\n\t\t\t<div class='gallery-icon landscape'>\n\t\t\t\t<a href='https:\/\/veredes.es\/blog\/wp-content\/uploads\/2012\/11\/A-Azqueta-VST-10-alzado-NO.jpg'><img loading=\"lazy\" decoding=\"async\" width=\"120\" height=\"120\" src=\"https:\/\/veredes.es\/blog\/wp-content\/uploads\/2012\/11\/A-Azqueta-VST-10-alzado-NO-150x150.jpg\" class=\"attachment-thumbnail size-thumbnail\" alt=\"\" srcset=\"https:\/\/veredes.es\/blog\/wp-content\/uploads\/2012\/11\/A-Azqueta-VST-10-alzado-NO-150x150.jpg 150w, https:\/\/veredes.es\/blog\/wp-content\/uploads\/2012\/11\/A-Azqueta-VST-10-alzado-NO-120x120.jpg 120w\" sizes=\"auto, (max-width: 120px) 100vw, 120px\" \/><\/a>\n\t\t\t<\/div><\/figure><figure class='gallery-item'>\n\t\t\t<div class='gallery-icon landscape'>\n\t\t\t\t<a href='https:\/\/veredes.es\/blog\/wp-content\/uploads\/2012\/11\/A-Azqueta-VST-11-alzado-SO.jpg'><img loading=\"lazy\" decoding=\"async\" width=\"120\" height=\"120\" src=\"https:\/\/veredes.es\/blog\/wp-content\/uploads\/2012\/11\/A-Azqueta-VST-11-alzado-SO-150x150.jpg\" class=\"attachment-thumbnail size-thumbnail\" alt=\"\" srcset=\"https:\/\/veredes.es\/blog\/wp-content\/uploads\/2012\/11\/A-Azqueta-VST-11-alzado-SO-150x150.jpg 150w, https:\/\/veredes.es\/blog\/wp-content\/uploads\/2012\/11\/A-Azqueta-VST-11-alzado-SO-120x120.jpg 120w\" sizes=\"auto, (max-width: 120px) 100vw, 120px\" \/><\/a>\n\t\t\t<\/div><\/figure><figure class='gallery-item'>\n\t\t\t<div class='gallery-icon landscape'>\n\t\t\t\t<a href='https:\/\/veredes.es\/blog\/wp-content\/uploads\/2012\/11\/A-Azqueta-VST-12-alzado-SE.jpg'><img loading=\"lazy\" decoding=\"async\" width=\"120\" height=\"120\" src=\"https:\/\/veredes.es\/blog\/wp-content\/uploads\/2012\/11\/A-Azqueta-VST-12-alzado-SE-150x150.jpg\" class=\"attachment-thumbnail size-thumbnail\" alt=\"\" srcset=\"https:\/\/veredes.es\/blog\/wp-content\/uploads\/2012\/11\/A-Azqueta-VST-12-alzado-SE-150x150.jpg 150w, https:\/\/veredes.es\/blog\/wp-content\/uploads\/2012\/11\/A-Azqueta-VST-12-alzado-SE-120x120.jpg 120w\" sizes=\"auto, (max-width: 120px) 100vw, 120px\" \/><\/a>\n\t\t\t<\/div><\/figure><figure class='gallery-item'>\n\t\t\t<div class='gallery-icon landscape'>\n\t\t\t\t<a href='https:\/\/veredes.es\/blog\/wp-content\/uploads\/2012\/11\/A-Azqueta-VST-13-alzado-NE.jpg'><img loading=\"lazy\" decoding=\"async\" width=\"120\" height=\"120\" src=\"https:\/\/veredes.es\/blog\/wp-content\/uploads\/2012\/11\/A-Azqueta-VST-13-alzado-NE-150x150.jpg\" class=\"attachment-thumbnail size-thumbnail\" alt=\"\" srcset=\"https:\/\/veredes.es\/blog\/wp-content\/uploads\/2012\/11\/A-Azqueta-VST-13-alzado-NE-150x150.jpg 150w, https:\/\/veredes.es\/blog\/wp-content\/uploads\/2012\/11\/A-Azqueta-VST-13-alzado-NE-120x120.jpg 120w\" sizes=\"auto, (max-width: 120px) 100vw, 120px\" \/><\/a>\n\t\t\t<\/div><\/figure>\n\t\t<\/div>\n\n<p style=\"text-align: justify;\">Obra: Vivienda unifamiliar en Santiago de Compostela<br \/>\nAutor: Alfonso Azqueta Santiago<br \/>\nColaboradores: Alicia Alberca M\u00ednguez [arquitecto] y Claudia Focaccio [arquitecta]<br \/>\nA\u00f1o: 2009-2011<br \/>\nEmplazamiento: Santiago de Compostela<br \/>\nConstructor: Construcciones VIDALCON<br \/>\nFotograf\u00edas: Macarena Azqueta+Ignacio Ru\u00edz-Gallard\u00f3n<br \/>\n<span style=\"color: #888888;\">+ alfonsoazqueta.com<\/span><\/p>\n<p><\/p>","protected":false},"excerpt":{"rendered":"<p>Vivienda unifamiliar en Santiago de Compostela en un terreno formando bancadas que baja desde el camino de acceso hasta el r\u00edo Sar que la circunda, situ\u00e1ndose la casa en una posici\u00f3n de dominio sobre las vistas. Las cubiertas planas garantizan el m\u00ednimo impacto visual sobre el paisaje, creando una arquitectura que sigue el ritmo de [&hellip;]<\/p>\n","protected":false},"author":2,"featured_media":27633,"comment_status":"open","ping_status":"closed","sticky":false,"template":"","format":"standard","meta":{"footnotes":""},"categories":[34,23,59],"tags":[10347,10348,5865,10349,451,619,1209,12465,12455],"class_list":{"0":"post-27632","1":"post","2":"type-post","3":"status-publish","4":"format-standard","5":"has-post-thumbnail","7":"category-arquitectura","8":"category-obras","9":"category-vivienda-unifamiliar","10":"tag-alfonso-azqueta-santiago","11":"tag-alicia-alberca-minguez","12":"tag-arquitectura-gallega","13":"tag-claudia-focaccio","14":"tag-edificacion","15":"tag-galicia","16":"tag-santiago-de-compostela","17":"tag-vivienda","18":"tag-vivienda-unifamiliar"},"yoast_head":"<!-- This site is optimized with the Yoast SEO plugin v27.5 - https:\/\/yoast.com\/product\/yoast-seo-wordpress\/ -->\n<title>Vivienda unifamiliar en Santiago de Compostela | Alfonso Azqueta<\/title>\n<meta name=\"description\" content=\"Vivienda unifamiliar en Santiago de Compostela\" \/>\n<meta name=\"robots\" content=\"index, follow, max-snippet:-1, max-image-preview:large, max-video-preview:-1\" \/>\n<link rel=\"canonical\" href=\"https:\/\/veredes.es\/blog\/vivienda-unifamiliar-en-santiago-de-compostela-alfonso-azqueta\/\" \/>\n<meta property=\"og:locale\" content=\"es_ES\" \/>\n<meta property=\"og:type\" content=\"article\" \/>\n<meta property=\"og:title\" content=\"Vivienda unifamiliar en Santiago de Compostela | Alfonso Azqueta\" \/>\n<meta property=\"og:description\" content=\"Vivienda unifamiliar en Santiago de Compostela\" \/>\n<meta property=\"og:url\" content=\"https:\/\/veredes.es\/blog\/vivienda-unifamiliar-en-santiago-de-compostela-alfonso-azqueta\/\" \/>\n<meta property=\"og:site_name\" content=\"veredes, arquitectura y divulgaci\u00f3n\" \/>\n<meta property=\"article:publisher\" content=\"https:\/\/www.facebook.com\/veredesArquitecturayDivulgacion\/\" \/>\n<meta property=\"article:author\" content=\"https:\/\/www.facebook.com\/veredesArquitecturayDivulgacion\/\" \/>\n<meta property=\"article:published_time\" content=\"2009-08-07T06:50:53+00:00\" \/>\n<meta property=\"article:modified_time\" content=\"2018-03-12T08:41:14+00:00\" \/>\n<meta property=\"og:image\" content=\"https:\/\/veredes.es\/blog\/wp-content\/uploads\/2012\/11\/A-Azqueta-VST-01.jpg\" \/>\n\t<meta property=\"og:image:width\" content=\"1000\" \/>\n\t<meta property=\"og:image:height\" content=\"563\" \/>\n\t<meta property=\"og:image:type\" content=\"image\/jpeg\" \/>\n<meta name=\"author\" content=\"veredes\" \/>\n<meta name=\"twitter:card\" content=\"summary_large_image\" \/>\n<meta name=\"twitter:creator\" content=\"@https:\/\/twitter.com\/veredes\" \/>\n<meta name=\"twitter:site\" content=\"@veredes\" \/>\n<meta name=\"twitter:label1\" content=\"Escrito por\" \/>\n\t<meta name=\"twitter:data1\" content=\"veredes\" \/>\n\t<meta name=\"twitter:label2\" content=\"Tiempo de lectura\" \/>\n\t<meta name=\"twitter:data2\" content=\"7 minutos\" \/>\n<script type=\"application\/ld+json\" class=\"yoast-schema-graph\">{\"@context\":\"https:\\\/\\\/schema.org\",\"@graph\":[{\"@type\":\"Article\",\"@id\":\"https:\\\/\\\/veredes.es\\\/blog\\\/vivienda-unifamiliar-en-santiago-de-compostela-alfonso-azqueta\\\/#article\",\"isPartOf\":{\"@id\":\"https:\\\/\\\/veredes.es\\\/blog\\\/vivienda-unifamiliar-en-santiago-de-compostela-alfonso-azqueta\\\/\"},\"author\":{\"name\":\"veredes\",\"@id\":\"https:\\\/\\\/veredes.es\\\/blog\\\/#\\\/schema\\\/person\\\/0bbb669073ef7faba5168a0844e93d2c\"},\"headline\":\"Vivienda unifamiliar en Santiago de Compostela | Alfonso Azqueta\",\"datePublished\":\"2009-08-07T06:50:53+00:00\",\"dateModified\":\"2018-03-12T08:41:14+00:00\",\"mainEntityOfPage\":{\"@id\":\"https:\\\/\\\/veredes.es\\\/blog\\\/vivienda-unifamiliar-en-santiago-de-compostela-alfonso-azqueta\\\/\"},\"wordCount\":1344,\"commentCount\":0,\"publisher\":{\"@id\":\"https:\\\/\\\/veredes.es\\\/blog\\\/#organization\"},\"image\":{\"@id\":\"https:\\\/\\\/veredes.es\\\/blog\\\/vivienda-unifamiliar-en-santiago-de-compostela-alfonso-azqueta\\\/#primaryimage\"},\"thumbnailUrl\":\"https:\\\/\\\/veredes.es\\\/blog\\\/wp-content\\\/uploads\\\/2012\\\/11\\\/A-Azqueta-VST-01.jpg\",\"keywords\":[\"Alfonso Azqueta Santiago\",\"Alicia Alberca M\u00ednguez\",\"arquitectura gallega\",\"claudia focaccio\",\"edificaci\u00f3n\",\"Galicia\",\"Santiago de Compostela\",\"vivienda\",\"vivienda unifamiliar\"],\"articleSection\":[\"arquitectura\",\"obras\",\"vivienda unifamiliar\"],\"inLanguage\":\"es\",\"potentialAction\":[{\"@type\":\"CommentAction\",\"name\":\"Comment\",\"target\":[\"https:\\\/\\\/veredes.es\\\/blog\\\/vivienda-unifamiliar-en-santiago-de-compostela-alfonso-azqueta\\\/#respond\"]}]},{\"@type\":\"WebPage\",\"@id\":\"https:\\\/\\\/veredes.es\\\/blog\\\/vivienda-unifamiliar-en-santiago-de-compostela-alfonso-azqueta\\\/\",\"url\":\"https:\\\/\\\/veredes.es\\\/blog\\\/vivienda-unifamiliar-en-santiago-de-compostela-alfonso-azqueta\\\/\",\"name\":\"Vivienda unifamiliar en Santiago de Compostela | Alfonso Azqueta\",\"isPartOf\":{\"@id\":\"https:\\\/\\\/veredes.es\\\/blog\\\/#website\"},\"primaryImageOfPage\":{\"@id\":\"https:\\\/\\\/veredes.es\\\/blog\\\/vivienda-unifamiliar-en-santiago-de-compostela-alfonso-azqueta\\\/#primaryimage\"},\"image\":{\"@id\":\"https:\\\/\\\/veredes.es\\\/blog\\\/vivienda-unifamiliar-en-santiago-de-compostela-alfonso-azqueta\\\/#primaryimage\"},\"thumbnailUrl\":\"https:\\\/\\\/veredes.es\\\/blog\\\/wp-content\\\/uploads\\\/2012\\\/11\\\/A-Azqueta-VST-01.jpg\",\"datePublished\":\"2009-08-07T06:50:53+00:00\",\"dateModified\":\"2018-03-12T08:41:14+00:00\",\"description\":\"Vivienda unifamiliar en Santiago de Compostela\",\"breadcrumb\":{\"@id\":\"https:\\\/\\\/veredes.es\\\/blog\\\/vivienda-unifamiliar-en-santiago-de-compostela-alfonso-azqueta\\\/#breadcrumb\"},\"inLanguage\":\"es\",\"potentialAction\":[{\"@type\":\"ReadAction\",\"target\":[\"https:\\\/\\\/veredes.es\\\/blog\\\/vivienda-unifamiliar-en-santiago-de-compostela-alfonso-azqueta\\\/\"]}]},{\"@type\":\"ImageObject\",\"inLanguage\":\"es\",\"@id\":\"https:\\\/\\\/veredes.es\\\/blog\\\/vivienda-unifamiliar-en-santiago-de-compostela-alfonso-azqueta\\\/#primaryimage\",\"url\":\"https:\\\/\\\/veredes.es\\\/blog\\\/wp-content\\\/uploads\\\/2012\\\/11\\\/A-Azqueta-VST-01.jpg\",\"contentUrl\":\"https:\\\/\\\/veredes.es\\\/blog\\\/wp-content\\\/uploads\\\/2012\\\/11\\\/A-Azqueta-VST-01.jpg\",\"width\":\"1000\",\"height\":\"563\"},{\"@type\":\"BreadcrumbList\",\"@id\":\"https:\\\/\\\/veredes.es\\\/blog\\\/vivienda-unifamiliar-en-santiago-de-compostela-alfonso-azqueta\\\/#breadcrumb\",\"itemListElement\":[{\"@type\":\"ListItem\",\"position\":1,\"name\":\"Portada\",\"item\":\"https:\\\/\\\/veredes.es\\\/blog\\\/\"},{\"@type\":\"ListItem\",\"position\":2,\"name\":\"Vivienda unifamiliar en Santiago de Compostela | Alfonso Azqueta\"}]},{\"@type\":\"WebSite\",\"@id\":\"https:\\\/\\\/veredes.es\\\/blog\\\/#website\",\"url\":\"https:\\\/\\\/veredes.es\\\/blog\\\/\",\"name\":\"veredes, arquitectura y divulgaci\u00f3n\",\"description\":\"veredes\",\"publisher\":{\"@id\":\"https:\\\/\\\/veredes.es\\\/blog\\\/#organization\"},\"alternateName\":\"veredes\",\"potentialAction\":[{\"@type\":\"SearchAction\",\"target\":{\"@type\":\"EntryPoint\",\"urlTemplate\":\"https:\\\/\\\/veredes.es\\\/blog\\\/?s={search_term_string}\"},\"query-input\":{\"@type\":\"PropertyValueSpecification\",\"valueRequired\":true,\"valueName\":\"search_term_string\"}}],\"inLanguage\":\"es\"},{\"@type\":\"Organization\",\"@id\":\"https:\\\/\\\/veredes.es\\\/blog\\\/#organization\",\"name\":\"veredes, arquitectura y divulgaci\u00f3n\",\"alternateName\":\"veredes\",\"url\":\"https:\\\/\\\/veredes.es\\\/blog\\\/\",\"logo\":{\"@type\":\"ImageObject\",\"inLanguage\":\"es\",\"@id\":\"https:\\\/\\\/veredes.es\\\/blog\\\/#\\\/schema\\\/logo\\\/image\\\/\",\"url\":\"https:\\\/\\\/veredes.es\\\/blog\\\/wp-content\\\/uploads\\\/2021\\\/12\\\/veredes-logo-centrado_140x54.png\",\"contentUrl\":\"https:\\\/\\\/veredes.es\\\/blog\\\/wp-content\\\/uploads\\\/2021\\\/12\\\/veredes-logo-centrado_140x54.png\",\"width\":140,\"height\":54,\"caption\":\"veredes, arquitectura y divulgaci\u00f3n\"},\"image\":{\"@id\":\"https:\\\/\\\/veredes.es\\\/blog\\\/#\\\/schema\\\/logo\\\/image\\\/\"},\"sameAs\":[\"https:\\\/\\\/www.facebook.com\\\/veredesArquitecturayDivulgacion\\\/\",\"https:\\\/\\\/x.com\\\/veredes\",\"https:\\\/\\\/instagram.com\\\/veredes\\\/\",\"https:\\\/\\\/www.linkedin.com\\\/company\\\/veredes-arquitectura-y-divulgacion\\\/\",\"https:\\\/\\\/es.pinterest.com\\\/veredes\\\/\",\"https:\\\/\\\/www.tumblr.com\\\/veredes\"]},{\"@type\":\"Person\",\"@id\":\"https:\\\/\\\/veredes.es\\\/blog\\\/#\\\/schema\\\/person\\\/0bbb669073ef7faba5168a0844e93d2c\",\"name\":\"veredes\",\"image\":{\"@type\":\"ImageObject\",\"inLanguage\":\"es\",\"@id\":\"https:\\\/\\\/veredes.es\\\/blog\\\/wp-content\\\/uploads\\\/2018\\\/04\\\/face-96x96.jpg\",\"url\":\"https:\\\/\\\/veredes.es\\\/blog\\\/wp-content\\\/uploads\\\/2018\\\/04\\\/face-96x96.jpg\",\"contentUrl\":\"https:\\\/\\\/veredes.es\\\/blog\\\/wp-content\\\/uploads\\\/2018\\\/04\\\/face-96x96.jpg\",\"caption\":\"veredes\"},\"description\":\"Surge enero de 2009 como b\u00fasqueda de satisfacer el conocimiento de la actividad arquitect\u00f3nica y tangentes que se generan. La idea es crear un espacio para divulgar los diversos proyectos en busca de nueva inspiraci\u00f3n y de intercambio.\",\"sameAs\":[\"https:\\\/\\\/veredes.es\\\/\",\"https:\\\/\\\/www.facebook.com\\\/veredesArquitecturayDivulgacion\\\/\",\"https:\\\/\\\/www.instagram.com\\\/veredes\\\/\",\"https:\\\/\\\/www.linkedin.com\\\/company\\\/veredes-arquitectura-y-divulgacion\\\/\",\"https:\\\/\\\/www.pinterest.es\\\/veredes\\\/\",\"https:\\\/\\\/x.com\\\/https:\\\/\\\/twitter.com\\\/veredes\",\"https:\\\/\\\/veredes.tumblr.com\\\/\"],\"url\":\"https:\\\/\\\/veredes.es\\\/blog\\\/author\\\/alberto\\\/\"}]}<\/script>\n<!-- \/ Yoast SEO plugin. -->","yoast_head_json":{"title":"Vivienda unifamiliar en Santiago de Compostela | Alfonso Azqueta","description":"Vivienda unifamiliar en Santiago de Compostela","robots":{"index":"index","follow":"follow","max-snippet":"max-snippet:-1","max-image-preview":"max-image-preview:large","max-video-preview":"max-video-preview:-1"},"canonical":"https:\/\/veredes.es\/blog\/vivienda-unifamiliar-en-santiago-de-compostela-alfonso-azqueta\/","og_locale":"es_ES","og_type":"article","og_title":"Vivienda unifamiliar en Santiago de Compostela | Alfonso Azqueta","og_description":"Vivienda unifamiliar en Santiago de Compostela","og_url":"https:\/\/veredes.es\/blog\/vivienda-unifamiliar-en-santiago-de-compostela-alfonso-azqueta\/","og_site_name":"veredes, arquitectura y divulgaci\u00f3n","article_publisher":"https:\/\/www.facebook.com\/veredesArquitecturayDivulgacion\/","article_author":"https:\/\/www.facebook.com\/veredesArquitecturayDivulgacion\/","article_published_time":"2009-08-07T06:50:53+00:00","article_modified_time":"2018-03-12T08:41:14+00:00","og_image":[{"width":1000,"height":563,"url":"https:\/\/veredes.es\/blog\/wp-content\/uploads\/2012\/11\/A-Azqueta-VST-01.jpg","type":"image\/jpeg"}],"author":"veredes","twitter_card":"summary_large_image","twitter_creator":"@https:\/\/twitter.com\/veredes","twitter_site":"@veredes","twitter_misc":{"Escrito por":"veredes","Tiempo de lectura":"7 minutos"},"schema":{"@context":"https:\/\/schema.org","@graph":[{"@type":"Article","@id":"https:\/\/veredes.es\/blog\/vivienda-unifamiliar-en-santiago-de-compostela-alfonso-azqueta\/#article","isPartOf":{"@id":"https:\/\/veredes.es\/blog\/vivienda-unifamiliar-en-santiago-de-compostela-alfonso-azqueta\/"},"author":{"name":"veredes","@id":"https:\/\/veredes.es\/blog\/#\/schema\/person\/0bbb669073ef7faba5168a0844e93d2c"},"headline":"Vivienda unifamiliar en Santiago de Compostela | Alfonso Azqueta","datePublished":"2009-08-07T06:50:53+00:00","dateModified":"2018-03-12T08:41:14+00:00","mainEntityOfPage":{"@id":"https:\/\/veredes.es\/blog\/vivienda-unifamiliar-en-santiago-de-compostela-alfonso-azqueta\/"},"wordCount":1344,"commentCount":0,"publisher":{"@id":"https:\/\/veredes.es\/blog\/#organization"},"image":{"@id":"https:\/\/veredes.es\/blog\/vivienda-unifamiliar-en-santiago-de-compostela-alfonso-azqueta\/#primaryimage"},"thumbnailUrl":"https:\/\/veredes.es\/blog\/wp-content\/uploads\/2012\/11\/A-Azqueta-VST-01.jpg","keywords":["Alfonso Azqueta Santiago","Alicia Alberca M\u00ednguez","arquitectura gallega","claudia focaccio","edificaci\u00f3n","Galicia","Santiago de Compostela","vivienda","vivienda unifamiliar"],"articleSection":["arquitectura","obras","vivienda unifamiliar"],"inLanguage":"es","potentialAction":[{"@type":"CommentAction","name":"Comment","target":["https:\/\/veredes.es\/blog\/vivienda-unifamiliar-en-santiago-de-compostela-alfonso-azqueta\/#respond"]}]},{"@type":"WebPage","@id":"https:\/\/veredes.es\/blog\/vivienda-unifamiliar-en-santiago-de-compostela-alfonso-azqueta\/","url":"https:\/\/veredes.es\/blog\/vivienda-unifamiliar-en-santiago-de-compostela-alfonso-azqueta\/","name":"Vivienda unifamiliar en Santiago de Compostela | Alfonso Azqueta","isPartOf":{"@id":"https:\/\/veredes.es\/blog\/#website"},"primaryImageOfPage":{"@id":"https:\/\/veredes.es\/blog\/vivienda-unifamiliar-en-santiago-de-compostela-alfonso-azqueta\/#primaryimage"},"image":{"@id":"https:\/\/veredes.es\/blog\/vivienda-unifamiliar-en-santiago-de-compostela-alfonso-azqueta\/#primaryimage"},"thumbnailUrl":"https:\/\/veredes.es\/blog\/wp-content\/uploads\/2012\/11\/A-Azqueta-VST-01.jpg","datePublished":"2009-08-07T06:50:53+00:00","dateModified":"2018-03-12T08:41:14+00:00","description":"Vivienda unifamiliar en Santiago de Compostela","breadcrumb":{"@id":"https:\/\/veredes.es\/blog\/vivienda-unifamiliar-en-santiago-de-compostela-alfonso-azqueta\/#breadcrumb"},"inLanguage":"es","potentialAction":[{"@type":"ReadAction","target":["https:\/\/veredes.es\/blog\/vivienda-unifamiliar-en-santiago-de-compostela-alfonso-azqueta\/"]}]},{"@type":"ImageObject","inLanguage":"es","@id":"https:\/\/veredes.es\/blog\/vivienda-unifamiliar-en-santiago-de-compostela-alfonso-azqueta\/#primaryimage","url":"https:\/\/veredes.es\/blog\/wp-content\/uploads\/2012\/11\/A-Azqueta-VST-01.jpg","contentUrl":"https:\/\/veredes.es\/blog\/wp-content\/uploads\/2012\/11\/A-Azqueta-VST-01.jpg","width":"1000","height":"563"},{"@type":"BreadcrumbList","@id":"https:\/\/veredes.es\/blog\/vivienda-unifamiliar-en-santiago-de-compostela-alfonso-azqueta\/#breadcrumb","itemListElement":[{"@type":"ListItem","position":1,"name":"Portada","item":"https:\/\/veredes.es\/blog\/"},{"@type":"ListItem","position":2,"name":"Vivienda unifamiliar en Santiago de Compostela | Alfonso Azqueta"}]},{"@type":"WebSite","@id":"https:\/\/veredes.es\/blog\/#website","url":"https:\/\/veredes.es\/blog\/","name":"veredes, arquitectura y divulgaci\u00f3n","description":"veredes","publisher":{"@id":"https:\/\/veredes.es\/blog\/#organization"},"alternateName":"veredes","potentialAction":[{"@type":"SearchAction","target":{"@type":"EntryPoint","urlTemplate":"https:\/\/veredes.es\/blog\/?s={search_term_string}"},"query-input":{"@type":"PropertyValueSpecification","valueRequired":true,"valueName":"search_term_string"}}],"inLanguage":"es"},{"@type":"Organization","@id":"https:\/\/veredes.es\/blog\/#organization","name":"veredes, arquitectura y divulgaci\u00f3n","alternateName":"veredes","url":"https:\/\/veredes.es\/blog\/","logo":{"@type":"ImageObject","inLanguage":"es","@id":"https:\/\/veredes.es\/blog\/#\/schema\/logo\/image\/","url":"https:\/\/veredes.es\/blog\/wp-content\/uploads\/2021\/12\/veredes-logo-centrado_140x54.png","contentUrl":"https:\/\/veredes.es\/blog\/wp-content\/uploads\/2021\/12\/veredes-logo-centrado_140x54.png","width":140,"height":54,"caption":"veredes, arquitectura y divulgaci\u00f3n"},"image":{"@id":"https:\/\/veredes.es\/blog\/#\/schema\/logo\/image\/"},"sameAs":["https:\/\/www.facebook.com\/veredesArquitecturayDivulgacion\/","https:\/\/x.com\/veredes","https:\/\/instagram.com\/veredes\/","https:\/\/www.linkedin.com\/company\/veredes-arquitectura-y-divulgacion\/","https:\/\/es.pinterest.com\/veredes\/","https:\/\/www.tumblr.com\/veredes"]},{"@type":"Person","@id":"https:\/\/veredes.es\/blog\/#\/schema\/person\/0bbb669073ef7faba5168a0844e93d2c","name":"veredes","image":{"@type":"ImageObject","inLanguage":"es","@id":"https:\/\/veredes.es\/blog\/wp-content\/uploads\/2018\/04\/face-96x96.jpg","url":"https:\/\/veredes.es\/blog\/wp-content\/uploads\/2018\/04\/face-96x96.jpg","contentUrl":"https:\/\/veredes.es\/blog\/wp-content\/uploads\/2018\/04\/face-96x96.jpg","caption":"veredes"},"description":"Surge enero de 2009 como b\u00fasqueda de satisfacer el conocimiento de la actividad arquitect\u00f3nica y tangentes que se generan. La idea es crear un espacio para divulgar los diversos proyectos en busca de nueva inspiraci\u00f3n y de intercambio.","sameAs":["https:\/\/veredes.es\/","https:\/\/www.facebook.com\/veredesArquitecturayDivulgacion\/","https:\/\/www.instagram.com\/veredes\/","https:\/\/www.linkedin.com\/company\/veredes-arquitectura-y-divulgacion\/","https:\/\/www.pinterest.es\/veredes\/","https:\/\/x.com\/https:\/\/twitter.com\/veredes","https:\/\/veredes.tumblr.com\/"],"url":"https:\/\/veredes.es\/blog\/author\/alberto\/"}]}},"_links":{"self":[{"href":"https:\/\/veredes.es\/blog\/wp-json\/wp\/v2\/posts\/27632","targetHints":{"allow":["GET"]}}],"collection":[{"href":"https:\/\/veredes.es\/blog\/wp-json\/wp\/v2\/posts"}],"about":[{"href":"https:\/\/veredes.es\/blog\/wp-json\/wp\/v2\/types\/post"}],"author":[{"embeddable":true,"href":"https:\/\/veredes.es\/blog\/wp-json\/wp\/v2\/users\/2"}],"replies":[{"embeddable":true,"href":"https:\/\/veredes.es\/blog\/wp-json\/wp\/v2\/comments?post=27632"}],"version-history":[{"count":0,"href":"https:\/\/veredes.es\/blog\/wp-json\/wp\/v2\/posts\/27632\/revisions"}],"wp:featuredmedia":[{"embeddable":true,"href":"https:\/\/veredes.es\/blog\/wp-json\/wp\/v2\/media\/27633"}],"wp:attachment":[{"href":"https:\/\/veredes.es\/blog\/wp-json\/wp\/v2\/media?parent=27632"}],"wp:term":[{"taxonomy":"category","embeddable":true,"href":"https:\/\/veredes.es\/blog\/wp-json\/wp\/v2\/categories?post=27632"},{"taxonomy":"post_tag","embeddable":true,"href":"https:\/\/veredes.es\/blog\/wp-json\/wp\/v2\/tags?post=27632"}],"curies":[{"name":"wp","href":"https:\/\/api.w.org\/{rel}","templated":true}]}}