{"id":27552,"date":"2012-11-27T06:36:19","date_gmt":"2012-11-27T05:36:19","guid":{"rendered":"http:\/\/veredes.es\/blog\/?p=27552"},"modified":"2019-12-03T19:35:32","modified_gmt":"2019-12-03T18:35:32","slug":"jornadas-modernidad-y-contemporaneidad-2","status":"publish","type":"post","link":"https:\/\/veredes.es\/blog\/jornadas-modernidad-y-contemporaneidad-2\/","title":{"rendered":"Jornadas Modernidad y Contemporaneidad"},"content":{"rendered":"<p><\/p>\n<p style=\"text-align: justify;\"><a href=\"https:\/\/veredes.es\/blog\/wp-content\/uploads\/2012\/11\/Jornadas-Modernidad-y-Contemporaneidad.jpg\"><img loading=\"lazy\" decoding=\"async\" class=\"alignnone size-full wp-image-27553\" title=\"Jornadas Modernidad y Contemporaneidad\" src=\"https:\/\/veredes.es\/blog\/wp-content\/uploads\/2012\/11\/Jornadas-Modernidad-y-Contemporaneidad.jpg\" alt=\"\" width=\"620\" height=\"620\" srcset=\"https:\/\/veredes.es\/blog\/wp-content\/uploads\/2012\/11\/Jornadas-Modernidad-y-Contemporaneidad.jpg 620w, https:\/\/veredes.es\/blog\/wp-content\/uploads\/2012\/11\/Jornadas-Modernidad-y-Contemporaneidad-150x150.jpg 150w, https:\/\/veredes.es\/blog\/wp-content\/uploads\/2012\/11\/Jornadas-Modernidad-y-Contemporaneidad-300x300.jpg 300w, https:\/\/veredes.es\/blog\/wp-content\/uploads\/2012\/11\/Jornadas-Modernidad-y-Contemporaneidad-120x120.jpg 120w\" sizes=\"auto, (max-width: 620px) 100vw, 620px\" \/><\/a><\/p>\n<p style=\"text-align: justify;\">Los d\u00edas 17 y 18 de diciembre organizamos las jornadas de arquitectura <strong>Modernidad y Contemporaneidad<\/strong>, que se celebrar\u00e1n en el sal\u00f3n de actos de la Escuela T\u00e9cnica Superior de Arquitectura de la Universidade da Coru\u00f1a, de 9.30 a 15 horas, con el siguiente programa:<\/p>\n<p style=\"text-align: justify;\"><strong>Lunes 17 de diciembre<\/strong><\/p>\n<p style=\"text-align: justify;\"><strong>F<\/strong><strong>ERNANDO AGRASAR QUIROGA<\/strong> (UDC. Grupo GICAP)<br \/>\n<em>La modernidad del siglo XX en la Galicia del siglo XXI<\/em><\/p>\n<p style=\"text-align: justify;\"><strong>JOS\u00c9 RAM\u00d3N ALONSO PEREIRA <\/strong>(UDC. Grupo IALA)<br \/>\n<em>Modernidad y contemporaneidad: un debate abierto en la Europa del siglo XXI<\/em><\/p>\n<p style=\"text-align: justify;\"><strong>XAVIER MONTEYS ROIG<\/strong> (UPC. Grupo Habitar)<br \/>\n<em>Los problemas de la vivienda contempor\u00e1nea<\/em><\/p>\n<p style=\"text-align: justify;\"><strong>Martes 18 de diciembre<\/strong><\/p>\n<p style=\"text-align: justify;\"><strong>CARMEN ADAMS FERN\u00c1NDEZ<\/strong> (UO. H\u00aa del Arte)<br \/>\n<em>Arte y resiliencia: paisajes del siglo XXI<\/em><\/p>\n<p style=\"text-align: justify;\"><strong>JORGE TORRES CUECO<\/strong> (UPV. Grupo InPAr)<br \/>\n<em>Mise au point: Le Corbusier y el proyecto moderno<\/em><\/p>\n<p style=\"text-align: justify;\"><strong>ENRIQUE BLANCO LORENZO + PATRICIA SAB\u00cdN D\u00cdAZ<\/strong> (UDC. Grupo IALA)<br \/>\n<em>Las generaciones que definen nuestro tiempo<\/em><\/p>\n<p style=\"text-align: justify;\">Se conceder\u00e1 un cr\u00e9dito de libre elecci\u00f3n.<\/p>\n<p style=\"text-align: justify;\"><a href=\"http:\/\/etsa.udc.es\/web\/?ai1ec_event=modernidad-y-contemporaneidad-jornadas&amp;instance_id=\" target=\"_blank\"><span style=\"color: #888888;\">+ info<\/span><\/a><\/p>\n<p><\/p>","protected":false},"excerpt":{"rendered":"<p>Los d\u00edas 17 y 18 de diciembre organizamos las jornadas de arquitectura Modernidad y Contemporaneidad, que se celebrar\u00e1n en el sal\u00f3n de actos de la Escuela T\u00e9cnica Superior de Arquitectura de la Universidade da Coru\u00f1a, de 9.30 a 15 horas, con el siguiente programa: Lunes 17 de diciembre FERNANDO AGRASAR QUIROGA (UDC. Grupo GICAP) La [&hellip;]<\/p>\n","protected":false},"author":2,"featured_media":27553,"comment_status":"open","ping_status":"closed","sticky":false,"template":"","format":"standard","meta":{"footnotes":""},"categories":[1385,16],"tags":[143,147,6496,357,6493,541,4865,619,6495,6498,6494,1315,6741],"class_list":{"0":"post-27552","1":"post","2":"type-post","3":"status-publish","4":"format-standard","5":"has-post-thumbnail","7":"category-conferencias","8":"category-eventos","9":"tag-arquitectura-contemporanea","10":"tag-arquitectura-moderna","11":"tag-carmen-adms-fernandez","12":"tag-conferencia","13":"tag-enrique-blanco-lorenzo","14":"tag-etsac","15":"tag-fernando-agrasar-quiroga","16":"tag-galicia","17":"tag-jorge-torres-cueco","18":"tag-jose-ramon-alonso-pereira","19":"tag-patricia-sabin-diaz","20":"tag-udc","21":"tag-xavier-monteys-roig"},"yoast_head":"<!-- This site is optimized with the Yoast SEO plugin v27.4 - https:\/\/yoast.com\/product\/yoast-seo-wordpress\/ -->\n<title>Jornadas Modernidad y ContemporaneidadXornadas Modernidade e ContemporaneidadeDays Modernity and Contemporaneousness - veredes<\/title>\n<meta name=\"description\" content=\"Toda la informaci\u00f3n sobre: Jornadas Modernidad y ContemporaneidadXornadas Modernidade e ContemporaneidadeDays Modernity and Contemporaneousness\" \/>\n<meta name=\"robots\" content=\"index, follow, max-snippet:-1, max-image-preview:large, max-video-preview:-1\" \/>\n<link rel=\"canonical\" href=\"https:\/\/veredes.es\/blog\/jornadas-modernidad-y-contemporaneidad-2\/\" \/>\n<meta property=\"og:locale\" content=\"es_ES\" \/>\n<meta property=\"og:type\" content=\"article\" \/>\n<meta property=\"og:title\" content=\"Jornadas Modernidad y ContemporaneidadXornadas Modernidade e ContemporaneidadeDays Modernity and Contemporaneousness - veredes\" \/>\n<meta property=\"og:description\" content=\"Toda la informaci\u00f3n sobre: Jornadas Modernidad y ContemporaneidadXornadas Modernidade e ContemporaneidadeDays Modernity and Contemporaneousness\" \/>\n<meta property=\"og:url\" content=\"https:\/\/veredes.es\/blog\/jornadas-modernidad-y-contemporaneidad-2\/\" \/>\n<meta property=\"og:site_name\" content=\"veredes, arquitectura y divulgaci\u00f3n\" \/>\n<meta property=\"article:publisher\" content=\"https:\/\/www.facebook.com\/veredesArquitecturayDivulgacion\/\" \/>\n<meta property=\"article:author\" content=\"https:\/\/www.facebook.com\/veredesArquitecturayDivulgacion\/\" \/>\n<meta property=\"article:published_time\" content=\"2012-11-27T05:36:19+00:00\" \/>\n<meta property=\"article:modified_time\" content=\"2019-12-03T18:35:32+00:00\" \/>\n<meta property=\"og:image\" content=\"https:\/\/veredes.es\/blog\/wp-content\/uploads\/2012\/11\/Jornadas-Modernidad-y-Contemporaneidad.jpg\" \/>\n\t<meta property=\"og:image:width\" content=\"620\" \/>\n\t<meta property=\"og:image:height\" content=\"620\" \/>\n\t<meta property=\"og:image:type\" content=\"image\/jpeg\" \/>\n<meta name=\"author\" content=\"veredes\" \/>\n<meta name=\"twitter:card\" content=\"summary_large_image\" \/>\n<meta name=\"twitter:creator\" content=\"@https:\/\/twitter.com\/veredes\" \/>\n<meta name=\"twitter:site\" content=\"@veredes\" \/>\n<meta name=\"twitter:label1\" content=\"Escrito por\" \/>\n\t<meta name=\"twitter:data1\" content=\"veredes\" \/>\n\t<meta name=\"twitter:label2\" content=\"Tiempo de lectura\" \/>\n\t<meta name=\"twitter:data2\" content=\"2 minutos\" \/>\n<script type=\"application\/ld+json\" class=\"yoast-schema-graph\">{\"@context\":\"https:\\\/\\\/schema.org\",\"@graph\":[{\"@type\":\"Article\",\"@id\":\"https:\\\/\\\/veredes.es\\\/blog\\\/jornadas-modernidad-y-contemporaneidad-2\\\/#article\",\"isPartOf\":{\"@id\":\"https:\\\/\\\/veredes.es\\\/blog\\\/jornadas-modernidad-y-contemporaneidad-2\\\/\"},\"author\":{\"name\":\"veredes\",\"@id\":\"https:\\\/\\\/veredes.es\\\/blog\\\/#\\\/schema\\\/person\\\/0bbb669073ef7faba5168a0844e93d2c\"},\"headline\":\"Jornadas Modernidad y Contemporaneidad\",\"datePublished\":\"2012-11-27T05:36:19+00:00\",\"dateModified\":\"2019-12-03T18:35:32+00:00\",\"mainEntityOfPage\":{\"@id\":\"https:\\\/\\\/veredes.es\\\/blog\\\/jornadas-modernidad-y-contemporaneidad-2\\\/\"},\"wordCount\":482,\"commentCount\":0,\"publisher\":{\"@id\":\"https:\\\/\\\/veredes.es\\\/blog\\\/#organization\"},\"image\":{\"@id\":\"https:\\\/\\\/veredes.es\\\/blog\\\/jornadas-modernidad-y-contemporaneidad-2\\\/#primaryimage\"},\"thumbnailUrl\":\"https:\\\/\\\/veredes.es\\\/blog\\\/wp-content\\\/uploads\\\/2012\\\/11\\\/Jornadas-Modernidad-y-Contemporaneidad.jpg\",\"keywords\":[\"arquitectura contempor\u00e1nea\",\"arquitectura moderna\",\"carmen adms fern\u00e1ndez\",\"conferencia\",\"Enrique Blanco Lorenzo\",\"ETSAC\",\"Fernando Agrasar Quiroga\",\"Galicia\",\"Jorge Torres Cueco\",\"Jos\u00e9 Ram\u00f3n Alonso Pereira\",\"Patricia Sab\u00edn D\u00edaz\",\"UdC\",\"Xavier Monteys Roig\"],\"articleSection\":[\"conferencias\",\"eventos\"],\"inLanguage\":\"es\",\"potentialAction\":[{\"@type\":\"CommentAction\",\"name\":\"Comment\",\"target\":[\"https:\\\/\\\/veredes.es\\\/blog\\\/jornadas-modernidad-y-contemporaneidad-2\\\/#respond\"]}]},{\"@type\":\"WebPage\",\"@id\":\"https:\\\/\\\/veredes.es\\\/blog\\\/jornadas-modernidad-y-contemporaneidad-2\\\/\",\"url\":\"https:\\\/\\\/veredes.es\\\/blog\\\/jornadas-modernidad-y-contemporaneidad-2\\\/\",\"name\":\"Jornadas Modernidad y ContemporaneidadXornadas Modernidade e ContemporaneidadeDays Modernity and Contemporaneousness - veredes\",\"isPartOf\":{\"@id\":\"https:\\\/\\\/veredes.es\\\/blog\\\/#website\"},\"primaryImageOfPage\":{\"@id\":\"https:\\\/\\\/veredes.es\\\/blog\\\/jornadas-modernidad-y-contemporaneidad-2\\\/#primaryimage\"},\"image\":{\"@id\":\"https:\\\/\\\/veredes.es\\\/blog\\\/jornadas-modernidad-y-contemporaneidad-2\\\/#primaryimage\"},\"thumbnailUrl\":\"https:\\\/\\\/veredes.es\\\/blog\\\/wp-content\\\/uploads\\\/2012\\\/11\\\/Jornadas-Modernidad-y-Contemporaneidad.jpg\",\"datePublished\":\"2012-11-27T05:36:19+00:00\",\"dateModified\":\"2019-12-03T18:35:32+00:00\",\"description\":\"Toda la informaci\u00f3n sobre: Jornadas Modernidad y ContemporaneidadXornadas Modernidade e ContemporaneidadeDays Modernity and Contemporaneousness\",\"breadcrumb\":{\"@id\":\"https:\\\/\\\/veredes.es\\\/blog\\\/jornadas-modernidad-y-contemporaneidad-2\\\/#breadcrumb\"},\"inLanguage\":\"es\",\"potentialAction\":[{\"@type\":\"ReadAction\",\"target\":[\"https:\\\/\\\/veredes.es\\\/blog\\\/jornadas-modernidad-y-contemporaneidad-2\\\/\"]}]},{\"@type\":\"ImageObject\",\"inLanguage\":\"es\",\"@id\":\"https:\\\/\\\/veredes.es\\\/blog\\\/jornadas-modernidad-y-contemporaneidad-2\\\/#primaryimage\",\"url\":\"https:\\\/\\\/veredes.es\\\/blog\\\/wp-content\\\/uploads\\\/2012\\\/11\\\/Jornadas-Modernidad-y-Contemporaneidad.jpg\",\"contentUrl\":\"https:\\\/\\\/veredes.es\\\/blog\\\/wp-content\\\/uploads\\\/2012\\\/11\\\/Jornadas-Modernidad-y-Contemporaneidad.jpg\",\"width\":\"620\",\"height\":\"620\"},{\"@type\":\"BreadcrumbList\",\"@id\":\"https:\\\/\\\/veredes.es\\\/blog\\\/jornadas-modernidad-y-contemporaneidad-2\\\/#breadcrumb\",\"itemListElement\":[{\"@type\":\"ListItem\",\"position\":1,\"name\":\"Portada\",\"item\":\"https:\\\/\\\/veredes.es\\\/blog\\\/\"},{\"@type\":\"ListItem\",\"position\":2,\"name\":\"Jornadas Modernidad y Contemporaneidad\"}]},{\"@type\":\"WebSite\",\"@id\":\"https:\\\/\\\/veredes.es\\\/blog\\\/#website\",\"url\":\"https:\\\/\\\/veredes.es\\\/blog\\\/\",\"name\":\"veredes, arquitectura y divulgaci\u00f3n\",\"description\":\"veredes\",\"publisher\":{\"@id\":\"https:\\\/\\\/veredes.es\\\/blog\\\/#organization\"},\"alternateName\":\"veredes\",\"potentialAction\":[{\"@type\":\"SearchAction\",\"target\":{\"@type\":\"EntryPoint\",\"urlTemplate\":\"https:\\\/\\\/veredes.es\\\/blog\\\/?s={search_term_string}\"},\"query-input\":{\"@type\":\"PropertyValueSpecification\",\"valueRequired\":true,\"valueName\":\"search_term_string\"}}],\"inLanguage\":\"es\"},{\"@type\":\"Organization\",\"@id\":\"https:\\\/\\\/veredes.es\\\/blog\\\/#organization\",\"name\":\"veredes, arquitectura y divulgaci\u00f3n\",\"alternateName\":\"veredes\",\"url\":\"https:\\\/\\\/veredes.es\\\/blog\\\/\",\"logo\":{\"@type\":\"ImageObject\",\"inLanguage\":\"es\",\"@id\":\"https:\\\/\\\/veredes.es\\\/blog\\\/#\\\/schema\\\/logo\\\/image\\\/\",\"url\":\"https:\\\/\\\/veredes.es\\\/blog\\\/wp-content\\\/uploads\\\/2021\\\/12\\\/veredes-logo-centrado_140x54.png\",\"contentUrl\":\"https:\\\/\\\/veredes.es\\\/blog\\\/wp-content\\\/uploads\\\/2021\\\/12\\\/veredes-logo-centrado_140x54.png\",\"width\":140,\"height\":54,\"caption\":\"veredes, arquitectura y divulgaci\u00f3n\"},\"image\":{\"@id\":\"https:\\\/\\\/veredes.es\\\/blog\\\/#\\\/schema\\\/logo\\\/image\\\/\"},\"sameAs\":[\"https:\\\/\\\/www.facebook.com\\\/veredesArquitecturayDivulgacion\\\/\",\"https:\\\/\\\/x.com\\\/veredes\",\"https:\\\/\\\/instagram.com\\\/veredes\\\/\",\"https:\\\/\\\/www.linkedin.com\\\/company\\\/veredes-arquitectura-y-divulgacion\\\/\",\"https:\\\/\\\/es.pinterest.com\\\/veredes\\\/\",\"https:\\\/\\\/www.tumblr.com\\\/veredes\"]},{\"@type\":\"Person\",\"@id\":\"https:\\\/\\\/veredes.es\\\/blog\\\/#\\\/schema\\\/person\\\/0bbb669073ef7faba5168a0844e93d2c\",\"name\":\"veredes\",\"image\":{\"@type\":\"ImageObject\",\"inLanguage\":\"es\",\"@id\":\"https:\\\/\\\/veredes.es\\\/blog\\\/wp-content\\\/uploads\\\/2018\\\/04\\\/face-96x96.jpg\",\"url\":\"https:\\\/\\\/veredes.es\\\/blog\\\/wp-content\\\/uploads\\\/2018\\\/04\\\/face-96x96.jpg\",\"contentUrl\":\"https:\\\/\\\/veredes.es\\\/blog\\\/wp-content\\\/uploads\\\/2018\\\/04\\\/face-96x96.jpg\",\"caption\":\"veredes\"},\"description\":\"Surge enero de 2009 como b\u00fasqueda de satisfacer el conocimiento de la actividad arquitect\u00f3nica y tangentes que se generan. La idea es crear un espacio para divulgar los diversos proyectos en busca de nueva inspiraci\u00f3n y de intercambio.\",\"sameAs\":[\"https:\\\/\\\/veredes.es\\\/\",\"https:\\\/\\\/www.facebook.com\\\/veredesArquitecturayDivulgacion\\\/\",\"https:\\\/\\\/www.instagram.com\\\/veredes\\\/\",\"https:\\\/\\\/www.linkedin.com\\\/company\\\/veredes-arquitectura-y-divulgacion\\\/\",\"https:\\\/\\\/www.pinterest.es\\\/veredes\\\/\",\"https:\\\/\\\/x.com\\\/https:\\\/\\\/twitter.com\\\/veredes\",\"https:\\\/\\\/veredes.tumblr.com\\\/\"],\"url\":\"https:\\\/\\\/veredes.es\\\/blog\\\/author\\\/alberto\\\/\"}]}<\/script>\n<!-- \/ Yoast SEO plugin. -->","yoast_head_json":{"title":"Jornadas Modernidad y ContemporaneidadXornadas Modernidade e ContemporaneidadeDays Modernity and Contemporaneousness - veredes","description":"Toda la informaci\u00f3n sobre: Jornadas Modernidad y ContemporaneidadXornadas Modernidade e ContemporaneidadeDays Modernity and Contemporaneousness","robots":{"index":"index","follow":"follow","max-snippet":"max-snippet:-1","max-image-preview":"max-image-preview:large","max-video-preview":"max-video-preview:-1"},"canonical":"https:\/\/veredes.es\/blog\/jornadas-modernidad-y-contemporaneidad-2\/","og_locale":"es_ES","og_type":"article","og_title":"Jornadas Modernidad y ContemporaneidadXornadas Modernidade e ContemporaneidadeDays Modernity and Contemporaneousness - veredes","og_description":"Toda la informaci\u00f3n sobre: Jornadas Modernidad y ContemporaneidadXornadas Modernidade e ContemporaneidadeDays Modernity and Contemporaneousness","og_url":"https:\/\/veredes.es\/blog\/jornadas-modernidad-y-contemporaneidad-2\/","og_site_name":"veredes, arquitectura y divulgaci\u00f3n","article_publisher":"https:\/\/www.facebook.com\/veredesArquitecturayDivulgacion\/","article_author":"https:\/\/www.facebook.com\/veredesArquitecturayDivulgacion\/","article_published_time":"2012-11-27T05:36:19+00:00","article_modified_time":"2019-12-03T18:35:32+00:00","og_image":[{"width":620,"height":620,"url":"https:\/\/veredes.es\/blog\/wp-content\/uploads\/2012\/11\/Jornadas-Modernidad-y-Contemporaneidad.jpg","type":"image\/jpeg"}],"author":"veredes","twitter_card":"summary_large_image","twitter_creator":"@https:\/\/twitter.com\/veredes","twitter_site":"@veredes","twitter_misc":{"Escrito por":"veredes","Tiempo de lectura":"2 minutos"},"schema":{"@context":"https:\/\/schema.org","@graph":[{"@type":"Article","@id":"https:\/\/veredes.es\/blog\/jornadas-modernidad-y-contemporaneidad-2\/#article","isPartOf":{"@id":"https:\/\/veredes.es\/blog\/jornadas-modernidad-y-contemporaneidad-2\/"},"author":{"name":"veredes","@id":"https:\/\/veredes.es\/blog\/#\/schema\/person\/0bbb669073ef7faba5168a0844e93d2c"},"headline":"Jornadas Modernidad y Contemporaneidad","datePublished":"2012-11-27T05:36:19+00:00","dateModified":"2019-12-03T18:35:32+00:00","mainEntityOfPage":{"@id":"https:\/\/veredes.es\/blog\/jornadas-modernidad-y-contemporaneidad-2\/"},"wordCount":482,"commentCount":0,"publisher":{"@id":"https:\/\/veredes.es\/blog\/#organization"},"image":{"@id":"https:\/\/veredes.es\/blog\/jornadas-modernidad-y-contemporaneidad-2\/#primaryimage"},"thumbnailUrl":"https:\/\/veredes.es\/blog\/wp-content\/uploads\/2012\/11\/Jornadas-Modernidad-y-Contemporaneidad.jpg","keywords":["arquitectura contempor\u00e1nea","arquitectura moderna","carmen adms fern\u00e1ndez","conferencia","Enrique Blanco Lorenzo","ETSAC","Fernando Agrasar Quiroga","Galicia","Jorge Torres Cueco","Jos\u00e9 Ram\u00f3n Alonso Pereira","Patricia Sab\u00edn D\u00edaz","UdC","Xavier Monteys Roig"],"articleSection":["conferencias","eventos"],"inLanguage":"es","potentialAction":[{"@type":"CommentAction","name":"Comment","target":["https:\/\/veredes.es\/blog\/jornadas-modernidad-y-contemporaneidad-2\/#respond"]}]},{"@type":"WebPage","@id":"https:\/\/veredes.es\/blog\/jornadas-modernidad-y-contemporaneidad-2\/","url":"https:\/\/veredes.es\/blog\/jornadas-modernidad-y-contemporaneidad-2\/","name":"Jornadas Modernidad y ContemporaneidadXornadas Modernidade e ContemporaneidadeDays Modernity and Contemporaneousness - veredes","isPartOf":{"@id":"https:\/\/veredes.es\/blog\/#website"},"primaryImageOfPage":{"@id":"https:\/\/veredes.es\/blog\/jornadas-modernidad-y-contemporaneidad-2\/#primaryimage"},"image":{"@id":"https:\/\/veredes.es\/blog\/jornadas-modernidad-y-contemporaneidad-2\/#primaryimage"},"thumbnailUrl":"https:\/\/veredes.es\/blog\/wp-content\/uploads\/2012\/11\/Jornadas-Modernidad-y-Contemporaneidad.jpg","datePublished":"2012-11-27T05:36:19+00:00","dateModified":"2019-12-03T18:35:32+00:00","description":"Toda la informaci\u00f3n sobre: Jornadas Modernidad y ContemporaneidadXornadas Modernidade e ContemporaneidadeDays Modernity and Contemporaneousness","breadcrumb":{"@id":"https:\/\/veredes.es\/blog\/jornadas-modernidad-y-contemporaneidad-2\/#breadcrumb"},"inLanguage":"es","potentialAction":[{"@type":"ReadAction","target":["https:\/\/veredes.es\/blog\/jornadas-modernidad-y-contemporaneidad-2\/"]}]},{"@type":"ImageObject","inLanguage":"es","@id":"https:\/\/veredes.es\/blog\/jornadas-modernidad-y-contemporaneidad-2\/#primaryimage","url":"https:\/\/veredes.es\/blog\/wp-content\/uploads\/2012\/11\/Jornadas-Modernidad-y-Contemporaneidad.jpg","contentUrl":"https:\/\/veredes.es\/blog\/wp-content\/uploads\/2012\/11\/Jornadas-Modernidad-y-Contemporaneidad.jpg","width":"620","height":"620"},{"@type":"BreadcrumbList","@id":"https:\/\/veredes.es\/blog\/jornadas-modernidad-y-contemporaneidad-2\/#breadcrumb","itemListElement":[{"@type":"ListItem","position":1,"name":"Portada","item":"https:\/\/veredes.es\/blog\/"},{"@type":"ListItem","position":2,"name":"Jornadas Modernidad y Contemporaneidad"}]},{"@type":"WebSite","@id":"https:\/\/veredes.es\/blog\/#website","url":"https:\/\/veredes.es\/blog\/","name":"veredes, arquitectura y divulgaci\u00f3n","description":"veredes","publisher":{"@id":"https:\/\/veredes.es\/blog\/#organization"},"alternateName":"veredes","potentialAction":[{"@type":"SearchAction","target":{"@type":"EntryPoint","urlTemplate":"https:\/\/veredes.es\/blog\/?s={search_term_string}"},"query-input":{"@type":"PropertyValueSpecification","valueRequired":true,"valueName":"search_term_string"}}],"inLanguage":"es"},{"@type":"Organization","@id":"https:\/\/veredes.es\/blog\/#organization","name":"veredes, arquitectura y divulgaci\u00f3n","alternateName":"veredes","url":"https:\/\/veredes.es\/blog\/","logo":{"@type":"ImageObject","inLanguage":"es","@id":"https:\/\/veredes.es\/blog\/#\/schema\/logo\/image\/","url":"https:\/\/veredes.es\/blog\/wp-content\/uploads\/2021\/12\/veredes-logo-centrado_140x54.png","contentUrl":"https:\/\/veredes.es\/blog\/wp-content\/uploads\/2021\/12\/veredes-logo-centrado_140x54.png","width":140,"height":54,"caption":"veredes, arquitectura y divulgaci\u00f3n"},"image":{"@id":"https:\/\/veredes.es\/blog\/#\/schema\/logo\/image\/"},"sameAs":["https:\/\/www.facebook.com\/veredesArquitecturayDivulgacion\/","https:\/\/x.com\/veredes","https:\/\/instagram.com\/veredes\/","https:\/\/www.linkedin.com\/company\/veredes-arquitectura-y-divulgacion\/","https:\/\/es.pinterest.com\/veredes\/","https:\/\/www.tumblr.com\/veredes"]},{"@type":"Person","@id":"https:\/\/veredes.es\/blog\/#\/schema\/person\/0bbb669073ef7faba5168a0844e93d2c","name":"veredes","image":{"@type":"ImageObject","inLanguage":"es","@id":"https:\/\/veredes.es\/blog\/wp-content\/uploads\/2018\/04\/face-96x96.jpg","url":"https:\/\/veredes.es\/blog\/wp-content\/uploads\/2018\/04\/face-96x96.jpg","contentUrl":"https:\/\/veredes.es\/blog\/wp-content\/uploads\/2018\/04\/face-96x96.jpg","caption":"veredes"},"description":"Surge enero de 2009 como b\u00fasqueda de satisfacer el conocimiento de la actividad arquitect\u00f3nica y tangentes que se generan. La idea es crear un espacio para divulgar los diversos proyectos en busca de nueva inspiraci\u00f3n y de intercambio.","sameAs":["https:\/\/veredes.es\/","https:\/\/www.facebook.com\/veredesArquitecturayDivulgacion\/","https:\/\/www.instagram.com\/veredes\/","https:\/\/www.linkedin.com\/company\/veredes-arquitectura-y-divulgacion\/","https:\/\/www.pinterest.es\/veredes\/","https:\/\/x.com\/https:\/\/twitter.com\/veredes","https:\/\/veredes.tumblr.com\/"],"url":"https:\/\/veredes.es\/blog\/author\/alberto\/"}]}},"_links":{"self":[{"href":"https:\/\/veredes.es\/blog\/wp-json\/wp\/v2\/posts\/27552","targetHints":{"allow":["GET"]}}],"collection":[{"href":"https:\/\/veredes.es\/blog\/wp-json\/wp\/v2\/posts"}],"about":[{"href":"https:\/\/veredes.es\/blog\/wp-json\/wp\/v2\/types\/post"}],"author":[{"embeddable":true,"href":"https:\/\/veredes.es\/blog\/wp-json\/wp\/v2\/users\/2"}],"replies":[{"embeddable":true,"href":"https:\/\/veredes.es\/blog\/wp-json\/wp\/v2\/comments?post=27552"}],"version-history":[{"count":0,"href":"https:\/\/veredes.es\/blog\/wp-json\/wp\/v2\/posts\/27552\/revisions"}],"wp:featuredmedia":[{"embeddable":true,"href":"https:\/\/veredes.es\/blog\/wp-json\/wp\/v2\/media\/27553"}],"wp:attachment":[{"href":"https:\/\/veredes.es\/blog\/wp-json\/wp\/v2\/media?parent=27552"}],"wp:term":[{"taxonomy":"category","embeddable":true,"href":"https:\/\/veredes.es\/blog\/wp-json\/wp\/v2\/categories?post=27552"},{"taxonomy":"post_tag","embeddable":true,"href":"https:\/\/veredes.es\/blog\/wp-json\/wp\/v2\/tags?post=27552"}],"curies":[{"name":"wp","href":"https:\/\/api.w.org\/{rel}","templated":true}]}}