{"id":26684,"date":"2012-11-15T06:27:11","date_gmt":"2012-11-15T06:27:11","guid":{"rendered":"http:\/\/veredes.es\/blog\/?p=26684"},"modified":"2020-03-03T10:01:21","modified_gmt":"2020-03-03T09:01:21","slug":"revista-de-arquitectura-1100-no-40","status":"publish","type":"post","link":"https:\/\/veredes.es\/blog\/revista-de-arquitectura-1100-no-40\/","title":{"rendered":"Revista 1:100 n\u00ba 40"},"content":{"rendered":"<p><\/p>\n<p style=\"text-align: justify;\">En esta edici\u00f3n nos complace compartir con ustedes la trayectoria de Juan Manuel Pel\u00e1ez, este joven arquitecto colombiano que con tan solo quince a\u00f1os de trayectoria ha logrado consolidar su obra por dem\u00e1s interesante y enriquecedora. En los quince a\u00f1os de intenso trabajo y reflexi\u00f3n, el arq. Pel\u00e1ez ide\u00f3 y construy\u00f3 obras de escalas y programas tan variados que van desde las casas Gris y Horas Claras o el Colegio Bureche, hasta la plaza Cisneros en Medell\u00edn e incluso su propuesta junto a Zaha Hadid para el Concurso del Centro Internacional de Convenciones de Bogot\u00e1.<\/p>\n<p style=\"text-align: justify;\"><a href=\"https:\/\/veredes.es\/blog\/wp-content\/uploads\/2012\/11\/n-40-0.jpg\"><img loading=\"lazy\" decoding=\"async\" class=\"alignnone size-full wp-image-26686\" title=\"n-40-0\" src=\"https:\/\/veredes.es\/blog\/wp-content\/uploads\/2012\/11\/n-40-0.jpg\" alt=\"\" width=\"620\" height=\"466\" srcset=\"https:\/\/veredes.es\/blog\/wp-content\/uploads\/2012\/11\/n-40-0.jpg 620w, https:\/\/veredes.es\/blog\/wp-content\/uploads\/2012\/11\/n-40-0-300x225.jpg 300w\" sizes=\"auto, (max-width: 620px) 100vw, 620px\" \/><\/a><\/p>\n<p style=\"text-align: justify;\">Todas sus experiencias forman parte de su hacer, desde la m\u00fasica, los libros, sus amigos, sus viajes\u2026 Todo es influencia, disparadores frente a la hoja que no est\u00e1 en blanco, sino que est\u00e1 marcada con el sello de agua del encargo, del lugar y su tiempo, y de esta amalgama surgen las ideas que conforman el proyecto. No reniega de la tecnolog\u00eda ni se casa con ella. Cada obra es un proceso \u00fanico, pensada a partir del material necesario y con la resoluci\u00f3n t\u00e9cnica y tecnol\u00f3gica apropiada, justa. Nada est\u00e1 de m\u00e1s y nada est\u00e1 de menos. Todo pensado para generar espacios que atraviesen la vida de quienes los vivan y la enriquezcan.<\/p>\n<p style=\"text-align: justify;\"><span style=\"color: #888888;\">+ info<\/span><\/p>\n<p><\/p>","protected":false},"excerpt":{"rendered":"<p>En esta edici\u00f3n nos complace compartir con ustedes la trayectoria de Juan Manuel Pel\u00e1ez, este joven arquitecto colombiano que con tan solo quince a\u00f1os de trayectoria ha logrado consolidar su obra por dem\u00e1s interesante y enriquecedora. En los quince a\u00f1os de intenso trabajo y reflexi\u00f3n, el arq. Pel\u00e1ez ide\u00f3 y construy\u00f3 obras de escalas y [&hellip;]<\/p>\n","protected":false},"author":2,"featured_media":26686,"comment_status":"closed","ping_status":"closed","sticky":false,"template":"","format":"standard","meta":{"footnotes":""},"categories":[26,28],"tags":[6380,3350,510,709,6379,1716,1306],"class_list":{"0":"post-26684","1":"post","2":"type-post","3":"status-publish","4":"format-standard","5":"has-post-thumbnail","7":"category-publicaciones","8":"category-revistas","9":"tag-arquitectura-colombiana","10":"tag-editorial-1100","11":"tag-espacio","12":"tag-influencia","13":"tag-juan-manuel-pelaez","14":"tag-referencias","15":"tag-trayectoria"},"yoast_head":"<!-- This site is optimized with the Yoast SEO plugin v27.5 - https:\/\/yoast.com\/product\/yoast-seo-wordpress\/ -->\n<title>Revista 1:100 n\u00ba 40Revista 1:100 n\u00ba 40Revista 1:100 n\u00ba 40 - veredes<\/title>\n<meta name=\"description\" content=\"Toda la informaci\u00f3n sobre: Revista 1:100 n\u00ba 40Revista 1:100 n\u00ba 40Revista 1:100 n\u00ba 40\" \/>\n<meta name=\"robots\" content=\"index, follow, max-snippet:-1, max-image-preview:large, max-video-preview:-1\" \/>\n<link rel=\"canonical\" href=\"https:\/\/veredes.es\/blog\/revista-de-arquitectura-1100-no-40\/\" \/>\n<meta property=\"og:locale\" content=\"es_ES\" \/>\n<meta property=\"og:type\" content=\"article\" \/>\n<meta property=\"og:title\" content=\"Revista 1:100 n\u00ba 40Revista 1:100 n\u00ba 40Revista 1:100 n\u00ba 40 - veredes\" \/>\n<meta property=\"og:description\" content=\"Toda la informaci\u00f3n sobre: Revista 1:100 n\u00ba 40Revista 1:100 n\u00ba 40Revista 1:100 n\u00ba 40\" \/>\n<meta property=\"og:url\" content=\"https:\/\/veredes.es\/blog\/revista-de-arquitectura-1100-no-40\/\" \/>\n<meta property=\"og:site_name\" content=\"veredes, arquitectura y divulgaci\u00f3n\" \/>\n<meta property=\"article:publisher\" content=\"https:\/\/www.facebook.com\/veredesArquitecturayDivulgacion\/\" \/>\n<meta property=\"article:author\" content=\"https:\/\/www.facebook.com\/veredesArquitecturayDivulgacion\/\" \/>\n<meta property=\"article:published_time\" content=\"2012-11-15T06:27:11+00:00\" \/>\n<meta property=\"article:modified_time\" content=\"2020-03-03T09:01:21+00:00\" \/>\n<meta property=\"og:image\" content=\"https:\/\/veredes.es\/blog\/wp-content\/uploads\/2012\/11\/n-40-0.jpg\" \/>\n\t<meta property=\"og:image:width\" content=\"620\" \/>\n\t<meta property=\"og:image:height\" content=\"466\" \/>\n\t<meta property=\"og:image:type\" content=\"image\/jpeg\" \/>\n<meta name=\"author\" content=\"veredes\" \/>\n<meta name=\"twitter:card\" content=\"summary_large_image\" \/>\n<meta name=\"twitter:creator\" content=\"@https:\/\/twitter.com\/veredes\" \/>\n<meta name=\"twitter:site\" content=\"@veredes\" \/>\n<meta name=\"twitter:label1\" content=\"Escrito por\" \/>\n\t<meta name=\"twitter:data1\" content=\"veredes\" \/>\n\t<meta name=\"twitter:label2\" content=\"Tiempo de lectura\" \/>\n\t<meta name=\"twitter:data2\" content=\"3 minutos\" \/>\n<script type=\"application\/ld+json\" class=\"yoast-schema-graph\">{\"@context\":\"https:\\\/\\\/schema.org\",\"@graph\":[{\"@type\":\"Article\",\"@id\":\"https:\\\/\\\/veredes.es\\\/blog\\\/revista-de-arquitectura-1100-no-40\\\/#article\",\"isPartOf\":{\"@id\":\"https:\\\/\\\/veredes.es\\\/blog\\\/revista-de-arquitectura-1100-no-40\\\/\"},\"author\":{\"name\":\"veredes\",\"@id\":\"https:\\\/\\\/veredes.es\\\/blog\\\/#\\\/schema\\\/person\\\/0bbb669073ef7faba5168a0844e93d2c\"},\"headline\":\"Revista 1:100 n\u00ba 40\",\"datePublished\":\"2012-11-15T06:27:11+00:00\",\"dateModified\":\"2020-03-03T09:01:21+00:00\",\"mainEntityOfPage\":{\"@id\":\"https:\\\/\\\/veredes.es\\\/blog\\\/revista-de-arquitectura-1100-no-40\\\/\"},\"wordCount\":672,\"publisher\":{\"@id\":\"https:\\\/\\\/veredes.es\\\/blog\\\/#organization\"},\"image\":{\"@id\":\"https:\\\/\\\/veredes.es\\\/blog\\\/revista-de-arquitectura-1100-no-40\\\/#primaryimage\"},\"thumbnailUrl\":\"https:\\\/\\\/veredes.es\\\/blog\\\/wp-content\\\/uploads\\\/2012\\\/11\\\/n-40-0.jpg\",\"keywords\":[\"arquitectura colombiana\",\"editorial 1:100\",\"espacio\",\"influencia\",\"juan manuel pel\u00e1ez\",\"referencias\",\"trayectoria\"],\"articleSection\":[\"publicaciones\",\"revistas\"],\"inLanguage\":\"es\"},{\"@type\":\"WebPage\",\"@id\":\"https:\\\/\\\/veredes.es\\\/blog\\\/revista-de-arquitectura-1100-no-40\\\/\",\"url\":\"https:\\\/\\\/veredes.es\\\/blog\\\/revista-de-arquitectura-1100-no-40\\\/\",\"name\":\"Revista 1:100 n\u00ba 40Revista 1:100 n\u00ba 40Revista 1:100 n\u00ba 40 - veredes\",\"isPartOf\":{\"@id\":\"https:\\\/\\\/veredes.es\\\/blog\\\/#website\"},\"primaryImageOfPage\":{\"@id\":\"https:\\\/\\\/veredes.es\\\/blog\\\/revista-de-arquitectura-1100-no-40\\\/#primaryimage\"},\"image\":{\"@id\":\"https:\\\/\\\/veredes.es\\\/blog\\\/revista-de-arquitectura-1100-no-40\\\/#primaryimage\"},\"thumbnailUrl\":\"https:\\\/\\\/veredes.es\\\/blog\\\/wp-content\\\/uploads\\\/2012\\\/11\\\/n-40-0.jpg\",\"datePublished\":\"2012-11-15T06:27:11+00:00\",\"dateModified\":\"2020-03-03T09:01:21+00:00\",\"description\":\"Toda la informaci\u00f3n sobre: Revista 1:100 n\u00ba 40Revista 1:100 n\u00ba 40Revista 1:100 n\u00ba 40\",\"breadcrumb\":{\"@id\":\"https:\\\/\\\/veredes.es\\\/blog\\\/revista-de-arquitectura-1100-no-40\\\/#breadcrumb\"},\"inLanguage\":\"es\",\"potentialAction\":[{\"@type\":\"ReadAction\",\"target\":[\"https:\\\/\\\/veredes.es\\\/blog\\\/revista-de-arquitectura-1100-no-40\\\/\"]}]},{\"@type\":\"ImageObject\",\"inLanguage\":\"es\",\"@id\":\"https:\\\/\\\/veredes.es\\\/blog\\\/revista-de-arquitectura-1100-no-40\\\/#primaryimage\",\"url\":\"https:\\\/\\\/veredes.es\\\/blog\\\/wp-content\\\/uploads\\\/2012\\\/11\\\/n-40-0.jpg\",\"contentUrl\":\"https:\\\/\\\/veredes.es\\\/blog\\\/wp-content\\\/uploads\\\/2012\\\/11\\\/n-40-0.jpg\",\"width\":\"620\",\"height\":\"466\"},{\"@type\":\"BreadcrumbList\",\"@id\":\"https:\\\/\\\/veredes.es\\\/blog\\\/revista-de-arquitectura-1100-no-40\\\/#breadcrumb\",\"itemListElement\":[{\"@type\":\"ListItem\",\"position\":1,\"name\":\"Portada\",\"item\":\"https:\\\/\\\/veredes.es\\\/blog\\\/\"},{\"@type\":\"ListItem\",\"position\":2,\"name\":\"Revista 1:100 n\u00ba 40\"}]},{\"@type\":\"WebSite\",\"@id\":\"https:\\\/\\\/veredes.es\\\/blog\\\/#website\",\"url\":\"https:\\\/\\\/veredes.es\\\/blog\\\/\",\"name\":\"veredes, arquitectura y divulgaci\u00f3n\",\"description\":\"veredes\",\"publisher\":{\"@id\":\"https:\\\/\\\/veredes.es\\\/blog\\\/#organization\"},\"alternateName\":\"veredes\",\"potentialAction\":[{\"@type\":\"SearchAction\",\"target\":{\"@type\":\"EntryPoint\",\"urlTemplate\":\"https:\\\/\\\/veredes.es\\\/blog\\\/?s={search_term_string}\"},\"query-input\":{\"@type\":\"PropertyValueSpecification\",\"valueRequired\":true,\"valueName\":\"search_term_string\"}}],\"inLanguage\":\"es\"},{\"@type\":\"Organization\",\"@id\":\"https:\\\/\\\/veredes.es\\\/blog\\\/#organization\",\"name\":\"veredes, arquitectura y divulgaci\u00f3n\",\"alternateName\":\"veredes\",\"url\":\"https:\\\/\\\/veredes.es\\\/blog\\\/\",\"logo\":{\"@type\":\"ImageObject\",\"inLanguage\":\"es\",\"@id\":\"https:\\\/\\\/veredes.es\\\/blog\\\/#\\\/schema\\\/logo\\\/image\\\/\",\"url\":\"https:\\\/\\\/veredes.es\\\/blog\\\/wp-content\\\/uploads\\\/2021\\\/12\\\/veredes-logo-centrado_140x54.png\",\"contentUrl\":\"https:\\\/\\\/veredes.es\\\/blog\\\/wp-content\\\/uploads\\\/2021\\\/12\\\/veredes-logo-centrado_140x54.png\",\"width\":140,\"height\":54,\"caption\":\"veredes, arquitectura y divulgaci\u00f3n\"},\"image\":{\"@id\":\"https:\\\/\\\/veredes.es\\\/blog\\\/#\\\/schema\\\/logo\\\/image\\\/\"},\"sameAs\":[\"https:\\\/\\\/www.facebook.com\\\/veredesArquitecturayDivulgacion\\\/\",\"https:\\\/\\\/x.com\\\/veredes\",\"https:\\\/\\\/instagram.com\\\/veredes\\\/\",\"https:\\\/\\\/www.linkedin.com\\\/company\\\/veredes-arquitectura-y-divulgacion\\\/\",\"https:\\\/\\\/es.pinterest.com\\\/veredes\\\/\",\"https:\\\/\\\/www.tumblr.com\\\/veredes\"]},{\"@type\":\"Person\",\"@id\":\"https:\\\/\\\/veredes.es\\\/blog\\\/#\\\/schema\\\/person\\\/0bbb669073ef7faba5168a0844e93d2c\",\"name\":\"veredes\",\"image\":{\"@type\":\"ImageObject\",\"inLanguage\":\"es\",\"@id\":\"https:\\\/\\\/veredes.es\\\/blog\\\/wp-content\\\/uploads\\\/2018\\\/04\\\/face-96x96.jpg\",\"url\":\"https:\\\/\\\/veredes.es\\\/blog\\\/wp-content\\\/uploads\\\/2018\\\/04\\\/face-96x96.jpg\",\"contentUrl\":\"https:\\\/\\\/veredes.es\\\/blog\\\/wp-content\\\/uploads\\\/2018\\\/04\\\/face-96x96.jpg\",\"caption\":\"veredes\"},\"description\":\"Surge enero de 2009 como b\u00fasqueda de satisfacer el conocimiento de la actividad arquitect\u00f3nica y tangentes que se generan. La idea es crear un espacio para divulgar los diversos proyectos en busca de nueva inspiraci\u00f3n y de intercambio.\",\"sameAs\":[\"https:\\\/\\\/veredes.es\\\/\",\"https:\\\/\\\/www.facebook.com\\\/veredesArquitecturayDivulgacion\\\/\",\"https:\\\/\\\/www.instagram.com\\\/veredes\\\/\",\"https:\\\/\\\/www.linkedin.com\\\/company\\\/veredes-arquitectura-y-divulgacion\\\/\",\"https:\\\/\\\/www.pinterest.es\\\/veredes\\\/\",\"https:\\\/\\\/x.com\\\/https:\\\/\\\/twitter.com\\\/veredes\",\"https:\\\/\\\/veredes.tumblr.com\\\/\"],\"url\":\"https:\\\/\\\/veredes.es\\\/blog\\\/author\\\/alberto\\\/\"}]}<\/script>\n<!-- \/ Yoast SEO plugin. -->","yoast_head_json":{"title":"Revista 1:100 n\u00ba 40Revista 1:100 n\u00ba 40Revista 1:100 n\u00ba 40 - veredes","description":"Toda la informaci\u00f3n sobre: Revista 1:100 n\u00ba 40Revista 1:100 n\u00ba 40Revista 1:100 n\u00ba 40","robots":{"index":"index","follow":"follow","max-snippet":"max-snippet:-1","max-image-preview":"max-image-preview:large","max-video-preview":"max-video-preview:-1"},"canonical":"https:\/\/veredes.es\/blog\/revista-de-arquitectura-1100-no-40\/","og_locale":"es_ES","og_type":"article","og_title":"Revista 1:100 n\u00ba 40Revista 1:100 n\u00ba 40Revista 1:100 n\u00ba 40 - veredes","og_description":"Toda la informaci\u00f3n sobre: Revista 1:100 n\u00ba 40Revista 1:100 n\u00ba 40Revista 1:100 n\u00ba 40","og_url":"https:\/\/veredes.es\/blog\/revista-de-arquitectura-1100-no-40\/","og_site_name":"veredes, arquitectura y divulgaci\u00f3n","article_publisher":"https:\/\/www.facebook.com\/veredesArquitecturayDivulgacion\/","article_author":"https:\/\/www.facebook.com\/veredesArquitecturayDivulgacion\/","article_published_time":"2012-11-15T06:27:11+00:00","article_modified_time":"2020-03-03T09:01:21+00:00","og_image":[{"width":620,"height":466,"url":"https:\/\/veredes.es\/blog\/wp-content\/uploads\/2012\/11\/n-40-0.jpg","type":"image\/jpeg"}],"author":"veredes","twitter_card":"summary_large_image","twitter_creator":"@https:\/\/twitter.com\/veredes","twitter_site":"@veredes","twitter_misc":{"Escrito por":"veredes","Tiempo de lectura":"3 minutos"},"schema":{"@context":"https:\/\/schema.org","@graph":[{"@type":"Article","@id":"https:\/\/veredes.es\/blog\/revista-de-arquitectura-1100-no-40\/#article","isPartOf":{"@id":"https:\/\/veredes.es\/blog\/revista-de-arquitectura-1100-no-40\/"},"author":{"name":"veredes","@id":"https:\/\/veredes.es\/blog\/#\/schema\/person\/0bbb669073ef7faba5168a0844e93d2c"},"headline":"Revista 1:100 n\u00ba 40","datePublished":"2012-11-15T06:27:11+00:00","dateModified":"2020-03-03T09:01:21+00:00","mainEntityOfPage":{"@id":"https:\/\/veredes.es\/blog\/revista-de-arquitectura-1100-no-40\/"},"wordCount":672,"publisher":{"@id":"https:\/\/veredes.es\/blog\/#organization"},"image":{"@id":"https:\/\/veredes.es\/blog\/revista-de-arquitectura-1100-no-40\/#primaryimage"},"thumbnailUrl":"https:\/\/veredes.es\/blog\/wp-content\/uploads\/2012\/11\/n-40-0.jpg","keywords":["arquitectura colombiana","editorial 1:100","espacio","influencia","juan manuel pel\u00e1ez","referencias","trayectoria"],"articleSection":["publicaciones","revistas"],"inLanguage":"es"},{"@type":"WebPage","@id":"https:\/\/veredes.es\/blog\/revista-de-arquitectura-1100-no-40\/","url":"https:\/\/veredes.es\/blog\/revista-de-arquitectura-1100-no-40\/","name":"Revista 1:100 n\u00ba 40Revista 1:100 n\u00ba 40Revista 1:100 n\u00ba 40 - veredes","isPartOf":{"@id":"https:\/\/veredes.es\/blog\/#website"},"primaryImageOfPage":{"@id":"https:\/\/veredes.es\/blog\/revista-de-arquitectura-1100-no-40\/#primaryimage"},"image":{"@id":"https:\/\/veredes.es\/blog\/revista-de-arquitectura-1100-no-40\/#primaryimage"},"thumbnailUrl":"https:\/\/veredes.es\/blog\/wp-content\/uploads\/2012\/11\/n-40-0.jpg","datePublished":"2012-11-15T06:27:11+00:00","dateModified":"2020-03-03T09:01:21+00:00","description":"Toda la informaci\u00f3n sobre: Revista 1:100 n\u00ba 40Revista 1:100 n\u00ba 40Revista 1:100 n\u00ba 40","breadcrumb":{"@id":"https:\/\/veredes.es\/blog\/revista-de-arquitectura-1100-no-40\/#breadcrumb"},"inLanguage":"es","potentialAction":[{"@type":"ReadAction","target":["https:\/\/veredes.es\/blog\/revista-de-arquitectura-1100-no-40\/"]}]},{"@type":"ImageObject","inLanguage":"es","@id":"https:\/\/veredes.es\/blog\/revista-de-arquitectura-1100-no-40\/#primaryimage","url":"https:\/\/veredes.es\/blog\/wp-content\/uploads\/2012\/11\/n-40-0.jpg","contentUrl":"https:\/\/veredes.es\/blog\/wp-content\/uploads\/2012\/11\/n-40-0.jpg","width":"620","height":"466"},{"@type":"BreadcrumbList","@id":"https:\/\/veredes.es\/blog\/revista-de-arquitectura-1100-no-40\/#breadcrumb","itemListElement":[{"@type":"ListItem","position":1,"name":"Portada","item":"https:\/\/veredes.es\/blog\/"},{"@type":"ListItem","position":2,"name":"Revista 1:100 n\u00ba 40"}]},{"@type":"WebSite","@id":"https:\/\/veredes.es\/blog\/#website","url":"https:\/\/veredes.es\/blog\/","name":"veredes, arquitectura y divulgaci\u00f3n","description":"veredes","publisher":{"@id":"https:\/\/veredes.es\/blog\/#organization"},"alternateName":"veredes","potentialAction":[{"@type":"SearchAction","target":{"@type":"EntryPoint","urlTemplate":"https:\/\/veredes.es\/blog\/?s={search_term_string}"},"query-input":{"@type":"PropertyValueSpecification","valueRequired":true,"valueName":"search_term_string"}}],"inLanguage":"es"},{"@type":"Organization","@id":"https:\/\/veredes.es\/blog\/#organization","name":"veredes, arquitectura y divulgaci\u00f3n","alternateName":"veredes","url":"https:\/\/veredes.es\/blog\/","logo":{"@type":"ImageObject","inLanguage":"es","@id":"https:\/\/veredes.es\/blog\/#\/schema\/logo\/image\/","url":"https:\/\/veredes.es\/blog\/wp-content\/uploads\/2021\/12\/veredes-logo-centrado_140x54.png","contentUrl":"https:\/\/veredes.es\/blog\/wp-content\/uploads\/2021\/12\/veredes-logo-centrado_140x54.png","width":140,"height":54,"caption":"veredes, arquitectura y divulgaci\u00f3n"},"image":{"@id":"https:\/\/veredes.es\/blog\/#\/schema\/logo\/image\/"},"sameAs":["https:\/\/www.facebook.com\/veredesArquitecturayDivulgacion\/","https:\/\/x.com\/veredes","https:\/\/instagram.com\/veredes\/","https:\/\/www.linkedin.com\/company\/veredes-arquitectura-y-divulgacion\/","https:\/\/es.pinterest.com\/veredes\/","https:\/\/www.tumblr.com\/veredes"]},{"@type":"Person","@id":"https:\/\/veredes.es\/blog\/#\/schema\/person\/0bbb669073ef7faba5168a0844e93d2c","name":"veredes","image":{"@type":"ImageObject","inLanguage":"es","@id":"https:\/\/veredes.es\/blog\/wp-content\/uploads\/2018\/04\/face-96x96.jpg","url":"https:\/\/veredes.es\/blog\/wp-content\/uploads\/2018\/04\/face-96x96.jpg","contentUrl":"https:\/\/veredes.es\/blog\/wp-content\/uploads\/2018\/04\/face-96x96.jpg","caption":"veredes"},"description":"Surge enero de 2009 como b\u00fasqueda de satisfacer el conocimiento de la actividad arquitect\u00f3nica y tangentes que se generan. La idea es crear un espacio para divulgar los diversos proyectos en busca de nueva inspiraci\u00f3n y de intercambio.","sameAs":["https:\/\/veredes.es\/","https:\/\/www.facebook.com\/veredesArquitecturayDivulgacion\/","https:\/\/www.instagram.com\/veredes\/","https:\/\/www.linkedin.com\/company\/veredes-arquitectura-y-divulgacion\/","https:\/\/www.pinterest.es\/veredes\/","https:\/\/x.com\/https:\/\/twitter.com\/veredes","https:\/\/veredes.tumblr.com\/"],"url":"https:\/\/veredes.es\/blog\/author\/alberto\/"}]}},"_links":{"self":[{"href":"https:\/\/veredes.es\/blog\/wp-json\/wp\/v2\/posts\/26684","targetHints":{"allow":["GET"]}}],"collection":[{"href":"https:\/\/veredes.es\/blog\/wp-json\/wp\/v2\/posts"}],"about":[{"href":"https:\/\/veredes.es\/blog\/wp-json\/wp\/v2\/types\/post"}],"author":[{"embeddable":true,"href":"https:\/\/veredes.es\/blog\/wp-json\/wp\/v2\/users\/2"}],"replies":[{"embeddable":true,"href":"https:\/\/veredes.es\/blog\/wp-json\/wp\/v2\/comments?post=26684"}],"version-history":[{"count":0,"href":"https:\/\/veredes.es\/blog\/wp-json\/wp\/v2\/posts\/26684\/revisions"}],"wp:featuredmedia":[{"embeddable":true,"href":"https:\/\/veredes.es\/blog\/wp-json\/wp\/v2\/media\/26686"}],"wp:attachment":[{"href":"https:\/\/veredes.es\/blog\/wp-json\/wp\/v2\/media?parent=26684"}],"wp:term":[{"taxonomy":"category","embeddable":true,"href":"https:\/\/veredes.es\/blog\/wp-json\/wp\/v2\/categories?post=26684"},{"taxonomy":"post_tag","embeddable":true,"href":"https:\/\/veredes.es\/blog\/wp-json\/wp\/v2\/tags?post=26684"}],"curies":[{"name":"wp","href":"https:\/\/api.w.org\/{rel}","templated":true}]}}