{"id":26112,"date":"2012-11-06T07:26:33","date_gmt":"2012-11-06T07:26:33","guid":{"rendered":"http:\/\/veredes.es\/blog\/?p=26112"},"modified":"2019-10-25T19:18:11","modified_gmt":"2019-10-25T17:18:11","slug":"i-jornadas-internacionales-sobre-la-frontera-hispano-portuguesa-y-sus-fortificaciones","status":"publish","type":"post","link":"https:\/\/veredes.es\/blog\/i-jornadas-internacionales-sobre-la-frontera-hispano-portuguesa-y-sus-fortificaciones\/","title":{"rendered":"I Jornadas Internacionales sobre la Frontera Hispano Portuguesa y sus Fortificaciones"},"content":{"rendered":"<p><\/p>\n<p style=\"text-align: justify;\">Provocar la concepci\u00f3n y percepci\u00f3n integral del conjunto de fortificaciones de la frontera como sistema unitario entre Espa\u00f1a y Portugal. Entre los intervinientes se encuentran algunos que han desarrollado trayectorias ligadas al conjunto de la frontera y otros con especializaciones territoriales o puntuales en la misma. En este segundo caso se pretende mostrar esas experiencias como elementos de inter\u00e9s o extrapolables al conjunto del territorio.<\/p>\n<p style=\"text-align: justify;\"><a href=\"http:\/\/veredes.es\/blog\/wp-content\/uploads\/2012\/11\/folleto-jornadas-es1.jpg\"><img loading=\"lazy\" decoding=\"async\" class=\"alignnone  wp-image-26113\" title=\"folleto-jornadas-es1\" src=\"http:\/\/veredes.es\/blog\/wp-content\/uploads\/2012\/11\/folleto-jornadas-es1.jpg\" alt=\"\" width=\"620\" height=\"878\" srcset=\"https:\/\/veredes.es\/blog\/wp-content\/uploads\/2012\/11\/folleto-jornadas-es1.jpg 620w, https:\/\/veredes.es\/blog\/wp-content\/uploads\/2012\/11\/folleto-jornadas-es1-211x300.jpg 211w\" sizes=\"auto, (max-width: 620px) 100vw, 620px\" \/><\/a><\/p>\n<p style=\"text-align: justify;\">Estas Jornadas est\u00e1n dirigidas a todos los agentes que participan en los procesos de planificaci\u00f3n, gesti\u00f3n, conservaci\u00f3n, recuperaci\u00f3n, estudio o an\u00e1lisis del patrimonio constituido por la arquitectura militar de la frontera hispano portuguesa, especialmente sus fortificaciones, incluyendo Profesionales, Profesores as\u00ed como Estudiantes de diferentes ramas del conocimiento con inter\u00e9s en estos aspectos:<\/p>\n<p style=\"text-align: justify;\">\u2022 Pol\u00edticos y T\u00e9cnicos municipales de enclaves de la frontera hispano portuguesa con responsabilidad\u00a0 en la gesti\u00f3n, conservaci\u00f3n, planificaci\u00f3n de usos o recuperaci\u00f3n de las fortificaciones.<br \/>\n\u2022 Ge\u00f3grafos con inter\u00e9s en estudios territoriales, planificaci\u00f3n del territorio, an\u00e1lisis de usos del territorio o conformaci\u00f3n de estructuras sociales, especialmente en la Raya hispano portuguesa.<br \/>\n\u2022 Historiadores con inter\u00e9s en el an\u00e1lisis de procesos de definici\u00f3n y construcci\u00f3n de la frontera entre Espa\u00f1a y Portugal, en todas sus vertientes.<br \/>\n\u2022 Expertos en Patrimonio con inter\u00e9s en el conocimiento de los elementos que integran la arquitectura militar de la frontera entre Espa\u00f1a y Portugal, la gesti\u00f3n del mismo y las intervenciones para su conservaci\u00f3n.<br \/>\n\u2022 Arquitectos y otros profesionales de la arquitectura y urbanismo con inter\u00e9s en el conocimiento de modelos de gesti\u00f3n y planificaci\u00f3n urban\u00edstica del patrimonio fortificado de la frontera hispano portuguesa as\u00ed como en tendencias y buenas pr\u00e1cticas de intervenciones.<br \/>\n\u2022 Especialistas en Turismo y en la creaci\u00f3n o gesti\u00f3n de productos culturales ligados al patrimonio hist\u00f3rico con inter\u00e9s en el desarrollo de iniciativas en las fortificaciones de la frontera hispano portuguesa.<br \/>\n\u2022 Otros profesionales, asociaciones y particulares interesados en el patrimonio fortificado de la frontera entre Espa\u00f1a y Portugal y en la visi\u00f3n integral de las acciones de su conservaci\u00f3n, promoci\u00f3n y gesti\u00f3n.<\/p>\n<p style=\"text-align: justify;\"><span style=\"color: #888888;\">+ info<\/span><\/p>\n<p><\/p>","protected":false},"excerpt":{"rendered":"<p>Provocar la concepci\u00f3n y percepci\u00f3n integral del conjunto de fortificaciones de la frontera como sistema unitario entre Espa\u00f1a y Portugal. Entre los intervinientes se encuentran algunos que han desarrollado trayectorias ligadas al conjunto de la frontera y otros con especializaciones territoriales o puntuales en la misma. En este segundo caso se pretende mostrar esas experiencias [&hellip;]<\/p>\n","protected":false},"author":2,"featured_media":26113,"comment_status":"closed","ping_status":"closed","sticky":false,"template":"","format":"standard","meta":{"footnotes":""},"categories":[1385,43,16],"tags":[2631,5865,5819,521,729,1786,2787,1004,1086,1286,1313],"class_list":{"0":"post-26112","1":"post","2":"type-post","3":"status-publish","4":"format-standard","5":"has-post-thumbnail","7":"category-conferencias","8":"category-cursos-talleres","10":"tag-arquitectura-espanola","11":"tag-arquitectura-gallega","13":"tag-espana","14":"tag-internacional","15":"tag-jornada","16":"tag-patrimonio-cultural","17":"tag-patrimonio-historico","18":"tag-portugal","19":"tag-territorio","20":"tag-turismo"},"yoast_head":"<!-- This site is optimized with the Yoast SEO plugin v27.5 - https:\/\/yoast.com\/product\/yoast-seo-wordpress\/ -->\n<title>I Jornadas Internacionales sobre la Frontera Hispano Portuguesa y sus FortificacionesI Xornadas Internacionais sobre a fronteira Hispano-Portuguesa e as suas Fortificaci\u00f3nsI International Days on the Portuguese Hispanic Border and his Fortificaciones - veredes<\/title>\n<meta name=\"description\" content=\"Toda la informaci\u00f3n sobre: I Jornadas Internacionales sobre la Frontera Hispano Portuguesa y sus FortificacionesI Xornadas Internacionais sobre a fronteira Hispano-Portuguesa e as suas Fortificaci\u00f3nsI International Days on the Portuguese Hispanic Border and his Fortificaciones\" \/>\n<meta name=\"robots\" content=\"index, follow, max-snippet:-1, max-image-preview:large, max-video-preview:-1\" \/>\n<link rel=\"canonical\" href=\"https:\/\/veredes.es\/blog\/i-jornadas-internacionales-sobre-la-frontera-hispano-portuguesa-y-sus-fortificaciones\/\" \/>\n<meta property=\"og:locale\" content=\"es_ES\" \/>\n<meta property=\"og:type\" content=\"article\" \/>\n<meta property=\"og:title\" content=\"I Jornadas Internacionales sobre la Frontera Hispano Portuguesa y sus FortificacionesI Xornadas Internacionais sobre a fronteira Hispano-Portuguesa e as suas Fortificaci\u00f3nsI International Days on the Portuguese Hispanic Border and his Fortificaciones - veredes\" \/>\n<meta property=\"og:description\" content=\"Toda la informaci\u00f3n sobre: I Jornadas Internacionales sobre la Frontera Hispano Portuguesa y sus FortificacionesI Xornadas Internacionais sobre a fronteira Hispano-Portuguesa e as suas Fortificaci\u00f3nsI International Days on the Portuguese Hispanic Border and his Fortificaciones\" \/>\n<meta property=\"og:url\" content=\"https:\/\/veredes.es\/blog\/i-jornadas-internacionales-sobre-la-frontera-hispano-portuguesa-y-sus-fortificaciones\/\" \/>\n<meta property=\"og:site_name\" content=\"veredes, arquitectura y divulgaci\u00f3n\" \/>\n<meta property=\"article:publisher\" content=\"https:\/\/www.facebook.com\/veredesArquitecturayDivulgacion\/\" \/>\n<meta property=\"article:author\" content=\"https:\/\/www.facebook.com\/veredesArquitecturayDivulgacion\/\" \/>\n<meta property=\"article:published_time\" content=\"2012-11-06T07:26:33+00:00\" \/>\n<meta property=\"article:modified_time\" content=\"2019-10-25T17:18:11+00:00\" \/>\n<meta property=\"og:image\" content=\"https:\/\/veredes.es\/blog\/wp-content\/uploads\/2012\/11\/folleto-jornadas-es1.jpg\" \/>\n\t<meta property=\"og:image:width\" content=\"620\" \/>\n\t<meta property=\"og:image:height\" content=\"878\" \/>\n\t<meta property=\"og:image:type\" content=\"image\/jpeg\" \/>\n<meta name=\"author\" content=\"veredes\" \/>\n<meta name=\"twitter:card\" content=\"summary_large_image\" \/>\n<meta name=\"twitter:creator\" content=\"@https:\/\/twitter.com\/veredes\" \/>\n<meta name=\"twitter:site\" content=\"@veredes\" \/>\n<meta name=\"twitter:label1\" content=\"Escrito por\" \/>\n\t<meta name=\"twitter:data1\" content=\"veredes\" \/>\n\t<meta name=\"twitter:label2\" content=\"Tiempo de lectura\" \/>\n\t<meta name=\"twitter:data2\" content=\"5 minutos\" \/>\n<script type=\"application\/ld+json\" class=\"yoast-schema-graph\">{\"@context\":\"https:\\\/\\\/schema.org\",\"@graph\":[{\"@type\":\"Article\",\"@id\":\"https:\\\/\\\/veredes.es\\\/blog\\\/i-jornadas-internacionales-sobre-la-frontera-hispano-portuguesa-y-sus-fortificaciones\\\/#article\",\"isPartOf\":{\"@id\":\"https:\\\/\\\/veredes.es\\\/blog\\\/i-jornadas-internacionales-sobre-la-frontera-hispano-portuguesa-y-sus-fortificaciones\\\/\"},\"author\":{\"name\":\"veredes\",\"@id\":\"https:\\\/\\\/veredes.es\\\/blog\\\/#\\\/schema\\\/person\\\/0bbb669073ef7faba5168a0844e93d2c\"},\"headline\":\"I Jornadas Internacionales sobre la Frontera Hispano Portuguesa y sus Fortificaciones\",\"datePublished\":\"2012-11-06T07:26:33+00:00\",\"dateModified\":\"2019-10-25T17:18:11+00:00\",\"mainEntityOfPage\":{\"@id\":\"https:\\\/\\\/veredes.es\\\/blog\\\/i-jornadas-internacionales-sobre-la-frontera-hispano-portuguesa-y-sus-fortificaciones\\\/\"},\"wordCount\":1090,\"publisher\":{\"@id\":\"https:\\\/\\\/veredes.es\\\/blog\\\/#organization\"},\"image\":{\"@id\":\"https:\\\/\\\/veredes.es\\\/blog\\\/i-jornadas-internacionales-sobre-la-frontera-hispano-portuguesa-y-sus-fortificaciones\\\/#primaryimage\"},\"thumbnailUrl\":\"https:\\\/\\\/veredes.es\\\/blog\\\/wp-content\\\/uploads\\\/2012\\\/11\\\/folleto-jornadas-es1.jpg\",\"keywords\":[\"arquitectura espa\u00f1ola\",\"arquitectura gallega\",\"arquitectura portuguesa\",\"Espa\u00f1a\",\"internacional\",\"jornada\",\"patrimonio cultural\",\"patrimonio hist\u00f3rico\",\"Portugal\",\"territorio\",\"turismo\"],\"articleSection\":[\"conferencias\",\"cursos-talleres\",\"eventos\"],\"inLanguage\":\"es\"},{\"@type\":\"WebPage\",\"@id\":\"https:\\\/\\\/veredes.es\\\/blog\\\/i-jornadas-internacionales-sobre-la-frontera-hispano-portuguesa-y-sus-fortificaciones\\\/\",\"url\":\"https:\\\/\\\/veredes.es\\\/blog\\\/i-jornadas-internacionales-sobre-la-frontera-hispano-portuguesa-y-sus-fortificaciones\\\/\",\"name\":\"I Jornadas Internacionales sobre la Frontera Hispano Portuguesa y sus FortificacionesI Xornadas Internacionais sobre a fronteira Hispano-Portuguesa e as suas Fortificaci\u00f3nsI International Days on the Portuguese Hispanic Border and his Fortificaciones - veredes\",\"isPartOf\":{\"@id\":\"https:\\\/\\\/veredes.es\\\/blog\\\/#website\"},\"primaryImageOfPage\":{\"@id\":\"https:\\\/\\\/veredes.es\\\/blog\\\/i-jornadas-internacionales-sobre-la-frontera-hispano-portuguesa-y-sus-fortificaciones\\\/#primaryimage\"},\"image\":{\"@id\":\"https:\\\/\\\/veredes.es\\\/blog\\\/i-jornadas-internacionales-sobre-la-frontera-hispano-portuguesa-y-sus-fortificaciones\\\/#primaryimage\"},\"thumbnailUrl\":\"https:\\\/\\\/veredes.es\\\/blog\\\/wp-content\\\/uploads\\\/2012\\\/11\\\/folleto-jornadas-es1.jpg\",\"datePublished\":\"2012-11-06T07:26:33+00:00\",\"dateModified\":\"2019-10-25T17:18:11+00:00\",\"description\":\"Toda la informaci\u00f3n sobre: I Jornadas Internacionales sobre la Frontera Hispano Portuguesa y sus FortificacionesI Xornadas Internacionais sobre a fronteira Hispano-Portuguesa e as suas Fortificaci\u00f3nsI International Days on the Portuguese Hispanic Border and his Fortificaciones\",\"breadcrumb\":{\"@id\":\"https:\\\/\\\/veredes.es\\\/blog\\\/i-jornadas-internacionales-sobre-la-frontera-hispano-portuguesa-y-sus-fortificaciones\\\/#breadcrumb\"},\"inLanguage\":\"es\",\"potentialAction\":[{\"@type\":\"ReadAction\",\"target\":[\"https:\\\/\\\/veredes.es\\\/blog\\\/i-jornadas-internacionales-sobre-la-frontera-hispano-portuguesa-y-sus-fortificaciones\\\/\"]}]},{\"@type\":\"ImageObject\",\"inLanguage\":\"es\",\"@id\":\"https:\\\/\\\/veredes.es\\\/blog\\\/i-jornadas-internacionales-sobre-la-frontera-hispano-portuguesa-y-sus-fortificaciones\\\/#primaryimage\",\"url\":\"https:\\\/\\\/veredes.es\\\/blog\\\/wp-content\\\/uploads\\\/2012\\\/11\\\/folleto-jornadas-es1.jpg\",\"contentUrl\":\"https:\\\/\\\/veredes.es\\\/blog\\\/wp-content\\\/uploads\\\/2012\\\/11\\\/folleto-jornadas-es1.jpg\",\"width\":\"620\",\"height\":\"878\"},{\"@type\":\"BreadcrumbList\",\"@id\":\"https:\\\/\\\/veredes.es\\\/blog\\\/i-jornadas-internacionales-sobre-la-frontera-hispano-portuguesa-y-sus-fortificaciones\\\/#breadcrumb\",\"itemListElement\":[{\"@type\":\"ListItem\",\"position\":1,\"name\":\"Portada\",\"item\":\"https:\\\/\\\/veredes.es\\\/blog\\\/\"},{\"@type\":\"ListItem\",\"position\":2,\"name\":\"I Jornadas Internacionales sobre la Frontera Hispano Portuguesa y sus Fortificaciones\"}]},{\"@type\":\"WebSite\",\"@id\":\"https:\\\/\\\/veredes.es\\\/blog\\\/#website\",\"url\":\"https:\\\/\\\/veredes.es\\\/blog\\\/\",\"name\":\"veredes, arquitectura y divulgaci\u00f3n\",\"description\":\"veredes\",\"publisher\":{\"@id\":\"https:\\\/\\\/veredes.es\\\/blog\\\/#organization\"},\"alternateName\":\"veredes\",\"potentialAction\":[{\"@type\":\"SearchAction\",\"target\":{\"@type\":\"EntryPoint\",\"urlTemplate\":\"https:\\\/\\\/veredes.es\\\/blog\\\/?s={search_term_string}\"},\"query-input\":{\"@type\":\"PropertyValueSpecification\",\"valueRequired\":true,\"valueName\":\"search_term_string\"}}],\"inLanguage\":\"es\"},{\"@type\":\"Organization\",\"@id\":\"https:\\\/\\\/veredes.es\\\/blog\\\/#organization\",\"name\":\"veredes, arquitectura y divulgaci\u00f3n\",\"alternateName\":\"veredes\",\"url\":\"https:\\\/\\\/veredes.es\\\/blog\\\/\",\"logo\":{\"@type\":\"ImageObject\",\"inLanguage\":\"es\",\"@id\":\"https:\\\/\\\/veredes.es\\\/blog\\\/#\\\/schema\\\/logo\\\/image\\\/\",\"url\":\"https:\\\/\\\/veredes.es\\\/blog\\\/wp-content\\\/uploads\\\/2021\\\/12\\\/veredes-logo-centrado_140x54.png\",\"contentUrl\":\"https:\\\/\\\/veredes.es\\\/blog\\\/wp-content\\\/uploads\\\/2021\\\/12\\\/veredes-logo-centrado_140x54.png\",\"width\":140,\"height\":54,\"caption\":\"veredes, arquitectura y divulgaci\u00f3n\"},\"image\":{\"@id\":\"https:\\\/\\\/veredes.es\\\/blog\\\/#\\\/schema\\\/logo\\\/image\\\/\"},\"sameAs\":[\"https:\\\/\\\/www.facebook.com\\\/veredesArquitecturayDivulgacion\\\/\",\"https:\\\/\\\/x.com\\\/veredes\",\"https:\\\/\\\/instagram.com\\\/veredes\\\/\",\"https:\\\/\\\/www.linkedin.com\\\/company\\\/veredes-arquitectura-y-divulgacion\\\/\",\"https:\\\/\\\/es.pinterest.com\\\/veredes\\\/\",\"https:\\\/\\\/www.tumblr.com\\\/veredes\"]},{\"@type\":\"Person\",\"@id\":\"https:\\\/\\\/veredes.es\\\/blog\\\/#\\\/schema\\\/person\\\/0bbb669073ef7faba5168a0844e93d2c\",\"name\":\"veredes\",\"image\":{\"@type\":\"ImageObject\",\"inLanguage\":\"es\",\"@id\":\"https:\\\/\\\/veredes.es\\\/blog\\\/wp-content\\\/uploads\\\/2018\\\/04\\\/face-96x96.jpg\",\"url\":\"https:\\\/\\\/veredes.es\\\/blog\\\/wp-content\\\/uploads\\\/2018\\\/04\\\/face-96x96.jpg\",\"contentUrl\":\"https:\\\/\\\/veredes.es\\\/blog\\\/wp-content\\\/uploads\\\/2018\\\/04\\\/face-96x96.jpg\",\"caption\":\"veredes\"},\"description\":\"Surge enero de 2009 como b\u00fasqueda de satisfacer el conocimiento de la actividad arquitect\u00f3nica y tangentes que se generan. La idea es crear un espacio para divulgar los diversos proyectos en busca de nueva inspiraci\u00f3n y de intercambio.\",\"sameAs\":[\"https:\\\/\\\/veredes.es\\\/\",\"https:\\\/\\\/www.facebook.com\\\/veredesArquitecturayDivulgacion\\\/\",\"https:\\\/\\\/www.instagram.com\\\/veredes\\\/\",\"https:\\\/\\\/www.linkedin.com\\\/company\\\/veredes-arquitectura-y-divulgacion\\\/\",\"https:\\\/\\\/www.pinterest.es\\\/veredes\\\/\",\"https:\\\/\\\/x.com\\\/https:\\\/\\\/twitter.com\\\/veredes\",\"https:\\\/\\\/veredes.tumblr.com\\\/\"],\"url\":\"https:\\\/\\\/veredes.es\\\/blog\\\/author\\\/alberto\\\/\"}]}<\/script>\n<!-- \/ Yoast SEO plugin. -->","yoast_head_json":{"title":"I Jornadas Internacionales sobre la Frontera Hispano Portuguesa y sus FortificacionesI Xornadas Internacionais sobre a fronteira Hispano-Portuguesa e as suas Fortificaci\u00f3nsI International Days on the Portuguese Hispanic Border and his Fortificaciones - veredes","description":"Toda la informaci\u00f3n sobre: I Jornadas Internacionales sobre la Frontera Hispano Portuguesa y sus FortificacionesI Xornadas Internacionais sobre a fronteira Hispano-Portuguesa e as suas Fortificaci\u00f3nsI International Days on the Portuguese Hispanic Border and his Fortificaciones","robots":{"index":"index","follow":"follow","max-snippet":"max-snippet:-1","max-image-preview":"max-image-preview:large","max-video-preview":"max-video-preview:-1"},"canonical":"https:\/\/veredes.es\/blog\/i-jornadas-internacionales-sobre-la-frontera-hispano-portuguesa-y-sus-fortificaciones\/","og_locale":"es_ES","og_type":"article","og_title":"I Jornadas Internacionales sobre la Frontera Hispano Portuguesa y sus FortificacionesI Xornadas Internacionais sobre a fronteira Hispano-Portuguesa e as suas Fortificaci\u00f3nsI International Days on the Portuguese Hispanic Border and his Fortificaciones - veredes","og_description":"Toda la informaci\u00f3n sobre: I Jornadas Internacionales sobre la Frontera Hispano Portuguesa y sus FortificacionesI Xornadas Internacionais sobre a fronteira Hispano-Portuguesa e as suas Fortificaci\u00f3nsI International Days on the Portuguese Hispanic Border and his Fortificaciones","og_url":"https:\/\/veredes.es\/blog\/i-jornadas-internacionales-sobre-la-frontera-hispano-portuguesa-y-sus-fortificaciones\/","og_site_name":"veredes, arquitectura y divulgaci\u00f3n","article_publisher":"https:\/\/www.facebook.com\/veredesArquitecturayDivulgacion\/","article_author":"https:\/\/www.facebook.com\/veredesArquitecturayDivulgacion\/","article_published_time":"2012-11-06T07:26:33+00:00","article_modified_time":"2019-10-25T17:18:11+00:00","og_image":[{"width":620,"height":878,"url":"https:\/\/veredes.es\/blog\/wp-content\/uploads\/2012\/11\/folleto-jornadas-es1.jpg","type":"image\/jpeg"}],"author":"veredes","twitter_card":"summary_large_image","twitter_creator":"@https:\/\/twitter.com\/veredes","twitter_site":"@veredes","twitter_misc":{"Escrito por":"veredes","Tiempo de lectura":"5 minutos"},"schema":{"@context":"https:\/\/schema.org","@graph":[{"@type":"Article","@id":"https:\/\/veredes.es\/blog\/i-jornadas-internacionales-sobre-la-frontera-hispano-portuguesa-y-sus-fortificaciones\/#article","isPartOf":{"@id":"https:\/\/veredes.es\/blog\/i-jornadas-internacionales-sobre-la-frontera-hispano-portuguesa-y-sus-fortificaciones\/"},"author":{"name":"veredes","@id":"https:\/\/veredes.es\/blog\/#\/schema\/person\/0bbb669073ef7faba5168a0844e93d2c"},"headline":"I Jornadas Internacionales sobre la Frontera Hispano Portuguesa y sus Fortificaciones","datePublished":"2012-11-06T07:26:33+00:00","dateModified":"2019-10-25T17:18:11+00:00","mainEntityOfPage":{"@id":"https:\/\/veredes.es\/blog\/i-jornadas-internacionales-sobre-la-frontera-hispano-portuguesa-y-sus-fortificaciones\/"},"wordCount":1090,"publisher":{"@id":"https:\/\/veredes.es\/blog\/#organization"},"image":{"@id":"https:\/\/veredes.es\/blog\/i-jornadas-internacionales-sobre-la-frontera-hispano-portuguesa-y-sus-fortificaciones\/#primaryimage"},"thumbnailUrl":"https:\/\/veredes.es\/blog\/wp-content\/uploads\/2012\/11\/folleto-jornadas-es1.jpg","keywords":["arquitectura espa\u00f1ola","arquitectura gallega","arquitectura portuguesa","Espa\u00f1a","internacional","jornada","patrimonio cultural","patrimonio hist\u00f3rico","Portugal","territorio","turismo"],"articleSection":["conferencias","cursos-talleres","eventos"],"inLanguage":"es"},{"@type":"WebPage","@id":"https:\/\/veredes.es\/blog\/i-jornadas-internacionales-sobre-la-frontera-hispano-portuguesa-y-sus-fortificaciones\/","url":"https:\/\/veredes.es\/blog\/i-jornadas-internacionales-sobre-la-frontera-hispano-portuguesa-y-sus-fortificaciones\/","name":"I Jornadas Internacionales sobre la Frontera Hispano Portuguesa y sus FortificacionesI Xornadas Internacionais sobre a fronteira Hispano-Portuguesa e as suas Fortificaci\u00f3nsI International Days on the Portuguese Hispanic Border and his Fortificaciones - veredes","isPartOf":{"@id":"https:\/\/veredes.es\/blog\/#website"},"primaryImageOfPage":{"@id":"https:\/\/veredes.es\/blog\/i-jornadas-internacionales-sobre-la-frontera-hispano-portuguesa-y-sus-fortificaciones\/#primaryimage"},"image":{"@id":"https:\/\/veredes.es\/blog\/i-jornadas-internacionales-sobre-la-frontera-hispano-portuguesa-y-sus-fortificaciones\/#primaryimage"},"thumbnailUrl":"https:\/\/veredes.es\/blog\/wp-content\/uploads\/2012\/11\/folleto-jornadas-es1.jpg","datePublished":"2012-11-06T07:26:33+00:00","dateModified":"2019-10-25T17:18:11+00:00","description":"Toda la informaci\u00f3n sobre: I Jornadas Internacionales sobre la Frontera Hispano Portuguesa y sus FortificacionesI Xornadas Internacionais sobre a fronteira Hispano-Portuguesa e as suas Fortificaci\u00f3nsI International Days on the Portuguese Hispanic Border and his Fortificaciones","breadcrumb":{"@id":"https:\/\/veredes.es\/blog\/i-jornadas-internacionales-sobre-la-frontera-hispano-portuguesa-y-sus-fortificaciones\/#breadcrumb"},"inLanguage":"es","potentialAction":[{"@type":"ReadAction","target":["https:\/\/veredes.es\/blog\/i-jornadas-internacionales-sobre-la-frontera-hispano-portuguesa-y-sus-fortificaciones\/"]}]},{"@type":"ImageObject","inLanguage":"es","@id":"https:\/\/veredes.es\/blog\/i-jornadas-internacionales-sobre-la-frontera-hispano-portuguesa-y-sus-fortificaciones\/#primaryimage","url":"https:\/\/veredes.es\/blog\/wp-content\/uploads\/2012\/11\/folleto-jornadas-es1.jpg","contentUrl":"https:\/\/veredes.es\/blog\/wp-content\/uploads\/2012\/11\/folleto-jornadas-es1.jpg","width":"620","height":"878"},{"@type":"BreadcrumbList","@id":"https:\/\/veredes.es\/blog\/i-jornadas-internacionales-sobre-la-frontera-hispano-portuguesa-y-sus-fortificaciones\/#breadcrumb","itemListElement":[{"@type":"ListItem","position":1,"name":"Portada","item":"https:\/\/veredes.es\/blog\/"},{"@type":"ListItem","position":2,"name":"I Jornadas Internacionales sobre la Frontera Hispano Portuguesa y sus Fortificaciones"}]},{"@type":"WebSite","@id":"https:\/\/veredes.es\/blog\/#website","url":"https:\/\/veredes.es\/blog\/","name":"veredes, arquitectura y divulgaci\u00f3n","description":"veredes","publisher":{"@id":"https:\/\/veredes.es\/blog\/#organization"},"alternateName":"veredes","potentialAction":[{"@type":"SearchAction","target":{"@type":"EntryPoint","urlTemplate":"https:\/\/veredes.es\/blog\/?s={search_term_string}"},"query-input":{"@type":"PropertyValueSpecification","valueRequired":true,"valueName":"search_term_string"}}],"inLanguage":"es"},{"@type":"Organization","@id":"https:\/\/veredes.es\/blog\/#organization","name":"veredes, arquitectura y divulgaci\u00f3n","alternateName":"veredes","url":"https:\/\/veredes.es\/blog\/","logo":{"@type":"ImageObject","inLanguage":"es","@id":"https:\/\/veredes.es\/blog\/#\/schema\/logo\/image\/","url":"https:\/\/veredes.es\/blog\/wp-content\/uploads\/2021\/12\/veredes-logo-centrado_140x54.png","contentUrl":"https:\/\/veredes.es\/blog\/wp-content\/uploads\/2021\/12\/veredes-logo-centrado_140x54.png","width":140,"height":54,"caption":"veredes, arquitectura y divulgaci\u00f3n"},"image":{"@id":"https:\/\/veredes.es\/blog\/#\/schema\/logo\/image\/"},"sameAs":["https:\/\/www.facebook.com\/veredesArquitecturayDivulgacion\/","https:\/\/x.com\/veredes","https:\/\/instagram.com\/veredes\/","https:\/\/www.linkedin.com\/company\/veredes-arquitectura-y-divulgacion\/","https:\/\/es.pinterest.com\/veredes\/","https:\/\/www.tumblr.com\/veredes"]},{"@type":"Person","@id":"https:\/\/veredes.es\/blog\/#\/schema\/person\/0bbb669073ef7faba5168a0844e93d2c","name":"veredes","image":{"@type":"ImageObject","inLanguage":"es","@id":"https:\/\/veredes.es\/blog\/wp-content\/uploads\/2018\/04\/face-96x96.jpg","url":"https:\/\/veredes.es\/blog\/wp-content\/uploads\/2018\/04\/face-96x96.jpg","contentUrl":"https:\/\/veredes.es\/blog\/wp-content\/uploads\/2018\/04\/face-96x96.jpg","caption":"veredes"},"description":"Surge enero de 2009 como b\u00fasqueda de satisfacer el conocimiento de la actividad arquitect\u00f3nica y tangentes que se generan. La idea es crear un espacio para divulgar los diversos proyectos en busca de nueva inspiraci\u00f3n y de intercambio.","sameAs":["https:\/\/veredes.es\/","https:\/\/www.facebook.com\/veredesArquitecturayDivulgacion\/","https:\/\/www.instagram.com\/veredes\/","https:\/\/www.linkedin.com\/company\/veredes-arquitectura-y-divulgacion\/","https:\/\/www.pinterest.es\/veredes\/","https:\/\/x.com\/https:\/\/twitter.com\/veredes","https:\/\/veredes.tumblr.com\/"],"url":"https:\/\/veredes.es\/blog\/author\/alberto\/"}]}},"_links":{"self":[{"href":"https:\/\/veredes.es\/blog\/wp-json\/wp\/v2\/posts\/26112","targetHints":{"allow":["GET"]}}],"collection":[{"href":"https:\/\/veredes.es\/blog\/wp-json\/wp\/v2\/posts"}],"about":[{"href":"https:\/\/veredes.es\/blog\/wp-json\/wp\/v2\/types\/post"}],"author":[{"embeddable":true,"href":"https:\/\/veredes.es\/blog\/wp-json\/wp\/v2\/users\/2"}],"replies":[{"embeddable":true,"href":"https:\/\/veredes.es\/blog\/wp-json\/wp\/v2\/comments?post=26112"}],"version-history":[{"count":0,"href":"https:\/\/veredes.es\/blog\/wp-json\/wp\/v2\/posts\/26112\/revisions"}],"wp:featuredmedia":[{"embeddable":true,"href":"https:\/\/veredes.es\/blog\/wp-json\/wp\/v2\/media\/26113"}],"wp:attachment":[{"href":"https:\/\/veredes.es\/blog\/wp-json\/wp\/v2\/media?parent=26112"}],"wp:term":[{"taxonomy":"category","embeddable":true,"href":"https:\/\/veredes.es\/blog\/wp-json\/wp\/v2\/categories?post=26112"},{"taxonomy":"post_tag","embeddable":true,"href":"https:\/\/veredes.es\/blog\/wp-json\/wp\/v2\/tags?post=26112"}],"curies":[{"name":"wp","href":"https:\/\/api.w.org\/{rel}","templated":true}]}}