{"id":25414,"date":"2012-10-30T06:57:57","date_gmt":"2012-10-30T06:57:57","guid":{"rendered":"http:\/\/veredes.es\/blog\/?p=25414"},"modified":"2020-03-13T11:27:16","modified_gmt":"2020-03-13T10:27:16","slug":"por-que-importa-la-arquitectura","status":"publish","type":"post","link":"https:\/\/veredes.es\/blog\/por-que-importa-la-arquitectura\/","title":{"rendered":"Por qu\u00e9 importa la arquitectura"},"content":{"rendered":"<p><\/p>\n<p style=\"text-align: justify;\">En Por qu\u00e9 importa la arquitectura Paul Goldberger, probablemente el cr\u00edtico de arquitectura estadounidense m\u00e1s influyente de las ultimas d\u00e9cadas, elabora un maravilloso tratado en el que explica con una prosa concisa y brillante c\u00f3mo y por qu\u00e9 nos afectan los edificios y como la arquitectura no solo nos proporciona refugio, sino que configura de un modo singular nuestra relaci\u00f3n con el espacio y el tiempo, tanto como individuos como sociedad, contribuyendo as\u00ed a construir lugares significativos que son portadores de nuestra memoria colectiva y que tienen, por todo ello, un profundo valor simb\u00f3lico, c\u00edvico y \u00e9tico. Como se\u00f1ala Luis Fern\u00e1ndez-Galiano en su prologo, el estilo impresionista de Goldberger, de convicciones tan ecl\u00e9cticas como firmes, logra salvar la brecha entre las arquitecturas patrimoniales que gustan a todos y las vanguardistas que pocos aceptan para acercar al profano los secretos de esta disciplina que habita siempre en el umbral de la est\u00e9tica y la funcionalidad. La cuidadosa traducci\u00f3n de Jorge Sainz, en dialogo con el autor, ha enriquecido y matizado de forma ecum\u00e9nica y brillante el sesgo mas localista del texto original.<\/p>\n<p style=\"text-align: justify;\"><a href=\"https:\/\/veredes.es\/blog\/wp-content\/uploads\/2012\/10\/COVER_Goldberger_low.jpg\"><img loading=\"lazy\" decoding=\"async\" class=\"alignnone size-full wp-image-25415\" title=\"COVER_Goldberger_low\" src=\"https:\/\/veredes.es\/blog\/wp-content\/uploads\/2012\/10\/COVER_Goldberger_low.jpg\" alt=\"\" width=\"461\" height=\"600\" srcset=\"https:\/\/veredes.es\/blog\/wp-content\/uploads\/2012\/10\/COVER_Goldberger_low.jpg 461w, https:\/\/veredes.es\/blog\/wp-content\/uploads\/2012\/10\/COVER_Goldberger_low-230x300.jpg 230w\" sizes=\"auto, (max-width: 461px) 100vw, 461px\" \/><\/a><\/p>\n<p style=\"text-align: justify;\"><span style=\"color: #888888;\">+ bookshop.ivorypress.com<\/span><\/p>\n<p><iframe loading=\"lazy\" style=\"width: 120px; height: 240px;\" src=\"http:\/\/rcm-eu.amazon-adsystem.com\/e\/cm?t=veredes-21&amp;o=30&amp;p=8&amp;l=as1&amp;asins=8493949876&amp;ref=tf_til&amp;fc1=000000&amp;IS2=1&amp;lt1=_blank&amp;m=amazon&amp;lc1=ED9913&amp;bc1=000000&amp;bg1=FFFFFF&amp;f=ifr\" frameborder=\"0\" marginwidth=\"0\" marginheight=\"0\" scrolling=\"no\" width=\"320\" height=\"240\"><\/iframe> <iframe src=\"http:\/\/rcm-eu.amazon-adsystem.com\/e\/cm?t=wwwveredeses-21&#038;o=30&#038;p=8&#038;l=as1&#038;asins=B00LKLF0GW&#038;ref=tf_til&#038;fc1=E9940D&#038;IS2=1&#038;lt1=_blank&#038;m=amazon&#038;lc1=575760&#038;bc1=FFFFFF&#038;bg1=FFFFFF&#038;f=ifr\" style=\"width:120px;height:240px;\" scrolling=\"no\" marginwidth=\"0\" marginheight=\"0\" frameborder=\"0\"><\/iframe> <iframe src=\"http:\/\/rcm-eu.amazon-adsystem.com\/e\/cm?t=wwwveredeses-21&#038;o=30&#038;p=8&#038;l=as1&#038;asins=B001B3GO82&#038;ref=tf_til&#038;fc1=E9940D&#038;IS2=1&#038;lt1=_blank&#038;m=amazon&#038;lc1=575760&#038;bc1=FFFFFF&#038;bg1=FFFFFF&#038;f=ifr\" style=\"width:120px;height:240px;\" scrolling=\"no\" marginwidth=\"0\" marginheight=\"0\" frameborder=\"0\"><\/iframe> <iframe src=\"http:\/\/rcm-eu.amazon-adsystem.com\/e\/cm?t=wwwveredeses-21&#038;o=30&#038;p=8&#038;l=as1&#038;asins=B0026RNEZI&#038;ref=tf_til&#038;fc1=E9940D&#038;IS2=1&#038;lt1=_blank&#038;m=amazon&#038;lc1=575760&#038;bc1=FFFFFF&#038;bg1=FFFFFF&#038;f=ifr\" style=\"width:120px;height:240px;\" scrolling=\"no\" marginwidth=\"0\" marginheight=\"0\" frameborder=\"0\"><\/iframe> <iframe src=\"http:\/\/rcm-eu.amazon-adsystem.com\/e\/cm?t=wwwveredeses-21&#038;o=30&#038;p=8&#038;l=as1&#038;asins=B004SII8RC&#038;ref=tf_til&#038;fc1=E9940D&#038;IS2=1&#038;lt1=_blank&#038;m=amazon&#038;lc1=575760&#038;bc1=FFFFFF&#038;bg1=FFFFFF&#038;f=ifr\" style=\"width:120px;height:240px;\" scrolling=\"no\" marginwidth=\"0\" marginheight=\"0\" frameborder=\"0\"><\/iframe><\/p>","protected":false},"excerpt":{"rendered":"<p>En Por qu\u00e9 importa la arquitectura Paul Goldberger, probablemente el cr\u00edtico de arquitectura estadounidense m\u00e1s influyente de las ultimas d\u00e9cadas, elabora un maravilloso tratado en el que explica con una prosa concisa y brillante c\u00f3mo y por qu\u00e9 nos afectan los edificios y como la arquitectura no solo nos proporciona refugio, sino que configura de [&hellip;]<\/p>\n","protected":false},"author":2,"featured_media":25415,"comment_status":"open","ping_status":"closed","sticky":false,"template":"","format":"standard","meta":{"footnotes":""},"categories":[794,26],"tags":[3487,2423,6152,6153,1120,2173],"class_list":{"0":"post-25414","1":"post","2":"type-post","3":"status-publish","4":"format-standard","5":"has-post-thumbnail","7":"category-libros","8":"category-publicaciones","9":"tag-frank-gehry","10":"tag-luis-fernandez-galiano","11":"tag-paul-goldberger","12":"tag-premio-pulitzer","13":"tag-publicacion","14":"tag-rem-koolhaas"},"yoast_head":"<!-- This site is optimized with the Yoast SEO plugin v27.4 - https:\/\/yoast.com\/product\/yoast-seo-wordpress\/ -->\n<title>Por qu\u00e9 importa la arquitecturaPor qu\u00e9 importa a arquitecturaWhy Architecture Matters - veredes<\/title>\n<meta name=\"description\" content=\"Toda la informaci\u00f3n sobre: Por qu\u00e9 importa la arquitecturaPor qu\u00e9 importa a arquitecturaWhy Architecture Matters\" \/>\n<meta name=\"robots\" content=\"index, follow, max-snippet:-1, max-image-preview:large, max-video-preview:-1\" \/>\n<link rel=\"canonical\" href=\"https:\/\/veredes.es\/blog\/por-que-importa-la-arquitectura\/\" \/>\n<meta property=\"og:locale\" content=\"es_ES\" \/>\n<meta property=\"og:type\" content=\"article\" \/>\n<meta property=\"og:title\" content=\"Por qu\u00e9 importa la arquitecturaPor qu\u00e9 importa a arquitecturaWhy Architecture Matters - veredes\" \/>\n<meta property=\"og:description\" content=\"Toda la informaci\u00f3n sobre: Por qu\u00e9 importa la arquitecturaPor qu\u00e9 importa a arquitecturaWhy Architecture Matters\" \/>\n<meta property=\"og:url\" content=\"https:\/\/veredes.es\/blog\/por-que-importa-la-arquitectura\/\" \/>\n<meta property=\"og:site_name\" content=\"veredes, arquitectura y divulgaci\u00f3n\" \/>\n<meta property=\"article:publisher\" content=\"https:\/\/www.facebook.com\/veredesArquitecturayDivulgacion\/\" \/>\n<meta property=\"article:author\" content=\"https:\/\/www.facebook.com\/veredesArquitecturayDivulgacion\/\" \/>\n<meta property=\"article:published_time\" content=\"2012-10-30T06:57:57+00:00\" \/>\n<meta property=\"article:modified_time\" content=\"2020-03-13T10:27:16+00:00\" \/>\n<meta property=\"og:image\" content=\"https:\/\/veredes.es\/blog\/wp-content\/uploads\/2012\/10\/COVER_Goldberger_low.jpg\" \/>\n\t<meta property=\"og:image:width\" content=\"461\" \/>\n\t<meta property=\"og:image:height\" content=\"600\" \/>\n\t<meta property=\"og:image:type\" content=\"image\/jpeg\" \/>\n<meta name=\"author\" content=\"veredes\" \/>\n<meta name=\"twitter:card\" content=\"summary_large_image\" \/>\n<meta name=\"twitter:creator\" content=\"@https:\/\/twitter.com\/veredes\" \/>\n<meta name=\"twitter:site\" content=\"@veredes\" \/>\n<meta name=\"twitter:label1\" content=\"Escrito por\" \/>\n\t<meta name=\"twitter:data1\" content=\"veredes\" \/>\n\t<meta name=\"twitter:label2\" content=\"Tiempo de lectura\" \/>\n\t<meta name=\"twitter:data2\" content=\"3 minutos\" \/>\n<script type=\"application\/ld+json\" class=\"yoast-schema-graph\">{\"@context\":\"https:\\\/\\\/schema.org\",\"@graph\":[{\"@type\":\"Article\",\"@id\":\"https:\\\/\\\/veredes.es\\\/blog\\\/por-que-importa-la-arquitectura\\\/#article\",\"isPartOf\":{\"@id\":\"https:\\\/\\\/veredes.es\\\/blog\\\/por-que-importa-la-arquitectura\\\/\"},\"author\":{\"name\":\"veredes\",\"@id\":\"https:\\\/\\\/veredes.es\\\/blog\\\/#\\\/schema\\\/person\\\/0bbb669073ef7faba5168a0844e93d2c\"},\"headline\":\"Por qu\u00e9 importa la arquitectura\",\"datePublished\":\"2012-10-30T06:57:57+00:00\",\"dateModified\":\"2020-03-13T10:27:16+00:00\",\"mainEntityOfPage\":{\"@id\":\"https:\\\/\\\/veredes.es\\\/blog\\\/por-que-importa-la-arquitectura\\\/\"},\"wordCount\":579,\"commentCount\":1,\"publisher\":{\"@id\":\"https:\\\/\\\/veredes.es\\\/blog\\\/#organization\"},\"image\":{\"@id\":\"https:\\\/\\\/veredes.es\\\/blog\\\/por-que-importa-la-arquitectura\\\/#primaryimage\"},\"thumbnailUrl\":\"https:\\\/\\\/veredes.es\\\/blog\\\/wp-content\\\/uploads\\\/2012\\\/10\\\/COVER_Goldberger_low.jpg\",\"keywords\":[\"Frank Gehry\",\"Luis Fern\u00e1ndez-Galiano\",\"Paul Goldberger\",\"premio pulitzer\",\"publicaci\u00f3n\",\"Rem Koolhaas\"],\"articleSection\":[\"libros\",\"publicaciones\"],\"inLanguage\":\"es\",\"potentialAction\":[{\"@type\":\"CommentAction\",\"name\":\"Comment\",\"target\":[\"https:\\\/\\\/veredes.es\\\/blog\\\/por-que-importa-la-arquitectura\\\/#respond\"]}]},{\"@type\":\"WebPage\",\"@id\":\"https:\\\/\\\/veredes.es\\\/blog\\\/por-que-importa-la-arquitectura\\\/\",\"url\":\"https:\\\/\\\/veredes.es\\\/blog\\\/por-que-importa-la-arquitectura\\\/\",\"name\":\"Por qu\u00e9 importa la arquitecturaPor qu\u00e9 importa a arquitecturaWhy Architecture Matters - veredes\",\"isPartOf\":{\"@id\":\"https:\\\/\\\/veredes.es\\\/blog\\\/#website\"},\"primaryImageOfPage\":{\"@id\":\"https:\\\/\\\/veredes.es\\\/blog\\\/por-que-importa-la-arquitectura\\\/#primaryimage\"},\"image\":{\"@id\":\"https:\\\/\\\/veredes.es\\\/blog\\\/por-que-importa-la-arquitectura\\\/#primaryimage\"},\"thumbnailUrl\":\"https:\\\/\\\/veredes.es\\\/blog\\\/wp-content\\\/uploads\\\/2012\\\/10\\\/COVER_Goldberger_low.jpg\",\"datePublished\":\"2012-10-30T06:57:57+00:00\",\"dateModified\":\"2020-03-13T10:27:16+00:00\",\"description\":\"Toda la informaci\u00f3n sobre: Por qu\u00e9 importa la arquitecturaPor qu\u00e9 importa a arquitecturaWhy Architecture Matters\",\"breadcrumb\":{\"@id\":\"https:\\\/\\\/veredes.es\\\/blog\\\/por-que-importa-la-arquitectura\\\/#breadcrumb\"},\"inLanguage\":\"es\",\"potentialAction\":[{\"@type\":\"ReadAction\",\"target\":[\"https:\\\/\\\/veredes.es\\\/blog\\\/por-que-importa-la-arquitectura\\\/\"]}]},{\"@type\":\"ImageObject\",\"inLanguage\":\"es\",\"@id\":\"https:\\\/\\\/veredes.es\\\/blog\\\/por-que-importa-la-arquitectura\\\/#primaryimage\",\"url\":\"https:\\\/\\\/veredes.es\\\/blog\\\/wp-content\\\/uploads\\\/2012\\\/10\\\/COVER_Goldberger_low.jpg\",\"contentUrl\":\"https:\\\/\\\/veredes.es\\\/blog\\\/wp-content\\\/uploads\\\/2012\\\/10\\\/COVER_Goldberger_low.jpg\",\"width\":\"461\",\"height\":\"600\"},{\"@type\":\"BreadcrumbList\",\"@id\":\"https:\\\/\\\/veredes.es\\\/blog\\\/por-que-importa-la-arquitectura\\\/#breadcrumb\",\"itemListElement\":[{\"@type\":\"ListItem\",\"position\":1,\"name\":\"Portada\",\"item\":\"https:\\\/\\\/veredes.es\\\/blog\\\/\"},{\"@type\":\"ListItem\",\"position\":2,\"name\":\"Por qu\u00e9 importa la arquitectura\"}]},{\"@type\":\"WebSite\",\"@id\":\"https:\\\/\\\/veredes.es\\\/blog\\\/#website\",\"url\":\"https:\\\/\\\/veredes.es\\\/blog\\\/\",\"name\":\"veredes, arquitectura y divulgaci\u00f3n\",\"description\":\"veredes\",\"publisher\":{\"@id\":\"https:\\\/\\\/veredes.es\\\/blog\\\/#organization\"},\"alternateName\":\"veredes\",\"potentialAction\":[{\"@type\":\"SearchAction\",\"target\":{\"@type\":\"EntryPoint\",\"urlTemplate\":\"https:\\\/\\\/veredes.es\\\/blog\\\/?s={search_term_string}\"},\"query-input\":{\"@type\":\"PropertyValueSpecification\",\"valueRequired\":true,\"valueName\":\"search_term_string\"}}],\"inLanguage\":\"es\"},{\"@type\":\"Organization\",\"@id\":\"https:\\\/\\\/veredes.es\\\/blog\\\/#organization\",\"name\":\"veredes, arquitectura y divulgaci\u00f3n\",\"alternateName\":\"veredes\",\"url\":\"https:\\\/\\\/veredes.es\\\/blog\\\/\",\"logo\":{\"@type\":\"ImageObject\",\"inLanguage\":\"es\",\"@id\":\"https:\\\/\\\/veredes.es\\\/blog\\\/#\\\/schema\\\/logo\\\/image\\\/\",\"url\":\"https:\\\/\\\/veredes.es\\\/blog\\\/wp-content\\\/uploads\\\/2021\\\/12\\\/veredes-logo-centrado_140x54.png\",\"contentUrl\":\"https:\\\/\\\/veredes.es\\\/blog\\\/wp-content\\\/uploads\\\/2021\\\/12\\\/veredes-logo-centrado_140x54.png\",\"width\":140,\"height\":54,\"caption\":\"veredes, arquitectura y divulgaci\u00f3n\"},\"image\":{\"@id\":\"https:\\\/\\\/veredes.es\\\/blog\\\/#\\\/schema\\\/logo\\\/image\\\/\"},\"sameAs\":[\"https:\\\/\\\/www.facebook.com\\\/veredesArquitecturayDivulgacion\\\/\",\"https:\\\/\\\/x.com\\\/veredes\",\"https:\\\/\\\/instagram.com\\\/veredes\\\/\",\"https:\\\/\\\/www.linkedin.com\\\/company\\\/veredes-arquitectura-y-divulgacion\\\/\",\"https:\\\/\\\/es.pinterest.com\\\/veredes\\\/\",\"https:\\\/\\\/www.tumblr.com\\\/veredes\"]},{\"@type\":\"Person\",\"@id\":\"https:\\\/\\\/veredes.es\\\/blog\\\/#\\\/schema\\\/person\\\/0bbb669073ef7faba5168a0844e93d2c\",\"name\":\"veredes\",\"image\":{\"@type\":\"ImageObject\",\"inLanguage\":\"es\",\"@id\":\"https:\\\/\\\/veredes.es\\\/blog\\\/wp-content\\\/uploads\\\/2018\\\/04\\\/face-96x96.jpg\",\"url\":\"https:\\\/\\\/veredes.es\\\/blog\\\/wp-content\\\/uploads\\\/2018\\\/04\\\/face-96x96.jpg\",\"contentUrl\":\"https:\\\/\\\/veredes.es\\\/blog\\\/wp-content\\\/uploads\\\/2018\\\/04\\\/face-96x96.jpg\",\"caption\":\"veredes\"},\"description\":\"Surge enero de 2009 como b\u00fasqueda de satisfacer el conocimiento de la actividad arquitect\u00f3nica y tangentes que se generan. La idea es crear un espacio para divulgar los diversos proyectos en busca de nueva inspiraci\u00f3n y de intercambio.\",\"sameAs\":[\"https:\\\/\\\/veredes.es\\\/\",\"https:\\\/\\\/www.facebook.com\\\/veredesArquitecturayDivulgacion\\\/\",\"https:\\\/\\\/www.instagram.com\\\/veredes\\\/\",\"https:\\\/\\\/www.linkedin.com\\\/company\\\/veredes-arquitectura-y-divulgacion\\\/\",\"https:\\\/\\\/www.pinterest.es\\\/veredes\\\/\",\"https:\\\/\\\/x.com\\\/https:\\\/\\\/twitter.com\\\/veredes\",\"https:\\\/\\\/veredes.tumblr.com\\\/\"],\"url\":\"https:\\\/\\\/veredes.es\\\/blog\\\/author\\\/alberto\\\/\"}]}<\/script>\n<!-- \/ Yoast SEO plugin. -->","yoast_head_json":{"title":"Por qu\u00e9 importa la arquitecturaPor qu\u00e9 importa a arquitecturaWhy Architecture Matters - veredes","description":"Toda la informaci\u00f3n sobre: Por qu\u00e9 importa la arquitecturaPor qu\u00e9 importa a arquitecturaWhy Architecture Matters","robots":{"index":"index","follow":"follow","max-snippet":"max-snippet:-1","max-image-preview":"max-image-preview:large","max-video-preview":"max-video-preview:-1"},"canonical":"https:\/\/veredes.es\/blog\/por-que-importa-la-arquitectura\/","og_locale":"es_ES","og_type":"article","og_title":"Por qu\u00e9 importa la arquitecturaPor qu\u00e9 importa a arquitecturaWhy Architecture Matters - veredes","og_description":"Toda la informaci\u00f3n sobre: Por qu\u00e9 importa la arquitecturaPor qu\u00e9 importa a arquitecturaWhy Architecture Matters","og_url":"https:\/\/veredes.es\/blog\/por-que-importa-la-arquitectura\/","og_site_name":"veredes, arquitectura y divulgaci\u00f3n","article_publisher":"https:\/\/www.facebook.com\/veredesArquitecturayDivulgacion\/","article_author":"https:\/\/www.facebook.com\/veredesArquitecturayDivulgacion\/","article_published_time":"2012-10-30T06:57:57+00:00","article_modified_time":"2020-03-13T10:27:16+00:00","og_image":[{"width":461,"height":600,"url":"https:\/\/veredes.es\/blog\/wp-content\/uploads\/2012\/10\/COVER_Goldberger_low.jpg","type":"image\/jpeg"}],"author":"veredes","twitter_card":"summary_large_image","twitter_creator":"@https:\/\/twitter.com\/veredes","twitter_site":"@veredes","twitter_misc":{"Escrito por":"veredes","Tiempo de lectura":"3 minutos"},"schema":{"@context":"https:\/\/schema.org","@graph":[{"@type":"Article","@id":"https:\/\/veredes.es\/blog\/por-que-importa-la-arquitectura\/#article","isPartOf":{"@id":"https:\/\/veredes.es\/blog\/por-que-importa-la-arquitectura\/"},"author":{"name":"veredes","@id":"https:\/\/veredes.es\/blog\/#\/schema\/person\/0bbb669073ef7faba5168a0844e93d2c"},"headline":"Por qu\u00e9 importa la arquitectura","datePublished":"2012-10-30T06:57:57+00:00","dateModified":"2020-03-13T10:27:16+00:00","mainEntityOfPage":{"@id":"https:\/\/veredes.es\/blog\/por-que-importa-la-arquitectura\/"},"wordCount":579,"commentCount":1,"publisher":{"@id":"https:\/\/veredes.es\/blog\/#organization"},"image":{"@id":"https:\/\/veredes.es\/blog\/por-que-importa-la-arquitectura\/#primaryimage"},"thumbnailUrl":"https:\/\/veredes.es\/blog\/wp-content\/uploads\/2012\/10\/COVER_Goldberger_low.jpg","keywords":["Frank Gehry","Luis Fern\u00e1ndez-Galiano","Paul Goldberger","premio pulitzer","publicaci\u00f3n","Rem Koolhaas"],"articleSection":["libros","publicaciones"],"inLanguage":"es","potentialAction":[{"@type":"CommentAction","name":"Comment","target":["https:\/\/veredes.es\/blog\/por-que-importa-la-arquitectura\/#respond"]}]},{"@type":"WebPage","@id":"https:\/\/veredes.es\/blog\/por-que-importa-la-arquitectura\/","url":"https:\/\/veredes.es\/blog\/por-que-importa-la-arquitectura\/","name":"Por qu\u00e9 importa la arquitecturaPor qu\u00e9 importa a arquitecturaWhy Architecture Matters - veredes","isPartOf":{"@id":"https:\/\/veredes.es\/blog\/#website"},"primaryImageOfPage":{"@id":"https:\/\/veredes.es\/blog\/por-que-importa-la-arquitectura\/#primaryimage"},"image":{"@id":"https:\/\/veredes.es\/blog\/por-que-importa-la-arquitectura\/#primaryimage"},"thumbnailUrl":"https:\/\/veredes.es\/blog\/wp-content\/uploads\/2012\/10\/COVER_Goldberger_low.jpg","datePublished":"2012-10-30T06:57:57+00:00","dateModified":"2020-03-13T10:27:16+00:00","description":"Toda la informaci\u00f3n sobre: Por qu\u00e9 importa la arquitecturaPor qu\u00e9 importa a arquitecturaWhy Architecture Matters","breadcrumb":{"@id":"https:\/\/veredes.es\/blog\/por-que-importa-la-arquitectura\/#breadcrumb"},"inLanguage":"es","potentialAction":[{"@type":"ReadAction","target":["https:\/\/veredes.es\/blog\/por-que-importa-la-arquitectura\/"]}]},{"@type":"ImageObject","inLanguage":"es","@id":"https:\/\/veredes.es\/blog\/por-que-importa-la-arquitectura\/#primaryimage","url":"https:\/\/veredes.es\/blog\/wp-content\/uploads\/2012\/10\/COVER_Goldberger_low.jpg","contentUrl":"https:\/\/veredes.es\/blog\/wp-content\/uploads\/2012\/10\/COVER_Goldberger_low.jpg","width":"461","height":"600"},{"@type":"BreadcrumbList","@id":"https:\/\/veredes.es\/blog\/por-que-importa-la-arquitectura\/#breadcrumb","itemListElement":[{"@type":"ListItem","position":1,"name":"Portada","item":"https:\/\/veredes.es\/blog\/"},{"@type":"ListItem","position":2,"name":"Por qu\u00e9 importa la arquitectura"}]},{"@type":"WebSite","@id":"https:\/\/veredes.es\/blog\/#website","url":"https:\/\/veredes.es\/blog\/","name":"veredes, arquitectura y divulgaci\u00f3n","description":"veredes","publisher":{"@id":"https:\/\/veredes.es\/blog\/#organization"},"alternateName":"veredes","potentialAction":[{"@type":"SearchAction","target":{"@type":"EntryPoint","urlTemplate":"https:\/\/veredes.es\/blog\/?s={search_term_string}"},"query-input":{"@type":"PropertyValueSpecification","valueRequired":true,"valueName":"search_term_string"}}],"inLanguage":"es"},{"@type":"Organization","@id":"https:\/\/veredes.es\/blog\/#organization","name":"veredes, arquitectura y divulgaci\u00f3n","alternateName":"veredes","url":"https:\/\/veredes.es\/blog\/","logo":{"@type":"ImageObject","inLanguage":"es","@id":"https:\/\/veredes.es\/blog\/#\/schema\/logo\/image\/","url":"https:\/\/veredes.es\/blog\/wp-content\/uploads\/2021\/12\/veredes-logo-centrado_140x54.png","contentUrl":"https:\/\/veredes.es\/blog\/wp-content\/uploads\/2021\/12\/veredes-logo-centrado_140x54.png","width":140,"height":54,"caption":"veredes, arquitectura y divulgaci\u00f3n"},"image":{"@id":"https:\/\/veredes.es\/blog\/#\/schema\/logo\/image\/"},"sameAs":["https:\/\/www.facebook.com\/veredesArquitecturayDivulgacion\/","https:\/\/x.com\/veredes","https:\/\/instagram.com\/veredes\/","https:\/\/www.linkedin.com\/company\/veredes-arquitectura-y-divulgacion\/","https:\/\/es.pinterest.com\/veredes\/","https:\/\/www.tumblr.com\/veredes"]},{"@type":"Person","@id":"https:\/\/veredes.es\/blog\/#\/schema\/person\/0bbb669073ef7faba5168a0844e93d2c","name":"veredes","image":{"@type":"ImageObject","inLanguage":"es","@id":"https:\/\/veredes.es\/blog\/wp-content\/uploads\/2018\/04\/face-96x96.jpg","url":"https:\/\/veredes.es\/blog\/wp-content\/uploads\/2018\/04\/face-96x96.jpg","contentUrl":"https:\/\/veredes.es\/blog\/wp-content\/uploads\/2018\/04\/face-96x96.jpg","caption":"veredes"},"description":"Surge enero de 2009 como b\u00fasqueda de satisfacer el conocimiento de la actividad arquitect\u00f3nica y tangentes que se generan. La idea es crear un espacio para divulgar los diversos proyectos en busca de nueva inspiraci\u00f3n y de intercambio.","sameAs":["https:\/\/veredes.es\/","https:\/\/www.facebook.com\/veredesArquitecturayDivulgacion\/","https:\/\/www.instagram.com\/veredes\/","https:\/\/www.linkedin.com\/company\/veredes-arquitectura-y-divulgacion\/","https:\/\/www.pinterest.es\/veredes\/","https:\/\/x.com\/https:\/\/twitter.com\/veredes","https:\/\/veredes.tumblr.com\/"],"url":"https:\/\/veredes.es\/blog\/author\/alberto\/"}]}},"_links":{"self":[{"href":"https:\/\/veredes.es\/blog\/wp-json\/wp\/v2\/posts\/25414","targetHints":{"allow":["GET"]}}],"collection":[{"href":"https:\/\/veredes.es\/blog\/wp-json\/wp\/v2\/posts"}],"about":[{"href":"https:\/\/veredes.es\/blog\/wp-json\/wp\/v2\/types\/post"}],"author":[{"embeddable":true,"href":"https:\/\/veredes.es\/blog\/wp-json\/wp\/v2\/users\/2"}],"replies":[{"embeddable":true,"href":"https:\/\/veredes.es\/blog\/wp-json\/wp\/v2\/comments?post=25414"}],"version-history":[{"count":0,"href":"https:\/\/veredes.es\/blog\/wp-json\/wp\/v2\/posts\/25414\/revisions"}],"wp:featuredmedia":[{"embeddable":true,"href":"https:\/\/veredes.es\/blog\/wp-json\/wp\/v2\/media\/25415"}],"wp:attachment":[{"href":"https:\/\/veredes.es\/blog\/wp-json\/wp\/v2\/media?parent=25414"}],"wp:term":[{"taxonomy":"category","embeddable":true,"href":"https:\/\/veredes.es\/blog\/wp-json\/wp\/v2\/categories?post=25414"},{"taxonomy":"post_tag","embeddable":true,"href":"https:\/\/veredes.es\/blog\/wp-json\/wp\/v2\/tags?post=25414"}],"curies":[{"name":"wp","href":"https:\/\/api.w.org\/{rel}","templated":true}]}}