{"id":25404,"date":"2012-10-29T06:07:15","date_gmt":"2012-10-29T06:07:15","guid":{"rendered":"http:\/\/veredes.es\/blog\/?p=25404"},"modified":"2015-02-11T17:29:05","modified_gmt":"2015-02-11T17:29:05","slug":"conferencia-de-la-arquitecta-marcella-del-signore-en-el-iaac","status":"publish","type":"post","link":"https:\/\/veredes.es\/blog\/conferencia-de-la-arquitecta-marcella-del-signore-en-el-iaac\/","title":{"rendered":"Conferencia de la arquitecta Marcella Del Signore en el IAAC"},"content":{"rendered":"<p><\/p>\n<p style=\"text-align: justify;\">La charla girar\u00e1 en torno a las nuevas tipolog\u00edas de urbanismo temporal que plantea la ciudad contempor\u00e1nea, y estar\u00e1 a cargo de la arquitecta Marcella Del Signore. En la conferencia Prototipar la ciudad temporal, que tendr\u00e1 lugar el pr\u00f3ximo martes 30 de octubre en el IAAC, la arquitecta Marcella Del Signore reflexionar\u00e1 sobre qu\u00e9 tipo de respuestas temporales pueden aplicarse a problemas urbanos concretos, con el fin de actuar de manera inmediata frente a las deficiencias que presenta el urbanismo local. Las investigaciones de Del Signore toman la noci\u00f3n de temporalidad como un elemento crucial en la definici\u00f3n estrat\u00e9gica de la ciudad contempor\u00e1nea.<\/p>\n<p><a href=\"http:\/\/veredes.es\/blog\/wp-content\/uploads\/2012\/10\/MARCELLA-DEL-SIGNORE.jpg\"><img loading=\"lazy\" decoding=\"async\" class=\"alignnone  wp-image-25405\" title=\"MARCELLA DEL SIGNORE\" src=\"http:\/\/veredes.es\/blog\/wp-content\/uploads\/2012\/10\/MARCELLA-DEL-SIGNORE.jpg\" alt=\"\" width=\"620\" height=\"876\" srcset=\"https:\/\/veredes.es\/blog\/wp-content\/uploads\/2012\/10\/MARCELLA-DEL-SIGNORE.jpg 424w, https:\/\/veredes.es\/blog\/wp-content\/uploads\/2012\/10\/MARCELLA-DEL-SIGNORE-212x300.jpg 212w\" sizes=\"auto, (max-width: 620px) 100vw, 620px\" \/><\/a><\/p>\n<p style=\"text-align: justify;\">Marcella Del Signore, licenciada en Arquitectura Avanzada en la Universidad de Sapienza de Roma, y con un M\u00e1ster en Arquitectura Avanzada en la Universidad de Columbia, es directora de X-Topia, una ciber-plataforma que explora las conexiones entre el dise\u00f1o, los procesos digitales, el espacio urbano y el arte. Su investigaci\u00f3n se centra en la comprensi\u00f3n y el desarrollo del espacio p\u00fablico y urbano a trav\u00e9s\u00a0 de acciones performativas, tecnolog\u00eda aplicada y procesos digitales.<\/p>\n<p style=\"text-align: justify;\">El Instituto de Arquitectura Avanzada de Catalunya es un centro acad\u00e9mico y de investigaci\u00f3n de vanguardia cuyo objetivo es impulsar la innovaci\u00f3n cient\u00edfica y tecnol\u00f3gica en la concepci\u00f3n, dise\u00f1o y construcci\u00f3n del h\u00e1bitat humano a todas las escalas (desde los bits hasta la geograf\u00eda), integrando las innovaciones tecnol\u00f3gicas, culturales y sociales de nuestro tiempo, y contribuyendo a la consolidaci\u00f3n de Barcelona como plataforma global de reflexi\u00f3n e innovaci\u00f3n.<\/p>\n<p><span style=\"color: #888888;\">Conferencia de la arquitecta Marcella Del Signore en el IAAC<\/span><br \/>\n<span style=\"color: #888888;\">T\u00edtulo: Prototyping the temporary city (Prototipar la ciudad temporal)<\/span><br \/>\n<span style=\"color: #888888;\">Fecha: Martes, 30 de octubre de 2012<\/span><br \/>\n<span style=\"color: #888888;\">Hora: 19:30h<\/span><br \/>\n<span style=\"color: #888888;\">Lugar: IAAC, Instituto de Arquitectura Avanzada de Catalu\u00f1a (Pujades 102, Barcelona)<\/span><\/p>","protected":false},"excerpt":{"rendered":"<p>La charla girar\u00e1 en torno a las nuevas tipolog\u00edas de urbanismo temporal que plantea la ciudad contempor\u00e1nea, y estar\u00e1 a cargo de la arquitecta Marcella Del Signore. En la conferencia Prototipar la ciudad temporal, que tendr\u00e1 lugar el pr\u00f3ximo martes 30 de octubre en el IAAC, la arquitecta Marcella Del Signore reflexionar\u00e1 sobre qu\u00e9 tipo [&hellip;]<\/p>\n","protected":false},"author":2,"featured_media":25405,"comment_status":"open","ping_status":"closed","sticky":false,"template":"","format":"standard","meta":{"footnotes":""},"categories":[1385,16],"tags":[191,357,516,1848,521,685,6146,4888,6148,6147],"class_list":{"0":"post-25404","1":"post","2":"type-post","3":"status-publish","4":"format-standard","5":"has-post-thumbnail","7":"category-conferencias","8":"category-eventos","9":"tag-barcelona","10":"tag-conferencia","11":"tag-espacio-publico","13":"tag-espana","14":"tag-iaac","15":"tag-marcella-del-signore","16":"tag-mujeres-arquitectas","17":"tag-procesos-digitales","18":"tag-x-topia"},"yoast_head":"<!-- This site is optimized with the Yoast SEO plugin v27.5 - https:\/\/yoast.com\/product\/yoast-seo-wordpress\/ -->\n<title>Conferencia de la arquitecta Marcella Del Signore en el IAACConferencia da arquitecta Marcella Del Signore no IAACConference of the architect Marcella Del Signore in the IAAC - veredes<\/title>\n<meta name=\"description\" content=\"Toda la informaci\u00f3n sobre: Conferencia de la arquitecta Marcella Del Signore en el IAACConferencia da arquitecta Marcella Del Signore no IAACConference of the architect Marcella Del Signore in the IAAC\" \/>\n<meta name=\"robots\" content=\"index, follow, max-snippet:-1, max-image-preview:large, max-video-preview:-1\" \/>\n<link rel=\"canonical\" href=\"https:\/\/veredes.es\/blog\/conferencia-de-la-arquitecta-marcella-del-signore-en-el-iaac\/\" \/>\n<meta property=\"og:locale\" content=\"es_ES\" \/>\n<meta property=\"og:type\" content=\"article\" \/>\n<meta property=\"og:title\" content=\"Conferencia de la arquitecta Marcella Del Signore en el IAACConferencia da arquitecta Marcella Del Signore no IAACConference of the architect Marcella Del Signore in the IAAC - veredes\" \/>\n<meta property=\"og:description\" content=\"Toda la informaci\u00f3n sobre: Conferencia de la arquitecta Marcella Del Signore en el IAACConferencia da arquitecta Marcella Del Signore no IAACConference of the architect Marcella Del Signore in the IAAC\" \/>\n<meta property=\"og:url\" content=\"https:\/\/veredes.es\/blog\/conferencia-de-la-arquitecta-marcella-del-signore-en-el-iaac\/\" \/>\n<meta property=\"og:site_name\" content=\"veredes, arquitectura y divulgaci\u00f3n\" \/>\n<meta property=\"article:publisher\" content=\"https:\/\/www.facebook.com\/veredesArquitecturayDivulgacion\/\" \/>\n<meta property=\"article:author\" content=\"https:\/\/www.facebook.com\/veredesArquitecturayDivulgacion\/\" \/>\n<meta property=\"article:published_time\" content=\"2012-10-29T06:07:15+00:00\" \/>\n<meta property=\"article:modified_time\" content=\"2015-02-11T17:29:05+00:00\" \/>\n<meta property=\"og:image\" content=\"https:\/\/veredes.es\/blog\/wp-content\/uploads\/2012\/10\/MARCELLA-DEL-SIGNORE.jpg\" \/>\n\t<meta property=\"og:image:width\" content=\"424\" \/>\n\t<meta property=\"og:image:height\" content=\"600\" \/>\n\t<meta property=\"og:image:type\" content=\"image\/jpeg\" \/>\n<meta name=\"author\" content=\"veredes\" \/>\n<meta name=\"twitter:card\" content=\"summary_large_image\" \/>\n<meta name=\"twitter:creator\" content=\"@https:\/\/twitter.com\/veredes\" \/>\n<meta name=\"twitter:site\" content=\"@veredes\" \/>\n<meta name=\"twitter:label1\" content=\"Escrito por\" \/>\n\t<meta name=\"twitter:data1\" content=\"veredes\" \/>\n\t<meta name=\"twitter:label2\" content=\"Tiempo de lectura\" \/>\n\t<meta name=\"twitter:data2\" content=\"4 minutos\" \/>\n<script type=\"application\/ld+json\" class=\"yoast-schema-graph\">{\"@context\":\"https:\\\/\\\/schema.org\",\"@graph\":[{\"@type\":\"Article\",\"@id\":\"https:\\\/\\\/veredes.es\\\/blog\\\/conferencia-de-la-arquitecta-marcella-del-signore-en-el-iaac\\\/#article\",\"isPartOf\":{\"@id\":\"https:\\\/\\\/veredes.es\\\/blog\\\/conferencia-de-la-arquitecta-marcella-del-signore-en-el-iaac\\\/\"},\"author\":{\"name\":\"veredes\",\"@id\":\"https:\\\/\\\/veredes.es\\\/blog\\\/#\\\/schema\\\/person\\\/0bbb669073ef7faba5168a0844e93d2c\"},\"headline\":\"Conferencia de la arquitecta Marcella Del Signore en el IAAC\",\"datePublished\":\"2012-10-29T06:07:15+00:00\",\"dateModified\":\"2015-02-11T17:29:05+00:00\",\"mainEntityOfPage\":{\"@id\":\"https:\\\/\\\/veredes.es\\\/blog\\\/conferencia-de-la-arquitecta-marcella-del-signore-en-el-iaac\\\/\"},\"wordCount\":913,\"commentCount\":0,\"publisher\":{\"@id\":\"https:\\\/\\\/veredes.es\\\/blog\\\/#organization\"},\"image\":{\"@id\":\"https:\\\/\\\/veredes.es\\\/blog\\\/conferencia-de-la-arquitecta-marcella-del-signore-en-el-iaac\\\/#primaryimage\"},\"thumbnailUrl\":\"https:\\\/\\\/veredes.es\\\/blog\\\/wp-content\\\/uploads\\\/2012\\\/10\\\/MARCELLA-DEL-SIGNORE.jpg\",\"keywords\":[\"Barcelona\",\"conferencia\",\"espacio p\u00fablico\",\"espacio urbano\",\"Espa\u00f1a\",\"iaac\",\"marcella del signore\",\"mujeres arquitectas\",\"procesos digitales\",\"x-topia\"],\"articleSection\":[\"conferencias\",\"eventos\"],\"inLanguage\":\"es\",\"potentialAction\":[{\"@type\":\"CommentAction\",\"name\":\"Comment\",\"target\":[\"https:\\\/\\\/veredes.es\\\/blog\\\/conferencia-de-la-arquitecta-marcella-del-signore-en-el-iaac\\\/#respond\"]}]},{\"@type\":\"WebPage\",\"@id\":\"https:\\\/\\\/veredes.es\\\/blog\\\/conferencia-de-la-arquitecta-marcella-del-signore-en-el-iaac\\\/\",\"url\":\"https:\\\/\\\/veredes.es\\\/blog\\\/conferencia-de-la-arquitecta-marcella-del-signore-en-el-iaac\\\/\",\"name\":\"Conferencia de la arquitecta Marcella Del Signore en el IAACConferencia da arquitecta Marcella Del Signore no IAACConference of the architect Marcella Del Signore in the IAAC - veredes\",\"isPartOf\":{\"@id\":\"https:\\\/\\\/veredes.es\\\/blog\\\/#website\"},\"primaryImageOfPage\":{\"@id\":\"https:\\\/\\\/veredes.es\\\/blog\\\/conferencia-de-la-arquitecta-marcella-del-signore-en-el-iaac\\\/#primaryimage\"},\"image\":{\"@id\":\"https:\\\/\\\/veredes.es\\\/blog\\\/conferencia-de-la-arquitecta-marcella-del-signore-en-el-iaac\\\/#primaryimage\"},\"thumbnailUrl\":\"https:\\\/\\\/veredes.es\\\/blog\\\/wp-content\\\/uploads\\\/2012\\\/10\\\/MARCELLA-DEL-SIGNORE.jpg\",\"datePublished\":\"2012-10-29T06:07:15+00:00\",\"dateModified\":\"2015-02-11T17:29:05+00:00\",\"description\":\"Toda la informaci\u00f3n sobre: Conferencia de la arquitecta Marcella Del Signore en el IAACConferencia da arquitecta Marcella Del Signore no IAACConference of the architect Marcella Del Signore in the IAAC\",\"breadcrumb\":{\"@id\":\"https:\\\/\\\/veredes.es\\\/blog\\\/conferencia-de-la-arquitecta-marcella-del-signore-en-el-iaac\\\/#breadcrumb\"},\"inLanguage\":\"es\",\"potentialAction\":[{\"@type\":\"ReadAction\",\"target\":[\"https:\\\/\\\/veredes.es\\\/blog\\\/conferencia-de-la-arquitecta-marcella-del-signore-en-el-iaac\\\/\"]}]},{\"@type\":\"ImageObject\",\"inLanguage\":\"es\",\"@id\":\"https:\\\/\\\/veredes.es\\\/blog\\\/conferencia-de-la-arquitecta-marcella-del-signore-en-el-iaac\\\/#primaryimage\",\"url\":\"https:\\\/\\\/veredes.es\\\/blog\\\/wp-content\\\/uploads\\\/2012\\\/10\\\/MARCELLA-DEL-SIGNORE.jpg\",\"contentUrl\":\"https:\\\/\\\/veredes.es\\\/blog\\\/wp-content\\\/uploads\\\/2012\\\/10\\\/MARCELLA-DEL-SIGNORE.jpg\",\"width\":\"424\",\"height\":\"600\"},{\"@type\":\"BreadcrumbList\",\"@id\":\"https:\\\/\\\/veredes.es\\\/blog\\\/conferencia-de-la-arquitecta-marcella-del-signore-en-el-iaac\\\/#breadcrumb\",\"itemListElement\":[{\"@type\":\"ListItem\",\"position\":1,\"name\":\"Portada\",\"item\":\"https:\\\/\\\/veredes.es\\\/blog\\\/\"},{\"@type\":\"ListItem\",\"position\":2,\"name\":\"Conferencia de la arquitecta Marcella Del Signore en el IAAC\"}]},{\"@type\":\"WebSite\",\"@id\":\"https:\\\/\\\/veredes.es\\\/blog\\\/#website\",\"url\":\"https:\\\/\\\/veredes.es\\\/blog\\\/\",\"name\":\"veredes, arquitectura y divulgaci\u00f3n\",\"description\":\"veredes\",\"publisher\":{\"@id\":\"https:\\\/\\\/veredes.es\\\/blog\\\/#organization\"},\"alternateName\":\"veredes\",\"potentialAction\":[{\"@type\":\"SearchAction\",\"target\":{\"@type\":\"EntryPoint\",\"urlTemplate\":\"https:\\\/\\\/veredes.es\\\/blog\\\/?s={search_term_string}\"},\"query-input\":{\"@type\":\"PropertyValueSpecification\",\"valueRequired\":true,\"valueName\":\"search_term_string\"}}],\"inLanguage\":\"es\"},{\"@type\":\"Organization\",\"@id\":\"https:\\\/\\\/veredes.es\\\/blog\\\/#organization\",\"name\":\"veredes, arquitectura y divulgaci\u00f3n\",\"alternateName\":\"veredes\",\"url\":\"https:\\\/\\\/veredes.es\\\/blog\\\/\",\"logo\":{\"@type\":\"ImageObject\",\"inLanguage\":\"es\",\"@id\":\"https:\\\/\\\/veredes.es\\\/blog\\\/#\\\/schema\\\/logo\\\/image\\\/\",\"url\":\"https:\\\/\\\/veredes.es\\\/blog\\\/wp-content\\\/uploads\\\/2021\\\/12\\\/veredes-logo-centrado_140x54.png\",\"contentUrl\":\"https:\\\/\\\/veredes.es\\\/blog\\\/wp-content\\\/uploads\\\/2021\\\/12\\\/veredes-logo-centrado_140x54.png\",\"width\":140,\"height\":54,\"caption\":\"veredes, arquitectura y divulgaci\u00f3n\"},\"image\":{\"@id\":\"https:\\\/\\\/veredes.es\\\/blog\\\/#\\\/schema\\\/logo\\\/image\\\/\"},\"sameAs\":[\"https:\\\/\\\/www.facebook.com\\\/veredesArquitecturayDivulgacion\\\/\",\"https:\\\/\\\/x.com\\\/veredes\",\"https:\\\/\\\/instagram.com\\\/veredes\\\/\",\"https:\\\/\\\/www.linkedin.com\\\/company\\\/veredes-arquitectura-y-divulgacion\\\/\",\"https:\\\/\\\/es.pinterest.com\\\/veredes\\\/\",\"https:\\\/\\\/www.tumblr.com\\\/veredes\"]},{\"@type\":\"Person\",\"@id\":\"https:\\\/\\\/veredes.es\\\/blog\\\/#\\\/schema\\\/person\\\/0bbb669073ef7faba5168a0844e93d2c\",\"name\":\"veredes\",\"image\":{\"@type\":\"ImageObject\",\"inLanguage\":\"es\",\"@id\":\"https:\\\/\\\/veredes.es\\\/blog\\\/wp-content\\\/uploads\\\/2018\\\/04\\\/face-96x96.jpg\",\"url\":\"https:\\\/\\\/veredes.es\\\/blog\\\/wp-content\\\/uploads\\\/2018\\\/04\\\/face-96x96.jpg\",\"contentUrl\":\"https:\\\/\\\/veredes.es\\\/blog\\\/wp-content\\\/uploads\\\/2018\\\/04\\\/face-96x96.jpg\",\"caption\":\"veredes\"},\"description\":\"Surge enero de 2009 como b\u00fasqueda de satisfacer el conocimiento de la actividad arquitect\u00f3nica y tangentes que se generan. La idea es crear un espacio para divulgar los diversos proyectos en busca de nueva inspiraci\u00f3n y de intercambio.\",\"sameAs\":[\"https:\\\/\\\/veredes.es\\\/\",\"https:\\\/\\\/www.facebook.com\\\/veredesArquitecturayDivulgacion\\\/\",\"https:\\\/\\\/www.instagram.com\\\/veredes\\\/\",\"https:\\\/\\\/www.linkedin.com\\\/company\\\/veredes-arquitectura-y-divulgacion\\\/\",\"https:\\\/\\\/www.pinterest.es\\\/veredes\\\/\",\"https:\\\/\\\/x.com\\\/https:\\\/\\\/twitter.com\\\/veredes\",\"https:\\\/\\\/veredes.tumblr.com\\\/\"],\"url\":\"https:\\\/\\\/veredes.es\\\/blog\\\/author\\\/alberto\\\/\"}]}<\/script>\n<!-- \/ Yoast SEO plugin. -->","yoast_head_json":{"title":"Conferencia de la arquitecta Marcella Del Signore en el IAACConferencia da arquitecta Marcella Del Signore no IAACConference of the architect Marcella Del Signore in the IAAC - veredes","description":"Toda la informaci\u00f3n sobre: Conferencia de la arquitecta Marcella Del Signore en el IAACConferencia da arquitecta Marcella Del Signore no IAACConference of the architect Marcella Del Signore in the IAAC","robots":{"index":"index","follow":"follow","max-snippet":"max-snippet:-1","max-image-preview":"max-image-preview:large","max-video-preview":"max-video-preview:-1"},"canonical":"https:\/\/veredes.es\/blog\/conferencia-de-la-arquitecta-marcella-del-signore-en-el-iaac\/","og_locale":"es_ES","og_type":"article","og_title":"Conferencia de la arquitecta Marcella Del Signore en el IAACConferencia da arquitecta Marcella Del Signore no IAACConference of the architect Marcella Del Signore in the IAAC - veredes","og_description":"Toda la informaci\u00f3n sobre: Conferencia de la arquitecta Marcella Del Signore en el IAACConferencia da arquitecta Marcella Del Signore no IAACConference of the architect Marcella Del Signore in the IAAC","og_url":"https:\/\/veredes.es\/blog\/conferencia-de-la-arquitecta-marcella-del-signore-en-el-iaac\/","og_site_name":"veredes, arquitectura y divulgaci\u00f3n","article_publisher":"https:\/\/www.facebook.com\/veredesArquitecturayDivulgacion\/","article_author":"https:\/\/www.facebook.com\/veredesArquitecturayDivulgacion\/","article_published_time":"2012-10-29T06:07:15+00:00","article_modified_time":"2015-02-11T17:29:05+00:00","og_image":[{"width":424,"height":600,"url":"https:\/\/veredes.es\/blog\/wp-content\/uploads\/2012\/10\/MARCELLA-DEL-SIGNORE.jpg","type":"image\/jpeg"}],"author":"veredes","twitter_card":"summary_large_image","twitter_creator":"@https:\/\/twitter.com\/veredes","twitter_site":"@veredes","twitter_misc":{"Escrito por":"veredes","Tiempo de lectura":"4 minutos"},"schema":{"@context":"https:\/\/schema.org","@graph":[{"@type":"Article","@id":"https:\/\/veredes.es\/blog\/conferencia-de-la-arquitecta-marcella-del-signore-en-el-iaac\/#article","isPartOf":{"@id":"https:\/\/veredes.es\/blog\/conferencia-de-la-arquitecta-marcella-del-signore-en-el-iaac\/"},"author":{"name":"veredes","@id":"https:\/\/veredes.es\/blog\/#\/schema\/person\/0bbb669073ef7faba5168a0844e93d2c"},"headline":"Conferencia de la arquitecta Marcella Del Signore en el IAAC","datePublished":"2012-10-29T06:07:15+00:00","dateModified":"2015-02-11T17:29:05+00:00","mainEntityOfPage":{"@id":"https:\/\/veredes.es\/blog\/conferencia-de-la-arquitecta-marcella-del-signore-en-el-iaac\/"},"wordCount":913,"commentCount":0,"publisher":{"@id":"https:\/\/veredes.es\/blog\/#organization"},"image":{"@id":"https:\/\/veredes.es\/blog\/conferencia-de-la-arquitecta-marcella-del-signore-en-el-iaac\/#primaryimage"},"thumbnailUrl":"https:\/\/veredes.es\/blog\/wp-content\/uploads\/2012\/10\/MARCELLA-DEL-SIGNORE.jpg","keywords":["Barcelona","conferencia","espacio p\u00fablico","espacio urbano","Espa\u00f1a","iaac","marcella del signore","mujeres arquitectas","procesos digitales","x-topia"],"articleSection":["conferencias","eventos"],"inLanguage":"es","potentialAction":[{"@type":"CommentAction","name":"Comment","target":["https:\/\/veredes.es\/blog\/conferencia-de-la-arquitecta-marcella-del-signore-en-el-iaac\/#respond"]}]},{"@type":"WebPage","@id":"https:\/\/veredes.es\/blog\/conferencia-de-la-arquitecta-marcella-del-signore-en-el-iaac\/","url":"https:\/\/veredes.es\/blog\/conferencia-de-la-arquitecta-marcella-del-signore-en-el-iaac\/","name":"Conferencia de la arquitecta Marcella Del Signore en el IAACConferencia da arquitecta Marcella Del Signore no IAACConference of the architect Marcella Del Signore in the IAAC - veredes","isPartOf":{"@id":"https:\/\/veredes.es\/blog\/#website"},"primaryImageOfPage":{"@id":"https:\/\/veredes.es\/blog\/conferencia-de-la-arquitecta-marcella-del-signore-en-el-iaac\/#primaryimage"},"image":{"@id":"https:\/\/veredes.es\/blog\/conferencia-de-la-arquitecta-marcella-del-signore-en-el-iaac\/#primaryimage"},"thumbnailUrl":"https:\/\/veredes.es\/blog\/wp-content\/uploads\/2012\/10\/MARCELLA-DEL-SIGNORE.jpg","datePublished":"2012-10-29T06:07:15+00:00","dateModified":"2015-02-11T17:29:05+00:00","description":"Toda la informaci\u00f3n sobre: Conferencia de la arquitecta Marcella Del Signore en el IAACConferencia da arquitecta Marcella Del Signore no IAACConference of the architect Marcella Del Signore in the IAAC","breadcrumb":{"@id":"https:\/\/veredes.es\/blog\/conferencia-de-la-arquitecta-marcella-del-signore-en-el-iaac\/#breadcrumb"},"inLanguage":"es","potentialAction":[{"@type":"ReadAction","target":["https:\/\/veredes.es\/blog\/conferencia-de-la-arquitecta-marcella-del-signore-en-el-iaac\/"]}]},{"@type":"ImageObject","inLanguage":"es","@id":"https:\/\/veredes.es\/blog\/conferencia-de-la-arquitecta-marcella-del-signore-en-el-iaac\/#primaryimage","url":"https:\/\/veredes.es\/blog\/wp-content\/uploads\/2012\/10\/MARCELLA-DEL-SIGNORE.jpg","contentUrl":"https:\/\/veredes.es\/blog\/wp-content\/uploads\/2012\/10\/MARCELLA-DEL-SIGNORE.jpg","width":"424","height":"600"},{"@type":"BreadcrumbList","@id":"https:\/\/veredes.es\/blog\/conferencia-de-la-arquitecta-marcella-del-signore-en-el-iaac\/#breadcrumb","itemListElement":[{"@type":"ListItem","position":1,"name":"Portada","item":"https:\/\/veredes.es\/blog\/"},{"@type":"ListItem","position":2,"name":"Conferencia de la arquitecta Marcella Del Signore en el IAAC"}]},{"@type":"WebSite","@id":"https:\/\/veredes.es\/blog\/#website","url":"https:\/\/veredes.es\/blog\/","name":"veredes, arquitectura y divulgaci\u00f3n","description":"veredes","publisher":{"@id":"https:\/\/veredes.es\/blog\/#organization"},"alternateName":"veredes","potentialAction":[{"@type":"SearchAction","target":{"@type":"EntryPoint","urlTemplate":"https:\/\/veredes.es\/blog\/?s={search_term_string}"},"query-input":{"@type":"PropertyValueSpecification","valueRequired":true,"valueName":"search_term_string"}}],"inLanguage":"es"},{"@type":"Organization","@id":"https:\/\/veredes.es\/blog\/#organization","name":"veredes, arquitectura y divulgaci\u00f3n","alternateName":"veredes","url":"https:\/\/veredes.es\/blog\/","logo":{"@type":"ImageObject","inLanguage":"es","@id":"https:\/\/veredes.es\/blog\/#\/schema\/logo\/image\/","url":"https:\/\/veredes.es\/blog\/wp-content\/uploads\/2021\/12\/veredes-logo-centrado_140x54.png","contentUrl":"https:\/\/veredes.es\/blog\/wp-content\/uploads\/2021\/12\/veredes-logo-centrado_140x54.png","width":140,"height":54,"caption":"veredes, arquitectura y divulgaci\u00f3n"},"image":{"@id":"https:\/\/veredes.es\/blog\/#\/schema\/logo\/image\/"},"sameAs":["https:\/\/www.facebook.com\/veredesArquitecturayDivulgacion\/","https:\/\/x.com\/veredes","https:\/\/instagram.com\/veredes\/","https:\/\/www.linkedin.com\/company\/veredes-arquitectura-y-divulgacion\/","https:\/\/es.pinterest.com\/veredes\/","https:\/\/www.tumblr.com\/veredes"]},{"@type":"Person","@id":"https:\/\/veredes.es\/blog\/#\/schema\/person\/0bbb669073ef7faba5168a0844e93d2c","name":"veredes","image":{"@type":"ImageObject","inLanguage":"es","@id":"https:\/\/veredes.es\/blog\/wp-content\/uploads\/2018\/04\/face-96x96.jpg","url":"https:\/\/veredes.es\/blog\/wp-content\/uploads\/2018\/04\/face-96x96.jpg","contentUrl":"https:\/\/veredes.es\/blog\/wp-content\/uploads\/2018\/04\/face-96x96.jpg","caption":"veredes"},"description":"Surge enero de 2009 como b\u00fasqueda de satisfacer el conocimiento de la actividad arquitect\u00f3nica y tangentes que se generan. La idea es crear un espacio para divulgar los diversos proyectos en busca de nueva inspiraci\u00f3n y de intercambio.","sameAs":["https:\/\/veredes.es\/","https:\/\/www.facebook.com\/veredesArquitecturayDivulgacion\/","https:\/\/www.instagram.com\/veredes\/","https:\/\/www.linkedin.com\/company\/veredes-arquitectura-y-divulgacion\/","https:\/\/www.pinterest.es\/veredes\/","https:\/\/x.com\/https:\/\/twitter.com\/veredes","https:\/\/veredes.tumblr.com\/"],"url":"https:\/\/veredes.es\/blog\/author\/alberto\/"}]}},"_links":{"self":[{"href":"https:\/\/veredes.es\/blog\/wp-json\/wp\/v2\/posts\/25404","targetHints":{"allow":["GET"]}}],"collection":[{"href":"https:\/\/veredes.es\/blog\/wp-json\/wp\/v2\/posts"}],"about":[{"href":"https:\/\/veredes.es\/blog\/wp-json\/wp\/v2\/types\/post"}],"author":[{"embeddable":true,"href":"https:\/\/veredes.es\/blog\/wp-json\/wp\/v2\/users\/2"}],"replies":[{"embeddable":true,"href":"https:\/\/veredes.es\/blog\/wp-json\/wp\/v2\/comments?post=25404"}],"version-history":[{"count":0,"href":"https:\/\/veredes.es\/blog\/wp-json\/wp\/v2\/posts\/25404\/revisions"}],"wp:featuredmedia":[{"embeddable":true,"href":"https:\/\/veredes.es\/blog\/wp-json\/wp\/v2\/media\/25405"}],"wp:attachment":[{"href":"https:\/\/veredes.es\/blog\/wp-json\/wp\/v2\/media?parent=25404"}],"wp:term":[{"taxonomy":"category","embeddable":true,"href":"https:\/\/veredes.es\/blog\/wp-json\/wp\/v2\/categories?post=25404"},{"taxonomy":"post_tag","embeddable":true,"href":"https:\/\/veredes.es\/blog\/wp-json\/wp\/v2\/tags?post=25404"}],"curies":[{"name":"wp","href":"https:\/\/api.w.org\/{rel}","templated":true}]}}