{"id":25386,"date":"2012-10-29T06:22:32","date_gmt":"2012-10-29T06:22:32","guid":{"rendered":"http:\/\/veredes.es\/blog\/?p=25386"},"modified":"2020-01-10T17:21:18","modified_gmt":"2020-01-10T16:21:18","slug":"tentativa-de-agotamiento-de-un-lugar-parisino-%c2%b7-georges-perec-2","status":"publish","type":"post","link":"https:\/\/veredes.es\/blog\/tentativa-de-agotamiento-de-un-lugar-parisino-%c2%b7-georges-perec-2\/","title":{"rendered":"Tentativa de agotamiento de un lugar parisino \u00b7 Georges Perec"},"content":{"rendered":"<p><\/p>\n<div>\n<p style=\"text-align: justify;\">En octubre de 1974 <strong>Georges Perec<\/strong> se instal\u00f3 durante tres d\u00edas seguidos en la plaza Saint-Sulpice de Par\u00eds. En distintos momentos del d\u00eda anot\u00f3 todo lo que ve\u00eda: los acontecimientos cotidianos de la calle, la gente, los veh\u00edculos, los animales, las nubes, el paso del tiempo. Hizo listados de todos aquellos hechos m\u00e1s insignificantes de la vida cotidiana. En definitiva, nada, o casi nada.<\/p>\n<p style=\"text-align: justify;\">Pero su mirada, de una percepci\u00f3n humana \u00fanica, vibrante, impresionista y variable \u2014igual que la visi\u00f3n pict\u00f3rica de Monet frente a la catedral de Ru\u00e1n\u2014, recogi\u00f3 los mil peque\u00f1os detalles imperceptibles que componen la vida de una gran ciudad, de un barrio concreto de una gran ciudad: las innumerables y sutiles variaciones del clima atmosf\u00e9rico, de la luz, de los escenarios, de todo lo que est\u00e1 vivo. Autobuses, perros, transe\u00fantes, turistas.<\/p>\n<blockquote>\n<p style=\"text-align: justify;\"><a href=\"https:\/\/afiliados.amazon.es\/home\/productlinks\/customize?asin=8425224179&amp;request_source=quicklinks&amp;subflow=sp_\" target=\"_blank\"><em>\u201cLo que ocurre cuando no ocurre nada, solo el paso del tiempo, de la gente, de los coches y de las nubes.\u201d<\/em><\/a><\/p>\n<\/blockquote>\n<p style=\"text-align: justify;\">Un texto magistral en el contexto de la obra de Perec que ha alcanzado en la actualidad el rango de cl\u00e1sico de la literatura.<\/p>\n<figure id=\"attachment_25387\" aria-describedby=\"caption-attachment-25387\" style=\"width: 630px\" class=\"wp-caption alignnone\"><a href=\"https:\/\/veredes.es\/blog\/wp-content\/uploads\/2012\/10\/Tentativa-de-agotamiento-de-un-lugar-parisino-\u00b7-Georges-Perec.jpg\"><img loading=\"lazy\" decoding=\"async\" class=\"wp-image-25387\" title=\"Tentativa de agotamiento de un lugar parisino \u00b7 Georges Perec\" src=\"https:\/\/veredes.es\/blog\/wp-content\/uploads\/2012\/10\/Tentativa-de-agotamiento-de-un-lugar-parisino-&middot;-Georges-Perec.jpg\" width=\"630\" height=\"936\" \/><\/a><figcaption id=\"caption-attachment-25387\" class=\"wp-caption-text\"><span style=\"color: #888888;\">Tentativa de agotamiento de un lugar parisino \u00b7 Georges Perec<\/span><\/figcaption><\/figure>\n<\/div>\n<p style=\"text-align: justify;\"><a href=\"https:\/\/afiliados.amazon.es\/home\/productlinks\/customize?asin=8425224179&amp;request_source=quicklinks&amp;subflow=sp_\" target=\"_blank\"><strong>Georges Perec<\/strong><\/a> (Par\u00eds, 1936 \u2013 Ivry-sur-Seine, 1982) est\u00e1 considerado como una de las figuras preeminentes de la literatura de la segunda mitad del siglo XX. Public\u00f3 su primera novela,<em> Las cosas<\/em>, en 1965, que r\u00e1pidamente cosech\u00f3 un gran \u00e9xito y le vali\u00f3 ser galardonada con el premio Renaudot. Dos a\u00f1os despu\u00e9s, Perec se uni\u00f3 al OuLiPo, el Taller de Literatura Potencial que hab\u00eda sido creado en 1961 por Raymond Queneau y por el matem\u00e1tico Le Lionnais. En 1978 public\u00f3 <em>La vida, instrucciones de uso<\/em>, cuyo \u00e9xito lo consagr\u00f3 como autor y le permiti\u00f3 abandonar su trabajo de archivero para dedicarse de lleno a la literatura.<\/p>\n<p><iframe loading=\"lazy\" style=\"width: 120px; height: 240px;\" src=\"http:\/\/rcm-eu.amazon-adsystem.com\/e\/cm?t=veredes-21&amp;o=30&amp;p=8&amp;l=as1&amp;asins=8425224179&amp;ref=tf_til&amp;fc1=000000&amp;IS2=1&amp;lt1=_blank&amp;m=amazon&amp;lc1=ED9913&amp;bc1=000000&amp;bg1=FFFFFF&amp;f=ifr\" width=\"320\" height=\"240\" frameborder=\"0\" marginwidth=\"0\" marginheight=\"0\" scrolling=\"no\"><\/iframe> <iframe loading=\"lazy\" style=\"width: 120px; height: 240px;\" src=\"http:\/\/rcm-eu.amazon-adsystem.com\/e\/cm?t=wwwveredeses-21&amp;o=30&amp;p=8&amp;l=as1&amp;asins=8495776723&amp;ref=tf_til&amp;fc1=E9940D&amp;IS2=1&amp;lt1=_blank&amp;m=amazon&amp;lc1=575760&amp;bc1=FFFFFF&amp;bg1=FFFFFF&amp;f=ifr\" width=\"300\" height=\"150\" frameborder=\"0\" marginwidth=\"0\" marginheight=\"0\" scrolling=\"no\"><\/iframe> <iframe loading=\"lazy\" style=\"width: 120px; height: 240px;\" src=\"http:\/\/rcm-eu.amazon-adsystem.com\/e\/cm?t=wwwveredeses-21&amp;o=30&amp;p=8&amp;l=as1&amp;asins=8433920588&amp;ref=tf_til&amp;fc1=E9940D&amp;IS2=1&amp;lt1=_blank&amp;m=amazon&amp;lc1=575760&amp;bc1=FFFFFF&amp;bg1=FFFFFF&amp;f=ifr\" width=\"300\" height=\"150\" frameborder=\"0\" marginwidth=\"0\" marginheight=\"0\" scrolling=\"no\"><\/iframe> <iframe loading=\"lazy\" style=\"width: 120px; height: 240px;\" src=\"http:\/\/rcm-eu.amazon-adsystem.com\/e\/cm?t=wwwveredeses-21&amp;o=30&amp;p=8&amp;l=as1&amp;asins=8433908367&amp;ref=tf_til&amp;fc1=E9940D&amp;IS2=1&amp;lt1=_blank&amp;m=amazon&amp;lc1=575760&amp;bc1=FFFFFF&amp;bg1=FFFFFF&amp;f=ifr\" width=\"300\" height=\"150\" frameborder=\"0\" marginwidth=\"0\" marginheight=\"0\" scrolling=\"no\"><\/iframe> <iframe loading=\"lazy\" style=\"width: 120px; height: 240px;\" src=\"http:\/\/rcm-eu.amazon-adsystem.com\/e\/cm?t=wwwveredeses-21&amp;o=30&amp;p=8&amp;l=as1&amp;asins=8474322553&amp;ref=tf_til&amp;fc1=E9940D&amp;IS2=1&amp;lt1=_blank&amp;m=amazon&amp;lc1=575760&amp;bc1=FFFFFF&amp;bg1=FFFFFF&amp;f=ifr\" width=\"300\" height=\"150\" frameborder=\"0\" marginwidth=\"0\" marginheight=\"0\" scrolling=\"no\"><\/iframe><\/p>","protected":false},"excerpt":{"rendered":"<p>En octubre de 1974 Georges Perec se instal\u00f3 durante tres d\u00edas seguidos en la plaza Saint-Sulpice de Par\u00eds. En distintos momentos del d\u00eda anot\u00f3 todo lo que ve\u00eda: los acontecimientos cotidianos de la calle, la gente, los veh\u00edculos, los animales, las nubes, el paso del tiempo. Hizo listados de todos aquellos hechos m\u00e1s insignificantes de [&hellip;]<\/p>\n","protected":false},"author":2,"featured_media":25387,"comment_status":"open","ping_status":"closed","sticky":false,"template":"","format":"standard","meta":{"footnotes":""},"categories":[794,26],"tags":[2514,6141,12205,989,6142,1120],"class_list":{"0":"post-25386","1":"post","2":"type-post","3":"status-publish","4":"format-standard","5":"has-post-thumbnail","7":"category-libros","8":"category-publicaciones","9":"tag-editorial-gustavo-gili","10":"tag-georges-perec","11":"tag-libro","12":"tag-paris","13":"tag-premio-renaudot","14":"tag-publicacion"},"yoast_head":"<!-- This site is optimized with the Yoast SEO plugin v27.4 - https:\/\/yoast.com\/product\/yoast-seo-wordpress\/ -->\n<title>Tentativa de agotamiento de un lugar parisino \u00b7 Georges Perec - veredes<\/title>\n<meta name=\"description\" content=\"Toda la informaci\u00f3n sobre: [:es]Tentativa de agotamiento de un lugar parisino \u00b7 Georges Perec[:gl]Tentativa de agotamento dun lugar parisino \u00b7 Georges Perec[:en]Attempt of depletion of a Parisian place \u00b7 Georges Perec[:]\" \/>\n<meta name=\"robots\" content=\"index, follow, max-snippet:-1, max-image-preview:large, max-video-preview:-1\" \/>\n<link rel=\"canonical\" href=\"https:\/\/veredes.es\/blog\/tentativa-de-agotamiento-de-un-lugar-parisino-\u00b7-georges-perec-2\/\" \/>\n<meta property=\"og:locale\" content=\"es_ES\" \/>\n<meta property=\"og:type\" content=\"article\" \/>\n<meta property=\"og:title\" content=\"[:es]Tentativa de agotamiento de un lugar parisino \u00b7 Georges Perec[:gl]Tentativa de agotamento dun lugar parisino \u00b7 Georges Perec[:en]Attempt of depletion of a Parisian place \u00b7 Georges Perec[:] - veredes\" \/>\n<meta property=\"og:description\" content=\"Toda la informaci\u00f3n sobre: [:es]Tentativa de agotamiento de un lugar parisino \u00b7 Georges Perec[:gl]Tentativa de agotamento dun lugar parisino \u00b7 Georges Perec[:en]Attempt of depletion of a Parisian place \u00b7 Georges Perec[:]\" \/>\n<meta property=\"og:url\" content=\"https:\/\/veredes.es\/blog\/tentativa-de-agotamiento-de-un-lugar-parisino-\u00b7-georges-perec-2\/\" \/>\n<meta property=\"og:site_name\" content=\"veredes, arquitectura y divulgaci\u00f3n\" \/>\n<meta property=\"article:publisher\" content=\"https:\/\/www.facebook.com\/veredesArquitecturayDivulgacion\/\" \/>\n<meta property=\"article:author\" content=\"https:\/\/www.facebook.com\/veredesArquitecturayDivulgacion\/\" \/>\n<meta property=\"article:published_time\" content=\"2012-10-29T06:22:32+00:00\" \/>\n<meta property=\"article:modified_time\" content=\"2020-01-10T16:21:18+00:00\" \/>\n<meta property=\"og:image\" content=\"https:\/\/veredes.es\/blog\/wp-content\/uploads\/2012\/10\/Tentativa-de-agotamiento-de-un-lugar-parisino-\u00b7-Georges-Perec.jpg\" \/>\n\t<meta property=\"og:image:width\" content=\"404\" \/>\n\t<meta property=\"og:image:height\" content=\"600\" \/>\n\t<meta property=\"og:image:type\" content=\"image\/jpeg\" \/>\n<meta name=\"author\" content=\"veredes\" \/>\n<meta name=\"twitter:card\" content=\"summary_large_image\" \/>\n<meta name=\"twitter:creator\" content=\"@https:\/\/twitter.com\/veredes\" \/>\n<meta name=\"twitter:site\" content=\"@veredes\" \/>\n<meta name=\"twitter:label1\" content=\"Escrito por\" \/>\n\t<meta name=\"twitter:data1\" content=\"veredes\" \/>\n\t<meta name=\"twitter:label2\" content=\"Tiempo de lectura\" \/>\n\t<meta name=\"twitter:data2\" content=\"5 minutos\" \/>\n<script type=\"application\/ld+json\" class=\"yoast-schema-graph\">{\"@context\":\"https:\\\/\\\/schema.org\",\"@graph\":[{\"@type\":\"Article\",\"@id\":\"https:\\\/\\\/veredes.es\\\/blog\\\/tentativa-de-agotamiento-de-un-lugar-parisino-%c2%b7-georges-perec-2\\\/#article\",\"isPartOf\":{\"@id\":\"https:\\\/\\\/veredes.es\\\/blog\\\/tentativa-de-agotamiento-de-un-lugar-parisino-%c2%b7-georges-perec-2\\\/\"},\"author\":{\"name\":\"veredes\",\"@id\":\"https:\\\/\\\/veredes.es\\\/blog\\\/#\\\/schema\\\/person\\\/0bbb669073ef7faba5168a0844e93d2c\"},\"headline\":\"Tentativa de agotamiento de un lugar parisino \u00b7 Georges Perec\",\"datePublished\":\"2012-10-29T06:22:32+00:00\",\"dateModified\":\"2020-01-10T16:21:18+00:00\",\"mainEntityOfPage\":{\"@id\":\"https:\\\/\\\/veredes.es\\\/blog\\\/tentativa-de-agotamiento-de-un-lugar-parisino-%c2%b7-georges-perec-2\\\/\"},\"wordCount\":945,\"commentCount\":1,\"publisher\":{\"@id\":\"https:\\\/\\\/veredes.es\\\/blog\\\/#organization\"},\"image\":{\"@id\":\"https:\\\/\\\/veredes.es\\\/blog\\\/tentativa-de-agotamiento-de-un-lugar-parisino-%c2%b7-georges-perec-2\\\/#primaryimage\"},\"thumbnailUrl\":\"https:\\\/\\\/veredes.es\\\/blog\\\/wp-content\\\/uploads\\\/2012\\\/10\\\/Tentativa-de-agotamiento-de-un-lugar-parisino-\u00b7-Georges-Perec.jpg\",\"keywords\":[\"editorial Gustavo Gili\",\"Georges Perec\",\"libro\",\"Par\u00eds\",\"premio renaudot\",\"publicaci\u00f3n\"],\"articleSection\":[\"libros\",\"publicaciones\"],\"inLanguage\":\"es\",\"potentialAction\":[{\"@type\":\"CommentAction\",\"name\":\"Comment\",\"target\":[\"https:\\\/\\\/veredes.es\\\/blog\\\/tentativa-de-agotamiento-de-un-lugar-parisino-%c2%b7-georges-perec-2\\\/#respond\"]}]},{\"@type\":\"WebPage\",\"@id\":\"https:\\\/\\\/veredes.es\\\/blog\\\/tentativa-de-agotamiento-de-un-lugar-parisino-%c2%b7-georges-perec-2\\\/\",\"url\":\"https:\\\/\\\/veredes.es\\\/blog\\\/tentativa-de-agotamiento-de-un-lugar-parisino-%c2%b7-georges-perec-2\\\/\",\"name\":\"[:es]Tentativa de agotamiento de un lugar parisino \u00b7 Georges Perec[:gl]Tentativa de agotamento dun lugar parisino \u00b7 Georges Perec[:en]Attempt of depletion of a Parisian place \u00b7 Georges Perec[:] - veredes\",\"isPartOf\":{\"@id\":\"https:\\\/\\\/veredes.es\\\/blog\\\/#website\"},\"primaryImageOfPage\":{\"@id\":\"https:\\\/\\\/veredes.es\\\/blog\\\/tentativa-de-agotamiento-de-un-lugar-parisino-%c2%b7-georges-perec-2\\\/#primaryimage\"},\"image\":{\"@id\":\"https:\\\/\\\/veredes.es\\\/blog\\\/tentativa-de-agotamiento-de-un-lugar-parisino-%c2%b7-georges-perec-2\\\/#primaryimage\"},\"thumbnailUrl\":\"https:\\\/\\\/veredes.es\\\/blog\\\/wp-content\\\/uploads\\\/2012\\\/10\\\/Tentativa-de-agotamiento-de-un-lugar-parisino-\u00b7-Georges-Perec.jpg\",\"datePublished\":\"2012-10-29T06:22:32+00:00\",\"dateModified\":\"2020-01-10T16:21:18+00:00\",\"description\":\"Toda la informaci\u00f3n sobre: [:es]Tentativa de agotamiento de un lugar parisino \u00b7 Georges Perec[:gl]Tentativa de agotamento dun lugar parisino \u00b7 Georges Perec[:en]Attempt of depletion of a Parisian place \u00b7 Georges Perec[:]\",\"breadcrumb\":{\"@id\":\"https:\\\/\\\/veredes.es\\\/blog\\\/tentativa-de-agotamiento-de-un-lugar-parisino-%c2%b7-georges-perec-2\\\/#breadcrumb\"},\"inLanguage\":\"es\",\"potentialAction\":[{\"@type\":\"ReadAction\",\"target\":[\"https:\\\/\\\/veredes.es\\\/blog\\\/tentativa-de-agotamiento-de-un-lugar-parisino-%c2%b7-georges-perec-2\\\/\"]}]},{\"@type\":\"ImageObject\",\"inLanguage\":\"es\",\"@id\":\"https:\\\/\\\/veredes.es\\\/blog\\\/tentativa-de-agotamiento-de-un-lugar-parisino-%c2%b7-georges-perec-2\\\/#primaryimage\",\"url\":\"https:\\\/\\\/veredes.es\\\/blog\\\/wp-content\\\/uploads\\\/2012\\\/10\\\/Tentativa-de-agotamiento-de-un-lugar-parisino-\u00b7-Georges-Perec.jpg\",\"contentUrl\":\"https:\\\/\\\/veredes.es\\\/blog\\\/wp-content\\\/uploads\\\/2012\\\/10\\\/Tentativa-de-agotamiento-de-un-lugar-parisino-\u00b7-Georges-Perec.jpg\",\"width\":\"404\",\"height\":\"600\",\"caption\":\"Tentativa de agotamiento de un lugar parisino \u00b7 Georges Perec\"},{\"@type\":\"BreadcrumbList\",\"@id\":\"https:\\\/\\\/veredes.es\\\/blog\\\/tentativa-de-agotamiento-de-un-lugar-parisino-%c2%b7-georges-perec-2\\\/#breadcrumb\",\"itemListElement\":[{\"@type\":\"ListItem\",\"position\":1,\"name\":\"Portada\",\"item\":\"https:\\\/\\\/veredes.es\\\/blog\\\/\"},{\"@type\":\"ListItem\",\"position\":2,\"name\":\"Tentativa de agotamiento de un lugar parisino \u00b7 Georges Perec\"}]},{\"@type\":\"WebSite\",\"@id\":\"https:\\\/\\\/veredes.es\\\/blog\\\/#website\",\"url\":\"https:\\\/\\\/veredes.es\\\/blog\\\/\",\"name\":\"veredes, arquitectura y divulgaci\u00f3n\",\"description\":\"veredes\",\"publisher\":{\"@id\":\"https:\\\/\\\/veredes.es\\\/blog\\\/#organization\"},\"alternateName\":\"veredes\",\"potentialAction\":[{\"@type\":\"SearchAction\",\"target\":{\"@type\":\"EntryPoint\",\"urlTemplate\":\"https:\\\/\\\/veredes.es\\\/blog\\\/?s={search_term_string}\"},\"query-input\":{\"@type\":\"PropertyValueSpecification\",\"valueRequired\":true,\"valueName\":\"search_term_string\"}}],\"inLanguage\":\"es\"},{\"@type\":\"Organization\",\"@id\":\"https:\\\/\\\/veredes.es\\\/blog\\\/#organization\",\"name\":\"veredes, arquitectura y divulgaci\u00f3n\",\"alternateName\":\"veredes\",\"url\":\"https:\\\/\\\/veredes.es\\\/blog\\\/\",\"logo\":{\"@type\":\"ImageObject\",\"inLanguage\":\"es\",\"@id\":\"https:\\\/\\\/veredes.es\\\/blog\\\/#\\\/schema\\\/logo\\\/image\\\/\",\"url\":\"https:\\\/\\\/veredes.es\\\/blog\\\/wp-content\\\/uploads\\\/2021\\\/12\\\/veredes-logo-centrado_140x54.png\",\"contentUrl\":\"https:\\\/\\\/veredes.es\\\/blog\\\/wp-content\\\/uploads\\\/2021\\\/12\\\/veredes-logo-centrado_140x54.png\",\"width\":140,\"height\":54,\"caption\":\"veredes, arquitectura y divulgaci\u00f3n\"},\"image\":{\"@id\":\"https:\\\/\\\/veredes.es\\\/blog\\\/#\\\/schema\\\/logo\\\/image\\\/\"},\"sameAs\":[\"https:\\\/\\\/www.facebook.com\\\/veredesArquitecturayDivulgacion\\\/\",\"https:\\\/\\\/x.com\\\/veredes\",\"https:\\\/\\\/instagram.com\\\/veredes\\\/\",\"https:\\\/\\\/www.linkedin.com\\\/company\\\/veredes-arquitectura-y-divulgacion\\\/\",\"https:\\\/\\\/es.pinterest.com\\\/veredes\\\/\",\"https:\\\/\\\/www.tumblr.com\\\/veredes\"]},{\"@type\":\"Person\",\"@id\":\"https:\\\/\\\/veredes.es\\\/blog\\\/#\\\/schema\\\/person\\\/0bbb669073ef7faba5168a0844e93d2c\",\"name\":\"veredes\",\"image\":{\"@type\":\"ImageObject\",\"inLanguage\":\"es\",\"@id\":\"https:\\\/\\\/veredes.es\\\/blog\\\/wp-content\\\/uploads\\\/2018\\\/04\\\/face-96x96.jpg\",\"url\":\"https:\\\/\\\/veredes.es\\\/blog\\\/wp-content\\\/uploads\\\/2018\\\/04\\\/face-96x96.jpg\",\"contentUrl\":\"https:\\\/\\\/veredes.es\\\/blog\\\/wp-content\\\/uploads\\\/2018\\\/04\\\/face-96x96.jpg\",\"caption\":\"veredes\"},\"description\":\"Surge enero de 2009 como b\u00fasqueda de satisfacer el conocimiento de la actividad arquitect\u00f3nica y tangentes que se generan. La idea es crear un espacio para divulgar los diversos proyectos en busca de nueva inspiraci\u00f3n y de intercambio.\",\"sameAs\":[\"https:\\\/\\\/veredes.es\\\/\",\"https:\\\/\\\/www.facebook.com\\\/veredesArquitecturayDivulgacion\\\/\",\"https:\\\/\\\/www.instagram.com\\\/veredes\\\/\",\"https:\\\/\\\/www.linkedin.com\\\/company\\\/veredes-arquitectura-y-divulgacion\\\/\",\"https:\\\/\\\/www.pinterest.es\\\/veredes\\\/\",\"https:\\\/\\\/x.com\\\/https:\\\/\\\/twitter.com\\\/veredes\",\"https:\\\/\\\/veredes.tumblr.com\\\/\"],\"url\":\"https:\\\/\\\/veredes.es\\\/blog\\\/author\\\/alberto\\\/\"}]}<\/script>\n<!-- \/ Yoast SEO plugin. -->","yoast_head_json":{"title":"[:es]Tentativa de agotamiento de un lugar parisino \u00b7 Georges Perec[:gl]Tentativa de agotamento dun lugar parisino \u00b7 Georges Perec[:en]Attempt of depletion of a Parisian place \u00b7 Georges Perec[:] - veredes","description":"Toda la informaci\u00f3n sobre: [:es]Tentativa de agotamiento de un lugar parisino \u00b7 Georges Perec[:gl]Tentativa de agotamento dun lugar parisino \u00b7 Georges Perec[:en]Attempt of depletion of a Parisian place \u00b7 Georges Perec[:]","robots":{"index":"index","follow":"follow","max-snippet":"max-snippet:-1","max-image-preview":"max-image-preview:large","max-video-preview":"max-video-preview:-1"},"canonical":"https:\/\/veredes.es\/blog\/tentativa-de-agotamiento-de-un-lugar-parisino-\u00b7-georges-perec-2\/","og_locale":"es_ES","og_type":"article","og_title":"[:es]Tentativa de agotamiento de un lugar parisino \u00b7 Georges Perec[:gl]Tentativa de agotamento dun lugar parisino \u00b7 Georges Perec[:en]Attempt of depletion of a Parisian place \u00b7 Georges Perec[:] - veredes","og_description":"Toda la informaci\u00f3n sobre: [:es]Tentativa de agotamiento de un lugar parisino \u00b7 Georges Perec[:gl]Tentativa de agotamento dun lugar parisino \u00b7 Georges Perec[:en]Attempt of depletion of a Parisian place \u00b7 Georges Perec[:]","og_url":"https:\/\/veredes.es\/blog\/tentativa-de-agotamiento-de-un-lugar-parisino-\u00b7-georges-perec-2\/","og_site_name":"veredes, arquitectura y divulgaci\u00f3n","article_publisher":"https:\/\/www.facebook.com\/veredesArquitecturayDivulgacion\/","article_author":"https:\/\/www.facebook.com\/veredesArquitecturayDivulgacion\/","article_published_time":"2012-10-29T06:22:32+00:00","article_modified_time":"2020-01-10T16:21:18+00:00","og_image":[{"width":404,"height":600,"url":"https:\/\/veredes.es\/blog\/wp-content\/uploads\/2012\/10\/Tentativa-de-agotamiento-de-un-lugar-parisino-\u00b7-Georges-Perec.jpg","type":"image\/jpeg"}],"author":"veredes","twitter_card":"summary_large_image","twitter_creator":"@https:\/\/twitter.com\/veredes","twitter_site":"@veredes","twitter_misc":{"Escrito por":"veredes","Tiempo de lectura":"5 minutos"},"schema":{"@context":"https:\/\/schema.org","@graph":[{"@type":"Article","@id":"https:\/\/veredes.es\/blog\/tentativa-de-agotamiento-de-un-lugar-parisino-%c2%b7-georges-perec-2\/#article","isPartOf":{"@id":"https:\/\/veredes.es\/blog\/tentativa-de-agotamiento-de-un-lugar-parisino-%c2%b7-georges-perec-2\/"},"author":{"name":"veredes","@id":"https:\/\/veredes.es\/blog\/#\/schema\/person\/0bbb669073ef7faba5168a0844e93d2c"},"headline":"Tentativa de agotamiento de un lugar parisino \u00b7 Georges Perec","datePublished":"2012-10-29T06:22:32+00:00","dateModified":"2020-01-10T16:21:18+00:00","mainEntityOfPage":{"@id":"https:\/\/veredes.es\/blog\/tentativa-de-agotamiento-de-un-lugar-parisino-%c2%b7-georges-perec-2\/"},"wordCount":945,"commentCount":1,"publisher":{"@id":"https:\/\/veredes.es\/blog\/#organization"},"image":{"@id":"https:\/\/veredes.es\/blog\/tentativa-de-agotamiento-de-un-lugar-parisino-%c2%b7-georges-perec-2\/#primaryimage"},"thumbnailUrl":"https:\/\/veredes.es\/blog\/wp-content\/uploads\/2012\/10\/Tentativa-de-agotamiento-de-un-lugar-parisino-\u00b7-Georges-Perec.jpg","keywords":["editorial Gustavo Gili","Georges Perec","libro","Par\u00eds","premio renaudot","publicaci\u00f3n"],"articleSection":["libros","publicaciones"],"inLanguage":"es","potentialAction":[{"@type":"CommentAction","name":"Comment","target":["https:\/\/veredes.es\/blog\/tentativa-de-agotamiento-de-un-lugar-parisino-%c2%b7-georges-perec-2\/#respond"]}]},{"@type":"WebPage","@id":"https:\/\/veredes.es\/blog\/tentativa-de-agotamiento-de-un-lugar-parisino-%c2%b7-georges-perec-2\/","url":"https:\/\/veredes.es\/blog\/tentativa-de-agotamiento-de-un-lugar-parisino-%c2%b7-georges-perec-2\/","name":"[:es]Tentativa de agotamiento de un lugar parisino \u00b7 Georges Perec[:gl]Tentativa de agotamento dun lugar parisino \u00b7 Georges Perec[:en]Attempt of depletion of a Parisian place \u00b7 Georges Perec[:] - veredes","isPartOf":{"@id":"https:\/\/veredes.es\/blog\/#website"},"primaryImageOfPage":{"@id":"https:\/\/veredes.es\/blog\/tentativa-de-agotamiento-de-un-lugar-parisino-%c2%b7-georges-perec-2\/#primaryimage"},"image":{"@id":"https:\/\/veredes.es\/blog\/tentativa-de-agotamiento-de-un-lugar-parisino-%c2%b7-georges-perec-2\/#primaryimage"},"thumbnailUrl":"https:\/\/veredes.es\/blog\/wp-content\/uploads\/2012\/10\/Tentativa-de-agotamiento-de-un-lugar-parisino-\u00b7-Georges-Perec.jpg","datePublished":"2012-10-29T06:22:32+00:00","dateModified":"2020-01-10T16:21:18+00:00","description":"Toda la informaci\u00f3n sobre: [:es]Tentativa de agotamiento de un lugar parisino \u00b7 Georges Perec[:gl]Tentativa de agotamento dun lugar parisino \u00b7 Georges Perec[:en]Attempt of depletion of a Parisian place \u00b7 Georges Perec[:]","breadcrumb":{"@id":"https:\/\/veredes.es\/blog\/tentativa-de-agotamiento-de-un-lugar-parisino-%c2%b7-georges-perec-2\/#breadcrumb"},"inLanguage":"es","potentialAction":[{"@type":"ReadAction","target":["https:\/\/veredes.es\/blog\/tentativa-de-agotamiento-de-un-lugar-parisino-%c2%b7-georges-perec-2\/"]}]},{"@type":"ImageObject","inLanguage":"es","@id":"https:\/\/veredes.es\/blog\/tentativa-de-agotamiento-de-un-lugar-parisino-%c2%b7-georges-perec-2\/#primaryimage","url":"https:\/\/veredes.es\/blog\/wp-content\/uploads\/2012\/10\/Tentativa-de-agotamiento-de-un-lugar-parisino-\u00b7-Georges-Perec.jpg","contentUrl":"https:\/\/veredes.es\/blog\/wp-content\/uploads\/2012\/10\/Tentativa-de-agotamiento-de-un-lugar-parisino-\u00b7-Georges-Perec.jpg","width":"404","height":"600","caption":"Tentativa de agotamiento de un lugar parisino \u00b7 Georges Perec"},{"@type":"BreadcrumbList","@id":"https:\/\/veredes.es\/blog\/tentativa-de-agotamiento-de-un-lugar-parisino-%c2%b7-georges-perec-2\/#breadcrumb","itemListElement":[{"@type":"ListItem","position":1,"name":"Portada","item":"https:\/\/veredes.es\/blog\/"},{"@type":"ListItem","position":2,"name":"Tentativa de agotamiento de un lugar parisino \u00b7 Georges Perec"}]},{"@type":"WebSite","@id":"https:\/\/veredes.es\/blog\/#website","url":"https:\/\/veredes.es\/blog\/","name":"veredes, arquitectura y divulgaci\u00f3n","description":"veredes","publisher":{"@id":"https:\/\/veredes.es\/blog\/#organization"},"alternateName":"veredes","potentialAction":[{"@type":"SearchAction","target":{"@type":"EntryPoint","urlTemplate":"https:\/\/veredes.es\/blog\/?s={search_term_string}"},"query-input":{"@type":"PropertyValueSpecification","valueRequired":true,"valueName":"search_term_string"}}],"inLanguage":"es"},{"@type":"Organization","@id":"https:\/\/veredes.es\/blog\/#organization","name":"veredes, arquitectura y divulgaci\u00f3n","alternateName":"veredes","url":"https:\/\/veredes.es\/blog\/","logo":{"@type":"ImageObject","inLanguage":"es","@id":"https:\/\/veredes.es\/blog\/#\/schema\/logo\/image\/","url":"https:\/\/veredes.es\/blog\/wp-content\/uploads\/2021\/12\/veredes-logo-centrado_140x54.png","contentUrl":"https:\/\/veredes.es\/blog\/wp-content\/uploads\/2021\/12\/veredes-logo-centrado_140x54.png","width":140,"height":54,"caption":"veredes, arquitectura y divulgaci\u00f3n"},"image":{"@id":"https:\/\/veredes.es\/blog\/#\/schema\/logo\/image\/"},"sameAs":["https:\/\/www.facebook.com\/veredesArquitecturayDivulgacion\/","https:\/\/x.com\/veredes","https:\/\/instagram.com\/veredes\/","https:\/\/www.linkedin.com\/company\/veredes-arquitectura-y-divulgacion\/","https:\/\/es.pinterest.com\/veredes\/","https:\/\/www.tumblr.com\/veredes"]},{"@type":"Person","@id":"https:\/\/veredes.es\/blog\/#\/schema\/person\/0bbb669073ef7faba5168a0844e93d2c","name":"veredes","image":{"@type":"ImageObject","inLanguage":"es","@id":"https:\/\/veredes.es\/blog\/wp-content\/uploads\/2018\/04\/face-96x96.jpg","url":"https:\/\/veredes.es\/blog\/wp-content\/uploads\/2018\/04\/face-96x96.jpg","contentUrl":"https:\/\/veredes.es\/blog\/wp-content\/uploads\/2018\/04\/face-96x96.jpg","caption":"veredes"},"description":"Surge enero de 2009 como b\u00fasqueda de satisfacer el conocimiento de la actividad arquitect\u00f3nica y tangentes que se generan. La idea es crear un espacio para divulgar los diversos proyectos en busca de nueva inspiraci\u00f3n y de intercambio.","sameAs":["https:\/\/veredes.es\/","https:\/\/www.facebook.com\/veredesArquitecturayDivulgacion\/","https:\/\/www.instagram.com\/veredes\/","https:\/\/www.linkedin.com\/company\/veredes-arquitectura-y-divulgacion\/","https:\/\/www.pinterest.es\/veredes\/","https:\/\/x.com\/https:\/\/twitter.com\/veredes","https:\/\/veredes.tumblr.com\/"],"url":"https:\/\/veredes.es\/blog\/author\/alberto\/"}]}},"_links":{"self":[{"href":"https:\/\/veredes.es\/blog\/wp-json\/wp\/v2\/posts\/25386","targetHints":{"allow":["GET"]}}],"collection":[{"href":"https:\/\/veredes.es\/blog\/wp-json\/wp\/v2\/posts"}],"about":[{"href":"https:\/\/veredes.es\/blog\/wp-json\/wp\/v2\/types\/post"}],"author":[{"embeddable":true,"href":"https:\/\/veredes.es\/blog\/wp-json\/wp\/v2\/users\/2"}],"replies":[{"embeddable":true,"href":"https:\/\/veredes.es\/blog\/wp-json\/wp\/v2\/comments?post=25386"}],"version-history":[{"count":0,"href":"https:\/\/veredes.es\/blog\/wp-json\/wp\/v2\/posts\/25386\/revisions"}],"wp:featuredmedia":[{"embeddable":true,"href":"https:\/\/veredes.es\/blog\/wp-json\/wp\/v2\/media\/25387"}],"wp:attachment":[{"href":"https:\/\/veredes.es\/blog\/wp-json\/wp\/v2\/media?parent=25386"}],"wp:term":[{"taxonomy":"category","embeddable":true,"href":"https:\/\/veredes.es\/blog\/wp-json\/wp\/v2\/categories?post=25386"},{"taxonomy":"post_tag","embeddable":true,"href":"https:\/\/veredes.es\/blog\/wp-json\/wp\/v2\/tags?post=25386"}],"curies":[{"name":"wp","href":"https:\/\/api.w.org\/{rel}","templated":true}]}}