{"id":25105,"date":"2009-10-22T06:39:10","date_gmt":"2009-10-22T06:39:10","guid":{"rendered":"http:\/\/veredes.es\/blog\/?p=25105"},"modified":"2019-12-21T00:44:42","modified_gmt":"2019-12-20T23:44:42","slug":"escuela-superior-de-comercio-manuel-belgrano-arquitecturahistoria","status":"publish","type":"post","link":"https:\/\/veredes.es\/blog\/escuela-superior-de-comercio-manuel-belgrano-arquitecturahistoria\/","title":{"rendered":"Patrimonio. Escuela Superior de Comercio Manuel Belgrano | Osvaldo Bidinost-Jorge S. Chute-Jos\u00e9 M. Gass\u00f3-Mabel Lapac\u00f3-Mart\u00edn Meyer"},"content":{"rendered":"<p><\/p>\n<p style=\"text-align: justify;\">Los a\u00f1os de formaci\u00f3n profesional estructuran criterios y miradas que dif\u00edcilmente podamos abandonar. Podremos ir m\u00e1s all\u00e1 montados en vanguardias o experimentos desarraigados, pero en alg\u00fan punto para que sea Arquitectura bajo nuestros ojos, para que aceptemos que esas novedades proyectuales responden a constantes que atravesaron a trav\u00e9s de piedras y ladrillos culturas diversas por siglos, hay respuestas establecidas antes que las preguntas. La Escuela Superior de Comercio Manuel Belgrano, sobre la avenida Costanera de la ciudad de C\u00f3rdoba, acercaba en los 60 planteos formales y espaciales corbusieranos ya explorados en la realidad por el maestro franc\u00e9s y por sus seguidores en geograf\u00edas tan dis\u00edmiles como India, Jap\u00f3n o Brasil, y en nuestro pa\u00eds en algunas obras contempor\u00e1neas como el Centro C\u00edvico de La Pampa (Clorindo Testa, 1955-1965), el Banco de Londres en la city porte\u00f1a (SEPRA-Testa, 1960-1966), la Biblioteca Nacional (C. Testa-F. Bullrich-A. Cazzaniga, 1962-1993) y la Sede del Instituto de Previsi\u00f3n Social en Posadas (Mario Soto y Ra\u00fal Rivarola, 1959-1964). (Nota: \u00e9stos \u00faltimos con alg\u00fan lazo con el grupo que dise\u00f1\u00f3 la Escuela).<\/p>\n<figure id=\"attachment_25106\" aria-describedby=\"caption-attachment-25106\" style=\"width: 620px\" class=\"wp-caption alignnone\"><a href=\"https:\/\/veredes.es\/blog\/wp-content\/uploads\/2012\/10\/Escuela-Superior-de-Comercio-Manuel-Belgrano-Fotograf\u00eda-Mart\u00edn-Lisnovsky-arquitecturamashistoria.blogspot.com_.es_.jpg\"><img loading=\"lazy\" decoding=\"async\" class=\" wp-image-25106\" title=\"Escuela Superior de Comercio [Manuel Belgrano]  Fotograf\u00eda Mart\u00edn Lisnovsky  arquitecturamashistoria.blogspot.com.es\" src=\"https:\/\/veredes.es\/blog\/wp-content\/uploads\/2012\/10\/Escuela-Superior-de-Comercio-Manuel-Belgrano-Fotograf\u00eda-Mart\u00edn-Lisnovsky-arquitecturamashistoria.blogspot.com_.es_.jpg\" alt=\"\" width=\"620\" height=\"349\" srcset=\"https:\/\/veredes.es\/blog\/wp-content\/uploads\/2012\/10\/Escuela-Superior-de-Comercio-Manuel-Belgrano-Fotograf\u00eda-Mart\u00edn-Lisnovsky-arquitecturamashistoria.blogspot.com_.es_.jpg 660w, https:\/\/veredes.es\/blog\/wp-content\/uploads\/2012\/10\/Escuela-Superior-de-Comercio-Manuel-Belgrano-Fotograf\u00eda-Mart\u00edn-Lisnovsky-arquitecturamashistoria.blogspot.com_.es_-300x168.jpg 300w\" sizes=\"auto, (max-width: 620px) 100vw, 620px\" \/><\/a><figcaption id=\"caption-attachment-25106\" class=\"wp-caption-text\"><span style=\"color: #888888;\">Escuela Superior de Comercio Manuel Belgrano\u00a0| Fotograf\u00eda: Mart\u00edn Lisnovsky | arquitecturamashistoria.blogspot.com.es<\/span><\/figcaption><\/figure>\n<p style=\"text-align: justify;\">La riqueza del proyecto debe leerse m\u00e1s all\u00e1 de las morfolog\u00edas esculturales y los gestos que por entonces podr\u00edan considerarse una moda entre arquitectos.<\/p>\n<p>[&#8230;]<\/p>\n<p>Mart\u00edn Lisnovsky<\/p>\n<p><a href=\"http:\/\/arquitecturamashistoria.blogspot.com.es\/2012\/10\/delicia-cordobesa-escuela-superior-de.html\" target=\"_blank\"><span style=\"color: #888888;\">+ art\u00edculo publicado en arquitectura+historia<\/span><\/a><\/p>","protected":false},"excerpt":{"rendered":"<p>Los a\u00f1os de formaci\u00f3n profesional estructuran criterios y miradas que dif\u00edcilmente podamos abandonar. Podremos ir m\u00e1s all\u00e1 montados en vanguardias o experimentos desarraigados, pero en alg\u00fan punto para que sea Arquitectura bajo nuestros ojos, para que aceptemos que esas novedades proyectuales responden a constantes que atravesaron a trav\u00e9s de piedras y ladrillos culturas diversas por [&hellip;]<\/p>\n","protected":false},"author":2,"featured_media":25106,"comment_status":"open","ping_status":"closed","sticky":false,"template":"","format":"standard","meta":{"footnotes":""},"categories":[33,3,10],"tags":[129,6592,344,1974,12443,505,5979,5980,5981,5976,4021,5982,5978],"class_list":{"0":"post-25105","1":"post","2":"type-post","3":"status-publish","4":"format-standard","5":"has-post-thumbnail","7":"category-arquitectos","8":"category-capturas","9":"category-equipamiento-docente","10":"tag-argentina","11":"tag-arquitectura-argentina","12":"tag-comercio","13":"tag-cordoba","14":"tag-equipamiento-docente","15":"tag-escuela","16":"tag-jorge-s-chute","17":"tag-jose-m-gasso","18":"tag-mabel-lapaco","19":"tag-manuel-belgrano","20":"tag-martin-lisnovsky","21":"tag-martin-meyer","22":"tag-osvaldo-bidinost"},"yoast_head":"<!-- This site is optimized with the Yoast SEO plugin v27.4 - https:\/\/yoast.com\/product\/yoast-seo-wordpress\/ -->\n<title>Patrimonio. Escuela Superior de Comercio Manuel Belgrano | Osvaldo Bidinost-Jorge S. Chute-Jos\u00e9 M. Gass\u00f3-Mabel Lapac\u00f3-Mart\u00edn MeyerPatrimonio. Escola Superior de Comercio Manuel Belgrano | Osvaldo Bidinost-Jorge S. Chute-Jos\u00e9 M. Gass\u00f3-Mabel Lapac\u00f3-Mart\u00edn MeyerPatrimonio. Manuel Belgrano Trade High school | Osvaldo Bidinost-Jorge S. Chute-Jos\u00e9 M. Gass\u00f3-Mabel Lapac\u00f3-Mart\u00edn Meyer - veredes<\/title>\n<meta name=\"description\" content=\"Toda la informaci\u00f3n sobre: Patrimonio. Escuela Superior de Comercio Manuel Belgrano | Osvaldo Bidinost-Jorge S. Chute-Jos\u00e9 M. Gass\u00f3-Mabel Lapac\u00f3-Mart\u00edn MeyerPatrimonio. Escola Superior de Comercio Manuel Belgrano | Osvaldo Bidinost-Jorge S. Chute-Jos\u00e9 M. Gass\u00f3-Mabel Lapac\u00f3-Mart\u00edn MeyerPatrimonio. Manuel Belgrano Trade High school | Osvaldo Bidinost-Jorge S. Chute-Jos\u00e9 M. Gass\u00f3-Mabel Lapac\u00f3-Mart\u00edn Meyer\" \/>\n<meta name=\"robots\" content=\"index, follow, max-snippet:-1, max-image-preview:large, max-video-preview:-1\" \/>\n<link rel=\"canonical\" href=\"https:\/\/veredes.es\/blog\/escuela-superior-de-comercio-manuel-belgrano-arquitecturahistoria\/\" \/>\n<meta property=\"og:locale\" content=\"es_ES\" \/>\n<meta property=\"og:type\" content=\"article\" \/>\n<meta property=\"og:title\" content=\"Patrimonio. Escuela Superior de Comercio Manuel Belgrano | Osvaldo Bidinost-Jorge S. Chute-Jos\u00e9 M. Gass\u00f3-Mabel Lapac\u00f3-Mart\u00edn MeyerPatrimonio. Escola Superior de Comercio Manuel Belgrano | Osvaldo Bidinost-Jorge S. Chute-Jos\u00e9 M. Gass\u00f3-Mabel Lapac\u00f3-Mart\u00edn MeyerPatrimonio. Manuel Belgrano Trade High school | Osvaldo Bidinost-Jorge S. Chute-Jos\u00e9 M. Gass\u00f3-Mabel Lapac\u00f3-Mart\u00edn Meyer - veredes\" \/>\n<meta property=\"og:description\" content=\"Toda la informaci\u00f3n sobre: Patrimonio. Escuela Superior de Comercio Manuel Belgrano | Osvaldo Bidinost-Jorge S. Chute-Jos\u00e9 M. Gass\u00f3-Mabel Lapac\u00f3-Mart\u00edn MeyerPatrimonio. Escola Superior de Comercio Manuel Belgrano | Osvaldo Bidinost-Jorge S. Chute-Jos\u00e9 M. Gass\u00f3-Mabel Lapac\u00f3-Mart\u00edn MeyerPatrimonio. Manuel Belgrano Trade High school | Osvaldo Bidinost-Jorge S. Chute-Jos\u00e9 M. Gass\u00f3-Mabel Lapac\u00f3-Mart\u00edn Meyer\" \/>\n<meta property=\"og:url\" content=\"https:\/\/veredes.es\/blog\/escuela-superior-de-comercio-manuel-belgrano-arquitecturahistoria\/\" \/>\n<meta property=\"og:site_name\" content=\"veredes, arquitectura y divulgaci\u00f3n\" \/>\n<meta property=\"article:publisher\" content=\"https:\/\/www.facebook.com\/veredesArquitecturayDivulgacion\/\" \/>\n<meta property=\"article:author\" content=\"https:\/\/www.facebook.com\/veredesArquitecturayDivulgacion\/\" \/>\n<meta property=\"article:published_time\" content=\"2009-10-22T06:39:10+00:00\" \/>\n<meta property=\"article:modified_time\" content=\"2019-12-20T23:44:42+00:00\" \/>\n<meta property=\"og:image\" content=\"https:\/\/veredes.es\/blog\/wp-content\/uploads\/2012\/10\/Escuela-Superior-de-Comercio-Manuel-Belgrano-Fotograf\u00eda-Mart\u00edn-Lisnovsky-arquitecturamashistoria.blogspot.com_.es_.jpg\" \/>\n\t<meta property=\"og:image:width\" content=\"660\" \/>\n\t<meta property=\"og:image:height\" content=\"371\" \/>\n\t<meta property=\"og:image:type\" content=\"image\/jpeg\" \/>\n<meta name=\"author\" content=\"veredes\" \/>\n<meta name=\"twitter:card\" content=\"summary_large_image\" \/>\n<meta name=\"twitter:creator\" content=\"@https:\/\/twitter.com\/veredes\" \/>\n<meta name=\"twitter:site\" content=\"@veredes\" \/>\n<meta name=\"twitter:label1\" content=\"Escrito por\" \/>\n\t<meta name=\"twitter:data1\" content=\"veredes\" \/>\n\t<meta name=\"twitter:label2\" content=\"Tiempo de lectura\" \/>\n\t<meta name=\"twitter:data2\" content=\"4 minutos\" \/>\n<script type=\"application\/ld+json\" class=\"yoast-schema-graph\">{\"@context\":\"https:\\\/\\\/schema.org\",\"@graph\":[{\"@type\":\"Article\",\"@id\":\"https:\\\/\\\/veredes.es\\\/blog\\\/escuela-superior-de-comercio-manuel-belgrano-arquitecturahistoria\\\/#article\",\"isPartOf\":{\"@id\":\"https:\\\/\\\/veredes.es\\\/blog\\\/escuela-superior-de-comercio-manuel-belgrano-arquitecturahistoria\\\/\"},\"author\":{\"name\":\"veredes\",\"@id\":\"https:\\\/\\\/veredes.es\\\/blog\\\/#\\\/schema\\\/person\\\/0bbb669073ef7faba5168a0844e93d2c\"},\"headline\":\"Patrimonio. Escuela Superior de Comercio Manuel Belgrano | Osvaldo Bidinost-Jorge S. Chute-Jos\u00e9 M. Gass\u00f3-Mabel Lapac\u00f3-Mart\u00edn Meyer\",\"datePublished\":\"2009-10-22T06:39:10+00:00\",\"dateModified\":\"2019-12-20T23:44:42+00:00\",\"mainEntityOfPage\":{\"@id\":\"https:\\\/\\\/veredes.es\\\/blog\\\/escuela-superior-de-comercio-manuel-belgrano-arquitecturahistoria\\\/\"},\"wordCount\":796,\"commentCount\":0,\"publisher\":{\"@id\":\"https:\\\/\\\/veredes.es\\\/blog\\\/#organization\"},\"image\":{\"@id\":\"https:\\\/\\\/veredes.es\\\/blog\\\/escuela-superior-de-comercio-manuel-belgrano-arquitecturahistoria\\\/#primaryimage\"},\"thumbnailUrl\":\"https:\\\/\\\/veredes.es\\\/blog\\\/wp-content\\\/uploads\\\/2012\\\/10\\\/Escuela-Superior-de-Comercio-Manuel-Belgrano-Fotograf\u00eda-Mart\u00edn-Lisnovsky-arquitecturamashistoria.blogspot.com_.es_.jpg\",\"keywords\":[\"Argentina\",\"arquitectura argentina\",\"comercio\",\"cordoba\",\"equipamiento docente\",\"escuela\",\"jorge s. chute\",\"jos\u00e9 m. gass\u00f3\",\"mabel lapac\u00f3\",\"manuel belgrano\",\"mart\u00edn lisnovsky\",\"mart\u00edn meyer\",\"osvaldo bidinost\"],\"articleSection\":[\"arquitectos\",\"capturas\",\"equipamiento docente\"],\"inLanguage\":\"es\",\"potentialAction\":[{\"@type\":\"CommentAction\",\"name\":\"Comment\",\"target\":[\"https:\\\/\\\/veredes.es\\\/blog\\\/escuela-superior-de-comercio-manuel-belgrano-arquitecturahistoria\\\/#respond\"]}]},{\"@type\":\"WebPage\",\"@id\":\"https:\\\/\\\/veredes.es\\\/blog\\\/escuela-superior-de-comercio-manuel-belgrano-arquitecturahistoria\\\/\",\"url\":\"https:\\\/\\\/veredes.es\\\/blog\\\/escuela-superior-de-comercio-manuel-belgrano-arquitecturahistoria\\\/\",\"name\":\"Patrimonio. Escuela Superior de Comercio Manuel Belgrano | Osvaldo Bidinost-Jorge S. Chute-Jos\u00e9 M. Gass\u00f3-Mabel Lapac\u00f3-Mart\u00edn MeyerPatrimonio. Escola Superior de Comercio Manuel Belgrano | Osvaldo Bidinost-Jorge S. Chute-Jos\u00e9 M. Gass\u00f3-Mabel Lapac\u00f3-Mart\u00edn MeyerPatrimonio. Manuel Belgrano Trade High school | Osvaldo Bidinost-Jorge S. Chute-Jos\u00e9 M. Gass\u00f3-Mabel Lapac\u00f3-Mart\u00edn Meyer - veredes\",\"isPartOf\":{\"@id\":\"https:\\\/\\\/veredes.es\\\/blog\\\/#website\"},\"primaryImageOfPage\":{\"@id\":\"https:\\\/\\\/veredes.es\\\/blog\\\/escuela-superior-de-comercio-manuel-belgrano-arquitecturahistoria\\\/#primaryimage\"},\"image\":{\"@id\":\"https:\\\/\\\/veredes.es\\\/blog\\\/escuela-superior-de-comercio-manuel-belgrano-arquitecturahistoria\\\/#primaryimage\"},\"thumbnailUrl\":\"https:\\\/\\\/veredes.es\\\/blog\\\/wp-content\\\/uploads\\\/2012\\\/10\\\/Escuela-Superior-de-Comercio-Manuel-Belgrano-Fotograf\u00eda-Mart\u00edn-Lisnovsky-arquitecturamashistoria.blogspot.com_.es_.jpg\",\"datePublished\":\"2009-10-22T06:39:10+00:00\",\"dateModified\":\"2019-12-20T23:44:42+00:00\",\"description\":\"Toda la informaci\u00f3n sobre: Patrimonio. Escuela Superior de Comercio Manuel Belgrano | Osvaldo Bidinost-Jorge S. Chute-Jos\u00e9 M. Gass\u00f3-Mabel Lapac\u00f3-Mart\u00edn MeyerPatrimonio. Escola Superior de Comercio Manuel Belgrano | Osvaldo Bidinost-Jorge S. Chute-Jos\u00e9 M. Gass\u00f3-Mabel Lapac\u00f3-Mart\u00edn MeyerPatrimonio. Manuel Belgrano Trade High school | Osvaldo Bidinost-Jorge S. Chute-Jos\u00e9 M. Gass\u00f3-Mabel Lapac\u00f3-Mart\u00edn Meyer\",\"breadcrumb\":{\"@id\":\"https:\\\/\\\/veredes.es\\\/blog\\\/escuela-superior-de-comercio-manuel-belgrano-arquitecturahistoria\\\/#breadcrumb\"},\"inLanguage\":\"es\",\"potentialAction\":[{\"@type\":\"ReadAction\",\"target\":[\"https:\\\/\\\/veredes.es\\\/blog\\\/escuela-superior-de-comercio-manuel-belgrano-arquitecturahistoria\\\/\"]}]},{\"@type\":\"ImageObject\",\"inLanguage\":\"es\",\"@id\":\"https:\\\/\\\/veredes.es\\\/blog\\\/escuela-superior-de-comercio-manuel-belgrano-arquitecturahistoria\\\/#primaryimage\",\"url\":\"https:\\\/\\\/veredes.es\\\/blog\\\/wp-content\\\/uploads\\\/2012\\\/10\\\/Escuela-Superior-de-Comercio-Manuel-Belgrano-Fotograf\u00eda-Mart\u00edn-Lisnovsky-arquitecturamashistoria.blogspot.com_.es_.jpg\",\"contentUrl\":\"https:\\\/\\\/veredes.es\\\/blog\\\/wp-content\\\/uploads\\\/2012\\\/10\\\/Escuela-Superior-de-Comercio-Manuel-Belgrano-Fotograf\u00eda-Mart\u00edn-Lisnovsky-arquitecturamashistoria.blogspot.com_.es_.jpg\",\"width\":\"660\",\"height\":\"371\",\"caption\":\"Escuela Superior de Comercio [Manuel Belgrano] | Fotograf\u00eda: Mart\u00edn Lisnovsky | arquitecturamashistoria.blogspot.com.es\"},{\"@type\":\"BreadcrumbList\",\"@id\":\"https:\\\/\\\/veredes.es\\\/blog\\\/escuela-superior-de-comercio-manuel-belgrano-arquitecturahistoria\\\/#breadcrumb\",\"itemListElement\":[{\"@type\":\"ListItem\",\"position\":1,\"name\":\"Portada\",\"item\":\"https:\\\/\\\/veredes.es\\\/blog\\\/\"},{\"@type\":\"ListItem\",\"position\":2,\"name\":\"Patrimonio. Escuela Superior de Comercio Manuel Belgrano | Osvaldo Bidinost-Jorge S. Chute-Jos\u00e9 M. Gass\u00f3-Mabel Lapac\u00f3-Mart\u00edn Meyer\"}]},{\"@type\":\"WebSite\",\"@id\":\"https:\\\/\\\/veredes.es\\\/blog\\\/#website\",\"url\":\"https:\\\/\\\/veredes.es\\\/blog\\\/\",\"name\":\"veredes, arquitectura y divulgaci\u00f3n\",\"description\":\"veredes\",\"publisher\":{\"@id\":\"https:\\\/\\\/veredes.es\\\/blog\\\/#organization\"},\"alternateName\":\"veredes\",\"potentialAction\":[{\"@type\":\"SearchAction\",\"target\":{\"@type\":\"EntryPoint\",\"urlTemplate\":\"https:\\\/\\\/veredes.es\\\/blog\\\/?s={search_term_string}\"},\"query-input\":{\"@type\":\"PropertyValueSpecification\",\"valueRequired\":true,\"valueName\":\"search_term_string\"}}],\"inLanguage\":\"es\"},{\"@type\":\"Organization\",\"@id\":\"https:\\\/\\\/veredes.es\\\/blog\\\/#organization\",\"name\":\"veredes, arquitectura y divulgaci\u00f3n\",\"alternateName\":\"veredes\",\"url\":\"https:\\\/\\\/veredes.es\\\/blog\\\/\",\"logo\":{\"@type\":\"ImageObject\",\"inLanguage\":\"es\",\"@id\":\"https:\\\/\\\/veredes.es\\\/blog\\\/#\\\/schema\\\/logo\\\/image\\\/\",\"url\":\"https:\\\/\\\/veredes.es\\\/blog\\\/wp-content\\\/uploads\\\/2021\\\/12\\\/veredes-logo-centrado_140x54.png\",\"contentUrl\":\"https:\\\/\\\/veredes.es\\\/blog\\\/wp-content\\\/uploads\\\/2021\\\/12\\\/veredes-logo-centrado_140x54.png\",\"width\":140,\"height\":54,\"caption\":\"veredes, arquitectura y divulgaci\u00f3n\"},\"image\":{\"@id\":\"https:\\\/\\\/veredes.es\\\/blog\\\/#\\\/schema\\\/logo\\\/image\\\/\"},\"sameAs\":[\"https:\\\/\\\/www.facebook.com\\\/veredesArquitecturayDivulgacion\\\/\",\"https:\\\/\\\/x.com\\\/veredes\",\"https:\\\/\\\/instagram.com\\\/veredes\\\/\",\"https:\\\/\\\/www.linkedin.com\\\/company\\\/veredes-arquitectura-y-divulgacion\\\/\",\"https:\\\/\\\/es.pinterest.com\\\/veredes\\\/\",\"https:\\\/\\\/www.tumblr.com\\\/veredes\"]},{\"@type\":\"Person\",\"@id\":\"https:\\\/\\\/veredes.es\\\/blog\\\/#\\\/schema\\\/person\\\/0bbb669073ef7faba5168a0844e93d2c\",\"name\":\"veredes\",\"image\":{\"@type\":\"ImageObject\",\"inLanguage\":\"es\",\"@id\":\"https:\\\/\\\/veredes.es\\\/blog\\\/wp-content\\\/uploads\\\/2018\\\/04\\\/face-96x96.jpg\",\"url\":\"https:\\\/\\\/veredes.es\\\/blog\\\/wp-content\\\/uploads\\\/2018\\\/04\\\/face-96x96.jpg\",\"contentUrl\":\"https:\\\/\\\/veredes.es\\\/blog\\\/wp-content\\\/uploads\\\/2018\\\/04\\\/face-96x96.jpg\",\"caption\":\"veredes\"},\"description\":\"Surge enero de 2009 como b\u00fasqueda de satisfacer el conocimiento de la actividad arquitect\u00f3nica y tangentes que se generan. La idea es crear un espacio para divulgar los diversos proyectos en busca de nueva inspiraci\u00f3n y de intercambio.\",\"sameAs\":[\"https:\\\/\\\/veredes.es\\\/\",\"https:\\\/\\\/www.facebook.com\\\/veredesArquitecturayDivulgacion\\\/\",\"https:\\\/\\\/www.instagram.com\\\/veredes\\\/\",\"https:\\\/\\\/www.linkedin.com\\\/company\\\/veredes-arquitectura-y-divulgacion\\\/\",\"https:\\\/\\\/www.pinterest.es\\\/veredes\\\/\",\"https:\\\/\\\/x.com\\\/https:\\\/\\\/twitter.com\\\/veredes\",\"https:\\\/\\\/veredes.tumblr.com\\\/\"],\"url\":\"https:\\\/\\\/veredes.es\\\/blog\\\/author\\\/alberto\\\/\"}]}<\/script>\n<!-- \/ Yoast SEO plugin. -->","yoast_head_json":{"title":"Patrimonio. Escuela Superior de Comercio Manuel Belgrano | Osvaldo Bidinost-Jorge S. Chute-Jos\u00e9 M. Gass\u00f3-Mabel Lapac\u00f3-Mart\u00edn MeyerPatrimonio. Escola Superior de Comercio Manuel Belgrano | Osvaldo Bidinost-Jorge S. Chute-Jos\u00e9 M. Gass\u00f3-Mabel Lapac\u00f3-Mart\u00edn MeyerPatrimonio. Manuel Belgrano Trade High school | Osvaldo Bidinost-Jorge S. Chute-Jos\u00e9 M. Gass\u00f3-Mabel Lapac\u00f3-Mart\u00edn Meyer - veredes","description":"Toda la informaci\u00f3n sobre: Patrimonio. Escuela Superior de Comercio Manuel Belgrano | Osvaldo Bidinost-Jorge S. Chute-Jos\u00e9 M. Gass\u00f3-Mabel Lapac\u00f3-Mart\u00edn MeyerPatrimonio. Escola Superior de Comercio Manuel Belgrano | Osvaldo Bidinost-Jorge S. Chute-Jos\u00e9 M. Gass\u00f3-Mabel Lapac\u00f3-Mart\u00edn MeyerPatrimonio. Manuel Belgrano Trade High school | Osvaldo Bidinost-Jorge S. Chute-Jos\u00e9 M. Gass\u00f3-Mabel Lapac\u00f3-Mart\u00edn Meyer","robots":{"index":"index","follow":"follow","max-snippet":"max-snippet:-1","max-image-preview":"max-image-preview:large","max-video-preview":"max-video-preview:-1"},"canonical":"https:\/\/veredes.es\/blog\/escuela-superior-de-comercio-manuel-belgrano-arquitecturahistoria\/","og_locale":"es_ES","og_type":"article","og_title":"Patrimonio. Escuela Superior de Comercio Manuel Belgrano | Osvaldo Bidinost-Jorge S. Chute-Jos\u00e9 M. Gass\u00f3-Mabel Lapac\u00f3-Mart\u00edn MeyerPatrimonio. Escola Superior de Comercio Manuel Belgrano | Osvaldo Bidinost-Jorge S. Chute-Jos\u00e9 M. Gass\u00f3-Mabel Lapac\u00f3-Mart\u00edn MeyerPatrimonio. Manuel Belgrano Trade High school | Osvaldo Bidinost-Jorge S. Chute-Jos\u00e9 M. Gass\u00f3-Mabel Lapac\u00f3-Mart\u00edn Meyer - veredes","og_description":"Toda la informaci\u00f3n sobre: Patrimonio. Escuela Superior de Comercio Manuel Belgrano | Osvaldo Bidinost-Jorge S. Chute-Jos\u00e9 M. Gass\u00f3-Mabel Lapac\u00f3-Mart\u00edn MeyerPatrimonio. Escola Superior de Comercio Manuel Belgrano | Osvaldo Bidinost-Jorge S. Chute-Jos\u00e9 M. Gass\u00f3-Mabel Lapac\u00f3-Mart\u00edn MeyerPatrimonio. Manuel Belgrano Trade High school | Osvaldo Bidinost-Jorge S. Chute-Jos\u00e9 M. Gass\u00f3-Mabel Lapac\u00f3-Mart\u00edn Meyer","og_url":"https:\/\/veredes.es\/blog\/escuela-superior-de-comercio-manuel-belgrano-arquitecturahistoria\/","og_site_name":"veredes, arquitectura y divulgaci\u00f3n","article_publisher":"https:\/\/www.facebook.com\/veredesArquitecturayDivulgacion\/","article_author":"https:\/\/www.facebook.com\/veredesArquitecturayDivulgacion\/","article_published_time":"2009-10-22T06:39:10+00:00","article_modified_time":"2019-12-20T23:44:42+00:00","og_image":[{"width":660,"height":371,"url":"https:\/\/veredes.es\/blog\/wp-content\/uploads\/2012\/10\/Escuela-Superior-de-Comercio-Manuel-Belgrano-Fotograf\u00eda-Mart\u00edn-Lisnovsky-arquitecturamashistoria.blogspot.com_.es_.jpg","type":"image\/jpeg"}],"author":"veredes","twitter_card":"summary_large_image","twitter_creator":"@https:\/\/twitter.com\/veredes","twitter_site":"@veredes","twitter_misc":{"Escrito por":"veredes","Tiempo de lectura":"4 minutos"},"schema":{"@context":"https:\/\/schema.org","@graph":[{"@type":"Article","@id":"https:\/\/veredes.es\/blog\/escuela-superior-de-comercio-manuel-belgrano-arquitecturahistoria\/#article","isPartOf":{"@id":"https:\/\/veredes.es\/blog\/escuela-superior-de-comercio-manuel-belgrano-arquitecturahistoria\/"},"author":{"name":"veredes","@id":"https:\/\/veredes.es\/blog\/#\/schema\/person\/0bbb669073ef7faba5168a0844e93d2c"},"headline":"Patrimonio. Escuela Superior de Comercio Manuel Belgrano | Osvaldo Bidinost-Jorge S. Chute-Jos\u00e9 M. Gass\u00f3-Mabel Lapac\u00f3-Mart\u00edn Meyer","datePublished":"2009-10-22T06:39:10+00:00","dateModified":"2019-12-20T23:44:42+00:00","mainEntityOfPage":{"@id":"https:\/\/veredes.es\/blog\/escuela-superior-de-comercio-manuel-belgrano-arquitecturahistoria\/"},"wordCount":796,"commentCount":0,"publisher":{"@id":"https:\/\/veredes.es\/blog\/#organization"},"image":{"@id":"https:\/\/veredes.es\/blog\/escuela-superior-de-comercio-manuel-belgrano-arquitecturahistoria\/#primaryimage"},"thumbnailUrl":"https:\/\/veredes.es\/blog\/wp-content\/uploads\/2012\/10\/Escuela-Superior-de-Comercio-Manuel-Belgrano-Fotograf\u00eda-Mart\u00edn-Lisnovsky-arquitecturamashistoria.blogspot.com_.es_.jpg","keywords":["Argentina","arquitectura argentina","comercio","cordoba","equipamiento docente","escuela","jorge s. chute","jos\u00e9 m. gass\u00f3","mabel lapac\u00f3","manuel belgrano","mart\u00edn lisnovsky","mart\u00edn meyer","osvaldo bidinost"],"articleSection":["arquitectos","capturas","equipamiento docente"],"inLanguage":"es","potentialAction":[{"@type":"CommentAction","name":"Comment","target":["https:\/\/veredes.es\/blog\/escuela-superior-de-comercio-manuel-belgrano-arquitecturahistoria\/#respond"]}]},{"@type":"WebPage","@id":"https:\/\/veredes.es\/blog\/escuela-superior-de-comercio-manuel-belgrano-arquitecturahistoria\/","url":"https:\/\/veredes.es\/blog\/escuela-superior-de-comercio-manuel-belgrano-arquitecturahistoria\/","name":"Patrimonio. Escuela Superior de Comercio Manuel Belgrano | Osvaldo Bidinost-Jorge S. Chute-Jos\u00e9 M. Gass\u00f3-Mabel Lapac\u00f3-Mart\u00edn MeyerPatrimonio. Escola Superior de Comercio Manuel Belgrano | Osvaldo Bidinost-Jorge S. Chute-Jos\u00e9 M. Gass\u00f3-Mabel Lapac\u00f3-Mart\u00edn MeyerPatrimonio. Manuel Belgrano Trade High school | Osvaldo Bidinost-Jorge S. Chute-Jos\u00e9 M. Gass\u00f3-Mabel Lapac\u00f3-Mart\u00edn Meyer - veredes","isPartOf":{"@id":"https:\/\/veredes.es\/blog\/#website"},"primaryImageOfPage":{"@id":"https:\/\/veredes.es\/blog\/escuela-superior-de-comercio-manuel-belgrano-arquitecturahistoria\/#primaryimage"},"image":{"@id":"https:\/\/veredes.es\/blog\/escuela-superior-de-comercio-manuel-belgrano-arquitecturahistoria\/#primaryimage"},"thumbnailUrl":"https:\/\/veredes.es\/blog\/wp-content\/uploads\/2012\/10\/Escuela-Superior-de-Comercio-Manuel-Belgrano-Fotograf\u00eda-Mart\u00edn-Lisnovsky-arquitecturamashistoria.blogspot.com_.es_.jpg","datePublished":"2009-10-22T06:39:10+00:00","dateModified":"2019-12-20T23:44:42+00:00","description":"Toda la informaci\u00f3n sobre: Patrimonio. Escuela Superior de Comercio Manuel Belgrano | Osvaldo Bidinost-Jorge S. Chute-Jos\u00e9 M. Gass\u00f3-Mabel Lapac\u00f3-Mart\u00edn MeyerPatrimonio. Escola Superior de Comercio Manuel Belgrano | Osvaldo Bidinost-Jorge S. Chute-Jos\u00e9 M. Gass\u00f3-Mabel Lapac\u00f3-Mart\u00edn MeyerPatrimonio. Manuel Belgrano Trade High school | Osvaldo Bidinost-Jorge S. Chute-Jos\u00e9 M. Gass\u00f3-Mabel Lapac\u00f3-Mart\u00edn Meyer","breadcrumb":{"@id":"https:\/\/veredes.es\/blog\/escuela-superior-de-comercio-manuel-belgrano-arquitecturahistoria\/#breadcrumb"},"inLanguage":"es","potentialAction":[{"@type":"ReadAction","target":["https:\/\/veredes.es\/blog\/escuela-superior-de-comercio-manuel-belgrano-arquitecturahistoria\/"]}]},{"@type":"ImageObject","inLanguage":"es","@id":"https:\/\/veredes.es\/blog\/escuela-superior-de-comercio-manuel-belgrano-arquitecturahistoria\/#primaryimage","url":"https:\/\/veredes.es\/blog\/wp-content\/uploads\/2012\/10\/Escuela-Superior-de-Comercio-Manuel-Belgrano-Fotograf\u00eda-Mart\u00edn-Lisnovsky-arquitecturamashistoria.blogspot.com_.es_.jpg","contentUrl":"https:\/\/veredes.es\/blog\/wp-content\/uploads\/2012\/10\/Escuela-Superior-de-Comercio-Manuel-Belgrano-Fotograf\u00eda-Mart\u00edn-Lisnovsky-arquitecturamashistoria.blogspot.com_.es_.jpg","width":"660","height":"371","caption":"Escuela Superior de Comercio [Manuel Belgrano] | Fotograf\u00eda: Mart\u00edn Lisnovsky | arquitecturamashistoria.blogspot.com.es"},{"@type":"BreadcrumbList","@id":"https:\/\/veredes.es\/blog\/escuela-superior-de-comercio-manuel-belgrano-arquitecturahistoria\/#breadcrumb","itemListElement":[{"@type":"ListItem","position":1,"name":"Portada","item":"https:\/\/veredes.es\/blog\/"},{"@type":"ListItem","position":2,"name":"Patrimonio. Escuela Superior de Comercio Manuel Belgrano | Osvaldo Bidinost-Jorge S. Chute-Jos\u00e9 M. Gass\u00f3-Mabel Lapac\u00f3-Mart\u00edn Meyer"}]},{"@type":"WebSite","@id":"https:\/\/veredes.es\/blog\/#website","url":"https:\/\/veredes.es\/blog\/","name":"veredes, arquitectura y divulgaci\u00f3n","description":"veredes","publisher":{"@id":"https:\/\/veredes.es\/blog\/#organization"},"alternateName":"veredes","potentialAction":[{"@type":"SearchAction","target":{"@type":"EntryPoint","urlTemplate":"https:\/\/veredes.es\/blog\/?s={search_term_string}"},"query-input":{"@type":"PropertyValueSpecification","valueRequired":true,"valueName":"search_term_string"}}],"inLanguage":"es"},{"@type":"Organization","@id":"https:\/\/veredes.es\/blog\/#organization","name":"veredes, arquitectura y divulgaci\u00f3n","alternateName":"veredes","url":"https:\/\/veredes.es\/blog\/","logo":{"@type":"ImageObject","inLanguage":"es","@id":"https:\/\/veredes.es\/blog\/#\/schema\/logo\/image\/","url":"https:\/\/veredes.es\/blog\/wp-content\/uploads\/2021\/12\/veredes-logo-centrado_140x54.png","contentUrl":"https:\/\/veredes.es\/blog\/wp-content\/uploads\/2021\/12\/veredes-logo-centrado_140x54.png","width":140,"height":54,"caption":"veredes, arquitectura y divulgaci\u00f3n"},"image":{"@id":"https:\/\/veredes.es\/blog\/#\/schema\/logo\/image\/"},"sameAs":["https:\/\/www.facebook.com\/veredesArquitecturayDivulgacion\/","https:\/\/x.com\/veredes","https:\/\/instagram.com\/veredes\/","https:\/\/www.linkedin.com\/company\/veredes-arquitectura-y-divulgacion\/","https:\/\/es.pinterest.com\/veredes\/","https:\/\/www.tumblr.com\/veredes"]},{"@type":"Person","@id":"https:\/\/veredes.es\/blog\/#\/schema\/person\/0bbb669073ef7faba5168a0844e93d2c","name":"veredes","image":{"@type":"ImageObject","inLanguage":"es","@id":"https:\/\/veredes.es\/blog\/wp-content\/uploads\/2018\/04\/face-96x96.jpg","url":"https:\/\/veredes.es\/blog\/wp-content\/uploads\/2018\/04\/face-96x96.jpg","contentUrl":"https:\/\/veredes.es\/blog\/wp-content\/uploads\/2018\/04\/face-96x96.jpg","caption":"veredes"},"description":"Surge enero de 2009 como b\u00fasqueda de satisfacer el conocimiento de la actividad arquitect\u00f3nica y tangentes que se generan. La idea es crear un espacio para divulgar los diversos proyectos en busca de nueva inspiraci\u00f3n y de intercambio.","sameAs":["https:\/\/veredes.es\/","https:\/\/www.facebook.com\/veredesArquitecturayDivulgacion\/","https:\/\/www.instagram.com\/veredes\/","https:\/\/www.linkedin.com\/company\/veredes-arquitectura-y-divulgacion\/","https:\/\/www.pinterest.es\/veredes\/","https:\/\/x.com\/https:\/\/twitter.com\/veredes","https:\/\/veredes.tumblr.com\/"],"url":"https:\/\/veredes.es\/blog\/author\/alberto\/"}]}},"_links":{"self":[{"href":"https:\/\/veredes.es\/blog\/wp-json\/wp\/v2\/posts\/25105","targetHints":{"allow":["GET"]}}],"collection":[{"href":"https:\/\/veredes.es\/blog\/wp-json\/wp\/v2\/posts"}],"about":[{"href":"https:\/\/veredes.es\/blog\/wp-json\/wp\/v2\/types\/post"}],"author":[{"embeddable":true,"href":"https:\/\/veredes.es\/blog\/wp-json\/wp\/v2\/users\/2"}],"replies":[{"embeddable":true,"href":"https:\/\/veredes.es\/blog\/wp-json\/wp\/v2\/comments?post=25105"}],"version-history":[{"count":0,"href":"https:\/\/veredes.es\/blog\/wp-json\/wp\/v2\/posts\/25105\/revisions"}],"wp:featuredmedia":[{"embeddable":true,"href":"https:\/\/veredes.es\/blog\/wp-json\/wp\/v2\/media\/25106"}],"wp:attachment":[{"href":"https:\/\/veredes.es\/blog\/wp-json\/wp\/v2\/media?parent=25105"}],"wp:term":[{"taxonomy":"category","embeddable":true,"href":"https:\/\/veredes.es\/blog\/wp-json\/wp\/v2\/categories?post=25105"},{"taxonomy":"post_tag","embeddable":true,"href":"https:\/\/veredes.es\/blog\/wp-json\/wp\/v2\/tags?post=25105"}],"curies":[{"name":"wp","href":"https:\/\/api.w.org\/{rel}","templated":true}]}}