{"id":24396,"date":"2012-09-28T08:39:28","date_gmt":"2012-09-28T08:39:28","guid":{"rendered":"http:\/\/veredes.es\/blog\/?p=24396"},"modified":"2022-02-15T00:32:39","modified_gmt":"2022-02-14T23:32:39","slug":"estudios-de-arquitectura-o-empresas-de-arquitectura-stepienybarno","status":"publish","type":"post","link":"https:\/\/veredes.es\/blog\/estudios-de-arquitectura-o-empresas-de-arquitectura-stepienybarno\/","title":{"rendered":"\u00bfEstudios de arquitectura o empresas de arquitectura? | Stepienybarno"},"content":{"rendered":"<p><figure id=\"attachment_24397\" aria-describedby=\"caption-attachment-24397\" style=\"width: 750px\" class=\"wp-caption alignnone\"><a href=\"http:\/\/veredes.es\/blog\/wp-content\/uploads\/2012\/09\/innovacion-abierta-_-sTEPIENYBARNO-.jpg\"><img loading=\"lazy\" decoding=\"async\" class=\"wp-image-24397\" title=\"innovacion-abierta-_-sTEPIENYBARNO-\" src=\"https:\/\/veredes.es\/blog\/wp-content\/uploads\/2012\/09\/innovacion-abierta-_-sTEPIENYBARNO--300x300.jpg\" alt=\"\" width=\"750\" height=\"750\" srcset=\"https:\/\/veredes.es\/blog\/wp-content\/uploads\/2012\/09\/innovacion-abierta-_-sTEPIENYBARNO--300x300.jpg 300w, https:\/\/veredes.es\/blog\/wp-content\/uploads\/2012\/09\/innovacion-abierta-_-sTEPIENYBARNO--150x150.jpg 150w, https:\/\/veredes.es\/blog\/wp-content\/uploads\/2012\/09\/innovacion-abierta-_-sTEPIENYBARNO--120x120.jpg 120w, https:\/\/veredes.es\/blog\/wp-content\/uploads\/2012\/09\/innovacion-abierta-_-sTEPIENYBARNO-.jpg 660w\" sizes=\"auto, (max-width: 750px) 100vw, 750px\" \/><\/a><figcaption id=\"caption-attachment-24397\" class=\"wp-caption-text\"><span style=\"color: #888888;\">Innovaci\u00f3n abierta, abriendo nuevos caminos | eoi.es<\/span><\/figcaption><\/figure><\/p>\n<div id=\"stcpDiv\">\n<p style=\"text-align: justify;\">Est\u00e1 claro que ser arquitecto hoy es una profesi\u00f3n, cuando menos, complicada, por no decir de alto riesgo. La crisis es bestial para todos, pero en nuestro sector de la arquitectura y la construcci\u00f3n ha hecho m\u00e1s da\u00f1o que en la mayor\u00eda.<\/p>\n<p style=\"text-align: justify;\">Por ello, nos parece interesante pararnos a pensar sobre qu\u00e9 podr\u00edamos hacer los arquitectos y los estudios de arquitectura para poder capear el temporal un poco mejor.<\/p>\n<p style=\"text-align: justify;\">As\u00ed que, este post tiene el humilde prop\u00f3sito de poner encima del tablero algunas cuestiones que ojal\u00e1 nos puedan ayudar a reflexionar un poco.<\/p>\n<p style=\"text-align: justify;\">Como algunos de vosotros ya sab\u00e9is, desde hace un buen tiempo una de las actividades laborales que realizamos como Stepienybarno son <strong>Proyectos de Identidad Digital para arquitectos.<\/strong><\/p>\n<p style=\"text-align: justify;\">Resumiendo mucho, se trata de ayudar a otros compa\u00f1eros a tener una presencia completa y din\u00e1mica en la red.\u00a0 Pero en este desembarco digital nos encontramos que, en muchos casos, nuestra labor se complica por la <strong>falta de estrategia empresarial<\/strong> del estudio.<\/p>\n<p style=\"text-align: justify;\">Por ello, y dejando bien claro que para nada nos consideramos especialistas en el tema, hoy quisi\u00e9ramos comentar varios asuntos que \u00faltimamente nos rondan la cabezita, para ver qu\u00e9 os parecen.<\/p>\n<p style=\"text-align: justify;\">Antes de que llegasen las vacas flacas, muchos estudios de arquitectura no necesitaban demasiado <strong>conocimiento empresarial<\/strong>; por un lado, los proyectos a menudo llegaban sin tener que buscarlos y, por otro, en m\u00e1s de una ocasi\u00f3n, se organizaban estas oficinas, digamos, de \u201caquella manera\u201d. Adem\u00e1s, en alguno de ellos, incluso de \u201creconocido prestigio\u201d, era habitual ver bastantes becarios haciendo de arquitectos y\u00a0 varios \u201cfalsos aut\u00f3nomos\u201d integrados dentro de su organigrama.<\/p>\n<p style=\"text-align: justify;\">Con la llegada de la crisis muchos estudios prefirieron mirar para otro lado y hacer como que no pasaba nada, <strong>pensando que metiendo m\u00e1s horas y bajando los honorarios se podr\u00eda llegar a sobrevivir.<\/strong> Para rematar el desatino, otros tantos han estado <strong>concursando sin cesar<\/strong>. En estos, cada vez m\u00e1s escasos, concursos se enfrentaban contra otros cien o m\u00e1s compa\u00f1eros para intentar ganar, aunque, evidentemente sin conseguirlo en la mayor\u00eda de los casos, aunque solo sea por un simple c\u00e1lculo de probabilidades.<\/p>\n<p style=\"text-align: justify;\">Si miramos en otros sectores, veremos muchos casos de \u00e9xito profesional que no tienen nada que ver con las estrategias anteriores. M\u00e1s bien todo lo contrario.<\/p>\n<p style=\"text-align: justify;\">As\u00ed que, con vuestra venia, nos animamos a\u00a0 rescatar <strong>tres ideas b\u00e1sicas<\/strong> que nos parecen importantes a la hora de replantear la actividad profesional de un arquitecto o estudio de arquitectura. Y \u00bfcu\u00e1les son? Pues las siguientes:<\/p>\n<p style=\"text-align: justify; padding-left: 30px;\">1. <strong>Preguntarse si<\/strong> <strong>la sociedad necesita, realmente, el servicio que ofrece hoy d\u00eda un determinado estudio de arquitectura.<\/strong> Si la respuesta es no, seguramente, en un futuro cercano le necesitar\u00e1 menos todav\u00eda.<\/p>\n<p style=\"text-align: justify; padding-left: 30px;\">2. Ser es consciente de las <strong>fortalezas personales<\/strong> de los miembros del estudio. A su vez, saber c\u00f3mo se pueden producir sinergias entre ellas y, finalmente, c\u00f3mo repercuten todas ellas en las <strong>fortalezas del propio estudio.<\/strong><\/p>\n<p style=\"text-align: justify; padding-left: 30px;\">3. Detectar, por parte del estudio de arquitectura, un <strong>nicho de mercado concreto y preciso<\/strong>. Es decir, buscar algo que se sepa hacer muy bien (preferiblemente, disfrutando de ello), que sea realmente necesario y que haya poca gente que lo haga.<\/p>\n<p style=\"text-align: justify;\">S\u00ed, ya, que si sabes todo esto ya has resuelto el entuerto, \u00bfno? pues aunque parezca mentira, hay un mont\u00f3n de t\u00e9cnicas y profesionales que sirven para esto y que, sin duda alguna, ser\u00edan m\u00e1s que \u00fatiles para la mayor\u00eda de profesionales de nuestro gremio. Bueno, esta es solo nuestra opini\u00f3n.<\/p>\n<p style=\"text-align: justify;\">Por otro lado, pero con relaci\u00f3n directa con lo anteriormente comentado, hace unos d\u00edas hablando con el soci\u00f3logo Jos\u00e9 Miguel Iribas, nos comentaba que, en su opini\u00f3n, los arquitectos tienen tres caracter\u00edsticas que los diferencian y los capacitan especialmente. Con la que est\u00e1 cayendo nunca viene mal un soplo de aire fresco y ver qu\u00e9 valores nos pueden hacer fuertes, \u00bfno? Ah\u00ed van:<\/p>\n<p style=\"text-align: justify; padding-left: 30px;\">1. Trabajamos muy bien con la<strong> complejidad<\/strong> y, a su vez, tenemos una visi\u00f3n integral y transversal de la situaci\u00f3n.<\/p>\n<p style=\"text-align: justify; padding-left: 30px;\">2. Somos especialmente <strong>creativos<\/strong>, con todo lo que el t\u00e9rmino en cuesti\u00f3n implica.<\/p>\n<p style=\"text-align: justify; padding-left: 30px;\">3. Tenemos una tendencia hac\u00eda la <strong>excelencia<\/strong>; a dar m\u00e1s que lo que, en un principio, se nos pide.<\/p>\n<p style=\"text-align: justify;\">A nosotros, nos parece una visi\u00f3n bastante acertada y, precisamente por ello, creemos que estas fortalezas son m\u00e1s que reutilizables en la \u201c<strong>periferia de la arquitectura<\/strong>\u201d. Este es un tema que cada vez nos interesa m\u00e1s: saber qu\u00e9 arquitectos, utilizando las cualidades que nos da nuestra propia profesi\u00f3n, se est\u00e1n desenvolviendo con soltura, a nivel profesional, <strong>fuera del epicentro arquitect\u00f3nico.<\/strong> Sobre ello, si os parece interesante, os hablaremos en pr\u00f3ximos post.<\/p>\n<p style=\"text-align: justify;\">En fin, que como veis, estamos convencidos de que tener <strong>una cierta visi\u00f3n empresarial no tiene por qu\u00e9 ir re\u00f1ido con la arquitectura<\/strong>, como desde muchos frentes nos han querido vender durante muchos a\u00f1os. O nos parece a nosotros o se nos ha inculcado la idea, desde la propia escuela, que si te organizas empresarialmente con cierta l\u00f3gica ya te has vendido al enemigo. Nosotros lo vemos al rev\u00e9s: si no existe un reciclaje empresarial serio y contundente, muchos de estos estudios que, todav\u00eda hoy, siguen realizando buena arquitectura lo tendr\u00e1n m\u00e1s que dif\u00edcil para sobrevivir.<\/p>\n<p style=\"text-align: justify;\">\u00a1Y ahora, como siempre, nos encantar\u00eda saber c\u00f3mo veis este tema todos vosotros!<\/p>\n<\/div>\n<p><a href=\"https:\/\/www.stepienybarno.es\/\" target=\"_blank\" rel=\"noopener\">Stepienybarno<\/a>_Agnieszka Stepien y Lorenzo Barn\u00f3, arquitectos<br \/>\nEstella, abril 2013<\/p>","protected":false},"excerpt":{"rendered":"<p>Est\u00e1 claro que ser arquitecto hoy es una profesi\u00f3n, cuando menos, complicada, por no decir de alto riesgo. La crisis es bestial para todos, pero en nuestro sector de la arquitectura y la construcci\u00f3n ha hecho m\u00e1s da\u00f1o que en la mayor\u00eda. Por ello, nos parece interesante pararnos a pensar sobre qu\u00e9 podr\u00edamos hacer los [&hellip;]<\/p>\n","protected":false},"author":22,"featured_media":24397,"comment_status":"open","ping_status":"closed","sticky":false,"template":"","format":"standard","meta":{"footnotes":""},"categories":[568,5951],"tags":[6471,6474,3087,5815,5816,2820,5615,4659,4798,959,1103,12473],"class_list":{"0":"post-24396","1":"post","2":"type-post","3":"status-publish","4":"format-standard","5":"has-post-thumbnail","7":"category-faro","8":"category-slider-principal","9":"tag-agnieszka-stepien","10":"tag-articulo","11":"tag-emprendimiento","12":"tag-empresa","13":"tag-estudio-de-arquitectura","14":"tag-innovacion","15":"tag-jose-miguel-iribas","16":"tag-lorenzo-barno","17":"tag-modelo-profesional","18":"tag-opinion","19":"tag-profesion","20":"tag-stepienybarno"},"yoast_head":"<!-- This site is optimized with the Yoast SEO plugin v27.5 - https:\/\/yoast.com\/product\/yoast-seo-wordpress\/ -->\n<title>\u00bfEstudios de arquitectura o empresas de arquitectura? | Stepienybarno<\/title>\n<meta name=\"description\" content=\"Estudios de arquitectura o empresas de arquitectura\" \/>\n<meta name=\"robots\" content=\"index, follow, max-snippet:-1, max-image-preview:large, max-video-preview:-1\" \/>\n<link rel=\"canonical\" href=\"https:\/\/veredes.es\/blog\/estudios-de-arquitectura-o-empresas-de-arquitectura-stepienybarno\/\" \/>\n<meta property=\"og:locale\" content=\"es_ES\" \/>\n<meta property=\"og:type\" content=\"article\" \/>\n<meta property=\"og:title\" content=\"\u00bfEstudios de arquitectura o empresas de arquitectura? | Stepienybarno\" \/>\n<meta property=\"og:description\" content=\"Estudios de arquitectura o empresas de arquitectura\" \/>\n<meta property=\"og:url\" content=\"https:\/\/veredes.es\/blog\/estudios-de-arquitectura-o-empresas-de-arquitectura-stepienybarno\/\" \/>\n<meta property=\"og:site_name\" content=\"veredes, arquitectura y divulgaci\u00f3n\" \/>\n<meta property=\"article:publisher\" content=\"https:\/\/www.facebook.com\/veredesArquitecturayDivulgacion\/\" \/>\n<meta property=\"article:author\" content=\"https:\/\/www.facebook.com\/StepienyBarnoArquitecturaeIdentidadDigital\" \/>\n<meta property=\"article:published_time\" content=\"2012-09-28T08:39:28+00:00\" \/>\n<meta property=\"article:modified_time\" content=\"2022-02-14T23:32:39+00:00\" \/>\n<meta property=\"og:image\" content=\"https:\/\/veredes.es\/blog\/wp-content\/uploads\/2012\/09\/innovacion-abierta-_-sTEPIENYBARNO-.jpg\" \/>\n\t<meta property=\"og:image:width\" content=\"660\" \/>\n\t<meta property=\"og:image:height\" content=\"660\" \/>\n\t<meta property=\"og:image:type\" content=\"image\/jpeg\" \/>\n<meta name=\"author\" content=\"Stepienybarno\" \/>\n<meta name=\"twitter:card\" content=\"summary_large_image\" \/>\n<meta name=\"twitter:creator\" content=\"@https:\/\/twitter.com\/stepienybarno\" \/>\n<meta name=\"twitter:site\" content=\"@veredes\" \/>\n<meta name=\"twitter:label1\" content=\"Escrito por\" \/>\n\t<meta name=\"twitter:data1\" content=\"Stepienybarno\" \/>\n\t<meta name=\"twitter:label2\" content=\"Tiempo de lectura\" \/>\n\t<meta name=\"twitter:data2\" content=\"14 minutos\" \/>\n<script type=\"application\/ld+json\" class=\"yoast-schema-graph\">{\"@context\":\"https:\\\/\\\/schema.org\",\"@graph\":[{\"@type\":\"Article\",\"@id\":\"https:\\\/\\\/veredes.es\\\/blog\\\/estudios-de-arquitectura-o-empresas-de-arquitectura-stepienybarno\\\/#article\",\"isPartOf\":{\"@id\":\"https:\\\/\\\/veredes.es\\\/blog\\\/estudios-de-arquitectura-o-empresas-de-arquitectura-stepienybarno\\\/\"},\"author\":{\"name\":\"Stepienybarno\",\"@id\":\"https:\\\/\\\/veredes.es\\\/blog\\\/#\\\/schema\\\/person\\\/ef4471ca7b84a35a0e5467570aa86373\"},\"headline\":\"\u00bfEstudios de arquitectura o empresas de arquitectura? | Stepienybarno\",\"datePublished\":\"2012-09-28T08:39:28+00:00\",\"dateModified\":\"2022-02-14T23:32:39+00:00\",\"mainEntityOfPage\":{\"@id\":\"https:\\\/\\\/veredes.es\\\/blog\\\/estudios-de-arquitectura-o-empresas-de-arquitectura-stepienybarno\\\/\"},\"wordCount\":2872,\"commentCount\":1,\"publisher\":{\"@id\":\"https:\\\/\\\/veredes.es\\\/blog\\\/#organization\"},\"image\":{\"@id\":\"https:\\\/\\\/veredes.es\\\/blog\\\/estudios-de-arquitectura-o-empresas-de-arquitectura-stepienybarno\\\/#primaryimage\"},\"thumbnailUrl\":\"https:\\\/\\\/veredes.es\\\/blog\\\/wp-content\\\/uploads\\\/2012\\\/09\\\/innovacion-abierta-_-sTEPIENYBARNO-.jpg\",\"keywords\":[\"Agnieszka Stepien\",\"art\u00edculo\",\"emprendimiento\",\"empresa\",\"estudio de arquitectura\",\"innovaci\u00f3n\",\"jos\u00e9 miguel iribas\",\"Lorenzo Barn\u00f3\",\"modelo profesional\",\"opini\u00f3n\",\"profesi\u00f3n\",\"stepienybarno\"],\"articleSection\":[\"faro\",\"slider principal\"],\"inLanguage\":\"es\",\"potentialAction\":[{\"@type\":\"CommentAction\",\"name\":\"Comment\",\"target\":[\"https:\\\/\\\/veredes.es\\\/blog\\\/estudios-de-arquitectura-o-empresas-de-arquitectura-stepienybarno\\\/#respond\"]}]},{\"@type\":\"WebPage\",\"@id\":\"https:\\\/\\\/veredes.es\\\/blog\\\/estudios-de-arquitectura-o-empresas-de-arquitectura-stepienybarno\\\/\",\"url\":\"https:\\\/\\\/veredes.es\\\/blog\\\/estudios-de-arquitectura-o-empresas-de-arquitectura-stepienybarno\\\/\",\"name\":\"\u00bfEstudios de arquitectura o empresas de arquitectura? | Stepienybarno\",\"isPartOf\":{\"@id\":\"https:\\\/\\\/veredes.es\\\/blog\\\/#website\"},\"primaryImageOfPage\":{\"@id\":\"https:\\\/\\\/veredes.es\\\/blog\\\/estudios-de-arquitectura-o-empresas-de-arquitectura-stepienybarno\\\/#primaryimage\"},\"image\":{\"@id\":\"https:\\\/\\\/veredes.es\\\/blog\\\/estudios-de-arquitectura-o-empresas-de-arquitectura-stepienybarno\\\/#primaryimage\"},\"thumbnailUrl\":\"https:\\\/\\\/veredes.es\\\/blog\\\/wp-content\\\/uploads\\\/2012\\\/09\\\/innovacion-abierta-_-sTEPIENYBARNO-.jpg\",\"datePublished\":\"2012-09-28T08:39:28+00:00\",\"dateModified\":\"2022-02-14T23:32:39+00:00\",\"description\":\"Estudios de arquitectura o empresas de arquitectura\",\"breadcrumb\":{\"@id\":\"https:\\\/\\\/veredes.es\\\/blog\\\/estudios-de-arquitectura-o-empresas-de-arquitectura-stepienybarno\\\/#breadcrumb\"},\"inLanguage\":\"es\",\"potentialAction\":[{\"@type\":\"ReadAction\",\"target\":[\"https:\\\/\\\/veredes.es\\\/blog\\\/estudios-de-arquitectura-o-empresas-de-arquitectura-stepienybarno\\\/\"]}]},{\"@type\":\"ImageObject\",\"inLanguage\":\"es\",\"@id\":\"https:\\\/\\\/veredes.es\\\/blog\\\/estudios-de-arquitectura-o-empresas-de-arquitectura-stepienybarno\\\/#primaryimage\",\"url\":\"https:\\\/\\\/veredes.es\\\/blog\\\/wp-content\\\/uploads\\\/2012\\\/09\\\/innovacion-abierta-_-sTEPIENYBARNO-.jpg\",\"contentUrl\":\"https:\\\/\\\/veredes.es\\\/blog\\\/wp-content\\\/uploads\\\/2012\\\/09\\\/innovacion-abierta-_-sTEPIENYBARNO-.jpg\",\"width\":\"660\",\"height\":\"660\"},{\"@type\":\"BreadcrumbList\",\"@id\":\"https:\\\/\\\/veredes.es\\\/blog\\\/estudios-de-arquitectura-o-empresas-de-arquitectura-stepienybarno\\\/#breadcrumb\",\"itemListElement\":[{\"@type\":\"ListItem\",\"position\":1,\"name\":\"Portada\",\"item\":\"https:\\\/\\\/veredes.es\\\/blog\\\/\"},{\"@type\":\"ListItem\",\"position\":2,\"name\":\"\u00bfEstudios de arquitectura o empresas de arquitectura? | Stepienybarno\"}]},{\"@type\":\"WebSite\",\"@id\":\"https:\\\/\\\/veredes.es\\\/blog\\\/#website\",\"url\":\"https:\\\/\\\/veredes.es\\\/blog\\\/\",\"name\":\"veredes, arquitectura y divulgaci\u00f3n\",\"description\":\"veredes\",\"publisher\":{\"@id\":\"https:\\\/\\\/veredes.es\\\/blog\\\/#organization\"},\"alternateName\":\"veredes\",\"potentialAction\":[{\"@type\":\"SearchAction\",\"target\":{\"@type\":\"EntryPoint\",\"urlTemplate\":\"https:\\\/\\\/veredes.es\\\/blog\\\/?s={search_term_string}\"},\"query-input\":{\"@type\":\"PropertyValueSpecification\",\"valueRequired\":true,\"valueName\":\"search_term_string\"}}],\"inLanguage\":\"es\"},{\"@type\":\"Organization\",\"@id\":\"https:\\\/\\\/veredes.es\\\/blog\\\/#organization\",\"name\":\"veredes, arquitectura y divulgaci\u00f3n\",\"alternateName\":\"veredes\",\"url\":\"https:\\\/\\\/veredes.es\\\/blog\\\/\",\"logo\":{\"@type\":\"ImageObject\",\"inLanguage\":\"es\",\"@id\":\"https:\\\/\\\/veredes.es\\\/blog\\\/#\\\/schema\\\/logo\\\/image\\\/\",\"url\":\"https:\\\/\\\/veredes.es\\\/blog\\\/wp-content\\\/uploads\\\/2021\\\/12\\\/veredes-logo-centrado_140x54.png\",\"contentUrl\":\"https:\\\/\\\/veredes.es\\\/blog\\\/wp-content\\\/uploads\\\/2021\\\/12\\\/veredes-logo-centrado_140x54.png\",\"width\":140,\"height\":54,\"caption\":\"veredes, arquitectura y divulgaci\u00f3n\"},\"image\":{\"@id\":\"https:\\\/\\\/veredes.es\\\/blog\\\/#\\\/schema\\\/logo\\\/image\\\/\"},\"sameAs\":[\"https:\\\/\\\/www.facebook.com\\\/veredesArquitecturayDivulgacion\\\/\",\"https:\\\/\\\/x.com\\\/veredes\",\"https:\\\/\\\/instagram.com\\\/veredes\\\/\",\"https:\\\/\\\/www.linkedin.com\\\/company\\\/veredes-arquitectura-y-divulgacion\\\/\",\"https:\\\/\\\/es.pinterest.com\\\/veredes\\\/\",\"https:\\\/\\\/www.tumblr.com\\\/veredes\"]},{\"@type\":\"Person\",\"@id\":\"https:\\\/\\\/veredes.es\\\/blog\\\/#\\\/schema\\\/person\\\/ef4471ca7b84a35a0e5467570aa86373\",\"name\":\"Stepienybarno\",\"image\":{\"@type\":\"ImageObject\",\"inLanguage\":\"es\",\"@id\":\"https:\\\/\\\/veredes.es\\\/blog\\\/wp-content\\\/uploads\\\/2018\\\/04\\\/Stepienybarno-96x96.jpg\",\"url\":\"https:\\\/\\\/veredes.es\\\/blog\\\/wp-content\\\/uploads\\\/2018\\\/04\\\/Stepienybarno-96x96.jpg\",\"contentUrl\":\"https:\\\/\\\/veredes.es\\\/blog\\\/wp-content\\\/uploads\\\/2018\\\/04\\\/Stepienybarno-96x96.jpg\",\"caption\":\"Stepienybarno\"},\"description\":\"Stepienybarno est\u00e1 formado por Agnieszka Stepien y Lorenzo Barn\u00f3, ambos arquitectos y formados en temas de Identidad Digital y Comunicaci\u00f3n online. Desde el 2004 tenemos nuestro propio estudio de arquitectura, ubicado en un peque\u00f1o pueblo de Navarra, Estella, y ambos estamos embarcados en nuestras tesis doctorales. A su vez, colaboramos con otros profesionales tanto del \u00e1mbito de la arquitectura, sostenibilidad y comunicaci\u00f3n online. Vivir en Estella nos da la tranquilidad necesaria para poder encarar el d\u00eda a d\u00eda con energ\u00eda y la red nos posibilita contactar con un mundo maravilloso que de otra forma hubiera sido imposible.\",\"sameAs\":[\"https:\\\/\\\/www.stepienybarno.es\\\/\",\"https:\\\/\\\/www.facebook.com\\\/StepienyBarnoArquitecturaeIdentidadDigital\",\"https:\\\/\\\/www.instagram.com\\\/stepienybarno\\\/\",\"https:\\\/\\\/www.linkedin.com\\\/in\\\/stepienybarno\\\/\",\"https:\\\/\\\/x.com\\\/https:\\\/\\\/twitter.com\\\/stepienybarno\"],\"url\":\"https:\\\/\\\/veredes.es\\\/blog\\\/author\\\/stepienybarno\\\/\"}]}<\/script>\n<!-- \/ Yoast SEO plugin. -->","yoast_head_json":{"title":"\u00bfEstudios de arquitectura o empresas de arquitectura? | Stepienybarno","description":"Estudios de arquitectura o empresas de arquitectura","robots":{"index":"index","follow":"follow","max-snippet":"max-snippet:-1","max-image-preview":"max-image-preview:large","max-video-preview":"max-video-preview:-1"},"canonical":"https:\/\/veredes.es\/blog\/estudios-de-arquitectura-o-empresas-de-arquitectura-stepienybarno\/","og_locale":"es_ES","og_type":"article","og_title":"\u00bfEstudios de arquitectura o empresas de arquitectura? | Stepienybarno","og_description":"Estudios de arquitectura o empresas de arquitectura","og_url":"https:\/\/veredes.es\/blog\/estudios-de-arquitectura-o-empresas-de-arquitectura-stepienybarno\/","og_site_name":"veredes, arquitectura y divulgaci\u00f3n","article_publisher":"https:\/\/www.facebook.com\/veredesArquitecturayDivulgacion\/","article_author":"https:\/\/www.facebook.com\/StepienyBarnoArquitecturaeIdentidadDigital","article_published_time":"2012-09-28T08:39:28+00:00","article_modified_time":"2022-02-14T23:32:39+00:00","og_image":[{"width":660,"height":660,"url":"https:\/\/veredes.es\/blog\/wp-content\/uploads\/2012\/09\/innovacion-abierta-_-sTEPIENYBARNO-.jpg","type":"image\/jpeg"}],"author":"Stepienybarno","twitter_card":"summary_large_image","twitter_creator":"@https:\/\/twitter.com\/stepienybarno","twitter_site":"@veredes","twitter_misc":{"Escrito por":"Stepienybarno","Tiempo de lectura":"14 minutos"},"schema":{"@context":"https:\/\/schema.org","@graph":[{"@type":"Article","@id":"https:\/\/veredes.es\/blog\/estudios-de-arquitectura-o-empresas-de-arquitectura-stepienybarno\/#article","isPartOf":{"@id":"https:\/\/veredes.es\/blog\/estudios-de-arquitectura-o-empresas-de-arquitectura-stepienybarno\/"},"author":{"name":"Stepienybarno","@id":"https:\/\/veredes.es\/blog\/#\/schema\/person\/ef4471ca7b84a35a0e5467570aa86373"},"headline":"\u00bfEstudios de arquitectura o empresas de arquitectura? | Stepienybarno","datePublished":"2012-09-28T08:39:28+00:00","dateModified":"2022-02-14T23:32:39+00:00","mainEntityOfPage":{"@id":"https:\/\/veredes.es\/blog\/estudios-de-arquitectura-o-empresas-de-arquitectura-stepienybarno\/"},"wordCount":2872,"commentCount":1,"publisher":{"@id":"https:\/\/veredes.es\/blog\/#organization"},"image":{"@id":"https:\/\/veredes.es\/blog\/estudios-de-arquitectura-o-empresas-de-arquitectura-stepienybarno\/#primaryimage"},"thumbnailUrl":"https:\/\/veredes.es\/blog\/wp-content\/uploads\/2012\/09\/innovacion-abierta-_-sTEPIENYBARNO-.jpg","keywords":["Agnieszka Stepien","art\u00edculo","emprendimiento","empresa","estudio de arquitectura","innovaci\u00f3n","jos\u00e9 miguel iribas","Lorenzo Barn\u00f3","modelo profesional","opini\u00f3n","profesi\u00f3n","stepienybarno"],"articleSection":["faro","slider principal"],"inLanguage":"es","potentialAction":[{"@type":"CommentAction","name":"Comment","target":["https:\/\/veredes.es\/blog\/estudios-de-arquitectura-o-empresas-de-arquitectura-stepienybarno\/#respond"]}]},{"@type":"WebPage","@id":"https:\/\/veredes.es\/blog\/estudios-de-arquitectura-o-empresas-de-arquitectura-stepienybarno\/","url":"https:\/\/veredes.es\/blog\/estudios-de-arquitectura-o-empresas-de-arquitectura-stepienybarno\/","name":"\u00bfEstudios de arquitectura o empresas de arquitectura? | Stepienybarno","isPartOf":{"@id":"https:\/\/veredes.es\/blog\/#website"},"primaryImageOfPage":{"@id":"https:\/\/veredes.es\/blog\/estudios-de-arquitectura-o-empresas-de-arquitectura-stepienybarno\/#primaryimage"},"image":{"@id":"https:\/\/veredes.es\/blog\/estudios-de-arquitectura-o-empresas-de-arquitectura-stepienybarno\/#primaryimage"},"thumbnailUrl":"https:\/\/veredes.es\/blog\/wp-content\/uploads\/2012\/09\/innovacion-abierta-_-sTEPIENYBARNO-.jpg","datePublished":"2012-09-28T08:39:28+00:00","dateModified":"2022-02-14T23:32:39+00:00","description":"Estudios de arquitectura o empresas de arquitectura","breadcrumb":{"@id":"https:\/\/veredes.es\/blog\/estudios-de-arquitectura-o-empresas-de-arquitectura-stepienybarno\/#breadcrumb"},"inLanguage":"es","potentialAction":[{"@type":"ReadAction","target":["https:\/\/veredes.es\/blog\/estudios-de-arquitectura-o-empresas-de-arquitectura-stepienybarno\/"]}]},{"@type":"ImageObject","inLanguage":"es","@id":"https:\/\/veredes.es\/blog\/estudios-de-arquitectura-o-empresas-de-arquitectura-stepienybarno\/#primaryimage","url":"https:\/\/veredes.es\/blog\/wp-content\/uploads\/2012\/09\/innovacion-abierta-_-sTEPIENYBARNO-.jpg","contentUrl":"https:\/\/veredes.es\/blog\/wp-content\/uploads\/2012\/09\/innovacion-abierta-_-sTEPIENYBARNO-.jpg","width":"660","height":"660"},{"@type":"BreadcrumbList","@id":"https:\/\/veredes.es\/blog\/estudios-de-arquitectura-o-empresas-de-arquitectura-stepienybarno\/#breadcrumb","itemListElement":[{"@type":"ListItem","position":1,"name":"Portada","item":"https:\/\/veredes.es\/blog\/"},{"@type":"ListItem","position":2,"name":"\u00bfEstudios de arquitectura o empresas de arquitectura? | Stepienybarno"}]},{"@type":"WebSite","@id":"https:\/\/veredes.es\/blog\/#website","url":"https:\/\/veredes.es\/blog\/","name":"veredes, arquitectura y divulgaci\u00f3n","description":"veredes","publisher":{"@id":"https:\/\/veredes.es\/blog\/#organization"},"alternateName":"veredes","potentialAction":[{"@type":"SearchAction","target":{"@type":"EntryPoint","urlTemplate":"https:\/\/veredes.es\/blog\/?s={search_term_string}"},"query-input":{"@type":"PropertyValueSpecification","valueRequired":true,"valueName":"search_term_string"}}],"inLanguage":"es"},{"@type":"Organization","@id":"https:\/\/veredes.es\/blog\/#organization","name":"veredes, arquitectura y divulgaci\u00f3n","alternateName":"veredes","url":"https:\/\/veredes.es\/blog\/","logo":{"@type":"ImageObject","inLanguage":"es","@id":"https:\/\/veredes.es\/blog\/#\/schema\/logo\/image\/","url":"https:\/\/veredes.es\/blog\/wp-content\/uploads\/2021\/12\/veredes-logo-centrado_140x54.png","contentUrl":"https:\/\/veredes.es\/blog\/wp-content\/uploads\/2021\/12\/veredes-logo-centrado_140x54.png","width":140,"height":54,"caption":"veredes, arquitectura y divulgaci\u00f3n"},"image":{"@id":"https:\/\/veredes.es\/blog\/#\/schema\/logo\/image\/"},"sameAs":["https:\/\/www.facebook.com\/veredesArquitecturayDivulgacion\/","https:\/\/x.com\/veredes","https:\/\/instagram.com\/veredes\/","https:\/\/www.linkedin.com\/company\/veredes-arquitectura-y-divulgacion\/","https:\/\/es.pinterest.com\/veredes\/","https:\/\/www.tumblr.com\/veredes"]},{"@type":"Person","@id":"https:\/\/veredes.es\/blog\/#\/schema\/person\/ef4471ca7b84a35a0e5467570aa86373","name":"Stepienybarno","image":{"@type":"ImageObject","inLanguage":"es","@id":"https:\/\/veredes.es\/blog\/wp-content\/uploads\/2018\/04\/Stepienybarno-96x96.jpg","url":"https:\/\/veredes.es\/blog\/wp-content\/uploads\/2018\/04\/Stepienybarno-96x96.jpg","contentUrl":"https:\/\/veredes.es\/blog\/wp-content\/uploads\/2018\/04\/Stepienybarno-96x96.jpg","caption":"Stepienybarno"},"description":"Stepienybarno est\u00e1 formado por Agnieszka Stepien y Lorenzo Barn\u00f3, ambos arquitectos y formados en temas de Identidad Digital y Comunicaci\u00f3n online. Desde el 2004 tenemos nuestro propio estudio de arquitectura, ubicado en un peque\u00f1o pueblo de Navarra, Estella, y ambos estamos embarcados en nuestras tesis doctorales. A su vez, colaboramos con otros profesionales tanto del \u00e1mbito de la arquitectura, sostenibilidad y comunicaci\u00f3n online. Vivir en Estella nos da la tranquilidad necesaria para poder encarar el d\u00eda a d\u00eda con energ\u00eda y la red nos posibilita contactar con un mundo maravilloso que de otra forma hubiera sido imposible.","sameAs":["https:\/\/www.stepienybarno.es\/","https:\/\/www.facebook.com\/StepienyBarnoArquitecturaeIdentidadDigital","https:\/\/www.instagram.com\/stepienybarno\/","https:\/\/www.linkedin.com\/in\/stepienybarno\/","https:\/\/x.com\/https:\/\/twitter.com\/stepienybarno"],"url":"https:\/\/veredes.es\/blog\/author\/stepienybarno\/"}]}},"_links":{"self":[{"href":"https:\/\/veredes.es\/blog\/wp-json\/wp\/v2\/posts\/24396","targetHints":{"allow":["GET"]}}],"collection":[{"href":"https:\/\/veredes.es\/blog\/wp-json\/wp\/v2\/posts"}],"about":[{"href":"https:\/\/veredes.es\/blog\/wp-json\/wp\/v2\/types\/post"}],"author":[{"embeddable":true,"href":"https:\/\/veredes.es\/blog\/wp-json\/wp\/v2\/users\/22"}],"replies":[{"embeddable":true,"href":"https:\/\/veredes.es\/blog\/wp-json\/wp\/v2\/comments?post=24396"}],"version-history":[{"count":0,"href":"https:\/\/veredes.es\/blog\/wp-json\/wp\/v2\/posts\/24396\/revisions"}],"wp:featuredmedia":[{"embeddable":true,"href":"https:\/\/veredes.es\/blog\/wp-json\/wp\/v2\/media\/24397"}],"wp:attachment":[{"href":"https:\/\/veredes.es\/blog\/wp-json\/wp\/v2\/media?parent=24396"}],"wp:term":[{"taxonomy":"category","embeddable":true,"href":"https:\/\/veredes.es\/blog\/wp-json\/wp\/v2\/categories?post=24396"},{"taxonomy":"post_tag","embeddable":true,"href":"https:\/\/veredes.es\/blog\/wp-json\/wp\/v2\/tags?post=24396"}],"curies":[{"name":"wp","href":"https:\/\/api.w.org\/{rel}","templated":true}]}}